{"id":22172,"date":"2020-03-20T12:16:03","date_gmt":"2020-03-20T11:16:03","guid":{"rendered":"https:\/\/www.jazzzeitung.de\/cms\/?p=22172"},"modified":"2020-03-23T17:39:24","modified_gmt":"2020-03-23T16:39:24","slug":"jazzahead-2020-wird-abgesagt-und-2021-nachgeholt","status":"publish","type":"post","link":"https:\/\/www.jazzzeitung.de\/cms\/2020\/03\/jazzahead-2020-wird-abgesagt-und-2021-nachgeholt\/","title":{"rendered":"jazzahead! 2020 wird abgesagt und erst im Mai 2021 nachgeholt"},"content":{"rendered":"<p>Die jazzahead! 2020 wird abgesagt, dies gab die Bremer Messegesellschaft heute bekannt. Die Entscheidung begr\u00fcndet Hans Peter Schneider, Gesch\u00e4ftsf\u00fchrer der M3B GmbH, zu der die Messe Bremen geh\u00f6rt, wie folgt: \u201eDie jazzahead! lebt vom internationalen Austausch und von Begegnungen \u2013 dies wird in Corona-Zeiten leider nicht m\u00f6glich sein, auch Ende April noch nicht. Wir bedauern die Absage sehr, aber der Gesundheitsschutz hat oberste Priorit\u00e4t.\u201c Die gr\u00f6\u00dfte Jazz-Fachmesse der Welt, die urspr\u00fcnglich von Donnerstag bis Sonntag, 23. bis 26. April 2020, in den Hallen 6 und 7 der Messe Bremen geplant war, sowie das begleitende Festival von Freitag bis Sonntag, 17. bis 26. April 2020, werden verschoben. F\u00fcr die Fachmesse steht bereits ein neuer Termin: Donnerstag bis Sonntag, 29. April bis 2. Mai 2021.<\/p>\n<p>Die Veranstalter hatten zun\u00e4chst \u00fcberpr\u00fcft, ob es m\u00f6glich ist, die Jazz-Fachmesse und das begleitende Jazz-Festival in die Sommermonate zu verlegen. \u201eDoch gemeinsam mit unseren Partnern haben wir uns jetzt dazu entschieden, die jazzahead! ins n\u00e4chste Jahr zu verschieben\u201c, sagt Projektleiterin Sybille Kornitschky von der Messe Bremen. Das Partnerland Kanada hat bereits f\u00fcr 2021 zugesagt. Auch die Auswahl der diesj\u00e4hrigen Showcase-Bands wird beibehalten. \u201eWir engagieren uns erneut bei der kommenden Ausgabe der jazzahead! mit einem Kanada-Schwerpunkt. Unsere Zusammenarbeit mit der jazzahead! ist ein wichtiges Beispiel daf\u00fcr, wie L\u00e4nder in diesen schwierigen Zeiten zusammenkommen k\u00f6nnen, um unser kollektives Wohlergehen zu f\u00f6rdern\u201c, sagt Rochelle Hum vom Canada Council for the Arts (kanadischer Rat f\u00fcr K\u00fcnste) stellvertretend f\u00fcr alle kanadischen Partner.<\/p>\n<p><strong>Doppeljubil\u00e4um f\u00e4llt aus<\/strong><\/p>\n<p>2020 w\u00e4re die jazzahead! 15 Jahre alt geworden, zum zehnten Mal h\u00e4tte ein Festival zur Kultur des Partnerlandes die Veranstaltung begleitet. Mit Kanada wurde erstmals ein Partnerland aus \u00dcbersee erkoren. Die Veranstalter rechneten f\u00fcr 2020 mit mehr als 3.000 Fachteilnehmern und Ausstellern aus 64 Nationen, zum begleitenden Festival, inklusive der CLUBNIGHT, mit rund 15.000 weiteren Besuchern zus\u00e4tzlich.<\/p>\n<p style=\"margin: 0cm 33.0pt 6.0pt 0cm;\">Mehr Infos: <a href=\"http:\/\/www.jazzahead.de\">www.jazzahead.de<\/a><\/p>\n<p>Beitragsbild: Susanne van Loon<\/p>\n<p>&nbsp;<\/p>\n","protected":false},"excerpt":{"rendered":"<p>Die jazzahead! 2020 wird abgesagt, dies gab die Bremer Messegesellschaft heute bekannt. Die Entscheidung begr\u00fcndet Hans Peter Schneider, Gesch\u00e4ftsf\u00fchrer der M3B GmbH, zu der die Messe Bremen geh\u00f6rt, wie folgt: \u201eDie jazzahead! lebt vom internationalen Austausch und von Begegnungen \u2013 dies wird in Corona-Zeiten leider nicht m\u00f6glich sein, auch Ende April noch nicht. Wir bedauern die Absage sehr, aber der Gesundheitsschutz hat oberste Priorit\u00e4t.\u201c Die gr\u00f6\u00dfte Jazz-Fachmesse der Welt, die urspr\u00fcnglich von Donnerstag bis Sonntag, 23. bis 26. April 2020, in den Hallen 6 und 7 der Messe Bremen geplant war, sowie das begleitende Festival von Freitag bis Sonntag, 17. bis 26. April 2020, werden verschoben. F\u00fcr die Fachmesse steht bereits ein neuer Termin: Donnerstag bis Sonntag, 29. April bis 2. Mai 2021. Die Veranstalter hatten zun\u00e4chst \u00fcberpr\u00fcft, ob es m\u00f6glich ist, die Jazz-Fachmesse und das begleitende Jazz-Festival in die Sommermonate zu verlegen. \u201eDoch gemeinsam mit unseren Partnern haben wir uns jetzt dazu entschieden, die jazzahead! ins n\u00e4chste Jahr zu verschieben\u201c, sagt Projektleiterin Sybille Kornitschky von der Messe Bremen. Das Partnerland Kanada hat bereits f\u00fcr 2021 zugesagt. Auch die Auswahl der diesj\u00e4hrigen Showcase-Bands wird beibehalten. &hellip;<\/p>\n","protected":false},"author":18,"featured_media":12185,"comment_status":"open","ping_status":"closed","sticky":false,"template":"","format":"standard","meta":{"_jetpack_memberships_contains_paid_content":false,"footnotes":"","jetpack_publicize_message":"","jetpack_publicize_feature_enabled":true,"jetpack_social_post_already_shared":false,"jetpack_social_options":{"image_generator_settings":{"template":"highway","default_image_id":0,"font":"","enabled":false},"version":2}},"categories":[633],"tags":[2660,95,2250,3,1504,1876,268,2399,327,2307,1505],"coauthors":[695],"class_list":["post-22172","post","type-post","status-publish","format-standard","has-post-thumbnail","hentry","category-nachrichten","tag-2660","tag-bremen","tag-clubnight","tag-festival","tag-hans-peter-schneider","tag-jazz","tag-jazzahead","tag-jazzahead-2020","tag-kultur","tag-messe","tag-messe-bremen"],"yoast_head":"<!-- This site is optimized with the Yoast SEO plugin v27.5 - https:\/\/yoast.com\/product\/yoast-seo-wordpress\/ -->\n<title>jazzahead! 2020 wird abgesagt und erst im Mai 2021 nachgeholt - JazzZeitung<\/title>\n<meta name=\"robots\" content=\"index, follow, max-snippet:-1, max-image-preview:large, max-video-preview:-1\" \/>\n<link rel=\"canonical\" href=\"https:\/\/www.jazzzeitung.de\/cms\/2020\/03\/jazzahead-2020-wird-abgesagt-und-2021-nachgeholt\/\" \/>\n<meta property=\"og:locale\" content=\"de_DE\" \/>\n<meta property=\"og:type\" content=\"article\" \/>\n<meta property=\"og:title\" content=\"jazzahead! 2020 wird abgesagt und erst im Mai 2021 nachgeholt - JazzZeitung\" \/>\n<meta property=\"og:description\" content=\"Die jazzahead! 2020 wird abgesagt, dies gab die Bremer Messegesellschaft heute bekannt. Die Entscheidung begr\u00fcndet Hans Peter Schneider, Gesch\u00e4ftsf\u00fchrer der M3B GmbH, zu der die Messe Bremen geh\u00f6rt, wie folgt: \u201eDie jazzahead! lebt vom internationalen Austausch und von Begegnungen \u2013 dies wird in Corona-Zeiten leider nicht m\u00f6glich sein, auch Ende April noch nicht. Wir bedauern die Absage sehr, aber der Gesundheitsschutz hat oberste Priorit\u00e4t.\u201c Die gr\u00f6\u00dfte Jazz-Fachmesse der Welt, die urspr\u00fcnglich von Donnerstag bis Sonntag, 23. bis 26. April 2020, in den Hallen 6 und 7 der Messe Bremen geplant war, sowie das begleitende Festival von Freitag bis Sonntag, 17. bis 26. April 2020, werden verschoben. F\u00fcr die Fachmesse steht bereits ein neuer Termin: Donnerstag bis Sonntag, 29. April bis 2. Mai 2021. Die Veranstalter hatten zun\u00e4chst \u00fcberpr\u00fcft, ob es m\u00f6glich ist, die Jazz-Fachmesse und das begleitende Jazz-Festival in die Sommermonate zu verlegen. \u201eDoch gemeinsam mit unseren Partnern haben wir uns jetzt dazu entschieden, die jazzahead! ins n\u00e4chste Jahr zu verschieben\u201c, sagt Projektleiterin Sybille Kornitschky von der Messe Bremen. Das Partnerland Kanada hat bereits f\u00fcr 2021 zugesagt. Auch die Auswahl der diesj\u00e4hrigen Showcase-Bands wird beibehalten. &hellip;\" \/>\n<meta property=\"og:url\" content=\"https:\/\/www.jazzzeitung.de\/cms\/2020\/03\/jazzahead-2020-wird-abgesagt-und-2021-nachgeholt\/\" \/>\n<meta property=\"og:site_name\" content=\"JazzZeitung\" \/>\n<meta property=\"article:publisher\" content=\"https:\/\/www.facebook.com\/JazzZeitung\/\" \/>\n<meta property=\"article:published_time\" content=\"2020-03-20T11:16:03+00:00\" \/>\n<meta property=\"article:modified_time\" content=\"2020-03-23T16:39:24+00:00\" \/>\n<meta property=\"og:image\" content=\"https:\/\/i0.wp.com\/www.jazzzeitung.de\/cms\/wp-content\/uploads\/2017\/04\/001_Foto-van-Loon.jpg?fit=6726%2C4489&ssl=1\" \/>\n\t<meta property=\"og:image:width\" content=\"6726\" \/>\n\t<meta property=\"og:image:height\" content=\"4489\" \/>\n\t<meta property=\"og:image:type\" content=\"image\/jpeg\" \/>\n<meta name=\"author\" content=\"Redaktion JazzZeitung\" \/>\n<script type=\"application\/ld+json\" class=\"yoast-schema-graph\">{\"@context\":\"https:\\\/\\\/schema.org\",\"@graph\":[{\"@type\":\"Article\",\"@id\":\"https:\\\/\\\/www.jazzzeitung.de\\\/cms\\\/2020\\\/03\\\/jazzahead-2020-wird-abgesagt-und-2021-nachgeholt\\\/#article\",\"isPartOf\":{\"@id\":\"https:\\\/\\\/www.jazzzeitung.de\\\/cms\\\/2020\\\/03\\\/jazzahead-2020-wird-abgesagt-und-2021-nachgeholt\\\/\"},\"author\":{\"name\":\"Redaktion JazzZeitung\",\"@id\":\"https:\\\/\\\/www.jazzzeitung.de\\\/cms\\\/#\\\/schema\\\/person\\\/2245b36b9cd1d24cea10f01c031fb92b\"},\"headline\":\"jazzahead! 2020 wird abgesagt und erst im Mai 2021 nachgeholt\",\"datePublished\":\"2020-03-20T11:16:03+00:00\",\"dateModified\":\"2020-03-23T16:39:24+00:00\",\"mainEntityOfPage\":{\"@id\":\"https:\\\/\\\/www.jazzzeitung.de\\\/cms\\\/2020\\\/03\\\/jazzahead-2020-wird-abgesagt-und-2021-nachgeholt\\\/\"},\"wordCount\":327,\"commentCount\":0,\"publisher\":{\"@id\":\"https:\\\/\\\/www.jazzzeitung.de\\\/cms\\\/#organization\"},\"image\":{\"@id\":\"https:\\\/\\\/www.jazzzeitung.de\\\/cms\\\/2020\\\/03\\\/jazzahead-2020-wird-abgesagt-und-2021-nachgeholt\\\/#primaryimage\"},\"thumbnailUrl\":\"https:\\\/\\\/i0.wp.com\\\/www.jazzzeitung.de\\\/cms\\\/wp-content\\\/uploads\\\/2017\\\/04\\\/001_Foto-van-Loon.jpg?fit=6726%2C4489&ssl=1\",\"keywords\":[\"2020\",\"Bremen\",\"CLUBNIGHT\",\"Festival\",\"Hans Peter Schneider\",\"Jazz\",\"Jazzahead\",\"Jazzahead! 2020\",\"Kultur\",\"Messe\",\"Messe Bremen\"],\"articleSection\":[\"News\"],\"inLanguage\":\"de\",\"potentialAction\":[{\"@type\":\"CommentAction\",\"name\":\"Comment\",\"target\":[\"https:\\\/\\\/www.jazzzeitung.de\\\/cms\\\/2020\\\/03\\\/jazzahead-2020-wird-abgesagt-und-2021-nachgeholt\\\/#respond\"]}]},{\"@type\":\"WebPage\",\"@id\":\"https:\\\/\\\/www.jazzzeitung.de\\\/cms\\\/2020\\\/03\\\/jazzahead-2020-wird-abgesagt-und-2021-nachgeholt\\\/\",\"url\":\"https:\\\/\\\/www.jazzzeitung.de\\\/cms\\\/2020\\\/03\\\/jazzahead-2020-wird-abgesagt-und-2021-nachgeholt\\\/\",\"name\":\"jazzahead! 2020 wird abgesagt und erst im Mai 2021 nachgeholt - JazzZeitung\",\"isPartOf\":{\"@id\":\"https:\\\/\\\/www.jazzzeitung.de\\\/cms\\\/#website\"},\"primaryImageOfPage\":{\"@id\":\"https:\\\/\\\/www.jazzzeitung.de\\\/cms\\\/2020\\\/03\\\/jazzahead-2020-wird-abgesagt-und-2021-nachgeholt\\\/#primaryimage\"},\"image\":{\"@id\":\"https:\\\/\\\/www.jazzzeitung.de\\\/cms\\\/2020\\\/03\\\/jazzahead-2020-wird-abgesagt-und-2021-nachgeholt\\\/#primaryimage\"},\"thumbnailUrl\":\"https:\\\/\\\/i0.wp.com\\\/www.jazzzeitung.de\\\/cms\\\/wp-content\\\/uploads\\\/2017\\\/04\\\/001_Foto-van-Loon.jpg?fit=6726%2C4489&ssl=1\",\"datePublished\":\"2020-03-20T11:16:03+00:00\",\"dateModified\":\"2020-03-23T16:39:24+00:00\",\"breadcrumb\":{\"@id\":\"https:\\\/\\\/www.jazzzeitung.de\\\/cms\\\/2020\\\/03\\\/jazzahead-2020-wird-abgesagt-und-2021-nachgeholt\\\/#breadcrumb\"},\"inLanguage\":\"de\",\"potentialAction\":[{\"@type\":\"ReadAction\",\"target\":[\"https:\\\/\\\/www.jazzzeitung.de\\\/cms\\\/2020\\\/03\\\/jazzahead-2020-wird-abgesagt-und-2021-nachgeholt\\\/\"]}]},{\"@type\":\"ImageObject\",\"inLanguage\":\"de\",\"@id\":\"https:\\\/\\\/www.jazzzeitung.de\\\/cms\\\/2020\\\/03\\\/jazzahead-2020-wird-abgesagt-und-2021-nachgeholt\\\/#primaryimage\",\"url\":\"https:\\\/\\\/i0.wp.com\\\/www.jazzzeitung.de\\\/cms\\\/wp-content\\\/uploads\\\/2017\\\/04\\\/001_Foto-van-Loon.jpg?fit=6726%2C4489&ssl=1\",\"contentUrl\":\"https:\\\/\\\/i0.wp.com\\\/www.jazzzeitung.de\\\/cms\\\/wp-content\\\/uploads\\\/2017\\\/04\\\/001_Foto-van-Loon.jpg?fit=6726%2C4489&ssl=1\",\"width\":6726,\"height\":4489,\"caption\":\"Antti Hevosmaa. Foto: Susanne van Loon\"},{\"@type\":\"BreadcrumbList\",\"@id\":\"https:\\\/\\\/www.jazzzeitung.de\\\/cms\\\/2020\\\/03\\\/jazzahead-2020-wird-abgesagt-und-2021-nachgeholt\\\/#breadcrumb\",\"itemListElement\":[{\"@type\":\"ListItem\",\"position\":1,\"name\":\"Startseite\",\"item\":\"https:\\\/\\\/www.jazzzeitung.de\\\/cms\\\/\"},{\"@type\":\"ListItem\",\"position\":2,\"name\":\"jazzahead! 2020 wird abgesagt und erst im Mai 2021 nachgeholt\"}]},{\"@type\":\"WebSite\",\"@id\":\"https:\\\/\\\/www.jazzzeitung.de\\\/cms\\\/#website\",\"url\":\"https:\\\/\\\/www.jazzzeitung.de\\\/cms\\\/\",\"name\":\"JazzZeitung\",\"description\":\"Jazz-News und Jazz-Kontroverses\",\"publisher\":{\"@id\":\"https:\\\/\\\/www.jazzzeitung.de\\\/cms\\\/#organization\"},\"potentialAction\":[{\"@type\":\"SearchAction\",\"target\":{\"@type\":\"EntryPoint\",\"urlTemplate\":\"https:\\\/\\\/www.jazzzeitung.de\\\/cms\\\/?s={search_term_string}\"},\"query-input\":{\"@type\":\"PropertyValueSpecification\",\"valueRequired\":true,\"valueName\":\"search_term_string\"}}],\"inLanguage\":\"de\"},{\"@type\":\"Organization\",\"@id\":\"https:\\\/\\\/www.jazzzeitung.de\\\/cms\\\/#organization\",\"name\":\"JazzZeitung online\",\"url\":\"https:\\\/\\\/www.jazzzeitung.de\\\/cms\\\/\",\"logo\":{\"@type\":\"ImageObject\",\"inLanguage\":\"de\",\"@id\":\"https:\\\/\\\/www.jazzzeitung.de\\\/cms\\\/#\\\/schema\\\/logo\\\/image\\\/\",\"url\":\"https:\\\/\\\/i0.wp.com\\\/www.jazzzeitung.de\\\/cms\\\/wp-content\\\/uploads\\\/2015\\\/08\\\/JAZZZEITUNGDE_Logo_Neu.png?fit=499%2C200&ssl=1\",\"contentUrl\":\"https:\\\/\\\/i0.wp.com\\\/www.jazzzeitung.de\\\/cms\\\/wp-content\\\/uploads\\\/2015\\\/08\\\/JAZZZEITUNGDE_Logo_Neu.png?fit=499%2C200&ssl=1\",\"width\":499,\"height\":200,\"caption\":\"JazzZeitung online\"},\"image\":{\"@id\":\"https:\\\/\\\/www.jazzzeitung.de\\\/cms\\\/#\\\/schema\\\/logo\\\/image\\\/\"},\"sameAs\":[\"https:\\\/\\\/www.facebook.com\\\/JazzZeitung\\\/\"]},{\"@type\":\"Person\",\"@id\":\"https:\\\/\\\/www.jazzzeitung.de\\\/cms\\\/#\\\/schema\\\/person\\\/2245b36b9cd1d24cea10f01c031fb92b\",\"name\":\"Redaktion JazzZeitung\",\"image\":{\"@type\":\"ImageObject\",\"inLanguage\":\"de\",\"@id\":\"https:\\\/\\\/i0.wp.com\\\/www.jazzzeitung.de\\\/cms\\\/wp-content\\\/uploads\\\/2015\\\/08\\\/JAZZZEITUNGDE_Logo_Neu.png?resize=96%2C96&ssl=159975dcacb611b5700bd619b5daf0a7a\",\"url\":\"https:\\\/\\\/i0.wp.com\\\/www.jazzzeitung.de\\\/cms\\\/wp-content\\\/uploads\\\/2015\\\/08\\\/JAZZZEITUNGDE_Logo_Neu.png?resize=96%2C96&ssl=1\",\"contentUrl\":\"https:\\\/\\\/i0.wp.com\\\/www.jazzzeitung.de\\\/cms\\\/wp-content\\\/uploads\\\/2015\\\/08\\\/JAZZZEITUNGDE_Logo_Neu.png?resize=96%2C96&ssl=1\",\"caption\":\"Redaktion JazzZeitung\"},\"description\":\"Artikel der Redaktion der JazzZeitung.\",\"sameAs\":[\"http:\\\/\\\/www.jazzzeitung.de\\\/cms\\\/\"],\"url\":\"https:\\\/\\\/www.jazzzeitung.de\\\/cms\\\/author\\\/redaktion\\\/\"}]}<\/script>\n<!-- \/ Yoast SEO plugin. -->","yoast_head_json":{"title":"jazzahead! 2020 wird abgesagt und erst im Mai 2021 nachgeholt - JazzZeitung","robots":{"index":"index","follow":"follow","max-snippet":"max-snippet:-1","max-image-preview":"max-image-preview:large","max-video-preview":"max-video-preview:-1"},"canonical":"https:\/\/www.jazzzeitung.de\/cms\/2020\/03\/jazzahead-2020-wird-abgesagt-und-2021-nachgeholt\/","og_locale":"de_DE","og_type":"article","og_title":"jazzahead! 2020 wird abgesagt und erst im Mai 2021 nachgeholt - JazzZeitung","og_description":"Die jazzahead! 2020 wird abgesagt, dies gab die Bremer Messegesellschaft heute bekannt. Die Entscheidung begr\u00fcndet Hans Peter Schneider, Gesch\u00e4ftsf\u00fchrer der M3B GmbH, zu der die Messe Bremen geh\u00f6rt, wie folgt: \u201eDie jazzahead! lebt vom internationalen Austausch und von Begegnungen \u2013 dies wird in Corona-Zeiten leider nicht m\u00f6glich sein, auch Ende April noch nicht. Wir bedauern die Absage sehr, aber der Gesundheitsschutz hat oberste Priorit\u00e4t.\u201c Die gr\u00f6\u00dfte Jazz-Fachmesse der Welt, die urspr\u00fcnglich von Donnerstag bis Sonntag, 23. bis 26. April 2020, in den Hallen 6 und 7 der Messe Bremen geplant war, sowie das begleitende Festival von Freitag bis Sonntag, 17. bis 26. April 2020, werden verschoben. F\u00fcr die Fachmesse steht bereits ein neuer Termin: Donnerstag bis Sonntag, 29. April bis 2. Mai 2021. Die Veranstalter hatten zun\u00e4chst \u00fcberpr\u00fcft, ob es m\u00f6glich ist, die Jazz-Fachmesse und das begleitende Jazz-Festival in die Sommermonate zu verlegen. \u201eDoch gemeinsam mit unseren Partnern haben wir uns jetzt dazu entschieden, die jazzahead! ins n\u00e4chste Jahr zu verschieben\u201c, sagt Projektleiterin Sybille Kornitschky von der Messe Bremen. Das Partnerland Kanada hat bereits f\u00fcr 2021 zugesagt. Auch die Auswahl der diesj\u00e4hrigen Showcase-Bands wird beibehalten. &hellip;","og_url":"https:\/\/www.jazzzeitung.de\/cms\/2020\/03\/jazzahead-2020-wird-abgesagt-und-2021-nachgeholt\/","og_site_name":"JazzZeitung","article_publisher":"https:\/\/www.facebook.com\/JazzZeitung\/","article_published_time":"2020-03-20T11:16:03+00:00","article_modified_time":"2020-03-23T16:39:24+00:00","og_image":[{"width":6726,"height":4489,"url":"https:\/\/i0.wp.com\/www.jazzzeitung.de\/cms\/wp-content\/uploads\/2017\/04\/001_Foto-van-Loon.jpg?fit=6726%2C4489&ssl=1","type":"image\/jpeg"}],"author":"Redaktion JazzZeitung","schema":{"@context":"https:\/\/schema.org","@graph":[{"@type":"Article","@id":"https:\/\/www.jazzzeitung.de\/cms\/2020\/03\/jazzahead-2020-wird-abgesagt-und-2021-nachgeholt\/#article","isPartOf":{"@id":"https:\/\/www.jazzzeitung.de\/cms\/2020\/03\/jazzahead-2020-wird-abgesagt-und-2021-nachgeholt\/"},"author":{"name":"Redaktion JazzZeitung","@id":"https:\/\/www.jazzzeitung.de\/cms\/#\/schema\/person\/2245b36b9cd1d24cea10f01c031fb92b"},"headline":"jazzahead! 2020 wird abgesagt und erst im Mai 2021 nachgeholt","datePublished":"2020-03-20T11:16:03+00:00","dateModified":"2020-03-23T16:39:24+00:00","mainEntityOfPage":{"@id":"https:\/\/www.jazzzeitung.de\/cms\/2020\/03\/jazzahead-2020-wird-abgesagt-und-2021-nachgeholt\/"},"wordCount":327,"commentCount":0,"publisher":{"@id":"https:\/\/www.jazzzeitung.de\/cms\/#organization"},"image":{"@id":"https:\/\/www.jazzzeitung.de\/cms\/2020\/03\/jazzahead-2020-wird-abgesagt-und-2021-nachgeholt\/#primaryimage"},"thumbnailUrl":"https:\/\/i0.wp.com\/www.jazzzeitung.de\/cms\/wp-content\/uploads\/2017\/04\/001_Foto-van-Loon.jpg?fit=6726%2C4489&ssl=1","keywords":["2020","Bremen","CLUBNIGHT","Festival","Hans Peter Schneider","Jazz","Jazzahead","Jazzahead! 2020","Kultur","Messe","Messe Bremen"],"articleSection":["News"],"inLanguage":"de","potentialAction":[{"@type":"CommentAction","name":"Comment","target":["https:\/\/www.jazzzeitung.de\/cms\/2020\/03\/jazzahead-2020-wird-abgesagt-und-2021-nachgeholt\/#respond"]}]},{"@type":"WebPage","@id":"https:\/\/www.jazzzeitung.de\/cms\/2020\/03\/jazzahead-2020-wird-abgesagt-und-2021-nachgeholt\/","url":"https:\/\/www.jazzzeitung.de\/cms\/2020\/03\/jazzahead-2020-wird-abgesagt-und-2021-nachgeholt\/","name":"jazzahead! 2020 wird abgesagt und erst im Mai 2021 nachgeholt - JazzZeitung","isPartOf":{"@id":"https:\/\/www.jazzzeitung.de\/cms\/#website"},"primaryImageOfPage":{"@id":"https:\/\/www.jazzzeitung.de\/cms\/2020\/03\/jazzahead-2020-wird-abgesagt-und-2021-nachgeholt\/#primaryimage"},"image":{"@id":"https:\/\/www.jazzzeitung.de\/cms\/2020\/03\/jazzahead-2020-wird-abgesagt-und-2021-nachgeholt\/#primaryimage"},"thumbnailUrl":"https:\/\/i0.wp.com\/www.jazzzeitung.de\/cms\/wp-content\/uploads\/2017\/04\/001_Foto-van-Loon.jpg?fit=6726%2C4489&ssl=1","datePublished":"2020-03-20T11:16:03+00:00","dateModified":"2020-03-23T16:39:24+00:00","breadcrumb":{"@id":"https:\/\/www.jazzzeitung.de\/cms\/2020\/03\/jazzahead-2020-wird-abgesagt-und-2021-nachgeholt\/#breadcrumb"},"inLanguage":"de","potentialAction":[{"@type":"ReadAction","target":["https:\/\/www.jazzzeitung.de\/cms\/2020\/03\/jazzahead-2020-wird-abgesagt-und-2021-nachgeholt\/"]}]},{"@type":"ImageObject","inLanguage":"de","@id":"https:\/\/www.jazzzeitung.de\/cms\/2020\/03\/jazzahead-2020-wird-abgesagt-und-2021-nachgeholt\/#primaryimage","url":"https:\/\/i0.wp.com\/www.jazzzeitung.de\/cms\/wp-content\/uploads\/2017\/04\/001_Foto-van-Loon.jpg?fit=6726%2C4489&ssl=1","contentUrl":"https:\/\/i0.wp.com\/www.jazzzeitung.de\/cms\/wp-content\/uploads\/2017\/04\/001_Foto-van-Loon.jpg?fit=6726%2C4489&ssl=1","width":6726,"height":4489,"caption":"Antti Hevosmaa. Foto: Susanne van Loon"},{"@type":"BreadcrumbList","@id":"https:\/\/www.jazzzeitung.de\/cms\/2020\/03\/jazzahead-2020-wird-abgesagt-und-2021-nachgeholt\/#breadcrumb","itemListElement":[{"@type":"ListItem","position":1,"name":"Startseite","item":"https:\/\/www.jazzzeitung.de\/cms\/"},{"@type":"ListItem","position":2,"name":"jazzahead! 2020 wird abgesagt und erst im Mai 2021 nachgeholt"}]},{"@type":"WebSite","@id":"https:\/\/www.jazzzeitung.de\/cms\/#website","url":"https:\/\/www.jazzzeitung.de\/cms\/","name":"JazzZeitung","description":"Jazz-News und Jazz-Kontroverses","publisher":{"@id":"https:\/\/www.jazzzeitung.de\/cms\/#organization"},"potentialAction":[{"@type":"SearchAction","target":{"@type":"EntryPoint","urlTemplate":"https:\/\/www.jazzzeitung.de\/cms\/?s={search_term_string}"},"query-input":{"@type":"PropertyValueSpecification","valueRequired":true,"valueName":"search_term_string"}}],"inLanguage":"de"},{"@type":"Organization","@id":"https:\/\/www.jazzzeitung.de\/cms\/#organization","name":"JazzZeitung online","url":"https:\/\/www.jazzzeitung.de\/cms\/","logo":{"@type":"ImageObject","inLanguage":"de","@id":"https:\/\/www.jazzzeitung.de\/cms\/#\/schema\/logo\/image\/","url":"https:\/\/i0.wp.com\/www.jazzzeitung.de\/cms\/wp-content\/uploads\/2015\/08\/JAZZZEITUNGDE_Logo_Neu.png?fit=499%2C200&ssl=1","contentUrl":"https:\/\/i0.wp.com\/www.jazzzeitung.de\/cms\/wp-content\/uploads\/2015\/08\/JAZZZEITUNGDE_Logo_Neu.png?fit=499%2C200&ssl=1","width":499,"height":200,"caption":"JazzZeitung online"},"image":{"@id":"https:\/\/www.jazzzeitung.de\/cms\/#\/schema\/logo\/image\/"},"sameAs":["https:\/\/www.facebook.com\/JazzZeitung\/"]},{"@type":"Person","@id":"https:\/\/www.jazzzeitung.de\/cms\/#\/schema\/person\/2245b36b9cd1d24cea10f01c031fb92b","name":"Redaktion JazzZeitung","image":{"@type":"ImageObject","inLanguage":"de","@id":"https:\/\/i0.wp.com\/www.jazzzeitung.de\/cms\/wp-content\/uploads\/2015\/08\/JAZZZEITUNGDE_Logo_Neu.png?resize=96%2C96&ssl=159975dcacb611b5700bd619b5daf0a7a","url":"https:\/\/i0.wp.com\/www.jazzzeitung.de\/cms\/wp-content\/uploads\/2015\/08\/JAZZZEITUNGDE_Logo_Neu.png?resize=96%2C96&ssl=1","contentUrl":"https:\/\/i0.wp.com\/www.jazzzeitung.de\/cms\/wp-content\/uploads\/2015\/08\/JAZZZEITUNGDE_Logo_Neu.png?resize=96%2C96&ssl=1","caption":"Redaktion JazzZeitung"},"description":"Artikel der Redaktion der JazzZeitung.","sameAs":["http:\/\/www.jazzzeitung.de\/cms\/"],"url":"https:\/\/www.jazzzeitung.de\/cms\/author\/redaktion\/"}]}},"wp-worthy-pixel":{"ignored":false,"public":null,"server":null,"url":null},"wp-worthy-type":"normal","jetpack_publicize_connections":[],"cc_featured_image_caption":{"caption_text":"","source_text":"","source_url":""},"jetpack_featured_media_url":"https:\/\/i0.wp.com\/www.jazzzeitung.de\/cms\/wp-content\/uploads\/2017\/04\/001_Foto-van-Loon.jpg?fit=6726%2C4489&ssl=1","jetpack_shortlink":"https:\/\/wp.me\/p3KEcT-5LC","jetpack-related-posts":[{"id":24006,"url":"https:\/\/www.jazzzeitung.de\/cms\/2020\/12\/fachmesse-jazzahead-startet-2021-online-man-hofft-aber-auch-auf-konzerte-vor-publikum\/","url_meta":{"origin":22172,"position":0},"title":"Fachmesse jazzahead! startet 2021 online \u2013 man hofft aber auch auf Konzerte vor Publikum","author":"Redaktion JazzZeitung","date":"18. Dezember 2020","format":false,"excerpt":"Die 15. jazzahead!, die Jubil\u00e4umsausgabe der gr\u00f6\u00dften Jazz-Fachmesse der Welt, sollte urspr\u00fcnglich von Donnerstag bis Sonntag, 23. bis 26. April 2020, in den Hallen 6 und 7 der MESSE BREMEN stattfinden, das begleitende Festival von Freitag bis Sonntag, 17. bis 26. April 2020. Die gesamte Veranstaltung wurde wegen der Corona-Pandemie\u2026","rel":"","context":"In &quot;News&quot;","block_context":{"text":"News","link":"https:\/\/www.jazzzeitung.de\/cms\/thema\/nachrichten\/"},"img":{"alt_text":"","src":"https:\/\/i0.wp.com\/www.jazzzeitung.de\/cms\/wp-content\/uploads\/2020\/12\/Thomas-Koch.jpg?fit=800%2C1200&ssl=1&resize=350%2C200","width":350,"height":200,"srcset":"https:\/\/i0.wp.com\/www.jazzzeitung.de\/cms\/wp-content\/uploads\/2020\/12\/Thomas-Koch.jpg?fit=800%2C1200&ssl=1&resize=350%2C200 1x, https:\/\/i0.wp.com\/www.jazzzeitung.de\/cms\/wp-content\/uploads\/2020\/12\/Thomas-Koch.jpg?fit=800%2C1200&ssl=1&resize=525%2C300 1.5x, https:\/\/i0.wp.com\/www.jazzzeitung.de\/cms\/wp-content\/uploads\/2020\/12\/Thomas-Koch.jpg?fit=800%2C1200&ssl=1&resize=700%2C400 2x"},"classes":[]},{"id":19329,"url":"https:\/\/www.jazzzeitung.de\/cms\/2019\/04\/jazzahead-2019-besucher-aus-64-nationen-tauschten-sich-vier-tage-in-bremen-lang-aus\/","url_meta":{"origin":22172,"position":1},"title":"+++ jazzahead! 2019 +++ Besucher aus 64 Nationen tauschten sich vier Tage lang in Bremen aus +++","author":"Redaktion JazzZeitung","date":"30. April 2019","format":false,"excerpt":"Die Fachmesse jazzahead! 2019 in der Messe Bremen ist mit einem erneuten Plus an Fachteilnehmerinnen und -teilnehmern aus diesmal 64 Nationen zu Ende gegangen. Von Donnerstag bis Sonntag, 25. bis 28. April z\u00e4hlten die Veranstalter 3.408 (2018: 3.282) Teilnehmer. Rund 18.000 Besucher (2018: 17.362) erlebten die Messe und die 100\u2026","rel":"","context":"In &quot;News&quot;","block_context":{"text":"News","link":"https:\/\/www.jazzzeitung.de\/cms\/thema\/nachrichten\/"},"img":{"alt_text":"","src":"https:\/\/i0.wp.com\/www.jazzzeitung.de\/cms\/wp-content\/uploads\/2019\/04\/Sarbach_Messe.png?fit=1200%2C781&ssl=1&resize=350%2C200","width":350,"height":200,"srcset":"https:\/\/i0.wp.com\/www.jazzzeitung.de\/cms\/wp-content\/uploads\/2019\/04\/Sarbach_Messe.png?fit=1200%2C781&ssl=1&resize=350%2C200 1x, https:\/\/i0.wp.com\/www.jazzzeitung.de\/cms\/wp-content\/uploads\/2019\/04\/Sarbach_Messe.png?fit=1200%2C781&ssl=1&resize=525%2C300 1.5x, https:\/\/i0.wp.com\/www.jazzzeitung.de\/cms\/wp-content\/uploads\/2019\/04\/Sarbach_Messe.png?fit=1200%2C781&ssl=1&resize=700%2C400 2x, https:\/\/i0.wp.com\/www.jazzzeitung.de\/cms\/wp-content\/uploads\/2019\/04\/Sarbach_Messe.png?fit=1200%2C781&ssl=1&resize=1050%2C600 3x"},"classes":[]},{"id":21283,"url":"https:\/\/www.jazzzeitung.de\/cms\/2019\/11\/news-jazzahead-europaeische-kulturmarke-2019-jetzt-bewerben-um-showcases-fuer-kinder\/","url_meta":{"origin":22172,"position":2},"title":"+++ news +++ jazzahead! Europ\u00e4ische Kulturmarke 2019 +++ Jetzt bewerben um Showcases f\u00fcr Kinder +++","author":"Redaktion JazzZeitung","date":"12. November 2019","format":false,"excerpt":"+++ jazzahead! Europ\u00e4ische Kulturmarke 2019 +++ Die jazzahead!, weltweit einzigartige Kombination aus Fachmesse und begleitendem Festival, ist am Donnerstag, 7. November 2019, im Zollverein in Essen als Europ\u00e4ische Kulturmarke des Jahres 2019 ausgezeichnet worden. Der Award gilt als einer der der avanciertesten Kulturpreise in Europa. \u201eWir waren bereits sehr stolz,\u2026","rel":"","context":"In &quot;News&quot;","block_context":{"text":"News","link":"https:\/\/www.jazzzeitung.de\/cms\/thema\/nachrichten\/"},"img":{"alt_text":"","src":"https:\/\/i0.wp.com\/www.jazzzeitung.de\/cms\/wp-content\/uploads\/2019\/11\/jazzahead1.jpg?fit=1200%2C800&ssl=1&resize=350%2C200","width":350,"height":200,"srcset":"https:\/\/i0.wp.com\/www.jazzzeitung.de\/cms\/wp-content\/uploads\/2019\/11\/jazzahead1.jpg?fit=1200%2C800&ssl=1&resize=350%2C200 1x, https:\/\/i0.wp.com\/www.jazzzeitung.de\/cms\/wp-content\/uploads\/2019\/11\/jazzahead1.jpg?fit=1200%2C800&ssl=1&resize=525%2C300 1.5x, https:\/\/i0.wp.com\/www.jazzzeitung.de\/cms\/wp-content\/uploads\/2019\/11\/jazzahead1.jpg?fit=1200%2C800&ssl=1&resize=700%2C400 2x, https:\/\/i0.wp.com\/www.jazzzeitung.de\/cms\/wp-content\/uploads\/2019\/11\/jazzahead1.jpg?fit=1200%2C800&ssl=1&resize=1050%2C600 3x"},"classes":[]},{"id":18049,"url":"https:\/\/www.jazzzeitung.de\/cms\/2018\/12\/erstmals-auf-der-jazzahead-showcases-zu-improvisation-und-jazz-fuer-kinder\/","url_meta":{"origin":22172,"position":3},"title":"Erstmals auf der jazzahead: Showcases zu Improvisation und Jazz f\u00fcr Kinder","author":"Redaktion JazzZeitung","date":"10. Dezember 2018","format":false,"excerpt":"Trotz der diesmal deutlich verk\u00fcrzten Einreichungsfrist gingen 764 Bewerbungen f\u00fcr die 40 Showcase-Konzerte ein und damit 25 Prozent mehr als im Vorjahr. In diesem Jahr sind unter den f\u00fcnf am st\u00e4rksten vertretenen Herkunftsl\u00e4ndern jenseits von Deutschland und dem Partnerland Norwegen die USA und Brasilien, womit Bewerbungen aus \u00dcbersee signifikant zulegten.\u2026","rel":"","context":"In &quot;News&quot;","block_context":{"text":"News","link":"https:\/\/www.jazzzeitung.de\/cms\/thema\/nachrichten\/"},"img":{"alt_text":"Jazzbusiness auf der Bremer jazzahead!. Foto: Jan Rathke","src":"https:\/\/i0.wp.com\/www.jazzzeitung.de\/cms\/wp-content\/uploads\/2018\/12\/MESSE-BREMENJan-RathkeDSC_9355.jpg?fit=1200%2C857&ssl=1&resize=350%2C200","width":350,"height":200,"srcset":"https:\/\/i0.wp.com\/www.jazzzeitung.de\/cms\/wp-content\/uploads\/2018\/12\/MESSE-BREMENJan-RathkeDSC_9355.jpg?fit=1200%2C857&ssl=1&resize=350%2C200 1x, https:\/\/i0.wp.com\/www.jazzzeitung.de\/cms\/wp-content\/uploads\/2018\/12\/MESSE-BREMENJan-RathkeDSC_9355.jpg?fit=1200%2C857&ssl=1&resize=525%2C300 1.5x, https:\/\/i0.wp.com\/www.jazzzeitung.de\/cms\/wp-content\/uploads\/2018\/12\/MESSE-BREMENJan-RathkeDSC_9355.jpg?fit=1200%2C857&ssl=1&resize=700%2C400 2x, https:\/\/i0.wp.com\/www.jazzzeitung.de\/cms\/wp-content\/uploads\/2018\/12\/MESSE-BREMENJan-RathkeDSC_9355.jpg?fit=1200%2C857&ssl=1&resize=1050%2C600 3x"},"classes":[]},{"id":4907,"url":"https:\/\/www.jazzzeitung.de\/cms\/2014\/11\/showcase-bewerbungsphase-fuer-jazzahead-endet-heute\/","url_meta":{"origin":22172,"position":4},"title":"Showcase-Bewerbungsphase f\u00fcr jazzahead endet heute","author":"Redaktion JazzZeitung","date":"11. November 2014","format":false,"excerpt":"Showcase-Bewerbungsphase endet am 11. November 2014 Bewerbungen f\u00fcr die 40 Showcases auf der zehnten jazzahead! k\u00f6nnen f\u00fcr die Module German Jazz Expo (K\u00fcnstler aus Deutschland), French Night (Jazz aus dem Partnerland 2015: Frankreich), European Jazz Meeting (europ\u00e4ische Jazzformationen) und Overseas Night (Jazz aus \u00dcbersee) eingereicht werden. Konditionen f\u00fcr eine Bewerbung\u2026","rel":"","context":"In &quot;News&quot;","block_context":{"text":"News","link":"https:\/\/www.jazzzeitung.de\/cms\/thema\/nachrichten\/"},"img":{"alt_text":"Staatsministerin f\u00fcr Kultur und Medien, Monika Gr\u00fctters, \u00fcbernimmt 2015 die Schirmherrschaft zur Jubil\u00e4umsausgabe der jazzahead! Foto: Christof Rieken","src":"https:\/\/i0.wp.com\/www.jazzzeitung.de\/cms\/wp-content\/uploads\/2014\/11\/Photo1-MonikaGr%C3%BCtters-c_Quelle-Christof-Rieken_800KB.jpg?fit=799%2C1200&ssl=1&resize=350%2C200","width":350,"height":200,"srcset":"https:\/\/i0.wp.com\/www.jazzzeitung.de\/cms\/wp-content\/uploads\/2014\/11\/Photo1-MonikaGr%C3%BCtters-c_Quelle-Christof-Rieken_800KB.jpg?fit=799%2C1200&ssl=1&resize=350%2C200 1x, https:\/\/i0.wp.com\/www.jazzzeitung.de\/cms\/wp-content\/uploads\/2014\/11\/Photo1-MonikaGr%C3%BCtters-c_Quelle-Christof-Rieken_800KB.jpg?fit=799%2C1200&ssl=1&resize=525%2C300 1.5x, https:\/\/i0.wp.com\/www.jazzzeitung.de\/cms\/wp-content\/uploads\/2014\/11\/Photo1-MonikaGr%C3%BCtters-c_Quelle-Christof-Rieken_800KB.jpg?fit=799%2C1200&ssl=1&resize=700%2C400 2x"},"classes":[]},{"id":24290,"url":"https:\/\/www.jazzzeitung.de\/cms\/2021\/01\/news-tv-tipp-blue-note-3sat-jazzahead-digital\/","url_meta":{"origin":22172,"position":5},"title":"+++ news +++ TV-Tipp Blue Note 3sat +++ jazzahead! digital +++","author":"Redaktion JazzZeitung","date":"21. Januar 2021","format":false,"excerpt":"+++ \"Blue Note Records - Beyond the Notes\": Dokumentarfilm \u00fcber das legend\u00e4re Jazzlabel +++ Das New Yorker Label Blue Note ist \u00fcber 80 Jahre alt und eine lebende Legende. Heute leitet Starproduzent Don Was das bedeutende Jazzlabel. In Sophie Hubers Dokumentarfilm \"Blue Note Records \u2013 Beyond the Notes\" (Schweiz 2018)\u2026","rel":"","context":"In &quot;News&quot;","block_context":{"text":"News","link":"https:\/\/www.jazzzeitung.de\/cms\/thema\/nachrichten\/"},"img":{"alt_text":"","src":"https:\/\/i0.wp.com\/www.jazzzeitung.de\/cms\/wp-content\/uploads\/2021\/01\/shorte-scaled.jpg?fit=1200%2C676&ssl=1&resize=350%2C200","width":350,"height":200,"srcset":"https:\/\/i0.wp.com\/www.jazzzeitung.de\/cms\/wp-content\/uploads\/2021\/01\/shorte-scaled.jpg?fit=1200%2C676&ssl=1&resize=350%2C200 1x, https:\/\/i0.wp.com\/www.jazzzeitung.de\/cms\/wp-content\/uploads\/2021\/01\/shorte-scaled.jpg?fit=1200%2C676&ssl=1&resize=525%2C300 1.5x, https:\/\/i0.wp.com\/www.jazzzeitung.de\/cms\/wp-content\/uploads\/2021\/01\/shorte-scaled.jpg?fit=1200%2C676&ssl=1&resize=700%2C400 2x, https:\/\/i0.wp.com\/www.jazzzeitung.de\/cms\/wp-content\/uploads\/2021\/01\/shorte-scaled.jpg?fit=1200%2C676&ssl=1&resize=1050%2C600 3x"},"classes":[]}],"jetpack_sharing_enabled":true,"_links":{"self":[{"href":"https:\/\/www.jazzzeitung.de\/cms\/wp-json\/wp\/v2\/posts\/22172","targetHints":{"allow":["GET"]}}],"collection":[{"href":"https:\/\/www.jazzzeitung.de\/cms\/wp-json\/wp\/v2\/posts"}],"about":[{"href":"https:\/\/www.jazzzeitung.de\/cms\/wp-json\/wp\/v2\/types\/post"}],"author":[{"embeddable":true,"href":"https:\/\/www.jazzzeitung.de\/cms\/wp-json\/wp\/v2\/users\/18"}],"replies":[{"embeddable":true,"href":"https:\/\/www.jazzzeitung.de\/cms\/wp-json\/wp\/v2\/comments?post=22172"}],"version-history":[{"count":6,"href":"https:\/\/www.jazzzeitung.de\/cms\/wp-json\/wp\/v2\/posts\/22172\/revisions"}],"predecessor-version":[{"id":22195,"href":"https:\/\/www.jazzzeitung.de\/cms\/wp-json\/wp\/v2\/posts\/22172\/revisions\/22195"}],"wp:featuredmedia":[{"embeddable":true,"href":"https:\/\/www.jazzzeitung.de\/cms\/wp-json\/wp\/v2\/media\/12185"}],"wp:attachment":[{"href":"https:\/\/www.jazzzeitung.de\/cms\/wp-json\/wp\/v2\/media?parent=22172"}],"wp:term":[{"taxonomy":"category","embeddable":true,"href":"https:\/\/www.jazzzeitung.de\/cms\/wp-json\/wp\/v2\/categories?post=22172"},{"taxonomy":"post_tag","embeddable":true,"href":"https:\/\/www.jazzzeitung.de\/cms\/wp-json\/wp\/v2\/tags?post=22172"},{"taxonomy":"author","embeddable":true,"href":"https:\/\/www.jazzzeitung.de\/cms\/wp-json\/wp\/v2\/coauthors?post=22172"}],"curies":[{"name":"wp","href":"https:\/\/api.w.org\/{rel}","templated":true}]}}