{"id":22168,"date":"2020-03-19T12:01:12","date_gmt":"2020-03-19T11:01:12","guid":{"rendered":"https:\/\/www.jazzzeitung.de\/cms\/?p=22168"},"modified":"2020-03-19T11:53:20","modified_gmt":"2020-03-19T10:53:20","slug":"heinrich-von-kalnein-moebius-strip","status":"publish","type":"post","link":"https:\/\/www.jazzzeitung.de\/cms\/2020\/03\/heinrich-von-kalnein-moebius-strip\/","title":{"rendered":"Heinrich von Kalnein: M\u00f6bius Strip"},"content":{"rendered":"<p>Jeder aus\u00fcbende Musiker kennt Et\u00fcdenb\u00fccher: Jene systematisch aufbauenden Sammlungen, in denen in meist kleinen, reduzierten St\u00fccken bestimmte spielerische Probleme angegangen werden. Aber wenn gro\u00dfe Komponisten am Werk sind, gehen solche \u201eVersuchsanordnungen\u201c \u00fcber das rein technische weit hinaus und es entstehen gro\u00dfe k\u00fcnstlerische Sch\u00f6pfungen f\u00fcr die Ewigkeit.<\/p>\n<p>Jazz als freiere, improvisierte Praxis emanzipiert sich von jeder rigiden Systematik, wo es ums unmittelbare Spielen geht. Auf der neuen Doppel-CD des Saxofonisten Heinrich von Kalnein dr\u00e4ngen sich solche Gedanken dennoch auf. Nicht falsch verstehen: Der in Graz lebende Saxofonist, Bandleader, Komponist und P\u00e4dagoge w\u00fcrde wohl nie schn\u00f6de Techniket\u00fcden ver\u00f6ffentlichen. Aber das neue Release leistet sich eine fast schon enzyklop\u00e4dische Bandbreite, um die Vielfalt an musikalischen M\u00f6glichkeiten im Jazz zu bilanzieren.<\/p>\n<p>Volume 1 stellt die Individualit\u00e4t von Instrument und Musikerpers\u00f6nlichkeit heraus. Bemerkenswert ist der Entstehungsprozess dieser lupenrein klingenden Aufnahmen. Heinrich von Kalnein improvisierte n\u00e4mlich die meisten dieser St\u00fccke zun\u00e4chst allein f\u00fcr sich im Studio von Joachim K\u00fchn auf Ibiza, \u00fcbrigens auf pers\u00f6nliche Einladung des ber\u00fchmten Pianisten hin. Die Bassistin Gina Schwarz und der Drummer Lukas K\u00f6nig spielten sp\u00e4ter ihre eigenen Tracks dazu.<\/p>\n<p>Der Prolog ist ein einladendes Rezitativ. St\u00fcck zwei widmet sich dem Aspekt von Rhythmisierung einer Bluesskala. Bemerkenswert ist, wie auch Kalneins Partner den Spagat aus befreitem Spiel und Kontrolle auf den Gegenstand des St\u00fcckes hinbekommen. Ein anderes St\u00fcck\u00a0 \u201e\u00fcbt\u201c sich in einer Art Bebop-Stilistik, lenkt dabei den Blick auf den Bass als lebhaftem Transmissionsriemen. Anderswo geht es um den assoziativen Dialog zweier gleicher Partner. Mal geht es um die hohe Kunst des freien Spiels, respektive um Freejazz-Fl\u00e4chigkeit in unmittelbarer Reibung zwischen Sax und Schlagzeuger, vor allem um die Kunst des plausiblen Spannungsbogens dabei. Immer wieder zeigt sich die Souver\u00e4nit\u00e4t \u00fcber Gesten, Stilistiken und Tonlagen im beseelten, von reicher Erfahrung ges\u00e4ttigten Spiel Heinrich von Kalneins, der den Funken auf seine reaktionsschnellen Mitmusiker \u00fcber springen l\u00e4sst.<\/p>\n<p>Auf CD 2 wird dann das Aufgehen im gleichberechtigten Kollektiv vorgef\u00fchrt. Der Gestus ist hier auf Anhieb beschwingter, ja musikantischer und nicht ganz so streng systematisch, auch wenn die St\u00fccke deutlich st\u00e4rker auskomponiert sind. Es beginnt mit einem leichtf\u00fc\u00dfigen Tango. Ein polyphonisch vieldimensional verzahntes \u201eBlue Train\u201c, gefolgt von einigen suitenartigen St\u00fccken demonstrieren, wie sich vier Saxofone zu einer gemeinsamen Stimme, Rhythmusgruppe und vielem vereinen. Das geht so organisch, dass auch die orginell eingestreuten Synthesizer-Parts von Uli Rennert das Gef\u00fcge kaum aus der Fassung bringen.<\/p>\n<p>Wer selbst Jazz-Musiker ist, d\u00fcrfte sich bei all diesen pr\u00e4gnanten Anordnungen &#8211; vor allem auf CD 1 &#8211; in einen imagin\u00e4ren Workshop hinein gezogen f\u00fchlen. Und auch jeder \u201epassive\u201c Musikh\u00f6rer erklimmt beim aufmerksamen Studieren dieser St\u00fccke neue Erkenntnisstufen. Und f\u00fchlt sich auch noch gut unterhalten dabei.<\/p>\n<p>Stefan Pieper<\/p>\n<h1>CD:<\/h1>\n<p><strong>Heinrich von Kalnein: M\u00f6bius Strip<\/strong><\/p>\n<p><strong>Natang Records 2020<\/strong><\/p>\n<p><strong>\u00a0<\/strong><\/p>\n<h1>LIVE<\/h1>\n<p>19.05. DE \u2013 Freiburg, Jazzhaus<br \/>\n20.05. DE \u2013 Freiburg, Jazzhaus<br \/>\n09.06. DE \u2013 Borkum, Kulturinsel<br \/>\n11.10. DE \u2013 Stuttgart, Bix<br \/>\n18.10. DE \u2013 D\u00fcsseldorf, Schmiede<br \/>\n19-10. DE \u2013 Dortmund, Domicil<br \/>\n22.12. DE \u2013 Freiburg, Jazzhaus<br \/>\n10.01. DE \u2013 Neuburg a.d.Donau, Birdland<br \/>\n11.01. DE \u2013 Neuburg a.d.Donau, Birdland<\/p>\n<p>&nbsp;<\/p>\n","protected":false},"excerpt":{"rendered":"<p>Jeder aus\u00fcbende Musiker kennt Et\u00fcdenb\u00fccher: Jene systematisch aufbauenden Sammlungen, in denen in meist kleinen, reduzierten St\u00fccken bestimmte spielerische Probleme angegangen werden. Aber wenn gro\u00dfe Komponisten am Werk sind, gehen solche \u201eVersuchsanordnungen\u201c \u00fcber das rein technische weit hinaus und es entstehen gro\u00dfe k\u00fcnstlerische Sch\u00f6pfungen f\u00fcr die Ewigkeit. Jazz als freiere, improvisierte Praxis emanzipiert sich von jeder rigiden Systematik, wo es ums unmittelbare Spielen geht. Auf der neuen Doppel-CD des Saxofonisten Heinrich von Kalnein dr\u00e4ngen sich solche Gedanken dennoch auf. Nicht falsch verstehen: Der in Graz lebende Saxofonist, Bandleader, Komponist und P\u00e4dagoge w\u00fcrde wohl nie schn\u00f6de Techniket\u00fcden ver\u00f6ffentlichen. Aber das neue Release leistet sich eine fast schon enzyklop\u00e4dische Bandbreite, um die Vielfalt an musikalischen M\u00f6glichkeiten im Jazz zu bilanzieren. Volume 1 stellt die Individualit\u00e4t von Instrument und Musikerpers\u00f6nlichkeit heraus. Bemerkenswert ist der Entstehungsprozess dieser lupenrein klingenden Aufnahmen. Heinrich von Kalnein improvisierte n\u00e4mlich die meisten dieser St\u00fccke zun\u00e4chst allein f\u00fcr sich im Studio von Joachim K\u00fchn auf Ibiza, \u00fcbrigens auf pers\u00f6nliche Einladung des ber\u00fchmten Pianisten hin. Die Bassistin Gina Schwarz und der Drummer Lukas K\u00f6nig spielten sp\u00e4ter ihre eigenen Tracks dazu. Der Prolog ist ein einladendes Rezitativ. St\u00fcck &hellip;<\/p>\n","protected":false},"author":18,"featured_media":22170,"comment_status":"open","ping_status":"closed","sticky":false,"template":"","format":"standard","meta":{"_jetpack_memberships_contains_paid_content":false,"footnotes":"","jetpack_publicize_message":"","jetpack_publicize_feature_enabled":true,"jetpack_social_post_already_shared":false,"jetpack_social_options":{"image_generator_settings":{"template":"highway","default_image_id":0,"font":"","enabled":false},"version":2}},"categories":[1152],"tags":[2660,1763,667,109,147,1940,2178,1598,1876,753,1672,2449,666,2080,2312,1129,1860,20],"coauthors":[695],"class_list":["post-22168","post","type-post","status-publish","format-standard","has-post-thumbnail","hentry","category-rezension","tag-2660","tag-bass","tag-birdland","tag-cd","tag-domicil","tag-dortmund","tag-duesseldorf","tag-freejazz","tag-jazz","tag-joachim-kuehn","tag-live","tag-lukas-koenig","tag-neuburg","tag-pianisten","tag-schlagzeuger","tag-stefan-pieper","tag-stuttgart","tag-workshop"],"yoast_head":"<!-- This site is optimized with the Yoast SEO plugin v27.5 - https:\/\/yoast.com\/product\/yoast-seo-wordpress\/ -->\n<title>Heinrich von Kalnein: M\u00f6bius Strip - JazzZeitung<\/title>\n<meta name=\"robots\" content=\"index, follow, max-snippet:-1, max-image-preview:large, max-video-preview:-1\" \/>\n<link rel=\"canonical\" href=\"https:\/\/www.jazzzeitung.de\/cms\/2020\/03\/heinrich-von-kalnein-moebius-strip\/\" \/>\n<meta property=\"og:locale\" content=\"de_DE\" \/>\n<meta property=\"og:type\" content=\"article\" \/>\n<meta property=\"og:title\" content=\"Heinrich von Kalnein: M\u00f6bius Strip - JazzZeitung\" \/>\n<meta property=\"og:description\" content=\"Jeder aus\u00fcbende Musiker kennt Et\u00fcdenb\u00fccher: Jene systematisch aufbauenden Sammlungen, in denen in meist kleinen, reduzierten St\u00fccken bestimmte spielerische Probleme angegangen werden. Aber wenn gro\u00dfe Komponisten am Werk sind, gehen solche \u201eVersuchsanordnungen\u201c \u00fcber das rein technische weit hinaus und es entstehen gro\u00dfe k\u00fcnstlerische Sch\u00f6pfungen f\u00fcr die Ewigkeit. Jazz als freiere, improvisierte Praxis emanzipiert sich von jeder rigiden Systematik, wo es ums unmittelbare Spielen geht. Auf der neuen Doppel-CD des Saxofonisten Heinrich von Kalnein dr\u00e4ngen sich solche Gedanken dennoch auf. Nicht falsch verstehen: Der in Graz lebende Saxofonist, Bandleader, Komponist und P\u00e4dagoge w\u00fcrde wohl nie schn\u00f6de Techniket\u00fcden ver\u00f6ffentlichen. Aber das neue Release leistet sich eine fast schon enzyklop\u00e4dische Bandbreite, um die Vielfalt an musikalischen M\u00f6glichkeiten im Jazz zu bilanzieren. Volume 1 stellt die Individualit\u00e4t von Instrument und Musikerpers\u00f6nlichkeit heraus. Bemerkenswert ist der Entstehungsprozess dieser lupenrein klingenden Aufnahmen. Heinrich von Kalnein improvisierte n\u00e4mlich die meisten dieser St\u00fccke zun\u00e4chst allein f\u00fcr sich im Studio von Joachim K\u00fchn auf Ibiza, \u00fcbrigens auf pers\u00f6nliche Einladung des ber\u00fchmten Pianisten hin. Die Bassistin Gina Schwarz und der Drummer Lukas K\u00f6nig spielten sp\u00e4ter ihre eigenen Tracks dazu. Der Prolog ist ein einladendes Rezitativ. St\u00fcck &hellip;\" \/>\n<meta property=\"og:url\" content=\"https:\/\/www.jazzzeitung.de\/cms\/2020\/03\/heinrich-von-kalnein-moebius-strip\/\" \/>\n<meta property=\"og:site_name\" content=\"JazzZeitung\" \/>\n<meta property=\"article:publisher\" content=\"https:\/\/www.facebook.com\/JazzZeitung\/\" \/>\n<meta property=\"article:published_time\" content=\"2020-03-19T11:01:12+00:00\" \/>\n<meta property=\"og:image\" content=\"https:\/\/i0.wp.com\/www.jazzzeitung.de\/cms\/wp-content\/uploads\/2020\/03\/cover_HvK-M\u0153biusStrip.jpg?fit=1500%2C1500&ssl=1\" \/>\n\t<meta property=\"og:image:width\" content=\"1500\" \/>\n\t<meta property=\"og:image:height\" content=\"1500\" \/>\n\t<meta property=\"og:image:type\" content=\"image\/jpeg\" \/>\n<meta name=\"author\" content=\"Redaktion JazzZeitung\" \/>\n<script type=\"application\/ld+json\" class=\"yoast-schema-graph\">{\"@context\":\"https:\\\/\\\/schema.org\",\"@graph\":[{\"@type\":\"Article\",\"@id\":\"https:\\\/\\\/www.jazzzeitung.de\\\/cms\\\/2020\\\/03\\\/heinrich-von-kalnein-moebius-strip\\\/#article\",\"isPartOf\":{\"@id\":\"https:\\\/\\\/www.jazzzeitung.de\\\/cms\\\/2020\\\/03\\\/heinrich-von-kalnein-moebius-strip\\\/\"},\"author\":{\"name\":\"Redaktion JazzZeitung\",\"@id\":\"https:\\\/\\\/www.jazzzeitung.de\\\/cms\\\/#\\\/schema\\\/person\\\/2245b36b9cd1d24cea10f01c031fb92b\"},\"headline\":\"Heinrich von Kalnein: M\u00f6bius Strip\",\"datePublished\":\"2020-03-19T11:01:12+00:00\",\"mainEntityOfPage\":{\"@id\":\"https:\\\/\\\/www.jazzzeitung.de\\\/cms\\\/2020\\\/03\\\/heinrich-von-kalnein-moebius-strip\\\/\"},\"wordCount\":532,\"commentCount\":0,\"publisher\":{\"@id\":\"https:\\\/\\\/www.jazzzeitung.de\\\/cms\\\/#organization\"},\"image\":{\"@id\":\"https:\\\/\\\/www.jazzzeitung.de\\\/cms\\\/2020\\\/03\\\/heinrich-von-kalnein-moebius-strip\\\/#primaryimage\"},\"thumbnailUrl\":\"https:\\\/\\\/i0.wp.com\\\/www.jazzzeitung.de\\\/cms\\\/wp-content\\\/uploads\\\/2020\\\/03\\\/cover_HvK-M%C5%93biusStrip.jpg?fit=1500%2C1500&ssl=1\",\"keywords\":[\"2020\",\"Bass\",\"Birdland\",\"CD\",\"Domicil\",\"Dortmund\",\"D\u00fcsseldorf\",\"Freejazz\",\"Jazz\",\"Joachim K\u00fchn\",\"Live\",\"Lukas K\u00f6nig\",\"Neuburg\",\"Pianisten\",\"Schlagzeuger\",\"Stefan Pieper\",\"Stuttgart\",\"Workshop\"],\"articleSection\":[\"Rezension\"],\"inLanguage\":\"de\",\"potentialAction\":[{\"@type\":\"CommentAction\",\"name\":\"Comment\",\"target\":[\"https:\\\/\\\/www.jazzzeitung.de\\\/cms\\\/2020\\\/03\\\/heinrich-von-kalnein-moebius-strip\\\/#respond\"]}]},{\"@type\":\"WebPage\",\"@id\":\"https:\\\/\\\/www.jazzzeitung.de\\\/cms\\\/2020\\\/03\\\/heinrich-von-kalnein-moebius-strip\\\/\",\"url\":\"https:\\\/\\\/www.jazzzeitung.de\\\/cms\\\/2020\\\/03\\\/heinrich-von-kalnein-moebius-strip\\\/\",\"name\":\"Heinrich von Kalnein: M\u00f6bius Strip - JazzZeitung\",\"isPartOf\":{\"@id\":\"https:\\\/\\\/www.jazzzeitung.de\\\/cms\\\/#website\"},\"primaryImageOfPage\":{\"@id\":\"https:\\\/\\\/www.jazzzeitung.de\\\/cms\\\/2020\\\/03\\\/heinrich-von-kalnein-moebius-strip\\\/#primaryimage\"},\"image\":{\"@id\":\"https:\\\/\\\/www.jazzzeitung.de\\\/cms\\\/2020\\\/03\\\/heinrich-von-kalnein-moebius-strip\\\/#primaryimage\"},\"thumbnailUrl\":\"https:\\\/\\\/i0.wp.com\\\/www.jazzzeitung.de\\\/cms\\\/wp-content\\\/uploads\\\/2020\\\/03\\\/cover_HvK-M%C5%93biusStrip.jpg?fit=1500%2C1500&ssl=1\",\"datePublished\":\"2020-03-19T11:01:12+00:00\",\"breadcrumb\":{\"@id\":\"https:\\\/\\\/www.jazzzeitung.de\\\/cms\\\/2020\\\/03\\\/heinrich-von-kalnein-moebius-strip\\\/#breadcrumb\"},\"inLanguage\":\"de\",\"potentialAction\":[{\"@type\":\"ReadAction\",\"target\":[\"https:\\\/\\\/www.jazzzeitung.de\\\/cms\\\/2020\\\/03\\\/heinrich-von-kalnein-moebius-strip\\\/\"]}]},{\"@type\":\"ImageObject\",\"inLanguage\":\"de\",\"@id\":\"https:\\\/\\\/www.jazzzeitung.de\\\/cms\\\/2020\\\/03\\\/heinrich-von-kalnein-moebius-strip\\\/#primaryimage\",\"url\":\"https:\\\/\\\/i0.wp.com\\\/www.jazzzeitung.de\\\/cms\\\/wp-content\\\/uploads\\\/2020\\\/03\\\/cover_HvK-M%C5%93biusStrip.jpg?fit=1500%2C1500&ssl=1\",\"contentUrl\":\"https:\\\/\\\/i0.wp.com\\\/www.jazzzeitung.de\\\/cms\\\/wp-content\\\/uploads\\\/2020\\\/03\\\/cover_HvK-M%C5%93biusStrip.jpg?fit=1500%2C1500&ssl=1\",\"width\":1500,\"height\":1500},{\"@type\":\"BreadcrumbList\",\"@id\":\"https:\\\/\\\/www.jazzzeitung.de\\\/cms\\\/2020\\\/03\\\/heinrich-von-kalnein-moebius-strip\\\/#breadcrumb\",\"itemListElement\":[{\"@type\":\"ListItem\",\"position\":1,\"name\":\"Startseite\",\"item\":\"https:\\\/\\\/www.jazzzeitung.de\\\/cms\\\/\"},{\"@type\":\"ListItem\",\"position\":2,\"name\":\"Heinrich von Kalnein: M\u00f6bius Strip\"}]},{\"@type\":\"WebSite\",\"@id\":\"https:\\\/\\\/www.jazzzeitung.de\\\/cms\\\/#website\",\"url\":\"https:\\\/\\\/www.jazzzeitung.de\\\/cms\\\/\",\"name\":\"JazzZeitung\",\"description\":\"Jazz-News und Jazz-Kontroverses\",\"publisher\":{\"@id\":\"https:\\\/\\\/www.jazzzeitung.de\\\/cms\\\/#organization\"},\"potentialAction\":[{\"@type\":\"SearchAction\",\"target\":{\"@type\":\"EntryPoint\",\"urlTemplate\":\"https:\\\/\\\/www.jazzzeitung.de\\\/cms\\\/?s={search_term_string}\"},\"query-input\":{\"@type\":\"PropertyValueSpecification\",\"valueRequired\":true,\"valueName\":\"search_term_string\"}}],\"inLanguage\":\"de\"},{\"@type\":\"Organization\",\"@id\":\"https:\\\/\\\/www.jazzzeitung.de\\\/cms\\\/#organization\",\"name\":\"JazzZeitung online\",\"url\":\"https:\\\/\\\/www.jazzzeitung.de\\\/cms\\\/\",\"logo\":{\"@type\":\"ImageObject\",\"inLanguage\":\"de\",\"@id\":\"https:\\\/\\\/www.jazzzeitung.de\\\/cms\\\/#\\\/schema\\\/logo\\\/image\\\/\",\"url\":\"https:\\\/\\\/i0.wp.com\\\/www.jazzzeitung.de\\\/cms\\\/wp-content\\\/uploads\\\/2015\\\/08\\\/JAZZZEITUNGDE_Logo_Neu.png?fit=499%2C200&ssl=1\",\"contentUrl\":\"https:\\\/\\\/i0.wp.com\\\/www.jazzzeitung.de\\\/cms\\\/wp-content\\\/uploads\\\/2015\\\/08\\\/JAZZZEITUNGDE_Logo_Neu.png?fit=499%2C200&ssl=1\",\"width\":499,\"height\":200,\"caption\":\"JazzZeitung online\"},\"image\":{\"@id\":\"https:\\\/\\\/www.jazzzeitung.de\\\/cms\\\/#\\\/schema\\\/logo\\\/image\\\/\"},\"sameAs\":[\"https:\\\/\\\/www.facebook.com\\\/JazzZeitung\\\/\"]},{\"@type\":\"Person\",\"@id\":\"https:\\\/\\\/www.jazzzeitung.de\\\/cms\\\/#\\\/schema\\\/person\\\/2245b36b9cd1d24cea10f01c031fb92b\",\"name\":\"Redaktion JazzZeitung\",\"image\":{\"@type\":\"ImageObject\",\"inLanguage\":\"de\",\"@id\":\"https:\\\/\\\/i0.wp.com\\\/www.jazzzeitung.de\\\/cms\\\/wp-content\\\/uploads\\\/2015\\\/08\\\/JAZZZEITUNGDE_Logo_Neu.png?resize=96%2C96&ssl=159975dcacb611b5700bd619b5daf0a7a\",\"url\":\"https:\\\/\\\/i0.wp.com\\\/www.jazzzeitung.de\\\/cms\\\/wp-content\\\/uploads\\\/2015\\\/08\\\/JAZZZEITUNGDE_Logo_Neu.png?resize=96%2C96&ssl=1\",\"contentUrl\":\"https:\\\/\\\/i0.wp.com\\\/www.jazzzeitung.de\\\/cms\\\/wp-content\\\/uploads\\\/2015\\\/08\\\/JAZZZEITUNGDE_Logo_Neu.png?resize=96%2C96&ssl=1\",\"caption\":\"Redaktion JazzZeitung\"},\"description\":\"Artikel der Redaktion der JazzZeitung.\",\"sameAs\":[\"http:\\\/\\\/www.jazzzeitung.de\\\/cms\\\/\"],\"url\":\"https:\\\/\\\/www.jazzzeitung.de\\\/cms\\\/author\\\/redaktion\\\/\"}]}<\/script>\n<!-- \/ Yoast SEO plugin. -->","yoast_head_json":{"title":"Heinrich von Kalnein: M\u00f6bius Strip - JazzZeitung","robots":{"index":"index","follow":"follow","max-snippet":"max-snippet:-1","max-image-preview":"max-image-preview:large","max-video-preview":"max-video-preview:-1"},"canonical":"https:\/\/www.jazzzeitung.de\/cms\/2020\/03\/heinrich-von-kalnein-moebius-strip\/","og_locale":"de_DE","og_type":"article","og_title":"Heinrich von Kalnein: M\u00f6bius Strip - JazzZeitung","og_description":"Jeder aus\u00fcbende Musiker kennt Et\u00fcdenb\u00fccher: Jene systematisch aufbauenden Sammlungen, in denen in meist kleinen, reduzierten St\u00fccken bestimmte spielerische Probleme angegangen werden. Aber wenn gro\u00dfe Komponisten am Werk sind, gehen solche \u201eVersuchsanordnungen\u201c \u00fcber das rein technische weit hinaus und es entstehen gro\u00dfe k\u00fcnstlerische Sch\u00f6pfungen f\u00fcr die Ewigkeit. Jazz als freiere, improvisierte Praxis emanzipiert sich von jeder rigiden Systematik, wo es ums unmittelbare Spielen geht. Auf der neuen Doppel-CD des Saxofonisten Heinrich von Kalnein dr\u00e4ngen sich solche Gedanken dennoch auf. Nicht falsch verstehen: Der in Graz lebende Saxofonist, Bandleader, Komponist und P\u00e4dagoge w\u00fcrde wohl nie schn\u00f6de Techniket\u00fcden ver\u00f6ffentlichen. Aber das neue Release leistet sich eine fast schon enzyklop\u00e4dische Bandbreite, um die Vielfalt an musikalischen M\u00f6glichkeiten im Jazz zu bilanzieren. Volume 1 stellt die Individualit\u00e4t von Instrument und Musikerpers\u00f6nlichkeit heraus. Bemerkenswert ist der Entstehungsprozess dieser lupenrein klingenden Aufnahmen. Heinrich von Kalnein improvisierte n\u00e4mlich die meisten dieser St\u00fccke zun\u00e4chst allein f\u00fcr sich im Studio von Joachim K\u00fchn auf Ibiza, \u00fcbrigens auf pers\u00f6nliche Einladung des ber\u00fchmten Pianisten hin. Die Bassistin Gina Schwarz und der Drummer Lukas K\u00f6nig spielten sp\u00e4ter ihre eigenen Tracks dazu. Der Prolog ist ein einladendes Rezitativ. St\u00fcck &hellip;","og_url":"https:\/\/www.jazzzeitung.de\/cms\/2020\/03\/heinrich-von-kalnein-moebius-strip\/","og_site_name":"JazzZeitung","article_publisher":"https:\/\/www.facebook.com\/JazzZeitung\/","article_published_time":"2020-03-19T11:01:12+00:00","og_image":[{"width":1500,"height":1500,"url":"https:\/\/i0.wp.com\/www.jazzzeitung.de\/cms\/wp-content\/uploads\/2020\/03\/cover_HvK-M\u0153biusStrip.jpg?fit=1500%2C1500&ssl=1","type":"image\/jpeg"}],"author":"Redaktion JazzZeitung","schema":{"@context":"https:\/\/schema.org","@graph":[{"@type":"Article","@id":"https:\/\/www.jazzzeitung.de\/cms\/2020\/03\/heinrich-von-kalnein-moebius-strip\/#article","isPartOf":{"@id":"https:\/\/www.jazzzeitung.de\/cms\/2020\/03\/heinrich-von-kalnein-moebius-strip\/"},"author":{"name":"Redaktion JazzZeitung","@id":"https:\/\/www.jazzzeitung.de\/cms\/#\/schema\/person\/2245b36b9cd1d24cea10f01c031fb92b"},"headline":"Heinrich von Kalnein: M\u00f6bius Strip","datePublished":"2020-03-19T11:01:12+00:00","mainEntityOfPage":{"@id":"https:\/\/www.jazzzeitung.de\/cms\/2020\/03\/heinrich-von-kalnein-moebius-strip\/"},"wordCount":532,"commentCount":0,"publisher":{"@id":"https:\/\/www.jazzzeitung.de\/cms\/#organization"},"image":{"@id":"https:\/\/www.jazzzeitung.de\/cms\/2020\/03\/heinrich-von-kalnein-moebius-strip\/#primaryimage"},"thumbnailUrl":"https:\/\/i0.wp.com\/www.jazzzeitung.de\/cms\/wp-content\/uploads\/2020\/03\/cover_HvK-M%C5%93biusStrip.jpg?fit=1500%2C1500&ssl=1","keywords":["2020","Bass","Birdland","CD","Domicil","Dortmund","D\u00fcsseldorf","Freejazz","Jazz","Joachim K\u00fchn","Live","Lukas K\u00f6nig","Neuburg","Pianisten","Schlagzeuger","Stefan Pieper","Stuttgart","Workshop"],"articleSection":["Rezension"],"inLanguage":"de","potentialAction":[{"@type":"CommentAction","name":"Comment","target":["https:\/\/www.jazzzeitung.de\/cms\/2020\/03\/heinrich-von-kalnein-moebius-strip\/#respond"]}]},{"@type":"WebPage","@id":"https:\/\/www.jazzzeitung.de\/cms\/2020\/03\/heinrich-von-kalnein-moebius-strip\/","url":"https:\/\/www.jazzzeitung.de\/cms\/2020\/03\/heinrich-von-kalnein-moebius-strip\/","name":"Heinrich von Kalnein: M\u00f6bius Strip - JazzZeitung","isPartOf":{"@id":"https:\/\/www.jazzzeitung.de\/cms\/#website"},"primaryImageOfPage":{"@id":"https:\/\/www.jazzzeitung.de\/cms\/2020\/03\/heinrich-von-kalnein-moebius-strip\/#primaryimage"},"image":{"@id":"https:\/\/www.jazzzeitung.de\/cms\/2020\/03\/heinrich-von-kalnein-moebius-strip\/#primaryimage"},"thumbnailUrl":"https:\/\/i0.wp.com\/www.jazzzeitung.de\/cms\/wp-content\/uploads\/2020\/03\/cover_HvK-M%C5%93biusStrip.jpg?fit=1500%2C1500&ssl=1","datePublished":"2020-03-19T11:01:12+00:00","breadcrumb":{"@id":"https:\/\/www.jazzzeitung.de\/cms\/2020\/03\/heinrich-von-kalnein-moebius-strip\/#breadcrumb"},"inLanguage":"de","potentialAction":[{"@type":"ReadAction","target":["https:\/\/www.jazzzeitung.de\/cms\/2020\/03\/heinrich-von-kalnein-moebius-strip\/"]}]},{"@type":"ImageObject","inLanguage":"de","@id":"https:\/\/www.jazzzeitung.de\/cms\/2020\/03\/heinrich-von-kalnein-moebius-strip\/#primaryimage","url":"https:\/\/i0.wp.com\/www.jazzzeitung.de\/cms\/wp-content\/uploads\/2020\/03\/cover_HvK-M%C5%93biusStrip.jpg?fit=1500%2C1500&ssl=1","contentUrl":"https:\/\/i0.wp.com\/www.jazzzeitung.de\/cms\/wp-content\/uploads\/2020\/03\/cover_HvK-M%C5%93biusStrip.jpg?fit=1500%2C1500&ssl=1","width":1500,"height":1500},{"@type":"BreadcrumbList","@id":"https:\/\/www.jazzzeitung.de\/cms\/2020\/03\/heinrich-von-kalnein-moebius-strip\/#breadcrumb","itemListElement":[{"@type":"ListItem","position":1,"name":"Startseite","item":"https:\/\/www.jazzzeitung.de\/cms\/"},{"@type":"ListItem","position":2,"name":"Heinrich von Kalnein: M\u00f6bius Strip"}]},{"@type":"WebSite","@id":"https:\/\/www.jazzzeitung.de\/cms\/#website","url":"https:\/\/www.jazzzeitung.de\/cms\/","name":"JazzZeitung","description":"Jazz-News und Jazz-Kontroverses","publisher":{"@id":"https:\/\/www.jazzzeitung.de\/cms\/#organization"},"potentialAction":[{"@type":"SearchAction","target":{"@type":"EntryPoint","urlTemplate":"https:\/\/www.jazzzeitung.de\/cms\/?s={search_term_string}"},"query-input":{"@type":"PropertyValueSpecification","valueRequired":true,"valueName":"search_term_string"}}],"inLanguage":"de"},{"@type":"Organization","@id":"https:\/\/www.jazzzeitung.de\/cms\/#organization","name":"JazzZeitung online","url":"https:\/\/www.jazzzeitung.de\/cms\/","logo":{"@type":"ImageObject","inLanguage":"de","@id":"https:\/\/www.jazzzeitung.de\/cms\/#\/schema\/logo\/image\/","url":"https:\/\/i0.wp.com\/www.jazzzeitung.de\/cms\/wp-content\/uploads\/2015\/08\/JAZZZEITUNGDE_Logo_Neu.png?fit=499%2C200&ssl=1","contentUrl":"https:\/\/i0.wp.com\/www.jazzzeitung.de\/cms\/wp-content\/uploads\/2015\/08\/JAZZZEITUNGDE_Logo_Neu.png?fit=499%2C200&ssl=1","width":499,"height":200,"caption":"JazzZeitung online"},"image":{"@id":"https:\/\/www.jazzzeitung.de\/cms\/#\/schema\/logo\/image\/"},"sameAs":["https:\/\/www.facebook.com\/JazzZeitung\/"]},{"@type":"Person","@id":"https:\/\/www.jazzzeitung.de\/cms\/#\/schema\/person\/2245b36b9cd1d24cea10f01c031fb92b","name":"Redaktion JazzZeitung","image":{"@type":"ImageObject","inLanguage":"de","@id":"https:\/\/i0.wp.com\/www.jazzzeitung.de\/cms\/wp-content\/uploads\/2015\/08\/JAZZZEITUNGDE_Logo_Neu.png?resize=96%2C96&ssl=159975dcacb611b5700bd619b5daf0a7a","url":"https:\/\/i0.wp.com\/www.jazzzeitung.de\/cms\/wp-content\/uploads\/2015\/08\/JAZZZEITUNGDE_Logo_Neu.png?resize=96%2C96&ssl=1","contentUrl":"https:\/\/i0.wp.com\/www.jazzzeitung.de\/cms\/wp-content\/uploads\/2015\/08\/JAZZZEITUNGDE_Logo_Neu.png?resize=96%2C96&ssl=1","caption":"Redaktion JazzZeitung"},"description":"Artikel der Redaktion der JazzZeitung.","sameAs":["http:\/\/www.jazzzeitung.de\/cms\/"],"url":"https:\/\/www.jazzzeitung.de\/cms\/author\/redaktion\/"}]}},"wp-worthy-pixel":{"ignored":false,"public":null,"server":null,"url":null},"wp-worthy-type":"normal","jetpack_publicize_connections":[],"cc_featured_image_caption":{"caption_text":"","source_text":"","source_url":""},"jetpack_featured_media_url":"https:\/\/i0.wp.com\/www.jazzzeitung.de\/cms\/wp-content\/uploads\/2020\/03\/cover_HvK-M%C5%93biusStrip.jpg?fit=1500%2C1500&ssl=1","jetpack_shortlink":"https:\/\/wp.me\/p3KEcT-5Ly","jetpack-related-posts":[{"id":29469,"url":"https:\/\/www.jazzzeitung.de\/cms\/2023\/05\/news-auftakt-des-festivalsommers-mit-der-jazz-rally-duesseldorf-hildener-jazztage-laden-ein-jazz-am-strand-bei-jazzbaltica\/","url_meta":{"origin":22168,"position":0},"title":"News: +++ Auftakt des Festivalsommers mit der Jazz Rally D\u00fcsseldorf +++ Hildener Jazztage laden ein +++ Jazz am Strand bei JazzBaltica +++","author":"Redaktion JazzZeitung","date":"26. Mai 2023","format":false,"excerpt":"+++ Auftakt des Festivalsommers mit der Jazz Rally D\u00fcsseldorf +++ \u00dcber 60 Konzerte beleben vom 26. bis 28. Mai im Rahmen der 29. schauinsland-reisen Jazz Rally die D\u00fcsseldorfer Innenstadt. Dreh- und Angelpunkt ist in diesem Jahr erstmalig die Rheinterrasse, wo insgesamt zehn Konzerte stattfinden. Dieser Standort \u00fcberzeugt mit zwei B\u00fchnen,\u2026","rel":"","context":"In &quot;News&quot;","block_context":{"text":"News","link":"https:\/\/www.jazzzeitung.de\/cms\/thema\/nachrichten\/"},"img":{"alt_text":"","src":"https:\/\/i0.wp.com\/www.jazzzeitung.de\/cms\/wp-content\/uploads\/2023\/05\/Culcha-Candela-1-Kopie-scaled.jpg?fit=1200%2C800&ssl=1&resize=350%2C200","width":350,"height":200,"srcset":"https:\/\/i0.wp.com\/www.jazzzeitung.de\/cms\/wp-content\/uploads\/2023\/05\/Culcha-Candela-1-Kopie-scaled.jpg?fit=1200%2C800&ssl=1&resize=350%2C200 1x, https:\/\/i0.wp.com\/www.jazzzeitung.de\/cms\/wp-content\/uploads\/2023\/05\/Culcha-Candela-1-Kopie-scaled.jpg?fit=1200%2C800&ssl=1&resize=525%2C300 1.5x, https:\/\/i0.wp.com\/www.jazzzeitung.de\/cms\/wp-content\/uploads\/2023\/05\/Culcha-Candela-1-Kopie-scaled.jpg?fit=1200%2C800&ssl=1&resize=700%2C400 2x, https:\/\/i0.wp.com\/www.jazzzeitung.de\/cms\/wp-content\/uploads\/2023\/05\/Culcha-Candela-1-Kopie-scaled.jpg?fit=1200%2C800&ssl=1&resize=1050%2C600 3x"},"classes":[]},{"id":28924,"url":"https:\/\/www.jazzzeitung.de\/cms\/2023\/01\/news-nicole-johaenntgen-jazzahead-huerth\/","url_meta":{"origin":22168,"position":1},"title":"News: +++ Joh\u00e4nntgen gewinnt Kunstpreis +++ jazzahead! Line-Up ist final +++\u00a0H\u00fcrth Jahresprogramm +++","author":"Redaktion JazzZeitung","date":"18. Januar 2023","format":false,"excerpt":"+++ Nicole Joh\u00e4nntgen: Kunstpreis des Saarlandes geht zum ersten mal an Jazzmusikerin +++ Nicole Joh\u00e4nntgen wurde der Kunstpreis des Saarlandes verliehen. Der mit 7.500 Euro dotierte Preis wird seit 1959 alle zwei Jahre in wechselnden Sparten (Musik, Literatur und Bildende Kunst) verliehen. Laut Saarl\u00e4ndischem Rundfunk habe die Jazz-Saxophonistin die Jury\u2026","rel":"","context":"In &quot;News&quot;","block_context":{"text":"News","link":"https:\/\/www.jazzzeitung.de\/cms\/thema\/nachrichten\/"},"img":{"alt_text":"","src":"https:\/\/i0.wp.com\/www.jazzzeitung.de\/cms\/wp-content\/uploads\/2023\/01\/nicole-johaenntgen-trammuseum-001-5120006.jpg?fit=1200%2C800&ssl=1&resize=350%2C200","width":350,"height":200,"srcset":"https:\/\/i0.wp.com\/www.jazzzeitung.de\/cms\/wp-content\/uploads\/2023\/01\/nicole-johaenntgen-trammuseum-001-5120006.jpg?fit=1200%2C800&ssl=1&resize=350%2C200 1x, https:\/\/i0.wp.com\/www.jazzzeitung.de\/cms\/wp-content\/uploads\/2023\/01\/nicole-johaenntgen-trammuseum-001-5120006.jpg?fit=1200%2C800&ssl=1&resize=525%2C300 1.5x, https:\/\/i0.wp.com\/www.jazzzeitung.de\/cms\/wp-content\/uploads\/2023\/01\/nicole-johaenntgen-trammuseum-001-5120006.jpg?fit=1200%2C800&ssl=1&resize=700%2C400 2x, https:\/\/i0.wp.com\/www.jazzzeitung.de\/cms\/wp-content\/uploads\/2023\/01\/nicole-johaenntgen-trammuseum-001-5120006.jpg?fit=1200%2C800&ssl=1&resize=1050%2C600 3x"},"classes":[]},{"id":26844,"url":"https:\/\/www.jazzzeitung.de\/cms\/2022\/03\/julia-huelsmann-trio-eroeffnet-die-12-konzert-competition-bmw-welt-jazz-award\/","url_meta":{"origin":22168,"position":2},"title":"Julia H\u00fclsmann Trio er\u00f6ffnet die 12. Konzert-Competition BMW Welt Jazz Award","author":"Redaktion JazzZeitung","date":"9. M\u00e4rz 2022","format":false,"excerpt":"Mit viel Liebe zum motivischen Detail er\u00f6ffnete das Julia H\u00fclsmann Trio die neue Runde des BMW-Welt Jazz Award. Nach der Corona-Zwangspause wollte man 2022 befreit wieder neustarten, die aktuelle politische Lage sorgte allerdings f\u00fcr eine entsprechend ged\u00e4mpfte Stimmung bei allen Teilnehmern. Das Konzert war gut besucht, die ber\u00fchmte Schlange vor\u2026","rel":"","context":"In &quot;Bericht&quot;","block_context":{"text":"Bericht","link":"https:\/\/www.jazzzeitung.de\/cms\/thema\/bericht\/"},"img":{"alt_text":"","src":"https:\/\/i0.wp.com\/www.jazzzeitung.de\/cms\/wp-content\/uploads\/2022\/03\/P1688409-Huelsman-Trio-Foto-TJ-Krebs.jpg?fit=1200%2C800&ssl=1&resize=350%2C200","width":350,"height":200,"srcset":"https:\/\/i0.wp.com\/www.jazzzeitung.de\/cms\/wp-content\/uploads\/2022\/03\/P1688409-Huelsman-Trio-Foto-TJ-Krebs.jpg?fit=1200%2C800&ssl=1&resize=350%2C200 1x, https:\/\/i0.wp.com\/www.jazzzeitung.de\/cms\/wp-content\/uploads\/2022\/03\/P1688409-Huelsman-Trio-Foto-TJ-Krebs.jpg?fit=1200%2C800&ssl=1&resize=525%2C300 1.5x, https:\/\/i0.wp.com\/www.jazzzeitung.de\/cms\/wp-content\/uploads\/2022\/03\/P1688409-Huelsman-Trio-Foto-TJ-Krebs.jpg?fit=1200%2C800&ssl=1&resize=700%2C400 2x, https:\/\/i0.wp.com\/www.jazzzeitung.de\/cms\/wp-content\/uploads\/2022\/03\/P1688409-Huelsman-Trio-Foto-TJ-Krebs.jpg?fit=1200%2C800&ssl=1&resize=1050%2C600 3x"},"classes":[]},{"id":7935,"url":"https:\/\/www.jazzzeitung.de\/cms\/2015\/12\/jazz-deutschland-ein-filmprojekt\/","url_meta":{"origin":22168,"position":3},"title":"Wie der Jazz nach Deutschland kam: ein Filmprojekt","author":"Redaktion JazzZeitung","date":"12. Dezember 2015","format":false,"excerpt":"Die Filmemacher Andreas Heinrich und Reinhard Kungel von rk-film arbeiten an einem Dokumentarfilm \u00fcber Anfang und Verbreitung des Jazz in Deutschland. Einen ersten Eindruck vermittelt ihr Trailer, der auf folgender Internet-Seite frei zug\u00e4nglich ist: http:\/\/jazz2germany.de In der Finanzierung ihres Projektes gehen die Filmemacher neue Wege. Gemeinsam mit der Internetplattform Startnext\u2026","rel":"","context":"In &quot;Bericht&quot;","block_context":{"text":"Bericht","link":"https:\/\/www.jazzzeitung.de\/cms\/thema\/bericht\/"},"img":{"alt_text":"Jazz_Titelfoto_3","src":"https:\/\/i0.wp.com\/www.jazzzeitung.de\/cms\/wp-content\/uploads\/2015\/12\/Jazz_Titelfoto_3-150x150.jpg?resize=350%2C200","width":350,"height":200},"classes":[]},{"id":14209,"url":"https:\/\/www.jazzzeitung.de\/cms\/2017\/11\/die-jazz-radiowoche-vom-13-11-bis-19-11-2017\/","url_meta":{"origin":22168,"position":4},"title":"Die Jazz-Radiowoche vom 13.11. bis 19.11.2017","author":"Martin Hufner","date":"12. November 2017","format":false,"excerpt":"Ein subjektiver Blick in die Jazzwoche 46 im Radio. Unter anderem: Mose Allison 90, Jazz at Berlin Philharmonic - \"BIX\", Michael Kiwanuka, Dave-Brubeck-Quartett von 1951-1967, Junger M\u00fcnchner Jazzpreises 2017, SWR NEWJazz Meeting, Hamilton de Holanda, Orchester Kurt Edelhagen, Maria Baptist, Kevin Eubanks, NUEJAZZ Festival, Charlie Parker, hr-Bigband in Darmstadt, Michael\u2026","rel":"","context":"In &quot;Radio&quot;","block_context":{"text":"Radio","link":"https:\/\/www.jazzzeitung.de\/cms\/thema\/radio\/"},"img":{"alt_text":"Jazz im Radio","src":"https:\/\/i0.wp.com\/www.jazzzeitung.de\/cms\/wp-content\/uploads\/2017\/10\/radio-jazz-neu.jpg?fit=1200%2C900&ssl=1&resize=350%2C200","width":350,"height":200,"srcset":"https:\/\/i0.wp.com\/www.jazzzeitung.de\/cms\/wp-content\/uploads\/2017\/10\/radio-jazz-neu.jpg?fit=1200%2C900&ssl=1&resize=350%2C200 1x, https:\/\/i0.wp.com\/www.jazzzeitung.de\/cms\/wp-content\/uploads\/2017\/10\/radio-jazz-neu.jpg?fit=1200%2C900&ssl=1&resize=525%2C300 1.5x, https:\/\/i0.wp.com\/www.jazzzeitung.de\/cms\/wp-content\/uploads\/2017\/10\/radio-jazz-neu.jpg?fit=1200%2C900&ssl=1&resize=700%2C400 2x, https:\/\/i0.wp.com\/www.jazzzeitung.de\/cms\/wp-content\/uploads\/2017\/10\/radio-jazz-neu.jpg?fit=1200%2C900&ssl=1&resize=1050%2C600 3x"},"classes":[]},{"id":15365,"url":"https:\/\/www.jazzzeitung.de\/cms\/2018\/03\/cd-rezension-boris-bell-sacred-drums\/","url_meta":{"origin":22168,"position":5},"title":"CD-Rezension: Boris Bell \u2013 Sacred Drums","author":"Redaktion JazzZeitung","date":"23. M\u00e4rz 2018","format":false,"excerpt":"Hinh\u00f6r-Musik mit dem Gestus der Weisheit: Boris Bell ver\u00f6ffentlicht seine Solo-Platte \u00bbSacred Drums\u00ab auf EJK-Records Schlagzeug-Soli gibt es im Jazz schier unendlich viele. Langspielplatten oder CDs mit ausschlie\u00dflich solchen Soli, meist aus verschiedenen Aufnahmen zusammengestellt, schon deutlich weniger. Und noch seltener solche, die direkt als Perkussions-Solo-Platten konzipiert sind. Von Klassikern\u2026","rel":"","context":"In &quot;News&quot;","block_context":{"text":"News","link":"https:\/\/www.jazzzeitung.de\/cms\/thema\/nachrichten\/"},"img":{"alt_text":"","src":"https:\/\/i0.wp.com\/www.jazzzeitung.de\/cms\/wp-content\/uploads\/2018\/03\/Cover-mit-wei%C3%9F-e1510825247737-3.jpg?fit=995%2C679&ssl=1&resize=350%2C200","width":350,"height":200,"srcset":"https:\/\/i0.wp.com\/www.jazzzeitung.de\/cms\/wp-content\/uploads\/2018\/03\/Cover-mit-wei%C3%9F-e1510825247737-3.jpg?fit=995%2C679&ssl=1&resize=350%2C200 1x, https:\/\/i0.wp.com\/www.jazzzeitung.de\/cms\/wp-content\/uploads\/2018\/03\/Cover-mit-wei%C3%9F-e1510825247737-3.jpg?fit=995%2C679&ssl=1&resize=525%2C300 1.5x, https:\/\/i0.wp.com\/www.jazzzeitung.de\/cms\/wp-content\/uploads\/2018\/03\/Cover-mit-wei%C3%9F-e1510825247737-3.jpg?fit=995%2C679&ssl=1&resize=700%2C400 2x"},"classes":[]}],"jetpack_sharing_enabled":true,"_links":{"self":[{"href":"https:\/\/www.jazzzeitung.de\/cms\/wp-json\/wp\/v2\/posts\/22168","targetHints":{"allow":["GET"]}}],"collection":[{"href":"https:\/\/www.jazzzeitung.de\/cms\/wp-json\/wp\/v2\/posts"}],"about":[{"href":"https:\/\/www.jazzzeitung.de\/cms\/wp-json\/wp\/v2\/types\/post"}],"author":[{"embeddable":true,"href":"https:\/\/www.jazzzeitung.de\/cms\/wp-json\/wp\/v2\/users\/18"}],"replies":[{"embeddable":true,"href":"https:\/\/www.jazzzeitung.de\/cms\/wp-json\/wp\/v2\/comments?post=22168"}],"version-history":[{"count":2,"href":"https:\/\/www.jazzzeitung.de\/cms\/wp-json\/wp\/v2\/posts\/22168\/revisions"}],"predecessor-version":[{"id":22171,"href":"https:\/\/www.jazzzeitung.de\/cms\/wp-json\/wp\/v2\/posts\/22168\/revisions\/22171"}],"wp:featuredmedia":[{"embeddable":true,"href":"https:\/\/www.jazzzeitung.de\/cms\/wp-json\/wp\/v2\/media\/22170"}],"wp:attachment":[{"href":"https:\/\/www.jazzzeitung.de\/cms\/wp-json\/wp\/v2\/media?parent=22168"}],"wp:term":[{"taxonomy":"category","embeddable":true,"href":"https:\/\/www.jazzzeitung.de\/cms\/wp-json\/wp\/v2\/categories?post=22168"},{"taxonomy":"post_tag","embeddable":true,"href":"https:\/\/www.jazzzeitung.de\/cms\/wp-json\/wp\/v2\/tags?post=22168"},{"taxonomy":"author","embeddable":true,"href":"https:\/\/www.jazzzeitung.de\/cms\/wp-json\/wp\/v2\/coauthors?post=22168"}],"curies":[{"name":"wp","href":"https:\/\/api.w.org\/{rel}","templated":true}]}}