{"id":22137,"date":"2020-03-12T09:06:40","date_gmt":"2020-03-12T08:06:40","guid":{"rendered":"https:\/\/www.jazzzeitung.de\/cms\/?p=22137"},"modified":"2021-01-07T10:38:37","modified_gmt":"2021-01-07T09:38:37","slug":"der-news-ticker-der-nmz-zu-coronavirus-und-musikleben","status":"publish","type":"post","link":"https:\/\/www.jazzzeitung.de\/cms\/2020\/03\/der-news-ticker-der-nmz-zu-coronavirus-und-musikleben\/","title":{"rendered":"Der News-Ticker der nmz zu Coronavirus und Musikleben"},"content":{"rendered":"<p>In der <a href=\"https:\/\/www.nmz.de\">neuen musikzeitung<\/a> informieren wir Sie aktuell \u00fcber den Stand in Sachen Auswirkungen der Coronavirus-Pandemie auf das Musik- und Kulturleben.<\/p>\n<p>Die letzten 10 aktuellen Nachrichten zum <a href=\"https:\/\/www.nmz.de\/tags\/coronavirus\">Stichwort &#8222;Coronavirus&#8220;<\/a>:<\/p>\n<figure id=\"attachment_22138\" aria-describedby=\"caption-attachment-22138\" style=\"width: 718px\" class=\"wp-caption alignnone\"><a href=\"https:\/\/i0.wp.com\/www.jazzzeitung.de\/cms\/wp-content\/uploads\/2020\/03\/nmz_corona_ticker_website.jpg?ssl=1\"><img data-recalc-dims=\"1\" loading=\"lazy\" decoding=\"async\" data-attachment-id=\"22138\" data-permalink=\"https:\/\/www.jazzzeitung.de\/cms\/2020\/03\/der-news-ticker-der-nmz-zu-coronavirus-und-musikleben\/nmz_corona_ticker_website\/\" data-orig-file=\"https:\/\/i0.wp.com\/www.jazzzeitung.de\/cms\/wp-content\/uploads\/2020\/03\/nmz_corona_ticker_website.jpg?fit=718%2C90&amp;ssl=1\" data-orig-size=\"718,90\" data-comments-opened=\"1\" data-image-meta=\"{&quot;aperture&quot;:&quot;0&quot;,&quot;credit&quot;:&quot;&quot;,&quot;camera&quot;:&quot;&quot;,&quot;caption&quot;:&quot;&quot;,&quot;created_timestamp&quot;:&quot;0&quot;,&quot;copyright&quot;:&quot;&quot;,&quot;focal_length&quot;:&quot;0&quot;,&quot;iso&quot;:&quot;0&quot;,&quot;shutter_speed&quot;:&quot;0&quot;,&quot;title&quot;:&quot;&quot;,&quot;orientation&quot;:&quot;0&quot;}\" data-image-title=\"der nmz-ticker zum stand corona-pandemie\" data-image-description=\"&lt;p&gt;der nmz-ticker zum stand corona-pandemie&lt;\/p&gt;\n\" data-image-caption=\"&lt;p&gt;der nmz-ticker zum stand corona-pandemie&lt;\/p&gt;\n\" data-large-file=\"https:\/\/i0.wp.com\/www.jazzzeitung.de\/cms\/wp-content\/uploads\/2020\/03\/nmz_corona_ticker_website.jpg?fit=718%2C90&amp;ssl=1\" class=\"wp-image-22138 size-full\" src=\"https:\/\/i0.wp.com\/www.jazzzeitung.de\/cms\/wp-content\/uploads\/2020\/03\/nmz_corona_ticker_website.jpg?resize=718%2C90&#038;ssl=1\" alt=\"der nmz-ticker zum stand corona-pandemie\" width=\"718\" height=\"90\" srcset=\"https:\/\/i0.wp.com\/www.jazzzeitung.de\/cms\/wp-content\/uploads\/2020\/03\/nmz_corona_ticker_website.jpg?w=718&amp;ssl=1 718w, https:\/\/i0.wp.com\/www.jazzzeitung.de\/cms\/wp-content\/uploads\/2020\/03\/nmz_corona_ticker_website.jpg?resize=300%2C38&amp;ssl=1 300w\" sizes=\"auto, (max-width: 718px) 100vw, 718px\" \/><\/a><figcaption id=\"caption-attachment-22138\" class=\"wp-caption-text\">der nmz-ticker zum stand corona-pandemie<\/figcaption><\/figure>\n<p>[feedzy-rss feeds=&#8220;https:\/\/www.nmz.de\/taxonomy\/term\/41376\/0\/feed&#8220; max=&#8220;10&#8243; offset=&#8220;0&#8243; feed_title=&#8220;no&#8220; refresh=&#8220;1_hours&#8220; meta=&#8220;date, time&#8220; summary=&#8220;yes&#8220; summarylength=&#8220;260&#8243; http=&#8220;force&#8220; ]<\/p>\n<p>Ein nmz-newsletter informiert Sie \u00fcbrigens unter der Woche t\u00e4glich \u00fcber Bewegungen im Musik- und Kulturleben. <a href=\"https:\/\/service.conbrio.de\/service\/newsletter\/\">Kostenlos abonnieren<\/a>.<\/p>\n<figure id=\"attachment_22139\" aria-describedby=\"caption-attachment-22139\" style=\"width: 840px\" class=\"wp-caption alignnone\"><a href=\"https:\/\/service.conbrio.de\/service\/newsletter\/\"><img data-recalc-dims=\"1\" loading=\"lazy\" decoding=\"async\" data-attachment-id=\"22139\" data-permalink=\"https:\/\/www.jazzzeitung.de\/cms\/2020\/03\/der-news-ticker-der-nmz-zu-coronavirus-und-musikleben\/newsletter_nmz_2200_1600px\/\" data-orig-file=\"https:\/\/i0.wp.com\/www.jazzzeitung.de\/cms\/wp-content\/uploads\/2020\/03\/newsletter_nmz_2200_1600px.jpg?fit=2200%2C1600&amp;ssl=1\" data-orig-size=\"2200,1600\" data-comments-opened=\"1\" data-image-meta=\"{&quot;aperture&quot;:&quot;0&quot;,&quot;credit&quot;:&quot;&quot;,&quot;camera&quot;:&quot;&quot;,&quot;caption&quot;:&quot;&quot;,&quot;created_timestamp&quot;:&quot;0&quot;,&quot;copyright&quot;:&quot;&quot;,&quot;focal_length&quot;:&quot;0&quot;,&quot;iso&quot;:&quot;0&quot;,&quot;shutter_speed&quot;:&quot;0&quot;,&quot;title&quot;:&quot;&quot;,&quot;orientation&quot;:&quot;0&quot;}\" data-image-title=\"Newsletter nmz\" data-image-description=\"\" data-image-caption=\"&lt;p&gt;Newsletter nmz&lt;\/p&gt;\n\" data-large-file=\"https:\/\/i0.wp.com\/www.jazzzeitung.de\/cms\/wp-content\/uploads\/2020\/03\/newsletter_nmz_2200_1600px.jpg?fit=825%2C600&amp;ssl=1\" class=\"wp-image-22139 size-post-thumbnail\" src=\"https:\/\/i0.wp.com\/www.jazzzeitung.de\/cms\/wp-content\/uploads\/2020\/03\/newsletter_nmz_2200_1600px.jpg?resize=840%2C525&#038;ssl=1\" alt=\"\" width=\"840\" height=\"525\" srcset=\"https:\/\/i0.wp.com\/www.jazzzeitung.de\/cms\/wp-content\/uploads\/2020\/03\/newsletter_nmz_2200_1600px.jpg?resize=840%2C525&amp;ssl=1 840w, https:\/\/i0.wp.com\/www.jazzzeitung.de\/cms\/wp-content\/uploads\/2020\/03\/newsletter_nmz_2200_1600px.jpg?resize=280%2C175&amp;ssl=1 280w, https:\/\/i0.wp.com\/www.jazzzeitung.de\/cms\/wp-content\/uploads\/2020\/03\/newsletter_nmz_2200_1600px.jpg?resize=600%2C375&amp;ssl=1 600w, https:\/\/i0.wp.com\/www.jazzzeitung.de\/cms\/wp-content\/uploads\/2020\/03\/newsletter_nmz_2200_1600px.jpg?resize=400%2C250&amp;ssl=1 400w, https:\/\/i0.wp.com\/www.jazzzeitung.de\/cms\/wp-content\/uploads\/2020\/03\/newsletter_nmz_2200_1600px.jpg?zoom=2&amp;resize=840%2C525&amp;ssl=1 1680w\" sizes=\"auto, (max-width: 840px) 100vw, 840px\" \/><\/a><figcaption id=\"caption-attachment-22139\" class=\"wp-caption-text\">Newsletter nmz<\/figcaption><\/figure>\n<p>&nbsp;<\/p>\n","protected":false},"excerpt":{"rendered":"<p>In der neuen musikzeitung informieren wir Sie aktuell \u00fcber den Stand in Sachen Auswirkungen der Coronavirus-Pandemie auf das Musik- und Kulturleben. Die letzten 10 aktuellen Nachrichten zum Stichwort &#8222;Coronavirus&#8220;: [feedzy-rss feeds=&#8220;https:\/\/www.nmz.de\/taxonomy\/term\/41376\/0\/feed&#8220; max=&#8220;10&#8243; offset=&#8220;0&#8243; feed_title=&#8220;no&#8220; refresh=&#8220;1_hours&#8220; meta=&#8220;date, time&#8220; summary=&#8220;yes&#8220; summarylength=&#8220;260&#8243; http=&#8220;force&#8220; ] Ein nmz-newsletter informiert Sie \u00fcbrigens unter der Woche t\u00e4glich \u00fcber Bewegungen im Musik- und Kulturleben. Kostenlos abonnieren. &nbsp;<\/p>\n","protected":false},"author":1,"featured_media":22139,"comment_status":"open","ping_status":"closed","sticky":false,"template":"","format":"standard","meta":{"_jetpack_memberships_contains_paid_content":false,"footnotes":"","jetpack_publicize_message":"","jetpack_publicize_feature_enabled":true,"jetpack_social_post_already_shared":false,"jetpack_social_options":{"image_generator_settings":{"template":"highway","default_image_id":0,"font":"","enabled":false},"version":2}},"categories":[633],"tags":[2941,2916,1951,1553,421],"coauthors":[650],"class_list":["post-22137","post","type-post","status-publish","format-standard","has-post-thumbnail","hentry","category-nachrichten","tag-corona","tag-coronavirus","tag-news","tag-newsletter","tag-nmz"],"yoast_head":"<!-- This site is optimized with the Yoast SEO plugin v27.5 - https:\/\/yoast.com\/product\/yoast-seo-wordpress\/ -->\n<title>Der News-Ticker der nmz zu Coronavirus und Musikleben - JazzZeitung<\/title>\n<meta name=\"robots\" content=\"index, follow, max-snippet:-1, max-image-preview:large, max-video-preview:-1\" \/>\n<link rel=\"canonical\" href=\"https:\/\/www.jazzzeitung.de\/cms\/2020\/03\/der-news-ticker-der-nmz-zu-coronavirus-und-musikleben\/\" \/>\n<meta property=\"og:locale\" content=\"de_DE\" \/>\n<meta property=\"og:type\" content=\"article\" \/>\n<meta property=\"og:title\" content=\"Der News-Ticker der nmz zu Coronavirus und Musikleben - JazzZeitung\" \/>\n<meta property=\"og:description\" content=\"In der neuen musikzeitung informieren wir Sie aktuell \u00fcber den Stand in Sachen Auswirkungen der Coronavirus-Pandemie auf das Musik- und Kulturleben. Die letzten 10 aktuellen Nachrichten zum Stichwort &#8222;Coronavirus&#8220;: [feedzy-rss feeds=&#8220;https:\/\/www.nmz.de\/taxonomy\/term\/41376\/0\/feed&#8220; max=&#8220;10&#8243; offset=&#8220;0&#8243; feed_title=&#8220;no&#8220; refresh=&#8220;1_hours&#8220; meta=&#8220;date, time&#8220; summary=&#8220;yes&#8220; summarylength=&#8220;260&#8243; http=&#8220;force&#8220; ] Ein nmz-newsletter informiert Sie \u00fcbrigens unter der Woche t\u00e4glich \u00fcber Bewegungen im Musik- und Kulturleben. Kostenlos abonnieren. &nbsp;\" \/>\n<meta property=\"og:url\" content=\"https:\/\/www.jazzzeitung.de\/cms\/2020\/03\/der-news-ticker-der-nmz-zu-coronavirus-und-musikleben\/\" \/>\n<meta property=\"og:site_name\" content=\"JazzZeitung\" \/>\n<meta property=\"article:publisher\" content=\"https:\/\/www.facebook.com\/JazzZeitung\/\" \/>\n<meta property=\"article:author\" content=\"https:\/\/www.facebook.com\/hufner\" \/>\n<meta property=\"article:published_time\" content=\"2020-03-12T08:06:40+00:00\" \/>\n<meta property=\"article:modified_time\" content=\"2021-01-07T09:38:37+00:00\" \/>\n<meta property=\"og:image\" content=\"https:\/\/i0.wp.com\/www.jazzzeitung.de\/cms\/wp-content\/uploads\/2020\/03\/newsletter_nmz_2200_1600px.jpg?fit=2200%2C1600&ssl=1\" \/>\n\t<meta property=\"og:image:width\" content=\"2200\" \/>\n\t<meta property=\"og:image:height\" content=\"1600\" \/>\n\t<meta property=\"og:image:type\" content=\"image\/jpeg\" \/>\n<meta name=\"author\" content=\"Martin Hufner\" \/>\n<script type=\"application\/ld+json\" class=\"yoast-schema-graph\">{\"@context\":\"https:\\\/\\\/schema.org\",\"@graph\":[{\"@type\":\"Article\",\"@id\":\"https:\\\/\\\/www.jazzzeitung.de\\\/cms\\\/2020\\\/03\\\/der-news-ticker-der-nmz-zu-coronavirus-und-musikleben\\\/#article\",\"isPartOf\":{\"@id\":\"https:\\\/\\\/www.jazzzeitung.de\\\/cms\\\/2020\\\/03\\\/der-news-ticker-der-nmz-zu-coronavirus-und-musikleben\\\/\"},\"author\":{\"name\":\"Martin Hufner\",\"@id\":\"https:\\\/\\\/www.jazzzeitung.de\\\/cms\\\/#\\\/schema\\\/person\\\/b9a4e5ac765d94fb8f617bfa8f1fc5f7\"},\"headline\":\"Der News-Ticker der nmz zu Coronavirus und Musikleben\",\"datePublished\":\"2020-03-12T08:06:40+00:00\",\"dateModified\":\"2021-01-07T09:38:37+00:00\",\"mainEntityOfPage\":{\"@id\":\"https:\\\/\\\/www.jazzzeitung.de\\\/cms\\\/2020\\\/03\\\/der-news-ticker-der-nmz-zu-coronavirus-und-musikleben\\\/\"},\"wordCount\":100,\"commentCount\":0,\"publisher\":{\"@id\":\"https:\\\/\\\/www.jazzzeitung.de\\\/cms\\\/#organization\"},\"image\":{\"@id\":\"https:\\\/\\\/www.jazzzeitung.de\\\/cms\\\/2020\\\/03\\\/der-news-ticker-der-nmz-zu-coronavirus-und-musikleben\\\/#primaryimage\"},\"thumbnailUrl\":\"https:\\\/\\\/i0.wp.com\\\/www.jazzzeitung.de\\\/cms\\\/wp-content\\\/uploads\\\/2020\\\/03\\\/newsletter_nmz_2200_1600px.jpg?fit=2200%2C1600&ssl=1\",\"keywords\":[\"Corona\",\"Coronavirus\",\"News\",\"Newsletter\",\"nmz\"],\"articleSection\":[\"News\"],\"inLanguage\":\"de\",\"potentialAction\":[{\"@type\":\"CommentAction\",\"name\":\"Comment\",\"target\":[\"https:\\\/\\\/www.jazzzeitung.de\\\/cms\\\/2020\\\/03\\\/der-news-ticker-der-nmz-zu-coronavirus-und-musikleben\\\/#respond\"]}]},{\"@type\":\"WebPage\",\"@id\":\"https:\\\/\\\/www.jazzzeitung.de\\\/cms\\\/2020\\\/03\\\/der-news-ticker-der-nmz-zu-coronavirus-und-musikleben\\\/\",\"url\":\"https:\\\/\\\/www.jazzzeitung.de\\\/cms\\\/2020\\\/03\\\/der-news-ticker-der-nmz-zu-coronavirus-und-musikleben\\\/\",\"name\":\"Der News-Ticker der nmz zu Coronavirus und Musikleben - JazzZeitung\",\"isPartOf\":{\"@id\":\"https:\\\/\\\/www.jazzzeitung.de\\\/cms\\\/#website\"},\"primaryImageOfPage\":{\"@id\":\"https:\\\/\\\/www.jazzzeitung.de\\\/cms\\\/2020\\\/03\\\/der-news-ticker-der-nmz-zu-coronavirus-und-musikleben\\\/#primaryimage\"},\"image\":{\"@id\":\"https:\\\/\\\/www.jazzzeitung.de\\\/cms\\\/2020\\\/03\\\/der-news-ticker-der-nmz-zu-coronavirus-und-musikleben\\\/#primaryimage\"},\"thumbnailUrl\":\"https:\\\/\\\/i0.wp.com\\\/www.jazzzeitung.de\\\/cms\\\/wp-content\\\/uploads\\\/2020\\\/03\\\/newsletter_nmz_2200_1600px.jpg?fit=2200%2C1600&ssl=1\",\"datePublished\":\"2020-03-12T08:06:40+00:00\",\"dateModified\":\"2021-01-07T09:38:37+00:00\",\"breadcrumb\":{\"@id\":\"https:\\\/\\\/www.jazzzeitung.de\\\/cms\\\/2020\\\/03\\\/der-news-ticker-der-nmz-zu-coronavirus-und-musikleben\\\/#breadcrumb\"},\"inLanguage\":\"de\",\"potentialAction\":[{\"@type\":\"ReadAction\",\"target\":[\"https:\\\/\\\/www.jazzzeitung.de\\\/cms\\\/2020\\\/03\\\/der-news-ticker-der-nmz-zu-coronavirus-und-musikleben\\\/\"]}]},{\"@type\":\"ImageObject\",\"inLanguage\":\"de\",\"@id\":\"https:\\\/\\\/www.jazzzeitung.de\\\/cms\\\/2020\\\/03\\\/der-news-ticker-der-nmz-zu-coronavirus-und-musikleben\\\/#primaryimage\",\"url\":\"https:\\\/\\\/i0.wp.com\\\/www.jazzzeitung.de\\\/cms\\\/wp-content\\\/uploads\\\/2020\\\/03\\\/newsletter_nmz_2200_1600px.jpg?fit=2200%2C1600&ssl=1\",\"contentUrl\":\"https:\\\/\\\/i0.wp.com\\\/www.jazzzeitung.de\\\/cms\\\/wp-content\\\/uploads\\\/2020\\\/03\\\/newsletter_nmz_2200_1600px.jpg?fit=2200%2C1600&ssl=1\",\"width\":2200,\"height\":1600,\"caption\":\"Newsletter nmz\"},{\"@type\":\"BreadcrumbList\",\"@id\":\"https:\\\/\\\/www.jazzzeitung.de\\\/cms\\\/2020\\\/03\\\/der-news-ticker-der-nmz-zu-coronavirus-und-musikleben\\\/#breadcrumb\",\"itemListElement\":[{\"@type\":\"ListItem\",\"position\":1,\"name\":\"Startseite\",\"item\":\"https:\\\/\\\/www.jazzzeitung.de\\\/cms\\\/\"},{\"@type\":\"ListItem\",\"position\":2,\"name\":\"Der News-Ticker der nmz zu Coronavirus und Musikleben\"}]},{\"@type\":\"WebSite\",\"@id\":\"https:\\\/\\\/www.jazzzeitung.de\\\/cms\\\/#website\",\"url\":\"https:\\\/\\\/www.jazzzeitung.de\\\/cms\\\/\",\"name\":\"JazzZeitung\",\"description\":\"Jazz-News und Jazz-Kontroverses\",\"publisher\":{\"@id\":\"https:\\\/\\\/www.jazzzeitung.de\\\/cms\\\/#organization\"},\"potentialAction\":[{\"@type\":\"SearchAction\",\"target\":{\"@type\":\"EntryPoint\",\"urlTemplate\":\"https:\\\/\\\/www.jazzzeitung.de\\\/cms\\\/?s={search_term_string}\"},\"query-input\":{\"@type\":\"PropertyValueSpecification\",\"valueRequired\":true,\"valueName\":\"search_term_string\"}}],\"inLanguage\":\"de\"},{\"@type\":\"Organization\",\"@id\":\"https:\\\/\\\/www.jazzzeitung.de\\\/cms\\\/#organization\",\"name\":\"JazzZeitung online\",\"url\":\"https:\\\/\\\/www.jazzzeitung.de\\\/cms\\\/\",\"logo\":{\"@type\":\"ImageObject\",\"inLanguage\":\"de\",\"@id\":\"https:\\\/\\\/www.jazzzeitung.de\\\/cms\\\/#\\\/schema\\\/logo\\\/image\\\/\",\"url\":\"https:\\\/\\\/i0.wp.com\\\/www.jazzzeitung.de\\\/cms\\\/wp-content\\\/uploads\\\/2015\\\/08\\\/JAZZZEITUNGDE_Logo_Neu.png?fit=499%2C200&ssl=1\",\"contentUrl\":\"https:\\\/\\\/i0.wp.com\\\/www.jazzzeitung.de\\\/cms\\\/wp-content\\\/uploads\\\/2015\\\/08\\\/JAZZZEITUNGDE_Logo_Neu.png?fit=499%2C200&ssl=1\",\"width\":499,\"height\":200,\"caption\":\"JazzZeitung online\"},\"image\":{\"@id\":\"https:\\\/\\\/www.jazzzeitung.de\\\/cms\\\/#\\\/schema\\\/logo\\\/image\\\/\"},\"sameAs\":[\"https:\\\/\\\/www.facebook.com\\\/JazzZeitung\\\/\"]},{\"@type\":\"Person\",\"@id\":\"https:\\\/\\\/www.jazzzeitung.de\\\/cms\\\/#\\\/schema\\\/person\\\/b9a4e5ac765d94fb8f617bfa8f1fc5f7\",\"name\":\"Martin Hufner\",\"image\":{\"@type\":\"ImageObject\",\"inLanguage\":\"de\",\"@id\":\"https:\\\/\\\/i0.wp.com\\\/www.jazzzeitung.de\\\/cms\\\/wp-content\\\/uploads\\\/2013\\\/07\\\/huf-06.jpg?resize=96%2C96&ssl=15fcc31aa94540751a3b804516452be00\",\"url\":\"https:\\\/\\\/i0.wp.com\\\/www.jazzzeitung.de\\\/cms\\\/wp-content\\\/uploads\\\/2013\\\/07\\\/huf-06.jpg?resize=96%2C96&ssl=1\",\"contentUrl\":\"https:\\\/\\\/i0.wp.com\\\/www.jazzzeitung.de\\\/cms\\\/wp-content\\\/uploads\\\/2013\\\/07\\\/huf-06.jpg?resize=96%2C96&ssl=1\",\"caption\":\"Martin Hufner\"},\"description\":\"Martin Hufner ist freier Autor der JazzZeitung.\",\"sameAs\":[\"https:\\\/\\\/www.kritische-masse.de\\\/logbuch\",\"https:\\\/\\\/www.facebook.com\\\/hufner\"],\"url\":\"https:\\\/\\\/www.jazzzeitung.de\\\/cms\\\/author\\\/admin\\\/\"}]}<\/script>\n<!-- \/ Yoast SEO plugin. -->","yoast_head_json":{"title":"Der News-Ticker der nmz zu Coronavirus und Musikleben - JazzZeitung","robots":{"index":"index","follow":"follow","max-snippet":"max-snippet:-1","max-image-preview":"max-image-preview:large","max-video-preview":"max-video-preview:-1"},"canonical":"https:\/\/www.jazzzeitung.de\/cms\/2020\/03\/der-news-ticker-der-nmz-zu-coronavirus-und-musikleben\/","og_locale":"de_DE","og_type":"article","og_title":"Der News-Ticker der nmz zu Coronavirus und Musikleben - JazzZeitung","og_description":"In der neuen musikzeitung informieren wir Sie aktuell \u00fcber den Stand in Sachen Auswirkungen der Coronavirus-Pandemie auf das Musik- und Kulturleben. Die letzten 10 aktuellen Nachrichten zum Stichwort &#8222;Coronavirus&#8220;: [feedzy-rss feeds=&#8220;https:\/\/www.nmz.de\/taxonomy\/term\/41376\/0\/feed&#8220; max=&#8220;10&#8243; offset=&#8220;0&#8243; feed_title=&#8220;no&#8220; refresh=&#8220;1_hours&#8220; meta=&#8220;date, time&#8220; summary=&#8220;yes&#8220; summarylength=&#8220;260&#8243; http=&#8220;force&#8220; ] Ein nmz-newsletter informiert Sie \u00fcbrigens unter der Woche t\u00e4glich \u00fcber Bewegungen im Musik- und Kulturleben. Kostenlos abonnieren. &nbsp;","og_url":"https:\/\/www.jazzzeitung.de\/cms\/2020\/03\/der-news-ticker-der-nmz-zu-coronavirus-und-musikleben\/","og_site_name":"JazzZeitung","article_publisher":"https:\/\/www.facebook.com\/JazzZeitung\/","article_author":"https:\/\/www.facebook.com\/hufner","article_published_time":"2020-03-12T08:06:40+00:00","article_modified_time":"2021-01-07T09:38:37+00:00","og_image":[{"width":2200,"height":1600,"url":"https:\/\/i0.wp.com\/www.jazzzeitung.de\/cms\/wp-content\/uploads\/2020\/03\/newsletter_nmz_2200_1600px.jpg?fit=2200%2C1600&ssl=1","type":"image\/jpeg"}],"author":"Martin Hufner","schema":{"@context":"https:\/\/schema.org","@graph":[{"@type":"Article","@id":"https:\/\/www.jazzzeitung.de\/cms\/2020\/03\/der-news-ticker-der-nmz-zu-coronavirus-und-musikleben\/#article","isPartOf":{"@id":"https:\/\/www.jazzzeitung.de\/cms\/2020\/03\/der-news-ticker-der-nmz-zu-coronavirus-und-musikleben\/"},"author":{"name":"Martin Hufner","@id":"https:\/\/www.jazzzeitung.de\/cms\/#\/schema\/person\/b9a4e5ac765d94fb8f617bfa8f1fc5f7"},"headline":"Der News-Ticker der nmz zu Coronavirus und Musikleben","datePublished":"2020-03-12T08:06:40+00:00","dateModified":"2021-01-07T09:38:37+00:00","mainEntityOfPage":{"@id":"https:\/\/www.jazzzeitung.de\/cms\/2020\/03\/der-news-ticker-der-nmz-zu-coronavirus-und-musikleben\/"},"wordCount":100,"commentCount":0,"publisher":{"@id":"https:\/\/www.jazzzeitung.de\/cms\/#organization"},"image":{"@id":"https:\/\/www.jazzzeitung.de\/cms\/2020\/03\/der-news-ticker-der-nmz-zu-coronavirus-und-musikleben\/#primaryimage"},"thumbnailUrl":"https:\/\/i0.wp.com\/www.jazzzeitung.de\/cms\/wp-content\/uploads\/2020\/03\/newsletter_nmz_2200_1600px.jpg?fit=2200%2C1600&ssl=1","keywords":["Corona","Coronavirus","News","Newsletter","nmz"],"articleSection":["News"],"inLanguage":"de","potentialAction":[{"@type":"CommentAction","name":"Comment","target":["https:\/\/www.jazzzeitung.de\/cms\/2020\/03\/der-news-ticker-der-nmz-zu-coronavirus-und-musikleben\/#respond"]}]},{"@type":"WebPage","@id":"https:\/\/www.jazzzeitung.de\/cms\/2020\/03\/der-news-ticker-der-nmz-zu-coronavirus-und-musikleben\/","url":"https:\/\/www.jazzzeitung.de\/cms\/2020\/03\/der-news-ticker-der-nmz-zu-coronavirus-und-musikleben\/","name":"Der News-Ticker der nmz zu Coronavirus und Musikleben - JazzZeitung","isPartOf":{"@id":"https:\/\/www.jazzzeitung.de\/cms\/#website"},"primaryImageOfPage":{"@id":"https:\/\/www.jazzzeitung.de\/cms\/2020\/03\/der-news-ticker-der-nmz-zu-coronavirus-und-musikleben\/#primaryimage"},"image":{"@id":"https:\/\/www.jazzzeitung.de\/cms\/2020\/03\/der-news-ticker-der-nmz-zu-coronavirus-und-musikleben\/#primaryimage"},"thumbnailUrl":"https:\/\/i0.wp.com\/www.jazzzeitung.de\/cms\/wp-content\/uploads\/2020\/03\/newsletter_nmz_2200_1600px.jpg?fit=2200%2C1600&ssl=1","datePublished":"2020-03-12T08:06:40+00:00","dateModified":"2021-01-07T09:38:37+00:00","breadcrumb":{"@id":"https:\/\/www.jazzzeitung.de\/cms\/2020\/03\/der-news-ticker-der-nmz-zu-coronavirus-und-musikleben\/#breadcrumb"},"inLanguage":"de","potentialAction":[{"@type":"ReadAction","target":["https:\/\/www.jazzzeitung.de\/cms\/2020\/03\/der-news-ticker-der-nmz-zu-coronavirus-und-musikleben\/"]}]},{"@type":"ImageObject","inLanguage":"de","@id":"https:\/\/www.jazzzeitung.de\/cms\/2020\/03\/der-news-ticker-der-nmz-zu-coronavirus-und-musikleben\/#primaryimage","url":"https:\/\/i0.wp.com\/www.jazzzeitung.de\/cms\/wp-content\/uploads\/2020\/03\/newsletter_nmz_2200_1600px.jpg?fit=2200%2C1600&ssl=1","contentUrl":"https:\/\/i0.wp.com\/www.jazzzeitung.de\/cms\/wp-content\/uploads\/2020\/03\/newsletter_nmz_2200_1600px.jpg?fit=2200%2C1600&ssl=1","width":2200,"height":1600,"caption":"Newsletter nmz"},{"@type":"BreadcrumbList","@id":"https:\/\/www.jazzzeitung.de\/cms\/2020\/03\/der-news-ticker-der-nmz-zu-coronavirus-und-musikleben\/#breadcrumb","itemListElement":[{"@type":"ListItem","position":1,"name":"Startseite","item":"https:\/\/www.jazzzeitung.de\/cms\/"},{"@type":"ListItem","position":2,"name":"Der News-Ticker der nmz zu Coronavirus und Musikleben"}]},{"@type":"WebSite","@id":"https:\/\/www.jazzzeitung.de\/cms\/#website","url":"https:\/\/www.jazzzeitung.de\/cms\/","name":"JazzZeitung","description":"Jazz-News und Jazz-Kontroverses","publisher":{"@id":"https:\/\/www.jazzzeitung.de\/cms\/#organization"},"potentialAction":[{"@type":"SearchAction","target":{"@type":"EntryPoint","urlTemplate":"https:\/\/www.jazzzeitung.de\/cms\/?s={search_term_string}"},"query-input":{"@type":"PropertyValueSpecification","valueRequired":true,"valueName":"search_term_string"}}],"inLanguage":"de"},{"@type":"Organization","@id":"https:\/\/www.jazzzeitung.de\/cms\/#organization","name":"JazzZeitung online","url":"https:\/\/www.jazzzeitung.de\/cms\/","logo":{"@type":"ImageObject","inLanguage":"de","@id":"https:\/\/www.jazzzeitung.de\/cms\/#\/schema\/logo\/image\/","url":"https:\/\/i0.wp.com\/www.jazzzeitung.de\/cms\/wp-content\/uploads\/2015\/08\/JAZZZEITUNGDE_Logo_Neu.png?fit=499%2C200&ssl=1","contentUrl":"https:\/\/i0.wp.com\/www.jazzzeitung.de\/cms\/wp-content\/uploads\/2015\/08\/JAZZZEITUNGDE_Logo_Neu.png?fit=499%2C200&ssl=1","width":499,"height":200,"caption":"JazzZeitung online"},"image":{"@id":"https:\/\/www.jazzzeitung.de\/cms\/#\/schema\/logo\/image\/"},"sameAs":["https:\/\/www.facebook.com\/JazzZeitung\/"]},{"@type":"Person","@id":"https:\/\/www.jazzzeitung.de\/cms\/#\/schema\/person\/b9a4e5ac765d94fb8f617bfa8f1fc5f7","name":"Martin Hufner","image":{"@type":"ImageObject","inLanguage":"de","@id":"https:\/\/i0.wp.com\/www.jazzzeitung.de\/cms\/wp-content\/uploads\/2013\/07\/huf-06.jpg?resize=96%2C96&ssl=15fcc31aa94540751a3b804516452be00","url":"https:\/\/i0.wp.com\/www.jazzzeitung.de\/cms\/wp-content\/uploads\/2013\/07\/huf-06.jpg?resize=96%2C96&ssl=1","contentUrl":"https:\/\/i0.wp.com\/www.jazzzeitung.de\/cms\/wp-content\/uploads\/2013\/07\/huf-06.jpg?resize=96%2C96&ssl=1","caption":"Martin Hufner"},"description":"Martin Hufner ist freier Autor der JazzZeitung.","sameAs":["https:\/\/www.kritische-masse.de\/logbuch","https:\/\/www.facebook.com\/hufner"],"url":"https:\/\/www.jazzzeitung.de\/cms\/author\/admin\/"}]}},"wp-worthy-pixel":{"ignored":true,"public":null,"server":null,"url":null},"wp-worthy-type":"normal","jetpack_publicize_connections":[],"cc_featured_image_caption":{"caption_text":"nmz newsletter - unter der woche t\u00e4glich","source_text":"","source_url":""},"jetpack_featured_media_url":"https:\/\/i0.wp.com\/www.jazzzeitung.de\/cms\/wp-content\/uploads\/2020\/03\/newsletter_nmz_2200_1600px.jpg?fit=2200%2C1600&ssl=1","jetpack_shortlink":"https:\/\/wp.me\/p3KEcT-5L3","jetpack-related-posts":[{"id":1096,"url":"https:\/\/www.jazzzeitung.de\/cms\/2011\/06\/nmz-tv-buehne-hochsubventionierte-klassik-unterbezahlter-pop-und-jazz\/","url_meta":{"origin":22137,"position":0},"title":"nmz-TV-B\u00fchne: Hochsubventionierte Klassik &#8211; unterbezahlter Pop und Jazz?","author":"J\u00f6rg Lichtinger","date":"18. Juni 2011","format":false,"excerpt":"In unserem Post \"Wo bleibt der deutsche Jazz\" \u00fcber den ZEIT-Online-Artikel zur Deutschen Jazzszene kam k\u00fcrzlich wieder die Situation des deutschen Jazz zur Sprache. Im genannten Artikel hat unter anderem Felix Falk von Mo' Blow die fehlende Exportf\u00f6rderung f\u00fcr deutsche Bands beklagt, die es zum Beispiel in skandinavischen L\u00e4ndern sehr\u2026","rel":"","context":"In &quot;Blog&quot;","block_context":{"text":"Blog","link":"https:\/\/www.jazzzeitung.de\/cms\/thema\/blog\/"},"img":{"alt_text":"v.l.n.r.: Udo Dahmen, Ina Ke\u00dfler, Ursula Gaisa, Julia H\u00fclsmann, Peter Ortmann. Foto: nmzMedia","src":"https:\/\/i0.wp.com\/www.jazzzeitung.de\/cms\/wp-content\/uploads\/2011\/06\/M5_Subventionen_0-300x168.jpg?resize=350%2C200","width":350,"height":200},"classes":[]},{"id":25615,"url":"https:\/\/www.jazzzeitung.de\/cms\/2021\/09\/aus-der-hoerbar-der-nmz-duos-in-jazz-und-improvisation\/","url_meta":{"origin":22137,"position":1},"title":"Aus der H\u00f6rBar der nmz: Duos in Jazz und Improvisation","author":"Huflaikhan","date":"1. September 2021","format":false,"excerpt":"Ob Aki Takase mit Daniel Erdmann oder Daniel Herskedahl mit Magnus Moksnes Myhre. In der vorletzten Woche hat sich @huflaikhan in der H\u00f6rBar f\u00fcnf aktuelle CDs in Duoformationen etwas genauer angeh\u00f6rt: Takase\/Erdmann \u2013 Isn\u2019t it Romantic?, Poulsen\/Fryland \u2013 Dream a World, Fleischwolf \u2013 Einst, Duo Sonoma I und Herskedahl, Myhre\u2026","rel":"","context":"In &quot;Rezension&quot;","block_context":{"text":"Rezension","link":"https:\/\/www.jazzzeitung.de\/cms\/thema\/rezension\/"},"img":{"alt_text":"Takase\/Erdmann \u2013 Isn\u2019t it Romantic?","src":"https:\/\/i0.wp.com\/www.jazzzeitung.de\/cms\/wp-content\/uploads\/2021\/08\/kw33_takase_erdmann.jpg?fit=1200%2C1063&ssl=1&resize=350%2C200","width":350,"height":200,"srcset":"https:\/\/i0.wp.com\/www.jazzzeitung.de\/cms\/wp-content\/uploads\/2021\/08\/kw33_takase_erdmann.jpg?fit=1200%2C1063&ssl=1&resize=350%2C200 1x, https:\/\/i0.wp.com\/www.jazzzeitung.de\/cms\/wp-content\/uploads\/2021\/08\/kw33_takase_erdmann.jpg?fit=1200%2C1063&ssl=1&resize=525%2C300 1.5x, https:\/\/i0.wp.com\/www.jazzzeitung.de\/cms\/wp-content\/uploads\/2021\/08\/kw33_takase_erdmann.jpg?fit=1200%2C1063&ssl=1&resize=700%2C400 2x, https:\/\/i0.wp.com\/www.jazzzeitung.de\/cms\/wp-content\/uploads\/2021\/08\/kw33_takase_erdmann.jpg?fit=1200%2C1063&ssl=1&resize=1050%2C600 3x"},"classes":[]},{"id":11151,"url":"https:\/\/www.jazzzeitung.de\/cms\/2016\/11\/23-udj-jazzforum-war-erfolgreich\/","url_meta":{"origin":22137,"position":2},"title":"23. UDJ-Jazzforum mit gro\u00dfer Resonanz","author":"Redaktion JazzZeitung","date":"22. November 2016","format":false,"excerpt":"Die Union Deutscher Jazzmusiker organisierte f\u00fcr das 23. UDJ-Jazzforum am 17. und 18. November in K\u00f6ln 25 Workshops, Vortr\u00e4ge, Diskussionen und Konzerte. Laut Veranstalter lockte das \u00fcber 200 Besucher und Besucherinnen in den Stadtgarten. Der Vorsitzende der UDJ, Gebhard Ullmann, freute sich: \u201eDas Jazzforum, seine Themen und K\u00fcnstler\u00a0zeigen die Bedeutung\u2026","rel":"","context":"In &quot;News&quot;","block_context":{"text":"News","link":"https:\/\/www.jazzzeitung.de\/cms\/thema\/nachrichten\/"},"img":{"alt_text":"Rund 200 MusikerInnen und JazzliebhaberInnen nutzten das umfangreiche Informations - und Diskussionsangebot beim 23. UDJ - Jazzforum. Foto: UDJ","src":"https:\/\/i0.wp.com\/www.jazzzeitung.de\/cms\/wp-content\/uploads\/2016\/11\/click-1-150x150.jpg?resize=350%2C200","width":350,"height":200},"classes":[]},{"id":19770,"url":"https:\/\/www.jazzzeitung.de\/cms\/2019\/06\/19770\/","url_meta":{"origin":22137,"position":3},"title":"Zukunft des Jazz beim Westdeutschen Rundfunk \u2013 Ein Interview mit Tinka Koch und Karl Karst in der nmz","author":"Redaktion JazzZeitung","date":"12. Juni 2019","format":false,"excerpt":"Wie sieht die Zukunft des Jazz im WDR aus? Diese Frage stellte der Chefredakteur der neuen musikzeitung (nmz), Andreas Kolb, dem Programmchef von WDR 3 und frisch gebackenen Sprecher des Deutschen Medienrates im Deutschen Kulturrat, Karl Karst, und der zust\u00e4ndigen Redakteurin Tinka Koch. Sie ist die Nachfolgerin des langj\u00e4hrigen WDR\u2026","rel":"","context":"In &quot;Bericht&quot;","block_context":{"text":"Bericht","link":"https:\/\/www.jazzzeitung.de\/cms\/thema\/bericht\/"},"img":{"alt_text":"radio-jazz. Montage: Hufner","src":"https:\/\/i0.wp.com\/www.jazzzeitung.de\/cms\/wp-content\/uploads\/2017\/10\/radio-jazz.jpg?fit=1200%2C900&ssl=1&resize=350%2C200","width":350,"height":200,"srcset":"https:\/\/i0.wp.com\/www.jazzzeitung.de\/cms\/wp-content\/uploads\/2017\/10\/radio-jazz.jpg?fit=1200%2C900&ssl=1&resize=350%2C200 1x, https:\/\/i0.wp.com\/www.jazzzeitung.de\/cms\/wp-content\/uploads\/2017\/10\/radio-jazz.jpg?fit=1200%2C900&ssl=1&resize=525%2C300 1.5x, https:\/\/i0.wp.com\/www.jazzzeitung.de\/cms\/wp-content\/uploads\/2017\/10\/radio-jazz.jpg?fit=1200%2C900&ssl=1&resize=700%2C400 2x, https:\/\/i0.wp.com\/www.jazzzeitung.de\/cms\/wp-content\/uploads\/2017\/10\/radio-jazz.jpg?fit=1200%2C900&ssl=1&resize=1050%2C600 3x"},"classes":[]},{"id":6001,"url":"https:\/\/www.jazzzeitung.de\/cms\/2015\/04\/bildergalerie-konzerte-auf-der-jazzahead\/","url_meta":{"origin":22137,"position":4},"title":"Bildergalerie: Konzerte auf der jazzahead!","author":"Redaktion JazzZeitung","date":"29. April 2015","format":false,"excerpt":"Von Ralf Dombrowski, danke! Unter anderem mit Gebhard Ullmann und Almut K\u00fchne, Franz von Chossy und vielen mehr. Einen aktuelle Bericht zur jazzahead! von Stefan Pieper finden Sie in der aktuellen Printausgabe der nmz. Auf nmz-online demn\u00e4chst ein weiterer Bericht von Hans-Dieter Gr\u00fcnefeld.","rel":"","context":"In &quot;Galerie&quot;","block_context":{"text":"Galerie","link":"https:\/\/www.jazzzeitung.de\/cms\/thema\/galerie\/"},"img":{"alt_text":"","src":"https:\/\/i0.wp.com\/www.jazzzeitung.de\/cms\/wp-content\/uploads\/2015\/04\/0K3A2838-Dada-Hattler-dombr.jpg?resize=350%2C200","width":350,"height":200,"srcset":"https:\/\/i0.wp.com\/www.jazzzeitung.de\/cms\/wp-content\/uploads\/2015\/04\/0K3A2838-Dada-Hattler-dombr.jpg?resize=350%2C200 1x, https:\/\/i0.wp.com\/www.jazzzeitung.de\/cms\/wp-content\/uploads\/2015\/04\/0K3A2838-Dada-Hattler-dombr.jpg?resize=525%2C300 1.5x, https:\/\/i0.wp.com\/www.jazzzeitung.de\/cms\/wp-content\/uploads\/2015\/04\/0K3A2838-Dada-Hattler-dombr.jpg?resize=700%2C400 2x"},"classes":[]},{"id":1647,"url":"https:\/\/www.jazzzeitung.de\/cms\/2012\/04\/was-will-die-udj-julia-hulsmann-im-nmz-interview\/","url_meta":{"origin":22137,"position":5},"title":"Was will die UDJ? \u2013 Julia H\u00fclsmann im nmz-Interview","author":"J\u00f6rg Lichtinger","date":"16. April 2012","format":false,"excerpt":"Die Berliner \"Initiative f\u00fcr einen starken Jazz in Deutschland\" hat die hiesige Jazzszene ordentlich durchgesch\u00fcttelt. Jedenfalls ihre politische Vertretung, die Union Deutscher Jazzmusiker (UDJ). Die ist gewisserma\u00dfen von der Initiative \u00fcbernommen worden und eine der Schl\u00fcsselfiguren, die Pianistin Julia H\u00fclsmann, hat den bisherigen Vorsitzenden der Union Manfred Schoof abgel\u00f6st. Was\u2026","rel":"","context":"In &quot;Blog&quot;","block_context":{"text":"Blog","link":"https:\/\/www.jazzzeitung.de\/cms\/thema\/blog\/"},"img":{"alt_text":"Neue 1. Vorsitzende der UDJ: Julia H\u00fclsmann. Foto: Charlotte Oswald","src":"https:\/\/i0.wp.com\/www.jazzzeitung.de\/cms\/wp-content\/uploads\/2012\/04\/2012-04-huelsmann-199x300.jpg?resize=350%2C200","width":350,"height":200},"classes":[]}],"jetpack_sharing_enabled":true,"_links":{"self":[{"href":"https:\/\/www.jazzzeitung.de\/cms\/wp-json\/wp\/v2\/posts\/22137","targetHints":{"allow":["GET"]}}],"collection":[{"href":"https:\/\/www.jazzzeitung.de\/cms\/wp-json\/wp\/v2\/posts"}],"about":[{"href":"https:\/\/www.jazzzeitung.de\/cms\/wp-json\/wp\/v2\/types\/post"}],"author":[{"embeddable":true,"href":"https:\/\/www.jazzzeitung.de\/cms\/wp-json\/wp\/v2\/users\/1"}],"replies":[{"embeddable":true,"href":"https:\/\/www.jazzzeitung.de\/cms\/wp-json\/wp\/v2\/comments?post=22137"}],"version-history":[{"count":10,"href":"https:\/\/www.jazzzeitung.de\/cms\/wp-json\/wp\/v2\/posts\/22137\/revisions"}],"predecessor-version":[{"id":22166,"href":"https:\/\/www.jazzzeitung.de\/cms\/wp-json\/wp\/v2\/posts\/22137\/revisions\/22166"}],"wp:featuredmedia":[{"embeddable":true,"href":"https:\/\/www.jazzzeitung.de\/cms\/wp-json\/wp\/v2\/media\/22139"}],"wp:attachment":[{"href":"https:\/\/www.jazzzeitung.de\/cms\/wp-json\/wp\/v2\/media?parent=22137"}],"wp:term":[{"taxonomy":"category","embeddable":true,"href":"https:\/\/www.jazzzeitung.de\/cms\/wp-json\/wp\/v2\/categories?post=22137"},{"taxonomy":"post_tag","embeddable":true,"href":"https:\/\/www.jazzzeitung.de\/cms\/wp-json\/wp\/v2\/tags?post=22137"},{"taxonomy":"author","embeddable":true,"href":"https:\/\/www.jazzzeitung.de\/cms\/wp-json\/wp\/v2\/coauthors?post=22137"}],"curies":[{"name":"wp","href":"https:\/\/api.w.org\/{rel}","templated":true}]}}