{"id":2207,"date":"2013-08-21T11:36:12","date_gmt":"2013-08-21T09:36:12","guid":{"rendered":"http:\/\/www.jazzzeitung.de\/cms\/?p=2207"},"modified":"2014-10-09T09:42:34","modified_gmt":"2014-10-09T07:42:34","slug":"44-deutsches-jazzfestival-frankfurt-im-oktober","status":"publish","type":"post","link":"https:\/\/www.jazzzeitung.de\/cms\/2013\/08\/44-deutsches-jazzfestival-frankfurt-im-oktober\/","title":{"rendered":"44. Deutsches Jazzfestival Frankfurt im Oktober"},"content":{"rendered":"<p>Unter dem Titel \u201eBits\u2019n\u2019Bytes\u201c beleuchtet das 44. Deutsche Jazzfestival Frankfurt 2013 das Spannungsfeld zwischen traditionellem, eher akustisch gepr\u00e4gtem Jazz und digitalen Technologien. Vom 24. bis 26. Oktober suchen im hr-Sendesaal der franz\u00f6sische Saxofonist Guillaume Perret &amp; The Electric Epic, die britische Band Troyka und die deutsch-norwegische Formation des Frankfurter Klangt\u00fcftlers J. Peter Schwalm das digitale Abenteuer. Mit dabei sind auch der legend\u00e4re Saxofon-Hymniker Pharoah Sanders, die hr-Bigband mit einem spektakul\u00e4ren \u201eKraftwerk\u201c-Projekt, Dave Holland mit seiner neuen Band Prism und der polnische Trompeter Tomasz Stanko, der mit seinem New York Quartet ein akustisches Kontrastprogramm pr\u00e4sentiert.<!--more--><\/p>\n<figure id=\"attachment_2213\" aria-describedby=\"caption-attachment-2213\" style=\"width: 160px\" class=\"wp-caption alignright\"><a href=\"https:\/\/i0.wp.com\/www.jazzzeitung.de\/cms\/wp-content\/uploads\/2013\/08\/holland.jpg\"><img data-recalc-dims=\"1\" loading=\"lazy\" decoding=\"async\" data-attachment-id=\"2213\" data-permalink=\"https:\/\/www.jazzzeitung.de\/cms\/2013\/08\/44-deutsches-jazzfestival-frankfurt-im-oktober\/holland\/\" data-orig-file=\"https:\/\/i0.wp.com\/www.jazzzeitung.de\/cms\/wp-content\/uploads\/2013\/08\/holland.jpg?fit=160%2C240&amp;ssl=1\" data-orig-size=\"160,240\" data-comments-opened=\"1\" data-image-meta=\"{&quot;aperture&quot;:&quot;0&quot;,&quot;credit&quot;:&quot;&quot;,&quot;camera&quot;:&quot;&quot;,&quot;caption&quot;:&quot;&quot;,&quot;created_timestamp&quot;:&quot;0&quot;,&quot;copyright&quot;:&quot;&quot;,&quot;focal_length&quot;:&quot;0&quot;,&quot;iso&quot;:&quot;0&quot;,&quot;shutter_speed&quot;:&quot;0&quot;,&quot;title&quot;:&quot;&quot;}\" data-image-title=\"Dave Holland\" data-image-description=\"\" data-image-caption=\"&lt;p&gt;Foto: hr\/Laurence Labat&lt;\/p&gt;\n\" data-large-file=\"https:\/\/i0.wp.com\/www.jazzzeitung.de\/cms\/wp-content\/uploads\/2013\/08\/holland.jpg?fit=160%2C240&amp;ssl=1\" class=\"size-full wp-image-2213\" src=\"https:\/\/i0.wp.com\/www.jazzzeitung.de\/cms\/wp-content\/uploads\/2013\/08\/holland.jpg?resize=160%2C240\" alt=\"Foto: hr\/Laurence Labat\" width=\"160\" height=\"240\" \/><\/a><figcaption id=\"caption-attachment-2213\" class=\"wp-caption-text\">Foto: hr\/Laurence Labat<\/figcaption><\/figure>\n<p>Das 44. Deutsche Jazzfestival Frankfurt 2013 ist eine Veranstaltung des Hessischen Rundfunks \/ hr2-kultur in Zusammenarbeit mit der Stadt Frankfurt am Main \/ Dezernat f\u00fcr Kultur und Wissenschaft. Fahrzeug-Partner ist die \u0160koda Auto Deutschland GmbH, Hotel-Partner das Le M\u00e9ridien Parkhotel Frankfurt. hr2-kultur \u00fcbertr\u00e4gt die Konzerte des Deutschen Jazzfestivals Frankfurt jeweils ab 19.05 Uhr live. Sie k\u00f6nnen auch im Internet verfolgt werden: als Livestream auf www.arteliveweb.com und auf www.jazzfestival.hr2-kultur.de \u2013 danach als Video-on-Demand.<\/p>\n<p>Wird die Zukunft des Jazz akustisch oder elektronisch sein? Seit Jahren dr\u00e4ngen digitale Technologien in eine einst akustische Dom\u00e4ne. Das klassische Jazzquartett mit Piano, Bass, Schlagzeug und einem Blasinstrument hat sich l\u00e4ngst in eine musikalische Plattform verwandelt, auf der akustische Instrumente mit elektronischen Klangerzeugern konkurrieren. Mal wetteifern sie um die k\u00fcnstlerische Vorherrschaft, mal erg\u00e4nzen sie sich in friedlicher Koexistenz. Der junge franz\u00f6sische Tenorsaxofonist Guillaume Perret demonstriert mit seiner Band Electric Epic, dass Gitarren-Effekte auch an seinem Saxofon funktionieren. In seiner neuen Formation Prism macht der Bassist Dave Holland, der einstige Miles-Davis-Vertraute, deutlich, dass das Digital-Analog-Schema noch l\u00e4ngst nicht ausgereizt ist. In ihrem \u201eKraftwerk\u201c-Projekt gibt die hr-Bigband Klassikern der legend\u00e4ren Elektro-Pop-Band ein akustisches Design. Der Amerikaner Donny McCaslin sorgt f\u00fcr rasante Reibungen zwischen seinem Tenorsaxofon und innovativen Keyboard-Strukturen. Der Frankfurt Elektronik-Spezialist J. Peter Schwalm hat seinen norwegischen Freund, den Gitarristen Eivind Aarset, eingeladen, um neue Klangwelten zu erforschen. Mit seinem New York Quartet erkundet der polnische Trompeter Tomasz Stanko dunkle Klanglandschaften. Das Festival-Projekt des libanesischen Trompeters Ibrahim Maalouf mit der hr-Bigband unter der Leitung von Jim McNeely vers\u00f6hnt arabische Viertelton-Technik mit westlicher Jazz-\u00c4sthetik. Pulsierende Mixturen aus Electronica, Loops und Ambient-Sounds liefert das Londoner Trio Toyka. Die Saxofon-Legende Pharoah Sanders trifft auf den Trompeter Rob Mazurek, spirituelle Sounds verb\u00fcnden sich mit Elektronik-Eskapaden.<\/p>\n<p>Tageskarten zum Preis von 37,50 Euro (Preise inkl. Geb\u00fchren und RMV) beim hr-Ticketcenter, Tel.: 069\/155-2000, E-Mail: info@hr-ticketcenter.de, bei allen bekannten Vorverkaufsstellen und \u2013 soweit vorhanden \u2013 an Abend &#8211; und Tageskasse. Die angebotenen Festivalp\u00e4sse sind leider bereits ausverkauft.<\/p>\n<p>W\u00e4hrend des Festivals finden im Le M\u00e9ridien Parkhotel Frankfurt ab 22.00 Uhr \u201eAfter-Hours-Sessions\u201c statt. Der Eintritt ist frei.<\/p>\n<p>Konzerte: Donnerstag, 24., bis Samstag, 26. Oktober, jeweils 19-24 Uhr,<br \/>\nhr-Sendesaal, Bertramstra\u00dfe 8, 60320 Frankfurt am Main<br \/>\nKarten: hr-Ticketcenter (069\/155-2000)<br \/>\nSendungen: Alle Abendkonzerte live in hr2-kultur, als Livestream auf www.arteliveweb.com und in jazzfestival.hr2-kultur.de, danach als Video-on-Demand<\/p>\n<p>Weitere Infos: www.jazzfestival.hr2-kultur.de<\/p>\n","protected":false},"excerpt":{"rendered":"<p>Unter dem Titel \u201eBits\u2019n\u2019Bytes\u201c beleuchtet das 44. Deutsche Jazzfestival Frankfurt 2013 das Spannungsfeld zwischen traditionellem, eher akustisch gepr\u00e4gtem Jazz und digitalen Technologien. Vom 24. bis 26. Oktober suchen im hr-Sendesaal der franz\u00f6sische Saxofonist Guillaume Perret &amp; The Electric Epic, die britische Band Troyka und die deutsch-norwegische Formation des Frankfurter Klangt\u00fcftlers J. Peter Schwalm das digitale Abenteuer. Mit dabei sind auch der legend\u00e4re Saxofon-Hymniker Pharoah Sanders, die hr-Bigband mit einem spektakul\u00e4ren \u201eKraftwerk\u201c-Projekt, Dave Holland mit seiner neuen Band Prism und der polnische Trompeter Tomasz Stanko, der mit seinem New York Quartet ein akustisches Kontrastprogramm pr\u00e4sentiert.<\/p>\n","protected":false},"author":6,"featured_media":0,"comment_status":"open","ping_status":"closed","sticky":false,"template":"","format":"standard","meta":{"_jetpack_memberships_contains_paid_content":false,"footnotes":"","jetpack_publicize_message":"","jetpack_publicize_feature_enabled":true,"jetpack_social_post_already_shared":false,"jetpack_social_options":{"image_generator_settings":{"template":"highway","default_image_id":0,"font":"","enabled":false},"version":2}},"categories":[633],"tags":[127,681,137,682,184,230,1025,918,323,327,904],"coauthors":[664],"class_list":["post-2207","post","type-post","status-publish","format-standard","hentry","category-nachrichten","tag-dave-holland","tag-deutsches-jazzfestival-frankfurt","tag-deutschland","tag-festivals","tag-frankfurt","tag-hr","tag-hr-bigband","tag-jazzfestival","tag-konzerte","tag-kultur","tag-new-york"],"yoast_head":"<!-- This site is optimized with the Yoast SEO plugin v27.5 - https:\/\/yoast.com\/product\/yoast-seo-wordpress\/ -->\n<title>44. Deutsches Jazzfestival Frankfurt im Oktober - JazzZeitung<\/title>\n<meta name=\"robots\" content=\"index, follow, max-snippet:-1, max-image-preview:large, max-video-preview:-1\" \/>\n<link rel=\"canonical\" href=\"https:\/\/www.jazzzeitung.de\/cms\/2013\/08\/44-deutsches-jazzfestival-frankfurt-im-oktober\/\" \/>\n<meta property=\"og:locale\" content=\"de_DE\" \/>\n<meta property=\"og:type\" content=\"article\" \/>\n<meta property=\"og:title\" content=\"44. Deutsches Jazzfestival Frankfurt im Oktober - JazzZeitung\" \/>\n<meta property=\"og:description\" content=\"Unter dem Titel \u201eBits\u2019n\u2019Bytes\u201c beleuchtet das 44. Deutsche Jazzfestival Frankfurt 2013 das Spannungsfeld zwischen traditionellem, eher akustisch gepr\u00e4gtem Jazz und digitalen Technologien. Vom 24. bis 26. Oktober suchen im hr-Sendesaal der franz\u00f6sische Saxofonist Guillaume Perret &amp; The Electric Epic, die britische Band Troyka und die deutsch-norwegische Formation des Frankfurter Klangt\u00fcftlers J. Peter Schwalm das digitale Abenteuer. Mit dabei sind auch der legend\u00e4re Saxofon-Hymniker Pharoah Sanders, die hr-Bigband mit einem spektakul\u00e4ren \u201eKraftwerk\u201c-Projekt, Dave Holland mit seiner neuen Band Prism und der polnische Trompeter Tomasz Stanko, der mit seinem New York Quartet ein akustisches Kontrastprogramm pr\u00e4sentiert.\" \/>\n<meta property=\"og:url\" content=\"https:\/\/www.jazzzeitung.de\/cms\/2013\/08\/44-deutsches-jazzfestival-frankfurt-im-oktober\/\" \/>\n<meta property=\"og:site_name\" content=\"JazzZeitung\" \/>\n<meta property=\"article:publisher\" content=\"https:\/\/www.facebook.com\/JazzZeitung\/\" \/>\n<meta property=\"article:published_time\" content=\"2013-08-21T09:36:12+00:00\" \/>\n<meta property=\"article:modified_time\" content=\"2014-10-09T07:42:34+00:00\" \/>\n<meta property=\"og:image\" content=\"http:\/\/www.jazzzeitung.de\/cms\/wp-content\/uploads\/2013\/08\/holland.jpg\" \/>\n<meta name=\"author\" content=\"Ursula Gaisa\" \/>\n<script type=\"application\/ld+json\" class=\"yoast-schema-graph\">{\"@context\":\"https:\\\/\\\/schema.org\",\"@graph\":[{\"@type\":\"Article\",\"@id\":\"https:\\\/\\\/www.jazzzeitung.de\\\/cms\\\/2013\\\/08\\\/44-deutsches-jazzfestival-frankfurt-im-oktober\\\/#article\",\"isPartOf\":{\"@id\":\"https:\\\/\\\/www.jazzzeitung.de\\\/cms\\\/2013\\\/08\\\/44-deutsches-jazzfestival-frankfurt-im-oktober\\\/\"},\"author\":{\"name\":\"Ursula Gaisa\",\"@id\":\"https:\\\/\\\/www.jazzzeitung.de\\\/cms\\\/#\\\/schema\\\/person\\\/1d7707f8668f083601157be48b16fe1b\"},\"headline\":\"44. Deutsches Jazzfestival Frankfurt im Oktober\",\"datePublished\":\"2013-08-21T09:36:12+00:00\",\"dateModified\":\"2014-10-09T07:42:34+00:00\",\"mainEntityOfPage\":{\"@id\":\"https:\\\/\\\/www.jazzzeitung.de\\\/cms\\\/2013\\\/08\\\/44-deutsches-jazzfestival-frankfurt-im-oktober\\\/\"},\"wordCount\":520,\"commentCount\":1,\"publisher\":{\"@id\":\"https:\\\/\\\/www.jazzzeitung.de\\\/cms\\\/#organization\"},\"image\":{\"@id\":\"https:\\\/\\\/www.jazzzeitung.de\\\/cms\\\/2013\\\/08\\\/44-deutsches-jazzfestival-frankfurt-im-oktober\\\/#primaryimage\"},\"thumbnailUrl\":\"http:\\\/\\\/www.jazzzeitung.de\\\/cms\\\/wp-content\\\/uploads\\\/2013\\\/08\\\/holland.jpg\",\"keywords\":[\"dave holland\",\"Deutsches Jazzfestival Frankfurt\",\"Deutschland\",\"Festivals\",\"Frankfurt\",\"Hessischer Rundfunk\",\"hr-Bigband\",\"Jazzfestival\",\"Konzerte\",\"Kultur\",\"New York\"],\"articleSection\":[\"News\"],\"inLanguage\":\"de\",\"potentialAction\":[{\"@type\":\"CommentAction\",\"name\":\"Comment\",\"target\":[\"https:\\\/\\\/www.jazzzeitung.de\\\/cms\\\/2013\\\/08\\\/44-deutsches-jazzfestival-frankfurt-im-oktober\\\/#respond\"]}]},{\"@type\":\"WebPage\",\"@id\":\"https:\\\/\\\/www.jazzzeitung.de\\\/cms\\\/2013\\\/08\\\/44-deutsches-jazzfestival-frankfurt-im-oktober\\\/\",\"url\":\"https:\\\/\\\/www.jazzzeitung.de\\\/cms\\\/2013\\\/08\\\/44-deutsches-jazzfestival-frankfurt-im-oktober\\\/\",\"name\":\"44. Deutsches Jazzfestival Frankfurt im Oktober - JazzZeitung\",\"isPartOf\":{\"@id\":\"https:\\\/\\\/www.jazzzeitung.de\\\/cms\\\/#website\"},\"primaryImageOfPage\":{\"@id\":\"https:\\\/\\\/www.jazzzeitung.de\\\/cms\\\/2013\\\/08\\\/44-deutsches-jazzfestival-frankfurt-im-oktober\\\/#primaryimage\"},\"image\":{\"@id\":\"https:\\\/\\\/www.jazzzeitung.de\\\/cms\\\/2013\\\/08\\\/44-deutsches-jazzfestival-frankfurt-im-oktober\\\/#primaryimage\"},\"thumbnailUrl\":\"http:\\\/\\\/www.jazzzeitung.de\\\/cms\\\/wp-content\\\/uploads\\\/2013\\\/08\\\/holland.jpg\",\"datePublished\":\"2013-08-21T09:36:12+00:00\",\"dateModified\":\"2014-10-09T07:42:34+00:00\",\"breadcrumb\":{\"@id\":\"https:\\\/\\\/www.jazzzeitung.de\\\/cms\\\/2013\\\/08\\\/44-deutsches-jazzfestival-frankfurt-im-oktober\\\/#breadcrumb\"},\"inLanguage\":\"de\",\"potentialAction\":[{\"@type\":\"ReadAction\",\"target\":[\"https:\\\/\\\/www.jazzzeitung.de\\\/cms\\\/2013\\\/08\\\/44-deutsches-jazzfestival-frankfurt-im-oktober\\\/\"]}]},{\"@type\":\"ImageObject\",\"inLanguage\":\"de\",\"@id\":\"https:\\\/\\\/www.jazzzeitung.de\\\/cms\\\/2013\\\/08\\\/44-deutsches-jazzfestival-frankfurt-im-oktober\\\/#primaryimage\",\"url\":\"http:\\\/\\\/www.jazzzeitung.de\\\/cms\\\/wp-content\\\/uploads\\\/2013\\\/08\\\/holland.jpg\",\"contentUrl\":\"http:\\\/\\\/www.jazzzeitung.de\\\/cms\\\/wp-content\\\/uploads\\\/2013\\\/08\\\/holland.jpg\"},{\"@type\":\"BreadcrumbList\",\"@id\":\"https:\\\/\\\/www.jazzzeitung.de\\\/cms\\\/2013\\\/08\\\/44-deutsches-jazzfestival-frankfurt-im-oktober\\\/#breadcrumb\",\"itemListElement\":[{\"@type\":\"ListItem\",\"position\":1,\"name\":\"Startseite\",\"item\":\"https:\\\/\\\/www.jazzzeitung.de\\\/cms\\\/\"},{\"@type\":\"ListItem\",\"position\":2,\"name\":\"44. Deutsches Jazzfestival Frankfurt im Oktober\"}]},{\"@type\":\"WebSite\",\"@id\":\"https:\\\/\\\/www.jazzzeitung.de\\\/cms\\\/#website\",\"url\":\"https:\\\/\\\/www.jazzzeitung.de\\\/cms\\\/\",\"name\":\"JazzZeitung\",\"description\":\"Jazz-News und Jazz-Kontroverses\",\"publisher\":{\"@id\":\"https:\\\/\\\/www.jazzzeitung.de\\\/cms\\\/#organization\"},\"potentialAction\":[{\"@type\":\"SearchAction\",\"target\":{\"@type\":\"EntryPoint\",\"urlTemplate\":\"https:\\\/\\\/www.jazzzeitung.de\\\/cms\\\/?s={search_term_string}\"},\"query-input\":{\"@type\":\"PropertyValueSpecification\",\"valueRequired\":true,\"valueName\":\"search_term_string\"}}],\"inLanguage\":\"de\"},{\"@type\":\"Organization\",\"@id\":\"https:\\\/\\\/www.jazzzeitung.de\\\/cms\\\/#organization\",\"name\":\"JazzZeitung online\",\"url\":\"https:\\\/\\\/www.jazzzeitung.de\\\/cms\\\/\",\"logo\":{\"@type\":\"ImageObject\",\"inLanguage\":\"de\",\"@id\":\"https:\\\/\\\/www.jazzzeitung.de\\\/cms\\\/#\\\/schema\\\/logo\\\/image\\\/\",\"url\":\"https:\\\/\\\/i0.wp.com\\\/www.jazzzeitung.de\\\/cms\\\/wp-content\\\/uploads\\\/2015\\\/08\\\/JAZZZEITUNGDE_Logo_Neu.png?fit=499%2C200&ssl=1\",\"contentUrl\":\"https:\\\/\\\/i0.wp.com\\\/www.jazzzeitung.de\\\/cms\\\/wp-content\\\/uploads\\\/2015\\\/08\\\/JAZZZEITUNGDE_Logo_Neu.png?fit=499%2C200&ssl=1\",\"width\":499,\"height\":200,\"caption\":\"JazzZeitung online\"},\"image\":{\"@id\":\"https:\\\/\\\/www.jazzzeitung.de\\\/cms\\\/#\\\/schema\\\/logo\\\/image\\\/\"},\"sameAs\":[\"https:\\\/\\\/www.facebook.com\\\/JazzZeitung\\\/\"]},{\"@type\":\"Person\",\"@id\":\"https:\\\/\\\/www.jazzzeitung.de\\\/cms\\\/#\\\/schema\\\/person\\\/1d7707f8668f083601157be48b16fe1b\",\"name\":\"Ursula Gaisa\",\"image\":{\"@type\":\"ImageObject\",\"inLanguage\":\"de\",\"@id\":\"https:\\\/\\\/secure.gravatar.com\\\/avatar\\\/b9c23f3e1855277dfcc4682042bfb89dce806656872e44d5f2f2670a602ecfde?s=96&d=wp_user_avatar&r=g2a222bd83deef568a70b811610d29664\",\"url\":\"https:\\\/\\\/secure.gravatar.com\\\/avatar\\\/b9c23f3e1855277dfcc4682042bfb89dce806656872e44d5f2f2670a602ecfde?s=96&d=wp_user_avatar&r=g\",\"contentUrl\":\"https:\\\/\\\/secure.gravatar.com\\\/avatar\\\/b9c23f3e1855277dfcc4682042bfb89dce806656872e44d5f2f2670a602ecfde?s=96&d=wp_user_avatar&r=g\",\"caption\":\"Ursula Gaisa\"},\"url\":\"https:\\\/\\\/www.jazzzeitung.de\\\/cms\\\/author\\\/gaisa\\\/\"}]}<\/script>\n<!-- \/ Yoast SEO plugin. -->","yoast_head_json":{"title":"44. Deutsches Jazzfestival Frankfurt im Oktober - JazzZeitung","robots":{"index":"index","follow":"follow","max-snippet":"max-snippet:-1","max-image-preview":"max-image-preview:large","max-video-preview":"max-video-preview:-1"},"canonical":"https:\/\/www.jazzzeitung.de\/cms\/2013\/08\/44-deutsches-jazzfestival-frankfurt-im-oktober\/","og_locale":"de_DE","og_type":"article","og_title":"44. Deutsches Jazzfestival Frankfurt im Oktober - JazzZeitung","og_description":"Unter dem Titel \u201eBits\u2019n\u2019Bytes\u201c beleuchtet das 44. Deutsche Jazzfestival Frankfurt 2013 das Spannungsfeld zwischen traditionellem, eher akustisch gepr\u00e4gtem Jazz und digitalen Technologien. Vom 24. bis 26. Oktober suchen im hr-Sendesaal der franz\u00f6sische Saxofonist Guillaume Perret &amp; The Electric Epic, die britische Band Troyka und die deutsch-norwegische Formation des Frankfurter Klangt\u00fcftlers J. Peter Schwalm das digitale Abenteuer. Mit dabei sind auch der legend\u00e4re Saxofon-Hymniker Pharoah Sanders, die hr-Bigband mit einem spektakul\u00e4ren \u201eKraftwerk\u201c-Projekt, Dave Holland mit seiner neuen Band Prism und der polnische Trompeter Tomasz Stanko, der mit seinem New York Quartet ein akustisches Kontrastprogramm pr\u00e4sentiert.","og_url":"https:\/\/www.jazzzeitung.de\/cms\/2013\/08\/44-deutsches-jazzfestival-frankfurt-im-oktober\/","og_site_name":"JazzZeitung","article_publisher":"https:\/\/www.facebook.com\/JazzZeitung\/","article_published_time":"2013-08-21T09:36:12+00:00","article_modified_time":"2014-10-09T07:42:34+00:00","og_image":[{"url":"http:\/\/www.jazzzeitung.de\/cms\/wp-content\/uploads\/2013\/08\/holland.jpg","type":"","width":"","height":""}],"author":"Ursula Gaisa","schema":{"@context":"https:\/\/schema.org","@graph":[{"@type":"Article","@id":"https:\/\/www.jazzzeitung.de\/cms\/2013\/08\/44-deutsches-jazzfestival-frankfurt-im-oktober\/#article","isPartOf":{"@id":"https:\/\/www.jazzzeitung.de\/cms\/2013\/08\/44-deutsches-jazzfestival-frankfurt-im-oktober\/"},"author":{"name":"Ursula Gaisa","@id":"https:\/\/www.jazzzeitung.de\/cms\/#\/schema\/person\/1d7707f8668f083601157be48b16fe1b"},"headline":"44. Deutsches Jazzfestival Frankfurt im Oktober","datePublished":"2013-08-21T09:36:12+00:00","dateModified":"2014-10-09T07:42:34+00:00","mainEntityOfPage":{"@id":"https:\/\/www.jazzzeitung.de\/cms\/2013\/08\/44-deutsches-jazzfestival-frankfurt-im-oktober\/"},"wordCount":520,"commentCount":1,"publisher":{"@id":"https:\/\/www.jazzzeitung.de\/cms\/#organization"},"image":{"@id":"https:\/\/www.jazzzeitung.de\/cms\/2013\/08\/44-deutsches-jazzfestival-frankfurt-im-oktober\/#primaryimage"},"thumbnailUrl":"http:\/\/www.jazzzeitung.de\/cms\/wp-content\/uploads\/2013\/08\/holland.jpg","keywords":["dave holland","Deutsches Jazzfestival Frankfurt","Deutschland","Festivals","Frankfurt","Hessischer Rundfunk","hr-Bigband","Jazzfestival","Konzerte","Kultur","New York"],"articleSection":["News"],"inLanguage":"de","potentialAction":[{"@type":"CommentAction","name":"Comment","target":["https:\/\/www.jazzzeitung.de\/cms\/2013\/08\/44-deutsches-jazzfestival-frankfurt-im-oktober\/#respond"]}]},{"@type":"WebPage","@id":"https:\/\/www.jazzzeitung.de\/cms\/2013\/08\/44-deutsches-jazzfestival-frankfurt-im-oktober\/","url":"https:\/\/www.jazzzeitung.de\/cms\/2013\/08\/44-deutsches-jazzfestival-frankfurt-im-oktober\/","name":"44. Deutsches Jazzfestival Frankfurt im Oktober - JazzZeitung","isPartOf":{"@id":"https:\/\/www.jazzzeitung.de\/cms\/#website"},"primaryImageOfPage":{"@id":"https:\/\/www.jazzzeitung.de\/cms\/2013\/08\/44-deutsches-jazzfestival-frankfurt-im-oktober\/#primaryimage"},"image":{"@id":"https:\/\/www.jazzzeitung.de\/cms\/2013\/08\/44-deutsches-jazzfestival-frankfurt-im-oktober\/#primaryimage"},"thumbnailUrl":"http:\/\/www.jazzzeitung.de\/cms\/wp-content\/uploads\/2013\/08\/holland.jpg","datePublished":"2013-08-21T09:36:12+00:00","dateModified":"2014-10-09T07:42:34+00:00","breadcrumb":{"@id":"https:\/\/www.jazzzeitung.de\/cms\/2013\/08\/44-deutsches-jazzfestival-frankfurt-im-oktober\/#breadcrumb"},"inLanguage":"de","potentialAction":[{"@type":"ReadAction","target":["https:\/\/www.jazzzeitung.de\/cms\/2013\/08\/44-deutsches-jazzfestival-frankfurt-im-oktober\/"]}]},{"@type":"ImageObject","inLanguage":"de","@id":"https:\/\/www.jazzzeitung.de\/cms\/2013\/08\/44-deutsches-jazzfestival-frankfurt-im-oktober\/#primaryimage","url":"http:\/\/www.jazzzeitung.de\/cms\/wp-content\/uploads\/2013\/08\/holland.jpg","contentUrl":"http:\/\/www.jazzzeitung.de\/cms\/wp-content\/uploads\/2013\/08\/holland.jpg"},{"@type":"BreadcrumbList","@id":"https:\/\/www.jazzzeitung.de\/cms\/2013\/08\/44-deutsches-jazzfestival-frankfurt-im-oktober\/#breadcrumb","itemListElement":[{"@type":"ListItem","position":1,"name":"Startseite","item":"https:\/\/www.jazzzeitung.de\/cms\/"},{"@type":"ListItem","position":2,"name":"44. Deutsches Jazzfestival Frankfurt im Oktober"}]},{"@type":"WebSite","@id":"https:\/\/www.jazzzeitung.de\/cms\/#website","url":"https:\/\/www.jazzzeitung.de\/cms\/","name":"JazzZeitung","description":"Jazz-News und Jazz-Kontroverses","publisher":{"@id":"https:\/\/www.jazzzeitung.de\/cms\/#organization"},"potentialAction":[{"@type":"SearchAction","target":{"@type":"EntryPoint","urlTemplate":"https:\/\/www.jazzzeitung.de\/cms\/?s={search_term_string}"},"query-input":{"@type":"PropertyValueSpecification","valueRequired":true,"valueName":"search_term_string"}}],"inLanguage":"de"},{"@type":"Organization","@id":"https:\/\/www.jazzzeitung.de\/cms\/#organization","name":"JazzZeitung online","url":"https:\/\/www.jazzzeitung.de\/cms\/","logo":{"@type":"ImageObject","inLanguage":"de","@id":"https:\/\/www.jazzzeitung.de\/cms\/#\/schema\/logo\/image\/","url":"https:\/\/i0.wp.com\/www.jazzzeitung.de\/cms\/wp-content\/uploads\/2015\/08\/JAZZZEITUNGDE_Logo_Neu.png?fit=499%2C200&ssl=1","contentUrl":"https:\/\/i0.wp.com\/www.jazzzeitung.de\/cms\/wp-content\/uploads\/2015\/08\/JAZZZEITUNGDE_Logo_Neu.png?fit=499%2C200&ssl=1","width":499,"height":200,"caption":"JazzZeitung online"},"image":{"@id":"https:\/\/www.jazzzeitung.de\/cms\/#\/schema\/logo\/image\/"},"sameAs":["https:\/\/www.facebook.com\/JazzZeitung\/"]},{"@type":"Person","@id":"https:\/\/www.jazzzeitung.de\/cms\/#\/schema\/person\/1d7707f8668f083601157be48b16fe1b","name":"Ursula Gaisa","image":{"@type":"ImageObject","inLanguage":"de","@id":"https:\/\/secure.gravatar.com\/avatar\/b9c23f3e1855277dfcc4682042bfb89dce806656872e44d5f2f2670a602ecfde?s=96&d=wp_user_avatar&r=g2a222bd83deef568a70b811610d29664","url":"https:\/\/secure.gravatar.com\/avatar\/b9c23f3e1855277dfcc4682042bfb89dce806656872e44d5f2f2670a602ecfde?s=96&d=wp_user_avatar&r=g","contentUrl":"https:\/\/secure.gravatar.com\/avatar\/b9c23f3e1855277dfcc4682042bfb89dce806656872e44d5f2f2670a602ecfde?s=96&d=wp_user_avatar&r=g","caption":"Ursula Gaisa"},"url":"https:\/\/www.jazzzeitung.de\/cms\/author\/gaisa\/"}]}},"wp-worthy-pixel":{"ignored":false,"public":null,"server":null,"url":null},"wp-worthy-type":"normal","jetpack_publicize_connections":[],"cc_featured_image_caption":{"caption_text":false,"source_text":false,"source_url":false},"jetpack_featured_media_url":"","jetpack_shortlink":"https:\/\/wp.me\/p3KEcT-zB","jetpack-related-posts":[{"id":519,"url":"https:\/\/www.jazzzeitung.de\/cms\/2010\/10\/jazzfestivals-bei-wdr-und-hr\/","url_meta":{"origin":2207,"position":0},"title":"Jazzfestivals bei WDR und hr \u2013 live on air und im Netz!","author":"J\u00f6rg Lichtinger","date":"28. Oktober 2010","format":false,"excerpt":"Zeitgleich starten heute in Frankfurt und K\u00f6ln die Jazz-Festivals der Sender HR (Deutsches Jazzfestival Frankfurt) und WDR (WDR3 jazz.cologne). Wer es nicht in die Funkh\u00e4user oder die entsprechenden Locations schafft, dem kann geholfen werden: 41. Deutsches Jazzfestival Frankfurt live im Netz und im H\u00f6rfunk In Frankfurt mit dabei: Tony Lakatos,\u2026","rel":"","context":"In &quot;Blog&quot;","block_context":{"text":"Blog","link":"https:\/\/www.jazzzeitung.de\/cms\/thema\/blog\/"},"img":{"alt_text":"hr-Bigband_by_Dirk_Ostermeier_quer_mit_Diri","src":"https:\/\/i0.wp.com\/www.jazzzeitung.de\/cms\/wp-content\/uploads\/2010\/10\/hr-Bigband_by_Dirk_Ostermeier_quer_mit_Diri-300x199.jpg?resize=350%2C200","width":350,"height":200},"classes":[]},{"id":27719,"url":"https:\/\/www.jazzzeitung.de\/cms\/2022\/07\/news-jazz-festival-saarlouis-open-air-auf-der-vauban-insel-luebeck-jazz-allstars-53-deutsches-jazzfestival-frankfurt-steht-vor-dem-start\/","url_meta":{"origin":2207,"position":1},"title":"+++ News: +++ Jazz Festival Saarlouis Open Air auf der Vauban Insel +++ L\u00fcbeck Jazz Allstars +++ 53. Deutsches Jazzfestival Frankfurt steht vor dem Start +++","author":"Redaktion JazzZeitung","date":"7. Juli 2022","format":false,"excerpt":"+++ Jazz Festival Saarlouis Open Air auf der Vauban Insel vom 13 - 17.7.2022 +++ Vom 13. bis 17. Juli dreht sich auf der Saarlouiser Vaubaninsel alles um Jazz. Die historische Festungsanlage bietet die Kulisse f\u00fcr regionale und internationale Jazz K\u00fcnstler.\u00a0Das Jazzfestival Saarlouis z\u00e4hlt zu den Konzert H\u00f6hepunkten der diesj\u00e4hrigen\u2026","rel":"","context":"In &quot;News&quot;","block_context":{"text":"News","link":"https:\/\/www.jazzzeitung.de\/cms\/thema\/nachrichten\/"},"img":{"alt_text":"","src":"https:\/\/i0.wp.com\/www.jazzzeitung.de\/cms\/wp-content\/uploads\/2022\/07\/Afra-Kane-Studio-0186-1-scaled.jpg?fit=1200%2C800&ssl=1&resize=350%2C200","width":350,"height":200,"srcset":"https:\/\/i0.wp.com\/www.jazzzeitung.de\/cms\/wp-content\/uploads\/2022\/07\/Afra-Kane-Studio-0186-1-scaled.jpg?fit=1200%2C800&ssl=1&resize=350%2C200 1x, https:\/\/i0.wp.com\/www.jazzzeitung.de\/cms\/wp-content\/uploads\/2022\/07\/Afra-Kane-Studio-0186-1-scaled.jpg?fit=1200%2C800&ssl=1&resize=525%2C300 1.5x, https:\/\/i0.wp.com\/www.jazzzeitung.de\/cms\/wp-content\/uploads\/2022\/07\/Afra-Kane-Studio-0186-1-scaled.jpg?fit=1200%2C800&ssl=1&resize=700%2C400 2x, https:\/\/i0.wp.com\/www.jazzzeitung.de\/cms\/wp-content\/uploads\/2022\/07\/Afra-Kane-Studio-0186-1-scaled.jpg?fit=1200%2C800&ssl=1&resize=1050%2C600 3x"},"classes":[]},{"id":25336,"url":"https:\/\/www.jazzzeitung.de\/cms\/2021\/08\/news-vorverkaufsstart-fuer-das-52-deutsche-jazzfestival-frankfurt-rhythm-saves-the-world-25-hildener-jazztage-jazzclub-muelheim-benefiz-jazzfestival-fuer-flutopfer\/","url_meta":{"origin":2207,"position":2},"title":"+++ news +++ Vorverkaufsstart f\u00fcr das 52. Deutsche Jazzfestival Frankfurt +++ Rhythm saves the world &#8211; 25. Hildener Jazztage +++ Jazzclub M\u00fclheim Benefiz-Jazzfestival f\u00fcr Flutopfer","author":"Redaktion JazzZeitung","date":"11. August 2021","format":false,"excerpt":"Vorverkaufsstart f\u00fcr das 52. Deutsche Jazzfestival Frankfurt (Frankfurt a. M.) Am Mittwoch, 27. Oktober, er\u00f6ffnet die amerikanische Jazzs\u00e4ngerin Jazzmeia Horn (unser Beitragsbild\/Foto: HR\/Emmanuel Afolab) gemeinsam mit ihrem Quartett und der hr-Bigband das 52. Deutsche Jazzfestival Frankfurt. Mit dabei sind in diesem Jahr an vier Abenden im hr-Sendesaal Andreas Schaerer, Antonio\u2026","rel":"","context":"In &quot;News&quot;","block_context":{"text":"News","link":"https:\/\/www.jazzzeitung.de\/cms\/thema\/nachrichten\/"},"img":{"alt_text":"","src":"https:\/\/i0.wp.com\/www.jazzzeitung.de\/cms\/wp-content\/uploads\/2021\/08\/Jazzmeia-Horn.jpg?fit=992%2C434&ssl=1&resize=350%2C200","width":350,"height":200,"srcset":"https:\/\/i0.wp.com\/www.jazzzeitung.de\/cms\/wp-content\/uploads\/2021\/08\/Jazzmeia-Horn.jpg?fit=992%2C434&ssl=1&resize=350%2C200 1x, https:\/\/i0.wp.com\/www.jazzzeitung.de\/cms\/wp-content\/uploads\/2021\/08\/Jazzmeia-Horn.jpg?fit=992%2C434&ssl=1&resize=525%2C300 1.5x, https:\/\/i0.wp.com\/www.jazzzeitung.de\/cms\/wp-content\/uploads\/2021\/08\/Jazzmeia-Horn.jpg?fit=992%2C434&ssl=1&resize=700%2C400 2x"},"classes":[]},{"id":7450,"url":"https:\/\/www.jazzzeitung.de\/cms\/2015\/10\/hoellen-jazz-und-michael-mantler-frankfurt\/","url_meta":{"origin":2207,"position":3},"title":"H\u00f6llen-Jazz und Michael Mantler in Frankfurt","author":"Redaktion JazzZeitung","date":"23. Oktober 2015","format":false,"excerpt":"Der Auftritt der hr-Bigband am ersten Konzertabend des 46. Deutschen Jazzfestivals Frankfurt wird eine spannende Begegnung mit dem Free-Jazz-Trompeter und Bigband-Komponisten Michael Mantler. Unter der Leitung von Christoph Cech wird er das dreit\u00e4gige Festival am Donnerstag, 29. Oktober, im hr-Sendesaal er\u00f6ffnen. Der Festivalsamstag, 31. Oktober, steht ganz im Zeichen von\u2026","rel":"","context":"In &quot;Redaktionelle Nachrichten&quot;","block_context":{"text":"Redaktionelle Nachrichten","link":"https:\/\/www.jazzzeitung.de\/cms\/thema\/redaktion\/"},"img":{"alt_text":"\u00a9 HR\/Sascha Rheker\/attenzione","src":"https:\/\/i0.wp.com\/www.jazzzeitung.de\/cms\/wp-content\/uploads\/2015\/10\/michael-mantler-150x150.jpg?resize=350%2C200","width":350,"height":200},"classes":[]},{"id":9876,"url":"https:\/\/www.jazzzeitung.de\/cms\/2016\/08\/news30-jahre-stadtgartenjazzthe-citydas-47-deutsche-jazzfestival-frankfurt-2016\/","url_meta":{"origin":2207,"position":4},"title":"+++ News +++ Das 47. Deutsche Jazzfestival Frankfurt 2016 +++ 30 Jahre Stadtgarten +++ Jazz&#038;The City +++","author":"Redaktion JazzZeitung","date":"16. August 2016","format":false,"excerpt":"+++ F\u00fcnf Tage, drei B\u00fchnen, ein Festival - Das 47. Deutsche Jazzfestival Frankfurt 2016 +++ Vom 26. bis 30. Oktober laden 12 Musikformationen zu verschiedenen Konzerten in Frankfurt. In der 47. Ausgabe wagt das Deutsche Jazzfestival den Sprung in die City. Das Auftaktkonzert in der Alten Oper, Elektro-Sounds und Clubmusik\u2026","rel":"","context":"In &quot;News&quot;","block_context":{"text":"News","link":"https:\/\/www.jazzzeitung.de\/cms\/thema\/nachrichten\/"},"img":{"alt_text":"frankfurt","src":"https:\/\/i0.wp.com\/www.jazzzeitung.de\/cms\/wp-content\/uploads\/2016\/08\/frankfurt-150x150.jpg?resize=350%2C200","width":350,"height":200},"classes":[]},{"id":2474,"url":"https:\/\/www.jazzzeitung.de\/cms\/2013\/10\/das-44-deutsche-jazzfestival-live-auf-arte-tv-miterleben\/","url_meta":{"origin":2207,"position":5},"title":"Das 44. Deutsche Jazzfestival auf arte live web miterleben","author":"Redaktion JazzZeitung","date":"23. Oktober 2013","format":false,"excerpt":"Folgende Pressemitteilung erreichte uns heute vom Hessichen Rundfunk: Morgen f\u00e4llt der Startschuss f\u00fcr das 44. Deutsche Jazzfestival in Frankfurt am Main (24.-26- Oktober). Der Hessische Rundfunk \u00fcbertr\u00e4gt dieses Festival im Netz auf arte live web, sodass jeder \u2013 mit nur einem Klick \u2013 eintauchen kann in Sound, Stimmung und Story\u2026","rel":"","context":"In &quot;News&quot;","block_context":{"text":"News","link":"https:\/\/www.jazzzeitung.de\/cms\/thema\/nachrichten\/"},"img":{"alt_text":"arte","src":"https:\/\/i0.wp.com\/www.jazzzeitung.de\/cms\/wp-content\/uploads\/2013\/10\/arte-150x150.jpg?resize=350%2C200","width":350,"height":200},"classes":[]}],"jetpack_sharing_enabled":true,"_links":{"self":[{"href":"https:\/\/www.jazzzeitung.de\/cms\/wp-json\/wp\/v2\/posts\/2207","targetHints":{"allow":["GET"]}}],"collection":[{"href":"https:\/\/www.jazzzeitung.de\/cms\/wp-json\/wp\/v2\/posts"}],"about":[{"href":"https:\/\/www.jazzzeitung.de\/cms\/wp-json\/wp\/v2\/types\/post"}],"author":[{"embeddable":true,"href":"https:\/\/www.jazzzeitung.de\/cms\/wp-json\/wp\/v2\/users\/6"}],"replies":[{"embeddable":true,"href":"https:\/\/www.jazzzeitung.de\/cms\/wp-json\/wp\/v2\/comments?post=2207"}],"version-history":[{"count":4,"href":"https:\/\/www.jazzzeitung.de\/cms\/wp-json\/wp\/v2\/posts\/2207\/revisions"}],"predecessor-version":[{"id":4661,"href":"https:\/\/www.jazzzeitung.de\/cms\/wp-json\/wp\/v2\/posts\/2207\/revisions\/4661"}],"wp:attachment":[{"href":"https:\/\/www.jazzzeitung.de\/cms\/wp-json\/wp\/v2\/media?parent=2207"}],"wp:term":[{"taxonomy":"category","embeddable":true,"href":"https:\/\/www.jazzzeitung.de\/cms\/wp-json\/wp\/v2\/categories?post=2207"},{"taxonomy":"post_tag","embeddable":true,"href":"https:\/\/www.jazzzeitung.de\/cms\/wp-json\/wp\/v2\/tags?post=2207"},{"taxonomy":"author","embeddable":true,"href":"https:\/\/www.jazzzeitung.de\/cms\/wp-json\/wp\/v2\/coauthors?post=2207"}],"curies":[{"name":"wp","href":"https:\/\/api.w.org\/{rel}","templated":true}]}}