{"id":22058,"date":"2020-03-03T13:35:56","date_gmt":"2020-03-03T12:35:56","guid":{"rendered":"https:\/\/www.jazzzeitung.de\/cms\/?p=22058"},"modified":"2020-03-03T13:28:17","modified_gmt":"2020-03-03T12:28:17","slug":"emotion-und-freigeist-emile-parisien-quartett-im-essener-grillo-theater","status":"publish","type":"post","link":"https:\/\/www.jazzzeitung.de\/cms\/2020\/03\/emotion-und-freigeist-emile-parisien-quartett-im-essener-grillo-theater\/","title":{"rendered":"Emotion und Freigeist: Emile Parisien Quartett im Essener Grillo-Theater"},"content":{"rendered":"<p><strong>Emile Parisien habe in der letzten Zeit viel \u00fcber Digitalisierung, \u00fcber die Sogwirkung von Bildschirmger\u00e4ten und \u00fcber Multi-Tasking nachgedacht. So umriss der Saxophonspieler aus Okzitanien\u00a0 zur Begr\u00fc\u00dfung seines Publikum die programmatische Idee zum neuen Album \u201eDouble Screening\u201c &#8211;\u00a0 und dies setzte auch die Koordinaten bei einem Live-Konzert in perfekter Kollektiv-Chemie.\u00a0 Die Band wurde im Essener Grillotheater begeistert gefeiert!<\/strong><\/p>\n<p>Die Antworten auf zuviel digitale Verzettelei finden auf der Liveb\u00fchne in Essen dann aber so analog und musikalisch entschlossen wie nur m\u00f6glich statt. Unersch\u00f6pfliche Weiten, die gar kein WWW brauchen, tun sich angesichts der riesigen Fantasie aller vier Spieler an diesem Konzertabend allemal auf.<\/p>\n<div class=\"tiled-gallery type-rectangular tiled-gallery-unresized\" data-original-width=\"840\" data-carousel-extra='{&quot;blog_id&quot;:1,&quot;permalink&quot;:&quot;https:\\\/\\\/www.jazzzeitung.de\\\/cms\\\/2020\\\/03\\\/emotion-und-freigeist-emile-parisien-quartett-im-essener-grillo-theater\\\/&quot;,&quot;likes_blog_id&quot;:55446655}' itemscope itemtype=\"http:\/\/schema.org\/ImageGallery\" > <div class=\"gallery-row\" style=\"width: 840px; height: 691px;\" data-original-width=\"840\" data-original-height=\"691\" > <div class=\"gallery-group images-3\" style=\"width: 266px; height: 691px;\" data-original-width=\"266\" data-original-height=\"691\" > <div class=\"tiled-gallery-item tiled-gallery-item-large\" itemprop=\"associatedMedia\" itemscope itemtype=\"http:\/\/schema.org\/ImageObject\"> <a href=\"https:\/\/www.jazzzeitung.de\/cms\/2020\/03\/emotion-und-freigeist-emile-parisien-quartett-im-essener-grillo-theater\/dsc08509aaa\/\" border=\"0\" itemprop=\"url\"> <meta itemprop=\"width\" content=\"262\"> <meta itemprop=\"height\" content=\"229\"> <img decoding=\"async\" class=\"\" data-attachment-id=\"22060\" data-orig-file=\"https:\/\/www.jazzzeitung.de\/cms\/wp-content\/uploads\/2020\/03\/DSC08509aaa-scaled.jpg\" data-orig-size=\"2560,2239\" data-comments-opened=\"1\" data-image-meta=\"{&quot;aperture&quot;:&quot;0&quot;,&quot;credit&quot;:&quot;&quot;,&quot;camera&quot;:&quot;&quot;,&quot;caption&quot;:&quot;&quot;,&quot;created_timestamp&quot;:&quot;0&quot;,&quot;copyright&quot;:&quot;&quot;,&quot;focal_length&quot;:&quot;0&quot;,&quot;iso&quot;:&quot;0&quot;,&quot;shutter_speed&quot;:&quot;0&quot;,&quot;title&quot;:&quot;&quot;,&quot;orientation&quot;:&quot;0&quot;}\" data-image-title=\"DSC08509aaa\" data-image-description=\"\" data-medium-file=\"https:\/\/i0.wp.com\/www.jazzzeitung.de\/cms\/wp-content\/uploads\/2020\/03\/DSC08509aaa-scaled.jpg?fit=300%2C262&#038;ssl=1\" data-large-file=\"https:\/\/i0.wp.com\/www.jazzzeitung.de\/cms\/wp-content\/uploads\/2020\/03\/DSC08509aaa-scaled.jpg?fit=686%2C600&#038;ssl=1\" src=\"https:\/\/i0.wp.com\/www.jazzzeitung.de\/cms\/wp-content\/uploads\/2020\/03\/DSC08509aaa-scaled.jpg?w=262&#038;h=229&#038;ssl=1\" srcset=\"https:\/\/i0.wp.com\/www.jazzzeitung.de\/cms\/wp-content\/uploads\/2020\/03\/DSC08509aaa-scaled.jpg?w=2560&amp;ssl=1 2560w, https:\/\/i0.wp.com\/www.jazzzeitung.de\/cms\/wp-content\/uploads\/2020\/03\/DSC08509aaa-scaled.jpg?resize=300%2C262&amp;ssl=1 300w, https:\/\/i0.wp.com\/www.jazzzeitung.de\/cms\/wp-content\/uploads\/2020\/03\/DSC08509aaa-scaled.jpg?resize=686%2C600&amp;ssl=1 686w, https:\/\/i0.wp.com\/www.jazzzeitung.de\/cms\/wp-content\/uploads\/2020\/03\/DSC08509aaa-scaled.jpg?resize=768%2C672&amp;ssl=1 768w, https:\/\/i0.wp.com\/www.jazzzeitung.de\/cms\/wp-content\/uploads\/2020\/03\/DSC08509aaa-scaled.jpg?resize=1536%2C1343&amp;ssl=1 1536w, https:\/\/i0.wp.com\/www.jazzzeitung.de\/cms\/wp-content\/uploads\/2020\/03\/DSC08509aaa-scaled.jpg?resize=2048%2C1791&amp;ssl=1 2048w, https:\/\/i0.wp.com\/www.jazzzeitung.de\/cms\/wp-content\/uploads\/2020\/03\/DSC08509aaa-scaled.jpg?resize=1320%2C1155&amp;ssl=1 1320w, https:\/\/i0.wp.com\/www.jazzzeitung.de\/cms\/wp-content\/uploads\/2020\/03\/DSC08509aaa-scaled.jpg?w=1680&amp;ssl=1 1680w\" width=\"262\" height=\"229\" loading=\"lazy\" data-original-width=\"262\" data-original-height=\"229\" itemprop=\"http:\/\/schema.org\/image\" title=\"DSC08509aaa\" alt=\"\u00c9mile Parisien (Sopran- und Tenorsax). Foto: Stefan Pieper\" style=\"width: 262px; height: 229px;\" \/> <\/a> <div class=\"tiled-gallery-caption\" itemprop=\"caption description\"> \u00c9mile Parisien (Sopran- und Tenorsax). Foto: Stefan Pieper <\/div> <\/div> <div class=\"tiled-gallery-item tiled-gallery-item-large\" itemprop=\"associatedMedia\" itemscope itemtype=\"http:\/\/schema.org\/ImageObject\"> <a href=\"https:\/\/www.jazzzeitung.de\/cms\/2020\/03\/emotion-und-freigeist-emile-parisien-quartett-im-essener-grillo-theater\/dsc08611aaa\/\" border=\"0\" itemprop=\"url\"> <meta itemprop=\"width\" content=\"262\"> <meta itemprop=\"height\" content=\"222\"> <img decoding=\"async\" class=\"\" data-attachment-id=\"22062\" data-orig-file=\"https:\/\/www.jazzzeitung.de\/cms\/wp-content\/uploads\/2020\/03\/DSC08611aaa-scaled.jpg\" data-orig-size=\"2560,2178\" data-comments-opened=\"1\" data-image-meta=\"{&quot;aperture&quot;:&quot;0&quot;,&quot;credit&quot;:&quot;&quot;,&quot;camera&quot;:&quot;&quot;,&quot;caption&quot;:&quot;&quot;,&quot;created_timestamp&quot;:&quot;0&quot;,&quot;copyright&quot;:&quot;&quot;,&quot;focal_length&quot;:&quot;0&quot;,&quot;iso&quot;:&quot;0&quot;,&quot;shutter_speed&quot;:&quot;0&quot;,&quot;title&quot;:&quot;&quot;,&quot;orientation&quot;:&quot;0&quot;}\" data-image-title=\"DSC08611aaa\" data-image-description=\"\" data-medium-file=\"https:\/\/i0.wp.com\/www.jazzzeitung.de\/cms\/wp-content\/uploads\/2020\/03\/DSC08611aaa-scaled.jpg?fit=300%2C255&#038;ssl=1\" data-large-file=\"https:\/\/i0.wp.com\/www.jazzzeitung.de\/cms\/wp-content\/uploads\/2020\/03\/DSC08611aaa-scaled.jpg?fit=705%2C600&#038;ssl=1\" src=\"https:\/\/i0.wp.com\/www.jazzzeitung.de\/cms\/wp-content\/uploads\/2020\/03\/DSC08611aaa-scaled.jpg?w=262&#038;h=222&#038;ssl=1\" srcset=\"https:\/\/i0.wp.com\/www.jazzzeitung.de\/cms\/wp-content\/uploads\/2020\/03\/DSC08611aaa-scaled.jpg?w=2560&amp;ssl=1 2560w, https:\/\/i0.wp.com\/www.jazzzeitung.de\/cms\/wp-content\/uploads\/2020\/03\/DSC08611aaa-scaled.jpg?resize=300%2C255&amp;ssl=1 300w, https:\/\/i0.wp.com\/www.jazzzeitung.de\/cms\/wp-content\/uploads\/2020\/03\/DSC08611aaa-scaled.jpg?resize=705%2C600&amp;ssl=1 705w, https:\/\/i0.wp.com\/www.jazzzeitung.de\/cms\/wp-content\/uploads\/2020\/03\/DSC08611aaa-scaled.jpg?resize=768%2C653&amp;ssl=1 768w, https:\/\/i0.wp.com\/www.jazzzeitung.de\/cms\/wp-content\/uploads\/2020\/03\/DSC08611aaa-scaled.jpg?resize=1536%2C1307&amp;ssl=1 1536w, https:\/\/i0.wp.com\/www.jazzzeitung.de\/cms\/wp-content\/uploads\/2020\/03\/DSC08611aaa-scaled.jpg?resize=2048%2C1742&amp;ssl=1 2048w, https:\/\/i0.wp.com\/www.jazzzeitung.de\/cms\/wp-content\/uploads\/2020\/03\/DSC08611aaa-scaled.jpg?resize=1320%2C1123&amp;ssl=1 1320w, https:\/\/i0.wp.com\/www.jazzzeitung.de\/cms\/wp-content\/uploads\/2020\/03\/DSC08611aaa-scaled.jpg?w=1680&amp;ssl=1 1680w\" width=\"262\" height=\"222\" loading=\"lazy\" data-original-width=\"262\" data-original-height=\"222\" itemprop=\"http:\/\/schema.org\/image\" title=\"DSC08611aaa\" alt=\"Das \u00c9mile Parisien Quartett mit Parisien (Sopran- und Tenorsax), Julien Tou\u00e9ry (Klavier), Ivan G\u00e9lugne (Bass) und Julien Loutelier (Schlagzeug). Foto: Stefan Pieper\" style=\"width: 262px; height: 222px;\" \/> <\/a> <div class=\"tiled-gallery-caption\" itemprop=\"caption description\"> Das \u00c9mile Parisien Quartett mit Parisien (Sopran- und Tenorsax), Julien Tou\u00e9ry (Klavier), Ivan G\u00e9lugne (Bass) und Julien Loutelier (Schlagzeug). Foto: Stefan Pieper <\/div> <\/div> <div class=\"tiled-gallery-item tiled-gallery-item-large\" itemprop=\"associatedMedia\" itemscope itemtype=\"http:\/\/schema.org\/ImageObject\"> <a href=\"https:\/\/www.jazzzeitung.de\/cms\/2020\/03\/emotion-und-freigeist-emile-parisien-quartett-im-essener-grillo-theater\/dsc08614aaa\/\" border=\"0\" itemprop=\"url\"> <meta itemprop=\"width\" content=\"262\"> <meta itemprop=\"height\" content=\"228\"> <img decoding=\"async\" class=\"\" data-attachment-id=\"22063\" data-orig-file=\"https:\/\/www.jazzzeitung.de\/cms\/wp-content\/uploads\/2020\/03\/DSC08614aaa-scaled.jpg\" data-orig-size=\"2560,2229\" data-comments-opened=\"1\" data-image-meta=\"{&quot;aperture&quot;:&quot;0&quot;,&quot;credit&quot;:&quot;&quot;,&quot;camera&quot;:&quot;&quot;,&quot;caption&quot;:&quot;&quot;,&quot;created_timestamp&quot;:&quot;0&quot;,&quot;copyright&quot;:&quot;&quot;,&quot;focal_length&quot;:&quot;0&quot;,&quot;iso&quot;:&quot;0&quot;,&quot;shutter_speed&quot;:&quot;0&quot;,&quot;title&quot;:&quot;&quot;,&quot;orientation&quot;:&quot;0&quot;}\" data-image-title=\"DSC08614aaa\" data-image-description=\"\" data-medium-file=\"https:\/\/i0.wp.com\/www.jazzzeitung.de\/cms\/wp-content\/uploads\/2020\/03\/DSC08614aaa-scaled.jpg?fit=300%2C261&#038;ssl=1\" data-large-file=\"https:\/\/i0.wp.com\/www.jazzzeitung.de\/cms\/wp-content\/uploads\/2020\/03\/DSC08614aaa-scaled.jpg?fit=689%2C600&#038;ssl=1\" src=\"https:\/\/i0.wp.com\/www.jazzzeitung.de\/cms\/wp-content\/uploads\/2020\/03\/DSC08614aaa-scaled.jpg?w=262&#038;h=228&#038;ssl=1\" srcset=\"https:\/\/i0.wp.com\/www.jazzzeitung.de\/cms\/wp-content\/uploads\/2020\/03\/DSC08614aaa-scaled.jpg?w=2560&amp;ssl=1 2560w, https:\/\/i0.wp.com\/www.jazzzeitung.de\/cms\/wp-content\/uploads\/2020\/03\/DSC08614aaa-scaled.jpg?resize=300%2C261&amp;ssl=1 300w, https:\/\/i0.wp.com\/www.jazzzeitung.de\/cms\/wp-content\/uploads\/2020\/03\/DSC08614aaa-scaled.jpg?resize=689%2C600&amp;ssl=1 689w, https:\/\/i0.wp.com\/www.jazzzeitung.de\/cms\/wp-content\/uploads\/2020\/03\/DSC08614aaa-scaled.jpg?resize=768%2C669&amp;ssl=1 768w, https:\/\/i0.wp.com\/www.jazzzeitung.de\/cms\/wp-content\/uploads\/2020\/03\/DSC08614aaa-scaled.jpg?resize=1536%2C1337&amp;ssl=1 1536w, https:\/\/i0.wp.com\/www.jazzzeitung.de\/cms\/wp-content\/uploads\/2020\/03\/DSC08614aaa-scaled.jpg?resize=2048%2C1783&amp;ssl=1 2048w, https:\/\/i0.wp.com\/www.jazzzeitung.de\/cms\/wp-content\/uploads\/2020\/03\/DSC08614aaa-scaled.jpg?resize=1320%2C1149&amp;ssl=1 1320w, https:\/\/i0.wp.com\/www.jazzzeitung.de\/cms\/wp-content\/uploads\/2020\/03\/DSC08614aaa-scaled.jpg?w=1680&amp;ssl=1 1680w\" width=\"262\" height=\"228\" loading=\"lazy\" data-original-width=\"262\" data-original-height=\"228\" itemprop=\"http:\/\/schema.org\/image\" title=\"DSC08614aaa\" alt=\"Julien Tou\u00e9ry (Klavier). Foto: Stefan Pieper\" style=\"width: 262px; height: 228px;\" \/> <\/a> <div class=\"tiled-gallery-caption\" itemprop=\"caption description\"> Julien Tou\u00e9ry (Klavier). Foto: Stefan Pieper <\/div> <\/div> <\/div> <!-- close group --> <div class=\"gallery-group images-1\" style=\"width: 574px; height: 691px;\" data-original-width=\"574\" data-original-height=\"691\" > <div class=\"tiled-gallery-item tiled-gallery-item-large\" itemprop=\"associatedMedia\" itemscope itemtype=\"http:\/\/schema.org\/ImageObject\"> <a href=\"https:\/\/www.jazzzeitung.de\/cms\/2020\/03\/emotion-und-freigeist-emile-parisien-quartett-im-essener-grillo-theater\/dsc08693aa\/\" border=\"0\" itemprop=\"url\"> <meta itemprop=\"width\" content=\"570\"> <meta itemprop=\"height\" content=\"687\"> <img decoding=\"async\" class=\"\" data-attachment-id=\"22064\" data-orig-file=\"https:\/\/www.jazzzeitung.de\/cms\/wp-content\/uploads\/2020\/03\/DSC08693aa-scaled.jpg\" data-orig-size=\"2126,2560\" data-comments-opened=\"1\" data-image-meta=\"{&quot;aperture&quot;:&quot;0&quot;,&quot;credit&quot;:&quot;&quot;,&quot;camera&quot;:&quot;&quot;,&quot;caption&quot;:&quot;&quot;,&quot;created_timestamp&quot;:&quot;0&quot;,&quot;copyright&quot;:&quot;&quot;,&quot;focal_length&quot;:&quot;0&quot;,&quot;iso&quot;:&quot;0&quot;,&quot;shutter_speed&quot;:&quot;0&quot;,&quot;title&quot;:&quot;&quot;,&quot;orientation&quot;:&quot;0&quot;}\" data-image-title=\"DSC08693aa\" data-image-description=\"\" data-medium-file=\"https:\/\/i0.wp.com\/www.jazzzeitung.de\/cms\/wp-content\/uploads\/2020\/03\/DSC08693aa-scaled.jpg?fit=249%2C300&#038;ssl=1\" data-large-file=\"https:\/\/i0.wp.com\/www.jazzzeitung.de\/cms\/wp-content\/uploads\/2020\/03\/DSC08693aa-scaled.jpg?fit=498%2C600&#038;ssl=1\" src=\"https:\/\/i0.wp.com\/www.jazzzeitung.de\/cms\/wp-content\/uploads\/2020\/03\/DSC08693aa-scaled.jpg?w=570&#038;h=687&#038;ssl=1\" srcset=\"https:\/\/i0.wp.com\/www.jazzzeitung.de\/cms\/wp-content\/uploads\/2020\/03\/DSC08693aa-scaled.jpg?w=2126&amp;ssl=1 2126w, https:\/\/i0.wp.com\/www.jazzzeitung.de\/cms\/wp-content\/uploads\/2020\/03\/DSC08693aa-scaled.jpg?resize=249%2C300&amp;ssl=1 249w, https:\/\/i0.wp.com\/www.jazzzeitung.de\/cms\/wp-content\/uploads\/2020\/03\/DSC08693aa-scaled.jpg?resize=498%2C600&amp;ssl=1 498w, https:\/\/i0.wp.com\/www.jazzzeitung.de\/cms\/wp-content\/uploads\/2020\/03\/DSC08693aa-scaled.jpg?resize=768%2C925&amp;ssl=1 768w, https:\/\/i0.wp.com\/www.jazzzeitung.de\/cms\/wp-content\/uploads\/2020\/03\/DSC08693aa-scaled.jpg?resize=1275%2C1536&amp;ssl=1 1275w, https:\/\/i0.wp.com\/www.jazzzeitung.de\/cms\/wp-content\/uploads\/2020\/03\/DSC08693aa-scaled.jpg?resize=1701%2C2048&amp;ssl=1 1701w, https:\/\/i0.wp.com\/www.jazzzeitung.de\/cms\/wp-content\/uploads\/2020\/03\/DSC08693aa-scaled.jpg?resize=1320%2C1590&amp;ssl=1 1320w\" width=\"570\" height=\"687\" loading=\"lazy\" data-original-width=\"570\" data-original-height=\"687\" itemprop=\"http:\/\/schema.org\/image\" title=\"DSC08693aa\" alt=\"\u00c9mile Parisien und seine Band auf Highspeed-Neobop-H\u00f6llenritten. Foto: Stefan Pieper\" style=\"width: 570px; height: 687px;\" \/> <\/a> <div class=\"tiled-gallery-caption\" itemprop=\"caption description\"> \u00c9mile Parisien und seine Band auf Highspeed-Neobop-H\u00f6llenritten. Foto: Stefan Pieper <\/div> <\/div> <\/div> <!-- close group --> <\/div> <!-- close row --> <\/div>\n<p>Allein Parisiens Tongebung und Klangkultur auf dem Instrument ist schon Abendprogramm genug: Oft wie ein orientalisches Blasinstrument beschw\u00f6rend und trotz der hohen Tonlage des Soprans irgendwie auch mystisch dunkel, dabei gerne latent orientalistisch die Intervalle verschleifend &#8211; so mutet sein Spiel \u00fcber weite Strecken an. Bei allem Freigeist wird immer wieder dezidiert in klar definierte Jazz-Diktionen vorgesto\u00dfen &#8211; ja, es nimmt den Atem, wie diese Band swingen kann!<\/p>\n<p>Solche aberwitzig synkopengespickten Highspeed-Neobop-H\u00f6llenritte sind immer wieder Fazit der vorausgegangenen instrumentalen Fantasiereisen. Aber auch Bindeglied, denn sie sorgen f\u00fcr kompakten Zusammenhalt der T\u00f6ne, Rhythmen, Ideen, Spieler und ihres staunenden Publikums. Mal tanzen die Saxofonlinien in mediterran phrasierter Tanzrhythmik, die der neue &#8211; \u00fcberhaupt extrem extrovertiert agierende- Schlagzeuger <strong>Julien Loutelier<\/strong> mit unabl\u00e4ssiger Aktion befeuert. Regelm\u00e4\u00dfig interveniert Pianist <strong>Julien Tou\u00e9ry<\/strong> mit vehementer Klangbrillanz. Parisien ist flexibel immer und \u00fcberall, t\u00fcrmt seine Kaskaden so komplex auf, als w\u00e4ren hier gleich mehrere H\u00f6rner am Werk. Wenn Bassist <strong>Ivan G\u00e9lugne <\/strong>nicht gerade mit seinen T\u00f6nen die Geschicke lenkt, versenkt er sich in mystisch meditativen Solo-Monologen. Auch auch hieraus gehen best\u00e4ndig neue, sich ver\u00e4stelnde Ideengeb\u00e4ude und so mancher Freejazz-Ausbruch hervor.<\/p>\n<p>\u00dcberhaupt: Diese best\u00e4ndigen Prozesse, in denen alles st\u00e4ndig in etwas neues mutiert, bekommen diese Musiker in gleichberechtiger Kollektiv-Chemie fabelhaft hin. Je weiter die Horizonte ausufern, umso mehr zeigt sich die wahre Gr\u00f6\u00dfe in der Balance.\u00a0 Immer wieder gehen aus k\u00fchner Abstraktion Passagen von lyrischer, freudvoller W\u00e4rme hervor. Einmal weckt sogar ein fast discoartiger Beat spontane Lust zum darauf Tanzen, w\u00e4hrend\u00a0 Parisien weiter in hymnischen Melodienb\u00f6gen schwelgt. Den Moment feiern \u2013 so geht das! S\u00e4mtliche langen St\u00fccke an diesem Abend spr\u00fchen vor solchem Reichtum. Vor allem das Zugabenst\u00fcck hinterl\u00e4sst mit seinem raffinierten Ideengeflecht ein staunendes Publikum in Essen.<\/p>\n<p>Das Emile Parisien Quartett verstr\u00f6mt heute deutlich mehr routinierte Perfektion bei alldem. Geblieben sind die \u201etypische franz\u00f6sischen\u201c Qualit\u00e4ten f\u00fcr einen zeitgen\u00f6ssischen Jazz im 21. Jahrhundert: Unmittelbare Emotion, Aufr\u00fchrertum und bestechendes K\u00f6nnen!<\/p>\n<p>&nbsp;<\/p>\n<p><strong>N\u00e4chster Livetermin<\/strong><\/p>\n<p><strong>Donnerstag, 6. M\u00e4rz, Birdland, Neuburg an der Donau<\/strong><\/p>\n<p>Alle Fotos: Stefan Pieper<\/p>\n<p>&nbsp;<\/p>\n<p>&nbsp;<\/p>\n<p>&nbsp;<\/p>\n","protected":false},"excerpt":{"rendered":"<p>Emile Parisien habe in der letzten Zeit viel \u00fcber Digitalisierung, \u00fcber die Sogwirkung von Bildschirmger\u00e4ten und \u00fcber Multi-Tasking nachgedacht. So umriss der Saxophonspieler aus Okzitanien\u00a0 zur Begr\u00fc\u00dfung seines Publikum die programmatische Idee zum neuen Album \u201eDouble Screening\u201c &#8211;\u00a0 und dies setzte auch die Koordinaten bei einem Live-Konzert in perfekter Kollektiv-Chemie.\u00a0 Die Band wurde im Essener Grillotheater begeistert gefeiert! Die Antworten auf zuviel digitale Verzettelei finden auf der Liveb\u00fchne in Essen dann aber so analog und musikalisch entschlossen wie nur m\u00f6glich statt. Unersch\u00f6pfliche Weiten, die gar kein WWW brauchen, tun sich angesichts der riesigen Fantasie aller vier Spieler an diesem Konzertabend allemal auf. Allein Parisiens Tongebung und Klangkultur auf dem Instrument ist schon Abendprogramm genug: Oft wie ein orientalisches Blasinstrument beschw\u00f6rend und trotz der hohen Tonlage des Soprans irgendwie auch mystisch dunkel, dabei gerne latent orientalistisch die Intervalle verschleifend &#8211; so mutet sein Spiel \u00fcber weite Strecken an. Bei allem Freigeist wird immer wieder dezidiert in klar definierte Jazz-Diktionen vorgesto\u00dfen &#8211; ja, es nimmt den Atem, wie diese Band swingen kann! Solche aberwitzig synkopengespickten Highspeed-Neobop-H\u00f6llenritte sind immer wieder Fazit der vorausgegangenen instrumentalen Fantasiereisen. Aber auch Bindeglied, &hellip;<\/p>\n","protected":false},"author":18,"featured_media":22061,"comment_status":"open","ping_status":"closed","sticky":false,"template":"","format":"standard","meta":{"_jetpack_memberships_contains_paid_content":false,"footnotes":"","jetpack_publicize_message":"","jetpack_publicize_feature_enabled":true,"jetpack_social_post_already_shared":false,"jetpack_social_options":{"image_generator_settings":{"template":"highway","default_image_id":0,"font":"","enabled":false},"version":2}},"categories":[1053,652],"tags":[34,667,1059,1898,691,1911,1598,1876,322,1672,666,1965,2139,2312,1129],"coauthors":[695],"class_list":["post-22058","post","type-post","status-publish","format-standard","has-post-thumbnail","hentry","category-bericht","category-galerie","tag-album","tag-birdland","tag-chemie","tag-digitalisierung","tag-essen","tag-fotos","tag-freejazz","tag-jazz","tag-konzert-2","tag-live","tag-neuburg","tag-quartett","tag-s","tag-schlagzeuger","tag-stefan-pieper"],"yoast_head":"<!-- This site is optimized with the Yoast SEO plugin v27.5 - https:\/\/yoast.com\/product\/yoast-seo-wordpress\/ -->\n<title>Emotion und Freigeist: Emile Parisien Quartett im Essener Grillo-Theater - JazzZeitung<\/title>\n<meta name=\"robots\" content=\"index, follow, max-snippet:-1, max-image-preview:large, max-video-preview:-1\" \/>\n<link rel=\"canonical\" href=\"https:\/\/www.jazzzeitung.de\/cms\/2020\/03\/emotion-und-freigeist-emile-parisien-quartett-im-essener-grillo-theater\/\" \/>\n<meta property=\"og:locale\" content=\"de_DE\" \/>\n<meta property=\"og:type\" content=\"article\" \/>\n<meta property=\"og:title\" content=\"Emotion und Freigeist: Emile Parisien Quartett im Essener Grillo-Theater - JazzZeitung\" \/>\n<meta property=\"og:description\" content=\"Emile Parisien habe in der letzten Zeit viel \u00fcber Digitalisierung, \u00fcber die Sogwirkung von Bildschirmger\u00e4ten und \u00fcber Multi-Tasking nachgedacht. So umriss der Saxophonspieler aus Okzitanien\u00a0 zur Begr\u00fc\u00dfung seines Publikum die programmatische Idee zum neuen Album \u201eDouble Screening\u201c &#8211;\u00a0 und dies setzte auch die Koordinaten bei einem Live-Konzert in perfekter Kollektiv-Chemie.\u00a0 Die Band wurde im Essener Grillotheater begeistert gefeiert! Die Antworten auf zuviel digitale Verzettelei finden auf der Liveb\u00fchne in Essen dann aber so analog und musikalisch entschlossen wie nur m\u00f6glich statt. Unersch\u00f6pfliche Weiten, die gar kein WWW brauchen, tun sich angesichts der riesigen Fantasie aller vier Spieler an diesem Konzertabend allemal auf. Allein Parisiens Tongebung und Klangkultur auf dem Instrument ist schon Abendprogramm genug: Oft wie ein orientalisches Blasinstrument beschw\u00f6rend und trotz der hohen Tonlage des Soprans irgendwie auch mystisch dunkel, dabei gerne latent orientalistisch die Intervalle verschleifend &#8211; so mutet sein Spiel \u00fcber weite Strecken an. Bei allem Freigeist wird immer wieder dezidiert in klar definierte Jazz-Diktionen vorgesto\u00dfen &#8211; ja, es nimmt den Atem, wie diese Band swingen kann! Solche aberwitzig synkopengespickten Highspeed-Neobop-H\u00f6llenritte sind immer wieder Fazit der vorausgegangenen instrumentalen Fantasiereisen. Aber auch Bindeglied, &hellip;\" \/>\n<meta property=\"og:url\" content=\"https:\/\/www.jazzzeitung.de\/cms\/2020\/03\/emotion-und-freigeist-emile-parisien-quartett-im-essener-grillo-theater\/\" \/>\n<meta property=\"og:site_name\" content=\"JazzZeitung\" \/>\n<meta property=\"article:publisher\" content=\"https:\/\/www.facebook.com\/JazzZeitung\/\" \/>\n<meta property=\"article:published_time\" content=\"2020-03-03T12:35:56+00:00\" \/>\n<meta property=\"og:image\" content=\"https:\/\/i0.wp.com\/www.jazzzeitung.de\/cms\/wp-content\/uploads\/2020\/03\/DSC08592a-scaled.jpg?fit=2489%2C2560&ssl=1\" \/>\n\t<meta property=\"og:image:width\" content=\"2489\" \/>\n\t<meta property=\"og:image:height\" content=\"2560\" \/>\n\t<meta property=\"og:image:type\" content=\"image\/jpeg\" \/>\n<meta name=\"author\" content=\"Redaktion JazzZeitung\" \/>\n<script type=\"application\/ld+json\" class=\"yoast-schema-graph\">{\"@context\":\"https:\\\/\\\/schema.org\",\"@graph\":[{\"@type\":\"Article\",\"@id\":\"https:\\\/\\\/www.jazzzeitung.de\\\/cms\\\/2020\\\/03\\\/emotion-und-freigeist-emile-parisien-quartett-im-essener-grillo-theater\\\/#article\",\"isPartOf\":{\"@id\":\"https:\\\/\\\/www.jazzzeitung.de\\\/cms\\\/2020\\\/03\\\/emotion-und-freigeist-emile-parisien-quartett-im-essener-grillo-theater\\\/\"},\"author\":{\"name\":\"Redaktion JazzZeitung\",\"@id\":\"https:\\\/\\\/www.jazzzeitung.de\\\/cms\\\/#\\\/schema\\\/person\\\/2245b36b9cd1d24cea10f01c031fb92b\"},\"headline\":\"Emotion und Freigeist: Emile Parisien Quartett im Essener Grillo-Theater\",\"datePublished\":\"2020-03-03T12:35:56+00:00\",\"mainEntityOfPage\":{\"@id\":\"https:\\\/\\\/www.jazzzeitung.de\\\/cms\\\/2020\\\/03\\\/emotion-und-freigeist-emile-parisien-quartett-im-essener-grillo-theater\\\/\"},\"wordCount\":482,\"commentCount\":0,\"publisher\":{\"@id\":\"https:\\\/\\\/www.jazzzeitung.de\\\/cms\\\/#organization\"},\"image\":{\"@id\":\"https:\\\/\\\/www.jazzzeitung.de\\\/cms\\\/2020\\\/03\\\/emotion-und-freigeist-emile-parisien-quartett-im-essener-grillo-theater\\\/#primaryimage\"},\"thumbnailUrl\":\"https:\\\/\\\/i0.wp.com\\\/www.jazzzeitung.de\\\/cms\\\/wp-content\\\/uploads\\\/2020\\\/03\\\/DSC08592a-scaled.jpg?fit=2489%2C2560&ssl=1\",\"keywords\":[\"Album\",\"Birdland\",\"Chemie\",\"Digitalisierung\",\"Essen\",\"Fotos\",\"Freejazz\",\"Jazz\",\"Konzert\",\"Live\",\"Neuburg\",\"Quartett\",\"S\",\"Schlagzeuger\",\"Stefan Pieper\"],\"articleSection\":[\"Bericht\",\"Galerie\"],\"inLanguage\":\"de\",\"potentialAction\":[{\"@type\":\"CommentAction\",\"name\":\"Comment\",\"target\":[\"https:\\\/\\\/www.jazzzeitung.de\\\/cms\\\/2020\\\/03\\\/emotion-und-freigeist-emile-parisien-quartett-im-essener-grillo-theater\\\/#respond\"]}]},{\"@type\":\"WebPage\",\"@id\":\"https:\\\/\\\/www.jazzzeitung.de\\\/cms\\\/2020\\\/03\\\/emotion-und-freigeist-emile-parisien-quartett-im-essener-grillo-theater\\\/\",\"url\":\"https:\\\/\\\/www.jazzzeitung.de\\\/cms\\\/2020\\\/03\\\/emotion-und-freigeist-emile-parisien-quartett-im-essener-grillo-theater\\\/\",\"name\":\"Emotion und Freigeist: Emile Parisien Quartett im Essener Grillo-Theater - JazzZeitung\",\"isPartOf\":{\"@id\":\"https:\\\/\\\/www.jazzzeitung.de\\\/cms\\\/#website\"},\"primaryImageOfPage\":{\"@id\":\"https:\\\/\\\/www.jazzzeitung.de\\\/cms\\\/2020\\\/03\\\/emotion-und-freigeist-emile-parisien-quartett-im-essener-grillo-theater\\\/#primaryimage\"},\"image\":{\"@id\":\"https:\\\/\\\/www.jazzzeitung.de\\\/cms\\\/2020\\\/03\\\/emotion-und-freigeist-emile-parisien-quartett-im-essener-grillo-theater\\\/#primaryimage\"},\"thumbnailUrl\":\"https:\\\/\\\/i0.wp.com\\\/www.jazzzeitung.de\\\/cms\\\/wp-content\\\/uploads\\\/2020\\\/03\\\/DSC08592a-scaled.jpg?fit=2489%2C2560&ssl=1\",\"datePublished\":\"2020-03-03T12:35:56+00:00\",\"breadcrumb\":{\"@id\":\"https:\\\/\\\/www.jazzzeitung.de\\\/cms\\\/2020\\\/03\\\/emotion-und-freigeist-emile-parisien-quartett-im-essener-grillo-theater\\\/#breadcrumb\"},\"inLanguage\":\"de\",\"potentialAction\":[{\"@type\":\"ReadAction\",\"target\":[\"https:\\\/\\\/www.jazzzeitung.de\\\/cms\\\/2020\\\/03\\\/emotion-und-freigeist-emile-parisien-quartett-im-essener-grillo-theater\\\/\"]}]},{\"@type\":\"ImageObject\",\"inLanguage\":\"de\",\"@id\":\"https:\\\/\\\/www.jazzzeitung.de\\\/cms\\\/2020\\\/03\\\/emotion-und-freigeist-emile-parisien-quartett-im-essener-grillo-theater\\\/#primaryimage\",\"url\":\"https:\\\/\\\/i0.wp.com\\\/www.jazzzeitung.de\\\/cms\\\/wp-content\\\/uploads\\\/2020\\\/03\\\/DSC08592a-scaled.jpg?fit=2489%2C2560&ssl=1\",\"contentUrl\":\"https:\\\/\\\/i0.wp.com\\\/www.jazzzeitung.de\\\/cms\\\/wp-content\\\/uploads\\\/2020\\\/03\\\/DSC08592a-scaled.jpg?fit=2489%2C2560&ssl=1\",\"width\":2489,\"height\":2560,\"caption\":\"\u00c9mile Parisien. Foto: Stefan Pieper\"},{\"@type\":\"BreadcrumbList\",\"@id\":\"https:\\\/\\\/www.jazzzeitung.de\\\/cms\\\/2020\\\/03\\\/emotion-und-freigeist-emile-parisien-quartett-im-essener-grillo-theater\\\/#breadcrumb\",\"itemListElement\":[{\"@type\":\"ListItem\",\"position\":1,\"name\":\"Startseite\",\"item\":\"https:\\\/\\\/www.jazzzeitung.de\\\/cms\\\/\"},{\"@type\":\"ListItem\",\"position\":2,\"name\":\"Emotion und Freigeist: Emile Parisien Quartett im Essener Grillo-Theater\"}]},{\"@type\":\"WebSite\",\"@id\":\"https:\\\/\\\/www.jazzzeitung.de\\\/cms\\\/#website\",\"url\":\"https:\\\/\\\/www.jazzzeitung.de\\\/cms\\\/\",\"name\":\"JazzZeitung\",\"description\":\"Jazz-News und Jazz-Kontroverses\",\"publisher\":{\"@id\":\"https:\\\/\\\/www.jazzzeitung.de\\\/cms\\\/#organization\"},\"potentialAction\":[{\"@type\":\"SearchAction\",\"target\":{\"@type\":\"EntryPoint\",\"urlTemplate\":\"https:\\\/\\\/www.jazzzeitung.de\\\/cms\\\/?s={search_term_string}\"},\"query-input\":{\"@type\":\"PropertyValueSpecification\",\"valueRequired\":true,\"valueName\":\"search_term_string\"}}],\"inLanguage\":\"de\"},{\"@type\":\"Organization\",\"@id\":\"https:\\\/\\\/www.jazzzeitung.de\\\/cms\\\/#organization\",\"name\":\"JazzZeitung online\",\"url\":\"https:\\\/\\\/www.jazzzeitung.de\\\/cms\\\/\",\"logo\":{\"@type\":\"ImageObject\",\"inLanguage\":\"de\",\"@id\":\"https:\\\/\\\/www.jazzzeitung.de\\\/cms\\\/#\\\/schema\\\/logo\\\/image\\\/\",\"url\":\"https:\\\/\\\/i0.wp.com\\\/www.jazzzeitung.de\\\/cms\\\/wp-content\\\/uploads\\\/2015\\\/08\\\/JAZZZEITUNGDE_Logo_Neu.png?fit=499%2C200&ssl=1\",\"contentUrl\":\"https:\\\/\\\/i0.wp.com\\\/www.jazzzeitung.de\\\/cms\\\/wp-content\\\/uploads\\\/2015\\\/08\\\/JAZZZEITUNGDE_Logo_Neu.png?fit=499%2C200&ssl=1\",\"width\":499,\"height\":200,\"caption\":\"JazzZeitung online\"},\"image\":{\"@id\":\"https:\\\/\\\/www.jazzzeitung.de\\\/cms\\\/#\\\/schema\\\/logo\\\/image\\\/\"},\"sameAs\":[\"https:\\\/\\\/www.facebook.com\\\/JazzZeitung\\\/\"]},{\"@type\":\"Person\",\"@id\":\"https:\\\/\\\/www.jazzzeitung.de\\\/cms\\\/#\\\/schema\\\/person\\\/2245b36b9cd1d24cea10f01c031fb92b\",\"name\":\"Redaktion JazzZeitung\",\"image\":{\"@type\":\"ImageObject\",\"inLanguage\":\"de\",\"@id\":\"https:\\\/\\\/i0.wp.com\\\/www.jazzzeitung.de\\\/cms\\\/wp-content\\\/uploads\\\/2015\\\/08\\\/JAZZZEITUNGDE_Logo_Neu.png?resize=96%2C96&ssl=159975dcacb611b5700bd619b5daf0a7a\",\"url\":\"https:\\\/\\\/i0.wp.com\\\/www.jazzzeitung.de\\\/cms\\\/wp-content\\\/uploads\\\/2015\\\/08\\\/JAZZZEITUNGDE_Logo_Neu.png?resize=96%2C96&ssl=1\",\"contentUrl\":\"https:\\\/\\\/i0.wp.com\\\/www.jazzzeitung.de\\\/cms\\\/wp-content\\\/uploads\\\/2015\\\/08\\\/JAZZZEITUNGDE_Logo_Neu.png?resize=96%2C96&ssl=1\",\"caption\":\"Redaktion JazzZeitung\"},\"description\":\"Artikel der Redaktion der JazzZeitung.\",\"sameAs\":[\"http:\\\/\\\/www.jazzzeitung.de\\\/cms\\\/\"],\"url\":\"https:\\\/\\\/www.jazzzeitung.de\\\/cms\\\/author\\\/redaktion\\\/\"}]}<\/script>\n<!-- \/ Yoast SEO plugin. -->","yoast_head_json":{"title":"Emotion und Freigeist: Emile Parisien Quartett im Essener Grillo-Theater - JazzZeitung","robots":{"index":"index","follow":"follow","max-snippet":"max-snippet:-1","max-image-preview":"max-image-preview:large","max-video-preview":"max-video-preview:-1"},"canonical":"https:\/\/www.jazzzeitung.de\/cms\/2020\/03\/emotion-und-freigeist-emile-parisien-quartett-im-essener-grillo-theater\/","og_locale":"de_DE","og_type":"article","og_title":"Emotion und Freigeist: Emile Parisien Quartett im Essener Grillo-Theater - JazzZeitung","og_description":"Emile Parisien habe in der letzten Zeit viel \u00fcber Digitalisierung, \u00fcber die Sogwirkung von Bildschirmger\u00e4ten und \u00fcber Multi-Tasking nachgedacht. So umriss der Saxophonspieler aus Okzitanien\u00a0 zur Begr\u00fc\u00dfung seines Publikum die programmatische Idee zum neuen Album \u201eDouble Screening\u201c &#8211;\u00a0 und dies setzte auch die Koordinaten bei einem Live-Konzert in perfekter Kollektiv-Chemie.\u00a0 Die Band wurde im Essener Grillotheater begeistert gefeiert! Die Antworten auf zuviel digitale Verzettelei finden auf der Liveb\u00fchne in Essen dann aber so analog und musikalisch entschlossen wie nur m\u00f6glich statt. Unersch\u00f6pfliche Weiten, die gar kein WWW brauchen, tun sich angesichts der riesigen Fantasie aller vier Spieler an diesem Konzertabend allemal auf. Allein Parisiens Tongebung und Klangkultur auf dem Instrument ist schon Abendprogramm genug: Oft wie ein orientalisches Blasinstrument beschw\u00f6rend und trotz der hohen Tonlage des Soprans irgendwie auch mystisch dunkel, dabei gerne latent orientalistisch die Intervalle verschleifend &#8211; so mutet sein Spiel \u00fcber weite Strecken an. Bei allem Freigeist wird immer wieder dezidiert in klar definierte Jazz-Diktionen vorgesto\u00dfen &#8211; ja, es nimmt den Atem, wie diese Band swingen kann! Solche aberwitzig synkopengespickten Highspeed-Neobop-H\u00f6llenritte sind immer wieder Fazit der vorausgegangenen instrumentalen Fantasiereisen. Aber auch Bindeglied, &hellip;","og_url":"https:\/\/www.jazzzeitung.de\/cms\/2020\/03\/emotion-und-freigeist-emile-parisien-quartett-im-essener-grillo-theater\/","og_site_name":"JazzZeitung","article_publisher":"https:\/\/www.facebook.com\/JazzZeitung\/","article_published_time":"2020-03-03T12:35:56+00:00","og_image":[{"width":2489,"height":2560,"url":"https:\/\/i0.wp.com\/www.jazzzeitung.de\/cms\/wp-content\/uploads\/2020\/03\/DSC08592a-scaled.jpg?fit=2489%2C2560&ssl=1","type":"image\/jpeg"}],"author":"Redaktion JazzZeitung","schema":{"@context":"https:\/\/schema.org","@graph":[{"@type":"Article","@id":"https:\/\/www.jazzzeitung.de\/cms\/2020\/03\/emotion-und-freigeist-emile-parisien-quartett-im-essener-grillo-theater\/#article","isPartOf":{"@id":"https:\/\/www.jazzzeitung.de\/cms\/2020\/03\/emotion-und-freigeist-emile-parisien-quartett-im-essener-grillo-theater\/"},"author":{"name":"Redaktion JazzZeitung","@id":"https:\/\/www.jazzzeitung.de\/cms\/#\/schema\/person\/2245b36b9cd1d24cea10f01c031fb92b"},"headline":"Emotion und Freigeist: Emile Parisien Quartett im Essener Grillo-Theater","datePublished":"2020-03-03T12:35:56+00:00","mainEntityOfPage":{"@id":"https:\/\/www.jazzzeitung.de\/cms\/2020\/03\/emotion-und-freigeist-emile-parisien-quartett-im-essener-grillo-theater\/"},"wordCount":482,"commentCount":0,"publisher":{"@id":"https:\/\/www.jazzzeitung.de\/cms\/#organization"},"image":{"@id":"https:\/\/www.jazzzeitung.de\/cms\/2020\/03\/emotion-und-freigeist-emile-parisien-quartett-im-essener-grillo-theater\/#primaryimage"},"thumbnailUrl":"https:\/\/i0.wp.com\/www.jazzzeitung.de\/cms\/wp-content\/uploads\/2020\/03\/DSC08592a-scaled.jpg?fit=2489%2C2560&ssl=1","keywords":["Album","Birdland","Chemie","Digitalisierung","Essen","Fotos","Freejazz","Jazz","Konzert","Live","Neuburg","Quartett","S","Schlagzeuger","Stefan Pieper"],"articleSection":["Bericht","Galerie"],"inLanguage":"de","potentialAction":[{"@type":"CommentAction","name":"Comment","target":["https:\/\/www.jazzzeitung.de\/cms\/2020\/03\/emotion-und-freigeist-emile-parisien-quartett-im-essener-grillo-theater\/#respond"]}]},{"@type":"WebPage","@id":"https:\/\/www.jazzzeitung.de\/cms\/2020\/03\/emotion-und-freigeist-emile-parisien-quartett-im-essener-grillo-theater\/","url":"https:\/\/www.jazzzeitung.de\/cms\/2020\/03\/emotion-und-freigeist-emile-parisien-quartett-im-essener-grillo-theater\/","name":"Emotion und Freigeist: Emile Parisien Quartett im Essener Grillo-Theater - JazzZeitung","isPartOf":{"@id":"https:\/\/www.jazzzeitung.de\/cms\/#website"},"primaryImageOfPage":{"@id":"https:\/\/www.jazzzeitung.de\/cms\/2020\/03\/emotion-und-freigeist-emile-parisien-quartett-im-essener-grillo-theater\/#primaryimage"},"image":{"@id":"https:\/\/www.jazzzeitung.de\/cms\/2020\/03\/emotion-und-freigeist-emile-parisien-quartett-im-essener-grillo-theater\/#primaryimage"},"thumbnailUrl":"https:\/\/i0.wp.com\/www.jazzzeitung.de\/cms\/wp-content\/uploads\/2020\/03\/DSC08592a-scaled.jpg?fit=2489%2C2560&ssl=1","datePublished":"2020-03-03T12:35:56+00:00","breadcrumb":{"@id":"https:\/\/www.jazzzeitung.de\/cms\/2020\/03\/emotion-und-freigeist-emile-parisien-quartett-im-essener-grillo-theater\/#breadcrumb"},"inLanguage":"de","potentialAction":[{"@type":"ReadAction","target":["https:\/\/www.jazzzeitung.de\/cms\/2020\/03\/emotion-und-freigeist-emile-parisien-quartett-im-essener-grillo-theater\/"]}]},{"@type":"ImageObject","inLanguage":"de","@id":"https:\/\/www.jazzzeitung.de\/cms\/2020\/03\/emotion-und-freigeist-emile-parisien-quartett-im-essener-grillo-theater\/#primaryimage","url":"https:\/\/i0.wp.com\/www.jazzzeitung.de\/cms\/wp-content\/uploads\/2020\/03\/DSC08592a-scaled.jpg?fit=2489%2C2560&ssl=1","contentUrl":"https:\/\/i0.wp.com\/www.jazzzeitung.de\/cms\/wp-content\/uploads\/2020\/03\/DSC08592a-scaled.jpg?fit=2489%2C2560&ssl=1","width":2489,"height":2560,"caption":"\u00c9mile Parisien. Foto: Stefan Pieper"},{"@type":"BreadcrumbList","@id":"https:\/\/www.jazzzeitung.de\/cms\/2020\/03\/emotion-und-freigeist-emile-parisien-quartett-im-essener-grillo-theater\/#breadcrumb","itemListElement":[{"@type":"ListItem","position":1,"name":"Startseite","item":"https:\/\/www.jazzzeitung.de\/cms\/"},{"@type":"ListItem","position":2,"name":"Emotion und Freigeist: Emile Parisien Quartett im Essener Grillo-Theater"}]},{"@type":"WebSite","@id":"https:\/\/www.jazzzeitung.de\/cms\/#website","url":"https:\/\/www.jazzzeitung.de\/cms\/","name":"JazzZeitung","description":"Jazz-News und Jazz-Kontroverses","publisher":{"@id":"https:\/\/www.jazzzeitung.de\/cms\/#organization"},"potentialAction":[{"@type":"SearchAction","target":{"@type":"EntryPoint","urlTemplate":"https:\/\/www.jazzzeitung.de\/cms\/?s={search_term_string}"},"query-input":{"@type":"PropertyValueSpecification","valueRequired":true,"valueName":"search_term_string"}}],"inLanguage":"de"},{"@type":"Organization","@id":"https:\/\/www.jazzzeitung.de\/cms\/#organization","name":"JazzZeitung online","url":"https:\/\/www.jazzzeitung.de\/cms\/","logo":{"@type":"ImageObject","inLanguage":"de","@id":"https:\/\/www.jazzzeitung.de\/cms\/#\/schema\/logo\/image\/","url":"https:\/\/i0.wp.com\/www.jazzzeitung.de\/cms\/wp-content\/uploads\/2015\/08\/JAZZZEITUNGDE_Logo_Neu.png?fit=499%2C200&ssl=1","contentUrl":"https:\/\/i0.wp.com\/www.jazzzeitung.de\/cms\/wp-content\/uploads\/2015\/08\/JAZZZEITUNGDE_Logo_Neu.png?fit=499%2C200&ssl=1","width":499,"height":200,"caption":"JazzZeitung online"},"image":{"@id":"https:\/\/www.jazzzeitung.de\/cms\/#\/schema\/logo\/image\/"},"sameAs":["https:\/\/www.facebook.com\/JazzZeitung\/"]},{"@type":"Person","@id":"https:\/\/www.jazzzeitung.de\/cms\/#\/schema\/person\/2245b36b9cd1d24cea10f01c031fb92b","name":"Redaktion JazzZeitung","image":{"@type":"ImageObject","inLanguage":"de","@id":"https:\/\/i0.wp.com\/www.jazzzeitung.de\/cms\/wp-content\/uploads\/2015\/08\/JAZZZEITUNGDE_Logo_Neu.png?resize=96%2C96&ssl=159975dcacb611b5700bd619b5daf0a7a","url":"https:\/\/i0.wp.com\/www.jazzzeitung.de\/cms\/wp-content\/uploads\/2015\/08\/JAZZZEITUNGDE_Logo_Neu.png?resize=96%2C96&ssl=1","contentUrl":"https:\/\/i0.wp.com\/www.jazzzeitung.de\/cms\/wp-content\/uploads\/2015\/08\/JAZZZEITUNGDE_Logo_Neu.png?resize=96%2C96&ssl=1","caption":"Redaktion JazzZeitung"},"description":"Artikel der Redaktion der JazzZeitung.","sameAs":["http:\/\/www.jazzzeitung.de\/cms\/"],"url":"https:\/\/www.jazzzeitung.de\/cms\/author\/redaktion\/"}]}},"wp-worthy-pixel":{"ignored":false,"public":null,"server":null,"url":null},"wp-worthy-type":"normal","jetpack_publicize_connections":[],"cc_featured_image_caption":{"caption_text":"","source_text":"","source_url":""},"jetpack_featured_media_url":"https:\/\/i0.wp.com\/www.jazzzeitung.de\/cms\/wp-content\/uploads\/2020\/03\/DSC08592a-scaled.jpg?fit=2489%2C2560&ssl=1","jetpack_shortlink":"https:\/\/wp.me\/p3KEcT-5JM","jetpack-related-posts":[{"id":12029,"url":"https:\/\/www.jazzzeitung.de\/cms\/2017\/03\/isabella-lundgren-statt-camille-osullivan-bei-jazzopen-in-stuttgart\/","url_meta":{"origin":22058,"position":0},"title":"+++Julia H\u00fclsmann auf Deutschland-Tour+++Deutsch-franz\u00f6sischer Jazz-Gipfel+++Isabella Lundgren statt Camille O\u2018Sullivan bei jazzopen in Stuttgart","author":"Redaktion JazzZeitung","date":"30. M\u00e4rz 2017","format":false,"excerpt":"+++Julia H\u00fclsmann in der Unterfahrt und anderswo+++ Am 06.04.2017 um 21:00h gastiert Julia H\u00fclsmann mit ihrem Trio in der M\u00fcnchner Unterfahrt und pr\u00e4sentiert ihr aktuelles, gerade auf ECM erschienenes Album \u201eSooner Or Later\u201c. Nach \u201cEnd of Summer\u201c sowie dem Folgealbum \u201eImprint\u201c folgten zwei Quartett-Aufnahmen, jeweils mit dem Trompeter Tom Arthurs\u2026","rel":"","context":"In &quot;News&quot;","block_context":{"text":"News","link":"https:\/\/www.jazzzeitung.de\/cms\/thema\/nachrichten\/"},"img":{"alt_text":"","src":"https:\/\/i0.wp.com\/www.jazzzeitung.de\/cms\/wp-content\/uploads\/2017\/03\/P1120001-H%C3%BClsmann-Foto-TJ-Krebs-150x150.jpg?resize=350%2C200","width":350,"height":200},"classes":[]},{"id":2239,"url":"https:\/\/www.jazzzeitung.de\/cms\/2013\/09\/angelika-niescier-erhaelt-den-16-essener-jazz-pott\/","url_meta":{"origin":22058,"position":1},"title":"Angelika Niescier erh\u00e4lt den 16. Essener \u201eJazz Pott\u201c","author":"Ursula Gaisa","date":"17. September 2013","format":false,"excerpt":"Preisverleihung und Konzert am 1. Oktober im Grillo-Theater Essen. Der 16. Essener \u201eJazz Pott\u201c geht an die Saxophonistin Angelika Niescier. Die Folkwang-Absolventin z\u00e4hlt zu den r\u00fchrigsten Musikerinnen der Szene. 2000 gr\u00fcndete die in Polen (Stettin) geborenen Ausnahme-Jazzerin ihr famoses Quartett \u201eSublim\u201c, mit dem sie beim Preisverleihungskonzert am Dienstag, dem 1.\u2026","rel":"","context":"In &quot;News&quot;","block_context":{"text":"News","link":"https:\/\/www.jazzzeitung.de\/cms\/thema\/nachrichten\/"},"img":{"alt_text":"Foto: Helmut Berns","src":"https:\/\/i0.wp.com\/www.jazzzeitung.de\/cms\/wp-content\/uploads\/2013\/09\/Niescier-Angelika_Foto_Helmut-Berns-300x183.jpg?resize=350%2C200","width":350,"height":200},"classes":[]},{"id":20685,"url":"https:\/\/www.jazzzeitung.de\/cms\/2019\/09\/news-13-bayreuther-jazz-november-2019-das-essen-jazz-orchestra-erhaelt-den-jazz-pott-2019\/","url_meta":{"origin":22058,"position":2},"title":"+++ News +++ 13. Bayreuther Jazz-November 2019 +++ Das Essen Jazz Orchestra erh\u00e4lt den \u201eJazz Pott\u201c 2019 +++","author":"Redaktion JazzZeitung","date":"16. September 2019","format":false,"excerpt":"+++ 13. Bayreuther Jazz-November 2019 +++ Der 13. Bayreuther Jazznovember zeigt vom 7. bis zum 10. November viele Facetten: Die Spannweite reicht vom Pianoabend im gro\u00dfen Konzertsaal \u00fcber die Tanzparty im Frisco bis zum experimentellen Crossover auf der Kellerb\u00fchne. Die auftretenden K\u00fcnstler sehen aus ganz unterschiedlichen Blickwinkeln aufs Leben, und\u2026","rel":"","context":"In &quot;News&quot;","block_context":{"text":"News","link":"https:\/\/www.jazzzeitung.de\/cms\/thema\/nachrichten\/"},"img":{"alt_text":"","src":"https:\/\/i0.wp.com\/www.jazzzeitung.de\/cms\/wp-content\/uploads\/2019\/09\/Wallace-Roney-by-H-J-Maquet.jpg?fit=1200%2C866&ssl=1&resize=350%2C200","width":350,"height":200,"srcset":"https:\/\/i0.wp.com\/www.jazzzeitung.de\/cms\/wp-content\/uploads\/2019\/09\/Wallace-Roney-by-H-J-Maquet.jpg?fit=1200%2C866&ssl=1&resize=350%2C200 1x, https:\/\/i0.wp.com\/www.jazzzeitung.de\/cms\/wp-content\/uploads\/2019\/09\/Wallace-Roney-by-H-J-Maquet.jpg?fit=1200%2C866&ssl=1&resize=525%2C300 1.5x, https:\/\/i0.wp.com\/www.jazzzeitung.de\/cms\/wp-content\/uploads\/2019\/09\/Wallace-Roney-by-H-J-Maquet.jpg?fit=1200%2C866&ssl=1&resize=700%2C400 2x, https:\/\/i0.wp.com\/www.jazzzeitung.de\/cms\/wp-content\/uploads\/2019\/09\/Wallace-Roney-by-H-J-Maquet.jpg?fit=1200%2C866&ssl=1&resize=1050%2C600 3x"},"classes":[]},{"id":9638,"url":"https:\/\/www.jazzzeitung.de\/cms\/2016\/07\/der-jazz-pott-2016-geht-jochen-rueckert\/","url_meta":{"origin":22058,"position":3},"title":"Der \u201eJazz Pott\u201c 2016 geht an Jochen R\u00fcckert","author":"Redaktion JazzZeitung","date":"11. Juli 2016","format":false,"excerpt":"Auch in diesem Herbst beginnt die \u201eJazz in Essen\u201c-Saison mit der traditionellen \u201eJazz Pott\u201c-Verleihung. Der diesj\u00e4hrige Preistr\u00e4ger ist einer der wenigen deutschen Musiker, die auch in der Jazzmetropole New York Fu\u00df fassen konnten: der Schlagzeuger Jochen R\u00fcckert. 1975 in D\u00fcren bei K\u00f6ln geboren, begann R\u00fcckert im Alter von sechs Jahren\u2026","rel":"","context":"In &quot;News&quot;","block_context":{"text":"News","link":"https:\/\/www.jazzzeitung.de\/cms\/thema\/nachrichten\/"},"img":{"alt_text":"Jochen Rueckert","src":"https:\/\/i0.wp.com\/www.jazzzeitung.de\/cms\/wp-content\/uploads\/2016\/07\/Jochen_Rueckert_by_Konstantin_Kern_klein-150x150.jpg?resize=350%2C200","width":350,"height":200},"classes":[]},{"id":21257,"url":"https:\/\/www.jazzzeitung.de\/cms\/2019\/11\/news-jahrespreis-der-dsk-fuer-emile-parisien-quartet-jazzkonzerte-in-northeimgoettingen-konzertfinale-junger-muenchner-jazzpreis-2019\/","url_meta":{"origin":22058,"position":4},"title":"+++ news +++ Jahrespreis der DSK f\u00fcr Emile Parisien Quartet +++ Jazzkonzerte in Northeim\/G\u00f6ttingen +++ Konzertfinale Junger M\u00fcnchner Jazzpreis 2019 +++","author":"Redaktion JazzZeitung","date":"5. November 2019","format":false,"excerpt":"+++ Jahrespreis der deutschen Schallplattenkritik f\u00fcr Emile Parisien Quartet \"Double Screening\" +++ Die Jury des wichtigsten deutschen Musik-Kritikerpreises hat \"Double Screening\" des franz\u00f6sischen Saxofonisten Emile Parisien unter die elf besten Alben des Jahres 2019 gew\u00e4hlt. \u00dcberreicht wurde die Auszeichnung am 28.10. auf Schloss Elmau von Jurymitglied und Musikjournalist Ralf Dombrowski.\u2026","rel":"","context":"In &quot;News&quot;","block_context":{"text":"News","link":"https:\/\/www.jazzzeitung.de\/cms\/thema\/nachrichten\/"},"img":{"alt_text":"","src":"https:\/\/i0.wp.com\/www.jazzzeitung.de\/cms\/wp-content\/uploads\/2019\/11\/DSC00276-Emile-Parisien-Quartet-Urkunde-c-Ralf-Dombrowski.jpg?fit=1200%2C800&ssl=1&resize=350%2C200","width":350,"height":200,"srcset":"https:\/\/i0.wp.com\/www.jazzzeitung.de\/cms\/wp-content\/uploads\/2019\/11\/DSC00276-Emile-Parisien-Quartet-Urkunde-c-Ralf-Dombrowski.jpg?fit=1200%2C800&ssl=1&resize=350%2C200 1x, https:\/\/i0.wp.com\/www.jazzzeitung.de\/cms\/wp-content\/uploads\/2019\/11\/DSC00276-Emile-Parisien-Quartet-Urkunde-c-Ralf-Dombrowski.jpg?fit=1200%2C800&ssl=1&resize=525%2C300 1.5x, https:\/\/i0.wp.com\/www.jazzzeitung.de\/cms\/wp-content\/uploads\/2019\/11\/DSC00276-Emile-Parisien-Quartet-Urkunde-c-Ralf-Dombrowski.jpg?fit=1200%2C800&ssl=1&resize=700%2C400 2x, https:\/\/i0.wp.com\/www.jazzzeitung.de\/cms\/wp-content\/uploads\/2019\/11\/DSC00276-Emile-Parisien-Quartet-Urkunde-c-Ralf-Dombrowski.jpg?fit=1200%2C800&ssl=1&resize=1050%2C600 3x"},"classes":[]},{"id":23209,"url":"https:\/\/www.jazzzeitung.de\/cms\/2020\/08\/julia-kadel-erhaelt-den-essener-jazz-pott-2020\/","url_meta":{"origin":22058,"position":5},"title":"Julia Kadel erh\u00e4lt den Essener \u201eJazz Pott\u201c 2020","author":"Redaktion JazzZeitung","date":"19. August 2020","format":false,"excerpt":"Die Auswahljury der Reihe \u201eJazz in Essen\u201c unter der Leitung von Dr. Berthold Klostermann verleiht in diesem Jahr den Preis f\u00fcr innovative Jazzmusiker \u2013 den \u201eJazz Pott\u201c \u2013 \u00a0an Julia Kadel. Das Preisgeld in H\u00f6he von 2.000 Euro wird von dem Essener Kabarettisten Hagen Rether gestiftet. Die 23. Preistr\u00e4gerin und\u2026","rel":"","context":"In &quot;News&quot;","block_context":{"text":"News","link":"https:\/\/www.jazzzeitung.de\/cms\/thema\/nachrichten\/"},"img":{"alt_text":"","src":"https:\/\/i0.wp.com\/www.jazzzeitung.de\/cms\/wp-content\/uploads\/2020\/08\/Julia-Kadel-c-Lisa-Wassmann_01_klein-scaled-e1597750365495.jpg?fit=1200%2C939&ssl=1&resize=350%2C200","width":350,"height":200,"srcset":"https:\/\/i0.wp.com\/www.jazzzeitung.de\/cms\/wp-content\/uploads\/2020\/08\/Julia-Kadel-c-Lisa-Wassmann_01_klein-scaled-e1597750365495.jpg?fit=1200%2C939&ssl=1&resize=350%2C200 1x, https:\/\/i0.wp.com\/www.jazzzeitung.de\/cms\/wp-content\/uploads\/2020\/08\/Julia-Kadel-c-Lisa-Wassmann_01_klein-scaled-e1597750365495.jpg?fit=1200%2C939&ssl=1&resize=525%2C300 1.5x, https:\/\/i0.wp.com\/www.jazzzeitung.de\/cms\/wp-content\/uploads\/2020\/08\/Julia-Kadel-c-Lisa-Wassmann_01_klein-scaled-e1597750365495.jpg?fit=1200%2C939&ssl=1&resize=700%2C400 2x, https:\/\/i0.wp.com\/www.jazzzeitung.de\/cms\/wp-content\/uploads\/2020\/08\/Julia-Kadel-c-Lisa-Wassmann_01_klein-scaled-e1597750365495.jpg?fit=1200%2C939&ssl=1&resize=1050%2C600 3x"},"classes":[]}],"jetpack_sharing_enabled":true,"_links":{"self":[{"href":"https:\/\/www.jazzzeitung.de\/cms\/wp-json\/wp\/v2\/posts\/22058","targetHints":{"allow":["GET"]}}],"collection":[{"href":"https:\/\/www.jazzzeitung.de\/cms\/wp-json\/wp\/v2\/posts"}],"about":[{"href":"https:\/\/www.jazzzeitung.de\/cms\/wp-json\/wp\/v2\/types\/post"}],"author":[{"embeddable":true,"href":"https:\/\/www.jazzzeitung.de\/cms\/wp-json\/wp\/v2\/users\/18"}],"replies":[{"embeddable":true,"href":"https:\/\/www.jazzzeitung.de\/cms\/wp-json\/wp\/v2\/comments?post=22058"}],"version-history":[{"count":3,"href":"https:\/\/www.jazzzeitung.de\/cms\/wp-json\/wp\/v2\/posts\/22058\/revisions"}],"predecessor-version":[{"id":22067,"href":"https:\/\/www.jazzzeitung.de\/cms\/wp-json\/wp\/v2\/posts\/22058\/revisions\/22067"}],"wp:featuredmedia":[{"embeddable":true,"href":"https:\/\/www.jazzzeitung.de\/cms\/wp-json\/wp\/v2\/media\/22061"}],"wp:attachment":[{"href":"https:\/\/www.jazzzeitung.de\/cms\/wp-json\/wp\/v2\/media?parent=22058"}],"wp:term":[{"taxonomy":"category","embeddable":true,"href":"https:\/\/www.jazzzeitung.de\/cms\/wp-json\/wp\/v2\/categories?post=22058"},{"taxonomy":"post_tag","embeddable":true,"href":"https:\/\/www.jazzzeitung.de\/cms\/wp-json\/wp\/v2\/tags?post=22058"},{"taxonomy":"author","embeddable":true,"href":"https:\/\/www.jazzzeitung.de\/cms\/wp-json\/wp\/v2\/coauthors?post=22058"}],"curies":[{"name":"wp","href":"https:\/\/api.w.org\/{rel}","templated":true}]}}