{"id":22055,"date":"2020-03-01T12:00:16","date_gmt":"2020-03-01T11:00:16","guid":{"rendered":"https:\/\/www.jazzzeitung.de\/cms\/?p=22055"},"modified":"2020-02-26T18:50:03","modified_gmt":"2020-02-26T17:50:03","slug":"jazzwoche_kw10","status":"publish","type":"post","link":"https:\/\/www.jazzzeitung.de\/cms\/2020\/03\/jazzwoche_kw10\/","title":{"rendered":"Die Jazz-Radiowoche vom 02.03.20 bis 08.03.20"},"content":{"rendered":"<p>Ein kleiner Blick in die Jazzwoche 10 im Radio. Die \u00dcbersicht zum <a href=\"https:\/\/service.conbrio.de\/service\/download\/278\/\">Download als PDF<\/a>. Alle Angaben ohne Gew\u00e4hr.<\/p>\n<hr \/>\n<h2>Jazz im Radio (Fernsehen)<\/h2>\n<ul>\n<li><strong>SR2<\/strong> \u2013 <a href=\"http:\/\/www.sr.de\/sr\/sr2\/sendungen_a-z\/uebersicht\/jazznow\/index.html\">JazzNow<\/a> \u2013 Sonntags von 20.04 bis 22.30 Uhr<\/li>\n<li><strong>BR-KLASSIK \u2013 <\/strong><a href=\"https:\/\/www.br-klassik.de\/themen\/jazz-und-weltmusik\/jazztime-die-ganze-welt-des-jazz-100.html\">Jazztime<\/a><strong> \u2013 <\/strong>Von Montag bis Freitag t\u00e4glich um 23.05 Uhr<\/li>\n<li><strong>rbb-kultur<\/strong> \u2013 <a href=\"https:\/\/www.kulturradio.de\/programm\/schema\/sendungen\/late_night_jazz.html\">Late Night Jazz<\/a> \u2013 Sa und So 23:04 \u2013 24:00 Uhr<\/li>\n<li><strong>hr2-kultur<\/strong> \u2013 <a href=\"http:\/\/www.hr2.de\/musik\/jazz\/index.html\">Jazz in hr2-kultur<\/a> \u2013 t\u00e4glich<\/li>\n<li><strong>SWR2<\/strong> \u2013 <a href=\"https:\/\/www.swr.de\/swr2\/programm\/sendungen\/jazz\/startseite-mit-vorschau\/-\/id=659242\/did=13778140\/nid=659242\/13ttn4d\/index.html\">Jazz<\/a> \u2013 t\u00e4glich<\/li>\n<li><strong>Deutschlandfunk<\/strong> \u2013 <a href=\"http:\/\/www.deutschlandfunk.de\/jazz.747.de.html\">Jazz (\u00dcberblick)<\/a> \u2013 <a href=\"http:\/\/www.deutschlandfunk.de\/jazz-live.822.de.html\">Jazz Live<\/a>, <a href=\"http:\/\/www.deutschlandfunk.de\/jazzfacts.824.de.html\">JazzFacts<\/a> und <a href=\"http:\/\/www.deutschlandfunk.de\/milestones.1805.de.html\">Milestones<\/a><\/li>\n<li><strong>Deutschlandfunk Kultur<\/strong> \u2013 <a href=\"http:\/\/www.deutschlandfunkkultur.de\/jazz.1142.de.html\">Jazz<\/a> \u2013 diverse Sendetermine<\/li>\n<li><strong>\u00d61 <\/strong>\u2013 <a href=\"https:\/\/oe1.orf.at\/programm\/\">diverse Sendetermine<\/a><\/li>\n<li><strong>ARTE TV<\/strong> \u2013 <a href=\"https:\/\/www.arte.tv\/de\/videos\/arte-concert\/jazz\/?xtor=AD-6-%5bMV_CFR_ARTE_DE_Google_GEN_GDN%5d-%5bGDN_GEN_Arte_Concerts_Jazz%5d-C-%5bjazz%20musik%5d\">Jazz<\/a><\/li>\n<\/ul>\n<p><strong>Periodika: Dauersendungen ohne gen\u00fcgend Infos \u2013 Tagesbegleitradio<\/strong><\/p>\n<ul>\n<li><strong>NDR Info <\/strong>\u2013 <strong>Play Jazz! Das Jazzmagazin<\/strong> 22:20 bis 23:00<\/li>\n<li><strong>MDR Kultur \u2013 Jazz <\/strong>19:05 bis 20:00<\/li>\n<li><strong>MDR Kultur \u2013<\/strong><strong>Jazz Lounge<\/strong> 19:35 bis 20:00<\/li>\n<li><strong>WDR3<\/strong> \u2013 Jazz &amp; World \u2013 Improvisiertes zum Tagesausklang \u2013 Montag bis Freitag, 22.04 \u2013 0:00 Uhr<\/li>\n<li><strong>WDR 3 Pers\u00f6nlich mit G\u00f6tz Alsmann<\/strong> 13:04 bis 15:00 (Samstags)<\/li>\n<\/ul>\n<hr \/>\n<h2>02.03.2020<\/h2>\n<hr \/>\n<p>17:50 bis 18:00 | SWR 2<br \/>\n<strong>SWR2 Jazz vor Sechs<\/strong><\/p>\n<p>19:04 bis 20:00 | hr2-kultur<br \/>\n<strong>H\u00f6rbar<\/strong><\/p>\n<p>22:04 bis 00:00 | WDR 3<br \/>\n<strong>WDR 3 Jazz &amp; World<\/strong><\/p>\n<p>22:05 bis 23:00 | NDR Info<br \/>\n<strong>Play Jazz! Das Jazzmagazin \u2013 Mit Mauretta Heinzelmann<\/strong><\/p>\n<p style=\"padding-left: 40px;\">Das Magazin aus der Welt des Jazz. Auf dem Programm stehen aktuelle CDs (darunter das \u201eAlbum der Woche\u201c) und Klassiker, Portr\u00e4ts von K\u00fcnstlern und Plattenfirmen, Konzerte, B\u00fccher und Filme.<\/p>\n<p style=\"padding-left: 40px;\">Play Jazz! sp\u00fcrt Trends nach und erinnert in der Rubrik \u201eRemember\u201c an die gro\u00dfen Momente der Jazzgeschichte. Im \u201eFenster nach Europa\u201c gibt es regelm\u00e4\u00dfig H\u00f6hepunkte von allen bedeutenden europ\u00e4ischen Jazzfestivals.<\/p>\n<p style=\"padding-left: 40px;\">Play Jazz! blickt auf die Jazz Szene im Sendegebiet und informiert in Interviews und Reportagen \u00fcber die Arbeit von Clubs, Jazzinitiativen und Festivals in Norddeutschland.<\/p>\n<p>22:30 bis 23:00 | hr2-kultur<br \/>\n<strong>Jazz Now: Aus dem Dschungel der Neuver\u00f6ffentlichungen | Am Mikrofon: Guenter Hottmann<\/strong><\/p>\n<p>23:05 bis 00:00 | BR-KLASSIK<br \/>\n<strong>Jazztime: Jazztoday \u2013 Die Pianistin Anke Helfrich zu Gast im Studio<\/strong><\/p>\n<p style=\"padding-left: 40px;\">Mit Musik von Geri Allen, Roy Hargrove, Les McCann und Anke Helfrich. Moderation: Roland Spiegel. Die deutsche Pianistin Anke Helfrich wuchs in Namibia und Deutschland auf, studierte in den Niederlanden und geh\u00f6rt seit zwei Jahrzehnten zu den vielbeachteten Instrumentalistinnen des Jazz in Europa.<\/p>\n<hr \/>\n<h2>03.03.2020<\/h2>\n<hr \/>\n<p>01:05 bis 05:00 | Deutschlandfunk Kultur<br \/>\n<strong>Tonart: Jazz \u2013 Moderation: Vincent Neumann<\/strong><\/p>\n<p>17:50 bis 18:00 | SWR 2<br \/>\n<strong>SWR2 Jazz vor Sechs<\/strong><\/p>\n<p>21:03 bis 22:00 | SWR 2<br \/>\n<strong>SWR2 Jazz Session: Jazz Alpin \u2013 H\u00f6hepunkte vom 40. Internationalen Jazzfestival Saalfelden 2019 (3)<\/strong><\/p>\n<p style=\"padding-left: 40px;\">Mit Joshua Redman\u2019s Still Dreaming. Von Gerd Filtgen. Beim Abschlusskonzert des 40. Jazzfestivals Saalfelden stand der Tenorsaxofonist Joshua Redman auf der B\u00fchne. Bei seinem Auftritt verneigte er sich vor der Musik der legend\u00e4ren Jazz-Band \u201eOld And New Dreams\u201c, in der sein Vater Dewey Redman Saxofon gespielt hatte. Eine Retrospektive also, aber eine, die einen magischen Sog entfaltete. Joshua Redman trumpfte mit zeitgem\u00e4\u00dfen Improvisationen auf. Im Austausch mit dem Leader sorgten der Trompeter Ron Miles, der Bassist Scott Colley und der Schlagzeuger Dave King f\u00fcr musikalische Hochspannung.<\/p>\n<p>21:05 bis 22:00 | Deutschlandfunk<br \/>\n<strong>Jazz Live: Melissa Aldana Quartet<\/strong><\/p>\n<p style=\"padding-left: 40px;\">Melissa Aldana, Tenorsaxofon; Lage Lund, Gitarre; Pablo Menares, Bass; Kush Abadey, Schlagzeug. Aufnahme vom 2.11.2019 aus dem A-Trane beim Jazzfest Berlin. Am Mikrofon: Odilo Clausnitzer<\/p>\n<p style=\"padding-left: 40px;\">Von einem gro\u00dfen Onlinemagazin wurde Melissa Aldana unl\u00e4ngst zur wichtigsten von 12 Frauen gew\u00e4hlt, die dabei sind, die Zukunft des Jazz zu pr\u00e4gen. Die in Santiago de Chile geborene Saxofonistin l\u00e4sst mit Herz, Hirn und Technik die gro\u00dfe Tenor-Tradition des Jazz weiterleben. Mit 18 Jahren zog Melissa Aldana aus Chile in die USA, um an der renommierten Berklee School of Music zu studieren. Sieben Jahre sp\u00e4ter gewann sie die Thelonious Monk Competition, den bedeutendsten Jazz-Wettbewerb der Welt. Stilistisch orientierte sie sich zun\u00e4chst an den historischen Gr\u00f6\u00dfen Sonny Rollins und Joe Henderson; heute ist ihr Sound st\u00e4rker zeitgen\u00f6ssisch ausgerichtet. Nur wenige T\u00f6ne von ihr, und es ist klar: Hier spielt jemand mit ganzem Einsatz und auf volles Risiko. So auch bei ihrem Club-Auftritt im Rahmen des Jazzfests Berlin. Dort pr\u00e4sentierte Aldana das Programm ihrer j\u00fcngsten Platte ,Visions\u2019. Dazu hatte sie sich von den Bildern Frida Kahlos inspirieren lassen.<\/p>\n<p>22:00 bis 00:00 | Bremen Zwei<br \/>\n<strong>Jazz Grooves<\/strong><\/p>\n<p style=\"padding-left: 40px;\">Die ganze Welt des Jazz. Blue Note, Big Band, Neuerscheinungen und bekannte Stars \u2013 und Tipps zum Konzertgeschehen in Bremen und der Region.<\/p>\n<p>22:04 bis 00:00 | WDR 3<br \/>\n<strong>WDR 3 Jazz &amp; World<\/strong><\/p>\n<p>22:05 bis 23:00 | NDR Info<br \/>\n<strong>Play Jazz! Das Jazzmagazin \u2013 Mit Mauretta Heinzelmann<\/strong><\/p>\n<p>22:30 bis 23:00 | hr2-kultur<br \/>\n<strong>Jazzgroove: An den R\u00e4ndern des Jazz | Am Mikrofon: Guenter Hottmann<\/strong><\/p>\n<p>23:05 bis 00:00 | BR-KLASSIK<br \/>\n<strong>Jazztime: News &amp; Roots<\/strong><\/p>\n<p style=\"padding-left: 40px;\">Neuer deutscher Klavierjazz: mit dem \u201eFrankfurt Jazz Trio\u201c feat. Martin Sasse, dem Christof S\u00e4nger Trio feat. Ken Peplowski und mit dem Duo Christian Elin\/Maruan Sakas. Moderation und Auswahl: Henning Sieverts<\/p>\n<hr \/>\n<h2>04.03.2020<\/h2>\n<hr \/>\n<p>17:50 bis 18:00 | SWR 2<br \/>\n<strong>SWR2 Jazz vor Sechs<\/strong><\/p>\n<p>19:05 bis 20:00 | BR-KLASSIK<br \/>\n<strong>Classic Sounds in Jazz: \u201eHer Sound\u201c<\/strong><\/p>\n<p style=\"padding-left: 40px;\">Aufnahmen mit Julia H\u00fclsmann, Ingrid Jensen, Geraldine Laurent, Maria Schneider, Hazel Scott, Nina Simone, Esperanza Spalding, Aki Takase und Dawn Upshaw. Moderation und Auswahl: Beate Sampson<\/p>\n<p>22:04 bis 00:00 | WDR 3<br \/>\n<strong>WDR 3 Jazz &amp; World<\/strong><\/p>\n<p>22:05 bis 23:00 | NDR Info<br \/>\n<strong>Play Jazz! Das Jazzmagazin \u2013 Mit Mauretta Heinzelmann<\/strong><\/p>\n<p>22:30 bis 23:00 | hr2-kultur<br \/>\n<strong>Jazzfacts: What\u2019s going on? \u2013 Features, Interviews und was die Szene (um-)treibt |<\/strong><\/p>\n<p>23:05 bis 00:00 | BR-KLASSIK<br \/>\n<strong>Jazztime: Jazz aus N\u00fcrnberg: Jazz &amp; Beyond \u2013 \u201eWomen\u2019s choice\u201c<\/strong><\/p>\n<p style=\"padding-left: 40px;\">Mit Aufnahmen von Andrea Hermenau, Nicole Joh\u00e4nntgen, Eva Klesse und anderen. Moderation und Auswahl: Beatrix Gillmann<\/p>\n<p style=\"padding-left: 40px;\">Im fr\u00fchen Jazz hatten Frauen \u2013 mit Ausnahme von wenigen Musikerinnen wie etwa der Pianistin Lil Hardin Armstrong \u2013 vor allem die Aufgabe zu singen. Von den 1950er Jahren an gab es immer mehr Interpretinnen, die vom Instrument aus die musikalischen F\u00e4den im Labyrinth der T\u00f6ne auslegten \u2013 und heute ist es ganz selbstverst\u00e4ndlich, wenn eine Frau als Bandleaderin auf der B\u00fchne steht: Die 39-J\u00e4hrige Andrea Hermenau ist eine von ihnen; in M\u00fcnchen studierte sie Jazzklavier. Seit einiger Zeit tritt sie mit ihrem Quartett und ihrem Trio Die Drei Damen auf. Ebenfalls 1981 geboren wurde Nicole Joh\u00e4nntgen. Sie stammt aus dem Saarland, seit 2005 lebt sie in Z\u00fcrich. Gerne spielt die Musikerin mit der Akustik des Raums: Mit dem Saxophon in der Hand durchschreitet sie Kirchenr\u00e4ume und erf\u00fcllt diese mit Klang. Ganz erstaunlich finde ich auch die Schlagzeugerin Eva Klesse: Ihre St\u00fccke sind hochdynamisch, manche ganz still, andere kraftvoll-energiegeladen. Ihr Quartett mit dem Saxophonisten Evgeny Ring, dem Pianisten Philipp Frischkorn und dem Bassisten Robert Lucaciu besteht seit sieben Jahren. Mit wachem Blick aufs Detail bringt sich jeder der vier Musiker organisch in den Klang ein.<\/p>\n<p style=\"padding-left: 40px;\">In den letzten Jahren haben sie sich deutlich vermehrt: Interpretinnen oder Instrumentalistinnen, die sich der improvisierten Musik widmen, also Jazz gespielt oder gesungen von Frauen: \u201eWomen\u2019s choice\u201c lautet das Motto in dieser Stunde vor Mitternacht.<\/p>\n<hr \/>\n<h2>05.03.2020<\/h2>\n<hr \/>\n<p>17:50 bis 18:00 | SWR 2<br \/>\n<strong>SWR2 Jazz vor Sechs<\/strong><\/p>\n<p>21:05 bis 22:00 | Deutschlandfunk<br \/>\n<strong>JazzFacts: Neues von der Improvisierten Musik \u2013 Am Mikrofon: Michael Engelbrecht<\/strong><\/p>\n<p>22:04 bis 00:00 | WDR 3<br \/>\n<strong>WDR 3 Jazz &amp; World<\/strong><\/p>\n<p>22:05 bis 23:00 | NDR Info<br \/>\n<strong>Play Jazz! Das Jazzmagazin \u2013 Mit Mauretta Heinzelmann<\/strong><\/p>\n<p>22:30 bis 23:00 | hr2-kultur<br \/>\n<strong>Jazz Now: Aus dem Dschungel der Neuver\u00f6ffentlichungen | Am Mikrofon: Guenter Hottmann<\/strong><\/p>\n<p>23:03 bis 00:00 | SWR 2<br \/>\n<strong>SWR2 NOWJazz: Magazin<\/strong><\/p>\n<p style=\"padding-left: 40px;\">Von Henry Altmann. Neues aus der Welt des Jazz wird im NOWJazz Magazin von SWR2 regelm\u00e4\u00dfig pr\u00e4sentiert. Wie immer erwarten Sie in dieser Sendung Informationen \u00fcber bevorstehende Events, Rezensionen \u00fcber Festivals, Buchbesprechungen und jede Menge brandneuer Alben.<\/p>\n<p>23:05 bis 00:00 | BR-KLASSIK<br \/>\n<strong>Jazztime: All that Jazz \u2013 Meisterin der tiefen Saiten und des weiten Horizonts<\/strong><\/p>\n<p style=\"padding-left: 40px;\">Die 1990 geborene Bassistin Lisa Wulff zu Gast im Studio. Mit Musik von Stan Getz, Eberhard Weber, Rolf K\u00fchn und Lisa Wulff. Moderation und Auswahl: Roland Spiegel<\/p>\n<hr \/>\n<h2>06.03.2020<\/h2>\n<hr \/>\n<p>17:50 bis 18:00 | SWR 2<br \/>\n<strong>SWR2 Jazz vor Sechs<\/strong><\/p>\n<p>22:04 bis 00:00 | WDR 3<br \/>\n<strong>WDR 3 Jazz &amp; World<\/strong><\/p>\n<p>22:05 bis 23:00 | NDR Info<br \/>\n<strong>Jazz Special: Je suis snob \u2013 Der Deserteur und der Jazz \u2013 Boris Vian zum 100. Geburtstag<\/strong><\/p>\n<p style=\"padding-left: 40px;\">Mit Karl Lippegaus<\/p>\n<p>22:30 bis 23:00 | hr2-kultur<br \/>\n<strong>Jazz Classics: Aufnahmen, die die Welt beweg(t)en<\/strong><\/p>\n<p style=\"padding-left: 40px;\">heute mit: \u201eSwingin\u2019 Paris Style\u201c: Sammy Price an der Seine 1955-1957, Begegnungen mit Sidney Bechet und Lucky Thompson | Sammy Price: Three Classic Albums Plus (Doppel-CD), Avid Jazz EMSC1078 LC 12869 | Americans In Paris, CD 8: Lucky Thompson, Sammy Price And Lucky Thompson \/ Paris Blues, Documents 233569 \/ H LC12281. Am Mikrofon: Jesko von Schwichow<\/p>\n<p>23:03 bis 00:00 | SWR 2<br \/>\n<strong>SWR2 NOWJazz: Aus dem Archiv \u2013 Don\u2019t worry, be different! <\/strong><strong>Happy Birthday Bobby McFerrin<\/strong><\/p>\n<p style=\"padding-left: 40px;\">Von Thomas Loewner. Seit Bobby McFerrin zu Beginn der 1980er-Jahre in der Musikszene aufgetaucht ist, hat er dem Jazzgesang mit dem enormen Tonumfang seiner Stimme und mit seinem scheinbar grenzenlosen Einfallsreichtum viele neue T\u00fcren ge\u00f6ffnet. McFerrin kann allein eine ganze Band ersetzen. Er ignoriert jegliche Stilgrenzen. In seinem musikalischen Kosmos existieren Jazz-Improvisationen, Pop-Sounds und Bach-Pr\u00e4ludien gleichberechtigt nebeneinander. Der SWR hat immer wieder Konzerte McFerrins im Sendegebiet mitgeschnitten. Anl\u00e4sslich seines 70.Geburtstags gibt es in der NOWJazz Session einige H\u00f6hepunkte daraus zu h\u00f6ren.<\/p>\n<p>23:05 bis 00:00 | BR-KLASSIK<br \/>\n<strong>Jazztime: B\u00fchne frei im Studio 2 f\u00fcr das Florian Brandl Quartett<\/strong><\/p>\n<p style=\"padding-left: 40px;\">Florian Brandl, Trompete; Rene Haderer, Kontrabass; Sam Hylton, Klavier; Matthias Gmelin, Schlagzeug. Aufnahme vom 26. Februar 2020 im M\u00fcnchner Funkhaus. Moderation und Auswahl: Beate Sampson<\/p>\n<p style=\"padding-left: 40px;\">Der M\u00fcnchner Trompeter Florian Brandl ist ein in vielen Stilen bewanderter Musiker und war nach seinem Studium am Jazzinstitut der Hochschule f\u00fcr Musik und Theater in den letzten 15 Jahren in einer ganzen Reihe von s\u00fcddeutschen Bands entsprechend gut besch\u00e4ftigt. Inzwischen hat er sich aber auch als Komponist und Bandleader profiliert. 2019 ist sein zweites Album erschienen. Er hat es \u201eDresden\u201c genannt, weil ihn diese Stadt und vor allen Dingen die Musikhochschule Carl-Maria-von-Weber mit ihrem hervorragenden Lehrk\u00f6rper enorm inspiriert und k\u00fcnstlerisch vorangebracht gebracht haben. Von 2016 bis 2018 absolvierte er dort ein Masterstudium im Fach Trompete. In dieser Zeit hat er eine ganze Reihe von neuen St\u00fccken f\u00fcr sein Quartett geschrieben. Ihr starkes melodisches Zentrum gestaltet er mit einem durch alle Register wunderbar gerundeten Ton, und umh\u00fcllt es mit abwechslungsreichen, harmonischen Texturen, aus denen seine Kenntnis und Spielerfahrung von Hard Bop bis Modern Mainstream, Latin und Popmusik, als auch seine Besch\u00e4ftigung mit der klassischen Moderne herauszuh\u00f6ren sind. Auf einer Wellenl\u00e4nge mit seiner exzellenten Band gelingt Florian Brandl ein vollt\u00f6nendes Klangerlebnis, in dem sie unterschiedliche Stilanteile zu einer individuellen musikalischen Aussage verschmelzen. Anteil daran haben der junge amerikanische Pianist Sam Hylton, der von Seattle zum Musikstudium nach M\u00fcnchen gekommen ist, und hier gerade ordentlich die Szene aufmischt, der Bassist Rene Haderer und der Schlagzeuger Matthias Gmelin, der \u2013 schon aufgrund seiner Lehrjahre in New York, wo er vor 20 Jahren unter anderem bei Billy Hart, John Tolliver und Joe Chambers lernte \u2013 eine besonders tiefe Verankerung im swingenden Grundgef\u00fchl hat.<\/p>\n<hr \/>\n<h2>07.03.2020<\/h2>\n<hr \/>\n<p>13:04 bis 15:00 | WDR 3<br \/>\n<strong>WDR 3 Pers\u00f6nlich mit G\u00f6tz Alsmann<\/strong><\/p>\n<p>17:05 bis 17:55 | Bayern 2<br \/>\n<strong>Jazz &amp; Politik: Politisches Feuilleton<\/strong><\/p>\n<p>17:50 bis 18:00 | SWR 2<br \/>\n<strong>SWR2 Jazz vor Sechs<\/strong><\/p>\n<p>18:05 bis 19:00 | BR-KLASSIK<br \/>\n<strong>Jazz und mehr: \u201eWomen\u2019s talk\u201c<\/strong><\/p>\n<p style=\"padding-left: 40px;\">Mit Aufnahmen von Aretha Franklin, Rita Marcotulli, Miriam Alexandra und anderen. Moderation und Auswahl: Beatrix Gillmann<\/p>\n<p>19:04 bis 20:00 | hr2-kultur<br \/>\n<strong>Live Jazz: John Scofield Combo 66 Trio | April Jazz Festival Espoo 2019<\/strong><\/p>\n<p style=\"padding-left: 40px;\">John Scofield Combo 66 Trio || John Scofield, g | Vincente Archer, b | Bill Stewart, dr | April Jazz Festival Espoo 2019, Tapiola Hall Espoo \/ Finnland, April 2019. Am Mikrofon: Claus Gnichwitz<\/p>\n<hr \/>\n<h2>07.03.2020<\/h2>\n<hr \/>\n<p>20:04 bis 22:00 | WDR 3<br \/>\n<strong>WDR 3 Konzert: Blue in Green \u2013 Richie Beirach in Neuss<\/strong><\/p>\n<p style=\"padding-left: 40px;\">Richie Beirach, Klavier; Reiner Witzel, Saxofon; Joscha Oetz, Bass; Christian Scheuber, Schlagzeug. Aufnahme aus dem Kulturforum Alte Post<\/p>\n<p style=\"padding-left: 40px;\">Der Pianist Richie Beirach geh\u00f6rt zu den bedeutendsten Pianisten der Jazzwelt. Die Improvisationen des 72-j\u00e4hrigen US-Amerikaners spiegeln einen Werdegang wider, der von der Klassik bis in die Welt des Modern Jazz reicht.<\/p>\n<p style=\"padding-left: 40px;\">Studiert hat der Pianist Richie Beirach am legend\u00e4ren Berklee College of Music in Boston sowie an der Manhattan School of Music in New York. Parallel dazu wurde er gemeinsam mit Dave Holland und Jack DeJohnette Mitglied der Band von Stan Getz. Fortan pr\u00e4gte er den Modern Jazz, begleitete Gr\u00f6\u00dfen wie Chet Baker. In den 1980er Jahren gr\u00fcndete er \u201eQuest\u201c, eins der wichtigsten Ensembles seiner Zeit, mit Billy Hart am Schlagzeug und George Mraz am Bass. Nach Neuss kommt der virtuose Pianist jetzt mit langj\u00e4hrigen Weggef\u00e4hrten wie dem Saxofonisten Reiner Witzel.<\/p>\n<p>20:15 bis 21:00 | NDR Info<br \/>\n<strong>Jazz Klassiker: Take The A Train \u2013 Die Musik von Billy Strayhorn<\/strong><\/p>\n<p style=\"padding-left: 40px;\">Mit Hans-J\u00fcrgen Schaal<\/p>\n<p>22:03 bis 23:00 | SWR 2<br \/>\n<strong>SWR2 Jazztime: The Voice \u2013 Bobby McFerrin zum 70. <\/strong><strong>Geburtstag<\/strong><\/p>\n<p style=\"padding-left: 40px;\">Von Karsten M\u00fctzelfeldt. In den 80er-Jahren erobert ein Vokalist die Jazzwelt im Sturm. Mit atemberaubender Technik setzt Bobby McFerrin neue Ma\u00dfst\u00e4be und wird als Stimmwunder gefeiert. Dem Sohn einer Operns\u00e4ngerin und eines Operns\u00e4ngers gelingt der Durchbruch, als er auf jegliche Begleitung verzichtet und ganze B\u00fchnenabende solo bestreitet. Es folgen Duos mit Chick Corea. Mit \u201eDon\u2019t Worry Be Happy\u201c auf dem H\u00f6hepunkt seiner Popularit\u00e4t angekommen, zieht er sich zur\u00fcck und widmet sich dem Studium des Dirigierens. Immer h\u00e4ufiger pr\u00e4sentiert sich Bobby McFerrin im klassischen Kontext, ohne den Jazz zu vernachl\u00e4ssigen.<\/p>\n<p>22:05 bis 23:00 | NDR Info<br \/>\n<strong>Jazz Konzert: Ohr zur Welt: Silk Blues<\/strong><\/p>\n<p style=\"padding-left: 40px;\">NDR-Aufnahme aus dem K\u00f6rber Forum Hamburg vom 6. Dezember 2019. Mit Felix Tenbaum<\/p>\n<p>23.04 \u2013 24.00 | rbbKultur<br \/>\n<strong>Late Night Jazz: JIB-Jazz-Preis der Karl Hofer Gesellschaft 2019<\/strong><\/p>\n<p style=\"padding-left: 40px;\">Mit dem mit 5.000 \u20ac dotierten JIB-Jazz-Preis des Freundeskreises der UdK Berlin | Karl Hofer Gesellschaft e.V., gestiftet von Toni und Albrecht Kumm, werden junge Musiker und Musikerinnen des Jazz-Instituts Berlin (JIB) gef\u00f6rdert. Der diesj\u00e4hrige Preistr\u00e4ger hei\u00dft Julius Gawlik. Der Saxofonist und Klarinettist hat f\u00fcr das Preistr\u00e4gerkonzert ein Quartett mit Povel Widestrand, Piano; Tom Berkmann, Bass und Marius Wankel, Schlagzeug formiert.<\/p>\n<p style=\"padding-left: 40px;\">Konzertaufnahme vom 18. Dezember 2019, JIB, Georg-Neumann-Saal<\/p>\n<hr \/>\n<h2>08.03.2020<\/h2>\n<hr \/>\n<p>00:05 bis 02:00 | Bayern 2<br \/>\n<strong>radioJazznacht: Klassiker, neue CDs und Live-Musik \u2013 Zum 85. Geburtstag des Saxofonisten George Coleman<\/strong><\/p>\n<p style=\"padding-left: 40px;\">Mit Marcus A. Woelfle<\/p>\n<p>06:00 bis 08:00 | Bremen Zwei<br \/>\n<strong>Classical: Eine elegante Mischung aus Singer\/Songwriter, Jazz und Swing, Chansons und Klassik.<\/strong><\/p>\n<p>19:04 bis 20:00 | hr2-kultur<br \/>\n<strong>hr-Bigband<\/strong><\/p>\n<p style=\"padding-left: 40px;\">Konzerte und Produktionen u.a. mit: Carla Bley &amp; Steve Swallow &amp; hr-Bigband, cond. &amp; arr. by Carla Bley | 30. Deutsches Jazzfestival Frankfurt 1999, hr-Sendesaal Frankfurt, Oktober 1999<\/p>\n<p style=\"padding-left: 40px;\">Am Mikrofon: Daniella Baumeister. Am Internationalen Frauentag im Programm nur weibliche Komponisten spielen zu wollen: Da wird\u2019s richtig eng im Bigband-Metier, das mehr noch als das Genre Jazz ohnehin eine ziemlich M\u00e4nner-dominierte Angelegenheit ist. Beim Blick ins Archiv zeigt sich aber, dass die hr-Bigband (damals hie\u00df sie noch \u201ehr Big Band\u201c) ein avantgardistisches Kleinod im Keller beherbergt. Avantgardistisch in zweifacher Hinsicht: Mit Carla Bley \u00fcbernahm 1999 eine Frau die \u201eRegentschaft\u201c \u00fcber die 17 Buben (nicht zum ersten Mal eine Frau, bereits zwei Jahre zuvor war Maria Schneider zu Gast) und mit ihrer Musik brachte sie eine neu-t\u00f6nerische Komponente in die Band, die dieser bislang fremd war und auf sie wie ein erfrischendes Lebens-Elixier wirkte.<\/p>\n<p style=\"padding-left: 40px;\">Seit diesem Jazzfestival-Auftritt mit Carla Bley (wir bezeichnen sie in diesem Zusammenhang mal ganz plakativ als eine \u201eRosa Luxemburg im Jazz\u201c) ging\u2019s mit der hr-Bigband bergauf, es war so etwas wie die Initialz\u00fcndung f\u00fcr das sich im Laufe der n\u00e4chsten zehn, zwanzig Jahre beschleunigenden Re\u00fcssieren des Orchesters. Mal ganz abgesehen davon, dass die Koordinaten f\u00fcr das Zustandekommen dieser Begegnung mit Carla Bley mindestens am\u00fcsant waren \u2013 und nach zwei Dekaden erinnernswert sind.<\/p>\n<p>20:04 bis 21:30 | SR2 KulturRadio<br \/>\n<strong>JazzNow: Jazzfest Berlin 2019 \u2013 Elliott Galvin \/ melting pot<\/strong><\/p>\n<p>22:05 bis 23:00 | BR-KLASSIK<br \/>\n<strong>Jazztime: Julia H\u00fclsmann im Portr\u00e4t<\/strong><\/p>\n<p style=\"padding-left: 40px;\">Die Pianistin, Komponistin und Bandleaderin Julia H\u00fclsmann im Gespr\u00e4ch \u00fcber ihre aktuelle CD \u201eNot far from here\u201c. Moderation und Auswahl: Beate Sampson<\/p>\n<p>22:22 bis 23:00 | NDR Info<br \/>\n<strong>Jazz NDR Bigband: Weltfrauentag<\/strong><\/p>\n<p style=\"padding-left: 40px;\">Unter anderem mit Musik von Carla Bley, Christina Fuchs, Maria Schneider. Mit Sarah Seidel<\/p>\n<p>23.04 \u2013 24.00 | rbbKultur<br \/>\n<strong>Late Night Jazz: Silke Eberhard<\/strong><\/p>\n<p style=\"padding-left: 40px;\">Ulf Drechsel im Gespr\u00e4ch mit der Preistr\u00e4gerin des Jazzpreises Berlin 2020. Der mit 15.000 \u20ac dotierte Preis wird im Rahmen eines Preistr\u00e4gerkonzertes am 13. August im Kleinen Sendesaal des rbb in diesem Jahr zum vierten Mal gemeinsam vom Land Berlin und dem rbb vergeben.<\/p>\n<p>&nbsp;<\/p>\n","protected":false},"excerpt":{"rendered":"<p>Ein kleiner Blick in die Jazzwoche 10 im Radio. Die \u00dcbersicht zum Download als PDF. Alle Angaben ohne Gew\u00e4hr. Jazz im Radio (Fernsehen) SR2 \u2013 JazzNow \u2013 Sonntags von 20.04 bis 22.30 Uhr BR-KLASSIK \u2013 Jazztime \u2013 Von Montag bis Freitag t\u00e4glich um 23.05 Uhr rbb-kultur \u2013 Late Night Jazz \u2013 Sa und So 23:04 \u2013 24:00 Uhr hr2-kultur \u2013 Jazz in hr2-kultur \u2013 t\u00e4glich SWR2 \u2013 Jazz \u2013 t\u00e4glich Deutschlandfunk \u2013 Jazz (\u00dcberblick) \u2013 Jazz Live, JazzFacts und Milestones Deutschlandfunk Kultur \u2013 Jazz \u2013 diverse Sendetermine \u00d61 \u2013 diverse Sendetermine ARTE TV \u2013 Jazz Periodika: Dauersendungen ohne gen\u00fcgend Infos \u2013 Tagesbegleitradio NDR Info \u2013 Play Jazz! Das Jazzmagazin 22:20 bis 23:00 MDR Kultur \u2013 Jazz 19:05 bis 20:00 MDR Kultur \u2013Jazz Lounge 19:35 bis 20:00 WDR3 \u2013 Jazz &amp; World \u2013 Improvisiertes zum Tagesausklang \u2013 Montag bis Freitag, 22.04 \u2013 0:00 Uhr WDR 3 Pers\u00f6nlich mit G\u00f6tz Alsmann 13:04 bis 15:00 (Samstags) 02.03.2020 17:50 bis 18:00 | SWR 2 SWR2 Jazz vor Sechs 19:04 bis 20:00 | hr2-kultur H\u00f6rbar 22:04 bis 00:00 | WDR 3 WDR 3 Jazz &amp; World 22:05 bis 23:00 | &hellip;<\/p>\n","protected":false},"author":1,"featured_media":18913,"comment_status":"open","ping_status":"closed","sticky":false,"template":"","format":"standard","meta":{"_jetpack_memberships_contains_paid_content":false,"footnotes":"","jetpack_publicize_message":"","jetpack_publicize_feature_enabled":true,"jetpack_social_post_already_shared":false,"jetpack_social_options":{"image_generator_settings":{"template":"highway","default_image_id":0,"font":"","enabled":false},"version":2}},"categories":[633,452],"tags":[1629],"coauthors":[650],"class_list":["post-22055","post","type-post","status-publish","format-standard","has-post-thumbnail","hentry","category-nachrichten","category-radio","tag-jazz-im-radio"],"yoast_head":"<!-- This site is optimized with the Yoast SEO plugin v27.5 - https:\/\/yoast.com\/product\/yoast-seo-wordpress\/ -->\n<title>Die Jazz-Radiowoche vom 02.03.20 bis 08.03.20 - JazzZeitung<\/title>\n<meta name=\"robots\" content=\"index, follow, max-snippet:-1, max-image-preview:large, max-video-preview:-1\" \/>\n<link rel=\"canonical\" href=\"https:\/\/www.jazzzeitung.de\/cms\/2020\/03\/jazzwoche_kw10\/\" \/>\n<meta property=\"og:locale\" content=\"de_DE\" \/>\n<meta property=\"og:type\" content=\"article\" \/>\n<meta property=\"og:title\" content=\"Die Jazz-Radiowoche vom 02.03.20 bis 08.03.20 - JazzZeitung\" \/>\n<meta property=\"og:description\" content=\"Ein kleiner Blick in die Jazzwoche 10 im Radio. Die \u00dcbersicht zum Download als PDF. Alle Angaben ohne Gew\u00e4hr. Jazz im Radio (Fernsehen) SR2 \u2013 JazzNow \u2013 Sonntags von 20.04 bis 22.30 Uhr BR-KLASSIK \u2013 Jazztime \u2013 Von Montag bis Freitag t\u00e4glich um 23.05 Uhr rbb-kultur \u2013 Late Night Jazz \u2013 Sa und So 23:04 \u2013 24:00 Uhr hr2-kultur \u2013 Jazz in hr2-kultur \u2013 t\u00e4glich SWR2 \u2013 Jazz \u2013 t\u00e4glich Deutschlandfunk \u2013 Jazz (\u00dcberblick) \u2013 Jazz Live, JazzFacts und Milestones Deutschlandfunk Kultur \u2013 Jazz \u2013 diverse Sendetermine \u00d61 \u2013 diverse Sendetermine ARTE TV \u2013 Jazz Periodika: Dauersendungen ohne gen\u00fcgend Infos \u2013 Tagesbegleitradio NDR Info \u2013 Play Jazz! Das Jazzmagazin 22:20 bis 23:00 MDR Kultur \u2013 Jazz 19:05 bis 20:00 MDR Kultur \u2013Jazz Lounge 19:35 bis 20:00 WDR3 \u2013 Jazz &amp; World \u2013 Improvisiertes zum Tagesausklang \u2013 Montag bis Freitag, 22.04 \u2013 0:00 Uhr WDR 3 Pers\u00f6nlich mit G\u00f6tz Alsmann 13:04 bis 15:00 (Samstags) 02.03.2020 17:50 bis 18:00 | SWR 2 SWR2 Jazz vor Sechs 19:04 bis 20:00 | hr2-kultur H\u00f6rbar 22:04 bis 00:00 | WDR 3 WDR 3 Jazz &amp; World 22:05 bis 23:00 | &hellip;\" \/>\n<meta property=\"og:url\" content=\"https:\/\/www.jazzzeitung.de\/cms\/2020\/03\/jazzwoche_kw10\/\" \/>\n<meta property=\"og:site_name\" content=\"JazzZeitung\" \/>\n<meta property=\"article:publisher\" content=\"https:\/\/www.facebook.com\/JazzZeitung\/\" \/>\n<meta property=\"article:author\" content=\"https:\/\/www.facebook.com\/hufner\" \/>\n<meta property=\"article:published_time\" content=\"2020-03-01T11:00:16+00:00\" \/>\n<meta property=\"og:image\" content=\"https:\/\/i0.wp.com\/www.jazzzeitung.de\/cms\/wp-content\/uploads\/2019\/03\/jazz_im_radio.jpg?fit=2200%2C1417&ssl=1\" \/>\n\t<meta property=\"og:image:width\" content=\"2200\" \/>\n\t<meta property=\"og:image:height\" content=\"1417\" \/>\n\t<meta property=\"og:image:type\" content=\"image\/jpeg\" \/>\n<meta name=\"author\" content=\"Martin Hufner\" \/>\n<script type=\"application\/ld+json\" class=\"yoast-schema-graph\">{\"@context\":\"https:\\\/\\\/schema.org\",\"@graph\":[{\"@type\":\"Article\",\"@id\":\"https:\\\/\\\/www.jazzzeitung.de\\\/cms\\\/2020\\\/03\\\/jazzwoche_kw10\\\/#article\",\"isPartOf\":{\"@id\":\"https:\\\/\\\/www.jazzzeitung.de\\\/cms\\\/2020\\\/03\\\/jazzwoche_kw10\\\/\"},\"author\":{\"name\":\"Martin Hufner\",\"@id\":\"https:\\\/\\\/www.jazzzeitung.de\\\/cms\\\/#\\\/schema\\\/person\\\/b9a4e5ac765d94fb8f617bfa8f1fc5f7\"},\"headline\":\"Die Jazz-Radiowoche vom 02.03.20 bis 08.03.20\",\"datePublished\":\"2020-03-01T11:00:16+00:00\",\"mainEntityOfPage\":{\"@id\":\"https:\\\/\\\/www.jazzzeitung.de\\\/cms\\\/2020\\\/03\\\/jazzwoche_kw10\\\/\"},\"wordCount\":2518,\"commentCount\":0,\"publisher\":{\"@id\":\"https:\\\/\\\/www.jazzzeitung.de\\\/cms\\\/#organization\"},\"image\":{\"@id\":\"https:\\\/\\\/www.jazzzeitung.de\\\/cms\\\/2020\\\/03\\\/jazzwoche_kw10\\\/#primaryimage\"},\"thumbnailUrl\":\"https:\\\/\\\/i0.wp.com\\\/www.jazzzeitung.de\\\/cms\\\/wp-content\\\/uploads\\\/2019\\\/03\\\/jazz_im_radio.jpg?fit=2200%2C1417&ssl=1\",\"keywords\":[\"Jazz im Radio\"],\"articleSection\":[\"News\",\"Radio\"],\"inLanguage\":\"de\",\"potentialAction\":[{\"@type\":\"CommentAction\",\"name\":\"Comment\",\"target\":[\"https:\\\/\\\/www.jazzzeitung.de\\\/cms\\\/2020\\\/03\\\/jazzwoche_kw10\\\/#respond\"]}]},{\"@type\":\"WebPage\",\"@id\":\"https:\\\/\\\/www.jazzzeitung.de\\\/cms\\\/2020\\\/03\\\/jazzwoche_kw10\\\/\",\"url\":\"https:\\\/\\\/www.jazzzeitung.de\\\/cms\\\/2020\\\/03\\\/jazzwoche_kw10\\\/\",\"name\":\"Die Jazz-Radiowoche vom 02.03.20 bis 08.03.20 - JazzZeitung\",\"isPartOf\":{\"@id\":\"https:\\\/\\\/www.jazzzeitung.de\\\/cms\\\/#website\"},\"primaryImageOfPage\":{\"@id\":\"https:\\\/\\\/www.jazzzeitung.de\\\/cms\\\/2020\\\/03\\\/jazzwoche_kw10\\\/#primaryimage\"},\"image\":{\"@id\":\"https:\\\/\\\/www.jazzzeitung.de\\\/cms\\\/2020\\\/03\\\/jazzwoche_kw10\\\/#primaryimage\"},\"thumbnailUrl\":\"https:\\\/\\\/i0.wp.com\\\/www.jazzzeitung.de\\\/cms\\\/wp-content\\\/uploads\\\/2019\\\/03\\\/jazz_im_radio.jpg?fit=2200%2C1417&ssl=1\",\"datePublished\":\"2020-03-01T11:00:16+00:00\",\"breadcrumb\":{\"@id\":\"https:\\\/\\\/www.jazzzeitung.de\\\/cms\\\/2020\\\/03\\\/jazzwoche_kw10\\\/#breadcrumb\"},\"inLanguage\":\"de\",\"potentialAction\":[{\"@type\":\"ReadAction\",\"target\":[\"https:\\\/\\\/www.jazzzeitung.de\\\/cms\\\/2020\\\/03\\\/jazzwoche_kw10\\\/\"]}]},{\"@type\":\"ImageObject\",\"inLanguage\":\"de\",\"@id\":\"https:\\\/\\\/www.jazzzeitung.de\\\/cms\\\/2020\\\/03\\\/jazzwoche_kw10\\\/#primaryimage\",\"url\":\"https:\\\/\\\/i0.wp.com\\\/www.jazzzeitung.de\\\/cms\\\/wp-content\\\/uploads\\\/2019\\\/03\\\/jazz_im_radio.jpg?fit=2200%2C1417&ssl=1\",\"contentUrl\":\"https:\\\/\\\/i0.wp.com\\\/www.jazzzeitung.de\\\/cms\\\/wp-content\\\/uploads\\\/2019\\\/03\\\/jazz_im_radio.jpg?fit=2200%2C1417&ssl=1\",\"width\":2200,\"height\":1417,\"caption\":\"Jazz im Radio. Foto: Hufner\"},{\"@type\":\"BreadcrumbList\",\"@id\":\"https:\\\/\\\/www.jazzzeitung.de\\\/cms\\\/2020\\\/03\\\/jazzwoche_kw10\\\/#breadcrumb\",\"itemListElement\":[{\"@type\":\"ListItem\",\"position\":1,\"name\":\"Startseite\",\"item\":\"https:\\\/\\\/www.jazzzeitung.de\\\/cms\\\/\"},{\"@type\":\"ListItem\",\"position\":2,\"name\":\"Die Jazz-Radiowoche vom 02.03.20 bis 08.03.20\"}]},{\"@type\":\"WebSite\",\"@id\":\"https:\\\/\\\/www.jazzzeitung.de\\\/cms\\\/#website\",\"url\":\"https:\\\/\\\/www.jazzzeitung.de\\\/cms\\\/\",\"name\":\"JazzZeitung\",\"description\":\"Jazz-News und Jazz-Kontroverses\",\"publisher\":{\"@id\":\"https:\\\/\\\/www.jazzzeitung.de\\\/cms\\\/#organization\"},\"potentialAction\":[{\"@type\":\"SearchAction\",\"target\":{\"@type\":\"EntryPoint\",\"urlTemplate\":\"https:\\\/\\\/www.jazzzeitung.de\\\/cms\\\/?s={search_term_string}\"},\"query-input\":{\"@type\":\"PropertyValueSpecification\",\"valueRequired\":true,\"valueName\":\"search_term_string\"}}],\"inLanguage\":\"de\"},{\"@type\":\"Organization\",\"@id\":\"https:\\\/\\\/www.jazzzeitung.de\\\/cms\\\/#organization\",\"name\":\"JazzZeitung online\",\"url\":\"https:\\\/\\\/www.jazzzeitung.de\\\/cms\\\/\",\"logo\":{\"@type\":\"ImageObject\",\"inLanguage\":\"de\",\"@id\":\"https:\\\/\\\/www.jazzzeitung.de\\\/cms\\\/#\\\/schema\\\/logo\\\/image\\\/\",\"url\":\"https:\\\/\\\/i0.wp.com\\\/www.jazzzeitung.de\\\/cms\\\/wp-content\\\/uploads\\\/2015\\\/08\\\/JAZZZEITUNGDE_Logo_Neu.png?fit=499%2C200&ssl=1\",\"contentUrl\":\"https:\\\/\\\/i0.wp.com\\\/www.jazzzeitung.de\\\/cms\\\/wp-content\\\/uploads\\\/2015\\\/08\\\/JAZZZEITUNGDE_Logo_Neu.png?fit=499%2C200&ssl=1\",\"width\":499,\"height\":200,\"caption\":\"JazzZeitung online\"},\"image\":{\"@id\":\"https:\\\/\\\/www.jazzzeitung.de\\\/cms\\\/#\\\/schema\\\/logo\\\/image\\\/\"},\"sameAs\":[\"https:\\\/\\\/www.facebook.com\\\/JazzZeitung\\\/\"]},{\"@type\":\"Person\",\"@id\":\"https:\\\/\\\/www.jazzzeitung.de\\\/cms\\\/#\\\/schema\\\/person\\\/b9a4e5ac765d94fb8f617bfa8f1fc5f7\",\"name\":\"Martin Hufner\",\"image\":{\"@type\":\"ImageObject\",\"inLanguage\":\"de\",\"@id\":\"https:\\\/\\\/i0.wp.com\\\/www.jazzzeitung.de\\\/cms\\\/wp-content\\\/uploads\\\/2013\\\/07\\\/huf-06.jpg?resize=96%2C96&ssl=15fcc31aa94540751a3b804516452be00\",\"url\":\"https:\\\/\\\/i0.wp.com\\\/www.jazzzeitung.de\\\/cms\\\/wp-content\\\/uploads\\\/2013\\\/07\\\/huf-06.jpg?resize=96%2C96&ssl=1\",\"contentUrl\":\"https:\\\/\\\/i0.wp.com\\\/www.jazzzeitung.de\\\/cms\\\/wp-content\\\/uploads\\\/2013\\\/07\\\/huf-06.jpg?resize=96%2C96&ssl=1\",\"caption\":\"Martin Hufner\"},\"description\":\"Martin Hufner ist freier Autor der JazzZeitung.\",\"sameAs\":[\"https:\\\/\\\/www.kritische-masse.de\\\/logbuch\",\"https:\\\/\\\/www.facebook.com\\\/hufner\"],\"url\":\"https:\\\/\\\/www.jazzzeitung.de\\\/cms\\\/author\\\/admin\\\/\"}]}<\/script>\n<!-- \/ Yoast SEO plugin. -->","yoast_head_json":{"title":"Die Jazz-Radiowoche vom 02.03.20 bis 08.03.20 - JazzZeitung","robots":{"index":"index","follow":"follow","max-snippet":"max-snippet:-1","max-image-preview":"max-image-preview:large","max-video-preview":"max-video-preview:-1"},"canonical":"https:\/\/www.jazzzeitung.de\/cms\/2020\/03\/jazzwoche_kw10\/","og_locale":"de_DE","og_type":"article","og_title":"Die Jazz-Radiowoche vom 02.03.20 bis 08.03.20 - JazzZeitung","og_description":"Ein kleiner Blick in die Jazzwoche 10 im Radio. Die \u00dcbersicht zum Download als PDF. Alle Angaben ohne Gew\u00e4hr. Jazz im Radio (Fernsehen) SR2 \u2013 JazzNow \u2013 Sonntags von 20.04 bis 22.30 Uhr BR-KLASSIK \u2013 Jazztime \u2013 Von Montag bis Freitag t\u00e4glich um 23.05 Uhr rbb-kultur \u2013 Late Night Jazz \u2013 Sa und So 23:04 \u2013 24:00 Uhr hr2-kultur \u2013 Jazz in hr2-kultur \u2013 t\u00e4glich SWR2 \u2013 Jazz \u2013 t\u00e4glich Deutschlandfunk \u2013 Jazz (\u00dcberblick) \u2013 Jazz Live, JazzFacts und Milestones Deutschlandfunk Kultur \u2013 Jazz \u2013 diverse Sendetermine \u00d61 \u2013 diverse Sendetermine ARTE TV \u2013 Jazz Periodika: Dauersendungen ohne gen\u00fcgend Infos \u2013 Tagesbegleitradio NDR Info \u2013 Play Jazz! Das Jazzmagazin 22:20 bis 23:00 MDR Kultur \u2013 Jazz 19:05 bis 20:00 MDR Kultur \u2013Jazz Lounge 19:35 bis 20:00 WDR3 \u2013 Jazz &amp; World \u2013 Improvisiertes zum Tagesausklang \u2013 Montag bis Freitag, 22.04 \u2013 0:00 Uhr WDR 3 Pers\u00f6nlich mit G\u00f6tz Alsmann 13:04 bis 15:00 (Samstags) 02.03.2020 17:50 bis 18:00 | SWR 2 SWR2 Jazz vor Sechs 19:04 bis 20:00 | hr2-kultur H\u00f6rbar 22:04 bis 00:00 | WDR 3 WDR 3 Jazz &amp; World 22:05 bis 23:00 | &hellip;","og_url":"https:\/\/www.jazzzeitung.de\/cms\/2020\/03\/jazzwoche_kw10\/","og_site_name":"JazzZeitung","article_publisher":"https:\/\/www.facebook.com\/JazzZeitung\/","article_author":"https:\/\/www.facebook.com\/hufner","article_published_time":"2020-03-01T11:00:16+00:00","og_image":[{"width":2200,"height":1417,"url":"https:\/\/i0.wp.com\/www.jazzzeitung.de\/cms\/wp-content\/uploads\/2019\/03\/jazz_im_radio.jpg?fit=2200%2C1417&ssl=1","type":"image\/jpeg"}],"author":"Martin Hufner","schema":{"@context":"https:\/\/schema.org","@graph":[{"@type":"Article","@id":"https:\/\/www.jazzzeitung.de\/cms\/2020\/03\/jazzwoche_kw10\/#article","isPartOf":{"@id":"https:\/\/www.jazzzeitung.de\/cms\/2020\/03\/jazzwoche_kw10\/"},"author":{"name":"Martin Hufner","@id":"https:\/\/www.jazzzeitung.de\/cms\/#\/schema\/person\/b9a4e5ac765d94fb8f617bfa8f1fc5f7"},"headline":"Die Jazz-Radiowoche vom 02.03.20 bis 08.03.20","datePublished":"2020-03-01T11:00:16+00:00","mainEntityOfPage":{"@id":"https:\/\/www.jazzzeitung.de\/cms\/2020\/03\/jazzwoche_kw10\/"},"wordCount":2518,"commentCount":0,"publisher":{"@id":"https:\/\/www.jazzzeitung.de\/cms\/#organization"},"image":{"@id":"https:\/\/www.jazzzeitung.de\/cms\/2020\/03\/jazzwoche_kw10\/#primaryimage"},"thumbnailUrl":"https:\/\/i0.wp.com\/www.jazzzeitung.de\/cms\/wp-content\/uploads\/2019\/03\/jazz_im_radio.jpg?fit=2200%2C1417&ssl=1","keywords":["Jazz im Radio"],"articleSection":["News","Radio"],"inLanguage":"de","potentialAction":[{"@type":"CommentAction","name":"Comment","target":["https:\/\/www.jazzzeitung.de\/cms\/2020\/03\/jazzwoche_kw10\/#respond"]}]},{"@type":"WebPage","@id":"https:\/\/www.jazzzeitung.de\/cms\/2020\/03\/jazzwoche_kw10\/","url":"https:\/\/www.jazzzeitung.de\/cms\/2020\/03\/jazzwoche_kw10\/","name":"Die Jazz-Radiowoche vom 02.03.20 bis 08.03.20 - JazzZeitung","isPartOf":{"@id":"https:\/\/www.jazzzeitung.de\/cms\/#website"},"primaryImageOfPage":{"@id":"https:\/\/www.jazzzeitung.de\/cms\/2020\/03\/jazzwoche_kw10\/#primaryimage"},"image":{"@id":"https:\/\/www.jazzzeitung.de\/cms\/2020\/03\/jazzwoche_kw10\/#primaryimage"},"thumbnailUrl":"https:\/\/i0.wp.com\/www.jazzzeitung.de\/cms\/wp-content\/uploads\/2019\/03\/jazz_im_radio.jpg?fit=2200%2C1417&ssl=1","datePublished":"2020-03-01T11:00:16+00:00","breadcrumb":{"@id":"https:\/\/www.jazzzeitung.de\/cms\/2020\/03\/jazzwoche_kw10\/#breadcrumb"},"inLanguage":"de","potentialAction":[{"@type":"ReadAction","target":["https:\/\/www.jazzzeitung.de\/cms\/2020\/03\/jazzwoche_kw10\/"]}]},{"@type":"ImageObject","inLanguage":"de","@id":"https:\/\/www.jazzzeitung.de\/cms\/2020\/03\/jazzwoche_kw10\/#primaryimage","url":"https:\/\/i0.wp.com\/www.jazzzeitung.de\/cms\/wp-content\/uploads\/2019\/03\/jazz_im_radio.jpg?fit=2200%2C1417&ssl=1","contentUrl":"https:\/\/i0.wp.com\/www.jazzzeitung.de\/cms\/wp-content\/uploads\/2019\/03\/jazz_im_radio.jpg?fit=2200%2C1417&ssl=1","width":2200,"height":1417,"caption":"Jazz im Radio. Foto: Hufner"},{"@type":"BreadcrumbList","@id":"https:\/\/www.jazzzeitung.de\/cms\/2020\/03\/jazzwoche_kw10\/#breadcrumb","itemListElement":[{"@type":"ListItem","position":1,"name":"Startseite","item":"https:\/\/www.jazzzeitung.de\/cms\/"},{"@type":"ListItem","position":2,"name":"Die Jazz-Radiowoche vom 02.03.20 bis 08.03.20"}]},{"@type":"WebSite","@id":"https:\/\/www.jazzzeitung.de\/cms\/#website","url":"https:\/\/www.jazzzeitung.de\/cms\/","name":"JazzZeitung","description":"Jazz-News und Jazz-Kontroverses","publisher":{"@id":"https:\/\/www.jazzzeitung.de\/cms\/#organization"},"potentialAction":[{"@type":"SearchAction","target":{"@type":"EntryPoint","urlTemplate":"https:\/\/www.jazzzeitung.de\/cms\/?s={search_term_string}"},"query-input":{"@type":"PropertyValueSpecification","valueRequired":true,"valueName":"search_term_string"}}],"inLanguage":"de"},{"@type":"Organization","@id":"https:\/\/www.jazzzeitung.de\/cms\/#organization","name":"JazzZeitung online","url":"https:\/\/www.jazzzeitung.de\/cms\/","logo":{"@type":"ImageObject","inLanguage":"de","@id":"https:\/\/www.jazzzeitung.de\/cms\/#\/schema\/logo\/image\/","url":"https:\/\/i0.wp.com\/www.jazzzeitung.de\/cms\/wp-content\/uploads\/2015\/08\/JAZZZEITUNGDE_Logo_Neu.png?fit=499%2C200&ssl=1","contentUrl":"https:\/\/i0.wp.com\/www.jazzzeitung.de\/cms\/wp-content\/uploads\/2015\/08\/JAZZZEITUNGDE_Logo_Neu.png?fit=499%2C200&ssl=1","width":499,"height":200,"caption":"JazzZeitung online"},"image":{"@id":"https:\/\/www.jazzzeitung.de\/cms\/#\/schema\/logo\/image\/"},"sameAs":["https:\/\/www.facebook.com\/JazzZeitung\/"]},{"@type":"Person","@id":"https:\/\/www.jazzzeitung.de\/cms\/#\/schema\/person\/b9a4e5ac765d94fb8f617bfa8f1fc5f7","name":"Martin Hufner","image":{"@type":"ImageObject","inLanguage":"de","@id":"https:\/\/i0.wp.com\/www.jazzzeitung.de\/cms\/wp-content\/uploads\/2013\/07\/huf-06.jpg?resize=96%2C96&ssl=15fcc31aa94540751a3b804516452be00","url":"https:\/\/i0.wp.com\/www.jazzzeitung.de\/cms\/wp-content\/uploads\/2013\/07\/huf-06.jpg?resize=96%2C96&ssl=1","contentUrl":"https:\/\/i0.wp.com\/www.jazzzeitung.de\/cms\/wp-content\/uploads\/2013\/07\/huf-06.jpg?resize=96%2C96&ssl=1","caption":"Martin Hufner"},"description":"Martin Hufner ist freier Autor der JazzZeitung.","sameAs":["https:\/\/www.kritische-masse.de\/logbuch","https:\/\/www.facebook.com\/hufner"],"url":"https:\/\/www.jazzzeitung.de\/cms\/author\/admin\/"}]}},"wp-worthy-pixel":{"ignored":true,"public":null,"server":null,"url":null},"wp-worthy-type":"normal","jetpack_publicize_connections":[],"cc_featured_image_caption":{"caption_text":"Jazz im Radio. ","source_text":"Motiv\/Foto: Hufner","source_url":"https:\/\/www.musikkritik.org"},"jetpack_featured_media_url":"https:\/\/i0.wp.com\/www.jazzzeitung.de\/cms\/wp-content\/uploads\/2019\/03\/jazz_im_radio.jpg?fit=2200%2C1417&ssl=1","jetpack_shortlink":"https:\/\/wp.me\/p3KEcT-5JJ","jetpack-related-posts":[{"id":22236,"url":"https:\/\/www.jazzzeitung.de\/cms\/2020\/03\/die-jazz-radiowoche-vom-30-03-20-bis-05-04-20\/","url_meta":{"origin":22055,"position":0},"title":"Die Jazz-Radiowoche vom 30.03.20 bis 05.04.20","author":"Martin Hufner","date":"29. M\u00e4rz 2020","format":false,"excerpt":"Ein kleiner Blick in die Jazzwoche 14 im Radio. Alle Angaben ohne Gew\u00e4hr. Jazz im Radio (Fernsehen) SR2 \u2013 JazzNow \u2013 Sonntags von 20.04 bis 22.30 Uhr BR-KLASSIK \u2013 Jazztime \u2013 Von Montag bis Freitag t\u00e4glich um 23.05 Uhr rbb-kultur \u2013 Late Night Jazz \u2013 Sa und So 23:04 \u2013\u2026","rel":"","context":"In &quot;News&quot;","block_context":{"text":"News","link":"https:\/\/www.jazzzeitung.de\/cms\/thema\/nachrichten\/"},"img":{"alt_text":"Jazz im Radio. Foto: Hufner","src":"https:\/\/i0.wp.com\/www.jazzzeitung.de\/cms\/wp-content\/uploads\/2019\/03\/jazz_im_radio.jpg?fit=1200%2C773&ssl=1&resize=350%2C200","width":350,"height":200,"srcset":"https:\/\/i0.wp.com\/www.jazzzeitung.de\/cms\/wp-content\/uploads\/2019\/03\/jazz_im_radio.jpg?fit=1200%2C773&ssl=1&resize=350%2C200 1x, https:\/\/i0.wp.com\/www.jazzzeitung.de\/cms\/wp-content\/uploads\/2019\/03\/jazz_im_radio.jpg?fit=1200%2C773&ssl=1&resize=525%2C300 1.5x, https:\/\/i0.wp.com\/www.jazzzeitung.de\/cms\/wp-content\/uploads\/2019\/03\/jazz_im_radio.jpg?fit=1200%2C773&ssl=1&resize=700%2C400 2x, https:\/\/i0.wp.com\/www.jazzzeitung.de\/cms\/wp-content\/uploads\/2019\/03\/jazz_im_radio.jpg?fit=1200%2C773&ssl=1&resize=1050%2C600 3x"},"classes":[]},{"id":23982,"url":"https:\/\/www.jazzzeitung.de\/cms\/2020\/12\/die-jazz-radiowoche-vom-14-12-20-bis-31-12-2020\/","url_meta":{"origin":22055,"position":1},"title":"Die Jazz-Radiowoche vom 14.12.20 bis 31.12.2020","author":"Martin Hufner","date":"13. Dezember 2020","format":false,"excerpt":"Ein kleiner Blick in Restmonat. Die Suchmaschine der ARD hat ihren Dienst am 7.12.2020 eingestellt. Nachfragen haben nur gezeigt, dass die Veranwortlichen kein Interesse daran haben, das zu kommunizieren. Weder ist herauszubekommen, wer das veranlasst hat noch warum. Danke ARD! F\u00fcr nichts. Jetzt schauen wir mal, wie es weiter geht.\u2026","rel":"","context":"In &quot;News&quot;","block_context":{"text":"News","link":"https:\/\/www.jazzzeitung.de\/cms\/thema\/nachrichten\/"},"img":{"alt_text":"Jazz im Radio. Foto: Hufner","src":"https:\/\/i0.wp.com\/www.jazzzeitung.de\/cms\/wp-content\/uploads\/2019\/03\/jazz_im_radio.jpg?fit=1200%2C773&ssl=1&resize=350%2C200","width":350,"height":200,"srcset":"https:\/\/i0.wp.com\/www.jazzzeitung.de\/cms\/wp-content\/uploads\/2019\/03\/jazz_im_radio.jpg?fit=1200%2C773&ssl=1&resize=350%2C200 1x, https:\/\/i0.wp.com\/www.jazzzeitung.de\/cms\/wp-content\/uploads\/2019\/03\/jazz_im_radio.jpg?fit=1200%2C773&ssl=1&resize=525%2C300 1.5x, https:\/\/i0.wp.com\/www.jazzzeitung.de\/cms\/wp-content\/uploads\/2019\/03\/jazz_im_radio.jpg?fit=1200%2C773&ssl=1&resize=700%2C400 2x, https:\/\/i0.wp.com\/www.jazzzeitung.de\/cms\/wp-content\/uploads\/2019\/03\/jazz_im_radio.jpg?fit=1200%2C773&ssl=1&resize=1050%2C600 3x"},"classes":[]},{"id":23939,"url":"https:\/\/www.jazzzeitung.de\/cms\/2020\/12\/die-jazz-radiowoche-vom-7-12-20-bis-13-12-2020\/","url_meta":{"origin":22055,"position":2},"title":"Die Jazz-Radiowoche vom 7.12.20 bis 13.12.2020","author":"Martin Hufner","date":"6. Dezember 2020","format":false,"excerpt":"Ein kleiner Blick in die Jazzwoche 50 im Radio. Der ist dieses mal so klein, es steht da n\u00e4mlich gar nichts drin.Grund daf\u00fcr: Die Suchmaschine f\u00fcr Radiosendungen der ARD gibt am dem 7.12.2020 keine Ergebnisse heraus. Versuche der Kontaktaufnahme mit der ARD sind ohne Echo verhallt. Aktuell bleibt es bei\u2026","rel":"","context":"In &quot;News&quot;","block_context":{"text":"News","link":"https:\/\/www.jazzzeitung.de\/cms\/thema\/nachrichten\/"},"img":{"alt_text":"Jazz im Radio. Foto: Hufner","src":"https:\/\/i0.wp.com\/www.jazzzeitung.de\/cms\/wp-content\/uploads\/2019\/03\/jazz_im_radio.jpg?fit=1200%2C773&ssl=1&resize=350%2C200","width":350,"height":200,"srcset":"https:\/\/i0.wp.com\/www.jazzzeitung.de\/cms\/wp-content\/uploads\/2019\/03\/jazz_im_radio.jpg?fit=1200%2C773&ssl=1&resize=350%2C200 1x, https:\/\/i0.wp.com\/www.jazzzeitung.de\/cms\/wp-content\/uploads\/2019\/03\/jazz_im_radio.jpg?fit=1200%2C773&ssl=1&resize=525%2C300 1.5x, https:\/\/i0.wp.com\/www.jazzzeitung.de\/cms\/wp-content\/uploads\/2019\/03\/jazz_im_radio.jpg?fit=1200%2C773&ssl=1&resize=700%2C400 2x, https:\/\/i0.wp.com\/www.jazzzeitung.de\/cms\/wp-content\/uploads\/2019\/03\/jazz_im_radio.jpg?fit=1200%2C773&ssl=1&resize=1050%2C600 3x"},"classes":[]},{"id":21609,"url":"https:\/\/www.jazzzeitung.de\/cms\/2020\/01\/die-jazz-radiowoche-vom-06-01-20-bis-12-01-20-notausgabe\/","url_meta":{"origin":22055,"position":3},"title":"Die Jazz-Radiowoche vom 06.01.20 bis 12.01.20 (Notausgabe)","author":"Martin Hufner","date":"5. Januar 2020","format":false,"excerpt":"Ein kleiner Blick in die Jazzwoche 02 im Radio. Notausgabe! Die \u00dcbersicht zum Download als PDF. Alle Angaben ohne Gew\u00e4hr. Jazz im Radio (Fernsehen) SR2 \u2013 JazzNow \u2013 Sonntags von 20.04 bis 22.30 Uhr BR-KLASSIK \u2013 Jazztime \u2013 Von Montag bis Freitag t\u00e4glich um 23.05 Uhr rbb-kultur \u2013 Late Night\u2026","rel":"","context":"In &quot;News&quot;","block_context":{"text":"News","link":"https:\/\/www.jazzzeitung.de\/cms\/thema\/nachrichten\/"},"img":{"alt_text":"Jazz im Radio. Foto: Hufner","src":"https:\/\/i0.wp.com\/www.jazzzeitung.de\/cms\/wp-content\/uploads\/2019\/03\/jazz_im_radio.jpg?fit=1200%2C773&ssl=1&resize=350%2C200","width":350,"height":200,"srcset":"https:\/\/i0.wp.com\/www.jazzzeitung.de\/cms\/wp-content\/uploads\/2019\/03\/jazz_im_radio.jpg?fit=1200%2C773&ssl=1&resize=350%2C200 1x, https:\/\/i0.wp.com\/www.jazzzeitung.de\/cms\/wp-content\/uploads\/2019\/03\/jazz_im_radio.jpg?fit=1200%2C773&ssl=1&resize=525%2C300 1.5x, https:\/\/i0.wp.com\/www.jazzzeitung.de\/cms\/wp-content\/uploads\/2019\/03\/jazz_im_radio.jpg?fit=1200%2C773&ssl=1&resize=700%2C400 2x, https:\/\/i0.wp.com\/www.jazzzeitung.de\/cms\/wp-content\/uploads\/2019\/03\/jazz_im_radio.jpg?fit=1200%2C773&ssl=1&resize=1050%2C600 3x"},"classes":[]},{"id":24166,"url":"https:\/\/www.jazzzeitung.de\/cms\/2021\/01\/die-jazz-radiowoche-vom-18-01-2125-01-2021\/","url_meta":{"origin":22055,"position":4},"title":"Die Jazz-Radiowoche vom 18.01.21\u201325.01.2021","author":"Martin Hufner","date":"17. Januar 2021","format":false,"excerpt":"Ein kleiner Blick in die Jazzwoche 03 im Radio. Alle Angaben ohne Gew\u00e4hr. Unter anderem: Pianist Sebastian Sternal live im Jazzclub Birdland in Neuburg an der Donau. Aufnahme vom 19. November 2020.","rel":"","context":"In &quot;News&quot;","block_context":{"text":"News","link":"https:\/\/www.jazzzeitung.de\/cms\/thema\/nachrichten\/"},"img":{"alt_text":"Jazz im Radio. Foto: Hufner","src":"https:\/\/i0.wp.com\/www.jazzzeitung.de\/cms\/wp-content\/uploads\/2019\/03\/jazz_im_radio.jpg?fit=1200%2C773&ssl=1&resize=350%2C200","width":350,"height":200,"srcset":"https:\/\/i0.wp.com\/www.jazzzeitung.de\/cms\/wp-content\/uploads\/2019\/03\/jazz_im_radio.jpg?fit=1200%2C773&ssl=1&resize=350%2C200 1x, https:\/\/i0.wp.com\/www.jazzzeitung.de\/cms\/wp-content\/uploads\/2019\/03\/jazz_im_radio.jpg?fit=1200%2C773&ssl=1&resize=525%2C300 1.5x, https:\/\/i0.wp.com\/www.jazzzeitung.de\/cms\/wp-content\/uploads\/2019\/03\/jazz_im_radio.jpg?fit=1200%2C773&ssl=1&resize=700%2C400 2x, https:\/\/i0.wp.com\/www.jazzzeitung.de\/cms\/wp-content\/uploads\/2019\/03\/jazz_im_radio.jpg?fit=1200%2C773&ssl=1&resize=1050%2C600 3x"},"classes":[]},{"id":22441,"url":"https:\/\/www.jazzzeitung.de\/cms\/2020\/05\/die-jazz-radiowoche-vom-04-05-20-bis-10-05-20\/","url_meta":{"origin":22055,"position":5},"title":"Die Jazz-Radiowoche vom 04.05.20 bis 10.05.20","author":"Martin Hufner","date":"3. Mai 2020","format":false,"excerpt":"Ein kleiner Blick in die Jazzwoche 19 im Radio. Alle Angaben ohne Gew\u00e4hr. Jazz Special \u2013 Fire Music \u2013 Die unheilige Allianz von Jazz und Krieg | The Space Between \u2013 Mikrotonalit\u00e4t im Jazz","rel":"","context":"In &quot;News&quot;","block_context":{"text":"News","link":"https:\/\/www.jazzzeitung.de\/cms\/thema\/nachrichten\/"},"img":{"alt_text":"Jazz im Radio. Foto: Hufner","src":"https:\/\/i0.wp.com\/www.jazzzeitung.de\/cms\/wp-content\/uploads\/2019\/03\/jazz_im_radio.jpg?fit=1200%2C773&ssl=1&resize=350%2C200","width":350,"height":200,"srcset":"https:\/\/i0.wp.com\/www.jazzzeitung.de\/cms\/wp-content\/uploads\/2019\/03\/jazz_im_radio.jpg?fit=1200%2C773&ssl=1&resize=350%2C200 1x, https:\/\/i0.wp.com\/www.jazzzeitung.de\/cms\/wp-content\/uploads\/2019\/03\/jazz_im_radio.jpg?fit=1200%2C773&ssl=1&resize=525%2C300 1.5x, https:\/\/i0.wp.com\/www.jazzzeitung.de\/cms\/wp-content\/uploads\/2019\/03\/jazz_im_radio.jpg?fit=1200%2C773&ssl=1&resize=700%2C400 2x, https:\/\/i0.wp.com\/www.jazzzeitung.de\/cms\/wp-content\/uploads\/2019\/03\/jazz_im_radio.jpg?fit=1200%2C773&ssl=1&resize=1050%2C600 3x"},"classes":[]}],"jetpack_sharing_enabled":false,"_links":{"self":[{"href":"https:\/\/www.jazzzeitung.de\/cms\/wp-json\/wp\/v2\/posts\/22055","targetHints":{"allow":["GET"]}}],"collection":[{"href":"https:\/\/www.jazzzeitung.de\/cms\/wp-json\/wp\/v2\/posts"}],"about":[{"href":"https:\/\/www.jazzzeitung.de\/cms\/wp-json\/wp\/v2\/types\/post"}],"author":[{"embeddable":true,"href":"https:\/\/www.jazzzeitung.de\/cms\/wp-json\/wp\/v2\/users\/1"}],"replies":[{"embeddable":true,"href":"https:\/\/www.jazzzeitung.de\/cms\/wp-json\/wp\/v2\/comments?post=22055"}],"version-history":[{"count":1,"href":"https:\/\/www.jazzzeitung.de\/cms\/wp-json\/wp\/v2\/posts\/22055\/revisions"}],"predecessor-version":[{"id":22056,"href":"https:\/\/www.jazzzeitung.de\/cms\/wp-json\/wp\/v2\/posts\/22055\/revisions\/22056"}],"wp:featuredmedia":[{"embeddable":true,"href":"https:\/\/www.jazzzeitung.de\/cms\/wp-json\/wp\/v2\/media\/18913"}],"wp:attachment":[{"href":"https:\/\/www.jazzzeitung.de\/cms\/wp-json\/wp\/v2\/media?parent=22055"}],"wp:term":[{"taxonomy":"category","embeddable":true,"href":"https:\/\/www.jazzzeitung.de\/cms\/wp-json\/wp\/v2\/categories?post=22055"},{"taxonomy":"post_tag","embeddable":true,"href":"https:\/\/www.jazzzeitung.de\/cms\/wp-json\/wp\/v2\/tags?post=22055"},{"taxonomy":"author","embeddable":true,"href":"https:\/\/www.jazzzeitung.de\/cms\/wp-json\/wp\/v2\/coauthors?post=22055"}],"curies":[{"name":"wp","href":"https:\/\/api.w.org\/{rel}","templated":true}]}}