{"id":21929,"date":"2020-02-17T10:11:15","date_gmt":"2020-02-17T09:11:15","guid":{"rendered":"https:\/\/www.jazzzeitung.de\/cms\/?p=21929"},"modified":"2020-02-18T10:19:41","modified_gmt":"2020-02-18T09:19:41","slug":"die-neue-lbt-doppel-cd-stereo","status":"publish","type":"post","link":"https:\/\/www.jazzzeitung.de\/cms\/2020\/02\/die-neue-lbt-doppel-cd-stereo\/","title":{"rendered":"Die neue LBT Doppel-CD: Stereo"},"content":{"rendered":"<p><strong>LBT &#8211; was verbirgt sich hinter diesen Buchstaben? Eigentlich nichts anderes als ein Trio mit Klavier, Kontrabass und Schlagzeug. Aber nur auf den ersten Blick! Inhaltlich gehen die Drei komplett neue Wege. Leo Betzl am Piano, Sebastian Wolfgruber an den drums und der Bassist Maximilian Hirning brechen auf zu neuen musikalischen Horizonten und haben mit ihrer Musik die Szene komplett aufgemischt. Da ger\u00e4t der Jazz sprichw\u00f6rtlich aus den Fugen!<\/strong><\/p>\n<p>Aber der Reihe nach: im Juni 2017 legte der Pianist Leo Betzl im M\u00fcnchner Jazzclub Unterfahrt seine Masterabschluss- und Maximilian Hirning am Kontrabass seine Master-Zwischenpr\u00fcfung ab. Es brodelte bereits damals gewaltig im Club mit der Kombination von Jazz &amp; Techno (siehe dazu: <a href=\"https:\/\/www.jazzzeitung.de\/cms\/2017\/07\/leo-betzl-absolvierte-seine-master-abschlusspruefung-in-der-unterfahrt\/\">https:\/\/www.jazzzeitung.de\/cms\/2017\/07\/leo-betzl-absolvierte-seine-master-abschlusspruefung-in-der-unterfahrt\/<\/a> ). Praktisch war das auch der Beginn von LBT. Damals wie heute sind sie ihrem Motto treugeblieben, dem Jazz wie auch Techno weiterhin verbunden und neuen Wegen unverdrossen aufgeschlossen. 2018 gewann das Trio damit den BMW Welt Jazz Award und im Folgejahr den Burghauser Nachwuchs Jazzpreis. Was die Jungs im \u00fcbrigen auszeichnet ist ihre stete Neugier und Aufgeschlossenheit gegen\u00fcber der Techno-Szene und der Kombination mit dem Jazz.<\/p>\n<div class=\"tiled-gallery type-rectangular tiled-gallery-unresized\" data-original-width=\"840\" data-carousel-extra='{&quot;blog_id&quot;:1,&quot;permalink&quot;:&quot;https:\\\/\\\/www.jazzzeitung.de\\\/cms\\\/2020\\\/02\\\/die-neue-lbt-doppel-cd-stereo\\\/&quot;,&quot;likes_blog_id&quot;:55446655}' itemscope itemtype=\"http:\/\/schema.org\/ImageGallery\" > <div class=\"gallery-row\" style=\"width: 840px; height: 446px;\" data-original-width=\"840\" data-original-height=\"446\" > <div class=\"gallery-group images-1\" style=\"width: 539px; height: 446px;\" data-original-width=\"539\" data-original-height=\"446\" > <div class=\"tiled-gallery-item tiled-gallery-item-large\" itemprop=\"associatedMedia\" itemscope itemtype=\"http:\/\/schema.org\/ImageObject\"> <a href=\"https:\/\/www.jazzzeitung.de\/cms\/2020\/02\/die-neue-lbt-doppel-cd-stereo\/p1684020-lbt-pre-release-foto-tj-krebs\/\" border=\"0\" itemprop=\"url\"> <meta itemprop=\"width\" content=\"535\"> <meta itemprop=\"height\" content=\"442\"> <img decoding=\"async\" class=\"\" data-attachment-id=\"21939\" data-orig-file=\"https:\/\/www.jazzzeitung.de\/cms\/wp-content\/uploads\/2020\/02\/P1684020-LBT-pre-release-Foto-TJ-Krebs.jpg\" data-orig-size=\"1200,991\" data-comments-opened=\"1\" data-image-meta=\"{&quot;aperture&quot;:&quot;0&quot;,&quot;credit&quot;:&quot;&quot;,&quot;camera&quot;:&quot;&quot;,&quot;caption&quot;:&quot;&quot;,&quot;created_timestamp&quot;:&quot;0&quot;,&quot;copyright&quot;:&quot;&quot;,&quot;focal_length&quot;:&quot;0&quot;,&quot;iso&quot;:&quot;0&quot;,&quot;shutter_speed&quot;:&quot;0&quot;,&quot;title&quot;:&quot;&quot;,&quot;orientation&quot;:&quot;0&quot;}\" data-image-title=\"P1684020 LBT pre release &amp;#8211; Foto TJ Krebs\" data-image-description=\"\" data-medium-file=\"https:\/\/i0.wp.com\/www.jazzzeitung.de\/cms\/wp-content\/uploads\/2020\/02\/P1684020-LBT-pre-release-Foto-TJ-Krebs.jpg?fit=300%2C248&#038;ssl=1\" data-large-file=\"https:\/\/i0.wp.com\/www.jazzzeitung.de\/cms\/wp-content\/uploads\/2020\/02\/P1684020-LBT-pre-release-Foto-TJ-Krebs.jpg?fit=727%2C600&#038;ssl=1\" src=\"https:\/\/i0.wp.com\/www.jazzzeitung.de\/cms\/wp-content\/uploads\/2020\/02\/P1684020-LBT-pre-release-Foto-TJ-Krebs.jpg?w=535&#038;h=442&#038;ssl=1\" srcset=\"https:\/\/i0.wp.com\/www.jazzzeitung.de\/cms\/wp-content\/uploads\/2020\/02\/P1684020-LBT-pre-release-Foto-TJ-Krebs.jpg?w=1200&amp;ssl=1 1200w, https:\/\/i0.wp.com\/www.jazzzeitung.de\/cms\/wp-content\/uploads\/2020\/02\/P1684020-LBT-pre-release-Foto-TJ-Krebs.jpg?resize=300%2C248&amp;ssl=1 300w, https:\/\/i0.wp.com\/www.jazzzeitung.de\/cms\/wp-content\/uploads\/2020\/02\/P1684020-LBT-pre-release-Foto-TJ-Krebs.jpg?resize=727%2C600&amp;ssl=1 727w, https:\/\/i0.wp.com\/www.jazzzeitung.de\/cms\/wp-content\/uploads\/2020\/02\/P1684020-LBT-pre-release-Foto-TJ-Krebs.jpg?resize=768%2C634&amp;ssl=1 768w\" width=\"535\" height=\"442\" loading=\"lazy\" data-original-width=\"535\" data-original-height=\"442\" itemprop=\"http:\/\/schema.org\/image\" title=\"P1684020 LBT pre release - Foto TJ Krebs\" alt=\"P1684020 LBT pre release - Foto TJ Krebs\" style=\"width: 535px; height: 442px;\" \/> <\/a> <\/div> <\/div> <!-- close group --> <div class=\"gallery-group images-1\" style=\"width: 301px; height: 446px;\" data-original-width=\"301\" data-original-height=\"446\" > <div class=\"tiled-gallery-item tiled-gallery-item-large\" itemprop=\"associatedMedia\" itemscope itemtype=\"http:\/\/schema.org\/ImageObject\"> <a href=\"https:\/\/www.jazzzeitung.de\/cms\/2020\/02\/die-neue-lbt-doppel-cd-stereo\/p1683955-lbt-pre-release-foto-tj-krebs\/\" border=\"0\" itemprop=\"url\"> <meta itemprop=\"width\" content=\"297\"> <meta itemprop=\"height\" content=\"442\"> <img decoding=\"async\" class=\"\" data-attachment-id=\"21937\" data-orig-file=\"https:\/\/www.jazzzeitung.de\/cms\/wp-content\/uploads\/2020\/02\/P1683955-LBT-pre-release-Foto-TJ-Krebs.jpg\" data-orig-size=\"800,1188\" data-comments-opened=\"1\" data-image-meta=\"{&quot;aperture&quot;:&quot;0&quot;,&quot;credit&quot;:&quot;&quot;,&quot;camera&quot;:&quot;&quot;,&quot;caption&quot;:&quot;&quot;,&quot;created_timestamp&quot;:&quot;0&quot;,&quot;copyright&quot;:&quot;&quot;,&quot;focal_length&quot;:&quot;0&quot;,&quot;iso&quot;:&quot;0&quot;,&quot;shutter_speed&quot;:&quot;0&quot;,&quot;title&quot;:&quot;&quot;,&quot;orientation&quot;:&quot;0&quot;}\" data-image-title=\"P1683955 LBT pre release &amp;#8211; Foto TJ Krebs\" data-image-description=\"\" data-medium-file=\"https:\/\/i0.wp.com\/www.jazzzeitung.de\/cms\/wp-content\/uploads\/2020\/02\/P1683955-LBT-pre-release-Foto-TJ-Krebs.jpg?fit=202%2C300&#038;ssl=1\" data-large-file=\"https:\/\/i0.wp.com\/www.jazzzeitung.de\/cms\/wp-content\/uploads\/2020\/02\/P1683955-LBT-pre-release-Foto-TJ-Krebs.jpg?fit=404%2C600&#038;ssl=1\" src=\"https:\/\/i0.wp.com\/www.jazzzeitung.de\/cms\/wp-content\/uploads\/2020\/02\/P1683955-LBT-pre-release-Foto-TJ-Krebs.jpg?w=297&#038;h=442&#038;ssl=1\" srcset=\"https:\/\/i0.wp.com\/www.jazzzeitung.de\/cms\/wp-content\/uploads\/2020\/02\/P1683955-LBT-pre-release-Foto-TJ-Krebs.jpg?w=800&amp;ssl=1 800w, https:\/\/i0.wp.com\/www.jazzzeitung.de\/cms\/wp-content\/uploads\/2020\/02\/P1683955-LBT-pre-release-Foto-TJ-Krebs.jpg?resize=202%2C300&amp;ssl=1 202w, https:\/\/i0.wp.com\/www.jazzzeitung.de\/cms\/wp-content\/uploads\/2020\/02\/P1683955-LBT-pre-release-Foto-TJ-Krebs.jpg?resize=404%2C600&amp;ssl=1 404w, https:\/\/i0.wp.com\/www.jazzzeitung.de\/cms\/wp-content\/uploads\/2020\/02\/P1683955-LBT-pre-release-Foto-TJ-Krebs.jpg?resize=768%2C1140&amp;ssl=1 768w\" width=\"297\" height=\"442\" loading=\"lazy\" data-original-width=\"297\" data-original-height=\"442\" itemprop=\"http:\/\/schema.org\/image\" title=\"P1683955 LBT pre release - Foto TJ Krebs\" alt=\"P1683955 LBT pre release - Foto TJ Krebs\" style=\"width: 297px; height: 442px;\" \/> <\/a> <\/div> <\/div> <!-- close group --> <\/div> <!-- close row --> <div class=\"gallery-row\" style=\"width: 840px; height: 591px;\" data-original-width=\"840\" data-original-height=\"591\" > <div class=\"gallery-group images-1\" style=\"width: 403px; height: 591px;\" data-original-width=\"403\" data-original-height=\"591\" > <div class=\"tiled-gallery-item tiled-gallery-item-large\" itemprop=\"associatedMedia\" itemscope itemtype=\"http:\/\/schema.org\/ImageObject\"> <a href=\"https:\/\/www.jazzzeitung.de\/cms\/2020\/02\/die-neue-lbt-doppel-cd-stereo\/p1683903-lbt-pre-release-foto-tj-krebs\/\" border=\"0\" itemprop=\"url\"> <meta itemprop=\"width\" content=\"399\"> <meta itemprop=\"height\" content=\"587\"> <img decoding=\"async\" class=\"\" data-attachment-id=\"21935\" data-orig-file=\"https:\/\/www.jazzzeitung.de\/cms\/wp-content\/uploads\/2020\/02\/P1683903-LBT-pre-release-Foto-TJ-Krebs.jpg\" data-orig-size=\"800,1176\" data-comments-opened=\"1\" data-image-meta=\"{&quot;aperture&quot;:&quot;0&quot;,&quot;credit&quot;:&quot;&quot;,&quot;camera&quot;:&quot;&quot;,&quot;caption&quot;:&quot;&quot;,&quot;created_timestamp&quot;:&quot;0&quot;,&quot;copyright&quot;:&quot;&quot;,&quot;focal_length&quot;:&quot;0&quot;,&quot;iso&quot;:&quot;0&quot;,&quot;shutter_speed&quot;:&quot;0&quot;,&quot;title&quot;:&quot;&quot;,&quot;orientation&quot;:&quot;0&quot;}\" data-image-title=\"P1683903 LBT pre release &amp;#8211; Foto TJ Krebs\" data-image-description=\"\" data-medium-file=\"https:\/\/i0.wp.com\/www.jazzzeitung.de\/cms\/wp-content\/uploads\/2020\/02\/P1683903-LBT-pre-release-Foto-TJ-Krebs.jpg?fit=204%2C300&#038;ssl=1\" data-large-file=\"https:\/\/i0.wp.com\/www.jazzzeitung.de\/cms\/wp-content\/uploads\/2020\/02\/P1683903-LBT-pre-release-Foto-TJ-Krebs.jpg?fit=408%2C600&#038;ssl=1\" src=\"https:\/\/i0.wp.com\/www.jazzzeitung.de\/cms\/wp-content\/uploads\/2020\/02\/P1683903-LBT-pre-release-Foto-TJ-Krebs.jpg?w=399&#038;h=587&#038;ssl=1\" srcset=\"https:\/\/i0.wp.com\/www.jazzzeitung.de\/cms\/wp-content\/uploads\/2020\/02\/P1683903-LBT-pre-release-Foto-TJ-Krebs.jpg?w=800&amp;ssl=1 800w, https:\/\/i0.wp.com\/www.jazzzeitung.de\/cms\/wp-content\/uploads\/2020\/02\/P1683903-LBT-pre-release-Foto-TJ-Krebs.jpg?resize=204%2C300&amp;ssl=1 204w, https:\/\/i0.wp.com\/www.jazzzeitung.de\/cms\/wp-content\/uploads\/2020\/02\/P1683903-LBT-pre-release-Foto-TJ-Krebs.jpg?resize=408%2C600&amp;ssl=1 408w, https:\/\/i0.wp.com\/www.jazzzeitung.de\/cms\/wp-content\/uploads\/2020\/02\/P1683903-LBT-pre-release-Foto-TJ-Krebs.jpg?resize=768%2C1129&amp;ssl=1 768w\" width=\"399\" height=\"587\" loading=\"lazy\" data-original-width=\"399\" data-original-height=\"587\" itemprop=\"http:\/\/schema.org\/image\" title=\"P1683903 LBT pre release - Foto TJ Krebs\" alt=\"P1683903 LBT pre release - Foto TJ Krebs\" style=\"width: 399px; height: 587px;\" \/> <\/a> <\/div> <\/div> <!-- close group --> <div class=\"gallery-group images-2\" style=\"width: 437px; height: 591px;\" data-original-width=\"437\" data-original-height=\"591\" > <div class=\"tiled-gallery-item tiled-gallery-item-large\" itemprop=\"associatedMedia\" itemscope itemtype=\"http:\/\/schema.org\/ImageObject\"> <a href=\"https:\/\/www.jazzzeitung.de\/cms\/2020\/02\/die-neue-lbt-doppel-cd-stereo\/p1683851-lbt-pre-release-foto-tj-krebs\/\" border=\"0\" itemprop=\"url\"> <meta itemprop=\"width\" content=\"433\"> <meta itemprop=\"height\" content=\"290\"> <img decoding=\"async\" class=\"\" data-attachment-id=\"21933\" data-orig-file=\"https:\/\/www.jazzzeitung.de\/cms\/wp-content\/uploads\/2020\/02\/P1683851-LBT-pre-release-Foto-TJ-Krebs.jpg\" data-orig-size=\"1200,804\" data-comments-opened=\"1\" data-image-meta=\"{&quot;aperture&quot;:&quot;0&quot;,&quot;credit&quot;:&quot;&quot;,&quot;camera&quot;:&quot;&quot;,&quot;caption&quot;:&quot;&quot;,&quot;created_timestamp&quot;:&quot;0&quot;,&quot;copyright&quot;:&quot;&quot;,&quot;focal_length&quot;:&quot;0&quot;,&quot;iso&quot;:&quot;0&quot;,&quot;shutter_speed&quot;:&quot;0&quot;,&quot;title&quot;:&quot;&quot;,&quot;orientation&quot;:&quot;0&quot;}\" data-image-title=\"P1683851 LBT pre release &amp;#8211; Foto TJ Krebs\" data-image-description=\"\" data-medium-file=\"https:\/\/i0.wp.com\/www.jazzzeitung.de\/cms\/wp-content\/uploads\/2020\/02\/P1683851-LBT-pre-release-Foto-TJ-Krebs.jpg?fit=300%2C201&#038;ssl=1\" data-large-file=\"https:\/\/i0.wp.com\/www.jazzzeitung.de\/cms\/wp-content\/uploads\/2020\/02\/P1683851-LBT-pre-release-Foto-TJ-Krebs.jpg?fit=840%2C563&#038;ssl=1\" src=\"https:\/\/i0.wp.com\/www.jazzzeitung.de\/cms\/wp-content\/uploads\/2020\/02\/P1683851-LBT-pre-release-Foto-TJ-Krebs.jpg?w=433&#038;h=290&#038;ssl=1\" srcset=\"https:\/\/i0.wp.com\/www.jazzzeitung.de\/cms\/wp-content\/uploads\/2020\/02\/P1683851-LBT-pre-release-Foto-TJ-Krebs.jpg?w=1200&amp;ssl=1 1200w, https:\/\/i0.wp.com\/www.jazzzeitung.de\/cms\/wp-content\/uploads\/2020\/02\/P1683851-LBT-pre-release-Foto-TJ-Krebs.jpg?resize=300%2C201&amp;ssl=1 300w, https:\/\/i0.wp.com\/www.jazzzeitung.de\/cms\/wp-content\/uploads\/2020\/02\/P1683851-LBT-pre-release-Foto-TJ-Krebs.jpg?resize=896%2C600&amp;ssl=1 896w, https:\/\/i0.wp.com\/www.jazzzeitung.de\/cms\/wp-content\/uploads\/2020\/02\/P1683851-LBT-pre-release-Foto-TJ-Krebs.jpg?resize=768%2C515&amp;ssl=1 768w, https:\/\/i0.wp.com\/www.jazzzeitung.de\/cms\/wp-content\/uploads\/2020\/02\/P1683851-LBT-pre-release-Foto-TJ-Krebs.jpg?resize=120%2C80&amp;ssl=1 120w\" width=\"433\" height=\"290\" loading=\"lazy\" data-original-width=\"433\" data-original-height=\"290\" itemprop=\"http:\/\/schema.org\/image\" title=\"P1683851 LBT pre release - Foto TJ Krebs\" alt=\"P1683851 LBT pre release - Foto TJ Krebs\" style=\"width: 433px; height: 290px;\" \/> <\/a> <\/div> <div class=\"tiled-gallery-item tiled-gallery-item-large\" itemprop=\"associatedMedia\" itemscope itemtype=\"http:\/\/schema.org\/ImageObject\"> <a href=\"https:\/\/www.jazzzeitung.de\/cms\/2020\/02\/die-neue-lbt-doppel-cd-stereo\/p1683811-lbt-pre-release-foto-tj-krebs\/\" border=\"0\" itemprop=\"url\"> <meta itemprop=\"width\" content=\"433\"> <meta itemprop=\"height\" content=\"293\"> <img decoding=\"async\" class=\"\" data-attachment-id=\"21931\" data-orig-file=\"https:\/\/www.jazzzeitung.de\/cms\/wp-content\/uploads\/2020\/02\/P1683811-LBT-pre-release-Foto-TJ-Krebs.jpg\" data-orig-size=\"1200,811\" data-comments-opened=\"1\" data-image-meta=\"{&quot;aperture&quot;:&quot;0&quot;,&quot;credit&quot;:&quot;&quot;,&quot;camera&quot;:&quot;&quot;,&quot;caption&quot;:&quot;&quot;,&quot;created_timestamp&quot;:&quot;0&quot;,&quot;copyright&quot;:&quot;&quot;,&quot;focal_length&quot;:&quot;0&quot;,&quot;iso&quot;:&quot;0&quot;,&quot;shutter_speed&quot;:&quot;0&quot;,&quot;title&quot;:&quot;&quot;,&quot;orientation&quot;:&quot;0&quot;}\" data-image-title=\"P1683811 LBT pre release &amp;#8211; Foto TJ Krebs\" data-image-description=\"\" data-medium-file=\"https:\/\/i0.wp.com\/www.jazzzeitung.de\/cms\/wp-content\/uploads\/2020\/02\/P1683811-LBT-pre-release-Foto-TJ-Krebs.jpg?fit=300%2C203&#038;ssl=1\" data-large-file=\"https:\/\/i0.wp.com\/www.jazzzeitung.de\/cms\/wp-content\/uploads\/2020\/02\/P1683811-LBT-pre-release-Foto-TJ-Krebs.jpg?fit=840%2C568&#038;ssl=1\" src=\"https:\/\/i0.wp.com\/www.jazzzeitung.de\/cms\/wp-content\/uploads\/2020\/02\/P1683811-LBT-pre-release-Foto-TJ-Krebs.jpg?w=433&#038;h=293&#038;ssl=1\" srcset=\"https:\/\/i0.wp.com\/www.jazzzeitung.de\/cms\/wp-content\/uploads\/2020\/02\/P1683811-LBT-pre-release-Foto-TJ-Krebs.jpg?w=1200&amp;ssl=1 1200w, https:\/\/i0.wp.com\/www.jazzzeitung.de\/cms\/wp-content\/uploads\/2020\/02\/P1683811-LBT-pre-release-Foto-TJ-Krebs.jpg?resize=300%2C203&amp;ssl=1 300w, https:\/\/i0.wp.com\/www.jazzzeitung.de\/cms\/wp-content\/uploads\/2020\/02\/P1683811-LBT-pre-release-Foto-TJ-Krebs.jpg?resize=888%2C600&amp;ssl=1 888w, https:\/\/i0.wp.com\/www.jazzzeitung.de\/cms\/wp-content\/uploads\/2020\/02\/P1683811-LBT-pre-release-Foto-TJ-Krebs.jpg?resize=768%2C519&amp;ssl=1 768w, https:\/\/i0.wp.com\/www.jazzzeitung.de\/cms\/wp-content\/uploads\/2020\/02\/P1683811-LBT-pre-release-Foto-TJ-Krebs.jpg?resize=120%2C80&amp;ssl=1 120w\" width=\"433\" height=\"293\" loading=\"lazy\" data-original-width=\"433\" data-original-height=\"293\" itemprop=\"http:\/\/schema.org\/image\" title=\"P1683811 LBT pre release - Foto TJ Krebs\" alt=\"P1683811 LBT pre release - Foto TJ Krebs\" style=\"width: 433px; height: 293px;\" \/> <\/a> <\/div> <\/div> <!-- close group --> <\/div> <!-- close row --> <\/div>\n<h3>Groove ohne Ende<\/h3>\n<p>Nach gut drei Jahren und zwei CDs hat sich auch der LBT Sound sp\u00fcrbar weiter entwickelt, groovt ohne Ende, ist durchaus kompromissloser geworden und gleichzeitig spannend wie eh und je. Einfl\u00fcsse wie Nik B\u00e4rtsch oder John Hopkins sind unverkennbar und pr\u00e4gen nicht zuletzt das Jazz-Techno Programm der Band. Es bewegt sich was in der Szene und, wenn man denn eine neue Schublade aufmachen will &#8211; Jazz-Techno ist ein Genre, das LBT nicht nur spielt, sondern ma\u00dfgeblich begr\u00fcndet hat. Es mag Vorreiter geben wie Portico oder GoGo Penguin, aber diesen Bands fehlt in letzter Konsequenz die Kompromisslosigkeit, mit der LBT hier zu Werke geht. Die Idee Techno mit Jazz zu verbinden, unabh\u00e4ngig von der instrumentalen Herausforderung, mag vielleicht Puristen verst\u00f6ren, aber was hier passiert treibt den Jazz in neue Gefilde und pr\u00e4gt eine komplett neue \u00c4ra! Wohlbemerkt: bei LBT wird rein akustisch musiziert, ohne elektronischen Schnickschnack. Es funktioniert und geht ab vom Anfang bis zum Ende. Der Schlagzeuger Sebastian Wolfgruber spielt dabei pr\u00e4zise mit unglaublichem Gesp\u00fcr: Egal ob pure Techno-Rhythmen oder Jazzballaden &#8211; \u201eSebi\u201c kriegt das hin!<\/p>\n<h3><a href=\"https:\/\/i0.wp.com\/www.jazzzeitung.de\/cms\/wp-content\/uploads\/2020\/02\/lbt-stereo-cover.jpg?ssl=1\"><img data-recalc-dims=\"1\" loading=\"lazy\" decoding=\"async\" data-attachment-id=\"21930\" data-permalink=\"https:\/\/www.jazzzeitung.de\/cms\/2020\/02\/die-neue-lbt-doppel-cd-stereo\/lbt-stereo-cover\/\" data-orig-file=\"https:\/\/i0.wp.com\/www.jazzzeitung.de\/cms\/wp-content\/uploads\/2020\/02\/lbt-stereo-cover.jpg?fit=1203%2C1075&amp;ssl=1\" data-orig-size=\"1203,1075\" data-comments-opened=\"1\" data-image-meta=\"{&quot;aperture&quot;:&quot;0&quot;,&quot;credit&quot;:&quot;&quot;,&quot;camera&quot;:&quot;&quot;,&quot;caption&quot;:&quot;&quot;,&quot;created_timestamp&quot;:&quot;0&quot;,&quot;copyright&quot;:&quot;&quot;,&quot;focal_length&quot;:&quot;0&quot;,&quot;iso&quot;:&quot;0&quot;,&quot;shutter_speed&quot;:&quot;0&quot;,&quot;title&quot;:&quot;&quot;,&quot;orientation&quot;:&quot;1&quot;}\" data-image-title=\"lbt stereo &amp;#8211; cover\" data-image-description=\"\" data-image-caption=\"\" data-large-file=\"https:\/\/i0.wp.com\/www.jazzzeitung.de\/cms\/wp-content\/uploads\/2020\/02\/lbt-stereo-cover.jpg?fit=671%2C600&amp;ssl=1\" class=\"alignleft size-thumbnail wp-image-21930\" src=\"https:\/\/i0.wp.com\/www.jazzzeitung.de\/cms\/wp-content\/uploads\/2020\/02\/lbt-stereo-cover.jpg?resize=150%2C150&#038;ssl=1\" alt=\"\" width=\"150\" height=\"150\" srcset=\"https:\/\/i0.wp.com\/www.jazzzeitung.de\/cms\/wp-content\/uploads\/2020\/02\/lbt-stereo-cover.jpg?resize=150%2C150&amp;ssl=1 150w, https:\/\/i0.wp.com\/www.jazzzeitung.de\/cms\/wp-content\/uploads\/2020\/02\/lbt-stereo-cover.jpg?zoom=2&amp;resize=150%2C150&amp;ssl=1 300w, https:\/\/i0.wp.com\/www.jazzzeitung.de\/cms\/wp-content\/uploads\/2020\/02\/lbt-stereo-cover.jpg?zoom=3&amp;resize=150%2C150&amp;ssl=1 450w\" sizes=\"auto, (max-width: 150px) 100vw, 150px\" \/><\/a>St\u00e4rke in der Abwechslung<\/h3>\n<p>Die erste CD des neuen Doppelalbums \u201eStereo\u201c pr\u00e4sentiert ein lupenreines Techno-Jazz Programm aus der Feder des Bassisten Maximilian Hirning. Auf der zweiten CD befinden sich jazzigere Kompositionen von Leo Betzl und mit dem Titel \u201eSlow Hot Wind\u201c von Henri Manchini sogar ein Standard. Auf \u201e9to5 Paradigm\u201c, dem letzten St\u00fcck der CD, wird das Trio mit dem Saxophonisten Moritz Stahl dann noch zum Quartett. Die St\u00e4rke bei \u201eStereo\u201c liegt in der Abwechslung. Auch bei der zweiten CD wird Jazz, neben gro\u00dfartigen Arrangements von Leo Betzl, mal mit treibenden Rhythmen oder hypnotischen Improvisationen kombiniert. Das alles l\u00e4sst sich nur schwer in Worte fassen. Man muss die Musik einfach h\u00f6ren &#8211; vom Anfang bis zum Ende!<\/p>\n<p>Vor dem offiziellen Ver\u00f6ffentlichungstermin fand im M\u00fcnchner Steinway Haus ein Pre-Release-Konzert statt, bei man dem sich vorab schon mal einen musikalischen Eindruck verschaffen konnte:<\/p>\n<p>Tw\u00e4ng bum tschak dong basss tschhhdotz w\u00e4\u00e4\u00e4ng bum wirbel zssssh dading dadong tatim tatamm\u2026..<\/p>\n<hr \/>\n<p><strong>LBT: Stereo<br \/>\n<\/strong>Enja Records YEB-7804 LC 18386<\/p>\n<ul>\n<li>Aktuelle Tourdaten gibt\u2019s unter: <a href=\"http:\/\/www.leobetzl.de\">w<\/a><a href=\"http:\/\/www.leobetzltrio.de\">www.leobetzltrio.de<\/a><\/li>\n<li>Text &amp; Fotos: Thomas J. Krebs<\/li>\n<\/ul>\n<p>&nbsp;<\/p>\n","protected":false},"excerpt":{"rendered":"<p>LBT &#8211; was verbirgt sich hinter diesen Buchstaben? Eigentlich nichts anderes als ein Trio mit Klavier, Kontrabass und Schlagzeug. Aber nur auf den ersten Blick! Inhaltlich gehen die Drei komplett neue Wege. Leo Betzl am Piano, Sebastian Wolfgruber an den drums und der Bassist Maximilian Hirning brechen auf zu neuen musikalischen Horizonten und haben mit ihrer Musik die Szene komplett aufgemischt. Da ger\u00e4t der Jazz sprichw\u00f6rtlich aus den Fugen! Aber der Reihe nach: im Juni 2017 legte der Pianist Leo Betzl im M\u00fcnchner Jazzclub Unterfahrt seine Masterabschluss- und Maximilian Hirning am Kontrabass seine Master-Zwischenpr\u00fcfung ab. Es brodelte bereits damals gewaltig im Club mit der Kombination von Jazz &amp; Techno (siehe dazu: https:\/\/www.jazzzeitung.de\/cms\/2017\/07\/leo-betzl-absolvierte-seine-master-abschlusspruefung-in-der-unterfahrt\/ ). Praktisch war das auch der Beginn von LBT. Damals wie heute sind sie ihrem Motto treugeblieben, dem Jazz wie auch Techno weiterhin verbunden und neuen Wegen unverdrossen aufgeschlossen. 2018 gewann das Trio damit den BMW Welt Jazz Award und im Folgejahr den Burghauser Nachwuchs Jazzpreis. Was die Jungs im \u00fcbrigen auszeichnet ist ihre stete Neugier und Aufgeschlossenheit gegen\u00fcber der Techno-Szene und der Kombination mit dem Jazz. Groove ohne Ende Nach gut drei &hellip;<\/p>\n","protected":false},"author":35,"featured_media":21938,"comment_status":"open","ping_status":"closed","sticky":false,"template":"","format":"standard","meta":{"_jetpack_memberships_contains_paid_content":false,"footnotes":"","jetpack_publicize_message":"","jetpack_publicize_feature_enabled":true,"jetpack_social_post_already_shared":false,"jetpack_social_options":{"image_generator_settings":{"template":"highway","default_image_id":0,"font":"","enabled":false},"version":2}},"categories":[1152],"tags":[109,2348,1954,2896,1260],"coauthors":[1602],"class_list":["post-21929","post","type-post","status-publish","format-standard","has-post-thumbnail","hentry","category-rezension","tag-cd","tag-lbt","tag-leo-betzl-trio","tag-stereo","tag-thomas-j-krebs"],"yoast_head":"<!-- This site is optimized with the Yoast SEO plugin v27.4 - https:\/\/yoast.com\/product\/yoast-seo-wordpress\/ -->\n<title>Die neue LBT Doppel-CD: Stereo - JazzZeitung<\/title>\n<meta name=\"robots\" content=\"index, follow, max-snippet:-1, max-image-preview:large, max-video-preview:-1\" \/>\n<link rel=\"canonical\" href=\"https:\/\/www.jazzzeitung.de\/cms\/2020\/02\/die-neue-lbt-doppel-cd-stereo\/\" \/>\n<meta property=\"og:locale\" content=\"de_DE\" \/>\n<meta property=\"og:type\" content=\"article\" \/>\n<meta property=\"og:title\" content=\"Die neue LBT Doppel-CD: Stereo - JazzZeitung\" \/>\n<meta property=\"og:description\" content=\"LBT &#8211; was verbirgt sich hinter diesen Buchstaben? Eigentlich nichts anderes als ein Trio mit Klavier, Kontrabass und Schlagzeug. Aber nur auf den ersten Blick! Inhaltlich gehen die Drei komplett neue Wege. Leo Betzl am Piano, Sebastian Wolfgruber an den drums und der Bassist Maximilian Hirning brechen auf zu neuen musikalischen Horizonten und haben mit ihrer Musik die Szene komplett aufgemischt. Da ger\u00e4t der Jazz sprichw\u00f6rtlich aus den Fugen! Aber der Reihe nach: im Juni 2017 legte der Pianist Leo Betzl im M\u00fcnchner Jazzclub Unterfahrt seine Masterabschluss- und Maximilian Hirning am Kontrabass seine Master-Zwischenpr\u00fcfung ab. Es brodelte bereits damals gewaltig im Club mit der Kombination von Jazz &amp; Techno (siehe dazu: https:\/\/www.jazzzeitung.de\/cms\/2017\/07\/leo-betzl-absolvierte-seine-master-abschlusspruefung-in-der-unterfahrt\/ ). Praktisch war das auch der Beginn von LBT. Damals wie heute sind sie ihrem Motto treugeblieben, dem Jazz wie auch Techno weiterhin verbunden und neuen Wegen unverdrossen aufgeschlossen. 2018 gewann das Trio damit den BMW Welt Jazz Award und im Folgejahr den Burghauser Nachwuchs Jazzpreis. Was die Jungs im \u00fcbrigen auszeichnet ist ihre stete Neugier und Aufgeschlossenheit gegen\u00fcber der Techno-Szene und der Kombination mit dem Jazz. Groove ohne Ende Nach gut drei &hellip;\" \/>\n<meta property=\"og:url\" content=\"https:\/\/www.jazzzeitung.de\/cms\/2020\/02\/die-neue-lbt-doppel-cd-stereo\/\" \/>\n<meta property=\"og:site_name\" content=\"JazzZeitung\" \/>\n<meta property=\"article:publisher\" content=\"https:\/\/www.facebook.com\/JazzZeitung\/\" \/>\n<meta property=\"article:published_time\" content=\"2020-02-17T09:11:15+00:00\" \/>\n<meta property=\"article:modified_time\" content=\"2020-02-18T09:19:41+00:00\" \/>\n<meta property=\"og:image\" content=\"https:\/\/i0.wp.com\/www.jazzzeitung.de\/cms\/wp-content\/uploads\/2020\/02\/P1683978-LBT-pre-release-Foto-TJ-Krebs.jpg?fit=1200%2C671&ssl=1\" \/>\n\t<meta property=\"og:image:width\" content=\"1200\" \/>\n\t<meta property=\"og:image:height\" content=\"671\" \/>\n\t<meta property=\"og:image:type\" content=\"image\/jpeg\" \/>\n<meta name=\"author\" content=\"Thomas J. Krebs\" \/>\n<script type=\"application\/ld+json\" class=\"yoast-schema-graph\">{\"@context\":\"https:\\\/\\\/schema.org\",\"@graph\":[{\"@type\":\"Article\",\"@id\":\"https:\\\/\\\/www.jazzzeitung.de\\\/cms\\\/2020\\\/02\\\/die-neue-lbt-doppel-cd-stereo\\\/#article\",\"isPartOf\":{\"@id\":\"https:\\\/\\\/www.jazzzeitung.de\\\/cms\\\/2020\\\/02\\\/die-neue-lbt-doppel-cd-stereo\\\/\"},\"author\":{\"name\":\"Thomas J. Krebs\",\"@id\":\"https:\\\/\\\/www.jazzzeitung.de\\\/cms\\\/#\\\/schema\\\/person\\\/ba94c5bbea92d014d6a3d1f0105daa18\"},\"headline\":\"Die neue LBT Doppel-CD: Stereo\",\"datePublished\":\"2020-02-17T09:11:15+00:00\",\"dateModified\":\"2020-02-18T09:19:41+00:00\",\"mainEntityOfPage\":{\"@id\":\"https:\\\/\\\/www.jazzzeitung.de\\\/cms\\\/2020\\\/02\\\/die-neue-lbt-doppel-cd-stereo\\\/\"},\"wordCount\":573,\"commentCount\":0,\"publisher\":{\"@id\":\"https:\\\/\\\/www.jazzzeitung.de\\\/cms\\\/#organization\"},\"image\":{\"@id\":\"https:\\\/\\\/www.jazzzeitung.de\\\/cms\\\/2020\\\/02\\\/die-neue-lbt-doppel-cd-stereo\\\/#primaryimage\"},\"thumbnailUrl\":\"https:\\\/\\\/i0.wp.com\\\/www.jazzzeitung.de\\\/cms\\\/wp-content\\\/uploads\\\/2020\\\/02\\\/P1683978-LBT-pre-release-Foto-TJ-Krebs.jpg?fit=1200%2C671&ssl=1\",\"keywords\":[\"CD\",\"LBT\",\"Leo Betzl Trio\",\"Stereo\",\"Thomas J. Krebs\"],\"articleSection\":[\"Rezension\"],\"inLanguage\":\"de\",\"potentialAction\":[{\"@type\":\"CommentAction\",\"name\":\"Comment\",\"target\":[\"https:\\\/\\\/www.jazzzeitung.de\\\/cms\\\/2020\\\/02\\\/die-neue-lbt-doppel-cd-stereo\\\/#respond\"]}]},{\"@type\":\"WebPage\",\"@id\":\"https:\\\/\\\/www.jazzzeitung.de\\\/cms\\\/2020\\\/02\\\/die-neue-lbt-doppel-cd-stereo\\\/\",\"url\":\"https:\\\/\\\/www.jazzzeitung.de\\\/cms\\\/2020\\\/02\\\/die-neue-lbt-doppel-cd-stereo\\\/\",\"name\":\"Die neue LBT Doppel-CD: Stereo - JazzZeitung\",\"isPartOf\":{\"@id\":\"https:\\\/\\\/www.jazzzeitung.de\\\/cms\\\/#website\"},\"primaryImageOfPage\":{\"@id\":\"https:\\\/\\\/www.jazzzeitung.de\\\/cms\\\/2020\\\/02\\\/die-neue-lbt-doppel-cd-stereo\\\/#primaryimage\"},\"image\":{\"@id\":\"https:\\\/\\\/www.jazzzeitung.de\\\/cms\\\/2020\\\/02\\\/die-neue-lbt-doppel-cd-stereo\\\/#primaryimage\"},\"thumbnailUrl\":\"https:\\\/\\\/i0.wp.com\\\/www.jazzzeitung.de\\\/cms\\\/wp-content\\\/uploads\\\/2020\\\/02\\\/P1683978-LBT-pre-release-Foto-TJ-Krebs.jpg?fit=1200%2C671&ssl=1\",\"datePublished\":\"2020-02-17T09:11:15+00:00\",\"dateModified\":\"2020-02-18T09:19:41+00:00\",\"breadcrumb\":{\"@id\":\"https:\\\/\\\/www.jazzzeitung.de\\\/cms\\\/2020\\\/02\\\/die-neue-lbt-doppel-cd-stereo\\\/#breadcrumb\"},\"inLanguage\":\"de\",\"potentialAction\":[{\"@type\":\"ReadAction\",\"target\":[\"https:\\\/\\\/www.jazzzeitung.de\\\/cms\\\/2020\\\/02\\\/die-neue-lbt-doppel-cd-stereo\\\/\"]}]},{\"@type\":\"ImageObject\",\"inLanguage\":\"de\",\"@id\":\"https:\\\/\\\/www.jazzzeitung.de\\\/cms\\\/2020\\\/02\\\/die-neue-lbt-doppel-cd-stereo\\\/#primaryimage\",\"url\":\"https:\\\/\\\/i0.wp.com\\\/www.jazzzeitung.de\\\/cms\\\/wp-content\\\/uploads\\\/2020\\\/02\\\/P1683978-LBT-pre-release-Foto-TJ-Krebs.jpg?fit=1200%2C671&ssl=1\",\"contentUrl\":\"https:\\\/\\\/i0.wp.com\\\/www.jazzzeitung.de\\\/cms\\\/wp-content\\\/uploads\\\/2020\\\/02\\\/P1683978-LBT-pre-release-Foto-TJ-Krebs.jpg?fit=1200%2C671&ssl=1\",\"width\":1200,\"height\":671},{\"@type\":\"BreadcrumbList\",\"@id\":\"https:\\\/\\\/www.jazzzeitung.de\\\/cms\\\/2020\\\/02\\\/die-neue-lbt-doppel-cd-stereo\\\/#breadcrumb\",\"itemListElement\":[{\"@type\":\"ListItem\",\"position\":1,\"name\":\"Startseite\",\"item\":\"https:\\\/\\\/www.jazzzeitung.de\\\/cms\\\/\"},{\"@type\":\"ListItem\",\"position\":2,\"name\":\"Die neue LBT Doppel-CD: Stereo\"}]},{\"@type\":\"WebSite\",\"@id\":\"https:\\\/\\\/www.jazzzeitung.de\\\/cms\\\/#website\",\"url\":\"https:\\\/\\\/www.jazzzeitung.de\\\/cms\\\/\",\"name\":\"JazzZeitung\",\"description\":\"Jazz-News und Jazz-Kontroverses\",\"publisher\":{\"@id\":\"https:\\\/\\\/www.jazzzeitung.de\\\/cms\\\/#organization\"},\"potentialAction\":[{\"@type\":\"SearchAction\",\"target\":{\"@type\":\"EntryPoint\",\"urlTemplate\":\"https:\\\/\\\/www.jazzzeitung.de\\\/cms\\\/?s={search_term_string}\"},\"query-input\":{\"@type\":\"PropertyValueSpecification\",\"valueRequired\":true,\"valueName\":\"search_term_string\"}}],\"inLanguage\":\"de\"},{\"@type\":\"Organization\",\"@id\":\"https:\\\/\\\/www.jazzzeitung.de\\\/cms\\\/#organization\",\"name\":\"JazzZeitung online\",\"url\":\"https:\\\/\\\/www.jazzzeitung.de\\\/cms\\\/\",\"logo\":{\"@type\":\"ImageObject\",\"inLanguage\":\"de\",\"@id\":\"https:\\\/\\\/www.jazzzeitung.de\\\/cms\\\/#\\\/schema\\\/logo\\\/image\\\/\",\"url\":\"https:\\\/\\\/i0.wp.com\\\/www.jazzzeitung.de\\\/cms\\\/wp-content\\\/uploads\\\/2015\\\/08\\\/JAZZZEITUNGDE_Logo_Neu.png?fit=499%2C200&ssl=1\",\"contentUrl\":\"https:\\\/\\\/i0.wp.com\\\/www.jazzzeitung.de\\\/cms\\\/wp-content\\\/uploads\\\/2015\\\/08\\\/JAZZZEITUNGDE_Logo_Neu.png?fit=499%2C200&ssl=1\",\"width\":499,\"height\":200,\"caption\":\"JazzZeitung online\"},\"image\":{\"@id\":\"https:\\\/\\\/www.jazzzeitung.de\\\/cms\\\/#\\\/schema\\\/logo\\\/image\\\/\"},\"sameAs\":[\"https:\\\/\\\/www.facebook.com\\\/JazzZeitung\\\/\"]},{\"@type\":\"Person\",\"@id\":\"https:\\\/\\\/www.jazzzeitung.de\\\/cms\\\/#\\\/schema\\\/person\\\/ba94c5bbea92d014d6a3d1f0105daa18\",\"name\":\"Thomas J. Krebs\",\"image\":{\"@type\":\"ImageObject\",\"inLanguage\":\"de\",\"@id\":\"https:\\\/\\\/secure.gravatar.com\\\/avatar\\\/e362b221c114fbcde56be31a2eacbbab541308e5bf72f20d4519b16cdeb5c667?s=96&d=wp_user_avatar&r=ga12b8f4e2750c9ca30f9e22cab2177c6\",\"url\":\"https:\\\/\\\/secure.gravatar.com\\\/avatar\\\/e362b221c114fbcde56be31a2eacbbab541308e5bf72f20d4519b16cdeb5c667?s=96&d=wp_user_avatar&r=g\",\"contentUrl\":\"https:\\\/\\\/secure.gravatar.com\\\/avatar\\\/e362b221c114fbcde56be31a2eacbbab541308e5bf72f20d4519b16cdeb5c667?s=96&d=wp_user_avatar&r=g\",\"caption\":\"Thomas J. Krebs\"},\"url\":\"https:\\\/\\\/www.jazzzeitung.de\\\/cms\\\/author\\\/krebs\\\/\"}]}<\/script>\n<!-- \/ Yoast SEO plugin. -->","yoast_head_json":{"title":"Die neue LBT Doppel-CD: Stereo - JazzZeitung","robots":{"index":"index","follow":"follow","max-snippet":"max-snippet:-1","max-image-preview":"max-image-preview:large","max-video-preview":"max-video-preview:-1"},"canonical":"https:\/\/www.jazzzeitung.de\/cms\/2020\/02\/die-neue-lbt-doppel-cd-stereo\/","og_locale":"de_DE","og_type":"article","og_title":"Die neue LBT Doppel-CD: Stereo - JazzZeitung","og_description":"LBT &#8211; was verbirgt sich hinter diesen Buchstaben? Eigentlich nichts anderes als ein Trio mit Klavier, Kontrabass und Schlagzeug. Aber nur auf den ersten Blick! Inhaltlich gehen die Drei komplett neue Wege. Leo Betzl am Piano, Sebastian Wolfgruber an den drums und der Bassist Maximilian Hirning brechen auf zu neuen musikalischen Horizonten und haben mit ihrer Musik die Szene komplett aufgemischt. Da ger\u00e4t der Jazz sprichw\u00f6rtlich aus den Fugen! Aber der Reihe nach: im Juni 2017 legte der Pianist Leo Betzl im M\u00fcnchner Jazzclub Unterfahrt seine Masterabschluss- und Maximilian Hirning am Kontrabass seine Master-Zwischenpr\u00fcfung ab. Es brodelte bereits damals gewaltig im Club mit der Kombination von Jazz &amp; Techno (siehe dazu: https:\/\/www.jazzzeitung.de\/cms\/2017\/07\/leo-betzl-absolvierte-seine-master-abschlusspruefung-in-der-unterfahrt\/ ). Praktisch war das auch der Beginn von LBT. Damals wie heute sind sie ihrem Motto treugeblieben, dem Jazz wie auch Techno weiterhin verbunden und neuen Wegen unverdrossen aufgeschlossen. 2018 gewann das Trio damit den BMW Welt Jazz Award und im Folgejahr den Burghauser Nachwuchs Jazzpreis. Was die Jungs im \u00fcbrigen auszeichnet ist ihre stete Neugier und Aufgeschlossenheit gegen\u00fcber der Techno-Szene und der Kombination mit dem Jazz. Groove ohne Ende Nach gut drei &hellip;","og_url":"https:\/\/www.jazzzeitung.de\/cms\/2020\/02\/die-neue-lbt-doppel-cd-stereo\/","og_site_name":"JazzZeitung","article_publisher":"https:\/\/www.facebook.com\/JazzZeitung\/","article_published_time":"2020-02-17T09:11:15+00:00","article_modified_time":"2020-02-18T09:19:41+00:00","og_image":[{"width":1200,"height":671,"url":"https:\/\/i0.wp.com\/www.jazzzeitung.de\/cms\/wp-content\/uploads\/2020\/02\/P1683978-LBT-pre-release-Foto-TJ-Krebs.jpg?fit=1200%2C671&ssl=1","type":"image\/jpeg"}],"author":"Thomas J. Krebs","schema":{"@context":"https:\/\/schema.org","@graph":[{"@type":"Article","@id":"https:\/\/www.jazzzeitung.de\/cms\/2020\/02\/die-neue-lbt-doppel-cd-stereo\/#article","isPartOf":{"@id":"https:\/\/www.jazzzeitung.de\/cms\/2020\/02\/die-neue-lbt-doppel-cd-stereo\/"},"author":{"name":"Thomas J. Krebs","@id":"https:\/\/www.jazzzeitung.de\/cms\/#\/schema\/person\/ba94c5bbea92d014d6a3d1f0105daa18"},"headline":"Die neue LBT Doppel-CD: Stereo","datePublished":"2020-02-17T09:11:15+00:00","dateModified":"2020-02-18T09:19:41+00:00","mainEntityOfPage":{"@id":"https:\/\/www.jazzzeitung.de\/cms\/2020\/02\/die-neue-lbt-doppel-cd-stereo\/"},"wordCount":573,"commentCount":0,"publisher":{"@id":"https:\/\/www.jazzzeitung.de\/cms\/#organization"},"image":{"@id":"https:\/\/www.jazzzeitung.de\/cms\/2020\/02\/die-neue-lbt-doppel-cd-stereo\/#primaryimage"},"thumbnailUrl":"https:\/\/i0.wp.com\/www.jazzzeitung.de\/cms\/wp-content\/uploads\/2020\/02\/P1683978-LBT-pre-release-Foto-TJ-Krebs.jpg?fit=1200%2C671&ssl=1","keywords":["CD","LBT","Leo Betzl Trio","Stereo","Thomas J. Krebs"],"articleSection":["Rezension"],"inLanguage":"de","potentialAction":[{"@type":"CommentAction","name":"Comment","target":["https:\/\/www.jazzzeitung.de\/cms\/2020\/02\/die-neue-lbt-doppel-cd-stereo\/#respond"]}]},{"@type":"WebPage","@id":"https:\/\/www.jazzzeitung.de\/cms\/2020\/02\/die-neue-lbt-doppel-cd-stereo\/","url":"https:\/\/www.jazzzeitung.de\/cms\/2020\/02\/die-neue-lbt-doppel-cd-stereo\/","name":"Die neue LBT Doppel-CD: Stereo - JazzZeitung","isPartOf":{"@id":"https:\/\/www.jazzzeitung.de\/cms\/#website"},"primaryImageOfPage":{"@id":"https:\/\/www.jazzzeitung.de\/cms\/2020\/02\/die-neue-lbt-doppel-cd-stereo\/#primaryimage"},"image":{"@id":"https:\/\/www.jazzzeitung.de\/cms\/2020\/02\/die-neue-lbt-doppel-cd-stereo\/#primaryimage"},"thumbnailUrl":"https:\/\/i0.wp.com\/www.jazzzeitung.de\/cms\/wp-content\/uploads\/2020\/02\/P1683978-LBT-pre-release-Foto-TJ-Krebs.jpg?fit=1200%2C671&ssl=1","datePublished":"2020-02-17T09:11:15+00:00","dateModified":"2020-02-18T09:19:41+00:00","breadcrumb":{"@id":"https:\/\/www.jazzzeitung.de\/cms\/2020\/02\/die-neue-lbt-doppel-cd-stereo\/#breadcrumb"},"inLanguage":"de","potentialAction":[{"@type":"ReadAction","target":["https:\/\/www.jazzzeitung.de\/cms\/2020\/02\/die-neue-lbt-doppel-cd-stereo\/"]}]},{"@type":"ImageObject","inLanguage":"de","@id":"https:\/\/www.jazzzeitung.de\/cms\/2020\/02\/die-neue-lbt-doppel-cd-stereo\/#primaryimage","url":"https:\/\/i0.wp.com\/www.jazzzeitung.de\/cms\/wp-content\/uploads\/2020\/02\/P1683978-LBT-pre-release-Foto-TJ-Krebs.jpg?fit=1200%2C671&ssl=1","contentUrl":"https:\/\/i0.wp.com\/www.jazzzeitung.de\/cms\/wp-content\/uploads\/2020\/02\/P1683978-LBT-pre-release-Foto-TJ-Krebs.jpg?fit=1200%2C671&ssl=1","width":1200,"height":671},{"@type":"BreadcrumbList","@id":"https:\/\/www.jazzzeitung.de\/cms\/2020\/02\/die-neue-lbt-doppel-cd-stereo\/#breadcrumb","itemListElement":[{"@type":"ListItem","position":1,"name":"Startseite","item":"https:\/\/www.jazzzeitung.de\/cms\/"},{"@type":"ListItem","position":2,"name":"Die neue LBT Doppel-CD: Stereo"}]},{"@type":"WebSite","@id":"https:\/\/www.jazzzeitung.de\/cms\/#website","url":"https:\/\/www.jazzzeitung.de\/cms\/","name":"JazzZeitung","description":"Jazz-News und Jazz-Kontroverses","publisher":{"@id":"https:\/\/www.jazzzeitung.de\/cms\/#organization"},"potentialAction":[{"@type":"SearchAction","target":{"@type":"EntryPoint","urlTemplate":"https:\/\/www.jazzzeitung.de\/cms\/?s={search_term_string}"},"query-input":{"@type":"PropertyValueSpecification","valueRequired":true,"valueName":"search_term_string"}}],"inLanguage":"de"},{"@type":"Organization","@id":"https:\/\/www.jazzzeitung.de\/cms\/#organization","name":"JazzZeitung online","url":"https:\/\/www.jazzzeitung.de\/cms\/","logo":{"@type":"ImageObject","inLanguage":"de","@id":"https:\/\/www.jazzzeitung.de\/cms\/#\/schema\/logo\/image\/","url":"https:\/\/i0.wp.com\/www.jazzzeitung.de\/cms\/wp-content\/uploads\/2015\/08\/JAZZZEITUNGDE_Logo_Neu.png?fit=499%2C200&ssl=1","contentUrl":"https:\/\/i0.wp.com\/www.jazzzeitung.de\/cms\/wp-content\/uploads\/2015\/08\/JAZZZEITUNGDE_Logo_Neu.png?fit=499%2C200&ssl=1","width":499,"height":200,"caption":"JazzZeitung online"},"image":{"@id":"https:\/\/www.jazzzeitung.de\/cms\/#\/schema\/logo\/image\/"},"sameAs":["https:\/\/www.facebook.com\/JazzZeitung\/"]},{"@type":"Person","@id":"https:\/\/www.jazzzeitung.de\/cms\/#\/schema\/person\/ba94c5bbea92d014d6a3d1f0105daa18","name":"Thomas J. Krebs","image":{"@type":"ImageObject","inLanguage":"de","@id":"https:\/\/secure.gravatar.com\/avatar\/e362b221c114fbcde56be31a2eacbbab541308e5bf72f20d4519b16cdeb5c667?s=96&d=wp_user_avatar&r=ga12b8f4e2750c9ca30f9e22cab2177c6","url":"https:\/\/secure.gravatar.com\/avatar\/e362b221c114fbcde56be31a2eacbbab541308e5bf72f20d4519b16cdeb5c667?s=96&d=wp_user_avatar&r=g","contentUrl":"https:\/\/secure.gravatar.com\/avatar\/e362b221c114fbcde56be31a2eacbbab541308e5bf72f20d4519b16cdeb5c667?s=96&d=wp_user_avatar&r=g","caption":"Thomas J. Krebs"},"url":"https:\/\/www.jazzzeitung.de\/cms\/author\/krebs\/"}]}},"wp-worthy-pixel":{"ignored":true,"public":null,"server":null,"url":null},"wp-worthy-type":"normal","jetpack_publicize_connections":[],"cc_featured_image_caption":{"caption_text":"","source_text":"Foto: TJ Krebs","source_url":""},"jetpack_featured_media_url":"https:\/\/i0.wp.com\/www.jazzzeitung.de\/cms\/wp-content\/uploads\/2020\/02\/P1683978-LBT-pre-release-Foto-TJ-Krebs.jpg?fit=1200%2C671&ssl=1","jetpack_shortlink":"https:\/\/wp.me\/p3KEcT-5HH","jetpack-related-posts":[{"id":29081,"url":"https:\/\/www.jazzzeitung.de\/cms\/2023\/02\/album-abstrakt-leo-betzl-trio-besinnt-sich-auf-den-jazz\/","url_meta":{"origin":21929,"position":0},"title":"Album \u201eABSTRAKT\u201c &#8211; Leo Betzl Trio besinnt sich auf den Jazz","author":"Redaktion JazzZeitung","date":"10. Februar 2023","format":false,"excerpt":"(von Stefan Pieper) LBT \u2013 hinter diesem K\u00fcrzel verbirgt sich das M\u00fcnchener Leo Betzl Trio \u2013 und die machen seit einigen Jahren mit ihrer rein akustisch gespielten Techno-Fusion m\u00e4chtig Furore. Auf ihren neuen Album \u201eAbstrakt\" zeigen sie sich aber auch als zeitloses Jazz-Pianotrio auf kreativer H\u00f6he. Nach eigenem Bekunden ziehen\u2026","rel":"","context":"In &quot;Rezension&quot;","block_context":{"text":"Rezension","link":"https:\/\/www.jazzzeitung.de\/cms\/thema\/rezension\/"},"img":{"alt_text":"","src":"https:\/\/i0.wp.com\/www.jazzzeitung.de\/cms\/wp-content\/uploads\/2023\/02\/0767522783322.jpg?fit=600%2C539&ssl=1&resize=350%2C200","width":350,"height":200,"srcset":"https:\/\/i0.wp.com\/www.jazzzeitung.de\/cms\/wp-content\/uploads\/2023\/02\/0767522783322.jpg?fit=600%2C539&ssl=1&resize=350%2C200 1x, https:\/\/i0.wp.com\/www.jazzzeitung.de\/cms\/wp-content\/uploads\/2023\/02\/0767522783322.jpg?fit=600%2C539&ssl=1&resize=525%2C300 1.5x"},"classes":[]},{"id":12876,"url":"https:\/\/www.jazzzeitung.de\/cms\/2017\/07\/leo-betzl-absolvierte-seine-master-abschlusspruefung-in-der-unterfahrt\/","url_meta":{"origin":21929,"position":1},"title":"Leo Betzl absolvierte seine Master-Abschlusspr\u00fcfung in der Unterfahrt","author":"Redaktion JazzZeitung","date":"5. Juli 2017","format":"gallery","excerpt":"Nicht einfach nur ein Konzert mit dem Leo Betzl Trio - an diesem Abend ging es um die Wurst: f\u00fcr Leo Betzl, der an diesem Abend im ersten Set seine Master-Abschlusspr\u00fcfung an der Hochschule f\u00fcr Musik und Theater M\u00fcnchen bestritt und f\u00fcr Maximilian Hirning, der im zweiten Set seine Master-Zwischenpr\u00fcfung\u2026","rel":"","context":"In &quot;Bericht&quot;","block_context":{"text":"Bericht","link":"https:\/\/www.jazzzeitung.de\/cms\/thema\/bericht\/"},"img":{"alt_text":"","src":"https:\/\/i0.wp.com\/www.jazzzeitung.de\/cms\/wp-content\/uploads\/2017\/07\/P1430677-Betzl-Foto-TJ-Krebs-e1499255215481.jpg?fit=1191%2C1066&ssl=1&resize=350%2C200","width":350,"height":200,"srcset":"https:\/\/i0.wp.com\/www.jazzzeitung.de\/cms\/wp-content\/uploads\/2017\/07\/P1430677-Betzl-Foto-TJ-Krebs-e1499255215481.jpg?fit=1191%2C1066&ssl=1&resize=350%2C200 1x, https:\/\/i0.wp.com\/www.jazzzeitung.de\/cms\/wp-content\/uploads\/2017\/07\/P1430677-Betzl-Foto-TJ-Krebs-e1499255215481.jpg?fit=1191%2C1066&ssl=1&resize=525%2C300 1.5x, https:\/\/i0.wp.com\/www.jazzzeitung.de\/cms\/wp-content\/uploads\/2017\/07\/P1430677-Betzl-Foto-TJ-Krebs-e1499255215481.jpg?fit=1191%2C1066&ssl=1&resize=700%2C400 2x, https:\/\/i0.wp.com\/www.jazzzeitung.de\/cms\/wp-content\/uploads\/2017\/07\/P1430677-Betzl-Foto-TJ-Krebs-e1499255215481.jpg?fit=1191%2C1066&ssl=1&resize=1050%2C600 3x"},"classes":[]},{"id":21391,"url":"https:\/\/www.jazzzeitung.de\/cms\/2019\/12\/das-gespuer-fuer-den-richtigen-moment-leo-betzls-klaviertrio-erobert-den-techno\/","url_meta":{"origin":21929,"position":2},"title":"Das Gesp\u00fcr f\u00fcr den richtigen Moment: Leo Betzls Klaviertrio erobert den Techno","author":"Redaktion JazzZeitung","date":"4. Dezember 2019","format":false,"excerpt":"Text und Fotos von Stefan Pieper. Erst war es f\u00fcr das M\u00fcnchener Leo-Betzl-Trio nur ein Experiment, mal eine \u201eTechno-Nummer\u201c ins Programm zu nehmen. Mittlerweile ist ein ganzes Abendprogramm und eine ganze CD daraus hervorgegangen. Und was im Januar beim Jazzfestival M\u00fcnster noch etwas kammermusikalisch- verhalten vonstatten ging, entfesselt ein knappes\u2026","rel":"","context":"In &quot;Bericht&quot;","block_context":{"text":"Bericht","link":"https:\/\/www.jazzzeitung.de\/cms\/thema\/bericht\/"},"img":{"alt_text":"","src":"https:\/\/i0.wp.com\/www.jazzzeitung.de\/cms\/wp-content\/uploads\/2019\/12\/DSC02259-scaled.jpg?fit=1094%2C1200&ssl=1&resize=350%2C200","width":350,"height":200,"srcset":"https:\/\/i0.wp.com\/www.jazzzeitung.de\/cms\/wp-content\/uploads\/2019\/12\/DSC02259-scaled.jpg?fit=1094%2C1200&ssl=1&resize=350%2C200 1x, https:\/\/i0.wp.com\/www.jazzzeitung.de\/cms\/wp-content\/uploads\/2019\/12\/DSC02259-scaled.jpg?fit=1094%2C1200&ssl=1&resize=525%2C300 1.5x, https:\/\/i0.wp.com\/www.jazzzeitung.de\/cms\/wp-content\/uploads\/2019\/12\/DSC02259-scaled.jpg?fit=1094%2C1200&ssl=1&resize=700%2C400 2x, https:\/\/i0.wp.com\/www.jazzzeitung.de\/cms\/wp-content\/uploads\/2019\/12\/DSC02259-scaled.jpg?fit=1094%2C1200&ssl=1&resize=1050%2C600 3x"},"classes":[]},{"id":15908,"url":"https:\/\/www.jazzzeitung.de\/cms\/2018\/05\/die-finalisten-des-bmw-welt-jazz-award-2018-stehen-fest\/","url_meta":{"origin":21929,"position":3},"title":"BMW Welt Jazz Award: BartolomeyBittmann vs. LBT","author":"Redaktion JazzZeitung","date":"4. Mai 2018","format":false,"excerpt":"Die Finalisten des BMW Welt Jazz Award 2018 stehen fest Zum Finale des BMW Welt Jazz Awards, der in diesem Jahr sein zehnj\u00e4hriges Bestehen feiert, pr\u00e4sentieren sich LBT und BartolomeyBittmann progressive strings vienna im Auditorium der BMW Welt. Das Motto in diesem Jahr lautet \u201eJazz moves\u201c und so wird es\u2026","rel":"","context":"In &quot;News&quot;","block_context":{"text":"News","link":"https:\/\/www.jazzzeitung.de\/cms\/thema\/nachrichten\/"},"img":{"alt_text":"","src":"https:\/\/i0.wp.com\/www.jazzzeitung.de\/cms\/wp-content\/uploads\/2018\/04\/Beasdy-Belle-mit-ihrem-Sextett-im-Doppelkegel-Foto-TJ-Krebs-jazzphotoagency%40web.de_.jpg?fit=1200%2C800&ssl=1&resize=350%2C200","width":350,"height":200,"srcset":"https:\/\/i0.wp.com\/www.jazzzeitung.de\/cms\/wp-content\/uploads\/2018\/04\/Beasdy-Belle-mit-ihrem-Sextett-im-Doppelkegel-Foto-TJ-Krebs-jazzphotoagency%40web.de_.jpg?fit=1200%2C800&ssl=1&resize=350%2C200 1x, https:\/\/i0.wp.com\/www.jazzzeitung.de\/cms\/wp-content\/uploads\/2018\/04\/Beasdy-Belle-mit-ihrem-Sextett-im-Doppelkegel-Foto-TJ-Krebs-jazzphotoagency%40web.de_.jpg?fit=1200%2C800&ssl=1&resize=525%2C300 1.5x, https:\/\/i0.wp.com\/www.jazzzeitung.de\/cms\/wp-content\/uploads\/2018\/04\/Beasdy-Belle-mit-ihrem-Sextett-im-Doppelkegel-Foto-TJ-Krebs-jazzphotoagency%40web.de_.jpg?fit=1200%2C800&ssl=1&resize=700%2C400 2x, https:\/\/i0.wp.com\/www.jazzzeitung.de\/cms\/wp-content\/uploads\/2018\/04\/Beasdy-Belle-mit-ihrem-Sextett-im-Doppelkegel-Foto-TJ-Krebs-jazzphotoagency%40web.de_.jpg?fit=1200%2C800&ssl=1&resize=1050%2C600 3x"},"classes":[]},{"id":16326,"url":"https:\/\/www.jazzzeitung.de\/cms\/2018\/06\/bmw-welt-jazz-award-2018-geht-an-das-leo-betzl-trio\/","url_meta":{"origin":21929,"position":4},"title":"Die Kunst der Improvisation gewinnt: Der BMW Welt Jazz Award 2018 geht an das Leo Betzl Trio","author":"Redaktion JazzZeitung","date":"11. Juni 2018","format":false,"excerpt":"\u00a0 Der zehnte BMW Welt Jazz Award fand nach einem au\u00dfergew\u00f6hnlichen Abschlusskonzert seinen Sieger: Das Trio LBT, bestehend aus Pianist Leo Betzl, Schlagzeuger Sebastian Wolfgruber und Bassist Maximilian Hirning setzte sich am Samstagabend gegen das Duo BartolomeyBittmann - progressive strings vienna durch. Den Hauptpreis \u00fcberreichte Nicolas Peter, Mitglied des Vorstands\u2026","rel":"","context":"In &quot;News&quot;","block_context":{"text":"News","link":"https:\/\/www.jazzzeitung.de\/cms\/thema\/nachrichten\/"},"img":{"alt_text":"","src":"https:\/\/i0.wp.com\/www.jazzzeitung.de\/cms\/wp-content\/uploads\/2018\/06\/0K3A1544-Award-und-LBT-dombr.jpg?fit=1200%2C800&ssl=1&resize=350%2C200","width":350,"height":200,"srcset":"https:\/\/i0.wp.com\/www.jazzzeitung.de\/cms\/wp-content\/uploads\/2018\/06\/0K3A1544-Award-und-LBT-dombr.jpg?fit=1200%2C800&ssl=1&resize=350%2C200 1x, https:\/\/i0.wp.com\/www.jazzzeitung.de\/cms\/wp-content\/uploads\/2018\/06\/0K3A1544-Award-und-LBT-dombr.jpg?fit=1200%2C800&ssl=1&resize=525%2C300 1.5x, https:\/\/i0.wp.com\/www.jazzzeitung.de\/cms\/wp-content\/uploads\/2018\/06\/0K3A1544-Award-und-LBT-dombr.jpg?fit=1200%2C800&ssl=1&resize=700%2C400 2x, https:\/\/i0.wp.com\/www.jazzzeitung.de\/cms\/wp-content\/uploads\/2018\/06\/0K3A1544-Award-und-LBT-dombr.jpg?fit=1200%2C800&ssl=1&resize=1050%2C600 3x"},"classes":[]},{"id":14972,"url":"https:\/\/www.jazzzeitung.de\/cms\/2018\/02\/auftakt-des-bmw-welt-jazz-award-2018-jazz-moves-interpretiert-von-lbt-und-dem-jukka-eskola-soul-trio\/","url_meta":{"origin":21929,"position":5},"title":"Fotos aus zehn Jahre BMW Welt Jazz Award. Das Motto der zehnten Ausgabe hei\u00dft: \u201eJazz moves\u201c","author":"Redaktion JazzZeitung","date":"1. Februar 2018","format":false,"excerpt":"Der BMW Welt Jazz Award feiert sein zehnj\u00e4hriges Jubil\u00e4um. Ssirus W. Pakzad hat als Musikkritiker den Wettbewerb zehn Jahr lang leidenschaftlich und mit Kennerschaft\u00a0 begleitet und in seiner Rolle als Fotograf viele musikalische Momente festgehalten. Hier eine Galerie mit einer kleinen Auswahl seiner Arbeiten aus dem Doppelkegel der BMW Welt\u2026","rel":"","context":"In &quot;News&quot;","block_context":{"text":"News","link":"https:\/\/www.jazzzeitung.de\/cms\/thema\/nachrichten\/"},"img":{"alt_text":"","src":"https:\/\/i0.wp.com\/www.jazzzeitung.de\/cms\/wp-content\/uploads\/2018\/02\/nru.jpg?fit=1200%2C823&ssl=1&resize=350%2C200","width":350,"height":200,"srcset":"https:\/\/i0.wp.com\/www.jazzzeitung.de\/cms\/wp-content\/uploads\/2018\/02\/nru.jpg?fit=1200%2C823&ssl=1&resize=350%2C200 1x, https:\/\/i0.wp.com\/www.jazzzeitung.de\/cms\/wp-content\/uploads\/2018\/02\/nru.jpg?fit=1200%2C823&ssl=1&resize=525%2C300 1.5x, https:\/\/i0.wp.com\/www.jazzzeitung.de\/cms\/wp-content\/uploads\/2018\/02\/nru.jpg?fit=1200%2C823&ssl=1&resize=700%2C400 2x, https:\/\/i0.wp.com\/www.jazzzeitung.de\/cms\/wp-content\/uploads\/2018\/02\/nru.jpg?fit=1200%2C823&ssl=1&resize=1050%2C600 3x"},"classes":[]}],"jetpack_sharing_enabled":true,"_links":{"self":[{"href":"https:\/\/www.jazzzeitung.de\/cms\/wp-json\/wp\/v2\/posts\/21929","targetHints":{"allow":["GET"]}}],"collection":[{"href":"https:\/\/www.jazzzeitung.de\/cms\/wp-json\/wp\/v2\/posts"}],"about":[{"href":"https:\/\/www.jazzzeitung.de\/cms\/wp-json\/wp\/v2\/types\/post"}],"author":[{"embeddable":true,"href":"https:\/\/www.jazzzeitung.de\/cms\/wp-json\/wp\/v2\/users\/35"}],"replies":[{"embeddable":true,"href":"https:\/\/www.jazzzeitung.de\/cms\/wp-json\/wp\/v2\/comments?post=21929"}],"version-history":[{"count":6,"href":"https:\/\/www.jazzzeitung.de\/cms\/wp-json\/wp\/v2\/posts\/21929\/revisions"}],"predecessor-version":[{"id":21955,"href":"https:\/\/www.jazzzeitung.de\/cms\/wp-json\/wp\/v2\/posts\/21929\/revisions\/21955"}],"wp:featuredmedia":[{"embeddable":true,"href":"https:\/\/www.jazzzeitung.de\/cms\/wp-json\/wp\/v2\/media\/21938"}],"wp:attachment":[{"href":"https:\/\/www.jazzzeitung.de\/cms\/wp-json\/wp\/v2\/media?parent=21929"}],"wp:term":[{"taxonomy":"category","embeddable":true,"href":"https:\/\/www.jazzzeitung.de\/cms\/wp-json\/wp\/v2\/categories?post=21929"},{"taxonomy":"post_tag","embeddable":true,"href":"https:\/\/www.jazzzeitung.de\/cms\/wp-json\/wp\/v2\/tags?post=21929"},{"taxonomy":"author","embeddable":true,"href":"https:\/\/www.jazzzeitung.de\/cms\/wp-json\/wp\/v2\/coauthors?post=21929"}],"curies":[{"name":"wp","href":"https:\/\/api.w.org\/{rel}","templated":true}]}}