{"id":21878,"date":"2020-02-11T10:08:48","date_gmt":"2020-02-11T09:08:48","guid":{"rendered":"https:\/\/www.jazzzeitung.de\/cms\/?p=21878"},"modified":"2020-02-12T10:16:41","modified_gmt":"2020-02-12T09:16:41","slug":"tod_helmut_nieberle","status":"publish","type":"post","link":"https:\/\/www.jazzzeitung.de\/cms\/2020\/02\/tod_helmut_nieberle\/","title":{"rendered":"Der \u00fcbers Griffbrett tanzt \u2013 zum Tod Helmut Nieberles"},"content":{"rendered":"<p><strong>Das kann einem als jungem Jazz-Novizen schon mal passieren: Da lauscht man einer Swing-Combo und ordnet das aberwitzige Speed-Solo jenem Instrumentalisten zu, der mit vollem K\u00f6rpereinsatz in die Saiten greift. Erst sp\u00e4ter wird einem klar, dass es sich hierbei um den Rhythmus-Gitarristen handelt\u2026 Der Solist ist jener, der da ganz ruhig und mit leicht verschmitztem Blick \u00fcber sein Griffbrett tanzt: Helmut Nieberle.<\/strong><\/p>\n<p>Anfang der 1980er Jahre muss das gewesen sein. Die Combo war die \u201eRabo Swing Maschin\u201c Richard Wiedamanns, der den 1956 in Kaufbeuren geborenen Gitarristen als Lehrer an die Regensburger Sing- und Musikschule geholt hatte \u2013 allerdings erst, nachdem er sich in einer Session von seinem Spiel hatte \u00fcberzeugen lassen. Durch Nieberles Geschick und seine Begeisterungsf\u00e4higkeit als Lehrer entwickelte sich die Stadt nach und nach zu einer Hochburg der Jazzgitarre, erst Recht, als sich ihm mit Hans \u201eYankee\u201c Meier und Helmut Kagerer weitere Saitenvirtuosen beigesellten. Mit Kagerer bildete Nieberle dann auch eine legend\u00e4re Duopartnerschaft, die 1991 mit dem Kultur-F\u00f6rderpreis des Freistaates Bayern und 2007 mit dem Archtop Germany Award gew\u00fcrdigt wurde.<\/p>\n<h3>Der neugierige Traditionalist<\/h3>\n<p>Entscheidend f\u00fcr Nieberles musikalische Berufung wurde nach autodidaktischer Besch\u00e4ftigung mit dem Blues und dem Gipsy-Jazz Django Reinhardts ein Konzert mit Barney Kessel. Bei dem Bebop-Gitarristen besuchte er in der Folge Workshops \u2013 neben solchen bei Joe Pass, Herb Ellis, Jim Hall oder Attila Zoller. Mit der ihm eigenen Sorgfalt und liebevollen Akribie ging er diesen unterschiedlichen Traditionen auf den Grund und erschloss sich dar\u00fcber hinaus ein immer breiteres Terrain an Stilen: brasilianische Choros, afro-karibischen Calypso, den Tango\u2026 Dabei perfektionierte er die seltene Kunst, in all diesen Genres nicht nur virtuos, stilgerecht, melodiebetont und relaxed zu improvisieren, sondern auch zu komponieren. Eine seiner letzten Aufnahmen, \u201eSwing Is Here To Stay\u201c, legt davon auf wunderbare Weise Zeugnis ab.<\/p>\n<h3>K\u00f6nigsdisziplinen Begleiten und Arrangieren<\/h3>\n<p>Endg\u00fcltig seine ganz eigene Sprache hatte Nieberle ab Ende der 1980er Jahre gefunden, als er die siebensaitige Gitarre f\u00fcr sich entdeckte. Mit der zus\u00e4tzlichen Bass-Saite erweiterte er nicht nur das akkordische Spektrum seines Spiels, sie f\u00fcgte sich vor allem perfekt in eine Disziplin, die andere Musiker oft wenig ernst nehmen: das Begleiten. Die F\u00e4higkeit, anderen Instrumental- und insbesondere Gesangsstimmen ein unaufdringliches, aber resonanz- und detailreiches Fundament zu bereiten, hat er wie kaum ein zweiter zu einer eigenen Kunstform erhoben. Angesprochen auf seine sch\u00f6ne Partnerschaft mit Jeanne Gies auf der CD \u201eTomorrow And Today\u201c meinte er vergangenes Jahr schmunzelnd: \u201eGesang kann man auf der Sechssaitigen ja gar nicht begleiten!\u201c<\/p>\n<p>Eine weitere K\u00f6nigsdisziplin eroberte sich Helmut Nieberle mit dem Arrangieren. Nieberle, der offen davon sprach, von \u201eewigen solistischen Erg\u00fcssen\u201c schnell gelangweilt zu werden, entwickelte ein traumwandlerisches Gesp\u00fcr daf\u00fcr, wie man Songs einer bestimmten Besetzung auf den Leib schneidert. In kammermusikalischer Perfektion war das in j\u00fcngerer Zeit mit \u201eBolero Berlin\u201c zu erleben. Die Band, f\u00fcr die sich Nieberle mit Mitgliedern der Berliner Philharmoniker zusammengetan hatte, wurde zu Recht f\u00fcr ihre ausgefeilten, dabei immer lockeren Programme zwischen Klassik, Jazz und Latin bejubelt.<\/p>\n<h3>Internationales Format, regionale Wirkkraft<\/h3>\n<p>Bei aller stillen Zur\u00fcckhaltung, mit der er Konzerte seiner Bands souver\u00e4n, gleichsam aus dem Hintergrund zusammenzuhalten vermochte, sollte man indes Nieberles Soloqualit\u00e4ten nicht untersch\u00e4tzen. Auch wenn pure \u201eGitarristik\u201c sicher nicht seine Sache war \u2013 obgleich er technisch dazu jederzeit in der Lage gewesen w\u00e4re \u2013 konnte seine Lust am Instrument mitunter durchaus explosiv hervortreten. Unvergessen, wie er bei einem Konzert seines Freundes und Kollegen Karl Ratzer von diesem mit auf die B\u00fchne gebeten wurde und mit einem irrsinnigen Blues-Solo ohne mit der Wimper zu zucken alles in den Schatten stellte, was an diesem Abend sonst so passiert war.<\/p>\n<p>Keine Frage: Helmut Nieberle h\u00e4tte mit seiner Brillanz und Vielseitigkeit das Zeug zu einer internationalen Konzert- und Studiokarriere gehabt. Er zog es aber immer vor, mit Musikern zusammenzuarbeiten, mit denen er menschlich und musikalisch auf einer Wellenl\u00e4nge war. So blieb er langj\u00e4hrigen Formationen wie \u201eCordes Sauvages\u201c und Partnern wie Jim Mullen, Howard Alden oder Stephan Holstein treu, pr\u00e4gte daf\u00fcr die regionale Kulturszene als Bandleader, Sideman, P\u00e4dagoge, Session- und Theatermusiker um so entscheidender. Das Jazzfeuer, das er bei seinen zahllosen Sch\u00fclern entfacht hat, darunter Paulo Morello und David Plate, brennt weiter.<\/p>\n<p>Seinen letzten Auftritt hatte Helmut Nieberle am Sonntag vor gut einer Woche in Regensburg. BR-Redakteur Roland Spiegel pr\u00e4sentierte dort ein neues Jazz-Buch, Nieberle steuerte passend zu den Themenbl\u00f6cken Standards und Eigenkompositionen bei. Neben anderen wurde so das irische Traditional \u201eDanny Boy\u201c zu seinem Abschiedslied. Am 9. Februar starb Helmut Nieberle nach schwerer Krankheit in Regensburg. Seine Musikalit\u00e4t, sein Witz, seine W\u00e4rme fehlen schon jetzt.<\/p>\n<hr \/>\n<ul>\n<li>Juan Martin Kochs aktuelle CD-Rezensionen zu Helmut Nieberle finden Sie <a href=\"https:\/\/www.jazzzeitung.de\/cms\/2019\/08\/zwei-neue-alben-von-helmut-nieberle\/\">hier.<\/a><\/li>\n<li>Beitragsbild: Juan Martin Koch<\/li>\n<\/ul>\n<p>&nbsp;<\/p>\n","protected":false},"excerpt":{"rendered":"<p>Das kann einem als jungem Jazz-Novizen schon mal passieren: Da lauscht man einer Swing-Combo und ordnet das aberwitzige Speed-Solo jenem Instrumentalisten zu, der mit vollem K\u00f6rpereinsatz in die Saiten greift. Erst sp\u00e4ter wird einem klar, dass es sich hierbei um den Rhythmus-Gitarristen handelt\u2026 Der Solist ist jener, der da ganz ruhig und mit leicht verschmitztem Blick \u00fcber sein Griffbrett tanzt: Helmut Nieberle. Anfang der 1980er Jahre muss das gewesen sein. Die Combo war die \u201eRabo Swing Maschin\u201c Richard Wiedamanns, der den 1956 in Kaufbeuren geborenen Gitarristen als Lehrer an die Regensburger Sing- und Musikschule geholt hatte \u2013 allerdings erst, nachdem er sich in einer Session von seinem Spiel hatte \u00fcberzeugen lassen. Durch Nieberles Geschick und seine Begeisterungsf\u00e4higkeit als Lehrer entwickelte sich die Stadt nach und nach zu einer Hochburg der Jazzgitarre, erst Recht, als sich ihm mit Hans \u201eYankee\u201c Meier und Helmut Kagerer weitere Saitenvirtuosen beigesellten. Mit Kagerer bildete Nieberle dann auch eine legend\u00e4re Duopartnerschaft, die 1991 mit dem Kultur-F\u00f6rderpreis des Freistaates Bayern und 2007 mit dem Archtop Germany Award gew\u00fcrdigt wurde. Der neugierige Traditionalist Entscheidend f\u00fcr Nieberles musikalische Berufung wurde nach autodidaktischer Besch\u00e4ftigung mit &hellip;<\/p>\n","protected":false},"author":36,"featured_media":21879,"comment_status":"open","ping_status":"closed","sticky":false,"template":"","format":"standard","meta":{"_jetpack_memberships_contains_paid_content":false,"footnotes":"","jetpack_publicize_message":"","jetpack_publicize_feature_enabled":true,"jetpack_social_post_already_shared":false,"jetpack_social_options":{"image_generator_settings":{"template":"highway","default_image_id":0,"font":"","enabled":false},"version":2}},"categories":[1053,1063],"tags":[2890,714,1552,408,535],"coauthors":[1735],"class_list":["post-21878","post","type-post","status-publish","format-standard","has-post-thumbnail","hentry","category-bericht","category-portrait","tag-gitarre","tag-helmut-nieberle","tag-juan-martin-koch","tag-nachruf","tag-swing"],"yoast_head":"<!-- This site is optimized with the Yoast SEO plugin v27.5 - https:\/\/yoast.com\/product\/yoast-seo-wordpress\/ -->\n<title>Der \u00fcbers Griffbrett tanzt \u2013 zum Tod Helmut Nieberles - JazzZeitung<\/title>\n<meta name=\"robots\" content=\"index, follow, max-snippet:-1, max-image-preview:large, max-video-preview:-1\" \/>\n<link rel=\"canonical\" href=\"https:\/\/www.jazzzeitung.de\/cms\/2020\/02\/tod_helmut_nieberle\/\" \/>\n<meta property=\"og:locale\" content=\"de_DE\" \/>\n<meta property=\"og:type\" content=\"article\" \/>\n<meta property=\"og:title\" content=\"Der \u00fcbers Griffbrett tanzt \u2013 zum Tod Helmut Nieberles - JazzZeitung\" \/>\n<meta property=\"og:description\" content=\"Das kann einem als jungem Jazz-Novizen schon mal passieren: Da lauscht man einer Swing-Combo und ordnet das aberwitzige Speed-Solo jenem Instrumentalisten zu, der mit vollem K\u00f6rpereinsatz in die Saiten greift. Erst sp\u00e4ter wird einem klar, dass es sich hierbei um den Rhythmus-Gitarristen handelt\u2026 Der Solist ist jener, der da ganz ruhig und mit leicht verschmitztem Blick \u00fcber sein Griffbrett tanzt: Helmut Nieberle. Anfang der 1980er Jahre muss das gewesen sein. Die Combo war die \u201eRabo Swing Maschin\u201c Richard Wiedamanns, der den 1956 in Kaufbeuren geborenen Gitarristen als Lehrer an die Regensburger Sing- und Musikschule geholt hatte \u2013 allerdings erst, nachdem er sich in einer Session von seinem Spiel hatte \u00fcberzeugen lassen. Durch Nieberles Geschick und seine Begeisterungsf\u00e4higkeit als Lehrer entwickelte sich die Stadt nach und nach zu einer Hochburg der Jazzgitarre, erst Recht, als sich ihm mit Hans \u201eYankee\u201c Meier und Helmut Kagerer weitere Saitenvirtuosen beigesellten. Mit Kagerer bildete Nieberle dann auch eine legend\u00e4re Duopartnerschaft, die 1991 mit dem Kultur-F\u00f6rderpreis des Freistaates Bayern und 2007 mit dem Archtop Germany Award gew\u00fcrdigt wurde. Der neugierige Traditionalist Entscheidend f\u00fcr Nieberles musikalische Berufung wurde nach autodidaktischer Besch\u00e4ftigung mit &hellip;\" \/>\n<meta property=\"og:url\" content=\"https:\/\/www.jazzzeitung.de\/cms\/2020\/02\/tod_helmut_nieberle\/\" \/>\n<meta property=\"og:site_name\" content=\"JazzZeitung\" \/>\n<meta property=\"article:publisher\" content=\"https:\/\/www.facebook.com\/JazzZeitung\/\" \/>\n<meta property=\"article:author\" content=\"https:\/\/www.facebook.com\/juanmartin.koch\" \/>\n<meta property=\"article:published_time\" content=\"2020-02-11T09:08:48+00:00\" \/>\n<meta property=\"article:modified_time\" content=\"2020-02-12T09:16:41+00:00\" \/>\n<meta property=\"og:image\" content=\"https:\/\/www.jazzzeitung.de\/cms\/wp-content\/uploads\/2020\/02\/Helmut-Nieberle-4-SW-c-JM-Koch1-800x600.jpg\" \/>\n\t<meta property=\"og:image:width\" content=\"800\" \/>\n\t<meta property=\"og:image:height\" content=\"600\" \/>\n\t<meta property=\"og:image:type\" content=\"image\/jpeg\" \/>\n<meta name=\"author\" content=\"Juan Martin Koch\" \/>\n<script type=\"application\/ld+json\" class=\"yoast-schema-graph\">{\"@context\":\"https:\\\/\\\/schema.org\",\"@graph\":[{\"@type\":\"Article\",\"@id\":\"https:\\\/\\\/www.jazzzeitung.de\\\/cms\\\/2020\\\/02\\\/tod_helmut_nieberle\\\/#article\",\"isPartOf\":{\"@id\":\"https:\\\/\\\/www.jazzzeitung.de\\\/cms\\\/2020\\\/02\\\/tod_helmut_nieberle\\\/\"},\"author\":{\"name\":\"Juan Martin Koch\",\"@id\":\"https:\\\/\\\/www.jazzzeitung.de\\\/cms\\\/#\\\/schema\\\/person\\\/fbb1249d5469e99344a4c397444f1536\"},\"headline\":\"Der \u00fcbers Griffbrett tanzt \u2013 zum Tod Helmut Nieberles\",\"datePublished\":\"2020-02-11T09:08:48+00:00\",\"dateModified\":\"2020-02-12T09:16:41+00:00\",\"mainEntityOfPage\":{\"@id\":\"https:\\\/\\\/www.jazzzeitung.de\\\/cms\\\/2020\\\/02\\\/tod_helmut_nieberle\\\/\"},\"wordCount\":795,\"commentCount\":0,\"publisher\":{\"@id\":\"https:\\\/\\\/www.jazzzeitung.de\\\/cms\\\/#organization\"},\"image\":{\"@id\":\"https:\\\/\\\/www.jazzzeitung.de\\\/cms\\\/2020\\\/02\\\/tod_helmut_nieberle\\\/#primaryimage\"},\"thumbnailUrl\":\"https:\\\/\\\/i0.wp.com\\\/www.jazzzeitung.de\\\/cms\\\/wp-content\\\/uploads\\\/2020\\\/02\\\/Helmut-Nieberle-4-SW-c-JM-Koch1.jpg?fit=2461%2C1845&ssl=1\",\"keywords\":[\"Gitarre\",\"Helmut Nieberle\",\"Juan Martin Koch\",\"Nachruf\",\"Swing\"],\"articleSection\":[\"Bericht\",\"Portrait\"],\"inLanguage\":\"de\",\"potentialAction\":[{\"@type\":\"CommentAction\",\"name\":\"Comment\",\"target\":[\"https:\\\/\\\/www.jazzzeitung.de\\\/cms\\\/2020\\\/02\\\/tod_helmut_nieberle\\\/#respond\"]}]},{\"@type\":\"WebPage\",\"@id\":\"https:\\\/\\\/www.jazzzeitung.de\\\/cms\\\/2020\\\/02\\\/tod_helmut_nieberle\\\/\",\"url\":\"https:\\\/\\\/www.jazzzeitung.de\\\/cms\\\/2020\\\/02\\\/tod_helmut_nieberle\\\/\",\"name\":\"Der \u00fcbers Griffbrett tanzt \u2013 zum Tod Helmut Nieberles - JazzZeitung\",\"isPartOf\":{\"@id\":\"https:\\\/\\\/www.jazzzeitung.de\\\/cms\\\/#website\"},\"primaryImageOfPage\":{\"@id\":\"https:\\\/\\\/www.jazzzeitung.de\\\/cms\\\/2020\\\/02\\\/tod_helmut_nieberle\\\/#primaryimage\"},\"image\":{\"@id\":\"https:\\\/\\\/www.jazzzeitung.de\\\/cms\\\/2020\\\/02\\\/tod_helmut_nieberle\\\/#primaryimage\"},\"thumbnailUrl\":\"https:\\\/\\\/i0.wp.com\\\/www.jazzzeitung.de\\\/cms\\\/wp-content\\\/uploads\\\/2020\\\/02\\\/Helmut-Nieberle-4-SW-c-JM-Koch1.jpg?fit=2461%2C1845&ssl=1\",\"datePublished\":\"2020-02-11T09:08:48+00:00\",\"dateModified\":\"2020-02-12T09:16:41+00:00\",\"breadcrumb\":{\"@id\":\"https:\\\/\\\/www.jazzzeitung.de\\\/cms\\\/2020\\\/02\\\/tod_helmut_nieberle\\\/#breadcrumb\"},\"inLanguage\":\"de\",\"potentialAction\":[{\"@type\":\"ReadAction\",\"target\":[\"https:\\\/\\\/www.jazzzeitung.de\\\/cms\\\/2020\\\/02\\\/tod_helmut_nieberle\\\/\"]}]},{\"@type\":\"ImageObject\",\"inLanguage\":\"de\",\"@id\":\"https:\\\/\\\/www.jazzzeitung.de\\\/cms\\\/2020\\\/02\\\/tod_helmut_nieberle\\\/#primaryimage\",\"url\":\"https:\\\/\\\/i0.wp.com\\\/www.jazzzeitung.de\\\/cms\\\/wp-content\\\/uploads\\\/2020\\\/02\\\/Helmut-Nieberle-4-SW-c-JM-Koch1.jpg?fit=2461%2C1845&ssl=1\",\"contentUrl\":\"https:\\\/\\\/i0.wp.com\\\/www.jazzzeitung.de\\\/cms\\\/wp-content\\\/uploads\\\/2020\\\/02\\\/Helmut-Nieberle-4-SW-c-JM-Koch1.jpg?fit=2461%2C1845&ssl=1\",\"width\":2461,\"height\":1845,\"caption\":\"Foto: Juan Martin Koch\"},{\"@type\":\"BreadcrumbList\",\"@id\":\"https:\\\/\\\/www.jazzzeitung.de\\\/cms\\\/2020\\\/02\\\/tod_helmut_nieberle\\\/#breadcrumb\",\"itemListElement\":[{\"@type\":\"ListItem\",\"position\":1,\"name\":\"Startseite\",\"item\":\"https:\\\/\\\/www.jazzzeitung.de\\\/cms\\\/\"},{\"@type\":\"ListItem\",\"position\":2,\"name\":\"Der \u00fcbers Griffbrett tanzt \u2013 zum Tod Helmut Nieberles\"}]},{\"@type\":\"WebSite\",\"@id\":\"https:\\\/\\\/www.jazzzeitung.de\\\/cms\\\/#website\",\"url\":\"https:\\\/\\\/www.jazzzeitung.de\\\/cms\\\/\",\"name\":\"JazzZeitung\",\"description\":\"Jazz-News und Jazz-Kontroverses\",\"publisher\":{\"@id\":\"https:\\\/\\\/www.jazzzeitung.de\\\/cms\\\/#organization\"},\"potentialAction\":[{\"@type\":\"SearchAction\",\"target\":{\"@type\":\"EntryPoint\",\"urlTemplate\":\"https:\\\/\\\/www.jazzzeitung.de\\\/cms\\\/?s={search_term_string}\"},\"query-input\":{\"@type\":\"PropertyValueSpecification\",\"valueRequired\":true,\"valueName\":\"search_term_string\"}}],\"inLanguage\":\"de\"},{\"@type\":\"Organization\",\"@id\":\"https:\\\/\\\/www.jazzzeitung.de\\\/cms\\\/#organization\",\"name\":\"JazzZeitung online\",\"url\":\"https:\\\/\\\/www.jazzzeitung.de\\\/cms\\\/\",\"logo\":{\"@type\":\"ImageObject\",\"inLanguage\":\"de\",\"@id\":\"https:\\\/\\\/www.jazzzeitung.de\\\/cms\\\/#\\\/schema\\\/logo\\\/image\\\/\",\"url\":\"https:\\\/\\\/i0.wp.com\\\/www.jazzzeitung.de\\\/cms\\\/wp-content\\\/uploads\\\/2015\\\/08\\\/JAZZZEITUNGDE_Logo_Neu.png?fit=499%2C200&ssl=1\",\"contentUrl\":\"https:\\\/\\\/i0.wp.com\\\/www.jazzzeitung.de\\\/cms\\\/wp-content\\\/uploads\\\/2015\\\/08\\\/JAZZZEITUNGDE_Logo_Neu.png?fit=499%2C200&ssl=1\",\"width\":499,\"height\":200,\"caption\":\"JazzZeitung online\"},\"image\":{\"@id\":\"https:\\\/\\\/www.jazzzeitung.de\\\/cms\\\/#\\\/schema\\\/logo\\\/image\\\/\"},\"sameAs\":[\"https:\\\/\\\/www.facebook.com\\\/JazzZeitung\\\/\"]},{\"@type\":\"Person\",\"@id\":\"https:\\\/\\\/www.jazzzeitung.de\\\/cms\\\/#\\\/schema\\\/person\\\/fbb1249d5469e99344a4c397444f1536\",\"name\":\"Juan Martin Koch\",\"image\":{\"@type\":\"ImageObject\",\"inLanguage\":\"de\",\"@id\":\"https:\\\/\\\/secure.gravatar.com\\\/avatar\\\/7769af34d529b8d60d3cafbbdd094f830733c290487e795968939da502d4b3d9?s=96&d=wp_user_avatar&r=ga422102932ee4bffafdcf81760dcf7d6\",\"url\":\"https:\\\/\\\/secure.gravatar.com\\\/avatar\\\/7769af34d529b8d60d3cafbbdd094f830733c290487e795968939da502d4b3d9?s=96&d=wp_user_avatar&r=g\",\"contentUrl\":\"https:\\\/\\\/secure.gravatar.com\\\/avatar\\\/7769af34d529b8d60d3cafbbdd094f830733c290487e795968939da502d4b3d9?s=96&d=wp_user_avatar&r=g\",\"caption\":\"Juan Martin Koch\"},\"description\":\"Juan Martin Koch hat Musikwissenschaft und Romanistik in K\u00f6ln und Regensburg studiert. Er ist Redakteur der neuen musikzeitung und als Musikjournalist unter anderem f\u00fcr die Mittelbayerische Zeitung t\u00e4tig.\",\"sameAs\":[\"https:\\\/\\\/www.facebook.com\\\/juanmartin.koch\",\"https:\\\/\\\/x.com\\\/juanchomaj\"],\"url\":\"https:\\\/\\\/www.jazzzeitung.de\\\/cms\\\/author\\\/koch\\\/\"}]}<\/script>\n<!-- \/ Yoast SEO plugin. -->","yoast_head_json":{"title":"Der \u00fcbers Griffbrett tanzt \u2013 zum Tod Helmut Nieberles - JazzZeitung","robots":{"index":"index","follow":"follow","max-snippet":"max-snippet:-1","max-image-preview":"max-image-preview:large","max-video-preview":"max-video-preview:-1"},"canonical":"https:\/\/www.jazzzeitung.de\/cms\/2020\/02\/tod_helmut_nieberle\/","og_locale":"de_DE","og_type":"article","og_title":"Der \u00fcbers Griffbrett tanzt \u2013 zum Tod Helmut Nieberles - JazzZeitung","og_description":"Das kann einem als jungem Jazz-Novizen schon mal passieren: Da lauscht man einer Swing-Combo und ordnet das aberwitzige Speed-Solo jenem Instrumentalisten zu, der mit vollem K\u00f6rpereinsatz in die Saiten greift. Erst sp\u00e4ter wird einem klar, dass es sich hierbei um den Rhythmus-Gitarristen handelt\u2026 Der Solist ist jener, der da ganz ruhig und mit leicht verschmitztem Blick \u00fcber sein Griffbrett tanzt: Helmut Nieberle. Anfang der 1980er Jahre muss das gewesen sein. Die Combo war die \u201eRabo Swing Maschin\u201c Richard Wiedamanns, der den 1956 in Kaufbeuren geborenen Gitarristen als Lehrer an die Regensburger Sing- und Musikschule geholt hatte \u2013 allerdings erst, nachdem er sich in einer Session von seinem Spiel hatte \u00fcberzeugen lassen. Durch Nieberles Geschick und seine Begeisterungsf\u00e4higkeit als Lehrer entwickelte sich die Stadt nach und nach zu einer Hochburg der Jazzgitarre, erst Recht, als sich ihm mit Hans \u201eYankee\u201c Meier und Helmut Kagerer weitere Saitenvirtuosen beigesellten. Mit Kagerer bildete Nieberle dann auch eine legend\u00e4re Duopartnerschaft, die 1991 mit dem Kultur-F\u00f6rderpreis des Freistaates Bayern und 2007 mit dem Archtop Germany Award gew\u00fcrdigt wurde. Der neugierige Traditionalist Entscheidend f\u00fcr Nieberles musikalische Berufung wurde nach autodidaktischer Besch\u00e4ftigung mit &hellip;","og_url":"https:\/\/www.jazzzeitung.de\/cms\/2020\/02\/tod_helmut_nieberle\/","og_site_name":"JazzZeitung","article_publisher":"https:\/\/www.facebook.com\/JazzZeitung\/","article_author":"https:\/\/www.facebook.com\/juanmartin.koch","article_published_time":"2020-02-11T09:08:48+00:00","article_modified_time":"2020-02-12T09:16:41+00:00","og_image":[{"width":800,"height":600,"url":"https:\/\/www.jazzzeitung.de\/cms\/wp-content\/uploads\/2020\/02\/Helmut-Nieberle-4-SW-c-JM-Koch1-800x600.jpg","type":"image\/jpeg"}],"author":"Juan Martin Koch","schema":{"@context":"https:\/\/schema.org","@graph":[{"@type":"Article","@id":"https:\/\/www.jazzzeitung.de\/cms\/2020\/02\/tod_helmut_nieberle\/#article","isPartOf":{"@id":"https:\/\/www.jazzzeitung.de\/cms\/2020\/02\/tod_helmut_nieberle\/"},"author":{"name":"Juan Martin Koch","@id":"https:\/\/www.jazzzeitung.de\/cms\/#\/schema\/person\/fbb1249d5469e99344a4c397444f1536"},"headline":"Der \u00fcbers Griffbrett tanzt \u2013 zum Tod Helmut Nieberles","datePublished":"2020-02-11T09:08:48+00:00","dateModified":"2020-02-12T09:16:41+00:00","mainEntityOfPage":{"@id":"https:\/\/www.jazzzeitung.de\/cms\/2020\/02\/tod_helmut_nieberle\/"},"wordCount":795,"commentCount":0,"publisher":{"@id":"https:\/\/www.jazzzeitung.de\/cms\/#organization"},"image":{"@id":"https:\/\/www.jazzzeitung.de\/cms\/2020\/02\/tod_helmut_nieberle\/#primaryimage"},"thumbnailUrl":"https:\/\/i0.wp.com\/www.jazzzeitung.de\/cms\/wp-content\/uploads\/2020\/02\/Helmut-Nieberle-4-SW-c-JM-Koch1.jpg?fit=2461%2C1845&ssl=1","keywords":["Gitarre","Helmut Nieberle","Juan Martin Koch","Nachruf","Swing"],"articleSection":["Bericht","Portrait"],"inLanguage":"de","potentialAction":[{"@type":"CommentAction","name":"Comment","target":["https:\/\/www.jazzzeitung.de\/cms\/2020\/02\/tod_helmut_nieberle\/#respond"]}]},{"@type":"WebPage","@id":"https:\/\/www.jazzzeitung.de\/cms\/2020\/02\/tod_helmut_nieberle\/","url":"https:\/\/www.jazzzeitung.de\/cms\/2020\/02\/tod_helmut_nieberle\/","name":"Der \u00fcbers Griffbrett tanzt \u2013 zum Tod Helmut Nieberles - JazzZeitung","isPartOf":{"@id":"https:\/\/www.jazzzeitung.de\/cms\/#website"},"primaryImageOfPage":{"@id":"https:\/\/www.jazzzeitung.de\/cms\/2020\/02\/tod_helmut_nieberle\/#primaryimage"},"image":{"@id":"https:\/\/www.jazzzeitung.de\/cms\/2020\/02\/tod_helmut_nieberle\/#primaryimage"},"thumbnailUrl":"https:\/\/i0.wp.com\/www.jazzzeitung.de\/cms\/wp-content\/uploads\/2020\/02\/Helmut-Nieberle-4-SW-c-JM-Koch1.jpg?fit=2461%2C1845&ssl=1","datePublished":"2020-02-11T09:08:48+00:00","dateModified":"2020-02-12T09:16:41+00:00","breadcrumb":{"@id":"https:\/\/www.jazzzeitung.de\/cms\/2020\/02\/tod_helmut_nieberle\/#breadcrumb"},"inLanguage":"de","potentialAction":[{"@type":"ReadAction","target":["https:\/\/www.jazzzeitung.de\/cms\/2020\/02\/tod_helmut_nieberle\/"]}]},{"@type":"ImageObject","inLanguage":"de","@id":"https:\/\/www.jazzzeitung.de\/cms\/2020\/02\/tod_helmut_nieberle\/#primaryimage","url":"https:\/\/i0.wp.com\/www.jazzzeitung.de\/cms\/wp-content\/uploads\/2020\/02\/Helmut-Nieberle-4-SW-c-JM-Koch1.jpg?fit=2461%2C1845&ssl=1","contentUrl":"https:\/\/i0.wp.com\/www.jazzzeitung.de\/cms\/wp-content\/uploads\/2020\/02\/Helmut-Nieberle-4-SW-c-JM-Koch1.jpg?fit=2461%2C1845&ssl=1","width":2461,"height":1845,"caption":"Foto: Juan Martin Koch"},{"@type":"BreadcrumbList","@id":"https:\/\/www.jazzzeitung.de\/cms\/2020\/02\/tod_helmut_nieberle\/#breadcrumb","itemListElement":[{"@type":"ListItem","position":1,"name":"Startseite","item":"https:\/\/www.jazzzeitung.de\/cms\/"},{"@type":"ListItem","position":2,"name":"Der \u00fcbers Griffbrett tanzt \u2013 zum Tod Helmut Nieberles"}]},{"@type":"WebSite","@id":"https:\/\/www.jazzzeitung.de\/cms\/#website","url":"https:\/\/www.jazzzeitung.de\/cms\/","name":"JazzZeitung","description":"Jazz-News und Jazz-Kontroverses","publisher":{"@id":"https:\/\/www.jazzzeitung.de\/cms\/#organization"},"potentialAction":[{"@type":"SearchAction","target":{"@type":"EntryPoint","urlTemplate":"https:\/\/www.jazzzeitung.de\/cms\/?s={search_term_string}"},"query-input":{"@type":"PropertyValueSpecification","valueRequired":true,"valueName":"search_term_string"}}],"inLanguage":"de"},{"@type":"Organization","@id":"https:\/\/www.jazzzeitung.de\/cms\/#organization","name":"JazzZeitung online","url":"https:\/\/www.jazzzeitung.de\/cms\/","logo":{"@type":"ImageObject","inLanguage":"de","@id":"https:\/\/www.jazzzeitung.de\/cms\/#\/schema\/logo\/image\/","url":"https:\/\/i0.wp.com\/www.jazzzeitung.de\/cms\/wp-content\/uploads\/2015\/08\/JAZZZEITUNGDE_Logo_Neu.png?fit=499%2C200&ssl=1","contentUrl":"https:\/\/i0.wp.com\/www.jazzzeitung.de\/cms\/wp-content\/uploads\/2015\/08\/JAZZZEITUNGDE_Logo_Neu.png?fit=499%2C200&ssl=1","width":499,"height":200,"caption":"JazzZeitung online"},"image":{"@id":"https:\/\/www.jazzzeitung.de\/cms\/#\/schema\/logo\/image\/"},"sameAs":["https:\/\/www.facebook.com\/JazzZeitung\/"]},{"@type":"Person","@id":"https:\/\/www.jazzzeitung.de\/cms\/#\/schema\/person\/fbb1249d5469e99344a4c397444f1536","name":"Juan Martin Koch","image":{"@type":"ImageObject","inLanguage":"de","@id":"https:\/\/secure.gravatar.com\/avatar\/7769af34d529b8d60d3cafbbdd094f830733c290487e795968939da502d4b3d9?s=96&d=wp_user_avatar&r=ga422102932ee4bffafdcf81760dcf7d6","url":"https:\/\/secure.gravatar.com\/avatar\/7769af34d529b8d60d3cafbbdd094f830733c290487e795968939da502d4b3d9?s=96&d=wp_user_avatar&r=g","contentUrl":"https:\/\/secure.gravatar.com\/avatar\/7769af34d529b8d60d3cafbbdd094f830733c290487e795968939da502d4b3d9?s=96&d=wp_user_avatar&r=g","caption":"Juan Martin Koch"},"description":"Juan Martin Koch hat Musikwissenschaft und Romanistik in K\u00f6ln und Regensburg studiert. Er ist Redakteur der neuen musikzeitung und als Musikjournalist unter anderem f\u00fcr die Mittelbayerische Zeitung t\u00e4tig.","sameAs":["https:\/\/www.facebook.com\/juanmartin.koch","https:\/\/x.com\/juanchomaj"],"url":"https:\/\/www.jazzzeitung.de\/cms\/author\/koch\/"}]}},"wp-worthy-pixel":{"ignored":false,"public":null,"server":null,"url":null},"wp-worthy-type":"normal","jetpack_publicize_connections":[],"cc_featured_image_caption":{"caption_text":"Helmut Nieberle. ","source_text":"Foto: Juan Martin Koch","source_url":""},"jetpack_featured_media_url":"https:\/\/i0.wp.com\/www.jazzzeitung.de\/cms\/wp-content\/uploads\/2020\/02\/Helmut-Nieberle-4-SW-c-JM-Koch1.jpg?fit=2461%2C1845&ssl=1","jetpack_shortlink":"https:\/\/wp.me\/p3KEcT-5GS","jetpack-related-posts":[{"id":20467,"url":"https:\/\/www.jazzzeitung.de\/cms\/2019\/08\/zwei-neue-alben-von-helmut-nieberle\/","url_meta":{"origin":21878,"position":0},"title":"Auf zwei neuen CDs brilliert Helmut Nieberle als Komponist und Begleiter","author":"Juan Martin Koch","date":"22. August 2019","format":false,"excerpt":"\u201eDen \u201aMagic Moment\u2018 kenne ich eher nicht, ich muss mich bewusst hinsetzen.\u201c Wenn man den Gitarristen Helmut Nieberle danach fragt, wie er neue St\u00fccke schreibt, klingt die Antwort recht lapidar: \u201eEin melodischer Gedanke kann schon mal ein Einfall sein, aber der Rest ist einfach Arbeit.\u201c Dass er das Handwerk des\u2026","rel":"","context":"In &quot;Rezension&quot;","block_context":{"text":"Rezension","link":"https:\/\/www.jazzzeitung.de\/cms\/thema\/rezension\/"},"img":{"alt_text":"","src":"https:\/\/i0.wp.com\/www.jazzzeitung.de\/cms\/wp-content\/uploads\/2019\/08\/Helmut-Nieberle-c-JM-Koch.jpg?fit=1200%2C900&ssl=1&resize=350%2C200","width":350,"height":200,"srcset":"https:\/\/i0.wp.com\/www.jazzzeitung.de\/cms\/wp-content\/uploads\/2019\/08\/Helmut-Nieberle-c-JM-Koch.jpg?fit=1200%2C900&ssl=1&resize=350%2C200 1x, https:\/\/i0.wp.com\/www.jazzzeitung.de\/cms\/wp-content\/uploads\/2019\/08\/Helmut-Nieberle-c-JM-Koch.jpg?fit=1200%2C900&ssl=1&resize=525%2C300 1.5x, https:\/\/i0.wp.com\/www.jazzzeitung.de\/cms\/wp-content\/uploads\/2019\/08\/Helmut-Nieberle-c-JM-Koch.jpg?fit=1200%2C900&ssl=1&resize=700%2C400 2x, https:\/\/i0.wp.com\/www.jazzzeitung.de\/cms\/wp-content\/uploads\/2019\/08\/Helmut-Nieberle-c-JM-Koch.jpg?fit=1200%2C900&ssl=1&resize=1050%2C600 3x"},"classes":[]},{"id":13586,"url":"https:\/\/www.jazzzeitung.de\/cms\/2017\/09\/helmut-nieberle-und-milorad-romic-gitarren-duo-mit-anarchischer-note\/","url_meta":{"origin":21878,"position":1},"title":"Helmut Nieberle und Milorad Romic: Gitarren-Duo mit anarchischer Note","author":"Redaktion JazzZeitung","date":"22. September 2017","format":false,"excerpt":"F\u00fcr viele Regensburger geh\u00f6ren die Serenadenkonzerte von Milorad Romic seit Jahren fest zum sommerlichen Ritual. Heuer gestaltete er das Programm zusammen mit Helmut Nieberle, einem langj\u00e4hrigen Partner, mit dem er aktuell ein Doppelalbum ver\u00f6ffentlicht hat. Im lauschigen Herzogspark bekam die Musik der beiden seelenverwandten und dabei ungleichen Gitarristen eine ganz\u2026","rel":"","context":"In &quot;Rezension&quot;","block_context":{"text":"Rezension","link":"https:\/\/www.jazzzeitung.de\/cms\/thema\/rezension\/"},"img":{"alt_text":"","src":"https:\/\/i0.wp.com\/www.jazzzeitung.de\/cms\/wp-content\/uploads\/2017\/09\/Romic-Nieberle.jpg?fit=1200%2C1098&ssl=1&resize=350%2C200","width":350,"height":200,"srcset":"https:\/\/i0.wp.com\/www.jazzzeitung.de\/cms\/wp-content\/uploads\/2017\/09\/Romic-Nieberle.jpg?fit=1200%2C1098&ssl=1&resize=350%2C200 1x, https:\/\/i0.wp.com\/www.jazzzeitung.de\/cms\/wp-content\/uploads\/2017\/09\/Romic-Nieberle.jpg?fit=1200%2C1098&ssl=1&resize=525%2C300 1.5x, https:\/\/i0.wp.com\/www.jazzzeitung.de\/cms\/wp-content\/uploads\/2017\/09\/Romic-Nieberle.jpg?fit=1200%2C1098&ssl=1&resize=700%2C400 2x, https:\/\/i0.wp.com\/www.jazzzeitung.de\/cms\/wp-content\/uploads\/2017\/09\/Romic-Nieberle.jpg?fit=1200%2C1098&ssl=1&resize=1050%2C600 3x"},"classes":[]},{"id":13319,"url":"https:\/\/www.jazzzeitung.de\/cms\/2017\/08\/feuriger-gypsy-swing-im-prasselnden-regen\/","url_meta":{"origin":21878,"position":2},"title":"Feuriger Gypsy-Swing im prasselnden Regen","author":"Redaktion JazzZeitung","date":"12. August 2017","format":false,"excerpt":"Au\u00dfergew\u00f6hnliche Band um den Gitarristen Helmut Nieberle l\u00e4sst beim Konzert im Regensburger Thon-Dittmer-Palais die Musik Django Reinhardts und Stephane Grappellis aufleben\u00a0 Es ist eines der ungew\u00f6hnlichsten Konzerte des Jahres gewesen \u2013 musikalisch, aber auch von den Umst\u00e4nden her. Soviel kann man schon jetzt \u00fcber das Tribute-Konzert f\u00fcr\u00a0 Django Reinhardt und\u2026","rel":"","context":"In &quot;Galerie&quot;","block_context":{"text":"Galerie","link":"https:\/\/www.jazzzeitung.de\/cms\/thema\/galerie\/"},"img":{"alt_text":"","src":"https:\/\/i0.wp.com\/www.jazzzeitung.de\/cms\/wp-content\/uploads\/2017\/08\/image001.jpg?resize=350%2C200","width":350,"height":200,"srcset":"https:\/\/i0.wp.com\/www.jazzzeitung.de\/cms\/wp-content\/uploads\/2017\/08\/image001.jpg?resize=350%2C200 1x, https:\/\/i0.wp.com\/www.jazzzeitung.de\/cms\/wp-content\/uploads\/2017\/08\/image001.jpg?resize=525%2C300 1.5x, https:\/\/i0.wp.com\/www.jazzzeitung.de\/cms\/wp-content\/uploads\/2017\/08\/image001.jpg?resize=700%2C400 2x, https:\/\/i0.wp.com\/www.jazzzeitung.de\/cms\/wp-content\/uploads\/2017\/08\/image001.jpg?resize=1050%2C600 3x"},"classes":[]},{"id":2375,"url":"https:\/\/www.jazzzeitung.de\/cms\/2013\/10\/helmut-nieberle-und-howard-alden-beim-weidener-jazzherbst\/","url_meta":{"origin":21878,"position":3},"title":"Helmut Nieberle und Howard Alden beim Weidener Jazzherbst","author":"Redaktion JazzZeitung","date":"2. Oktober 2013","format":false,"excerpt":"Zwei Gitarristen, die zu den besten der Welt geh\u00f6ren stehen am Samstag, dem 12. Oktober, ab 20.00 Uhr im Bistrot Paris in Weiden (am Schl\u00f6rplatz, Sebastianstr. 2) auf der B\u00fchne und werden eine ganz besondere Klangwelt des Jazz abbilden: Howard Alden und Helmut Nieberle. Howard Alden geh\u00f6rt zu den weltweit\u2026","rel":"","context":"In &quot;News&quot;","block_context":{"text":"News","link":"https:\/\/www.jazzzeitung.de\/cms\/thema\/nachrichten\/"},"img":{"alt_text":"","src":"","width":0,"height":0},"classes":[]},{"id":30894,"url":"https:\/\/www.jazzzeitung.de\/cms\/2024\/04\/standing-ovations-fuer-swingenden-hoehenflug-das-schneeberger-quartett-in-regensburg\/","url_meta":{"origin":21878,"position":4},"title":"Standing ovations f\u00fcr swingenden H\u00f6henflug: Das Schneeberger Quartett in Regensburg","author":"Redaktion JazzZeitung","date":"23. April 2024","format":false,"excerpt":"Das Quartett von Diknu Schneeberger und Christian Bakanic stellt sein gefeiertes Deb\u00fctalbum beim Jazzclub vor Fast sieben Jahre ist es her, dass Helmut Nieberle den damals 27-j\u00e4hrigen Diknu Schneeberger zu einem Konzert in den Thon-Dittmer-Hof eingeladen hatte. Der verstorbene Regensburger Musiker und P\u00e4dagoge f\u00f6rderte h\u00e4ufig andere Gitarristen und liebte es,\u2026","rel":"","context":"In &quot;Bericht&quot;","block_context":{"text":"Bericht","link":"https:\/\/www.jazzzeitung.de\/cms\/thema\/bericht\/"},"img":{"alt_text":"","src":"https:\/\/i0.wp.com\/www.jazzzeitung.de\/cms\/wp-content\/uploads\/2024\/04\/quartet-Schneeberger-bakanic_62.jpg?fit=1200%2C781&ssl=1&resize=350%2C200","width":350,"height":200,"srcset":"https:\/\/i0.wp.com\/www.jazzzeitung.de\/cms\/wp-content\/uploads\/2024\/04\/quartet-Schneeberger-bakanic_62.jpg?fit=1200%2C781&ssl=1&resize=350%2C200 1x, https:\/\/i0.wp.com\/www.jazzzeitung.de\/cms\/wp-content\/uploads\/2024\/04\/quartet-Schneeberger-bakanic_62.jpg?fit=1200%2C781&ssl=1&resize=525%2C300 1.5x, https:\/\/i0.wp.com\/www.jazzzeitung.de\/cms\/wp-content\/uploads\/2024\/04\/quartet-Schneeberger-bakanic_62.jpg?fit=1200%2C781&ssl=1&resize=700%2C400 2x, https:\/\/i0.wp.com\/www.jazzzeitung.de\/cms\/wp-content\/uploads\/2024\/04\/quartet-Schneeberger-bakanic_62.jpg?fit=1200%2C781&ssl=1&resize=1050%2C600 3x"},"classes":[]},{"id":27012,"url":"https:\/\/www.jazzzeitung.de\/cms\/2022\/04\/abhaengen-mit-der-queen-paulo-morello-sven-faller-und-mulo-francel-veroeffentlichen-neues-album\/","url_meta":{"origin":21878,"position":5},"title":"\u201eAbh\u00e4ngen mit der Queen!\u201c &#8211; Paulo Morello, Sven Faller und Mulo Francel ver\u00f6ffentlichen neues Album","author":"Redaktion JazzZeitung","date":"5. April 2022","format":false,"excerpt":"Fluch und Segen liegen bei dieser Ver\u00f6ffentlichung nahe bei einander, auch wenn das ein wenig pathetisch klingt. Richtig m\u00fcsste es allerdings hei\u00dfen, Segen und Fluch, denn das bayerische Trio ist durch die Einschr\u00e4nkungen der Pandemie \u00fcberhaupt erst zustande gekommen.\u00a0 Im vergangenen Herbst, als Lockerungen erstmals wieder B\u00fchnenauftritte in Clubs erm\u00f6glichten,\u2026","rel":"","context":"In &quot;Rezension&quot;","block_context":{"text":"Rezension","link":"https:\/\/www.jazzzeitung.de\/cms\/thema\/rezension\/"},"img":{"alt_text":"","src":"https:\/\/i0.wp.com\/www.jazzzeitung.de\/cms\/wp-content\/uploads\/2022\/03\/FM324_Trio2_Dombrowski-scaled-e1648715301506.jpg?fit=1200%2C903&ssl=1&resize=350%2C200","width":350,"height":200,"srcset":"https:\/\/i0.wp.com\/www.jazzzeitung.de\/cms\/wp-content\/uploads\/2022\/03\/FM324_Trio2_Dombrowski-scaled-e1648715301506.jpg?fit=1200%2C903&ssl=1&resize=350%2C200 1x, https:\/\/i0.wp.com\/www.jazzzeitung.de\/cms\/wp-content\/uploads\/2022\/03\/FM324_Trio2_Dombrowski-scaled-e1648715301506.jpg?fit=1200%2C903&ssl=1&resize=525%2C300 1.5x, https:\/\/i0.wp.com\/www.jazzzeitung.de\/cms\/wp-content\/uploads\/2022\/03\/FM324_Trio2_Dombrowski-scaled-e1648715301506.jpg?fit=1200%2C903&ssl=1&resize=700%2C400 2x, https:\/\/i0.wp.com\/www.jazzzeitung.de\/cms\/wp-content\/uploads\/2022\/03\/FM324_Trio2_Dombrowski-scaled-e1648715301506.jpg?fit=1200%2C903&ssl=1&resize=1050%2C600 3x"},"classes":[]}],"jetpack_sharing_enabled":true,"_links":{"self":[{"href":"https:\/\/www.jazzzeitung.de\/cms\/wp-json\/wp\/v2\/posts\/21878","targetHints":{"allow":["GET"]}}],"collection":[{"href":"https:\/\/www.jazzzeitung.de\/cms\/wp-json\/wp\/v2\/posts"}],"about":[{"href":"https:\/\/www.jazzzeitung.de\/cms\/wp-json\/wp\/v2\/types\/post"}],"author":[{"embeddable":true,"href":"https:\/\/www.jazzzeitung.de\/cms\/wp-json\/wp\/v2\/users\/36"}],"replies":[{"embeddable":true,"href":"https:\/\/www.jazzzeitung.de\/cms\/wp-json\/wp\/v2\/comments?post=21878"}],"version-history":[{"count":6,"href":"https:\/\/www.jazzzeitung.de\/cms\/wp-json\/wp\/v2\/posts\/21878\/revisions"}],"predecessor-version":[{"id":21903,"href":"https:\/\/www.jazzzeitung.de\/cms\/wp-json\/wp\/v2\/posts\/21878\/revisions\/21903"}],"wp:featuredmedia":[{"embeddable":true,"href":"https:\/\/www.jazzzeitung.de\/cms\/wp-json\/wp\/v2\/media\/21879"}],"wp:attachment":[{"href":"https:\/\/www.jazzzeitung.de\/cms\/wp-json\/wp\/v2\/media?parent=21878"}],"wp:term":[{"taxonomy":"category","embeddable":true,"href":"https:\/\/www.jazzzeitung.de\/cms\/wp-json\/wp\/v2\/categories?post=21878"},{"taxonomy":"post_tag","embeddable":true,"href":"https:\/\/www.jazzzeitung.de\/cms\/wp-json\/wp\/v2\/tags?post=21878"},{"taxonomy":"author","embeddable":true,"href":"https:\/\/www.jazzzeitung.de\/cms\/wp-json\/wp\/v2\/coauthors?post=21878"}],"curies":[{"name":"wp","href":"https:\/\/api.w.org\/{rel}","templated":true}]}}