{"id":21868,"date":"2020-02-10T10:51:52","date_gmt":"2020-02-10T09:51:52","guid":{"rendered":"https:\/\/www.jazzzeitung.de\/cms\/?p=21868"},"modified":"2020-02-11T10:28:23","modified_gmt":"2020-02-11T09:28:23","slug":"pablo-helds-neue-cd-ascent","status":"publish","type":"post","link":"https:\/\/www.jazzzeitung.de\/cms\/2020\/02\/pablo-helds-neue-cd-ascent\/","title":{"rendered":"Pablo Helds neue CD Ascent"},"content":{"rendered":"<p><strong>Nach dem traurigen Ende des M\u00fcnchner Pirouet Labels, auf dem das Pablo Held Trio 2008 sein erstes Album ver\u00f6ffentlichte, haben die Musiker offensichtlich eine neue Heimat bei dem im Jahr 2008 von Dave Stapleton &amp; Tim Dickeson gegr\u00fcndeten britischen Label Edition Records gefunden. Bereits die erste Ver\u00f6ffentlichung des Trios im Fr\u00fchjahr 2018 \u201eInvestigations\u201c \u00fcberzeugte. So konnten nicht nur Fans aufatmen, die Zukunft dieses einzigartigen Trios war in trockenen T\u00fcchern. In der Zwischenzeit haben Pablo Held, Robert Landfermann &amp; Jonas Burgwinkel parallel Erfahrungen in anderen Bands oder Projekten gesammelt und sich entsprechend weiterentwickelt.<\/strong><\/p>\n<p><a href=\"https:\/\/i0.wp.com\/www.jazzzeitung.de\/cms\/wp-content\/uploads\/2020\/02\/CD-Cover-Pablo-Held-Trio-Ascent.jpg?ssl=1\"><img data-recalc-dims=\"1\" loading=\"lazy\" decoding=\"async\" data-attachment-id=\"21871\" data-permalink=\"https:\/\/www.jazzzeitung.de\/cms\/2020\/02\/pablo-helds-neue-cd-ascent\/cd-cover-pablo-held-trio-ascent\/\" data-orig-file=\"https:\/\/i0.wp.com\/www.jazzzeitung.de\/cms\/wp-content\/uploads\/2020\/02\/CD-Cover-Pablo-Held-Trio-Ascent.jpg?fit=1200%2C1200&amp;ssl=1\" data-orig-size=\"1200,1200\" data-comments-opened=\"1\" data-image-meta=\"{&quot;aperture&quot;:&quot;0&quot;,&quot;credit&quot;:&quot;&quot;,&quot;camera&quot;:&quot;&quot;,&quot;caption&quot;:&quot;&quot;,&quot;created_timestamp&quot;:&quot;0&quot;,&quot;copyright&quot;:&quot;&quot;,&quot;focal_length&quot;:&quot;0&quot;,&quot;iso&quot;:&quot;0&quot;,&quot;shutter_speed&quot;:&quot;0&quot;,&quot;title&quot;:&quot;&quot;,&quot;orientation&quot;:&quot;0&quot;}\" data-image-title=\"CD Cover Pablo Held Trio Ascent\" data-image-description=\"\" data-image-caption=\"\" data-large-file=\"https:\/\/i0.wp.com\/www.jazzzeitung.de\/cms\/wp-content\/uploads\/2020\/02\/CD-Cover-Pablo-Held-Trio-Ascent.jpg?fit=600%2C600&amp;ssl=1\" class=\"alignleft size-medium wp-image-21871\" src=\"https:\/\/i0.wp.com\/www.jazzzeitung.de\/cms\/wp-content\/uploads\/2020\/02\/CD-Cover-Pablo-Held-Trio-Ascent.jpg?resize=300%2C300&#038;ssl=1\" alt=\"\" width=\"300\" height=\"300\" srcset=\"https:\/\/i0.wp.com\/www.jazzzeitung.de\/cms\/wp-content\/uploads\/2020\/02\/CD-Cover-Pablo-Held-Trio-Ascent.jpg?resize=300%2C300&amp;ssl=1 300w, https:\/\/i0.wp.com\/www.jazzzeitung.de\/cms\/wp-content\/uploads\/2020\/02\/CD-Cover-Pablo-Held-Trio-Ascent.jpg?resize=600%2C600&amp;ssl=1 600w, https:\/\/i0.wp.com\/www.jazzzeitung.de\/cms\/wp-content\/uploads\/2020\/02\/CD-Cover-Pablo-Held-Trio-Ascent.jpg?resize=150%2C150&amp;ssl=1 150w, https:\/\/i0.wp.com\/www.jazzzeitung.de\/cms\/wp-content\/uploads\/2020\/02\/CD-Cover-Pablo-Held-Trio-Ascent.jpg?resize=768%2C768&amp;ssl=1 768w, https:\/\/i0.wp.com\/www.jazzzeitung.de\/cms\/wp-content\/uploads\/2020\/02\/CD-Cover-Pablo-Held-Trio-Ascent.jpg?w=1200&amp;ssl=1 1200w\" sizes=\"auto, (max-width: 300px) 100vw, 300px\" \/><\/a>Mit \u201eAscent\u201c erscheint nun die zweite Ver\u00f6ffentlichung auf Edition Records. Auch wenn der Titel offiziell unter dem Namen \u201ePablo Held\u201c l\u00e4uft, pr\u00e4sentiert sich hier lupenrein das Pablo Held Trio, das sich als f\u00fcr das Album und die Musik pr\u00e4genden Gast den inspirierten brasilianischen Gitarristen Nelson Veras dazu geholt hat. Zentrales Konzept des Trios ist nach wie vor sich beim Musizieren auf das Wesentliche zu konzentrieren, den Schwerpunkt darauf zu legen was musikalisch wichtig ist und Ballast wegzulassen. Mit Nelson Veras Spiel auf der akustischen Gitarre funktioniert das tadellos. Der Opener \u201eUnlocking Mechanism\u201c beginnt \u00fcberraschend locker und straight, zeigt aber gleich nach dem Thema, wohin bei \u201eAscent\u201c die musikalische Reise geht. Das Quartett spielt sich mit spannenden Improvisationen in h\u00f6here Sph\u00e4ren. Die Kommunikation untereinander funktioniert auch mit Neras Spiel an den Nylonsaiten fast telepathisch. R\u00e4ume f\u00fcr Improvisationen tun sich auf, werden genutzt und lassen das Quartett ungemein frisch und lebendig klingen. Weitere Klangfarben steuern die G\u00e4ste Jeremy Viner an der Klarinette und Veronika Morscher mit passend luzider Stimme auf jeweils zwei St\u00fccken bei.\u00ad\u00ad\u00ad<\/p>\n<p>Nach nunmehr 14 Jahren Pablo Held Trio und 10 gemeinsam ver\u00f6ffentlichten Alben bleiben sich die Musiker selbst und ihrer Spielweise treu. Gewohnheit oder gar Routine ist f\u00fcr die Band ein Fremdwort. Die fruchtbare Zusammenarbeit mit Kollegen wie John Scofield, Ralph Towner, Dave Liebman oder, wie im vorliegenden Fall, mit Nelson Veras, wirken dabei wie eine musikalische Frischzellenkur. Pablo Helds \u201eAscent\u201c, the trio meets Nelson Veras, er\u00f6ffnet neue kreative H\u00f6hepunkte. Eine gelungene und aufregende Aufnahme!<\/p>\n<p>Text &amp; Foto: TJ Krebs<\/p>\n<hr \/>\n<blockquote><p>CD: <strong>Pablo Held: Ascent<\/strong><br \/>\nEdition Records EDN1148<\/p><\/blockquote>\n<p>&nbsp;<\/p>\n","protected":false},"excerpt":{"rendered":"<p>Nach dem traurigen Ende des M\u00fcnchner Pirouet Labels, auf dem das Pablo Held Trio 2008 sein erstes Album ver\u00f6ffentlichte, haben die Musiker offensichtlich eine neue Heimat bei dem im Jahr 2008 von Dave Stapleton &amp; Tim Dickeson gegr\u00fcndeten britischen Label Edition Records gefunden. Bereits die erste Ver\u00f6ffentlichung des Trios im Fr\u00fchjahr 2018 \u201eInvestigations\u201c \u00fcberzeugte. So konnten nicht nur Fans aufatmen, die Zukunft dieses einzigartigen Trios war in trockenen T\u00fcchern. In der Zwischenzeit haben Pablo Held, Robert Landfermann &amp; Jonas Burgwinkel parallel Erfahrungen in anderen Bands oder Projekten gesammelt und sich entsprechend weiterentwickelt. Mit \u201eAscent\u201c erscheint nun die zweite Ver\u00f6ffentlichung auf Edition Records. Auch wenn der Titel offiziell unter dem Namen \u201ePablo Held\u201c l\u00e4uft, pr\u00e4sentiert sich hier lupenrein das Pablo Held Trio, das sich als f\u00fcr das Album und die Musik pr\u00e4genden Gast den inspirierten brasilianischen Gitarristen Nelson Veras dazu geholt hat. Zentrales Konzept des Trios ist nach wie vor sich beim Musizieren auf das Wesentliche zu konzentrieren, den Schwerpunkt darauf zu legen was musikalisch wichtig ist und Ballast wegzulassen. Mit Nelson Veras Spiel auf der akustischen Gitarre funktioniert das tadellos. Der Opener \u201eUnlocking Mechanism\u201c beginnt &hellip;<\/p>\n","protected":false},"author":35,"featured_media":21870,"comment_status":"open","ping_status":"closed","sticky":false,"template":"","format":"standard","meta":{"_jetpack_memberships_contains_paid_content":false,"footnotes":"","jetpack_publicize_message":"","jetpack_publicize_feature_enabled":true,"jetpack_social_post_already_shared":false,"jetpack_social_options":{"image_generator_settings":{"template":"highway","default_image_id":0,"font":"","enabled":false},"version":2}},"categories":[1152],"tags":[2889,2212,1792,1260],"coauthors":[1602],"class_list":["post-21868","post","type-post","status-publish","format-standard","has-post-thumbnail","hentry","category-rezension","tag-ascent","tag-edition-records","tag-pablo-held","tag-thomas-j-krebs"],"yoast_head":"<!-- This site is optimized with the Yoast SEO plugin v27.5 - https:\/\/yoast.com\/product\/yoast-seo-wordpress\/ -->\n<title>Pablo Helds neue CD Ascent - JazzZeitung<\/title>\n<meta name=\"robots\" content=\"index, follow, max-snippet:-1, max-image-preview:large, max-video-preview:-1\" \/>\n<link rel=\"canonical\" href=\"https:\/\/www.jazzzeitung.de\/cms\/2020\/02\/pablo-helds-neue-cd-ascent\/\" \/>\n<meta property=\"og:locale\" content=\"de_DE\" \/>\n<meta property=\"og:type\" content=\"article\" \/>\n<meta property=\"og:title\" content=\"Pablo Helds neue CD Ascent - JazzZeitung\" \/>\n<meta property=\"og:description\" content=\"Nach dem traurigen Ende des M\u00fcnchner Pirouet Labels, auf dem das Pablo Held Trio 2008 sein erstes Album ver\u00f6ffentlichte, haben die Musiker offensichtlich eine neue Heimat bei dem im Jahr 2008 von Dave Stapleton &amp; Tim Dickeson gegr\u00fcndeten britischen Label Edition Records gefunden. Bereits die erste Ver\u00f6ffentlichung des Trios im Fr\u00fchjahr 2018 \u201eInvestigations\u201c \u00fcberzeugte. So konnten nicht nur Fans aufatmen, die Zukunft dieses einzigartigen Trios war in trockenen T\u00fcchern. In der Zwischenzeit haben Pablo Held, Robert Landfermann &amp; Jonas Burgwinkel parallel Erfahrungen in anderen Bands oder Projekten gesammelt und sich entsprechend weiterentwickelt. Mit \u201eAscent\u201c erscheint nun die zweite Ver\u00f6ffentlichung auf Edition Records. Auch wenn der Titel offiziell unter dem Namen \u201ePablo Held\u201c l\u00e4uft, pr\u00e4sentiert sich hier lupenrein das Pablo Held Trio, das sich als f\u00fcr das Album und die Musik pr\u00e4genden Gast den inspirierten brasilianischen Gitarristen Nelson Veras dazu geholt hat. Zentrales Konzept des Trios ist nach wie vor sich beim Musizieren auf das Wesentliche zu konzentrieren, den Schwerpunkt darauf zu legen was musikalisch wichtig ist und Ballast wegzulassen. Mit Nelson Veras Spiel auf der akustischen Gitarre funktioniert das tadellos. Der Opener \u201eUnlocking Mechanism\u201c beginnt &hellip;\" \/>\n<meta property=\"og:url\" content=\"https:\/\/www.jazzzeitung.de\/cms\/2020\/02\/pablo-helds-neue-cd-ascent\/\" \/>\n<meta property=\"og:site_name\" content=\"JazzZeitung\" \/>\n<meta property=\"article:publisher\" content=\"https:\/\/www.facebook.com\/JazzZeitung\/\" \/>\n<meta property=\"article:published_time\" content=\"2020-02-10T09:51:52+00:00\" \/>\n<meta property=\"article:modified_time\" content=\"2020-02-11T09:28:23+00:00\" \/>\n<meta property=\"og:image\" content=\"https:\/\/i0.wp.com\/www.jazzzeitung.de\/cms\/wp-content\/uploads\/2020\/02\/P1212098-sw-Pablo-Held-1.jpg?fit=1200%2C894&ssl=1\" \/>\n\t<meta property=\"og:image:width\" content=\"1200\" \/>\n\t<meta property=\"og:image:height\" content=\"894\" \/>\n\t<meta property=\"og:image:type\" content=\"image\/jpeg\" \/>\n<meta name=\"author\" content=\"Thomas J. Krebs\" \/>\n<script type=\"application\/ld+json\" class=\"yoast-schema-graph\">{\"@context\":\"https:\\\/\\\/schema.org\",\"@graph\":[{\"@type\":\"Article\",\"@id\":\"https:\\\/\\\/www.jazzzeitung.de\\\/cms\\\/2020\\\/02\\\/pablo-helds-neue-cd-ascent\\\/#article\",\"isPartOf\":{\"@id\":\"https:\\\/\\\/www.jazzzeitung.de\\\/cms\\\/2020\\\/02\\\/pablo-helds-neue-cd-ascent\\\/\"},\"author\":{\"name\":\"Thomas J. Krebs\",\"@id\":\"https:\\\/\\\/www.jazzzeitung.de\\\/cms\\\/#\\\/schema\\\/person\\\/ba94c5bbea92d014d6a3d1f0105daa18\"},\"headline\":\"Pablo Helds neue CD Ascent\",\"datePublished\":\"2020-02-10T09:51:52+00:00\",\"dateModified\":\"2020-02-11T09:28:23+00:00\",\"mainEntityOfPage\":{\"@id\":\"https:\\\/\\\/www.jazzzeitung.de\\\/cms\\\/2020\\\/02\\\/pablo-helds-neue-cd-ascent\\\/\"},\"wordCount\":372,\"commentCount\":0,\"publisher\":{\"@id\":\"https:\\\/\\\/www.jazzzeitung.de\\\/cms\\\/#organization\"},\"image\":{\"@id\":\"https:\\\/\\\/www.jazzzeitung.de\\\/cms\\\/2020\\\/02\\\/pablo-helds-neue-cd-ascent\\\/#primaryimage\"},\"thumbnailUrl\":\"https:\\\/\\\/i0.wp.com\\\/www.jazzzeitung.de\\\/cms\\\/wp-content\\\/uploads\\\/2020\\\/02\\\/P1212098-sw-Pablo-Held-1.jpg?fit=1200%2C894&ssl=1\",\"keywords\":[\"Ascent\",\"Edition Records\",\"Pablo Held\",\"Thomas J. Krebs\"],\"articleSection\":[\"Rezension\"],\"inLanguage\":\"de\",\"potentialAction\":[{\"@type\":\"CommentAction\",\"name\":\"Comment\",\"target\":[\"https:\\\/\\\/www.jazzzeitung.de\\\/cms\\\/2020\\\/02\\\/pablo-helds-neue-cd-ascent\\\/#respond\"]}]},{\"@type\":\"WebPage\",\"@id\":\"https:\\\/\\\/www.jazzzeitung.de\\\/cms\\\/2020\\\/02\\\/pablo-helds-neue-cd-ascent\\\/\",\"url\":\"https:\\\/\\\/www.jazzzeitung.de\\\/cms\\\/2020\\\/02\\\/pablo-helds-neue-cd-ascent\\\/\",\"name\":\"Pablo Helds neue CD Ascent - JazzZeitung\",\"isPartOf\":{\"@id\":\"https:\\\/\\\/www.jazzzeitung.de\\\/cms\\\/#website\"},\"primaryImageOfPage\":{\"@id\":\"https:\\\/\\\/www.jazzzeitung.de\\\/cms\\\/2020\\\/02\\\/pablo-helds-neue-cd-ascent\\\/#primaryimage\"},\"image\":{\"@id\":\"https:\\\/\\\/www.jazzzeitung.de\\\/cms\\\/2020\\\/02\\\/pablo-helds-neue-cd-ascent\\\/#primaryimage\"},\"thumbnailUrl\":\"https:\\\/\\\/i0.wp.com\\\/www.jazzzeitung.de\\\/cms\\\/wp-content\\\/uploads\\\/2020\\\/02\\\/P1212098-sw-Pablo-Held-1.jpg?fit=1200%2C894&ssl=1\",\"datePublished\":\"2020-02-10T09:51:52+00:00\",\"dateModified\":\"2020-02-11T09:28:23+00:00\",\"breadcrumb\":{\"@id\":\"https:\\\/\\\/www.jazzzeitung.de\\\/cms\\\/2020\\\/02\\\/pablo-helds-neue-cd-ascent\\\/#breadcrumb\"},\"inLanguage\":\"de\",\"potentialAction\":[{\"@type\":\"ReadAction\",\"target\":[\"https:\\\/\\\/www.jazzzeitung.de\\\/cms\\\/2020\\\/02\\\/pablo-helds-neue-cd-ascent\\\/\"]}]},{\"@type\":\"ImageObject\",\"inLanguage\":\"de\",\"@id\":\"https:\\\/\\\/www.jazzzeitung.de\\\/cms\\\/2020\\\/02\\\/pablo-helds-neue-cd-ascent\\\/#primaryimage\",\"url\":\"https:\\\/\\\/i0.wp.com\\\/www.jazzzeitung.de\\\/cms\\\/wp-content\\\/uploads\\\/2020\\\/02\\\/P1212098-sw-Pablo-Held-1.jpg?fit=1200%2C894&ssl=1\",\"contentUrl\":\"https:\\\/\\\/i0.wp.com\\\/www.jazzzeitung.de\\\/cms\\\/wp-content\\\/uploads\\\/2020\\\/02\\\/P1212098-sw-Pablo-Held-1.jpg?fit=1200%2C894&ssl=1\",\"width\":1200,\"height\":894},{\"@type\":\"BreadcrumbList\",\"@id\":\"https:\\\/\\\/www.jazzzeitung.de\\\/cms\\\/2020\\\/02\\\/pablo-helds-neue-cd-ascent\\\/#breadcrumb\",\"itemListElement\":[{\"@type\":\"ListItem\",\"position\":1,\"name\":\"Startseite\",\"item\":\"https:\\\/\\\/www.jazzzeitung.de\\\/cms\\\/\"},{\"@type\":\"ListItem\",\"position\":2,\"name\":\"Pablo Helds neue CD Ascent\"}]},{\"@type\":\"WebSite\",\"@id\":\"https:\\\/\\\/www.jazzzeitung.de\\\/cms\\\/#website\",\"url\":\"https:\\\/\\\/www.jazzzeitung.de\\\/cms\\\/\",\"name\":\"JazzZeitung\",\"description\":\"Jazz-News und Jazz-Kontroverses\",\"publisher\":{\"@id\":\"https:\\\/\\\/www.jazzzeitung.de\\\/cms\\\/#organization\"},\"potentialAction\":[{\"@type\":\"SearchAction\",\"target\":{\"@type\":\"EntryPoint\",\"urlTemplate\":\"https:\\\/\\\/www.jazzzeitung.de\\\/cms\\\/?s={search_term_string}\"},\"query-input\":{\"@type\":\"PropertyValueSpecification\",\"valueRequired\":true,\"valueName\":\"search_term_string\"}}],\"inLanguage\":\"de\"},{\"@type\":\"Organization\",\"@id\":\"https:\\\/\\\/www.jazzzeitung.de\\\/cms\\\/#organization\",\"name\":\"JazzZeitung online\",\"url\":\"https:\\\/\\\/www.jazzzeitung.de\\\/cms\\\/\",\"logo\":{\"@type\":\"ImageObject\",\"inLanguage\":\"de\",\"@id\":\"https:\\\/\\\/www.jazzzeitung.de\\\/cms\\\/#\\\/schema\\\/logo\\\/image\\\/\",\"url\":\"https:\\\/\\\/i0.wp.com\\\/www.jazzzeitung.de\\\/cms\\\/wp-content\\\/uploads\\\/2015\\\/08\\\/JAZZZEITUNGDE_Logo_Neu.png?fit=499%2C200&ssl=1\",\"contentUrl\":\"https:\\\/\\\/i0.wp.com\\\/www.jazzzeitung.de\\\/cms\\\/wp-content\\\/uploads\\\/2015\\\/08\\\/JAZZZEITUNGDE_Logo_Neu.png?fit=499%2C200&ssl=1\",\"width\":499,\"height\":200,\"caption\":\"JazzZeitung online\"},\"image\":{\"@id\":\"https:\\\/\\\/www.jazzzeitung.de\\\/cms\\\/#\\\/schema\\\/logo\\\/image\\\/\"},\"sameAs\":[\"https:\\\/\\\/www.facebook.com\\\/JazzZeitung\\\/\"]},{\"@type\":\"Person\",\"@id\":\"https:\\\/\\\/www.jazzzeitung.de\\\/cms\\\/#\\\/schema\\\/person\\\/ba94c5bbea92d014d6a3d1f0105daa18\",\"name\":\"Thomas J. Krebs\",\"image\":{\"@type\":\"ImageObject\",\"inLanguage\":\"de\",\"@id\":\"https:\\\/\\\/secure.gravatar.com\\\/avatar\\\/e362b221c114fbcde56be31a2eacbbab541308e5bf72f20d4519b16cdeb5c667?s=96&d=wp_user_avatar&r=ga12b8f4e2750c9ca30f9e22cab2177c6\",\"url\":\"https:\\\/\\\/secure.gravatar.com\\\/avatar\\\/e362b221c114fbcde56be31a2eacbbab541308e5bf72f20d4519b16cdeb5c667?s=96&d=wp_user_avatar&r=g\",\"contentUrl\":\"https:\\\/\\\/secure.gravatar.com\\\/avatar\\\/e362b221c114fbcde56be31a2eacbbab541308e5bf72f20d4519b16cdeb5c667?s=96&d=wp_user_avatar&r=g\",\"caption\":\"Thomas J. Krebs\"},\"url\":\"https:\\\/\\\/www.jazzzeitung.de\\\/cms\\\/author\\\/krebs\\\/\"}]}<\/script>\n<!-- \/ Yoast SEO plugin. -->","yoast_head_json":{"title":"Pablo Helds neue CD Ascent - JazzZeitung","robots":{"index":"index","follow":"follow","max-snippet":"max-snippet:-1","max-image-preview":"max-image-preview:large","max-video-preview":"max-video-preview:-1"},"canonical":"https:\/\/www.jazzzeitung.de\/cms\/2020\/02\/pablo-helds-neue-cd-ascent\/","og_locale":"de_DE","og_type":"article","og_title":"Pablo Helds neue CD Ascent - JazzZeitung","og_description":"Nach dem traurigen Ende des M\u00fcnchner Pirouet Labels, auf dem das Pablo Held Trio 2008 sein erstes Album ver\u00f6ffentlichte, haben die Musiker offensichtlich eine neue Heimat bei dem im Jahr 2008 von Dave Stapleton &amp; Tim Dickeson gegr\u00fcndeten britischen Label Edition Records gefunden. Bereits die erste Ver\u00f6ffentlichung des Trios im Fr\u00fchjahr 2018 \u201eInvestigations\u201c \u00fcberzeugte. So konnten nicht nur Fans aufatmen, die Zukunft dieses einzigartigen Trios war in trockenen T\u00fcchern. In der Zwischenzeit haben Pablo Held, Robert Landfermann &amp; Jonas Burgwinkel parallel Erfahrungen in anderen Bands oder Projekten gesammelt und sich entsprechend weiterentwickelt. Mit \u201eAscent\u201c erscheint nun die zweite Ver\u00f6ffentlichung auf Edition Records. Auch wenn der Titel offiziell unter dem Namen \u201ePablo Held\u201c l\u00e4uft, pr\u00e4sentiert sich hier lupenrein das Pablo Held Trio, das sich als f\u00fcr das Album und die Musik pr\u00e4genden Gast den inspirierten brasilianischen Gitarristen Nelson Veras dazu geholt hat. Zentrales Konzept des Trios ist nach wie vor sich beim Musizieren auf das Wesentliche zu konzentrieren, den Schwerpunkt darauf zu legen was musikalisch wichtig ist und Ballast wegzulassen. Mit Nelson Veras Spiel auf der akustischen Gitarre funktioniert das tadellos. Der Opener \u201eUnlocking Mechanism\u201c beginnt &hellip;","og_url":"https:\/\/www.jazzzeitung.de\/cms\/2020\/02\/pablo-helds-neue-cd-ascent\/","og_site_name":"JazzZeitung","article_publisher":"https:\/\/www.facebook.com\/JazzZeitung\/","article_published_time":"2020-02-10T09:51:52+00:00","article_modified_time":"2020-02-11T09:28:23+00:00","og_image":[{"width":1200,"height":894,"url":"https:\/\/i0.wp.com\/www.jazzzeitung.de\/cms\/wp-content\/uploads\/2020\/02\/P1212098-sw-Pablo-Held-1.jpg?fit=1200%2C894&ssl=1","type":"image\/jpeg"}],"author":"Thomas J. Krebs","schema":{"@context":"https:\/\/schema.org","@graph":[{"@type":"Article","@id":"https:\/\/www.jazzzeitung.de\/cms\/2020\/02\/pablo-helds-neue-cd-ascent\/#article","isPartOf":{"@id":"https:\/\/www.jazzzeitung.de\/cms\/2020\/02\/pablo-helds-neue-cd-ascent\/"},"author":{"name":"Thomas J. Krebs","@id":"https:\/\/www.jazzzeitung.de\/cms\/#\/schema\/person\/ba94c5bbea92d014d6a3d1f0105daa18"},"headline":"Pablo Helds neue CD Ascent","datePublished":"2020-02-10T09:51:52+00:00","dateModified":"2020-02-11T09:28:23+00:00","mainEntityOfPage":{"@id":"https:\/\/www.jazzzeitung.de\/cms\/2020\/02\/pablo-helds-neue-cd-ascent\/"},"wordCount":372,"commentCount":0,"publisher":{"@id":"https:\/\/www.jazzzeitung.de\/cms\/#organization"},"image":{"@id":"https:\/\/www.jazzzeitung.de\/cms\/2020\/02\/pablo-helds-neue-cd-ascent\/#primaryimage"},"thumbnailUrl":"https:\/\/i0.wp.com\/www.jazzzeitung.de\/cms\/wp-content\/uploads\/2020\/02\/P1212098-sw-Pablo-Held-1.jpg?fit=1200%2C894&ssl=1","keywords":["Ascent","Edition Records","Pablo Held","Thomas J. Krebs"],"articleSection":["Rezension"],"inLanguage":"de","potentialAction":[{"@type":"CommentAction","name":"Comment","target":["https:\/\/www.jazzzeitung.de\/cms\/2020\/02\/pablo-helds-neue-cd-ascent\/#respond"]}]},{"@type":"WebPage","@id":"https:\/\/www.jazzzeitung.de\/cms\/2020\/02\/pablo-helds-neue-cd-ascent\/","url":"https:\/\/www.jazzzeitung.de\/cms\/2020\/02\/pablo-helds-neue-cd-ascent\/","name":"Pablo Helds neue CD Ascent - JazzZeitung","isPartOf":{"@id":"https:\/\/www.jazzzeitung.de\/cms\/#website"},"primaryImageOfPage":{"@id":"https:\/\/www.jazzzeitung.de\/cms\/2020\/02\/pablo-helds-neue-cd-ascent\/#primaryimage"},"image":{"@id":"https:\/\/www.jazzzeitung.de\/cms\/2020\/02\/pablo-helds-neue-cd-ascent\/#primaryimage"},"thumbnailUrl":"https:\/\/i0.wp.com\/www.jazzzeitung.de\/cms\/wp-content\/uploads\/2020\/02\/P1212098-sw-Pablo-Held-1.jpg?fit=1200%2C894&ssl=1","datePublished":"2020-02-10T09:51:52+00:00","dateModified":"2020-02-11T09:28:23+00:00","breadcrumb":{"@id":"https:\/\/www.jazzzeitung.de\/cms\/2020\/02\/pablo-helds-neue-cd-ascent\/#breadcrumb"},"inLanguage":"de","potentialAction":[{"@type":"ReadAction","target":["https:\/\/www.jazzzeitung.de\/cms\/2020\/02\/pablo-helds-neue-cd-ascent\/"]}]},{"@type":"ImageObject","inLanguage":"de","@id":"https:\/\/www.jazzzeitung.de\/cms\/2020\/02\/pablo-helds-neue-cd-ascent\/#primaryimage","url":"https:\/\/i0.wp.com\/www.jazzzeitung.de\/cms\/wp-content\/uploads\/2020\/02\/P1212098-sw-Pablo-Held-1.jpg?fit=1200%2C894&ssl=1","contentUrl":"https:\/\/i0.wp.com\/www.jazzzeitung.de\/cms\/wp-content\/uploads\/2020\/02\/P1212098-sw-Pablo-Held-1.jpg?fit=1200%2C894&ssl=1","width":1200,"height":894},{"@type":"BreadcrumbList","@id":"https:\/\/www.jazzzeitung.de\/cms\/2020\/02\/pablo-helds-neue-cd-ascent\/#breadcrumb","itemListElement":[{"@type":"ListItem","position":1,"name":"Startseite","item":"https:\/\/www.jazzzeitung.de\/cms\/"},{"@type":"ListItem","position":2,"name":"Pablo Helds neue CD Ascent"}]},{"@type":"WebSite","@id":"https:\/\/www.jazzzeitung.de\/cms\/#website","url":"https:\/\/www.jazzzeitung.de\/cms\/","name":"JazzZeitung","description":"Jazz-News und Jazz-Kontroverses","publisher":{"@id":"https:\/\/www.jazzzeitung.de\/cms\/#organization"},"potentialAction":[{"@type":"SearchAction","target":{"@type":"EntryPoint","urlTemplate":"https:\/\/www.jazzzeitung.de\/cms\/?s={search_term_string}"},"query-input":{"@type":"PropertyValueSpecification","valueRequired":true,"valueName":"search_term_string"}}],"inLanguage":"de"},{"@type":"Organization","@id":"https:\/\/www.jazzzeitung.de\/cms\/#organization","name":"JazzZeitung online","url":"https:\/\/www.jazzzeitung.de\/cms\/","logo":{"@type":"ImageObject","inLanguage":"de","@id":"https:\/\/www.jazzzeitung.de\/cms\/#\/schema\/logo\/image\/","url":"https:\/\/i0.wp.com\/www.jazzzeitung.de\/cms\/wp-content\/uploads\/2015\/08\/JAZZZEITUNGDE_Logo_Neu.png?fit=499%2C200&ssl=1","contentUrl":"https:\/\/i0.wp.com\/www.jazzzeitung.de\/cms\/wp-content\/uploads\/2015\/08\/JAZZZEITUNGDE_Logo_Neu.png?fit=499%2C200&ssl=1","width":499,"height":200,"caption":"JazzZeitung online"},"image":{"@id":"https:\/\/www.jazzzeitung.de\/cms\/#\/schema\/logo\/image\/"},"sameAs":["https:\/\/www.facebook.com\/JazzZeitung\/"]},{"@type":"Person","@id":"https:\/\/www.jazzzeitung.de\/cms\/#\/schema\/person\/ba94c5bbea92d014d6a3d1f0105daa18","name":"Thomas J. Krebs","image":{"@type":"ImageObject","inLanguage":"de","@id":"https:\/\/secure.gravatar.com\/avatar\/e362b221c114fbcde56be31a2eacbbab541308e5bf72f20d4519b16cdeb5c667?s=96&d=wp_user_avatar&r=ga12b8f4e2750c9ca30f9e22cab2177c6","url":"https:\/\/secure.gravatar.com\/avatar\/e362b221c114fbcde56be31a2eacbbab541308e5bf72f20d4519b16cdeb5c667?s=96&d=wp_user_avatar&r=g","contentUrl":"https:\/\/secure.gravatar.com\/avatar\/e362b221c114fbcde56be31a2eacbbab541308e5bf72f20d4519b16cdeb5c667?s=96&d=wp_user_avatar&r=g","caption":"Thomas J. Krebs"},"url":"https:\/\/www.jazzzeitung.de\/cms\/author\/krebs\/"}]}},"wp-worthy-pixel":{"ignored":false,"public":null,"server":null,"url":null},"wp-worthy-type":"normal","jetpack_publicize_connections":[],"cc_featured_image_caption":{"caption_text":"Pablo Held. ","source_text":"Foto: TJ Krebs","source_url":""},"jetpack_featured_media_url":"https:\/\/i0.wp.com\/www.jazzzeitung.de\/cms\/wp-content\/uploads\/2020\/02\/P1212098-sw-Pablo-Held-1.jpg?fit=1200%2C894&ssl=1","jetpack_shortlink":"https:\/\/wp.me\/p3KEcT-5GI","jetpack-related-posts":[{"id":15515,"url":"https:\/\/www.jazzzeitung.de\/cms\/2018\/04\/cd-rezension-pablo-held-investigations\/","url_meta":{"origin":21868,"position":0},"title":"CD-Rezension: Pablo Held \u2013 Investigations","author":"Thomas J. Krebs","date":"12. April 2018","format":false,"excerpt":"Seit dem Jahr 2005 existiert das Pablo Held Trio mit Robert Landfermann am Bass und dem Schlagzeuger Jonas Burgwinkel bereits. Bis dato erschienen offiziell neun Alben unter Helds eigenem Namen, davon f\u00fcnf reine Trioalben in dieser Besetzung (plus eine Aufnahme im Trio mit John Scofield). Nach dem bedauernswerten Ende des\u2026","rel":"","context":"In &quot;Rezension&quot;","block_context":{"text":"Rezension","link":"https:\/\/www.jazzzeitung.de\/cms\/thema\/rezension\/"},"img":{"alt_text":"","src":"https:\/\/i0.wp.com\/www.jazzzeitung.de\/cms\/wp-content\/uploads\/2018\/04\/Pablo-Held-Cover1.jpg?fit=1200%2C823&ssl=1&resize=350%2C200","width":350,"height":200,"srcset":"https:\/\/i0.wp.com\/www.jazzzeitung.de\/cms\/wp-content\/uploads\/2018\/04\/Pablo-Held-Cover1.jpg?fit=1200%2C823&ssl=1&resize=350%2C200 1x, https:\/\/i0.wp.com\/www.jazzzeitung.de\/cms\/wp-content\/uploads\/2018\/04\/Pablo-Held-Cover1.jpg?fit=1200%2C823&ssl=1&resize=525%2C300 1.5x, https:\/\/i0.wp.com\/www.jazzzeitung.de\/cms\/wp-content\/uploads\/2018\/04\/Pablo-Held-Cover1.jpg?fit=1200%2C823&ssl=1&resize=700%2C400 2x, https:\/\/i0.wp.com\/www.jazzzeitung.de\/cms\/wp-content\/uploads\/2018\/04\/Pablo-Held-Cover1.jpg?fit=1200%2C823&ssl=1&resize=1050%2C600 3x"},"classes":[]},{"id":6909,"url":"https:\/\/www.jazzzeitung.de\/cms\/2015\/08\/recondita-armonia-verborgene-harmonie\/","url_meta":{"origin":21868,"position":1},"title":"Pablo Held Trio mit &#8222;Verborgener Harmonie&#8220;","author":"Redaktion JazzZeitung","date":"28. August 2015","format":false,"excerpt":"Was macht ein Piano Trio im Jazz unverwechselbar? Wie erfindet man sich neu ohne Kompromisse einzugehen? Vor allem aber: wie gestaltet man das Spiel \u00fcber die Jahre hinweg spannend und innovativ? Die Antwort darauf lautet: dem Pablo Held Trio lauschen! - Mit der aktuellen CD \u201e Recondita Armonia\u201c legen der\u2026","rel":"","context":"In &quot;Rezension&quot;","block_context":{"text":"Rezension","link":"https:\/\/www.jazzzeitung.de\/cms\/thema\/rezension\/"},"img":{"alt_text":"Das neue Album des Pablo Held Truis: Pablo Held Trio \u2013 Recondita Armonia Pirouet Records PIT 3085 ","src":"https:\/\/i0.wp.com\/www.jazzzeitung.de\/cms\/wp-content\/uploads\/2015\/08\/Cover-Held-150x150.jpeg?resize=350%2C200","width":350,"height":200},"classes":[]},{"id":19541,"url":"https:\/\/www.jazzzeitung.de\/cms\/2019\/05\/evans-in-england-resonance-veroeffentlicht-live-mitschnitt-des-bill-evans-trios-von-1969\/","url_meta":{"origin":21868,"position":2},"title":"\u201eEvans in England\u201c \u2013 Resonance ver\u00f6ffentlicht Live-Mitschnitt des Bill Evans Trios von 1969","author":"Thomas J. Krebs","date":"24. Mai 2019","format":false,"excerpt":"Bei der aktuell auf dem Resonance Label erschienenen CD \u201eEvans in England\u201c handelt es sich um einen \u00e4u\u00dferst h\u00f6renswerten Live-Mitschnitt des Bill Evans Trios, der im Dezember 1969 im Londoner Ronnie Scott\u2019s Club aufgenommen wurde. Es ist die mittlerweile vierte Bill Evans Live-Trio-Produktion (neben Top of the Gate (23.10.1968), Black\u2026","rel":"","context":"In &quot;Rezension&quot;","block_context":{"text":"Rezension","link":"https:\/\/www.jazzzeitung.de\/cms\/thema\/rezension\/"},"img":{"alt_text":"","src":"https:\/\/i0.wp.com\/www.jazzzeitung.de\/cms\/wp-content\/uploads\/2019\/05\/bill_evans_crop.png?fit=800%2C612&ssl=1&resize=350%2C200","width":350,"height":200,"srcset":"https:\/\/i0.wp.com\/www.jazzzeitung.de\/cms\/wp-content\/uploads\/2019\/05\/bill_evans_crop.png?fit=800%2C612&ssl=1&resize=350%2C200 1x, https:\/\/i0.wp.com\/www.jazzzeitung.de\/cms\/wp-content\/uploads\/2019\/05\/bill_evans_crop.png?fit=800%2C612&ssl=1&resize=525%2C300 1.5x, https:\/\/i0.wp.com\/www.jazzzeitung.de\/cms\/wp-content\/uploads\/2019\/05\/bill_evans_crop.png?fit=800%2C612&ssl=1&resize=700%2C400 2x"},"classes":[]},{"id":26734,"url":"https:\/\/www.jazzzeitung.de\/cms\/2022\/02\/meet-me-at-the-loft-pablo-helds-neue-cd\/","url_meta":{"origin":21868,"position":3},"title":"Meet me at the Loft: Pablo Helds neue CD","author":"Redaktion JazzZeitung","date":"15. Februar 2022","format":false,"excerpt":"Zentriertheit und innere Schnelligkeit Seit f\u00fcnf Jahren l\u00e4dt Pablo Held regelm\u00e4\u00dfig Musikerinnen und Musiker aus aller Welt und aus der K\u00f6lner Szene ins Loft in K\u00f6ln-Ehrenfeld ein. Hier wird aufgenommen, gestreamt \u2013 und vor allem spontan auf Traum-Level musiziert. Neu-Begegnungen, die es so vorher noch nicht gegeben hat, sind ausdr\u00fccklich\u2026","rel":"","context":"In &quot;Rezension&quot;","block_context":{"text":"Rezension","link":"https:\/\/www.jazzzeitung.de\/cms\/thema\/rezension\/"},"img":{"alt_text":"","src":"https:\/\/i0.wp.com\/www.jazzzeitung.de\/cms\/wp-content\/uploads\/2020\/02\/P1212098-sw-Pablo-Held-1.jpg?fit=1200%2C894&ssl=1&resize=350%2C200","width":350,"height":200,"srcset":"https:\/\/i0.wp.com\/www.jazzzeitung.de\/cms\/wp-content\/uploads\/2020\/02\/P1212098-sw-Pablo-Held-1.jpg?fit=1200%2C894&ssl=1&resize=350%2C200 1x, https:\/\/i0.wp.com\/www.jazzzeitung.de\/cms\/wp-content\/uploads\/2020\/02\/P1212098-sw-Pablo-Held-1.jpg?fit=1200%2C894&ssl=1&resize=525%2C300 1.5x, https:\/\/i0.wp.com\/www.jazzzeitung.de\/cms\/wp-content\/uploads\/2020\/02\/P1212098-sw-Pablo-Held-1.jpg?fit=1200%2C894&ssl=1&resize=700%2C400 2x, https:\/\/i0.wp.com\/www.jazzzeitung.de\/cms\/wp-content\/uploads\/2020\/02\/P1212098-sw-Pablo-Held-1.jpg?fit=1200%2C894&ssl=1&resize=1050%2C600 3x"},"classes":[]},{"id":16530,"url":"https:\/\/www.jazzzeitung.de\/cms\/2018\/06\/nach-dem-wm-aus-des-dfb-jason-seizer-in-der-naechsten-runde-mit-cinema-paradiso\/","url_meta":{"origin":21868,"position":4},"title":"Zwei Stunden nach dem WM-Aus: Jason Seizer in der n\u00e4chsten Runde mit Cinema Paradiso","author":"Redaktion JazzZeitung","date":"28. Juni 2018","format":false,"excerpt":"Zwei Stunden nach dem WM Debakel der deutschen Fu\u00dfball Nationalmannschaft war der Kummer vergessen, als im Studio 2 des Bayerischen Rundfunks die ersten T\u00f6ne des Saxophonisten Jason Seizer mit seinem Quartett Cinema Paradiso erklangen. Mit von der Partie der wunderbare Pianist Pablo Held, kraftvoll am Bass Jonas Westergaard und mit\u2026","rel":"","context":"In &quot;Galerie&quot;","block_context":{"text":"Galerie","link":"https:\/\/www.jazzzeitung.de\/cms\/thema\/galerie\/"},"img":{"alt_text":"","src":"https:\/\/i0.wp.com\/www.jazzzeitung.de\/cms\/wp-content\/uploads\/2018\/06\/Jason-Seizer-Cinema-Paradiso-Quartett-Foto-TJ-Krebs-jazzphotoagency%40web.de_.jpg?fit=1200%2C800&ssl=1&resize=350%2C200","width":350,"height":200,"srcset":"https:\/\/i0.wp.com\/www.jazzzeitung.de\/cms\/wp-content\/uploads\/2018\/06\/Jason-Seizer-Cinema-Paradiso-Quartett-Foto-TJ-Krebs-jazzphotoagency%40web.de_.jpg?fit=1200%2C800&ssl=1&resize=350%2C200 1x, https:\/\/i0.wp.com\/www.jazzzeitung.de\/cms\/wp-content\/uploads\/2018\/06\/Jason-Seizer-Cinema-Paradiso-Quartett-Foto-TJ-Krebs-jazzphotoagency%40web.de_.jpg?fit=1200%2C800&ssl=1&resize=525%2C300 1.5x, https:\/\/i0.wp.com\/www.jazzzeitung.de\/cms\/wp-content\/uploads\/2018\/06\/Jason-Seizer-Cinema-Paradiso-Quartett-Foto-TJ-Krebs-jazzphotoagency%40web.de_.jpg?fit=1200%2C800&ssl=1&resize=700%2C400 2x, https:\/\/i0.wp.com\/www.jazzzeitung.de\/cms\/wp-content\/uploads\/2018\/06\/Jason-Seizer-Cinema-Paradiso-Quartett-Foto-TJ-Krebs-jazzphotoagency%40web.de_.jpg?fit=1200%2C800&ssl=1&resize=1050%2C600 3x"},"classes":[]},{"id":19215,"url":"https:\/\/www.jazzzeitung.de\/cms\/2019\/04\/elliot-galvin-neues-album-modern-times\/","url_meta":{"origin":21868,"position":5},"title":"Elliot Galvin: Neues Album \u201eModern Times\u201c","author":"Thomas J. Krebs","date":"19. April 2019","format":false,"excerpt":"Elliot Galvins neues Trio Album \u201eModern Times\u201c, erschienen auf Edition Records, ist auf mehrere Weise eine ganz besondere Aufnahme und stellt schon allein mit dem Titel die Produktion auf den Kopf. \u201eModern Times\u201c bietet musikalisch absolut moderne, fesselnde Musik. Aber wie sie zustande gekommen ist und unter welchen Umst\u00e4nden sie\u2026","rel":"","context":"In &quot;Rezension&quot;","block_context":{"text":"Rezension","link":"https:\/\/www.jazzzeitung.de\/cms\/thema\/rezension\/"},"img":{"alt_text":"","src":"https:\/\/i0.wp.com\/www.jazzzeitung.de\/cms\/wp-content\/uploads\/2019\/04\/Galvin-Elliot-Foto-TJ-Krebs.jpg?fit=1200%2C800&ssl=1&resize=350%2C200","width":350,"height":200,"srcset":"https:\/\/i0.wp.com\/www.jazzzeitung.de\/cms\/wp-content\/uploads\/2019\/04\/Galvin-Elliot-Foto-TJ-Krebs.jpg?fit=1200%2C800&ssl=1&resize=350%2C200 1x, https:\/\/i0.wp.com\/www.jazzzeitung.de\/cms\/wp-content\/uploads\/2019\/04\/Galvin-Elliot-Foto-TJ-Krebs.jpg?fit=1200%2C800&ssl=1&resize=525%2C300 1.5x, https:\/\/i0.wp.com\/www.jazzzeitung.de\/cms\/wp-content\/uploads\/2019\/04\/Galvin-Elliot-Foto-TJ-Krebs.jpg?fit=1200%2C800&ssl=1&resize=700%2C400 2x, https:\/\/i0.wp.com\/www.jazzzeitung.de\/cms\/wp-content\/uploads\/2019\/04\/Galvin-Elliot-Foto-TJ-Krebs.jpg?fit=1200%2C800&ssl=1&resize=1050%2C600 3x"},"classes":[]}],"jetpack_sharing_enabled":true,"_links":{"self":[{"href":"https:\/\/www.jazzzeitung.de\/cms\/wp-json\/wp\/v2\/posts\/21868","targetHints":{"allow":["GET"]}}],"collection":[{"href":"https:\/\/www.jazzzeitung.de\/cms\/wp-json\/wp\/v2\/posts"}],"about":[{"href":"https:\/\/www.jazzzeitung.de\/cms\/wp-json\/wp\/v2\/types\/post"}],"author":[{"embeddable":true,"href":"https:\/\/www.jazzzeitung.de\/cms\/wp-json\/wp\/v2\/users\/35"}],"replies":[{"embeddable":true,"href":"https:\/\/www.jazzzeitung.de\/cms\/wp-json\/wp\/v2\/comments?post=21868"}],"version-history":[{"count":4,"href":"https:\/\/www.jazzzeitung.de\/cms\/wp-json\/wp\/v2\/posts\/21868\/revisions"}],"predecessor-version":[{"id":21886,"href":"https:\/\/www.jazzzeitung.de\/cms\/wp-json\/wp\/v2\/posts\/21868\/revisions\/21886"}],"wp:featuredmedia":[{"embeddable":true,"href":"https:\/\/www.jazzzeitung.de\/cms\/wp-json\/wp\/v2\/media\/21870"}],"wp:attachment":[{"href":"https:\/\/www.jazzzeitung.de\/cms\/wp-json\/wp\/v2\/media?parent=21868"}],"wp:term":[{"taxonomy":"category","embeddable":true,"href":"https:\/\/www.jazzzeitung.de\/cms\/wp-json\/wp\/v2\/categories?post=21868"},{"taxonomy":"post_tag","embeddable":true,"href":"https:\/\/www.jazzzeitung.de\/cms\/wp-json\/wp\/v2\/tags?post=21868"},{"taxonomy":"author","embeddable":true,"href":"https:\/\/www.jazzzeitung.de\/cms\/wp-json\/wp\/v2\/coauthors?post=21868"}],"curies":[{"name":"wp","href":"https:\/\/api.w.org\/{rel}","templated":true}]}}