{"id":21569,"date":"2019-12-19T07:29:04","date_gmt":"2019-12-19T06:29:04","guid":{"rendered":"https:\/\/www.jazzzeitung.de\/cms\/?p=21569"},"modified":"2019-12-19T11:00:26","modified_gmt":"2019-12-19T10:00:26","slug":"im-dickicht-des-materials-zum-filmstart-von-miles-davis-birth-of-the-cool","status":"publish","type":"post","link":"https:\/\/www.jazzzeitung.de\/cms\/2019\/12\/im-dickicht-des-materials-zum-filmstart-von-miles-davis-birth-of-the-cool\/","title":{"rendered":"Im Dickicht des Materials: Zum Filmstart von \u201eMiles Davis \u2013 Birth of the Cool\u201c"},"content":{"rendered":"<p><strong>Mit Vorschusslorbeeren aus den USA \u00fcberh\u00e4uft, kommt die Miles-Davis-Doku \u201eBirth of the Cool\u201c Anfang Januar auch in die deutschen Kinos. Leider hat es Regisseur Stanley Nelson in Sachen Materialf\u00fclle und Promidichte etwas zu gut gemeint.<\/strong><\/p>\n<p>Nach einer Viertelstunde raucht einem schon der Kopf. Man h\u00e4lt den freundlicherweise zur Verf\u00fcgung gestellten Stream an und z\u00e4hlt in seinen Notizen nach: 16 Zeitzeugen sind in diesen 15 Minuten zu Wort gekommen (darunter Weggef\u00e4hrt*innen wie Jimmy Heath, Jimmy Cobb, Wayne Shorter und Juliette Gr\u00e9co) und mit gemischten Gef\u00fchlen rechnet man hoch, wie viele es wohl am Ende der knapp zwei Stunden sein werden\u2026<\/p>\n<p><a href=\"https:\/\/i0.wp.com\/www.jazzzeitung.de\/cms\/wp-content\/uploads\/2019\/12\/Miles-Davis-Poster_RGB_GERMAN-scaled.jpg?ssl=1\"><img data-recalc-dims=\"1\" loading=\"lazy\" decoding=\"async\" data-attachment-id=\"21578\" data-permalink=\"https:\/\/www.jazzzeitung.de\/cms\/2019\/12\/im-dickicht-des-materials-zum-filmstart-von-miles-davis-birth-of-the-cool\/miles-davis-poster_rgb_german\/\" data-orig-file=\"https:\/\/i0.wp.com\/www.jazzzeitung.de\/cms\/wp-content\/uploads\/2019\/12\/Miles-Davis-Poster_RGB_GERMAN-scaled.jpg?fit=1799%2C2560&amp;ssl=1\" data-orig-size=\"1799,2560\" data-comments-opened=\"1\" data-image-meta=\"{&quot;aperture&quot;:&quot;0&quot;,&quot;credit&quot;:&quot;&quot;,&quot;camera&quot;:&quot;&quot;,&quot;caption&quot;:&quot;&quot;,&quot;created_timestamp&quot;:&quot;0&quot;,&quot;copyright&quot;:&quot;&quot;,&quot;focal_length&quot;:&quot;0&quot;,&quot;iso&quot;:&quot;0&quot;,&quot;shutter_speed&quot;:&quot;0&quot;,&quot;title&quot;:&quot;&quot;,&quot;orientation&quot;:&quot;0&quot;}\" data-image-title=\"Miles-Davis-Poster_RGB_GERMAN\" data-image-description=\"\" data-image-caption=\"\" data-large-file=\"https:\/\/i0.wp.com\/www.jazzzeitung.de\/cms\/wp-content\/uploads\/2019\/12\/Miles-Davis-Poster_RGB_GERMAN-scaled.jpg?fit=422%2C600&amp;ssl=1\" class=\"alignleft wp-image-21578 size-medium\" src=\"https:\/\/i0.wp.com\/www.jazzzeitung.de\/cms\/wp-content\/uploads\/2019\/12\/Miles-Davis-Poster_RGB_GERMAN.jpg?resize=211%2C300&#038;ssl=1\" alt=\"\" width=\"211\" height=\"300\" srcset=\"https:\/\/i0.wp.com\/www.jazzzeitung.de\/cms\/wp-content\/uploads\/2019\/12\/Miles-Davis-Poster_RGB_GERMAN-scaled.jpg?resize=211%2C300&amp;ssl=1 211w, https:\/\/i0.wp.com\/www.jazzzeitung.de\/cms\/wp-content\/uploads\/2019\/12\/Miles-Davis-Poster_RGB_GERMAN-scaled.jpg?resize=422%2C600&amp;ssl=1 422w, https:\/\/i0.wp.com\/www.jazzzeitung.de\/cms\/wp-content\/uploads\/2019\/12\/Miles-Davis-Poster_RGB_GERMAN-scaled.jpg?resize=768%2C1093&amp;ssl=1 768w, https:\/\/i0.wp.com\/www.jazzzeitung.de\/cms\/wp-content\/uploads\/2019\/12\/Miles-Davis-Poster_RGB_GERMAN-scaled.jpg?resize=1079%2C1536&amp;ssl=1 1079w, https:\/\/i0.wp.com\/www.jazzzeitung.de\/cms\/wp-content\/uploads\/2019\/12\/Miles-Davis-Poster_RGB_GERMAN-scaled.jpg?resize=1439%2C2048&amp;ssl=1 1439w, https:\/\/i0.wp.com\/www.jazzzeitung.de\/cms\/wp-content\/uploads\/2019\/12\/Miles-Davis-Poster_RGB_GERMAN-scaled.jpg?resize=1320%2C1878&amp;ssl=1 1320w, https:\/\/i0.wp.com\/www.jazzzeitung.de\/cms\/wp-content\/uploads\/2019\/12\/Miles-Davis-Poster_RGB_GERMAN-scaled.jpg?w=1799&amp;ssl=1 1799w, https:\/\/i0.wp.com\/www.jazzzeitung.de\/cms\/wp-content\/uploads\/2019\/12\/Miles-Davis-Poster_RGB_GERMAN-scaled.jpg?w=1680&amp;ssl=1 1680w\" sizes=\"auto, (max-width: 211px) 100vw, 211px\" \/><\/a>Um es vorwegzunehmen: Es sind knapp 45 \u201etalking heads\u201c, die ihre mehr oder weniger gehaltvollen Erinnerungen und Kommentare in die Kamera sprechen, und diese Zerst\u00fcckelung f\u00fchrt leider dazu, dass zu keinem Zeitpunkt so etwas wie ein Erz\u00e4hlfluss, geschweige denn ein dem Gegenstand angemessener musikalischer Rhythmus entstehen kann. Einer der ersten Interviewpartner ist Quincy Troupe, der Co-Autor von Miles\u2019 Autobiografie. Die von Carl Lumbly mit rauchig-sonorer Stimme eingesprochenen Ausschnitte daraus geben dem Film zumindest eine pers\u00f6nliche Note.<\/p>\n<p>Miles Davis\u2019 Kunst der Pause, des Aussparens, des Weglassens, seine F\u00e4higkeit R\u00e4ume zu \u00f6ffnen statt zuzuspielen, haben Regisseur Stanley Nelson leider nicht inspiriert. Zu gro\u00df war offenbar der Druck, jeden bereitwillig Auskunft gebenden Promi oder Experten dann auch zu zeigen, zu gro\u00df die Versuchung, jeden Schnipsel an rarem Filmmaterial zu nutzen, immer noch ein Foto dazwischenzuschneiden. So wunderbar diese im Einzelnen auch sein m\u00f6gen \u2013 vor allem einige Fotosequenzen sind grandios: im atemlosen Umfeld neutralisieren sie sich gegenseitig. Um das politische und gesellschaftliche Umfeld zu umrei\u00dfen, erh\u00f6ht Nelson zum Einstieg in vier markante Jahre die Bildfrequenz noch um ein Vielfaches: das Jahr der Geburt 1926, der Umzug nach New York und die Begegnung mit Charlie Parker 1944, der Auftritt in Newport und der Columbia-Deal 1955, der Aufbruch in die \u201eelektrische\u201c Phase 1969. Dies gibt der anschlie\u00dfenden R\u00fcckkehr zur Normalgeschwindigkeit den Anschein von Beruhigung \u2013 ein Effekt, der schnell wieder verfliegt.<\/p>\n<p>Im Dickicht der Bilder und Statements wird aber nat\u00fcrlich dennoch etwas von der Faszination des Musikers und des Menschen Miles Davis sp\u00fcrbar, und auch die Schattenseiten \u2013 der Drogenmissbrauch, die Gewalt gegen seine Frau Frances, die Krankheiten \u2013 werden nicht ausgespart. Substanzielles zur Musik selbst erf\u00e4hrt man kaum und nur am Rande, auch wenn der Versuch erkennbar wird, bei einigen zentralen Alben (\u201eBirth of the Cool\u201c, \u201eKind of Blue\u201c, \u201eBitches Brew\u201c) und den pr\u00e4genden Formationen etwas l\u00e4nger zu verweilen. Zur Bedeutung von Miles\u2019 Trompetenspiel etwa ist nicht mehr zu erfahren als die h\u00fcbsche Charakterisierung von Jimmy Heath, der seinen Sound als \u201epure, elegant and tasty\u201c beschreibt.<\/p>\n<p>In Erinnerung bleiben die Bilder der formvollendet gekleideten, eine Aura von Coolness und Hipness verbreitenden Stilikone (eine sch\u00f6ne Fotoserie zeigt ihn bei der Ma\u00dfanfertigung eines Sakkos), einige pers\u00f6nliche Erinnerungen und die bezeichnende Auskunft des Sohnes Erin, sein Vater habe nie \u00fcber zur\u00fcckliegende Platten gesprochen, habe sie nicht einmal zu Hause gehabt.<\/p>\n<p>Der rastlose, musikalisch stets nach vorne blickende Miles: Zumindest daf\u00fcr vermittelt Stanley Nelsons \u00fcberbordender Film ein Gef\u00fchl. Vielleicht erzeugt das im Kino dann doch einen Sog.<\/p>\n<p><em>Juan Martin Koch<\/em><\/p>\n<blockquote><p>Miles Davis: Birth of the Cool<br \/>\nRegie: Stanley Nelson<br \/>\n113 Min.<br \/>\nKinostart: 2. Januar 2020<br \/>\nVerleih: Piece of Magic Entertainment<br \/>\nhttps:\/\/www.milesdavismovie.com<\/p><\/blockquote>\n<p>Beitragsbild: Miles Davis. (c) Piece of Magic Entertainment<\/p>\n","protected":false},"excerpt":{"rendered":"<p>Mit Vorschusslorbeeren aus den USA \u00fcberh\u00e4uft, kommt die Miles-Davis-Doku \u201eBirth of the Cool\u201c Anfang Januar auch in die deutschen Kinos. Leider hat es Regisseur Stanley Nelson in Sachen Materialf\u00fclle und Promidichte etwas zu gut gemeint. Nach einer Viertelstunde raucht einem schon der Kopf. Man h\u00e4lt den freundlicherweise zur Verf\u00fcgung gestellten Stream an und z\u00e4hlt in seinen Notizen nach: 16 Zeitzeugen sind in diesen 15 Minuten zu Wort gekommen (darunter Weggef\u00e4hrt*innen wie Jimmy Heath, Jimmy Cobb, Wayne Shorter und Juliette Gr\u00e9co) und mit gemischten Gef\u00fchlen rechnet man hoch, wie viele es wohl am Ende der knapp zwei Stunden sein werden\u2026 Um es vorwegzunehmen: Es sind knapp 45 \u201etalking heads\u201c, die ihre mehr oder weniger gehaltvollen Erinnerungen und Kommentare in die Kamera sprechen, und diese Zerst\u00fcckelung f\u00fchrt leider dazu, dass zu keinem Zeitpunkt so etwas wie ein Erz\u00e4hlfluss, geschweige denn ein dem Gegenstand angemessener musikalischer Rhythmus entstehen kann. Einer der ersten Interviewpartner ist Quincy Troupe, der Co-Autor von Miles\u2019 Autobiografie. Die von Carl Lumbly mit rauchig-sonorer Stimme eingesprochenen Ausschnitte daraus geben dem Film zumindest eine pers\u00f6nliche Note. Miles Davis\u2019 Kunst der Pause, des Aussparens, des Weglassens, seine &hellip;<\/p>\n","protected":false},"author":36,"featured_media":21572,"comment_status":"open","ping_status":"closed","sticky":false,"template":"","format":"standard","meta":{"_jetpack_memberships_contains_paid_content":false,"footnotes":"","jetpack_publicize_message":"","jetpack_publicize_feature_enabled":true,"jetpack_social_post_already_shared":false,"jetpack_social_options":{"image_generator_settings":{"template":"highway","default_image_id":0,"font":"","enabled":false},"version":2}},"categories":[1152],"tags":[111,1351,1552,390],"coauthors":[1735],"class_list":["post-21569","post","type-post","status-publish","format-standard","has-post-thumbnail","hentry","category-rezension","tag-charlie-parker","tag-film","tag-juan-martin-koch","tag-miles-davis"],"yoast_head":"<!-- This site is optimized with the Yoast SEO plugin v27.5 - https:\/\/yoast.com\/product\/yoast-seo-wordpress\/ -->\n<title>Im Dickicht des Materials: Zum Filmstart von \u201eMiles Davis \u2013 Birth of the Cool\u201c - JazzZeitung<\/title>\n<meta name=\"robots\" content=\"index, follow, max-snippet:-1, max-image-preview:large, max-video-preview:-1\" \/>\n<link rel=\"canonical\" href=\"https:\/\/www.jazzzeitung.de\/cms\/2019\/12\/im-dickicht-des-materials-zum-filmstart-von-miles-davis-birth-of-the-cool\/\" \/>\n<meta property=\"og:locale\" content=\"de_DE\" \/>\n<meta property=\"og:type\" content=\"article\" \/>\n<meta property=\"og:title\" content=\"Im Dickicht des Materials: Zum Filmstart von \u201eMiles Davis \u2013 Birth of the Cool\u201c - JazzZeitung\" \/>\n<meta property=\"og:description\" content=\"Mit Vorschusslorbeeren aus den USA \u00fcberh\u00e4uft, kommt die Miles-Davis-Doku \u201eBirth of the Cool\u201c Anfang Januar auch in die deutschen Kinos. Leider hat es Regisseur Stanley Nelson in Sachen Materialf\u00fclle und Promidichte etwas zu gut gemeint. Nach einer Viertelstunde raucht einem schon der Kopf. Man h\u00e4lt den freundlicherweise zur Verf\u00fcgung gestellten Stream an und z\u00e4hlt in seinen Notizen nach: 16 Zeitzeugen sind in diesen 15 Minuten zu Wort gekommen (darunter Weggef\u00e4hrt*innen wie Jimmy Heath, Jimmy Cobb, Wayne Shorter und Juliette Gr\u00e9co) und mit gemischten Gef\u00fchlen rechnet man hoch, wie viele es wohl am Ende der knapp zwei Stunden sein werden\u2026 Um es vorwegzunehmen: Es sind knapp 45 \u201etalking heads\u201c, die ihre mehr oder weniger gehaltvollen Erinnerungen und Kommentare in die Kamera sprechen, und diese Zerst\u00fcckelung f\u00fchrt leider dazu, dass zu keinem Zeitpunkt so etwas wie ein Erz\u00e4hlfluss, geschweige denn ein dem Gegenstand angemessener musikalischer Rhythmus entstehen kann. Einer der ersten Interviewpartner ist Quincy Troupe, der Co-Autor von Miles\u2019 Autobiografie. Die von Carl Lumbly mit rauchig-sonorer Stimme eingesprochenen Ausschnitte daraus geben dem Film zumindest eine pers\u00f6nliche Note. Miles Davis\u2019 Kunst der Pause, des Aussparens, des Weglassens, seine &hellip;\" \/>\n<meta property=\"og:url\" content=\"https:\/\/www.jazzzeitung.de\/cms\/2019\/12\/im-dickicht-des-materials-zum-filmstart-von-miles-davis-birth-of-the-cool\/\" \/>\n<meta property=\"og:site_name\" content=\"JazzZeitung\" \/>\n<meta property=\"article:publisher\" content=\"https:\/\/www.facebook.com\/JazzZeitung\/\" \/>\n<meta property=\"article:author\" content=\"https:\/\/www.facebook.com\/juanmartin.koch\" \/>\n<meta property=\"article:published_time\" content=\"2019-12-19T06:29:04+00:00\" \/>\n<meta property=\"article:modified_time\" content=\"2019-12-19T10:00:26+00:00\" \/>\n<meta property=\"og:image\" content=\"https:\/\/i0.wp.com\/www.jazzzeitung.de\/cms\/wp-content\/uploads\/2019\/12\/c-Piece-of-Magic-Entertainment-1.jpg?fit=1978%2C1340&ssl=1\" \/>\n\t<meta property=\"og:image:width\" content=\"1978\" \/>\n\t<meta property=\"og:image:height\" content=\"1340\" \/>\n\t<meta property=\"og:image:type\" content=\"image\/jpeg\" \/>\n<meta name=\"author\" content=\"Juan Martin Koch\" \/>\n<script type=\"application\/ld+json\" class=\"yoast-schema-graph\">{\"@context\":\"https:\\\/\\\/schema.org\",\"@graph\":[{\"@type\":\"Article\",\"@id\":\"https:\\\/\\\/www.jazzzeitung.de\\\/cms\\\/2019\\\/12\\\/im-dickicht-des-materials-zum-filmstart-von-miles-davis-birth-of-the-cool\\\/#article\",\"isPartOf\":{\"@id\":\"https:\\\/\\\/www.jazzzeitung.de\\\/cms\\\/2019\\\/12\\\/im-dickicht-des-materials-zum-filmstart-von-miles-davis-birth-of-the-cool\\\/\"},\"author\":{\"name\":\"Juan Martin Koch\",\"@id\":\"https:\\\/\\\/www.jazzzeitung.de\\\/cms\\\/#\\\/schema\\\/person\\\/fbb1249d5469e99344a4c397444f1536\"},\"headline\":\"Im Dickicht des Materials: Zum Filmstart von \u201eMiles Davis \u2013 Birth of the Cool\u201c\",\"datePublished\":\"2019-12-19T06:29:04+00:00\",\"dateModified\":\"2019-12-19T10:00:26+00:00\",\"mainEntityOfPage\":{\"@id\":\"https:\\\/\\\/www.jazzzeitung.de\\\/cms\\\/2019\\\/12\\\/im-dickicht-des-materials-zum-filmstart-von-miles-davis-birth-of-the-cool\\\/\"},\"wordCount\":574,\"commentCount\":0,\"publisher\":{\"@id\":\"https:\\\/\\\/www.jazzzeitung.de\\\/cms\\\/#organization\"},\"image\":{\"@id\":\"https:\\\/\\\/www.jazzzeitung.de\\\/cms\\\/2019\\\/12\\\/im-dickicht-des-materials-zum-filmstart-von-miles-davis-birth-of-the-cool\\\/#primaryimage\"},\"thumbnailUrl\":\"https:\\\/\\\/i0.wp.com\\\/www.jazzzeitung.de\\\/cms\\\/wp-content\\\/uploads\\\/2019\\\/12\\\/c-Piece-of-Magic-Entertainment-1.jpg?fit=1978%2C1340&ssl=1\",\"keywords\":[\"Charlie Parker\",\"Film\",\"Juan Martin Koch\",\"Miles Davis\"],\"articleSection\":[\"Rezension\"],\"inLanguage\":\"de\",\"potentialAction\":[{\"@type\":\"CommentAction\",\"name\":\"Comment\",\"target\":[\"https:\\\/\\\/www.jazzzeitung.de\\\/cms\\\/2019\\\/12\\\/im-dickicht-des-materials-zum-filmstart-von-miles-davis-birth-of-the-cool\\\/#respond\"]}]},{\"@type\":\"WebPage\",\"@id\":\"https:\\\/\\\/www.jazzzeitung.de\\\/cms\\\/2019\\\/12\\\/im-dickicht-des-materials-zum-filmstart-von-miles-davis-birth-of-the-cool\\\/\",\"url\":\"https:\\\/\\\/www.jazzzeitung.de\\\/cms\\\/2019\\\/12\\\/im-dickicht-des-materials-zum-filmstart-von-miles-davis-birth-of-the-cool\\\/\",\"name\":\"Im Dickicht des Materials: Zum Filmstart von \u201eMiles Davis \u2013 Birth of the Cool\u201c - JazzZeitung\",\"isPartOf\":{\"@id\":\"https:\\\/\\\/www.jazzzeitung.de\\\/cms\\\/#website\"},\"primaryImageOfPage\":{\"@id\":\"https:\\\/\\\/www.jazzzeitung.de\\\/cms\\\/2019\\\/12\\\/im-dickicht-des-materials-zum-filmstart-von-miles-davis-birth-of-the-cool\\\/#primaryimage\"},\"image\":{\"@id\":\"https:\\\/\\\/www.jazzzeitung.de\\\/cms\\\/2019\\\/12\\\/im-dickicht-des-materials-zum-filmstart-von-miles-davis-birth-of-the-cool\\\/#primaryimage\"},\"thumbnailUrl\":\"https:\\\/\\\/i0.wp.com\\\/www.jazzzeitung.de\\\/cms\\\/wp-content\\\/uploads\\\/2019\\\/12\\\/c-Piece-of-Magic-Entertainment-1.jpg?fit=1978%2C1340&ssl=1\",\"datePublished\":\"2019-12-19T06:29:04+00:00\",\"dateModified\":\"2019-12-19T10:00:26+00:00\",\"breadcrumb\":{\"@id\":\"https:\\\/\\\/www.jazzzeitung.de\\\/cms\\\/2019\\\/12\\\/im-dickicht-des-materials-zum-filmstart-von-miles-davis-birth-of-the-cool\\\/#breadcrumb\"},\"inLanguage\":\"de\",\"potentialAction\":[{\"@type\":\"ReadAction\",\"target\":[\"https:\\\/\\\/www.jazzzeitung.de\\\/cms\\\/2019\\\/12\\\/im-dickicht-des-materials-zum-filmstart-von-miles-davis-birth-of-the-cool\\\/\"]}]},{\"@type\":\"ImageObject\",\"inLanguage\":\"de\",\"@id\":\"https:\\\/\\\/www.jazzzeitung.de\\\/cms\\\/2019\\\/12\\\/im-dickicht-des-materials-zum-filmstart-von-miles-davis-birth-of-the-cool\\\/#primaryimage\",\"url\":\"https:\\\/\\\/i0.wp.com\\\/www.jazzzeitung.de\\\/cms\\\/wp-content\\\/uploads\\\/2019\\\/12\\\/c-Piece-of-Magic-Entertainment-1.jpg?fit=1978%2C1340&ssl=1\",\"contentUrl\":\"https:\\\/\\\/i0.wp.com\\\/www.jazzzeitung.de\\\/cms\\\/wp-content\\\/uploads\\\/2019\\\/12\\\/c-Piece-of-Magic-Entertainment-1.jpg?fit=1978%2C1340&ssl=1\",\"width\":1978,\"height\":1340,\"caption\":\"Miles Davis. (c) Piece of Magic Entertainment\"},{\"@type\":\"BreadcrumbList\",\"@id\":\"https:\\\/\\\/www.jazzzeitung.de\\\/cms\\\/2019\\\/12\\\/im-dickicht-des-materials-zum-filmstart-von-miles-davis-birth-of-the-cool\\\/#breadcrumb\",\"itemListElement\":[{\"@type\":\"ListItem\",\"position\":1,\"name\":\"Startseite\",\"item\":\"https:\\\/\\\/www.jazzzeitung.de\\\/cms\\\/\"},{\"@type\":\"ListItem\",\"position\":2,\"name\":\"Im Dickicht des Materials: Zum Filmstart von \u201eMiles Davis \u2013 Birth of the Cool\u201c\"}]},{\"@type\":\"WebSite\",\"@id\":\"https:\\\/\\\/www.jazzzeitung.de\\\/cms\\\/#website\",\"url\":\"https:\\\/\\\/www.jazzzeitung.de\\\/cms\\\/\",\"name\":\"JazzZeitung\",\"description\":\"Jazz-News und Jazz-Kontroverses\",\"publisher\":{\"@id\":\"https:\\\/\\\/www.jazzzeitung.de\\\/cms\\\/#organization\"},\"potentialAction\":[{\"@type\":\"SearchAction\",\"target\":{\"@type\":\"EntryPoint\",\"urlTemplate\":\"https:\\\/\\\/www.jazzzeitung.de\\\/cms\\\/?s={search_term_string}\"},\"query-input\":{\"@type\":\"PropertyValueSpecification\",\"valueRequired\":true,\"valueName\":\"search_term_string\"}}],\"inLanguage\":\"de\"},{\"@type\":\"Organization\",\"@id\":\"https:\\\/\\\/www.jazzzeitung.de\\\/cms\\\/#organization\",\"name\":\"JazzZeitung online\",\"url\":\"https:\\\/\\\/www.jazzzeitung.de\\\/cms\\\/\",\"logo\":{\"@type\":\"ImageObject\",\"inLanguage\":\"de\",\"@id\":\"https:\\\/\\\/www.jazzzeitung.de\\\/cms\\\/#\\\/schema\\\/logo\\\/image\\\/\",\"url\":\"https:\\\/\\\/i0.wp.com\\\/www.jazzzeitung.de\\\/cms\\\/wp-content\\\/uploads\\\/2015\\\/08\\\/JAZZZEITUNGDE_Logo_Neu.png?fit=499%2C200&ssl=1\",\"contentUrl\":\"https:\\\/\\\/i0.wp.com\\\/www.jazzzeitung.de\\\/cms\\\/wp-content\\\/uploads\\\/2015\\\/08\\\/JAZZZEITUNGDE_Logo_Neu.png?fit=499%2C200&ssl=1\",\"width\":499,\"height\":200,\"caption\":\"JazzZeitung online\"},\"image\":{\"@id\":\"https:\\\/\\\/www.jazzzeitung.de\\\/cms\\\/#\\\/schema\\\/logo\\\/image\\\/\"},\"sameAs\":[\"https:\\\/\\\/www.facebook.com\\\/JazzZeitung\\\/\"]},{\"@type\":\"Person\",\"@id\":\"https:\\\/\\\/www.jazzzeitung.de\\\/cms\\\/#\\\/schema\\\/person\\\/fbb1249d5469e99344a4c397444f1536\",\"name\":\"Juan Martin Koch\",\"image\":{\"@type\":\"ImageObject\",\"inLanguage\":\"de\",\"@id\":\"https:\\\/\\\/secure.gravatar.com\\\/avatar\\\/7769af34d529b8d60d3cafbbdd094f830733c290487e795968939da502d4b3d9?s=96&d=wp_user_avatar&r=ga422102932ee4bffafdcf81760dcf7d6\",\"url\":\"https:\\\/\\\/secure.gravatar.com\\\/avatar\\\/7769af34d529b8d60d3cafbbdd094f830733c290487e795968939da502d4b3d9?s=96&d=wp_user_avatar&r=g\",\"contentUrl\":\"https:\\\/\\\/secure.gravatar.com\\\/avatar\\\/7769af34d529b8d60d3cafbbdd094f830733c290487e795968939da502d4b3d9?s=96&d=wp_user_avatar&r=g\",\"caption\":\"Juan Martin Koch\"},\"description\":\"Juan Martin Koch hat Musikwissenschaft und Romanistik in K\u00f6ln und Regensburg studiert. Er ist Redakteur der neuen musikzeitung und als Musikjournalist unter anderem f\u00fcr die Mittelbayerische Zeitung t\u00e4tig.\",\"sameAs\":[\"https:\\\/\\\/www.facebook.com\\\/juanmartin.koch\",\"https:\\\/\\\/x.com\\\/juanchomaj\"],\"url\":\"https:\\\/\\\/www.jazzzeitung.de\\\/cms\\\/author\\\/koch\\\/\"}]}<\/script>\n<!-- \/ Yoast SEO plugin. -->","yoast_head_json":{"title":"Im Dickicht des Materials: Zum Filmstart von \u201eMiles Davis \u2013 Birth of the Cool\u201c - JazzZeitung","robots":{"index":"index","follow":"follow","max-snippet":"max-snippet:-1","max-image-preview":"max-image-preview:large","max-video-preview":"max-video-preview:-1"},"canonical":"https:\/\/www.jazzzeitung.de\/cms\/2019\/12\/im-dickicht-des-materials-zum-filmstart-von-miles-davis-birth-of-the-cool\/","og_locale":"de_DE","og_type":"article","og_title":"Im Dickicht des Materials: Zum Filmstart von \u201eMiles Davis \u2013 Birth of the Cool\u201c - JazzZeitung","og_description":"Mit Vorschusslorbeeren aus den USA \u00fcberh\u00e4uft, kommt die Miles-Davis-Doku \u201eBirth of the Cool\u201c Anfang Januar auch in die deutschen Kinos. Leider hat es Regisseur Stanley Nelson in Sachen Materialf\u00fclle und Promidichte etwas zu gut gemeint. Nach einer Viertelstunde raucht einem schon der Kopf. Man h\u00e4lt den freundlicherweise zur Verf\u00fcgung gestellten Stream an und z\u00e4hlt in seinen Notizen nach: 16 Zeitzeugen sind in diesen 15 Minuten zu Wort gekommen (darunter Weggef\u00e4hrt*innen wie Jimmy Heath, Jimmy Cobb, Wayne Shorter und Juliette Gr\u00e9co) und mit gemischten Gef\u00fchlen rechnet man hoch, wie viele es wohl am Ende der knapp zwei Stunden sein werden\u2026 Um es vorwegzunehmen: Es sind knapp 45 \u201etalking heads\u201c, die ihre mehr oder weniger gehaltvollen Erinnerungen und Kommentare in die Kamera sprechen, und diese Zerst\u00fcckelung f\u00fchrt leider dazu, dass zu keinem Zeitpunkt so etwas wie ein Erz\u00e4hlfluss, geschweige denn ein dem Gegenstand angemessener musikalischer Rhythmus entstehen kann. Einer der ersten Interviewpartner ist Quincy Troupe, der Co-Autor von Miles\u2019 Autobiografie. Die von Carl Lumbly mit rauchig-sonorer Stimme eingesprochenen Ausschnitte daraus geben dem Film zumindest eine pers\u00f6nliche Note. Miles Davis\u2019 Kunst der Pause, des Aussparens, des Weglassens, seine &hellip;","og_url":"https:\/\/www.jazzzeitung.de\/cms\/2019\/12\/im-dickicht-des-materials-zum-filmstart-von-miles-davis-birth-of-the-cool\/","og_site_name":"JazzZeitung","article_publisher":"https:\/\/www.facebook.com\/JazzZeitung\/","article_author":"https:\/\/www.facebook.com\/juanmartin.koch","article_published_time":"2019-12-19T06:29:04+00:00","article_modified_time":"2019-12-19T10:00:26+00:00","og_image":[{"width":1978,"height":1340,"url":"https:\/\/i0.wp.com\/www.jazzzeitung.de\/cms\/wp-content\/uploads\/2019\/12\/c-Piece-of-Magic-Entertainment-1.jpg?fit=1978%2C1340&ssl=1","type":"image\/jpeg"}],"author":"Juan Martin Koch","schema":{"@context":"https:\/\/schema.org","@graph":[{"@type":"Article","@id":"https:\/\/www.jazzzeitung.de\/cms\/2019\/12\/im-dickicht-des-materials-zum-filmstart-von-miles-davis-birth-of-the-cool\/#article","isPartOf":{"@id":"https:\/\/www.jazzzeitung.de\/cms\/2019\/12\/im-dickicht-des-materials-zum-filmstart-von-miles-davis-birth-of-the-cool\/"},"author":{"name":"Juan Martin Koch","@id":"https:\/\/www.jazzzeitung.de\/cms\/#\/schema\/person\/fbb1249d5469e99344a4c397444f1536"},"headline":"Im Dickicht des Materials: Zum Filmstart von \u201eMiles Davis \u2013 Birth of the Cool\u201c","datePublished":"2019-12-19T06:29:04+00:00","dateModified":"2019-12-19T10:00:26+00:00","mainEntityOfPage":{"@id":"https:\/\/www.jazzzeitung.de\/cms\/2019\/12\/im-dickicht-des-materials-zum-filmstart-von-miles-davis-birth-of-the-cool\/"},"wordCount":574,"commentCount":0,"publisher":{"@id":"https:\/\/www.jazzzeitung.de\/cms\/#organization"},"image":{"@id":"https:\/\/www.jazzzeitung.de\/cms\/2019\/12\/im-dickicht-des-materials-zum-filmstart-von-miles-davis-birth-of-the-cool\/#primaryimage"},"thumbnailUrl":"https:\/\/i0.wp.com\/www.jazzzeitung.de\/cms\/wp-content\/uploads\/2019\/12\/c-Piece-of-Magic-Entertainment-1.jpg?fit=1978%2C1340&ssl=1","keywords":["Charlie Parker","Film","Juan Martin Koch","Miles Davis"],"articleSection":["Rezension"],"inLanguage":"de","potentialAction":[{"@type":"CommentAction","name":"Comment","target":["https:\/\/www.jazzzeitung.de\/cms\/2019\/12\/im-dickicht-des-materials-zum-filmstart-von-miles-davis-birth-of-the-cool\/#respond"]}]},{"@type":"WebPage","@id":"https:\/\/www.jazzzeitung.de\/cms\/2019\/12\/im-dickicht-des-materials-zum-filmstart-von-miles-davis-birth-of-the-cool\/","url":"https:\/\/www.jazzzeitung.de\/cms\/2019\/12\/im-dickicht-des-materials-zum-filmstart-von-miles-davis-birth-of-the-cool\/","name":"Im Dickicht des Materials: Zum Filmstart von \u201eMiles Davis \u2013 Birth of the Cool\u201c - JazzZeitung","isPartOf":{"@id":"https:\/\/www.jazzzeitung.de\/cms\/#website"},"primaryImageOfPage":{"@id":"https:\/\/www.jazzzeitung.de\/cms\/2019\/12\/im-dickicht-des-materials-zum-filmstart-von-miles-davis-birth-of-the-cool\/#primaryimage"},"image":{"@id":"https:\/\/www.jazzzeitung.de\/cms\/2019\/12\/im-dickicht-des-materials-zum-filmstart-von-miles-davis-birth-of-the-cool\/#primaryimage"},"thumbnailUrl":"https:\/\/i0.wp.com\/www.jazzzeitung.de\/cms\/wp-content\/uploads\/2019\/12\/c-Piece-of-Magic-Entertainment-1.jpg?fit=1978%2C1340&ssl=1","datePublished":"2019-12-19T06:29:04+00:00","dateModified":"2019-12-19T10:00:26+00:00","breadcrumb":{"@id":"https:\/\/www.jazzzeitung.de\/cms\/2019\/12\/im-dickicht-des-materials-zum-filmstart-von-miles-davis-birth-of-the-cool\/#breadcrumb"},"inLanguage":"de","potentialAction":[{"@type":"ReadAction","target":["https:\/\/www.jazzzeitung.de\/cms\/2019\/12\/im-dickicht-des-materials-zum-filmstart-von-miles-davis-birth-of-the-cool\/"]}]},{"@type":"ImageObject","inLanguage":"de","@id":"https:\/\/www.jazzzeitung.de\/cms\/2019\/12\/im-dickicht-des-materials-zum-filmstart-von-miles-davis-birth-of-the-cool\/#primaryimage","url":"https:\/\/i0.wp.com\/www.jazzzeitung.de\/cms\/wp-content\/uploads\/2019\/12\/c-Piece-of-Magic-Entertainment-1.jpg?fit=1978%2C1340&ssl=1","contentUrl":"https:\/\/i0.wp.com\/www.jazzzeitung.de\/cms\/wp-content\/uploads\/2019\/12\/c-Piece-of-Magic-Entertainment-1.jpg?fit=1978%2C1340&ssl=1","width":1978,"height":1340,"caption":"Miles Davis. (c) Piece of Magic Entertainment"},{"@type":"BreadcrumbList","@id":"https:\/\/www.jazzzeitung.de\/cms\/2019\/12\/im-dickicht-des-materials-zum-filmstart-von-miles-davis-birth-of-the-cool\/#breadcrumb","itemListElement":[{"@type":"ListItem","position":1,"name":"Startseite","item":"https:\/\/www.jazzzeitung.de\/cms\/"},{"@type":"ListItem","position":2,"name":"Im Dickicht des Materials: Zum Filmstart von \u201eMiles Davis \u2013 Birth of the Cool\u201c"}]},{"@type":"WebSite","@id":"https:\/\/www.jazzzeitung.de\/cms\/#website","url":"https:\/\/www.jazzzeitung.de\/cms\/","name":"JazzZeitung","description":"Jazz-News und Jazz-Kontroverses","publisher":{"@id":"https:\/\/www.jazzzeitung.de\/cms\/#organization"},"potentialAction":[{"@type":"SearchAction","target":{"@type":"EntryPoint","urlTemplate":"https:\/\/www.jazzzeitung.de\/cms\/?s={search_term_string}"},"query-input":{"@type":"PropertyValueSpecification","valueRequired":true,"valueName":"search_term_string"}}],"inLanguage":"de"},{"@type":"Organization","@id":"https:\/\/www.jazzzeitung.de\/cms\/#organization","name":"JazzZeitung online","url":"https:\/\/www.jazzzeitung.de\/cms\/","logo":{"@type":"ImageObject","inLanguage":"de","@id":"https:\/\/www.jazzzeitung.de\/cms\/#\/schema\/logo\/image\/","url":"https:\/\/i0.wp.com\/www.jazzzeitung.de\/cms\/wp-content\/uploads\/2015\/08\/JAZZZEITUNGDE_Logo_Neu.png?fit=499%2C200&ssl=1","contentUrl":"https:\/\/i0.wp.com\/www.jazzzeitung.de\/cms\/wp-content\/uploads\/2015\/08\/JAZZZEITUNGDE_Logo_Neu.png?fit=499%2C200&ssl=1","width":499,"height":200,"caption":"JazzZeitung online"},"image":{"@id":"https:\/\/www.jazzzeitung.de\/cms\/#\/schema\/logo\/image\/"},"sameAs":["https:\/\/www.facebook.com\/JazzZeitung\/"]},{"@type":"Person","@id":"https:\/\/www.jazzzeitung.de\/cms\/#\/schema\/person\/fbb1249d5469e99344a4c397444f1536","name":"Juan Martin Koch","image":{"@type":"ImageObject","inLanguage":"de","@id":"https:\/\/secure.gravatar.com\/avatar\/7769af34d529b8d60d3cafbbdd094f830733c290487e795968939da502d4b3d9?s=96&d=wp_user_avatar&r=ga422102932ee4bffafdcf81760dcf7d6","url":"https:\/\/secure.gravatar.com\/avatar\/7769af34d529b8d60d3cafbbdd094f830733c290487e795968939da502d4b3d9?s=96&d=wp_user_avatar&r=g","contentUrl":"https:\/\/secure.gravatar.com\/avatar\/7769af34d529b8d60d3cafbbdd094f830733c290487e795968939da502d4b3d9?s=96&d=wp_user_avatar&r=g","caption":"Juan Martin Koch"},"description":"Juan Martin Koch hat Musikwissenschaft und Romanistik in K\u00f6ln und Regensburg studiert. Er ist Redakteur der neuen musikzeitung und als Musikjournalist unter anderem f\u00fcr die Mittelbayerische Zeitung t\u00e4tig.","sameAs":["https:\/\/www.facebook.com\/juanmartin.koch","https:\/\/x.com\/juanchomaj"],"url":"https:\/\/www.jazzzeitung.de\/cms\/author\/koch\/"}]}},"wp-worthy-pixel":{"ignored":true,"public":null,"server":null,"url":null},"wp-worthy-type":"normal","jetpack_publicize_connections":[],"cc_featured_image_caption":{"caption_text":"Miles Davis. ","source_text":"(c) Piece of Magic Entertainment","source_url":""},"jetpack_featured_media_url":"https:\/\/i0.wp.com\/www.jazzzeitung.de\/cms\/wp-content\/uploads\/2019\/12\/c-Piece-of-Magic-Entertainment-1.jpg?fit=1978%2C1340&ssl=1","jetpack_shortlink":"https:\/\/wp.me\/p3KEcT-5BT","jetpack-related-posts":[{"id":20632,"url":"https:\/\/www.jazzzeitung.de\/cms\/2019\/09\/neue-studio-aufnahmen-von-miles-davis-rubberband\/","url_meta":{"origin":21569,"position":0},"title":"Neue Studio-Aufnahmen von Miles Davis: \u201eRubberband\u201c","author":"Thomas J. Krebs","date":"6. September 2019","format":false,"excerpt":"Ein komplettes Studioalbum von Miles Davis posthum ver\u00f6ffentlicht, so die Werbetrommel f\u00fcr die gerade bei Warner Bros.\/Rhino erschienene Aufnahme \u201eRubberband\u201c. Fake news, fake music - wieviel Miles steckt wirklich darin? Zum Hintergrund: Nach 30 Jahren verlie\u00df Miles Davis Columbia Records und schloss Mitte der achtziger Jahre einen Plattendeal mit dem\u2026","rel":"","context":"In &quot;Rezension&quot;","block_context":{"text":"Rezension","link":"https:\/\/www.jazzzeitung.de\/cms\/thema\/rezension\/"},"img":{"alt_text":"","src":"https:\/\/i0.wp.com\/www.jazzzeitung.de\/cms\/wp-content\/uploads\/2019\/09\/Miles-Davis-1986-Fabrik-HH-Foto-TJ-Krebs.jpg?fit=1200%2C800&ssl=1&resize=350%2C200","width":350,"height":200,"srcset":"https:\/\/i0.wp.com\/www.jazzzeitung.de\/cms\/wp-content\/uploads\/2019\/09\/Miles-Davis-1986-Fabrik-HH-Foto-TJ-Krebs.jpg?fit=1200%2C800&ssl=1&resize=350%2C200 1x, https:\/\/i0.wp.com\/www.jazzzeitung.de\/cms\/wp-content\/uploads\/2019\/09\/Miles-Davis-1986-Fabrik-HH-Foto-TJ-Krebs.jpg?fit=1200%2C800&ssl=1&resize=525%2C300 1.5x, https:\/\/i0.wp.com\/www.jazzzeitung.de\/cms\/wp-content\/uploads\/2019\/09\/Miles-Davis-1986-Fabrik-HH-Foto-TJ-Krebs.jpg?fit=1200%2C800&ssl=1&resize=700%2C400 2x, https:\/\/i0.wp.com\/www.jazzzeitung.de\/cms\/wp-content\/uploads\/2019\/09\/Miles-Davis-1986-Fabrik-HH-Foto-TJ-Krebs.jpg?fit=1200%2C800&ssl=1&resize=1050%2C600 3x"},"classes":[]},{"id":20528,"url":"https:\/\/www.jazzzeitung.de\/cms\/2019\/08\/jazz-im-ard-radiofestival-milesstones-der-herzlosigkeit\/","url_meta":{"origin":21569,"position":1},"title":"Jazz im ARD-Radiofestival: Milestones der Herzlosigkeit","author":"Huflaikhan","date":"28. August 2019","format":false,"excerpt":"Ich gebe zu, ich hatte mich sehr gefreut \u00fcber die Ank\u00fcndigung, Miles Davis und sein Bitches Brew-Album auch im Radiofestival-Sommer h\u00f6ren zu k\u00f6nnen. Die Ank\u00fcndigung versprach viel. Cut & Paste & zur\u00fcck \u2013 Miles Davis im Jahr von Bitches Brew Vom 19. bis 21. August 1969 nahm der Trompeter Miles\u2026","rel":"","context":"In &quot;Blog&quot;","block_context":{"text":"Blog","link":"https:\/\/www.jazzzeitung.de\/cms\/thema\/blog\/"},"img":{"alt_text":"Der Kritiker wei\u00df nicht. Foto: Hufner","src":"https:\/\/i0.wp.com\/www.jazzzeitung.de\/cms\/wp-content\/uploads\/2018\/11\/jazzfest_ende.jpg?fit=1200%2C1200&ssl=1&resize=350%2C200","width":350,"height":200,"srcset":"https:\/\/i0.wp.com\/www.jazzzeitung.de\/cms\/wp-content\/uploads\/2018\/11\/jazzfest_ende.jpg?fit=1200%2C1200&ssl=1&resize=350%2C200 1x, https:\/\/i0.wp.com\/www.jazzzeitung.de\/cms\/wp-content\/uploads\/2018\/11\/jazzfest_ende.jpg?fit=1200%2C1200&ssl=1&resize=525%2C300 1.5x, https:\/\/i0.wp.com\/www.jazzzeitung.de\/cms\/wp-content\/uploads\/2018\/11\/jazzfest_ende.jpg?fit=1200%2C1200&ssl=1&resize=700%2C400 2x, https:\/\/i0.wp.com\/www.jazzzeitung.de\/cms\/wp-content\/uploads\/2018\/11\/jazzfest_ende.jpg?fit=1200%2C1200&ssl=1&resize=1050%2C600 3x"},"classes":[]},{"id":23962,"url":"https:\/\/www.jazzzeitung.de\/cms\/2021\/01\/die-jazzwelt-des-werner-heider\/","url_meta":{"origin":21569,"position":2},"title":"Die Jazzwelt des Werner Heider","author":"Andreas Kolb","date":"1. Januar 2021","format":false,"excerpt":"Da die Entwicklung des Jazz untrennbar mit der Tonaufzeichnung verbunden ist, war und ist es f\u00fcr Jazzmusiker im Gegensatz zu ihren klassischen Kollegen kein Problem, eine historisch orientierte Auff\u00fchrungspraxis zu realisieren. Dennoch sind Innovation und Fortschritt bis heute ein Markenzeichen dieses Musikstils. Eine besonders innovative Phase waren die ausgehenden 50er-\u2026","rel":"","context":"In &quot;News&quot;","block_context":{"text":"News","link":"https:\/\/www.jazzzeitung.de\/cms\/thema\/nachrichten\/"},"img":{"alt_text":"","src":"https:\/\/i0.wp.com\/www.jazzzeitung.de\/cms\/wp-content\/uploads\/2020\/12\/2020_02_personalia_heiderKoch.jpg?fit=1200%2C899&ssl=1&resize=350%2C200","width":350,"height":200,"srcset":"https:\/\/i0.wp.com\/www.jazzzeitung.de\/cms\/wp-content\/uploads\/2020\/12\/2020_02_personalia_heiderKoch.jpg?fit=1200%2C899&ssl=1&resize=350%2C200 1x, https:\/\/i0.wp.com\/www.jazzzeitung.de\/cms\/wp-content\/uploads\/2020\/12\/2020_02_personalia_heiderKoch.jpg?fit=1200%2C899&ssl=1&resize=525%2C300 1.5x, https:\/\/i0.wp.com\/www.jazzzeitung.de\/cms\/wp-content\/uploads\/2020\/12\/2020_02_personalia_heiderKoch.jpg?fit=1200%2C899&ssl=1&resize=700%2C400 2x, https:\/\/i0.wp.com\/www.jazzzeitung.de\/cms\/wp-content\/uploads\/2020\/12\/2020_02_personalia_heiderKoch.jpg?fit=1200%2C899&ssl=1&resize=1050%2C600 3x"},"classes":[]},{"id":5576,"url":"https:\/\/www.jazzzeitung.de\/cms\/2015\/02\/defrancesco-oberthulba-jazz-jubilaeum-syke-verdienstkreuz-fuer-hans-martin-mueller\/","url_meta":{"origin":21569,"position":3},"title":"News: Defrancesco in Oberthulba +++ Jazz-Jubil\u00e4um in Syke +++ Verdienstkreuz f\u00fcr Hans-Martin M\u00fcller","author":"Redaktion JazzZeitung","date":"24. Februar 2015","format":false,"excerpt":"Joey Defrancesco an der Hammond-Orgel in Oberthulba Nach dem Auftritt im Juli 2004 von Legende\u00a0Jimmy Smith\u00a0an der Hammond Orgel, kommt nun auch sein designierter Nachfolger Joey Defrancesco (USA) mit Trio auf die Piano-B\u00fchne in Oberthulba. Auf allen gro\u00dfen B\u00fchnen der Welt zeigt er seine Klasse an der \"Hammond B3\" Orgel.\u2026","rel":"","context":"In &quot;News&quot;","block_context":{"text":"News","link":"https:\/\/www.jazzzeitung.de\/cms\/thema\/nachrichten\/"},"img":{"alt_text":"Joey Defrancesco kommt mit Trio nach Oberthulba","src":"https:\/\/i0.wp.com\/www.jazzzeitung.de\/cms\/wp-content\/uploads\/2015\/02\/Joey-in-Action-150x150.jpg?resize=350%2C200","width":350,"height":200},"classes":[]},{"id":7361,"url":"https:\/\/www.jazzzeitung.de\/cms\/2015\/10\/der-saxophist-kenny-garrett-ottobrunn-konzert-workshop\/","url_meta":{"origin":21569,"position":4},"title":"Der Saxophist Kenny Garrett in Ottobrunn \u2013 Konzert &#038; Workshop","author":"Redaktion JazzZeitung","date":"16. Oktober 2015","format":false,"excerpt":"Das Kenny Garrett Quintett am 30.10.2015 im Konzertsaal des Wolf-Ferrari-Haus - ungew\u00f6hnliche Musikprojekte haben in Ottobrunn seit Jahren Tradition. Veranstalter und Masterminds der erfolgreichen und in der Regel ausverkauften Konzertreihe Ottobrunner-Konzerte sind die beiden Musiker Johannes Tonio Kreusch und Cornelius Claudio Kreusch. Selbst seit Jahrzehnten in der internationalen Musikszene verhaftet\u2026","rel":"","context":"In &quot;News&quot;","block_context":{"text":"News","link":"https:\/\/www.jazzzeitung.de\/cms\/thema\/nachrichten\/"},"img":{"alt_text":"Kenny Garrett. Thomas J. Krebs","src":"https:\/\/i0.wp.com\/www.jazzzeitung.de\/cms\/wp-content\/uploads\/2015\/10\/P1060948-Garrett-TJ-Krebs-Jazzphotoagency-150x150.jpg?resize=350%2C200","width":350,"height":200},"classes":[]},{"id":8006,"url":"https:\/\/www.jazzzeitung.de\/cms\/2015\/12\/8006\/","url_meta":{"origin":21569,"position":5},"title":"+++Veranstaltungstipps zwischen den Jahren+++Jazz in Grafing+++StummFilmLiveJazz in Franken+++","author":"Redaktion JazzZeitung","date":"23. Dezember 2015","format":false,"excerpt":"Jazz in Grafing Am Samstag, den 26.12. ab 19 Uhr wird die\u00a0traditionelle X-Mas-Session\u00a0von 3 Jugend-Bands er\u00f6ffnet, bevor jazz.grafing\u2019s Haus-Sextett einen kurzen Set zum Besten gibt. Und dann sind alle G\u00e4ste mit Instrument auf der offenen B\u00fchne willkommen! Am Sonntag, den 27.12. ab 20 Uhr ein hochkar\u00e4tiges World-Jazz-Concert, organisiert vom Goethe-Institut\u2026","rel":"","context":"In &quot;News&quot;","block_context":{"text":"News","link":"https:\/\/www.jazzzeitung.de\/cms\/thema\/nachrichten\/"},"img":{"alt_text":"Billy Hart US-Schlagzeuglegende (u.a. Ex-Drummer von Herbie Hancock) ist auf mehr als 600 Alben zu h\u00f6ren. Er gilt als einer der versiertesten und vielseitigsten Jazz-Schlagzeuger der Gegenwart. Er lehrt sowohl am Oberlin Konservatorium als auch am New England Conservatory of Music und ist an der Western Michigan University engagiert.... wenn er nicht gerade tourt. Foto Jazz in Grafing","src":"https:\/\/i0.wp.com\/www.jazzzeitung.de\/cms\/wp-content\/uploads\/2015\/12\/GMUB-2-Hart-150x150.jpg?resize=350%2C200","width":350,"height":200},"classes":[]}],"jetpack_sharing_enabled":true,"_links":{"self":[{"href":"https:\/\/www.jazzzeitung.de\/cms\/wp-json\/wp\/v2\/posts\/21569","targetHints":{"allow":["GET"]}}],"collection":[{"href":"https:\/\/www.jazzzeitung.de\/cms\/wp-json\/wp\/v2\/posts"}],"about":[{"href":"https:\/\/www.jazzzeitung.de\/cms\/wp-json\/wp\/v2\/types\/post"}],"author":[{"embeddable":true,"href":"https:\/\/www.jazzzeitung.de\/cms\/wp-json\/wp\/v2\/users\/36"}],"replies":[{"embeddable":true,"href":"https:\/\/www.jazzzeitung.de\/cms\/wp-json\/wp\/v2\/comments?post=21569"}],"version-history":[{"count":8,"href":"https:\/\/www.jazzzeitung.de\/cms\/wp-json\/wp\/v2\/posts\/21569\/revisions"}],"predecessor-version":[{"id":21592,"href":"https:\/\/www.jazzzeitung.de\/cms\/wp-json\/wp\/v2\/posts\/21569\/revisions\/21592"}],"wp:featuredmedia":[{"embeddable":true,"href":"https:\/\/www.jazzzeitung.de\/cms\/wp-json\/wp\/v2\/media\/21572"}],"wp:attachment":[{"href":"https:\/\/www.jazzzeitung.de\/cms\/wp-json\/wp\/v2\/media?parent=21569"}],"wp:term":[{"taxonomy":"category","embeddable":true,"href":"https:\/\/www.jazzzeitung.de\/cms\/wp-json\/wp\/v2\/categories?post=21569"},{"taxonomy":"post_tag","embeddable":true,"href":"https:\/\/www.jazzzeitung.de\/cms\/wp-json\/wp\/v2\/tags?post=21569"},{"taxonomy":"author","embeddable":true,"href":"https:\/\/www.jazzzeitung.de\/cms\/wp-json\/wp\/v2\/coauthors?post=21569"}],"curies":[{"name":"wp","href":"https:\/\/api.w.org\/{rel}","templated":true}]}}