{"id":21538,"date":"2019-12-15T12:00:52","date_gmt":"2019-12-15T11:00:52","guid":{"rendered":"https:\/\/www.jazzzeitung.de\/cms\/?p=21538"},"modified":"2019-12-15T11:13:59","modified_gmt":"2019-12-15T10:13:59","slug":"die-jazz-radiowoche-vom-16-12-19-bis-22-12-2019","status":"publish","type":"post","link":"https:\/\/www.jazzzeitung.de\/cms\/2019\/12\/die-jazz-radiowoche-vom-16-12-19-bis-22-12-2019\/","title":{"rendered":"Die Jazz-Radiowoche vom 16.12.19 bis 22.12.2019"},"content":{"rendered":"<p>Ein kleiner Blick in die Jazzwoche 51 im Radio. Die \u00dcbersicht zum <a href=\"https:\/\/service.conbrio.de\/service\/download\/278\/\">Download als PDF<\/a>. Alle Angaben ohne Gew\u00e4hr.<\/p>\n<hr \/>\n<h2>Jazz im Radio (Fernsehen)<\/h2>\n<ul>\n<li><strong>SR2<\/strong> \u2013 <a href=\"http:\/\/www.sr.de\/sr\/sr2\/sendungen_a-z\/uebersicht\/jazznow\/index.html\">JazzNow<\/a> \u2013 Sonntags von 20.04 bis 22.30 Uhr<\/li>\n<li><strong>BR-KLASSIK \u2013 <\/strong><a href=\"https:\/\/www.br-klassik.de\/themen\/jazz-und-weltmusik\/jazztime-die-ganze-welt-des-jazz-100.html\">Jazztime<\/a><strong> \u2013 <\/strong>Von Montag bis Freitag t\u00e4glich um 23.05 Uhr<\/li>\n<li><strong>rbb-kultur<\/strong> \u2013 <a href=\"https:\/\/www.kulturradio.de\/programm\/schema\/sendungen\/late_night_jazz.html\">Late Night Jazz<\/a> \u2013 Sa und So 23:04 \u2013 24:00 Uhr<\/li>\n<li><strong>hr2-kultur<\/strong> \u2013 <a href=\"http:\/\/www.hr2.de\/musik\/jazz\/index.html\">Jazz in hr2-kultur<\/a> \u2013 t\u00e4glich<\/li>\n<li><strong>SWR2<\/strong> \u2013 <a href=\"https:\/\/www.swr.de\/swr2\/programm\/sendungen\/jazz\/startseite-mit-vorschau\/-\/id=659242\/did=13778140\/nid=659242\/13ttn4d\/index.html\">Jazz<\/a> \u2013 t\u00e4glich<\/li>\n<li><strong>Deutschlandfunk<\/strong> \u2013 <a href=\"http:\/\/www.deutschlandfunk.de\/jazz.747.de.html\">Jazz (\u00dcberblick)<\/a> \u2013 <a href=\"http:\/\/www.deutschlandfunk.de\/jazz-live.822.de.html\">Jazz Live<\/a>, <a href=\"http:\/\/www.deutschlandfunk.de\/jazzfacts.824.de.html\">JazzFacts<\/a> und <a href=\"http:\/\/www.deutschlandfunk.de\/milestones.1805.de.html\">Milestones<\/a><\/li>\n<li><strong>Deutschlandfunk Kultur<\/strong> \u2013 <a href=\"http:\/\/www.deutschlandfunkkultur.de\/jazz.1142.de.html\">Jazz<\/a> \u2013 diverse Sendetermine<\/li>\n<li><strong>\u00d61 <\/strong>\u2013 <a href=\"https:\/\/oe1.orf.at\/programm\/\">diverse Sendetermine<\/a><\/li>\n<li><strong>ARTE TV<\/strong> \u2013 <a href=\"https:\/\/www.arte.tv\/de\/videos\/arte-concert\/jazz\/?xtor=AD-6-%5bMV_CFR_ARTE_DE_Google_GEN_GDN%5d-%5bGDN_GEN_Arte_Concerts_Jazz%5d-C-%5bjazz%20musik%5d\">Jazz<\/a><\/li>\n<\/ul>\n<p><strong>Periodika: Dauersendungen ohne gen\u00fcgend Infos \u2013 Tagesbegleitradio<\/strong><\/p>\n<ul>\n<li><strong>NDR Info <\/strong>\u2013 <strong>Play Jazz! Das Jazzmagazin<\/strong> 22:20 bis 23:00<\/li>\n<li><strong>MDR Kultur \u2013 Jazz <\/strong>19:05 bis 20:00<\/li>\n<li><strong>MDR Kultur \u2013<\/strong><strong>Jazz Lounge<\/strong> 19:35 bis 20:00<\/li>\n<li><strong>WDR3<\/strong> \u2013 Jazz &amp; World \u2013 Improvisiertes zum Tagesausklang \u2013 Montag bis Freitag, 22.04 \u2013 0:00 Uhr<\/li>\n<li><strong>WDR 3 Pers\u00f6nlich mit G\u00f6tz Alsmann<\/strong> 13:04 bis 15:00 (Samstags)<\/li>\n<\/ul>\n<hr \/>\n<h2>16.12.2019<\/h2>\n<hr \/>\n<p>17:50 bis 18:00 | SWR 2<br \/>\n<strong>SWR2 Jazz vor Sechs \u2013 Herbie Hancock: \u201eDriftin\u2019\u201c<\/strong><\/p>\n<p>19:04 bis 20:00 | hr2-kultur<br \/>\n<strong>H\u00f6rbar<\/strong><\/p>\n<p>22:05 bis 23:00 | NDR Info<br \/>\n<strong>Play Jazz! Das Jazzmagazin \u2013 Mit Mauretta Heinzelmann<\/strong><\/p>\n<p style=\"padding-left: 40px;\">Das Magazin aus der Welt des Jazz. Auf dem Programm stehen aktuelle CDs (darunter das \u201eAlbum der Woche\u201c) und Klassiker, Portr\u00e4ts von K\u00fcnstlern und Plattenfirmen, Konzerte, B\u00fccher und Filme.<\/p>\n<p style=\"padding-left: 40px;\">Play Jazz! sp\u00fcrt Trends nach und erinnert in der Rubrik \u201eRemember\u201c an die gro\u00dfen Momente der Jazzgeschichte. Im \u201eFenster nach Europa\u201c gibt es regelm\u00e4\u00dfig H\u00f6hepunkte von allen bedeutenden europ\u00e4ischen Jazzfestivals.<\/p>\n<p style=\"padding-left: 40px;\">Play Jazz! blickt auf die Jazz Szene im Sendegebiet und informiert in Interviews und Reportagen \u00fcber die Arbeit von Clubs, Jazzinitiativen und Festivals in Norddeutschland.<\/p>\n<p>22:30 bis 23:00 | hr2-kultur<br \/>\n<strong>Jazz Now: Aus dem Dschungel der Neuver\u00f6ffentlichungen \u2013 Am Mikrofon: Guenter Hottmann<\/strong><\/p>\n<p>22:30 bis 00:00 | WDR 3<br \/>\n<strong>WDR 3 Jazz &amp; World<\/strong><\/p>\n<p>23:05 bis 00:00 | BR-KLASSIK<br \/>\n<strong>Jazztime: Jazztoday<\/strong><\/p>\n<p style=\"padding-left: 40px;\">European Piano News: Henning Sieverts pr\u00e4sentiert aktuelle CDs des franz\u00f6sischen Pianisten Baptiste Trotignon, des britischen Pianisten und Kirchenorganisten Kit Downes sowie eine Solo-Klavier-CD des Luxemburgers Michel Reis.<\/p>\n<hr \/>\n<h2>17.12.2019<\/h2>\n<hr \/>\n<p>01:05 bis 05:00 | Deutschlandfunk Kultur<br \/>\n<strong>Tonart: Jazz \u2013 Moderation: Lothar J\u00e4nichen<\/strong><\/p>\n<p>17:50 bis 18:00 | SWR 2<br \/>\n<strong>SWR2 Jazz vor Sechs \u2013 Henry Mancini: \u201ePink Panther \u2013 Theme, Pink Panther\u201c (Film)<\/strong><\/p>\n<p>21:03 bis 22:00 | SWR 2<br \/>\n<strong>SWR2 Jazz Session: Holy Swing \u2013 Duke Ellingtons Sacred Concerts bei den BBC Proms 2019<\/strong><\/p>\n<p style=\"padding-left: 40px;\">Am Mikrofon: Thomas Loewner. \u201eDie wichtigste Sache, die ich je getan habe\u201c \u2013 so bezeichnete Duke Ellington seine Sacred Concerts. In den drei Konzerten, die er in der letzten Dekade vor seinem Tod im Jahr 1974 komponiert hat, verschmolz er Big-Band-Jazz, vom Broadway inspirierte Melodien und tief empfundene Spiritualit\u00e4t zu einer Musik, die tats\u00e4chlich auf all diesen drei Ebenen funktionierte. Bei den diesj\u00e4hrigen BBC Proms gab es Ausz\u00fcge aller drei Werke zu h\u00f6ren, und an diesem Abend Ende August gelang es den beteiligten K\u00fcnstlern, den Zauber von damals in die Gegenwart zu transportieren.<\/p>\n<p>21:05 bis 22:00 | Deutschlandfunk<br \/>\n<strong>Jazz Live: Dieter Ilg Trio<\/strong><\/p>\n<p style=\"padding-left: 40px;\">Dieter Ilg, Kontrabass; Patrice H\u00e9ral, Schlagzeug; Rainer B\u00f6hm, Klavier. Konzert im Rahmen der Dlf-Benefizreihe ,Grundton D\u2019 in Kooperation mit dem Rheingau Musik Festival. Aufnahme vom 19.8.2015 aus der Brentanoscheune in Oestrich-Winkel. Am Mikrofon: Jan Tengeler<\/p>\n<p style=\"padding-left: 40px;\">Das Trio des Bassisten Dieter Ilg ist f\u00fcr seine unkonventionellen Klassik-Adaptionen bekannt. Dabei scheut es nicht die Auseinandersetzung mit kompositorischen Schwergewichten. Neben Verdi, Wagner und Bach widmete es sich auch Ludwig van Beethoven. \u201eBeethoven wurde vor allen Dingen als improvisierender Pianist bekannt. Und was g\u00e4be es Sch\u00f6neres f\u00fcr einen Musiker wie mich, der sich im Jazz ausdr\u00fcckt, als Beethovens Musik wiederum als Improvisationsvorlage zu nehmen.\u201c So beschreibt Bassist Dieter Ilg seine Ann\u00e4herung an das Programm \u201aMein Beethoven\u2019. Der Titel betont, dass Ilgs Aneignung subjektiven Kriterien folgt \u2013 er interpretiert solche Melodien und harmonischen Versatzst\u00fccke des Komponisten-Genies, die ihn pers\u00f6nlich besonders ansprechen. Dabei stehen ihm mit Patrice Heral und Rainer B\u00f6hm zwei kenntnisreiche, spielfreudige und reaktionsschnelle Musiker zur Seite. Das Konzert des Dieter Ilg Trios fand im Rahmen der Deutschlandfunk-Benefizreihe ,Grundton D\u2019 in der historischen Brentanoscheune statt, einer nur wenige Jahre vor Beethovens Geburt erbauten ehemaligen Gerberei.<\/p>\n<p>22:00 bis 00:00 | Bremen Zwei<br \/>\n<strong>Jazz Grooves<\/strong><\/p>\n<p style=\"padding-left: 40px;\">Die ganze Welt des Jazz. Blue Note, Big Band, Neuerscheinungen und bekannte Stars \u2013 und Tipps zum Konzertgeschehen in Bremen und der Region.<\/p>\n<p>22:04 bis 00:00 | WDR 3<br \/>\n<strong>WDR 3 Jazz &amp; World<\/strong><\/p>\n<p>22:05 bis 23:00 | NDR Info<br \/>\n<strong>Play Jazz! Das Jazzmagazin \u2013 Mit Mauretta Heinzelmann<\/strong><\/p>\n<p>22:30 bis 23:00 | hr2-kultur<br \/>\n<strong>Jazzgroove: An den R\u00e4ndern des Jazz \u2013 Am Mikrofon: Guenter Hottmann<\/strong><\/p>\n<p>23:05 bis 00:00 | BR-KLASSIK<br \/>\n<strong>Jazztime: News &amp; Roots<\/strong><\/p>\n<p style=\"padding-left: 40px;\">Neues aus Bayern: Mit dem Pianisten Claus Raible, dem Gitarristen Geoff Goodman und mit dem Bassisten Johannes Ochsenbauer. Auswahl und Moderation: Henning Sieverts<\/p>\n<hr \/>\n<h2>18.12.2019<\/h2>\n<hr \/>\n<p>00:00 bis 05:50 | Bremen Zwei<br \/>\n<strong>Die Nacht<\/strong><\/p>\n<p>17:50 bis 18:00 | SWR 2<br \/>\n<strong>SWR2 Jazz vor Sechs \u2013 Brooks Bowman: \u201eEast of the sun (and west of the moon)\u201c<\/strong><\/p>\n<p>19:05 bis 20:00 | BR-KLASSIK<br \/>\n<strong>Classic Sounds in Jazz: Mit Feeling, ohne Lametta<\/strong><\/p>\n<p style=\"padding-left: 40px;\">Sounds vor dem Fest mit Erroll Garner, Eva Kruse, Jessye Norman und anderen. Moderation und Auswahl: Beatrix Gillmann<\/p>\n<p>22:04 bis 00:00 | WDR 3<br \/>\n<strong>WDR 3 Jazz &amp; World<\/strong><\/p>\n<p>22:05 bis 23:00 | NDR Info<br \/>\n<strong>Play Jazz! Das Jazzmagazin \u2013 Mit Mauretta Heinzelmann<\/strong><\/p>\n<p>22:30 bis 23:00 | hr2-kultur<br \/>\n<strong>Jazzfacts: What\u2019s going on? \u2013 Features, Interviews und was die Szene (um-)treibt<\/strong><\/p>\n<p>23:05 bis 00:00 | BR-KLASSIK<br \/>\n<strong>Jazztime: Jazz aus N\u00fcrnberg: Mostly Vocal \u2013 \u201eBillie, Bing, Tony und die anderen\u201c<\/strong><\/p>\n<p style=\"padding-left: 40px;\">Mit Aufnahmen von Tony Bennett, Bing Crosby, Billie Holiday und anderen. Moderation und Auswahl: Beatrix Gillmann.<\/p>\n<p style=\"padding-left: 40px;\">1915 kam Eleanora Fagan in einem Ghetto in Philadelphia zur Welt. Vor 60 Jahren, am 17. Juli 1959, starb sie als Billie Holiday in New York, 44 Jahre jung. Ihr kurzes, intensives Leben erz\u00e4hlt zahlreiche Geschichten \u2013 von Gewalt, M\u00e4nnern, Drogen und Gef\u00e4ngnis. Die S\u00e4ngerin litt zeitlebens unter Diskriminierung, die Musik spendete ihr Trost. Doch denselben Song zwei Abende hintereinander auf die gleiche Weise zu singen, das ertrage sie nicht, erz\u00e4hlte sie zusammen mit Autor William Dufty in ihrer Autobiographie \u201eLady sings the Blues\u201c. Elf Jahre j\u00fcnger als \u201eLady Day\u201c ist der S\u00e4nger und Entertainer Tony Bennett, dessen Familie urspr\u00fcnglich aus Kalabrien eingewandert war. Sein Vater, ein Gem\u00fcseh\u00e4ndler, starb, als Tony 10 Jahre alt war. Die Mutter verdiente mit N\u00e4hen den Lebensunterhalt f\u00fcr die drei Kinder. Ein Penny pro Kleid, zwei Kleider an guten Tagen, erz\u00e4hlte der Crooner im ZEIT-Interview. Ein K\u00fcnstlerleben mit H\u00f6hen und Tiefen lebt und lebte er \u2013 gepr\u00e4gt von Malerei und Musik. Mehr als 60 Jahre ist Tony Bennett im Gesch\u00e4ft, \u00fcber 50 Millionen Tontr\u00e4ger verkaufte er weltweit. Regelm\u00e4\u00dfig geht er auf Tour; inzwischen 93-j\u00e4hrig, in den Vereinigten Staaten, wie auch in Europa. Auch der amerikanische Saxophonist Charles Lloyd \u2013 er ist 81 \u2013 tourte mit Konzerten durch Europa und Deutschland. In diesem Sommer mit einer phantastischen Band, die aus zwei Generationen j\u00fcngeren Musikern bestand. Lloyd, der Meister der feinen T\u00f6ne \u2013 einer, der sich nicht in den Vordergrund spielt, sondern seinen musikalischen Partnern Raum gibt f\u00fcr solistische Einlagen.<\/p>\n<p style=\"padding-left: 40px;\">Vokaler Jazz heute in der Jazztime, sowie Interpreten, die das Singen auf dem Instrument verinnerlicht haben: \u201eBillie, Bing, Tony und die anderen\u201c mit Klassikern sowie\u00a0 bekannten Songs.<\/p>\n<hr \/>\n<h2>19.12.2019<\/h2>\n<hr \/>\n<p>17:50 bis 18:00 | SWR 2<br \/>\n<strong>SWR2 Jazz vor Sechs \u2013 Thomas \u201eFats\u201c Waller: \u201eSmashing thirds\u201c<\/strong><\/p>\n<p>21:05 bis 22:00 | Deutschlandfunk<br \/>\n<strong>JazzFacts: Eine Insel und der Rest der Welt \u2013 Der sardische Saxofonist und Komponist Enzo Favata<\/strong><\/p>\n<p style=\"padding-left: 40px;\">Von Karsten M\u00fctzelfeldt. Regionale Kl\u00e4nge, die archaisch anmuten, und eine Musik, die sich modern und weltoffen gibt: Auf Sardinien wird die Begegnung von Jahrhunderte alten Traditionen mit dem Jazz intensiv betrieben \u2013 vor allem von Enzo Favata. Das sardische Kulturerbe zu bewahren und es gleichzeitig mit fernen Klangquellen zu verschmelzen, ist eines seiner leidenschaftlich verfolgten Anliegen. Favata, in Alghero an der Nordwestk\u00fcste der Insel geboren, spielt neben Saxofonen und Klarinetten diverse ethnische Blasinstrumente und w\u00e4hnt sich auf Spurensuche, nicht nur in seiner Heimat. Manchmal klingt der S\u00fcdl\u00e4nder ausgesprochen nordisch und verweist flugs darauf, dass auch Sardiniens Topographie wie die norwegische Landschaft Einsamkeit, Schroffheit und Wildheit zu bieten habe. Seine Musik vereint zeitgen\u00f6ssischen Jazz, imagin\u00e4re Folklore, Minimalismus, Avantgarde und Soundscapes. Eine Schnittmenge, die Enzo Favata auch auf einem eigenen Jazzfestival pr\u00e4sentiert: ,Musica sulle Bocche\u2019, benannt nach der Bocche di Bonifacio, der Meerenge zwischen Korsika und Sardinien.<\/p>\n<p>22:04 bis 00:00 | WDR 3<br \/>\n<strong>WDR 3 Jazz &amp; World<\/strong><\/p>\n<p>22:05 bis 23:00 | NDR Info<br \/>\n<strong>Play Jazz! Das Jazzmagazin \u2013 Mit Mauretta Heinzelmann<\/strong><\/p>\n<p>22:30 bis 23:00 | hr2-kultur<br \/>\n<strong>Jazz Now: Aus dem Dschungel der Neuver\u00f6ffentlichungen \u2013 Am Mikrofon: Guenter Hottmann<\/strong><\/p>\n<p>23:03 bis 00:00 | SWR 2<br \/>\n<strong>SWR2 NOWJazz Session: In der Wunderkammer \u2013 Michael Wollny solo beim Jazzfestival Esslingen 2019<\/strong><\/p>\n<p style=\"padding-left: 40px;\">Michael Wollny geh\u00f6rt heute zu den f\u00fchrenden europ\u00e4ischen Jazzmusikern. Er sagt: \u201eEin Solokonzert ist f\u00fcr die intensivste Form mit der ich in einen Dialog mit einem Live-Publikum treten kann.\u201c Beim 5. Esslinger Jazzfestival stellte sich der 41-J\u00e4hrige in einer brillanten Performance dieser Herausforderung. Seine Improvisationen gleichen einer leidenschaftlichen Reise durch Wollnys \u201eBibliothek der Kl\u00e4nge\u201c, in deren Winkeln und labyrinthischen G\u00e4ngen man spannende Entdeckungen machen kann: zwischen Klassik, Rock und Jazz, zwischen Franz Schubert, der Folkgruppe The Watersons und Joachim K\u00fchn.<\/p>\n<p>23:05 bis 00:00 | BR-KLASSIK<br \/>\n<strong>Jazztime: All that Jazz \u2013 \u201ePlay yourself, man!\u201c<\/strong><\/p>\n<p style=\"padding-left: 40px;\">Gespr\u00e4ch mit Wolfram Knauer, Autor eines viel gefeierten Buchs \u00fcber die Geschichte des Jazz in Deutschland. Musikauswahl: Wolfram Knauer. Moderation: Roland Spiegel<\/p>\n<hr \/>\n<h2>20.12.2019<\/h2>\n<hr \/>\n<p>17:50 bis 18:00 | SWR 2<br \/>\n<strong>SWR2 Jazz vor Sechs \u2013 Robert Glasper, Casey Benjamin: \u201eNo one like you\u201c<\/strong><\/p>\n<p>20:04 bis 22:00 | WDR 3<br \/>\n<strong>WDR 3 Konzert live: Soundscapes \u2013 WDR Big Band, Arrangements, Saxofon und Leitung: Bob Mintzer<\/strong><\/p>\n<p style=\"padding-left: 40px;\">\u00dcbertragung aus der K\u00f6lner Philharmonie. Bob Mintzer ist f\u00fcr den Big-Band-Jazz eine pr\u00e4gende Pers\u00f6nlichkeit \u2013 und das seit vielen Jahrzehnten. Viele seiner Kompositionen z\u00e4hlen zum Standardrepertoire des zeitgen\u00f6ssischen Jazz.<\/p>\n<p style=\"padding-left: 40px;\">Bob Mintzer ist ein \u201eAllrounder\u201c in Sachen Jazz. Und dass er auch ein ausgezeichneter Saxofonist ist, hat er unter anderem in der Band von Buddy Rich und bei den \u201eYellowjackets\u201c bewiesen. Seit Herbst 2016 bringt der Amerikaner all seine Erfahrungen als Chefdirigent der WDR Big Band ein. Jetzt ist die Zeit reif f\u00fcr ein neues Programm, das Bob Mintzer exklusiv f\u00fcr seine Big Band geschrieben hat. Auch diesmal wird er wieder s\u00e4mtliche melodischen, harmonischen und dynamischen M\u00f6glichkeiten ausreizen, die sowohl die einzelnen Solistinnen und Solisten der WDR Big Band als auch das Kollektiv bieten.<\/p>\n<p>20.04 \u2013 22.00 | rbbKultur<br \/>\n<strong>Jazz Berlin: Jazzfest Berlin 1983 \u2013 Modern Jazz Quartet und Miles Davis Group<\/strong><\/p>\n<p style=\"padding-left: 40px;\">Nachdem das Modern Jazz Quartet am 28. Oktober 1983 den zweiten Festivalabend in der Philharmonie beendet hatte, ging es am Nachmittag des darauffolgenden Tages an gleicher Stelle weiter mit der Miles Davis Group. Das war es unter anderem, was das Jazzfest Berlin unter der k\u00fcnstlerischen Leitung von George Gruntz auszeichnete: Das Verfolgen und Aufzeigen neuer musikalischer Str\u00f6mungen im Jazz, die Pr\u00e4sentation der Jazz-Historie \u2013 verbunden mit der Einladung von Stars und Newcomern der internationalen Szene. Konzertaufnahmen vom 28. und 29. Oktober 1983, Philharmonie<\/p>\n<p>22:04 bis 00:00 | WDR 3<br \/>\n<strong>WDR 3 Jazz &amp; World<\/strong><\/p>\n<p>22:05 bis 23:00 | NDR Info<br \/>\n<strong>Jazz Special: Jazzcaf\u00e9 in Tokio \u2013 Mit Martin Tschechne<\/strong><\/p>\n<p>22:05 bis 22:50 | Deutschlandfunk<br \/>\n<strong>Milestones \u2013 Jazzklassiker: Chet Baker (1929-1988) \u2013 \u201eThe Last Great Concert. My Favourite Songs I &amp; II\u201c (1988)<\/strong><\/p>\n<p style=\"padding-left: 40px;\">Am Mikrofon: Michael Frank. \u201eNach Miles Davis hat kein Trompeter das Ph\u00e4nomen der Einsamkeit und der Trauer so bewegend eingefangen wie Chet Baker\u201c, schrieb J.E. Berendt einst in seinem Jazzbuch. Am 23. Dezember 2019 w\u00e4re Baker 90 Jahre alt geworden. R\u00fcckblickend wirkt das Timing fast schon unheimlich und die Musik wie ein Wunder: Jahrelang hat sich Kurt Giese vom NDR darum bem\u00fcht, Chet Baker in gro\u00dfem Rahmen zu pr\u00e4sentieren \u2013 nicht nur mit einer kleinen Jazzcombo, sondern auch mit Big Band und Sinfonieorchester. Endlich ist es so weit. Bakers Lieblingsst\u00fccke wurden eigens neu arrangiert. Das Konzert soll am 28. April 1988 im NDR-Funkhaus Hannover stattfinden. Zwei Tage gemeinsamer Proben der Orchester mit Baker sind geplant. Aber er verpasst die erste Probe und es gibt lediglich ein kurzes Anspiel am Nachmittag vor dem Konzert. Doch trotz jahrzehntelanger Abh\u00e4ngigkeit von Heroin und angeschlagener seelischer und k\u00f6rperlicher Gesundheit w\u00e4chst Baker an diesem Abend noch einmal \u00fcber sich hinaus. Die Sch\u00f6nheit seines weichen Tons und die Emotionalit\u00e4t seines gehauchten Gesangs ber\u00fchren zutiefst. Zwei Wochen und zwei Tage sp\u00e4ter st\u00fcrzt er aus nach wie vor ungekl\u00e4rten Gr\u00fcnden aus dem Fenster seines Zimmers in einem Amsterdamer Hotel zu Tode.<\/p>\n<p>22:30 bis 23:00 | hr2-kultur<br \/>\n<strong>Jazz Classics: Aufnahmen, die die Welt beweg(t)en <\/strong><\/p>\n<p style=\"padding-left: 40px;\">Heute mit: Nat \u201eKing\u201c Cole: Hittin\u2019 The Ramp \u2013 The Early Years (1936-1943), Resonance Records, 7-CD-Set (partly with unissued material)<\/p>\n<p>23:03 bis 00:00 | SWR 2<br \/>\n<strong>SWR2 NOWJazz: Am Zug von Norwegen bis S\u00fcdafrika \u2013 Aktuelle Musik von Posaunist*innen<\/strong><\/p>\n<p style=\"padding-left: 40px;\">Von Franziska Buhre. Haupteinsatzgebiet Adventmusik oder Brass Section in einer Big Band? Weit gefehlt. Denn heutige PosaunistInnen sind \u00e4u\u00dferst fantasievoll bei der Wahl ihrer musikalischen Komplizen. Und so erklingt die Posaune bei uns im Duo mit Vibrafon, zusammen mit Streichinstrumenten, auf H\u00f6henfl\u00fcgen durch Grooves oder kaum unterscheidbar von den Ger\u00e4uschen von Wind und Meer. Ein vorweihnachtlicher Streifzug durch die aktuelle Szene \u2013 mit jungen und erfahrenen Posaunist*innen.<\/p>\n<p>23:05 bis 00:00 | BR-KLASSIK<br \/>\n<strong>Jazztime: Jazz auf Reisen \u2013 Das Larry Goldings Trio beim 9. Birdland Radio Jazz Festival in Neuburg an der Donau<\/strong><\/p>\n<p style=\"padding-left: 40px;\">Aufnahme vom 21. November 2019 im Stadttheater Neuburg. Moderation und Auswahl: Roland Spiegel<\/p>\n<hr \/>\n<h2>21.12.2019<\/h2>\n<hr \/>\n<p>13:04 bis 15:00 | WDR 3<br \/>\n<strong>WDR 3 Pers\u00f6nlich mit G\u00f6tz Alsmann<\/strong><\/p>\n<p>17:50 bis 18:00 | SWR 2<br \/>\n<strong>SWR2 Jazz vor Sechs \u2013 Walter Donaldson: \u201eLove me or leave me\u201c aus<\/strong><\/p>\n<p>18:05 bis 19:00 | BR-KLASSIK<br \/>\n<strong>Jazz und mehr: \u201eHinter verzauberten Fenstern\u201c<\/strong><\/p>\n<p style=\"padding-left: 40px;\">Mit Aufnahmen von John Coltrane, Abdullah Ibrahim, Magdalena Kozen\u00e1 und anderen. Moderation und Auswahl: Beatrix Gillmann<\/p>\n<p>19:04 bis 20:00 | hr2-kultur<br \/>\n<strong>Live Jazz:azzahead! <\/strong><strong>Bremen 2019 | European Jazz Meeting<\/strong><\/p>\n<ul>\n<li>Johannes Bigge Trio<\/li>\n<li>Janning Trumann 6<\/li>\n<\/ul>\n<p>20:15 bis 21:00 | NDR Info<br \/>\n<strong>Jazz Klassiker: Blues In The Dark<\/strong><\/p>\n<p style=\"padding-left: 40px;\">Jazzaufnahmen f\u00fcr die Filme \u201eCotton Club\u201c, \u201eKansas City\u201c, \u201eNew York, New York\u201c und \u201eSweet And Lowdown\u201c. Mit Hans-J\u00fcrgen Schaal<\/p>\n<p>22:05 bis 23:00 | NDR Info<br \/>\n<strong>Jazz Konzert: Extradiversion<\/strong><\/p>\n<p style=\"padding-left: 40px;\">Anna-Lena Schnabel, Saxofon; Edward Perraud, Schlagzeug; Florian Weber, Klavier; Joachim Florent, Bass. NDR-Aufnahmen aus dem Rolf-Liebermann-Studio vom November 2019. Mit Heti Brunzel<\/p>\n<p>23.04 \u2013 24.00 | rbbKultur<br \/>\n<strong>Late Night Jazz: Liegengebliebenes 2019 \u2013 Musik nach H\u00f6rerw\u00fcnschen, Teil 1 <\/strong><\/p>\n<p style=\"padding-left: 40px;\">Auch in diesem Jahr gibt es wieder viel Liegengebliebenes. Vielleicht auch Musik. Vielleicht sogar Jazz. Jazz, den sie schon immer mal im Radio h\u00f6ren wollten. Heute und morgen haben sie die Chance dazu. Ihre W\u00fcnsche gehen per Post an Kulturradio, LATE NIGHT JAZZ, Masurenallee 8-14, 14057 Berlin oder per E-Mail an jazz@rbb-online.de; Stichwort \u201eLiegengebliebenes 2019\u201c. Sie schicken uns ihren Jazz-Wunsch. Wir schicken ihnen eine Jazz-CD.<\/p>\n<hr \/>\n<h2>22.12.2019<\/h2>\n<hr \/>\n<p>00:05 bis 02:00 | Bayern 2<br \/>\n<strong>radioJazznacht: Mit Peter Veit \u2013 Neues aus den Jazz-Charts<\/strong><\/p>\n<p>06:00 bis 08:00 | Bremen Zwei<br \/>\n<strong>Classical<\/strong><\/p>\n<p style=\"padding-left: 40px;\">Eine elegante Mischung aus Singer\/Songwriter, Jazz und Swing, Chansons und Klassik.<\/p>\n<p>19:04 bis 20:00 | hr2-kultur<br \/>\n<strong>hr-Bigband<\/strong><\/p>\n<p>Konzerte und Produktionen u.a. mit: \u201eJelly Roll Morton Orchestrated\u201c \u2013 hr-Bigband feat. Uri Caine, cond. &amp; arr. by J\u00f6rg Achim Keller, Studioproduktion, Frankfurt HF-Studio II, September 2012, Teil 2. Am Mikrofon: J\u00fcrgen Schwab<\/p>\n<p>19:33 bis 20:00 | SWR 2<br \/>\n<strong>SWR2 Jazz: Sweet And Charming \u2013 Sweet And Charming \u2013 Der Tenorsaxofonist Bud Freeman<\/strong><\/p>\n<p style=\"padding-left: 40px;\">von Gert Filtgen. Chicago in den Roaring Twenties: Im Lincoln Gardens begeisterten den jungen Bud Freeman die Auftritte von King Olivers Creole Jazzband. Bei dem Versuch, mit Freunden aus der Austin High School die Musik nachzuempfinden, entstand der \u00fcberwiegend von wei\u00dfen Musikern initiierte Chicago Jazz. Mit seiner innovativen Tenorsax-Konzeption, die mit der ungef\u00e4hr gleichaltriger Stars wie Coleman Hawkins und Lester Young mithalten konnte, erregte Freeman in den Big Bands von Tommy Dorsey und Benny Goodman Aufsehen. Noch charakteristischer sind Bud Freemans Soli in vielen eigenen Aufnahmen, beispielweise in seinem Summa Cum Laude Orchestra.<\/p>\n<p>20:04 bis 21:30 | SR2 KulturRadio<br \/>\n<strong>JazzNow: Jazz in den Ministerg\u00e4rten 2019<\/strong><\/p>\n<p style=\"padding-left: 40px;\">Quartett BoMania. Aufnahme vom 18. Oktober in der Landesvertretung Saarland in Berlin<\/p>\n<p>22:30 bis 23:00 | NDR Info<br \/>\n<strong>Jazz NDR Bigband: Pee Wee Ellis im Mojo Club \u2013 \u00a0Mit Claudia Schober<\/strong><\/p>\n<p>23.04 \u2013 24.00 | rbbKultur<br \/>\n<strong>Late Night Jazz: Liegengebliebenes 2019 \u2013 Musik nach H\u00f6rerw\u00fcnschen, Teil 2 <\/strong><\/p>\n<p style=\"padding-left: 40px;\">Auch in diesem Jahr gibt es wieder viel Liegengebliebenes. Vielleicht auch Musik. Vielleicht sogar Jazz. Jazz, den sie schon immer mal im Radio h\u00f6ren wollten. Heute haben sie noch einmal die Chance dazu. Ihre W\u00fcnsche gehen per Post an Kulturradio, LATE NIGHT JAZZ, Masurenallee 8-14, 14057 Berlin oder per E-Mail an jazz@rbb-online.de; Stichwort \u201eLiegengebliebenes 2019\u201c.<\/p>\n","protected":false},"excerpt":{"rendered":"<p>Ein kleiner Blick in die Jazzwoche 51 im Radio. Die \u00dcbersicht zum Download als PDF. Alle Angaben ohne Gew\u00e4hr. Jazz im Radio (Fernsehen) SR2 \u2013 JazzNow \u2013 Sonntags von 20.04 bis 22.30 Uhr BR-KLASSIK \u2013 Jazztime \u2013 Von Montag bis Freitag t\u00e4glich um 23.05 Uhr rbb-kultur \u2013 Late Night Jazz \u2013 Sa und So 23:04 \u2013 24:00 Uhr hr2-kultur \u2013 Jazz in hr2-kultur \u2013 t\u00e4glich SWR2 \u2013 Jazz \u2013 t\u00e4glich Deutschlandfunk \u2013 Jazz (\u00dcberblick) \u2013 Jazz Live, JazzFacts und Milestones Deutschlandfunk Kultur \u2013 Jazz \u2013 diverse Sendetermine \u00d61 \u2013 diverse Sendetermine ARTE TV \u2013 Jazz Periodika: Dauersendungen ohne gen\u00fcgend Infos \u2013 Tagesbegleitradio NDR Info \u2013 Play Jazz! Das Jazzmagazin 22:20 bis 23:00 MDR Kultur \u2013 Jazz 19:05 bis 20:00 MDR Kultur \u2013Jazz Lounge 19:35 bis 20:00 WDR3 \u2013 Jazz &amp; World \u2013 Improvisiertes zum Tagesausklang \u2013 Montag bis Freitag, 22.04 \u2013 0:00 Uhr WDR 3 Pers\u00f6nlich mit G\u00f6tz Alsmann 13:04 bis 15:00 (Samstags) 16.12.2019 17:50 bis 18:00 | SWR 2 SWR2 Jazz vor Sechs \u2013 Herbie Hancock: \u201eDriftin\u2019\u201c 19:04 bis 20:00 | hr2-kultur H\u00f6rbar 22:05 bis 23:00 | NDR Info Play Jazz! Das Jazzmagazin \u2013 &hellip;<\/p>\n","protected":false},"author":1,"featured_media":18913,"comment_status":"open","ping_status":"closed","sticky":false,"template":"","format":"standard","meta":{"_jetpack_memberships_contains_paid_content":false,"footnotes":"","jetpack_publicize_message":"","jetpack_publicize_feature_enabled":true,"jetpack_social_post_already_shared":false,"jetpack_social_options":{"image_generator_settings":{"template":"highway","default_image_id":0,"font":"","enabled":false},"version":2}},"categories":[633,452],"tags":[1629],"coauthors":[650],"class_list":["post-21538","post","type-post","status-publish","format-standard","has-post-thumbnail","hentry","category-nachrichten","category-radio","tag-jazz-im-radio"],"yoast_head":"<!-- This site is optimized with the Yoast SEO plugin v27.5 - https:\/\/yoast.com\/product\/yoast-seo-wordpress\/ -->\n<title>Die Jazz-Radiowoche vom 16.12.19 bis 22.12.2019 - JazzZeitung<\/title>\n<meta name=\"robots\" content=\"index, follow, max-snippet:-1, max-image-preview:large, max-video-preview:-1\" \/>\n<link rel=\"canonical\" href=\"https:\/\/www.jazzzeitung.de\/cms\/2019\/12\/die-jazz-radiowoche-vom-16-12-19-bis-22-12-2019\/\" \/>\n<meta property=\"og:locale\" content=\"de_DE\" \/>\n<meta property=\"og:type\" content=\"article\" \/>\n<meta property=\"og:title\" content=\"Die Jazz-Radiowoche vom 16.12.19 bis 22.12.2019 - JazzZeitung\" \/>\n<meta property=\"og:description\" content=\"Ein kleiner Blick in die Jazzwoche 51 im Radio. Die \u00dcbersicht zum Download als PDF. Alle Angaben ohne Gew\u00e4hr. Jazz im Radio (Fernsehen) SR2 \u2013 JazzNow \u2013 Sonntags von 20.04 bis 22.30 Uhr BR-KLASSIK \u2013 Jazztime \u2013 Von Montag bis Freitag t\u00e4glich um 23.05 Uhr rbb-kultur \u2013 Late Night Jazz \u2013 Sa und So 23:04 \u2013 24:00 Uhr hr2-kultur \u2013 Jazz in hr2-kultur \u2013 t\u00e4glich SWR2 \u2013 Jazz \u2013 t\u00e4glich Deutschlandfunk \u2013 Jazz (\u00dcberblick) \u2013 Jazz Live, JazzFacts und Milestones Deutschlandfunk Kultur \u2013 Jazz \u2013 diverse Sendetermine \u00d61 \u2013 diverse Sendetermine ARTE TV \u2013 Jazz Periodika: Dauersendungen ohne gen\u00fcgend Infos \u2013 Tagesbegleitradio NDR Info \u2013 Play Jazz! Das Jazzmagazin 22:20 bis 23:00 MDR Kultur \u2013 Jazz 19:05 bis 20:00 MDR Kultur \u2013Jazz Lounge 19:35 bis 20:00 WDR3 \u2013 Jazz &amp; World \u2013 Improvisiertes zum Tagesausklang \u2013 Montag bis Freitag, 22.04 \u2013 0:00 Uhr WDR 3 Pers\u00f6nlich mit G\u00f6tz Alsmann 13:04 bis 15:00 (Samstags) 16.12.2019 17:50 bis 18:00 | SWR 2 SWR2 Jazz vor Sechs \u2013 Herbie Hancock: \u201eDriftin\u2019\u201c 19:04 bis 20:00 | hr2-kultur H\u00f6rbar 22:05 bis 23:00 | NDR Info Play Jazz! Das Jazzmagazin \u2013 &hellip;\" \/>\n<meta property=\"og:url\" content=\"https:\/\/www.jazzzeitung.de\/cms\/2019\/12\/die-jazz-radiowoche-vom-16-12-19-bis-22-12-2019\/\" \/>\n<meta property=\"og:site_name\" content=\"JazzZeitung\" \/>\n<meta property=\"article:publisher\" content=\"https:\/\/www.facebook.com\/JazzZeitung\/\" \/>\n<meta property=\"article:author\" content=\"https:\/\/www.facebook.com\/hufner\" \/>\n<meta property=\"article:published_time\" content=\"2019-12-15T11:00:52+00:00\" \/>\n<meta property=\"og:image\" content=\"https:\/\/i0.wp.com\/www.jazzzeitung.de\/cms\/wp-content\/uploads\/2019\/03\/jazz_im_radio.jpg?fit=2200%2C1417&ssl=1\" \/>\n\t<meta property=\"og:image:width\" content=\"2200\" \/>\n\t<meta property=\"og:image:height\" content=\"1417\" \/>\n\t<meta property=\"og:image:type\" content=\"image\/jpeg\" \/>\n<meta name=\"author\" content=\"Martin Hufner\" \/>\n<script type=\"application\/ld+json\" class=\"yoast-schema-graph\">{\"@context\":\"https:\\\/\\\/schema.org\",\"@graph\":[{\"@type\":\"Article\",\"@id\":\"https:\\\/\\\/www.jazzzeitung.de\\\/cms\\\/2019\\\/12\\\/die-jazz-radiowoche-vom-16-12-19-bis-22-12-2019\\\/#article\",\"isPartOf\":{\"@id\":\"https:\\\/\\\/www.jazzzeitung.de\\\/cms\\\/2019\\\/12\\\/die-jazz-radiowoche-vom-16-12-19-bis-22-12-2019\\\/\"},\"author\":{\"name\":\"Martin Hufner\",\"@id\":\"https:\\\/\\\/www.jazzzeitung.de\\\/cms\\\/#\\\/schema\\\/person\\\/b9a4e5ac765d94fb8f617bfa8f1fc5f7\"},\"headline\":\"Die Jazz-Radiowoche vom 16.12.19 bis 22.12.2019\",\"datePublished\":\"2019-12-15T11:00:52+00:00\",\"mainEntityOfPage\":{\"@id\":\"https:\\\/\\\/www.jazzzeitung.de\\\/cms\\\/2019\\\/12\\\/die-jazz-radiowoche-vom-16-12-19-bis-22-12-2019\\\/\"},\"wordCount\":2561,\"commentCount\":0,\"publisher\":{\"@id\":\"https:\\\/\\\/www.jazzzeitung.de\\\/cms\\\/#organization\"},\"image\":{\"@id\":\"https:\\\/\\\/www.jazzzeitung.de\\\/cms\\\/2019\\\/12\\\/die-jazz-radiowoche-vom-16-12-19-bis-22-12-2019\\\/#primaryimage\"},\"thumbnailUrl\":\"https:\\\/\\\/i0.wp.com\\\/www.jazzzeitung.de\\\/cms\\\/wp-content\\\/uploads\\\/2019\\\/03\\\/jazz_im_radio.jpg?fit=2200%2C1417&ssl=1\",\"keywords\":[\"Jazz im Radio\"],\"articleSection\":[\"News\",\"Radio\"],\"inLanguage\":\"de\",\"potentialAction\":[{\"@type\":\"CommentAction\",\"name\":\"Comment\",\"target\":[\"https:\\\/\\\/www.jazzzeitung.de\\\/cms\\\/2019\\\/12\\\/die-jazz-radiowoche-vom-16-12-19-bis-22-12-2019\\\/#respond\"]}]},{\"@type\":\"WebPage\",\"@id\":\"https:\\\/\\\/www.jazzzeitung.de\\\/cms\\\/2019\\\/12\\\/die-jazz-radiowoche-vom-16-12-19-bis-22-12-2019\\\/\",\"url\":\"https:\\\/\\\/www.jazzzeitung.de\\\/cms\\\/2019\\\/12\\\/die-jazz-radiowoche-vom-16-12-19-bis-22-12-2019\\\/\",\"name\":\"Die Jazz-Radiowoche vom 16.12.19 bis 22.12.2019 - JazzZeitung\",\"isPartOf\":{\"@id\":\"https:\\\/\\\/www.jazzzeitung.de\\\/cms\\\/#website\"},\"primaryImageOfPage\":{\"@id\":\"https:\\\/\\\/www.jazzzeitung.de\\\/cms\\\/2019\\\/12\\\/die-jazz-radiowoche-vom-16-12-19-bis-22-12-2019\\\/#primaryimage\"},\"image\":{\"@id\":\"https:\\\/\\\/www.jazzzeitung.de\\\/cms\\\/2019\\\/12\\\/die-jazz-radiowoche-vom-16-12-19-bis-22-12-2019\\\/#primaryimage\"},\"thumbnailUrl\":\"https:\\\/\\\/i0.wp.com\\\/www.jazzzeitung.de\\\/cms\\\/wp-content\\\/uploads\\\/2019\\\/03\\\/jazz_im_radio.jpg?fit=2200%2C1417&ssl=1\",\"datePublished\":\"2019-12-15T11:00:52+00:00\",\"breadcrumb\":{\"@id\":\"https:\\\/\\\/www.jazzzeitung.de\\\/cms\\\/2019\\\/12\\\/die-jazz-radiowoche-vom-16-12-19-bis-22-12-2019\\\/#breadcrumb\"},\"inLanguage\":\"de\",\"potentialAction\":[{\"@type\":\"ReadAction\",\"target\":[\"https:\\\/\\\/www.jazzzeitung.de\\\/cms\\\/2019\\\/12\\\/die-jazz-radiowoche-vom-16-12-19-bis-22-12-2019\\\/\"]}]},{\"@type\":\"ImageObject\",\"inLanguage\":\"de\",\"@id\":\"https:\\\/\\\/www.jazzzeitung.de\\\/cms\\\/2019\\\/12\\\/die-jazz-radiowoche-vom-16-12-19-bis-22-12-2019\\\/#primaryimage\",\"url\":\"https:\\\/\\\/i0.wp.com\\\/www.jazzzeitung.de\\\/cms\\\/wp-content\\\/uploads\\\/2019\\\/03\\\/jazz_im_radio.jpg?fit=2200%2C1417&ssl=1\",\"contentUrl\":\"https:\\\/\\\/i0.wp.com\\\/www.jazzzeitung.de\\\/cms\\\/wp-content\\\/uploads\\\/2019\\\/03\\\/jazz_im_radio.jpg?fit=2200%2C1417&ssl=1\",\"width\":2200,\"height\":1417,\"caption\":\"Jazz im Radio. Foto: Hufner\"},{\"@type\":\"BreadcrumbList\",\"@id\":\"https:\\\/\\\/www.jazzzeitung.de\\\/cms\\\/2019\\\/12\\\/die-jazz-radiowoche-vom-16-12-19-bis-22-12-2019\\\/#breadcrumb\",\"itemListElement\":[{\"@type\":\"ListItem\",\"position\":1,\"name\":\"Startseite\",\"item\":\"https:\\\/\\\/www.jazzzeitung.de\\\/cms\\\/\"},{\"@type\":\"ListItem\",\"position\":2,\"name\":\"Die Jazz-Radiowoche vom 16.12.19 bis 22.12.2019\"}]},{\"@type\":\"WebSite\",\"@id\":\"https:\\\/\\\/www.jazzzeitung.de\\\/cms\\\/#website\",\"url\":\"https:\\\/\\\/www.jazzzeitung.de\\\/cms\\\/\",\"name\":\"JazzZeitung\",\"description\":\"Jazz-News und Jazz-Kontroverses\",\"publisher\":{\"@id\":\"https:\\\/\\\/www.jazzzeitung.de\\\/cms\\\/#organization\"},\"potentialAction\":[{\"@type\":\"SearchAction\",\"target\":{\"@type\":\"EntryPoint\",\"urlTemplate\":\"https:\\\/\\\/www.jazzzeitung.de\\\/cms\\\/?s={search_term_string}\"},\"query-input\":{\"@type\":\"PropertyValueSpecification\",\"valueRequired\":true,\"valueName\":\"search_term_string\"}}],\"inLanguage\":\"de\"},{\"@type\":\"Organization\",\"@id\":\"https:\\\/\\\/www.jazzzeitung.de\\\/cms\\\/#organization\",\"name\":\"JazzZeitung online\",\"url\":\"https:\\\/\\\/www.jazzzeitung.de\\\/cms\\\/\",\"logo\":{\"@type\":\"ImageObject\",\"inLanguage\":\"de\",\"@id\":\"https:\\\/\\\/www.jazzzeitung.de\\\/cms\\\/#\\\/schema\\\/logo\\\/image\\\/\",\"url\":\"https:\\\/\\\/i0.wp.com\\\/www.jazzzeitung.de\\\/cms\\\/wp-content\\\/uploads\\\/2015\\\/08\\\/JAZZZEITUNGDE_Logo_Neu.png?fit=499%2C200&ssl=1\",\"contentUrl\":\"https:\\\/\\\/i0.wp.com\\\/www.jazzzeitung.de\\\/cms\\\/wp-content\\\/uploads\\\/2015\\\/08\\\/JAZZZEITUNGDE_Logo_Neu.png?fit=499%2C200&ssl=1\",\"width\":499,\"height\":200,\"caption\":\"JazzZeitung online\"},\"image\":{\"@id\":\"https:\\\/\\\/www.jazzzeitung.de\\\/cms\\\/#\\\/schema\\\/logo\\\/image\\\/\"},\"sameAs\":[\"https:\\\/\\\/www.facebook.com\\\/JazzZeitung\\\/\"]},{\"@type\":\"Person\",\"@id\":\"https:\\\/\\\/www.jazzzeitung.de\\\/cms\\\/#\\\/schema\\\/person\\\/b9a4e5ac765d94fb8f617bfa8f1fc5f7\",\"name\":\"Martin Hufner\",\"image\":{\"@type\":\"ImageObject\",\"inLanguage\":\"de\",\"@id\":\"https:\\\/\\\/i0.wp.com\\\/www.jazzzeitung.de\\\/cms\\\/wp-content\\\/uploads\\\/2013\\\/07\\\/huf-06.jpg?resize=96%2C96&ssl=15fcc31aa94540751a3b804516452be00\",\"url\":\"https:\\\/\\\/i0.wp.com\\\/www.jazzzeitung.de\\\/cms\\\/wp-content\\\/uploads\\\/2013\\\/07\\\/huf-06.jpg?resize=96%2C96&ssl=1\",\"contentUrl\":\"https:\\\/\\\/i0.wp.com\\\/www.jazzzeitung.de\\\/cms\\\/wp-content\\\/uploads\\\/2013\\\/07\\\/huf-06.jpg?resize=96%2C96&ssl=1\",\"caption\":\"Martin Hufner\"},\"description\":\"Martin Hufner ist freier Autor der JazzZeitung.\",\"sameAs\":[\"https:\\\/\\\/www.kritische-masse.de\\\/logbuch\",\"https:\\\/\\\/www.facebook.com\\\/hufner\"],\"url\":\"https:\\\/\\\/www.jazzzeitung.de\\\/cms\\\/author\\\/admin\\\/\"}]}<\/script>\n<!-- \/ Yoast SEO plugin. -->","yoast_head_json":{"title":"Die Jazz-Radiowoche vom 16.12.19 bis 22.12.2019 - JazzZeitung","robots":{"index":"index","follow":"follow","max-snippet":"max-snippet:-1","max-image-preview":"max-image-preview:large","max-video-preview":"max-video-preview:-1"},"canonical":"https:\/\/www.jazzzeitung.de\/cms\/2019\/12\/die-jazz-radiowoche-vom-16-12-19-bis-22-12-2019\/","og_locale":"de_DE","og_type":"article","og_title":"Die Jazz-Radiowoche vom 16.12.19 bis 22.12.2019 - JazzZeitung","og_description":"Ein kleiner Blick in die Jazzwoche 51 im Radio. Die \u00dcbersicht zum Download als PDF. Alle Angaben ohne Gew\u00e4hr. Jazz im Radio (Fernsehen) SR2 \u2013 JazzNow \u2013 Sonntags von 20.04 bis 22.30 Uhr BR-KLASSIK \u2013 Jazztime \u2013 Von Montag bis Freitag t\u00e4glich um 23.05 Uhr rbb-kultur \u2013 Late Night Jazz \u2013 Sa und So 23:04 \u2013 24:00 Uhr hr2-kultur \u2013 Jazz in hr2-kultur \u2013 t\u00e4glich SWR2 \u2013 Jazz \u2013 t\u00e4glich Deutschlandfunk \u2013 Jazz (\u00dcberblick) \u2013 Jazz Live, JazzFacts und Milestones Deutschlandfunk Kultur \u2013 Jazz \u2013 diverse Sendetermine \u00d61 \u2013 diverse Sendetermine ARTE TV \u2013 Jazz Periodika: Dauersendungen ohne gen\u00fcgend Infos \u2013 Tagesbegleitradio NDR Info \u2013 Play Jazz! Das Jazzmagazin 22:20 bis 23:00 MDR Kultur \u2013 Jazz 19:05 bis 20:00 MDR Kultur \u2013Jazz Lounge 19:35 bis 20:00 WDR3 \u2013 Jazz &amp; World \u2013 Improvisiertes zum Tagesausklang \u2013 Montag bis Freitag, 22.04 \u2013 0:00 Uhr WDR 3 Pers\u00f6nlich mit G\u00f6tz Alsmann 13:04 bis 15:00 (Samstags) 16.12.2019 17:50 bis 18:00 | SWR 2 SWR2 Jazz vor Sechs \u2013 Herbie Hancock: \u201eDriftin\u2019\u201c 19:04 bis 20:00 | hr2-kultur H\u00f6rbar 22:05 bis 23:00 | NDR Info Play Jazz! Das Jazzmagazin \u2013 &hellip;","og_url":"https:\/\/www.jazzzeitung.de\/cms\/2019\/12\/die-jazz-radiowoche-vom-16-12-19-bis-22-12-2019\/","og_site_name":"JazzZeitung","article_publisher":"https:\/\/www.facebook.com\/JazzZeitung\/","article_author":"https:\/\/www.facebook.com\/hufner","article_published_time":"2019-12-15T11:00:52+00:00","og_image":[{"width":2200,"height":1417,"url":"https:\/\/i0.wp.com\/www.jazzzeitung.de\/cms\/wp-content\/uploads\/2019\/03\/jazz_im_radio.jpg?fit=2200%2C1417&ssl=1","type":"image\/jpeg"}],"author":"Martin Hufner","schema":{"@context":"https:\/\/schema.org","@graph":[{"@type":"Article","@id":"https:\/\/www.jazzzeitung.de\/cms\/2019\/12\/die-jazz-radiowoche-vom-16-12-19-bis-22-12-2019\/#article","isPartOf":{"@id":"https:\/\/www.jazzzeitung.de\/cms\/2019\/12\/die-jazz-radiowoche-vom-16-12-19-bis-22-12-2019\/"},"author":{"name":"Martin Hufner","@id":"https:\/\/www.jazzzeitung.de\/cms\/#\/schema\/person\/b9a4e5ac765d94fb8f617bfa8f1fc5f7"},"headline":"Die Jazz-Radiowoche vom 16.12.19 bis 22.12.2019","datePublished":"2019-12-15T11:00:52+00:00","mainEntityOfPage":{"@id":"https:\/\/www.jazzzeitung.de\/cms\/2019\/12\/die-jazz-radiowoche-vom-16-12-19-bis-22-12-2019\/"},"wordCount":2561,"commentCount":0,"publisher":{"@id":"https:\/\/www.jazzzeitung.de\/cms\/#organization"},"image":{"@id":"https:\/\/www.jazzzeitung.de\/cms\/2019\/12\/die-jazz-radiowoche-vom-16-12-19-bis-22-12-2019\/#primaryimage"},"thumbnailUrl":"https:\/\/i0.wp.com\/www.jazzzeitung.de\/cms\/wp-content\/uploads\/2019\/03\/jazz_im_radio.jpg?fit=2200%2C1417&ssl=1","keywords":["Jazz im Radio"],"articleSection":["News","Radio"],"inLanguage":"de","potentialAction":[{"@type":"CommentAction","name":"Comment","target":["https:\/\/www.jazzzeitung.de\/cms\/2019\/12\/die-jazz-radiowoche-vom-16-12-19-bis-22-12-2019\/#respond"]}]},{"@type":"WebPage","@id":"https:\/\/www.jazzzeitung.de\/cms\/2019\/12\/die-jazz-radiowoche-vom-16-12-19-bis-22-12-2019\/","url":"https:\/\/www.jazzzeitung.de\/cms\/2019\/12\/die-jazz-radiowoche-vom-16-12-19-bis-22-12-2019\/","name":"Die Jazz-Radiowoche vom 16.12.19 bis 22.12.2019 - JazzZeitung","isPartOf":{"@id":"https:\/\/www.jazzzeitung.de\/cms\/#website"},"primaryImageOfPage":{"@id":"https:\/\/www.jazzzeitung.de\/cms\/2019\/12\/die-jazz-radiowoche-vom-16-12-19-bis-22-12-2019\/#primaryimage"},"image":{"@id":"https:\/\/www.jazzzeitung.de\/cms\/2019\/12\/die-jazz-radiowoche-vom-16-12-19-bis-22-12-2019\/#primaryimage"},"thumbnailUrl":"https:\/\/i0.wp.com\/www.jazzzeitung.de\/cms\/wp-content\/uploads\/2019\/03\/jazz_im_radio.jpg?fit=2200%2C1417&ssl=1","datePublished":"2019-12-15T11:00:52+00:00","breadcrumb":{"@id":"https:\/\/www.jazzzeitung.de\/cms\/2019\/12\/die-jazz-radiowoche-vom-16-12-19-bis-22-12-2019\/#breadcrumb"},"inLanguage":"de","potentialAction":[{"@type":"ReadAction","target":["https:\/\/www.jazzzeitung.de\/cms\/2019\/12\/die-jazz-radiowoche-vom-16-12-19-bis-22-12-2019\/"]}]},{"@type":"ImageObject","inLanguage":"de","@id":"https:\/\/www.jazzzeitung.de\/cms\/2019\/12\/die-jazz-radiowoche-vom-16-12-19-bis-22-12-2019\/#primaryimage","url":"https:\/\/i0.wp.com\/www.jazzzeitung.de\/cms\/wp-content\/uploads\/2019\/03\/jazz_im_radio.jpg?fit=2200%2C1417&ssl=1","contentUrl":"https:\/\/i0.wp.com\/www.jazzzeitung.de\/cms\/wp-content\/uploads\/2019\/03\/jazz_im_radio.jpg?fit=2200%2C1417&ssl=1","width":2200,"height":1417,"caption":"Jazz im Radio. Foto: Hufner"},{"@type":"BreadcrumbList","@id":"https:\/\/www.jazzzeitung.de\/cms\/2019\/12\/die-jazz-radiowoche-vom-16-12-19-bis-22-12-2019\/#breadcrumb","itemListElement":[{"@type":"ListItem","position":1,"name":"Startseite","item":"https:\/\/www.jazzzeitung.de\/cms\/"},{"@type":"ListItem","position":2,"name":"Die Jazz-Radiowoche vom 16.12.19 bis 22.12.2019"}]},{"@type":"WebSite","@id":"https:\/\/www.jazzzeitung.de\/cms\/#website","url":"https:\/\/www.jazzzeitung.de\/cms\/","name":"JazzZeitung","description":"Jazz-News und Jazz-Kontroverses","publisher":{"@id":"https:\/\/www.jazzzeitung.de\/cms\/#organization"},"potentialAction":[{"@type":"SearchAction","target":{"@type":"EntryPoint","urlTemplate":"https:\/\/www.jazzzeitung.de\/cms\/?s={search_term_string}"},"query-input":{"@type":"PropertyValueSpecification","valueRequired":true,"valueName":"search_term_string"}}],"inLanguage":"de"},{"@type":"Organization","@id":"https:\/\/www.jazzzeitung.de\/cms\/#organization","name":"JazzZeitung online","url":"https:\/\/www.jazzzeitung.de\/cms\/","logo":{"@type":"ImageObject","inLanguage":"de","@id":"https:\/\/www.jazzzeitung.de\/cms\/#\/schema\/logo\/image\/","url":"https:\/\/i0.wp.com\/www.jazzzeitung.de\/cms\/wp-content\/uploads\/2015\/08\/JAZZZEITUNGDE_Logo_Neu.png?fit=499%2C200&ssl=1","contentUrl":"https:\/\/i0.wp.com\/www.jazzzeitung.de\/cms\/wp-content\/uploads\/2015\/08\/JAZZZEITUNGDE_Logo_Neu.png?fit=499%2C200&ssl=1","width":499,"height":200,"caption":"JazzZeitung online"},"image":{"@id":"https:\/\/www.jazzzeitung.de\/cms\/#\/schema\/logo\/image\/"},"sameAs":["https:\/\/www.facebook.com\/JazzZeitung\/"]},{"@type":"Person","@id":"https:\/\/www.jazzzeitung.de\/cms\/#\/schema\/person\/b9a4e5ac765d94fb8f617bfa8f1fc5f7","name":"Martin Hufner","image":{"@type":"ImageObject","inLanguage":"de","@id":"https:\/\/i0.wp.com\/www.jazzzeitung.de\/cms\/wp-content\/uploads\/2013\/07\/huf-06.jpg?resize=96%2C96&ssl=15fcc31aa94540751a3b804516452be00","url":"https:\/\/i0.wp.com\/www.jazzzeitung.de\/cms\/wp-content\/uploads\/2013\/07\/huf-06.jpg?resize=96%2C96&ssl=1","contentUrl":"https:\/\/i0.wp.com\/www.jazzzeitung.de\/cms\/wp-content\/uploads\/2013\/07\/huf-06.jpg?resize=96%2C96&ssl=1","caption":"Martin Hufner"},"description":"Martin Hufner ist freier Autor der JazzZeitung.","sameAs":["https:\/\/www.kritische-masse.de\/logbuch","https:\/\/www.facebook.com\/hufner"],"url":"https:\/\/www.jazzzeitung.de\/cms\/author\/admin\/"}]}},"wp-worthy-pixel":{"ignored":true,"public":null,"server":null,"url":null},"wp-worthy-type":"normal","jetpack_publicize_connections":[],"cc_featured_image_caption":{"caption_text":"Jazz im Radio","source_text":"Motiv: Foto: Hufner","source_url":"https:\/\/www.musikkritik.org"},"jetpack_featured_media_url":"https:\/\/i0.wp.com\/www.jazzzeitung.de\/cms\/wp-content\/uploads\/2019\/03\/jazz_im_radio.jpg?fit=2200%2C1417&ssl=1","jetpack_shortlink":"https:\/\/wp.me\/p3KEcT-5Bo","jetpack-related-posts":[{"id":22236,"url":"https:\/\/www.jazzzeitung.de\/cms\/2020\/03\/die-jazz-radiowoche-vom-30-03-20-bis-05-04-20\/","url_meta":{"origin":21538,"position":0},"title":"Die Jazz-Radiowoche vom 30.03.20 bis 05.04.20","author":"Martin Hufner","date":"29. M\u00e4rz 2020","format":false,"excerpt":"Ein kleiner Blick in die Jazzwoche 14 im Radio. Alle Angaben ohne Gew\u00e4hr. Jazz im Radio (Fernsehen) SR2 \u2013 JazzNow \u2013 Sonntags von 20.04 bis 22.30 Uhr BR-KLASSIK \u2013 Jazztime \u2013 Von Montag bis Freitag t\u00e4glich um 23.05 Uhr rbb-kultur \u2013 Late Night Jazz \u2013 Sa und So 23:04 \u2013\u2026","rel":"","context":"In &quot;News&quot;","block_context":{"text":"News","link":"https:\/\/www.jazzzeitung.de\/cms\/thema\/nachrichten\/"},"img":{"alt_text":"Jazz im Radio. Foto: Hufner","src":"https:\/\/i0.wp.com\/www.jazzzeitung.de\/cms\/wp-content\/uploads\/2019\/03\/jazz_im_radio.jpg?fit=1200%2C773&ssl=1&resize=350%2C200","width":350,"height":200,"srcset":"https:\/\/i0.wp.com\/www.jazzzeitung.de\/cms\/wp-content\/uploads\/2019\/03\/jazz_im_radio.jpg?fit=1200%2C773&ssl=1&resize=350%2C200 1x, https:\/\/i0.wp.com\/www.jazzzeitung.de\/cms\/wp-content\/uploads\/2019\/03\/jazz_im_radio.jpg?fit=1200%2C773&ssl=1&resize=525%2C300 1.5x, https:\/\/i0.wp.com\/www.jazzzeitung.de\/cms\/wp-content\/uploads\/2019\/03\/jazz_im_radio.jpg?fit=1200%2C773&ssl=1&resize=700%2C400 2x, https:\/\/i0.wp.com\/www.jazzzeitung.de\/cms\/wp-content\/uploads\/2019\/03\/jazz_im_radio.jpg?fit=1200%2C773&ssl=1&resize=1050%2C600 3x"},"classes":[]},{"id":23982,"url":"https:\/\/www.jazzzeitung.de\/cms\/2020\/12\/die-jazz-radiowoche-vom-14-12-20-bis-31-12-2020\/","url_meta":{"origin":21538,"position":1},"title":"Die Jazz-Radiowoche vom 14.12.20 bis 31.12.2020","author":"Martin Hufner","date":"13. Dezember 2020","format":false,"excerpt":"Ein kleiner Blick in Restmonat. Die Suchmaschine der ARD hat ihren Dienst am 7.12.2020 eingestellt. Nachfragen haben nur gezeigt, dass die Veranwortlichen kein Interesse daran haben, das zu kommunizieren. Weder ist herauszubekommen, wer das veranlasst hat noch warum. Danke ARD! F\u00fcr nichts. Jetzt schauen wir mal, wie es weiter geht.\u2026","rel":"","context":"In &quot;News&quot;","block_context":{"text":"News","link":"https:\/\/www.jazzzeitung.de\/cms\/thema\/nachrichten\/"},"img":{"alt_text":"Jazz im Radio. Foto: Hufner","src":"https:\/\/i0.wp.com\/www.jazzzeitung.de\/cms\/wp-content\/uploads\/2019\/03\/jazz_im_radio.jpg?fit=1200%2C773&ssl=1&resize=350%2C200","width":350,"height":200,"srcset":"https:\/\/i0.wp.com\/www.jazzzeitung.de\/cms\/wp-content\/uploads\/2019\/03\/jazz_im_radio.jpg?fit=1200%2C773&ssl=1&resize=350%2C200 1x, https:\/\/i0.wp.com\/www.jazzzeitung.de\/cms\/wp-content\/uploads\/2019\/03\/jazz_im_radio.jpg?fit=1200%2C773&ssl=1&resize=525%2C300 1.5x, https:\/\/i0.wp.com\/www.jazzzeitung.de\/cms\/wp-content\/uploads\/2019\/03\/jazz_im_radio.jpg?fit=1200%2C773&ssl=1&resize=700%2C400 2x, https:\/\/i0.wp.com\/www.jazzzeitung.de\/cms\/wp-content\/uploads\/2019\/03\/jazz_im_radio.jpg?fit=1200%2C773&ssl=1&resize=1050%2C600 3x"},"classes":[]},{"id":23939,"url":"https:\/\/www.jazzzeitung.de\/cms\/2020\/12\/die-jazz-radiowoche-vom-7-12-20-bis-13-12-2020\/","url_meta":{"origin":21538,"position":2},"title":"Die Jazz-Radiowoche vom 7.12.20 bis 13.12.2020","author":"Martin Hufner","date":"6. Dezember 2020","format":false,"excerpt":"Ein kleiner Blick in die Jazzwoche 50 im Radio. Der ist dieses mal so klein, es steht da n\u00e4mlich gar nichts drin.Grund daf\u00fcr: Die Suchmaschine f\u00fcr Radiosendungen der ARD gibt am dem 7.12.2020 keine Ergebnisse heraus. Versuche der Kontaktaufnahme mit der ARD sind ohne Echo verhallt. Aktuell bleibt es bei\u2026","rel":"","context":"In &quot;News&quot;","block_context":{"text":"News","link":"https:\/\/www.jazzzeitung.de\/cms\/thema\/nachrichten\/"},"img":{"alt_text":"Jazz im Radio. Foto: Hufner","src":"https:\/\/i0.wp.com\/www.jazzzeitung.de\/cms\/wp-content\/uploads\/2019\/03\/jazz_im_radio.jpg?fit=1200%2C773&ssl=1&resize=350%2C200","width":350,"height":200,"srcset":"https:\/\/i0.wp.com\/www.jazzzeitung.de\/cms\/wp-content\/uploads\/2019\/03\/jazz_im_radio.jpg?fit=1200%2C773&ssl=1&resize=350%2C200 1x, https:\/\/i0.wp.com\/www.jazzzeitung.de\/cms\/wp-content\/uploads\/2019\/03\/jazz_im_radio.jpg?fit=1200%2C773&ssl=1&resize=525%2C300 1.5x, https:\/\/i0.wp.com\/www.jazzzeitung.de\/cms\/wp-content\/uploads\/2019\/03\/jazz_im_radio.jpg?fit=1200%2C773&ssl=1&resize=700%2C400 2x, https:\/\/i0.wp.com\/www.jazzzeitung.de\/cms\/wp-content\/uploads\/2019\/03\/jazz_im_radio.jpg?fit=1200%2C773&ssl=1&resize=1050%2C600 3x"},"classes":[]},{"id":21609,"url":"https:\/\/www.jazzzeitung.de\/cms\/2020\/01\/die-jazz-radiowoche-vom-06-01-20-bis-12-01-20-notausgabe\/","url_meta":{"origin":21538,"position":3},"title":"Die Jazz-Radiowoche vom 06.01.20 bis 12.01.20 (Notausgabe)","author":"Martin Hufner","date":"5. Januar 2020","format":false,"excerpt":"Ein kleiner Blick in die Jazzwoche 02 im Radio. Notausgabe! Die \u00dcbersicht zum Download als PDF. Alle Angaben ohne Gew\u00e4hr. Jazz im Radio (Fernsehen) SR2 \u2013 JazzNow \u2013 Sonntags von 20.04 bis 22.30 Uhr BR-KLASSIK \u2013 Jazztime \u2013 Von Montag bis Freitag t\u00e4glich um 23.05 Uhr rbb-kultur \u2013 Late Night\u2026","rel":"","context":"In &quot;News&quot;","block_context":{"text":"News","link":"https:\/\/www.jazzzeitung.de\/cms\/thema\/nachrichten\/"},"img":{"alt_text":"Jazz im Radio. Foto: Hufner","src":"https:\/\/i0.wp.com\/www.jazzzeitung.de\/cms\/wp-content\/uploads\/2019\/03\/jazz_im_radio.jpg?fit=1200%2C773&ssl=1&resize=350%2C200","width":350,"height":200,"srcset":"https:\/\/i0.wp.com\/www.jazzzeitung.de\/cms\/wp-content\/uploads\/2019\/03\/jazz_im_radio.jpg?fit=1200%2C773&ssl=1&resize=350%2C200 1x, https:\/\/i0.wp.com\/www.jazzzeitung.de\/cms\/wp-content\/uploads\/2019\/03\/jazz_im_radio.jpg?fit=1200%2C773&ssl=1&resize=525%2C300 1.5x, https:\/\/i0.wp.com\/www.jazzzeitung.de\/cms\/wp-content\/uploads\/2019\/03\/jazz_im_radio.jpg?fit=1200%2C773&ssl=1&resize=700%2C400 2x, https:\/\/i0.wp.com\/www.jazzzeitung.de\/cms\/wp-content\/uploads\/2019\/03\/jazz_im_radio.jpg?fit=1200%2C773&ssl=1&resize=1050%2C600 3x"},"classes":[]},{"id":24166,"url":"https:\/\/www.jazzzeitung.de\/cms\/2021\/01\/die-jazz-radiowoche-vom-18-01-2125-01-2021\/","url_meta":{"origin":21538,"position":4},"title":"Die Jazz-Radiowoche vom 18.01.21\u201325.01.2021","author":"Martin Hufner","date":"17. Januar 2021","format":false,"excerpt":"Ein kleiner Blick in die Jazzwoche 03 im Radio. Alle Angaben ohne Gew\u00e4hr. Unter anderem: Pianist Sebastian Sternal live im Jazzclub Birdland in Neuburg an der Donau. Aufnahme vom 19. November 2020.","rel":"","context":"In &quot;News&quot;","block_context":{"text":"News","link":"https:\/\/www.jazzzeitung.de\/cms\/thema\/nachrichten\/"},"img":{"alt_text":"Jazz im Radio. Foto: Hufner","src":"https:\/\/i0.wp.com\/www.jazzzeitung.de\/cms\/wp-content\/uploads\/2019\/03\/jazz_im_radio.jpg?fit=1200%2C773&ssl=1&resize=350%2C200","width":350,"height":200,"srcset":"https:\/\/i0.wp.com\/www.jazzzeitung.de\/cms\/wp-content\/uploads\/2019\/03\/jazz_im_radio.jpg?fit=1200%2C773&ssl=1&resize=350%2C200 1x, https:\/\/i0.wp.com\/www.jazzzeitung.de\/cms\/wp-content\/uploads\/2019\/03\/jazz_im_radio.jpg?fit=1200%2C773&ssl=1&resize=525%2C300 1.5x, https:\/\/i0.wp.com\/www.jazzzeitung.de\/cms\/wp-content\/uploads\/2019\/03\/jazz_im_radio.jpg?fit=1200%2C773&ssl=1&resize=700%2C400 2x, https:\/\/i0.wp.com\/www.jazzzeitung.de\/cms\/wp-content\/uploads\/2019\/03\/jazz_im_radio.jpg?fit=1200%2C773&ssl=1&resize=1050%2C600 3x"},"classes":[]},{"id":22441,"url":"https:\/\/www.jazzzeitung.de\/cms\/2020\/05\/die-jazz-radiowoche-vom-04-05-20-bis-10-05-20\/","url_meta":{"origin":21538,"position":5},"title":"Die Jazz-Radiowoche vom 04.05.20 bis 10.05.20","author":"Martin Hufner","date":"3. Mai 2020","format":false,"excerpt":"Ein kleiner Blick in die Jazzwoche 19 im Radio. Alle Angaben ohne Gew\u00e4hr. Jazz Special \u2013 Fire Music \u2013 Die unheilige Allianz von Jazz und Krieg | The Space Between \u2013 Mikrotonalit\u00e4t im Jazz","rel":"","context":"In &quot;News&quot;","block_context":{"text":"News","link":"https:\/\/www.jazzzeitung.de\/cms\/thema\/nachrichten\/"},"img":{"alt_text":"Jazz im Radio. Foto: Hufner","src":"https:\/\/i0.wp.com\/www.jazzzeitung.de\/cms\/wp-content\/uploads\/2019\/03\/jazz_im_radio.jpg?fit=1200%2C773&ssl=1&resize=350%2C200","width":350,"height":200,"srcset":"https:\/\/i0.wp.com\/www.jazzzeitung.de\/cms\/wp-content\/uploads\/2019\/03\/jazz_im_radio.jpg?fit=1200%2C773&ssl=1&resize=350%2C200 1x, https:\/\/i0.wp.com\/www.jazzzeitung.de\/cms\/wp-content\/uploads\/2019\/03\/jazz_im_radio.jpg?fit=1200%2C773&ssl=1&resize=525%2C300 1.5x, https:\/\/i0.wp.com\/www.jazzzeitung.de\/cms\/wp-content\/uploads\/2019\/03\/jazz_im_radio.jpg?fit=1200%2C773&ssl=1&resize=700%2C400 2x, https:\/\/i0.wp.com\/www.jazzzeitung.de\/cms\/wp-content\/uploads\/2019\/03\/jazz_im_radio.jpg?fit=1200%2C773&ssl=1&resize=1050%2C600 3x"},"classes":[]}],"jetpack_sharing_enabled":true,"_links":{"self":[{"href":"https:\/\/www.jazzzeitung.de\/cms\/wp-json\/wp\/v2\/posts\/21538","targetHints":{"allow":["GET"]}}],"collection":[{"href":"https:\/\/www.jazzzeitung.de\/cms\/wp-json\/wp\/v2\/posts"}],"about":[{"href":"https:\/\/www.jazzzeitung.de\/cms\/wp-json\/wp\/v2\/types\/post"}],"author":[{"embeddable":true,"href":"https:\/\/www.jazzzeitung.de\/cms\/wp-json\/wp\/v2\/users\/1"}],"replies":[{"embeddable":true,"href":"https:\/\/www.jazzzeitung.de\/cms\/wp-json\/wp\/v2\/comments?post=21538"}],"version-history":[{"count":1,"href":"https:\/\/www.jazzzeitung.de\/cms\/wp-json\/wp\/v2\/posts\/21538\/revisions"}],"predecessor-version":[{"id":21539,"href":"https:\/\/www.jazzzeitung.de\/cms\/wp-json\/wp\/v2\/posts\/21538\/revisions\/21539"}],"wp:featuredmedia":[{"embeddable":true,"href":"https:\/\/www.jazzzeitung.de\/cms\/wp-json\/wp\/v2\/media\/18913"}],"wp:attachment":[{"href":"https:\/\/www.jazzzeitung.de\/cms\/wp-json\/wp\/v2\/media?parent=21538"}],"wp:term":[{"taxonomy":"category","embeddable":true,"href":"https:\/\/www.jazzzeitung.de\/cms\/wp-json\/wp\/v2\/categories?post=21538"},{"taxonomy":"post_tag","embeddable":true,"href":"https:\/\/www.jazzzeitung.de\/cms\/wp-json\/wp\/v2\/tags?post=21538"},{"taxonomy":"author","embeddable":true,"href":"https:\/\/www.jazzzeitung.de\/cms\/wp-json\/wp\/v2\/coauthors?post=21538"}],"curies":[{"name":"wp","href":"https:\/\/api.w.org\/{rel}","templated":true}]}}