{"id":21481,"date":"2019-12-21T07:54:30","date_gmt":"2019-12-21T06:54:30","guid":{"rendered":"https:\/\/www.jazzzeitung.de\/cms\/?p=21481"},"modified":"2019-12-17T13:30:18","modified_gmt":"2019-12-17T12:30:18","slug":"30-jazzfest-der-jazzmusiker-initiative-muenchen-mehr-bilder-einer-ausstellung","status":"publish","type":"post","link":"https:\/\/www.jazzzeitung.de\/cms\/2019\/12\/30-jazzfest-der-jazzmusiker-initiative-muenchen-mehr-bilder-einer-ausstellung\/","title":{"rendered":"30. Jazzfest der Jazzmusiker-Initiative M\u00fcnchen, Teil 2: Noch mehr Bilder eines Festivals"},"content":{"rendered":"<p>Der zweite Teil des <a href=\"https:\/\/www.jazzzeitung.de\/cms\/2019\/10\/zum-30-jazzfest-der-jazzmusiker-initiative-muenchen\/\">30. Jazzfestes M\u00fcnchen der Jazzmusiker-Initiative M\u00fcnchen JIM<\/a> brachte an drei Abenden je drei Bands auf die B\u00fchne der Black Box im Gasteig. Bei diesen 9 Konzerten wurde das Festival-Thema \u201eBilder einer Ausstellung\u201c in unterschiedlicher Weise aufgenommen, aber insgesamt deutlicher als an den vorausgegangenen Festival-Abenden Ende Oktober: Das <strong>Modern String Quartet<\/strong> nahm das Motto w\u00f6rtlich und spielte Mussorgskys \u201eBilder eine Ausstellung\u201c swingend im eigenen Jazzarrangement. Ganz unmittelbar projizierte S\u00e4ngerin <strong>Nina Michelle<\/strong> ihre eigenen, starkfarbigen Gem\u00e4lde, meist mehr oder weniger abstrakte Kompositionen, zu ihren Liedern passend auf die gro\u00dfe Leinwand hinter der B\u00fchne. Begleitet von Peter Tuscher, Jan Eschke, Andreas Kurz und Rick Hollander. Das Duo <strong>Elwood &amp; Re\u00dfle<\/strong> hatte sich um die Performerin Ruth Geiersberges verst\u00e4rkt, um ihr Projekt wort- und klangstark zu pr\u00e4sentieren. Leider erschloss sich der Hintersinn dieser \u201eZeitreise 1877, 1966, 2019\u201c mit Bezug auf bestimmte Bilderwelten ohne erkl\u00e4rende Ansage nur dem, der ihn auf der Internetseite <a href=\"http:\/\/www.jazzfestmuenchen.de\/\">http:\/\/www.jazzfestmuenchen.de<\/a> gelesen hatte. Kr\u00e4ftige Bilder im Kopf entstanden allerdings auch so. F\u00fcr heimatliche Bilder hatte Bassklarinettist und Saxophonist Hugo Siegmeth mit seiner <strong>Bayrisch Jazz Group<\/strong> (Irmi Haager, Josef Re\u00dfle, Andreas Kurz, Bastian J\u00fctte) gesorgt. \u201e&#8217;S pure Leben\u201c spiegelte sich in Volksliedern und solchen von Konstantin Wecker, Willy Michl u. a. als Mundart-Gesang und purem Jazz (auch auf CD Village Pond VPR 011).<\/p>\n<div class=\"tiled-gallery type-rectangular tiled-gallery-unresized\" data-original-width=\"840\" data-carousel-extra='{&quot;blog_id&quot;:1,&quot;permalink&quot;:&quot;https:\\\/\\\/www.jazzzeitung.de\\\/cms\\\/2019\\\/12\\\/30-jazzfest-der-jazzmusiker-initiative-muenchen-mehr-bilder-einer-ausstellung\\\/&quot;,&quot;likes_blog_id&quot;:55446655}' itemscope itemtype=\"http:\/\/schema.org\/ImageGallery\" > <div class=\"gallery-row\" style=\"width: 840px; height: 632px;\" data-original-width=\"840\" data-original-height=\"632\" > <div class=\"gallery-group images-1\" style=\"width: 420px; height: 632px;\" data-original-width=\"420\" data-original-height=\"632\" > <div class=\"tiled-gallery-item tiled-gallery-item-large\" itemprop=\"associatedMedia\" itemscope itemtype=\"http:\/\/schema.org\/ImageObject\"> <a href=\"https:\/\/www.jazzzeitung.de\/cms\/2019\/12\/30-jazzfest-der-jazzmusiker-initiative-muenchen-mehr-bilder-einer-ausstellung\/siegmethhugogodehard-lutzbayern-mail-de_imgp0700b\/\" border=\"0\" itemprop=\"url\"> <meta itemprop=\"width\" content=\"416\"> <meta itemprop=\"height\" content=\"628\"> <img decoding=\"async\" class=\"\" data-attachment-id=\"21487\" data-orig-file=\"https:\/\/www.jazzzeitung.de\/cms\/wp-content\/uploads\/2019\/12\/SIEGMETHHugo\u252c\u00aeGodehard.Lutz@bayern-mail.de_IMGP0700B-scaled.jpg\" data-orig-size=\"1696,2560\" data-comments-opened=\"1\" data-image-meta=\"{&quot;aperture&quot;:&quot;2.8&quot;,&quot;credit&quot;:&quot;Godehard LUTZ&quot;,&quot;camera&quot;:&quot;PENTAX K-30&quot;,&quot;caption&quot;:&quot;&quot;,&quot;created_timestamp&quot;:&quot;1575588343&quot;,&quot;copyright&quot;:&quot;Godehard.Lutz@maxi-dsl.de&quot;,&quot;focal_length&quot;:&quot;80&quot;,&quot;iso&quot;:&quot;1600&quot;,&quot;shutter_speed&quot;:&quot;0.008&quot;,&quot;title&quot;:&quot;&quot;,&quot;orientation&quot;:&quot;1&quot;}\" data-image-title=\"SIEGMETH,Hugo\u252c\u00aeGodehard.Lutz@bayern-mail.de_IMGP0700B\" data-image-description=\"\" data-medium-file=\"https:\/\/i0.wp.com\/www.jazzzeitung.de\/cms\/wp-content\/uploads\/2019\/12\/SIEGMETHHugo%E2%94%AC%C2%AEGodehard.Lutz%40bayern-mail.de_IMGP0700B-scaled.jpg?fit=199%2C300&#038;ssl=1\" data-large-file=\"https:\/\/i0.wp.com\/www.jazzzeitung.de\/cms\/wp-content\/uploads\/2019\/12\/SIEGMETHHugo%E2%94%AC%C2%AEGodehard.Lutz%40bayern-mail.de_IMGP0700B-scaled.jpg?fit=397%2C600&#038;ssl=1\" src=\"https:\/\/i0.wp.com\/www.jazzzeitung.de\/cms\/wp-content\/uploads\/2019\/12\/SIEGMETHHugo%E2%94%AC%C2%AEGodehard.Lutz%40bayern-mail.de_IMGP0700B-scaled.jpg?w=416&#038;h=628&#038;ssl=1\" width=\"416\" height=\"628\" loading=\"lazy\" data-original-width=\"416\" data-original-height=\"628\" itemprop=\"http:\/\/schema.org\/image\" title=\"SIEGMETH,Hugo\u252c\u00aeGodehard.Lutz@bayern-mail.de_IMGP0700B\" alt=\"Hugo Siegmeth. Foto: Godehard Lutz\" style=\"width: 416px; height: 628px;\" \/> <\/a> <div class=\"tiled-gallery-caption\" itemprop=\"caption description\"> Hugo Siegmeth. Foto: Godehard Lutz <\/div> <\/div> <\/div> <!-- close group --> <div class=\"gallery-group images-1\" style=\"width: 420px; height: 632px;\" data-original-width=\"420\" data-original-height=\"632\" > <div class=\"tiled-gallery-item tiled-gallery-item-large\" itemprop=\"associatedMedia\" itemscope itemtype=\"http:\/\/schema.org\/ImageObject\"> <a href=\"https:\/\/www.jazzzeitung.de\/cms\/2019\/12\/30-jazzfest-der-jazzmusiker-initiative-muenchen-mehr-bilder-einer-ausstellung\/resslejosef-elwoodnatalie-geiersbergerruthgodehard-lutzbayern-mail-de_imgp0905b\/\" border=\"0\" itemprop=\"url\"> <meta itemprop=\"width\" content=\"416\"> <meta itemprop=\"height\" content=\"628\"> <img decoding=\"async\" class=\"\" data-attachment-id=\"21490\" data-orig-file=\"https:\/\/www.jazzzeitung.de\/cms\/wp-content\/uploads\/2019\/12\/RESSLEJosef-ELWOODNatalie-GEIERSBERGERRuth\u252c\u00aeGodehard.Lutz@bayern-mail.de_IMGP0905B-scaled.jpg\" data-orig-size=\"1696,2560\" data-comments-opened=\"1\" data-image-meta=\"{&quot;aperture&quot;:&quot;2.8&quot;,&quot;credit&quot;:&quot;Godehard LUTZ&quot;,&quot;camera&quot;:&quot;PENTAX K-30&quot;,&quot;caption&quot;:&quot;&quot;,&quot;created_timestamp&quot;:&quot;1575758341&quot;,&quot;copyright&quot;:&quot;Godehard.Lutz@maxi-dsl.de&quot;,&quot;focal_length&quot;:&quot;28&quot;,&quot;iso&quot;:&quot;3200&quot;,&quot;shutter_speed&quot;:&quot;0.016666666666667&quot;,&quot;title&quot;:&quot;&quot;,&quot;orientation&quot;:&quot;1&quot;}\" data-image-title=\"RESSLE,Josef-ELWOOD,Natalie-GEIERSBERGER,Ruth\u252c\u00aeGodehard.Lutz@bayern-mail.de_IMGP0905B\" data-image-description=\"\" data-medium-file=\"https:\/\/i0.wp.com\/www.jazzzeitung.de\/cms\/wp-content\/uploads\/2019\/12\/RESSLEJosef-ELWOODNatalie-GEIERSBERGERRuth%E2%94%AC%C2%AEGodehard.Lutz%40bayern-mail.de_IMGP0905B-scaled.jpg?fit=199%2C300&#038;ssl=1\" data-large-file=\"https:\/\/i0.wp.com\/www.jazzzeitung.de\/cms\/wp-content\/uploads\/2019\/12\/RESSLEJosef-ELWOODNatalie-GEIERSBERGERRuth%E2%94%AC%C2%AEGodehard.Lutz%40bayern-mail.de_IMGP0905B-scaled.jpg?fit=397%2C600&#038;ssl=1\" src=\"https:\/\/i0.wp.com\/www.jazzzeitung.de\/cms\/wp-content\/uploads\/2019\/12\/RESSLEJosef-ELWOODNatalie-GEIERSBERGERRuth%E2%94%AC%C2%AEGodehard.Lutz%40bayern-mail.de_IMGP0905B-scaled.jpg?w=416&#038;h=628&#038;ssl=1\" width=\"416\" height=\"628\" loading=\"lazy\" data-original-width=\"416\" data-original-height=\"628\" itemprop=\"http:\/\/schema.org\/image\" title=\"RESSLE,Josef-ELWOOD,Natalie-GEIERSBERGER,Ruth\u252c\u00aeGodehard.Lutz@bayern-mail.de_IMGP0905B\" alt=\"Josef Ressle, Natalie Elwood, Ruth Geiersberger. Foto: Godehard Lutz\" style=\"width: 416px; height: 628px;\" \/> <\/a> <div class=\"tiled-gallery-caption\" itemprop=\"caption description\"> Josef Ressle, Natalie Elwood, Ruth Geiersberger. Foto: Godehard Lutz <\/div> <\/div> <\/div> <!-- close group --> <\/div> <!-- close row --> <div class=\"gallery-row\" style=\"width: 840px; height: 371px;\" data-original-width=\"840\" data-original-height=\"371\" > <div class=\"gallery-group images-1\" style=\"width: 562px; height: 371px;\" data-original-width=\"562\" data-original-height=\"371\" > <div class=\"tiled-gallery-item tiled-gallery-item-large\" itemprop=\"associatedMedia\" itemscope itemtype=\"http:\/\/schema.org\/ImageObject\"> <a href=\"https:\/\/www.jazzzeitung.de\/cms\/2019\/12\/30-jazzfest-der-jazzmusiker-initiative-muenchen-mehr-bilder-einer-ausstellung\/pestalozz_-bigband-varnerchristoferimgp0940ab\/\" border=\"0\" itemprop=\"url\"> <meta itemprop=\"width\" content=\"558\"> <meta itemprop=\"height\" content=\"367\"> <img decoding=\"async\" class=\"\" data-attachment-id=\"21495\" data-orig-file=\"https:\/\/www.jazzzeitung.de\/cms\/wp-content\/uploads\/2019\/12\/PESTALOZZ_-BIGBAND-VARNERChristoferIMGP0940AB-scaled.jpg\" data-orig-size=\"2560,1686\" data-comments-opened=\"1\" data-image-meta=\"{&quot;aperture&quot;:&quot;3.5&quot;,&quot;credit&quot;:&quot;Godehard LUTZ&quot;,&quot;camera&quot;:&quot;PENTAX K-30&quot;,&quot;caption&quot;:&quot;&quot;,&quot;created_timestamp&quot;:&quot;1575761310&quot;,&quot;copyright&quot;:&quot;Godehard.Lutz@maxi-dsl.de&quot;,&quot;focal_length&quot;:&quot;28&quot;,&quot;iso&quot;:&quot;800&quot;,&quot;shutter_speed&quot;:&quot;0.008&quot;,&quot;title&quot;:&quot;&quot;,&quot;orientation&quot;:&quot;1&quot;}\" data-image-title=\"PESTALOZZ_ BIGBAND-VARNER,ChristoferIMGP0940AB\" data-image-description=\"\" data-medium-file=\"https:\/\/i0.wp.com\/www.jazzzeitung.de\/cms\/wp-content\/uploads\/2019\/12\/PESTALOZZ_-BIGBAND-VARNERChristoferIMGP0940AB-scaled.jpg?fit=300%2C198&#038;ssl=1\" data-large-file=\"https:\/\/i0.wp.com\/www.jazzzeitung.de\/cms\/wp-content\/uploads\/2019\/12\/PESTALOZZ_-BIGBAND-VARNERChristoferIMGP0940AB-scaled.jpg?fit=840%2C553&#038;ssl=1\" src=\"https:\/\/i0.wp.com\/www.jazzzeitung.de\/cms\/wp-content\/uploads\/2019\/12\/PESTALOZZ_-BIGBAND-VARNERChristoferIMGP0940AB-scaled.jpg?w=558&#038;h=367&#038;ssl=1\" srcset=\"https:\/\/i0.wp.com\/www.jazzzeitung.de\/cms\/wp-content\/uploads\/2019\/12\/PESTALOZZ_-BIGBAND-VARNERChristoferIMGP0940AB-scaled.jpg?w=2560&amp;ssl=1 2560w, https:\/\/i0.wp.com\/www.jazzzeitung.de\/cms\/wp-content\/uploads\/2019\/12\/PESTALOZZ_-BIGBAND-VARNERChristoferIMGP0940AB-scaled.jpg?resize=300%2C198&amp;ssl=1 300w, https:\/\/i0.wp.com\/www.jazzzeitung.de\/cms\/wp-content\/uploads\/2019\/12\/PESTALOZZ_-BIGBAND-VARNERChristoferIMGP0940AB-scaled.jpg?resize=900%2C593&amp;ssl=1 900w, https:\/\/i0.wp.com\/www.jazzzeitung.de\/cms\/wp-content\/uploads\/2019\/12\/PESTALOZZ_-BIGBAND-VARNERChristoferIMGP0940AB-scaled.jpg?resize=768%2C506&amp;ssl=1 768w, https:\/\/i0.wp.com\/www.jazzzeitung.de\/cms\/wp-content\/uploads\/2019\/12\/PESTALOZZ_-BIGBAND-VARNERChristoferIMGP0940AB-scaled.jpg?resize=1536%2C1012&amp;ssl=1 1536w, https:\/\/i0.wp.com\/www.jazzzeitung.de\/cms\/wp-content\/uploads\/2019\/12\/PESTALOZZ_-BIGBAND-VARNERChristoferIMGP0940AB-scaled.jpg?resize=2048%2C1349&amp;ssl=1 2048w, https:\/\/i0.wp.com\/www.jazzzeitung.de\/cms\/wp-content\/uploads\/2019\/12\/PESTALOZZ_-BIGBAND-VARNERChristoferIMGP0940AB-scaled.jpg?resize=120%2C80&amp;ssl=1 120w, https:\/\/i0.wp.com\/www.jazzzeitung.de\/cms\/wp-content\/uploads\/2019\/12\/PESTALOZZ_-BIGBAND-VARNERChristoferIMGP0940AB-scaled.jpg?resize=1320%2C869&amp;ssl=1 1320w, https:\/\/i0.wp.com\/www.jazzzeitung.de\/cms\/wp-content\/uploads\/2019\/12\/PESTALOZZ_-BIGBAND-VARNERChristoferIMGP0940AB-scaled.jpg?w=1680&amp;ssl=1 1680w\" width=\"558\" height=\"367\" loading=\"lazy\" data-original-width=\"558\" data-original-height=\"367\" itemprop=\"http:\/\/schema.org\/image\" title=\"PESTALOZZ_ BIGBAND-VARNER,ChristoferIMGP0940AB\" alt=\"Pestalozzi Bigband und ihr Leiter Christofer Varner. Foto: Godehard Lutz\" style=\"width: 558px; height: 367px;\" \/> <\/a> <div class=\"tiled-gallery-caption\" itemprop=\"caption description\"> Pestalozzi Bigband und ihr Leiter Christofer Varner. Foto: Godehard Lutz <\/div> <\/div> <\/div> <!-- close group --> <div class=\"gallery-group images-2\" style=\"width: 278px; height: 371px;\" data-original-width=\"278\" data-original-height=\"371\" > <div class=\"tiled-gallery-item tiled-gallery-item-large\" itemprop=\"associatedMedia\" itemscope itemtype=\"http:\/\/schema.org\/ImageObject\"> <a href=\"https:\/\/www.jazzzeitung.de\/cms\/2019\/12\/30-jazzfest-der-jazzmusiker-initiative-muenchen-mehr-bilder-einer-ausstellung\/pestalozz_-bigband-varnerchristoferimgp0918b\/\" border=\"0\" itemprop=\"url\"> <meta itemprop=\"width\" content=\"274\"> <meta itemprop=\"height\" content=\"182\"> <img decoding=\"async\" class=\"\" data-attachment-id=\"21497\" data-orig-file=\"https:\/\/www.jazzzeitung.de\/cms\/wp-content\/uploads\/2019\/12\/PESTALOZZ_-BIGBAND-VARNERChristoferIMGP0918B-scaled.jpg\" data-orig-size=\"2560,1696\" data-comments-opened=\"1\" data-image-meta=\"{&quot;aperture&quot;:&quot;2.8&quot;,&quot;credit&quot;:&quot;Godehard LUTZ&quot;,&quot;camera&quot;:&quot;PENTAX K-30&quot;,&quot;caption&quot;:&quot;&quot;,&quot;created_timestamp&quot;:&quot;1575760062&quot;,&quot;copyright&quot;:&quot;Godehard.Lutz@maxi-dsl.de&quot;,&quot;focal_length&quot;:&quot;28&quot;,&quot;iso&quot;:&quot;800&quot;,&quot;shutter_speed&quot;:&quot;0.016666666666667&quot;,&quot;title&quot;:&quot;&quot;,&quot;orientation&quot;:&quot;1&quot;}\" data-image-title=\"PESTALOZZ_ BIGBAND-VARNER,ChristoferIMGP0918B\" data-image-description=\"\" data-medium-file=\"https:\/\/i0.wp.com\/www.jazzzeitung.de\/cms\/wp-content\/uploads\/2019\/12\/PESTALOZZ_-BIGBAND-VARNERChristoferIMGP0918B-scaled.jpg?fit=300%2C199&#038;ssl=1\" data-large-file=\"https:\/\/i0.wp.com\/www.jazzzeitung.de\/cms\/wp-content\/uploads\/2019\/12\/PESTALOZZ_-BIGBAND-VARNERChristoferIMGP0918B-scaled.jpg?fit=840%2C556&#038;ssl=1\" src=\"https:\/\/i0.wp.com\/www.jazzzeitung.de\/cms\/wp-content\/uploads\/2019\/12\/PESTALOZZ_-BIGBAND-VARNERChristoferIMGP0918B-scaled.jpg?w=274&#038;h=182&#038;ssl=1\" srcset=\"https:\/\/i0.wp.com\/www.jazzzeitung.de\/cms\/wp-content\/uploads\/2019\/12\/PESTALOZZ_-BIGBAND-VARNERChristoferIMGP0918B-scaled.jpg?w=2560&amp;ssl=1 2560w, https:\/\/i0.wp.com\/www.jazzzeitung.de\/cms\/wp-content\/uploads\/2019\/12\/PESTALOZZ_-BIGBAND-VARNERChristoferIMGP0918B-scaled.jpg?resize=300%2C199&amp;ssl=1 300w, https:\/\/i0.wp.com\/www.jazzzeitung.de\/cms\/wp-content\/uploads\/2019\/12\/PESTALOZZ_-BIGBAND-VARNERChristoferIMGP0918B-scaled.jpg?resize=900%2C596&amp;ssl=1 900w, https:\/\/i0.wp.com\/www.jazzzeitung.de\/cms\/wp-content\/uploads\/2019\/12\/PESTALOZZ_-BIGBAND-VARNERChristoferIMGP0918B-scaled.jpg?resize=768%2C509&amp;ssl=1 768w, https:\/\/i0.wp.com\/www.jazzzeitung.de\/cms\/wp-content\/uploads\/2019\/12\/PESTALOZZ_-BIGBAND-VARNERChristoferIMGP0918B-scaled.jpg?resize=1536%2C1017&amp;ssl=1 1536w, https:\/\/i0.wp.com\/www.jazzzeitung.de\/cms\/wp-content\/uploads\/2019\/12\/PESTALOZZ_-BIGBAND-VARNERChristoferIMGP0918B-scaled.jpg?resize=2048%2C1356&amp;ssl=1 2048w, https:\/\/i0.wp.com\/www.jazzzeitung.de\/cms\/wp-content\/uploads\/2019\/12\/PESTALOZZ_-BIGBAND-VARNERChristoferIMGP0918B-scaled.jpg?resize=120%2C80&amp;ssl=1 120w, https:\/\/i0.wp.com\/www.jazzzeitung.de\/cms\/wp-content\/uploads\/2019\/12\/PESTALOZZ_-BIGBAND-VARNERChristoferIMGP0918B-scaled.jpg?resize=1320%2C874&amp;ssl=1 1320w, https:\/\/i0.wp.com\/www.jazzzeitung.de\/cms\/wp-content\/uploads\/2019\/12\/PESTALOZZ_-BIGBAND-VARNERChristoferIMGP0918B-scaled.jpg?w=1680&amp;ssl=1 1680w\" width=\"274\" height=\"182\" loading=\"lazy\" data-original-width=\"274\" data-original-height=\"182\" itemprop=\"http:\/\/schema.org\/image\" title=\"PESTALOZZ_ BIGBAND-VARNER,ChristoferIMGP0918B\" alt=\"Pestalozzi Bigband und ihr Leiter Christofer Varner. Foto: Godehard Lutz\" style=\"width: 274px; height: 182px;\" \/> <\/a> <div class=\"tiled-gallery-caption\" itemprop=\"caption description\"> Pestalozzi Bigband und ihr Leiter Christofer Varner. Foto: Godehard Lutz <\/div> <\/div> <div class=\"tiled-gallery-item tiled-gallery-item-large\" itemprop=\"associatedMedia\" itemscope itemtype=\"http:\/\/schema.org\/ImageObject\"> <a href=\"https:\/\/www.jazzzeitung.de\/cms\/2019\/12\/30-jazzfest-der-jazzmusiker-initiative-muenchen-mehr-bilder-einer-ausstellung\/msq_widmoserjoerg-hurichtandreasgodehard-lutzbayern-mail-de_imgp0854\/\" border=\"0\" itemprop=\"url\"> <meta itemprop=\"width\" content=\"274\"> <meta itemprop=\"height\" content=\"181\"> <img decoding=\"async\" class=\"\" data-attachment-id=\"21499\" data-orig-file=\"https:\/\/www.jazzzeitung.de\/cms\/wp-content\/uploads\/2019\/12\/MSQ_WIDMOSERJoerg-H\u251c\u00fbRICHTAndreas\u252c\u00aeGodehard.Lutz@bayern-mail.de_IMGP0854-scaled.jpg\" data-orig-size=\"2560,1696\" data-comments-opened=\"1\" data-image-meta=\"{&quot;aperture&quot;:&quot;2.8&quot;,&quot;credit&quot;:&quot;Godehard LUTZ&quot;,&quot;camera&quot;:&quot;PENTAX K-30&quot;,&quot;caption&quot;:&quot;&quot;,&quot;created_timestamp&quot;:&quot;1575749572&quot;,&quot;copyright&quot;:&quot;Godehard.Lutz@maxi-dsl.de&quot;,&quot;focal_length&quot;:&quot;28&quot;,&quot;iso&quot;:&quot;3200&quot;,&quot;shutter_speed&quot;:&quot;0.02&quot;,&quot;title&quot;:&quot;&quot;,&quot;orientation&quot;:&quot;1&quot;}\" data-image-title=\"MSQ_WIDMOSER,Joerg-H\u251c\u00fbRICHT,Andreas\u252c\u00aeGodehard.Lutz@bayern-mail.de_IMGP0854\" data-image-description=\"\" data-medium-file=\"https:\/\/i0.wp.com\/www.jazzzeitung.de\/cms\/wp-content\/uploads\/2019\/12\/MSQ_WIDMOSERJoerg-H%E2%94%9C%C3%BBRICHTAndreas%E2%94%AC%C2%AEGodehard.Lutz%40bayern-mail.de_IMGP0854-scaled.jpg?fit=300%2C199&#038;ssl=1\" data-large-file=\"https:\/\/i0.wp.com\/www.jazzzeitung.de\/cms\/wp-content\/uploads\/2019\/12\/MSQ_WIDMOSERJoerg-H%E2%94%9C%C3%BBRICHTAndreas%E2%94%AC%C2%AEGodehard.Lutz%40bayern-mail.de_IMGP0854-scaled.jpg?fit=840%2C556&#038;ssl=1\" src=\"https:\/\/i0.wp.com\/www.jazzzeitung.de\/cms\/wp-content\/uploads\/2019\/12\/MSQ_WIDMOSERJoerg-H%E2%94%9C%C3%BBRICHTAndreas%E2%94%AC%C2%AEGodehard.Lutz%40bayern-mail.de_IMGP0854-scaled.jpg?w=274&#038;h=181&#038;ssl=1\" width=\"274\" height=\"181\" loading=\"lazy\" data-original-width=\"274\" data-original-height=\"181\" itemprop=\"http:\/\/schema.org\/image\" title=\"MSQ_WIDMOSER,Joerg-H\u251c\u00fbRICHT,Andreas\u252c\u00aeGodehard.Lutz@bayern-mail.de_IMGP0854\" alt=\"MSQ: Joerg Widmoser, Andreas Hoericht. Foto: Godehard Lutz\" style=\"width: 274px; height: 181px;\" \/> <\/a> <div class=\"tiled-gallery-caption\" itemprop=\"caption description\"> MSQ: Joerg Widmoser, Andreas Hoericht. Foto: Godehard Lutz <\/div> <\/div> <\/div> <!-- close group --> <\/div> <!-- close row --> <div class=\"gallery-row\" style=\"width: 840px; height: 229px;\" data-original-width=\"840\" data-original-height=\"229\" > <div class=\"gallery-group images-1\" style=\"width: 344px; height: 229px;\" data-original-width=\"344\" data-original-height=\"229\" > <div class=\"tiled-gallery-item tiled-gallery-item-large\" itemprop=\"associatedMedia\" itemscope itemtype=\"http:\/\/schema.org\/ImageObject\"> <a href=\"https:\/\/www.jazzzeitung.de\/cms\/2019\/12\/30-jazzfest-der-jazzmusiker-initiative-muenchen-mehr-bilder-einer-ausstellung\/martintill-gmelinmatthias-gutzmathiasgodehard-lutzbayern-mail-de_imgp0717\/\" border=\"0\" itemprop=\"url\"> <meta itemprop=\"width\" content=\"340\"> <meta itemprop=\"height\" content=\"225\"> <img decoding=\"async\" class=\"\" data-attachment-id=\"21501\" data-orig-file=\"https:\/\/www.jazzzeitung.de\/cms\/wp-content\/uploads\/2019\/12\/MARTINTill-GMELINMatthias-G\u251c\u00fbTZMathias\u252c\u00aeGodehard.Lutz@bayern-mail.de_IMGP0717-scaled.jpg\" data-orig-size=\"2560,1696\" data-comments-opened=\"1\" data-image-meta=\"{&quot;aperture&quot;:&quot;2.8&quot;,&quot;credit&quot;:&quot;Godehard LUTZ&quot;,&quot;camera&quot;:&quot;PENTAX K-30&quot;,&quot;caption&quot;:&quot;&quot;,&quot;created_timestamp&quot;:&quot;1575663875&quot;,&quot;copyright&quot;:&quot;Godehard.Lutz@maxi-dsl.de&quot;,&quot;focal_length&quot;:&quot;28&quot;,&quot;iso&quot;:&quot;3200&quot;,&quot;shutter_speed&quot;:&quot;0.025&quot;,&quot;title&quot;:&quot;&quot;,&quot;orientation&quot;:&quot;1&quot;}\" data-image-title=\"MARTIN,Till-GMELIN,Matthias-G\u251c\u00fbTZ,Mathias\u252c\u00aeGodehard.Lutz@bayern-mail.de_IMGP0717\" data-image-description=\"\" data-medium-file=\"https:\/\/i0.wp.com\/www.jazzzeitung.de\/cms\/wp-content\/uploads\/2019\/12\/MARTINTill-GMELINMatthias-G%E2%94%9C%C3%BBTZMathias%E2%94%AC%C2%AEGodehard.Lutz%40bayern-mail.de_IMGP0717-scaled.jpg?fit=300%2C199&#038;ssl=1\" data-large-file=\"https:\/\/i0.wp.com\/www.jazzzeitung.de\/cms\/wp-content\/uploads\/2019\/12\/MARTINTill-GMELINMatthias-G%E2%94%9C%C3%BBTZMathias%E2%94%AC%C2%AEGodehard.Lutz%40bayern-mail.de_IMGP0717-scaled.jpg?fit=840%2C556&#038;ssl=1\" src=\"https:\/\/i0.wp.com\/www.jazzzeitung.de\/cms\/wp-content\/uploads\/2019\/12\/MARTINTill-GMELINMatthias-G%E2%94%9C%C3%BBTZMathias%E2%94%AC%C2%AEGodehard.Lutz%40bayern-mail.de_IMGP0717-scaled.jpg?w=340&#038;h=225&#038;ssl=1\" width=\"340\" height=\"225\" loading=\"lazy\" data-original-width=\"340\" data-original-height=\"225\" itemprop=\"http:\/\/schema.org\/image\" title=\"MARTIN,Till-GMELIN,Matthias-G\u251c\u00fbTZ,Mathias\u252c\u00aeGodehard.Lutz@bayern-mail.de_IMGP0717\" alt=\"Till Martin, Matthias Gmelin, Mathias G\u00f6tzFoto: Godehard Lutz\" style=\"width: 340px; height: 225px;\" \/> <\/a> <div class=\"tiled-gallery-caption\" itemprop=\"caption description\"> Till Martin, Matthias Gmelin, Mathias G\u00f6tzFoto: Godehard Lutz <\/div> <\/div> <\/div> <!-- close group --> <div class=\"gallery-group images-1\" style=\"width: 153px; height: 229px;\" data-original-width=\"153\" data-original-height=\"229\" > <div class=\"tiled-gallery-item tiled-gallery-item-small\" itemprop=\"associatedMedia\" itemscope itemtype=\"http:\/\/schema.org\/ImageObject\"> <a href=\"https:\/\/www.jazzzeitung.de\/cms\/2019\/12\/30-jazzfest-der-jazzmusiker-initiative-muenchen-mehr-bilder-einer-ausstellung\/haagerirmigodehard-lutzbayern-mail-de_imgp0687-2\/\" border=\"0\" itemprop=\"url\"> <meta itemprop=\"width\" content=\"149\"> <meta itemprop=\"height\" content=\"225\"> <img decoding=\"async\" class=\"\" data-attachment-id=\"21507\" data-orig-file=\"https:\/\/www.jazzzeitung.de\/cms\/wp-content\/uploads\/2019\/12\/HAAGERIrmi\u252c\u00aeGodehard.Lutz@bayern-mail.de_IMGP0687-1-scaled.jpg\" data-orig-size=\"1696,2560\" data-comments-opened=\"1\" data-image-meta=\"{&quot;aperture&quot;:&quot;2.8&quot;,&quot;credit&quot;:&quot;Godehard LUTZ&quot;,&quot;camera&quot;:&quot;PENTAX K-30&quot;,&quot;caption&quot;:&quot;&quot;,&quot;created_timestamp&quot;:&quot;1575586708&quot;,&quot;copyright&quot;:&quot;Godehard.Lutz@maxi-dsl.de&quot;,&quot;focal_length&quot;:&quot;75&quot;,&quot;iso&quot;:&quot;800&quot;,&quot;shutter_speed&quot;:&quot;0.008&quot;,&quot;title&quot;:&quot;&quot;,&quot;orientation&quot;:&quot;1&quot;}\" data-image-title=\"HAAGER,Irmi\u252c\u00aeGodehard.Lutz@bayern-mail.de_IMGP0687\" data-image-description=\"\" data-medium-file=\"https:\/\/i0.wp.com\/www.jazzzeitung.de\/cms\/wp-content\/uploads\/2019\/12\/HAAGERIrmi%E2%94%AC%C2%AEGodehard.Lutz%40bayern-mail.de_IMGP0687-1-scaled.jpg?fit=199%2C300&#038;ssl=1\" data-large-file=\"https:\/\/i0.wp.com\/www.jazzzeitung.de\/cms\/wp-content\/uploads\/2019\/12\/HAAGERIrmi%E2%94%AC%C2%AEGodehard.Lutz%40bayern-mail.de_IMGP0687-1-scaled.jpg?fit=397%2C600&#038;ssl=1\" src=\"https:\/\/i0.wp.com\/www.jazzzeitung.de\/cms\/wp-content\/uploads\/2019\/12\/HAAGERIrmi%E2%94%AC%C2%AEGodehard.Lutz%40bayern-mail.de_IMGP0687-1-scaled.jpg?w=149&#038;h=225&#038;ssl=1\" width=\"149\" height=\"225\" loading=\"lazy\" data-original-width=\"149\" data-original-height=\"225\" itemprop=\"http:\/\/schema.org\/image\" title=\"HAAGER,Irmi\u252c\u00aeGodehard.Lutz@bayern-mail.de_IMGP0687\" alt=\"Irmi Haager. Foto: Godehard Lutz\" style=\"width: 149px; height: 225px;\" \/> <\/a> <div class=\"tiled-gallery-caption\" itemprop=\"caption description\"> Irmi Haager. Foto: Godehard Lutz <\/div> <\/div> <\/div> <!-- close group --> <div class=\"gallery-group images-1\" style=\"width: 343px; height: 229px;\" data-original-width=\"343\" data-original-height=\"229\" > <div class=\"tiled-gallery-item tiled-gallery-item-large\" itemprop=\"associatedMedia\" itemscope itemtype=\"http:\/\/schema.org\/ImageObject\"> <a href=\"https:\/\/www.jazzzeitung.de\/cms\/2019\/12\/30-jazzfest-der-jazzmusiker-initiative-muenchen-mehr-bilder-einer-ausstellung\/fmz-seven_stepsgodehard-lutzbayern-mail-de_imgp0756\/\" border=\"0\" itemprop=\"url\"> <meta itemprop=\"width\" content=\"339\"> <meta itemprop=\"height\" content=\"225\"> <img decoding=\"async\" class=\"\" data-attachment-id=\"21514\" data-orig-file=\"https:\/\/www.jazzzeitung.de\/cms\/wp-content\/uploads\/2019\/12\/FMZ-Seven_Steps\u252c\u00aeGodehard.Lutz@bayern-mail.de_IMGP0756-scaled.jpg\" data-orig-size=\"2560,1696\" data-comments-opened=\"1\" data-image-meta=\"{&quot;aperture&quot;:&quot;2.8&quot;,&quot;credit&quot;:&quot;Godehard LUTZ&quot;,&quot;camera&quot;:&quot;PENTAX K-30&quot;,&quot;caption&quot;:&quot;&quot;,&quot;created_timestamp&quot;:&quot;1575665450&quot;,&quot;copyright&quot;:&quot;Godehard.Lutz@maxi-dsl.de&quot;,&quot;focal_length&quot;:&quot;33&quot;,&quot;iso&quot;:&quot;1600&quot;,&quot;shutter_speed&quot;:&quot;0.016666666666667&quot;,&quot;title&quot;:&quot;&quot;,&quot;orientation&quot;:&quot;1&quot;}\" data-image-title=\"FMZ-Seven_Steps\u252c\u00aeGodehard.Lutz@bayern-mail.de_IMGP0756\" data-image-description=\"\" data-medium-file=\"https:\/\/i0.wp.com\/www.jazzzeitung.de\/cms\/wp-content\/uploads\/2019\/12\/FMZ-Seven_Steps%E2%94%AC%C2%AEGodehard.Lutz%40bayern-mail.de_IMGP0756-scaled.jpg?fit=300%2C199&#038;ssl=1\" data-large-file=\"https:\/\/i0.wp.com\/www.jazzzeitung.de\/cms\/wp-content\/uploads\/2019\/12\/FMZ-Seven_Steps%E2%94%AC%C2%AEGodehard.Lutz%40bayern-mail.de_IMGP0756-scaled.jpg?fit=840%2C556&#038;ssl=1\" src=\"https:\/\/i0.wp.com\/www.jazzzeitung.de\/cms\/wp-content\/uploads\/2019\/12\/FMZ-Seven_Steps%E2%94%AC%C2%AEGodehard.Lutz%40bayern-mail.de_IMGP0756-scaled.jpg?w=339&#038;h=225&#038;ssl=1\" width=\"339\" height=\"225\" loading=\"lazy\" data-original-width=\"339\" data-original-height=\"225\" itemprop=\"http:\/\/schema.org\/image\" title=\"FMZ-Seven_Steps\u252c\u00aeGodehard.Lutz@bayern-mail.de_IMGP0756\" alt=\"FMZ-Seven StepsFoto: Godehard Lutz\" style=\"width: 339px; height: 225px;\" \/> <\/a> <div class=\"tiled-gallery-caption\" itemprop=\"caption description\"> FMZ-Seven StepsFoto: Godehard Lutz <\/div> <\/div> <\/div> <!-- close group --> <\/div> <!-- close row --> <div class=\"gallery-row\" style=\"width: 840px; height: 163px;\" data-original-width=\"840\" data-original-height=\"163\" > <div class=\"gallery-group images-1\" style=\"width: 245px; height: 163px;\" data-original-width=\"245\" data-original-height=\"163\" > <div class=\"tiled-gallery-item tiled-gallery-item-small\" itemprop=\"associatedMedia\" itemscope itemtype=\"http:\/\/schema.org\/ImageObject\"> <a href=\"https:\/\/www.jazzzeitung.de\/cms\/2019\/12\/30-jazzfest-der-jazzmusiker-initiative-muenchen-mehr-bilder-einer-ausstellung\/fmz_osvaldmax-rothcaro-goodmangeoffgodehard-lutzbayern-mail-de_imgp0739\/\" border=\"0\" itemprop=\"url\"> <meta itemprop=\"width\" content=\"241\"> <meta itemprop=\"height\" content=\"159\"> <img decoding=\"async\" class=\"\" data-attachment-id=\"21515\" data-orig-file=\"https:\/\/www.jazzzeitung.de\/cms\/wp-content\/uploads\/2019\/12\/FMZ_OSVALDMax-ROTHCaro-GOODMANGeoff\u252c\u00aeGodehard.Lutz@bayern-mail.de_IMGP0739-scaled.jpg\" data-orig-size=\"2560,1696\" data-comments-opened=\"1\" data-image-meta=\"{&quot;aperture&quot;:&quot;3.5&quot;,&quot;credit&quot;:&quot;Godehard LUTZ&quot;,&quot;camera&quot;:&quot;PENTAX K-30&quot;,&quot;caption&quot;:&quot;&quot;,&quot;created_timestamp&quot;:&quot;1575664478&quot;,&quot;copyright&quot;:&quot;Godehard.Lutz@maxi-dsl.de&quot;,&quot;focal_length&quot;:&quot;28&quot;,&quot;iso&quot;:&quot;6400&quot;,&quot;shutter_speed&quot;:&quot;0.02&quot;,&quot;title&quot;:&quot;&quot;,&quot;orientation&quot;:&quot;1&quot;}\" data-image-title=\"FMZ_OSVALD,Max-ROTH,Caro-GOODMAN,Geoff\u252c\u00aeGodehard.Lutz@bayern-mail.de_IMGP0739\" data-image-description=\"\" data-medium-file=\"https:\/\/i0.wp.com\/www.jazzzeitung.de\/cms\/wp-content\/uploads\/2019\/12\/FMZ_OSVALDMax-ROTHCaro-GOODMANGeoff%E2%94%AC%C2%AEGodehard.Lutz%40bayern-mail.de_IMGP0739-scaled.jpg?fit=300%2C199&#038;ssl=1\" data-large-file=\"https:\/\/i0.wp.com\/www.jazzzeitung.de\/cms\/wp-content\/uploads\/2019\/12\/FMZ_OSVALDMax-ROTHCaro-GOODMANGeoff%E2%94%AC%C2%AEGodehard.Lutz%40bayern-mail.de_IMGP0739-scaled.jpg?fit=840%2C556&#038;ssl=1\" src=\"https:\/\/i0.wp.com\/www.jazzzeitung.de\/cms\/wp-content\/uploads\/2019\/12\/FMZ_OSVALDMax-ROTHCaro-GOODMANGeoff%E2%94%AC%C2%AEGodehard.Lutz%40bayern-mail.de_IMGP0739-scaled.jpg?w=241&#038;h=159&#038;ssl=1\" width=\"241\" height=\"159\" loading=\"lazy\" data-original-width=\"241\" data-original-height=\"159\" itemprop=\"http:\/\/schema.org\/image\" title=\"FMZ_OSVALD,Max-ROTH,Caro-GOODMAN,Geoff\u252c\u00aeGodehard.Lutz@bayern-mail.de_IMGP0739\" alt=\"Max Osvald, Caro Roth und Geoff Goodman. Foto: Godehard Lutz\" style=\"width: 241px; height: 159px;\" \/> <\/a> <div class=\"tiled-gallery-caption\" itemprop=\"caption description\"> Max Osvald, Caro Roth und Geoff Goodman. Foto: Godehard Lutz <\/div> <\/div> <\/div> <!-- close group --> <div class=\"gallery-group images-1\" style=\"width: 106px; height: 163px;\" data-original-width=\"106\" data-original-height=\"163\" > <div class=\"tiled-gallery-item tiled-gallery-item-small\" itemprop=\"associatedMedia\" itemscope itemtype=\"http:\/\/schema.org\/ImageObject\"> <a href=\"https:\/\/www.jazzzeitung.de\/cms\/2019\/12\/30-jazzfest-der-jazzmusiker-initiative-muenchen-mehr-bilder-einer-ausstellung\/elwoodnataliegodehard-lutzbayern-mail-de_imgp0882ab\/\" border=\"0\" itemprop=\"url\"> <meta itemprop=\"width\" content=\"102\"> <meta itemprop=\"height\" content=\"159\"> <img decoding=\"async\" class=\"\" data-attachment-id=\"21522\" data-orig-file=\"https:\/\/www.jazzzeitung.de\/cms\/wp-content\/uploads\/2019\/12\/ELWOODNatalie\u252c\u00aeGodehard.Lutz@bayern-mail.de_IMGP0882AB-scaled.jpg\" data-orig-size=\"1643,2560\" data-comments-opened=\"1\" data-image-meta=\"{&quot;aperture&quot;:&quot;3.5&quot;,&quot;credit&quot;:&quot;Godehard LUTZ&quot;,&quot;camera&quot;:&quot;PENTAX K-30&quot;,&quot;caption&quot;:&quot;&quot;,&quot;created_timestamp&quot;:&quot;1575756165&quot;,&quot;copyright&quot;:&quot;Godehard.Lutz@maxi-dsl.de&quot;,&quot;focal_length&quot;:&quot;75&quot;,&quot;iso&quot;:&quot;800&quot;,&quot;shutter_speed&quot;:&quot;0.005&quot;,&quot;title&quot;:&quot;&quot;,&quot;orientation&quot;:&quot;1&quot;}\" data-image-title=\"ELWOOD,Natalie\u252c\u00aeGodehard.Lutz@bayern-mail.de_IMGP0882AB\" data-image-description=\"\" data-medium-file=\"https:\/\/i0.wp.com\/www.jazzzeitung.de\/cms\/wp-content\/uploads\/2019\/12\/ELWOODNatalie%E2%94%AC%C2%AEGodehard.Lutz%40bayern-mail.de_IMGP0882AB-scaled.jpg?fit=193%2C300&#038;ssl=1\" data-large-file=\"https:\/\/i0.wp.com\/www.jazzzeitung.de\/cms\/wp-content\/uploads\/2019\/12\/ELWOODNatalie%E2%94%AC%C2%AEGodehard.Lutz%40bayern-mail.de_IMGP0882AB-scaled.jpg?fit=385%2C600&#038;ssl=1\" src=\"https:\/\/i0.wp.com\/www.jazzzeitung.de\/cms\/wp-content\/uploads\/2019\/12\/ELWOODNatalie%E2%94%AC%C2%AEGodehard.Lutz%40bayern-mail.de_IMGP0882AB-scaled.jpg?w=102&#038;h=159&#038;ssl=1\" width=\"102\" height=\"159\" loading=\"lazy\" data-original-width=\"102\" data-original-height=\"159\" itemprop=\"http:\/\/schema.org\/image\" title=\"ELWOOD,Natalie\u252c\u00aeGodehard.Lutz@bayern-mail.de_IMGP0882AB\" alt=\"Natalie Elwood. Foto: Godehard Lutz\" style=\"width: 102px; height: 159px;\" \/> <\/a> <div class=\"tiled-gallery-caption\" itemprop=\"caption description\"> Natalie Elwood. Foto: Godehard Lutz <\/div> <\/div> <\/div> <!-- close group --> <div class=\"gallery-group images-1\" style=\"width: 245px; height: 163px;\" data-original-width=\"245\" data-original-height=\"163\" > <div class=\"tiled-gallery-item tiled-gallery-item-small\" itemprop=\"associatedMedia\" itemscope itemtype=\"http:\/\/schema.org\/ImageObject\"> <a href=\"https:\/\/www.jazzzeitung.de\/cms\/2019\/12\/30-jazzfest-der-jazzmusiker-initiative-muenchen-mehr-bilder-einer-ausstellung\/godehard-lutzbayern-mail-de_imgp0643\/\" border=\"0\" itemprop=\"url\"> <meta itemprop=\"width\" content=\"241\"> <meta itemprop=\"height\" content=\"159\"> <img decoding=\"async\" class=\"\" data-attachment-id=\"21528\" data-orig-file=\"https:\/\/www.jazzzeitung.de\/cms\/wp-content\/uploads\/2019\/12\/\u252c\u00aeGodehard.Lutz@bayern-mail.de_IMGP0643-scaled.jpg\" data-orig-size=\"2560,1696\" data-comments-opened=\"1\" data-image-meta=\"{&quot;aperture&quot;:&quot;2.8&quot;,&quot;credit&quot;:&quot;Godehard LUTZ&quot;,&quot;camera&quot;:&quot;PENTAX K-30&quot;,&quot;caption&quot;:&quot;&quot;,&quot;created_timestamp&quot;:&quot;1575579207&quot;,&quot;copyright&quot;:&quot;Godehard.Lutz@maxi-dsl.de&quot;,&quot;focal_length&quot;:&quot;80&quot;,&quot;iso&quot;:&quot;1600&quot;,&quot;shutter_speed&quot;:&quot;0.008&quot;,&quot;title&quot;:&quot;&quot;,&quot;orientation&quot;:&quot;1&quot;}\" data-image-title=\"\u252c\u00aeGodehard.Lutz@bayern-mail.de_IMGP0643\" data-image-description=\"\" data-medium-file=\"https:\/\/i0.wp.com\/www.jazzzeitung.de\/cms\/wp-content\/uploads\/2019\/12\/%E2%94%AC%C2%AEGodehard.Lutz%40bayern-mail.de_IMGP0643-scaled.jpg?fit=300%2C199&#038;ssl=1\" data-large-file=\"https:\/\/i0.wp.com\/www.jazzzeitung.de\/cms\/wp-content\/uploads\/2019\/12\/%E2%94%AC%C2%AEGodehard.Lutz%40bayern-mail.de_IMGP0643-scaled.jpg?fit=840%2C556&#038;ssl=1\" src=\"https:\/\/i0.wp.com\/www.jazzzeitung.de\/cms\/wp-content\/uploads\/2019\/12\/%E2%94%AC%C2%AEGodehard.Lutz%40bayern-mail.de_IMGP0643-scaled.jpg?w=241&#038;h=159&#038;ssl=1\" width=\"241\" height=\"159\" loading=\"lazy\" data-original-width=\"241\" data-original-height=\"159\" itemprop=\"http:\/\/schema.org\/image\" title=\"\u252c\u00aeGodehard.Lutz@bayern-mail.de_IMGP0643\" alt=\"Nina Michelle Foto: Godehard Lutz\" style=\"width: 241px; height: 159px;\" \/> <\/a> <div class=\"tiled-gallery-caption\" itemprop=\"caption description\"> Nina Michelle Foto: Godehard Lutz <\/div> <\/div> <\/div> <!-- close group --> <div class=\"gallery-group images-1\" style=\"width: 244px; height: 163px;\" data-original-width=\"244\" data-original-height=\"163\" > <div class=\"tiled-gallery-item tiled-gallery-item-small\" itemprop=\"associatedMedia\" itemscope itemtype=\"http:\/\/schema.org\/ImageObject\"> <a href=\"https:\/\/www.jazzzeitung.de\/cms\/2019\/12\/30-jazzfest-der-jazzmusiker-initiative-muenchen-mehr-bilder-einer-ausstellung\/geiersbergerruthgodehard-lutzbayern-mail-de_imgp0886ab\/\" border=\"0\" itemprop=\"url\"> <meta itemprop=\"width\" content=\"240\"> <meta itemprop=\"height\" content=\"159\"> <img decoding=\"async\" class=\"\" data-attachment-id=\"21512\" data-orig-file=\"https:\/\/www.jazzzeitung.de\/cms\/wp-content\/uploads\/2019\/12\/GEIERSBERGERRuth\u252c\u00aeGodehard.Lutz@bayern-mail.de_IMGP0886AB-scaled.jpg\" data-orig-size=\"2560,1696\" data-comments-opened=\"1\" data-image-meta=\"{&quot;aperture&quot;:&quot;4&quot;,&quot;credit&quot;:&quot;Godehard LUTZ&quot;,&quot;camera&quot;:&quot;PENTAX K-30&quot;,&quot;caption&quot;:&quot;&quot;,&quot;created_timestamp&quot;:&quot;1575756370&quot;,&quot;copyright&quot;:&quot;Godehard.Lutz@maxi-dsl.de&quot;,&quot;focal_length&quot;:&quot;75&quot;,&quot;iso&quot;:&quot;800&quot;,&quot;shutter_speed&quot;:&quot;0.004&quot;,&quot;title&quot;:&quot;&quot;,&quot;orientation&quot;:&quot;1&quot;}\" data-image-title=\"GEIERSBERGER,Ruth\u252c\u00aeGodehard.Lutz@bayern-mail.de_IMGP0886AB\" data-image-description=\"\" data-medium-file=\"https:\/\/i0.wp.com\/www.jazzzeitung.de\/cms\/wp-content\/uploads\/2019\/12\/GEIERSBERGERRuth%E2%94%AC%C2%AEGodehard.Lutz%40bayern-mail.de_IMGP0886AB-scaled.jpg?fit=300%2C199&#038;ssl=1\" data-large-file=\"https:\/\/i0.wp.com\/www.jazzzeitung.de\/cms\/wp-content\/uploads\/2019\/12\/GEIERSBERGERRuth%E2%94%AC%C2%AEGodehard.Lutz%40bayern-mail.de_IMGP0886AB-scaled.jpg?fit=840%2C556&#038;ssl=1\" src=\"https:\/\/i0.wp.com\/www.jazzzeitung.de\/cms\/wp-content\/uploads\/2019\/12\/GEIERSBERGERRuth%E2%94%AC%C2%AEGodehard.Lutz%40bayern-mail.de_IMGP0886AB-scaled.jpg?w=240&#038;h=159&#038;ssl=1\" width=\"240\" height=\"159\" loading=\"lazy\" data-original-width=\"240\" data-original-height=\"159\" itemprop=\"http:\/\/schema.org\/image\" title=\"GEIERSBERGER,Ruth\u252c\u00aeGodehard.Lutz@bayern-mail.de_IMGP0886AB\" alt=\"Ruth Geiersberger. Foto: Godehard Lutz\" style=\"width: 240px; height: 159px;\" \/> <\/a> <div class=\"tiled-gallery-caption\" itemprop=\"caption description\"> Ruth Geiersberger. Foto: Godehard Lutz <\/div> <\/div> <\/div> <!-- close group --> <\/div> <!-- close row --> <\/div>\n<p>Zur M\u00fcnchener Jazzgeschichte geh\u00f6rt unbedingt das Freie Musikzentrum, das es sogar schon 40 Jahre gibt. Sieben seiner Jazz-Dozenten, Caro Roth, Till Martin, Mathias G\u00f6tz, Geoff Goodman, Max Osvald, Eugen Apostolidis und Matthias Gmelin zeigten als <strong>Seven Steps<\/strong> was sie so im Modern Jazz drauf haben und was man bei ihnen vielleicht lernen k\u00f6nnte. Gitarrist und Multiinstrumentalist <strong>Titus Waldenfels<\/strong> pr\u00e4sentierte mit der russisch-deutschen S\u00e4ngerin Julia Jung und Drummer Christoph Jung \u201e3 colours of swing\u201c, vom klassischen \u00fcber den Western- zum Elektro-Swing \u2013 mit Herz und Witz, respektlos am Rand von Kitsch. Wenigstens eine internationale Begegnung durfte auch beim Jubil\u00e4um nicht fehlen. Wie bereits im letzten Jahr kamen in Zusammenarbeit mit dem Litauischen Kulturinstitut G\u00e4ste aus Litauen: <strong>JIM trifft Vilnius<\/strong>, n\u00e4mlich Schlagzeuger Walter Bittner und Saxophonist Markus Heinze den Pianisten Dmitry Golovanov und den Sopransaxophonisten Jan Maksimovi\u010d zu einem radikal freien und fruchtbaren Gedankenaustausch. Aus W\u00fcrzburg kam das <strong>Bekmulin-Findling-Duo<\/strong>. Die Gewinner des diesj\u00e4hrigen (Kemptener) F\u00f6rderpreises des Bayerischen Jazzverbandes begeisterten auf ihrer Preistr\u00e4ger-Tournee mit einem swingenden Dialog zwischen akustischer Gitarre und Piano. Bilder aus der (Jazz-) Geschichte, die mit der Person des Komponisten Charles Mingus und seiner Bigband-Musik verbunden sind, kommentierte Christofer Varner. Unter seiner Leitung spielte die <strong>Pestalozzi-Bigband<\/strong> dieses mitrei\u00dfende Material mit so viel Begeisterung und Feeling auf so, auch improvisatorisch, hohem Niveau, wie man es von einer Schulbigband keinesfalls erwartet h\u00e4tte: ein glanzvoller Abschluss.<\/p>\n<p>Umrahmt von einer Diaschau mit Fotos aus den vergangenen 29 Jahren wurde das 30. Jazzfest auch ein \u201eRundgang durch die M\u00fcnchner Jazzwelt seit 1989\u201c (Andy Lutter). Von Festival-Mitbegr\u00fcnder J\u00f6rn Pfennig gab es dazu eine kurze ironisch-literarische R\u00fcckschau auf die Anf\u00e4nge der Jazzmusiker-Iniative M\u00fcnchen und das erste JIM-Fest 1990 im Olympiapark, erg\u00e4nzt durch die Urauff\u00fchrung einer Komposition des Klarinettisten Pfennig durch den Festival-Organisator Andy Lutter am Fl\u00fcgel.<\/p>\n<p>Text und Fotos: Godehard Lutz<\/p>\n","protected":false},"excerpt":{"rendered":"<p>Der zweite Teil des 30. Jazzfestes M\u00fcnchen der Jazzmusiker-Initiative M\u00fcnchen JIM brachte an drei Abenden je drei Bands auf die B\u00fchne der Black Box im Gasteig. Bei diesen 9 Konzerten wurde das Festival-Thema \u201eBilder einer Ausstellung\u201c in unterschiedlicher Weise aufgenommen, aber insgesamt deutlicher als an den vorausgegangenen Festival-Abenden Ende Oktober: Das Modern String Quartet nahm das Motto w\u00f6rtlich und spielte Mussorgskys \u201eBilder eine Ausstellung\u201c swingend im eigenen Jazzarrangement. Ganz unmittelbar projizierte S\u00e4ngerin Nina Michelle ihre eigenen, starkfarbigen Gem\u00e4lde, meist mehr oder weniger abstrakte Kompositionen, zu ihren Liedern passend auf die gro\u00dfe Leinwand hinter der B\u00fchne. Begleitet von Peter Tuscher, Jan Eschke, Andreas Kurz und Rick Hollander. Das Duo Elwood &amp; Re\u00dfle hatte sich um die Performerin Ruth Geiersberges verst\u00e4rkt, um ihr Projekt wort- und klangstark zu pr\u00e4sentieren. Leider erschloss sich der Hintersinn dieser \u201eZeitreise 1877, 1966, 2019\u201c mit Bezug auf bestimmte Bilderwelten ohne erkl\u00e4rende Ansage nur dem, der ihn auf der Internetseite http:\/\/www.jazzfestmuenchen.de gelesen hatte. Kr\u00e4ftige Bilder im Kopf entstanden allerdings auch so. F\u00fcr heimatliche Bilder hatte Bassklarinettist und Saxophonist Hugo Siegmeth mit seiner Bayrisch Jazz Group (Irmi Haager, Josef Re\u00dfle, Andreas Kurz, Bastian J\u00fctte) &hellip;<\/p>\n","protected":false},"author":18,"featured_media":0,"comment_status":"open","ping_status":"closed","sticky":false,"template":"","format":"standard","meta":{"_jetpack_memberships_contains_paid_content":false,"footnotes":"","jetpack_publicize_message":"","jetpack_publicize_feature_enabled":true,"jetpack_social_post_already_shared":false,"jetpack_social_options":{"image_generator_settings":{"template":"highway","default_image_id":0,"font":"","enabled":false},"version":2}},"categories":[1053,652],"tags":[2019,2286,2542,2287,73,2735,109,954,1406,3,682,1911,193,1297,1422,198,1243,893,2284,1876,751,1058,281,10,1425,2467,401,2048,2080,442,1170,2139,2312,535,1095],"coauthors":[695],"class_list":["post-21481","post","type-post","status-publish","format-standard","hentry","category-bericht","category-galerie","tag-2019","tag-andreas-kurz","tag-ausstellung","tag-bastian-juette","tag-bigband","tag-bilder-einer-ausstellung","tag-cd","tag-charles-mingus","tag-duo","tag-festival","tag-festivals","tag-fotos","tag-gasteig","tag-geoff-goodman","tag-gesang","tag-geschichte","tag-godehard-lutz","tag-hugo-siegmeth","tag-jan-eschke","tag-jazz","tag-jazzfest","tag-jazzgeschichte","tag-jazzmusiker","tag-jubilaeum","tag-jung","tag-modern-string-quartet","tag-muenchen","tag-oktober","tag-pianisten","tag-piano","tag-preistraeger","tag-s","tag-schlagzeuger","tag-swing","tag-tournee"],"yoast_head":"<!-- This site is optimized with the Yoast SEO plugin v27.5 - https:\/\/yoast.com\/product\/yoast-seo-wordpress\/ -->\n<title>30. Jazzfest der Jazzmusiker-Initiative M\u00fcnchen, Teil 2: Noch mehr Bilder eines Festivals - JazzZeitung<\/title>\n<meta name=\"robots\" content=\"index, follow, max-snippet:-1, max-image-preview:large, max-video-preview:-1\" \/>\n<link rel=\"canonical\" href=\"https:\/\/www.jazzzeitung.de\/cms\/2019\/12\/30-jazzfest-der-jazzmusiker-initiative-muenchen-mehr-bilder-einer-ausstellung\/\" \/>\n<meta property=\"og:locale\" content=\"de_DE\" \/>\n<meta property=\"og:type\" content=\"article\" \/>\n<meta property=\"og:title\" content=\"30. Jazzfest der Jazzmusiker-Initiative M\u00fcnchen, Teil 2: Noch mehr Bilder eines Festivals - JazzZeitung\" \/>\n<meta property=\"og:description\" content=\"Der zweite Teil des 30. Jazzfestes M\u00fcnchen der Jazzmusiker-Initiative M\u00fcnchen JIM brachte an drei Abenden je drei Bands auf die B\u00fchne der Black Box im Gasteig. Bei diesen 9 Konzerten wurde das Festival-Thema \u201eBilder einer Ausstellung\u201c in unterschiedlicher Weise aufgenommen, aber insgesamt deutlicher als an den vorausgegangenen Festival-Abenden Ende Oktober: Das Modern String Quartet nahm das Motto w\u00f6rtlich und spielte Mussorgskys \u201eBilder eine Ausstellung\u201c swingend im eigenen Jazzarrangement. Ganz unmittelbar projizierte S\u00e4ngerin Nina Michelle ihre eigenen, starkfarbigen Gem\u00e4lde, meist mehr oder weniger abstrakte Kompositionen, zu ihren Liedern passend auf die gro\u00dfe Leinwand hinter der B\u00fchne. Begleitet von Peter Tuscher, Jan Eschke, Andreas Kurz und Rick Hollander. Das Duo Elwood &amp; Re\u00dfle hatte sich um die Performerin Ruth Geiersberges verst\u00e4rkt, um ihr Projekt wort- und klangstark zu pr\u00e4sentieren. Leider erschloss sich der Hintersinn dieser \u201eZeitreise 1877, 1966, 2019\u201c mit Bezug auf bestimmte Bilderwelten ohne erkl\u00e4rende Ansage nur dem, der ihn auf der Internetseite http:\/\/www.jazzfestmuenchen.de gelesen hatte. Kr\u00e4ftige Bilder im Kopf entstanden allerdings auch so. F\u00fcr heimatliche Bilder hatte Bassklarinettist und Saxophonist Hugo Siegmeth mit seiner Bayrisch Jazz Group (Irmi Haager, Josef Re\u00dfle, Andreas Kurz, Bastian J\u00fctte) &hellip;\" \/>\n<meta property=\"og:url\" content=\"https:\/\/www.jazzzeitung.de\/cms\/2019\/12\/30-jazzfest-der-jazzmusiker-initiative-muenchen-mehr-bilder-einer-ausstellung\/\" \/>\n<meta property=\"og:site_name\" content=\"JazzZeitung\" \/>\n<meta property=\"article:publisher\" content=\"https:\/\/www.facebook.com\/JazzZeitung\/\" \/>\n<meta property=\"article:published_time\" content=\"2019-12-21T06:54:30+00:00\" \/>\n<meta property=\"og:image\" content=\"https:\/\/i0.wp.com\/www.jazzzeitung.de\/cms\/wp-content\/uploads\/2019\/12\/SIEGMETHHugo\u252c\u00aeGodehard.Lutz@bayern-mail.de_IMGP0700B-scaled.jpg?w=416&#038;h=628&#038;ssl=1\" \/>\n<meta name=\"author\" content=\"Redaktion JazzZeitung\" \/>\n<script type=\"application\/ld+json\" class=\"yoast-schema-graph\">{\"@context\":\"https:\\\/\\\/schema.org\",\"@graph\":[{\"@type\":\"Article\",\"@id\":\"https:\\\/\\\/www.jazzzeitung.de\\\/cms\\\/2019\\\/12\\\/30-jazzfest-der-jazzmusiker-initiative-muenchen-mehr-bilder-einer-ausstellung\\\/#article\",\"isPartOf\":{\"@id\":\"https:\\\/\\\/www.jazzzeitung.de\\\/cms\\\/2019\\\/12\\\/30-jazzfest-der-jazzmusiker-initiative-muenchen-mehr-bilder-einer-ausstellung\\\/\"},\"author\":{\"name\":\"Redaktion JazzZeitung\",\"@id\":\"https:\\\/\\\/www.jazzzeitung.de\\\/cms\\\/#\\\/schema\\\/person\\\/2245b36b9cd1d24cea10f01c031fb92b\"},\"headline\":\"30. Jazzfest der Jazzmusiker-Initiative M\u00fcnchen, Teil 2: Noch mehr Bilder eines Festivals\",\"datePublished\":\"2019-12-21T06:54:30+00:00\",\"mainEntityOfPage\":{\"@id\":\"https:\\\/\\\/www.jazzzeitung.de\\\/cms\\\/2019\\\/12\\\/30-jazzfest-der-jazzmusiker-initiative-muenchen-mehr-bilder-einer-ausstellung\\\/\"},\"wordCount\":553,\"commentCount\":0,\"publisher\":{\"@id\":\"https:\\\/\\\/www.jazzzeitung.de\\\/cms\\\/#organization\"},\"keywords\":[\"2019\",\"Andreas Kurz\",\"Ausstellung\",\"Bastian J\u00fctte\",\"Bigband\",\"Bilder einer Ausstellung\",\"CD\",\"Charles Mingus\",\"duo\",\"Festival\",\"Festivals\",\"Fotos\",\"Gasteig\",\"Geoff Goodman\",\"Gesang\",\"Geschichte\",\"Godehard Lutz\",\"Hugo Siegmeth\",\"Jan Eschke\",\"Jazz\",\"Jazzfest\",\"Jazzgeschichte\",\"Jazzmusiker\",\"Jubil\u00e4um\",\"Jung\",\"Modern String Quartet\",\"M\u00fcnchen\",\"Oktober\",\"Pianisten\",\"Piano\",\"Preistr\u00e4ger\",\"S\",\"Schlagzeuger\",\"Swing\",\"Tournee\"],\"articleSection\":[\"Bericht\",\"Galerie\"],\"inLanguage\":\"de\",\"potentialAction\":[{\"@type\":\"CommentAction\",\"name\":\"Comment\",\"target\":[\"https:\\\/\\\/www.jazzzeitung.de\\\/cms\\\/2019\\\/12\\\/30-jazzfest-der-jazzmusiker-initiative-muenchen-mehr-bilder-einer-ausstellung\\\/#respond\"]}]},{\"@type\":\"WebPage\",\"@id\":\"https:\\\/\\\/www.jazzzeitung.de\\\/cms\\\/2019\\\/12\\\/30-jazzfest-der-jazzmusiker-initiative-muenchen-mehr-bilder-einer-ausstellung\\\/\",\"url\":\"https:\\\/\\\/www.jazzzeitung.de\\\/cms\\\/2019\\\/12\\\/30-jazzfest-der-jazzmusiker-initiative-muenchen-mehr-bilder-einer-ausstellung\\\/\",\"name\":\"30. Jazzfest der Jazzmusiker-Initiative M\u00fcnchen, Teil 2: Noch mehr Bilder eines Festivals - JazzZeitung\",\"isPartOf\":{\"@id\":\"https:\\\/\\\/www.jazzzeitung.de\\\/cms\\\/#website\"},\"datePublished\":\"2019-12-21T06:54:30+00:00\",\"breadcrumb\":{\"@id\":\"https:\\\/\\\/www.jazzzeitung.de\\\/cms\\\/2019\\\/12\\\/30-jazzfest-der-jazzmusiker-initiative-muenchen-mehr-bilder-einer-ausstellung\\\/#breadcrumb\"},\"inLanguage\":\"de\",\"potentialAction\":[{\"@type\":\"ReadAction\",\"target\":[\"https:\\\/\\\/www.jazzzeitung.de\\\/cms\\\/2019\\\/12\\\/30-jazzfest-der-jazzmusiker-initiative-muenchen-mehr-bilder-einer-ausstellung\\\/\"]}]},{\"@type\":\"BreadcrumbList\",\"@id\":\"https:\\\/\\\/www.jazzzeitung.de\\\/cms\\\/2019\\\/12\\\/30-jazzfest-der-jazzmusiker-initiative-muenchen-mehr-bilder-einer-ausstellung\\\/#breadcrumb\",\"itemListElement\":[{\"@type\":\"ListItem\",\"position\":1,\"name\":\"Startseite\",\"item\":\"https:\\\/\\\/www.jazzzeitung.de\\\/cms\\\/\"},{\"@type\":\"ListItem\",\"position\":2,\"name\":\"30. Jazzfest der Jazzmusiker-Initiative M\u00fcnchen, Teil 2: Noch mehr Bilder eines Festivals\"}]},{\"@type\":\"WebSite\",\"@id\":\"https:\\\/\\\/www.jazzzeitung.de\\\/cms\\\/#website\",\"url\":\"https:\\\/\\\/www.jazzzeitung.de\\\/cms\\\/\",\"name\":\"JazzZeitung\",\"description\":\"Jazz-News und Jazz-Kontroverses\",\"publisher\":{\"@id\":\"https:\\\/\\\/www.jazzzeitung.de\\\/cms\\\/#organization\"},\"potentialAction\":[{\"@type\":\"SearchAction\",\"target\":{\"@type\":\"EntryPoint\",\"urlTemplate\":\"https:\\\/\\\/www.jazzzeitung.de\\\/cms\\\/?s={search_term_string}\"},\"query-input\":{\"@type\":\"PropertyValueSpecification\",\"valueRequired\":true,\"valueName\":\"search_term_string\"}}],\"inLanguage\":\"de\"},{\"@type\":\"Organization\",\"@id\":\"https:\\\/\\\/www.jazzzeitung.de\\\/cms\\\/#organization\",\"name\":\"JazzZeitung online\",\"url\":\"https:\\\/\\\/www.jazzzeitung.de\\\/cms\\\/\",\"logo\":{\"@type\":\"ImageObject\",\"inLanguage\":\"de\",\"@id\":\"https:\\\/\\\/www.jazzzeitung.de\\\/cms\\\/#\\\/schema\\\/logo\\\/image\\\/\",\"url\":\"https:\\\/\\\/i0.wp.com\\\/www.jazzzeitung.de\\\/cms\\\/wp-content\\\/uploads\\\/2015\\\/08\\\/JAZZZEITUNGDE_Logo_Neu.png?fit=499%2C200&ssl=1\",\"contentUrl\":\"https:\\\/\\\/i0.wp.com\\\/www.jazzzeitung.de\\\/cms\\\/wp-content\\\/uploads\\\/2015\\\/08\\\/JAZZZEITUNGDE_Logo_Neu.png?fit=499%2C200&ssl=1\",\"width\":499,\"height\":200,\"caption\":\"JazzZeitung online\"},\"image\":{\"@id\":\"https:\\\/\\\/www.jazzzeitung.de\\\/cms\\\/#\\\/schema\\\/logo\\\/image\\\/\"},\"sameAs\":[\"https:\\\/\\\/www.facebook.com\\\/JazzZeitung\\\/\"]},{\"@type\":\"Person\",\"@id\":\"https:\\\/\\\/www.jazzzeitung.de\\\/cms\\\/#\\\/schema\\\/person\\\/2245b36b9cd1d24cea10f01c031fb92b\",\"name\":\"Redaktion JazzZeitung\",\"image\":{\"@type\":\"ImageObject\",\"inLanguage\":\"de\",\"@id\":\"https:\\\/\\\/i0.wp.com\\\/www.jazzzeitung.de\\\/cms\\\/wp-content\\\/uploads\\\/2015\\\/08\\\/JAZZZEITUNGDE_Logo_Neu.png?resize=96%2C96&ssl=159975dcacb611b5700bd619b5daf0a7a\",\"url\":\"https:\\\/\\\/i0.wp.com\\\/www.jazzzeitung.de\\\/cms\\\/wp-content\\\/uploads\\\/2015\\\/08\\\/JAZZZEITUNGDE_Logo_Neu.png?resize=96%2C96&ssl=1\",\"contentUrl\":\"https:\\\/\\\/i0.wp.com\\\/www.jazzzeitung.de\\\/cms\\\/wp-content\\\/uploads\\\/2015\\\/08\\\/JAZZZEITUNGDE_Logo_Neu.png?resize=96%2C96&ssl=1\",\"caption\":\"Redaktion JazzZeitung\"},\"description\":\"Artikel der Redaktion der JazzZeitung.\",\"sameAs\":[\"http:\\\/\\\/www.jazzzeitung.de\\\/cms\\\/\"],\"url\":\"https:\\\/\\\/www.jazzzeitung.de\\\/cms\\\/author\\\/redaktion\\\/\"}]}<\/script>\n<!-- \/ Yoast SEO plugin. -->","yoast_head_json":{"title":"30. Jazzfest der Jazzmusiker-Initiative M\u00fcnchen, Teil 2: Noch mehr Bilder eines Festivals - JazzZeitung","robots":{"index":"index","follow":"follow","max-snippet":"max-snippet:-1","max-image-preview":"max-image-preview:large","max-video-preview":"max-video-preview:-1"},"canonical":"https:\/\/www.jazzzeitung.de\/cms\/2019\/12\/30-jazzfest-der-jazzmusiker-initiative-muenchen-mehr-bilder-einer-ausstellung\/","og_locale":"de_DE","og_type":"article","og_title":"30. Jazzfest der Jazzmusiker-Initiative M\u00fcnchen, Teil 2: Noch mehr Bilder eines Festivals - JazzZeitung","og_description":"Der zweite Teil des 30. Jazzfestes M\u00fcnchen der Jazzmusiker-Initiative M\u00fcnchen JIM brachte an drei Abenden je drei Bands auf die B\u00fchne der Black Box im Gasteig. Bei diesen 9 Konzerten wurde das Festival-Thema \u201eBilder einer Ausstellung\u201c in unterschiedlicher Weise aufgenommen, aber insgesamt deutlicher als an den vorausgegangenen Festival-Abenden Ende Oktober: Das Modern String Quartet nahm das Motto w\u00f6rtlich und spielte Mussorgskys \u201eBilder eine Ausstellung\u201c swingend im eigenen Jazzarrangement. Ganz unmittelbar projizierte S\u00e4ngerin Nina Michelle ihre eigenen, starkfarbigen Gem\u00e4lde, meist mehr oder weniger abstrakte Kompositionen, zu ihren Liedern passend auf die gro\u00dfe Leinwand hinter der B\u00fchne. Begleitet von Peter Tuscher, Jan Eschke, Andreas Kurz und Rick Hollander. Das Duo Elwood &amp; Re\u00dfle hatte sich um die Performerin Ruth Geiersberges verst\u00e4rkt, um ihr Projekt wort- und klangstark zu pr\u00e4sentieren. Leider erschloss sich der Hintersinn dieser \u201eZeitreise 1877, 1966, 2019\u201c mit Bezug auf bestimmte Bilderwelten ohne erkl\u00e4rende Ansage nur dem, der ihn auf der Internetseite http:\/\/www.jazzfestmuenchen.de gelesen hatte. Kr\u00e4ftige Bilder im Kopf entstanden allerdings auch so. F\u00fcr heimatliche Bilder hatte Bassklarinettist und Saxophonist Hugo Siegmeth mit seiner Bayrisch Jazz Group (Irmi Haager, Josef Re\u00dfle, Andreas Kurz, Bastian J\u00fctte) &hellip;","og_url":"https:\/\/www.jazzzeitung.de\/cms\/2019\/12\/30-jazzfest-der-jazzmusiker-initiative-muenchen-mehr-bilder-einer-ausstellung\/","og_site_name":"JazzZeitung","article_publisher":"https:\/\/www.facebook.com\/JazzZeitung\/","article_published_time":"2019-12-21T06:54:30+00:00","og_image":[{"url":"https:\/\/i0.wp.com\/www.jazzzeitung.de\/cms\/wp-content\/uploads\/2019\/12\/SIEGMETHHugo\u252c\u00aeGodehard.Lutz@bayern-mail.de_IMGP0700B-scaled.jpg?w=416&#038;h=628&#038;ssl=1","type":"","width":"","height":""}],"author":"Redaktion JazzZeitung","schema":{"@context":"https:\/\/schema.org","@graph":[{"@type":"Article","@id":"https:\/\/www.jazzzeitung.de\/cms\/2019\/12\/30-jazzfest-der-jazzmusiker-initiative-muenchen-mehr-bilder-einer-ausstellung\/#article","isPartOf":{"@id":"https:\/\/www.jazzzeitung.de\/cms\/2019\/12\/30-jazzfest-der-jazzmusiker-initiative-muenchen-mehr-bilder-einer-ausstellung\/"},"author":{"name":"Redaktion JazzZeitung","@id":"https:\/\/www.jazzzeitung.de\/cms\/#\/schema\/person\/2245b36b9cd1d24cea10f01c031fb92b"},"headline":"30. Jazzfest der Jazzmusiker-Initiative M\u00fcnchen, Teil 2: Noch mehr Bilder eines Festivals","datePublished":"2019-12-21T06:54:30+00:00","mainEntityOfPage":{"@id":"https:\/\/www.jazzzeitung.de\/cms\/2019\/12\/30-jazzfest-der-jazzmusiker-initiative-muenchen-mehr-bilder-einer-ausstellung\/"},"wordCount":553,"commentCount":0,"publisher":{"@id":"https:\/\/www.jazzzeitung.de\/cms\/#organization"},"keywords":["2019","Andreas Kurz","Ausstellung","Bastian J\u00fctte","Bigband","Bilder einer Ausstellung","CD","Charles Mingus","duo","Festival","Festivals","Fotos","Gasteig","Geoff Goodman","Gesang","Geschichte","Godehard Lutz","Hugo Siegmeth","Jan Eschke","Jazz","Jazzfest","Jazzgeschichte","Jazzmusiker","Jubil\u00e4um","Jung","Modern String Quartet","M\u00fcnchen","Oktober","Pianisten","Piano","Preistr\u00e4ger","S","Schlagzeuger","Swing","Tournee"],"articleSection":["Bericht","Galerie"],"inLanguage":"de","potentialAction":[{"@type":"CommentAction","name":"Comment","target":["https:\/\/www.jazzzeitung.de\/cms\/2019\/12\/30-jazzfest-der-jazzmusiker-initiative-muenchen-mehr-bilder-einer-ausstellung\/#respond"]}]},{"@type":"WebPage","@id":"https:\/\/www.jazzzeitung.de\/cms\/2019\/12\/30-jazzfest-der-jazzmusiker-initiative-muenchen-mehr-bilder-einer-ausstellung\/","url":"https:\/\/www.jazzzeitung.de\/cms\/2019\/12\/30-jazzfest-der-jazzmusiker-initiative-muenchen-mehr-bilder-einer-ausstellung\/","name":"30. Jazzfest der Jazzmusiker-Initiative M\u00fcnchen, Teil 2: Noch mehr Bilder eines Festivals - JazzZeitung","isPartOf":{"@id":"https:\/\/www.jazzzeitung.de\/cms\/#website"},"datePublished":"2019-12-21T06:54:30+00:00","breadcrumb":{"@id":"https:\/\/www.jazzzeitung.de\/cms\/2019\/12\/30-jazzfest-der-jazzmusiker-initiative-muenchen-mehr-bilder-einer-ausstellung\/#breadcrumb"},"inLanguage":"de","potentialAction":[{"@type":"ReadAction","target":["https:\/\/www.jazzzeitung.de\/cms\/2019\/12\/30-jazzfest-der-jazzmusiker-initiative-muenchen-mehr-bilder-einer-ausstellung\/"]}]},{"@type":"BreadcrumbList","@id":"https:\/\/www.jazzzeitung.de\/cms\/2019\/12\/30-jazzfest-der-jazzmusiker-initiative-muenchen-mehr-bilder-einer-ausstellung\/#breadcrumb","itemListElement":[{"@type":"ListItem","position":1,"name":"Startseite","item":"https:\/\/www.jazzzeitung.de\/cms\/"},{"@type":"ListItem","position":2,"name":"30. Jazzfest der Jazzmusiker-Initiative M\u00fcnchen, Teil 2: Noch mehr Bilder eines Festivals"}]},{"@type":"WebSite","@id":"https:\/\/www.jazzzeitung.de\/cms\/#website","url":"https:\/\/www.jazzzeitung.de\/cms\/","name":"JazzZeitung","description":"Jazz-News und Jazz-Kontroverses","publisher":{"@id":"https:\/\/www.jazzzeitung.de\/cms\/#organization"},"potentialAction":[{"@type":"SearchAction","target":{"@type":"EntryPoint","urlTemplate":"https:\/\/www.jazzzeitung.de\/cms\/?s={search_term_string}"},"query-input":{"@type":"PropertyValueSpecification","valueRequired":true,"valueName":"search_term_string"}}],"inLanguage":"de"},{"@type":"Organization","@id":"https:\/\/www.jazzzeitung.de\/cms\/#organization","name":"JazzZeitung online","url":"https:\/\/www.jazzzeitung.de\/cms\/","logo":{"@type":"ImageObject","inLanguage":"de","@id":"https:\/\/www.jazzzeitung.de\/cms\/#\/schema\/logo\/image\/","url":"https:\/\/i0.wp.com\/www.jazzzeitung.de\/cms\/wp-content\/uploads\/2015\/08\/JAZZZEITUNGDE_Logo_Neu.png?fit=499%2C200&ssl=1","contentUrl":"https:\/\/i0.wp.com\/www.jazzzeitung.de\/cms\/wp-content\/uploads\/2015\/08\/JAZZZEITUNGDE_Logo_Neu.png?fit=499%2C200&ssl=1","width":499,"height":200,"caption":"JazzZeitung online"},"image":{"@id":"https:\/\/www.jazzzeitung.de\/cms\/#\/schema\/logo\/image\/"},"sameAs":["https:\/\/www.facebook.com\/JazzZeitung\/"]},{"@type":"Person","@id":"https:\/\/www.jazzzeitung.de\/cms\/#\/schema\/person\/2245b36b9cd1d24cea10f01c031fb92b","name":"Redaktion JazzZeitung","image":{"@type":"ImageObject","inLanguage":"de","@id":"https:\/\/i0.wp.com\/www.jazzzeitung.de\/cms\/wp-content\/uploads\/2015\/08\/JAZZZEITUNGDE_Logo_Neu.png?resize=96%2C96&ssl=159975dcacb611b5700bd619b5daf0a7a","url":"https:\/\/i0.wp.com\/www.jazzzeitung.de\/cms\/wp-content\/uploads\/2015\/08\/JAZZZEITUNGDE_Logo_Neu.png?resize=96%2C96&ssl=1","contentUrl":"https:\/\/i0.wp.com\/www.jazzzeitung.de\/cms\/wp-content\/uploads\/2015\/08\/JAZZZEITUNGDE_Logo_Neu.png?resize=96%2C96&ssl=1","caption":"Redaktion JazzZeitung"},"description":"Artikel der Redaktion der JazzZeitung.","sameAs":["http:\/\/www.jazzzeitung.de\/cms\/"],"url":"https:\/\/www.jazzzeitung.de\/cms\/author\/redaktion\/"}]}},"wp-worthy-pixel":{"ignored":false,"public":null,"server":null,"url":null},"wp-worthy-type":"normal","jetpack_publicize_connections":[],"cc_featured_image_caption":{"caption_text":"","source_text":"","source_url":""},"jetpack_featured_media_url":"","jetpack_shortlink":"https:\/\/wp.me\/p3KEcT-5At","jetpack-related-posts":[{"id":20922,"url":"https:\/\/www.jazzzeitung.de\/cms\/2019\/10\/news-wormser-jazzpreis-2019-fuer-den-saxophonisten-fabian-schoenejazzfest-muenchen-feiert-30-jaehriges-jubilaeum\/","url_meta":{"origin":21481,"position":0},"title":"+++News: +++Wormser Jazzpreis 2019 f\u00fcr den Saxophonisten Fabian Sch\u00f6ne+++Jazzfest M\u00fcnchen feiert 30-j\u00e4hriges Jubil\u00e4um+++","author":"Redaktion JazzZeitung","date":"18. Oktober 2019","format":false,"excerpt":"Wormser Jazzpreis 2019 Der Wormser Jazzpreis geht in diesem Jahr an den Mannheimer Saxophonisten Fabian Sch\u00f6ne. Der Musiker erh\u00e4lt den mit 5.000 Euro dotierten Preis f\u00fcr sein \u201eversiertes, gereiftes Saxophonspiel und seine kompositorischen F\u00e4higkeiten\u201c, begr\u00fcndet die Jury ihre Entscheidung. Der 32-J\u00e4hrige habe in den vergangenen Jahren nicht nur als Sideman\u2026","rel":"","context":"In &quot;News&quot;","block_context":{"text":"News","link":"https:\/\/www.jazzzeitung.de\/cms\/thema\/nachrichten\/"},"img":{"alt_text":"","src":"https:\/\/i0.wp.com\/www.jazzzeitung.de\/cms\/wp-content\/uploads\/2019\/10\/Fabian-21_photo_by-Rocco_D%C3%BCrlich.jpg?fit=1200%2C795&ssl=1&resize=350%2C200","width":350,"height":200,"srcset":"https:\/\/i0.wp.com\/www.jazzzeitung.de\/cms\/wp-content\/uploads\/2019\/10\/Fabian-21_photo_by-Rocco_D%C3%BCrlich.jpg?fit=1200%2C795&ssl=1&resize=350%2C200 1x, https:\/\/i0.wp.com\/www.jazzzeitung.de\/cms\/wp-content\/uploads\/2019\/10\/Fabian-21_photo_by-Rocco_D%C3%BCrlich.jpg?fit=1200%2C795&ssl=1&resize=525%2C300 1.5x, https:\/\/i0.wp.com\/www.jazzzeitung.de\/cms\/wp-content\/uploads\/2019\/10\/Fabian-21_photo_by-Rocco_D%C3%BCrlich.jpg?fit=1200%2C795&ssl=1&resize=700%2C400 2x, https:\/\/i0.wp.com\/www.jazzzeitung.de\/cms\/wp-content\/uploads\/2019\/10\/Fabian-21_photo_by-Rocco_D%C3%BCrlich.jpg?fit=1200%2C795&ssl=1&resize=1050%2C600 3x"},"classes":[]},{"id":21087,"url":"https:\/\/www.jazzzeitung.de\/cms\/2019\/10\/zum-30-jazzfest-der-jazzmusiker-initiative-muenchen\/","url_meta":{"origin":21481,"position":1},"title":"Das 30. Jazzfest der Jazzmusiker-Initiative M\u00fcnchen \u2013 erste Halbzeit","author":"Redaktion JazzZeitung","date":"31. Oktober 2019","format":false,"excerpt":"Das 30. Jazzfest der Jazzmusiker-Initiative M\u00fcnchen JIM begann mit zwei Konzerten\u00a0 in der Black Box im Kulturzentrum Gasteig. Dort ist es durch die Unterst\u00fctzung des Kulturreferats der Stadt M\u00fcnchen seit einigen Jahren zu Hause. Begonnen hat es 1990 als 5-t\u00e4gige Selbstdarstellung und Werbeveranstaltung der M\u00fcnchener Jazzszene. Aus ihr gr\u00fcndete sich\u2026","rel":"","context":"In &quot;News&quot;","block_context":{"text":"News","link":"https:\/\/www.jazzzeitung.de\/cms\/thema\/nachrichten\/"},"img":{"alt_text":"","src":"https:\/\/i0.wp.com\/www.jazzzeitung.de\/cms\/wp-content\/uploads\/2019\/10\/%E2%94%AC%C2%AEGodehard.Lutz%40bayern-mail.de_IMGP0337.jpg?fit=1200%2C795&ssl=1&resize=350%2C200","width":350,"height":200,"srcset":"https:\/\/i0.wp.com\/www.jazzzeitung.de\/cms\/wp-content\/uploads\/2019\/10\/%E2%94%AC%C2%AEGodehard.Lutz%40bayern-mail.de_IMGP0337.jpg?fit=1200%2C795&ssl=1&resize=350%2C200 1x, https:\/\/i0.wp.com\/www.jazzzeitung.de\/cms\/wp-content\/uploads\/2019\/10\/%E2%94%AC%C2%AEGodehard.Lutz%40bayern-mail.de_IMGP0337.jpg?fit=1200%2C795&ssl=1&resize=525%2C300 1.5x, https:\/\/i0.wp.com\/www.jazzzeitung.de\/cms\/wp-content\/uploads\/2019\/10\/%E2%94%AC%C2%AEGodehard.Lutz%40bayern-mail.de_IMGP0337.jpg?fit=1200%2C795&ssl=1&resize=700%2C400 2x, https:\/\/i0.wp.com\/www.jazzzeitung.de\/cms\/wp-content\/uploads\/2019\/10\/%E2%94%AC%C2%AEGodehard.Lutz%40bayern-mail.de_IMGP0337.jpg?fit=1200%2C795&ssl=1&resize=1050%2C600 3x"},"classes":[]},{"id":20588,"url":"https:\/\/www.jazzzeitung.de\/cms\/2019\/09\/news-erstausstrahlung-dokumentation-ueber-die-brueder-kuehn-30-jazzfestival-muenchen-2019\/","url_meta":{"origin":21481,"position":2},"title":"+++ News +++ Erstausstrahlung der Dokumentation \u00fcber die Br\u00fcder K\u00fchn +++ 30. Jazzfestival M\u00fcnchen 2019 +++","author":"Redaktion JazzZeitung","date":"4. September 2019","format":false,"excerpt":"+++ Erstausstrahlung der Dokumentation \u00fcber die Br\u00fcder K\u00fchn +++ Rolf K\u00fchn ist Meister der Jazz-Klarinette. Er arbeitete mit Benny Goodman oder Count Basie zusammen und seine Markenzeichen sind bis heute seine Neugier und Experimentierlust. Sein Bruder Joachim K\u00fchn steht ihm in dieser Hinsicht als Pianist in nichts nach. Bekannt ist\u2026","rel":"","context":"In &quot;News&quot;","block_context":{"text":"News","link":"https:\/\/www.jazzzeitung.de\/cms\/thema\/nachrichten\/"},"img":{"alt_text":"","src":"https:\/\/i0.wp.com\/www.jazzzeitung.de\/cms\/wp-content\/uploads\/2019\/09\/00000001.jpg?fit=1200%2C793&ssl=1&resize=350%2C200","width":350,"height":200,"srcset":"https:\/\/i0.wp.com\/www.jazzzeitung.de\/cms\/wp-content\/uploads\/2019\/09\/00000001.jpg?fit=1200%2C793&ssl=1&resize=350%2C200 1x, https:\/\/i0.wp.com\/www.jazzzeitung.de\/cms\/wp-content\/uploads\/2019\/09\/00000001.jpg?fit=1200%2C793&ssl=1&resize=525%2C300 1.5x, https:\/\/i0.wp.com\/www.jazzzeitung.de\/cms\/wp-content\/uploads\/2019\/09\/00000001.jpg?fit=1200%2C793&ssl=1&resize=700%2C400 2x, https:\/\/i0.wp.com\/www.jazzzeitung.de\/cms\/wp-content\/uploads\/2019\/09\/00000001.jpg?fit=1200%2C793&ssl=1&resize=1050%2C600 3x"},"classes":[]},{"id":10640,"url":"https:\/\/www.jazzzeitung.de\/cms\/2016\/10\/jim-jazzfest-muenchen-startet-mir-einem-kurzflug-durch-die-jazzgeschichte-in-den-offenen-raum\/","url_meta":{"origin":21481,"position":3},"title":"JIM-Jazzfest M\u00fcnchen startet mir einem Kurzflug durch die Jazzgeschichte in den offenen Raum","author":"Redaktion JazzZeitung","date":"22. Oktober 2016","format":false,"excerpt":"Das 27. Jazzfest M\u00fcnchen bleibt weiter der selbst gestellten Aufgabe treu, zu zeigen, \u201ewelche Musiker in M\u00fcnchen und Umgebung basiert sind oder es fr\u00fcher waren\u201c und wie sie mit Kollegen aus der ganzen Welt zusammenarbeiten. Gegens\u00e4tzlicher h\u00e4tte Pianist Andy Lutter, Vorsitzender der Jazzmusiker-Iniative M\u00fcnchen (JIM) und Programmmacher des Jazzfest M\u00fcnchen\u2026","rel":"","context":"In &quot;Bericht&quot;","block_context":{"text":"Bericht","link":"https:\/\/www.jazzzeitung.de\/cms\/thema\/bericht\/"},"img":{"alt_text":"","src":"https:\/\/i0.wp.com\/www.jazzzeitung.de\/cms\/wp-content\/uploads\/2016\/10\/KRAUSEClaas-VERWORNERChristopherVKKO%C2%A9Godehard.Lutz%40bayern-mail.de_IMGP8274B-1.jpg?resize=350%2C200","width":350,"height":200,"srcset":"https:\/\/i0.wp.com\/www.jazzzeitung.de\/cms\/wp-content\/uploads\/2016\/10\/KRAUSEClaas-VERWORNERChristopherVKKO%C2%A9Godehard.Lutz%40bayern-mail.de_IMGP8274B-1.jpg?resize=350%2C200 1x, https:\/\/i0.wp.com\/www.jazzzeitung.de\/cms\/wp-content\/uploads\/2016\/10\/KRAUSEClaas-VERWORNERChristopherVKKO%C2%A9Godehard.Lutz%40bayern-mail.de_IMGP8274B-1.jpg?resize=525%2C300 1.5x, https:\/\/i0.wp.com\/www.jazzzeitung.de\/cms\/wp-content\/uploads\/2016\/10\/KRAUSEClaas-VERWORNERChristopherVKKO%C2%A9Godehard.Lutz%40bayern-mail.de_IMGP8274B-1.jpg?resize=700%2C400 2x, https:\/\/i0.wp.com\/www.jazzzeitung.de\/cms\/wp-content\/uploads\/2016\/10\/KRAUSEClaas-VERWORNERChristopherVKKO%C2%A9Godehard.Lutz%40bayern-mail.de_IMGP8274B-1.jpg?resize=1050%2C600 3x, https:\/\/i0.wp.com\/www.jazzzeitung.de\/cms\/wp-content\/uploads\/2016\/10\/KRAUSEClaas-VERWORNERChristopherVKKO%C2%A9Godehard.Lutz%40bayern-mail.de_IMGP8274B-1.jpg?resize=1400%2C800 4x"},"classes":[]},{"id":7893,"url":"https:\/\/www.jazzzeitung.de\/cms\/2015\/12\/jazzfest-muenchen-2015-mit-vocal-schwerpunkt\/","url_meta":{"origin":21481,"position":4},"title":"Jazzfest M\u00fcnchen 2015 mit Vocal-Schwerpunkt","author":"Redaktion JazzZeitung","date":"3. Dezember 2015","format":false,"excerpt":"H\u00f6ren Sie Stimmen! - das diesj\u00e4hrige Jazzfest M\u00fcnchen meint damit: keine Einbildung unserer von Bildern, Zeichen und deren Echtzeitkommunikation zum schwarzen Loch geschrumpften IT-Weltkugel. Stattdessen Raumvergr\u00f6\u00dferung! An drei Tagen vom 10. bis 12. Dezember pr\u00e4sentiert das 26. Jazzfest der Jazzmusiker Initiative M\u00fcnchen in der Black Box im Gasteig mit neun\u2026","rel":"","context":"In &quot;News&quot;","block_context":{"text":"News","link":"https:\/\/www.jazzzeitung.de\/cms\/thema\/nachrichten\/"},"img":{"alt_text":"Ungew\u00f6hnliche Besetzung: Munich Composers Collective: Foto: MCC ","src":"https:\/\/i0.wp.com\/www.jazzzeitung.de\/cms\/wp-content\/uploads\/2015\/12\/MCC-150x150.jpg?resize=350%2C200","width":350,"height":200},"classes":[]},{"id":639,"url":"https:\/\/www.jazzzeitung.de\/cms\/2010\/12\/ausstellungstipp-jazz-in-muenchen\/","url_meta":{"origin":21481,"position":5},"title":"Ausstellungstipp: Jazz in M\u00fcnchen","author":"J\u00f6rg Lichtinger","date":"16. Dezember 2010","format":false,"excerpt":"Im Jahr 2007 wurde die von den Autoren Gisela Kurz und Hermann Wilhelm bereits zuvor als Brosch\u00fcre erschienene Geschichte des Jazz in M\u00fcnchen beim Verlag der Lentnerschen Buchhandlung als Hardcover neu verlegt. Zu den Feierlichkeiten 25 Jahre Gasteig ist in M\u00fcnchen aus diesem Fundus jetzt eine Ausstellung konzipiert worden. Das\u2026","rel":"","context":"In &quot;Blog&quot;","block_context":{"text":"Blog","link":"https:\/\/www.jazzzeitung.de\/cms\/thema\/blog\/"},"img":{"alt_text":"Redakteur der ersten Stunde beim BR: Werner G\u00f6tze. Foto: BR\/Lindinger","src":"https:\/\/i0.wp.com\/www.jazzzeitung.de\/cms\/wp-content\/uploads\/2010\/07\/G%C3%B6tze-217x300.jpg?resize=350%2C200","width":350,"height":200},"classes":[]}],"jetpack_sharing_enabled":true,"_links":{"self":[{"href":"https:\/\/www.jazzzeitung.de\/cms\/wp-json\/wp\/v2\/posts\/21481","targetHints":{"allow":["GET"]}}],"collection":[{"href":"https:\/\/www.jazzzeitung.de\/cms\/wp-json\/wp\/v2\/posts"}],"about":[{"href":"https:\/\/www.jazzzeitung.de\/cms\/wp-json\/wp\/v2\/types\/post"}],"author":[{"embeddable":true,"href":"https:\/\/www.jazzzeitung.de\/cms\/wp-json\/wp\/v2\/users\/18"}],"replies":[{"embeddable":true,"href":"https:\/\/www.jazzzeitung.de\/cms\/wp-json\/wp\/v2\/comments?post=21481"}],"version-history":[{"count":6,"href":"https:\/\/www.jazzzeitung.de\/cms\/wp-json\/wp\/v2\/posts\/21481\/revisions"}],"predecessor-version":[{"id":21568,"href":"https:\/\/www.jazzzeitung.de\/cms\/wp-json\/wp\/v2\/posts\/21481\/revisions\/21568"}],"wp:attachment":[{"href":"https:\/\/www.jazzzeitung.de\/cms\/wp-json\/wp\/v2\/media?parent=21481"}],"wp:term":[{"taxonomy":"category","embeddable":true,"href":"https:\/\/www.jazzzeitung.de\/cms\/wp-json\/wp\/v2\/categories?post=21481"},{"taxonomy":"post_tag","embeddable":true,"href":"https:\/\/www.jazzzeitung.de\/cms\/wp-json\/wp\/v2\/tags?post=21481"},{"taxonomy":"author","embeddable":true,"href":"https:\/\/www.jazzzeitung.de\/cms\/wp-json\/wp\/v2\/coauthors?post=21481"}],"curies":[{"name":"wp","href":"https:\/\/api.w.org\/{rel}","templated":true}]}}