{"id":21448,"date":"2019-12-10T10:06:31","date_gmt":"2019-12-10T09:06:31","guid":{"rendered":"https:\/\/www.jazzzeitung.de\/cms\/?p=21448"},"modified":"2019-12-10T12:37:22","modified_gmt":"2019-12-10T11:37:22","slug":"nicotheo-gastieren-im-birdland-neuburg","status":"publish","type":"post","link":"https:\/\/www.jazzzeitung.de\/cms\/2019\/12\/nicotheo-gastieren-im-birdland-neuburg\/","title":{"rendered":"Nicotheo gastieren im Birdland Neuburg"},"content":{"rendered":"<p><strong>Text und Foto: Karl Leitner. Immer wieder bietet der Birdland Jazzclub in Neuburg neben internationalen Gr\u00f6\u00dfen auch einheimischen Jazzmusikern ein Forum. Diesmal ist das Quintett Nicotheo zu Gast. Die Band passt deswegen in die dort bereits seit Jahren etablierte Reihe \u201eJazz aus der Region\u201c, weil Gitarrist Simon Schneid seine Kindheit in der Stadt an der Donau verbracht hat. Mittlerweile studiert er zwar an der Musikhochschule f\u00fcr Musik in W\u00fcrzburg und unterh\u00e4lt dort seit 2018 zusammen mit Nico Theodossiadis (Alt- und Sopransaxofon, Querfl\u00f6te), Jan Peter Itze (Klavier), Hannes Stegmeier (Bass) und Konrad Patzig (Schlagzeug) eine eigene Band, hat im Birdland aber nat\u00fcrlich trotzdem quasi ein Heimspiel.<\/strong><\/p>\n<p>Wenn f\u00fcnf Musiker sich treffen, kommt keiner ohne Hintergrund zum ersten Meeting. In diesem Fall sind es Rock, Pop, Modern Jazz, Funk, Soul, Klassik und griechische Folklore. Es kommt einiges zusammen, was da unter einen Hut zu bringen ist, will man f\u00fcr eine Formation eine musikalische Sprache finden. Der Prozess, einen gemeinsamen Nenner zu finden, kann im Falle Nicotheo nach so kurzer Zeit naturgem\u00e4\u00df noch nicht abgeschlossen sein, stattdessen ist der Weg das Ziel. Auf diesem Weg als Zuh\u00f6rer ein St\u00fcck mitgenommen zu werden, ist allerdings \u00fcberaus spannend.<\/p>\n<h4>Ertragreiche Suche nach dem gemeinsamen Nenner<\/h4>\n<p>Noch sind die Einfl\u00fcsse deutlich erkennbar, in Theodossiadis\u2019 \u201eZembekiko\u201c etwa, das er aus einem griechischen Kriegstanz entwickelt hat, in Schneids Gitarrenarbeit zwischen George Benson und Pat Metheny einer- und dem tiefen Griff in die Rockkiste vermittels Synth-axe-Sounds andererseits. In den funky Grooves des Bassisten, im federnden Beat des Drummers, den Querverweisen auf Brad Mehldau und Michael Wollny durch den Pianisten, den quirligen Saxofonfiguren. Noch vermitteln einige St\u00fccke den Eindruck, als st\u00fcnden einzelne Bausteine nebeneinander, in den allermeisten F\u00e4llen ergeben sich aus ihnen jedoch bereits in dieser Phase \u00fcberaus reizvolle Kombinationen.<\/p>\n<p>Ob es sich dabei vor der Pause um Adaptionen von Richie Beirach oder des Esbj\u00f6rn Svensson Trios oder um \u201eInner Peace\u201c und \u201eThoughts Of The Past\u201c aus der Feder Jan Peter Itzes handelt oder im zweiten Abschnitt um die Titel der ersten Albums \u201eRoots\u201c, ist gar nicht entscheidend. Wichtig ist, dass zusammenw\u00e4chst was zusammengeh\u00f6rt, und dass man Zeuge dieses Prozesses sein darf.<\/p>\n<p>Sehr schnell spielt sich die junge Band an diesem Abend frei, f\u00fchlt sich zus\u00e4tzlich angespornt durch den Szenenapplaus aus dem Publikum. Bald ist klar: Hier kann und wird nichts mehr anbrennen, man wird nach diesem Heimspiel das Birdland als Sieger verlassen. Und genau so kommt es. Ohne Zugabe d\u00fcrfen die Musiker nicht in der Garderobe verschwinden. \u2013\u00a0 Vermutlich wird man sie ja sowieso bald wiedersehen. Hier im Birdland oder anderswo. Bei all dem Kreativpotential, das in ihnen steckt, w\u00e4re alles andere absolut verwunderlich, Bis dahin wird man ihre Musik im Ohr und sie selbst im Auge behalten. Beides lohnt sich.<\/p>\n<p>&nbsp;<\/p>\n<p>Titelbild (<span style=\"font-size: 10.0pt; font-family: 'Arial',sans-serif; color: black;\">v.l.n.r.) Jan Peter Itze (p), Nico Theodossiadis (as,ss,fl), Hannes Stegmeier (b), Konrad <span data-cmp_parsed_location_name=\"Patzig\" data-cmp_parsed_location_weather=\"K13061026\" data-cmp_parsed_location_other=\"0\" data-ce-class=\"Locations\"><span class=\"cmpparsedlocation\">Patzig<\/span><\/span> (dr), Simon Schneid (g).<br \/>\n<\/span><\/p>\n<p>&nbsp;<\/p>\n","protected":false},"excerpt":{"rendered":"<p>Text und Foto: Karl Leitner. Immer wieder bietet der Birdland Jazzclub in Neuburg neben internationalen Gr\u00f6\u00dfen auch einheimischen Jazzmusikern ein Forum. Diesmal ist das Quintett Nicotheo zu Gast. Die Band passt deswegen in die dort bereits seit Jahren etablierte Reihe \u201eJazz aus der Region\u201c, weil Gitarrist Simon Schneid seine Kindheit in der Stadt an der Donau verbracht hat. Mittlerweile studiert er zwar an der Musikhochschule f\u00fcr Musik in W\u00fcrzburg und unterh\u00e4lt dort seit 2018 zusammen mit Nico Theodossiadis (Alt- und Sopransaxofon, Querfl\u00f6te), Jan Peter Itze (Klavier), Hannes Stegmeier (Bass) und Konrad Patzig (Schlagzeug) eine eigene Band, hat im Birdland aber nat\u00fcrlich trotzdem quasi ein Heimspiel. Wenn f\u00fcnf Musiker sich treffen, kommt keiner ohne Hintergrund zum ersten Meeting. In diesem Fall sind es Rock, Pop, Modern Jazz, Funk, Soul, Klassik und griechische Folklore. Es kommt einiges zusammen, was da unter einen Hut zu bringen ist, will man f\u00fcr eine Formation eine musikalische Sprache finden. Der Prozess, einen gemeinsamen Nenner zu finden, kann im Falle Nicotheo nach so kurzer Zeit naturgem\u00e4\u00df noch nicht abgeschlossen sein, stattdessen ist der Weg das Ziel. Auf diesem Weg als Zuh\u00f6rer ein &hellip;<\/p>\n","protected":false},"author":18,"featured_media":21453,"comment_status":"open","ping_status":"closed","sticky":false,"template":"","format":"standard","meta":{"_jetpack_memberships_contains_paid_content":false,"footnotes":"","jetpack_publicize_message":"","jetpack_publicize_feature_enabled":true,"jetpack_social_post_already_shared":false,"jetpack_social_options":{"image_generator_settings":{"template":"highway","default_image_id":0,"font":"","enabled":false},"version":2}},"categories":[1053],"tags":[1959,1763,1197,667,80,1334,169,1846,1876,271,2854,316,2830,388,666,2853,385,2080,447,1250,1564],"coauthors":[695],"class_list":["post-21448","post","type-post","status-publish","format-standard","has-post-thumbnail","hentry","category-bericht","tag-1959","tag-bass","tag-bericht","tag-birdland","tag-birdland-neuburg","tag-brad-mehldau","tag-esbjoern-svensson","tag-george-benson","tag-jazz","tag-jazzclub","tag-karl-leitner","tag-klassik","tag-konzertbericht","tag-michael-wollny","tag-neuburg","tag-nicotheo","tag-metheny","tag-pianisten","tag-pop","tag-rock","tag-schlagzeug"],"yoast_head":"<!-- This site is optimized with the Yoast SEO plugin v27.5 - https:\/\/yoast.com\/product\/yoast-seo-wordpress\/ -->\n<title>Nicotheo gastieren im Birdland Neuburg - JazzZeitung<\/title>\n<meta name=\"robots\" content=\"index, follow, max-snippet:-1, max-image-preview:large, max-video-preview:-1\" \/>\n<link rel=\"canonical\" href=\"https:\/\/www.jazzzeitung.de\/cms\/2019\/12\/nicotheo-gastieren-im-birdland-neuburg\/\" \/>\n<meta property=\"og:locale\" content=\"de_DE\" \/>\n<meta property=\"og:type\" content=\"article\" \/>\n<meta property=\"og:title\" content=\"Nicotheo gastieren im Birdland Neuburg - JazzZeitung\" \/>\n<meta property=\"og:description\" content=\"Text und Foto: Karl Leitner. Immer wieder bietet der Birdland Jazzclub in Neuburg neben internationalen Gr\u00f6\u00dfen auch einheimischen Jazzmusikern ein Forum. Diesmal ist das Quintett Nicotheo zu Gast. Die Band passt deswegen in die dort bereits seit Jahren etablierte Reihe \u201eJazz aus der Region\u201c, weil Gitarrist Simon Schneid seine Kindheit in der Stadt an der Donau verbracht hat. Mittlerweile studiert er zwar an der Musikhochschule f\u00fcr Musik in W\u00fcrzburg und unterh\u00e4lt dort seit 2018 zusammen mit Nico Theodossiadis (Alt- und Sopransaxofon, Querfl\u00f6te), Jan Peter Itze (Klavier), Hannes Stegmeier (Bass) und Konrad Patzig (Schlagzeug) eine eigene Band, hat im Birdland aber nat\u00fcrlich trotzdem quasi ein Heimspiel. Wenn f\u00fcnf Musiker sich treffen, kommt keiner ohne Hintergrund zum ersten Meeting. In diesem Fall sind es Rock, Pop, Modern Jazz, Funk, Soul, Klassik und griechische Folklore. Es kommt einiges zusammen, was da unter einen Hut zu bringen ist, will man f\u00fcr eine Formation eine musikalische Sprache finden. Der Prozess, einen gemeinsamen Nenner zu finden, kann im Falle Nicotheo nach so kurzer Zeit naturgem\u00e4\u00df noch nicht abgeschlossen sein, stattdessen ist der Weg das Ziel. Auf diesem Weg als Zuh\u00f6rer ein &hellip;\" \/>\n<meta property=\"og:url\" content=\"https:\/\/www.jazzzeitung.de\/cms\/2019\/12\/nicotheo-gastieren-im-birdland-neuburg\/\" \/>\n<meta property=\"og:site_name\" content=\"JazzZeitung\" \/>\n<meta property=\"article:publisher\" content=\"https:\/\/www.facebook.com\/JazzZeitung\/\" \/>\n<meta property=\"article:published_time\" content=\"2019-12-10T09:06:31+00:00\" \/>\n<meta property=\"article:modified_time\" content=\"2019-12-10T11:37:22+00:00\" \/>\n<meta property=\"og:image\" content=\"https:\/\/i0.wp.com\/www.jazzzeitung.de\/cms\/wp-content\/uploads\/2019\/12\/PC070113-scaled.jpg?fit=2560%2C1920&ssl=1\" \/>\n\t<meta property=\"og:image:width\" content=\"2560\" \/>\n\t<meta property=\"og:image:height\" content=\"1920\" \/>\n\t<meta property=\"og:image:type\" content=\"image\/jpeg\" \/>\n<meta name=\"author\" content=\"Redaktion JazzZeitung\" \/>\n<script type=\"application\/ld+json\" class=\"yoast-schema-graph\">{\"@context\":\"https:\\\/\\\/schema.org\",\"@graph\":[{\"@type\":\"Article\",\"@id\":\"https:\\\/\\\/www.jazzzeitung.de\\\/cms\\\/2019\\\/12\\\/nicotheo-gastieren-im-birdland-neuburg\\\/#article\",\"isPartOf\":{\"@id\":\"https:\\\/\\\/www.jazzzeitung.de\\\/cms\\\/2019\\\/12\\\/nicotheo-gastieren-im-birdland-neuburg\\\/\"},\"author\":{\"name\":\"Redaktion JazzZeitung\",\"@id\":\"https:\\\/\\\/www.jazzzeitung.de\\\/cms\\\/#\\\/schema\\\/person\\\/2245b36b9cd1d24cea10f01c031fb92b\"},\"headline\":\"Nicotheo gastieren im Birdland Neuburg\",\"datePublished\":\"2019-12-10T09:06:31+00:00\",\"dateModified\":\"2019-12-10T11:37:22+00:00\",\"mainEntityOfPage\":{\"@id\":\"https:\\\/\\\/www.jazzzeitung.de\\\/cms\\\/2019\\\/12\\\/nicotheo-gastieren-im-birdland-neuburg\\\/\"},\"wordCount\":500,\"commentCount\":0,\"publisher\":{\"@id\":\"https:\\\/\\\/www.jazzzeitung.de\\\/cms\\\/#organization\"},\"image\":{\"@id\":\"https:\\\/\\\/www.jazzzeitung.de\\\/cms\\\/2019\\\/12\\\/nicotheo-gastieren-im-birdland-neuburg\\\/#primaryimage\"},\"thumbnailUrl\":\"https:\\\/\\\/i0.wp.com\\\/www.jazzzeitung.de\\\/cms\\\/wp-content\\\/uploads\\\/2019\\\/12\\\/PC070113-scaled.jpg?fit=2560%2C1920&ssl=1\",\"keywords\":[\"2018\",\"Bass\",\"Bericht\",\"Birdland\",\"Birdland Neuburg\",\"Brad Mehldau\",\"Esbj\u00f6rn Svensson\",\"George Benson\",\"Jazz\",\"Jazzclub\",\"Karl Leitner\",\"Klassik\",\"Konzertbericht\",\"Michael Wollny\",\"Neuburg\",\"Nicotheo\",\"Pat Metheny\",\"Pianisten\",\"Pop\",\"Rock\",\"Schlagzeug\"],\"articleSection\":[\"Bericht\"],\"inLanguage\":\"de\",\"potentialAction\":[{\"@type\":\"CommentAction\",\"name\":\"Comment\",\"target\":[\"https:\\\/\\\/www.jazzzeitung.de\\\/cms\\\/2019\\\/12\\\/nicotheo-gastieren-im-birdland-neuburg\\\/#respond\"]}]},{\"@type\":\"WebPage\",\"@id\":\"https:\\\/\\\/www.jazzzeitung.de\\\/cms\\\/2019\\\/12\\\/nicotheo-gastieren-im-birdland-neuburg\\\/\",\"url\":\"https:\\\/\\\/www.jazzzeitung.de\\\/cms\\\/2019\\\/12\\\/nicotheo-gastieren-im-birdland-neuburg\\\/\",\"name\":\"Nicotheo gastieren im Birdland Neuburg - JazzZeitung\",\"isPartOf\":{\"@id\":\"https:\\\/\\\/www.jazzzeitung.de\\\/cms\\\/#website\"},\"primaryImageOfPage\":{\"@id\":\"https:\\\/\\\/www.jazzzeitung.de\\\/cms\\\/2019\\\/12\\\/nicotheo-gastieren-im-birdland-neuburg\\\/#primaryimage\"},\"image\":{\"@id\":\"https:\\\/\\\/www.jazzzeitung.de\\\/cms\\\/2019\\\/12\\\/nicotheo-gastieren-im-birdland-neuburg\\\/#primaryimage\"},\"thumbnailUrl\":\"https:\\\/\\\/i0.wp.com\\\/www.jazzzeitung.de\\\/cms\\\/wp-content\\\/uploads\\\/2019\\\/12\\\/PC070113-scaled.jpg?fit=2560%2C1920&ssl=1\",\"datePublished\":\"2019-12-10T09:06:31+00:00\",\"dateModified\":\"2019-12-10T11:37:22+00:00\",\"breadcrumb\":{\"@id\":\"https:\\\/\\\/www.jazzzeitung.de\\\/cms\\\/2019\\\/12\\\/nicotheo-gastieren-im-birdland-neuburg\\\/#breadcrumb\"},\"inLanguage\":\"de\",\"potentialAction\":[{\"@type\":\"ReadAction\",\"target\":[\"https:\\\/\\\/www.jazzzeitung.de\\\/cms\\\/2019\\\/12\\\/nicotheo-gastieren-im-birdland-neuburg\\\/\"]}]},{\"@type\":\"ImageObject\",\"inLanguage\":\"de\",\"@id\":\"https:\\\/\\\/www.jazzzeitung.de\\\/cms\\\/2019\\\/12\\\/nicotheo-gastieren-im-birdland-neuburg\\\/#primaryimage\",\"url\":\"https:\\\/\\\/i0.wp.com\\\/www.jazzzeitung.de\\\/cms\\\/wp-content\\\/uploads\\\/2019\\\/12\\\/PC070113-scaled.jpg?fit=2560%2C1920&ssl=1\",\"contentUrl\":\"https:\\\/\\\/i0.wp.com\\\/www.jazzzeitung.de\\\/cms\\\/wp-content\\\/uploads\\\/2019\\\/12\\\/PC070113-scaled.jpg?fit=2560%2C1920&ssl=1\",\"width\":2560,\"height\":1920,\"caption\":\"OLYMPUS DIGITAL CAMERA\"},{\"@type\":\"BreadcrumbList\",\"@id\":\"https:\\\/\\\/www.jazzzeitung.de\\\/cms\\\/2019\\\/12\\\/nicotheo-gastieren-im-birdland-neuburg\\\/#breadcrumb\",\"itemListElement\":[{\"@type\":\"ListItem\",\"position\":1,\"name\":\"Startseite\",\"item\":\"https:\\\/\\\/www.jazzzeitung.de\\\/cms\\\/\"},{\"@type\":\"ListItem\",\"position\":2,\"name\":\"Nicotheo gastieren im Birdland Neuburg\"}]},{\"@type\":\"WebSite\",\"@id\":\"https:\\\/\\\/www.jazzzeitung.de\\\/cms\\\/#website\",\"url\":\"https:\\\/\\\/www.jazzzeitung.de\\\/cms\\\/\",\"name\":\"JazzZeitung\",\"description\":\"Jazz-News und Jazz-Kontroverses\",\"publisher\":{\"@id\":\"https:\\\/\\\/www.jazzzeitung.de\\\/cms\\\/#organization\"},\"potentialAction\":[{\"@type\":\"SearchAction\",\"target\":{\"@type\":\"EntryPoint\",\"urlTemplate\":\"https:\\\/\\\/www.jazzzeitung.de\\\/cms\\\/?s={search_term_string}\"},\"query-input\":{\"@type\":\"PropertyValueSpecification\",\"valueRequired\":true,\"valueName\":\"search_term_string\"}}],\"inLanguage\":\"de\"},{\"@type\":\"Organization\",\"@id\":\"https:\\\/\\\/www.jazzzeitung.de\\\/cms\\\/#organization\",\"name\":\"JazzZeitung online\",\"url\":\"https:\\\/\\\/www.jazzzeitung.de\\\/cms\\\/\",\"logo\":{\"@type\":\"ImageObject\",\"inLanguage\":\"de\",\"@id\":\"https:\\\/\\\/www.jazzzeitung.de\\\/cms\\\/#\\\/schema\\\/logo\\\/image\\\/\",\"url\":\"https:\\\/\\\/i0.wp.com\\\/www.jazzzeitung.de\\\/cms\\\/wp-content\\\/uploads\\\/2015\\\/08\\\/JAZZZEITUNGDE_Logo_Neu.png?fit=499%2C200&ssl=1\",\"contentUrl\":\"https:\\\/\\\/i0.wp.com\\\/www.jazzzeitung.de\\\/cms\\\/wp-content\\\/uploads\\\/2015\\\/08\\\/JAZZZEITUNGDE_Logo_Neu.png?fit=499%2C200&ssl=1\",\"width\":499,\"height\":200,\"caption\":\"JazzZeitung online\"},\"image\":{\"@id\":\"https:\\\/\\\/www.jazzzeitung.de\\\/cms\\\/#\\\/schema\\\/logo\\\/image\\\/\"},\"sameAs\":[\"https:\\\/\\\/www.facebook.com\\\/JazzZeitung\\\/\"]},{\"@type\":\"Person\",\"@id\":\"https:\\\/\\\/www.jazzzeitung.de\\\/cms\\\/#\\\/schema\\\/person\\\/2245b36b9cd1d24cea10f01c031fb92b\",\"name\":\"Redaktion JazzZeitung\",\"image\":{\"@type\":\"ImageObject\",\"inLanguage\":\"de\",\"@id\":\"https:\\\/\\\/i0.wp.com\\\/www.jazzzeitung.de\\\/cms\\\/wp-content\\\/uploads\\\/2015\\\/08\\\/JAZZZEITUNGDE_Logo_Neu.png?resize=96%2C96&ssl=159975dcacb611b5700bd619b5daf0a7a\",\"url\":\"https:\\\/\\\/i0.wp.com\\\/www.jazzzeitung.de\\\/cms\\\/wp-content\\\/uploads\\\/2015\\\/08\\\/JAZZZEITUNGDE_Logo_Neu.png?resize=96%2C96&ssl=1\",\"contentUrl\":\"https:\\\/\\\/i0.wp.com\\\/www.jazzzeitung.de\\\/cms\\\/wp-content\\\/uploads\\\/2015\\\/08\\\/JAZZZEITUNGDE_Logo_Neu.png?resize=96%2C96&ssl=1\",\"caption\":\"Redaktion JazzZeitung\"},\"description\":\"Artikel der Redaktion der JazzZeitung.\",\"sameAs\":[\"http:\\\/\\\/www.jazzzeitung.de\\\/cms\\\/\"],\"url\":\"https:\\\/\\\/www.jazzzeitung.de\\\/cms\\\/author\\\/redaktion\\\/\"}]}<\/script>\n<!-- \/ Yoast SEO plugin. -->","yoast_head_json":{"title":"Nicotheo gastieren im Birdland Neuburg - JazzZeitung","robots":{"index":"index","follow":"follow","max-snippet":"max-snippet:-1","max-image-preview":"max-image-preview:large","max-video-preview":"max-video-preview:-1"},"canonical":"https:\/\/www.jazzzeitung.de\/cms\/2019\/12\/nicotheo-gastieren-im-birdland-neuburg\/","og_locale":"de_DE","og_type":"article","og_title":"Nicotheo gastieren im Birdland Neuburg - JazzZeitung","og_description":"Text und Foto: Karl Leitner. Immer wieder bietet der Birdland Jazzclub in Neuburg neben internationalen Gr\u00f6\u00dfen auch einheimischen Jazzmusikern ein Forum. Diesmal ist das Quintett Nicotheo zu Gast. Die Band passt deswegen in die dort bereits seit Jahren etablierte Reihe \u201eJazz aus der Region\u201c, weil Gitarrist Simon Schneid seine Kindheit in der Stadt an der Donau verbracht hat. Mittlerweile studiert er zwar an der Musikhochschule f\u00fcr Musik in W\u00fcrzburg und unterh\u00e4lt dort seit 2018 zusammen mit Nico Theodossiadis (Alt- und Sopransaxofon, Querfl\u00f6te), Jan Peter Itze (Klavier), Hannes Stegmeier (Bass) und Konrad Patzig (Schlagzeug) eine eigene Band, hat im Birdland aber nat\u00fcrlich trotzdem quasi ein Heimspiel. Wenn f\u00fcnf Musiker sich treffen, kommt keiner ohne Hintergrund zum ersten Meeting. In diesem Fall sind es Rock, Pop, Modern Jazz, Funk, Soul, Klassik und griechische Folklore. Es kommt einiges zusammen, was da unter einen Hut zu bringen ist, will man f\u00fcr eine Formation eine musikalische Sprache finden. Der Prozess, einen gemeinsamen Nenner zu finden, kann im Falle Nicotheo nach so kurzer Zeit naturgem\u00e4\u00df noch nicht abgeschlossen sein, stattdessen ist der Weg das Ziel. Auf diesem Weg als Zuh\u00f6rer ein &hellip;","og_url":"https:\/\/www.jazzzeitung.de\/cms\/2019\/12\/nicotheo-gastieren-im-birdland-neuburg\/","og_site_name":"JazzZeitung","article_publisher":"https:\/\/www.facebook.com\/JazzZeitung\/","article_published_time":"2019-12-10T09:06:31+00:00","article_modified_time":"2019-12-10T11:37:22+00:00","og_image":[{"width":2560,"height":1920,"url":"https:\/\/i0.wp.com\/www.jazzzeitung.de\/cms\/wp-content\/uploads\/2019\/12\/PC070113-scaled.jpg?fit=2560%2C1920&ssl=1","type":"image\/jpeg"}],"author":"Redaktion JazzZeitung","schema":{"@context":"https:\/\/schema.org","@graph":[{"@type":"Article","@id":"https:\/\/www.jazzzeitung.de\/cms\/2019\/12\/nicotheo-gastieren-im-birdland-neuburg\/#article","isPartOf":{"@id":"https:\/\/www.jazzzeitung.de\/cms\/2019\/12\/nicotheo-gastieren-im-birdland-neuburg\/"},"author":{"name":"Redaktion JazzZeitung","@id":"https:\/\/www.jazzzeitung.de\/cms\/#\/schema\/person\/2245b36b9cd1d24cea10f01c031fb92b"},"headline":"Nicotheo gastieren im Birdland Neuburg","datePublished":"2019-12-10T09:06:31+00:00","dateModified":"2019-12-10T11:37:22+00:00","mainEntityOfPage":{"@id":"https:\/\/www.jazzzeitung.de\/cms\/2019\/12\/nicotheo-gastieren-im-birdland-neuburg\/"},"wordCount":500,"commentCount":0,"publisher":{"@id":"https:\/\/www.jazzzeitung.de\/cms\/#organization"},"image":{"@id":"https:\/\/www.jazzzeitung.de\/cms\/2019\/12\/nicotheo-gastieren-im-birdland-neuburg\/#primaryimage"},"thumbnailUrl":"https:\/\/i0.wp.com\/www.jazzzeitung.de\/cms\/wp-content\/uploads\/2019\/12\/PC070113-scaled.jpg?fit=2560%2C1920&ssl=1","keywords":["2018","Bass","Bericht","Birdland","Birdland Neuburg","Brad Mehldau","Esbj\u00f6rn Svensson","George Benson","Jazz","Jazzclub","Karl Leitner","Klassik","Konzertbericht","Michael Wollny","Neuburg","Nicotheo","Pat Metheny","Pianisten","Pop","Rock","Schlagzeug"],"articleSection":["Bericht"],"inLanguage":"de","potentialAction":[{"@type":"CommentAction","name":"Comment","target":["https:\/\/www.jazzzeitung.de\/cms\/2019\/12\/nicotheo-gastieren-im-birdland-neuburg\/#respond"]}]},{"@type":"WebPage","@id":"https:\/\/www.jazzzeitung.de\/cms\/2019\/12\/nicotheo-gastieren-im-birdland-neuburg\/","url":"https:\/\/www.jazzzeitung.de\/cms\/2019\/12\/nicotheo-gastieren-im-birdland-neuburg\/","name":"Nicotheo gastieren im Birdland Neuburg - JazzZeitung","isPartOf":{"@id":"https:\/\/www.jazzzeitung.de\/cms\/#website"},"primaryImageOfPage":{"@id":"https:\/\/www.jazzzeitung.de\/cms\/2019\/12\/nicotheo-gastieren-im-birdland-neuburg\/#primaryimage"},"image":{"@id":"https:\/\/www.jazzzeitung.de\/cms\/2019\/12\/nicotheo-gastieren-im-birdland-neuburg\/#primaryimage"},"thumbnailUrl":"https:\/\/i0.wp.com\/www.jazzzeitung.de\/cms\/wp-content\/uploads\/2019\/12\/PC070113-scaled.jpg?fit=2560%2C1920&ssl=1","datePublished":"2019-12-10T09:06:31+00:00","dateModified":"2019-12-10T11:37:22+00:00","breadcrumb":{"@id":"https:\/\/www.jazzzeitung.de\/cms\/2019\/12\/nicotheo-gastieren-im-birdland-neuburg\/#breadcrumb"},"inLanguage":"de","potentialAction":[{"@type":"ReadAction","target":["https:\/\/www.jazzzeitung.de\/cms\/2019\/12\/nicotheo-gastieren-im-birdland-neuburg\/"]}]},{"@type":"ImageObject","inLanguage":"de","@id":"https:\/\/www.jazzzeitung.de\/cms\/2019\/12\/nicotheo-gastieren-im-birdland-neuburg\/#primaryimage","url":"https:\/\/i0.wp.com\/www.jazzzeitung.de\/cms\/wp-content\/uploads\/2019\/12\/PC070113-scaled.jpg?fit=2560%2C1920&ssl=1","contentUrl":"https:\/\/i0.wp.com\/www.jazzzeitung.de\/cms\/wp-content\/uploads\/2019\/12\/PC070113-scaled.jpg?fit=2560%2C1920&ssl=1","width":2560,"height":1920,"caption":"OLYMPUS DIGITAL CAMERA"},{"@type":"BreadcrumbList","@id":"https:\/\/www.jazzzeitung.de\/cms\/2019\/12\/nicotheo-gastieren-im-birdland-neuburg\/#breadcrumb","itemListElement":[{"@type":"ListItem","position":1,"name":"Startseite","item":"https:\/\/www.jazzzeitung.de\/cms\/"},{"@type":"ListItem","position":2,"name":"Nicotheo gastieren im Birdland Neuburg"}]},{"@type":"WebSite","@id":"https:\/\/www.jazzzeitung.de\/cms\/#website","url":"https:\/\/www.jazzzeitung.de\/cms\/","name":"JazzZeitung","description":"Jazz-News und Jazz-Kontroverses","publisher":{"@id":"https:\/\/www.jazzzeitung.de\/cms\/#organization"},"potentialAction":[{"@type":"SearchAction","target":{"@type":"EntryPoint","urlTemplate":"https:\/\/www.jazzzeitung.de\/cms\/?s={search_term_string}"},"query-input":{"@type":"PropertyValueSpecification","valueRequired":true,"valueName":"search_term_string"}}],"inLanguage":"de"},{"@type":"Organization","@id":"https:\/\/www.jazzzeitung.de\/cms\/#organization","name":"JazzZeitung online","url":"https:\/\/www.jazzzeitung.de\/cms\/","logo":{"@type":"ImageObject","inLanguage":"de","@id":"https:\/\/www.jazzzeitung.de\/cms\/#\/schema\/logo\/image\/","url":"https:\/\/i0.wp.com\/www.jazzzeitung.de\/cms\/wp-content\/uploads\/2015\/08\/JAZZZEITUNGDE_Logo_Neu.png?fit=499%2C200&ssl=1","contentUrl":"https:\/\/i0.wp.com\/www.jazzzeitung.de\/cms\/wp-content\/uploads\/2015\/08\/JAZZZEITUNGDE_Logo_Neu.png?fit=499%2C200&ssl=1","width":499,"height":200,"caption":"JazzZeitung online"},"image":{"@id":"https:\/\/www.jazzzeitung.de\/cms\/#\/schema\/logo\/image\/"},"sameAs":["https:\/\/www.facebook.com\/JazzZeitung\/"]},{"@type":"Person","@id":"https:\/\/www.jazzzeitung.de\/cms\/#\/schema\/person\/2245b36b9cd1d24cea10f01c031fb92b","name":"Redaktion JazzZeitung","image":{"@type":"ImageObject","inLanguage":"de","@id":"https:\/\/i0.wp.com\/www.jazzzeitung.de\/cms\/wp-content\/uploads\/2015\/08\/JAZZZEITUNGDE_Logo_Neu.png?resize=96%2C96&ssl=159975dcacb611b5700bd619b5daf0a7a","url":"https:\/\/i0.wp.com\/www.jazzzeitung.de\/cms\/wp-content\/uploads\/2015\/08\/JAZZZEITUNGDE_Logo_Neu.png?resize=96%2C96&ssl=1","contentUrl":"https:\/\/i0.wp.com\/www.jazzzeitung.de\/cms\/wp-content\/uploads\/2015\/08\/JAZZZEITUNGDE_Logo_Neu.png?resize=96%2C96&ssl=1","caption":"Redaktion JazzZeitung"},"description":"Artikel der Redaktion der JazzZeitung.","sameAs":["http:\/\/www.jazzzeitung.de\/cms\/"],"url":"https:\/\/www.jazzzeitung.de\/cms\/author\/redaktion\/"}]}},"wp-worthy-pixel":{"ignored":false,"public":null,"server":null,"url":null},"wp-worthy-type":"normal","jetpack_publicize_connections":[],"cc_featured_image_caption":{"caption_text":"","source_text":"","source_url":""},"jetpack_featured_media_url":"https:\/\/i0.wp.com\/www.jazzzeitung.de\/cms\/wp-content\/uploads\/2019\/12\/PC070113-scaled.jpg?fit=2560%2C1920&ssl=1","jetpack_shortlink":"https:\/\/wp.me\/p3KEcT-5zW","jetpack-related-posts":[{"id":1934,"url":"https:\/\/www.jazzzeitung.de\/cms\/2008\/03\/bestandigkeit-und-engagement-50-jahre-birdland-jazzclub-in-neuburg-an-der-donau\/","url_meta":{"origin":21448,"position":0},"title":"Best\u00e4ndigkeit und Engagement \u2013 50 Jahre Birdland Jazzclub in Neuburg an der Donau","author":"Martin Hufner","date":"23. M\u00e4rz 2008","format":false,"excerpt":"7. Juni 1958: Ein wichtiges Datum f\u00fcr den Jazz in Bayern. An jenem Abend fand sich in Neuburg an der Donau eine Handvoll Jazzfans zusammen zur Gr\u00fcndung des Birdland Jazzclubs. 50 Jahre sp\u00e4ter hat sich der aus kleinen Anf\u00e4ngen heraus pr\u00e4chtig entwickelt, ist zu einem der wichtigsten regelm\u00e4\u00dfig bespielten Clubs\u2026","rel":"","context":"In &quot;Clubs&quot;","block_context":{"text":"Clubs","link":"https:\/\/www.jazzzeitung.de\/cms\/thema\/clubs\/"},"img":{"alt_text":"Manfred Rehm. Foto: Birdland","src":"https:\/\/i0.wp.com\/www.jazzzeitung.de\/cms\/wp-content\/uploads\/2013\/07\/bericht-birdland-big-150x150.jpg?resize=350%2C200","width":350,"height":200},"classes":[]},{"id":6118,"url":"https:\/\/www.jazzzeitung.de\/cms\/2015\/05\/john-scofield-und-pablo-held-im-neuburger-birdland\/","url_meta":{"origin":21448,"position":1},"title":"John Scofield und Pablo Held im Neuburger Birdland","author":"Redaktion JazzZeitung","date":"11. Mai 2015","format":"gallery","excerpt":"Am vergangenen Freitag stattete Gitarren-Star John Scofield zum f\u00fcnften Mal dem Neuburger Jazzclub \"Birdland\" seinen Besuch ab. Ralf Dombrowski war mit seiner Kamera f\u00fcr uns\u00a0 dabei. \u201eSco\u201c hat nie einen Hehl daraus gemacht, dass er den Keller unter der Hofapotheke f\u00fcr eine der sch\u00f6nsten Locations dieser Art weltweit h\u00e4lt. Nun\u2026","rel":"","context":"In &quot;Galerie&quot;","block_context":{"text":"Galerie","link":"https:\/\/www.jazzzeitung.de\/cms\/thema\/galerie\/"},"img":{"alt_text":"","src":"https:\/\/i0.wp.com\/www.jazzzeitung.de\/cms\/wp-content\/uploads\/2015\/05\/0K3A4683-Sco-dombr.jpg?resize=350%2C200","width":350,"height":200,"srcset":"https:\/\/i0.wp.com\/www.jazzzeitung.de\/cms\/wp-content\/uploads\/2015\/05\/0K3A4683-Sco-dombr.jpg?resize=350%2C200 1x, https:\/\/i0.wp.com\/www.jazzzeitung.de\/cms\/wp-content\/uploads\/2015\/05\/0K3A4683-Sco-dombr.jpg?resize=525%2C300 1.5x, https:\/\/i0.wp.com\/www.jazzzeitung.de\/cms\/wp-content\/uploads\/2015\/05\/0K3A4683-Sco-dombr.jpg?resize=700%2C400 2x, https:\/\/i0.wp.com\/www.jazzzeitung.de\/cms\/wp-content\/uploads\/2015\/05\/0K3A4683-Sco-dombr.jpg?resize=1050%2C600 3x"},"classes":[]},{"id":7974,"url":"https:\/\/www.jazzzeitung.de\/cms\/2015\/12\/veranstaltungstipps-birdland-neuburg-3-vibrafon-festival-vibraphonissimo-nuernbergfuerth-jazzclub-augsburg-e-v\/","url_meta":{"origin":21448,"position":2},"title":"+++ Veranstaltungstipps +++ Birdland Neuburg +++ 3. Vibrafon Festival \u201eVibraphonissimo\u201c in N\u00fcrnberg\/F\u00fcrth +++ jazzclub augsburg e.V. +++","author":"Redaktion JazzZeitung","date":"16. Dezember 2015","format":false,"excerpt":"+++Birdland Neuburg +++ Freitag, 8. Januar 2016 und Samstag, 9. Januar 2016, 20.30 Uhr: C\u00e9cile Verny Quartet (C\u00e9cile Verny (voc), Bernd Heitzler (b), Andreas Erchinger (p), Lars Binder (dr, perc)) - Alle Jahre wieder \u2013 obliegt es dem C\u00e9cile Verny Quartet, die neue Jazzsaison in Neuburg zu er\u00f6ffnen. Dass es\u2026","rel":"","context":"In &quot;Redaktionelle Nachrichten&quot;","block_context":{"text":"Redaktionelle Nachrichten","link":"https:\/\/www.jazzzeitung.de\/cms\/thema\/redaktion\/"},"img":{"alt_text":"Mareike","src":"https:\/\/i0.wp.com\/www.jazzzeitung.de\/cms\/wp-content\/uploads\/2015\/12\/Mareike-150x150.jpg?resize=350%2C200","width":350,"height":200},"classes":[]},{"id":4423,"url":"https:\/\/www.jazzzeitung.de\/cms\/2014\/09\/das-gibts-nur-einmal-das-birdland-neuburg\/","url_meta":{"origin":21448,"position":3},"title":"Das gibt&#8217;s nur einmal: das Birdland Neuburg","author":"Redaktion JazzZeitung","date":"2. September 2014","format":false,"excerpt":"Jazzclubs gibt es einige in Deutschland, vor allem nat\u00fcrlich in den mittleren und den Gro\u00dfst\u00e4dten. Warum ist einer der ber\u00fchmtesten und angesehensten dann mitten in der bayerischen Provinz, im kleinen Barockst\u00e4dtchen Neuburg an der Donau angesiedelt? - Alles begann bereits im Jahr 1958, als der sp\u00e4tere Gr\u00fcnder der Jazzwoche Burghausen,\u2026","rel":"","context":"In &quot;Jazzclub des Monats&quot;","block_context":{"text":"Jazzclub des Monats","link":"https:\/\/www.jazzzeitung.de\/cms\/thema\/clubs\/jazzclub-des-monats\/"},"img":{"alt_text":"","src":"https:\/\/i0.wp.com\/www.jazzzeitung.de\/cms\/wp-content\/uploads\/2014\/08\/IMG_3901.jpg?resize=350%2C200","width":350,"height":200,"srcset":"https:\/\/i0.wp.com\/www.jazzzeitung.de\/cms\/wp-content\/uploads\/2014\/08\/IMG_3901.jpg?resize=350%2C200 1x, https:\/\/i0.wp.com\/www.jazzzeitung.de\/cms\/wp-content\/uploads\/2014\/08\/IMG_3901.jpg?resize=525%2C300 1.5x, https:\/\/i0.wp.com\/www.jazzzeitung.de\/cms\/wp-content\/uploads\/2014\/08\/IMG_3901.jpg?resize=700%2C400 2x, https:\/\/i0.wp.com\/www.jazzzeitung.de\/cms\/wp-content\/uploads\/2014\/08\/IMG_3901.jpg?resize=1050%2C600 3x, https:\/\/i0.wp.com\/www.jazzzeitung.de\/cms\/wp-content\/uploads\/2014\/08\/IMG_3901.jpg?resize=1400%2C800 4x"},"classes":[]},{"id":5549,"url":"https:\/\/www.jazzzeitung.de\/cms\/2015\/02\/huelsman-gedoehns\/","url_meta":{"origin":21448,"position":4},"title":"Julia H\u00fclsmann auf Tour: Ungesungenes h\u00f6rbar machen","author":"Redaktion JazzZeitung","date":"23. Februar 2015","format":false,"excerpt":"Unter dem Projektnamen \u201eUnsung Weill\u201c geht die Pianistin Julia H\u00fclsmann ab M\u00e4rz 2015 mit ihrem Quartett auf Deutschland-Tour. In eingespielter Formation mit Marc Muellbauer (Bass), Heinrich K\u00f6bberling (Schlagzeug) und Tom Arthurs (Trompete, Fl\u00fcgelhorn) bringt sie bisher unbeachtete, \"unsung\" Werke Kurt Weills auf die B\u00fchne, die beispielsweise aus Musicals herausfielen, weil\u2026","rel":"","context":"In &quot;Bericht&quot;","block_context":{"text":"Bericht","link":"https:\/\/www.jazzzeitung.de\/cms\/thema\/bericht\/"},"img":{"alt_text":"Am 6. M\u00e4rz erscheint die zugeh\u00f6rige CD bei ECM","src":"https:\/\/i0.wp.com\/www.jazzzeitung.de\/cms\/wp-content\/uploads\/2015\/02\/Cover-H%C3%BClsman-150x150.jpg?resize=350%2C200","width":350,"height":200},"classes":[]},{"id":4481,"url":"https:\/\/www.jazzzeitung.de\/cms\/2014\/08\/neue-jazzzeitung-201404-im-handel\/","url_meta":{"origin":21448,"position":5},"title":"Neue JazzZeitung 2014\/04 im Handel","author":"Redaktion JazzZeitung","date":"24. August 2014","format":false,"excerpt":"Gedruckt und zug\u00e4nglich: Die neue aktuelle JazzZeitung 2014\/04. Berichte: S\u00fcdtirol Festival, Jazz Sommer im Bayerischen Hof, Bayerisches Jazzweekend, Festival Bingen swingt, Andreas Dombert \/ Chris Gall im Leeren Beutel Regensburg, Ystad Sweden Jazz Festival 2014 Portrait: Ketil Bj\u00f8rnstad, Andrea Keller (Pianistin und Komponistin aus Australien), der Harfenist Edmar Casta\u00f1eda, das\u2026","rel":"","context":"In &quot;JazzZeitung (print)&quot;","block_context":{"text":"JazzZeitung (print)","link":"https:\/\/www.jazzzeitung.de\/cms\/thema\/archiv\/jazzzeitung-print\/"},"img":{"alt_text":"JazzZeitung 2014\/04 - Titelblatt","src":"https:\/\/i0.wp.com\/www.jazzzeitung.de\/cms\/wp-content\/uploads\/2014\/08\/2014-04-jazzzeitung.jpg?fit=804%2C1200&ssl=1&resize=350%2C200","width":350,"height":200,"srcset":"https:\/\/i0.wp.com\/www.jazzzeitung.de\/cms\/wp-content\/uploads\/2014\/08\/2014-04-jazzzeitung.jpg?fit=804%2C1200&ssl=1&resize=350%2C200 1x, https:\/\/i0.wp.com\/www.jazzzeitung.de\/cms\/wp-content\/uploads\/2014\/08\/2014-04-jazzzeitung.jpg?fit=804%2C1200&ssl=1&resize=525%2C300 1.5x, https:\/\/i0.wp.com\/www.jazzzeitung.de\/cms\/wp-content\/uploads\/2014\/08\/2014-04-jazzzeitung.jpg?fit=804%2C1200&ssl=1&resize=700%2C400 2x"},"classes":[]}],"jetpack_sharing_enabled":true,"_links":{"self":[{"href":"https:\/\/www.jazzzeitung.de\/cms\/wp-json\/wp\/v2\/posts\/21448","targetHints":{"allow":["GET"]}}],"collection":[{"href":"https:\/\/www.jazzzeitung.de\/cms\/wp-json\/wp\/v2\/posts"}],"about":[{"href":"https:\/\/www.jazzzeitung.de\/cms\/wp-json\/wp\/v2\/types\/post"}],"author":[{"embeddable":true,"href":"https:\/\/www.jazzzeitung.de\/cms\/wp-json\/wp\/v2\/users\/18"}],"replies":[{"embeddable":true,"href":"https:\/\/www.jazzzeitung.de\/cms\/wp-json\/wp\/v2\/comments?post=21448"}],"version-history":[{"count":3,"href":"https:\/\/www.jazzzeitung.de\/cms\/wp-json\/wp\/v2\/posts\/21448\/revisions"}],"predecessor-version":[{"id":21463,"href":"https:\/\/www.jazzzeitung.de\/cms\/wp-json\/wp\/v2\/posts\/21448\/revisions\/21463"}],"wp:featuredmedia":[{"embeddable":true,"href":"https:\/\/www.jazzzeitung.de\/cms\/wp-json\/wp\/v2\/media\/21453"}],"wp:attachment":[{"href":"https:\/\/www.jazzzeitung.de\/cms\/wp-json\/wp\/v2\/media?parent=21448"}],"wp:term":[{"taxonomy":"category","embeddable":true,"href":"https:\/\/www.jazzzeitung.de\/cms\/wp-json\/wp\/v2\/categories?post=21448"},{"taxonomy":"post_tag","embeddable":true,"href":"https:\/\/www.jazzzeitung.de\/cms\/wp-json\/wp\/v2\/tags?post=21448"},{"taxonomy":"author","embeddable":true,"href":"https:\/\/www.jazzzeitung.de\/cms\/wp-json\/wp\/v2\/coauthors?post=21448"}],"curies":[{"name":"wp","href":"https:\/\/api.w.org\/{rel}","templated":true}]}}