{"id":21391,"date":"2019-12-04T10:11:12","date_gmt":"2019-12-04T09:11:12","guid":{"rendered":"https:\/\/www.jazzzeitung.de\/cms\/?p=21391"},"modified":"2019-12-03T10:36:37","modified_gmt":"2019-12-03T09:36:37","slug":"das-gespuer-fuer-den-richtigen-moment-leo-betzls-klaviertrio-erobert-den-techno","status":"publish","type":"post","link":"https:\/\/www.jazzzeitung.de\/cms\/2019\/12\/das-gespuer-fuer-den-richtigen-moment-leo-betzls-klaviertrio-erobert-den-techno\/","title":{"rendered":"Das Gesp\u00fcr f\u00fcr den richtigen Moment: Leo Betzls Klaviertrio erobert den Techno"},"content":{"rendered":"<p><strong>Text und Fotos von Stefan Pieper. Erst war es f\u00fcr das M\u00fcnchener Leo-Betzl-Trio nur ein Experiment, mal eine \u201eTechno-Nummer\u201c ins Programm zu nehmen. Mittlerweile ist ein ganzes Abendprogramm und eine ganze CD daraus hervorgegangen. Und was im Januar beim Jazzfestival M\u00fcnster noch etwas kammermusikalisch- verhalten vonstatten ging, entfesselt ein knappes Jahr und 40 Liveauftritte sp\u00e4ter ein gewaltiges Potenzial, das in der Hertener Schwarzkaue Schl\u00e4gel und Eisen viele Zuh\u00f6rer von den St\u00fchlen holte \u2013 und eintauchen lie\u00df!<\/strong><\/p>\n<p>&nbsp;<\/p>\n<p>In Detroit eroberten DJs leere Fabrikhallen zu den ersten Raves, was man gemeinhin als Geburtsstunde des Techno betrachtet. Fast drei Jahrzehnte sp\u00e4ter erfolgt im Rahmen der Konzertreihe Fine Art Jazz in Herten eine \u201eEroberung\u201c aus gegens\u00e4tzlicher Richtung. Wieder findet Techno in Reinkultur statt. Unersch\u00fctterlich pulsiert der Vierviertel-Beat. Songstrukturen haben hier nichts verloren. Tiefe Subb\u00e4sse wabern, h\u00e4mmernde Snaredrum-Synkopen funken im richtigen Moment dazwischen, ebenso allerhand andere, meist abstrakte Klangereignisse oder aufs absolute Minimum reduzierte melodische Figuren. Denn der richtige Moment, die kluge, treffsichere Dosierung ist alles, damit treibende Magie entsteht. Und genau daraus ergibt sich die Schnittstelle f\u00fcr den Schlagzeuger Sebastian Wolfsburger, den Pianisten Leo Betzl und Maximilian Hirning, der hier den Bass spielt: Auch gute Jazzmusiker pflegen die Kunst, aus dem Moment heraus das genau passende zu sch\u00f6pfen.<\/p>\n<div class=\"tiled-gallery type-rectangular tiled-gallery-unresized\" data-original-width=\"840\" data-carousel-extra='{&quot;blog_id&quot;:1,&quot;permalink&quot;:&quot;https:\\\/\\\/www.jazzzeitung.de\\\/cms\\\/2019\\\/12\\\/das-gespuer-fuer-den-richtigen-moment-leo-betzls-klaviertrio-erobert-den-techno\\\/&quot;,&quot;likes_blog_id&quot;:55446655}' itemscope itemtype=\"http:\/\/schema.org\/ImageGallery\" > <div class=\"gallery-row\" style=\"width: 840px; height: 394px;\" data-original-width=\"840\" data-original-height=\"394\" > <div class=\"gallery-group images-1\" style=\"width: 576px; height: 394px;\" data-original-width=\"576\" data-original-height=\"394\" > <div class=\"tiled-gallery-item tiled-gallery-item-large\" itemprop=\"associatedMedia\" itemscope itemtype=\"http:\/\/schema.org\/ImageObject\"> <a href=\"https:\/\/www.jazzzeitung.de\/cms\/2019\/12\/das-gespuer-fuer-den-richtigen-moment-leo-betzls-klaviertrio-erobert-den-techno\/dsc02348\/\" border=\"0\" itemprop=\"url\"> <meta itemprop=\"width\" content=\"572\"> <meta itemprop=\"height\" content=\"390\"> <img decoding=\"async\" class=\"\" data-attachment-id=\"21410\" data-orig-file=\"https:\/\/www.jazzzeitung.de\/cms\/wp-content\/uploads\/2019\/12\/DSC02348-scaled.jpg\" data-orig-size=\"2560,1747\" data-comments-opened=\"1\" data-image-meta=\"{&quot;aperture&quot;:&quot;2.8&quot;,&quot;credit&quot;:&quot;Picasa&quot;,&quot;camera&quot;:&quot;SLT-A58&quot;,&quot;caption&quot;:&quot;&quot;,&quot;created_timestamp&quot;:&quot;1359728945&quot;,&quot;copyright&quot;:&quot;&quot;,&quot;focal_length&quot;:&quot;75&quot;,&quot;iso&quot;:&quot;2500&quot;,&quot;shutter_speed&quot;:&quot;0.008&quot;,&quot;title&quot;:&quot;&quot;,&quot;orientation&quot;:&quot;0&quot;}\" data-image-title=\"DSC02348\" data-image-description=\"\" data-medium-file=\"https:\/\/i0.wp.com\/www.jazzzeitung.de\/cms\/wp-content\/uploads\/2019\/12\/DSC02348-scaled.jpg?fit=300%2C205&#038;ssl=1\" data-large-file=\"https:\/\/i0.wp.com\/www.jazzzeitung.de\/cms\/wp-content\/uploads\/2019\/12\/DSC02348-scaled.jpg?fit=840%2C573&#038;ssl=1\" src=\"https:\/\/i0.wp.com\/www.jazzzeitung.de\/cms\/wp-content\/uploads\/2019\/12\/DSC02348-scaled.jpg?w=572&#038;h=390&#038;ssl=1\" srcset=\"https:\/\/i0.wp.com\/www.jazzzeitung.de\/cms\/wp-content\/uploads\/2019\/12\/DSC02348-scaled.jpg?w=2560&amp;ssl=1 2560w, https:\/\/i0.wp.com\/www.jazzzeitung.de\/cms\/wp-content\/uploads\/2019\/12\/DSC02348-scaled.jpg?resize=300%2C205&amp;ssl=1 300w, https:\/\/i0.wp.com\/www.jazzzeitung.de\/cms\/wp-content\/uploads\/2019\/12\/DSC02348-scaled.jpg?resize=879%2C600&amp;ssl=1 879w, https:\/\/i0.wp.com\/www.jazzzeitung.de\/cms\/wp-content\/uploads\/2019\/12\/DSC02348-scaled.jpg?resize=768%2C524&amp;ssl=1 768w, https:\/\/i0.wp.com\/www.jazzzeitung.de\/cms\/wp-content\/uploads\/2019\/12\/DSC02348-scaled.jpg?resize=1536%2C1048&amp;ssl=1 1536w, https:\/\/i0.wp.com\/www.jazzzeitung.de\/cms\/wp-content\/uploads\/2019\/12\/DSC02348-scaled.jpg?resize=2048%2C1397&amp;ssl=1 2048w, https:\/\/i0.wp.com\/www.jazzzeitung.de\/cms\/wp-content\/uploads\/2019\/12\/DSC02348-scaled.jpg?resize=1320%2C901&amp;ssl=1 1320w, https:\/\/i0.wp.com\/www.jazzzeitung.de\/cms\/wp-content\/uploads\/2019\/12\/DSC02348-scaled.jpg?w=1680&amp;ssl=1 1680w\" width=\"572\" height=\"390\" loading=\"lazy\" data-original-width=\"572\" data-original-height=\"390\" itemprop=\"http:\/\/schema.org\/image\" title=\"DSC02348\" alt=\"DSC02348\" style=\"width: 572px; height: 390px;\" \/> <\/a> <\/div> <\/div> <!-- close group --> <div class=\"gallery-group images-1\" style=\"width: 264px; height: 394px;\" data-original-width=\"264\" data-original-height=\"394\" > <div class=\"tiled-gallery-item tiled-gallery-item-large\" itemprop=\"associatedMedia\" itemscope itemtype=\"http:\/\/schema.org\/ImageObject\"> <a href=\"https:\/\/www.jazzzeitung.de\/cms\/2019\/12\/das-gespuer-fuer-den-richtigen-moment-leo-betzls-klaviertrio-erobert-den-techno\/dsc02344\/\" border=\"0\" itemprop=\"url\"> <meta itemprop=\"width\" content=\"260\"> <meta itemprop=\"height\" content=\"390\"> <img decoding=\"async\" class=\"\" data-attachment-id=\"21409\" data-orig-file=\"https:\/\/www.jazzzeitung.de\/cms\/wp-content\/uploads\/2019\/12\/DSC02344-scaled.jpg\" data-orig-size=\"1704,2560\" data-comments-opened=\"1\" data-image-meta=\"{&quot;aperture&quot;:&quot;2.8&quot;,&quot;credit&quot;:&quot;Picasa&quot;,&quot;camera&quot;:&quot;SLT-A58&quot;,&quot;caption&quot;:&quot;&quot;,&quot;created_timestamp&quot;:&quot;1359728907&quot;,&quot;copyright&quot;:&quot;&quot;,&quot;focal_length&quot;:&quot;135&quot;,&quot;iso&quot;:&quot;3200&quot;,&quot;shutter_speed&quot;:&quot;0.004&quot;,&quot;title&quot;:&quot;&quot;,&quot;orientation&quot;:&quot;0&quot;}\" data-image-title=\"DSC02344\" data-image-description=\"\" data-medium-file=\"https:\/\/i0.wp.com\/www.jazzzeitung.de\/cms\/wp-content\/uploads\/2019\/12\/DSC02344-scaled.jpg?fit=200%2C300&#038;ssl=1\" data-large-file=\"https:\/\/i0.wp.com\/www.jazzzeitung.de\/cms\/wp-content\/uploads\/2019\/12\/DSC02344-scaled.jpg?fit=399%2C600&#038;ssl=1\" src=\"https:\/\/i0.wp.com\/www.jazzzeitung.de\/cms\/wp-content\/uploads\/2019\/12\/DSC02344-scaled.jpg?w=260&#038;h=390&#038;ssl=1\" srcset=\"https:\/\/i0.wp.com\/www.jazzzeitung.de\/cms\/wp-content\/uploads\/2019\/12\/DSC02344-scaled.jpg?w=1704&amp;ssl=1 1704w, https:\/\/i0.wp.com\/www.jazzzeitung.de\/cms\/wp-content\/uploads\/2019\/12\/DSC02344-scaled.jpg?resize=200%2C300&amp;ssl=1 200w, https:\/\/i0.wp.com\/www.jazzzeitung.de\/cms\/wp-content\/uploads\/2019\/12\/DSC02344-scaled.jpg?resize=399%2C600&amp;ssl=1 399w, https:\/\/i0.wp.com\/www.jazzzeitung.de\/cms\/wp-content\/uploads\/2019\/12\/DSC02344-scaled.jpg?resize=768%2C1154&amp;ssl=1 768w, https:\/\/i0.wp.com\/www.jazzzeitung.de\/cms\/wp-content\/uploads\/2019\/12\/DSC02344-scaled.jpg?resize=1022%2C1536&amp;ssl=1 1022w, https:\/\/i0.wp.com\/www.jazzzeitung.de\/cms\/wp-content\/uploads\/2019\/12\/DSC02344-scaled.jpg?resize=1363%2C2048&amp;ssl=1 1363w, https:\/\/i0.wp.com\/www.jazzzeitung.de\/cms\/wp-content\/uploads\/2019\/12\/DSC02344-scaled.jpg?resize=1320%2C1983&amp;ssl=1 1320w\" width=\"260\" height=\"390\" loading=\"lazy\" data-original-width=\"260\" data-original-height=\"390\" itemprop=\"http:\/\/schema.org\/image\" title=\"DSC02344\" alt=\"DSC02344\" style=\"width: 260px; height: 390px;\" \/> <\/a> <\/div> <\/div> <!-- close group --> <\/div> <!-- close row --> <div class=\"gallery-row\" style=\"width: 840px; height: 716px;\" data-original-width=\"840\" data-original-height=\"716\" > <div class=\"gallery-group images-1\" style=\"width: 505px; height: 716px;\" data-original-width=\"505\" data-original-height=\"716\" > <div class=\"tiled-gallery-item tiled-gallery-item-large\" itemprop=\"associatedMedia\" itemscope itemtype=\"http:\/\/schema.org\/ImageObject\"> <a href=\"https:\/\/www.jazzzeitung.de\/cms\/2019\/12\/das-gespuer-fuer-den-richtigen-moment-leo-betzls-klaviertrio-erobert-den-techno\/dsc02337\/\" border=\"0\" itemprop=\"url\"> <meta itemprop=\"width\" content=\"501\"> <meta itemprop=\"height\" content=\"712\"> <img decoding=\"async\" class=\"\" data-attachment-id=\"21408\" data-orig-file=\"https:\/\/www.jazzzeitung.de\/cms\/wp-content\/uploads\/2019\/12\/DSC02337-scaled.jpg\" data-orig-size=\"1801,2560\" data-comments-opened=\"1\" data-image-meta=\"{&quot;aperture&quot;:&quot;2.8&quot;,&quot;credit&quot;:&quot;Picasa&quot;,&quot;camera&quot;:&quot;SLT-A58&quot;,&quot;caption&quot;:&quot;&quot;,&quot;created_timestamp&quot;:&quot;1359728904&quot;,&quot;copyright&quot;:&quot;&quot;,&quot;focal_length&quot;:&quot;135&quot;,&quot;iso&quot;:&quot;3200&quot;,&quot;shutter_speed&quot;:&quot;0.004&quot;,&quot;title&quot;:&quot;&quot;,&quot;orientation&quot;:&quot;0&quot;}\" data-image-title=\"DSC02337\" data-image-description=\"\" data-medium-file=\"https:\/\/i0.wp.com\/www.jazzzeitung.de\/cms\/wp-content\/uploads\/2019\/12\/DSC02337-scaled.jpg?fit=211%2C300&#038;ssl=1\" data-large-file=\"https:\/\/i0.wp.com\/www.jazzzeitung.de\/cms\/wp-content\/uploads\/2019\/12\/DSC02337-scaled.jpg?fit=422%2C600&#038;ssl=1\" src=\"https:\/\/i0.wp.com\/www.jazzzeitung.de\/cms\/wp-content\/uploads\/2019\/12\/DSC02337-scaled.jpg?w=501&#038;h=712&#038;ssl=1\" srcset=\"https:\/\/i0.wp.com\/www.jazzzeitung.de\/cms\/wp-content\/uploads\/2019\/12\/DSC02337-scaled.jpg?w=1801&amp;ssl=1 1801w, https:\/\/i0.wp.com\/www.jazzzeitung.de\/cms\/wp-content\/uploads\/2019\/12\/DSC02337-scaled.jpg?resize=211%2C300&amp;ssl=1 211w, https:\/\/i0.wp.com\/www.jazzzeitung.de\/cms\/wp-content\/uploads\/2019\/12\/DSC02337-scaled.jpg?resize=422%2C600&amp;ssl=1 422w, https:\/\/i0.wp.com\/www.jazzzeitung.de\/cms\/wp-content\/uploads\/2019\/12\/DSC02337-scaled.jpg?resize=768%2C1091&amp;ssl=1 768w, https:\/\/i0.wp.com\/www.jazzzeitung.de\/cms\/wp-content\/uploads\/2019\/12\/DSC02337-scaled.jpg?resize=1081%2C1536&amp;ssl=1 1081w, https:\/\/i0.wp.com\/www.jazzzeitung.de\/cms\/wp-content\/uploads\/2019\/12\/DSC02337-scaled.jpg?resize=1441%2C2048&amp;ssl=1 1441w, https:\/\/i0.wp.com\/www.jazzzeitung.de\/cms\/wp-content\/uploads\/2019\/12\/DSC02337-scaled.jpg?resize=1320%2C1876&amp;ssl=1 1320w, https:\/\/i0.wp.com\/www.jazzzeitung.de\/cms\/wp-content\/uploads\/2019\/12\/DSC02337-scaled.jpg?w=1680&amp;ssl=1 1680w\" width=\"501\" height=\"712\" loading=\"lazy\" data-original-width=\"501\" data-original-height=\"712\" itemprop=\"http:\/\/schema.org\/image\" title=\"DSC02337\" alt=\"DSC02337\" style=\"width: 501px; height: 712px;\" \/> <\/a> <\/div> <\/div> <!-- close group --> <div class=\"gallery-group images-3\" style=\"width: 335px; height: 716px;\" data-original-width=\"335\" data-original-height=\"716\" > <div class=\"tiled-gallery-item tiled-gallery-item-large\" itemprop=\"associatedMedia\" itemscope itemtype=\"http:\/\/schema.org\/ImageObject\"> <a href=\"https:\/\/www.jazzzeitung.de\/cms\/2019\/12\/das-gespuer-fuer-den-richtigen-moment-leo-betzls-klaviertrio-erobert-den-techno\/dsc02328r\/\" border=\"0\" itemprop=\"url\"> <meta itemprop=\"width\" content=\"331\"> <meta itemprop=\"height\" content=\"233\"> <img decoding=\"async\" class=\"\" data-attachment-id=\"21407\" data-orig-file=\"https:\/\/www.jazzzeitung.de\/cms\/wp-content\/uploads\/2019\/12\/DSC02328r-scaled.jpg\" data-orig-size=\"2560,1805\" data-comments-opened=\"1\" data-image-meta=\"{&quot;aperture&quot;:&quot;0&quot;,&quot;credit&quot;:&quot;&quot;,&quot;camera&quot;:&quot;&quot;,&quot;caption&quot;:&quot;&quot;,&quot;created_timestamp&quot;:&quot;0&quot;,&quot;copyright&quot;:&quot;&quot;,&quot;focal_length&quot;:&quot;0&quot;,&quot;iso&quot;:&quot;0&quot;,&quot;shutter_speed&quot;:&quot;0&quot;,&quot;title&quot;:&quot;&quot;,&quot;orientation&quot;:&quot;0&quot;}\" data-image-title=\"DSC02328r\" data-image-description=\"\" data-medium-file=\"https:\/\/i0.wp.com\/www.jazzzeitung.de\/cms\/wp-content\/uploads\/2019\/12\/DSC02328r-scaled.jpg?fit=300%2C211&#038;ssl=1\" data-large-file=\"https:\/\/i0.wp.com\/www.jazzzeitung.de\/cms\/wp-content\/uploads\/2019\/12\/DSC02328r-scaled.jpg?fit=840%2C592&#038;ssl=1\" src=\"https:\/\/i0.wp.com\/www.jazzzeitung.de\/cms\/wp-content\/uploads\/2019\/12\/DSC02328r-scaled.jpg?w=331&#038;h=233&#038;ssl=1\" srcset=\"https:\/\/i0.wp.com\/www.jazzzeitung.de\/cms\/wp-content\/uploads\/2019\/12\/DSC02328r-scaled.jpg?w=2560&amp;ssl=1 2560w, https:\/\/i0.wp.com\/www.jazzzeitung.de\/cms\/wp-content\/uploads\/2019\/12\/DSC02328r-scaled.jpg?resize=300%2C211&amp;ssl=1 300w, https:\/\/i0.wp.com\/www.jazzzeitung.de\/cms\/wp-content\/uploads\/2019\/12\/DSC02328r-scaled.jpg?resize=851%2C600&amp;ssl=1 851w, https:\/\/i0.wp.com\/www.jazzzeitung.de\/cms\/wp-content\/uploads\/2019\/12\/DSC02328r-scaled.jpg?resize=768%2C541&amp;ssl=1 768w, https:\/\/i0.wp.com\/www.jazzzeitung.de\/cms\/wp-content\/uploads\/2019\/12\/DSC02328r-scaled.jpg?resize=1536%2C1083&amp;ssl=1 1536w, https:\/\/i0.wp.com\/www.jazzzeitung.de\/cms\/wp-content\/uploads\/2019\/12\/DSC02328r-scaled.jpg?resize=2048%2C1444&amp;ssl=1 2048w, https:\/\/i0.wp.com\/www.jazzzeitung.de\/cms\/wp-content\/uploads\/2019\/12\/DSC02328r-scaled.jpg?resize=1320%2C931&amp;ssl=1 1320w, https:\/\/i0.wp.com\/www.jazzzeitung.de\/cms\/wp-content\/uploads\/2019\/12\/DSC02328r-scaled.jpg?w=1680&amp;ssl=1 1680w\" width=\"331\" height=\"233\" loading=\"lazy\" data-original-width=\"331\" data-original-height=\"233\" itemprop=\"http:\/\/schema.org\/image\" title=\"DSC02328r\" alt=\"DSC02328r\" style=\"width: 331px; height: 233px;\" \/> <\/a> <\/div> <div class=\"tiled-gallery-item tiled-gallery-item-large\" itemprop=\"associatedMedia\" itemscope itemtype=\"http:\/\/schema.org\/ImageObject\"> <a href=\"https:\/\/www.jazzzeitung.de\/cms\/2019\/12\/das-gespuer-fuer-den-richtigen-moment-leo-betzls-klaviertrio-erobert-den-techno\/dsc02328\/\" border=\"0\" itemprop=\"url\"> <meta itemprop=\"width\" content=\"331\"> <meta itemprop=\"height\" content=\"233\"> <img decoding=\"async\" class=\"\" data-attachment-id=\"21406\" data-orig-file=\"https:\/\/www.jazzzeitung.de\/cms\/wp-content\/uploads\/2019\/12\/DSC02328-scaled.jpg\" data-orig-size=\"2560,1805\" data-comments-opened=\"1\" data-image-meta=\"{&quot;aperture&quot;:&quot;2.8&quot;,&quot;credit&quot;:&quot;Picasa&quot;,&quot;camera&quot;:&quot;SLT-A58&quot;,&quot;caption&quot;:&quot;&quot;,&quot;created_timestamp&quot;:&quot;1359728886&quot;,&quot;copyright&quot;:&quot;&quot;,&quot;focal_length&quot;:&quot;135&quot;,&quot;iso&quot;:&quot;2000&quot;,&quot;shutter_speed&quot;:&quot;0.004&quot;,&quot;title&quot;:&quot;&quot;,&quot;orientation&quot;:&quot;0&quot;}\" data-image-title=\"DSC02328\" data-image-description=\"\" data-medium-file=\"https:\/\/i0.wp.com\/www.jazzzeitung.de\/cms\/wp-content\/uploads\/2019\/12\/DSC02328-scaled.jpg?fit=300%2C211&#038;ssl=1\" data-large-file=\"https:\/\/i0.wp.com\/www.jazzzeitung.de\/cms\/wp-content\/uploads\/2019\/12\/DSC02328-scaled.jpg?fit=840%2C592&#038;ssl=1\" src=\"https:\/\/i0.wp.com\/www.jazzzeitung.de\/cms\/wp-content\/uploads\/2019\/12\/DSC02328-scaled.jpg?w=331&#038;h=233&#038;ssl=1\" srcset=\"https:\/\/i0.wp.com\/www.jazzzeitung.de\/cms\/wp-content\/uploads\/2019\/12\/DSC02328-scaled.jpg?w=2560&amp;ssl=1 2560w, https:\/\/i0.wp.com\/www.jazzzeitung.de\/cms\/wp-content\/uploads\/2019\/12\/DSC02328-scaled.jpg?resize=300%2C211&amp;ssl=1 300w, https:\/\/i0.wp.com\/www.jazzzeitung.de\/cms\/wp-content\/uploads\/2019\/12\/DSC02328-scaled.jpg?resize=851%2C600&amp;ssl=1 851w, https:\/\/i0.wp.com\/www.jazzzeitung.de\/cms\/wp-content\/uploads\/2019\/12\/DSC02328-scaled.jpg?resize=768%2C541&amp;ssl=1 768w, https:\/\/i0.wp.com\/www.jazzzeitung.de\/cms\/wp-content\/uploads\/2019\/12\/DSC02328-scaled.jpg?resize=1536%2C1083&amp;ssl=1 1536w, https:\/\/i0.wp.com\/www.jazzzeitung.de\/cms\/wp-content\/uploads\/2019\/12\/DSC02328-scaled.jpg?resize=2048%2C1444&amp;ssl=1 2048w, https:\/\/i0.wp.com\/www.jazzzeitung.de\/cms\/wp-content\/uploads\/2019\/12\/DSC02328-scaled.jpg?resize=1320%2C931&amp;ssl=1 1320w, https:\/\/i0.wp.com\/www.jazzzeitung.de\/cms\/wp-content\/uploads\/2019\/12\/DSC02328-scaled.jpg?w=1680&amp;ssl=1 1680w\" width=\"331\" height=\"233\" loading=\"lazy\" data-original-width=\"331\" data-original-height=\"233\" itemprop=\"http:\/\/schema.org\/image\" title=\"DSC02328\" alt=\"DSC02328\" style=\"width: 331px; height: 233px;\" \/> <\/a> <\/div> <div class=\"tiled-gallery-item tiled-gallery-item-large\" itemprop=\"associatedMedia\" itemscope itemtype=\"http:\/\/schema.org\/ImageObject\"> <a href=\"https:\/\/www.jazzzeitung.de\/cms\/2019\/12\/das-gespuer-fuer-den-richtigen-moment-leo-betzls-klaviertrio-erobert-den-techno\/dsc02320\/\" border=\"0\" itemprop=\"url\"> <meta itemprop=\"width\" content=\"331\"> <meta itemprop=\"height\" content=\"238\"> <img decoding=\"async\" class=\"\" data-attachment-id=\"21405\" data-orig-file=\"https:\/\/www.jazzzeitung.de\/cms\/wp-content\/uploads\/2019\/12\/DSC02320-scaled.jpg\" data-orig-size=\"2560,1836\" data-comments-opened=\"1\" data-image-meta=\"{&quot;aperture&quot;:&quot;2.8&quot;,&quot;credit&quot;:&quot;Picasa&quot;,&quot;camera&quot;:&quot;SLT-A58&quot;,&quot;caption&quot;:&quot;&quot;,&quot;created_timestamp&quot;:&quot;1359728866&quot;,&quot;copyright&quot;:&quot;&quot;,&quot;focal_length&quot;:&quot;120&quot;,&quot;iso&quot;:&quot;1250&quot;,&quot;shutter_speed&quot;:&quot;0.005&quot;,&quot;title&quot;:&quot;&quot;,&quot;orientation&quot;:&quot;0&quot;}\" data-image-title=\"DSC02320\" data-image-description=\"\" data-medium-file=\"https:\/\/i0.wp.com\/www.jazzzeitung.de\/cms\/wp-content\/uploads\/2019\/12\/DSC02320-scaled.jpg?fit=300%2C215&#038;ssl=1\" data-large-file=\"https:\/\/i0.wp.com\/www.jazzzeitung.de\/cms\/wp-content\/uploads\/2019\/12\/DSC02320-scaled.jpg?fit=836%2C600&#038;ssl=1\" src=\"https:\/\/i0.wp.com\/www.jazzzeitung.de\/cms\/wp-content\/uploads\/2019\/12\/DSC02320-scaled.jpg?w=331&#038;h=238&#038;ssl=1\" srcset=\"https:\/\/i0.wp.com\/www.jazzzeitung.de\/cms\/wp-content\/uploads\/2019\/12\/DSC02320-scaled.jpg?w=2560&amp;ssl=1 2560w, https:\/\/i0.wp.com\/www.jazzzeitung.de\/cms\/wp-content\/uploads\/2019\/12\/DSC02320-scaled.jpg?resize=300%2C215&amp;ssl=1 300w, https:\/\/i0.wp.com\/www.jazzzeitung.de\/cms\/wp-content\/uploads\/2019\/12\/DSC02320-scaled.jpg?resize=836%2C600&amp;ssl=1 836w, https:\/\/i0.wp.com\/www.jazzzeitung.de\/cms\/wp-content\/uploads\/2019\/12\/DSC02320-scaled.jpg?resize=768%2C551&amp;ssl=1 768w, https:\/\/i0.wp.com\/www.jazzzeitung.de\/cms\/wp-content\/uploads\/2019\/12\/DSC02320-scaled.jpg?resize=1536%2C1102&amp;ssl=1 1536w, https:\/\/i0.wp.com\/www.jazzzeitung.de\/cms\/wp-content\/uploads\/2019\/12\/DSC02320-scaled.jpg?resize=2048%2C1469&amp;ssl=1 2048w, https:\/\/i0.wp.com\/www.jazzzeitung.de\/cms\/wp-content\/uploads\/2019\/12\/DSC02320-scaled.jpg?resize=1320%2C947&amp;ssl=1 1320w, https:\/\/i0.wp.com\/www.jazzzeitung.de\/cms\/wp-content\/uploads\/2019\/12\/DSC02320-scaled.jpg?w=1680&amp;ssl=1 1680w\" width=\"331\" height=\"238\" loading=\"lazy\" data-original-width=\"331\" data-original-height=\"238\" itemprop=\"http:\/\/schema.org\/image\" title=\"DSC02320\" alt=\"DSC02320\" style=\"width: 331px; height: 238px;\" \/> <\/a> <\/div> <\/div> <!-- close group --> <\/div> <!-- close row --> <div class=\"gallery-row\" style=\"width: 840px; height: 574px;\" data-original-width=\"840\" data-original-height=\"574\" > <div class=\"gallery-group images-1\" style=\"width: 457px; height: 574px;\" data-original-width=\"457\" data-original-height=\"574\" > <div class=\"tiled-gallery-item tiled-gallery-item-large\" itemprop=\"associatedMedia\" itemscope itemtype=\"http:\/\/schema.org\/ImageObject\"> <a href=\"https:\/\/www.jazzzeitung.de\/cms\/2019\/12\/das-gespuer-fuer-den-richtigen-moment-leo-betzls-klaviertrio-erobert-den-techno\/dsc02304\/\" border=\"0\" itemprop=\"url\"> <meta itemprop=\"width\" content=\"453\"> <meta itemprop=\"height\" content=\"570\"> <img decoding=\"async\" class=\"\" data-attachment-id=\"21404\" data-orig-file=\"https:\/\/www.jazzzeitung.de\/cms\/wp-content\/uploads\/2019\/12\/DSC02304-scaled.jpg\" data-orig-size=\"2033,2560\" data-comments-opened=\"1\" data-image-meta=\"{&quot;aperture&quot;:&quot;2.8&quot;,&quot;credit&quot;:&quot;Picasa&quot;,&quot;camera&quot;:&quot;SLT-A58&quot;,&quot;caption&quot;:&quot;&quot;,&quot;created_timestamp&quot;:&quot;1359728626&quot;,&quot;copyright&quot;:&quot;&quot;,&quot;focal_length&quot;:&quot;135&quot;,&quot;iso&quot;:&quot;2500&quot;,&quot;shutter_speed&quot;:&quot;0.004&quot;,&quot;title&quot;:&quot;&quot;,&quot;orientation&quot;:&quot;0&quot;}\" data-image-title=\"DSC02304\" data-image-description=\"\" data-medium-file=\"https:\/\/i0.wp.com\/www.jazzzeitung.de\/cms\/wp-content\/uploads\/2019\/12\/DSC02304-scaled.jpg?fit=238%2C300&#038;ssl=1\" data-large-file=\"https:\/\/i0.wp.com\/www.jazzzeitung.de\/cms\/wp-content\/uploads\/2019\/12\/DSC02304-scaled.jpg?fit=477%2C600&#038;ssl=1\" src=\"https:\/\/i0.wp.com\/www.jazzzeitung.de\/cms\/wp-content\/uploads\/2019\/12\/DSC02304-scaled.jpg?w=453&#038;h=570&#038;ssl=1\" srcset=\"https:\/\/i0.wp.com\/www.jazzzeitung.de\/cms\/wp-content\/uploads\/2019\/12\/DSC02304-scaled.jpg?w=2033&amp;ssl=1 2033w, https:\/\/i0.wp.com\/www.jazzzeitung.de\/cms\/wp-content\/uploads\/2019\/12\/DSC02304-scaled.jpg?resize=238%2C300&amp;ssl=1 238w, https:\/\/i0.wp.com\/www.jazzzeitung.de\/cms\/wp-content\/uploads\/2019\/12\/DSC02304-scaled.jpg?resize=477%2C600&amp;ssl=1 477w, https:\/\/i0.wp.com\/www.jazzzeitung.de\/cms\/wp-content\/uploads\/2019\/12\/DSC02304-scaled.jpg?resize=768%2C967&amp;ssl=1 768w, https:\/\/i0.wp.com\/www.jazzzeitung.de\/cms\/wp-content\/uploads\/2019\/12\/DSC02304-scaled.jpg?resize=1220%2C1536&amp;ssl=1 1220w, https:\/\/i0.wp.com\/www.jazzzeitung.de\/cms\/wp-content\/uploads\/2019\/12\/DSC02304-scaled.jpg?resize=1627%2C2048&amp;ssl=1 1627w, https:\/\/i0.wp.com\/www.jazzzeitung.de\/cms\/wp-content\/uploads\/2019\/12\/DSC02304-scaled.jpg?resize=1320%2C1662&amp;ssl=1 1320w, https:\/\/i0.wp.com\/www.jazzzeitung.de\/cms\/wp-content\/uploads\/2019\/12\/DSC02304-scaled.jpg?w=1680&amp;ssl=1 1680w\" width=\"453\" height=\"570\" loading=\"lazy\" data-original-width=\"453\" data-original-height=\"570\" itemprop=\"http:\/\/schema.org\/image\" title=\"DSC02304\" alt=\"DSC02304\" style=\"width: 453px; height: 570px;\" \/> <\/a> <\/div> <\/div> <!-- close group --> <div class=\"gallery-group images-1\" style=\"width: 383px; height: 574px;\" data-original-width=\"383\" data-original-height=\"574\" > <div class=\"tiled-gallery-item tiled-gallery-item-large\" itemprop=\"associatedMedia\" itemscope itemtype=\"http:\/\/schema.org\/ImageObject\"> <a href=\"https:\/\/www.jazzzeitung.de\/cms\/2019\/12\/das-gespuer-fuer-den-richtigen-moment-leo-betzls-klaviertrio-erobert-den-techno\/dsc02300\/\" border=\"0\" itemprop=\"url\"> <meta itemprop=\"width\" content=\"379\"> <meta itemprop=\"height\" content=\"570\"> <img decoding=\"async\" class=\"\" data-attachment-id=\"21403\" data-orig-file=\"https:\/\/www.jazzzeitung.de\/cms\/wp-content\/uploads\/2019\/12\/DSC02300-scaled.jpg\" data-orig-size=\"1704,2560\" data-comments-opened=\"1\" data-image-meta=\"{&quot;aperture&quot;:&quot;2.8&quot;,&quot;credit&quot;:&quot;Picasa&quot;,&quot;camera&quot;:&quot;SLT-A58&quot;,&quot;caption&quot;:&quot;&quot;,&quot;created_timestamp&quot;:&quot;1359728618&quot;,&quot;copyright&quot;:&quot;&quot;,&quot;focal_length&quot;:&quot;160&quot;,&quot;iso&quot;:&quot;2000&quot;,&quot;shutter_speed&quot;:&quot;0.004&quot;,&quot;title&quot;:&quot;&quot;,&quot;orientation&quot;:&quot;0&quot;}\" data-image-title=\"DSC02300\" data-image-description=\"\" data-medium-file=\"https:\/\/i0.wp.com\/www.jazzzeitung.de\/cms\/wp-content\/uploads\/2019\/12\/DSC02300-scaled.jpg?fit=200%2C300&#038;ssl=1\" data-large-file=\"https:\/\/i0.wp.com\/www.jazzzeitung.de\/cms\/wp-content\/uploads\/2019\/12\/DSC02300-scaled.jpg?fit=399%2C600&#038;ssl=1\" src=\"https:\/\/i0.wp.com\/www.jazzzeitung.de\/cms\/wp-content\/uploads\/2019\/12\/DSC02300-scaled.jpg?w=379&#038;h=570&#038;ssl=1\" srcset=\"https:\/\/i0.wp.com\/www.jazzzeitung.de\/cms\/wp-content\/uploads\/2019\/12\/DSC02300-scaled.jpg?w=1704&amp;ssl=1 1704w, https:\/\/i0.wp.com\/www.jazzzeitung.de\/cms\/wp-content\/uploads\/2019\/12\/DSC02300-scaled.jpg?resize=200%2C300&amp;ssl=1 200w, https:\/\/i0.wp.com\/www.jazzzeitung.de\/cms\/wp-content\/uploads\/2019\/12\/DSC02300-scaled.jpg?resize=399%2C600&amp;ssl=1 399w, https:\/\/i0.wp.com\/www.jazzzeitung.de\/cms\/wp-content\/uploads\/2019\/12\/DSC02300-scaled.jpg?resize=768%2C1154&amp;ssl=1 768w, https:\/\/i0.wp.com\/www.jazzzeitung.de\/cms\/wp-content\/uploads\/2019\/12\/DSC02300-scaled.jpg?resize=1022%2C1536&amp;ssl=1 1022w, https:\/\/i0.wp.com\/www.jazzzeitung.de\/cms\/wp-content\/uploads\/2019\/12\/DSC02300-scaled.jpg?resize=1363%2C2048&amp;ssl=1 1363w, https:\/\/i0.wp.com\/www.jazzzeitung.de\/cms\/wp-content\/uploads\/2019\/12\/DSC02300-scaled.jpg?resize=1320%2C1983&amp;ssl=1 1320w\" width=\"379\" height=\"570\" loading=\"lazy\" data-original-width=\"379\" data-original-height=\"570\" itemprop=\"http:\/\/schema.org\/image\" title=\"DSC02300\" alt=\"DSC02300\" style=\"width: 379px; height: 570px;\" \/> <\/a> <\/div> <\/div> <!-- close group --> <\/div> <!-- close row --> <div class=\"gallery-row\" style=\"width: 840px; height: 648px;\" data-original-width=\"840\" data-original-height=\"648\" > <div class=\"gallery-group images-3\" style=\"width: 317px; height: 648px;\" data-original-width=\"317\" data-original-height=\"648\" > <div class=\"tiled-gallery-item tiled-gallery-item-large\" itemprop=\"associatedMedia\" itemscope itemtype=\"http:\/\/schema.org\/ImageObject\"> <a href=\"https:\/\/www.jazzzeitung.de\/cms\/2019\/12\/das-gespuer-fuer-den-richtigen-moment-leo-betzls-klaviertrio-erobert-den-techno\/dsc01865\/\" border=\"0\" itemprop=\"url\"> <meta itemprop=\"width\" content=\"313\"> <meta itemprop=\"height\" content=\"206\"> <img decoding=\"async\" class=\"\" data-attachment-id=\"21393\" data-orig-file=\"https:\/\/www.jazzzeitung.de\/cms\/wp-content\/uploads\/2019\/12\/DSC01865-scaled.jpg\" data-orig-size=\"2560,1684\" data-comments-opened=\"1\" data-image-meta=\"{&quot;aperture&quot;:&quot;2.8&quot;,&quot;credit&quot;:&quot;Picasa&quot;,&quot;camera&quot;:&quot;SLT-A58&quot;,&quot;caption&quot;:&quot;&quot;,&quot;created_timestamp&quot;:&quot;1359723003&quot;,&quot;copyright&quot;:&quot;&quot;,&quot;focal_length&quot;:&quot;200&quot;,&quot;iso&quot;:&quot;3200&quot;,&quot;shutter_speed&quot;:&quot;0.004&quot;,&quot;title&quot;:&quot;&quot;,&quot;orientation&quot;:&quot;0&quot;}\" data-image-title=\"DSC01865\" data-image-description=\"\" data-medium-file=\"https:\/\/i0.wp.com\/www.jazzzeitung.de\/cms\/wp-content\/uploads\/2019\/12\/DSC01865-scaled.jpg?fit=300%2C197&#038;ssl=1\" data-large-file=\"https:\/\/i0.wp.com\/www.jazzzeitung.de\/cms\/wp-content\/uploads\/2019\/12\/DSC01865-scaled.jpg?fit=840%2C553&#038;ssl=1\" src=\"https:\/\/i0.wp.com\/www.jazzzeitung.de\/cms\/wp-content\/uploads\/2019\/12\/DSC01865-scaled.jpg?w=313&#038;h=206&#038;ssl=1\" srcset=\"https:\/\/i0.wp.com\/www.jazzzeitung.de\/cms\/wp-content\/uploads\/2019\/12\/DSC01865-scaled.jpg?w=2560&amp;ssl=1 2560w, https:\/\/i0.wp.com\/www.jazzzeitung.de\/cms\/wp-content\/uploads\/2019\/12\/DSC01865-scaled.jpg?resize=300%2C197&amp;ssl=1 300w, https:\/\/i0.wp.com\/www.jazzzeitung.de\/cms\/wp-content\/uploads\/2019\/12\/DSC01865-scaled.jpg?resize=900%2C592&amp;ssl=1 900w, https:\/\/i0.wp.com\/www.jazzzeitung.de\/cms\/wp-content\/uploads\/2019\/12\/DSC01865-scaled.jpg?resize=768%2C505&amp;ssl=1 768w, https:\/\/i0.wp.com\/www.jazzzeitung.de\/cms\/wp-content\/uploads\/2019\/12\/DSC01865-scaled.jpg?resize=1536%2C1010&amp;ssl=1 1536w, https:\/\/i0.wp.com\/www.jazzzeitung.de\/cms\/wp-content\/uploads\/2019\/12\/DSC01865-scaled.jpg?resize=2048%2C1347&amp;ssl=1 2048w, https:\/\/i0.wp.com\/www.jazzzeitung.de\/cms\/wp-content\/uploads\/2019\/12\/DSC01865-scaled.jpg?resize=120%2C80&amp;ssl=1 120w, https:\/\/i0.wp.com\/www.jazzzeitung.de\/cms\/wp-content\/uploads\/2019\/12\/DSC01865-scaled.jpg?resize=1320%2C868&amp;ssl=1 1320w, https:\/\/i0.wp.com\/www.jazzzeitung.de\/cms\/wp-content\/uploads\/2019\/12\/DSC01865-scaled.jpg?w=1680&amp;ssl=1 1680w\" width=\"313\" height=\"206\" loading=\"lazy\" data-original-width=\"313\" data-original-height=\"206\" itemprop=\"http:\/\/schema.org\/image\" title=\"DSC01865\" alt=\"DSC01865\" style=\"width: 313px; height: 206px;\" \/> <\/a> <\/div> <div class=\"tiled-gallery-item tiled-gallery-item-large\" itemprop=\"associatedMedia\" itemscope itemtype=\"http:\/\/schema.org\/ImageObject\"> <a href=\"https:\/\/www.jazzzeitung.de\/cms\/2019\/12\/das-gespuer-fuer-den-richtigen-moment-leo-betzls-klaviertrio-erobert-den-techno\/dsc01869\/\" border=\"0\" itemprop=\"url\"> <meta itemprop=\"width\" content=\"313\"> <meta itemprop=\"height\" content=\"195\"> <img decoding=\"async\" class=\"\" data-attachment-id=\"21394\" data-orig-file=\"https:\/\/www.jazzzeitung.de\/cms\/wp-content\/uploads\/2019\/12\/DSC01869-scaled.jpg\" data-orig-size=\"2560,1597\" data-comments-opened=\"1\" data-image-meta=\"{&quot;aperture&quot;:&quot;2.8&quot;,&quot;credit&quot;:&quot;Picasa&quot;,&quot;camera&quot;:&quot;SLT-A58&quot;,&quot;caption&quot;:&quot;&quot;,&quot;created_timestamp&quot;:&quot;1359723007&quot;,&quot;copyright&quot;:&quot;&quot;,&quot;focal_length&quot;:&quot;200&quot;,&quot;iso&quot;:&quot;3200&quot;,&quot;shutter_speed&quot;:&quot;0.005&quot;,&quot;title&quot;:&quot;&quot;,&quot;orientation&quot;:&quot;0&quot;}\" data-image-title=\"DSC01869\" data-image-description=\"\" data-medium-file=\"https:\/\/i0.wp.com\/www.jazzzeitung.de\/cms\/wp-content\/uploads\/2019\/12\/DSC01869-scaled.jpg?fit=300%2C187&#038;ssl=1\" data-large-file=\"https:\/\/i0.wp.com\/www.jazzzeitung.de\/cms\/wp-content\/uploads\/2019\/12\/DSC01869-scaled.jpg?fit=840%2C524&#038;ssl=1\" src=\"https:\/\/i0.wp.com\/www.jazzzeitung.de\/cms\/wp-content\/uploads\/2019\/12\/DSC01869-scaled.jpg?w=313&#038;h=195&#038;ssl=1\" srcset=\"https:\/\/i0.wp.com\/www.jazzzeitung.de\/cms\/wp-content\/uploads\/2019\/12\/DSC01869-scaled.jpg?w=2560&amp;ssl=1 2560w, https:\/\/i0.wp.com\/www.jazzzeitung.de\/cms\/wp-content\/uploads\/2019\/12\/DSC01869-scaled.jpg?resize=300%2C187&amp;ssl=1 300w, https:\/\/i0.wp.com\/www.jazzzeitung.de\/cms\/wp-content\/uploads\/2019\/12\/DSC01869-scaled.jpg?resize=900%2C561&amp;ssl=1 900w, https:\/\/i0.wp.com\/www.jazzzeitung.de\/cms\/wp-content\/uploads\/2019\/12\/DSC01869-scaled.jpg?resize=768%2C479&amp;ssl=1 768w, https:\/\/i0.wp.com\/www.jazzzeitung.de\/cms\/wp-content\/uploads\/2019\/12\/DSC01869-scaled.jpg?resize=1536%2C958&amp;ssl=1 1536w, https:\/\/i0.wp.com\/www.jazzzeitung.de\/cms\/wp-content\/uploads\/2019\/12\/DSC01869-scaled.jpg?resize=2048%2C1278&amp;ssl=1 2048w, https:\/\/i0.wp.com\/www.jazzzeitung.de\/cms\/wp-content\/uploads\/2019\/12\/DSC01869-scaled.jpg?resize=840%2C525&amp;ssl=1 840w, https:\/\/i0.wp.com\/www.jazzzeitung.de\/cms\/wp-content\/uploads\/2019\/12\/DSC01869-scaled.jpg?resize=280%2C175&amp;ssl=1 280w, https:\/\/i0.wp.com\/www.jazzzeitung.de\/cms\/wp-content\/uploads\/2019\/12\/DSC01869-scaled.jpg?resize=600%2C375&amp;ssl=1 600w, https:\/\/i0.wp.com\/www.jazzzeitung.de\/cms\/wp-content\/uploads\/2019\/12\/DSC01869-scaled.jpg?resize=1320%2C823&amp;ssl=1 1320w, https:\/\/i0.wp.com\/www.jazzzeitung.de\/cms\/wp-content\/uploads\/2019\/12\/DSC01869-scaled.jpg?resize=400%2C250&amp;ssl=1 400w, https:\/\/i0.wp.com\/www.jazzzeitung.de\/cms\/wp-content\/uploads\/2019\/12\/DSC01869-scaled.jpg?w=1680&amp;ssl=1 1680w\" width=\"313\" height=\"195\" loading=\"lazy\" data-original-width=\"313\" data-original-height=\"195\" itemprop=\"http:\/\/schema.org\/image\" title=\"DSC01869\" alt=\"DSC01869\" style=\"width: 313px; height: 195px;\" \/> <\/a> <\/div> <div class=\"tiled-gallery-item tiled-gallery-item-large\" itemprop=\"associatedMedia\" itemscope itemtype=\"http:\/\/schema.org\/ImageObject\"> <a href=\"https:\/\/www.jazzzeitung.de\/cms\/2019\/12\/das-gespuer-fuer-den-richtigen-moment-leo-betzls-klaviertrio-erobert-den-techno\/dsc01903\/\" border=\"0\" itemprop=\"url\"> <meta itemprop=\"width\" content=\"313\"> <meta itemprop=\"height\" content=\"235\"> <img decoding=\"async\" class=\"\" data-attachment-id=\"21395\" data-orig-file=\"https:\/\/www.jazzzeitung.de\/cms\/wp-content\/uploads\/2019\/12\/DSC01903-scaled.jpg\" data-orig-size=\"2560,1929\" data-comments-opened=\"1\" data-image-meta=\"{&quot;aperture&quot;:&quot;3.2&quot;,&quot;credit&quot;:&quot;Picasa&quot;,&quot;camera&quot;:&quot;SLT-A58&quot;,&quot;caption&quot;:&quot;&quot;,&quot;created_timestamp&quot;:&quot;1359724173&quot;,&quot;copyright&quot;:&quot;&quot;,&quot;focal_length&quot;:&quot;200&quot;,&quot;iso&quot;:&quot;3200&quot;,&quot;shutter_speed&quot;:&quot;0.00625&quot;,&quot;title&quot;:&quot;&quot;,&quot;orientation&quot;:&quot;0&quot;}\" data-image-title=\"DSC01903\" data-image-description=\"\" data-medium-file=\"https:\/\/i0.wp.com\/www.jazzzeitung.de\/cms\/wp-content\/uploads\/2019\/12\/DSC01903-scaled.jpg?fit=300%2C226&#038;ssl=1\" data-large-file=\"https:\/\/i0.wp.com\/www.jazzzeitung.de\/cms\/wp-content\/uploads\/2019\/12\/DSC01903-scaled.jpg?fit=796%2C600&#038;ssl=1\" src=\"https:\/\/i0.wp.com\/www.jazzzeitung.de\/cms\/wp-content\/uploads\/2019\/12\/DSC01903-scaled.jpg?w=313&#038;h=235&#038;ssl=1\" srcset=\"https:\/\/i0.wp.com\/www.jazzzeitung.de\/cms\/wp-content\/uploads\/2019\/12\/DSC01903-scaled.jpg?w=2560&amp;ssl=1 2560w, https:\/\/i0.wp.com\/www.jazzzeitung.de\/cms\/wp-content\/uploads\/2019\/12\/DSC01903-scaled.jpg?resize=300%2C226&amp;ssl=1 300w, https:\/\/i0.wp.com\/www.jazzzeitung.de\/cms\/wp-content\/uploads\/2019\/12\/DSC01903-scaled.jpg?resize=796%2C600&amp;ssl=1 796w, https:\/\/i0.wp.com\/www.jazzzeitung.de\/cms\/wp-content\/uploads\/2019\/12\/DSC01903-scaled.jpg?resize=768%2C579&amp;ssl=1 768w, https:\/\/i0.wp.com\/www.jazzzeitung.de\/cms\/wp-content\/uploads\/2019\/12\/DSC01903-scaled.jpg?resize=1536%2C1157&amp;ssl=1 1536w, https:\/\/i0.wp.com\/www.jazzzeitung.de\/cms\/wp-content\/uploads\/2019\/12\/DSC01903-scaled.jpg?resize=2048%2C1543&amp;ssl=1 2048w, https:\/\/i0.wp.com\/www.jazzzeitung.de\/cms\/wp-content\/uploads\/2019\/12\/DSC01903-scaled.jpg?resize=1320%2C994&amp;ssl=1 1320w, https:\/\/i0.wp.com\/www.jazzzeitung.de\/cms\/wp-content\/uploads\/2019\/12\/DSC01903-scaled.jpg?w=1680&amp;ssl=1 1680w\" width=\"313\" height=\"235\" loading=\"lazy\" data-original-width=\"313\" data-original-height=\"235\" itemprop=\"http:\/\/schema.org\/image\" title=\"DSC01903\" alt=\"DSC01903\" style=\"width: 313px; height: 235px;\" \/> <\/a> <\/div> <\/div> <!-- close group --> <div class=\"gallery-group images-1\" style=\"width: 523px; height: 648px;\" data-original-width=\"523\" data-original-height=\"648\" > <div class=\"tiled-gallery-item tiled-gallery-item-large\" itemprop=\"associatedMedia\" itemscope itemtype=\"http:\/\/schema.org\/ImageObject\"> <a href=\"https:\/\/www.jazzzeitung.de\/cms\/2019\/12\/das-gespuer-fuer-den-richtigen-moment-leo-betzls-klaviertrio-erobert-den-techno\/dsc01912\/\" border=\"0\" itemprop=\"url\"> <meta itemprop=\"width\" content=\"519\"> <meta itemprop=\"height\" content=\"644\"> <img decoding=\"async\" class=\"\" data-attachment-id=\"21396\" data-orig-file=\"https:\/\/www.jazzzeitung.de\/cms\/wp-content\/uploads\/2019\/12\/DSC01912-scaled.jpg\" data-orig-size=\"2063,2560\" data-comments-opened=\"1\" data-image-meta=\"{&quot;aperture&quot;:&quot;2.8&quot;,&quot;credit&quot;:&quot;Picasa&quot;,&quot;camera&quot;:&quot;SLT-A58&quot;,&quot;caption&quot;:&quot;&quot;,&quot;created_timestamp&quot;:&quot;1359724225&quot;,&quot;copyright&quot;:&quot;&quot;,&quot;focal_length&quot;:&quot;200&quot;,&quot;iso&quot;:&quot;3200&quot;,&quot;shutter_speed&quot;:&quot;0.008&quot;,&quot;title&quot;:&quot;&quot;,&quot;orientation&quot;:&quot;0&quot;}\" data-image-title=\"DSC01912\" data-image-description=\"\" data-medium-file=\"https:\/\/i0.wp.com\/www.jazzzeitung.de\/cms\/wp-content\/uploads\/2019\/12\/DSC01912-scaled.jpg?fit=242%2C300&#038;ssl=1\" data-large-file=\"https:\/\/i0.wp.com\/www.jazzzeitung.de\/cms\/wp-content\/uploads\/2019\/12\/DSC01912-scaled.jpg?fit=483%2C600&#038;ssl=1\" src=\"https:\/\/i0.wp.com\/www.jazzzeitung.de\/cms\/wp-content\/uploads\/2019\/12\/DSC01912-scaled.jpg?w=519&#038;h=644&#038;ssl=1\" srcset=\"https:\/\/i0.wp.com\/www.jazzzeitung.de\/cms\/wp-content\/uploads\/2019\/12\/DSC01912-scaled.jpg?w=2063&amp;ssl=1 2063w, https:\/\/i0.wp.com\/www.jazzzeitung.de\/cms\/wp-content\/uploads\/2019\/12\/DSC01912-scaled.jpg?resize=242%2C300&amp;ssl=1 242w, https:\/\/i0.wp.com\/www.jazzzeitung.de\/cms\/wp-content\/uploads\/2019\/12\/DSC01912-scaled.jpg?resize=483%2C600&amp;ssl=1 483w, https:\/\/i0.wp.com\/www.jazzzeitung.de\/cms\/wp-content\/uploads\/2019\/12\/DSC01912-scaled.jpg?resize=768%2C953&amp;ssl=1 768w, https:\/\/i0.wp.com\/www.jazzzeitung.de\/cms\/wp-content\/uploads\/2019\/12\/DSC01912-scaled.jpg?resize=1238%2C1536&amp;ssl=1 1238w, https:\/\/i0.wp.com\/www.jazzzeitung.de\/cms\/wp-content\/uploads\/2019\/12\/DSC01912-scaled.jpg?resize=1650%2C2048&amp;ssl=1 1650w, https:\/\/i0.wp.com\/www.jazzzeitung.de\/cms\/wp-content\/uploads\/2019\/12\/DSC01912-scaled.jpg?resize=1320%2C1638&amp;ssl=1 1320w\" width=\"519\" height=\"644\" loading=\"lazy\" data-original-width=\"519\" data-original-height=\"644\" itemprop=\"http:\/\/schema.org\/image\" title=\"DSC01912\" alt=\"DSC01912\" style=\"width: 519px; height: 644px;\" \/> <\/a> <\/div> <\/div> <!-- close group --> <\/div> <!-- close row --> <div class=\"gallery-row\" style=\"width: 840px; height: 582px;\" data-original-width=\"840\" data-original-height=\"582\" > <div class=\"gallery-group images-1\" style=\"width: 452px; height: 582px;\" data-original-width=\"452\" data-original-height=\"582\" > <div class=\"tiled-gallery-item tiled-gallery-item-large\" itemprop=\"associatedMedia\" itemscope itemtype=\"http:\/\/schema.org\/ImageObject\"> <a href=\"https:\/\/www.jazzzeitung.de\/cms\/2019\/12\/das-gespuer-fuer-den-richtigen-moment-leo-betzls-klaviertrio-erobert-den-techno\/dsc01960\/\" border=\"0\" itemprop=\"url\"> <meta itemprop=\"width\" content=\"448\"> <meta itemprop=\"height\" content=\"578\"> <img decoding=\"async\" class=\"\" data-attachment-id=\"21397\" data-orig-file=\"https:\/\/www.jazzzeitung.de\/cms\/wp-content\/uploads\/2019\/12\/DSC01960-scaled.jpg\" data-orig-size=\"1984,2560\" data-comments-opened=\"1\" data-image-meta=\"{&quot;aperture&quot;:&quot;2.8&quot;,&quot;credit&quot;:&quot;Picasa&quot;,&quot;camera&quot;:&quot;SLT-A58&quot;,&quot;caption&quot;:&quot;&quot;,&quot;created_timestamp&quot;:&quot;1359724486&quot;,&quot;copyright&quot;:&quot;&quot;,&quot;focal_length&quot;:&quot;70&quot;,&quot;iso&quot;:&quot;3200&quot;,&quot;shutter_speed&quot;:&quot;0.00625&quot;,&quot;title&quot;:&quot;&quot;,&quot;orientation&quot;:&quot;0&quot;}\" data-image-title=\"DSC01960\" data-image-description=\"\" data-medium-file=\"https:\/\/i0.wp.com\/www.jazzzeitung.de\/cms\/wp-content\/uploads\/2019\/12\/DSC01960-scaled.jpg?fit=232%2C300&#038;ssl=1\" data-large-file=\"https:\/\/i0.wp.com\/www.jazzzeitung.de\/cms\/wp-content\/uploads\/2019\/12\/DSC01960-scaled.jpg?fit=465%2C600&#038;ssl=1\" src=\"https:\/\/i0.wp.com\/www.jazzzeitung.de\/cms\/wp-content\/uploads\/2019\/12\/DSC01960-scaled.jpg?w=448&#038;h=578&#038;ssl=1\" srcset=\"https:\/\/i0.wp.com\/www.jazzzeitung.de\/cms\/wp-content\/uploads\/2019\/12\/DSC01960-scaled.jpg?w=1984&amp;ssl=1 1984w, https:\/\/i0.wp.com\/www.jazzzeitung.de\/cms\/wp-content\/uploads\/2019\/12\/DSC01960-scaled.jpg?resize=232%2C300&amp;ssl=1 232w, https:\/\/i0.wp.com\/www.jazzzeitung.de\/cms\/wp-content\/uploads\/2019\/12\/DSC01960-scaled.jpg?resize=465%2C600&amp;ssl=1 465w, https:\/\/i0.wp.com\/www.jazzzeitung.de\/cms\/wp-content\/uploads\/2019\/12\/DSC01960-scaled.jpg?resize=768%2C991&amp;ssl=1 768w, https:\/\/i0.wp.com\/www.jazzzeitung.de\/cms\/wp-content\/uploads\/2019\/12\/DSC01960-scaled.jpg?resize=1190%2C1536&amp;ssl=1 1190w, https:\/\/i0.wp.com\/www.jazzzeitung.de\/cms\/wp-content\/uploads\/2019\/12\/DSC01960-scaled.jpg?resize=1587%2C2048&amp;ssl=1 1587w, https:\/\/i0.wp.com\/www.jazzzeitung.de\/cms\/wp-content\/uploads\/2019\/12\/DSC01960-scaled.jpg?resize=1320%2C1703&amp;ssl=1 1320w, https:\/\/i0.wp.com\/www.jazzzeitung.de\/cms\/wp-content\/uploads\/2019\/12\/DSC01960-scaled.jpg?w=1680&amp;ssl=1 1680w\" width=\"448\" height=\"578\" loading=\"lazy\" data-original-width=\"448\" data-original-height=\"578\" itemprop=\"http:\/\/schema.org\/image\" title=\"DSC01960\" alt=\"DSC01960\" style=\"width: 448px; height: 578px;\" \/> <\/a> <\/div> <\/div> <!-- close group --> <div class=\"gallery-group images-1\" style=\"width: 388px; height: 582px;\" data-original-width=\"388\" data-original-height=\"582\" > <div class=\"tiled-gallery-item tiled-gallery-item-large\" itemprop=\"associatedMedia\" itemscope itemtype=\"http:\/\/schema.org\/ImageObject\"> <a href=\"https:\/\/www.jazzzeitung.de\/cms\/2019\/12\/das-gespuer-fuer-den-richtigen-moment-leo-betzls-klaviertrio-erobert-den-techno\/dsc02095\/\" border=\"0\" itemprop=\"url\"> <meta itemprop=\"width\" content=\"384\"> <meta itemprop=\"height\" content=\"578\"> <img decoding=\"async\" class=\"\" data-attachment-id=\"21399\" data-orig-file=\"https:\/\/www.jazzzeitung.de\/cms\/wp-content\/uploads\/2019\/12\/DSC02095-scaled.jpg\" data-orig-size=\"1704,2560\" data-comments-opened=\"1\" data-image-meta=\"{&quot;aperture&quot;:&quot;2.8&quot;,&quot;credit&quot;:&quot;Picasa&quot;,&quot;camera&quot;:&quot;SLT-A58&quot;,&quot;caption&quot;:&quot;&quot;,&quot;created_timestamp&quot;:&quot;1359724889&quot;,&quot;copyright&quot;:&quot;&quot;,&quot;focal_length&quot;:&quot;135&quot;,&quot;iso&quot;:&quot;2500&quot;,&quot;shutter_speed&quot;:&quot;0.004&quot;,&quot;title&quot;:&quot;&quot;,&quot;orientation&quot;:&quot;0&quot;}\" data-image-title=\"DSC02095\" data-image-description=\"\" data-medium-file=\"https:\/\/i0.wp.com\/www.jazzzeitung.de\/cms\/wp-content\/uploads\/2019\/12\/DSC02095-scaled.jpg?fit=200%2C300&#038;ssl=1\" data-large-file=\"https:\/\/i0.wp.com\/www.jazzzeitung.de\/cms\/wp-content\/uploads\/2019\/12\/DSC02095-scaled.jpg?fit=399%2C600&#038;ssl=1\" src=\"https:\/\/i0.wp.com\/www.jazzzeitung.de\/cms\/wp-content\/uploads\/2019\/12\/DSC02095-scaled.jpg?w=384&#038;h=578&#038;ssl=1\" srcset=\"https:\/\/i0.wp.com\/www.jazzzeitung.de\/cms\/wp-content\/uploads\/2019\/12\/DSC02095-scaled.jpg?w=1704&amp;ssl=1 1704w, https:\/\/i0.wp.com\/www.jazzzeitung.de\/cms\/wp-content\/uploads\/2019\/12\/DSC02095-scaled.jpg?resize=200%2C300&amp;ssl=1 200w, https:\/\/i0.wp.com\/www.jazzzeitung.de\/cms\/wp-content\/uploads\/2019\/12\/DSC02095-scaled.jpg?resize=399%2C600&amp;ssl=1 399w, https:\/\/i0.wp.com\/www.jazzzeitung.de\/cms\/wp-content\/uploads\/2019\/12\/DSC02095-scaled.jpg?resize=768%2C1154&amp;ssl=1 768w, https:\/\/i0.wp.com\/www.jazzzeitung.de\/cms\/wp-content\/uploads\/2019\/12\/DSC02095-scaled.jpg?resize=1022%2C1536&amp;ssl=1 1022w, https:\/\/i0.wp.com\/www.jazzzeitung.de\/cms\/wp-content\/uploads\/2019\/12\/DSC02095-scaled.jpg?resize=1363%2C2048&amp;ssl=1 1363w, https:\/\/i0.wp.com\/www.jazzzeitung.de\/cms\/wp-content\/uploads\/2019\/12\/DSC02095-scaled.jpg?resize=1320%2C1983&amp;ssl=1 1320w\" width=\"384\" height=\"578\" loading=\"lazy\" data-original-width=\"384\" data-original-height=\"578\" itemprop=\"http:\/\/schema.org\/image\" title=\"DSC02095\" alt=\"DSC02095\" style=\"width: 384px; height: 578px;\" \/> <\/a> <\/div> <\/div> <!-- close group --> <\/div> <!-- close row --> <div class=\"gallery-row\" style=\"width: 840px; height: 590px;\" data-original-width=\"840\" data-original-height=\"590\" > <div class=\"gallery-group images-1\" style=\"width: 840px; height: 590px;\" data-original-width=\"840\" data-original-height=\"590\" > <div class=\"tiled-gallery-item tiled-gallery-item-large\" itemprop=\"associatedMedia\" itemscope itemtype=\"http:\/\/schema.org\/ImageObject\"> <a href=\"https:\/\/www.jazzzeitung.de\/cms\/2019\/12\/das-gespuer-fuer-den-richtigen-moment-leo-betzls-klaviertrio-erobert-den-techno\/dsc02112\/\" border=\"0\" itemprop=\"url\"> <meta itemprop=\"width\" content=\"836\"> <meta itemprop=\"height\" content=\"586\"> <img decoding=\"async\" class=\"\" data-attachment-id=\"21400\" data-orig-file=\"https:\/\/www.jazzzeitung.de\/cms\/wp-content\/uploads\/2019\/12\/DSC02112-scaled.jpg\" data-orig-size=\"2560,1795\" data-comments-opened=\"1\" data-image-meta=\"{&quot;aperture&quot;:&quot;2.8&quot;,&quot;credit&quot;:&quot;Picasa&quot;,&quot;camera&quot;:&quot;SLT-A58&quot;,&quot;caption&quot;:&quot;&quot;,&quot;created_timestamp&quot;:&quot;1359724964&quot;,&quot;copyright&quot;:&quot;&quot;,&quot;focal_length&quot;:&quot;200&quot;,&quot;iso&quot;:&quot;3200&quot;,&quot;shutter_speed&quot;:&quot;0.003125&quot;,&quot;title&quot;:&quot;&quot;,&quot;orientation&quot;:&quot;0&quot;}\" data-image-title=\"DSC02112\" data-image-description=\"\" data-medium-file=\"https:\/\/i0.wp.com\/www.jazzzeitung.de\/cms\/wp-content\/uploads\/2019\/12\/DSC02112-scaled.jpg?fit=300%2C210&#038;ssl=1\" data-large-file=\"https:\/\/i0.wp.com\/www.jazzzeitung.de\/cms\/wp-content\/uploads\/2019\/12\/DSC02112-scaled.jpg?fit=840%2C589&#038;ssl=1\" src=\"https:\/\/i0.wp.com\/www.jazzzeitung.de\/cms\/wp-content\/uploads\/2019\/12\/DSC02112-scaled.jpg?w=836&#038;h=586&#038;ssl=1\" srcset=\"https:\/\/i0.wp.com\/www.jazzzeitung.de\/cms\/wp-content\/uploads\/2019\/12\/DSC02112-scaled.jpg?w=2560&amp;ssl=1 2560w, https:\/\/i0.wp.com\/www.jazzzeitung.de\/cms\/wp-content\/uploads\/2019\/12\/DSC02112-scaled.jpg?resize=300%2C210&amp;ssl=1 300w, https:\/\/i0.wp.com\/www.jazzzeitung.de\/cms\/wp-content\/uploads\/2019\/12\/DSC02112-scaled.jpg?resize=856%2C600&amp;ssl=1 856w, https:\/\/i0.wp.com\/www.jazzzeitung.de\/cms\/wp-content\/uploads\/2019\/12\/DSC02112-scaled.jpg?resize=768%2C538&amp;ssl=1 768w, https:\/\/i0.wp.com\/www.jazzzeitung.de\/cms\/wp-content\/uploads\/2019\/12\/DSC02112-scaled.jpg?resize=1536%2C1077&amp;ssl=1 1536w, https:\/\/i0.wp.com\/www.jazzzeitung.de\/cms\/wp-content\/uploads\/2019\/12\/DSC02112-scaled.jpg?resize=2048%2C1436&amp;ssl=1 2048w, https:\/\/i0.wp.com\/www.jazzzeitung.de\/cms\/wp-content\/uploads\/2019\/12\/DSC02112-scaled.jpg?resize=1320%2C925&amp;ssl=1 1320w, https:\/\/i0.wp.com\/www.jazzzeitung.de\/cms\/wp-content\/uploads\/2019\/12\/DSC02112-scaled.jpg?w=1680&amp;ssl=1 1680w\" width=\"836\" height=\"586\" loading=\"lazy\" data-original-width=\"836\" data-original-height=\"586\" itemprop=\"http:\/\/schema.org\/image\" title=\"DSC02112\" alt=\"DSC02112\" style=\"width: 836px; height: 586px;\" \/> <\/a> <\/div> <\/div> <!-- close group --> <\/div> <!-- close row --> <\/div>\n<h4>Jubelschreie<\/h4>\n<p>Mit Dramaturgie Euphorie herauskitzeln geht etwa so: Den Bass zur\u00fccknehmen, um ihn wenige Takte sp\u00e4ter mit voller Wucht zuschlagen zu lassen. Jubelschreie sind Lohn solcher Aktionen. LBT haben sich und ihrem rein akustischen Instrumentarium so ziemlich das gesamte Vokabular der verschiedenen Subgenres von elektronischer Tanzmusik einverleibt. Bei LBT gibt es keine Sampler, stattdessen h\u00e4lt Bassist Maximillian Hirning eine Spraydose ins Mikro, auf dass es giftig zischelt. Aufblitzende Klavierkaskaden wie in der House-Stilistik \u00fcblich, zeigen, wie allgegenw\u00e4rtig Jazz in der ganzen Musikwelt ist. Ebenso kommen bei LBT Spurenelemente aus der Neuen Musik oder der Minimal Musik ins Spiel, die ja f\u00fcr das Entstehen von Techno auch eine Voraussetzung war.<\/p>\n<p>Endlos k\u00f6nnte dies an diesem Abend so weitergehen, aber die phyischen Grenzen sind begrenzt: Repetitive Musik in ununterbrochenen langen Sets von Hand zu spielen fordert den Ausf\u00fchrenden eine Menge Kraftreserven ab, wie Maximilian Hirning im Gespr\u00e4ch hinterher bekundete. Deswegen hatten die drei in ihrer allerletzten Zugabe auch schon auf Entschleunigung umgeschaltet \u2013 mit einer friedlichen Jazzballade!<\/p>\n","protected":false},"excerpt":{"rendered":"<p>Text und Fotos von Stefan Pieper. Erst war es f\u00fcr das M\u00fcnchener Leo-Betzl-Trio nur ein Experiment, mal eine \u201eTechno-Nummer\u201c ins Programm zu nehmen. Mittlerweile ist ein ganzes Abendprogramm und eine ganze CD daraus hervorgegangen. Und was im Januar beim Jazzfestival M\u00fcnster noch etwas kammermusikalisch- verhalten vonstatten ging, entfesselt ein knappes Jahr und 40 Liveauftritte sp\u00e4ter ein gewaltiges Potenzial, das in der Hertener Schwarzkaue Schl\u00e4gel und Eisen viele Zuh\u00f6rer von den St\u00fchlen holte \u2013 und eintauchen lie\u00df! &nbsp; In Detroit eroberten DJs leere Fabrikhallen zu den ersten Raves, was man gemeinhin als Geburtsstunde des Techno betrachtet. Fast drei Jahrzehnte sp\u00e4ter erfolgt im Rahmen der Konzertreihe Fine Art Jazz in Herten eine \u201eEroberung\u201c aus gegens\u00e4tzlicher Richtung. Wieder findet Techno in Reinkultur statt. Unersch\u00fctterlich pulsiert der Vierviertel-Beat. Songstrukturen haben hier nichts verloren. Tiefe Subb\u00e4sse wabern, h\u00e4mmernde Snaredrum-Synkopen funken im richtigen Moment dazwischen, ebenso allerhand andere, meist abstrakte Klangereignisse oder aufs absolute Minimum reduzierte melodische Figuren. Denn der richtige Moment, die kluge, treffsichere Dosierung ist alles, damit treibende Magie entsteht. Und genau daraus ergibt sich die Schnittstelle f\u00fcr den Schlagzeuger Sebastian Wolfsburger, den Pianisten Leo Betzl und Maximilian Hirning, &hellip;<\/p>\n","protected":false},"author":18,"featured_media":21402,"comment_status":"open","ping_status":"closed","sticky":false,"template":"","format":"standard","meta":{"_jetpack_memberships_contains_paid_content":false,"footnotes":"","jetpack_publicize_message":"","jetpack_publicize_feature_enabled":true,"jetpack_social_post_already_shared":false,"jetpack_social_options":{"image_generator_settings":{"template":"highway","default_image_id":0,"font":"","enabled":false},"version":2}},"categories":[1053],"tags":[1763,1319,109,2116,1911,1876,918,281,1768,2830,2348,1306,1954,2847,1578,2080,485,2312,2849,2848,1129,2846,1356],"coauthors":[695],"class_list":["post-21391","post","type-post","status-publish","format-standard","has-post-thumbnail","hentry","category-bericht","tag-bass","tag-betzl","tag-cd","tag-fine-art-jazz","tag-fotos","tag-jazz","tag-jazzfestival","tag-jazzmusiker","tag-klaviertrio","tag-konzertbericht","tag-lbt","tag-leo-betzl","tag-leo-betzl-trio","tag-maximilian-hirnig","tag-muenster","tag-pianisten","tag-sampler","tag-schlagzeuger","tag-schwarzkauer-herten","tag-sebastian-wolfsburger","tag-stefan-pieper","tag-techno","tag-trio"],"yoast_head":"<!-- This site is optimized with the Yoast SEO plugin v27.5 - https:\/\/yoast.com\/product\/yoast-seo-wordpress\/ -->\n<title>Das Gesp\u00fcr f\u00fcr den richtigen Moment: Leo Betzls Klaviertrio erobert den Techno - JazzZeitung<\/title>\n<meta name=\"robots\" content=\"index, follow, max-snippet:-1, max-image-preview:large, max-video-preview:-1\" \/>\n<link rel=\"canonical\" href=\"https:\/\/www.jazzzeitung.de\/cms\/2019\/12\/das-gespuer-fuer-den-richtigen-moment-leo-betzls-klaviertrio-erobert-den-techno\/\" \/>\n<meta property=\"og:locale\" content=\"de_DE\" \/>\n<meta property=\"og:type\" content=\"article\" \/>\n<meta property=\"og:title\" content=\"Das Gesp\u00fcr f\u00fcr den richtigen Moment: Leo Betzls Klaviertrio erobert den Techno - JazzZeitung\" \/>\n<meta property=\"og:description\" content=\"Text und Fotos von Stefan Pieper. Erst war es f\u00fcr das M\u00fcnchener Leo-Betzl-Trio nur ein Experiment, mal eine \u201eTechno-Nummer\u201c ins Programm zu nehmen. Mittlerweile ist ein ganzes Abendprogramm und eine ganze CD daraus hervorgegangen. Und was im Januar beim Jazzfestival M\u00fcnster noch etwas kammermusikalisch- verhalten vonstatten ging, entfesselt ein knappes Jahr und 40 Liveauftritte sp\u00e4ter ein gewaltiges Potenzial, das in der Hertener Schwarzkaue Schl\u00e4gel und Eisen viele Zuh\u00f6rer von den St\u00fchlen holte \u2013 und eintauchen lie\u00df! &nbsp; In Detroit eroberten DJs leere Fabrikhallen zu den ersten Raves, was man gemeinhin als Geburtsstunde des Techno betrachtet. Fast drei Jahrzehnte sp\u00e4ter erfolgt im Rahmen der Konzertreihe Fine Art Jazz in Herten eine \u201eEroberung\u201c aus gegens\u00e4tzlicher Richtung. Wieder findet Techno in Reinkultur statt. Unersch\u00fctterlich pulsiert der Vierviertel-Beat. Songstrukturen haben hier nichts verloren. Tiefe Subb\u00e4sse wabern, h\u00e4mmernde Snaredrum-Synkopen funken im richtigen Moment dazwischen, ebenso allerhand andere, meist abstrakte Klangereignisse oder aufs absolute Minimum reduzierte melodische Figuren. Denn der richtige Moment, die kluge, treffsichere Dosierung ist alles, damit treibende Magie entsteht. Und genau daraus ergibt sich die Schnittstelle f\u00fcr den Schlagzeuger Sebastian Wolfsburger, den Pianisten Leo Betzl und Maximilian Hirning, &hellip;\" \/>\n<meta property=\"og:url\" content=\"https:\/\/www.jazzzeitung.de\/cms\/2019\/12\/das-gespuer-fuer-den-richtigen-moment-leo-betzls-klaviertrio-erobert-den-techno\/\" \/>\n<meta property=\"og:site_name\" content=\"JazzZeitung\" \/>\n<meta property=\"article:publisher\" content=\"https:\/\/www.facebook.com\/JazzZeitung\/\" \/>\n<meta property=\"article:published_time\" content=\"2019-12-04T09:11:12+00:00\" \/>\n<meta property=\"og:image\" content=\"https:\/\/i0.wp.com\/www.jazzzeitung.de\/cms\/wp-content\/uploads\/2019\/12\/DSC02259-scaled.jpg?fit=2334%2C2560&ssl=1\" \/>\n\t<meta property=\"og:image:width\" content=\"2334\" \/>\n\t<meta property=\"og:image:height\" content=\"2560\" \/>\n\t<meta property=\"og:image:type\" content=\"image\/jpeg\" \/>\n<meta name=\"author\" content=\"Redaktion JazzZeitung\" \/>\n<script type=\"application\/ld+json\" class=\"yoast-schema-graph\">{\"@context\":\"https:\\\/\\\/schema.org\",\"@graph\":[{\"@type\":\"Article\",\"@id\":\"https:\\\/\\\/www.jazzzeitung.de\\\/cms\\\/2019\\\/12\\\/das-gespuer-fuer-den-richtigen-moment-leo-betzls-klaviertrio-erobert-den-techno\\\/#article\",\"isPartOf\":{\"@id\":\"https:\\\/\\\/www.jazzzeitung.de\\\/cms\\\/2019\\\/12\\\/das-gespuer-fuer-den-richtigen-moment-leo-betzls-klaviertrio-erobert-den-techno\\\/\"},\"author\":{\"name\":\"Redaktion JazzZeitung\",\"@id\":\"https:\\\/\\\/www.jazzzeitung.de\\\/cms\\\/#\\\/schema\\\/person\\\/2245b36b9cd1d24cea10f01c031fb92b\"},\"headline\":\"Das Gesp\u00fcr f\u00fcr den richtigen Moment: Leo Betzls Klaviertrio erobert den Techno\",\"datePublished\":\"2019-12-04T09:11:12+00:00\",\"mainEntityOfPage\":{\"@id\":\"https:\\\/\\\/www.jazzzeitung.de\\\/cms\\\/2019\\\/12\\\/das-gespuer-fuer-den-richtigen-moment-leo-betzls-klaviertrio-erobert-den-techno\\\/\"},\"wordCount\":407,\"commentCount\":0,\"publisher\":{\"@id\":\"https:\\\/\\\/www.jazzzeitung.de\\\/cms\\\/#organization\"},\"image\":{\"@id\":\"https:\\\/\\\/www.jazzzeitung.de\\\/cms\\\/2019\\\/12\\\/das-gespuer-fuer-den-richtigen-moment-leo-betzls-klaviertrio-erobert-den-techno\\\/#primaryimage\"},\"thumbnailUrl\":\"https:\\\/\\\/i0.wp.com\\\/www.jazzzeitung.de\\\/cms\\\/wp-content\\\/uploads\\\/2019\\\/12\\\/DSC02259-scaled.jpg?fit=2334%2C2560&ssl=1\",\"keywords\":[\"Bass\",\"betzl\",\"CD\",\"Fine Art Jazz\",\"Fotos\",\"Jazz\",\"Jazzfestival\",\"Jazzmusiker\",\"Klaviertrio\",\"Konzertbericht\",\"LBT\",\"Leo Betzl\",\"Leo Betzl Trio\",\"Maximilian Hirnig\",\"M\u00fcnster\",\"Pianisten\",\"Sampler\",\"Schlagzeuger\",\"Schwarzkauer Herten\",\"Sebastian Wolfsburger\",\"Stefan Pieper\",\"Techno\",\"trio\"],\"articleSection\":[\"Bericht\"],\"inLanguage\":\"de\",\"potentialAction\":[{\"@type\":\"CommentAction\",\"name\":\"Comment\",\"target\":[\"https:\\\/\\\/www.jazzzeitung.de\\\/cms\\\/2019\\\/12\\\/das-gespuer-fuer-den-richtigen-moment-leo-betzls-klaviertrio-erobert-den-techno\\\/#respond\"]}]},{\"@type\":\"WebPage\",\"@id\":\"https:\\\/\\\/www.jazzzeitung.de\\\/cms\\\/2019\\\/12\\\/das-gespuer-fuer-den-richtigen-moment-leo-betzls-klaviertrio-erobert-den-techno\\\/\",\"url\":\"https:\\\/\\\/www.jazzzeitung.de\\\/cms\\\/2019\\\/12\\\/das-gespuer-fuer-den-richtigen-moment-leo-betzls-klaviertrio-erobert-den-techno\\\/\",\"name\":\"Das Gesp\u00fcr f\u00fcr den richtigen Moment: Leo Betzls Klaviertrio erobert den Techno - JazzZeitung\",\"isPartOf\":{\"@id\":\"https:\\\/\\\/www.jazzzeitung.de\\\/cms\\\/#website\"},\"primaryImageOfPage\":{\"@id\":\"https:\\\/\\\/www.jazzzeitung.de\\\/cms\\\/2019\\\/12\\\/das-gespuer-fuer-den-richtigen-moment-leo-betzls-klaviertrio-erobert-den-techno\\\/#primaryimage\"},\"image\":{\"@id\":\"https:\\\/\\\/www.jazzzeitung.de\\\/cms\\\/2019\\\/12\\\/das-gespuer-fuer-den-richtigen-moment-leo-betzls-klaviertrio-erobert-den-techno\\\/#primaryimage\"},\"thumbnailUrl\":\"https:\\\/\\\/i0.wp.com\\\/www.jazzzeitung.de\\\/cms\\\/wp-content\\\/uploads\\\/2019\\\/12\\\/DSC02259-scaled.jpg?fit=2334%2C2560&ssl=1\",\"datePublished\":\"2019-12-04T09:11:12+00:00\",\"breadcrumb\":{\"@id\":\"https:\\\/\\\/www.jazzzeitung.de\\\/cms\\\/2019\\\/12\\\/das-gespuer-fuer-den-richtigen-moment-leo-betzls-klaviertrio-erobert-den-techno\\\/#breadcrumb\"},\"inLanguage\":\"de\",\"potentialAction\":[{\"@type\":\"ReadAction\",\"target\":[\"https:\\\/\\\/www.jazzzeitung.de\\\/cms\\\/2019\\\/12\\\/das-gespuer-fuer-den-richtigen-moment-leo-betzls-klaviertrio-erobert-den-techno\\\/\"]}]},{\"@type\":\"ImageObject\",\"inLanguage\":\"de\",\"@id\":\"https:\\\/\\\/www.jazzzeitung.de\\\/cms\\\/2019\\\/12\\\/das-gespuer-fuer-den-richtigen-moment-leo-betzls-klaviertrio-erobert-den-techno\\\/#primaryimage\",\"url\":\"https:\\\/\\\/i0.wp.com\\\/www.jazzzeitung.de\\\/cms\\\/wp-content\\\/uploads\\\/2019\\\/12\\\/DSC02259-scaled.jpg?fit=2334%2C2560&ssl=1\",\"contentUrl\":\"https:\\\/\\\/i0.wp.com\\\/www.jazzzeitung.de\\\/cms\\\/wp-content\\\/uploads\\\/2019\\\/12\\\/DSC02259-scaled.jpg?fit=2334%2C2560&ssl=1\",\"width\":2334,\"height\":2560},{\"@type\":\"BreadcrumbList\",\"@id\":\"https:\\\/\\\/www.jazzzeitung.de\\\/cms\\\/2019\\\/12\\\/das-gespuer-fuer-den-richtigen-moment-leo-betzls-klaviertrio-erobert-den-techno\\\/#breadcrumb\",\"itemListElement\":[{\"@type\":\"ListItem\",\"position\":1,\"name\":\"Startseite\",\"item\":\"https:\\\/\\\/www.jazzzeitung.de\\\/cms\\\/\"},{\"@type\":\"ListItem\",\"position\":2,\"name\":\"Das Gesp\u00fcr f\u00fcr den richtigen Moment: Leo Betzls Klaviertrio erobert den Techno\"}]},{\"@type\":\"WebSite\",\"@id\":\"https:\\\/\\\/www.jazzzeitung.de\\\/cms\\\/#website\",\"url\":\"https:\\\/\\\/www.jazzzeitung.de\\\/cms\\\/\",\"name\":\"JazzZeitung\",\"description\":\"Jazz-News und Jazz-Kontroverses\",\"publisher\":{\"@id\":\"https:\\\/\\\/www.jazzzeitung.de\\\/cms\\\/#organization\"},\"potentialAction\":[{\"@type\":\"SearchAction\",\"target\":{\"@type\":\"EntryPoint\",\"urlTemplate\":\"https:\\\/\\\/www.jazzzeitung.de\\\/cms\\\/?s={search_term_string}\"},\"query-input\":{\"@type\":\"PropertyValueSpecification\",\"valueRequired\":true,\"valueName\":\"search_term_string\"}}],\"inLanguage\":\"de\"},{\"@type\":\"Organization\",\"@id\":\"https:\\\/\\\/www.jazzzeitung.de\\\/cms\\\/#organization\",\"name\":\"JazzZeitung online\",\"url\":\"https:\\\/\\\/www.jazzzeitung.de\\\/cms\\\/\",\"logo\":{\"@type\":\"ImageObject\",\"inLanguage\":\"de\",\"@id\":\"https:\\\/\\\/www.jazzzeitung.de\\\/cms\\\/#\\\/schema\\\/logo\\\/image\\\/\",\"url\":\"https:\\\/\\\/i0.wp.com\\\/www.jazzzeitung.de\\\/cms\\\/wp-content\\\/uploads\\\/2015\\\/08\\\/JAZZZEITUNGDE_Logo_Neu.png?fit=499%2C200&ssl=1\",\"contentUrl\":\"https:\\\/\\\/i0.wp.com\\\/www.jazzzeitung.de\\\/cms\\\/wp-content\\\/uploads\\\/2015\\\/08\\\/JAZZZEITUNGDE_Logo_Neu.png?fit=499%2C200&ssl=1\",\"width\":499,\"height\":200,\"caption\":\"JazzZeitung online\"},\"image\":{\"@id\":\"https:\\\/\\\/www.jazzzeitung.de\\\/cms\\\/#\\\/schema\\\/logo\\\/image\\\/\"},\"sameAs\":[\"https:\\\/\\\/www.facebook.com\\\/JazzZeitung\\\/\"]},{\"@type\":\"Person\",\"@id\":\"https:\\\/\\\/www.jazzzeitung.de\\\/cms\\\/#\\\/schema\\\/person\\\/2245b36b9cd1d24cea10f01c031fb92b\",\"name\":\"Redaktion JazzZeitung\",\"image\":{\"@type\":\"ImageObject\",\"inLanguage\":\"de\",\"@id\":\"https:\\\/\\\/i0.wp.com\\\/www.jazzzeitung.de\\\/cms\\\/wp-content\\\/uploads\\\/2015\\\/08\\\/JAZZZEITUNGDE_Logo_Neu.png?resize=96%2C96&ssl=159975dcacb611b5700bd619b5daf0a7a\",\"url\":\"https:\\\/\\\/i0.wp.com\\\/www.jazzzeitung.de\\\/cms\\\/wp-content\\\/uploads\\\/2015\\\/08\\\/JAZZZEITUNGDE_Logo_Neu.png?resize=96%2C96&ssl=1\",\"contentUrl\":\"https:\\\/\\\/i0.wp.com\\\/www.jazzzeitung.de\\\/cms\\\/wp-content\\\/uploads\\\/2015\\\/08\\\/JAZZZEITUNGDE_Logo_Neu.png?resize=96%2C96&ssl=1\",\"caption\":\"Redaktion JazzZeitung\"},\"description\":\"Artikel der Redaktion der JazzZeitung.\",\"sameAs\":[\"http:\\\/\\\/www.jazzzeitung.de\\\/cms\\\/\"],\"url\":\"https:\\\/\\\/www.jazzzeitung.de\\\/cms\\\/author\\\/redaktion\\\/\"}]}<\/script>\n<!-- \/ Yoast SEO plugin. -->","yoast_head_json":{"title":"Das Gesp\u00fcr f\u00fcr den richtigen Moment: Leo Betzls Klaviertrio erobert den Techno - JazzZeitung","robots":{"index":"index","follow":"follow","max-snippet":"max-snippet:-1","max-image-preview":"max-image-preview:large","max-video-preview":"max-video-preview:-1"},"canonical":"https:\/\/www.jazzzeitung.de\/cms\/2019\/12\/das-gespuer-fuer-den-richtigen-moment-leo-betzls-klaviertrio-erobert-den-techno\/","og_locale":"de_DE","og_type":"article","og_title":"Das Gesp\u00fcr f\u00fcr den richtigen Moment: Leo Betzls Klaviertrio erobert den Techno - JazzZeitung","og_description":"Text und Fotos von Stefan Pieper. Erst war es f\u00fcr das M\u00fcnchener Leo-Betzl-Trio nur ein Experiment, mal eine \u201eTechno-Nummer\u201c ins Programm zu nehmen. Mittlerweile ist ein ganzes Abendprogramm und eine ganze CD daraus hervorgegangen. Und was im Januar beim Jazzfestival M\u00fcnster noch etwas kammermusikalisch- verhalten vonstatten ging, entfesselt ein knappes Jahr und 40 Liveauftritte sp\u00e4ter ein gewaltiges Potenzial, das in der Hertener Schwarzkaue Schl\u00e4gel und Eisen viele Zuh\u00f6rer von den St\u00fchlen holte \u2013 und eintauchen lie\u00df! &nbsp; In Detroit eroberten DJs leere Fabrikhallen zu den ersten Raves, was man gemeinhin als Geburtsstunde des Techno betrachtet. Fast drei Jahrzehnte sp\u00e4ter erfolgt im Rahmen der Konzertreihe Fine Art Jazz in Herten eine \u201eEroberung\u201c aus gegens\u00e4tzlicher Richtung. Wieder findet Techno in Reinkultur statt. Unersch\u00fctterlich pulsiert der Vierviertel-Beat. Songstrukturen haben hier nichts verloren. Tiefe Subb\u00e4sse wabern, h\u00e4mmernde Snaredrum-Synkopen funken im richtigen Moment dazwischen, ebenso allerhand andere, meist abstrakte Klangereignisse oder aufs absolute Minimum reduzierte melodische Figuren. Denn der richtige Moment, die kluge, treffsichere Dosierung ist alles, damit treibende Magie entsteht. Und genau daraus ergibt sich die Schnittstelle f\u00fcr den Schlagzeuger Sebastian Wolfsburger, den Pianisten Leo Betzl und Maximilian Hirning, &hellip;","og_url":"https:\/\/www.jazzzeitung.de\/cms\/2019\/12\/das-gespuer-fuer-den-richtigen-moment-leo-betzls-klaviertrio-erobert-den-techno\/","og_site_name":"JazzZeitung","article_publisher":"https:\/\/www.facebook.com\/JazzZeitung\/","article_published_time":"2019-12-04T09:11:12+00:00","og_image":[{"width":2334,"height":2560,"url":"https:\/\/i0.wp.com\/www.jazzzeitung.de\/cms\/wp-content\/uploads\/2019\/12\/DSC02259-scaled.jpg?fit=2334%2C2560&ssl=1","type":"image\/jpeg"}],"author":"Redaktion JazzZeitung","schema":{"@context":"https:\/\/schema.org","@graph":[{"@type":"Article","@id":"https:\/\/www.jazzzeitung.de\/cms\/2019\/12\/das-gespuer-fuer-den-richtigen-moment-leo-betzls-klaviertrio-erobert-den-techno\/#article","isPartOf":{"@id":"https:\/\/www.jazzzeitung.de\/cms\/2019\/12\/das-gespuer-fuer-den-richtigen-moment-leo-betzls-klaviertrio-erobert-den-techno\/"},"author":{"name":"Redaktion JazzZeitung","@id":"https:\/\/www.jazzzeitung.de\/cms\/#\/schema\/person\/2245b36b9cd1d24cea10f01c031fb92b"},"headline":"Das Gesp\u00fcr f\u00fcr den richtigen Moment: Leo Betzls Klaviertrio erobert den Techno","datePublished":"2019-12-04T09:11:12+00:00","mainEntityOfPage":{"@id":"https:\/\/www.jazzzeitung.de\/cms\/2019\/12\/das-gespuer-fuer-den-richtigen-moment-leo-betzls-klaviertrio-erobert-den-techno\/"},"wordCount":407,"commentCount":0,"publisher":{"@id":"https:\/\/www.jazzzeitung.de\/cms\/#organization"},"image":{"@id":"https:\/\/www.jazzzeitung.de\/cms\/2019\/12\/das-gespuer-fuer-den-richtigen-moment-leo-betzls-klaviertrio-erobert-den-techno\/#primaryimage"},"thumbnailUrl":"https:\/\/i0.wp.com\/www.jazzzeitung.de\/cms\/wp-content\/uploads\/2019\/12\/DSC02259-scaled.jpg?fit=2334%2C2560&ssl=1","keywords":["Bass","betzl","CD","Fine Art Jazz","Fotos","Jazz","Jazzfestival","Jazzmusiker","Klaviertrio","Konzertbericht","LBT","Leo Betzl","Leo Betzl Trio","Maximilian Hirnig","M\u00fcnster","Pianisten","Sampler","Schlagzeuger","Schwarzkauer Herten","Sebastian Wolfsburger","Stefan Pieper","Techno","trio"],"articleSection":["Bericht"],"inLanguage":"de","potentialAction":[{"@type":"CommentAction","name":"Comment","target":["https:\/\/www.jazzzeitung.de\/cms\/2019\/12\/das-gespuer-fuer-den-richtigen-moment-leo-betzls-klaviertrio-erobert-den-techno\/#respond"]}]},{"@type":"WebPage","@id":"https:\/\/www.jazzzeitung.de\/cms\/2019\/12\/das-gespuer-fuer-den-richtigen-moment-leo-betzls-klaviertrio-erobert-den-techno\/","url":"https:\/\/www.jazzzeitung.de\/cms\/2019\/12\/das-gespuer-fuer-den-richtigen-moment-leo-betzls-klaviertrio-erobert-den-techno\/","name":"Das Gesp\u00fcr f\u00fcr den richtigen Moment: Leo Betzls Klaviertrio erobert den Techno - JazzZeitung","isPartOf":{"@id":"https:\/\/www.jazzzeitung.de\/cms\/#website"},"primaryImageOfPage":{"@id":"https:\/\/www.jazzzeitung.de\/cms\/2019\/12\/das-gespuer-fuer-den-richtigen-moment-leo-betzls-klaviertrio-erobert-den-techno\/#primaryimage"},"image":{"@id":"https:\/\/www.jazzzeitung.de\/cms\/2019\/12\/das-gespuer-fuer-den-richtigen-moment-leo-betzls-klaviertrio-erobert-den-techno\/#primaryimage"},"thumbnailUrl":"https:\/\/i0.wp.com\/www.jazzzeitung.de\/cms\/wp-content\/uploads\/2019\/12\/DSC02259-scaled.jpg?fit=2334%2C2560&ssl=1","datePublished":"2019-12-04T09:11:12+00:00","breadcrumb":{"@id":"https:\/\/www.jazzzeitung.de\/cms\/2019\/12\/das-gespuer-fuer-den-richtigen-moment-leo-betzls-klaviertrio-erobert-den-techno\/#breadcrumb"},"inLanguage":"de","potentialAction":[{"@type":"ReadAction","target":["https:\/\/www.jazzzeitung.de\/cms\/2019\/12\/das-gespuer-fuer-den-richtigen-moment-leo-betzls-klaviertrio-erobert-den-techno\/"]}]},{"@type":"ImageObject","inLanguage":"de","@id":"https:\/\/www.jazzzeitung.de\/cms\/2019\/12\/das-gespuer-fuer-den-richtigen-moment-leo-betzls-klaviertrio-erobert-den-techno\/#primaryimage","url":"https:\/\/i0.wp.com\/www.jazzzeitung.de\/cms\/wp-content\/uploads\/2019\/12\/DSC02259-scaled.jpg?fit=2334%2C2560&ssl=1","contentUrl":"https:\/\/i0.wp.com\/www.jazzzeitung.de\/cms\/wp-content\/uploads\/2019\/12\/DSC02259-scaled.jpg?fit=2334%2C2560&ssl=1","width":2334,"height":2560},{"@type":"BreadcrumbList","@id":"https:\/\/www.jazzzeitung.de\/cms\/2019\/12\/das-gespuer-fuer-den-richtigen-moment-leo-betzls-klaviertrio-erobert-den-techno\/#breadcrumb","itemListElement":[{"@type":"ListItem","position":1,"name":"Startseite","item":"https:\/\/www.jazzzeitung.de\/cms\/"},{"@type":"ListItem","position":2,"name":"Das Gesp\u00fcr f\u00fcr den richtigen Moment: Leo Betzls Klaviertrio erobert den Techno"}]},{"@type":"WebSite","@id":"https:\/\/www.jazzzeitung.de\/cms\/#website","url":"https:\/\/www.jazzzeitung.de\/cms\/","name":"JazzZeitung","description":"Jazz-News und Jazz-Kontroverses","publisher":{"@id":"https:\/\/www.jazzzeitung.de\/cms\/#organization"},"potentialAction":[{"@type":"SearchAction","target":{"@type":"EntryPoint","urlTemplate":"https:\/\/www.jazzzeitung.de\/cms\/?s={search_term_string}"},"query-input":{"@type":"PropertyValueSpecification","valueRequired":true,"valueName":"search_term_string"}}],"inLanguage":"de"},{"@type":"Organization","@id":"https:\/\/www.jazzzeitung.de\/cms\/#organization","name":"JazzZeitung online","url":"https:\/\/www.jazzzeitung.de\/cms\/","logo":{"@type":"ImageObject","inLanguage":"de","@id":"https:\/\/www.jazzzeitung.de\/cms\/#\/schema\/logo\/image\/","url":"https:\/\/i0.wp.com\/www.jazzzeitung.de\/cms\/wp-content\/uploads\/2015\/08\/JAZZZEITUNGDE_Logo_Neu.png?fit=499%2C200&ssl=1","contentUrl":"https:\/\/i0.wp.com\/www.jazzzeitung.de\/cms\/wp-content\/uploads\/2015\/08\/JAZZZEITUNGDE_Logo_Neu.png?fit=499%2C200&ssl=1","width":499,"height":200,"caption":"JazzZeitung online"},"image":{"@id":"https:\/\/www.jazzzeitung.de\/cms\/#\/schema\/logo\/image\/"},"sameAs":["https:\/\/www.facebook.com\/JazzZeitung\/"]},{"@type":"Person","@id":"https:\/\/www.jazzzeitung.de\/cms\/#\/schema\/person\/2245b36b9cd1d24cea10f01c031fb92b","name":"Redaktion JazzZeitung","image":{"@type":"ImageObject","inLanguage":"de","@id":"https:\/\/i0.wp.com\/www.jazzzeitung.de\/cms\/wp-content\/uploads\/2015\/08\/JAZZZEITUNGDE_Logo_Neu.png?resize=96%2C96&ssl=159975dcacb611b5700bd619b5daf0a7a","url":"https:\/\/i0.wp.com\/www.jazzzeitung.de\/cms\/wp-content\/uploads\/2015\/08\/JAZZZEITUNGDE_Logo_Neu.png?resize=96%2C96&ssl=1","contentUrl":"https:\/\/i0.wp.com\/www.jazzzeitung.de\/cms\/wp-content\/uploads\/2015\/08\/JAZZZEITUNGDE_Logo_Neu.png?resize=96%2C96&ssl=1","caption":"Redaktion JazzZeitung"},"description":"Artikel der Redaktion der JazzZeitung.","sameAs":["http:\/\/www.jazzzeitung.de\/cms\/"],"url":"https:\/\/www.jazzzeitung.de\/cms\/author\/redaktion\/"}]}},"wp-worthy-pixel":{"ignored":false,"public":null,"server":null,"url":null},"wp-worthy-type":"normal","jetpack_publicize_connections":[],"cc_featured_image_caption":{"caption_text":"","source_text":"","source_url":""},"jetpack_featured_media_url":"https:\/\/i0.wp.com\/www.jazzzeitung.de\/cms\/wp-content\/uploads\/2019\/12\/DSC02259-scaled.jpg?fit=2334%2C2560&ssl=1","jetpack_shortlink":"https:\/\/wp.me\/p3KEcT-5z1","jetpack-related-posts":[{"id":29081,"url":"https:\/\/www.jazzzeitung.de\/cms\/2023\/02\/album-abstrakt-leo-betzl-trio-besinnt-sich-auf-den-jazz\/","url_meta":{"origin":21391,"position":0},"title":"Album \u201eABSTRAKT\u201c &#8211; Leo Betzl Trio besinnt sich auf den Jazz","author":"Redaktion JazzZeitung","date":"10. Februar 2023","format":false,"excerpt":"(von Stefan Pieper) LBT \u2013 hinter diesem K\u00fcrzel verbirgt sich das M\u00fcnchener Leo Betzl Trio \u2013 und die machen seit einigen Jahren mit ihrer rein akustisch gespielten Techno-Fusion m\u00e4chtig Furore. Auf ihren neuen Album \u201eAbstrakt\" zeigen sie sich aber auch als zeitloses Jazz-Pianotrio auf kreativer H\u00f6he. Nach eigenem Bekunden ziehen\u2026","rel":"","context":"In &quot;Rezension&quot;","block_context":{"text":"Rezension","link":"https:\/\/www.jazzzeitung.de\/cms\/thema\/rezension\/"},"img":{"alt_text":"","src":"https:\/\/i0.wp.com\/www.jazzzeitung.de\/cms\/wp-content\/uploads\/2023\/02\/0767522783322.jpg?fit=600%2C539&ssl=1&resize=350%2C200","width":350,"height":200,"srcset":"https:\/\/i0.wp.com\/www.jazzzeitung.de\/cms\/wp-content\/uploads\/2023\/02\/0767522783322.jpg?fit=600%2C539&ssl=1&resize=350%2C200 1x, https:\/\/i0.wp.com\/www.jazzzeitung.de\/cms\/wp-content\/uploads\/2023\/02\/0767522783322.jpg?fit=600%2C539&ssl=1&resize=525%2C300 1.5x"},"classes":[]},{"id":21929,"url":"https:\/\/www.jazzzeitung.de\/cms\/2020\/02\/die-neue-lbt-doppel-cd-stereo\/","url_meta":{"origin":21391,"position":1},"title":"Die neue LBT Doppel-CD: Stereo","author":"Thomas J. Krebs","date":"17. Februar 2020","format":false,"excerpt":"LBT - was verbirgt sich hinter diesen Buchstaben? Eigentlich nichts anderes als ein Trio mit Klavier, Kontrabass und Schlagzeug. Aber nur auf den ersten Blick! Inhaltlich gehen die Drei komplett neue Wege. Leo Betzl am Piano, Sebastian Wolfgruber an den drums und der Bassist Maximilian Hirning brechen auf zu neuen\u2026","rel":"","context":"In &quot;Rezension&quot;","block_context":{"text":"Rezension","link":"https:\/\/www.jazzzeitung.de\/cms\/thema\/rezension\/"},"img":{"alt_text":"","src":"https:\/\/i0.wp.com\/www.jazzzeitung.de\/cms\/wp-content\/uploads\/2020\/02\/P1683978-LBT-pre-release-Foto-TJ-Krebs.jpg?fit=1200%2C671&ssl=1&resize=350%2C200","width":350,"height":200,"srcset":"https:\/\/i0.wp.com\/www.jazzzeitung.de\/cms\/wp-content\/uploads\/2020\/02\/P1683978-LBT-pre-release-Foto-TJ-Krebs.jpg?fit=1200%2C671&ssl=1&resize=350%2C200 1x, https:\/\/i0.wp.com\/www.jazzzeitung.de\/cms\/wp-content\/uploads\/2020\/02\/P1683978-LBT-pre-release-Foto-TJ-Krebs.jpg?fit=1200%2C671&ssl=1&resize=525%2C300 1.5x, https:\/\/i0.wp.com\/www.jazzzeitung.de\/cms\/wp-content\/uploads\/2020\/02\/P1683978-LBT-pre-release-Foto-TJ-Krebs.jpg?fit=1200%2C671&ssl=1&resize=700%2C400 2x, https:\/\/i0.wp.com\/www.jazzzeitung.de\/cms\/wp-content\/uploads\/2020\/02\/P1683978-LBT-pre-release-Foto-TJ-Krebs.jpg?fit=1200%2C671&ssl=1&resize=1050%2C600 3x"},"classes":[]},{"id":16326,"url":"https:\/\/www.jazzzeitung.de\/cms\/2018\/06\/bmw-welt-jazz-award-2018-geht-an-das-leo-betzl-trio\/","url_meta":{"origin":21391,"position":2},"title":"Die Kunst der Improvisation gewinnt: Der BMW Welt Jazz Award 2018 geht an das Leo Betzl Trio","author":"Redaktion JazzZeitung","date":"11. Juni 2018","format":false,"excerpt":"\u00a0 Der zehnte BMW Welt Jazz Award fand nach einem au\u00dfergew\u00f6hnlichen Abschlusskonzert seinen Sieger: Das Trio LBT, bestehend aus Pianist Leo Betzl, Schlagzeuger Sebastian Wolfgruber und Bassist Maximilian Hirning setzte sich am Samstagabend gegen das Duo BartolomeyBittmann - progressive strings vienna durch. Den Hauptpreis \u00fcberreichte Nicolas Peter, Mitglied des Vorstands\u2026","rel":"","context":"In &quot;News&quot;","block_context":{"text":"News","link":"https:\/\/www.jazzzeitung.de\/cms\/thema\/nachrichten\/"},"img":{"alt_text":"","src":"https:\/\/i0.wp.com\/www.jazzzeitung.de\/cms\/wp-content\/uploads\/2018\/06\/0K3A1544-Award-und-LBT-dombr.jpg?fit=1200%2C800&ssl=1&resize=350%2C200","width":350,"height":200,"srcset":"https:\/\/i0.wp.com\/www.jazzzeitung.de\/cms\/wp-content\/uploads\/2018\/06\/0K3A1544-Award-und-LBT-dombr.jpg?fit=1200%2C800&ssl=1&resize=350%2C200 1x, https:\/\/i0.wp.com\/www.jazzzeitung.de\/cms\/wp-content\/uploads\/2018\/06\/0K3A1544-Award-und-LBT-dombr.jpg?fit=1200%2C800&ssl=1&resize=525%2C300 1.5x, https:\/\/i0.wp.com\/www.jazzzeitung.de\/cms\/wp-content\/uploads\/2018\/06\/0K3A1544-Award-und-LBT-dombr.jpg?fit=1200%2C800&ssl=1&resize=700%2C400 2x, https:\/\/i0.wp.com\/www.jazzzeitung.de\/cms\/wp-content\/uploads\/2018\/06\/0K3A1544-Award-und-LBT-dombr.jpg?fit=1200%2C800&ssl=1&resize=1050%2C600 3x"},"classes":[]},{"id":15114,"url":"https:\/\/www.jazzzeitung.de\/cms\/2018\/02\/das-leo-betzl-trio-legt-vor-der-bmw-welt-jazz-award-hat-begonnen\/","url_meta":{"origin":21391,"position":3},"title":"Das Leo Betzl Trio legt vor: der BMW Welt Jazz Award 2018 hat begonnen","author":"Redaktion JazzZeitung","date":"19. Februar 2018","format":false,"excerpt":"Gelungener\u00a0 Auftakt der neuen Competition \u201eBMW Welt Jazz Award\u201c mit dem Leo Betzl Trio. Mit akustischen Instrumenten fr\u00f6nten die drei bayerischen Spitzenmusiker ihrer gr\u00f6\u00dften Leidenschaft neben dem Jazz: dem Techno. Im wie immer vollbesetzten Doppelkegel der BMW Welt in M\u00fcnchen \u00a0schraubten sich technoide Jazzgrooves und\u00a0 verjazzter Techno in die futuristische\u2026","rel":"","context":"In &quot;News&quot;","block_context":{"text":"News","link":"https:\/\/www.jazzzeitung.de\/cms\/thema\/nachrichten\/"},"img":{"alt_text":"","src":"https:\/\/i0.wp.com\/www.jazzzeitung.de\/cms\/wp-content\/uploads\/2018\/02\/0K3A7694-Hirning-dombr.jpg?fit=1200%2C798&ssl=1&resize=350%2C200","width":350,"height":200,"srcset":"https:\/\/i0.wp.com\/www.jazzzeitung.de\/cms\/wp-content\/uploads\/2018\/02\/0K3A7694-Hirning-dombr.jpg?fit=1200%2C798&ssl=1&resize=350%2C200 1x, https:\/\/i0.wp.com\/www.jazzzeitung.de\/cms\/wp-content\/uploads\/2018\/02\/0K3A7694-Hirning-dombr.jpg?fit=1200%2C798&ssl=1&resize=525%2C300 1.5x, https:\/\/i0.wp.com\/www.jazzzeitung.de\/cms\/wp-content\/uploads\/2018\/02\/0K3A7694-Hirning-dombr.jpg?fit=1200%2C798&ssl=1&resize=700%2C400 2x, https:\/\/i0.wp.com\/www.jazzzeitung.de\/cms\/wp-content\/uploads\/2018\/02\/0K3A7694-Hirning-dombr.jpg?fit=1200%2C798&ssl=1&resize=1050%2C600 3x"},"classes":[]},{"id":12876,"url":"https:\/\/www.jazzzeitung.de\/cms\/2017\/07\/leo-betzl-absolvierte-seine-master-abschlusspruefung-in-der-unterfahrt\/","url_meta":{"origin":21391,"position":4},"title":"Leo Betzl absolvierte seine Master-Abschlusspr\u00fcfung in der Unterfahrt","author":"Redaktion JazzZeitung","date":"5. Juli 2017","format":"gallery","excerpt":"Nicht einfach nur ein Konzert mit dem Leo Betzl Trio - an diesem Abend ging es um die Wurst: f\u00fcr Leo Betzl, der an diesem Abend im ersten Set seine Master-Abschlusspr\u00fcfung an der Hochschule f\u00fcr Musik und Theater M\u00fcnchen bestritt und f\u00fcr Maximilian Hirning, der im zweiten Set seine Master-Zwischenpr\u00fcfung\u2026","rel":"","context":"In &quot;Bericht&quot;","block_context":{"text":"Bericht","link":"https:\/\/www.jazzzeitung.de\/cms\/thema\/bericht\/"},"img":{"alt_text":"","src":"https:\/\/i0.wp.com\/www.jazzzeitung.de\/cms\/wp-content\/uploads\/2017\/07\/P1430677-Betzl-Foto-TJ-Krebs-e1499255215481.jpg?fit=1191%2C1066&ssl=1&resize=350%2C200","width":350,"height":200,"srcset":"https:\/\/i0.wp.com\/www.jazzzeitung.de\/cms\/wp-content\/uploads\/2017\/07\/P1430677-Betzl-Foto-TJ-Krebs-e1499255215481.jpg?fit=1191%2C1066&ssl=1&resize=350%2C200 1x, https:\/\/i0.wp.com\/www.jazzzeitung.de\/cms\/wp-content\/uploads\/2017\/07\/P1430677-Betzl-Foto-TJ-Krebs-e1499255215481.jpg?fit=1191%2C1066&ssl=1&resize=525%2C300 1.5x, https:\/\/i0.wp.com\/www.jazzzeitung.de\/cms\/wp-content\/uploads\/2017\/07\/P1430677-Betzl-Foto-TJ-Krebs-e1499255215481.jpg?fit=1191%2C1066&ssl=1&resize=700%2C400 2x, https:\/\/i0.wp.com\/www.jazzzeitung.de\/cms\/wp-content\/uploads\/2017\/07\/P1430677-Betzl-Foto-TJ-Krebs-e1499255215481.jpg?fit=1191%2C1066&ssl=1&resize=1050%2C600 3x"},"classes":[]},{"id":15908,"url":"https:\/\/www.jazzzeitung.de\/cms\/2018\/05\/die-finalisten-des-bmw-welt-jazz-award-2018-stehen-fest\/","url_meta":{"origin":21391,"position":5},"title":"BMW Welt Jazz Award: BartolomeyBittmann vs. LBT","author":"Redaktion JazzZeitung","date":"4. Mai 2018","format":false,"excerpt":"Die Finalisten des BMW Welt Jazz Award 2018 stehen fest Zum Finale des BMW Welt Jazz Awards, der in diesem Jahr sein zehnj\u00e4hriges Bestehen feiert, pr\u00e4sentieren sich LBT und BartolomeyBittmann progressive strings vienna im Auditorium der BMW Welt. Das Motto in diesem Jahr lautet \u201eJazz moves\u201c und so wird es\u2026","rel":"","context":"In &quot;News&quot;","block_context":{"text":"News","link":"https:\/\/www.jazzzeitung.de\/cms\/thema\/nachrichten\/"},"img":{"alt_text":"","src":"https:\/\/i0.wp.com\/www.jazzzeitung.de\/cms\/wp-content\/uploads\/2018\/04\/Beasdy-Belle-mit-ihrem-Sextett-im-Doppelkegel-Foto-TJ-Krebs-jazzphotoagency%40web.de_.jpg?fit=1200%2C800&ssl=1&resize=350%2C200","width":350,"height":200,"srcset":"https:\/\/i0.wp.com\/www.jazzzeitung.de\/cms\/wp-content\/uploads\/2018\/04\/Beasdy-Belle-mit-ihrem-Sextett-im-Doppelkegel-Foto-TJ-Krebs-jazzphotoagency%40web.de_.jpg?fit=1200%2C800&ssl=1&resize=350%2C200 1x, https:\/\/i0.wp.com\/www.jazzzeitung.de\/cms\/wp-content\/uploads\/2018\/04\/Beasdy-Belle-mit-ihrem-Sextett-im-Doppelkegel-Foto-TJ-Krebs-jazzphotoagency%40web.de_.jpg?fit=1200%2C800&ssl=1&resize=525%2C300 1.5x, https:\/\/i0.wp.com\/www.jazzzeitung.de\/cms\/wp-content\/uploads\/2018\/04\/Beasdy-Belle-mit-ihrem-Sextett-im-Doppelkegel-Foto-TJ-Krebs-jazzphotoagency%40web.de_.jpg?fit=1200%2C800&ssl=1&resize=700%2C400 2x, https:\/\/i0.wp.com\/www.jazzzeitung.de\/cms\/wp-content\/uploads\/2018\/04\/Beasdy-Belle-mit-ihrem-Sextett-im-Doppelkegel-Foto-TJ-Krebs-jazzphotoagency%40web.de_.jpg?fit=1200%2C800&ssl=1&resize=1050%2C600 3x"},"classes":[]}],"jetpack_sharing_enabled":true,"_links":{"self":[{"href":"https:\/\/www.jazzzeitung.de\/cms\/wp-json\/wp\/v2\/posts\/21391","targetHints":{"allow":["GET"]}}],"collection":[{"href":"https:\/\/www.jazzzeitung.de\/cms\/wp-json\/wp\/v2\/posts"}],"about":[{"href":"https:\/\/www.jazzzeitung.de\/cms\/wp-json\/wp\/v2\/types\/post"}],"author":[{"embeddable":true,"href":"https:\/\/www.jazzzeitung.de\/cms\/wp-json\/wp\/v2\/users\/18"}],"replies":[{"embeddable":true,"href":"https:\/\/www.jazzzeitung.de\/cms\/wp-json\/wp\/v2\/comments?post=21391"}],"version-history":[{"count":1,"href":"https:\/\/www.jazzzeitung.de\/cms\/wp-json\/wp\/v2\/posts\/21391\/revisions"}],"predecessor-version":[{"id":21411,"href":"https:\/\/www.jazzzeitung.de\/cms\/wp-json\/wp\/v2\/posts\/21391\/revisions\/21411"}],"wp:featuredmedia":[{"embeddable":true,"href":"https:\/\/www.jazzzeitung.de\/cms\/wp-json\/wp\/v2\/media\/21402"}],"wp:attachment":[{"href":"https:\/\/www.jazzzeitung.de\/cms\/wp-json\/wp\/v2\/media?parent=21391"}],"wp:term":[{"taxonomy":"category","embeddable":true,"href":"https:\/\/www.jazzzeitung.de\/cms\/wp-json\/wp\/v2\/categories?post=21391"},{"taxonomy":"post_tag","embeddable":true,"href":"https:\/\/www.jazzzeitung.de\/cms\/wp-json\/wp\/v2\/tags?post=21391"},{"taxonomy":"author","embeddable":true,"href":"https:\/\/www.jazzzeitung.de\/cms\/wp-json\/wp\/v2\/coauthors?post=21391"}],"curies":[{"name":"wp","href":"https:\/\/api.w.org\/{rel}","templated":true}]}}