{"id":21372,"date":"2019-11-29T15:00:10","date_gmt":"2019-11-29T14:00:10","guid":{"rendered":"https:\/\/www.jazzzeitung.de\/cms\/?p=21372"},"modified":"2019-11-29T14:49:48","modified_gmt":"2019-11-29T13:49:48","slug":"newsjazz-talk-konzert-am-2-dezember-im-gasteig-ist-nat-king-cole-gewidmetstuttgarts-bix-gibt-die-highlights-2020-bekannt","status":"publish","type":"post","link":"https:\/\/www.jazzzeitung.de\/cms\/2019\/11\/newsjazz-talk-konzert-am-2-dezember-im-gasteig-ist-nat-king-cole-gewidmetstuttgarts-bix-gibt-die-highlights-2020-bekannt\/","title":{"rendered":"+++News:+++Jazz &#038; Talk-Konzert am 2. Dezember im Gasteig ist Nat King Cole gewidmet+++Januar Highlights im Stuttgarter Jazzclub BIX+++"},"content":{"rendered":"<h2>+++Unforgettable+++<\/h2>\n<p><strong>Nat King Cole gilt als einer der gr\u00f6\u00dften Entertainer, S\u00e4nger und Pianisten des Jazz \u2013 in diesem Jahr w\u00e4re er 100 Jahre alt geworden. Das n\u00e4chste Jazz &amp; Talk-Konzert am 2. Dezember im Gasteig ist ihm gewidmet. Eintritt frei<\/strong><\/p>\n<p>Denkt man an Nat King Cole, f\u00e4llt einem zuerst der gef\u00fchlvolle S\u00e4nger mit der samtenen Stimme und der Interpret sch\u00f6ner Songs wie \u201eMona Lisa\u201c und \u201eWhen I fall in love\u201c ein. Doch Nat King Cole war auch als Pianist stilbildend und dar\u00fcber hinaus ein Trendsetter seiner Zeit. Mit seinem Nat King Cole Trio war er bereits Ende der 1930er Jahre so etwas wie die Blaupause des sp\u00e4ter so popul\u00e4ren Formats des Piano Trios. Ikonen des Jazzpianos wie George Shearing, Oscar Peterson oder Errol Garner nennen ihn ein pr\u00e4gendes Vorbild.<\/p>\n<p>Worin liegt Coles Bedeutung f\u00fcr den Jazz und warum wird er gerade unter Musikern so verehrt? Dieser Frage gehen die Jazzmusiker und Professoren Andreas Kissenbeck und Michael Keul gemeinsam mit Studierenden des Jazz Instituts der Hochschule f\u00fcr Musik und Theater M\u00fcnchen (HMTM) bei der n\u00e4chsten Ausgabe von \u201eJazz &amp; Talk\u201c nach. Am 2. Dezember um 19 Uhr \u00f6ffnen sich die T\u00fcren der Black Box f\u00fcr die beliebte Mischung aus Musik und Information. Aufgrund des gro\u00dfen Andrangs auf die letzten Konzerte wird die Veranstaltung zus\u00e4tzlich live in das Medienlabor PIXEL in der Ladenpassage vor dem Gasteig-Eingang \u00fcbertragen. Dort gibt es im Anschluss an das Konzert die M\u00f6glichkeit, mit den Musikern ins Gespr\u00e4ch zu kommen. Dazu gibt\u2019s Gl\u00fchwein und Weihnachtslieder vom unvergesslichen Star des Abends: Nat King Cole.<\/p>\n<p><strong>Weitere Jazz &amp; Talk-Termine 2019<\/strong><\/p>\n<p><strong>12.12.2019: Was haben Jazz-Improvisation und Malerei gemeinsam?<\/strong><br \/>\nWas hat Charlie Parker mit Claude Monet zu tun oder Michael Brecker mit Pablo Picasso? Zwischen den Gestaltungskonzepten von Jazz und Malerei gibt es \u00fcberraschende Gemeinsamkeiten. Auf der B\u00fchne werden ausgew\u00e4hlte Gem\u00e4lde und ihre musikalischen Pendants gezeigt, die Kompositions-und Improvisationstechniken werden Teil der musikalischen Performance.<\/p>\n<p><strong>Ank\u00fcndigung f\u00fcr 2020:<\/strong><br \/>\nJazz &amp; Talk wird gr\u00f6\u00dfer! Die Veranstaltungsreihe findet ab dem kommenden Jahr im Carl-Orff-Saal statt. Los geht\u2019s am 20. April mit dem U.M.P.A. Jazz Orchestra und dem Thema Jazz &amp; Tanz.<\/p>\n<p><strong>Jazz &amp; Talk \u2013 Nat King Cole<\/strong><strong><br \/>\nMontag, 2. Dezember 2019<\/strong><br \/>\nBeginn: 19 Uhr<br \/>\nGasteig M\u00fcnchen: Black Box; Live-\u00dcbertragung im PIXEL und Post-Concert-Talk<br \/>\nEintritt frei (Karten ab 18 Uhr vor der Black Box, solange der Vorrat reicht)<\/p>\n<p>Beitragsbild: Andreas Kissenbeck mit seiner &#8222;Jazz und Talk-Band&#8220; im Gasteig. Foto: Andreas Merz<\/p>\n<p>&nbsp;<\/p>\n<h2>+++Januar Highlights im JazzClub BIX in Stuttgart+++<\/h2>\n<p>Der\u00a0 BIX Jazzclub begr\u00fc\u00dfet das neue Jahr mit regionalen, nationalen und internationalen Gr\u00f6\u00dfen der gegenw\u00e4rtigen Jazzszene. Die <b>Highlights im Januar<\/b> lauten <b>Shayna Steele, Ralph Moore feat. Andr\u00e9 Wei\u00df Trio, Broken Shadows feat. Berne, Speed, Anderson &amp; King, Alexander &#8218;Sandi&#8216; Kuhn Quartett,\u00a0 Max Greger jr. feat. Eva Leticia Padilla, Angelika Niescier NYC Trio <\/b>und<b> Klaus Graf Quartett<\/b>.<\/p>\n<figure id=\"attachment_21377\" aria-describedby=\"caption-attachment-21377\" style=\"width: 840px\" class=\"wp-caption alignleft\"><a href=\"https:\/\/i0.wp.com\/www.jazzzeitung.de\/cms\/wp-content\/uploads\/2019\/11\/2020_01_29-Angelika-Niescier-c-Alex-Schopbach-scaled.jpg?ssl=1\"><img data-recalc-dims=\"1\" loading=\"lazy\" decoding=\"async\" data-attachment-id=\"21377\" data-permalink=\"https:\/\/www.jazzzeitung.de\/cms\/2019\/11\/newsjazz-talk-konzert-am-2-dezember-im-gasteig-ist-nat-king-cole-gewidmetstuttgarts-bix-gibt-die-highlights-2020-bekannt\/2020_01_29-angelika-niescier-c-alex-schopbach\/\" data-orig-file=\"https:\/\/i0.wp.com\/www.jazzzeitung.de\/cms\/wp-content\/uploads\/2019\/11\/2020_01_29-Angelika-Niescier-c-Alex-Schopbach-scaled.jpg?fit=2560%2C1709&amp;ssl=1\" data-orig-size=\"2560,1709\" data-comments-opened=\"1\" data-image-meta=\"{&quot;aperture&quot;:&quot;8&quot;,&quot;credit&quot;:&quot;Alex Schopbach&quot;,&quot;camera&quot;:&quot;NIKON D800&quot;,&quot;caption&quot;:&quot;&quot;,&quot;created_timestamp&quot;:&quot;1516061430&quot;,&quot;copyright&quot;:&quot;Alex Schopbach&quot;,&quot;focal_length&quot;:&quot;66&quot;,&quot;iso&quot;:&quot;400&quot;,&quot;shutter_speed&quot;:&quot;0.025&quot;,&quot;title&quot;:&quot;&quot;,&quot;orientation&quot;:&quot;1&quot;}\" data-image-title=\"2020_01_29 Angelika Niescier (c) Alex Schopbach\" data-image-description=\"\" data-image-caption=\"\" data-large-file=\"https:\/\/i0.wp.com\/www.jazzzeitung.de\/cms\/wp-content\/uploads\/2019\/11\/2020_01_29-Angelika-Niescier-c-Alex-Schopbach-scaled.jpg?fit=840%2C560&amp;ssl=1\" class=\"wp-image-21377 size-large\" src=\"https:\/\/i0.wp.com\/www.jazzzeitung.de\/cms\/wp-content\/uploads\/2019\/11\/2020_01_29-Angelika-Niescier-c-Alex-Schopbach.jpg?resize=840%2C560&#038;ssl=1\" alt=\"\" width=\"840\" height=\"560\" srcset=\"https:\/\/i0.wp.com\/www.jazzzeitung.de\/cms\/wp-content\/uploads\/2019\/11\/2020_01_29-Angelika-Niescier-c-Alex-Schopbach-scaled.jpg?resize=900%2C600&amp;ssl=1 900w, https:\/\/i0.wp.com\/www.jazzzeitung.de\/cms\/wp-content\/uploads\/2019\/11\/2020_01_29-Angelika-Niescier-c-Alex-Schopbach-scaled.jpg?resize=300%2C200&amp;ssl=1 300w, https:\/\/i0.wp.com\/www.jazzzeitung.de\/cms\/wp-content\/uploads\/2019\/11\/2020_01_29-Angelika-Niescier-c-Alex-Schopbach-scaled.jpg?resize=768%2C513&amp;ssl=1 768w, https:\/\/i0.wp.com\/www.jazzzeitung.de\/cms\/wp-content\/uploads\/2019\/11\/2020_01_29-Angelika-Niescier-c-Alex-Schopbach-scaled.jpg?resize=1536%2C1025&amp;ssl=1 1536w, https:\/\/i0.wp.com\/www.jazzzeitung.de\/cms\/wp-content\/uploads\/2019\/11\/2020_01_29-Angelika-Niescier-c-Alex-Schopbach-scaled.jpg?resize=2048%2C1367&amp;ssl=1 2048w, https:\/\/i0.wp.com\/www.jazzzeitung.de\/cms\/wp-content\/uploads\/2019\/11\/2020_01_29-Angelika-Niescier-c-Alex-Schopbach-scaled.jpg?resize=120%2C80&amp;ssl=1 120w, https:\/\/i0.wp.com\/www.jazzzeitung.de\/cms\/wp-content\/uploads\/2019\/11\/2020_01_29-Angelika-Niescier-c-Alex-Schopbach-scaled.jpg?resize=1320%2C881&amp;ssl=1 1320w, https:\/\/i0.wp.com\/www.jazzzeitung.de\/cms\/wp-content\/uploads\/2019\/11\/2020_01_29-Angelika-Niescier-c-Alex-Schopbach-scaled.jpg?w=1680&amp;ssl=1 1680w, https:\/\/i0.wp.com\/www.jazzzeitung.de\/cms\/wp-content\/uploads\/2019\/11\/2020_01_29-Angelika-Niescier-c-Alex-Schopbach-scaled.jpg?w=2520&amp;ssl=1 2520w\" sizes=\"auto, (max-width: 840px) 100vw, 840px\" \/><\/a><figcaption id=\"caption-attachment-21377\" class=\"wp-caption-text\">Angelika Niescier in New York. Foto: Alex Schopbach<\/figcaption><\/figure>\n<p>Der Tipp der JazzZeitungsredaktion ist das<b> Angelika Niescier NYC Trio<\/b><br \/>\nDas NYC Trio um die Echo-Jazz-Preistr\u00e4gerin Angelika Niescier pr\u00e4sentiert ein neues Album mit Musik, die zeitlos und zeitgem\u00e4\u00df zugleich ist. Das Dreiergespann durchforscht jeden m\u00f6glichen Aspekt des Zusammenspiels, mal kammer-musikalisch fein und transparent, mal explosionsartig ungest\u00fcm und dicht, immer spannungsgeladen bis in den letzten Ton und die letzte Pause.<\/p>\n<p>Mittwoch, 29.01., Einlass: 19:00 Uhr\/ Beginn 20:30 Uhr<b><br \/>\n<\/b><\/p>\n<p>&nbsp;<\/p>\n<p>Mehr Infos zu allen Konzerten des Monats Januar im BIX finden Sie auf der BIX- <a href=\"http:\/\/www.bix-stuttgart.de\/programm\">Homepage.<\/a><\/p>\n","protected":false},"excerpt":{"rendered":"<p>+++Unforgettable+++ Nat King Cole gilt als einer der gr\u00f6\u00dften Entertainer, S\u00e4nger und Pianisten des Jazz \u2013 in diesem Jahr w\u00e4re er 100 Jahre alt geworden. Das n\u00e4chste Jazz &amp; Talk-Konzert am 2. Dezember im Gasteig ist ihm gewidmet. Eintritt frei Denkt man an Nat King Cole, f\u00e4llt einem zuerst der gef\u00fchlvolle S\u00e4nger mit der samtenen Stimme und der Interpret sch\u00f6ner Songs wie \u201eMona Lisa\u201c und \u201eWhen I fall in love\u201c ein. Doch Nat King Cole war auch als Pianist stilbildend und dar\u00fcber hinaus ein Trendsetter seiner Zeit. Mit seinem Nat King Cole Trio war er bereits Ende der 1930er Jahre so etwas wie die Blaupause des sp\u00e4ter so popul\u00e4ren Formats des Piano Trios. Ikonen des Jazzpianos wie George Shearing, Oscar Peterson oder Errol Garner nennen ihn ein pr\u00e4gendes Vorbild. Worin liegt Coles Bedeutung f\u00fcr den Jazz und warum wird er gerade unter Musikern so verehrt? Dieser Frage gehen die Jazzmusiker und Professoren Andreas Kissenbeck und Michael Keul gemeinsam mit Studierenden des Jazz Instituts der Hochschule f\u00fcr Musik und Theater M\u00fcnchen (HMTM) bei der n\u00e4chsten Ausgabe von \u201eJazz &amp; Talk\u201c nach. Am 2. Dezember um 19 &hellip;<\/p>\n","protected":false},"author":18,"featured_media":21374,"comment_status":"open","ping_status":"closed","sticky":false,"template":"","format":"standard","meta":{"_jetpack_memberships_contains_paid_content":false,"footnotes":"","jetpack_publicize_message":"","jetpack_publicize_feature_enabled":true,"jetpack_social_post_already_shared":false,"jetpack_social_options":{"image_generator_settings":{"template":"highway","default_image_id":0,"font":"","enabled":false},"version":2}},"categories":[633],"tags":[2019,2660,34,42,1950,111,980,193,2654,226,1007,1876,2553,271,281,1978,322,323,1672,2817,386,401,904,1951,1640,2080,442,1965,2139,1860,1356],"coauthors":[695],"class_list":["post-21372","post","type-post","status-publish","format-standard","has-post-thumbnail","hentry","category-nachrichten","tag-2019","tag-2660","tag-album","tag-angelika-niescier","tag-ankuendigung","tag-charlie-parker","tag-echo","tag-gasteig","tag-gasteig-muenchen","tag-hochschule-fuer-musik-und-theater","tag-improvisation","tag-jazz","tag-jazz-talk","tag-jazzclub","tag-jazzmusiker","tag-jazzszene","tag-konzert-2","tag-konzerte","tag-live","tag-michael-brecker","tag-michael-keul","tag-muenchen","tag-new-york","tag-news","tag-oscar-peterson","tag-pianisten","tag-piano","tag-quartett","tag-s","tag-stuttgart","tag-trio"],"yoast_head":"<!-- This site is optimized with the Yoast SEO plugin v27.5 - https:\/\/yoast.com\/product\/yoast-seo-wordpress\/ -->\n<title>+++News:+++Jazz &amp; Talk-Konzert am 2. Dezember im Gasteig ist Nat King Cole gewidmet+++Januar Highlights im Stuttgarter Jazzclub BIX+++ - JazzZeitung<\/title>\n<meta name=\"robots\" content=\"index, follow, max-snippet:-1, max-image-preview:large, max-video-preview:-1\" \/>\n<link rel=\"canonical\" href=\"https:\/\/www.jazzzeitung.de\/cms\/2019\/11\/newsjazz-talk-konzert-am-2-dezember-im-gasteig-ist-nat-king-cole-gewidmetstuttgarts-bix-gibt-die-highlights-2020-bekannt\/\" \/>\n<meta property=\"og:locale\" content=\"de_DE\" \/>\n<meta property=\"og:type\" content=\"article\" \/>\n<meta property=\"og:title\" content=\"+++News:+++Jazz &amp; Talk-Konzert am 2. Dezember im Gasteig ist Nat King Cole gewidmet+++Januar Highlights im Stuttgarter Jazzclub BIX+++ - JazzZeitung\" \/>\n<meta property=\"og:description\" content=\"+++Unforgettable+++ Nat King Cole gilt als einer der gr\u00f6\u00dften Entertainer, S\u00e4nger und Pianisten des Jazz \u2013 in diesem Jahr w\u00e4re er 100 Jahre alt geworden. Das n\u00e4chste Jazz &amp; Talk-Konzert am 2. Dezember im Gasteig ist ihm gewidmet. Eintritt frei Denkt man an Nat King Cole, f\u00e4llt einem zuerst der gef\u00fchlvolle S\u00e4nger mit der samtenen Stimme und der Interpret sch\u00f6ner Songs wie \u201eMona Lisa\u201c und \u201eWhen I fall in love\u201c ein. Doch Nat King Cole war auch als Pianist stilbildend und dar\u00fcber hinaus ein Trendsetter seiner Zeit. Mit seinem Nat King Cole Trio war er bereits Ende der 1930er Jahre so etwas wie die Blaupause des sp\u00e4ter so popul\u00e4ren Formats des Piano Trios. Ikonen des Jazzpianos wie George Shearing, Oscar Peterson oder Errol Garner nennen ihn ein pr\u00e4gendes Vorbild. Worin liegt Coles Bedeutung f\u00fcr den Jazz und warum wird er gerade unter Musikern so verehrt? Dieser Frage gehen die Jazzmusiker und Professoren Andreas Kissenbeck und Michael Keul gemeinsam mit Studierenden des Jazz Instituts der Hochschule f\u00fcr Musik und Theater M\u00fcnchen (HMTM) bei der n\u00e4chsten Ausgabe von \u201eJazz &amp; Talk\u201c nach. Am 2. Dezember um 19 &hellip;\" \/>\n<meta property=\"og:url\" content=\"https:\/\/www.jazzzeitung.de\/cms\/2019\/11\/newsjazz-talk-konzert-am-2-dezember-im-gasteig-ist-nat-king-cole-gewidmetstuttgarts-bix-gibt-die-highlights-2020-bekannt\/\" \/>\n<meta property=\"og:site_name\" content=\"JazzZeitung\" \/>\n<meta property=\"article:publisher\" content=\"https:\/\/www.facebook.com\/JazzZeitung\/\" \/>\n<meta property=\"article:published_time\" content=\"2019-11-29T14:00:10+00:00\" \/>\n<meta property=\"og:image\" content=\"https:\/\/i0.wp.com\/www.jazzzeitung.de\/cms\/wp-content\/uploads\/2019\/11\/Jazz_und_TalkcGMG_Andreas_Merz-scaled.jpg?fit=2560%2C1440&ssl=1\" \/>\n\t<meta property=\"og:image:width\" content=\"2560\" \/>\n\t<meta property=\"og:image:height\" content=\"1440\" \/>\n\t<meta property=\"og:image:type\" content=\"image\/jpeg\" \/>\n<meta name=\"author\" content=\"Redaktion JazzZeitung\" \/>\n<script type=\"application\/ld+json\" class=\"yoast-schema-graph\">{\"@context\":\"https:\\\/\\\/schema.org\",\"@graph\":[{\"@type\":\"Article\",\"@id\":\"https:\\\/\\\/www.jazzzeitung.de\\\/cms\\\/2019\\\/11\\\/newsjazz-talk-konzert-am-2-dezember-im-gasteig-ist-nat-king-cole-gewidmetstuttgarts-bix-gibt-die-highlights-2020-bekannt\\\/#article\",\"isPartOf\":{\"@id\":\"https:\\\/\\\/www.jazzzeitung.de\\\/cms\\\/2019\\\/11\\\/newsjazz-talk-konzert-am-2-dezember-im-gasteig-ist-nat-king-cole-gewidmetstuttgarts-bix-gibt-die-highlights-2020-bekannt\\\/\"},\"author\":{\"name\":\"Redaktion JazzZeitung\",\"@id\":\"https:\\\/\\\/www.jazzzeitung.de\\\/cms\\\/#\\\/schema\\\/person\\\/2245b36b9cd1d24cea10f01c031fb92b\"},\"headline\":\"+++News:+++Jazz &#038; Talk-Konzert am 2. Dezember im Gasteig ist Nat King Cole gewidmet+++Januar Highlights im Stuttgarter Jazzclub BIX+++\",\"datePublished\":\"2019-11-29T14:00:10+00:00\",\"mainEntityOfPage\":{\"@id\":\"https:\\\/\\\/www.jazzzeitung.de\\\/cms\\\/2019\\\/11\\\/newsjazz-talk-konzert-am-2-dezember-im-gasteig-ist-nat-king-cole-gewidmetstuttgarts-bix-gibt-die-highlights-2020-bekannt\\\/\"},\"wordCount\":603,\"commentCount\":0,\"publisher\":{\"@id\":\"https:\\\/\\\/www.jazzzeitung.de\\\/cms\\\/#organization\"},\"image\":{\"@id\":\"https:\\\/\\\/www.jazzzeitung.de\\\/cms\\\/2019\\\/11\\\/newsjazz-talk-konzert-am-2-dezember-im-gasteig-ist-nat-king-cole-gewidmetstuttgarts-bix-gibt-die-highlights-2020-bekannt\\\/#primaryimage\"},\"thumbnailUrl\":\"https:\\\/\\\/i0.wp.com\\\/www.jazzzeitung.de\\\/cms\\\/wp-content\\\/uploads\\\/2019\\\/11\\\/Jazz_und_TalkcGMG_Andreas_Merz-scaled.jpg?fit=2560%2C1440&ssl=1\",\"keywords\":[\"2019\",\"2020\",\"Album\",\"Angelika Niescier\",\"Ank\u00fcndigung\",\"Charlie Parker\",\"ECHO\",\"Gasteig\",\"Gasteig M\u00fcnchen\",\"Hochschule f\u00fcr Musik und Theater\",\"Improvisation\",\"Jazz\",\"Jazz &amp; Talk\",\"Jazzclub\",\"Jazzmusiker\",\"Jazzszene\",\"Konzert\",\"Konzerte\",\"Live\",\"Michael Brecker\",\"Michael Keul\",\"M\u00fcnchen\",\"New York\",\"News\",\"Oscar Peterson\",\"Pianisten\",\"Piano\",\"Quartett\",\"S\",\"Stuttgart\",\"trio\"],\"articleSection\":[\"News\"],\"inLanguage\":\"de\",\"potentialAction\":[{\"@type\":\"CommentAction\",\"name\":\"Comment\",\"target\":[\"https:\\\/\\\/www.jazzzeitung.de\\\/cms\\\/2019\\\/11\\\/newsjazz-talk-konzert-am-2-dezember-im-gasteig-ist-nat-king-cole-gewidmetstuttgarts-bix-gibt-die-highlights-2020-bekannt\\\/#respond\"]}]},{\"@type\":\"WebPage\",\"@id\":\"https:\\\/\\\/www.jazzzeitung.de\\\/cms\\\/2019\\\/11\\\/newsjazz-talk-konzert-am-2-dezember-im-gasteig-ist-nat-king-cole-gewidmetstuttgarts-bix-gibt-die-highlights-2020-bekannt\\\/\",\"url\":\"https:\\\/\\\/www.jazzzeitung.de\\\/cms\\\/2019\\\/11\\\/newsjazz-talk-konzert-am-2-dezember-im-gasteig-ist-nat-king-cole-gewidmetstuttgarts-bix-gibt-die-highlights-2020-bekannt\\\/\",\"name\":\"+++News:+++Jazz & Talk-Konzert am 2. Dezember im Gasteig ist Nat King Cole gewidmet+++Januar Highlights im Stuttgarter Jazzclub BIX+++ - JazzZeitung\",\"isPartOf\":{\"@id\":\"https:\\\/\\\/www.jazzzeitung.de\\\/cms\\\/#website\"},\"primaryImageOfPage\":{\"@id\":\"https:\\\/\\\/www.jazzzeitung.de\\\/cms\\\/2019\\\/11\\\/newsjazz-talk-konzert-am-2-dezember-im-gasteig-ist-nat-king-cole-gewidmetstuttgarts-bix-gibt-die-highlights-2020-bekannt\\\/#primaryimage\"},\"image\":{\"@id\":\"https:\\\/\\\/www.jazzzeitung.de\\\/cms\\\/2019\\\/11\\\/newsjazz-talk-konzert-am-2-dezember-im-gasteig-ist-nat-king-cole-gewidmetstuttgarts-bix-gibt-die-highlights-2020-bekannt\\\/#primaryimage\"},\"thumbnailUrl\":\"https:\\\/\\\/i0.wp.com\\\/www.jazzzeitung.de\\\/cms\\\/wp-content\\\/uploads\\\/2019\\\/11\\\/Jazz_und_TalkcGMG_Andreas_Merz-scaled.jpg?fit=2560%2C1440&ssl=1\",\"datePublished\":\"2019-11-29T14:00:10+00:00\",\"breadcrumb\":{\"@id\":\"https:\\\/\\\/www.jazzzeitung.de\\\/cms\\\/2019\\\/11\\\/newsjazz-talk-konzert-am-2-dezember-im-gasteig-ist-nat-king-cole-gewidmetstuttgarts-bix-gibt-die-highlights-2020-bekannt\\\/#breadcrumb\"},\"inLanguage\":\"de\",\"potentialAction\":[{\"@type\":\"ReadAction\",\"target\":[\"https:\\\/\\\/www.jazzzeitung.de\\\/cms\\\/2019\\\/11\\\/newsjazz-talk-konzert-am-2-dezember-im-gasteig-ist-nat-king-cole-gewidmetstuttgarts-bix-gibt-die-highlights-2020-bekannt\\\/\"]}]},{\"@type\":\"ImageObject\",\"inLanguage\":\"de\",\"@id\":\"https:\\\/\\\/www.jazzzeitung.de\\\/cms\\\/2019\\\/11\\\/newsjazz-talk-konzert-am-2-dezember-im-gasteig-ist-nat-king-cole-gewidmetstuttgarts-bix-gibt-die-highlights-2020-bekannt\\\/#primaryimage\",\"url\":\"https:\\\/\\\/i0.wp.com\\\/www.jazzzeitung.de\\\/cms\\\/wp-content\\\/uploads\\\/2019\\\/11\\\/Jazz_und_TalkcGMG_Andreas_Merz-scaled.jpg?fit=2560%2C1440&ssl=1\",\"contentUrl\":\"https:\\\/\\\/i0.wp.com\\\/www.jazzzeitung.de\\\/cms\\\/wp-content\\\/uploads\\\/2019\\\/11\\\/Jazz_und_TalkcGMG_Andreas_Merz-scaled.jpg?fit=2560%2C1440&ssl=1\",\"width\":2560,\"height\":1440,\"caption\":\"Andreas Kissenbeck mit seiner \\\"Jazz und Talk-Band\\\" im Gasteig. Foto: Andreas Merz\"},{\"@type\":\"BreadcrumbList\",\"@id\":\"https:\\\/\\\/www.jazzzeitung.de\\\/cms\\\/2019\\\/11\\\/newsjazz-talk-konzert-am-2-dezember-im-gasteig-ist-nat-king-cole-gewidmetstuttgarts-bix-gibt-die-highlights-2020-bekannt\\\/#breadcrumb\",\"itemListElement\":[{\"@type\":\"ListItem\",\"position\":1,\"name\":\"Startseite\",\"item\":\"https:\\\/\\\/www.jazzzeitung.de\\\/cms\\\/\"},{\"@type\":\"ListItem\",\"position\":2,\"name\":\"+++News:+++Jazz &#038; Talk-Konzert am 2. Dezember im Gasteig ist Nat King Cole gewidmet+++Januar Highlights im Stuttgarter Jazzclub BIX+++\"}]},{\"@type\":\"WebSite\",\"@id\":\"https:\\\/\\\/www.jazzzeitung.de\\\/cms\\\/#website\",\"url\":\"https:\\\/\\\/www.jazzzeitung.de\\\/cms\\\/\",\"name\":\"JazzZeitung\",\"description\":\"Jazz-News und Jazz-Kontroverses\",\"publisher\":{\"@id\":\"https:\\\/\\\/www.jazzzeitung.de\\\/cms\\\/#organization\"},\"potentialAction\":[{\"@type\":\"SearchAction\",\"target\":{\"@type\":\"EntryPoint\",\"urlTemplate\":\"https:\\\/\\\/www.jazzzeitung.de\\\/cms\\\/?s={search_term_string}\"},\"query-input\":{\"@type\":\"PropertyValueSpecification\",\"valueRequired\":true,\"valueName\":\"search_term_string\"}}],\"inLanguage\":\"de\"},{\"@type\":\"Organization\",\"@id\":\"https:\\\/\\\/www.jazzzeitung.de\\\/cms\\\/#organization\",\"name\":\"JazzZeitung online\",\"url\":\"https:\\\/\\\/www.jazzzeitung.de\\\/cms\\\/\",\"logo\":{\"@type\":\"ImageObject\",\"inLanguage\":\"de\",\"@id\":\"https:\\\/\\\/www.jazzzeitung.de\\\/cms\\\/#\\\/schema\\\/logo\\\/image\\\/\",\"url\":\"https:\\\/\\\/i0.wp.com\\\/www.jazzzeitung.de\\\/cms\\\/wp-content\\\/uploads\\\/2015\\\/08\\\/JAZZZEITUNGDE_Logo_Neu.png?fit=499%2C200&ssl=1\",\"contentUrl\":\"https:\\\/\\\/i0.wp.com\\\/www.jazzzeitung.de\\\/cms\\\/wp-content\\\/uploads\\\/2015\\\/08\\\/JAZZZEITUNGDE_Logo_Neu.png?fit=499%2C200&ssl=1\",\"width\":499,\"height\":200,\"caption\":\"JazzZeitung online\"},\"image\":{\"@id\":\"https:\\\/\\\/www.jazzzeitung.de\\\/cms\\\/#\\\/schema\\\/logo\\\/image\\\/\"},\"sameAs\":[\"https:\\\/\\\/www.facebook.com\\\/JazzZeitung\\\/\"]},{\"@type\":\"Person\",\"@id\":\"https:\\\/\\\/www.jazzzeitung.de\\\/cms\\\/#\\\/schema\\\/person\\\/2245b36b9cd1d24cea10f01c031fb92b\",\"name\":\"Redaktion JazzZeitung\",\"image\":{\"@type\":\"ImageObject\",\"inLanguage\":\"de\",\"@id\":\"https:\\\/\\\/i0.wp.com\\\/www.jazzzeitung.de\\\/cms\\\/wp-content\\\/uploads\\\/2015\\\/08\\\/JAZZZEITUNGDE_Logo_Neu.png?resize=96%2C96&ssl=159975dcacb611b5700bd619b5daf0a7a\",\"url\":\"https:\\\/\\\/i0.wp.com\\\/www.jazzzeitung.de\\\/cms\\\/wp-content\\\/uploads\\\/2015\\\/08\\\/JAZZZEITUNGDE_Logo_Neu.png?resize=96%2C96&ssl=1\",\"contentUrl\":\"https:\\\/\\\/i0.wp.com\\\/www.jazzzeitung.de\\\/cms\\\/wp-content\\\/uploads\\\/2015\\\/08\\\/JAZZZEITUNGDE_Logo_Neu.png?resize=96%2C96&ssl=1\",\"caption\":\"Redaktion JazzZeitung\"},\"description\":\"Artikel der Redaktion der JazzZeitung.\",\"sameAs\":[\"http:\\\/\\\/www.jazzzeitung.de\\\/cms\\\/\"],\"url\":\"https:\\\/\\\/www.jazzzeitung.de\\\/cms\\\/author\\\/redaktion\\\/\"}]}<\/script>\n<!-- \/ Yoast SEO plugin. -->","yoast_head_json":{"title":"+++News:+++Jazz & Talk-Konzert am 2. Dezember im Gasteig ist Nat King Cole gewidmet+++Januar Highlights im Stuttgarter Jazzclub BIX+++ - JazzZeitung","robots":{"index":"index","follow":"follow","max-snippet":"max-snippet:-1","max-image-preview":"max-image-preview:large","max-video-preview":"max-video-preview:-1"},"canonical":"https:\/\/www.jazzzeitung.de\/cms\/2019\/11\/newsjazz-talk-konzert-am-2-dezember-im-gasteig-ist-nat-king-cole-gewidmetstuttgarts-bix-gibt-die-highlights-2020-bekannt\/","og_locale":"de_DE","og_type":"article","og_title":"+++News:+++Jazz & Talk-Konzert am 2. Dezember im Gasteig ist Nat King Cole gewidmet+++Januar Highlights im Stuttgarter Jazzclub BIX+++ - JazzZeitung","og_description":"+++Unforgettable+++ Nat King Cole gilt als einer der gr\u00f6\u00dften Entertainer, S\u00e4nger und Pianisten des Jazz \u2013 in diesem Jahr w\u00e4re er 100 Jahre alt geworden. Das n\u00e4chste Jazz &amp; Talk-Konzert am 2. Dezember im Gasteig ist ihm gewidmet. Eintritt frei Denkt man an Nat King Cole, f\u00e4llt einem zuerst der gef\u00fchlvolle S\u00e4nger mit der samtenen Stimme und der Interpret sch\u00f6ner Songs wie \u201eMona Lisa\u201c und \u201eWhen I fall in love\u201c ein. Doch Nat King Cole war auch als Pianist stilbildend und dar\u00fcber hinaus ein Trendsetter seiner Zeit. Mit seinem Nat King Cole Trio war er bereits Ende der 1930er Jahre so etwas wie die Blaupause des sp\u00e4ter so popul\u00e4ren Formats des Piano Trios. Ikonen des Jazzpianos wie George Shearing, Oscar Peterson oder Errol Garner nennen ihn ein pr\u00e4gendes Vorbild. Worin liegt Coles Bedeutung f\u00fcr den Jazz und warum wird er gerade unter Musikern so verehrt? Dieser Frage gehen die Jazzmusiker und Professoren Andreas Kissenbeck und Michael Keul gemeinsam mit Studierenden des Jazz Instituts der Hochschule f\u00fcr Musik und Theater M\u00fcnchen (HMTM) bei der n\u00e4chsten Ausgabe von \u201eJazz &amp; Talk\u201c nach. Am 2. Dezember um 19 &hellip;","og_url":"https:\/\/www.jazzzeitung.de\/cms\/2019\/11\/newsjazz-talk-konzert-am-2-dezember-im-gasteig-ist-nat-king-cole-gewidmetstuttgarts-bix-gibt-die-highlights-2020-bekannt\/","og_site_name":"JazzZeitung","article_publisher":"https:\/\/www.facebook.com\/JazzZeitung\/","article_published_time":"2019-11-29T14:00:10+00:00","og_image":[{"width":2560,"height":1440,"url":"https:\/\/i0.wp.com\/www.jazzzeitung.de\/cms\/wp-content\/uploads\/2019\/11\/Jazz_und_TalkcGMG_Andreas_Merz-scaled.jpg?fit=2560%2C1440&ssl=1","type":"image\/jpeg"}],"author":"Redaktion JazzZeitung","schema":{"@context":"https:\/\/schema.org","@graph":[{"@type":"Article","@id":"https:\/\/www.jazzzeitung.de\/cms\/2019\/11\/newsjazz-talk-konzert-am-2-dezember-im-gasteig-ist-nat-king-cole-gewidmetstuttgarts-bix-gibt-die-highlights-2020-bekannt\/#article","isPartOf":{"@id":"https:\/\/www.jazzzeitung.de\/cms\/2019\/11\/newsjazz-talk-konzert-am-2-dezember-im-gasteig-ist-nat-king-cole-gewidmetstuttgarts-bix-gibt-die-highlights-2020-bekannt\/"},"author":{"name":"Redaktion JazzZeitung","@id":"https:\/\/www.jazzzeitung.de\/cms\/#\/schema\/person\/2245b36b9cd1d24cea10f01c031fb92b"},"headline":"+++News:+++Jazz &#038; Talk-Konzert am 2. Dezember im Gasteig ist Nat King Cole gewidmet+++Januar Highlights im Stuttgarter Jazzclub BIX+++","datePublished":"2019-11-29T14:00:10+00:00","mainEntityOfPage":{"@id":"https:\/\/www.jazzzeitung.de\/cms\/2019\/11\/newsjazz-talk-konzert-am-2-dezember-im-gasteig-ist-nat-king-cole-gewidmetstuttgarts-bix-gibt-die-highlights-2020-bekannt\/"},"wordCount":603,"commentCount":0,"publisher":{"@id":"https:\/\/www.jazzzeitung.de\/cms\/#organization"},"image":{"@id":"https:\/\/www.jazzzeitung.de\/cms\/2019\/11\/newsjazz-talk-konzert-am-2-dezember-im-gasteig-ist-nat-king-cole-gewidmetstuttgarts-bix-gibt-die-highlights-2020-bekannt\/#primaryimage"},"thumbnailUrl":"https:\/\/i0.wp.com\/www.jazzzeitung.de\/cms\/wp-content\/uploads\/2019\/11\/Jazz_und_TalkcGMG_Andreas_Merz-scaled.jpg?fit=2560%2C1440&ssl=1","keywords":["2019","2020","Album","Angelika Niescier","Ank\u00fcndigung","Charlie Parker","ECHO","Gasteig","Gasteig M\u00fcnchen","Hochschule f\u00fcr Musik und Theater","Improvisation","Jazz","Jazz &amp; Talk","Jazzclub","Jazzmusiker","Jazzszene","Konzert","Konzerte","Live","Michael Brecker","Michael Keul","M\u00fcnchen","New York","News","Oscar Peterson","Pianisten","Piano","Quartett","S","Stuttgart","trio"],"articleSection":["News"],"inLanguage":"de","potentialAction":[{"@type":"CommentAction","name":"Comment","target":["https:\/\/www.jazzzeitung.de\/cms\/2019\/11\/newsjazz-talk-konzert-am-2-dezember-im-gasteig-ist-nat-king-cole-gewidmetstuttgarts-bix-gibt-die-highlights-2020-bekannt\/#respond"]}]},{"@type":"WebPage","@id":"https:\/\/www.jazzzeitung.de\/cms\/2019\/11\/newsjazz-talk-konzert-am-2-dezember-im-gasteig-ist-nat-king-cole-gewidmetstuttgarts-bix-gibt-die-highlights-2020-bekannt\/","url":"https:\/\/www.jazzzeitung.de\/cms\/2019\/11\/newsjazz-talk-konzert-am-2-dezember-im-gasteig-ist-nat-king-cole-gewidmetstuttgarts-bix-gibt-die-highlights-2020-bekannt\/","name":"+++News:+++Jazz & Talk-Konzert am 2. Dezember im Gasteig ist Nat King Cole gewidmet+++Januar Highlights im Stuttgarter Jazzclub BIX+++ - JazzZeitung","isPartOf":{"@id":"https:\/\/www.jazzzeitung.de\/cms\/#website"},"primaryImageOfPage":{"@id":"https:\/\/www.jazzzeitung.de\/cms\/2019\/11\/newsjazz-talk-konzert-am-2-dezember-im-gasteig-ist-nat-king-cole-gewidmetstuttgarts-bix-gibt-die-highlights-2020-bekannt\/#primaryimage"},"image":{"@id":"https:\/\/www.jazzzeitung.de\/cms\/2019\/11\/newsjazz-talk-konzert-am-2-dezember-im-gasteig-ist-nat-king-cole-gewidmetstuttgarts-bix-gibt-die-highlights-2020-bekannt\/#primaryimage"},"thumbnailUrl":"https:\/\/i0.wp.com\/www.jazzzeitung.de\/cms\/wp-content\/uploads\/2019\/11\/Jazz_und_TalkcGMG_Andreas_Merz-scaled.jpg?fit=2560%2C1440&ssl=1","datePublished":"2019-11-29T14:00:10+00:00","breadcrumb":{"@id":"https:\/\/www.jazzzeitung.de\/cms\/2019\/11\/newsjazz-talk-konzert-am-2-dezember-im-gasteig-ist-nat-king-cole-gewidmetstuttgarts-bix-gibt-die-highlights-2020-bekannt\/#breadcrumb"},"inLanguage":"de","potentialAction":[{"@type":"ReadAction","target":["https:\/\/www.jazzzeitung.de\/cms\/2019\/11\/newsjazz-talk-konzert-am-2-dezember-im-gasteig-ist-nat-king-cole-gewidmetstuttgarts-bix-gibt-die-highlights-2020-bekannt\/"]}]},{"@type":"ImageObject","inLanguage":"de","@id":"https:\/\/www.jazzzeitung.de\/cms\/2019\/11\/newsjazz-talk-konzert-am-2-dezember-im-gasteig-ist-nat-king-cole-gewidmetstuttgarts-bix-gibt-die-highlights-2020-bekannt\/#primaryimage","url":"https:\/\/i0.wp.com\/www.jazzzeitung.de\/cms\/wp-content\/uploads\/2019\/11\/Jazz_und_TalkcGMG_Andreas_Merz-scaled.jpg?fit=2560%2C1440&ssl=1","contentUrl":"https:\/\/i0.wp.com\/www.jazzzeitung.de\/cms\/wp-content\/uploads\/2019\/11\/Jazz_und_TalkcGMG_Andreas_Merz-scaled.jpg?fit=2560%2C1440&ssl=1","width":2560,"height":1440,"caption":"Andreas Kissenbeck mit seiner \"Jazz und Talk-Band\" im Gasteig. Foto: Andreas Merz"},{"@type":"BreadcrumbList","@id":"https:\/\/www.jazzzeitung.de\/cms\/2019\/11\/newsjazz-talk-konzert-am-2-dezember-im-gasteig-ist-nat-king-cole-gewidmetstuttgarts-bix-gibt-die-highlights-2020-bekannt\/#breadcrumb","itemListElement":[{"@type":"ListItem","position":1,"name":"Startseite","item":"https:\/\/www.jazzzeitung.de\/cms\/"},{"@type":"ListItem","position":2,"name":"+++News:+++Jazz &#038; Talk-Konzert am 2. Dezember im Gasteig ist Nat King Cole gewidmet+++Januar Highlights im Stuttgarter Jazzclub BIX+++"}]},{"@type":"WebSite","@id":"https:\/\/www.jazzzeitung.de\/cms\/#website","url":"https:\/\/www.jazzzeitung.de\/cms\/","name":"JazzZeitung","description":"Jazz-News und Jazz-Kontroverses","publisher":{"@id":"https:\/\/www.jazzzeitung.de\/cms\/#organization"},"potentialAction":[{"@type":"SearchAction","target":{"@type":"EntryPoint","urlTemplate":"https:\/\/www.jazzzeitung.de\/cms\/?s={search_term_string}"},"query-input":{"@type":"PropertyValueSpecification","valueRequired":true,"valueName":"search_term_string"}}],"inLanguage":"de"},{"@type":"Organization","@id":"https:\/\/www.jazzzeitung.de\/cms\/#organization","name":"JazzZeitung online","url":"https:\/\/www.jazzzeitung.de\/cms\/","logo":{"@type":"ImageObject","inLanguage":"de","@id":"https:\/\/www.jazzzeitung.de\/cms\/#\/schema\/logo\/image\/","url":"https:\/\/i0.wp.com\/www.jazzzeitung.de\/cms\/wp-content\/uploads\/2015\/08\/JAZZZEITUNGDE_Logo_Neu.png?fit=499%2C200&ssl=1","contentUrl":"https:\/\/i0.wp.com\/www.jazzzeitung.de\/cms\/wp-content\/uploads\/2015\/08\/JAZZZEITUNGDE_Logo_Neu.png?fit=499%2C200&ssl=1","width":499,"height":200,"caption":"JazzZeitung online"},"image":{"@id":"https:\/\/www.jazzzeitung.de\/cms\/#\/schema\/logo\/image\/"},"sameAs":["https:\/\/www.facebook.com\/JazzZeitung\/"]},{"@type":"Person","@id":"https:\/\/www.jazzzeitung.de\/cms\/#\/schema\/person\/2245b36b9cd1d24cea10f01c031fb92b","name":"Redaktion JazzZeitung","image":{"@type":"ImageObject","inLanguage":"de","@id":"https:\/\/i0.wp.com\/www.jazzzeitung.de\/cms\/wp-content\/uploads\/2015\/08\/JAZZZEITUNGDE_Logo_Neu.png?resize=96%2C96&ssl=159975dcacb611b5700bd619b5daf0a7a","url":"https:\/\/i0.wp.com\/www.jazzzeitung.de\/cms\/wp-content\/uploads\/2015\/08\/JAZZZEITUNGDE_Logo_Neu.png?resize=96%2C96&ssl=1","contentUrl":"https:\/\/i0.wp.com\/www.jazzzeitung.de\/cms\/wp-content\/uploads\/2015\/08\/JAZZZEITUNGDE_Logo_Neu.png?resize=96%2C96&ssl=1","caption":"Redaktion JazzZeitung"},"description":"Artikel der Redaktion der JazzZeitung.","sameAs":["http:\/\/www.jazzzeitung.de\/cms\/"],"url":"https:\/\/www.jazzzeitung.de\/cms\/author\/redaktion\/"}]}},"wp-worthy-pixel":{"ignored":false,"public":null,"server":null,"url":null},"wp-worthy-type":"normal","jetpack_publicize_connections":[],"cc_featured_image_caption":{"caption_text":"","source_text":"","source_url":""},"jetpack_featured_media_url":"https:\/\/i0.wp.com\/www.jazzzeitung.de\/cms\/wp-content\/uploads\/2019\/11\/Jazz_und_TalkcGMG_Andreas_Merz-scaled.jpg?fit=2560%2C1440&ssl=1","jetpack_shortlink":"https:\/\/wp.me\/p3KEcT-5yI","jetpack-related-posts":[{"id":5281,"url":"https:\/\/www.jazzzeitung.de\/cms\/2015\/01\/news-jamm-jazz-masters-muenchen-im-gasteig-2015-musikseminare-schoenbach-das-label-impulse-im-februar\/","url_meta":{"origin":21372,"position":0},"title":"+++ News +++ Jazz Masters M\u00fcnchen 2015 +++ Musikseminare in Sch\u00f6nbach +++ \u201eImpulse!\u201c im Februar +++","author":"Redaktion JazzZeitung","date":"23. Januar 2015","format":false,"excerpt":"JAM:M Jazz Masters M\u00fcnchen im Gasteig 2015 Nach dem grandiosen Erfolg der Reihe JAZZaround Gasteig im Dezember 2012 werden die Jazz-Gespr\u00e4chskonzerte unter dem neuen Namen Jazz and Talk fortgef\u00fchrt. Die Jazz Musiker Andreas Kissenbeck und Michael Keul entf\u00fchren das Publikum in der Black Box an vier Abenden in die spannende\u2026","rel":"","context":"In &quot;Bericht&quot;","block_context":{"text":"Bericht","link":"https:\/\/www.jazzzeitung.de\/cms\/thema\/bericht\/"},"img":{"alt_text":"Jazz Master","src":"https:\/\/i0.wp.com\/www.jazzzeitung.de\/cms\/wp-content\/uploads\/2015\/01\/Jazz-Master.jpg?resize=350%2C200","width":350,"height":200},"classes":[]},{"id":639,"url":"https:\/\/www.jazzzeitung.de\/cms\/2010\/12\/ausstellungstipp-jazz-in-muenchen\/","url_meta":{"origin":21372,"position":1},"title":"Ausstellungstipp: Jazz in M\u00fcnchen","author":"J\u00f6rg Lichtinger","date":"16. Dezember 2010","format":false,"excerpt":"Im Jahr 2007 wurde die von den Autoren Gisela Kurz und Hermann Wilhelm bereits zuvor als Brosch\u00fcre erschienene Geschichte des Jazz in M\u00fcnchen beim Verlag der Lentnerschen Buchhandlung als Hardcover neu verlegt. Zu den Feierlichkeiten 25 Jahre Gasteig ist in M\u00fcnchen aus diesem Fundus jetzt eine Ausstellung konzipiert worden. Das\u2026","rel":"","context":"In &quot;Blog&quot;","block_context":{"text":"Blog","link":"https:\/\/www.jazzzeitung.de\/cms\/thema\/blog\/"},"img":{"alt_text":"Redakteur der ersten Stunde beim BR: Werner G\u00f6tze. Foto: BR\/Lindinger","src":"https:\/\/i0.wp.com\/www.jazzzeitung.de\/cms\/wp-content\/uploads\/2010\/07\/G%C3%B6tze-217x300.jpg?resize=350%2C200","width":350,"height":200},"classes":[]},{"id":1233,"url":"https:\/\/www.jazzzeitung.de\/cms\/2011\/09\/40-jahre-enja-jubilaumskonzerte-in-munchen\/","url_meta":{"origin":21372,"position":2},"title":"40 Jahre Enja \u2013 Jubil\u00e4umskonzerte in M\u00fcnchen","author":"J\u00f6rg Lichtinger","date":"29. September 2011","format":false,"excerpt":"Das M\u00fcnchner Label Enja Records feiert im Oktober, November und Dezember sein 40-J\u00e4hriges Jubil\u00e4um mit einer Reihe von Konzerten. Die Konzerte finden in Kooperation mit dem M\u00fcnchner Jazzclub Unterfahrt statt. Highlights d\u00fcrften die Konzerte der \"Alten Herren\" Dusko Goykovich (24.10.), der gleichzeitig seinen 80. Geburtstag feiert,\u00a0 und Lee Konitz sein,\u2026","rel":"","context":"In &quot;Blog&quot;","block_context":{"text":"Blog","link":"https:\/\/www.jazzzeitung.de\/cms\/thema\/blog\/"},"img":{"alt_text":"","src":"https:\/\/i0.wp.com\/www.jazzzeitung.de\/cms\/wp-content\/uploads\/2011\/09\/40Jahre_ENJA_A_FA-482x1024.jpg?resize=350%2C200","width":350,"height":200},"classes":[]},{"id":551,"url":"https:\/\/www.jazzzeitung.de\/cms\/2010\/11\/jamm-jazzworkshop-in-muenchen-18-12-20-12-2010\/","url_meta":{"origin":21372,"position":3},"title":"JAM:M \u2013 Jazzworkshop in M\u00fcnchen (18.12.\u201320.12.2010)","author":"J\u00f6rg Lichtinger","date":"8. November 2010","format":false,"excerpt":"Zum 25. Jubil\u00e4um des M\u00fcnchner Kulturzentrums Gasteig finden verteilt \u00fcber die Saison besondere Veranstaltungen in den R\u00e4umlichkeiten statt. In Sachen Jazz hat die Betreibergesellschaft Gasteig M\u00fcnchen GmbH in Kooperation mit dem Jazzinstitut der Hochschule f\u00fcr Musik und Theater M\u00fcnchen ein Workshop- und Konzertevent entwickelt, die Jazz Masters M\u00fcnchen, JAM:M. Au\u00dferdem\u2026","rel":"","context":"In &quot;Blog&quot;","block_context":{"text":"Blog","link":"https:\/\/www.jazzzeitung.de\/cms\/thema\/blog\/"},"img":{"alt_text":"Der Gasteig M\u00fcnchen. Foto: Gasteig M\u00fcnchen GmbH\/ Barbara Stenzel","src":"https:\/\/i0.wp.com\/www.jazzzeitung.de\/cms\/wp-content\/uploads\/2010\/11\/Gasteig_Aussenaufnahme_2-300x238.jpg?resize=350%2C200","width":350,"height":200},"classes":[]},{"id":5986,"url":"https:\/\/www.jazzzeitung.de\/cms\/2015\/04\/fuller-sound-im-gasteig\/","url_meta":{"origin":21372,"position":4},"title":"Am International Jazz Day der UNESCO: Fuller Sound im Gasteig","author":"Redaktion JazzZeitung","date":"27. April 2015","format":false,"excerpt":"Am International Jazz Day der UNESCO am 30.4. konzertieren das Tia Fuller Quintet feat. Sean Jones und Claus Reichstaller sowie das U.M.P.A Jazz Orchestra der Hochschule mit St\u00fccken von Tia Fuller gemeinsam in der Black Box.Das Konzert wird einer der H\u00f6hepunkte der diesj\u00e4hrigen JAM:M Jazz Masters M\u00fcnchen sein.(Karten bei M\u00fcnchen\u2026","rel":"","context":"In &quot;News&quot;","block_context":{"text":"News","link":"https:\/\/www.jazzzeitung.de\/cms\/thema\/nachrichten\/"},"img":{"alt_text":"Tia Fuller Quintet feat. Sean Jones & U.M.P.A. Jazz Orchestra des Jazz Instituts der Hochschule f\u00fcr Musik und Theater Gesamtleitung: Claus Reichstaller Mit Tia Fuller, Sax Sean Jones, Trompete Shamie Royston, Piano Mimi Jones, Bass Rudy Royston, Drums","src":"https:\/\/i0.wp.com\/www.jazzzeitung.de\/cms\/wp-content\/uploads\/2015\/04\/Tia-Fuller-150x150.jpg?resize=350%2C200","width":350,"height":200},"classes":[]},{"id":8725,"url":"https:\/\/www.jazzzeitung.de\/cms\/2016\/03\/8725\/","url_meta":{"origin":21372,"position":5},"title":"+++ News +++ Caf\u00e9 del Mundo &#8211; Pasi\u00f3n +++ Jazz verbindet +++ Zweiter Hamburger Jazz Fr\u00fchling +++ Der April im Jazzclub Augsburg +++","author":"Redaktion JazzZeitung","date":"15. M\u00e4rz 2016","format":false,"excerpt":"Caf\u00e9 del Mundo - Pasi\u00f3n Am 19. M\u00e4rz 2016 ist es wieder soweit: Caf\u00e9 del Mundo entf\u00fchrt das Publikum im Gasteig in M\u00fcnchen in die Welt des Flamenco. Wer die beiden Gitarristen Jan Pascal und Alexander Kilian auf der B\u00fchne erlebt, sp\u00fcrt, was die zwei Musiker so au\u00dfergew\u00f6hnlich macht: ihre\u2026","rel":"","context":"In &quot;News&quot;","block_context":{"text":"News","link":"https:\/\/www.jazzzeitung.de\/cms\/thema\/nachrichten\/"},"img":{"alt_text":"","src":"https:\/\/i0.wp.com\/www.jazzzeitung.de\/cms\/wp-content\/uploads\/2016\/03\/triosence08.jpg?resize=350%2C200","width":350,"height":200,"srcset":"https:\/\/i0.wp.com\/www.jazzzeitung.de\/cms\/wp-content\/uploads\/2016\/03\/triosence08.jpg?resize=350%2C200 1x, https:\/\/i0.wp.com\/www.jazzzeitung.de\/cms\/wp-content\/uploads\/2016\/03\/triosence08.jpg?resize=525%2C300 1.5x, https:\/\/i0.wp.com\/www.jazzzeitung.de\/cms\/wp-content\/uploads\/2016\/03\/triosence08.jpg?resize=700%2C400 2x, https:\/\/i0.wp.com\/www.jazzzeitung.de\/cms\/wp-content\/uploads\/2016\/03\/triosence08.jpg?resize=1050%2C600 3x, https:\/\/i0.wp.com\/www.jazzzeitung.de\/cms\/wp-content\/uploads\/2016\/03\/triosence08.jpg?resize=1400%2C800 4x"},"classes":[]}],"jetpack_sharing_enabled":true,"_links":{"self":[{"href":"https:\/\/www.jazzzeitung.de\/cms\/wp-json\/wp\/v2\/posts\/21372","targetHints":{"allow":["GET"]}}],"collection":[{"href":"https:\/\/www.jazzzeitung.de\/cms\/wp-json\/wp\/v2\/posts"}],"about":[{"href":"https:\/\/www.jazzzeitung.de\/cms\/wp-json\/wp\/v2\/types\/post"}],"author":[{"embeddable":true,"href":"https:\/\/www.jazzzeitung.de\/cms\/wp-json\/wp\/v2\/users\/18"}],"replies":[{"embeddable":true,"href":"https:\/\/www.jazzzeitung.de\/cms\/wp-json\/wp\/v2\/comments?post=21372"}],"version-history":[{"count":6,"href":"https:\/\/www.jazzzeitung.de\/cms\/wp-json\/wp\/v2\/posts\/21372\/revisions"}],"predecessor-version":[{"id":21379,"href":"https:\/\/www.jazzzeitung.de\/cms\/wp-json\/wp\/v2\/posts\/21372\/revisions\/21379"}],"wp:featuredmedia":[{"embeddable":true,"href":"https:\/\/www.jazzzeitung.de\/cms\/wp-json\/wp\/v2\/media\/21374"}],"wp:attachment":[{"href":"https:\/\/www.jazzzeitung.de\/cms\/wp-json\/wp\/v2\/media?parent=21372"}],"wp:term":[{"taxonomy":"category","embeddable":true,"href":"https:\/\/www.jazzzeitung.de\/cms\/wp-json\/wp\/v2\/categories?post=21372"},{"taxonomy":"post_tag","embeddable":true,"href":"https:\/\/www.jazzzeitung.de\/cms\/wp-json\/wp\/v2\/tags?post=21372"},{"taxonomy":"author","embeddable":true,"href":"https:\/\/www.jazzzeitung.de\/cms\/wp-json\/wp\/v2\/coauthors?post=21372"}],"curies":[{"name":"wp","href":"https:\/\/api.w.org\/{rel}","templated":true}]}}