{"id":21370,"date":"2019-11-26T18:04:24","date_gmt":"2019-11-26T17:04:24","guid":{"rendered":"https:\/\/www.jazzzeitung.de\/cms\/?p=21370"},"modified":"2019-11-26T18:04:24","modified_gmt":"2019-11-26T17:04:24","slug":"kein-applaus-fuer-die-berliner-clubfoerderung","status":"publish","type":"post","link":"https:\/\/www.jazzzeitung.de\/cms\/2019\/11\/kein-applaus-fuer-die-berliner-clubfoerderung\/","title":{"rendered":"Kein Applaus f\u00fcr die Berliner Clubf\u00f6rderung"},"content":{"rendered":"<p>Pressemeldung der IG Jazz Berlin: Das Land Berlin vernachl\u00e4ssigt den reichen Schatz seiner Spielst\u00e4tten und Veranstalter*innen aktueller Musik<\/p>\n<div class=\"text_exposed_show\">\n<p>Die Berliner Jazz-Spielst\u00e4tten und -Veranstalter*innen sind regelm\u00e4\u00dfig unter den Preistr\u00e4ger*innen des Bundespreises APPLAUS und weltweit als Labore aktueller kreativer Musik anerkannt. Dennoch ist die Lage der allermeisten Clubbetreiber*innen und Veranstalter*innen im Bereich Jazz mehr als prek\u00e4r. Dies schl\u00e4gt sich einerseits in der extrem niedrigen Bezahlung f\u00fcr die dort auftretenden K\u00fcnstler*innen nieder, andererseits in kraftraubender Selbstausbeutung vieler sehr engagierter Veranstalter*innen. Die M\u00e4r vom b\u00f6sen Veranstalter, der den K\u00fcnstler*innen nichts von seinen Gewinnen abgibt, ist falsch. Veranstalter*innen und K\u00fcnstler*innen sitzen in einem Boot.<\/p>\n<p>Wer f\u00fcr faire Arbeitsbedingungen sorgen will, muss auch die Spielst\u00e4tten und die Veranstalter*innen f\u00f6rdern. Eine solche systematische F\u00f6rderung fehlt bislang v\u00f6llig. Die aktuell f\u00fcr den Haushalt 2020\/2021 veranschlagten 100.000\u20ac pro Jahr f\u00fcr \u00fcber 50 Jazz-Clubs und -Veranstalter*innen sind ein guter Ansatz \u2013 faktisch aber wenig mehr als ein Tropfen auf den hei\u00dfen Stein \u2013 denn die wachsende Stadt und die damit verbundene Verdr\u00e4ngung gef\u00e4hrdet die historisch gewachsene Szene.<\/p>\n<p>Jazz ist Live-Musik, er wird in zentralen Aspekten, im improvisierenden Miteinander mit anderen Musiker*innen und in atmosph\u00e4rischer Auseinandersetzung auch mit dem Publikum, auf der B\u00fchne gelebt und weiterentwickelt. Der Jazz braucht daher nachhaltig ausgestattete Orte, um sich dieser seiner Kernaufgabe widmen zu k\u00f6nnen. Eine systematische F\u00f6rderung von Jazzorten gibt es in Berlin nicht und auch sonst in Deutschland kaum. Dabei sind Jazzclubs Orte der Kunst, Jazz hat sich von seinen Anf\u00e4ngen weg hin zu einer Kunstmusik entwickelt, die entsprechend finanziell ausgestattete Orte braucht.<\/p>\n<p>Steigende Mieten machen den Spielst\u00e4tten zu schaffen. Laufender Betrieb, Personalkosten und eine anspruchsvolle Programmgestaltung mit fairen Honoraren sind ohne F\u00f6rderung nicht zu stemmen. Veranstaltersein im Bereich Jazz ist h\u00e4ufig Selbstausbeutung. F\u00fcr die reiche Jazzkultur, die seit Jahren ein internationales Aush\u00e4ngeschild der Stadt ist, ist das nicht angemessen \u2013 1 Million Euro f\u00fcr eine systematische F\u00f6rderung von Jazzveranstaltungen k\u00e4me dem n\u00e4her.<\/p>\n<\/div>\n","protected":false},"excerpt":{"rendered":"<p>Pressemeldung der IG Jazz Berlin: Das Land Berlin vernachl\u00e4ssigt den reichen Schatz seiner Spielst\u00e4tten und Veranstalter*innen aktueller Musik Die Berliner Jazz-Spielst\u00e4tten und -Veranstalter*innen sind regelm\u00e4\u00dfig unter den Preistr\u00e4ger*innen des Bundespreises APPLAUS und weltweit als Labore aktueller kreativer Musik anerkannt. Dennoch ist die Lage der allermeisten Clubbetreiber*innen und Veranstalter*innen im Bereich Jazz mehr als prek\u00e4r. Dies schl\u00e4gt sich einerseits in der extrem niedrigen Bezahlung f\u00fcr die dort auftretenden K\u00fcnstler*innen nieder, andererseits in kraftraubender Selbstausbeutung vieler sehr engagierter Veranstalter*innen. Die M\u00e4r vom b\u00f6sen Veranstalter, der den K\u00fcnstler*innen nichts von seinen Gewinnen abgibt, ist falsch. Veranstalter*innen und K\u00fcnstler*innen sitzen in einem Boot. Wer f\u00fcr faire Arbeitsbedingungen sorgen will, muss auch die Spielst\u00e4tten und die Veranstalter*innen f\u00f6rdern. Eine solche systematische F\u00f6rderung fehlt bislang v\u00f6llig. Die aktuell f\u00fcr den Haushalt 2020\/2021 veranschlagten 100.000\u20ac pro Jahr f\u00fcr \u00fcber 50 Jazz-Clubs und -Veranstalter*innen sind ein guter Ansatz \u2013 faktisch aber wenig mehr als ein Tropfen auf den hei\u00dfen Stein \u2013 denn die wachsende Stadt und die damit verbundene Verdr\u00e4ngung gef\u00e4hrdet die historisch gewachsene Szene. Jazz ist Live-Musik, er wird in zentralen Aspekten, im improvisierenden Miteinander mit anderen Musiker*innen und in atmosph\u00e4rischer Auseinandersetzung &hellip;<\/p>\n","protected":false},"author":18,"featured_media":1899,"comment_status":"open","ping_status":"closed","sticky":false,"template":"","format":"standard","meta":{"_jetpack_memberships_contains_paid_content":false,"footnotes":"","jetpack_publicize_message":"","jetpack_publicize_feature_enabled":true,"jetpack_social_post_already_shared":false,"jetpack_social_options":{"image_generator_settings":{"template":"highway","default_image_id":0,"font":"","enabled":false},"version":2}},"categories":[633],"tags":[66,2397,275],"coauthors":[695],"class_list":["post-21370","post","type-post","status-publish","format-standard","has-post-thumbnail","hentry","category-nachrichten","tag-berlin","tag-ig-jazz-berlin","tag-jazzfoerderung"],"yoast_head":"<!-- This site is optimized with the Yoast SEO plugin v27.5 - https:\/\/yoast.com\/product\/yoast-seo-wordpress\/ -->\n<title>Kein Applaus f\u00fcr die Berliner Clubf\u00f6rderung - JazzZeitung<\/title>\n<meta name=\"robots\" content=\"index, follow, max-snippet:-1, max-image-preview:large, max-video-preview:-1\" \/>\n<link rel=\"canonical\" href=\"https:\/\/www.jazzzeitung.de\/cms\/2019\/11\/kein-applaus-fuer-die-berliner-clubfoerderung\/\" \/>\n<meta property=\"og:locale\" content=\"de_DE\" \/>\n<meta property=\"og:type\" content=\"article\" \/>\n<meta property=\"og:title\" content=\"Kein Applaus f\u00fcr die Berliner Clubf\u00f6rderung - JazzZeitung\" \/>\n<meta property=\"og:description\" content=\"Pressemeldung der IG Jazz Berlin: Das Land Berlin vernachl\u00e4ssigt den reichen Schatz seiner Spielst\u00e4tten und Veranstalter*innen aktueller Musik Die Berliner Jazz-Spielst\u00e4tten und -Veranstalter*innen sind regelm\u00e4\u00dfig unter den Preistr\u00e4ger*innen des Bundespreises APPLAUS und weltweit als Labore aktueller kreativer Musik anerkannt. Dennoch ist die Lage der allermeisten Clubbetreiber*innen und Veranstalter*innen im Bereich Jazz mehr als prek\u00e4r. Dies schl\u00e4gt sich einerseits in der extrem niedrigen Bezahlung f\u00fcr die dort auftretenden K\u00fcnstler*innen nieder, andererseits in kraftraubender Selbstausbeutung vieler sehr engagierter Veranstalter*innen. Die M\u00e4r vom b\u00f6sen Veranstalter, der den K\u00fcnstler*innen nichts von seinen Gewinnen abgibt, ist falsch. Veranstalter*innen und K\u00fcnstler*innen sitzen in einem Boot. Wer f\u00fcr faire Arbeitsbedingungen sorgen will, muss auch die Spielst\u00e4tten und die Veranstalter*innen f\u00f6rdern. Eine solche systematische F\u00f6rderung fehlt bislang v\u00f6llig. Die aktuell f\u00fcr den Haushalt 2020\/2021 veranschlagten 100.000\u20ac pro Jahr f\u00fcr \u00fcber 50 Jazz-Clubs und -Veranstalter*innen sind ein guter Ansatz \u2013 faktisch aber wenig mehr als ein Tropfen auf den hei\u00dfen Stein \u2013 denn die wachsende Stadt und die damit verbundene Verdr\u00e4ngung gef\u00e4hrdet die historisch gewachsene Szene. Jazz ist Live-Musik, er wird in zentralen Aspekten, im improvisierenden Miteinander mit anderen Musiker*innen und in atmosph\u00e4rischer Auseinandersetzung &hellip;\" \/>\n<meta property=\"og:url\" content=\"https:\/\/www.jazzzeitung.de\/cms\/2019\/11\/kein-applaus-fuer-die-berliner-clubfoerderung\/\" \/>\n<meta property=\"og:site_name\" content=\"JazzZeitung\" \/>\n<meta property=\"article:publisher\" content=\"https:\/\/www.facebook.com\/JazzZeitung\/\" \/>\n<meta property=\"article:published_time\" content=\"2019-11-26T17:04:24+00:00\" \/>\n<meta property=\"og:image\" content=\"https:\/\/i0.wp.com\/www.jazzzeitung.de\/cms\/wp-content\/uploads\/2013\/07\/orbit-7221.jpg?fit=940%2C696&ssl=1\" \/>\n\t<meta property=\"og:image:width\" content=\"940\" \/>\n\t<meta property=\"og:image:height\" content=\"696\" \/>\n\t<meta property=\"og:image:type\" content=\"image\/jpeg\" \/>\n<meta name=\"author\" content=\"Redaktion JazzZeitung\" \/>\n<script type=\"application\/ld+json\" class=\"yoast-schema-graph\">{\"@context\":\"https:\\\/\\\/schema.org\",\"@graph\":[{\"@type\":\"Article\",\"@id\":\"https:\\\/\\\/www.jazzzeitung.de\\\/cms\\\/2019\\\/11\\\/kein-applaus-fuer-die-berliner-clubfoerderung\\\/#article\",\"isPartOf\":{\"@id\":\"https:\\\/\\\/www.jazzzeitung.de\\\/cms\\\/2019\\\/11\\\/kein-applaus-fuer-die-berliner-clubfoerderung\\\/\"},\"author\":{\"name\":\"Redaktion JazzZeitung\",\"@id\":\"https:\\\/\\\/www.jazzzeitung.de\\\/cms\\\/#\\\/schema\\\/person\\\/2245b36b9cd1d24cea10f01c031fb92b\"},\"headline\":\"Kein Applaus f\u00fcr die Berliner Clubf\u00f6rderung\",\"datePublished\":\"2019-11-26T17:04:24+00:00\",\"mainEntityOfPage\":{\"@id\":\"https:\\\/\\\/www.jazzzeitung.de\\\/cms\\\/2019\\\/11\\\/kein-applaus-fuer-die-berliner-clubfoerderung\\\/\"},\"wordCount\":361,\"commentCount\":0,\"publisher\":{\"@id\":\"https:\\\/\\\/www.jazzzeitung.de\\\/cms\\\/#organization\"},\"image\":{\"@id\":\"https:\\\/\\\/www.jazzzeitung.de\\\/cms\\\/2019\\\/11\\\/kein-applaus-fuer-die-berliner-clubfoerderung\\\/#primaryimage\"},\"thumbnailUrl\":\"https:\\\/\\\/i0.wp.com\\\/www.jazzzeitung.de\\\/cms\\\/wp-content\\\/uploads\\\/2013\\\/07\\\/orbit-7221.jpg?fit=940%2C696&ssl=1\",\"keywords\":[\"Berlin\",\"IG Jazz Berlin\",\"Jazzf\u00f6rderung\"],\"articleSection\":[\"News\"],\"inLanguage\":\"de\",\"potentialAction\":[{\"@type\":\"CommentAction\",\"name\":\"Comment\",\"target\":[\"https:\\\/\\\/www.jazzzeitung.de\\\/cms\\\/2019\\\/11\\\/kein-applaus-fuer-die-berliner-clubfoerderung\\\/#respond\"]}]},{\"@type\":\"WebPage\",\"@id\":\"https:\\\/\\\/www.jazzzeitung.de\\\/cms\\\/2019\\\/11\\\/kein-applaus-fuer-die-berliner-clubfoerderung\\\/\",\"url\":\"https:\\\/\\\/www.jazzzeitung.de\\\/cms\\\/2019\\\/11\\\/kein-applaus-fuer-die-berliner-clubfoerderung\\\/\",\"name\":\"Kein Applaus f\u00fcr die Berliner Clubf\u00f6rderung - JazzZeitung\",\"isPartOf\":{\"@id\":\"https:\\\/\\\/www.jazzzeitung.de\\\/cms\\\/#website\"},\"primaryImageOfPage\":{\"@id\":\"https:\\\/\\\/www.jazzzeitung.de\\\/cms\\\/2019\\\/11\\\/kein-applaus-fuer-die-berliner-clubfoerderung\\\/#primaryimage\"},\"image\":{\"@id\":\"https:\\\/\\\/www.jazzzeitung.de\\\/cms\\\/2019\\\/11\\\/kein-applaus-fuer-die-berliner-clubfoerderung\\\/#primaryimage\"},\"thumbnailUrl\":\"https:\\\/\\\/i0.wp.com\\\/www.jazzzeitung.de\\\/cms\\\/wp-content\\\/uploads\\\/2013\\\/07\\\/orbit-7221.jpg?fit=940%2C696&ssl=1\",\"datePublished\":\"2019-11-26T17:04:24+00:00\",\"breadcrumb\":{\"@id\":\"https:\\\/\\\/www.jazzzeitung.de\\\/cms\\\/2019\\\/11\\\/kein-applaus-fuer-die-berliner-clubfoerderung\\\/#breadcrumb\"},\"inLanguage\":\"de\",\"potentialAction\":[{\"@type\":\"ReadAction\",\"target\":[\"https:\\\/\\\/www.jazzzeitung.de\\\/cms\\\/2019\\\/11\\\/kein-applaus-fuer-die-berliner-clubfoerderung\\\/\"]}]},{\"@type\":\"ImageObject\",\"inLanguage\":\"de\",\"@id\":\"https:\\\/\\\/www.jazzzeitung.de\\\/cms\\\/2019\\\/11\\\/kein-applaus-fuer-die-berliner-clubfoerderung\\\/#primaryimage\",\"url\":\"https:\\\/\\\/i0.wp.com\\\/www.jazzzeitung.de\\\/cms\\\/wp-content\\\/uploads\\\/2013\\\/07\\\/orbit-7221.jpg?fit=940%2C696&ssl=1\",\"contentUrl\":\"https:\\\/\\\/i0.wp.com\\\/www.jazzzeitung.de\\\/cms\\\/wp-content\\\/uploads\\\/2013\\\/07\\\/orbit-7221.jpg?fit=940%2C696&ssl=1\",\"width\":940,\"height\":696,\"caption\":\"Aus dem Archiv\"},{\"@type\":\"BreadcrumbList\",\"@id\":\"https:\\\/\\\/www.jazzzeitung.de\\\/cms\\\/2019\\\/11\\\/kein-applaus-fuer-die-berliner-clubfoerderung\\\/#breadcrumb\",\"itemListElement\":[{\"@type\":\"ListItem\",\"position\":1,\"name\":\"Startseite\",\"item\":\"https:\\\/\\\/www.jazzzeitung.de\\\/cms\\\/\"},{\"@type\":\"ListItem\",\"position\":2,\"name\":\"Kein Applaus f\u00fcr die Berliner Clubf\u00f6rderung\"}]},{\"@type\":\"WebSite\",\"@id\":\"https:\\\/\\\/www.jazzzeitung.de\\\/cms\\\/#website\",\"url\":\"https:\\\/\\\/www.jazzzeitung.de\\\/cms\\\/\",\"name\":\"JazzZeitung\",\"description\":\"Jazz-News und Jazz-Kontroverses\",\"publisher\":{\"@id\":\"https:\\\/\\\/www.jazzzeitung.de\\\/cms\\\/#organization\"},\"potentialAction\":[{\"@type\":\"SearchAction\",\"target\":{\"@type\":\"EntryPoint\",\"urlTemplate\":\"https:\\\/\\\/www.jazzzeitung.de\\\/cms\\\/?s={search_term_string}\"},\"query-input\":{\"@type\":\"PropertyValueSpecification\",\"valueRequired\":true,\"valueName\":\"search_term_string\"}}],\"inLanguage\":\"de\"},{\"@type\":\"Organization\",\"@id\":\"https:\\\/\\\/www.jazzzeitung.de\\\/cms\\\/#organization\",\"name\":\"JazzZeitung online\",\"url\":\"https:\\\/\\\/www.jazzzeitung.de\\\/cms\\\/\",\"logo\":{\"@type\":\"ImageObject\",\"inLanguage\":\"de\",\"@id\":\"https:\\\/\\\/www.jazzzeitung.de\\\/cms\\\/#\\\/schema\\\/logo\\\/image\\\/\",\"url\":\"https:\\\/\\\/i0.wp.com\\\/www.jazzzeitung.de\\\/cms\\\/wp-content\\\/uploads\\\/2015\\\/08\\\/JAZZZEITUNGDE_Logo_Neu.png?fit=499%2C200&ssl=1\",\"contentUrl\":\"https:\\\/\\\/i0.wp.com\\\/www.jazzzeitung.de\\\/cms\\\/wp-content\\\/uploads\\\/2015\\\/08\\\/JAZZZEITUNGDE_Logo_Neu.png?fit=499%2C200&ssl=1\",\"width\":499,\"height\":200,\"caption\":\"JazzZeitung online\"},\"image\":{\"@id\":\"https:\\\/\\\/www.jazzzeitung.de\\\/cms\\\/#\\\/schema\\\/logo\\\/image\\\/\"},\"sameAs\":[\"https:\\\/\\\/www.facebook.com\\\/JazzZeitung\\\/\"]},{\"@type\":\"Person\",\"@id\":\"https:\\\/\\\/www.jazzzeitung.de\\\/cms\\\/#\\\/schema\\\/person\\\/2245b36b9cd1d24cea10f01c031fb92b\",\"name\":\"Redaktion JazzZeitung\",\"image\":{\"@type\":\"ImageObject\",\"inLanguage\":\"de\",\"@id\":\"https:\\\/\\\/i0.wp.com\\\/www.jazzzeitung.de\\\/cms\\\/wp-content\\\/uploads\\\/2015\\\/08\\\/JAZZZEITUNGDE_Logo_Neu.png?resize=96%2C96&ssl=159975dcacb611b5700bd619b5daf0a7a\",\"url\":\"https:\\\/\\\/i0.wp.com\\\/www.jazzzeitung.de\\\/cms\\\/wp-content\\\/uploads\\\/2015\\\/08\\\/JAZZZEITUNGDE_Logo_Neu.png?resize=96%2C96&ssl=1\",\"contentUrl\":\"https:\\\/\\\/i0.wp.com\\\/www.jazzzeitung.de\\\/cms\\\/wp-content\\\/uploads\\\/2015\\\/08\\\/JAZZZEITUNGDE_Logo_Neu.png?resize=96%2C96&ssl=1\",\"caption\":\"Redaktion JazzZeitung\"},\"description\":\"Artikel der Redaktion der JazzZeitung.\",\"sameAs\":[\"http:\\\/\\\/www.jazzzeitung.de\\\/cms\\\/\"],\"url\":\"https:\\\/\\\/www.jazzzeitung.de\\\/cms\\\/author\\\/redaktion\\\/\"}]}<\/script>\n<!-- \/ Yoast SEO plugin. -->","yoast_head_json":{"title":"Kein Applaus f\u00fcr die Berliner Clubf\u00f6rderung - JazzZeitung","robots":{"index":"index","follow":"follow","max-snippet":"max-snippet:-1","max-image-preview":"max-image-preview:large","max-video-preview":"max-video-preview:-1"},"canonical":"https:\/\/www.jazzzeitung.de\/cms\/2019\/11\/kein-applaus-fuer-die-berliner-clubfoerderung\/","og_locale":"de_DE","og_type":"article","og_title":"Kein Applaus f\u00fcr die Berliner Clubf\u00f6rderung - JazzZeitung","og_description":"Pressemeldung der IG Jazz Berlin: Das Land Berlin vernachl\u00e4ssigt den reichen Schatz seiner Spielst\u00e4tten und Veranstalter*innen aktueller Musik Die Berliner Jazz-Spielst\u00e4tten und -Veranstalter*innen sind regelm\u00e4\u00dfig unter den Preistr\u00e4ger*innen des Bundespreises APPLAUS und weltweit als Labore aktueller kreativer Musik anerkannt. Dennoch ist die Lage der allermeisten Clubbetreiber*innen und Veranstalter*innen im Bereich Jazz mehr als prek\u00e4r. Dies schl\u00e4gt sich einerseits in der extrem niedrigen Bezahlung f\u00fcr die dort auftretenden K\u00fcnstler*innen nieder, andererseits in kraftraubender Selbstausbeutung vieler sehr engagierter Veranstalter*innen. Die M\u00e4r vom b\u00f6sen Veranstalter, der den K\u00fcnstler*innen nichts von seinen Gewinnen abgibt, ist falsch. Veranstalter*innen und K\u00fcnstler*innen sitzen in einem Boot. Wer f\u00fcr faire Arbeitsbedingungen sorgen will, muss auch die Spielst\u00e4tten und die Veranstalter*innen f\u00f6rdern. Eine solche systematische F\u00f6rderung fehlt bislang v\u00f6llig. Die aktuell f\u00fcr den Haushalt 2020\/2021 veranschlagten 100.000\u20ac pro Jahr f\u00fcr \u00fcber 50 Jazz-Clubs und -Veranstalter*innen sind ein guter Ansatz \u2013 faktisch aber wenig mehr als ein Tropfen auf den hei\u00dfen Stein \u2013 denn die wachsende Stadt und die damit verbundene Verdr\u00e4ngung gef\u00e4hrdet die historisch gewachsene Szene. Jazz ist Live-Musik, er wird in zentralen Aspekten, im improvisierenden Miteinander mit anderen Musiker*innen und in atmosph\u00e4rischer Auseinandersetzung &hellip;","og_url":"https:\/\/www.jazzzeitung.de\/cms\/2019\/11\/kein-applaus-fuer-die-berliner-clubfoerderung\/","og_site_name":"JazzZeitung","article_publisher":"https:\/\/www.facebook.com\/JazzZeitung\/","article_published_time":"2019-11-26T17:04:24+00:00","og_image":[{"width":940,"height":696,"url":"https:\/\/i0.wp.com\/www.jazzzeitung.de\/cms\/wp-content\/uploads\/2013\/07\/orbit-7221.jpg?fit=940%2C696&ssl=1","type":"image\/jpeg"}],"author":"Redaktion JazzZeitung","schema":{"@context":"https:\/\/schema.org","@graph":[{"@type":"Article","@id":"https:\/\/www.jazzzeitung.de\/cms\/2019\/11\/kein-applaus-fuer-die-berliner-clubfoerderung\/#article","isPartOf":{"@id":"https:\/\/www.jazzzeitung.de\/cms\/2019\/11\/kein-applaus-fuer-die-berliner-clubfoerderung\/"},"author":{"name":"Redaktion JazzZeitung","@id":"https:\/\/www.jazzzeitung.de\/cms\/#\/schema\/person\/2245b36b9cd1d24cea10f01c031fb92b"},"headline":"Kein Applaus f\u00fcr die Berliner Clubf\u00f6rderung","datePublished":"2019-11-26T17:04:24+00:00","mainEntityOfPage":{"@id":"https:\/\/www.jazzzeitung.de\/cms\/2019\/11\/kein-applaus-fuer-die-berliner-clubfoerderung\/"},"wordCount":361,"commentCount":0,"publisher":{"@id":"https:\/\/www.jazzzeitung.de\/cms\/#organization"},"image":{"@id":"https:\/\/www.jazzzeitung.de\/cms\/2019\/11\/kein-applaus-fuer-die-berliner-clubfoerderung\/#primaryimage"},"thumbnailUrl":"https:\/\/i0.wp.com\/www.jazzzeitung.de\/cms\/wp-content\/uploads\/2013\/07\/orbit-7221.jpg?fit=940%2C696&ssl=1","keywords":["Berlin","IG Jazz Berlin","Jazzf\u00f6rderung"],"articleSection":["News"],"inLanguage":"de","potentialAction":[{"@type":"CommentAction","name":"Comment","target":["https:\/\/www.jazzzeitung.de\/cms\/2019\/11\/kein-applaus-fuer-die-berliner-clubfoerderung\/#respond"]}]},{"@type":"WebPage","@id":"https:\/\/www.jazzzeitung.de\/cms\/2019\/11\/kein-applaus-fuer-die-berliner-clubfoerderung\/","url":"https:\/\/www.jazzzeitung.de\/cms\/2019\/11\/kein-applaus-fuer-die-berliner-clubfoerderung\/","name":"Kein Applaus f\u00fcr die Berliner Clubf\u00f6rderung - JazzZeitung","isPartOf":{"@id":"https:\/\/www.jazzzeitung.de\/cms\/#website"},"primaryImageOfPage":{"@id":"https:\/\/www.jazzzeitung.de\/cms\/2019\/11\/kein-applaus-fuer-die-berliner-clubfoerderung\/#primaryimage"},"image":{"@id":"https:\/\/www.jazzzeitung.de\/cms\/2019\/11\/kein-applaus-fuer-die-berliner-clubfoerderung\/#primaryimage"},"thumbnailUrl":"https:\/\/i0.wp.com\/www.jazzzeitung.de\/cms\/wp-content\/uploads\/2013\/07\/orbit-7221.jpg?fit=940%2C696&ssl=1","datePublished":"2019-11-26T17:04:24+00:00","breadcrumb":{"@id":"https:\/\/www.jazzzeitung.de\/cms\/2019\/11\/kein-applaus-fuer-die-berliner-clubfoerderung\/#breadcrumb"},"inLanguage":"de","potentialAction":[{"@type":"ReadAction","target":["https:\/\/www.jazzzeitung.de\/cms\/2019\/11\/kein-applaus-fuer-die-berliner-clubfoerderung\/"]}]},{"@type":"ImageObject","inLanguage":"de","@id":"https:\/\/www.jazzzeitung.de\/cms\/2019\/11\/kein-applaus-fuer-die-berliner-clubfoerderung\/#primaryimage","url":"https:\/\/i0.wp.com\/www.jazzzeitung.de\/cms\/wp-content\/uploads\/2013\/07\/orbit-7221.jpg?fit=940%2C696&ssl=1","contentUrl":"https:\/\/i0.wp.com\/www.jazzzeitung.de\/cms\/wp-content\/uploads\/2013\/07\/orbit-7221.jpg?fit=940%2C696&ssl=1","width":940,"height":696,"caption":"Aus dem Archiv"},{"@type":"BreadcrumbList","@id":"https:\/\/www.jazzzeitung.de\/cms\/2019\/11\/kein-applaus-fuer-die-berliner-clubfoerderung\/#breadcrumb","itemListElement":[{"@type":"ListItem","position":1,"name":"Startseite","item":"https:\/\/www.jazzzeitung.de\/cms\/"},{"@type":"ListItem","position":2,"name":"Kein Applaus f\u00fcr die Berliner Clubf\u00f6rderung"}]},{"@type":"WebSite","@id":"https:\/\/www.jazzzeitung.de\/cms\/#website","url":"https:\/\/www.jazzzeitung.de\/cms\/","name":"JazzZeitung","description":"Jazz-News und Jazz-Kontroverses","publisher":{"@id":"https:\/\/www.jazzzeitung.de\/cms\/#organization"},"potentialAction":[{"@type":"SearchAction","target":{"@type":"EntryPoint","urlTemplate":"https:\/\/www.jazzzeitung.de\/cms\/?s={search_term_string}"},"query-input":{"@type":"PropertyValueSpecification","valueRequired":true,"valueName":"search_term_string"}}],"inLanguage":"de"},{"@type":"Organization","@id":"https:\/\/www.jazzzeitung.de\/cms\/#organization","name":"JazzZeitung online","url":"https:\/\/www.jazzzeitung.de\/cms\/","logo":{"@type":"ImageObject","inLanguage":"de","@id":"https:\/\/www.jazzzeitung.de\/cms\/#\/schema\/logo\/image\/","url":"https:\/\/i0.wp.com\/www.jazzzeitung.de\/cms\/wp-content\/uploads\/2015\/08\/JAZZZEITUNGDE_Logo_Neu.png?fit=499%2C200&ssl=1","contentUrl":"https:\/\/i0.wp.com\/www.jazzzeitung.de\/cms\/wp-content\/uploads\/2015\/08\/JAZZZEITUNGDE_Logo_Neu.png?fit=499%2C200&ssl=1","width":499,"height":200,"caption":"JazzZeitung online"},"image":{"@id":"https:\/\/www.jazzzeitung.de\/cms\/#\/schema\/logo\/image\/"},"sameAs":["https:\/\/www.facebook.com\/JazzZeitung\/"]},{"@type":"Person","@id":"https:\/\/www.jazzzeitung.de\/cms\/#\/schema\/person\/2245b36b9cd1d24cea10f01c031fb92b","name":"Redaktion JazzZeitung","image":{"@type":"ImageObject","inLanguage":"de","@id":"https:\/\/i0.wp.com\/www.jazzzeitung.de\/cms\/wp-content\/uploads\/2015\/08\/JAZZZEITUNGDE_Logo_Neu.png?resize=96%2C96&ssl=159975dcacb611b5700bd619b5daf0a7a","url":"https:\/\/i0.wp.com\/www.jazzzeitung.de\/cms\/wp-content\/uploads\/2015\/08\/JAZZZEITUNGDE_Logo_Neu.png?resize=96%2C96&ssl=1","contentUrl":"https:\/\/i0.wp.com\/www.jazzzeitung.de\/cms\/wp-content\/uploads\/2015\/08\/JAZZZEITUNGDE_Logo_Neu.png?resize=96%2C96&ssl=1","caption":"Redaktion JazzZeitung"},"description":"Artikel der Redaktion der JazzZeitung.","sameAs":["http:\/\/www.jazzzeitung.de\/cms\/"],"url":"https:\/\/www.jazzzeitung.de\/cms\/author\/redaktion\/"}]}},"wp-worthy-pixel":{"ignored":false,"public":null,"server":null,"url":null},"wp-worthy-type":"normal","jetpack_publicize_connections":[],"cc_featured_image_caption":{"caption_text":"Clubs in Berlin.","source_text":"Foto: \u00a9 HuPe-kollektiv (MH)","source_url":"https:\/\/hupe.urteilskraft.de"},"jetpack_featured_media_url":"https:\/\/i0.wp.com\/www.jazzzeitung.de\/cms\/wp-content\/uploads\/2013\/07\/orbit-7221.jpg?fit=940%2C696&ssl=1","jetpack_shortlink":"https:\/\/wp.me\/p3KEcT-5yG","jetpack-related-posts":[{"id":18153,"url":"https:\/\/www.jazzzeitung.de\/cms\/2019\/01\/news-die-finalisten-des-nachwuchs-jazzpreises-der-jazzwoche-burghausen-2019jetzt-antraege-zur-naechste-applaus-foerderrunde-stellen\/","url_meta":{"origin":21370,"position":0},"title":"+++News: +++Die Finalisten  des Nachwuchs-Jazzpreises der Jazzwoche Burghausen 2019+++Jetzt Antr\u00e4ge zur n\u00e4chste APPLAUS-F\u00f6rderrunde stellen+++","author":"Redaktion JazzZeitung","date":"2. Januar 2019","format":false,"excerpt":"Nachwuchspreis Burghausen Es \u00a0ist ein wichtiges Signal, das die Macher der 50. Internationalen Jazzwoche Burghausen \u00a0(26. bis 31. M\u00e4rz 2019) mit Ihrer diesj\u00e4hrigen Programmgestaltung aussenden: Erstmals \u00a0wird die Jazzwoche von der Jugend er\u00f6ffnet und auch das letzte Konzert des Musikfestivals werden in Burghausen \u00a0ausgezeichnete \u00a0Nachwuchs- k\u00fcnstler bestreiten. \u201eWir gehen mit\u2026","rel":"","context":"In &quot;News&quot;","block_context":{"text":"News","link":"https:\/\/www.jazzzeitung.de\/cms\/thema\/nachrichten\/"},"img":{"alt_text":"Jazz News. Foto: Hufner","src":"https:\/\/i0.wp.com\/www.jazzzeitung.de\/cms\/wp-content\/uploads\/2017\/11\/jazznews.jpg?fit=1200%2C900&ssl=1&resize=350%2C200","width":350,"height":200,"srcset":"https:\/\/i0.wp.com\/www.jazzzeitung.de\/cms\/wp-content\/uploads\/2017\/11\/jazznews.jpg?fit=1200%2C900&ssl=1&resize=350%2C200 1x, https:\/\/i0.wp.com\/www.jazzzeitung.de\/cms\/wp-content\/uploads\/2017\/11\/jazznews.jpg?fit=1200%2C900&ssl=1&resize=525%2C300 1.5x, https:\/\/i0.wp.com\/www.jazzzeitung.de\/cms\/wp-content\/uploads\/2017\/11\/jazznews.jpg?fit=1200%2C900&ssl=1&resize=700%2C400 2x, https:\/\/i0.wp.com\/www.jazzzeitung.de\/cms\/wp-content\/uploads\/2017\/11\/jazznews.jpg?fit=1200%2C900&ssl=1&resize=1050%2C600 3x"},"classes":[]},{"id":24317,"url":"https:\/\/www.jazzzeitung.de\/cms\/2021\/01\/neues-von-der-initiative-musik-hilfsprogramm-neustart-kultur\/","url_meta":{"origin":21370,"position":1},"title":"Neues von der Initiative Musik: Hilfsprogramm, Neustart Kultur","author":"Redaktion JazzZeitung","date":"27. Januar 2021","format":false,"excerpt":"+++ Finanzielle Zusch\u00fcsse f\u00fcr Musiker*innen in Notlage +++ Pressemitteilung der IM. Viele Musiker*innen und Partnerunternehmen sind durch die Corona-Pandemie auf finanzielle Unterst\u00fctzung angewiesen, um ihre Existenz zu sichern. Aktuelle Hilfsma\u00dfnahmen fallen derweil abh\u00e4ngig vom Bundesland sehr unterschiedlich aus. Mit dem Hilfsprogramm f\u00fcr Musiker*innen will die Initiative Musik m\u00f6glichst unb\u00fcrokratisch und\u2026","rel":"","context":"In &quot;News&quot;","block_context":{"text":"News","link":"https:\/\/www.jazzzeitung.de\/cms\/thema\/nachrichten\/"},"img":{"alt_text":"","src":"https:\/\/i0.wp.com\/www.jazzzeitung.de\/cms\/wp-content\/uploads\/2021\/01\/stage-2979750_1920.jpg?fit=1200%2C646&ssl=1&resize=350%2C200","width":350,"height":200,"srcset":"https:\/\/i0.wp.com\/www.jazzzeitung.de\/cms\/wp-content\/uploads\/2021\/01\/stage-2979750_1920.jpg?fit=1200%2C646&ssl=1&resize=350%2C200 1x, https:\/\/i0.wp.com\/www.jazzzeitung.de\/cms\/wp-content\/uploads\/2021\/01\/stage-2979750_1920.jpg?fit=1200%2C646&ssl=1&resize=525%2C300 1.5x, https:\/\/i0.wp.com\/www.jazzzeitung.de\/cms\/wp-content\/uploads\/2021\/01\/stage-2979750_1920.jpg?fit=1200%2C646&ssl=1&resize=700%2C400 2x, https:\/\/i0.wp.com\/www.jazzzeitung.de\/cms\/wp-content\/uploads\/2021\/01\/stage-2979750_1920.jpg?fit=1200%2C646&ssl=1&resize=1050%2C600 3x"},"classes":[]},{"id":15987,"url":"https:\/\/www.jazzzeitung.de\/cms\/2018\/05\/bewerbungsphase-fuer-applaus-musikpreis-startet\/","url_meta":{"origin":21370,"position":2},"title":"Bewerbungsphase f\u00fcr APPLAUS Musikpreis startet","author":"Redaktion JazzZeitung","date":"10. Mai 2018","format":false,"excerpt":"APPLAUS (Auszeichnung der Programmplanung unabh\u00e4ngiger Spielst\u00e4tten) w\u00fcrdigt zum sechsten Mal bundesweit kulturell herausragende Livemusikprogramme. Die Bewerbungsphase startet am 14. Mai und l\u00e4uft bis 22. Juni 2018. Mit dem Musikpreis\u00a0 werden Clubbetreiber und Veranstalter f\u00fcr ihre herausragenden Livemusikprogramme von Pop bis Jazz gew\u00fcrdigt. Der F\u00f6rderpreis soll mehr \u00f6ffentliche Aufmerksamkeit f\u00fcr Kulturorte\u2026","rel":"","context":"In &quot;News&quot;","block_context":{"text":"News","link":"https:\/\/www.jazzzeitung.de\/cms\/thema\/nachrichten\/"},"img":{"alt_text":"","src":"https:\/\/i0.wp.com\/www.jazzzeitung.de\/cms\/wp-content\/uploads\/2018\/05\/APPLAUS17_6_preview.jpeg?fit=1200%2C799&ssl=1&resize=350%2C200","width":350,"height":200,"srcset":"https:\/\/i0.wp.com\/www.jazzzeitung.de\/cms\/wp-content\/uploads\/2018\/05\/APPLAUS17_6_preview.jpeg?fit=1200%2C799&ssl=1&resize=350%2C200 1x, https:\/\/i0.wp.com\/www.jazzzeitung.de\/cms\/wp-content\/uploads\/2018\/05\/APPLAUS17_6_preview.jpeg?fit=1200%2C799&ssl=1&resize=525%2C300 1.5x, https:\/\/i0.wp.com\/www.jazzzeitung.de\/cms\/wp-content\/uploads\/2018\/05\/APPLAUS17_6_preview.jpeg?fit=1200%2C799&ssl=1&resize=700%2C400 2x, https:\/\/i0.wp.com\/www.jazzzeitung.de\/cms\/wp-content\/uploads\/2018\/05\/APPLAUS17_6_preview.jpeg?fit=1200%2C799&ssl=1&resize=1050%2C600 3x"},"classes":[]},{"id":19312,"url":"https:\/\/www.jazzzeitung.de\/cms\/2019\/04\/bewerbungsphase-fuer-applaus-hat-begonnen\/","url_meta":{"origin":21370,"position":3},"title":"Bewerbungsphase f\u00fcr \u201eAPPLAUS\u201c hat begonnen","author":"Redaktion JazzZeitung","date":"29. April 2019","format":false,"excerpt":"APPLAUS, die \u201eAuszeichnung der Programmplanung unabh\u00e4ngiger Spielst\u00e4tten\u201c, w\u00fcrdigt kulturell herausragende Livemusikprogramme. Die Bewerbungsphase f\u00fcr den Bundespreis startet am 23. April und l\u00e4uft bis zum 28. Mai 2019. In diesem Jahr gibt es eine neue Auszeichnung der Jury f\u00fcr \u201eBestes ehrenamtliches Engagement\u201c, die am 27. November 2019 in Berlin verliehen wird.\u2026","rel":"","context":"In &quot;News&quot;","block_context":{"text":"News","link":"https:\/\/www.jazzzeitung.de\/cms\/thema\/nachrichten\/"},"img":{"alt_text":"","src":"https:\/\/i0.wp.com\/www.jazzzeitung.de\/cms\/wp-content\/uploads\/2019\/04\/Applaus2018_Preisverleihung3_Spielst%C3%A4tten_des_Jahres_und_Sonderpreise_web.jpg?fit=600%2C338&ssl=1&resize=350%2C200","width":350,"height":200,"srcset":"https:\/\/i0.wp.com\/www.jazzzeitung.de\/cms\/wp-content\/uploads\/2019\/04\/Applaus2018_Preisverleihung3_Spielst%C3%A4tten_des_Jahres_und_Sonderpreise_web.jpg?fit=600%2C338&ssl=1&resize=350%2C200 1x, https:\/\/i0.wp.com\/www.jazzzeitung.de\/cms\/wp-content\/uploads\/2019\/04\/Applaus2018_Preisverleihung3_Spielst%C3%A4tten_des_Jahres_und_Sonderpreise_web.jpg?fit=600%2C338&ssl=1&resize=525%2C300 1.5x"},"classes":[]},{"id":16561,"url":"https:\/\/www.jazzzeitung.de\/cms\/2018\/06\/haus-of-jazz-eroeffnet-das-jazzfest-berlin-2018\/","url_meta":{"origin":21370,"position":4},"title":"\u201eHaus of Jazz\u201c er\u00f6ffnet das Jazzfest Berlin 2018","author":"Martin Hufner","date":"30. Juni 2018","format":false,"excerpt":"Die\u00a0Berliner Festspiele\u00a0k\u00fcndigen die zentralen\u00a0Themen und\u00a0die ersten Namen von K\u00fcnstler*innen des Jazzfest Berlin\u00a02018 unter der neuen k\u00fcnstlerischen Leitung von Nadin Deventer an. Das Gesamtprogramm des Festivals\u00a0wird am 3.\u00a0September ver\u00f6ffentlicht. Der Kartenvorverkauf startet am 8. September. Die 55. Ausgabe des Jazzfest Berlin unter der neuen k\u00fcnstlerischen Leitung von Nadin Deventer findet vom\u2026","rel":"","context":"In &quot;News&quot;","block_context":{"text":"News","link":"https:\/\/www.jazzzeitung.de\/cms\/thema\/nachrichten\/"},"img":{"alt_text":"Jazzfest Berlin. Impression. Foto: Hufner","src":"https:\/\/i0.wp.com\/www.jazzzeitung.de\/cms\/wp-content\/uploads\/2013\/11\/jf13-02h-010068.jpg?fit=1200%2C900&ssl=1&resize=350%2C200","width":350,"height":200,"srcset":"https:\/\/i0.wp.com\/www.jazzzeitung.de\/cms\/wp-content\/uploads\/2013\/11\/jf13-02h-010068.jpg?fit=1200%2C900&ssl=1&resize=350%2C200 1x, https:\/\/i0.wp.com\/www.jazzzeitung.de\/cms\/wp-content\/uploads\/2013\/11\/jf13-02h-010068.jpg?fit=1200%2C900&ssl=1&resize=525%2C300 1.5x, https:\/\/i0.wp.com\/www.jazzzeitung.de\/cms\/wp-content\/uploads\/2013\/11\/jf13-02h-010068.jpg?fit=1200%2C900&ssl=1&resize=700%2C400 2x, https:\/\/i0.wp.com\/www.jazzzeitung.de\/cms\/wp-content\/uploads\/2013\/11\/jf13-02h-010068.jpg?fit=1200%2C900&ssl=1&resize=1050%2C600 3x"},"classes":[]},{"id":27456,"url":"https:\/\/www.jazzzeitung.de\/cms\/2022\/06\/programm-fuer-das-41-bayerische-jazzweekend-2022-steht\/","url_meta":{"origin":21370,"position":5},"title":"Programm f\u00fcr das 41. Bayerische Jazzweekend 2022 steht","author":"Redaktion JazzZeitung","date":"1. Juni 2022","format":false,"excerpt":"Endlich wieder Jazz in Regensburg - und das ein ganzes verl\u00e4ngertes Wochenende lang vom 14. bis 17. Juli 2022. 14 B\u00fchnen verteilen sich auf die ganze Innenstadt: Vom Degginger zum Leeren Beutel, vom italienischen Restaurant bis zum Nachtclub, vom Schiffsanleger am Marc-Aurel-Ufer bis zum Thon-Dittmer-Palais - und das alles kostenlos\u2026","rel":"","context":"In &quot;Bericht&quot;","block_context":{"text":"Bericht","link":"https:\/\/www.jazzzeitung.de\/cms\/thema\/bericht\/"},"img":{"alt_text":"","src":"https:\/\/i0.wp.com\/www.jazzzeitung.de\/cms\/wp-content\/uploads\/2022\/05\/weekend_regensburg_gaisa_pressekonferenz-3-scaled.jpg?fit=1200%2C675&ssl=1&resize=350%2C200","width":350,"height":200,"srcset":"https:\/\/i0.wp.com\/www.jazzzeitung.de\/cms\/wp-content\/uploads\/2022\/05\/weekend_regensburg_gaisa_pressekonferenz-3-scaled.jpg?fit=1200%2C675&ssl=1&resize=350%2C200 1x, https:\/\/i0.wp.com\/www.jazzzeitung.de\/cms\/wp-content\/uploads\/2022\/05\/weekend_regensburg_gaisa_pressekonferenz-3-scaled.jpg?fit=1200%2C675&ssl=1&resize=525%2C300 1.5x, https:\/\/i0.wp.com\/www.jazzzeitung.de\/cms\/wp-content\/uploads\/2022\/05\/weekend_regensburg_gaisa_pressekonferenz-3-scaled.jpg?fit=1200%2C675&ssl=1&resize=700%2C400 2x, https:\/\/i0.wp.com\/www.jazzzeitung.de\/cms\/wp-content\/uploads\/2022\/05\/weekend_regensburg_gaisa_pressekonferenz-3-scaled.jpg?fit=1200%2C675&ssl=1&resize=1050%2C600 3x"},"classes":[]}],"jetpack_sharing_enabled":true,"_links":{"self":[{"href":"https:\/\/www.jazzzeitung.de\/cms\/wp-json\/wp\/v2\/posts\/21370","targetHints":{"allow":["GET"]}}],"collection":[{"href":"https:\/\/www.jazzzeitung.de\/cms\/wp-json\/wp\/v2\/posts"}],"about":[{"href":"https:\/\/www.jazzzeitung.de\/cms\/wp-json\/wp\/v2\/types\/post"}],"author":[{"embeddable":true,"href":"https:\/\/www.jazzzeitung.de\/cms\/wp-json\/wp\/v2\/users\/18"}],"replies":[{"embeddable":true,"href":"https:\/\/www.jazzzeitung.de\/cms\/wp-json\/wp\/v2\/comments?post=21370"}],"version-history":[{"count":1,"href":"https:\/\/www.jazzzeitung.de\/cms\/wp-json\/wp\/v2\/posts\/21370\/revisions"}],"predecessor-version":[{"id":21371,"href":"https:\/\/www.jazzzeitung.de\/cms\/wp-json\/wp\/v2\/posts\/21370\/revisions\/21371"}],"wp:featuredmedia":[{"embeddable":true,"href":"https:\/\/www.jazzzeitung.de\/cms\/wp-json\/wp\/v2\/media\/1899"}],"wp:attachment":[{"href":"https:\/\/www.jazzzeitung.de\/cms\/wp-json\/wp\/v2\/media?parent=21370"}],"wp:term":[{"taxonomy":"category","embeddable":true,"href":"https:\/\/www.jazzzeitung.de\/cms\/wp-json\/wp\/v2\/categories?post=21370"},{"taxonomy":"post_tag","embeddable":true,"href":"https:\/\/www.jazzzeitung.de\/cms\/wp-json\/wp\/v2\/tags?post=21370"},{"taxonomy":"author","embeddable":true,"href":"https:\/\/www.jazzzeitung.de\/cms\/wp-json\/wp\/v2\/coauthors?post=21370"}],"curies":[{"name":"wp","href":"https:\/\/api.w.org\/{rel}","templated":true}]}}