{"id":21326,"date":"2019-11-20T12:59:32","date_gmt":"2019-11-20T11:59:32","guid":{"rendered":"https:\/\/www.jazzzeitung.de\/cms\/?p=21326"},"modified":"2019-11-20T12:51:03","modified_gmt":"2019-11-20T11:51:03","slug":"3-tage-jazz-festival-saalfelden-leogangjazzfoerderung-in-baden-wuerttemberg-2020","status":"publish","type":"post","link":"https:\/\/www.jazzzeitung.de\/cms\/2019\/11\/3-tage-jazz-festival-saalfelden-leogangjazzfoerderung-in-baden-wuerttemberg-2020\/","title":{"rendered":"+++ \u201e3 Tage Jazz\u201c Festival Saalfelden Leogang+++Jazzf\u00f6rderung in Baden-W\u00fcrttemberg 2020 +++"},"content":{"rendered":"<h3>\u201e3 Tage Jazz\u201c Festival Saalfelden Leogang 17.-19. J\u00e4nner 2020<\/h3>\n<p>Im Gegensatz zum Saalfeldener Sommerfestival ist das \u201e3 Tage Jazz\u201c ein kleineres Festival, das im tiefsten Winter inmitten des Salzburger Innergebirgs stattfindet. Mit gro\u00dfen Namen der europ\u00e4ischen Jazzszene als auch mit jungen \u00f6sterreichischen Jazzformationen. Neun Konzerte auf drei B\u00fchnen Freitag und Samstag finden jeweils drei Konzerte im Kunsthaus Nexus statt, eines auf der St\u00f6cklalm in Leogang (kostenfrei) und zwei weitere im Bergbau- und Gotikmuseum, ebenfalls in Leogang. F\u00fcr alle, die schon am Donnerstag anreisen um den Winter in Saalfelden Leogang zu genie\u00dfen, zeigen wir am Abend im Kunsthaus Nexus den Film \u201eBr\u00fcder K\u00fchn \u2013 Zwei Musiker spielen sich frei\u201c &#8211; ein dokumentarisches Portr\u00e4t der beiden deutschen Jazzmusiker Rolf (Jahrgang 1929) und Joachim K\u00fchn (Jahrgang 1944), die es unabh\u00e4ngig voneinander zu Weltruhm gebracht haben und trotz ihres Alters immer noch auftreten. Rolf K\u00fchn l\u00e4dt am Samstag zusammen mit Klaus Paier, Asja Valcic und Patrice H\u00e9ral zum Konzert ins Kunsthaus Nexus und ist mit 90 Jahren der \u00e4lteste Musiker beim diesj\u00e4hrigen \u201e3 Tage Jazz\u201c Festival. Offiziell er\u00f6ffnet wird das \u201e3 Tage Jazz\u201c Festival am Freitag von dem \u00f6sterreichischen Trompeter Lorenz Raab. Das Lorenz Raab Septett nimmt das St\u00fcck \u201eIn a Silent Way\u201c von Joe Zawinul als Ausgangspunkt f\u00fcr eine musikalische Expedition und \u00fcberzeugt durch elektrifiziertes Instrumentarium und rockige Grooves. Internationale MusikerInnen aus Frankreich, USA, Deutschland, Ungarn und Italien werden beim Winterfestival vertreten sein. Darunter der franz\u00f6sische Jazz-Saxophonist \u00c9mile Parisien, der mit seinem Quartett sein aktuelles Album \u201eDouble Screening\u201c pr\u00e4sentieren wird.<\/p>\n<figure id=\"attachment_21346\" aria-describedby=\"caption-attachment-21346\" style=\"width: 840px\" class=\"wp-caption alignleft\"><a href=\"https:\/\/i0.wp.com\/www.jazzzeitung.de\/cms\/wp-content\/uploads\/2019\/11\/Ken-Vandermark-mit-GCS5-by-CSK-scaled.jpg?ssl=1\"><img data-recalc-dims=\"1\" loading=\"lazy\" decoding=\"async\" data-attachment-id=\"21346\" data-permalink=\"https:\/\/www.jazzzeitung.de\/cms\/2019\/11\/3-tage-jazz-festival-saalfelden-leogangjazzfoerderung-in-baden-wuerttemberg-2020\/ken-vandermark-mit-gcs5-by-csk\/\" data-orig-file=\"https:\/\/i0.wp.com\/www.jazzzeitung.de\/cms\/wp-content\/uploads\/2019\/11\/Ken-Vandermark-mit-GCS5-by-CSK-scaled.jpg?fit=2560%2C1709&amp;ssl=1\" data-orig-size=\"2560,1709\" data-comments-opened=\"1\" data-image-meta=\"{&quot;aperture&quot;:&quot;3.5&quot;,&quot;credit&quot;:&quot;Csendes Krisztina&quot;,&quot;camera&quot;:&quot;NIKON D810&quot;,&quot;caption&quot;:&quot;&quot;,&quot;created_timestamp&quot;:&quot;1526041933&quot;,&quot;copyright&quot;:&quot;&quot;,&quot;focal_length&quot;:&quot;29&quot;,&quot;iso&quot;:&quot;400&quot;,&quot;shutter_speed&quot;:&quot;0.00625&quot;,&quot;title&quot;:&quot;&quot;,&quot;orientation&quot;:&quot;0&quot;}\" data-image-title=\"Ken Vandermark mit GCS5 by CSK\" data-image-description=\"\" data-image-caption=\"\" data-large-file=\"https:\/\/i0.wp.com\/www.jazzzeitung.de\/cms\/wp-content\/uploads\/2019\/11\/Ken-Vandermark-mit-GCS5-by-CSK-scaled.jpg?fit=840%2C560&amp;ssl=1\" class=\"wp-image-21346 size-large\" src=\"https:\/\/i0.wp.com\/www.jazzzeitung.de\/cms\/wp-content\/uploads\/2019\/11\/Ken-Vandermark-mit-GCS5-by-CSK.jpg?resize=840%2C560&#038;ssl=1\" alt=\"\" width=\"840\" height=\"560\" srcset=\"https:\/\/i0.wp.com\/www.jazzzeitung.de\/cms\/wp-content\/uploads\/2019\/11\/Ken-Vandermark-mit-GCS5-by-CSK-scaled.jpg?resize=900%2C600&amp;ssl=1 900w, https:\/\/i0.wp.com\/www.jazzzeitung.de\/cms\/wp-content\/uploads\/2019\/11\/Ken-Vandermark-mit-GCS5-by-CSK-scaled.jpg?resize=300%2C200&amp;ssl=1 300w, https:\/\/i0.wp.com\/www.jazzzeitung.de\/cms\/wp-content\/uploads\/2019\/11\/Ken-Vandermark-mit-GCS5-by-CSK-scaled.jpg?resize=768%2C513&amp;ssl=1 768w, https:\/\/i0.wp.com\/www.jazzzeitung.de\/cms\/wp-content\/uploads\/2019\/11\/Ken-Vandermark-mit-GCS5-by-CSK-scaled.jpg?resize=1536%2C1025&amp;ssl=1 1536w, https:\/\/i0.wp.com\/www.jazzzeitung.de\/cms\/wp-content\/uploads\/2019\/11\/Ken-Vandermark-mit-GCS5-by-CSK-scaled.jpg?resize=2048%2C1367&amp;ssl=1 2048w, https:\/\/i0.wp.com\/www.jazzzeitung.de\/cms\/wp-content\/uploads\/2019\/11\/Ken-Vandermark-mit-GCS5-by-CSK-scaled.jpg?resize=120%2C80&amp;ssl=1 120w, https:\/\/i0.wp.com\/www.jazzzeitung.de\/cms\/wp-content\/uploads\/2019\/11\/Ken-Vandermark-mit-GCS5-by-CSK-scaled.jpg?resize=1320%2C881&amp;ssl=1 1320w, https:\/\/i0.wp.com\/www.jazzzeitung.de\/cms\/wp-content\/uploads\/2019\/11\/Ken-Vandermark-mit-GCS5-by-CSK-scaled.jpg?w=1680&amp;ssl=1 1680w, https:\/\/i0.wp.com\/www.jazzzeitung.de\/cms\/wp-content\/uploads\/2019\/11\/Ken-Vandermark-mit-GCS5-by-CSK-scaled.jpg?w=2520&amp;ssl=1 2520w\" sizes=\"auto, (max-width: 840px) 100vw, 840px\" \/><\/a><figcaption id=\"caption-attachment-21346\" class=\"wp-caption-text\">Ken Vandermark mit GCS5. Foto: CSK<\/figcaption><\/figure>\n<p>Ebenfalls ein bekannter Name im Programm ist Ken Vandermark, der sich mit den Musikern von Grencs\u00f3 Collective Special 5 zusammengeschlossen hat und am Freitag das Abschlusskonzert gestaltet. Weitere H\u00f6hepunkte sind das aus Frankreich stammende Trio A\u00efr\u00e9s und die italienische Band Ghost Horse, die mit dem amerikanischen Ausnahmek\u00fcnstler Dan Kinzelmanauftreten werden. Der Sonntag im Bergbau- und Gotikmuseum Leogang steht ganz klar im Zeichen der \u00f6sterreichischen MusikerInnen. Clemens Sainitzer l\u00e4dt zu einem Cello Solo im intimen Rahmen und Gerald Preinfalk wird mit Klaus Paier, die seit mehr als 20 Jahren gemeinsam Musik machen, begeistern. Neben den Konzerten im Kunsthaus Nexus und Bergbau- und Gotikmuseum wird es auch ein kos\u00a0 enloses Konzert am Samstagnachmittag auf der St\u00f6cklalm inmitten des Skigebiets am Asitz in Leogang geben. Brother Buffalo macht Stimmung mit knackig rockigen Songs.<\/p>\n<figure id=\"attachment_21345\" aria-describedby=\"caption-attachment-21345\" style=\"width: 840px\" class=\"wp-caption alignleft\"><a href=\"https:\/\/i0.wp.com\/www.jazzzeitung.de\/cms\/wp-content\/uploads\/2019\/11\/Ghost-Horse-by-Stefano-Galli-scaled.jpg?ssl=1\"><img data-recalc-dims=\"1\" loading=\"lazy\" decoding=\"async\" data-attachment-id=\"21345\" data-permalink=\"https:\/\/www.jazzzeitung.de\/cms\/2019\/11\/3-tage-jazz-festival-saalfelden-leogangjazzfoerderung-in-baden-wuerttemberg-2020\/ghost-horse-by-stefano-galli\/\" data-orig-file=\"https:\/\/i0.wp.com\/www.jazzzeitung.de\/cms\/wp-content\/uploads\/2019\/11\/Ghost-Horse-by-Stefano-Galli-scaled.jpg?fit=2560%2C1707&amp;ssl=1\" data-orig-size=\"2560,1707\" data-comments-opened=\"1\" data-image-meta=\"{&quot;aperture&quot;:&quot;4.5&quot;,&quot;credit&quot;:&quot;Stefano Galli&quot;,&quot;camera&quot;:&quot;NIKON D7100&quot;,&quot;caption&quot;:&quot;&quot;,&quot;created_timestamp&quot;:&quot;1510169390&quot;,&quot;copyright&quot;:&quot;Stefano Galli&quot;,&quot;focal_length&quot;:&quot;16&quot;,&quot;iso&quot;:&quot;3200&quot;,&quot;shutter_speed&quot;:&quot;0.01&quot;,&quot;title&quot;:&quot;&quot;,&quot;orientation&quot;:&quot;1&quot;}\" data-image-title=\"Ghost Horse by Stefano Galli\" data-image-description=\"\" data-image-caption=\"\" data-large-file=\"https:\/\/i0.wp.com\/www.jazzzeitung.de\/cms\/wp-content\/uploads\/2019\/11\/Ghost-Horse-by-Stefano-Galli-scaled.jpg?fit=840%2C560&amp;ssl=1\" class=\"wp-image-21345 size-large\" src=\"https:\/\/i0.wp.com\/www.jazzzeitung.de\/cms\/wp-content\/uploads\/2019\/11\/Ghost-Horse-by-Stefano-Galli.jpg?resize=840%2C560&#038;ssl=1\" alt=\"\" width=\"840\" height=\"560\" srcset=\"https:\/\/i0.wp.com\/www.jazzzeitung.de\/cms\/wp-content\/uploads\/2019\/11\/Ghost-Horse-by-Stefano-Galli-scaled.jpg?resize=900%2C600&amp;ssl=1 900w, https:\/\/i0.wp.com\/www.jazzzeitung.de\/cms\/wp-content\/uploads\/2019\/11\/Ghost-Horse-by-Stefano-Galli-scaled.jpg?resize=300%2C200&amp;ssl=1 300w, https:\/\/i0.wp.com\/www.jazzzeitung.de\/cms\/wp-content\/uploads\/2019\/11\/Ghost-Horse-by-Stefano-Galli-scaled.jpg?resize=768%2C512&amp;ssl=1 768w, https:\/\/i0.wp.com\/www.jazzzeitung.de\/cms\/wp-content\/uploads\/2019\/11\/Ghost-Horse-by-Stefano-Galli-scaled.jpg?resize=1536%2C1024&amp;ssl=1 1536w, https:\/\/i0.wp.com\/www.jazzzeitung.de\/cms\/wp-content\/uploads\/2019\/11\/Ghost-Horse-by-Stefano-Galli-scaled.jpg?resize=2048%2C1365&amp;ssl=1 2048w, https:\/\/i0.wp.com\/www.jazzzeitung.de\/cms\/wp-content\/uploads\/2019\/11\/Ghost-Horse-by-Stefano-Galli-scaled.jpg?resize=120%2C80&amp;ssl=1 120w, https:\/\/i0.wp.com\/www.jazzzeitung.de\/cms\/wp-content\/uploads\/2019\/11\/Ghost-Horse-by-Stefano-Galli-scaled.jpg?resize=1320%2C880&amp;ssl=1 1320w, https:\/\/i0.wp.com\/www.jazzzeitung.de\/cms\/wp-content\/uploads\/2019\/11\/Ghost-Horse-by-Stefano-Galli-scaled.jpg?w=1680&amp;ssl=1 1680w, https:\/\/i0.wp.com\/www.jazzzeitung.de\/cms\/wp-content\/uploads\/2019\/11\/Ghost-Horse-by-Stefano-Galli-scaled.jpg?w=2520&amp;ssl=1 2520w\" sizes=\"auto, (max-width: 840px) 100vw, 840px\" \/><\/a><figcaption id=\"caption-attachment-21345\" class=\"wp-caption-text\">Ghost Horse. Foto: Stefano Galli<\/figcaption><\/figure>\n<p>Beitragsbild: Trio Air\u00e9s by Photo Franck Juery<\/p>\n<h3>+++ Staatssekret\u00e4rin Petra Olschowski: \u201eJazz in Baden-W\u00fcrttemberg mit seiner langen und bewegten Tradition ist ein lebendiger Teil des Musiklebens und fungiert als kultureller Botschafter unseres Landes\u201c +++<\/h3>\n<p>Das Land h\u00e4lt an der Jazzf\u00f6rderung auch im Jahr 2020 fest. Es f\u00f6rdert professionelle baden-w\u00fcrttembergische Jazzmusikerinnen und Jazzmusiker bei Konzertauftritten in Deutschland und im Ausland. Auch Jazzfestivals k\u00f6nnen einen Zuschuss erhalten. Daf\u00fcr stellt das Land wieder insgesamt 345.000 Euro bereit. \u201eDie Musik- und Kulturf\u00f6rderung des Landes unterst\u00fctzt auch im Jahr 2020 das hohe Qualit\u00e4tsniveau von Jazz \u201aMade in Baden-W\u00fcrttemberg\u2018. Der Jazz im Land ist zugleich traditionsreich und modern, regional angebunden und international ausstrahlend\u201c, sagte Kunststaatssekret\u00e4rin Petra Olschowski am Montag (18. November) in Stuttgart. Mit der erneuten Ausschreibung werde die kulturpolitische Bedeutung von Jazz-Musik in Baden-W\u00fcrttemberg unterstrichen.<br \/>\nDie F\u00f6rderlinie unterst\u00fctzt die Jazzszene in Baden-W\u00fcrttemberg. Die Jazzmusikerinnen und Jazzmusiker erhalten die M\u00f6glichkeit, national und international Erfahrung zu sammeln und die Jazzszene Baden-W\u00fcrttembergs au\u00dferhalb des Landes bekannt zu machen. Die finanzielle Unterst\u00fctzung steht Solistinnen und Solisten ebenso wie Jazz-Ensembles zur Verf\u00fcgung.<br \/>\nBei der Auftrittsf\u00f6rderung in Jazzclubs in Baden-W\u00fcrttemberg handelt es sich um eine K\u00fcnstlerf\u00f6rderung zur Aufstockung der K\u00fcnstlergagen. Antr\u00e4ge m\u00fcssen bis 31. Januar 2020 beim Jazzverband Baden-W\u00fcrttemberg eingereicht werden. Die finanzielle Unterst\u00fctzung steht Solistinnen und Solisten ebenso wie Jazz-Ensembles zur Verf\u00fcgung.<br \/>\nBei der Auftrittsf\u00f6rderung au\u00dferhalb von Baden-W\u00fcrttemberg haben professionelle baden-w\u00fcrttembergische Jazzmusikerinnen und Jazzmusiker die M\u00f6glichkeit, einen Landeszuschuss zu den entstehenden Reise- und Aufenthaltskosten in Verbindung mit Gastspielen in anderen Bundesl\u00e4ndern oder im Ausland zu beantragen.<br \/>\nBezuschusst werden k\u00f6nnen Konzerte oder Auftritte, die im Zeitraum vom 1. M\u00e4rz bis 31. August 2020 stattfinden. Die F\u00f6rderung pro Musikerin und Musiker ist gestaffelt und beginnt bei 200 Euro f\u00fcr Auftritte in Deutschland au\u00dferhalb von Baden-W\u00fcrttemberg. F\u00fcr Konzerte im europ\u00e4ischen Ausland sind 400 Euro und international 800 Euro vorgesehen. Die maximale F\u00f6rderung pro<br \/>\nEnsemble und Projekt betr\u00e4gt in Deutschland und au\u00dferhalb von Baden-W\u00fcrttemberg 2000 Euro, im europ\u00e4ischen Ausland 4000 Euro und international 8000 Euro. Die finanzielle Unterst\u00fctzung steht Solistinnen und Solisten ebenso wie Jazz-Ensembles zur Verf\u00fcgung. Antr\u00e4ge sind bis zum 15. Januar 2020 an den Jazzverband zu stellen.<\/p>\n<h3>F\u00f6rderung von Jazzfestivals<\/h3>\n<p>Hier gibt es die M\u00f6glichkeit, eine Festival-F\u00f6rderung in H\u00f6he von bis zu 8.000 Euro je Festival zu beantragen, sofern Jazzmusikerinnen und Jazzmusiker im Programm vertreten sind, die in Baden-W\u00fcrttemberg geboren oder aufgewachsen sind oder ihren Lebensmittelpunkt im Land haben. Antr\u00e4ge k\u00f6nnen bis zum 15. Januar 2020 an das Ministerium f\u00fcr Wissenschaft, Forschung und Kunst gerichtet werden.<br \/>\nDie F\u00f6rdervoraussetzungen und die Antragsformulare sind unter <a href=\"http:\/\/www.mwk.baden-wuerttemberg.de\/ausschreibungen\">www.mwk.baden-wuerttemberg.de\/ausschreibungen<\/a> abrufbar.<\/p>\n","protected":false},"excerpt":{"rendered":"<p>\u201e3 Tage Jazz\u201c Festival Saalfelden Leogang 17.-19. J\u00e4nner 2020 Im Gegensatz zum Saalfeldener Sommerfestival ist das \u201e3 Tage Jazz\u201c ein kleineres Festival, das im tiefsten Winter inmitten des Salzburger Innergebirgs stattfindet. Mit gro\u00dfen Namen der europ\u00e4ischen Jazzszene als auch mit jungen \u00f6sterreichischen Jazzformationen. Neun Konzerte auf drei B\u00fchnen Freitag und Samstag finden jeweils drei Konzerte im Kunsthaus Nexus statt, eines auf der St\u00f6cklalm in Leogang (kostenfrei) und zwei weitere im Bergbau- und Gotikmuseum, ebenfalls in Leogang. F\u00fcr alle, die schon am Donnerstag anreisen um den Winter in Saalfelden Leogang zu genie\u00dfen, zeigen wir am Abend im Kunsthaus Nexus den Film \u201eBr\u00fcder K\u00fchn \u2013 Zwei Musiker spielen sich frei\u201c &#8211; ein dokumentarisches Portr\u00e4t der beiden deutschen Jazzmusiker Rolf (Jahrgang 1929) und Joachim K\u00fchn (Jahrgang 1944), die es unabh\u00e4ngig voneinander zu Weltruhm gebracht haben und trotz ihres Alters immer noch auftreten. Rolf K\u00fchn l\u00e4dt am Samstag zusammen mit Klaus Paier, Asja Valcic und Patrice H\u00e9ral zum Konzert ins Kunsthaus Nexus und ist mit 90 Jahren der \u00e4lteste Musiker beim diesj\u00e4hrigen \u201e3 Tage Jazz\u201c Festival. Offiziell er\u00f6ffnet wird das \u201e3 Tage Jazz\u201c Festival am Freitag von dem \u00f6sterreichischen &hellip;<\/p>\n","protected":false},"author":18,"featured_media":21347,"comment_status":"open","ping_status":"closed","sticky":false,"template":"","format":"standard","meta":{"_jetpack_memberships_contains_paid_content":false,"footnotes":"","jetpack_publicize_message":"","jetpack_publicize_feature_enabled":true,"jetpack_social_post_already_shared":false,"jetpack_social_options":{"image_generator_settings":{"template":"highway","default_image_id":0,"font":"","enabled":false},"version":2}},"categories":[633],"tags":[2019,2660,34,1724,1514,2002,95,2730,2445,137,3,1351,1007,1065,1876,268,928,275,1251,281,798,1978,2192,753,314,322,323,331,773,2307,2656,1965,474,2139,1459,1860,1356],"coauthors":[695],"class_list":["post-21326","post","type-post","status-publish","format-standard","has-post-thumbnail","hentry","category-nachrichten","tag-2019","tag-2660","tag-album","tag-ausbildung","tag-ausschreibung","tag-bewerbung","tag-bremen","tag-brueder-kuehn","tag-deutsche-jazzunion","tag-deutschland","tag-festival","tag-film","tag-improvisation","tag-improvisierte-musik","tag-jazz","tag-jazzahead","tag-jazzclubs","tag-jazzfoerderung","tag-jazzkonzert","tag-jazzmusiker","tag-jazzmusikerinnen","tag-jazzszene","tag-jazzverband","tag-joachim-kuehn","tag-kinder","tag-konzert-2","tag-konzerte","tag-kulturforderung","tag-mail","tag-messe","tag-portraet","tag-quartett","tag-rolf-kuehn","tag-s","tag-saalfelden","tag-stuttgart","tag-trio"],"yoast_head":"<!-- This site is optimized with the Yoast SEO plugin v27.5 - https:\/\/yoast.com\/product\/yoast-seo-wordpress\/ -->\n<title>+++ \u201e3 Tage Jazz\u201c Festival Saalfelden Leogang+++Jazzf\u00f6rderung in Baden-W\u00fcrttemberg 2020 +++ - JazzZeitung<\/title>\n<meta name=\"robots\" content=\"index, follow, max-snippet:-1, max-image-preview:large, max-video-preview:-1\" \/>\n<link rel=\"canonical\" href=\"https:\/\/www.jazzzeitung.de\/cms\/2019\/11\/3-tage-jazz-festival-saalfelden-leogangjazzfoerderung-in-baden-wuerttemberg-2020\/\" \/>\n<meta property=\"og:locale\" content=\"de_DE\" \/>\n<meta property=\"og:type\" content=\"article\" \/>\n<meta property=\"og:title\" content=\"+++ \u201e3 Tage Jazz\u201c Festival Saalfelden Leogang+++Jazzf\u00f6rderung in Baden-W\u00fcrttemberg 2020 +++ - JazzZeitung\" \/>\n<meta property=\"og:description\" content=\"\u201e3 Tage Jazz\u201c Festival Saalfelden Leogang 17.-19. J\u00e4nner 2020 Im Gegensatz zum Saalfeldener Sommerfestival ist das \u201e3 Tage Jazz\u201c ein kleineres Festival, das im tiefsten Winter inmitten des Salzburger Innergebirgs stattfindet. Mit gro\u00dfen Namen der europ\u00e4ischen Jazzszene als auch mit jungen \u00f6sterreichischen Jazzformationen. Neun Konzerte auf drei B\u00fchnen Freitag und Samstag finden jeweils drei Konzerte im Kunsthaus Nexus statt, eines auf der St\u00f6cklalm in Leogang (kostenfrei) und zwei weitere im Bergbau- und Gotikmuseum, ebenfalls in Leogang. F\u00fcr alle, die schon am Donnerstag anreisen um den Winter in Saalfelden Leogang zu genie\u00dfen, zeigen wir am Abend im Kunsthaus Nexus den Film \u201eBr\u00fcder K\u00fchn \u2013 Zwei Musiker spielen sich frei\u201c &#8211; ein dokumentarisches Portr\u00e4t der beiden deutschen Jazzmusiker Rolf (Jahrgang 1929) und Joachim K\u00fchn (Jahrgang 1944), die es unabh\u00e4ngig voneinander zu Weltruhm gebracht haben und trotz ihres Alters immer noch auftreten. Rolf K\u00fchn l\u00e4dt am Samstag zusammen mit Klaus Paier, Asja Valcic und Patrice H\u00e9ral zum Konzert ins Kunsthaus Nexus und ist mit 90 Jahren der \u00e4lteste Musiker beim diesj\u00e4hrigen \u201e3 Tage Jazz\u201c Festival. Offiziell er\u00f6ffnet wird das \u201e3 Tage Jazz\u201c Festival am Freitag von dem \u00f6sterreichischen &hellip;\" \/>\n<meta property=\"og:url\" content=\"https:\/\/www.jazzzeitung.de\/cms\/2019\/11\/3-tage-jazz-festival-saalfelden-leogangjazzfoerderung-in-baden-wuerttemberg-2020\/\" \/>\n<meta property=\"og:site_name\" content=\"JazzZeitung\" \/>\n<meta property=\"article:publisher\" content=\"https:\/\/www.facebook.com\/JazzZeitung\/\" \/>\n<meta property=\"article:published_time\" content=\"2019-11-20T11:59:32+00:00\" \/>\n<meta property=\"og:image\" content=\"https:\/\/i0.wp.com\/www.jazzzeitung.de\/cms\/wp-content\/uploads\/2019\/11\/Trio-Air\u00e9s-by-Photo-Franck-Juery-scaled.jpg?fit=2560%2C1709&ssl=1\" \/>\n\t<meta property=\"og:image:width\" content=\"2560\" \/>\n\t<meta property=\"og:image:height\" content=\"1709\" \/>\n\t<meta property=\"og:image:type\" content=\"image\/jpeg\" \/>\n<meta name=\"author\" content=\"Redaktion JazzZeitung\" \/>\n<script type=\"application\/ld+json\" class=\"yoast-schema-graph\">{\"@context\":\"https:\\\/\\\/schema.org\",\"@graph\":[{\"@type\":\"Article\",\"@id\":\"https:\\\/\\\/www.jazzzeitung.de\\\/cms\\\/2019\\\/11\\\/3-tage-jazz-festival-saalfelden-leogangjazzfoerderung-in-baden-wuerttemberg-2020\\\/#article\",\"isPartOf\":{\"@id\":\"https:\\\/\\\/www.jazzzeitung.de\\\/cms\\\/2019\\\/11\\\/3-tage-jazz-festival-saalfelden-leogangjazzfoerderung-in-baden-wuerttemberg-2020\\\/\"},\"author\":{\"name\":\"Redaktion JazzZeitung\",\"@id\":\"https:\\\/\\\/www.jazzzeitung.de\\\/cms\\\/#\\\/schema\\\/person\\\/2245b36b9cd1d24cea10f01c031fb92b\"},\"headline\":\"+++ \u201e3 Tage Jazz\u201c Festival Saalfelden Leogang+++Jazzf\u00f6rderung in Baden-W\u00fcrttemberg 2020 +++\",\"datePublished\":\"2019-11-20T11:59:32+00:00\",\"mainEntityOfPage\":{\"@id\":\"https:\\\/\\\/www.jazzzeitung.de\\\/cms\\\/2019\\\/11\\\/3-tage-jazz-festival-saalfelden-leogangjazzfoerderung-in-baden-wuerttemberg-2020\\\/\"},\"wordCount\":887,\"commentCount\":0,\"publisher\":{\"@id\":\"https:\\\/\\\/www.jazzzeitung.de\\\/cms\\\/#organization\"},\"image\":{\"@id\":\"https:\\\/\\\/www.jazzzeitung.de\\\/cms\\\/2019\\\/11\\\/3-tage-jazz-festival-saalfelden-leogangjazzfoerderung-in-baden-wuerttemberg-2020\\\/#primaryimage\"},\"thumbnailUrl\":\"https:\\\/\\\/i0.wp.com\\\/www.jazzzeitung.de\\\/cms\\\/wp-content\\\/uploads\\\/2019\\\/11\\\/Trio-Air%C3%A9s-by-Photo-Franck-Juery-scaled.jpg?fit=2560%2C1709&ssl=1\",\"keywords\":[\"2019\",\"2020\",\"Album\",\"Ausbildung\",\"Ausschreibung\",\"Bewerbung\",\"Bremen\",\"Br\u00fcder K\u00fchn\",\"Deutsche Jazzunion\",\"Deutschland\",\"Festival\",\"Film\",\"Improvisation\",\"Improvisierte Musik\",\"Jazz\",\"Jazzahead\",\"Jazzclubs\",\"Jazzf\u00f6rderung\",\"JazzKonzert\",\"Jazzmusiker\",\"Jazzmusikerinnen\",\"Jazzszene\",\"Jazzverband\",\"Joachim K\u00fchn\",\"Kinder\",\"Konzert\",\"Konzerte\",\"Kulturf\u00f6rderung\",\"mail\",\"Messe\",\"Portr\u00e4t\",\"Quartett\",\"Rolf K\u00fchn\",\"S\",\"Saalfelden\",\"Stuttgart\",\"trio\"],\"articleSection\":[\"News\"],\"inLanguage\":\"de\",\"potentialAction\":[{\"@type\":\"CommentAction\",\"name\":\"Comment\",\"target\":[\"https:\\\/\\\/www.jazzzeitung.de\\\/cms\\\/2019\\\/11\\\/3-tage-jazz-festival-saalfelden-leogangjazzfoerderung-in-baden-wuerttemberg-2020\\\/#respond\"]}]},{\"@type\":\"WebPage\",\"@id\":\"https:\\\/\\\/www.jazzzeitung.de\\\/cms\\\/2019\\\/11\\\/3-tage-jazz-festival-saalfelden-leogangjazzfoerderung-in-baden-wuerttemberg-2020\\\/\",\"url\":\"https:\\\/\\\/www.jazzzeitung.de\\\/cms\\\/2019\\\/11\\\/3-tage-jazz-festival-saalfelden-leogangjazzfoerderung-in-baden-wuerttemberg-2020\\\/\",\"name\":\"+++ \u201e3 Tage Jazz\u201c Festival Saalfelden Leogang+++Jazzf\u00f6rderung in Baden-W\u00fcrttemberg 2020 +++ - JazzZeitung\",\"isPartOf\":{\"@id\":\"https:\\\/\\\/www.jazzzeitung.de\\\/cms\\\/#website\"},\"primaryImageOfPage\":{\"@id\":\"https:\\\/\\\/www.jazzzeitung.de\\\/cms\\\/2019\\\/11\\\/3-tage-jazz-festival-saalfelden-leogangjazzfoerderung-in-baden-wuerttemberg-2020\\\/#primaryimage\"},\"image\":{\"@id\":\"https:\\\/\\\/www.jazzzeitung.de\\\/cms\\\/2019\\\/11\\\/3-tage-jazz-festival-saalfelden-leogangjazzfoerderung-in-baden-wuerttemberg-2020\\\/#primaryimage\"},\"thumbnailUrl\":\"https:\\\/\\\/i0.wp.com\\\/www.jazzzeitung.de\\\/cms\\\/wp-content\\\/uploads\\\/2019\\\/11\\\/Trio-Air%C3%A9s-by-Photo-Franck-Juery-scaled.jpg?fit=2560%2C1709&ssl=1\",\"datePublished\":\"2019-11-20T11:59:32+00:00\",\"breadcrumb\":{\"@id\":\"https:\\\/\\\/www.jazzzeitung.de\\\/cms\\\/2019\\\/11\\\/3-tage-jazz-festival-saalfelden-leogangjazzfoerderung-in-baden-wuerttemberg-2020\\\/#breadcrumb\"},\"inLanguage\":\"de\",\"potentialAction\":[{\"@type\":\"ReadAction\",\"target\":[\"https:\\\/\\\/www.jazzzeitung.de\\\/cms\\\/2019\\\/11\\\/3-tage-jazz-festival-saalfelden-leogangjazzfoerderung-in-baden-wuerttemberg-2020\\\/\"]}]},{\"@type\":\"ImageObject\",\"inLanguage\":\"de\",\"@id\":\"https:\\\/\\\/www.jazzzeitung.de\\\/cms\\\/2019\\\/11\\\/3-tage-jazz-festival-saalfelden-leogangjazzfoerderung-in-baden-wuerttemberg-2020\\\/#primaryimage\",\"url\":\"https:\\\/\\\/i0.wp.com\\\/www.jazzzeitung.de\\\/cms\\\/wp-content\\\/uploads\\\/2019\\\/11\\\/Trio-Air%C3%A9s-by-Photo-Franck-Juery-scaled.jpg?fit=2560%2C1709&ssl=1\",\"contentUrl\":\"https:\\\/\\\/i0.wp.com\\\/www.jazzzeitung.de\\\/cms\\\/wp-content\\\/uploads\\\/2019\\\/11\\\/Trio-Air%C3%A9s-by-Photo-Franck-Juery-scaled.jpg?fit=2560%2C1709&ssl=1\",\"width\":2560,\"height\":1709,\"caption\":\"Trio Air\u00e9s by Photo Franck Juery\"},{\"@type\":\"BreadcrumbList\",\"@id\":\"https:\\\/\\\/www.jazzzeitung.de\\\/cms\\\/2019\\\/11\\\/3-tage-jazz-festival-saalfelden-leogangjazzfoerderung-in-baden-wuerttemberg-2020\\\/#breadcrumb\",\"itemListElement\":[{\"@type\":\"ListItem\",\"position\":1,\"name\":\"Startseite\",\"item\":\"https:\\\/\\\/www.jazzzeitung.de\\\/cms\\\/\"},{\"@type\":\"ListItem\",\"position\":2,\"name\":\"+++ \u201e3 Tage Jazz\u201c Festival Saalfelden Leogang+++Jazzf\u00f6rderung in Baden-W\u00fcrttemberg 2020 +++\"}]},{\"@type\":\"WebSite\",\"@id\":\"https:\\\/\\\/www.jazzzeitung.de\\\/cms\\\/#website\",\"url\":\"https:\\\/\\\/www.jazzzeitung.de\\\/cms\\\/\",\"name\":\"JazzZeitung\",\"description\":\"Jazz-News und Jazz-Kontroverses\",\"publisher\":{\"@id\":\"https:\\\/\\\/www.jazzzeitung.de\\\/cms\\\/#organization\"},\"potentialAction\":[{\"@type\":\"SearchAction\",\"target\":{\"@type\":\"EntryPoint\",\"urlTemplate\":\"https:\\\/\\\/www.jazzzeitung.de\\\/cms\\\/?s={search_term_string}\"},\"query-input\":{\"@type\":\"PropertyValueSpecification\",\"valueRequired\":true,\"valueName\":\"search_term_string\"}}],\"inLanguage\":\"de\"},{\"@type\":\"Organization\",\"@id\":\"https:\\\/\\\/www.jazzzeitung.de\\\/cms\\\/#organization\",\"name\":\"JazzZeitung online\",\"url\":\"https:\\\/\\\/www.jazzzeitung.de\\\/cms\\\/\",\"logo\":{\"@type\":\"ImageObject\",\"inLanguage\":\"de\",\"@id\":\"https:\\\/\\\/www.jazzzeitung.de\\\/cms\\\/#\\\/schema\\\/logo\\\/image\\\/\",\"url\":\"https:\\\/\\\/i0.wp.com\\\/www.jazzzeitung.de\\\/cms\\\/wp-content\\\/uploads\\\/2015\\\/08\\\/JAZZZEITUNGDE_Logo_Neu.png?fit=499%2C200&ssl=1\",\"contentUrl\":\"https:\\\/\\\/i0.wp.com\\\/www.jazzzeitung.de\\\/cms\\\/wp-content\\\/uploads\\\/2015\\\/08\\\/JAZZZEITUNGDE_Logo_Neu.png?fit=499%2C200&ssl=1\",\"width\":499,\"height\":200,\"caption\":\"JazzZeitung online\"},\"image\":{\"@id\":\"https:\\\/\\\/www.jazzzeitung.de\\\/cms\\\/#\\\/schema\\\/logo\\\/image\\\/\"},\"sameAs\":[\"https:\\\/\\\/www.facebook.com\\\/JazzZeitung\\\/\"]},{\"@type\":\"Person\",\"@id\":\"https:\\\/\\\/www.jazzzeitung.de\\\/cms\\\/#\\\/schema\\\/person\\\/2245b36b9cd1d24cea10f01c031fb92b\",\"name\":\"Redaktion JazzZeitung\",\"image\":{\"@type\":\"ImageObject\",\"inLanguage\":\"de\",\"@id\":\"https:\\\/\\\/i0.wp.com\\\/www.jazzzeitung.de\\\/cms\\\/wp-content\\\/uploads\\\/2015\\\/08\\\/JAZZZEITUNGDE_Logo_Neu.png?resize=96%2C96&ssl=159975dcacb611b5700bd619b5daf0a7a\",\"url\":\"https:\\\/\\\/i0.wp.com\\\/www.jazzzeitung.de\\\/cms\\\/wp-content\\\/uploads\\\/2015\\\/08\\\/JAZZZEITUNGDE_Logo_Neu.png?resize=96%2C96&ssl=1\",\"contentUrl\":\"https:\\\/\\\/i0.wp.com\\\/www.jazzzeitung.de\\\/cms\\\/wp-content\\\/uploads\\\/2015\\\/08\\\/JAZZZEITUNGDE_Logo_Neu.png?resize=96%2C96&ssl=1\",\"caption\":\"Redaktion JazzZeitung\"},\"description\":\"Artikel der Redaktion der JazzZeitung.\",\"sameAs\":[\"http:\\\/\\\/www.jazzzeitung.de\\\/cms\\\/\"],\"url\":\"https:\\\/\\\/www.jazzzeitung.de\\\/cms\\\/author\\\/redaktion\\\/\"}]}<\/script>\n<!-- \/ Yoast SEO plugin. -->","yoast_head_json":{"title":"+++ \u201e3 Tage Jazz\u201c Festival Saalfelden Leogang+++Jazzf\u00f6rderung in Baden-W\u00fcrttemberg 2020 +++ - JazzZeitung","robots":{"index":"index","follow":"follow","max-snippet":"max-snippet:-1","max-image-preview":"max-image-preview:large","max-video-preview":"max-video-preview:-1"},"canonical":"https:\/\/www.jazzzeitung.de\/cms\/2019\/11\/3-tage-jazz-festival-saalfelden-leogangjazzfoerderung-in-baden-wuerttemberg-2020\/","og_locale":"de_DE","og_type":"article","og_title":"+++ \u201e3 Tage Jazz\u201c Festival Saalfelden Leogang+++Jazzf\u00f6rderung in Baden-W\u00fcrttemberg 2020 +++ - JazzZeitung","og_description":"\u201e3 Tage Jazz\u201c Festival Saalfelden Leogang 17.-19. J\u00e4nner 2020 Im Gegensatz zum Saalfeldener Sommerfestival ist das \u201e3 Tage Jazz\u201c ein kleineres Festival, das im tiefsten Winter inmitten des Salzburger Innergebirgs stattfindet. Mit gro\u00dfen Namen der europ\u00e4ischen Jazzszene als auch mit jungen \u00f6sterreichischen Jazzformationen. Neun Konzerte auf drei B\u00fchnen Freitag und Samstag finden jeweils drei Konzerte im Kunsthaus Nexus statt, eines auf der St\u00f6cklalm in Leogang (kostenfrei) und zwei weitere im Bergbau- und Gotikmuseum, ebenfalls in Leogang. F\u00fcr alle, die schon am Donnerstag anreisen um den Winter in Saalfelden Leogang zu genie\u00dfen, zeigen wir am Abend im Kunsthaus Nexus den Film \u201eBr\u00fcder K\u00fchn \u2013 Zwei Musiker spielen sich frei\u201c &#8211; ein dokumentarisches Portr\u00e4t der beiden deutschen Jazzmusiker Rolf (Jahrgang 1929) und Joachim K\u00fchn (Jahrgang 1944), die es unabh\u00e4ngig voneinander zu Weltruhm gebracht haben und trotz ihres Alters immer noch auftreten. Rolf K\u00fchn l\u00e4dt am Samstag zusammen mit Klaus Paier, Asja Valcic und Patrice H\u00e9ral zum Konzert ins Kunsthaus Nexus und ist mit 90 Jahren der \u00e4lteste Musiker beim diesj\u00e4hrigen \u201e3 Tage Jazz\u201c Festival. Offiziell er\u00f6ffnet wird das \u201e3 Tage Jazz\u201c Festival am Freitag von dem \u00f6sterreichischen &hellip;","og_url":"https:\/\/www.jazzzeitung.de\/cms\/2019\/11\/3-tage-jazz-festival-saalfelden-leogangjazzfoerderung-in-baden-wuerttemberg-2020\/","og_site_name":"JazzZeitung","article_publisher":"https:\/\/www.facebook.com\/JazzZeitung\/","article_published_time":"2019-11-20T11:59:32+00:00","og_image":[{"width":2560,"height":1709,"url":"https:\/\/i0.wp.com\/www.jazzzeitung.de\/cms\/wp-content\/uploads\/2019\/11\/Trio-Air\u00e9s-by-Photo-Franck-Juery-scaled.jpg?fit=2560%2C1709&ssl=1","type":"image\/jpeg"}],"author":"Redaktion JazzZeitung","schema":{"@context":"https:\/\/schema.org","@graph":[{"@type":"Article","@id":"https:\/\/www.jazzzeitung.de\/cms\/2019\/11\/3-tage-jazz-festival-saalfelden-leogangjazzfoerderung-in-baden-wuerttemberg-2020\/#article","isPartOf":{"@id":"https:\/\/www.jazzzeitung.de\/cms\/2019\/11\/3-tage-jazz-festival-saalfelden-leogangjazzfoerderung-in-baden-wuerttemberg-2020\/"},"author":{"name":"Redaktion JazzZeitung","@id":"https:\/\/www.jazzzeitung.de\/cms\/#\/schema\/person\/2245b36b9cd1d24cea10f01c031fb92b"},"headline":"+++ \u201e3 Tage Jazz\u201c Festival Saalfelden Leogang+++Jazzf\u00f6rderung in Baden-W\u00fcrttemberg 2020 +++","datePublished":"2019-11-20T11:59:32+00:00","mainEntityOfPage":{"@id":"https:\/\/www.jazzzeitung.de\/cms\/2019\/11\/3-tage-jazz-festival-saalfelden-leogangjazzfoerderung-in-baden-wuerttemberg-2020\/"},"wordCount":887,"commentCount":0,"publisher":{"@id":"https:\/\/www.jazzzeitung.de\/cms\/#organization"},"image":{"@id":"https:\/\/www.jazzzeitung.de\/cms\/2019\/11\/3-tage-jazz-festival-saalfelden-leogangjazzfoerderung-in-baden-wuerttemberg-2020\/#primaryimage"},"thumbnailUrl":"https:\/\/i0.wp.com\/www.jazzzeitung.de\/cms\/wp-content\/uploads\/2019\/11\/Trio-Air%C3%A9s-by-Photo-Franck-Juery-scaled.jpg?fit=2560%2C1709&ssl=1","keywords":["2019","2020","Album","Ausbildung","Ausschreibung","Bewerbung","Bremen","Br\u00fcder K\u00fchn","Deutsche Jazzunion","Deutschland","Festival","Film","Improvisation","Improvisierte Musik","Jazz","Jazzahead","Jazzclubs","Jazzf\u00f6rderung","JazzKonzert","Jazzmusiker","Jazzmusikerinnen","Jazzszene","Jazzverband","Joachim K\u00fchn","Kinder","Konzert","Konzerte","Kulturf\u00f6rderung","mail","Messe","Portr\u00e4t","Quartett","Rolf K\u00fchn","S","Saalfelden","Stuttgart","trio"],"articleSection":["News"],"inLanguage":"de","potentialAction":[{"@type":"CommentAction","name":"Comment","target":["https:\/\/www.jazzzeitung.de\/cms\/2019\/11\/3-tage-jazz-festival-saalfelden-leogangjazzfoerderung-in-baden-wuerttemberg-2020\/#respond"]}]},{"@type":"WebPage","@id":"https:\/\/www.jazzzeitung.de\/cms\/2019\/11\/3-tage-jazz-festival-saalfelden-leogangjazzfoerderung-in-baden-wuerttemberg-2020\/","url":"https:\/\/www.jazzzeitung.de\/cms\/2019\/11\/3-tage-jazz-festival-saalfelden-leogangjazzfoerderung-in-baden-wuerttemberg-2020\/","name":"+++ \u201e3 Tage Jazz\u201c Festival Saalfelden Leogang+++Jazzf\u00f6rderung in Baden-W\u00fcrttemberg 2020 +++ - JazzZeitung","isPartOf":{"@id":"https:\/\/www.jazzzeitung.de\/cms\/#website"},"primaryImageOfPage":{"@id":"https:\/\/www.jazzzeitung.de\/cms\/2019\/11\/3-tage-jazz-festival-saalfelden-leogangjazzfoerderung-in-baden-wuerttemberg-2020\/#primaryimage"},"image":{"@id":"https:\/\/www.jazzzeitung.de\/cms\/2019\/11\/3-tage-jazz-festival-saalfelden-leogangjazzfoerderung-in-baden-wuerttemberg-2020\/#primaryimage"},"thumbnailUrl":"https:\/\/i0.wp.com\/www.jazzzeitung.de\/cms\/wp-content\/uploads\/2019\/11\/Trio-Air%C3%A9s-by-Photo-Franck-Juery-scaled.jpg?fit=2560%2C1709&ssl=1","datePublished":"2019-11-20T11:59:32+00:00","breadcrumb":{"@id":"https:\/\/www.jazzzeitung.de\/cms\/2019\/11\/3-tage-jazz-festival-saalfelden-leogangjazzfoerderung-in-baden-wuerttemberg-2020\/#breadcrumb"},"inLanguage":"de","potentialAction":[{"@type":"ReadAction","target":["https:\/\/www.jazzzeitung.de\/cms\/2019\/11\/3-tage-jazz-festival-saalfelden-leogangjazzfoerderung-in-baden-wuerttemberg-2020\/"]}]},{"@type":"ImageObject","inLanguage":"de","@id":"https:\/\/www.jazzzeitung.de\/cms\/2019\/11\/3-tage-jazz-festival-saalfelden-leogangjazzfoerderung-in-baden-wuerttemberg-2020\/#primaryimage","url":"https:\/\/i0.wp.com\/www.jazzzeitung.de\/cms\/wp-content\/uploads\/2019\/11\/Trio-Air%C3%A9s-by-Photo-Franck-Juery-scaled.jpg?fit=2560%2C1709&ssl=1","contentUrl":"https:\/\/i0.wp.com\/www.jazzzeitung.de\/cms\/wp-content\/uploads\/2019\/11\/Trio-Air%C3%A9s-by-Photo-Franck-Juery-scaled.jpg?fit=2560%2C1709&ssl=1","width":2560,"height":1709,"caption":"Trio Air\u00e9s by Photo Franck Juery"},{"@type":"BreadcrumbList","@id":"https:\/\/www.jazzzeitung.de\/cms\/2019\/11\/3-tage-jazz-festival-saalfelden-leogangjazzfoerderung-in-baden-wuerttemberg-2020\/#breadcrumb","itemListElement":[{"@type":"ListItem","position":1,"name":"Startseite","item":"https:\/\/www.jazzzeitung.de\/cms\/"},{"@type":"ListItem","position":2,"name":"+++ \u201e3 Tage Jazz\u201c Festival Saalfelden Leogang+++Jazzf\u00f6rderung in Baden-W\u00fcrttemberg 2020 +++"}]},{"@type":"WebSite","@id":"https:\/\/www.jazzzeitung.de\/cms\/#website","url":"https:\/\/www.jazzzeitung.de\/cms\/","name":"JazzZeitung","description":"Jazz-News und Jazz-Kontroverses","publisher":{"@id":"https:\/\/www.jazzzeitung.de\/cms\/#organization"},"potentialAction":[{"@type":"SearchAction","target":{"@type":"EntryPoint","urlTemplate":"https:\/\/www.jazzzeitung.de\/cms\/?s={search_term_string}"},"query-input":{"@type":"PropertyValueSpecification","valueRequired":true,"valueName":"search_term_string"}}],"inLanguage":"de"},{"@type":"Organization","@id":"https:\/\/www.jazzzeitung.de\/cms\/#organization","name":"JazzZeitung online","url":"https:\/\/www.jazzzeitung.de\/cms\/","logo":{"@type":"ImageObject","inLanguage":"de","@id":"https:\/\/www.jazzzeitung.de\/cms\/#\/schema\/logo\/image\/","url":"https:\/\/i0.wp.com\/www.jazzzeitung.de\/cms\/wp-content\/uploads\/2015\/08\/JAZZZEITUNGDE_Logo_Neu.png?fit=499%2C200&ssl=1","contentUrl":"https:\/\/i0.wp.com\/www.jazzzeitung.de\/cms\/wp-content\/uploads\/2015\/08\/JAZZZEITUNGDE_Logo_Neu.png?fit=499%2C200&ssl=1","width":499,"height":200,"caption":"JazzZeitung online"},"image":{"@id":"https:\/\/www.jazzzeitung.de\/cms\/#\/schema\/logo\/image\/"},"sameAs":["https:\/\/www.facebook.com\/JazzZeitung\/"]},{"@type":"Person","@id":"https:\/\/www.jazzzeitung.de\/cms\/#\/schema\/person\/2245b36b9cd1d24cea10f01c031fb92b","name":"Redaktion JazzZeitung","image":{"@type":"ImageObject","inLanguage":"de","@id":"https:\/\/i0.wp.com\/www.jazzzeitung.de\/cms\/wp-content\/uploads\/2015\/08\/JAZZZEITUNGDE_Logo_Neu.png?resize=96%2C96&ssl=159975dcacb611b5700bd619b5daf0a7a","url":"https:\/\/i0.wp.com\/www.jazzzeitung.de\/cms\/wp-content\/uploads\/2015\/08\/JAZZZEITUNGDE_Logo_Neu.png?resize=96%2C96&ssl=1","contentUrl":"https:\/\/i0.wp.com\/www.jazzzeitung.de\/cms\/wp-content\/uploads\/2015\/08\/JAZZZEITUNGDE_Logo_Neu.png?resize=96%2C96&ssl=1","caption":"Redaktion JazzZeitung"},"description":"Artikel der Redaktion der JazzZeitung.","sameAs":["http:\/\/www.jazzzeitung.de\/cms\/"],"url":"https:\/\/www.jazzzeitung.de\/cms\/author\/redaktion\/"}]}},"wp-worthy-pixel":{"ignored":false,"public":null,"server":null,"url":null},"wp-worthy-type":"normal","jetpack_publicize_connections":[],"cc_featured_image_caption":{"caption_text":"","source_text":"","source_url":""},"jetpack_featured_media_url":"https:\/\/i0.wp.com\/www.jazzzeitung.de\/cms\/wp-content\/uploads\/2019\/11\/Trio-Air%C3%A9s-by-Photo-Franck-Juery-scaled.jpg?fit=2560%2C1709&ssl=1","jetpack_shortlink":"https:\/\/wp.me\/p3KEcT-5xY","jetpack-related-posts":[{"id":11589,"url":"https:\/\/www.jazzzeitung.de\/cms\/2017\/01\/so-war-das-3-tage-jazz-in-saalfelden\/","url_meta":{"origin":21326,"position":0},"title":"So war das \u201e3 Tage Jazz\u201c in Saalfelden","author":"Redaktion JazzZeitung","date":"25. Januar 2017","format":false,"excerpt":"Fast 40 Jahre ist es her, als das heutige Jazzfestival Saalfelden unter dem Namen \"3 Tage Jazz\" 1978 seine Tore \u00f6ffnete. Nun im Jahr 2017 konnte man schon zum zweiten Mal den unkonventionellen Jazzt\u00f6nen auch im Winter lauschen und so pr\u00e4sentierten wir beim \u201e3 Tage Jazz\u201c von 20.\u00a0 bis 22.\u2026","rel":"","context":"In &quot;Bericht&quot;","block_context":{"text":"Bericht","link":"https:\/\/www.jazzzeitung.de\/cms\/thema\/bericht\/"},"img":{"alt_text":"","src":"https:\/\/i0.wp.com\/www.jazzzeitung.de\/cms\/wp-content\/uploads\/2017\/01\/Gianluigi-Trovesi-%C2%A9-Michael-Gei%C3%9Fler-150x150.jpg?resize=350%2C200","width":350,"height":200},"classes":[]},{"id":18436,"url":"https:\/\/www.jazzzeitung.de\/cms\/2019\/01\/news-saalfelden-leogang-feierte-3-tage-jazz-jazzfest-in-rottweil-programm-nahezu-komplett-das-suedtirol-jazzfestival-2019-bespielt-neue-locations\/","url_meta":{"origin":21326,"position":1},"title":"+++ News: +++ Saalfelden Leogang feierte \u201e3 Tage Jazz&#8220; +++ Jazzfest in Rottweil &#8211; Programm nahezu komplett! +++ Das S\u00fcdtirol Jazzfestival 2019 bespielt neue Locations +++","author":"Redaktion JazzZeitung","date":"28. Januar 2019","format":false,"excerpt":"Die ersten \"Drei Tage Jazz\" in der Saalfelden Leogang 2019 Vom 18.-20. Januar 2019 ging das vierte \u201e3 Tage Jazz\" Festival in der Region Saalfelden Leogang\u00a0 inmitten des Salzburger Innergebirgs \u00fcber die B\u00fchne. Das Appetith\u00e4ppchen aufs gro\u00dfe Saalfeldener Sommerfestival ist aber auch schonaus den Kinderschuhen raus und wurde zum neuen\u2026","rel":"","context":"In &quot;News&quot;","block_context":{"text":"News","link":"https:\/\/www.jazzzeitung.de\/cms\/thema\/nachrichten\/"},"img":{"alt_text":"","src":"https:\/\/i0.wp.com\/www.jazzzeitung.de\/cms\/wp-content\/uploads\/2019\/01\/Veranstalter-JazzfestivalcJohannesRadlwimmer.jpg?fit=1200%2C800&ssl=1&resize=350%2C200","width":350,"height":200,"srcset":"https:\/\/i0.wp.com\/www.jazzzeitung.de\/cms\/wp-content\/uploads\/2019\/01\/Veranstalter-JazzfestivalcJohannesRadlwimmer.jpg?fit=1200%2C800&ssl=1&resize=350%2C200 1x, https:\/\/i0.wp.com\/www.jazzzeitung.de\/cms\/wp-content\/uploads\/2019\/01\/Veranstalter-JazzfestivalcJohannesRadlwimmer.jpg?fit=1200%2C800&ssl=1&resize=525%2C300 1.5x, https:\/\/i0.wp.com\/www.jazzzeitung.de\/cms\/wp-content\/uploads\/2019\/01\/Veranstalter-JazzfestivalcJohannesRadlwimmer.jpg?fit=1200%2C800&ssl=1&resize=700%2C400 2x, https:\/\/i0.wp.com\/www.jazzzeitung.de\/cms\/wp-content\/uploads\/2019\/01\/Veranstalter-JazzfestivalcJohannesRadlwimmer.jpg?fit=1200%2C800&ssl=1&resize=1050%2C600 3x"},"classes":[]},{"id":28907,"url":"https:\/\/www.jazzzeitung.de\/cms\/2023\/01\/news-koeln-oeffnet-auswahlverfahren-zum-horst-und-gretl-will-stipendium-fuer-jazz-improvisierte-musik-saalfelden-leogang-3-tage-jazz-nach-zwei-jahren-zurueck-will-jacob\/","url_meta":{"origin":21326,"position":2},"title":"News: +++ K\u00f6ln \u00f6ffnet Auswahlverfahren zum Horst und Gretl Will-Stipendium f\u00fcr Jazz\/Improvisierte Musik +++ Saalfelden Leogang: \u201c3 Tage Jazz\u201c nach zwei Jahren zur\u00fcck +++ Will Jacobs (USA\/Berlin) mit Blues-Band in Oberthulba +++","author":"Redaktion JazzZeitung","date":"16. Januar 2023","format":false,"excerpt":"+++ Noch bis zum 28. Februar: Ausschreibung der Stadt K\u00f6ln f\u00fcr das Horst und Gretl Will-Stipendium f\u00fcr Jazz\/Improvisierte Musik +++ Seit 1998 vergibt die Stadt K\u00f6ln das privat finanzierte Horst und Gretl Will-Stipendium f\u00fcr Jazz\/Improvisierte Musik. Zur Teilnahme am Auswahlverfahren ist berechtigt, wer im Verleihungsjahr nicht \u00e4lter als 30 Jahre\u2026","rel":"","context":"In &quot;News&quot;","block_context":{"text":"News","link":"https:\/\/www.jazzzeitung.de\/cms\/thema\/nachrichten\/"},"img":{"alt_text":"","src":"https:\/\/i0.wp.com\/www.jazzzeitung.de\/cms\/wp-content\/uploads\/2023\/01\/3TageJazz_by_MichaelGeissler-3-scaled.jpg?fit=1200%2C800&ssl=1&resize=350%2C200","width":350,"height":200,"srcset":"https:\/\/i0.wp.com\/www.jazzzeitung.de\/cms\/wp-content\/uploads\/2023\/01\/3TageJazz_by_MichaelGeissler-3-scaled.jpg?fit=1200%2C800&ssl=1&resize=350%2C200 1x, https:\/\/i0.wp.com\/www.jazzzeitung.de\/cms\/wp-content\/uploads\/2023\/01\/3TageJazz_by_MichaelGeissler-3-scaled.jpg?fit=1200%2C800&ssl=1&resize=525%2C300 1.5x, https:\/\/i0.wp.com\/www.jazzzeitung.de\/cms\/wp-content\/uploads\/2023\/01\/3TageJazz_by_MichaelGeissler-3-scaled.jpg?fit=1200%2C800&ssl=1&resize=700%2C400 2x, https:\/\/i0.wp.com\/www.jazzzeitung.de\/cms\/wp-content\/uploads\/2023\/01\/3TageJazz_by_MichaelGeissler-3-scaled.jpg?fit=1200%2C800&ssl=1&resize=1050%2C600 3x"},"classes":[]},{"id":17432,"url":"https:\/\/www.jazzzeitung.de\/cms\/2018\/10\/news-jim-mullen-group-spielt-in-abensberg-3-tage-jazz-festival-2019-in-saalfelden\/","url_meta":{"origin":21326,"position":3},"title":"+++ News +++ 3 Tage Jazz Festival 2019 in Saalfelden +++ Jim Mullen Group spielt in Abensberg +++","author":"Redaktion JazzZeitung","date":"12. Oktober 2018","format":false,"excerpt":"+++ 3 Tage Jazz Festival 2019 in Saalfelden +++ Im Gegensatz zum Saalfeldener Sommerfestival ist das 3 Tage Jazz Festival in Saalfelden ein kleineres Musikfest, das vom 18. bis 20. Januar 2019, also im tiefsten Winter, inmitten des Salzburger Innergebirgs stattfindet. Bei den aufgestockten neun Konzerten auf drei B\u00fchnen stehen\u2026","rel":"","context":"In &quot;News&quot;","block_context":{"text":"News","link":"https:\/\/www.jazzzeitung.de\/cms\/thema\/nachrichten\/"},"img":{"alt_text":"","src":"https:\/\/i0.wp.com\/www.jazzzeitung.de\/cms\/wp-content\/uploads\/2018\/10\/Duo_by_Eric_Legret.jpeg?fit=921%2C768&ssl=1&resize=350%2C200","width":350,"height":200,"srcset":"https:\/\/i0.wp.com\/www.jazzzeitung.de\/cms\/wp-content\/uploads\/2018\/10\/Duo_by_Eric_Legret.jpeg?fit=921%2C768&ssl=1&resize=350%2C200 1x, https:\/\/i0.wp.com\/www.jazzzeitung.de\/cms\/wp-content\/uploads\/2018\/10\/Duo_by_Eric_Legret.jpeg?fit=921%2C768&ssl=1&resize=525%2C300 1.5x, https:\/\/i0.wp.com\/www.jazzzeitung.de\/cms\/wp-content\/uploads\/2018\/10\/Duo_by_Eric_Legret.jpeg?fit=921%2C768&ssl=1&resize=700%2C400 2x"},"classes":[]},{"id":13192,"url":"https:\/\/www.jazzzeitung.de\/cms\/2017\/08\/das-38-internationale-jazzfestival-geht-von-24-bis-27-august-ueber-die-saalfeldener-buehnen\/","url_meta":{"origin":21326,"position":4},"title":"Das 38. Internationale Jazzfestival geht von 24. bis 27. August \u00fcber die Saalfeldener B\u00fchnen","author":"Redaktion JazzZeitung","date":"2. August 2017","format":false,"excerpt":"Das Internationale Jazzfestival Saalfelden j\u00e4hrt sich 2017 bereits zum 38. Mal. Mit 37 Konzerten an vier Tagen gelingt es den Veranstaltern immer wieder, die Herzen von Musikliebhabern h\u00f6her schlagen zu lassen. 16 der 37 Konzerte k\u00f6nnen die G\u00e4ste bei freiem Eintritt besuchen. Das Jazzfestival Saalfelden beginnt bereits am Donnerstagabend mit\u2026","rel":"","context":"In &quot;News&quot;","block_context":{"text":"News","link":"https:\/\/www.jazzzeitung.de\/cms\/thema\/nachrichten\/"},"img":{"alt_text":"","src":"https:\/\/i0.wp.com\/www.jazzzeitung.de\/cms\/wp-content\/uploads\/2017\/08\/Mainstage_by_Koppensteiner_Photography-150x150.jpg?resize=350%2C200&ssl=1","width":350,"height":200},"classes":[]},{"id":26117,"url":"https:\/\/www.jazzzeitung.de\/cms\/2021\/11\/classical-beyond-festival-zeigt-stummfilme-mit-live-musik-euphorium-internationales-mini-festival-fuer-zeitgenoessisch-improvisierte-musik-3-tage-jazz-beim-jazzfestival-saalfelden\/","url_meta":{"origin":21326,"position":5},"title":"+++ Classical &#038; Beyond Festival zeigt Stummfilme mit Live-Musik +++ EUPHORIUM: Internationales Mini-Festival f\u00fcr zeitgen\u00f6ssisch improvisierte Musik +++ 3 Tage Jazz beim Jazzfestival Saalfelden +++","author":"Redaktion JazzZeitung","date":"9. November 2021","format":false,"excerpt":"+++ Festival Classical & Beyond in Ottobrunn +++ Beim vierten Classical & Beyond Festival am 12. & 13. November im Wolf-Ferrari Haus in Ottobrunn werden ungew\u00f6hnliche Konzertbesetzungen und kreative K\u00fcnstlerinnen und K\u00fcnstler pr\u00e4sentiert. Dieses Jahr erklingt an den beiden Abenden um jeweils 20 Uhr Live-Musik zu Stummfilmklassikern. Am Freitag, dem\u2026","rel":"","context":"In &quot;News&quot;","block_context":{"text":"News","link":"https:\/\/www.jazzzeitung.de\/cms\/thema\/nachrichten\/"},"img":{"alt_text":"","src":"https:\/\/i0.wp.com\/www.jazzzeitung.de\/cms\/wp-content\/uploads\/2021\/11\/VICTHAMIN-3_Reza-Majdodin-scaled.jpg?fit=1200%2C768&ssl=1&resize=350%2C200","width":350,"height":200,"srcset":"https:\/\/i0.wp.com\/www.jazzzeitung.de\/cms\/wp-content\/uploads\/2021\/11\/VICTHAMIN-3_Reza-Majdodin-scaled.jpg?fit=1200%2C768&ssl=1&resize=350%2C200 1x, https:\/\/i0.wp.com\/www.jazzzeitung.de\/cms\/wp-content\/uploads\/2021\/11\/VICTHAMIN-3_Reza-Majdodin-scaled.jpg?fit=1200%2C768&ssl=1&resize=525%2C300 1.5x, https:\/\/i0.wp.com\/www.jazzzeitung.de\/cms\/wp-content\/uploads\/2021\/11\/VICTHAMIN-3_Reza-Majdodin-scaled.jpg?fit=1200%2C768&ssl=1&resize=700%2C400 2x, https:\/\/i0.wp.com\/www.jazzzeitung.de\/cms\/wp-content\/uploads\/2021\/11\/VICTHAMIN-3_Reza-Majdodin-scaled.jpg?fit=1200%2C768&ssl=1&resize=1050%2C600 3x"},"classes":[]}],"jetpack_sharing_enabled":true,"_links":{"self":[{"href":"https:\/\/www.jazzzeitung.de\/cms\/wp-json\/wp\/v2\/posts\/21326","targetHints":{"allow":["GET"]}}],"collection":[{"href":"https:\/\/www.jazzzeitung.de\/cms\/wp-json\/wp\/v2\/posts"}],"about":[{"href":"https:\/\/www.jazzzeitung.de\/cms\/wp-json\/wp\/v2\/types\/post"}],"author":[{"embeddable":true,"href":"https:\/\/www.jazzzeitung.de\/cms\/wp-json\/wp\/v2\/users\/18"}],"replies":[{"embeddable":true,"href":"https:\/\/www.jazzzeitung.de\/cms\/wp-json\/wp\/v2\/comments?post=21326"}],"version-history":[{"count":7,"href":"https:\/\/www.jazzzeitung.de\/cms\/wp-json\/wp\/v2\/posts\/21326\/revisions"}],"predecessor-version":[{"id":21349,"href":"https:\/\/www.jazzzeitung.de\/cms\/wp-json\/wp\/v2\/posts\/21326\/revisions\/21349"}],"wp:featuredmedia":[{"embeddable":true,"href":"https:\/\/www.jazzzeitung.de\/cms\/wp-json\/wp\/v2\/media\/21347"}],"wp:attachment":[{"href":"https:\/\/www.jazzzeitung.de\/cms\/wp-json\/wp\/v2\/media?parent=21326"}],"wp:term":[{"taxonomy":"category","embeddable":true,"href":"https:\/\/www.jazzzeitung.de\/cms\/wp-json\/wp\/v2\/categories?post=21326"},{"taxonomy":"post_tag","embeddable":true,"href":"https:\/\/www.jazzzeitung.de\/cms\/wp-json\/wp\/v2\/tags?post=21326"},{"taxonomy":"author","embeddable":true,"href":"https:\/\/www.jazzzeitung.de\/cms\/wp-json\/wp\/v2\/coauthors?post=21326"}],"curies":[{"name":"wp","href":"https:\/\/api.w.org\/{rel}","templated":true}]}}