{"id":21318,"date":"2019-11-16T07:51:46","date_gmt":"2019-11-16T06:51:46","guid":{"rendered":"https:\/\/www.jazzzeitung.de\/cms\/?p=21318"},"modified":"2019-11-15T16:54:57","modified_gmt":"2019-11-15T15:54:57","slug":"news-jugend-jazzt-landeswettbewerb-in-hamburg-2019jugend-jazzt-landeswettbewerb-in-bayern","status":"publish","type":"post","link":"https:\/\/www.jazzzeitung.de\/cms\/2019\/11\/news-jugend-jazzt-landeswettbewerb-in-hamburg-2019jugend-jazzt-landeswettbewerb-in-bayern\/","title":{"rendered":"News: +++Jugend jazzt Landeswettbewerb in Hamburg 2019+++Jugend jazzt Landeswettbewerb in Bayern+++"},"content":{"rendered":"<h3><strong>Jugend jazzt in Hamburg<\/strong><\/h3>\n<p>Heute und morgen am 17. November 2019 ist es wieder soweit: Die Staatliche Jugendmusikschule Hamburg wird im Rahmen des <a href=\"http:\/\/www.landesmusikrat-hamburg.de\/jj\">Landeswettbewerbs \u201eJugend jazzt\u201c<\/a> zum Treffpunkt des Hamburger Jazznachwuchses. Rund 400 Teilnehmer*innen aus Hamburg haben sich f\u00fcr den diesj\u00e4hrigen Landeswettbewerb \u201eJugend jazzt\u201c angemeldet und pr\u00e4sentieren im Rahmen von Wertungsspielen mit ihren Big Bands das musikalische Schaffen vor der Jury und interessiertem Publikum . Dar\u00fcber hinaus ist das Kennenlernen und Vernetzen der jungen Jazztalente ein zentrales Element von \u201eJugend jazzt\u201c. Eines der teilnehmenden Jazzorchester wird von der Jury ausgew\u00e4hlt, um Hamburg im Mai 2020 bei der vom Deutschen Musikrat erstmals in Hamburg veranstalteten Bundesbegegnung \u201eJugend jazzt\u201c zu vertreten. Der Landeswettbewerb \u201eJugend jazzt\u201c Hamburg ist die wichtigste F\u00f6rderma\u00dfnahme f\u00fcr jazzinteressierte Jugendliche im Alter bis 24 Jahren der Hansestadt und ist j\u00e4hrlich alternierend f\u00fcr Bigbands bzw. Combos und Solist*innen ausgeschrieben.<\/p>\n<p>Vier Tage sp\u00e4ter, am Donnerstag, 21. November 2019 findet um 17 Uhr die feierliche Preisverleihung in der Fabrik statt. Neben der W\u00fcrdigung der Preistr\u00e4ger*innen und Aush\u00e4ndigung der Urkunden, werden Preisstifter die von ihnen zur Verf\u00fcgung gestellten Sonderpreise \u00fcberreichen. Musikalisch umrahmt wird die Preisverleihung von Preistr\u00e4gerbands des Wettbewerbs.<\/p>\n<p>Die Veranstaltungen sind \u00f6ffentlich, der Eintritt ist frei!<\/p>\n<p>Details zum Programm siehe anbei. Weitere Informationen finden Sie unter <a href=\"http:\/\/www.landesmusikrat-hamburg.de\/jj\">www.landesmusikrat-hamburg.de\/jj<\/a> oder unter https:\/\/www.facebook.com\/Landesmusikrat-Hamburg-eV118502524846413<\/p>\n<p>&nbsp;<\/p>\n<h3><strong>Jugend jazzt in Bayern<\/strong><\/h3>\n<p>12 Big Bands und Jazzorchester aus ganz Bayern kommen vom 22. bis 24.11.2019 zu JUGEND JAZZT in die<a href=\"http:\/\/www.modakadmie.de\"> Bayerische Musikakademie Marktoberdorf<\/a>. L\u00e4ngst schon findet hier kein blo\u00dfer Wettbewerb statt, sondern vielmehr wurde es zu einer wichtigen Plattform der Begegnung und des Austauschs f\u00fcr Bayerns junge Jazzszene.<\/p>\n<p>Freitag, 22. November, 19 Uhr beginnen die Vorspiele mit Tiny Schmauchs pic p\u00e4nth aus Kaufbeuren. Es folgen die Junior Big Band des Gymnasiums Weilheim, das tuesday night orchestra aus Kempten und die Big Band des Gymnasiums Weilheim. Danach ist f\u00fcr alle freie Jazzsession mit Dozenten und Juroren im Jazz Cafe im Foyer des Konzertsaals der Bayerischen Musikakademie Marktoberdorf.<\/p>\n<p>Samstag sind ab 10 Uhr Workshops f\u00fcr die Teilnehmer mit den Juroren. Ab 13 Uhr beginnen wieder die Wertungsspiele mit den King Size Youngsters und den King Size Juniors aus der Oberpfalz, den BiBaVon, der Junior Big Band MPG Gymnasium Mellrichstadt und der Dead Horse Big Band aus Unterfranken, dem Scholastika Jazz Orchestra und der TUM Big Band aus aus M\u00fcnchen und der Big Band der MS Neuried. Am Abend k\u00f6nnen die Teilnehmer nochmal Workshops besuchen und treffen sich danach wieder zur Jazz Session.<\/p>\n<p>Der Sonntag beginnt nochmal mit Workshops. Um 11 Uhr wird dann zur feierlichen JUGEND JAZZT Matinee mit der Bekanntgabe der Preistr\u00e4ger und musikalischen Beitragen der Gewinner geladen. Besonderheit dieses Jahr ist, dass nicht nur ein Ticket f\u00fcr die Teilnahme an der 18. Bundesbegegnung von JUGEND JAZZT 2020 in Hamburg vergeben wird, sondern auch in der Kategorie Jazzorchester eine Weiterleitung zum Deutschen Orchesterwettbewerb nach Bonn ausgesprochen wird.<\/p>\n<p>Beitragsbild: Jugend jazzt Bayern. Foto: Bayerische Musikakademie<\/p>\n<p>Alle Veranstaltungen und Wertungsspiele von JUGEND JAZZT sind \u00f6ffentlich und Zuh\u00f6rer sind bei freiem Eintritt herzlich willkommen!<\/p>\n<p><a href=\"http:\/\/www.modakadmie.de\">www.modakadmie.de<\/a><\/p>\n","protected":false},"excerpt":{"rendered":"<p>Jugend jazzt in Hamburg Heute und morgen am 17. November 2019 ist es wieder soweit: Die Staatliche Jugendmusikschule Hamburg wird im Rahmen des Landeswettbewerbs \u201eJugend jazzt\u201c zum Treffpunkt des Hamburger Jazznachwuchses. Rund 400 Teilnehmer*innen aus Hamburg haben sich f\u00fcr den diesj\u00e4hrigen Landeswettbewerb \u201eJugend jazzt\u201c angemeldet und pr\u00e4sentieren im Rahmen von Wertungsspielen mit ihren Big Bands das musikalische Schaffen vor der Jury und interessiertem Publikum . Dar\u00fcber hinaus ist das Kennenlernen und Vernetzen der jungen Jazztalente ein zentrales Element von \u201eJugend jazzt\u201c. Eines der teilnehmenden Jazzorchester wird von der Jury ausgew\u00e4hlt, um Hamburg im Mai 2020 bei der vom Deutschen Musikrat erstmals in Hamburg veranstalteten Bundesbegegnung \u201eJugend jazzt\u201c zu vertreten. Der Landeswettbewerb \u201eJugend jazzt\u201c Hamburg ist die wichtigste F\u00f6rderma\u00dfnahme f\u00fcr jazzinteressierte Jugendliche im Alter bis 24 Jahren der Hansestadt und ist j\u00e4hrlich alternierend f\u00fcr Bigbands bzw. Combos und Solist*innen ausgeschrieben. Vier Tage sp\u00e4ter, am Donnerstag, 21. November 2019 findet um 17 Uhr die feierliche Preisverleihung in der Fabrik statt. Neben der W\u00fcrdigung der Preistr\u00e4ger*innen und Aush\u00e4ndigung der Urkunden, werden Preisstifter die von ihnen zur Verf\u00fcgung gestellten Sonderpreise \u00fcberreichen. Musikalisch umrahmt wird die Preisverleihung von Preistr\u00e4gerbands des &hellip;<\/p>\n","protected":false},"author":18,"featured_media":21320,"comment_status":"open","ping_status":"closed","sticky":false,"template":"","format":"standard","meta":{"_jetpack_memberships_contains_paid_content":false,"footnotes":"","jetpack_publicize_message":"","jetpack_publicize_feature_enabled":true,"jetpack_social_post_already_shared":false,"jetpack_social_options":{"image_generator_settings":{"template":"highway","default_image_id":0,"font":"","enabled":false},"version":2}},"categories":[633],"tags":[2019,2660,1798,71,72,74,91,100,171,215,1876,282,1978,305,729,1999,401,1951,2778,1170,450,1976,19],"coauthors":[695],"class_list":["post-21318","post","type-post","status-publish","format-standard","has-post-thumbnail","hentry","category-nachrichten","tag-2019","tag-2660","tag-bayern","tag-big-band","tag-big-bands","tag-bigbands","tag-bonn","tag-bundesbegegnung","tag-facebook","tag-hamburg","tag-jazz","tag-jazzorchester","tag-jazzszene","tag-jugend-jazzt","tag-kempten","tag-landeswettbewerb-jugend-jazzt-hamburg","tag-muenchen","tag-news","tag-november-2019","tag-preistraeger","tag-preisverleihung","tag-veranstaltungen","tag-wettbewerb"],"yoast_head":"<!-- This site is optimized with the Yoast SEO plugin v27.5 - https:\/\/yoast.com\/product\/yoast-seo-wordpress\/ -->\n<title>News: +++Jugend jazzt Landeswettbewerb in Hamburg 2019+++Jugend jazzt Landeswettbewerb in Bayern+++ - JazzZeitung<\/title>\n<meta name=\"robots\" content=\"index, follow, max-snippet:-1, max-image-preview:large, max-video-preview:-1\" \/>\n<link rel=\"canonical\" href=\"https:\/\/www.jazzzeitung.de\/cms\/2019\/11\/news-jugend-jazzt-landeswettbewerb-in-hamburg-2019jugend-jazzt-landeswettbewerb-in-bayern\/\" \/>\n<meta property=\"og:locale\" content=\"de_DE\" \/>\n<meta property=\"og:type\" content=\"article\" \/>\n<meta property=\"og:title\" content=\"News: +++Jugend jazzt Landeswettbewerb in Hamburg 2019+++Jugend jazzt Landeswettbewerb in Bayern+++ - JazzZeitung\" \/>\n<meta property=\"og:description\" content=\"Jugend jazzt in Hamburg Heute und morgen am 17. November 2019 ist es wieder soweit: Die Staatliche Jugendmusikschule Hamburg wird im Rahmen des Landeswettbewerbs \u201eJugend jazzt\u201c zum Treffpunkt des Hamburger Jazznachwuchses. Rund 400 Teilnehmer*innen aus Hamburg haben sich f\u00fcr den diesj\u00e4hrigen Landeswettbewerb \u201eJugend jazzt\u201c angemeldet und pr\u00e4sentieren im Rahmen von Wertungsspielen mit ihren Big Bands das musikalische Schaffen vor der Jury und interessiertem Publikum . Dar\u00fcber hinaus ist das Kennenlernen und Vernetzen der jungen Jazztalente ein zentrales Element von \u201eJugend jazzt\u201c. Eines der teilnehmenden Jazzorchester wird von der Jury ausgew\u00e4hlt, um Hamburg im Mai 2020 bei der vom Deutschen Musikrat erstmals in Hamburg veranstalteten Bundesbegegnung \u201eJugend jazzt\u201c zu vertreten. Der Landeswettbewerb \u201eJugend jazzt\u201c Hamburg ist die wichtigste F\u00f6rderma\u00dfnahme f\u00fcr jazzinteressierte Jugendliche im Alter bis 24 Jahren der Hansestadt und ist j\u00e4hrlich alternierend f\u00fcr Bigbands bzw. Combos und Solist*innen ausgeschrieben. Vier Tage sp\u00e4ter, am Donnerstag, 21. November 2019 findet um 17 Uhr die feierliche Preisverleihung in der Fabrik statt. Neben der W\u00fcrdigung der Preistr\u00e4ger*innen und Aush\u00e4ndigung der Urkunden, werden Preisstifter die von ihnen zur Verf\u00fcgung gestellten Sonderpreise \u00fcberreichen. Musikalisch umrahmt wird die Preisverleihung von Preistr\u00e4gerbands des &hellip;\" \/>\n<meta property=\"og:url\" content=\"https:\/\/www.jazzzeitung.de\/cms\/2019\/11\/news-jugend-jazzt-landeswettbewerb-in-hamburg-2019jugend-jazzt-landeswettbewerb-in-bayern\/\" \/>\n<meta property=\"og:site_name\" content=\"JazzZeitung\" \/>\n<meta property=\"article:publisher\" content=\"https:\/\/www.facebook.com\/JazzZeitung\/\" \/>\n<meta property=\"article:published_time\" content=\"2019-11-16T06:51:46+00:00\" \/>\n<meta property=\"og:image\" content=\"https:\/\/i0.wp.com\/www.jazzzeitung.de\/cms\/wp-content\/uploads\/2019\/11\/Jugend-jazztDSCF9149-scaled.jpg?fit=2560%2C1707&ssl=1\" \/>\n\t<meta property=\"og:image:width\" content=\"2560\" \/>\n\t<meta property=\"og:image:height\" content=\"1707\" \/>\n\t<meta property=\"og:image:type\" content=\"image\/jpeg\" \/>\n<meta name=\"author\" content=\"Redaktion JazzZeitung\" \/>\n<script type=\"application\/ld+json\" class=\"yoast-schema-graph\">{\"@context\":\"https:\\\/\\\/schema.org\",\"@graph\":[{\"@type\":\"Article\",\"@id\":\"https:\\\/\\\/www.jazzzeitung.de\\\/cms\\\/2019\\\/11\\\/news-jugend-jazzt-landeswettbewerb-in-hamburg-2019jugend-jazzt-landeswettbewerb-in-bayern\\\/#article\",\"isPartOf\":{\"@id\":\"https:\\\/\\\/www.jazzzeitung.de\\\/cms\\\/2019\\\/11\\\/news-jugend-jazzt-landeswettbewerb-in-hamburg-2019jugend-jazzt-landeswettbewerb-in-bayern\\\/\"},\"author\":{\"name\":\"Redaktion JazzZeitung\",\"@id\":\"https:\\\/\\\/www.jazzzeitung.de\\\/cms\\\/#\\\/schema\\\/person\\\/2245b36b9cd1d24cea10f01c031fb92b\"},\"headline\":\"News: +++Jugend jazzt Landeswettbewerb in Hamburg 2019+++Jugend jazzt Landeswettbewerb in Bayern+++\",\"datePublished\":\"2019-11-16T06:51:46+00:00\",\"mainEntityOfPage\":{\"@id\":\"https:\\\/\\\/www.jazzzeitung.de\\\/cms\\\/2019\\\/11\\\/news-jugend-jazzt-landeswettbewerb-in-hamburg-2019jugend-jazzt-landeswettbewerb-in-bayern\\\/\"},\"wordCount\":523,\"commentCount\":0,\"publisher\":{\"@id\":\"https:\\\/\\\/www.jazzzeitung.de\\\/cms\\\/#organization\"},\"image\":{\"@id\":\"https:\\\/\\\/www.jazzzeitung.de\\\/cms\\\/2019\\\/11\\\/news-jugend-jazzt-landeswettbewerb-in-hamburg-2019jugend-jazzt-landeswettbewerb-in-bayern\\\/#primaryimage\"},\"thumbnailUrl\":\"https:\\\/\\\/i0.wp.com\\\/www.jazzzeitung.de\\\/cms\\\/wp-content\\\/uploads\\\/2019\\\/11\\\/Jugend-jazztDSCF9149-scaled.jpg?fit=2560%2C1707&ssl=1\",\"keywords\":[\"2019\",\"2020\",\"Bayern\",\"Big Band\",\"Big Bands\",\"bigbands\",\"Bonn\",\"Bundesbegegnung\",\"facebook\",\"Hamburg\",\"Jazz\",\"Jazzorchester\",\"Jazzszene\",\"Jugend jazzt\",\"Kempten\",\"Landeswettbewerb \u201eJugend jazzt\u201c Hamburg\",\"M\u00fcnchen\",\"News\",\"November 2019\",\"Preistr\u00e4ger\",\"Preisverleihung\",\"Veranstaltungen\",\"Wettbewerb\"],\"articleSection\":[\"News\"],\"inLanguage\":\"de\",\"potentialAction\":[{\"@type\":\"CommentAction\",\"name\":\"Comment\",\"target\":[\"https:\\\/\\\/www.jazzzeitung.de\\\/cms\\\/2019\\\/11\\\/news-jugend-jazzt-landeswettbewerb-in-hamburg-2019jugend-jazzt-landeswettbewerb-in-bayern\\\/#respond\"]}]},{\"@type\":\"WebPage\",\"@id\":\"https:\\\/\\\/www.jazzzeitung.de\\\/cms\\\/2019\\\/11\\\/news-jugend-jazzt-landeswettbewerb-in-hamburg-2019jugend-jazzt-landeswettbewerb-in-bayern\\\/\",\"url\":\"https:\\\/\\\/www.jazzzeitung.de\\\/cms\\\/2019\\\/11\\\/news-jugend-jazzt-landeswettbewerb-in-hamburg-2019jugend-jazzt-landeswettbewerb-in-bayern\\\/\",\"name\":\"News: +++Jugend jazzt Landeswettbewerb in Hamburg 2019+++Jugend jazzt Landeswettbewerb in Bayern+++ - JazzZeitung\",\"isPartOf\":{\"@id\":\"https:\\\/\\\/www.jazzzeitung.de\\\/cms\\\/#website\"},\"primaryImageOfPage\":{\"@id\":\"https:\\\/\\\/www.jazzzeitung.de\\\/cms\\\/2019\\\/11\\\/news-jugend-jazzt-landeswettbewerb-in-hamburg-2019jugend-jazzt-landeswettbewerb-in-bayern\\\/#primaryimage\"},\"image\":{\"@id\":\"https:\\\/\\\/www.jazzzeitung.de\\\/cms\\\/2019\\\/11\\\/news-jugend-jazzt-landeswettbewerb-in-hamburg-2019jugend-jazzt-landeswettbewerb-in-bayern\\\/#primaryimage\"},\"thumbnailUrl\":\"https:\\\/\\\/i0.wp.com\\\/www.jazzzeitung.de\\\/cms\\\/wp-content\\\/uploads\\\/2019\\\/11\\\/Jugend-jazztDSCF9149-scaled.jpg?fit=2560%2C1707&ssl=1\",\"datePublished\":\"2019-11-16T06:51:46+00:00\",\"breadcrumb\":{\"@id\":\"https:\\\/\\\/www.jazzzeitung.de\\\/cms\\\/2019\\\/11\\\/news-jugend-jazzt-landeswettbewerb-in-hamburg-2019jugend-jazzt-landeswettbewerb-in-bayern\\\/#breadcrumb\"},\"inLanguage\":\"de\",\"potentialAction\":[{\"@type\":\"ReadAction\",\"target\":[\"https:\\\/\\\/www.jazzzeitung.de\\\/cms\\\/2019\\\/11\\\/news-jugend-jazzt-landeswettbewerb-in-hamburg-2019jugend-jazzt-landeswettbewerb-in-bayern\\\/\"]}]},{\"@type\":\"ImageObject\",\"inLanguage\":\"de\",\"@id\":\"https:\\\/\\\/www.jazzzeitung.de\\\/cms\\\/2019\\\/11\\\/news-jugend-jazzt-landeswettbewerb-in-hamburg-2019jugend-jazzt-landeswettbewerb-in-bayern\\\/#primaryimage\",\"url\":\"https:\\\/\\\/i0.wp.com\\\/www.jazzzeitung.de\\\/cms\\\/wp-content\\\/uploads\\\/2019\\\/11\\\/Jugend-jazztDSCF9149-scaled.jpg?fit=2560%2C1707&ssl=1\",\"contentUrl\":\"https:\\\/\\\/i0.wp.com\\\/www.jazzzeitung.de\\\/cms\\\/wp-content\\\/uploads\\\/2019\\\/11\\\/Jugend-jazztDSCF9149-scaled.jpg?fit=2560%2C1707&ssl=1\",\"width\":2560,\"height\":1707,\"caption\":\"Jugend jazzt Bayern. Foto: Bayerische Musikakademie\"},{\"@type\":\"BreadcrumbList\",\"@id\":\"https:\\\/\\\/www.jazzzeitung.de\\\/cms\\\/2019\\\/11\\\/news-jugend-jazzt-landeswettbewerb-in-hamburg-2019jugend-jazzt-landeswettbewerb-in-bayern\\\/#breadcrumb\",\"itemListElement\":[{\"@type\":\"ListItem\",\"position\":1,\"name\":\"Startseite\",\"item\":\"https:\\\/\\\/www.jazzzeitung.de\\\/cms\\\/\"},{\"@type\":\"ListItem\",\"position\":2,\"name\":\"News: +++Jugend jazzt Landeswettbewerb in Hamburg 2019+++Jugend jazzt Landeswettbewerb in Bayern+++\"}]},{\"@type\":\"WebSite\",\"@id\":\"https:\\\/\\\/www.jazzzeitung.de\\\/cms\\\/#website\",\"url\":\"https:\\\/\\\/www.jazzzeitung.de\\\/cms\\\/\",\"name\":\"JazzZeitung\",\"description\":\"Jazz-News und Jazz-Kontroverses\",\"publisher\":{\"@id\":\"https:\\\/\\\/www.jazzzeitung.de\\\/cms\\\/#organization\"},\"potentialAction\":[{\"@type\":\"SearchAction\",\"target\":{\"@type\":\"EntryPoint\",\"urlTemplate\":\"https:\\\/\\\/www.jazzzeitung.de\\\/cms\\\/?s={search_term_string}\"},\"query-input\":{\"@type\":\"PropertyValueSpecification\",\"valueRequired\":true,\"valueName\":\"search_term_string\"}}],\"inLanguage\":\"de\"},{\"@type\":\"Organization\",\"@id\":\"https:\\\/\\\/www.jazzzeitung.de\\\/cms\\\/#organization\",\"name\":\"JazzZeitung online\",\"url\":\"https:\\\/\\\/www.jazzzeitung.de\\\/cms\\\/\",\"logo\":{\"@type\":\"ImageObject\",\"inLanguage\":\"de\",\"@id\":\"https:\\\/\\\/www.jazzzeitung.de\\\/cms\\\/#\\\/schema\\\/logo\\\/image\\\/\",\"url\":\"https:\\\/\\\/i0.wp.com\\\/www.jazzzeitung.de\\\/cms\\\/wp-content\\\/uploads\\\/2015\\\/08\\\/JAZZZEITUNGDE_Logo_Neu.png?fit=499%2C200&ssl=1\",\"contentUrl\":\"https:\\\/\\\/i0.wp.com\\\/www.jazzzeitung.de\\\/cms\\\/wp-content\\\/uploads\\\/2015\\\/08\\\/JAZZZEITUNGDE_Logo_Neu.png?fit=499%2C200&ssl=1\",\"width\":499,\"height\":200,\"caption\":\"JazzZeitung online\"},\"image\":{\"@id\":\"https:\\\/\\\/www.jazzzeitung.de\\\/cms\\\/#\\\/schema\\\/logo\\\/image\\\/\"},\"sameAs\":[\"https:\\\/\\\/www.facebook.com\\\/JazzZeitung\\\/\"]},{\"@type\":\"Person\",\"@id\":\"https:\\\/\\\/www.jazzzeitung.de\\\/cms\\\/#\\\/schema\\\/person\\\/2245b36b9cd1d24cea10f01c031fb92b\",\"name\":\"Redaktion JazzZeitung\",\"image\":{\"@type\":\"ImageObject\",\"inLanguage\":\"de\",\"@id\":\"https:\\\/\\\/i0.wp.com\\\/www.jazzzeitung.de\\\/cms\\\/wp-content\\\/uploads\\\/2015\\\/08\\\/JAZZZEITUNGDE_Logo_Neu.png?resize=96%2C96&ssl=159975dcacb611b5700bd619b5daf0a7a\",\"url\":\"https:\\\/\\\/i0.wp.com\\\/www.jazzzeitung.de\\\/cms\\\/wp-content\\\/uploads\\\/2015\\\/08\\\/JAZZZEITUNGDE_Logo_Neu.png?resize=96%2C96&ssl=1\",\"contentUrl\":\"https:\\\/\\\/i0.wp.com\\\/www.jazzzeitung.de\\\/cms\\\/wp-content\\\/uploads\\\/2015\\\/08\\\/JAZZZEITUNGDE_Logo_Neu.png?resize=96%2C96&ssl=1\",\"caption\":\"Redaktion JazzZeitung\"},\"description\":\"Artikel der Redaktion der JazzZeitung.\",\"sameAs\":[\"http:\\\/\\\/www.jazzzeitung.de\\\/cms\\\/\"],\"url\":\"https:\\\/\\\/www.jazzzeitung.de\\\/cms\\\/author\\\/redaktion\\\/\"}]}<\/script>\n<!-- \/ Yoast SEO plugin. -->","yoast_head_json":{"title":"News: +++Jugend jazzt Landeswettbewerb in Hamburg 2019+++Jugend jazzt Landeswettbewerb in Bayern+++ - JazzZeitung","robots":{"index":"index","follow":"follow","max-snippet":"max-snippet:-1","max-image-preview":"max-image-preview:large","max-video-preview":"max-video-preview:-1"},"canonical":"https:\/\/www.jazzzeitung.de\/cms\/2019\/11\/news-jugend-jazzt-landeswettbewerb-in-hamburg-2019jugend-jazzt-landeswettbewerb-in-bayern\/","og_locale":"de_DE","og_type":"article","og_title":"News: +++Jugend jazzt Landeswettbewerb in Hamburg 2019+++Jugend jazzt Landeswettbewerb in Bayern+++ - JazzZeitung","og_description":"Jugend jazzt in Hamburg Heute und morgen am 17. November 2019 ist es wieder soweit: Die Staatliche Jugendmusikschule Hamburg wird im Rahmen des Landeswettbewerbs \u201eJugend jazzt\u201c zum Treffpunkt des Hamburger Jazznachwuchses. Rund 400 Teilnehmer*innen aus Hamburg haben sich f\u00fcr den diesj\u00e4hrigen Landeswettbewerb \u201eJugend jazzt\u201c angemeldet und pr\u00e4sentieren im Rahmen von Wertungsspielen mit ihren Big Bands das musikalische Schaffen vor der Jury und interessiertem Publikum . Dar\u00fcber hinaus ist das Kennenlernen und Vernetzen der jungen Jazztalente ein zentrales Element von \u201eJugend jazzt\u201c. Eines der teilnehmenden Jazzorchester wird von der Jury ausgew\u00e4hlt, um Hamburg im Mai 2020 bei der vom Deutschen Musikrat erstmals in Hamburg veranstalteten Bundesbegegnung \u201eJugend jazzt\u201c zu vertreten. Der Landeswettbewerb \u201eJugend jazzt\u201c Hamburg ist die wichtigste F\u00f6rderma\u00dfnahme f\u00fcr jazzinteressierte Jugendliche im Alter bis 24 Jahren der Hansestadt und ist j\u00e4hrlich alternierend f\u00fcr Bigbands bzw. Combos und Solist*innen ausgeschrieben. Vier Tage sp\u00e4ter, am Donnerstag, 21. November 2019 findet um 17 Uhr die feierliche Preisverleihung in der Fabrik statt. Neben der W\u00fcrdigung der Preistr\u00e4ger*innen und Aush\u00e4ndigung der Urkunden, werden Preisstifter die von ihnen zur Verf\u00fcgung gestellten Sonderpreise \u00fcberreichen. Musikalisch umrahmt wird die Preisverleihung von Preistr\u00e4gerbands des &hellip;","og_url":"https:\/\/www.jazzzeitung.de\/cms\/2019\/11\/news-jugend-jazzt-landeswettbewerb-in-hamburg-2019jugend-jazzt-landeswettbewerb-in-bayern\/","og_site_name":"JazzZeitung","article_publisher":"https:\/\/www.facebook.com\/JazzZeitung\/","article_published_time":"2019-11-16T06:51:46+00:00","og_image":[{"width":2560,"height":1707,"url":"https:\/\/i0.wp.com\/www.jazzzeitung.de\/cms\/wp-content\/uploads\/2019\/11\/Jugend-jazztDSCF9149-scaled.jpg?fit=2560%2C1707&ssl=1","type":"image\/jpeg"}],"author":"Redaktion JazzZeitung","schema":{"@context":"https:\/\/schema.org","@graph":[{"@type":"Article","@id":"https:\/\/www.jazzzeitung.de\/cms\/2019\/11\/news-jugend-jazzt-landeswettbewerb-in-hamburg-2019jugend-jazzt-landeswettbewerb-in-bayern\/#article","isPartOf":{"@id":"https:\/\/www.jazzzeitung.de\/cms\/2019\/11\/news-jugend-jazzt-landeswettbewerb-in-hamburg-2019jugend-jazzt-landeswettbewerb-in-bayern\/"},"author":{"name":"Redaktion JazzZeitung","@id":"https:\/\/www.jazzzeitung.de\/cms\/#\/schema\/person\/2245b36b9cd1d24cea10f01c031fb92b"},"headline":"News: +++Jugend jazzt Landeswettbewerb in Hamburg 2019+++Jugend jazzt Landeswettbewerb in Bayern+++","datePublished":"2019-11-16T06:51:46+00:00","mainEntityOfPage":{"@id":"https:\/\/www.jazzzeitung.de\/cms\/2019\/11\/news-jugend-jazzt-landeswettbewerb-in-hamburg-2019jugend-jazzt-landeswettbewerb-in-bayern\/"},"wordCount":523,"commentCount":0,"publisher":{"@id":"https:\/\/www.jazzzeitung.de\/cms\/#organization"},"image":{"@id":"https:\/\/www.jazzzeitung.de\/cms\/2019\/11\/news-jugend-jazzt-landeswettbewerb-in-hamburg-2019jugend-jazzt-landeswettbewerb-in-bayern\/#primaryimage"},"thumbnailUrl":"https:\/\/i0.wp.com\/www.jazzzeitung.de\/cms\/wp-content\/uploads\/2019\/11\/Jugend-jazztDSCF9149-scaled.jpg?fit=2560%2C1707&ssl=1","keywords":["2019","2020","Bayern","Big Band","Big Bands","bigbands","Bonn","Bundesbegegnung","facebook","Hamburg","Jazz","Jazzorchester","Jazzszene","Jugend jazzt","Kempten","Landeswettbewerb \u201eJugend jazzt\u201c Hamburg","M\u00fcnchen","News","November 2019","Preistr\u00e4ger","Preisverleihung","Veranstaltungen","Wettbewerb"],"articleSection":["News"],"inLanguage":"de","potentialAction":[{"@type":"CommentAction","name":"Comment","target":["https:\/\/www.jazzzeitung.de\/cms\/2019\/11\/news-jugend-jazzt-landeswettbewerb-in-hamburg-2019jugend-jazzt-landeswettbewerb-in-bayern\/#respond"]}]},{"@type":"WebPage","@id":"https:\/\/www.jazzzeitung.de\/cms\/2019\/11\/news-jugend-jazzt-landeswettbewerb-in-hamburg-2019jugend-jazzt-landeswettbewerb-in-bayern\/","url":"https:\/\/www.jazzzeitung.de\/cms\/2019\/11\/news-jugend-jazzt-landeswettbewerb-in-hamburg-2019jugend-jazzt-landeswettbewerb-in-bayern\/","name":"News: +++Jugend jazzt Landeswettbewerb in Hamburg 2019+++Jugend jazzt Landeswettbewerb in Bayern+++ - JazzZeitung","isPartOf":{"@id":"https:\/\/www.jazzzeitung.de\/cms\/#website"},"primaryImageOfPage":{"@id":"https:\/\/www.jazzzeitung.de\/cms\/2019\/11\/news-jugend-jazzt-landeswettbewerb-in-hamburg-2019jugend-jazzt-landeswettbewerb-in-bayern\/#primaryimage"},"image":{"@id":"https:\/\/www.jazzzeitung.de\/cms\/2019\/11\/news-jugend-jazzt-landeswettbewerb-in-hamburg-2019jugend-jazzt-landeswettbewerb-in-bayern\/#primaryimage"},"thumbnailUrl":"https:\/\/i0.wp.com\/www.jazzzeitung.de\/cms\/wp-content\/uploads\/2019\/11\/Jugend-jazztDSCF9149-scaled.jpg?fit=2560%2C1707&ssl=1","datePublished":"2019-11-16T06:51:46+00:00","breadcrumb":{"@id":"https:\/\/www.jazzzeitung.de\/cms\/2019\/11\/news-jugend-jazzt-landeswettbewerb-in-hamburg-2019jugend-jazzt-landeswettbewerb-in-bayern\/#breadcrumb"},"inLanguage":"de","potentialAction":[{"@type":"ReadAction","target":["https:\/\/www.jazzzeitung.de\/cms\/2019\/11\/news-jugend-jazzt-landeswettbewerb-in-hamburg-2019jugend-jazzt-landeswettbewerb-in-bayern\/"]}]},{"@type":"ImageObject","inLanguage":"de","@id":"https:\/\/www.jazzzeitung.de\/cms\/2019\/11\/news-jugend-jazzt-landeswettbewerb-in-hamburg-2019jugend-jazzt-landeswettbewerb-in-bayern\/#primaryimage","url":"https:\/\/i0.wp.com\/www.jazzzeitung.de\/cms\/wp-content\/uploads\/2019\/11\/Jugend-jazztDSCF9149-scaled.jpg?fit=2560%2C1707&ssl=1","contentUrl":"https:\/\/i0.wp.com\/www.jazzzeitung.de\/cms\/wp-content\/uploads\/2019\/11\/Jugend-jazztDSCF9149-scaled.jpg?fit=2560%2C1707&ssl=1","width":2560,"height":1707,"caption":"Jugend jazzt Bayern. Foto: Bayerische Musikakademie"},{"@type":"BreadcrumbList","@id":"https:\/\/www.jazzzeitung.de\/cms\/2019\/11\/news-jugend-jazzt-landeswettbewerb-in-hamburg-2019jugend-jazzt-landeswettbewerb-in-bayern\/#breadcrumb","itemListElement":[{"@type":"ListItem","position":1,"name":"Startseite","item":"https:\/\/www.jazzzeitung.de\/cms\/"},{"@type":"ListItem","position":2,"name":"News: +++Jugend jazzt Landeswettbewerb in Hamburg 2019+++Jugend jazzt Landeswettbewerb in Bayern+++"}]},{"@type":"WebSite","@id":"https:\/\/www.jazzzeitung.de\/cms\/#website","url":"https:\/\/www.jazzzeitung.de\/cms\/","name":"JazzZeitung","description":"Jazz-News und Jazz-Kontroverses","publisher":{"@id":"https:\/\/www.jazzzeitung.de\/cms\/#organization"},"potentialAction":[{"@type":"SearchAction","target":{"@type":"EntryPoint","urlTemplate":"https:\/\/www.jazzzeitung.de\/cms\/?s={search_term_string}"},"query-input":{"@type":"PropertyValueSpecification","valueRequired":true,"valueName":"search_term_string"}}],"inLanguage":"de"},{"@type":"Organization","@id":"https:\/\/www.jazzzeitung.de\/cms\/#organization","name":"JazzZeitung online","url":"https:\/\/www.jazzzeitung.de\/cms\/","logo":{"@type":"ImageObject","inLanguage":"de","@id":"https:\/\/www.jazzzeitung.de\/cms\/#\/schema\/logo\/image\/","url":"https:\/\/i0.wp.com\/www.jazzzeitung.de\/cms\/wp-content\/uploads\/2015\/08\/JAZZZEITUNGDE_Logo_Neu.png?fit=499%2C200&ssl=1","contentUrl":"https:\/\/i0.wp.com\/www.jazzzeitung.de\/cms\/wp-content\/uploads\/2015\/08\/JAZZZEITUNGDE_Logo_Neu.png?fit=499%2C200&ssl=1","width":499,"height":200,"caption":"JazzZeitung online"},"image":{"@id":"https:\/\/www.jazzzeitung.de\/cms\/#\/schema\/logo\/image\/"},"sameAs":["https:\/\/www.facebook.com\/JazzZeitung\/"]},{"@type":"Person","@id":"https:\/\/www.jazzzeitung.de\/cms\/#\/schema\/person\/2245b36b9cd1d24cea10f01c031fb92b","name":"Redaktion JazzZeitung","image":{"@type":"ImageObject","inLanguage":"de","@id":"https:\/\/i0.wp.com\/www.jazzzeitung.de\/cms\/wp-content\/uploads\/2015\/08\/JAZZZEITUNGDE_Logo_Neu.png?resize=96%2C96&ssl=159975dcacb611b5700bd619b5daf0a7a","url":"https:\/\/i0.wp.com\/www.jazzzeitung.de\/cms\/wp-content\/uploads\/2015\/08\/JAZZZEITUNGDE_Logo_Neu.png?resize=96%2C96&ssl=1","contentUrl":"https:\/\/i0.wp.com\/www.jazzzeitung.de\/cms\/wp-content\/uploads\/2015\/08\/JAZZZEITUNGDE_Logo_Neu.png?resize=96%2C96&ssl=1","caption":"Redaktion JazzZeitung"},"description":"Artikel der Redaktion der JazzZeitung.","sameAs":["http:\/\/www.jazzzeitung.de\/cms\/"],"url":"https:\/\/www.jazzzeitung.de\/cms\/author\/redaktion\/"}]}},"wp-worthy-pixel":{"ignored":false,"public":null,"server":null,"url":null},"wp-worthy-type":"normal","jetpack_publicize_connections":[],"cc_featured_image_caption":{"caption_text":"","source_text":"","source_url":""},"jetpack_featured_media_url":"https:\/\/i0.wp.com\/www.jazzzeitung.de\/cms\/wp-content\/uploads\/2019\/11\/Jugend-jazztDSCF9149-scaled.jpg?fit=2560%2C1707&ssl=1","jetpack_shortlink":"https:\/\/wp.me\/p3KEcT-5xQ","jetpack-related-posts":[{"id":9872,"url":"https:\/\/www.jazzzeitung.de\/cms\/2016\/08\/ausschreibung-landeswettbewerb-jugend-jazzt-fuer-combos-und-solisten-hamburg-november-2016\/","url_meta":{"origin":21318,"position":0},"title":"Ausschreibung: Landeswettbewerb \u201eJugend jazzt\u201c f\u00fcr Combos und Solisten Hamburg November 2016","author":"Redaktion JazzZeitung","date":"12. August 2016","format":false,"excerpt":"Am 12. und 13. November 2016 findet der n\u00e4chste Landeswettbewerb \u201eJugend jazzt\u201c in der Staatlichen Jugendmusikschule Hamburg statt und wird in diesem Jahr f\u00fcr Combos und Solisten ausgeschrieben. Ab 15. August 2016 k\u00f6nnen sich alle NachwuchsjazzerInnen mit ihren Combos oder als SolistIn anmelden.\u00a0Anmeldeschluss ist der 30. September 2016. \u201eJugend jazzt\u201c\u2026","rel":"","context":"In &quot;News&quot;","block_context":{"text":"News","link":"https:\/\/www.jazzzeitung.de\/cms\/thema\/nachrichten\/"},"img":{"alt_text":"","src":"","width":0,"height":0},"classes":[]},{"id":16570,"url":"https:\/\/www.jazzzeitung.de\/cms\/2018\/07\/jetzt-bewerben-landeswettbewerb-jugend-jazzt-hamburg\/","url_meta":{"origin":21318,"position":1},"title":"Jetzt bewerben: Landeswettbewerb \u201eJugend jazzt\u201c Hamburg","author":"Redaktion JazzZeitung","date":"6. Juli 2018","format":false,"excerpt":"Am 17. und 18. November 2018 findet der Landeswettbewerb \u201eJugend jazzt\u201c f\u00fcr Combos bis elf MusikerInnen und SolistInnen in der Staatlichen Jugendmusikschule Hamburg statt. Seit Gr\u00fcndung haben \u00fcber 10.000 junge MusikerInnen erfolgreich am Wettbewerb teilgenommen.\u00a0Bewerben k\u00f6nnen sich Nachwuchsjazztalente im Alter bis 24 Jahren, die in Hamburg leben und noch kein\u2026","rel":"","context":"In &quot;News&quot;","block_context":{"text":"News","link":"https:\/\/www.jazzzeitung.de\/cms\/thema\/nachrichten\/"},"img":{"alt_text":"","src":"https:\/\/i0.wp.com\/www.jazzzeitung.de\/cms\/wp-content\/uploads\/2018\/07\/jugend_jazzt_hamburg.jpg?fit=1131%2C1167&ssl=1&resize=350%2C200","width":350,"height":200,"srcset":"https:\/\/i0.wp.com\/www.jazzzeitung.de\/cms\/wp-content\/uploads\/2018\/07\/jugend_jazzt_hamburg.jpg?fit=1131%2C1167&ssl=1&resize=350%2C200 1x, https:\/\/i0.wp.com\/www.jazzzeitung.de\/cms\/wp-content\/uploads\/2018\/07\/jugend_jazzt_hamburg.jpg?fit=1131%2C1167&ssl=1&resize=525%2C300 1.5x, https:\/\/i0.wp.com\/www.jazzzeitung.de\/cms\/wp-content\/uploads\/2018\/07\/jugend_jazzt_hamburg.jpg?fit=1131%2C1167&ssl=1&resize=700%2C400 2x, https:\/\/i0.wp.com\/www.jazzzeitung.de\/cms\/wp-content\/uploads\/2018\/07\/jugend_jazzt_hamburg.jpg?fit=1131%2C1167&ssl=1&resize=1050%2C600 3x"},"classes":[]},{"id":7853,"url":"https:\/\/www.jazzzeitung.de\/cms\/2015\/11\/bayern-steppt-der-baer-landeswettbewerb-jugend-jazzt-2015\/","url_meta":{"origin":21318,"position":2},"title":"In Bayern steppt der B\u00e4r: Landeswettbewerb &#8222;Jugend jazzt&#8220; 2015","author":"Redaktion JazzZeitung","date":"30. November 2015","format":false,"excerpt":"\u201eDa kann man einfach frei spielen.\u201c, erkl\u00e4rte die 12-j\u00e4hrige Nadine Bohmann aus Wertingen auf die Frage, was sie am Jazz so mag. Sie war eine der 300 jungen MusikerInnen aus ganz Bayern die am Wochenende beim Landeswettbewerb Jugend jazzt Bayern f\u00fcr Jazzorchester mit Vorentscheid Bayern zur Bundesbegegnung Jugend jazzt f\u00fcr\u2026","rel":"","context":"In &quot;Bericht&quot;","block_context":{"text":"Bericht","link":"https:\/\/www.jazzzeitung.de\/cms\/thema\/bericht\/"},"img":{"alt_text":"Fotos: Daniel Wetzel","src":"https:\/\/i0.wp.com\/www.jazzzeitung.de\/cms\/wp-content\/uploads\/2015\/11\/picpaenth-kaufbeuren-150x150.jpg?resize=350%2C200","width":350,"height":200},"classes":[]},{"id":17143,"url":"https:\/\/www.jazzzeitung.de\/cms\/2018\/09\/hessische-nachwuchsjazzer-ausgezeichnet\/","url_meta":{"origin":21318,"position":3},"title":"Hessische Nachwuchsjazzer ausgezeichnet","author":"Redaktion JazzZeitung","date":"5. September 2018","format":false,"excerpt":"Zum 34. Mal zeichnete der Landeswettbewerb \"Jugend Jazzt Hessen\" seine Nachwuchstalente am 2. September 2018 in der Landesmusikakademie in Schlitz aus. Im \"Solo\"-Bereich k\u00e4mpften die jungen Jazzmusiker\/-innen im Alter zwischen 11 und 21 Jahren in drei Altersstufen (bis 16, bis 20 sowie bis 24 Jahre) an Gitarre, Saxophon, Klavier, Bass,\u2026","rel":"","context":"In &quot;News&quot;","block_context":{"text":"News","link":"https:\/\/www.jazzzeitung.de\/cms\/thema\/nachrichten\/"},"img":{"alt_text":"","src":"https:\/\/i0.wp.com\/www.jazzzeitung.de\/cms\/wp-content\/uploads\/2018\/09\/C2I4068-Count-Spacey.jpg?fit=1200%2C800&ssl=1&resize=350%2C200","width":350,"height":200,"srcset":"https:\/\/i0.wp.com\/www.jazzzeitung.de\/cms\/wp-content\/uploads\/2018\/09\/C2I4068-Count-Spacey.jpg?fit=1200%2C800&ssl=1&resize=350%2C200 1x, https:\/\/i0.wp.com\/www.jazzzeitung.de\/cms\/wp-content\/uploads\/2018\/09\/C2I4068-Count-Spacey.jpg?fit=1200%2C800&ssl=1&resize=525%2C300 1.5x, https:\/\/i0.wp.com\/www.jazzzeitung.de\/cms\/wp-content\/uploads\/2018\/09\/C2I4068-Count-Spacey.jpg?fit=1200%2C800&ssl=1&resize=700%2C400 2x, https:\/\/i0.wp.com\/www.jazzzeitung.de\/cms\/wp-content\/uploads\/2018\/09\/C2I4068-Count-Spacey.jpg?fit=1200%2C800&ssl=1&resize=1050%2C600 3x"},"classes":[]},{"id":27170,"url":"https:\/\/www.jazzzeitung.de\/cms\/2022\/04\/digitale-konzertreihe-zur-bundesbegegnung-jugend-jazzt-gestartet\/","url_meta":{"origin":21318,"position":4},"title":"Digitale Konzertreihe zur Bundesbegegnung Jugend jazzt gestartet","author":"Redaktion JazzZeitung","date":"22. April 2022","format":false,"excerpt":"(Pressemeldung: Deutscher Musikrat) Ab sofort werden die Videos der Jazz-Combos, die sich f\u00fcr die Bundesbegegnung Jugend jazzt qualifiziert haben, ver\u00f6ffentlicht. Die digitale Konzertreihe ist auf dem YouTube-Kanal des Deutschen Musikrates\u00a0sowie auf der\u00a0Website\u00a0und in den Social Media-Kan\u00e4len von Jugend jazzt (Facebook\u00a0und\u00a0Instagram) zu finden. Die 18. Bundesbegegnung Jugend jazzt ist vom 26.\u2026","rel":"","context":"In &quot;News&quot;","block_context":{"text":"News","link":"https:\/\/www.jazzzeitung.de\/cms\/thema\/nachrichten\/"},"img":{"alt_text":"Quartertone (Hessen)","src":"https:\/\/i0.wp.com\/www.jazzzeitung.de\/cms\/wp-content\/uploads\/2022\/04\/jugend_jazz_1600t.jpg?fit=1200%2C676&ssl=1&resize=350%2C200","width":350,"height":200,"srcset":"https:\/\/i0.wp.com\/www.jazzzeitung.de\/cms\/wp-content\/uploads\/2022\/04\/jugend_jazz_1600t.jpg?fit=1200%2C676&ssl=1&resize=350%2C200 1x, https:\/\/i0.wp.com\/www.jazzzeitung.de\/cms\/wp-content\/uploads\/2022\/04\/jugend_jazz_1600t.jpg?fit=1200%2C676&ssl=1&resize=525%2C300 1.5x, https:\/\/i0.wp.com\/www.jazzzeitung.de\/cms\/wp-content\/uploads\/2022\/04\/jugend_jazz_1600t.jpg?fit=1200%2C676&ssl=1&resize=700%2C400 2x, https:\/\/i0.wp.com\/www.jazzzeitung.de\/cms\/wp-content\/uploads\/2022\/04\/jugend_jazz_1600t.jpg?fit=1200%2C676&ssl=1&resize=1050%2C600 3x"},"classes":[]},{"id":28995,"url":"https:\/\/www.jazzzeitung.de\/cms\/2023\/01\/steve-turry-german-jazz-trophy_jugend-jazzt-hamburg_kmja-ft-brasilien\/","url_meta":{"origin":21318,"position":5},"title":"News: +++ German Jazz Trophy 2023 geht Steve Turr\u00e9 +++ Hamburger &#8222;Jugend jazzt&#8220;-Preistr\u00e4ger spielen mit NDR Big Band +++ Jazz-Institut M\u00fcnchen featured Brasilien +++","author":"Redaktion JazzZeitung","date":"28. Januar 2023","format":false,"excerpt":"+++ German Jazz Trophy 2023 geht an Steve Turr\u00e9 +++ Unter dem Motto \u201eA Life for Jazz\u201c zeichnet die German Jazz Trophy seit 2001 j\u00e4hrlich Musiker*innen aus, die durch ihr Lebenswerk dem Jazz neue Impulse gegeben und seinen Stellenwert gef\u00f6rdert haben. 2023 wird das Lebenswerk von Posaunist (und Muschelspieler) Steve\u2026","rel":"","context":"In &quot;News&quot;","block_context":{"text":"News","link":"https:\/\/www.jazzzeitung.de\/cms\/thema\/nachrichten\/"},"img":{"alt_text":"","src":"https:\/\/i0.wp.com\/www.jazzzeitung.de\/cms\/wp-content\/uploads\/2023\/01\/P2169219-Turre-Foto-TJ-Krebs.jpg?fit=1200%2C800&ssl=1&resize=350%2C200","width":350,"height":200,"srcset":"https:\/\/i0.wp.com\/www.jazzzeitung.de\/cms\/wp-content\/uploads\/2023\/01\/P2169219-Turre-Foto-TJ-Krebs.jpg?fit=1200%2C800&ssl=1&resize=350%2C200 1x, https:\/\/i0.wp.com\/www.jazzzeitung.de\/cms\/wp-content\/uploads\/2023\/01\/P2169219-Turre-Foto-TJ-Krebs.jpg?fit=1200%2C800&ssl=1&resize=525%2C300 1.5x, https:\/\/i0.wp.com\/www.jazzzeitung.de\/cms\/wp-content\/uploads\/2023\/01\/P2169219-Turre-Foto-TJ-Krebs.jpg?fit=1200%2C800&ssl=1&resize=700%2C400 2x, https:\/\/i0.wp.com\/www.jazzzeitung.de\/cms\/wp-content\/uploads\/2023\/01\/P2169219-Turre-Foto-TJ-Krebs.jpg?fit=1200%2C800&ssl=1&resize=1050%2C600 3x"},"classes":[]}],"jetpack_sharing_enabled":true,"_links":{"self":[{"href":"https:\/\/www.jazzzeitung.de\/cms\/wp-json\/wp\/v2\/posts\/21318","targetHints":{"allow":["GET"]}}],"collection":[{"href":"https:\/\/www.jazzzeitung.de\/cms\/wp-json\/wp\/v2\/posts"}],"about":[{"href":"https:\/\/www.jazzzeitung.de\/cms\/wp-json\/wp\/v2\/types\/post"}],"author":[{"embeddable":true,"href":"https:\/\/www.jazzzeitung.de\/cms\/wp-json\/wp\/v2\/users\/18"}],"replies":[{"embeddable":true,"href":"https:\/\/www.jazzzeitung.de\/cms\/wp-json\/wp\/v2\/comments?post=21318"}],"version-history":[{"count":6,"href":"https:\/\/www.jazzzeitung.de\/cms\/wp-json\/wp\/v2\/posts\/21318\/revisions"}],"predecessor-version":[{"id":21324,"href":"https:\/\/www.jazzzeitung.de\/cms\/wp-json\/wp\/v2\/posts\/21318\/revisions\/21324"}],"wp:featuredmedia":[{"embeddable":true,"href":"https:\/\/www.jazzzeitung.de\/cms\/wp-json\/wp\/v2\/media\/21320"}],"wp:attachment":[{"href":"https:\/\/www.jazzzeitung.de\/cms\/wp-json\/wp\/v2\/media?parent=21318"}],"wp:term":[{"taxonomy":"category","embeddable":true,"href":"https:\/\/www.jazzzeitung.de\/cms\/wp-json\/wp\/v2\/categories?post=21318"},{"taxonomy":"post_tag","embeddable":true,"href":"https:\/\/www.jazzzeitung.de\/cms\/wp-json\/wp\/v2\/tags?post=21318"},{"taxonomy":"author","embeddable":true,"href":"https:\/\/www.jazzzeitung.de\/cms\/wp-json\/wp\/v2\/coauthors?post=21318"}],"curies":[{"name":"wp","href":"https:\/\/api.w.org\/{rel}","templated":true}]}}