{"id":21297,"date":"2019-11-15T08:33:33","date_gmt":"2019-11-15T07:33:33","guid":{"rendered":"https:\/\/www.jazzzeitung.de\/cms\/?p=21297"},"modified":"2019-11-14T12:35:26","modified_gmt":"2019-11-14T11:35:26","slug":"3-aus-34-7-junger-muenchner-jazzpreis-2019-mit-grandiosem-konzertfinale","status":"publish","type":"post","link":"https:\/\/www.jazzzeitung.de\/cms\/2019\/11\/3-aus-34-7-junger-muenchner-jazzpreis-2019-mit-grandiosem-konzertfinale\/","title":{"rendered":"3 aus 34: 7. Junger M\u00fcnchner Jazzpreis 2019 mit grandiosem Konzertfinale"},"content":{"rendered":"<p>Der <a href=\"http:\/\/www.mucjazz.fa-ro.de\/?p=979\"><strong>7. Junge M\u00fcnchner Jazzpreis 2019 <\/strong><\/a>wurde nach einem grandiosen Konzertfinale im Jazzclub Unterfahrt ohne weitere Begr\u00fcndung verliehen. Gewinner des 1. Preises, dotiert mit 2500 \u20ac, ist das SH4iKH Quartett aus Mainz. Die Formation des aus Frankfurt stammenden Alt- und Sopran-Saxophonisten Maximilian Shaikh-Yousef mit Lukas Moriz am Piano, Bastian Weinig am Bass und Leopold Ebert am Schlagzeug \u00fcberzeugte die Zuh\u00f6rer und wohl auch die Jury mit durchdachten und \u00fcberraschenden Kompositionen, im modernen Jazz verwurzelt und mit einer Prise arabischer Musik gew\u00fcrzt.<\/p>\n<div class=\"tiled-gallery type-rectangular tiled-gallery-unresized\" data-original-width=\"840\" data-carousel-extra='{&quot;blog_id&quot;:1,&quot;permalink&quot;:&quot;https:\\\/\\\/www.jazzzeitung.de\\\/cms\\\/2019\\\/11\\\/3-aus-34-7-junger-muenchner-jazzpreis-2019-mit-grandiosem-konzertfinale\\\/&quot;,&quot;likes_blog_id&quot;:55446655}' itemscope itemtype=\"http:\/\/schema.org\/ImageGallery\" > <div class=\"gallery-row\" style=\"width: 840px; height: 404px;\" data-original-width=\"840\" data-original-height=\"404\" > <div class=\"gallery-group images-1\" style=\"width: 269px; height: 404px;\" data-original-width=\"269\" data-original-height=\"404\" > <div class=\"tiled-gallery-item tiled-gallery-item-large\" itemprop=\"associatedMedia\" itemscope itemtype=\"http:\/\/schema.org\/ImageObject\"> <a href=\"https:\/\/www.jazzzeitung.de\/cms\/2019\/11\/3-aus-34-7-junger-muenchner-jazzpreis-2019-mit-grandiosem-konzertfinale\/weinigbastiangodehard-lutzbayern-mail-de_imgp0438\/\" border=\"0\" itemprop=\"url\"> <meta itemprop=\"width\" content=\"265\"> <meta itemprop=\"height\" content=\"400\"> <img decoding=\"async\" class=\"\" data-attachment-id=\"21299\" data-orig-file=\"https:\/\/www.jazzzeitung.de\/cms\/wp-content\/uploads\/2019\/11\/WEINIGBastian\u252c\u00aeGodehard.Lutz@bayern-mail.de_IMGP0438-scaled.jpg\" data-orig-size=\"1696,2560\" data-comments-opened=\"1\" data-image-meta=\"{&quot;aperture&quot;:&quot;2.8&quot;,&quot;credit&quot;:&quot;Godehard LUTZ&quot;,&quot;camera&quot;:&quot;PENTAX K-30&quot;,&quot;caption&quot;:&quot;&quot;,&quot;created_timestamp&quot;:&quot;1573248258&quot;,&quot;copyright&quot;:&quot;Godehard.Lutz@maxi-dsl.de&quot;,&quot;focal_length&quot;:&quot;80&quot;,&quot;iso&quot;:&quot;3200&quot;,&quot;shutter_speed&quot;:&quot;0.008&quot;,&quot;title&quot;:&quot;&quot;,&quot;orientation&quot;:&quot;1&quot;}\" data-image-title=\"WEINIG,Bastian\u252c\u00aeGodehard.Lutz@bayern-mail.de_IMGP0438\" data-image-description=\"\" data-medium-file=\"https:\/\/i0.wp.com\/www.jazzzeitung.de\/cms\/wp-content\/uploads\/2019\/11\/WEINIGBastian%E2%94%AC%C2%AEGodehard.Lutz%40bayern-mail.de_IMGP0438-scaled.jpg?fit=199%2C300&#038;ssl=1\" data-large-file=\"https:\/\/i0.wp.com\/www.jazzzeitung.de\/cms\/wp-content\/uploads\/2019\/11\/WEINIGBastian%E2%94%AC%C2%AEGodehard.Lutz%40bayern-mail.de_IMGP0438-scaled.jpg?fit=397%2C600&#038;ssl=1\" src=\"https:\/\/i0.wp.com\/www.jazzzeitung.de\/cms\/wp-content\/uploads\/2019\/11\/WEINIGBastian%E2%94%AC%C2%AEGodehard.Lutz%40bayern-mail.de_IMGP0438-scaled.jpg?w=265&#038;h=400&#038;ssl=1\" width=\"265\" height=\"400\" loading=\"lazy\" data-original-width=\"265\" data-original-height=\"400\" itemprop=\"http:\/\/schema.org\/image\" title=\"WEINIG,Bastian\u252c\u00aeGodehard.Lutz@bayern-mail.de_IMGP0438\" alt=\"Bastian Weinig. Foto: Godehard Lutz\" style=\"width: 265px; height: 400px;\" \/> <\/a> <div class=\"tiled-gallery-caption\" itemprop=\"caption description\"> Bastian Weinig. Foto: Godehard Lutz <\/div> <\/div> <\/div> <!-- close group --> <div class=\"gallery-group images-2\" style=\"width: 302px; height: 404px;\" data-original-width=\"302\" data-original-height=\"404\" > <div class=\"tiled-gallery-item tiled-gallery-item-large\" itemprop=\"associatedMedia\" itemscope itemtype=\"http:\/\/schema.org\/ImageObject\"> <a href=\"https:\/\/www.jazzzeitung.de\/cms\/2019\/11\/3-aus-34-7-junger-muenchner-jazzpreis-2019-mit-grandiosem-konzertfinale\/ebertleopoldgodehard-lutzbayern-mail-de_imgp0441\/\" border=\"0\" itemprop=\"url\"> <meta itemprop=\"width\" content=\"298\"> <meta itemprop=\"height\" content=\"198\"> <img decoding=\"async\" class=\"\" data-attachment-id=\"21300\" data-orig-file=\"https:\/\/www.jazzzeitung.de\/cms\/wp-content\/uploads\/2019\/11\/EBERTLeopold\u252c\u00aeGodehard.Lutz@bayern-mail.de_IMGP0441-scaled.jpg\" data-orig-size=\"2560,1696\" data-comments-opened=\"1\" data-image-meta=\"{&quot;aperture&quot;:&quot;2.8&quot;,&quot;credit&quot;:&quot;Godehard LUTZ&quot;,&quot;camera&quot;:&quot;PENTAX K-30&quot;,&quot;caption&quot;:&quot;&quot;,&quot;created_timestamp&quot;:&quot;1573248748&quot;,&quot;copyright&quot;:&quot;Godehard.Lutz@maxi-dsl.de&quot;,&quot;focal_length&quot;:&quot;38&quot;,&quot;iso&quot;:&quot;3200&quot;,&quot;shutter_speed&quot;:&quot;0.04&quot;,&quot;title&quot;:&quot;&quot;,&quot;orientation&quot;:&quot;1&quot;}\" data-image-title=\"EBERT,Leopold\u252c\u00aeGodehard.Lutz@bayern-mail.de_IMGP0441\" data-image-description=\"\" data-medium-file=\"https:\/\/i0.wp.com\/www.jazzzeitung.de\/cms\/wp-content\/uploads\/2019\/11\/EBERTLeopold%E2%94%AC%C2%AEGodehard.Lutz%40bayern-mail.de_IMGP0441-scaled.jpg?fit=300%2C199&#038;ssl=1\" data-large-file=\"https:\/\/i0.wp.com\/www.jazzzeitung.de\/cms\/wp-content\/uploads\/2019\/11\/EBERTLeopold%E2%94%AC%C2%AEGodehard.Lutz%40bayern-mail.de_IMGP0441-scaled.jpg?fit=840%2C556&#038;ssl=1\" src=\"https:\/\/i0.wp.com\/www.jazzzeitung.de\/cms\/wp-content\/uploads\/2019\/11\/EBERTLeopold%E2%94%AC%C2%AEGodehard.Lutz%40bayern-mail.de_IMGP0441-scaled.jpg?w=298&#038;h=198&#038;ssl=1\" width=\"298\" height=\"198\" loading=\"lazy\" data-original-width=\"298\" data-original-height=\"198\" itemprop=\"http:\/\/schema.org\/image\" title=\"EBERT,Leopold\u252c\u00aeGodehard.Lutz@bayern-mail.de_IMGP0441\" alt=\"Leopold Ebert. Foto: Godehard Lutz\" style=\"width: 298px; height: 198px;\" \/> <\/a> <div class=\"tiled-gallery-caption\" itemprop=\"caption description\"> Leopold Ebert. Foto: Godehard Lutz <\/div> <\/div> <div class=\"tiled-gallery-item tiled-gallery-item-large\" itemprop=\"associatedMedia\" itemscope itemtype=\"http:\/\/schema.org\/ImageObject\"> <a href=\"https:\/\/www.jazzzeitung.de\/cms\/2019\/11\/3-aus-34-7-junger-muenchner-jazzpreis-2019-mit-grandiosem-konzertfinale\/morizlukasgodehard-lutzbayern-mail-de_imgp0541b\/\" border=\"0\" itemprop=\"url\"> <meta itemprop=\"width\" content=\"298\"> <meta itemprop=\"height\" content=\"198\"> <img decoding=\"async\" class=\"\" data-attachment-id=\"21301\" data-orig-file=\"https:\/\/www.jazzzeitung.de\/cms\/wp-content\/uploads\/2019\/11\/MORIZLukas\u252c\u00aeGodehard.Lutz@bayern-mail.de_IMGP0541B-scaled.jpg\" data-orig-size=\"2560,1696\" data-comments-opened=\"1\" data-image-meta=\"{&quot;aperture&quot;:&quot;2.8&quot;,&quot;credit&quot;:&quot;Godehard LUTZ&quot;,&quot;camera&quot;:&quot;PENTAX K-30&quot;,&quot;caption&quot;:&quot;&quot;,&quot;created_timestamp&quot;:&quot;1573260458&quot;,&quot;copyright&quot;:&quot;Godehard.Lutz@maxi-dsl.de&quot;,&quot;focal_length&quot;:&quot;38&quot;,&quot;iso&quot;:&quot;800&quot;,&quot;shutter_speed&quot;:&quot;0.0125&quot;,&quot;title&quot;:&quot;&quot;,&quot;orientation&quot;:&quot;1&quot;}\" data-image-title=\"MORIZ,Lukas\u252c\u00aeGodehard.Lutz@bayern-mail.de_IMGP0541B\" data-image-description=\"\" data-medium-file=\"https:\/\/i0.wp.com\/www.jazzzeitung.de\/cms\/wp-content\/uploads\/2019\/11\/MORIZLukas%E2%94%AC%C2%AEGodehard.Lutz%40bayern-mail.de_IMGP0541B-scaled.jpg?fit=300%2C199&#038;ssl=1\" data-large-file=\"https:\/\/i0.wp.com\/www.jazzzeitung.de\/cms\/wp-content\/uploads\/2019\/11\/MORIZLukas%E2%94%AC%C2%AEGodehard.Lutz%40bayern-mail.de_IMGP0541B-scaled.jpg?fit=840%2C556&#038;ssl=1\" src=\"https:\/\/i0.wp.com\/www.jazzzeitung.de\/cms\/wp-content\/uploads\/2019\/11\/MORIZLukas%E2%94%AC%C2%AEGodehard.Lutz%40bayern-mail.de_IMGP0541B-scaled.jpg?w=298&#038;h=198&#038;ssl=1\" width=\"298\" height=\"198\" loading=\"lazy\" data-original-width=\"298\" data-original-height=\"198\" itemprop=\"http:\/\/schema.org\/image\" title=\"MORIZ,Lukas\u252c\u00aeGodehard.Lutz@bayern-mail.de_IMGP0541B\" alt=\"Lukas Moriz. Foto: Godehard Lutz\" style=\"width: 298px; height: 198px;\" \/> <\/a> <div class=\"tiled-gallery-caption\" itemprop=\"caption description\"> Lukas Moriz. Foto: Godehard Lutz <\/div> <\/div> <\/div> <!-- close group --> <div class=\"gallery-group images-1\" style=\"width: 269px; height: 404px;\" data-original-width=\"269\" data-original-height=\"404\" > <div class=\"tiled-gallery-item tiled-gallery-item-large\" itemprop=\"associatedMedia\" itemscope itemtype=\"http:\/\/schema.org\/ImageObject\"> <a href=\"https:\/\/www.jazzzeitung.de\/cms\/2019\/11\/3-aus-34-7-junger-muenchner-jazzpreis-2019-mit-grandiosem-konzertfinale\/shaikh-yousefmaximiliangodehard-lutzbayern-mail-de_imgp0548\/\" border=\"0\" itemprop=\"url\"> <meta itemprop=\"width\" content=\"265\"> <meta itemprop=\"height\" content=\"400\"> <img decoding=\"async\" class=\"\" data-attachment-id=\"21303\" data-orig-file=\"https:\/\/www.jazzzeitung.de\/cms\/wp-content\/uploads\/2019\/11\/SHAIKH-YOUSEFMaximilian\u252c\u00aeGodehard.Lutz@bayern-mail.de_IMGP0548-scaled.jpg\" data-orig-size=\"1696,2560\" data-comments-opened=\"1\" data-image-meta=\"{&quot;aperture&quot;:&quot;2.8&quot;,&quot;credit&quot;:&quot;Godehard LUTZ&quot;,&quot;camera&quot;:&quot;PENTAX K-30&quot;,&quot;caption&quot;:&quot;&quot;,&quot;created_timestamp&quot;:&quot;1573260639&quot;,&quot;copyright&quot;:&quot;Godehard.Lutz@maxi-dsl.de&quot;,&quot;focal_length&quot;:&quot;33&quot;,&quot;iso&quot;:&quot;1600&quot;,&quot;shutter_speed&quot;:&quot;0.016666666666667&quot;,&quot;title&quot;:&quot;&quot;,&quot;orientation&quot;:&quot;1&quot;}\" data-image-title=\"SHAIKH-YOUSEF,Maximilian\u252c\u00aeGodehard.Lutz@bayern-mail.de_IMGP0548\" data-image-description=\"\" data-medium-file=\"https:\/\/i0.wp.com\/www.jazzzeitung.de\/cms\/wp-content\/uploads\/2019\/11\/SHAIKH-YOUSEFMaximilian%E2%94%AC%C2%AEGodehard.Lutz%40bayern-mail.de_IMGP0548-scaled.jpg?fit=199%2C300&#038;ssl=1\" data-large-file=\"https:\/\/i0.wp.com\/www.jazzzeitung.de\/cms\/wp-content\/uploads\/2019\/11\/SHAIKH-YOUSEFMaximilian%E2%94%AC%C2%AEGodehard.Lutz%40bayern-mail.de_IMGP0548-scaled.jpg?fit=397%2C600&#038;ssl=1\" src=\"https:\/\/i0.wp.com\/www.jazzzeitung.de\/cms\/wp-content\/uploads\/2019\/11\/SHAIKH-YOUSEFMaximilian%E2%94%AC%C2%AEGodehard.Lutz%40bayern-mail.de_IMGP0548-scaled.jpg?w=265&#038;h=400&#038;ssl=1\" width=\"265\" height=\"400\" loading=\"lazy\" data-original-width=\"265\" data-original-height=\"400\" itemprop=\"http:\/\/schema.org\/image\" title=\"SHAIKH-YOUSEF,Maximilian\u252c\u00aeGodehard.Lutz@bayern-mail.de_IMGP0548\" alt=\"Bandleader MaximilianYousef. Foto: Godehard Lutz\" style=\"width: 265px; height: 400px;\" \/> <\/a> <div class=\"tiled-gallery-caption\" itemprop=\"caption description\"> Bandleader MaximilianYousef. Foto: Godehard Lutz <\/div> <\/div> <\/div> <!-- close group --> <\/div> <!-- close row --> <\/div>\n<p>Der mit 2000 \u20ac dotierte zweite Preis ging nach Berlin an das Quartett LEL\u00c9KA. Die so charmante wie mitrei\u00dfende und kraftvolle ukrainische S\u00e4ngerin Viktoria Lel\u00e9ka brachte mit Thomas Kolarczyk, der sich am Bass den Solistenpreis erspielte, Povel Widestrand (Piano) und Jakob Hegner (Drums) in ihrer Muttersprache gesungene ukrainisch Volkslieder \u00fcberzeugen in Jazzform.<\/p>\n<div class=\"tiled-gallery type-rectangular tiled-gallery-unresized\" data-original-width=\"840\" data-carousel-extra='{&quot;blog_id&quot;:1,&quot;permalink&quot;:&quot;https:\\\/\\\/www.jazzzeitung.de\\\/cms\\\/2019\\\/11\\\/3-aus-34-7-junger-muenchner-jazzpreis-2019-mit-grandiosem-konzertfinale\\\/&quot;,&quot;likes_blog_id&quot;:55446655}' itemscope itemtype=\"http:\/\/schema.org\/ImageGallery\" > <div class=\"gallery-row\" style=\"width: 840px; height: 593px;\" data-original-width=\"840\" data-original-height=\"593\" > <div class=\"gallery-group images-2\" style=\"width: 446px; height: 593px;\" data-original-width=\"446\" data-original-height=\"593\" > <div class=\"tiled-gallery-item tiled-gallery-item-large\" itemprop=\"associatedMedia\" itemscope itemtype=\"http:\/\/schema.org\/ImageObject\"> <a href=\"https:\/\/www.jazzzeitung.de\/cms\/2019\/11\/3-aus-34-7-junger-muenchner-jazzpreis-2019-mit-grandiosem-konzertfinale\/lelekaviktoriagodehard-lutzbayern-mail-de_imgp0489b\/\" border=\"0\" itemprop=\"url\"> <meta itemprop=\"width\" content=\"442\"> <meta itemprop=\"height\" content=\"293\"> <img decoding=\"async\" class=\"\" data-attachment-id=\"21305\" data-orig-file=\"https:\/\/www.jazzzeitung.de\/cms\/wp-content\/uploads\/2019\/11\/LELEKAViktoria\u252c\u00aeGodehard.Lutz@bayern-mail.de_IMGP0489B-scaled.jpg\" data-orig-size=\"2560,1696\" data-comments-opened=\"1\" data-image-meta=\"{&quot;aperture&quot;:&quot;2.8&quot;,&quot;credit&quot;:&quot;Godehard LUTZ&quot;,&quot;camera&quot;:&quot;PENTAX K-30&quot;,&quot;caption&quot;:&quot;&quot;,&quot;created_timestamp&quot;:&quot;1573252711&quot;,&quot;copyright&quot;:&quot;Godehard.Lutz@maxi-dsl.de&quot;,&quot;focal_length&quot;:&quot;80&quot;,&quot;iso&quot;:&quot;800&quot;,&quot;shutter_speed&quot;:&quot;0.008&quot;,&quot;title&quot;:&quot;&quot;,&quot;orientation&quot;:&quot;1&quot;}\" data-image-title=\"LELEKA,Viktoria\u252c\u00aeGodehard.Lutz@bayern-mail.de_IMGP0489B\" data-image-description=\"\" data-medium-file=\"https:\/\/i0.wp.com\/www.jazzzeitung.de\/cms\/wp-content\/uploads\/2019\/11\/LELEKAViktoria%E2%94%AC%C2%AEGodehard.Lutz%40bayern-mail.de_IMGP0489B-scaled.jpg?fit=300%2C199&#038;ssl=1\" data-large-file=\"https:\/\/i0.wp.com\/www.jazzzeitung.de\/cms\/wp-content\/uploads\/2019\/11\/LELEKAViktoria%E2%94%AC%C2%AEGodehard.Lutz%40bayern-mail.de_IMGP0489B-scaled.jpg?fit=840%2C556&#038;ssl=1\" src=\"https:\/\/i0.wp.com\/www.jazzzeitung.de\/cms\/wp-content\/uploads\/2019\/11\/LELEKAViktoria%E2%94%AC%C2%AEGodehard.Lutz%40bayern-mail.de_IMGP0489B-scaled.jpg?w=442&#038;h=293&#038;ssl=1\" width=\"442\" height=\"293\" loading=\"lazy\" data-original-width=\"442\" data-original-height=\"293\" itemprop=\"http:\/\/schema.org\/image\" title=\"LELEKA,Viktoria\u252c\u00aeGodehard.Lutz@bayern-mail.de_IMGP0489B\" alt=\"Bandleaderin Viktoria Leleka. Foto: Godehard Lutz\" style=\"width: 442px; height: 293px;\" \/> <\/a> <div class=\"tiled-gallery-caption\" itemprop=\"caption description\"> Bandleaderin Viktoria Leleka. Foto: Godehard Lutz <\/div> <\/div> <div class=\"tiled-gallery-item tiled-gallery-item-large\" itemprop=\"associatedMedia\" itemscope itemtype=\"http:\/\/schema.org\/ImageObject\"> <a href=\"https:\/\/www.jazzzeitung.de\/cms\/2019\/11\/3-aus-34-7-junger-muenchner-jazzpreis-2019-mit-grandiosem-konzertfinale\/hegnerjakobgodehard-lutzbayern-mail-de_imgp0462\/\" border=\"0\" itemprop=\"url\"> <meta itemprop=\"width\" content=\"442\"> <meta itemprop=\"height\" content=\"292\"> <img decoding=\"async\" class=\"\" data-attachment-id=\"21308\" data-orig-file=\"https:\/\/www.jazzzeitung.de\/cms\/wp-content\/uploads\/2019\/11\/HEGNERJakob\u252c\u00aeGodehard.Lutz@bayern-mail.de_IMGP0462-scaled.jpg\" data-orig-size=\"2560,1696\" data-comments-opened=\"1\" data-image-meta=\"{&quot;aperture&quot;:&quot;2.8&quot;,&quot;credit&quot;:&quot;Godehard LUTZ&quot;,&quot;camera&quot;:&quot;PENTAX K-30&quot;,&quot;caption&quot;:&quot;&quot;,&quot;created_timestamp&quot;:&quot;1573251949&quot;,&quot;copyright&quot;:&quot;Godehard.Lutz@maxi-dsl.de&quot;,&quot;focal_length&quot;:&quot;38&quot;,&quot;iso&quot;:&quot;3200&quot;,&quot;shutter_speed&quot;:&quot;0.033333333333333&quot;,&quot;title&quot;:&quot;&quot;,&quot;orientation&quot;:&quot;1&quot;}\" data-image-title=\"HEGNER,Jakob\u252c\u00aeGodehard.Lutz@bayern-mail.de_IMGP0462\" data-image-description=\"\" data-medium-file=\"https:\/\/i0.wp.com\/www.jazzzeitung.de\/cms\/wp-content\/uploads\/2019\/11\/HEGNERJakob%E2%94%AC%C2%AEGodehard.Lutz%40bayern-mail.de_IMGP0462-scaled.jpg?fit=300%2C199&#038;ssl=1\" data-large-file=\"https:\/\/i0.wp.com\/www.jazzzeitung.de\/cms\/wp-content\/uploads\/2019\/11\/HEGNERJakob%E2%94%AC%C2%AEGodehard.Lutz%40bayern-mail.de_IMGP0462-scaled.jpg?fit=840%2C556&#038;ssl=1\" src=\"https:\/\/i0.wp.com\/www.jazzzeitung.de\/cms\/wp-content\/uploads\/2019\/11\/HEGNERJakob%E2%94%AC%C2%AEGodehard.Lutz%40bayern-mail.de_IMGP0462-scaled.jpg?w=442&#038;h=292&#038;ssl=1\" width=\"442\" height=\"292\" loading=\"lazy\" data-original-width=\"442\" data-original-height=\"292\" itemprop=\"http:\/\/schema.org\/image\" title=\"HEGNER,Jakob\u252c\u00aeGodehard.Lutz@bayern-mail.de_IMGP0462\" alt=\"Jakob Hegner. Foto: Godehard Lutz\" style=\"width: 442px; height: 292px;\" \/> <\/a> <div class=\"tiled-gallery-caption\" itemprop=\"caption description\"> Jakob Hegner. Foto: Godehard Lutz <\/div> <\/div> <\/div> <!-- close group --> <div class=\"gallery-group images-1\" style=\"width: 394px; height: 593px;\" data-original-width=\"394\" data-original-height=\"593\" > <div class=\"tiled-gallery-item tiled-gallery-item-large\" itemprop=\"associatedMedia\" itemscope itemtype=\"http:\/\/schema.org\/ImageObject\"> <a href=\"https:\/\/www.jazzzeitung.de\/cms\/2019\/11\/3-aus-34-7-junger-muenchner-jazzpreis-2019-mit-grandiosem-konzertfinale\/kolarczykthomasgodehard-lutzbayern-mail-de_imgp0500\/\" border=\"0\" itemprop=\"url\"> <meta itemprop=\"width\" content=\"390\"> <meta itemprop=\"height\" content=\"589\"> <img decoding=\"async\" class=\"\" data-attachment-id=\"21309\" data-orig-file=\"https:\/\/www.jazzzeitung.de\/cms\/wp-content\/uploads\/2019\/11\/KOLARCZYKThomas\u252c\u00aeGodehard.Lutz@bayern-mail.de_IMGP0500-scaled.jpg\" data-orig-size=\"1696,2560\" data-comments-opened=\"1\" data-image-meta=\"{&quot;aperture&quot;:&quot;2.8&quot;,&quot;credit&quot;:&quot;Godehard LUTZ&quot;,&quot;camera&quot;:&quot;PENTAX K-30&quot;,&quot;caption&quot;:&quot;&quot;,&quot;created_timestamp&quot;:&quot;1573253949&quot;,&quot;copyright&quot;:&quot;Godehard.Lutz@maxi-dsl.de&quot;,&quot;focal_length&quot;:&quot;158&quot;,&quot;iso&quot;:&quot;3200&quot;,&quot;shutter_speed&quot;:&quot;0.008&quot;,&quot;title&quot;:&quot;&quot;,&quot;orientation&quot;:&quot;1&quot;}\" data-image-title=\"KOLARCZYK,Thomas\u252c\u00aeGodehard.Lutz@bayern-mail.de_IMGP0500\" data-image-description=\"\" data-medium-file=\"https:\/\/i0.wp.com\/www.jazzzeitung.de\/cms\/wp-content\/uploads\/2019\/11\/KOLARCZYKThomas%E2%94%AC%C2%AEGodehard.Lutz%40bayern-mail.de_IMGP0500-scaled.jpg?fit=199%2C300&#038;ssl=1\" data-large-file=\"https:\/\/i0.wp.com\/www.jazzzeitung.de\/cms\/wp-content\/uploads\/2019\/11\/KOLARCZYKThomas%E2%94%AC%C2%AEGodehard.Lutz%40bayern-mail.de_IMGP0500-scaled.jpg?fit=397%2C600&#038;ssl=1\" src=\"https:\/\/i0.wp.com\/www.jazzzeitung.de\/cms\/wp-content\/uploads\/2019\/11\/KOLARCZYKThomas%E2%94%AC%C2%AEGodehard.Lutz%40bayern-mail.de_IMGP0500-scaled.jpg?w=390&#038;h=589&#038;ssl=1\" width=\"390\" height=\"589\" loading=\"lazy\" data-original-width=\"390\" data-original-height=\"589\" itemprop=\"http:\/\/schema.org\/image\" title=\"KOLARCZYK,Thomas\u252c\u00aeGodehard.Lutz@bayern-mail.de_IMGP0500\" alt=\"Thomas Kolarczyk. Foto: Godehard Lutz\" style=\"width: 390px; height: 589px;\" \/> <\/a> <div class=\"tiled-gallery-caption\" itemprop=\"caption description\"> Thomas Kolarczyk. Foto: Godehard Lutz <\/div> <\/div> <\/div> <!-- close group --> <\/div> <!-- close row --> <div class=\"gallery-row\" style=\"width: 840px; height: 387px;\" data-original-width=\"840\" data-original-height=\"387\" > <div class=\"gallery-group images-1\" style=\"width: 582px; height: 387px;\" data-original-width=\"582\" data-original-height=\"387\" > <div class=\"tiled-gallery-item tiled-gallery-item-large\" itemprop=\"associatedMedia\" itemscope itemtype=\"http:\/\/schema.org\/ImageObject\"> <a href=\"https:\/\/www.jazzzeitung.de\/cms\/2019\/11\/3-aus-34-7-junger-muenchner-jazzpreis-2019-mit-grandiosem-konzertfinale\/lelekaviktoriagodehard-lutzbayern-mail-de_imgp0496\/\" border=\"0\" itemprop=\"url\"> <meta itemprop=\"width\" content=\"578\"> <meta itemprop=\"height\" content=\"383\"> <img decoding=\"async\" class=\"\" data-attachment-id=\"21310\" data-orig-file=\"https:\/\/www.jazzzeitung.de\/cms\/wp-content\/uploads\/2019\/11\/LELEKAViktoria\u252c\u00aeGodehard.Lutz@bayern-mail.de_IMGP0496-scaled.jpg\" data-orig-size=\"2560,1696\" data-comments-opened=\"1\" data-image-meta=\"{&quot;aperture&quot;:&quot;2.8&quot;,&quot;credit&quot;:&quot;Godehard LUTZ&quot;,&quot;camera&quot;:&quot;PENTAX K-30&quot;,&quot;caption&quot;:&quot;&quot;,&quot;created_timestamp&quot;:&quot;1573253062&quot;,&quot;copyright&quot;:&quot;Godehard.Lutz@maxi-dsl.de&quot;,&quot;focal_length&quot;:&quot;80&quot;,&quot;iso&quot;:&quot;1600&quot;,&quot;shutter_speed&quot;:&quot;0.008&quot;,&quot;title&quot;:&quot;&quot;,&quot;orientation&quot;:&quot;1&quot;}\" data-image-title=\"LELEKA,Viktoria\u252c\u00aeGodehard.Lutz@bayern-mail.de_IMGP0496\" data-image-description=\"\" data-medium-file=\"https:\/\/i0.wp.com\/www.jazzzeitung.de\/cms\/wp-content\/uploads\/2019\/11\/LELEKAViktoria%E2%94%AC%C2%AEGodehard.Lutz%40bayern-mail.de_IMGP0496-scaled.jpg?fit=300%2C199&#038;ssl=1\" data-large-file=\"https:\/\/i0.wp.com\/www.jazzzeitung.de\/cms\/wp-content\/uploads\/2019\/11\/LELEKAViktoria%E2%94%AC%C2%AEGodehard.Lutz%40bayern-mail.de_IMGP0496-scaled.jpg?fit=840%2C556&#038;ssl=1\" src=\"https:\/\/i0.wp.com\/www.jazzzeitung.de\/cms\/wp-content\/uploads\/2019\/11\/LELEKAViktoria%E2%94%AC%C2%AEGodehard.Lutz%40bayern-mail.de_IMGP0496-scaled.jpg?w=578&#038;h=383&#038;ssl=1\" width=\"578\" height=\"383\" loading=\"lazy\" data-original-width=\"578\" data-original-height=\"383\" itemprop=\"http:\/\/schema.org\/image\" title=\"LELEKA,Viktoria\u252c\u00aeGodehard.Lutz@bayern-mail.de_IMGP0496\" alt=\"Viktoria Leleka. Foto: Godehard Lutz\" style=\"width: 578px; height: 383px;\" \/> <\/a> <div class=\"tiled-gallery-caption\" itemprop=\"caption description\"> Viktoria Leleka. Foto: Godehard Lutz <\/div> <\/div> <\/div> <!-- close group --> <div class=\"gallery-group images-1\" style=\"width: 258px; height: 387px;\" data-original-width=\"258\" data-original-height=\"387\" > <div class=\"tiled-gallery-item tiled-gallery-item-large\" itemprop=\"associatedMedia\" itemscope itemtype=\"http:\/\/schema.org\/ImageObject\"> <a href=\"https:\/\/www.jazzzeitung.de\/cms\/2019\/11\/3-aus-34-7-junger-muenchner-jazzpreis-2019-mit-grandiosem-konzertfinale\/widestrandpovelgodehard-lutzbayern-mail-de_imgp0479\/\" border=\"0\" itemprop=\"url\"> <meta itemprop=\"width\" content=\"254\"> <meta itemprop=\"height\" content=\"383\"> <img decoding=\"async\" class=\"\" data-attachment-id=\"21311\" data-orig-file=\"https:\/\/www.jazzzeitung.de\/cms\/wp-content\/uploads\/2019\/11\/WIDESTRANDPovel\u252c\u00aeGodehard.Lutz@bayern-mail.de_IMGP0479-scaled.jpg\" data-orig-size=\"1696,2560\" data-comments-opened=\"1\" data-image-meta=\"{&quot;aperture&quot;:&quot;2.8&quot;,&quot;credit&quot;:&quot;Godehard LUTZ&quot;,&quot;camera&quot;:&quot;PENTAX K-30&quot;,&quot;caption&quot;:&quot;&quot;,&quot;created_timestamp&quot;:&quot;1573252559&quot;,&quot;copyright&quot;:&quot;Godehard.Lutz@maxi-dsl.de&quot;,&quot;focal_length&quot;:&quot;120&quot;,&quot;iso&quot;:&quot;3200&quot;,&quot;shutter_speed&quot;:&quot;0.066666666666667&quot;,&quot;title&quot;:&quot;&quot;,&quot;orientation&quot;:&quot;1&quot;}\" data-image-title=\"WIDESTRAND,Povel\u252c\u00aeGodehard.Lutz@bayern-mail.de_IMGP0479\" data-image-description=\"\" data-medium-file=\"https:\/\/i0.wp.com\/www.jazzzeitung.de\/cms\/wp-content\/uploads\/2019\/11\/WIDESTRANDPovel%E2%94%AC%C2%AEGodehard.Lutz%40bayern-mail.de_IMGP0479-scaled.jpg?fit=199%2C300&#038;ssl=1\" data-large-file=\"https:\/\/i0.wp.com\/www.jazzzeitung.de\/cms\/wp-content\/uploads\/2019\/11\/WIDESTRANDPovel%E2%94%AC%C2%AEGodehard.Lutz%40bayern-mail.de_IMGP0479-scaled.jpg?fit=397%2C600&#038;ssl=1\" src=\"https:\/\/i0.wp.com\/www.jazzzeitung.de\/cms\/wp-content\/uploads\/2019\/11\/WIDESTRANDPovel%E2%94%AC%C2%AEGodehard.Lutz%40bayern-mail.de_IMGP0479-scaled.jpg?w=254&#038;h=383&#038;ssl=1\" width=\"254\" height=\"383\" loading=\"lazy\" data-original-width=\"254\" data-original-height=\"383\" itemprop=\"http:\/\/schema.org\/image\" title=\"WIDESTRAND,Povel\u252c\u00aeGodehard.Lutz@bayern-mail.de_IMGP0479\" alt=\"Povel Widestrand. Foto: Godehard Lutz\" style=\"width: 254px; height: 383px;\" \/> <\/a> <div class=\"tiled-gallery-caption\" itemprop=\"caption description\"> Povel Widestrand. Foto: Godehard Lutz <\/div> <\/div> <\/div> <!-- close group --> <\/div> <!-- close row --> <\/div>\n<p>1500 \u20ac gingen an das JMJ Trio Jonas Mielke (Bass), Mikolaj Suchanek (Piano) und Jannik Kerkhof (Drums)\u00a0aus Dresden, dessen ebenfalls in der modernen Jazztradition stehenden Komposition etwas weniger \u00fcberraschend und ausgefeilt waren als die der Sieger.<\/p>\n<div class=\"tiled-gallery type-rectangular tiled-gallery-unresized\" data-original-width=\"840\" data-carousel-extra='{&quot;blog_id&quot;:1,&quot;permalink&quot;:&quot;https:\\\/\\\/www.jazzzeitung.de\\\/cms\\\/2019\\\/11\\\/3-aus-34-7-junger-muenchner-jazzpreis-2019-mit-grandiosem-konzertfinale\\\/&quot;,&quot;likes_blog_id&quot;:55446655}' itemscope itemtype=\"http:\/\/schema.org\/ImageGallery\" > <div class=\"gallery-row\" style=\"width: 840px; height: 421px;\" data-original-width=\"840\" data-original-height=\"421\" > <div class=\"gallery-group images-1\" style=\"width: 280px; height: 421px;\" data-original-width=\"280\" data-original-height=\"421\" > <div class=\"tiled-gallery-item tiled-gallery-item-large\" itemprop=\"associatedMedia\" itemscope itemtype=\"http:\/\/schema.org\/ImageObject\"> <a href=\"https:\/\/www.jazzzeitung.de\/cms\/2019\/11\/3-aus-34-7-junger-muenchner-jazzpreis-2019-mit-grandiosem-konzertfinale\/kerkhofjannikgodehard-lutzbayern-mail-de_imgp0520\/\" border=\"0\" itemprop=\"url\"> <meta itemprop=\"width\" content=\"276\"> <meta itemprop=\"height\" content=\"417\"> <img decoding=\"async\" class=\"\" data-attachment-id=\"21312\" data-orig-file=\"https:\/\/www.jazzzeitung.de\/cms\/wp-content\/uploads\/2019\/11\/KERKHOFJannik\u252c\u00aeGodehard.Lutz@bayern-mail.de_IMGP0520-scaled.jpg\" data-orig-size=\"1696,2560\" data-comments-opened=\"1\" data-image-meta=\"{&quot;aperture&quot;:&quot;2.8&quot;,&quot;credit&quot;:&quot;Godehard LUTZ&quot;,&quot;camera&quot;:&quot;PENTAX K-30&quot;,&quot;caption&quot;:&quot;&quot;,&quot;created_timestamp&quot;:&quot;1573255944&quot;,&quot;copyright&quot;:&quot;Godehard.Lutz@maxi-dsl.de&quot;,&quot;focal_length&quot;:&quot;50&quot;,&quot;iso&quot;:&quot;3200&quot;,&quot;shutter_speed&quot;:&quot;0.0125&quot;,&quot;title&quot;:&quot;&quot;,&quot;orientation&quot;:&quot;1&quot;}\" data-image-title=\"KERKHOF,Jannik\u252c\u00aeGodehard.Lutz@bayern-mail.de_IMGP0520\" data-image-description=\"\" data-medium-file=\"https:\/\/i0.wp.com\/www.jazzzeitung.de\/cms\/wp-content\/uploads\/2019\/11\/KERKHOFJannik%E2%94%AC%C2%AEGodehard.Lutz%40bayern-mail.de_IMGP0520-scaled.jpg?fit=199%2C300&#038;ssl=1\" data-large-file=\"https:\/\/i0.wp.com\/www.jazzzeitung.de\/cms\/wp-content\/uploads\/2019\/11\/KERKHOFJannik%E2%94%AC%C2%AEGodehard.Lutz%40bayern-mail.de_IMGP0520-scaled.jpg?fit=397%2C600&#038;ssl=1\" src=\"https:\/\/i0.wp.com\/www.jazzzeitung.de\/cms\/wp-content\/uploads\/2019\/11\/KERKHOFJannik%E2%94%AC%C2%AEGodehard.Lutz%40bayern-mail.de_IMGP0520-scaled.jpg?w=276&#038;h=417&#038;ssl=1\" width=\"276\" height=\"417\" loading=\"lazy\" data-original-width=\"276\" data-original-height=\"417\" itemprop=\"http:\/\/schema.org\/image\" title=\"KERKHOF,Jannik\u252c\u00aeGodehard.Lutz@bayern-mail.de_IMGP0520\" alt=\"Jannik Kerkhof. Foto: Godehard Lutz\" style=\"width: 276px; height: 417px;\" \/> <\/a> <div class=\"tiled-gallery-caption\" itemprop=\"caption description\"> Jannik Kerkhof. Foto: Godehard Lutz <\/div> <\/div> <\/div> <!-- close group --> <div class=\"gallery-group images-1\" style=\"width: 280px; height: 421px;\" data-original-width=\"280\" data-original-height=\"421\" > <div class=\"tiled-gallery-item tiled-gallery-item-large\" itemprop=\"associatedMedia\" itemscope itemtype=\"http:\/\/schema.org\/ImageObject\"> <a href=\"https:\/\/www.jazzzeitung.de\/cms\/2019\/11\/3-aus-34-7-junger-muenchner-jazzpreis-2019-mit-grandiosem-konzertfinale\/mielkejonasgodehard-lutzbayern-mail-de_imgp0510\/\" border=\"0\" itemprop=\"url\"> <meta itemprop=\"width\" content=\"276\"> <meta itemprop=\"height\" content=\"417\"> <img decoding=\"async\" class=\"\" data-attachment-id=\"21313\" data-orig-file=\"https:\/\/www.jazzzeitung.de\/cms\/wp-content\/uploads\/2019\/11\/MIELKEJonas\u252c\u00aeGodehard.Lutz@bayern-mail.de_IMGP0510-scaled.jpg\" data-orig-size=\"1696,2560\" data-comments-opened=\"1\" data-image-meta=\"{&quot;aperture&quot;:&quot;2.8&quot;,&quot;credit&quot;:&quot;Godehard LUTZ&quot;,&quot;camera&quot;:&quot;PENTAX K-30&quot;,&quot;caption&quot;:&quot;&quot;,&quot;created_timestamp&quot;:&quot;1573255564&quot;,&quot;copyright&quot;:&quot;Godehard.Lutz@maxi-dsl.de&quot;,&quot;focal_length&quot;:&quot;80&quot;,&quot;iso&quot;:&quot;1600&quot;,&quot;shutter_speed&quot;:&quot;0.008&quot;,&quot;title&quot;:&quot;&quot;,&quot;orientation&quot;:&quot;1&quot;}\" data-image-title=\"MIELKE,Jonas\u252c\u00aeGodehard.Lutz@bayern-mail.de_IMGP0510\" data-image-description=\"\" data-medium-file=\"https:\/\/i0.wp.com\/www.jazzzeitung.de\/cms\/wp-content\/uploads\/2019\/11\/MIELKEJonas%E2%94%AC%C2%AEGodehard.Lutz%40bayern-mail.de_IMGP0510-scaled.jpg?fit=199%2C300&#038;ssl=1\" data-large-file=\"https:\/\/i0.wp.com\/www.jazzzeitung.de\/cms\/wp-content\/uploads\/2019\/11\/MIELKEJonas%E2%94%AC%C2%AEGodehard.Lutz%40bayern-mail.de_IMGP0510-scaled.jpg?fit=397%2C600&#038;ssl=1\" src=\"https:\/\/i0.wp.com\/www.jazzzeitung.de\/cms\/wp-content\/uploads\/2019\/11\/MIELKEJonas%E2%94%AC%C2%AEGodehard.Lutz%40bayern-mail.de_IMGP0510-scaled.jpg?w=276&#038;h=417&#038;ssl=1\" width=\"276\" height=\"417\" loading=\"lazy\" data-original-width=\"276\" data-original-height=\"417\" itemprop=\"http:\/\/schema.org\/image\" title=\"MIELKE,Jonas\u252c\u00aeGodehard.Lutz@bayern-mail.de_IMGP0510\" alt=\"Jonas Mielke Foto: Godehard Lutz\" style=\"width: 276px; height: 417px;\" \/> <\/a> <div class=\"tiled-gallery-caption\" itemprop=\"caption description\"> Jonas Mielke Foto: Godehard Lutz <\/div> <\/div> <\/div> <!-- close group --> <div class=\"gallery-group images-1\" style=\"width: 280px; height: 421px;\" data-original-width=\"280\" data-original-height=\"421\" > <div class=\"tiled-gallery-item tiled-gallery-item-large\" itemprop=\"associatedMedia\" itemscope itemtype=\"http:\/\/schema.org\/ImageObject\"> <a href=\"https:\/\/www.jazzzeitung.de\/cms\/2019\/11\/3-aus-34-7-junger-muenchner-jazzpreis-2019-mit-grandiosem-konzertfinale\/suchanekmikoeajgodehard-lutzbayern-mail-de_imgp0515\/\" border=\"0\" itemprop=\"url\"> <meta itemprop=\"width\" content=\"276\"> <meta itemprop=\"height\" content=\"417\"> <img decoding=\"async\" class=\"\" data-attachment-id=\"21314\" data-orig-file=\"https:\/\/www.jazzzeitung.de\/cms\/wp-content\/uploads\/2019\/11\/SUCHANEKMiko\u253c\u00e9aj\u252c\u00aeGodehard.Lutz@bayern-mail.de_IMGP0515-scaled.jpg\" data-orig-size=\"1696,2560\" data-comments-opened=\"1\" data-image-meta=\"{&quot;aperture&quot;:&quot;2.8&quot;,&quot;credit&quot;:&quot;Godehard LUTZ&quot;,&quot;camera&quot;:&quot;PENTAX K-30&quot;,&quot;caption&quot;:&quot;&quot;,&quot;created_timestamp&quot;:&quot;1573255663&quot;,&quot;copyright&quot;:&quot;Godehard.Lutz@maxi-dsl.de&quot;,&quot;focal_length&quot;:&quot;110&quot;,&quot;iso&quot;:&quot;3200&quot;,&quot;shutter_speed&quot;:&quot;0.00625&quot;,&quot;title&quot;:&quot;&quot;,&quot;orientation&quot;:&quot;1&quot;}\" data-image-title=\"SUCHANEK,Miko\u253c\u00e9aj\u252c\u00aeGodehard.Lutz@bayern-mail.de_IMGP0515\" data-image-description=\"\" data-medium-file=\"https:\/\/i0.wp.com\/www.jazzzeitung.de\/cms\/wp-content\/uploads\/2019\/11\/SUCHANEKMiko%E2%94%BC%C3%A9aj%E2%94%AC%C2%AEGodehard.Lutz%40bayern-mail.de_IMGP0515-scaled.jpg?fit=199%2C300&#038;ssl=1\" data-large-file=\"https:\/\/i0.wp.com\/www.jazzzeitung.de\/cms\/wp-content\/uploads\/2019\/11\/SUCHANEKMiko%E2%94%BC%C3%A9aj%E2%94%AC%C2%AEGodehard.Lutz%40bayern-mail.de_IMGP0515-scaled.jpg?fit=397%2C600&#038;ssl=1\" src=\"https:\/\/i0.wp.com\/www.jazzzeitung.de\/cms\/wp-content\/uploads\/2019\/11\/SUCHANEKMiko%E2%94%BC%C3%A9aj%E2%94%AC%C2%AEGodehard.Lutz%40bayern-mail.de_IMGP0515-scaled.jpg?w=276&#038;h=417&#038;ssl=1\" width=\"276\" height=\"417\" loading=\"lazy\" data-original-width=\"276\" data-original-height=\"417\" itemprop=\"http:\/\/schema.org\/image\" title=\"SUCHANEK,Miko\u253c\u00e9aj\u252c\u00aeGodehard.Lutz@bayern-mail.de_IMGP0515\" alt=\"Miko Suchanek. Foto: Godehard Lutz\" style=\"width: 276px; height: 417px;\" \/> <\/a> <div class=\"tiled-gallery-caption\" itemprop=\"caption description\"> Miko Suchanek. Foto: Godehard Lutz <\/div> <\/div> <\/div> <!-- close group --> <\/div> <!-- close row --> <\/div>\n<p>Nicht nur musikalisch war der Wettbewerb, der von mucjazz, dem M\u00fcnchner Verein zur F\u00f6rderung von Jazz e. V. (<a href=\"http:\/\/www.mucjazz.fa-ro.de\/\">http:\/\/www.mucjazz.fa-ro.de\/<\/a>) veranstaltet und finanziert wird, ein Erfolg. Die Unterfahrt war lange im voraus ausverkauft und am Abend bis auf den letzten Platz besetzt. 34 Bands aus ganz Deutschland hatten sich beworben, die 3 Finalisten sich im Blindfoldtest der Jury durchgesetzt. Mit ihnen gab es dann auch gleich noch eine internationale Besetzung des Wettbewerbs, wie es dem Jazz angemessen ist.<\/p>\n<p>Godehard Lutz<\/p>\n","protected":false},"excerpt":{"rendered":"<p>Der 7. Junge M\u00fcnchner Jazzpreis 2019 wurde nach einem grandiosen Konzertfinale im Jazzclub Unterfahrt ohne weitere Begr\u00fcndung verliehen. Gewinner des 1. Preises, dotiert mit 2500 \u20ac, ist das SH4iKH Quartett aus Mainz. Die Formation des aus Frankfurt stammenden Alt- und Sopran-Saxophonisten Maximilian Shaikh-Yousef mit Lukas Moriz am Piano, Bastian Weinig am Bass und Leopold Ebert am Schlagzeug \u00fcberzeugte die Zuh\u00f6rer und wohl auch die Jury mit durchdachten und \u00fcberraschenden Kompositionen, im modernen Jazz verwurzelt und mit einer Prise arabischer Musik gew\u00fcrzt. Der mit 2000 \u20ac dotierte zweite Preis ging nach Berlin an das Quartett LEL\u00c9KA. Die so charmante wie mitrei\u00dfende und kraftvolle ukrainische S\u00e4ngerin Viktoria Lel\u00e9ka brachte mit Thomas Kolarczyk, der sich am Bass den Solistenpreis erspielte, Povel Widestrand (Piano) und Jakob Hegner (Drums) in ihrer Muttersprache gesungene ukrainisch Volkslieder \u00fcberzeugen in Jazzform. 1500 \u20ac gingen an das JMJ Trio Jonas Mielke (Bass), Mikolaj Suchanek (Piano) und Jannik Kerkhof (Drums)\u00a0aus Dresden, dessen ebenfalls in der modernen Jazztradition stehenden Komposition etwas weniger \u00fcberraschend und ausgefeilt waren als die der Sieger. Nicht nur musikalisch war der Wettbewerb, der von mucjazz, dem M\u00fcnchner Verein zur F\u00f6rderung von Jazz &hellip;<\/p>\n","protected":false},"author":18,"featured_media":21302,"comment_status":"open","ping_status":"closed","sticky":false,"template":"","format":"standard","meta":{"_jetpack_memberships_contains_paid_content":false,"footnotes":"","jetpack_publicize_message":"","jetpack_publicize_feature_enabled":true,"jetpack_social_post_already_shared":false,"jetpack_social_options":{"image_generator_settings":{"template":"highway","default_image_id":0,"font":"","enabled":false},"version":2}},"categories":[633],"tags":[2019,1763,66,137,154,184,1243,1876,271,809,1423,1344,2095,1956,2193,1116,442,1502,1965,2139,1564,1356,573,19],"coauthors":[695],"class_list":["post-21297","post","type-post","status-publish","format-standard","has-post-thumbnail","hentry","category-nachrichten","tag-2019","tag-bass","tag-berlin","tag-deutschland","tag-dresden","tag-frankfurt","tag-godehard-lutz","tag-jazz","tag-jazzclub","tag-jazzclub-unterfahrt","tag-jazzpreis","tag-junger-muenchner-jazzpreis","tag-konzertfinale","tag-leleka","tag-mainz","tag-mucjazz","tag-piano","tag-preis","tag-quartett","tag-s","tag-schlagzeug","tag-trio","tag-unterfahrt","tag-wettbewerb"],"yoast_head":"<!-- This site is optimized with the Yoast SEO plugin v27.5 - https:\/\/yoast.com\/product\/yoast-seo-wordpress\/ -->\n<title>3 aus 34: 7. Junger M\u00fcnchner Jazzpreis 2019 mit grandiosem Konzertfinale - JazzZeitung<\/title>\n<meta name=\"robots\" content=\"index, follow, max-snippet:-1, max-image-preview:large, max-video-preview:-1\" \/>\n<link rel=\"canonical\" href=\"https:\/\/www.jazzzeitung.de\/cms\/2019\/11\/3-aus-34-7-junger-muenchner-jazzpreis-2019-mit-grandiosem-konzertfinale\/\" \/>\n<meta property=\"og:locale\" content=\"de_DE\" \/>\n<meta property=\"og:type\" content=\"article\" \/>\n<meta property=\"og:title\" content=\"3 aus 34: 7. Junger M\u00fcnchner Jazzpreis 2019 mit grandiosem Konzertfinale - JazzZeitung\" \/>\n<meta property=\"og:description\" content=\"Der 7. Junge M\u00fcnchner Jazzpreis 2019 wurde nach einem grandiosen Konzertfinale im Jazzclub Unterfahrt ohne weitere Begr\u00fcndung verliehen. Gewinner des 1. Preises, dotiert mit 2500 \u20ac, ist das SH4iKH Quartett aus Mainz. Die Formation des aus Frankfurt stammenden Alt- und Sopran-Saxophonisten Maximilian Shaikh-Yousef mit Lukas Moriz am Piano, Bastian Weinig am Bass und Leopold Ebert am Schlagzeug \u00fcberzeugte die Zuh\u00f6rer und wohl auch die Jury mit durchdachten und \u00fcberraschenden Kompositionen, im modernen Jazz verwurzelt und mit einer Prise arabischer Musik gew\u00fcrzt. Der mit 2000 \u20ac dotierte zweite Preis ging nach Berlin an das Quartett LEL\u00c9KA. Die so charmante wie mitrei\u00dfende und kraftvolle ukrainische S\u00e4ngerin Viktoria Lel\u00e9ka brachte mit Thomas Kolarczyk, der sich am Bass den Solistenpreis erspielte, Povel Widestrand (Piano) und Jakob Hegner (Drums) in ihrer Muttersprache gesungene ukrainisch Volkslieder \u00fcberzeugen in Jazzform. 1500 \u20ac gingen an das JMJ Trio Jonas Mielke (Bass), Mikolaj Suchanek (Piano) und Jannik Kerkhof (Drums)\u00a0aus Dresden, dessen ebenfalls in der modernen Jazztradition stehenden Komposition etwas weniger \u00fcberraschend und ausgefeilt waren als die der Sieger. Nicht nur musikalisch war der Wettbewerb, der von mucjazz, dem M\u00fcnchner Verein zur F\u00f6rderung von Jazz &hellip;\" \/>\n<meta property=\"og:url\" content=\"https:\/\/www.jazzzeitung.de\/cms\/2019\/11\/3-aus-34-7-junger-muenchner-jazzpreis-2019-mit-grandiosem-konzertfinale\/\" \/>\n<meta property=\"og:site_name\" content=\"JazzZeitung\" \/>\n<meta property=\"article:publisher\" content=\"https:\/\/www.facebook.com\/JazzZeitung\/\" \/>\n<meta property=\"article:published_time\" content=\"2019-11-15T07:33:33+00:00\" \/>\n<meta property=\"og:image\" content=\"https:\/\/i0.wp.com\/www.jazzzeitung.de\/cms\/wp-content\/uploads\/2019\/11\/SH4IKH-4et_MORIZ_WEINIG_SHAIKH-YOUSEF-EBERT\u252c\u00aeGodehard.Lutz@bayern-mail.de_IMGP0549AB-scaled.jpg?fit=2560%2C1695&ssl=1\" \/>\n\t<meta property=\"og:image:width\" content=\"2560\" \/>\n\t<meta property=\"og:image:height\" content=\"1695\" \/>\n\t<meta property=\"og:image:type\" content=\"image\/jpeg\" \/>\n<meta name=\"author\" content=\"Redaktion JazzZeitung\" \/>\n<script type=\"application\/ld+json\" class=\"yoast-schema-graph\">{\"@context\":\"https:\\\/\\\/schema.org\",\"@graph\":[{\"@type\":\"Article\",\"@id\":\"https:\\\/\\\/www.jazzzeitung.de\\\/cms\\\/2019\\\/11\\\/3-aus-34-7-junger-muenchner-jazzpreis-2019-mit-grandiosem-konzertfinale\\\/#article\",\"isPartOf\":{\"@id\":\"https:\\\/\\\/www.jazzzeitung.de\\\/cms\\\/2019\\\/11\\\/3-aus-34-7-junger-muenchner-jazzpreis-2019-mit-grandiosem-konzertfinale\\\/\"},\"author\":{\"name\":\"Redaktion JazzZeitung\",\"@id\":\"https:\\\/\\\/www.jazzzeitung.de\\\/cms\\\/#\\\/schema\\\/person\\\/2245b36b9cd1d24cea10f01c031fb92b\"},\"headline\":\"3 aus 34: 7. Junger M\u00fcnchner Jazzpreis 2019 mit grandiosem Konzertfinale\",\"datePublished\":\"2019-11-15T07:33:33+00:00\",\"mainEntityOfPage\":{\"@id\":\"https:\\\/\\\/www.jazzzeitung.de\\\/cms\\\/2019\\\/11\\\/3-aus-34-7-junger-muenchner-jazzpreis-2019-mit-grandiosem-konzertfinale\\\/\"},\"wordCount\":273,\"commentCount\":0,\"publisher\":{\"@id\":\"https:\\\/\\\/www.jazzzeitung.de\\\/cms\\\/#organization\"},\"image\":{\"@id\":\"https:\\\/\\\/www.jazzzeitung.de\\\/cms\\\/2019\\\/11\\\/3-aus-34-7-junger-muenchner-jazzpreis-2019-mit-grandiosem-konzertfinale\\\/#primaryimage\"},\"thumbnailUrl\":\"https:\\\/\\\/i0.wp.com\\\/www.jazzzeitung.de\\\/cms\\\/wp-content\\\/uploads\\\/2019\\\/11\\\/SH4IKH-4et_MORIZ_WEINIG_SHAIKH-YOUSEF-EBERT%E2%94%AC%C2%AEGodehard.Lutz%40bayern-mail.de_IMGP0549AB-scaled.jpg?fit=2560%2C1695&ssl=1\",\"keywords\":[\"2019\",\"Bass\",\"Berlin\",\"Deutschland\",\"Dresden\",\"Frankfurt\",\"Godehard Lutz\",\"Jazz\",\"Jazzclub\",\"Jazzclub Unterfahrt\",\"Jazzpreis\",\"Junger M\u00fcnchner Jazzpreis\",\"Konzertfinale\",\"Lel\u00e9ka\",\"Mainz\",\"mucjazz\",\"Piano\",\"Preis\",\"Quartett\",\"S\",\"Schlagzeug\",\"trio\",\"Unterfahrt\",\"Wettbewerb\"],\"articleSection\":[\"News\"],\"inLanguage\":\"de\",\"potentialAction\":[{\"@type\":\"CommentAction\",\"name\":\"Comment\",\"target\":[\"https:\\\/\\\/www.jazzzeitung.de\\\/cms\\\/2019\\\/11\\\/3-aus-34-7-junger-muenchner-jazzpreis-2019-mit-grandiosem-konzertfinale\\\/#respond\"]}]},{\"@type\":\"WebPage\",\"@id\":\"https:\\\/\\\/www.jazzzeitung.de\\\/cms\\\/2019\\\/11\\\/3-aus-34-7-junger-muenchner-jazzpreis-2019-mit-grandiosem-konzertfinale\\\/\",\"url\":\"https:\\\/\\\/www.jazzzeitung.de\\\/cms\\\/2019\\\/11\\\/3-aus-34-7-junger-muenchner-jazzpreis-2019-mit-grandiosem-konzertfinale\\\/\",\"name\":\"3 aus 34: 7. Junger M\u00fcnchner Jazzpreis 2019 mit grandiosem Konzertfinale - JazzZeitung\",\"isPartOf\":{\"@id\":\"https:\\\/\\\/www.jazzzeitung.de\\\/cms\\\/#website\"},\"primaryImageOfPage\":{\"@id\":\"https:\\\/\\\/www.jazzzeitung.de\\\/cms\\\/2019\\\/11\\\/3-aus-34-7-junger-muenchner-jazzpreis-2019-mit-grandiosem-konzertfinale\\\/#primaryimage\"},\"image\":{\"@id\":\"https:\\\/\\\/www.jazzzeitung.de\\\/cms\\\/2019\\\/11\\\/3-aus-34-7-junger-muenchner-jazzpreis-2019-mit-grandiosem-konzertfinale\\\/#primaryimage\"},\"thumbnailUrl\":\"https:\\\/\\\/i0.wp.com\\\/www.jazzzeitung.de\\\/cms\\\/wp-content\\\/uploads\\\/2019\\\/11\\\/SH4IKH-4et_MORIZ_WEINIG_SHAIKH-YOUSEF-EBERT%E2%94%AC%C2%AEGodehard.Lutz%40bayern-mail.de_IMGP0549AB-scaled.jpg?fit=2560%2C1695&ssl=1\",\"datePublished\":\"2019-11-15T07:33:33+00:00\",\"breadcrumb\":{\"@id\":\"https:\\\/\\\/www.jazzzeitung.de\\\/cms\\\/2019\\\/11\\\/3-aus-34-7-junger-muenchner-jazzpreis-2019-mit-grandiosem-konzertfinale\\\/#breadcrumb\"},\"inLanguage\":\"de\",\"potentialAction\":[{\"@type\":\"ReadAction\",\"target\":[\"https:\\\/\\\/www.jazzzeitung.de\\\/cms\\\/2019\\\/11\\\/3-aus-34-7-junger-muenchner-jazzpreis-2019-mit-grandiosem-konzertfinale\\\/\"]}]},{\"@type\":\"ImageObject\",\"inLanguage\":\"de\",\"@id\":\"https:\\\/\\\/www.jazzzeitung.de\\\/cms\\\/2019\\\/11\\\/3-aus-34-7-junger-muenchner-jazzpreis-2019-mit-grandiosem-konzertfinale\\\/#primaryimage\",\"url\":\"https:\\\/\\\/i0.wp.com\\\/www.jazzzeitung.de\\\/cms\\\/wp-content\\\/uploads\\\/2019\\\/11\\\/SH4IKH-4et_MORIZ_WEINIG_SHAIKH-YOUSEF-EBERT%E2%94%AC%C2%AEGodehard.Lutz%40bayern-mail.de_IMGP0549AB-scaled.jpg?fit=2560%2C1695&ssl=1\",\"contentUrl\":\"https:\\\/\\\/i0.wp.com\\\/www.jazzzeitung.de\\\/cms\\\/wp-content\\\/uploads\\\/2019\\\/11\\\/SH4IKH-4et_MORIZ_WEINIG_SHAIKH-YOUSEF-EBERT%E2%94%AC%C2%AEGodehard.Lutz%40bayern-mail.de_IMGP0549AB-scaled.jpg?fit=2560%2C1695&ssl=1\",\"width\":2560,\"height\":1695},{\"@type\":\"BreadcrumbList\",\"@id\":\"https:\\\/\\\/www.jazzzeitung.de\\\/cms\\\/2019\\\/11\\\/3-aus-34-7-junger-muenchner-jazzpreis-2019-mit-grandiosem-konzertfinale\\\/#breadcrumb\",\"itemListElement\":[{\"@type\":\"ListItem\",\"position\":1,\"name\":\"Startseite\",\"item\":\"https:\\\/\\\/www.jazzzeitung.de\\\/cms\\\/\"},{\"@type\":\"ListItem\",\"position\":2,\"name\":\"3 aus 34: 7. Junger M\u00fcnchner Jazzpreis 2019 mit grandiosem Konzertfinale\"}]},{\"@type\":\"WebSite\",\"@id\":\"https:\\\/\\\/www.jazzzeitung.de\\\/cms\\\/#website\",\"url\":\"https:\\\/\\\/www.jazzzeitung.de\\\/cms\\\/\",\"name\":\"JazzZeitung\",\"description\":\"Jazz-News und Jazz-Kontroverses\",\"publisher\":{\"@id\":\"https:\\\/\\\/www.jazzzeitung.de\\\/cms\\\/#organization\"},\"potentialAction\":[{\"@type\":\"SearchAction\",\"target\":{\"@type\":\"EntryPoint\",\"urlTemplate\":\"https:\\\/\\\/www.jazzzeitung.de\\\/cms\\\/?s={search_term_string}\"},\"query-input\":{\"@type\":\"PropertyValueSpecification\",\"valueRequired\":true,\"valueName\":\"search_term_string\"}}],\"inLanguage\":\"de\"},{\"@type\":\"Organization\",\"@id\":\"https:\\\/\\\/www.jazzzeitung.de\\\/cms\\\/#organization\",\"name\":\"JazzZeitung online\",\"url\":\"https:\\\/\\\/www.jazzzeitung.de\\\/cms\\\/\",\"logo\":{\"@type\":\"ImageObject\",\"inLanguage\":\"de\",\"@id\":\"https:\\\/\\\/www.jazzzeitung.de\\\/cms\\\/#\\\/schema\\\/logo\\\/image\\\/\",\"url\":\"https:\\\/\\\/i0.wp.com\\\/www.jazzzeitung.de\\\/cms\\\/wp-content\\\/uploads\\\/2015\\\/08\\\/JAZZZEITUNGDE_Logo_Neu.png?fit=499%2C200&ssl=1\",\"contentUrl\":\"https:\\\/\\\/i0.wp.com\\\/www.jazzzeitung.de\\\/cms\\\/wp-content\\\/uploads\\\/2015\\\/08\\\/JAZZZEITUNGDE_Logo_Neu.png?fit=499%2C200&ssl=1\",\"width\":499,\"height\":200,\"caption\":\"JazzZeitung online\"},\"image\":{\"@id\":\"https:\\\/\\\/www.jazzzeitung.de\\\/cms\\\/#\\\/schema\\\/logo\\\/image\\\/\"},\"sameAs\":[\"https:\\\/\\\/www.facebook.com\\\/JazzZeitung\\\/\"]},{\"@type\":\"Person\",\"@id\":\"https:\\\/\\\/www.jazzzeitung.de\\\/cms\\\/#\\\/schema\\\/person\\\/2245b36b9cd1d24cea10f01c031fb92b\",\"name\":\"Redaktion JazzZeitung\",\"image\":{\"@type\":\"ImageObject\",\"inLanguage\":\"de\",\"@id\":\"https:\\\/\\\/i0.wp.com\\\/www.jazzzeitung.de\\\/cms\\\/wp-content\\\/uploads\\\/2015\\\/08\\\/JAZZZEITUNGDE_Logo_Neu.png?resize=96%2C96&ssl=159975dcacb611b5700bd619b5daf0a7a\",\"url\":\"https:\\\/\\\/i0.wp.com\\\/www.jazzzeitung.de\\\/cms\\\/wp-content\\\/uploads\\\/2015\\\/08\\\/JAZZZEITUNGDE_Logo_Neu.png?resize=96%2C96&ssl=1\",\"contentUrl\":\"https:\\\/\\\/i0.wp.com\\\/www.jazzzeitung.de\\\/cms\\\/wp-content\\\/uploads\\\/2015\\\/08\\\/JAZZZEITUNGDE_Logo_Neu.png?resize=96%2C96&ssl=1\",\"caption\":\"Redaktion JazzZeitung\"},\"description\":\"Artikel der Redaktion der JazzZeitung.\",\"sameAs\":[\"http:\\\/\\\/www.jazzzeitung.de\\\/cms\\\/\"],\"url\":\"https:\\\/\\\/www.jazzzeitung.de\\\/cms\\\/author\\\/redaktion\\\/\"}]}<\/script>\n<!-- \/ Yoast SEO plugin. -->","yoast_head_json":{"title":"3 aus 34: 7. Junger M\u00fcnchner Jazzpreis 2019 mit grandiosem Konzertfinale - JazzZeitung","robots":{"index":"index","follow":"follow","max-snippet":"max-snippet:-1","max-image-preview":"max-image-preview:large","max-video-preview":"max-video-preview:-1"},"canonical":"https:\/\/www.jazzzeitung.de\/cms\/2019\/11\/3-aus-34-7-junger-muenchner-jazzpreis-2019-mit-grandiosem-konzertfinale\/","og_locale":"de_DE","og_type":"article","og_title":"3 aus 34: 7. Junger M\u00fcnchner Jazzpreis 2019 mit grandiosem Konzertfinale - JazzZeitung","og_description":"Der 7. Junge M\u00fcnchner Jazzpreis 2019 wurde nach einem grandiosen Konzertfinale im Jazzclub Unterfahrt ohne weitere Begr\u00fcndung verliehen. Gewinner des 1. Preises, dotiert mit 2500 \u20ac, ist das SH4iKH Quartett aus Mainz. Die Formation des aus Frankfurt stammenden Alt- und Sopran-Saxophonisten Maximilian Shaikh-Yousef mit Lukas Moriz am Piano, Bastian Weinig am Bass und Leopold Ebert am Schlagzeug \u00fcberzeugte die Zuh\u00f6rer und wohl auch die Jury mit durchdachten und \u00fcberraschenden Kompositionen, im modernen Jazz verwurzelt und mit einer Prise arabischer Musik gew\u00fcrzt. Der mit 2000 \u20ac dotierte zweite Preis ging nach Berlin an das Quartett LEL\u00c9KA. Die so charmante wie mitrei\u00dfende und kraftvolle ukrainische S\u00e4ngerin Viktoria Lel\u00e9ka brachte mit Thomas Kolarczyk, der sich am Bass den Solistenpreis erspielte, Povel Widestrand (Piano) und Jakob Hegner (Drums) in ihrer Muttersprache gesungene ukrainisch Volkslieder \u00fcberzeugen in Jazzform. 1500 \u20ac gingen an das JMJ Trio Jonas Mielke (Bass), Mikolaj Suchanek (Piano) und Jannik Kerkhof (Drums)\u00a0aus Dresden, dessen ebenfalls in der modernen Jazztradition stehenden Komposition etwas weniger \u00fcberraschend und ausgefeilt waren als die der Sieger. Nicht nur musikalisch war der Wettbewerb, der von mucjazz, dem M\u00fcnchner Verein zur F\u00f6rderung von Jazz &hellip;","og_url":"https:\/\/www.jazzzeitung.de\/cms\/2019\/11\/3-aus-34-7-junger-muenchner-jazzpreis-2019-mit-grandiosem-konzertfinale\/","og_site_name":"JazzZeitung","article_publisher":"https:\/\/www.facebook.com\/JazzZeitung\/","article_published_time":"2019-11-15T07:33:33+00:00","og_image":[{"width":2560,"height":1695,"url":"https:\/\/i0.wp.com\/www.jazzzeitung.de\/cms\/wp-content\/uploads\/2019\/11\/SH4IKH-4et_MORIZ_WEINIG_SHAIKH-YOUSEF-EBERT\u252c\u00aeGodehard.Lutz@bayern-mail.de_IMGP0549AB-scaled.jpg?fit=2560%2C1695&ssl=1","type":"image\/jpeg"}],"author":"Redaktion JazzZeitung","schema":{"@context":"https:\/\/schema.org","@graph":[{"@type":"Article","@id":"https:\/\/www.jazzzeitung.de\/cms\/2019\/11\/3-aus-34-7-junger-muenchner-jazzpreis-2019-mit-grandiosem-konzertfinale\/#article","isPartOf":{"@id":"https:\/\/www.jazzzeitung.de\/cms\/2019\/11\/3-aus-34-7-junger-muenchner-jazzpreis-2019-mit-grandiosem-konzertfinale\/"},"author":{"name":"Redaktion JazzZeitung","@id":"https:\/\/www.jazzzeitung.de\/cms\/#\/schema\/person\/2245b36b9cd1d24cea10f01c031fb92b"},"headline":"3 aus 34: 7. Junger M\u00fcnchner Jazzpreis 2019 mit grandiosem Konzertfinale","datePublished":"2019-11-15T07:33:33+00:00","mainEntityOfPage":{"@id":"https:\/\/www.jazzzeitung.de\/cms\/2019\/11\/3-aus-34-7-junger-muenchner-jazzpreis-2019-mit-grandiosem-konzertfinale\/"},"wordCount":273,"commentCount":0,"publisher":{"@id":"https:\/\/www.jazzzeitung.de\/cms\/#organization"},"image":{"@id":"https:\/\/www.jazzzeitung.de\/cms\/2019\/11\/3-aus-34-7-junger-muenchner-jazzpreis-2019-mit-grandiosem-konzertfinale\/#primaryimage"},"thumbnailUrl":"https:\/\/i0.wp.com\/www.jazzzeitung.de\/cms\/wp-content\/uploads\/2019\/11\/SH4IKH-4et_MORIZ_WEINIG_SHAIKH-YOUSEF-EBERT%E2%94%AC%C2%AEGodehard.Lutz%40bayern-mail.de_IMGP0549AB-scaled.jpg?fit=2560%2C1695&ssl=1","keywords":["2019","Bass","Berlin","Deutschland","Dresden","Frankfurt","Godehard Lutz","Jazz","Jazzclub","Jazzclub Unterfahrt","Jazzpreis","Junger M\u00fcnchner Jazzpreis","Konzertfinale","Lel\u00e9ka","Mainz","mucjazz","Piano","Preis","Quartett","S","Schlagzeug","trio","Unterfahrt","Wettbewerb"],"articleSection":["News"],"inLanguage":"de","potentialAction":[{"@type":"CommentAction","name":"Comment","target":["https:\/\/www.jazzzeitung.de\/cms\/2019\/11\/3-aus-34-7-junger-muenchner-jazzpreis-2019-mit-grandiosem-konzertfinale\/#respond"]}]},{"@type":"WebPage","@id":"https:\/\/www.jazzzeitung.de\/cms\/2019\/11\/3-aus-34-7-junger-muenchner-jazzpreis-2019-mit-grandiosem-konzertfinale\/","url":"https:\/\/www.jazzzeitung.de\/cms\/2019\/11\/3-aus-34-7-junger-muenchner-jazzpreis-2019-mit-grandiosem-konzertfinale\/","name":"3 aus 34: 7. Junger M\u00fcnchner Jazzpreis 2019 mit grandiosem Konzertfinale - JazzZeitung","isPartOf":{"@id":"https:\/\/www.jazzzeitung.de\/cms\/#website"},"primaryImageOfPage":{"@id":"https:\/\/www.jazzzeitung.de\/cms\/2019\/11\/3-aus-34-7-junger-muenchner-jazzpreis-2019-mit-grandiosem-konzertfinale\/#primaryimage"},"image":{"@id":"https:\/\/www.jazzzeitung.de\/cms\/2019\/11\/3-aus-34-7-junger-muenchner-jazzpreis-2019-mit-grandiosem-konzertfinale\/#primaryimage"},"thumbnailUrl":"https:\/\/i0.wp.com\/www.jazzzeitung.de\/cms\/wp-content\/uploads\/2019\/11\/SH4IKH-4et_MORIZ_WEINIG_SHAIKH-YOUSEF-EBERT%E2%94%AC%C2%AEGodehard.Lutz%40bayern-mail.de_IMGP0549AB-scaled.jpg?fit=2560%2C1695&ssl=1","datePublished":"2019-11-15T07:33:33+00:00","breadcrumb":{"@id":"https:\/\/www.jazzzeitung.de\/cms\/2019\/11\/3-aus-34-7-junger-muenchner-jazzpreis-2019-mit-grandiosem-konzertfinale\/#breadcrumb"},"inLanguage":"de","potentialAction":[{"@type":"ReadAction","target":["https:\/\/www.jazzzeitung.de\/cms\/2019\/11\/3-aus-34-7-junger-muenchner-jazzpreis-2019-mit-grandiosem-konzertfinale\/"]}]},{"@type":"ImageObject","inLanguage":"de","@id":"https:\/\/www.jazzzeitung.de\/cms\/2019\/11\/3-aus-34-7-junger-muenchner-jazzpreis-2019-mit-grandiosem-konzertfinale\/#primaryimage","url":"https:\/\/i0.wp.com\/www.jazzzeitung.de\/cms\/wp-content\/uploads\/2019\/11\/SH4IKH-4et_MORIZ_WEINIG_SHAIKH-YOUSEF-EBERT%E2%94%AC%C2%AEGodehard.Lutz%40bayern-mail.de_IMGP0549AB-scaled.jpg?fit=2560%2C1695&ssl=1","contentUrl":"https:\/\/i0.wp.com\/www.jazzzeitung.de\/cms\/wp-content\/uploads\/2019\/11\/SH4IKH-4et_MORIZ_WEINIG_SHAIKH-YOUSEF-EBERT%E2%94%AC%C2%AEGodehard.Lutz%40bayern-mail.de_IMGP0549AB-scaled.jpg?fit=2560%2C1695&ssl=1","width":2560,"height":1695},{"@type":"BreadcrumbList","@id":"https:\/\/www.jazzzeitung.de\/cms\/2019\/11\/3-aus-34-7-junger-muenchner-jazzpreis-2019-mit-grandiosem-konzertfinale\/#breadcrumb","itemListElement":[{"@type":"ListItem","position":1,"name":"Startseite","item":"https:\/\/www.jazzzeitung.de\/cms\/"},{"@type":"ListItem","position":2,"name":"3 aus 34: 7. Junger M\u00fcnchner Jazzpreis 2019 mit grandiosem Konzertfinale"}]},{"@type":"WebSite","@id":"https:\/\/www.jazzzeitung.de\/cms\/#website","url":"https:\/\/www.jazzzeitung.de\/cms\/","name":"JazzZeitung","description":"Jazz-News und Jazz-Kontroverses","publisher":{"@id":"https:\/\/www.jazzzeitung.de\/cms\/#organization"},"potentialAction":[{"@type":"SearchAction","target":{"@type":"EntryPoint","urlTemplate":"https:\/\/www.jazzzeitung.de\/cms\/?s={search_term_string}"},"query-input":{"@type":"PropertyValueSpecification","valueRequired":true,"valueName":"search_term_string"}}],"inLanguage":"de"},{"@type":"Organization","@id":"https:\/\/www.jazzzeitung.de\/cms\/#organization","name":"JazzZeitung online","url":"https:\/\/www.jazzzeitung.de\/cms\/","logo":{"@type":"ImageObject","inLanguage":"de","@id":"https:\/\/www.jazzzeitung.de\/cms\/#\/schema\/logo\/image\/","url":"https:\/\/i0.wp.com\/www.jazzzeitung.de\/cms\/wp-content\/uploads\/2015\/08\/JAZZZEITUNGDE_Logo_Neu.png?fit=499%2C200&ssl=1","contentUrl":"https:\/\/i0.wp.com\/www.jazzzeitung.de\/cms\/wp-content\/uploads\/2015\/08\/JAZZZEITUNGDE_Logo_Neu.png?fit=499%2C200&ssl=1","width":499,"height":200,"caption":"JazzZeitung online"},"image":{"@id":"https:\/\/www.jazzzeitung.de\/cms\/#\/schema\/logo\/image\/"},"sameAs":["https:\/\/www.facebook.com\/JazzZeitung\/"]},{"@type":"Person","@id":"https:\/\/www.jazzzeitung.de\/cms\/#\/schema\/person\/2245b36b9cd1d24cea10f01c031fb92b","name":"Redaktion JazzZeitung","image":{"@type":"ImageObject","inLanguage":"de","@id":"https:\/\/i0.wp.com\/www.jazzzeitung.de\/cms\/wp-content\/uploads\/2015\/08\/JAZZZEITUNGDE_Logo_Neu.png?resize=96%2C96&ssl=159975dcacb611b5700bd619b5daf0a7a","url":"https:\/\/i0.wp.com\/www.jazzzeitung.de\/cms\/wp-content\/uploads\/2015\/08\/JAZZZEITUNGDE_Logo_Neu.png?resize=96%2C96&ssl=1","contentUrl":"https:\/\/i0.wp.com\/www.jazzzeitung.de\/cms\/wp-content\/uploads\/2015\/08\/JAZZZEITUNGDE_Logo_Neu.png?resize=96%2C96&ssl=1","caption":"Redaktion JazzZeitung"},"description":"Artikel der Redaktion der JazzZeitung.","sameAs":["http:\/\/www.jazzzeitung.de\/cms\/"],"url":"https:\/\/www.jazzzeitung.de\/cms\/author\/redaktion\/"}]}},"wp-worthy-pixel":{"ignored":false,"public":null,"server":null,"url":null},"wp-worthy-type":"normal","jetpack_publicize_connections":[],"cc_featured_image_caption":{"caption_text":"","source_text":"","source_url":""},"jetpack_featured_media_url":"https:\/\/i0.wp.com\/www.jazzzeitung.de\/cms\/wp-content\/uploads\/2019\/11\/SH4IKH-4et_MORIZ_WEINIG_SHAIKH-YOUSEF-EBERT%E2%94%AC%C2%AEGodehard.Lutz%40bayern-mail.de_IMGP0549AB-scaled.jpg?fit=2560%2C1695&ssl=1","jetpack_shortlink":"https:\/\/wp.me\/p3KEcT-5xv","jetpack-related-posts":[{"id":11998,"url":"https:\/\/www.jazzzeitung.de\/cms\/2017\/03\/junger-muenchner-jazzpreis-2017-jetzt-bewerben\/","url_meta":{"origin":21297,"position":0},"title":"Junger M\u00fcnchner Jazzpreis 2017 &#8211; jetzt bewerben!","author":"Redaktion JazzZeitung","date":"20. M\u00e4rz 2017","format":false,"excerpt":"F\u00fcr den Jungen M\u00fcnchner Jazzpreis 2017 sind Bewerbungen von Bands bzw. Musiker(inn)en bis 28 Jahre sind bis zum 1. Juli 2017 (Eingang) herzlich willkommen. Junger M\u00fcnchner Jazzpreis Der Junge M\u00fcnchner Jazzpreis (JMJP) wird 2017 das 5. Mal vergeben. Es ist ein F\u00f6rderpreis von \u201amucjazz - M\u00fcnchner Verein zur F\u00f6rderung von\u2026","rel":"","context":"In &quot;News&quot;","block_context":{"text":"News","link":"https:\/\/www.jazzzeitung.de\/cms\/thema\/nachrichten\/"},"img":{"alt_text":"","src":"","width":0,"height":0},"classes":[]},{"id":10897,"url":"https:\/\/www.jazzzeitung.de\/cms\/2016\/11\/news-37-internationaler-jazz-workshop-in-erlangen-3-piano-marathon-ottobrunn-junger-muenchner-jazzpreis-konzertfinale\/","url_meta":{"origin":21297,"position":1},"title":"NEWS +++ 37. Internationaler Jazz Workshop in Erlangen +++ 3. Piano Marathon Ottobrunn+++ Junger M\u00fcnchner Jazzpreis Konzertfinale +++","author":"Redaktion JazzZeitung","date":"8. November 2016","format":false,"excerpt":"37. Internationaler Jazz Workshop in Erlangen Vom 15. bis zum 22. April 2017\u00a0gibt es in Erlangen den\u00a037. Internationalen Jazz Workshop. Als Dozenten sind 2017 geladen: Romy Camerun (voc), Andrey Lobanov (tp, flh), Prof. J\u00fcrgen Neudert (tb), Tony Lakatos, Hubert Winter und Joachim Lenhardt (saxophone), Peter O'Mara (git), Bernhard Pichl (p),\u2026","rel":"","context":"In &quot;News&quot;","block_context":{"text":"News","link":"https:\/\/www.jazzzeitung.de\/cms\/thema\/nachrichten\/"},"img":{"alt_text":"Rainer Glas (Bass). Foto: Privat","src":"https:\/\/i0.wp.com\/www.jazzzeitung.de\/cms\/wp-content\/uploads\/2016\/11\/DSC0082-150x150.jpg?resize=350%2C200","width":350,"height":200},"classes":[]},{"id":9585,"url":"https:\/\/www.jazzzeitung.de\/cms\/2016\/06\/junger-muenchner-jazzpreis-2016-steht-bevor\/","url_meta":{"origin":21297,"position":2},"title":"Jetzt bewerben f\u00fcr den Jungen M\u00fcnchner Jazzpreis 2016","author":"Redaktion JazzZeitung","date":"29. Juni 2016","format":false,"excerpt":"Am 11. November 2016 wird zum vierten Mal der Junge M\u00fcnchner Jazzpreis vergeben.\u00a0 Mit diesem Preis\u00a0 sollen junge K\u00fcnstler und Bands aus Deutschland gef\u00f6rdert werden. Bewerben k\u00f6nnen sich 1-6 Jazzmusiker(innen). Jede(r) Musiker(in) kann sich im selben Jahr nur einmal bewerben, insgesamt maximal dreimal. Alle Bewerber(innen) sollen zum Zeitpunkt der Bewerbungsfrist\u2026","rel":"","context":"In &quot;News&quot;","block_context":{"text":"News","link":"https:\/\/www.jazzzeitung.de\/cms\/thema\/nachrichten\/"},"img":{"alt_text":"Logo_Muc_Jazz-300x244","src":"https:\/\/i0.wp.com\/www.jazzzeitung.de\/cms\/wp-content\/uploads\/2016\/06\/Logo_Muc_Jazz-300x244-150x150.png?resize=350%2C200","width":350,"height":200},"classes":[]},{"id":21257,"url":"https:\/\/www.jazzzeitung.de\/cms\/2019\/11\/news-jahrespreis-der-dsk-fuer-emile-parisien-quartet-jazzkonzerte-in-northeimgoettingen-konzertfinale-junger-muenchner-jazzpreis-2019\/","url_meta":{"origin":21297,"position":3},"title":"+++ news +++ Jahrespreis der DSK f\u00fcr Emile Parisien Quartet +++ Jazzkonzerte in Northeim\/G\u00f6ttingen +++ Konzertfinale Junger M\u00fcnchner Jazzpreis 2019 +++","author":"Redaktion JazzZeitung","date":"5. November 2019","format":false,"excerpt":"+++ Jahrespreis der deutschen Schallplattenkritik f\u00fcr Emile Parisien Quartet \"Double Screening\" +++ Die Jury des wichtigsten deutschen Musik-Kritikerpreises hat \"Double Screening\" des franz\u00f6sischen Saxofonisten Emile Parisien unter die elf besten Alben des Jahres 2019 gew\u00e4hlt. \u00dcberreicht wurde die Auszeichnung am 28.10. auf Schloss Elmau von Jurymitglied und Musikjournalist Ralf Dombrowski.\u2026","rel":"","context":"In &quot;News&quot;","block_context":{"text":"News","link":"https:\/\/www.jazzzeitung.de\/cms\/thema\/nachrichten\/"},"img":{"alt_text":"","src":"https:\/\/i0.wp.com\/www.jazzzeitung.de\/cms\/wp-content\/uploads\/2019\/11\/DSC00276-Emile-Parisien-Quartet-Urkunde-c-Ralf-Dombrowski.jpg?fit=1200%2C800&ssl=1&resize=350%2C200","width":350,"height":200,"srcset":"https:\/\/i0.wp.com\/www.jazzzeitung.de\/cms\/wp-content\/uploads\/2019\/11\/DSC00276-Emile-Parisien-Quartet-Urkunde-c-Ralf-Dombrowski.jpg?fit=1200%2C800&ssl=1&resize=350%2C200 1x, https:\/\/i0.wp.com\/www.jazzzeitung.de\/cms\/wp-content\/uploads\/2019\/11\/DSC00276-Emile-Parisien-Quartet-Urkunde-c-Ralf-Dombrowski.jpg?fit=1200%2C800&ssl=1&resize=525%2C300 1.5x, https:\/\/i0.wp.com\/www.jazzzeitung.de\/cms\/wp-content\/uploads\/2019\/11\/DSC00276-Emile-Parisien-Quartet-Urkunde-c-Ralf-Dombrowski.jpg?fit=1200%2C800&ssl=1&resize=700%2C400 2x, https:\/\/i0.wp.com\/www.jazzzeitung.de\/cms\/wp-content\/uploads\/2019\/11\/DSC00276-Emile-Parisien-Quartet-Urkunde-c-Ralf-Dombrowski.jpg?fit=1200%2C800&ssl=1&resize=1050%2C600 3x"},"classes":[]},{"id":22636,"url":"https:\/\/www.jazzzeitung.de\/cms\/2020\/06\/news-hannah-weiss-und-vincent-rein-als-local-heroes-in-der-unterfahrtbewerben-fuer-den-jungen-muenchner-jazzpreis\/","url_meta":{"origin":21297,"position":4},"title":"+++News: +++Hannah Weiss und Vincent Rein als Local Heroes in der Unterfahrt+++Bewerben f\u00fcr den Jungen M\u00fcnchner Jazzpreis+++","author":"Redaktion JazzZeitung","date":"10. Juni 2020","format":false,"excerpt":"+++Local Heroes: Die Jazz-Streams aus M\u00fcnchen+++ \u201eLocal Heroes Live\u201c\u00a0 ist eine Live-Stream-Serie des M\u00fcnchener Jazzclub Unterfahrt. Die Tipps der JazzZeitung.de im Folgenden: \u00a0 Local Heroes Live #12 + 13 Abschlusskonzerte des Jazz-Instituts der Hochschule f\u00fcr Musik und Theater M\u00fcnchen Freitag, 12.06.2020 20.00 Uhr: Ganzenm\u00fcller\u2019s Bed & Breakbeat Besetzung: Julian Hesse\u2026","rel":"","context":"In &quot;News&quot;","block_context":{"text":"News","link":"https:\/\/www.jazzzeitung.de\/cms\/thema\/nachrichten\/"},"img":{"alt_text":"","src":"https:\/\/i0.wp.com\/www.jazzzeitung.de\/cms\/wp-content\/uploads\/2020\/06\/weiss.jpg?fit=709%2C1063&ssl=1&resize=350%2C200","width":350,"height":200,"srcset":"https:\/\/i0.wp.com\/www.jazzzeitung.de\/cms\/wp-content\/uploads\/2020\/06\/weiss.jpg?fit=709%2C1063&ssl=1&resize=350%2C200 1x, https:\/\/i0.wp.com\/www.jazzzeitung.de\/cms\/wp-content\/uploads\/2020\/06\/weiss.jpg?fit=709%2C1063&ssl=1&resize=525%2C300 1.5x, https:\/\/i0.wp.com\/www.jazzzeitung.de\/cms\/wp-content\/uploads\/2020\/06\/weiss.jpg?fit=709%2C1063&ssl=1&resize=700%2C400 2x"},"classes":[]},{"id":7704,"url":"https:\/\/www.jazzzeitung.de\/cms\/2015\/11\/news-konzertfinale-junger-muenchner-jazzpreis-2015-festival-jazzdate2015-leipzig\/","url_meta":{"origin":21297,"position":5},"title":"+++ News +++ Konzertfinale Junger M\u00fcnchner Jazzpreis 2015 +++ Festival JazzDate2015 Leipzig +++ Tobias Meinhart auf Tour +++","author":"Redaktion JazzZeitung","date":"10. November 2015","format":false,"excerpt":"+++ Konzertfinale Junger M\u00fcnchner Jazzpreis 2015 +++ Am Freitag, den 13. 11., 20 Uhr, findet in der M\u00fcnchner Unterfahrt das Konzertfinale des Jungen M\u00fcnchner Jazzpreises 2015 statt \u2013 ein Gl\u00fcckstag f\u00fcr den jungen deutschen Jazz. Der Preis (JMJP) wird 2015 das dritte Mal vergeben. Die Konzertfinale 2013 und 2014 in\u2026","rel":"","context":"In &quot;Redaktionelle Nachrichten&quot;","block_context":{"text":"Redaktionelle Nachrichten","link":"https:\/\/www.jazzzeitung.de\/cms\/thema\/redaktion\/"},"img":{"alt_text":"Tobais Meinhart. Foto: Mariana Meraz","src":"https:\/\/i0.wp.com\/www.jazzzeitung.de\/cms\/wp-content\/uploads\/2015\/11\/Tobias-Meinhart_c_Mariana-Meraz_8269-150x150.jpg?resize=350%2C200","width":350,"height":200},"classes":[]}],"jetpack_sharing_enabled":true,"_links":{"self":[{"href":"https:\/\/www.jazzzeitung.de\/cms\/wp-json\/wp\/v2\/posts\/21297","targetHints":{"allow":["GET"]}}],"collection":[{"href":"https:\/\/www.jazzzeitung.de\/cms\/wp-json\/wp\/v2\/posts"}],"about":[{"href":"https:\/\/www.jazzzeitung.de\/cms\/wp-json\/wp\/v2\/types\/post"}],"author":[{"embeddable":true,"href":"https:\/\/www.jazzzeitung.de\/cms\/wp-json\/wp\/v2\/users\/18"}],"replies":[{"embeddable":true,"href":"https:\/\/www.jazzzeitung.de\/cms\/wp-json\/wp\/v2\/comments?post=21297"}],"version-history":[{"count":5,"href":"https:\/\/www.jazzzeitung.de\/cms\/wp-json\/wp\/v2\/posts\/21297\/revisions"}],"predecessor-version":[{"id":21317,"href":"https:\/\/www.jazzzeitung.de\/cms\/wp-json\/wp\/v2\/posts\/21297\/revisions\/21317"}],"wp:featuredmedia":[{"embeddable":true,"href":"https:\/\/www.jazzzeitung.de\/cms\/wp-json\/wp\/v2\/media\/21302"}],"wp:attachment":[{"href":"https:\/\/www.jazzzeitung.de\/cms\/wp-json\/wp\/v2\/media?parent=21297"}],"wp:term":[{"taxonomy":"category","embeddable":true,"href":"https:\/\/www.jazzzeitung.de\/cms\/wp-json\/wp\/v2\/categories?post=21297"},{"taxonomy":"post_tag","embeddable":true,"href":"https:\/\/www.jazzzeitung.de\/cms\/wp-json\/wp\/v2\/tags?post=21297"},{"taxonomy":"author","embeddable":true,"href":"https:\/\/www.jazzzeitung.de\/cms\/wp-json\/wp\/v2\/coauthors?post=21297"}],"curies":[{"name":"wp","href":"https:\/\/api.w.org\/{rel}","templated":true}]}}