{"id":21087,"date":"2019-10-31T08:47:23","date_gmt":"2019-10-31T07:47:23","guid":{"rendered":"https:\/\/www.jazzzeitung.de\/cms\/?p=21087"},"modified":"2019-10-30T10:51:38","modified_gmt":"2019-10-30T09:51:38","slug":"zum-30-jazzfest-der-jazzmusiker-initiative-muenchen","status":"publish","type":"post","link":"https:\/\/www.jazzzeitung.de\/cms\/2019\/10\/zum-30-jazzfest-der-jazzmusiker-initiative-muenchen\/","title":{"rendered":"Das 30. Jazzfest der Jazzmusiker-Initiative M\u00fcnchen \u2013 erste Halbzeit"},"content":{"rendered":"<p>Das 30. Jazzfest der Jazzmusiker-Initiative M\u00fcnchen JIM begann mit zwei Konzerten\u00a0 in der Black Box im Kulturzentrum Gasteig. Dort ist es durch die Unterst\u00fctzung des Kulturreferats der Stadt M\u00fcnchen seit einigen Jahren zu Hause. Begonnen hat es 1990 als 5-t\u00e4gige Selbstdarstellung und Werbeveranstaltung der M\u00fcnchener Jazzszene. Aus ihr gr\u00fcndete sich im Jahr darauf JIM e. V. als Selbsthilfeorganisation und Veranstalter des Festivals. Im Zirkuszelt im Olympiapark, wo das Jazzfest manchmal fast im Schlamm versank, war es 5 Jahre beheimatet. Danach tingelte es durch die halbe Stadt und erschloss dem Jazz vor\u00fcbergehend die verschiedensten Spielorte.<\/p>\n<div class=\"tiled-gallery type-rectangular tiled-gallery-unresized\" data-original-width=\"840\" data-carousel-extra='{&quot;blog_id&quot;:1,&quot;permalink&quot;:&quot;https:\\\/\\\/www.jazzzeitung.de\\\/cms\\\/2019\\\/10\\\/zum-30-jazzfest-der-jazzmusiker-initiative-muenchen\\\/&quot;,&quot;likes_blog_id&quot;:55446655}' itemscope itemtype=\"http:\/\/schema.org\/ImageGallery\" > <div class=\"gallery-row\" style=\"width: 840px; height: 387px;\" data-original-width=\"840\" data-original-height=\"387\" > <div class=\"gallery-group images-1\" style=\"width: 582px; height: 387px;\" data-original-width=\"582\" data-original-height=\"387\" > <div class=\"tiled-gallery-item tiled-gallery-item-large\" itemprop=\"associatedMedia\" itemscope itemtype=\"http:\/\/schema.org\/ImageObject\"> <a href=\"https:\/\/www.jazzzeitung.de\/cms\/2019\/10\/zum-30-jazzfest-der-jazzmusiker-initiative-muenchen\/godehard-lutzbayern-mail-de_imgp0337\/\" border=\"0\" itemprop=\"url\"> <meta itemprop=\"width\" content=\"578\"> <meta itemprop=\"height\" content=\"383\"> <img decoding=\"async\" class=\"\" data-attachment-id=\"21089\" data-orig-file=\"https:\/\/www.jazzzeitung.de\/cms\/wp-content\/uploads\/2019\/10\/\u252c\u00aeGodehard.Lutz@bayern-mail.de_IMGP0337.jpg\" data-orig-size=\"4928,3264\" data-comments-opened=\"1\" data-image-meta=\"{&quot;aperture&quot;:&quot;2.8&quot;,&quot;credit&quot;:&quot;Godehard LUTZ&quot;,&quot;camera&quot;:&quot;PENTAX K-30&quot;,&quot;caption&quot;:&quot;&quot;,&quot;created_timestamp&quot;:&quot;1572122224&quot;,&quot;copyright&quot;:&quot;Godehard.Lutz@maxi-dsl.de&quot;,&quot;focal_length&quot;:&quot;28&quot;,&quot;iso&quot;:&quot;3200&quot;,&quot;shutter_speed&quot;:&quot;0.02&quot;,&quot;title&quot;:&quot;&quot;,&quot;orientation&quot;:&quot;1&quot;}\" data-image-title=\"\u252c\u00aeGodehard.Lutz@bayern-mail.de_IMGP0337\" data-image-description=\"\" data-medium-file=\"https:\/\/i0.wp.com\/www.jazzzeitung.de\/cms\/wp-content\/uploads\/2019\/10\/%E2%94%AC%C2%AEGodehard.Lutz%40bayern-mail.de_IMGP0337.jpg?fit=300%2C199&#038;ssl=1\" data-large-file=\"https:\/\/i0.wp.com\/www.jazzzeitung.de\/cms\/wp-content\/uploads\/2019\/10\/%E2%94%AC%C2%AEGodehard.Lutz%40bayern-mail.de_IMGP0337.jpg?fit=840%2C556&#038;ssl=1\" src=\"https:\/\/i0.wp.com\/www.jazzzeitung.de\/cms\/wp-content\/uploads\/2019\/10\/%E2%94%AC%C2%AEGodehard.Lutz%40bayern-mail.de_IMGP0337.jpg?w=578&#038;h=383&#038;ssl=1\" width=\"578\" height=\"383\" loading=\"lazy\" data-original-width=\"578\" data-original-height=\"383\" itemprop=\"http:\/\/schema.org\/image\" title=\"\u252c\u00aeGodehard.Lutz@bayern-mail.de_IMGP0337\" alt=\"Rudi Mahall, Matthieu Bordenave, Henning Sieverts und Bill Elgart. Foto. Godehard Lutz\" style=\"width: 578px; height: 383px;\" \/> <\/a> <div class=\"tiled-gallery-caption\" itemprop=\"caption description\"> Rudi Mahall, Matthieu Bordenave, Henning Sieverts und Bill Elgart. Foto. Godehard Lutz <\/div> <\/div> <\/div> <!-- close group --> <div class=\"gallery-group images-1\" style=\"width: 258px; height: 387px;\" data-original-width=\"258\" data-original-height=\"387\" > <div class=\"tiled-gallery-item tiled-gallery-item-large\" itemprop=\"associatedMedia\" itemscope itemtype=\"http:\/\/schema.org\/ImageObject\"> <a href=\"https:\/\/www.jazzzeitung.de\/cms\/2019\/10\/zum-30-jazzfest-der-jazzmusiker-initiative-muenchen\/abramsmarcgodehard-lutzbayern-mail-de_imgp0228\/\" border=\"0\" itemprop=\"url\"> <meta itemprop=\"width\" content=\"254\"> <meta itemprop=\"height\" content=\"383\"> <img decoding=\"async\" class=\"\" data-attachment-id=\"21090\" data-orig-file=\"https:\/\/www.jazzzeitung.de\/cms\/wp-content\/uploads\/2019\/10\/ABRAMSMarc\u252c\u00aeGodehard.Lutz@bayern-mail.de_IMGP0228-e1572428077656.jpg\" data-orig-size=\"3264,4928\" data-comments-opened=\"1\" data-image-meta=\"{&quot;aperture&quot;:&quot;2.8&quot;,&quot;credit&quot;:&quot;Godehard LUTZ&quot;,&quot;camera&quot;:&quot;PENTAX K-30&quot;,&quot;caption&quot;:&quot;&quot;,&quot;created_timestamp&quot;:&quot;1572038278&quot;,&quot;copyright&quot;:&quot;Godehard.Lutz@maxi-dsl.de&quot;,&quot;focal_length&quot;:&quot;135&quot;,&quot;iso&quot;:&quot;800&quot;,&quot;shutter_speed&quot;:&quot;0.005&quot;,&quot;title&quot;:&quot;&quot;,&quot;orientation&quot;:&quot;8&quot;}\" data-image-title=\"ABRAMS,Marc\u252c\u00aeGodehard.Lutz@bayern-mail.de_IMGP0228\" data-image-description=\"\" data-medium-file=\"https:\/\/i0.wp.com\/www.jazzzeitung.de\/cms\/wp-content\/uploads\/2019\/10\/ABRAMSMarc%E2%94%AC%C2%AEGodehard.Lutz%40bayern-mail.de_IMGP0228-e1572428077656.jpg?fit=199%2C300&#038;ssl=1\" data-large-file=\"https:\/\/i0.wp.com\/www.jazzzeitung.de\/cms\/wp-content\/uploads\/2019\/10\/ABRAMSMarc%E2%94%AC%C2%AEGodehard.Lutz%40bayern-mail.de_IMGP0228-e1572428077656.jpg?fit=397%2C600&#038;ssl=1\" src=\"https:\/\/i0.wp.com\/www.jazzzeitung.de\/cms\/wp-content\/uploads\/2019\/10\/ABRAMSMarc%E2%94%AC%C2%AEGodehard.Lutz%40bayern-mail.de_IMGP0228-e1572428077656.jpg?w=254&#038;h=383&#038;ssl=1\" width=\"254\" height=\"383\" loading=\"lazy\" data-original-width=\"254\" data-original-height=\"383\" itemprop=\"http:\/\/schema.org\/image\" title=\"ABRAMS,Marc\u252c\u00aeGodehard.Lutz@bayern-mail.de_IMGP0228\" alt=\"Marc Abrams. Foto. Godehard Lutz\" style=\"width: 254px; height: 383px;\" \/> <\/a> <div class=\"tiled-gallery-caption\" itemprop=\"caption description\"> Marc Abrams. Foto. Godehard Lutz <\/div> <\/div> <\/div> <!-- close group --> <\/div> <!-- close row --> <div class=\"gallery-row\" style=\"width: 840px; height: 721px;\" data-original-width=\"840\" data-original-height=\"721\" > <div class=\"gallery-group images-1\" style=\"width: 479px; height: 721px;\" data-original-width=\"479\" data-original-height=\"721\" > <div class=\"tiled-gallery-item tiled-gallery-item-large\" itemprop=\"associatedMedia\" itemscope itemtype=\"http:\/\/schema.org\/ImageObject\"> <a href=\"https:\/\/www.jazzzeitung.de\/cms\/2019\/10\/zum-30-jazzfest-der-jazzmusiker-initiative-muenchen\/brandltilmangodehard-lutzbayern-mail-de_imgp0254\/\" border=\"0\" itemprop=\"url\"> <meta itemprop=\"width\" content=\"475\"> <meta itemprop=\"height\" content=\"717\"> <img decoding=\"async\" class=\"\" data-attachment-id=\"21091\" data-orig-file=\"https:\/\/www.jazzzeitung.de\/cms\/wp-content\/uploads\/2019\/10\/BRANDLTilman\u252c\u00aeGodehard.Lutz@bayern-mail.de_IMGP0254-e1572428102304.jpg\" data-orig-size=\"3264,4928\" data-comments-opened=\"1\" data-image-meta=\"{&quot;aperture&quot;:&quot;2.8&quot;,&quot;credit&quot;:&quot;Godehard LUTZ&quot;,&quot;camera&quot;:&quot;PENTAX K-30&quot;,&quot;caption&quot;:&quot;&quot;,&quot;created_timestamp&quot;:&quot;1572041736&quot;,&quot;copyright&quot;:&quot;Godehard.Lutz@maxi-dsl.de&quot;,&quot;focal_length&quot;:&quot;80&quot;,&quot;iso&quot;:&quot;6400&quot;,&quot;shutter_speed&quot;:&quot;0.016666666666667&quot;,&quot;title&quot;:&quot;&quot;,&quot;orientation&quot;:&quot;8&quot;}\" data-image-title=\"BRANDL,Tilman\u252c\u00aeGodehard.Lutz@bayern-mail.de_IMGP0254\" data-image-description=\"\" data-medium-file=\"https:\/\/i0.wp.com\/www.jazzzeitung.de\/cms\/wp-content\/uploads\/2019\/10\/BRANDLTilman%E2%94%AC%C2%AEGodehard.Lutz%40bayern-mail.de_IMGP0254-e1572428102304.jpg?fit=199%2C300&#038;ssl=1\" data-large-file=\"https:\/\/i0.wp.com\/www.jazzzeitung.de\/cms\/wp-content\/uploads\/2019\/10\/BRANDLTilman%E2%94%AC%C2%AEGodehard.Lutz%40bayern-mail.de_IMGP0254-e1572428102304.jpg?fit=397%2C600&#038;ssl=1\" src=\"https:\/\/i0.wp.com\/www.jazzzeitung.de\/cms\/wp-content\/uploads\/2019\/10\/BRANDLTilman%E2%94%AC%C2%AEGodehard.Lutz%40bayern-mail.de_IMGP0254-e1572428102304.jpg?w=475&#038;h=717&#038;ssl=1\" width=\"475\" height=\"717\" loading=\"lazy\" data-original-width=\"475\" data-original-height=\"717\" itemprop=\"http:\/\/schema.org\/image\" title=\"BRANDL,Tilman\u252c\u00aeGodehard.Lutz@bayern-mail.de_IMGP0254\" alt=\"Tilmann Brandl. Foto. Godehard Lutz\" style=\"width: 475px; height: 717px;\" \/> <\/a> <div class=\"tiled-gallery-caption\" itemprop=\"caption description\"> Tilmann Brandl. Foto. Godehard Lutz <\/div> <\/div> <\/div> <!-- close group --> <div class=\"gallery-group images-3\" style=\"width: 361px; height: 721px;\" data-original-width=\"361\" data-original-height=\"721\" > <div class=\"tiled-gallery-item tiled-gallery-item-large\" itemprop=\"associatedMedia\" itemscope itemtype=\"http:\/\/schema.org\/ImageObject\"> <a href=\"https:\/\/www.jazzzeitung.de\/cms\/2019\/10\/zum-30-jazzfest-der-jazzmusiker-initiative-muenchen\/collinstim-ruffleremanuelgodehard-lutzbayern-mail-de_imgp0213\/\" border=\"0\" itemprop=\"url\"> <meta itemprop=\"width\" content=\"357\"> <meta itemprop=\"height\" content=\"237\"> <img decoding=\"async\" class=\"\" data-attachment-id=\"21092\" data-orig-file=\"https:\/\/www.jazzzeitung.de\/cms\/wp-content\/uploads\/2019\/10\/COLLINSTim-RUFFLEREmanuel\u252c\u00aeGodehard.Lutz@bayern-mail.de_IMGP0213.jpg\" data-orig-size=\"4928,3264\" data-comments-opened=\"1\" data-image-meta=\"{&quot;aperture&quot;:&quot;2.8&quot;,&quot;credit&quot;:&quot;Godehard LUTZ&quot;,&quot;camera&quot;:&quot;PENTAX K-30&quot;,&quot;caption&quot;:&quot;&quot;,&quot;created_timestamp&quot;:&quot;1572036926&quot;,&quot;copyright&quot;:&quot;Godehard.Lutz@maxi-dsl.de&quot;,&quot;focal_length&quot;:&quot;105&quot;,&quot;iso&quot;:&quot;3200&quot;,&quot;shutter_speed&quot;:&quot;0.033333333333333&quot;,&quot;title&quot;:&quot;&quot;,&quot;orientation&quot;:&quot;1&quot;}\" data-image-title=\"COLLINS,Tim-RUFFLER,Emanuel\u252c\u00aeGodehard.Lutz@bayern-mail.de_IMGP0213\" data-image-description=\"\" data-medium-file=\"https:\/\/i0.wp.com\/www.jazzzeitung.de\/cms\/wp-content\/uploads\/2019\/10\/COLLINSTim-RUFFLEREmanuel%E2%94%AC%C2%AEGodehard.Lutz%40bayern-mail.de_IMGP0213.jpg?fit=300%2C199&#038;ssl=1\" data-large-file=\"https:\/\/i0.wp.com\/www.jazzzeitung.de\/cms\/wp-content\/uploads\/2019\/10\/COLLINSTim-RUFFLEREmanuel%E2%94%AC%C2%AEGodehard.Lutz%40bayern-mail.de_IMGP0213.jpg?fit=840%2C556&#038;ssl=1\" src=\"https:\/\/i0.wp.com\/www.jazzzeitung.de\/cms\/wp-content\/uploads\/2019\/10\/COLLINSTim-RUFFLEREmanuel%E2%94%AC%C2%AEGodehard.Lutz%40bayern-mail.de_IMGP0213.jpg?w=357&#038;h=237&#038;ssl=1\" width=\"357\" height=\"237\" loading=\"lazy\" data-original-width=\"357\" data-original-height=\"237\" itemprop=\"http:\/\/schema.org\/image\" title=\"COLLINS,Tim-RUFFLER,Emanuel\u252c\u00aeGodehard.Lutz@bayern-mail.de_IMGP0213\" alt=\"Tim Collins und Emanuel Ruffler.Foto. Godehard Lutz\" style=\"width: 357px; height: 237px;\" \/> <\/a> <div class=\"tiled-gallery-caption\" itemprop=\"caption description\"> Tim Collins und Emanuel Ruffler.Foto. Godehard Lutz <\/div> <\/div> <div class=\"tiled-gallery-item tiled-gallery-item-large\" itemprop=\"associatedMedia\" itemscope itemtype=\"http:\/\/schema.org\/ImageObject\"> <a href=\"https:\/\/www.jazzzeitung.de\/cms\/2019\/10\/zum-30-jazzfest-der-jazzmusiker-initiative-muenchen\/dufnermarcogodehard-lutzbayern-mail-de_imgp0241\/\" border=\"0\" itemprop=\"url\"> <meta itemprop=\"width\" content=\"357\"> <meta itemprop=\"height\" content=\"236\"> <img decoding=\"async\" class=\"\" data-attachment-id=\"21093\" data-orig-file=\"https:\/\/www.jazzzeitung.de\/cms\/wp-content\/uploads\/2019\/10\/DUFNERMarco\u252c\u00aeGodehard.Lutz@bayern-mail.de_IMGP0241.jpg\" data-orig-size=\"4928,3264\" data-comments-opened=\"1\" data-image-meta=\"{&quot;aperture&quot;:&quot;2.8&quot;,&quot;credit&quot;:&quot;Godehard LUTZ&quot;,&quot;camera&quot;:&quot;PENTAX K-30&quot;,&quot;caption&quot;:&quot;&quot;,&quot;created_timestamp&quot;:&quot;1572041423&quot;,&quot;copyright&quot;:&quot;Godehard.Lutz@maxi-dsl.de&quot;,&quot;focal_length&quot;:&quot;80&quot;,&quot;iso&quot;:&quot;3200&quot;,&quot;shutter_speed&quot;:&quot;0.02&quot;,&quot;title&quot;:&quot;&quot;,&quot;orientation&quot;:&quot;1&quot;}\" data-image-title=\"DUFNER,Marco\u252c\u00aeGodehard.Lutz@bayern-mail.de_IMGP0241\" data-image-description=\"\" data-medium-file=\"https:\/\/i0.wp.com\/www.jazzzeitung.de\/cms\/wp-content\/uploads\/2019\/10\/DUFNERMarco%E2%94%AC%C2%AEGodehard.Lutz%40bayern-mail.de_IMGP0241.jpg?fit=300%2C199&#038;ssl=1\" data-large-file=\"https:\/\/i0.wp.com\/www.jazzzeitung.de\/cms\/wp-content\/uploads\/2019\/10\/DUFNERMarco%E2%94%AC%C2%AEGodehard.Lutz%40bayern-mail.de_IMGP0241.jpg?fit=840%2C556&#038;ssl=1\" src=\"https:\/\/i0.wp.com\/www.jazzzeitung.de\/cms\/wp-content\/uploads\/2019\/10\/DUFNERMarco%E2%94%AC%C2%AEGodehard.Lutz%40bayern-mail.de_IMGP0241.jpg?w=357&#038;h=236&#038;ssl=1\" width=\"357\" height=\"236\" loading=\"lazy\" data-original-width=\"357\" data-original-height=\"236\" itemprop=\"http:\/\/schema.org\/image\" title=\"DUFNER,Marco\u252c\u00aeGodehard.Lutz@bayern-mail.de_IMGP0241\" alt=\"Marco Dufner. Foto. Godehard Lutz\" style=\"width: 357px; height: 236px;\" \/> <\/a> <div class=\"tiled-gallery-caption\" itemprop=\"caption description\"> Marco Dufner. Foto. Godehard Lutz <\/div> <\/div> <div class=\"tiled-gallery-item tiled-gallery-item-large\" itemprop=\"associatedMedia\" itemscope itemtype=\"http:\/\/schema.org\/ImageObject\"> <a href=\"https:\/\/www.jazzzeitung.de\/cms\/2019\/10\/zum-30-jazzfest-der-jazzmusiker-initiative-muenchen\/elgartbillgodehard-lutzbayern-mail-de_imgp0318\/\" border=\"0\" itemprop=\"url\"> <meta itemprop=\"width\" content=\"357\"> <meta itemprop=\"height\" content=\"236\"> <img decoding=\"async\" class=\"\" data-attachment-id=\"21094\" data-orig-file=\"https:\/\/www.jazzzeitung.de\/cms\/wp-content\/uploads\/2019\/10\/ELGARTBill\u252c\u00aeGodehard.Lutz@bayern-mail.de_IMGP0318.jpg\" data-orig-size=\"4928,3264\" data-comments-opened=\"1\" data-image-meta=\"{&quot;aperture&quot;:&quot;2.8&quot;,&quot;credit&quot;:&quot;Godehard LUTZ&quot;,&quot;camera&quot;:&quot;PENTAX K-30&quot;,&quot;caption&quot;:&quot;&quot;,&quot;created_timestamp&quot;:&quot;1572121277&quot;,&quot;copyright&quot;:&quot;Godehard.Lutz@maxi-dsl.de&quot;,&quot;focal_length&quot;:&quot;100&quot;,&quot;iso&quot;:&quot;6400&quot;,&quot;shutter_speed&quot;:&quot;0.0125&quot;,&quot;title&quot;:&quot;&quot;,&quot;orientation&quot;:&quot;1&quot;}\" data-image-title=\"ELGART,Bill\u252c\u00aeGodehard.Lutz@bayern-mail.de_IMGP0318\" data-image-description=\"\" data-medium-file=\"https:\/\/i0.wp.com\/www.jazzzeitung.de\/cms\/wp-content\/uploads\/2019\/10\/ELGARTBill%E2%94%AC%C2%AEGodehard.Lutz%40bayern-mail.de_IMGP0318.jpg?fit=300%2C199&#038;ssl=1\" data-large-file=\"https:\/\/i0.wp.com\/www.jazzzeitung.de\/cms\/wp-content\/uploads\/2019\/10\/ELGARTBill%E2%94%AC%C2%AEGodehard.Lutz%40bayern-mail.de_IMGP0318.jpg?fit=840%2C556&#038;ssl=1\" src=\"https:\/\/i0.wp.com\/www.jazzzeitung.de\/cms\/wp-content\/uploads\/2019\/10\/ELGARTBill%E2%94%AC%C2%AEGodehard.Lutz%40bayern-mail.de_IMGP0318.jpg?w=357&#038;h=236&#038;ssl=1\" width=\"357\" height=\"236\" loading=\"lazy\" data-original-width=\"357\" data-original-height=\"236\" itemprop=\"http:\/\/schema.org\/image\" title=\"ELGART,Bill\u252c\u00aeGodehard.Lutz@bayern-mail.de_IMGP0318\" alt=\"Bill Elgart. Foto. Godehard Lutz\" style=\"width: 357px; height: 236px;\" \/> <\/a> <div class=\"tiled-gallery-caption\" itemprop=\"caption description\"> Bill Elgart. Foto. Godehard Lutz <\/div> <\/div> <\/div> <!-- close group --> <\/div> <!-- close row --> <div class=\"gallery-row\" style=\"width: 840px; height: 593px;\" data-original-width=\"840\" data-original-height=\"593\" > <div class=\"gallery-group images-2\" style=\"width: 446px; height: 593px;\" data-original-width=\"446\" data-original-height=\"593\" > <div class=\"tiled-gallery-item tiled-gallery-item-large\" itemprop=\"associatedMedia\" itemscope itemtype=\"http:\/\/schema.org\/ImageObject\"> <a href=\"https:\/\/www.jazzzeitung.de\/cms\/2019\/10\/zum-30-jazzfest-der-jazzmusiker-initiative-muenchen\/faber-seizer-abrams-gmelingodehard-lutzbayern-mail-de_imgp0205b\/\" border=\"0\" itemprop=\"url\"> <meta itemprop=\"width\" content=\"442\"> <meta itemprop=\"height\" content=\"293\"> <img decoding=\"async\" class=\"\" data-attachment-id=\"21095\" data-orig-file=\"https:\/\/www.jazzzeitung.de\/cms\/wp-content\/uploads\/2019\/10\/FABER-SEIZER-ABRAMS-GMELIN\u252c\u00aeGodehard.Lutz@bayern-mail.de_IMGP0205B.jpg\" data-orig-size=\"4928,3264\" data-comments-opened=\"1\" data-image-meta=\"{&quot;aperture&quot;:&quot;2.8&quot;,&quot;credit&quot;:&quot;Godehard LUTZ&quot;,&quot;camera&quot;:&quot;PENTAX K-30&quot;,&quot;caption&quot;:&quot;&quot;,&quot;created_timestamp&quot;:&quot;1572036299&quot;,&quot;copyright&quot;:&quot;Godehard.Lutz@maxi-dsl.de&quot;,&quot;focal_length&quot;:&quot;80&quot;,&quot;iso&quot;:&quot;3200&quot;,&quot;shutter_speed&quot;:&quot;0.01&quot;,&quot;title&quot;:&quot;&quot;,&quot;orientation&quot;:&quot;1&quot;}\" data-image-title=\"FABER-SEIZER-ABRAMS-GMELIN\u252c\u00aeGodehard.Lutz@bayern-mail.de_IMGP0205B\" data-image-description=\"\" data-medium-file=\"https:\/\/i0.wp.com\/www.jazzzeitung.de\/cms\/wp-content\/uploads\/2019\/10\/FABER-SEIZER-ABRAMS-GMELIN%E2%94%AC%C2%AEGodehard.Lutz%40bayern-mail.de_IMGP0205B.jpg?fit=300%2C199&#038;ssl=1\" data-large-file=\"https:\/\/i0.wp.com\/www.jazzzeitung.de\/cms\/wp-content\/uploads\/2019\/10\/FABER-SEIZER-ABRAMS-GMELIN%E2%94%AC%C2%AEGodehard.Lutz%40bayern-mail.de_IMGP0205B.jpg?fit=840%2C556&#038;ssl=1\" src=\"https:\/\/i0.wp.com\/www.jazzzeitung.de\/cms\/wp-content\/uploads\/2019\/10\/FABER-SEIZER-ABRAMS-GMELIN%E2%94%AC%C2%AEGodehard.Lutz%40bayern-mail.de_IMGP0205B.jpg?w=442&#038;h=293&#038;ssl=1\" width=\"442\" height=\"293\" loading=\"lazy\" data-original-width=\"442\" data-original-height=\"293\" itemprop=\"http:\/\/schema.org\/image\" title=\"FABER-SEIZER-ABRAMS-GMELIN\u252c\u00aeGodehard.Lutz@bayern-mail.de_IMGP0205B\" alt=\"Johannes Faber, Jason Seizer, Marc Abrams und Matthias Gemlin. Foto. Godehard Lutz\" style=\"width: 442px; height: 293px;\" \/> <\/a> <div class=\"tiled-gallery-caption\" itemprop=\"caption description\"> Johannes Faber, Jason Seizer, Marc Abrams und Matthias Gemlin. Foto. Godehard Lutz <\/div> <\/div> <div class=\"tiled-gallery-item tiled-gallery-item-large\" itemprop=\"associatedMedia\" itemscope itemtype=\"http:\/\/schema.org\/ImageObject\"> <a href=\"https:\/\/www.jazzzeitung.de\/cms\/2019\/10\/zum-30-jazzfest-der-jazzmusiker-initiative-muenchen\/gmelinmatthias-varias-astudillodionygodehard-lutzbayern-mail-de_imgp0223\/\" border=\"0\" itemprop=\"url\"> <meta itemprop=\"width\" content=\"442\"> <meta itemprop=\"height\" content=\"292\"> <img decoding=\"async\" class=\"\" data-attachment-id=\"21096\" data-orig-file=\"https:\/\/www.jazzzeitung.de\/cms\/wp-content\/uploads\/2019\/10\/GMELINMatthias-VAR\u251c\u00eeAS-ASTUDILLODiony\u252c\u00aeGodehard.Lutz@bayern-mail.de_IMGP0223.jpg\" data-orig-size=\"4928,3264\" data-comments-opened=\"1\" data-image-meta=\"{&quot;aperture&quot;:&quot;2.8&quot;,&quot;credit&quot;:&quot;Godehard LUTZ&quot;,&quot;camera&quot;:&quot;PENTAX K-30&quot;,&quot;caption&quot;:&quot;&quot;,&quot;created_timestamp&quot;:&quot;1572037674&quot;,&quot;copyright&quot;:&quot;Godehard.Lutz@maxi-dsl.de&quot;,&quot;focal_length&quot;:&quot;180&quot;,&quot;iso&quot;:&quot;3200&quot;,&quot;shutter_speed&quot;:&quot;0.016666666666667&quot;,&quot;title&quot;:&quot;&quot;,&quot;orientation&quot;:&quot;1&quot;}\" data-image-title=\"GMELIN,Matthias-VAR\u251c\u00eeAS ASTUDILLO,Diony\u252c\u00aeGodehard.Lutz@bayern-mail.de_IMGP0223\" data-image-description=\"\" data-medium-file=\"https:\/\/i0.wp.com\/www.jazzzeitung.de\/cms\/wp-content\/uploads\/2019\/10\/GMELINMatthias-VAR%E2%94%9C%C3%AEAS-ASTUDILLODiony%E2%94%AC%C2%AEGodehard.Lutz%40bayern-mail.de_IMGP0223.jpg?fit=300%2C199&#038;ssl=1\" data-large-file=\"https:\/\/i0.wp.com\/www.jazzzeitung.de\/cms\/wp-content\/uploads\/2019\/10\/GMELINMatthias-VAR%E2%94%9C%C3%AEAS-ASTUDILLODiony%E2%94%AC%C2%AEGodehard.Lutz%40bayern-mail.de_IMGP0223.jpg?fit=840%2C556&#038;ssl=1\" src=\"https:\/\/i0.wp.com\/www.jazzzeitung.de\/cms\/wp-content\/uploads\/2019\/10\/GMELINMatthias-VAR%E2%94%9C%C3%AEAS-ASTUDILLODiony%E2%94%AC%C2%AEGodehard.Lutz%40bayern-mail.de_IMGP0223.jpg?w=442&#038;h=292&#038;ssl=1\" width=\"442\" height=\"292\" loading=\"lazy\" data-original-width=\"442\" data-original-height=\"292\" itemprop=\"http:\/\/schema.org\/image\" title=\"GMELIN,Matthias-VAR\u251c\u00eeAS ASTUDILLO,Diony\u252c\u00aeGodehard.Lutz@bayern-mail.de_IMGP0223\" alt=\"Matthias Gmelin. Foto. Godehard Lutz\" style=\"width: 442px; height: 292px;\" \/> <\/a> <div class=\"tiled-gallery-caption\" itemprop=\"caption description\"> Matthias Gmelin. Foto. Godehard Lutz <\/div> <\/div> <\/div> <!-- close group --> <div class=\"gallery-group images-1\" style=\"width: 394px; height: 593px;\" data-original-width=\"394\" data-original-height=\"593\" > <div class=\"tiled-gallery-item tiled-gallery-item-large\" itemprop=\"associatedMedia\" itemscope itemtype=\"http:\/\/schema.org\/ImageObject\"> <a href=\"https:\/\/www.jazzzeitung.de\/cms\/2019\/10\/zum-30-jazzfest-der-jazzmusiker-initiative-muenchen\/ruffleremanuelgodehard-lutzbayern-mail-de_imgp0190\/\" border=\"0\" itemprop=\"url\"> <meta itemprop=\"width\" content=\"390\"> <meta itemprop=\"height\" content=\"589\"> <img decoding=\"async\" class=\"\" data-attachment-id=\"21100\" data-orig-file=\"https:\/\/www.jazzzeitung.de\/cms\/wp-content\/uploads\/2019\/10\/RUFFLEREmanuel\u252c\u00aeGodehard.Lutz@bayern-mail.de_IMGP0190-e1572428131266.jpg\" data-orig-size=\"3264,4928\" data-comments-opened=\"1\" data-image-meta=\"{&quot;aperture&quot;:&quot;3.2&quot;,&quot;credit&quot;:&quot;Godehard LUTZ&quot;,&quot;camera&quot;:&quot;PENTAX K-30&quot;,&quot;caption&quot;:&quot;&quot;,&quot;created_timestamp&quot;:&quot;1572035775&quot;,&quot;copyright&quot;:&quot;Godehard.Lutz@maxi-dsl.de&quot;,&quot;focal_length&quot;:&quot;200&quot;,&quot;iso&quot;:&quot;3200&quot;,&quot;shutter_speed&quot;:&quot;0.00625&quot;,&quot;title&quot;:&quot;&quot;,&quot;orientation&quot;:&quot;8&quot;}\" data-image-title=\"RUFFLER,Emanuel\u252c\u00aeGodehard.Lutz@bayern-mail.de_IMGP0190\" data-image-description=\"\" data-medium-file=\"https:\/\/i0.wp.com\/www.jazzzeitung.de\/cms\/wp-content\/uploads\/2019\/10\/RUFFLEREmanuel%E2%94%AC%C2%AEGodehard.Lutz%40bayern-mail.de_IMGP0190-e1572428131266.jpg?fit=199%2C300&#038;ssl=1\" data-large-file=\"https:\/\/i0.wp.com\/www.jazzzeitung.de\/cms\/wp-content\/uploads\/2019\/10\/RUFFLEREmanuel%E2%94%AC%C2%AEGodehard.Lutz%40bayern-mail.de_IMGP0190-e1572428131266.jpg?fit=397%2C600&#038;ssl=1\" src=\"https:\/\/i0.wp.com\/www.jazzzeitung.de\/cms\/wp-content\/uploads\/2019\/10\/RUFFLEREmanuel%E2%94%AC%C2%AEGodehard.Lutz%40bayern-mail.de_IMGP0190-e1572428131266.jpg?w=390&#038;h=589&#038;ssl=1\" width=\"390\" height=\"589\" loading=\"lazy\" data-original-width=\"390\" data-original-height=\"589\" itemprop=\"http:\/\/schema.org\/image\" title=\"RUFFLER,Emanuel\u252c\u00aeGodehard.Lutz@bayern-mail.de_IMGP0190\" alt=\"Emanuel Ruffler. Foto. Godehard Lutz\" style=\"width: 390px; height: 589px;\" \/> <\/a> <div class=\"tiled-gallery-caption\" itemprop=\"caption description\"> Emanuel Ruffler. Foto. Godehard Lutz <\/div> <\/div> <\/div> <!-- close group --> <\/div> <!-- close row --> <\/div>\n<p>Einige der Musiker der vier Bands, die das Festival 2019 er\u00f6ffneten, waren auch schon in den Anfangsjahren dabei. Schlie\u00dflich wollten und wollen sich die Jazzmusiker mit ihrer Initiative zus\u00e4tzliche Auftrittsm\u00f6glichkeiten verschaffen, wenn diese auch bei weitem nicht den Vereinsmitgliedern und l\u00e4ngst auch nicht mehr nur M\u00fcnchener Musikern vorbehalten sind. Diese standen und stehen aber beim Jubil\u00e4um eindeutig im Fokus. Zum Auftakt pr\u00e4sentierten drei Bands ihre bei ENJA Records erschienen Alben: Matthias Gmelin mit \u201eVibes Waltz\u201c (CD 9764) rhythmusbetonten Modern Jazz in Oktett-Besetzung mit Tim Collins, Jason Seizer, Diony Var\u00ecas Astudillo, Peter O&#8217;Mara und den Ex-M\u00fcnchnern Johannes Faber, Emanuel Ruffler und Marc Abrams. Geoff Goodmans Programm \u201eThe Opposite Of What\u201c (ENJ 9678) mit Rudi Mahall, Matthieu Bordenave, Henning Sieverts und Bill Elgart bewegte sich zwischen moderner Jazztradition und Experiment und steckte und voller sch\u00f6ner Melodien, aber auch \u00dcberraschungen.<\/p>\n<div class=\"tiled-gallery type-rectangular tiled-gallery-unresized\" data-original-width=\"840\" data-carousel-extra='{&quot;blog_id&quot;:1,&quot;permalink&quot;:&quot;https:\\\/\\\/www.jazzzeitung.de\\\/cms\\\/2019\\\/10\\\/zum-30-jazzfest-der-jazzmusiker-initiative-muenchen\\\/&quot;,&quot;likes_blog_id&quot;:55446655}' itemscope itemtype=\"http:\/\/schema.org\/ImageGallery\" > <div class=\"gallery-row\" style=\"width: 840px; height: 240px;\" data-original-width=\"840\" data-original-height=\"240\" > <div class=\"gallery-group images-1\" style=\"width: 360px; height: 240px;\" data-original-width=\"360\" data-original-height=\"240\" > <div class=\"tiled-gallery-item tiled-gallery-item-large\" itemprop=\"associatedMedia\" itemscope itemtype=\"http:\/\/schema.org\/ImageObject\"> <a href=\"https:\/\/www.jazzzeitung.de\/cms\/2019\/10\/zum-30-jazzfest-der-jazzmusiker-initiative-muenchen\/varias-astudillodionygodehard-lutzbayern-mail-de_imgp0165b\/\" border=\"0\" itemprop=\"url\"> <meta itemprop=\"width\" content=\"356\"> <meta itemprop=\"height\" content=\"236\"> <img decoding=\"async\" class=\"\" data-attachment-id=\"21103\" data-orig-file=\"https:\/\/www.jazzzeitung.de\/cms\/wp-content\/uploads\/2019\/10\/VAR\u251c\u00eeAS-ASTUDILLODiony\u252c\u00aeGodehard.Lutz@bayern-mail.de_IMGP0165B.jpg\" data-orig-size=\"4928,3264\" data-comments-opened=\"1\" data-image-meta=\"{&quot;aperture&quot;:&quot;2.8&quot;,&quot;credit&quot;:&quot;Godehard LUTZ&quot;,&quot;camera&quot;:&quot;PENTAX K-30&quot;,&quot;caption&quot;:&quot;&quot;,&quot;created_timestamp&quot;:&quot;1572034475&quot;,&quot;copyright&quot;:&quot;Godehard.Lutz@maxi-dsl.de&quot;,&quot;focal_length&quot;:&quot;88&quot;,&quot;iso&quot;:&quot;800&quot;,&quot;shutter_speed&quot;:&quot;0.005&quot;,&quot;title&quot;:&quot;&quot;,&quot;orientation&quot;:&quot;1&quot;}\" data-image-title=\"VAR\u251c\u00eeAS ASTUDILLO,Diony\u252c\u00aeGodehard.Lutz@bayern-mail.de_IMGP0165B\" data-image-description=\"\" data-medium-file=\"https:\/\/i0.wp.com\/www.jazzzeitung.de\/cms\/wp-content\/uploads\/2019\/10\/VAR%E2%94%9C%C3%AEAS-ASTUDILLODiony%E2%94%AC%C2%AEGodehard.Lutz%40bayern-mail.de_IMGP0165B.jpg?fit=300%2C199&#038;ssl=1\" data-large-file=\"https:\/\/i0.wp.com\/www.jazzzeitung.de\/cms\/wp-content\/uploads\/2019\/10\/VAR%E2%94%9C%C3%AEAS-ASTUDILLODiony%E2%94%AC%C2%AEGodehard.Lutz%40bayern-mail.de_IMGP0165B.jpg?fit=840%2C556&#038;ssl=1\" src=\"https:\/\/i0.wp.com\/www.jazzzeitung.de\/cms\/wp-content\/uploads\/2019\/10\/VAR%E2%94%9C%C3%AEAS-ASTUDILLODiony%E2%94%AC%C2%AEGodehard.Lutz%40bayern-mail.de_IMGP0165B.jpg?w=356&#038;h=236&#038;ssl=1\" width=\"356\" height=\"236\" loading=\"lazy\" data-original-width=\"356\" data-original-height=\"236\" itemprop=\"http:\/\/schema.org\/image\" title=\"VAR\u251c\u00eeAS ASTUDILLO,Diony\u252c\u00aeGodehard.Lutz@bayern-mail.de_IMGP0165B\" alt=\"Diony Varias Astudillo. Foto. Godehard Lutz\" style=\"width: 356px; height: 236px;\" \/> <\/a> <div class=\"tiled-gallery-caption\" itemprop=\"caption description\"> Diony Varias Astudillo. Foto. Godehard Lutz <\/div> <\/div> <\/div> <!-- close group --> <div class=\"gallery-group images-1\" style=\"width: 160px; height: 240px;\" data-original-width=\"160\" data-original-height=\"240\" > <div class=\"tiled-gallery-item tiled-gallery-item-small\" itemprop=\"associatedMedia\" itemscope itemtype=\"http:\/\/schema.org\/ImageObject\"> <a href=\"https:\/\/www.jazzzeitung.de\/cms\/2019\/10\/zum-30-jazzfest-der-jazzmusiker-initiative-muenchen\/stahlmoritzgodehard-lutzbayern-mail-de_imgp0266\/\" border=\"0\" itemprop=\"url\"> <meta itemprop=\"width\" content=\"156\"> <meta itemprop=\"height\" content=\"236\"> <img decoding=\"async\" class=\"\" data-attachment-id=\"21102\" data-orig-file=\"https:\/\/www.jazzzeitung.de\/cms\/wp-content\/uploads\/2019\/10\/STAHLMoritz\u252c\u00aeGodehard.Lutz@bayern-mail.de_IMGP0266-e1572428160121.jpg\" data-orig-size=\"3264,4928\" data-comments-opened=\"1\" data-image-meta=\"{&quot;aperture&quot;:&quot;2.8&quot;,&quot;credit&quot;:&quot;Godehard LUTZ&quot;,&quot;camera&quot;:&quot;PENTAX K-30&quot;,&quot;caption&quot;:&quot;&quot;,&quot;created_timestamp&quot;:&quot;1572042337&quot;,&quot;copyright&quot;:&quot;Godehard.Lutz@maxi-dsl.de&quot;,&quot;focal_length&quot;:&quot;80&quot;,&quot;iso&quot;:&quot;6400&quot;,&quot;shutter_speed&quot;:&quot;0.0125&quot;,&quot;title&quot;:&quot;&quot;,&quot;orientation&quot;:&quot;8&quot;}\" data-image-title=\"STAHL,Moritz\u252c\u00aeGodehard.Lutz@bayern-mail.de_IMGP0266\" data-image-description=\"\" data-medium-file=\"https:\/\/i0.wp.com\/www.jazzzeitung.de\/cms\/wp-content\/uploads\/2019\/10\/STAHLMoritz%E2%94%AC%C2%AEGodehard.Lutz%40bayern-mail.de_IMGP0266-e1572428160121.jpg?fit=199%2C300&#038;ssl=1\" data-large-file=\"https:\/\/i0.wp.com\/www.jazzzeitung.de\/cms\/wp-content\/uploads\/2019\/10\/STAHLMoritz%E2%94%AC%C2%AEGodehard.Lutz%40bayern-mail.de_IMGP0266-e1572428160121.jpg?fit=397%2C600&#038;ssl=1\" src=\"https:\/\/i0.wp.com\/www.jazzzeitung.de\/cms\/wp-content\/uploads\/2019\/10\/STAHLMoritz%E2%94%AC%C2%AEGodehard.Lutz%40bayern-mail.de_IMGP0266-e1572428160121.jpg?w=156&#038;h=236&#038;ssl=1\" width=\"156\" height=\"236\" loading=\"lazy\" data-original-width=\"156\" data-original-height=\"236\" itemprop=\"http:\/\/schema.org\/image\" title=\"STAHL,Moritz\u252c\u00aeGodehard.Lutz@bayern-mail.de_IMGP0266\" alt=\"Moritz Stahl. Foto. Godehard Lutz\" style=\"width: 156px; height: 236px;\" \/> <\/a> <div class=\"tiled-gallery-caption\" itemprop=\"caption description\"> Moritz Stahl. Foto. Godehard Lutz <\/div> <\/div> <\/div> <!-- close group --> <div class=\"gallery-group images-1\" style=\"width: 160px; height: 240px;\" data-original-width=\"160\" data-original-height=\"240\" > <div class=\"tiled-gallery-item tiled-gallery-item-small\" itemprop=\"associatedMedia\" itemscope itemtype=\"http:\/\/schema.org\/ImageObject\"> <a href=\"https:\/\/www.jazzzeitung.de\/cms\/2019\/10\/zum-30-jazzfest-der-jazzmusiker-initiative-muenchen\/sievertshenninggodehard-lutzbayern-mail-de_imgp0367\/\" border=\"0\" itemprop=\"url\"> <meta itemprop=\"width\" content=\"156\"> <meta itemprop=\"height\" content=\"236\"> <img decoding=\"async\" class=\"\" data-attachment-id=\"21101\" data-orig-file=\"https:\/\/www.jazzzeitung.de\/cms\/wp-content\/uploads\/2019\/10\/SIEVERTSHenning\u252c\u00aeGodehard.Lutz@bayern-mail.de_IMGP0367-e1572428178370.jpg\" data-orig-size=\"3264,4928\" data-comments-opened=\"1\" data-image-meta=\"{&quot;aperture&quot;:&quot;2.8&quot;,&quot;credit&quot;:&quot;Godehard LUTZ&quot;,&quot;camera&quot;:&quot;PENTAX K-30&quot;,&quot;caption&quot;:&quot;&quot;,&quot;created_timestamp&quot;:&quot;1572123889&quot;,&quot;copyright&quot;:&quot;Godehard.Lutz@maxi-dsl.de&quot;,&quot;focal_length&quot;:&quot;130&quot;,&quot;iso&quot;:&quot;3200&quot;,&quot;shutter_speed&quot;:&quot;0.005&quot;,&quot;title&quot;:&quot;&quot;,&quot;orientation&quot;:&quot;8&quot;}\" data-image-title=\"SIEVERTS,Henning\u252c\u00aeGodehard.Lutz@bayern-mail.de_IMGP0367\" data-image-description=\"\" data-medium-file=\"https:\/\/i0.wp.com\/www.jazzzeitung.de\/cms\/wp-content\/uploads\/2019\/10\/SIEVERTSHenning%E2%94%AC%C2%AEGodehard.Lutz%40bayern-mail.de_IMGP0367-e1572428178370.jpg?fit=199%2C300&#038;ssl=1\" data-large-file=\"https:\/\/i0.wp.com\/www.jazzzeitung.de\/cms\/wp-content\/uploads\/2019\/10\/SIEVERTSHenning%E2%94%AC%C2%AEGodehard.Lutz%40bayern-mail.de_IMGP0367-e1572428178370.jpg?fit=397%2C600&#038;ssl=1\" src=\"https:\/\/i0.wp.com\/www.jazzzeitung.de\/cms\/wp-content\/uploads\/2019\/10\/SIEVERTSHenning%E2%94%AC%C2%AEGodehard.Lutz%40bayern-mail.de_IMGP0367-e1572428178370.jpg?w=156&#038;h=236&#038;ssl=1\" width=\"156\" height=\"236\" loading=\"lazy\" data-original-width=\"156\" data-original-height=\"236\" itemprop=\"http:\/\/schema.org\/image\" title=\"SIEVERTS,Henning\u252c\u00aeGodehard.Lutz@bayern-mail.de_IMGP0367\" alt=\"Henning Sievert. Foto. Godehard Lutz\" style=\"width: 156px; height: 236px;\" \/> <\/a> <div class=\"tiled-gallery-caption\" itemprop=\"caption description\"> Henning Sievert. Foto. Godehard Lutz <\/div> <\/div> <\/div> <!-- close group --> <div class=\"gallery-group images-1\" style=\"width: 160px; height: 240px;\" data-original-width=\"160\" data-original-height=\"240\" > <div class=\"tiled-gallery-item tiled-gallery-item-small\" itemprop=\"associatedMedia\" itemscope itemtype=\"http:\/\/schema.org\/ImageObject\"> <a href=\"https:\/\/www.jazzzeitung.de\/cms\/2019\/10\/zum-30-jazzfest-der-jazzmusiker-initiative-muenchen\/jermerrobingodehard-lutzbayern-mail-de_imgp0279b\/\" border=\"0\" itemprop=\"url\"> <meta itemprop=\"width\" content=\"156\"> <meta itemprop=\"height\" content=\"236\"> <img decoding=\"async\" class=\"\" data-attachment-id=\"21099\" data-orig-file=\"https:\/\/www.jazzzeitung.de\/cms\/wp-content\/uploads\/2019\/10\/JERMERRobin\u252c\u00aeGodehard.Lutz@bayern-mail.de_IMGP0279B.jpg\" data-orig-size=\"3264,4928\" data-comments-opened=\"1\" data-image-meta=\"{&quot;aperture&quot;:&quot;2.8&quot;,&quot;credit&quot;:&quot;Godehard LUTZ&quot;,&quot;camera&quot;:&quot;PENTAX K-30&quot;,&quot;caption&quot;:&quot;&quot;,&quot;created_timestamp&quot;:&quot;1572043711&quot;,&quot;copyright&quot;:&quot;Godehard.Lutz@maxi-dsl.de&quot;,&quot;focal_length&quot;:&quot;80&quot;,&quot;iso&quot;:&quot;1600&quot;,&quot;shutter_speed&quot;:&quot;0.008&quot;,&quot;title&quot;:&quot;&quot;,&quot;orientation&quot;:&quot;1&quot;}\" data-image-title=\"JERMER,Robin\u252c\u00aeGodehard.Lutz@bayern-mail.de_IMGP0279B\" data-image-description=\"\" data-medium-file=\"https:\/\/i0.wp.com\/www.jazzzeitung.de\/cms\/wp-content\/uploads\/2019\/10\/JERMERRobin%E2%94%AC%C2%AEGodehard.Lutz%40bayern-mail.de_IMGP0279B.jpg?fit=199%2C300&#038;ssl=1\" data-large-file=\"https:\/\/i0.wp.com\/www.jazzzeitung.de\/cms\/wp-content\/uploads\/2019\/10\/JERMERRobin%E2%94%AC%C2%AEGodehard.Lutz%40bayern-mail.de_IMGP0279B.jpg?fit=397%2C600&#038;ssl=1\" src=\"https:\/\/i0.wp.com\/www.jazzzeitung.de\/cms\/wp-content\/uploads\/2019\/10\/JERMERRobin%E2%94%AC%C2%AEGodehard.Lutz%40bayern-mail.de_IMGP0279B.jpg?w=156&#038;h=236&#038;ssl=1\" width=\"156\" height=\"236\" loading=\"lazy\" data-original-width=\"156\" data-original-height=\"236\" itemprop=\"http:\/\/schema.org\/image\" title=\"JERMER,Robin\u252c\u00aeGodehard.Lutz@bayern-mail.de_IMGP0279B\" alt=\"Robin Jermer. Foto. Godehard Lutz\" style=\"width: 156px; height: 236px;\" \/> <\/a> <div class=\"tiled-gallery-caption\" itemprop=\"caption description\"> Robin Jermer. Foto. Godehard Lutz <\/div> <\/div> <\/div> <!-- close group --> <\/div> <!-- close row --> <div class=\"gallery-row\" style=\"width: 840px; height: 280px;\" data-original-width=\"840\" data-original-height=\"280\" > <div class=\"gallery-group images-1\" style=\"width: 420px; height: 280px;\" data-original-width=\"420\" data-original-height=\"280\" > <div class=\"tiled-gallery-item tiled-gallery-item-large\" itemprop=\"associatedMedia\" itemscope itemtype=\"http:\/\/schema.org\/ImageObject\"> <a href=\"https:\/\/www.jazzzeitung.de\/cms\/2019\/10\/zum-30-jazzfest-der-jazzmusiker-initiative-muenchen\/hyltonsamgodehard-lutzbayern-mail-de_imgp0267b\/\" border=\"0\" itemprop=\"url\"> <meta itemprop=\"width\" content=\"416\"> <meta itemprop=\"height\" content=\"276\"> <img decoding=\"async\" class=\"\" data-attachment-id=\"21098\" data-orig-file=\"https:\/\/www.jazzzeitung.de\/cms\/wp-content\/uploads\/2019\/10\/HYLTONSam\u252c\u00aeGodehard.Lutz@bayern-mail.de_IMGP0267B.jpg\" data-orig-size=\"4928,3264\" data-comments-opened=\"1\" data-image-meta=\"{&quot;aperture&quot;:&quot;2.8&quot;,&quot;credit&quot;:&quot;Godehard LUTZ&quot;,&quot;camera&quot;:&quot;PENTAX K-30&quot;,&quot;caption&quot;:&quot;&quot;,&quot;created_timestamp&quot;:&quot;1572042377&quot;,&quot;copyright&quot;:&quot;Godehard.Lutz@maxi-dsl.de&quot;,&quot;focal_length&quot;:&quot;80&quot;,&quot;iso&quot;:&quot;6400&quot;,&quot;shutter_speed&quot;:&quot;0.076923076923077&quot;,&quot;title&quot;:&quot;&quot;,&quot;orientation&quot;:&quot;1&quot;}\" data-image-title=\"HYLTON,Sam\u252c\u00aeGodehard.Lutz@bayern-mail.de_IMGP0267B\" data-image-description=\"\" data-medium-file=\"https:\/\/i0.wp.com\/www.jazzzeitung.de\/cms\/wp-content\/uploads\/2019\/10\/HYLTONSam%E2%94%AC%C2%AEGodehard.Lutz%40bayern-mail.de_IMGP0267B.jpg?fit=300%2C199&#038;ssl=1\" data-large-file=\"https:\/\/i0.wp.com\/www.jazzzeitung.de\/cms\/wp-content\/uploads\/2019\/10\/HYLTONSam%E2%94%AC%C2%AEGodehard.Lutz%40bayern-mail.de_IMGP0267B.jpg?fit=840%2C556&#038;ssl=1\" src=\"https:\/\/i0.wp.com\/www.jazzzeitung.de\/cms\/wp-content\/uploads\/2019\/10\/HYLTONSam%E2%94%AC%C2%AEGodehard.Lutz%40bayern-mail.de_IMGP0267B.jpg?w=416&#038;h=276&#038;ssl=1\" width=\"416\" height=\"276\" loading=\"lazy\" data-original-width=\"416\" data-original-height=\"276\" itemprop=\"http:\/\/schema.org\/image\" title=\"HYLTON,Sam\u252c\u00aeGodehard.Lutz@bayern-mail.de_IMGP0267B\" alt=\"Sam Hylton. Foto. Godehard Lutz\" style=\"width: 416px; height: 276px;\" \/> <\/a> <div class=\"tiled-gallery-caption\" itemprop=\"caption description\"> Sam Hylton. Foto. Godehard Lutz <\/div> <\/div> <\/div> <!-- close group --> <div class=\"gallery-group images-1\" style=\"width: 420px; height: 280px;\" data-original-width=\"420\" data-original-height=\"280\" > <div class=\"tiled-gallery-item tiled-gallery-item-large\" itemprop=\"associatedMedia\" itemscope itemtype=\"http:\/\/schema.org\/ImageObject\"> <a href=\"https:\/\/www.jazzzeitung.de\/cms\/2019\/10\/zum-30-jazzfest-der-jazzmusiker-initiative-muenchen\/goodmangeoffgodehard-lutzbayern-mail-de_imgp0305\/\" border=\"0\" itemprop=\"url\"> <meta itemprop=\"width\" content=\"416\"> <meta itemprop=\"height\" content=\"276\"> <img decoding=\"async\" class=\"\" data-attachment-id=\"21097\" data-orig-file=\"https:\/\/www.jazzzeitung.de\/cms\/wp-content\/uploads\/2019\/10\/GOODMANGeoff\u252c\u00aeGodehard.Lutz@bayern-mail.de_IMGP0305.jpg\" data-orig-size=\"4928,3264\" data-comments-opened=\"1\" data-image-meta=\"{&quot;aperture&quot;:&quot;2.8&quot;,&quot;credit&quot;:&quot;Godehard LUTZ&quot;,&quot;camera&quot;:&quot;PENTAX K-30&quot;,&quot;caption&quot;:&quot;&quot;,&quot;created_timestamp&quot;:&quot;1572120694&quot;,&quot;copyright&quot;:&quot;Godehard.Lutz@maxi-dsl.de&quot;,&quot;focal_length&quot;:&quot;80&quot;,&quot;iso&quot;:&quot;6400&quot;,&quot;shutter_speed&quot;:&quot;0.016666666666667&quot;,&quot;title&quot;:&quot;&quot;,&quot;orientation&quot;:&quot;1&quot;}\" data-image-title=\"GOODMAN,Geoff\u252c\u00aeGodehard.Lutz@bayern-mail.de_IMGP0305\" data-image-description=\"\" data-medium-file=\"https:\/\/i0.wp.com\/www.jazzzeitung.de\/cms\/wp-content\/uploads\/2019\/10\/GOODMANGeoff%E2%94%AC%C2%AEGodehard.Lutz%40bayern-mail.de_IMGP0305.jpg?fit=300%2C199&#038;ssl=1\" data-large-file=\"https:\/\/i0.wp.com\/www.jazzzeitung.de\/cms\/wp-content\/uploads\/2019\/10\/GOODMANGeoff%E2%94%AC%C2%AEGodehard.Lutz%40bayern-mail.de_IMGP0305.jpg?fit=840%2C556&#038;ssl=1\" src=\"https:\/\/i0.wp.com\/www.jazzzeitung.de\/cms\/wp-content\/uploads\/2019\/10\/GOODMANGeoff%E2%94%AC%C2%AEGodehard.Lutz%40bayern-mail.de_IMGP0305.jpg?w=416&#038;h=276&#038;ssl=1\" width=\"416\" height=\"276\" loading=\"lazy\" data-original-width=\"416\" data-original-height=\"276\" itemprop=\"http:\/\/schema.org\/image\" title=\"GOODMAN,Geoff\u252c\u00aeGodehard.Lutz@bayern-mail.de_IMGP0305\" alt=\"Geoff Goodman. Foto. Godehard Lutz\" style=\"width: 416px; height: 276px;\" \/> <\/a> <div class=\"tiled-gallery-caption\" itemprop=\"caption description\"> Geoff Goodman. Foto. Godehard Lutz <\/div> <\/div> <\/div> <!-- close group --> <\/div> <!-- close row --> <\/div>\n<p>Jeweils im gewollten Kontrast standen die zweiten Bands mit groovbetonter Musik. Die \u201eTunnel Vision\u201c (yeb 7793) von Ark Noir mit Moritz Stahl, Tilman Brandl, Sam Hylton, Robin Jermer und Marco Dufner zeigte sich von Techno und Jazz gleicherma\u00dfen gepr\u00e4gt und er\u00f6ffnete eine Vision davon, was dem Jazz am (Tunnel-) Ende noch bl\u00fchen k\u00f6nnte. Die \u201eelectronic fusion\u201c von Burkard Schmidl &amp; Friends Jan Zelinka und Jochen Volpert f\u00fchrte Jahrzehnte zur\u00fcck bis in die Zeiten von Missus Beastly und\u00a0 vor Ohren, dass hypnotische Grooves, Elektronik und Samplings keine Erfindung der heute Jungen sind. Machte streckenweise Spa\u00df, mehr wars aber auch nicht.<\/p>\n<p>Auch 2019 ist das Jazzfest M\u00fcnchen aus Termingr\u00fcnden des Kulturzentrums zweigeteilt. Vom 5. bis 7. 12. geht es in der Black Box weiter, dann mit 3 Bands je Abend (<a href=\"http:\/\/www.jazzfestmuenchen.de\/Programm.560.0.html\">http:\/\/www.jazzfestmuenchen.de\/Programm.560.0.html<\/a>).<\/p>\n<p>Godehard Lutz<\/p>\n","protected":false},"excerpt":{"rendered":"<p>Das 30. Jazzfest der Jazzmusiker-Initiative M\u00fcnchen JIM begann mit zwei Konzerten\u00a0 in der Black Box im Kulturzentrum Gasteig. Dort ist es durch die Unterst\u00fctzung des Kulturreferats der Stadt M\u00fcnchen seit einigen Jahren zu Hause. Begonnen hat es 1990 als 5-t\u00e4gige Selbstdarstellung und Werbeveranstaltung der M\u00fcnchener Jazzszene. Aus ihr gr\u00fcndete sich im Jahr darauf JIM e. V. als Selbsthilfeorganisation und Veranstalter des Festivals. Im Zirkuszelt im Olympiapark, wo das Jazzfest manchmal fast im Schlamm versank, war es 5 Jahre beheimatet. Danach tingelte es durch die halbe Stadt und erschloss dem Jazz vor\u00fcbergehend die verschiedensten Spielorte. Einige der Musiker der vier Bands, die das Festival 2019 er\u00f6ffneten, waren auch schon in den Anfangsjahren dabei. Schlie\u00dflich wollten und wollen sich die Jazzmusiker mit ihrer Initiative zus\u00e4tzliche Auftrittsm\u00f6glichkeiten verschaffen, wenn diese auch bei weitem nicht den Vereinsmitgliedern und l\u00e4ngst auch nicht mehr nur M\u00fcnchener Musikern vorbehalten sind. Diese standen und stehen aber beim Jubil\u00e4um eindeutig im Fokus. Zum Auftakt pr\u00e4sentierten drei Bands ihre bei ENJA Records erschienen Alben: Matthias Gmelin mit \u201eVibes Waltz\u201c (CD 9764) rhythmusbetonten Modern Jazz in Oktett-Besetzung mit Tim Collins, Jason Seizer, Diony Var\u00ecas Astudillo, Peter &hellip;<\/p>\n","protected":false},"author":18,"featured_media":21089,"comment_status":"open","ping_status":"closed","sticky":false,"template":"","format":"standard","meta":{"_jetpack_memberships_contains_paid_content":false,"footnotes":"","jetpack_publicize_message":"","jetpack_publicize_feature_enabled":true,"jetpack_social_post_already_shared":false,"jetpack_social_options":{"image_generator_settings":{"template":"highway","default_image_id":0,"font":"","enabled":false},"version":2}},"categories":[633],"tags":[2019,2627,109,163,1481,3,682,2311,193,1243,221,1876,751,1242,281,1978,301,10,401,1098,480],"coauthors":[695],"class_list":["post-21087","post","type-post","status-publish","format-standard","has-post-thumbnail","hentry","category-nachrichten","tag-2019","tag-ark-noir","tag-cd","tag-enja","tag-enja-records","tag-festival","tag-festivals","tag-fusion","tag-gasteig","tag-godehard-lutz","tag-henning-sieverts","tag-jazz","tag-jazzfest","tag-jazzfest-muenchen","tag-jazzmusiker","tag-jazzszene","tag-johannes-faber","tag-jubilaeum","tag-muenchen","tag-peter-omara","tag-rudi-mahall"],"yoast_head":"<!-- This site is optimized with the Yoast SEO plugin v27.5 - https:\/\/yoast.com\/product\/yoast-seo-wordpress\/ -->\n<title>Das 30. Jazzfest der Jazzmusiker-Initiative M\u00fcnchen \u2013 erste Halbzeit - JazzZeitung<\/title>\n<meta name=\"robots\" content=\"index, follow, max-snippet:-1, max-image-preview:large, max-video-preview:-1\" \/>\n<link rel=\"canonical\" href=\"https:\/\/www.jazzzeitung.de\/cms\/2019\/10\/zum-30-jazzfest-der-jazzmusiker-initiative-muenchen\/\" \/>\n<meta property=\"og:locale\" content=\"de_DE\" \/>\n<meta property=\"og:type\" content=\"article\" \/>\n<meta property=\"og:title\" content=\"Das 30. Jazzfest der Jazzmusiker-Initiative M\u00fcnchen \u2013 erste Halbzeit - JazzZeitung\" \/>\n<meta property=\"og:description\" content=\"Das 30. Jazzfest der Jazzmusiker-Initiative M\u00fcnchen JIM begann mit zwei Konzerten\u00a0 in der Black Box im Kulturzentrum Gasteig. Dort ist es durch die Unterst\u00fctzung des Kulturreferats der Stadt M\u00fcnchen seit einigen Jahren zu Hause. Begonnen hat es 1990 als 5-t\u00e4gige Selbstdarstellung und Werbeveranstaltung der M\u00fcnchener Jazzszene. Aus ihr gr\u00fcndete sich im Jahr darauf JIM e. V. als Selbsthilfeorganisation und Veranstalter des Festivals. Im Zirkuszelt im Olympiapark, wo das Jazzfest manchmal fast im Schlamm versank, war es 5 Jahre beheimatet. Danach tingelte es durch die halbe Stadt und erschloss dem Jazz vor\u00fcbergehend die verschiedensten Spielorte. Einige der Musiker der vier Bands, die das Festival 2019 er\u00f6ffneten, waren auch schon in den Anfangsjahren dabei. Schlie\u00dflich wollten und wollen sich die Jazzmusiker mit ihrer Initiative zus\u00e4tzliche Auftrittsm\u00f6glichkeiten verschaffen, wenn diese auch bei weitem nicht den Vereinsmitgliedern und l\u00e4ngst auch nicht mehr nur M\u00fcnchener Musikern vorbehalten sind. Diese standen und stehen aber beim Jubil\u00e4um eindeutig im Fokus. Zum Auftakt pr\u00e4sentierten drei Bands ihre bei ENJA Records erschienen Alben: Matthias Gmelin mit \u201eVibes Waltz\u201c (CD 9764) rhythmusbetonten Modern Jazz in Oktett-Besetzung mit Tim Collins, Jason Seizer, Diony Var\u00ecas Astudillo, Peter &hellip;\" \/>\n<meta property=\"og:url\" content=\"https:\/\/www.jazzzeitung.de\/cms\/2019\/10\/zum-30-jazzfest-der-jazzmusiker-initiative-muenchen\/\" \/>\n<meta property=\"og:site_name\" content=\"JazzZeitung\" \/>\n<meta property=\"article:publisher\" content=\"https:\/\/www.facebook.com\/JazzZeitung\/\" \/>\n<meta property=\"article:published_time\" content=\"2019-10-31T07:47:23+00:00\" \/>\n<meta property=\"og:image\" content=\"https:\/\/www.jazzzeitung.de\/cms\/wp-content\/uploads\/2019\/10\/\u252c\u00aeGodehard.Lutz@bayern-mail.de_IMGP0337-900x596.jpg\" \/>\n\t<meta property=\"og:image:width\" content=\"900\" \/>\n\t<meta property=\"og:image:height\" content=\"596\" \/>\n\t<meta property=\"og:image:type\" content=\"image\/jpeg\" \/>\n<meta name=\"author\" content=\"Redaktion JazzZeitung\" \/>\n<script type=\"application\/ld+json\" class=\"yoast-schema-graph\">{\"@context\":\"https:\\\/\\\/schema.org\",\"@graph\":[{\"@type\":\"Article\",\"@id\":\"https:\\\/\\\/www.jazzzeitung.de\\\/cms\\\/2019\\\/10\\\/zum-30-jazzfest-der-jazzmusiker-initiative-muenchen\\\/#article\",\"isPartOf\":{\"@id\":\"https:\\\/\\\/www.jazzzeitung.de\\\/cms\\\/2019\\\/10\\\/zum-30-jazzfest-der-jazzmusiker-initiative-muenchen\\\/\"},\"author\":{\"name\":\"Redaktion JazzZeitung\",\"@id\":\"https:\\\/\\\/www.jazzzeitung.de\\\/cms\\\/#\\\/schema\\\/person\\\/2245b36b9cd1d24cea10f01c031fb92b\"},\"headline\":\"Das 30. Jazzfest der Jazzmusiker-Initiative M\u00fcnchen \u2013 erste Halbzeit\",\"datePublished\":\"2019-10-31T07:47:23+00:00\",\"mainEntityOfPage\":{\"@id\":\"https:\\\/\\\/www.jazzzeitung.de\\\/cms\\\/2019\\\/10\\\/zum-30-jazzfest-der-jazzmusiker-initiative-muenchen\\\/\"},\"wordCount\":399,\"commentCount\":0,\"publisher\":{\"@id\":\"https:\\\/\\\/www.jazzzeitung.de\\\/cms\\\/#organization\"},\"image\":{\"@id\":\"https:\\\/\\\/www.jazzzeitung.de\\\/cms\\\/2019\\\/10\\\/zum-30-jazzfest-der-jazzmusiker-initiative-muenchen\\\/#primaryimage\"},\"thumbnailUrl\":\"https:\\\/\\\/i0.wp.com\\\/www.jazzzeitung.de\\\/cms\\\/wp-content\\\/uploads\\\/2019\\\/10\\\/%E2%94%AC%C2%AEGodehard.Lutz%40bayern-mail.de_IMGP0337.jpg?fit=4928%2C3264&ssl=1\",\"keywords\":[\"2019\",\"ARK NOIR\",\"CD\",\"enja\",\"Enja Records\",\"Festival\",\"Festivals\",\"Fusion\",\"Gasteig\",\"Godehard Lutz\",\"Henning Sieverts\",\"Jazz\",\"Jazzfest\",\"Jazzfest M\u00fcnchen\",\"Jazzmusiker\",\"Jazzszene\",\"Johannes Faber\",\"Jubil\u00e4um\",\"M\u00fcnchen\",\"Peter O'Mara\",\"Rudi Mahall\"],\"articleSection\":[\"News\"],\"inLanguage\":\"de\",\"potentialAction\":[{\"@type\":\"CommentAction\",\"name\":\"Comment\",\"target\":[\"https:\\\/\\\/www.jazzzeitung.de\\\/cms\\\/2019\\\/10\\\/zum-30-jazzfest-der-jazzmusiker-initiative-muenchen\\\/#respond\"]}]},{\"@type\":\"WebPage\",\"@id\":\"https:\\\/\\\/www.jazzzeitung.de\\\/cms\\\/2019\\\/10\\\/zum-30-jazzfest-der-jazzmusiker-initiative-muenchen\\\/\",\"url\":\"https:\\\/\\\/www.jazzzeitung.de\\\/cms\\\/2019\\\/10\\\/zum-30-jazzfest-der-jazzmusiker-initiative-muenchen\\\/\",\"name\":\"Das 30. Jazzfest der Jazzmusiker-Initiative M\u00fcnchen \u2013 erste Halbzeit - JazzZeitung\",\"isPartOf\":{\"@id\":\"https:\\\/\\\/www.jazzzeitung.de\\\/cms\\\/#website\"},\"primaryImageOfPage\":{\"@id\":\"https:\\\/\\\/www.jazzzeitung.de\\\/cms\\\/2019\\\/10\\\/zum-30-jazzfest-der-jazzmusiker-initiative-muenchen\\\/#primaryimage\"},\"image\":{\"@id\":\"https:\\\/\\\/www.jazzzeitung.de\\\/cms\\\/2019\\\/10\\\/zum-30-jazzfest-der-jazzmusiker-initiative-muenchen\\\/#primaryimage\"},\"thumbnailUrl\":\"https:\\\/\\\/i0.wp.com\\\/www.jazzzeitung.de\\\/cms\\\/wp-content\\\/uploads\\\/2019\\\/10\\\/%E2%94%AC%C2%AEGodehard.Lutz%40bayern-mail.de_IMGP0337.jpg?fit=4928%2C3264&ssl=1\",\"datePublished\":\"2019-10-31T07:47:23+00:00\",\"breadcrumb\":{\"@id\":\"https:\\\/\\\/www.jazzzeitung.de\\\/cms\\\/2019\\\/10\\\/zum-30-jazzfest-der-jazzmusiker-initiative-muenchen\\\/#breadcrumb\"},\"inLanguage\":\"de\",\"potentialAction\":[{\"@type\":\"ReadAction\",\"target\":[\"https:\\\/\\\/www.jazzzeitung.de\\\/cms\\\/2019\\\/10\\\/zum-30-jazzfest-der-jazzmusiker-initiative-muenchen\\\/\"]}]},{\"@type\":\"ImageObject\",\"inLanguage\":\"de\",\"@id\":\"https:\\\/\\\/www.jazzzeitung.de\\\/cms\\\/2019\\\/10\\\/zum-30-jazzfest-der-jazzmusiker-initiative-muenchen\\\/#primaryimage\",\"url\":\"https:\\\/\\\/i0.wp.com\\\/www.jazzzeitung.de\\\/cms\\\/wp-content\\\/uploads\\\/2019\\\/10\\\/%E2%94%AC%C2%AEGodehard.Lutz%40bayern-mail.de_IMGP0337.jpg?fit=4928%2C3264&ssl=1\",\"contentUrl\":\"https:\\\/\\\/i0.wp.com\\\/www.jazzzeitung.de\\\/cms\\\/wp-content\\\/uploads\\\/2019\\\/10\\\/%E2%94%AC%C2%AEGodehard.Lutz%40bayern-mail.de_IMGP0337.jpg?fit=4928%2C3264&ssl=1\",\"width\":4928,\"height\":3264,\"caption\":\"Rudi Mahall, Matthieu Bordenave, Henning Sieverts und Bill Elgart. Foto. Godehard Lutz\"},{\"@type\":\"BreadcrumbList\",\"@id\":\"https:\\\/\\\/www.jazzzeitung.de\\\/cms\\\/2019\\\/10\\\/zum-30-jazzfest-der-jazzmusiker-initiative-muenchen\\\/#breadcrumb\",\"itemListElement\":[{\"@type\":\"ListItem\",\"position\":1,\"name\":\"Startseite\",\"item\":\"https:\\\/\\\/www.jazzzeitung.de\\\/cms\\\/\"},{\"@type\":\"ListItem\",\"position\":2,\"name\":\"Das 30. Jazzfest der Jazzmusiker-Initiative M\u00fcnchen \u2013 erste Halbzeit\"}]},{\"@type\":\"WebSite\",\"@id\":\"https:\\\/\\\/www.jazzzeitung.de\\\/cms\\\/#website\",\"url\":\"https:\\\/\\\/www.jazzzeitung.de\\\/cms\\\/\",\"name\":\"JazzZeitung\",\"description\":\"Jazz-News und Jazz-Kontroverses\",\"publisher\":{\"@id\":\"https:\\\/\\\/www.jazzzeitung.de\\\/cms\\\/#organization\"},\"potentialAction\":[{\"@type\":\"SearchAction\",\"target\":{\"@type\":\"EntryPoint\",\"urlTemplate\":\"https:\\\/\\\/www.jazzzeitung.de\\\/cms\\\/?s={search_term_string}\"},\"query-input\":{\"@type\":\"PropertyValueSpecification\",\"valueRequired\":true,\"valueName\":\"search_term_string\"}}],\"inLanguage\":\"de\"},{\"@type\":\"Organization\",\"@id\":\"https:\\\/\\\/www.jazzzeitung.de\\\/cms\\\/#organization\",\"name\":\"JazzZeitung online\",\"url\":\"https:\\\/\\\/www.jazzzeitung.de\\\/cms\\\/\",\"logo\":{\"@type\":\"ImageObject\",\"inLanguage\":\"de\",\"@id\":\"https:\\\/\\\/www.jazzzeitung.de\\\/cms\\\/#\\\/schema\\\/logo\\\/image\\\/\",\"url\":\"https:\\\/\\\/i0.wp.com\\\/www.jazzzeitung.de\\\/cms\\\/wp-content\\\/uploads\\\/2015\\\/08\\\/JAZZZEITUNGDE_Logo_Neu.png?fit=499%2C200&ssl=1\",\"contentUrl\":\"https:\\\/\\\/i0.wp.com\\\/www.jazzzeitung.de\\\/cms\\\/wp-content\\\/uploads\\\/2015\\\/08\\\/JAZZZEITUNGDE_Logo_Neu.png?fit=499%2C200&ssl=1\",\"width\":499,\"height\":200,\"caption\":\"JazzZeitung online\"},\"image\":{\"@id\":\"https:\\\/\\\/www.jazzzeitung.de\\\/cms\\\/#\\\/schema\\\/logo\\\/image\\\/\"},\"sameAs\":[\"https:\\\/\\\/www.facebook.com\\\/JazzZeitung\\\/\"]},{\"@type\":\"Person\",\"@id\":\"https:\\\/\\\/www.jazzzeitung.de\\\/cms\\\/#\\\/schema\\\/person\\\/2245b36b9cd1d24cea10f01c031fb92b\",\"name\":\"Redaktion JazzZeitung\",\"image\":{\"@type\":\"ImageObject\",\"inLanguage\":\"de\",\"@id\":\"https:\\\/\\\/i0.wp.com\\\/www.jazzzeitung.de\\\/cms\\\/wp-content\\\/uploads\\\/2015\\\/08\\\/JAZZZEITUNGDE_Logo_Neu.png?resize=96%2C96&ssl=159975dcacb611b5700bd619b5daf0a7a\",\"url\":\"https:\\\/\\\/i0.wp.com\\\/www.jazzzeitung.de\\\/cms\\\/wp-content\\\/uploads\\\/2015\\\/08\\\/JAZZZEITUNGDE_Logo_Neu.png?resize=96%2C96&ssl=1\",\"contentUrl\":\"https:\\\/\\\/i0.wp.com\\\/www.jazzzeitung.de\\\/cms\\\/wp-content\\\/uploads\\\/2015\\\/08\\\/JAZZZEITUNGDE_Logo_Neu.png?resize=96%2C96&ssl=1\",\"caption\":\"Redaktion JazzZeitung\"},\"description\":\"Artikel der Redaktion der JazzZeitung.\",\"sameAs\":[\"http:\\\/\\\/www.jazzzeitung.de\\\/cms\\\/\"],\"url\":\"https:\\\/\\\/www.jazzzeitung.de\\\/cms\\\/author\\\/redaktion\\\/\"}]}<\/script>\n<!-- \/ Yoast SEO plugin. -->","yoast_head_json":{"title":"Das 30. Jazzfest der Jazzmusiker-Initiative M\u00fcnchen \u2013 erste Halbzeit - JazzZeitung","robots":{"index":"index","follow":"follow","max-snippet":"max-snippet:-1","max-image-preview":"max-image-preview:large","max-video-preview":"max-video-preview:-1"},"canonical":"https:\/\/www.jazzzeitung.de\/cms\/2019\/10\/zum-30-jazzfest-der-jazzmusiker-initiative-muenchen\/","og_locale":"de_DE","og_type":"article","og_title":"Das 30. Jazzfest der Jazzmusiker-Initiative M\u00fcnchen \u2013 erste Halbzeit - JazzZeitung","og_description":"Das 30. Jazzfest der Jazzmusiker-Initiative M\u00fcnchen JIM begann mit zwei Konzerten\u00a0 in der Black Box im Kulturzentrum Gasteig. Dort ist es durch die Unterst\u00fctzung des Kulturreferats der Stadt M\u00fcnchen seit einigen Jahren zu Hause. Begonnen hat es 1990 als 5-t\u00e4gige Selbstdarstellung und Werbeveranstaltung der M\u00fcnchener Jazzszene. Aus ihr gr\u00fcndete sich im Jahr darauf JIM e. V. als Selbsthilfeorganisation und Veranstalter des Festivals. Im Zirkuszelt im Olympiapark, wo das Jazzfest manchmal fast im Schlamm versank, war es 5 Jahre beheimatet. Danach tingelte es durch die halbe Stadt und erschloss dem Jazz vor\u00fcbergehend die verschiedensten Spielorte. Einige der Musiker der vier Bands, die das Festival 2019 er\u00f6ffneten, waren auch schon in den Anfangsjahren dabei. Schlie\u00dflich wollten und wollen sich die Jazzmusiker mit ihrer Initiative zus\u00e4tzliche Auftrittsm\u00f6glichkeiten verschaffen, wenn diese auch bei weitem nicht den Vereinsmitgliedern und l\u00e4ngst auch nicht mehr nur M\u00fcnchener Musikern vorbehalten sind. Diese standen und stehen aber beim Jubil\u00e4um eindeutig im Fokus. Zum Auftakt pr\u00e4sentierten drei Bands ihre bei ENJA Records erschienen Alben: Matthias Gmelin mit \u201eVibes Waltz\u201c (CD 9764) rhythmusbetonten Modern Jazz in Oktett-Besetzung mit Tim Collins, Jason Seizer, Diony Var\u00ecas Astudillo, Peter &hellip;","og_url":"https:\/\/www.jazzzeitung.de\/cms\/2019\/10\/zum-30-jazzfest-der-jazzmusiker-initiative-muenchen\/","og_site_name":"JazzZeitung","article_publisher":"https:\/\/www.facebook.com\/JazzZeitung\/","article_published_time":"2019-10-31T07:47:23+00:00","og_image":[{"width":900,"height":596,"url":"https:\/\/www.jazzzeitung.de\/cms\/wp-content\/uploads\/2019\/10\/\u252c\u00aeGodehard.Lutz@bayern-mail.de_IMGP0337-900x596.jpg","type":"image\/jpeg"}],"author":"Redaktion JazzZeitung","schema":{"@context":"https:\/\/schema.org","@graph":[{"@type":"Article","@id":"https:\/\/www.jazzzeitung.de\/cms\/2019\/10\/zum-30-jazzfest-der-jazzmusiker-initiative-muenchen\/#article","isPartOf":{"@id":"https:\/\/www.jazzzeitung.de\/cms\/2019\/10\/zum-30-jazzfest-der-jazzmusiker-initiative-muenchen\/"},"author":{"name":"Redaktion JazzZeitung","@id":"https:\/\/www.jazzzeitung.de\/cms\/#\/schema\/person\/2245b36b9cd1d24cea10f01c031fb92b"},"headline":"Das 30. Jazzfest der Jazzmusiker-Initiative M\u00fcnchen \u2013 erste Halbzeit","datePublished":"2019-10-31T07:47:23+00:00","mainEntityOfPage":{"@id":"https:\/\/www.jazzzeitung.de\/cms\/2019\/10\/zum-30-jazzfest-der-jazzmusiker-initiative-muenchen\/"},"wordCount":399,"commentCount":0,"publisher":{"@id":"https:\/\/www.jazzzeitung.de\/cms\/#organization"},"image":{"@id":"https:\/\/www.jazzzeitung.de\/cms\/2019\/10\/zum-30-jazzfest-der-jazzmusiker-initiative-muenchen\/#primaryimage"},"thumbnailUrl":"https:\/\/i0.wp.com\/www.jazzzeitung.de\/cms\/wp-content\/uploads\/2019\/10\/%E2%94%AC%C2%AEGodehard.Lutz%40bayern-mail.de_IMGP0337.jpg?fit=4928%2C3264&ssl=1","keywords":["2019","ARK NOIR","CD","enja","Enja Records","Festival","Festivals","Fusion","Gasteig","Godehard Lutz","Henning Sieverts","Jazz","Jazzfest","Jazzfest M\u00fcnchen","Jazzmusiker","Jazzszene","Johannes Faber","Jubil\u00e4um","M\u00fcnchen","Peter O'Mara","Rudi Mahall"],"articleSection":["News"],"inLanguage":"de","potentialAction":[{"@type":"CommentAction","name":"Comment","target":["https:\/\/www.jazzzeitung.de\/cms\/2019\/10\/zum-30-jazzfest-der-jazzmusiker-initiative-muenchen\/#respond"]}]},{"@type":"WebPage","@id":"https:\/\/www.jazzzeitung.de\/cms\/2019\/10\/zum-30-jazzfest-der-jazzmusiker-initiative-muenchen\/","url":"https:\/\/www.jazzzeitung.de\/cms\/2019\/10\/zum-30-jazzfest-der-jazzmusiker-initiative-muenchen\/","name":"Das 30. Jazzfest der Jazzmusiker-Initiative M\u00fcnchen \u2013 erste Halbzeit - JazzZeitung","isPartOf":{"@id":"https:\/\/www.jazzzeitung.de\/cms\/#website"},"primaryImageOfPage":{"@id":"https:\/\/www.jazzzeitung.de\/cms\/2019\/10\/zum-30-jazzfest-der-jazzmusiker-initiative-muenchen\/#primaryimage"},"image":{"@id":"https:\/\/www.jazzzeitung.de\/cms\/2019\/10\/zum-30-jazzfest-der-jazzmusiker-initiative-muenchen\/#primaryimage"},"thumbnailUrl":"https:\/\/i0.wp.com\/www.jazzzeitung.de\/cms\/wp-content\/uploads\/2019\/10\/%E2%94%AC%C2%AEGodehard.Lutz%40bayern-mail.de_IMGP0337.jpg?fit=4928%2C3264&ssl=1","datePublished":"2019-10-31T07:47:23+00:00","breadcrumb":{"@id":"https:\/\/www.jazzzeitung.de\/cms\/2019\/10\/zum-30-jazzfest-der-jazzmusiker-initiative-muenchen\/#breadcrumb"},"inLanguage":"de","potentialAction":[{"@type":"ReadAction","target":["https:\/\/www.jazzzeitung.de\/cms\/2019\/10\/zum-30-jazzfest-der-jazzmusiker-initiative-muenchen\/"]}]},{"@type":"ImageObject","inLanguage":"de","@id":"https:\/\/www.jazzzeitung.de\/cms\/2019\/10\/zum-30-jazzfest-der-jazzmusiker-initiative-muenchen\/#primaryimage","url":"https:\/\/i0.wp.com\/www.jazzzeitung.de\/cms\/wp-content\/uploads\/2019\/10\/%E2%94%AC%C2%AEGodehard.Lutz%40bayern-mail.de_IMGP0337.jpg?fit=4928%2C3264&ssl=1","contentUrl":"https:\/\/i0.wp.com\/www.jazzzeitung.de\/cms\/wp-content\/uploads\/2019\/10\/%E2%94%AC%C2%AEGodehard.Lutz%40bayern-mail.de_IMGP0337.jpg?fit=4928%2C3264&ssl=1","width":4928,"height":3264,"caption":"Rudi Mahall, Matthieu Bordenave, Henning Sieverts und Bill Elgart. Foto. Godehard Lutz"},{"@type":"BreadcrumbList","@id":"https:\/\/www.jazzzeitung.de\/cms\/2019\/10\/zum-30-jazzfest-der-jazzmusiker-initiative-muenchen\/#breadcrumb","itemListElement":[{"@type":"ListItem","position":1,"name":"Startseite","item":"https:\/\/www.jazzzeitung.de\/cms\/"},{"@type":"ListItem","position":2,"name":"Das 30. Jazzfest der Jazzmusiker-Initiative M\u00fcnchen \u2013 erste Halbzeit"}]},{"@type":"WebSite","@id":"https:\/\/www.jazzzeitung.de\/cms\/#website","url":"https:\/\/www.jazzzeitung.de\/cms\/","name":"JazzZeitung","description":"Jazz-News und Jazz-Kontroverses","publisher":{"@id":"https:\/\/www.jazzzeitung.de\/cms\/#organization"},"potentialAction":[{"@type":"SearchAction","target":{"@type":"EntryPoint","urlTemplate":"https:\/\/www.jazzzeitung.de\/cms\/?s={search_term_string}"},"query-input":{"@type":"PropertyValueSpecification","valueRequired":true,"valueName":"search_term_string"}}],"inLanguage":"de"},{"@type":"Organization","@id":"https:\/\/www.jazzzeitung.de\/cms\/#organization","name":"JazzZeitung online","url":"https:\/\/www.jazzzeitung.de\/cms\/","logo":{"@type":"ImageObject","inLanguage":"de","@id":"https:\/\/www.jazzzeitung.de\/cms\/#\/schema\/logo\/image\/","url":"https:\/\/i0.wp.com\/www.jazzzeitung.de\/cms\/wp-content\/uploads\/2015\/08\/JAZZZEITUNGDE_Logo_Neu.png?fit=499%2C200&ssl=1","contentUrl":"https:\/\/i0.wp.com\/www.jazzzeitung.de\/cms\/wp-content\/uploads\/2015\/08\/JAZZZEITUNGDE_Logo_Neu.png?fit=499%2C200&ssl=1","width":499,"height":200,"caption":"JazzZeitung online"},"image":{"@id":"https:\/\/www.jazzzeitung.de\/cms\/#\/schema\/logo\/image\/"},"sameAs":["https:\/\/www.facebook.com\/JazzZeitung\/"]},{"@type":"Person","@id":"https:\/\/www.jazzzeitung.de\/cms\/#\/schema\/person\/2245b36b9cd1d24cea10f01c031fb92b","name":"Redaktion JazzZeitung","image":{"@type":"ImageObject","inLanguage":"de","@id":"https:\/\/i0.wp.com\/www.jazzzeitung.de\/cms\/wp-content\/uploads\/2015\/08\/JAZZZEITUNGDE_Logo_Neu.png?resize=96%2C96&ssl=159975dcacb611b5700bd619b5daf0a7a","url":"https:\/\/i0.wp.com\/www.jazzzeitung.de\/cms\/wp-content\/uploads\/2015\/08\/JAZZZEITUNGDE_Logo_Neu.png?resize=96%2C96&ssl=1","contentUrl":"https:\/\/i0.wp.com\/www.jazzzeitung.de\/cms\/wp-content\/uploads\/2015\/08\/JAZZZEITUNGDE_Logo_Neu.png?resize=96%2C96&ssl=1","caption":"Redaktion JazzZeitung"},"description":"Artikel der Redaktion der JazzZeitung.","sameAs":["http:\/\/www.jazzzeitung.de\/cms\/"],"url":"https:\/\/www.jazzzeitung.de\/cms\/author\/redaktion\/"}]}},"wp-worthy-pixel":{"ignored":false,"public":null,"server":null,"url":null},"wp-worthy-type":"normal","jetpack_publicize_connections":[],"cc_featured_image_caption":{"caption_text":"","source_text":"","source_url":""},"jetpack_featured_media_url":"https:\/\/i0.wp.com\/www.jazzzeitung.de\/cms\/wp-content\/uploads\/2019\/10\/%E2%94%AC%C2%AEGodehard.Lutz%40bayern-mail.de_IMGP0337.jpg?fit=4928%2C3264&ssl=1","jetpack_shortlink":"https:\/\/wp.me\/p3KEcT-5u7","jetpack-related-posts":[{"id":21481,"url":"https:\/\/www.jazzzeitung.de\/cms\/2019\/12\/30-jazzfest-der-jazzmusiker-initiative-muenchen-mehr-bilder-einer-ausstellung\/","url_meta":{"origin":21087,"position":0},"title":"30. Jazzfest der Jazzmusiker-Initiative M\u00fcnchen, Teil 2: Noch mehr Bilder eines Festivals","author":"Redaktion JazzZeitung","date":"21. Dezember 2019","format":false,"excerpt":"Der zweite Teil des 30. Jazzfestes M\u00fcnchen der Jazzmusiker-Initiative M\u00fcnchen JIM brachte an drei Abenden je drei Bands auf die B\u00fchne der Black Box im Gasteig. Bei diesen 9 Konzerten wurde das Festival-Thema \u201eBilder einer Ausstellung\u201c in unterschiedlicher Weise aufgenommen, aber insgesamt deutlicher als an den vorausgegangenen Festival-Abenden Ende Oktober:\u2026","rel":"","context":"In &quot;Bericht&quot;","block_context":{"text":"Bericht","link":"https:\/\/www.jazzzeitung.de\/cms\/thema\/bericht\/"},"img":{"alt_text":"","src":"https:\/\/i0.wp.com\/www.jazzzeitung.de\/cms\/wp-content\/uploads\/2019\/12\/SIEGMETHHugo%E2%94%AC%C2%AEGodehard.Lutz%40bayern-mail.de_IMGP0700B-scaled.jpg?resize=350%2C200","width":350,"height":200,"srcset":"https:\/\/i0.wp.com\/www.jazzzeitung.de\/cms\/wp-content\/uploads\/2019\/12\/SIEGMETHHugo%E2%94%AC%C2%AEGodehard.Lutz%40bayern-mail.de_IMGP0700B-scaled.jpg?resize=350%2C200 1x, https:\/\/i0.wp.com\/www.jazzzeitung.de\/cms\/wp-content\/uploads\/2019\/12\/SIEGMETHHugo%E2%94%AC%C2%AEGodehard.Lutz%40bayern-mail.de_IMGP0700B-scaled.jpg?resize=525%2C300 1.5x, https:\/\/i0.wp.com\/www.jazzzeitung.de\/cms\/wp-content\/uploads\/2019\/12\/SIEGMETHHugo%E2%94%AC%C2%AEGodehard.Lutz%40bayern-mail.de_IMGP0700B-scaled.jpg?resize=700%2C400 2x, https:\/\/i0.wp.com\/www.jazzzeitung.de\/cms\/wp-content\/uploads\/2019\/12\/SIEGMETHHugo%E2%94%AC%C2%AEGodehard.Lutz%40bayern-mail.de_IMGP0700B-scaled.jpg?resize=1050%2C600 3x, https:\/\/i0.wp.com\/www.jazzzeitung.de\/cms\/wp-content\/uploads\/2019\/12\/SIEGMETHHugo%E2%94%AC%C2%AEGodehard.Lutz%40bayern-mail.de_IMGP0700B-scaled.jpg?resize=1400%2C800 4x"},"classes":[]},{"id":10640,"url":"https:\/\/www.jazzzeitung.de\/cms\/2016\/10\/jim-jazzfest-muenchen-startet-mir-einem-kurzflug-durch-die-jazzgeschichte-in-den-offenen-raum\/","url_meta":{"origin":21087,"position":1},"title":"JIM-Jazzfest M\u00fcnchen startet mir einem Kurzflug durch die Jazzgeschichte in den offenen Raum","author":"Redaktion JazzZeitung","date":"22. Oktober 2016","format":false,"excerpt":"Das 27. Jazzfest M\u00fcnchen bleibt weiter der selbst gestellten Aufgabe treu, zu zeigen, \u201ewelche Musiker in M\u00fcnchen und Umgebung basiert sind oder es fr\u00fcher waren\u201c und wie sie mit Kollegen aus der ganzen Welt zusammenarbeiten. Gegens\u00e4tzlicher h\u00e4tte Pianist Andy Lutter, Vorsitzender der Jazzmusiker-Iniative M\u00fcnchen (JIM) und Programmmacher des Jazzfest M\u00fcnchen\u2026","rel":"","context":"In &quot;Bericht&quot;","block_context":{"text":"Bericht","link":"https:\/\/www.jazzzeitung.de\/cms\/thema\/bericht\/"},"img":{"alt_text":"","src":"https:\/\/i0.wp.com\/www.jazzzeitung.de\/cms\/wp-content\/uploads\/2016\/10\/KRAUSEClaas-VERWORNERChristopherVKKO%C2%A9Godehard.Lutz%40bayern-mail.de_IMGP8274B-1.jpg?resize=350%2C200","width":350,"height":200,"srcset":"https:\/\/i0.wp.com\/www.jazzzeitung.de\/cms\/wp-content\/uploads\/2016\/10\/KRAUSEClaas-VERWORNERChristopherVKKO%C2%A9Godehard.Lutz%40bayern-mail.de_IMGP8274B-1.jpg?resize=350%2C200 1x, https:\/\/i0.wp.com\/www.jazzzeitung.de\/cms\/wp-content\/uploads\/2016\/10\/KRAUSEClaas-VERWORNERChristopherVKKO%C2%A9Godehard.Lutz%40bayern-mail.de_IMGP8274B-1.jpg?resize=525%2C300 1.5x, https:\/\/i0.wp.com\/www.jazzzeitung.de\/cms\/wp-content\/uploads\/2016\/10\/KRAUSEClaas-VERWORNERChristopherVKKO%C2%A9Godehard.Lutz%40bayern-mail.de_IMGP8274B-1.jpg?resize=700%2C400 2x, https:\/\/i0.wp.com\/www.jazzzeitung.de\/cms\/wp-content\/uploads\/2016\/10\/KRAUSEClaas-VERWORNERChristopherVKKO%C2%A9Godehard.Lutz%40bayern-mail.de_IMGP8274B-1.jpg?resize=1050%2C600 3x, https:\/\/i0.wp.com\/www.jazzzeitung.de\/cms\/wp-content\/uploads\/2016\/10\/KRAUSEClaas-VERWORNERChristopherVKKO%C2%A9Godehard.Lutz%40bayern-mail.de_IMGP8274B-1.jpg?resize=1400%2C800 4x"},"classes":[]},{"id":7893,"url":"https:\/\/www.jazzzeitung.de\/cms\/2015\/12\/jazzfest-muenchen-2015-mit-vocal-schwerpunkt\/","url_meta":{"origin":21087,"position":2},"title":"Jazzfest M\u00fcnchen 2015 mit Vocal-Schwerpunkt","author":"Redaktion JazzZeitung","date":"3. Dezember 2015","format":false,"excerpt":"H\u00f6ren Sie Stimmen! - das diesj\u00e4hrige Jazzfest M\u00fcnchen meint damit: keine Einbildung unserer von Bildern, Zeichen und deren Echtzeitkommunikation zum schwarzen Loch geschrumpften IT-Weltkugel. Stattdessen Raumvergr\u00f6\u00dferung! An drei Tagen vom 10. bis 12. Dezember pr\u00e4sentiert das 26. Jazzfest der Jazzmusiker Initiative M\u00fcnchen in der Black Box im Gasteig mit neun\u2026","rel":"","context":"In &quot;News&quot;","block_context":{"text":"News","link":"https:\/\/www.jazzzeitung.de\/cms\/thema\/nachrichten\/"},"img":{"alt_text":"Ungew\u00f6hnliche Besetzung: Munich Composers Collective: Foto: MCC ","src":"https:\/\/i0.wp.com\/www.jazzzeitung.de\/cms\/wp-content\/uploads\/2015\/12\/MCC-150x150.jpg?resize=350%2C200","width":350,"height":200},"classes":[]},{"id":9947,"url":"https:\/\/www.jazzzeitung.de\/cms\/2016\/08\/jazzfest-muenchen-2016-mit-grossen-formationen\/","url_meta":{"origin":21087,"position":3},"title":"Jazzfest M\u00fcnchen 2016 mit gro\u00dfen Formationen","author":"Redaktion JazzZeitung","date":"31. August 2016","format":false,"excerpt":"Das 27. Jazzfest M\u00fcnchen wird von 20. Bis 23. Oktober zentral in M\u00fcnchens legend\u00e4rem Kulturtempel, dem Gasteig, stattfinden. In der BLACK BOX + CARL ORFF SAAL kann man dieses Jahr gro\u00dfe Formationen h\u00f6ren, wie sie unterschiedlicher kaum sein k\u00f6nnen. Bands die ihre Kl\u00e4nge aus v\u00f6llig unterschiedlichen Quellen speisen und doch\u2026","rel":"","context":"In &quot;News&quot;","block_context":{"text":"News","link":"https:\/\/www.jazzzeitung.de\/cms\/thema\/nachrichten\/"},"img":{"alt_text":"Jiggs Whigham. Foto: JIM Flyer","src":"https:\/\/i0.wp.com\/www.jazzzeitung.de\/cms\/wp-content\/uploads\/2016\/08\/JIM-16_flyer-7-12-150x150.jpg?resize=350%2C200","width":350,"height":200},"classes":[]},{"id":26210,"url":"https:\/\/www.jazzzeitung.de\/cms\/2021\/11\/32-muenchener-jazzfest-vom-11-13-november-in-der-black-box-gasteig\/","url_meta":{"origin":21087,"position":4},"title":"32. M\u00fcnchener Jazzfest vom 11.-13. November in der Black Box Gasteig","author":"Redaktion JazzZeitung","date":"23. November 2021","format":false,"excerpt":"Einige von denen, die in den Pausen zwanglos beieinander stehen, sind sich sicher, dass es erst einmal weitergehen werde mit der Black Box, zu sch\u00f6n und zu praktisch sei dieser laborhaft intime, konzentrierte Konzertraum, Renovierung hin oder her. Ein bisschen seltsam ist es trotzdem, den Blick durch die leeren Flure\u2026","rel":"","context":"In &quot;Bericht&quot;","block_context":{"text":"Bericht","link":"https:\/\/www.jazzzeitung.de\/cms\/thema\/bericht\/"},"img":{"alt_text":"","src":"https:\/\/i0.wp.com\/www.jazzzeitung.de\/cms\/wp-content\/uploads\/2021\/11\/DSC08137.jpg?fit=1200%2C800&ssl=1&resize=350%2C200","width":350,"height":200,"srcset":"https:\/\/i0.wp.com\/www.jazzzeitung.de\/cms\/wp-content\/uploads\/2021\/11\/DSC08137.jpg?fit=1200%2C800&ssl=1&resize=350%2C200 1x, https:\/\/i0.wp.com\/www.jazzzeitung.de\/cms\/wp-content\/uploads\/2021\/11\/DSC08137.jpg?fit=1200%2C800&ssl=1&resize=525%2C300 1.5x, https:\/\/i0.wp.com\/www.jazzzeitung.de\/cms\/wp-content\/uploads\/2021\/11\/DSC08137.jpg?fit=1200%2C800&ssl=1&resize=700%2C400 2x, https:\/\/i0.wp.com\/www.jazzzeitung.de\/cms\/wp-content\/uploads\/2021\/11\/DSC08137.jpg?fit=1200%2C800&ssl=1&resize=1050%2C600 3x"},"classes":[]},{"id":7948,"url":"https:\/\/www.jazzzeitung.de\/cms\/2015\/12\/alles-ist-jazz-irgendwie-jazzfest-muenchen-2015\/","url_meta":{"origin":21087,"position":5},"title":"\u201eAlles ist Jazz \u2013 irgendwie\u201c: Jazzfest M\u00fcnchen 2015","author":"Redaktion JazzZeitung","date":"14. Dezember 2015","format":false,"excerpt":"Von Godehard Lutz - \u201eAlles ist Jazz \u2013 irgendwie\u201c: Diese augenzwinkernde Aussage des Pianisten Andy Lutter kennzeichnete mehr oder weniger trefflich die beiden ersten Konzerte am Er\u00f6ffnungsabend des 26. Jazzfest der Jazzmusiker-Iniative M\u00fcnchen. Deren Vorsitzender und bew\u00e4hrter Festivalleiter ist Lutter seit langem. Im Verdacht, der Jazzpolizei anzugeh\u00f6ren, stehen eher und\u2026","rel":"","context":"In &quot;Bericht&quot;","block_context":{"text":"Bericht","link":"https:\/\/www.jazzzeitung.de\/cms\/thema\/bericht\/"},"img":{"alt_text":"","src":"https:\/\/i0.wp.com\/www.jazzzeitung.de\/cms\/wp-content\/uploads\/2015\/12\/ROSCHERMonikaMCC%C2%A9Godehard.Lutz%40bayern-mail.de_IMGP4113.jpg?resize=350%2C200","width":350,"height":200,"srcset":"https:\/\/i0.wp.com\/www.jazzzeitung.de\/cms\/wp-content\/uploads\/2015\/12\/ROSCHERMonikaMCC%C2%A9Godehard.Lutz%40bayern-mail.de_IMGP4113.jpg?resize=350%2C200 1x, https:\/\/i0.wp.com\/www.jazzzeitung.de\/cms\/wp-content\/uploads\/2015\/12\/ROSCHERMonikaMCC%C2%A9Godehard.Lutz%40bayern-mail.de_IMGP4113.jpg?resize=525%2C300 1.5x, https:\/\/i0.wp.com\/www.jazzzeitung.de\/cms\/wp-content\/uploads\/2015\/12\/ROSCHERMonikaMCC%C2%A9Godehard.Lutz%40bayern-mail.de_IMGP4113.jpg?resize=700%2C400 2x, https:\/\/i0.wp.com\/www.jazzzeitung.de\/cms\/wp-content\/uploads\/2015\/12\/ROSCHERMonikaMCC%C2%A9Godehard.Lutz%40bayern-mail.de_IMGP4113.jpg?resize=1050%2C600 3x, https:\/\/i0.wp.com\/www.jazzzeitung.de\/cms\/wp-content\/uploads\/2015\/12\/ROSCHERMonikaMCC%C2%A9Godehard.Lutz%40bayern-mail.de_IMGP4113.jpg?resize=1400%2C800 4x"},"classes":[]}],"jetpack_sharing_enabled":true,"_links":{"self":[{"href":"https:\/\/www.jazzzeitung.de\/cms\/wp-json\/wp\/v2\/posts\/21087","targetHints":{"allow":["GET"]}}],"collection":[{"href":"https:\/\/www.jazzzeitung.de\/cms\/wp-json\/wp\/v2\/posts"}],"about":[{"href":"https:\/\/www.jazzzeitung.de\/cms\/wp-json\/wp\/v2\/types\/post"}],"author":[{"embeddable":true,"href":"https:\/\/www.jazzzeitung.de\/cms\/wp-json\/wp\/v2\/users\/18"}],"replies":[{"embeddable":true,"href":"https:\/\/www.jazzzeitung.de\/cms\/wp-json\/wp\/v2\/comments?post=21087"}],"version-history":[{"count":3,"href":"https:\/\/www.jazzzeitung.de\/cms\/wp-json\/wp\/v2\/posts\/21087\/revisions"}],"predecessor-version":[{"id":21105,"href":"https:\/\/www.jazzzeitung.de\/cms\/wp-json\/wp\/v2\/posts\/21087\/revisions\/21105"}],"wp:featuredmedia":[{"embeddable":true,"href":"https:\/\/www.jazzzeitung.de\/cms\/wp-json\/wp\/v2\/media\/21089"}],"wp:attachment":[{"href":"https:\/\/www.jazzzeitung.de\/cms\/wp-json\/wp\/v2\/media?parent=21087"}],"wp:term":[{"taxonomy":"category","embeddable":true,"href":"https:\/\/www.jazzzeitung.de\/cms\/wp-json\/wp\/v2\/categories?post=21087"},{"taxonomy":"post_tag","embeddable":true,"href":"https:\/\/www.jazzzeitung.de\/cms\/wp-json\/wp\/v2\/tags?post=21087"},{"taxonomy":"author","embeddable":true,"href":"https:\/\/www.jazzzeitung.de\/cms\/wp-json\/wp\/v2\/coauthors?post=21087"}],"curies":[{"name":"wp","href":"https:\/\/api.w.org\/{rel}","templated":true}]}}