{"id":20920,"date":"2019-10-20T12:00:37","date_gmt":"2019-10-20T10:00:37","guid":{"rendered":"https:\/\/www.jazzzeitung.de\/cms\/?p=20920"},"modified":"2019-10-17T18:23:25","modified_gmt":"2019-10-17T16:23:25","slug":"die-jazz-radiowoche-vom-21-10-19-bis-27-10-2019","status":"publish","type":"post","link":"https:\/\/www.jazzzeitung.de\/cms\/2019\/10\/die-jazz-radiowoche-vom-21-10-19-bis-27-10-2019\/","title":{"rendered":"Die Jazz-Radiowoche vom 21.10.19 bis 27.10.2019"},"content":{"rendered":"<p>Ein kleiner Blick in die Jazzwoche 43 im Radio. Die \u00dcbersicht zum <a href=\"https:\/\/service.conbrio.de\/service\/download\/278\/\">Download als PDF<\/a>. Alle Angaben ohne Gew\u00e4hr.<\/p>\n<hr \/>\n<h2>Jazz im Radio (Fernsehen)<\/h2>\n<ul>\n<li><strong>SR2<\/strong> \u2013 <a href=\"http:\/\/www.sr.de\/sr\/sr2\/sendungen_a-z\/uebersicht\/jazznow\/index.html\">JazzNow<\/a> \u2013 Sonntags von 20.04 bis 22.30 Uhr<\/li>\n<li><strong>BR-KLASSIK \u2013 <\/strong><a href=\"https:\/\/www.br-klassik.de\/themen\/jazz-und-weltmusik\/jazztime-die-ganze-welt-des-jazz-100.html\">Jazztime<\/a><strong> \u2013 <\/strong>Von Montag bis Freitag t\u00e4glich um 23.05 Uhr<\/li>\n<li><strong>rbb-kultur<\/strong> \u2013 <a href=\"https:\/\/www.kulturradio.de\/programm\/schema\/sendungen\/late_night_jazz.html\">Late Night Jazz<\/a> \u2013 Sa und So 23:04 \u2013 24:00 Uhr<\/li>\n<li><strong>hr2-kultur<\/strong> \u2013 <a href=\"http:\/\/www.hr2.de\/musik\/jazz\/index.html\">Jazz in hr2-kultur<\/a> \u2013 t\u00e4glich<\/li>\n<li><strong>SWR2<\/strong> \u2013 <a href=\"https:\/\/www.swr.de\/swr2\/programm\/sendungen\/jazz\/startseite-mit-vorschau\/-\/id=659242\/did=13778140\/nid=659242\/13ttn4d\/index.html\">Jazz<\/a> \u2013 t\u00e4glich<\/li>\n<li><strong>Deutschlandfunk<\/strong> \u2013 <a href=\"http:\/\/www.deutschlandfunk.de\/jazz.747.de.html\">Jazz (\u00dcberblick)<\/a> \u2013 <a href=\"http:\/\/www.deutschlandfunk.de\/jazz-live.822.de.html\">Jazz Live<\/a>, <a href=\"http:\/\/www.deutschlandfunk.de\/jazzfacts.824.de.html\">JazzFacts<\/a> und <a href=\"http:\/\/www.deutschlandfunk.de\/milestones.1805.de.html\">Milestones<\/a><\/li>\n<li><strong>Deutschlandfunk Kultur<\/strong> \u2013 <a href=\"http:\/\/www.deutschlandfunkkultur.de\/jazz.1142.de.html\">Jazz<\/a> \u2013 diverse Sendetermine<\/li>\n<li><strong>\u00d61 <\/strong>\u2013 <a href=\"https:\/\/oe1.orf.at\/programm\/\">diverse Sendetermine<\/a><\/li>\n<li><strong>ARTE TV<\/strong> \u2013 <a href=\"https:\/\/www.arte.tv\/de\/videos\/arte-concert\/jazz\/?xtor=AD-6-%5bMV_CFR_ARTE_DE_Google_GEN_GDN%5d-%5bGDN_GEN_Arte_Concerts_Jazz%5d-C-%5bjazz%20musik%5d\">Jazz<\/a><\/li>\n<\/ul>\n<p><strong>Periodika: Dauersendungen ohne gen\u00fcgend Infos \u2013 Tagesbegleitradio<\/strong><\/p>\n<ul>\n<li><strong>NDR Info <\/strong>\u2013 <strong>Play Jazz! Das Jazzmagazin<\/strong> 22:20 bis 23:00<\/li>\n<li><strong>MDR Kultur \u2013 Jazz <\/strong>19:05 bis 20:00<\/li>\n<li><strong>MDR Kultur \u2013<\/strong><strong>Jazz Lounge<\/strong> 19:35 bis 20:00<\/li>\n<li><strong>WDR3<\/strong> \u2013 Jazz &amp; World \u2013 Improvisiertes zum Tagesausklang \u2013 Montag bis Freitag, 22.04 \u2013 0:00 Uhr<\/li>\n<li><strong>WDR 3 Pers\u00f6nlich mit G\u00f6tz Alsmann<\/strong> 13:04 bis 15:00 (Samstags)<\/li>\n<\/ul>\n<hr \/>\n<h2>21.10.2019<\/h2>\n<hr \/>\n<p>17:50 bis 18:00 | SWR 2<br \/>\n<strong>SWR2 Jazz vor Sechs \u2013 Chick Webb: Let\u2019s get together<\/strong><\/p>\n<p>19:04 bis 20:00 | hr2-kultur<br \/>\n<strong>H\u00f6rbar<\/strong><\/p>\n<p>22:30 bis 23:00 | hr2-kultur<br \/>\n<strong>Jazz Now: Aus dem Dschungel der Neuver\u00f6ffentlichungen<\/strong><\/p>\n<p style=\"padding-left: 40px;\">Am Mikrofon: Guenter Hottmann. Heute mit: JazzStones Trio: JazzStones Trio plays The Rolling Stones | Nitai Hershkovits: Lemon The Moon | Petros Klampanis: Irrationalities | Eric Leginini: Six Strings Under | Yes! Trio: Groove du jour | Carsten Dahl Trinity: Painting Music |<\/p>\n<p>23:05 bis 00:00 | BR-KLASSIK<br \/>\n<strong>Jazztime: Jazztoday<\/strong><\/p>\n<p style=\"padding-left: 40px;\">Tenor Madness I: Henning Sieverts pr\u00e4sentiert den gro\u00dfen amerikanischen Tenorsaxophonisten Sonny Rollins (geboren 1930) in zeitlos guten Aufnahmen aus den 50er und 60er Jahren, u.a. mit Miles Davis, Horace Silver, Roy Haynes und Max Roach<\/p>\n<hr \/>\n<h2>22.10.2019<\/h2>\n<hr \/>\n<p>01:05 bis 05:00 | Deutschlandfunk Kultur<br \/>\n<strong>Tonart Jazz \u2013 Moderation: Manuela Krause<\/strong><\/p>\n<p>17:50 bis 18:00 | SWR 2<br \/>\n<strong>SWR2 Jazz vor Sechs<\/strong><\/p>\n<p>21:03 bis 22:00 | SWR 2<br \/>\n<strong>SWR2 Jazz Session: Aus dem Archiv: Gratulation! Zum 50. Deutschen Jazzfestival Frankfurt<\/strong><\/p>\n<p style=\"padding-left: 40px;\">Am Mikrofon: Gerd Filtgen. Mit den German All Stars startete im Mai 1953 das erste Deutsche Jazz Festival Frankfurt. Vermutlich rechnete damals niemand damit, dass damit die Weichen f\u00fcr eines der \u00e4ltesten \u2013 manchmal in zweij\u00e4hrigen Intervallen \u2013 stattfindenden Jazz-Ereignisse gestellt wurden. Urspr\u00fcnglich wurden die Konzerte fast ausschlie\u00dflich von deutschen Musikern bestritten. In der Folgezeit bereicherten aber auch internationale Interpreten das Programm. Dieses Jahr findet das Festival zum 50. Mal statt. Ein Anlass mehr das Jubil\u00e4um mit Kostproben aus Traditional- und Modern Jazz, Avantgarde und Weltmusik zu feiern.<\/p>\n<p>21:05 bis 22:00 | Deutschlandfunk<br \/>\n<strong>Jazz Live: Marcin Wasilewski Trio<\/strong><\/p>\n<p style=\"padding-left: 40px;\">Marcin Wasilewski, Piano; Slawomir Kurkiewicz, Bass; Michal Miskiewicz, Schlagzeug. Aufnahme vom 22.6.2019 bei Jazzbaltica, Timmendorfer Strand. Am Mikrofon: Karsten M\u00fctzelfeldt. Sie sind eines der weltbesten und langlebigsten Piano-Trios: Marcin Wasilewski, Slawomir Kurkiewicz und Michal Miskiewicz spielen seit einem Vierteljahrhundert zusammen und kehrten 2019 zu einem ihrer erkl\u00e4rten Lieblingsfestivals zur\u00fcck \u2013 JazzBaltica. Mit 18 hatte der Pianist das Simple Acoustic Trio gegr\u00fcndet, das auf Anhieb mehrere Wettbewerbe gewann. Ein Jahr sp\u00e4ter integrierte der Trompeter Tomasz Stanko das Trio in sein neu formiertes Quartett. Inzwischen in Marcin Wasilewski Trio umbenannt, haben regelm\u00e4\u00dfige Auftritte bei JazzBaltica ihr internationales Renommee gefestigt. Bei aller Virtuosit\u00e4t kultivieren die drei Polen eine stets transparente und flie\u00dfende Klang\u00e4sthetik, in der aber der Groove nie zu kurz kommt. Wasilewski, Kurkiewicz und Miskiewicz haben einen Gro\u00dfteil ihres bisherigen Lebens gemeinsam verbracht und sind zu einer Einheit verschmolzen, die gegen jegliche Verschlei\u00dferscheinungen und die Kurzatmigkeit des Musikalltags resistent zu sein scheint. Und das 25-j\u00e4hrige Jubil\u00e4um soll noch lange nicht das Ende sein: Sie meinen es ernst, wenn sie von ihrem Trio als dem \u201eProjekt ihres Lebens\u201c sprechen.<\/p>\n<p>22:00 bis 00:00 | Bremen Zwei<br \/>\n<strong>Jazz Grooves<\/strong><\/p>\n<p style=\"padding-left: 40px;\">Die ganze Welt des Jazz. Blue Note, Big Band, Neuerscheinungen und bekannte Stars \u2013 und Tipps zum Konzertgeschehen in Bremen und der Region.<\/p>\n<p>22:30 bis 23:00 | hr2-kultur<br \/>\n<strong>Jazzgroove: An den R\u00e4ndern des Jazz<\/strong><\/p>\n<p style=\"padding-left: 40px;\">Am Mikrofon: Guenter Hottmann. heute mit: Kneebody (w\/ Ben Wendel \/ Adam Benjamin): Chapters | Forq (feat. Henry Hey): Four | Nils Wogram Nostalgia: Things We Like To Hear | Reid Anderson \/ Dave King \/ Craig Taborn: Golden Valley Is Now |<\/p>\n<p>23:05 bis 00:00 | BR-KLASSIK<br \/>\n<strong>Jazztime: News &amp; Roots<\/strong><\/p>\n<p style=\"padding-left: 40px;\">Tenor Madness II: Noch mehr von Sonny Rollins, der seit einigen Jahren krankheitsbedingt nicht mehr spielen kann, in Aufnahmen aus den 50er Jahren bis 2006, u.a. mit John Coltrane, Jim Hall, Wilbur Ware, Elvin Jones und Bob Cranshaw. Auswahl und Moderation: Henning Sieverts<\/p>\n<hr \/>\n<h2>23.10.2019<\/h2>\n<hr \/>\n<p>17:50 bis 18:00 | SWR 2<br \/>\n<strong>SWR2 Jazz vor Sechs<\/strong><\/p>\n<p>19:05 bis 19:30 | BR-KLASSIK<br \/>\n<strong>Classic Sounds in Jazz: \u201eClassic Herbie\u201c<\/strong><\/p>\n<p style=\"padding-left: 40px;\">Klassiker und klassische Musik von Pianist Herbie Hancock. Moderation und Auswahl: Ulrich Habersetzer<\/p>\n<p>20:04 bis 23:00 | hr2-kultur<br \/>\n<strong>LIVE \u2013 50. Deutsches Jazzfestival Frankfurt 2019<\/strong><\/p>\n<p style=\"padding-left: 40px;\">Jakob Bro Quartet feat. Palle Mikkelborg | Michael Formanek\u2019s Kolossus feat. hr-Bigband | Elina Duni<\/p>\n<p style=\"padding-left: 40px;\">Das Er\u00f6ffnungskonzert des 50. Deutschen Jazzfestivals Frankfurt gratuliert der M\u00fcnchner Plattenschmiede ECM zu deren 50. Geburtstag.<\/p>\n<p style=\"padding-left: 40px;\">(\u00dcbertragung aus der Alten Oper Frankfurt). In den Umbaupausen Interviews und Features mit \/ zu den K\u00fcnstlern des Festivals. Weitere Informationen unter: www.hr2.de\/jazzfestival. Am Mikrofon: Claus Gnichwitz<\/p>\n<p>23:05 bis 00:00 | BR-KLASSIK<br \/>\n<strong>Jazztime: Jazz aus N\u00fcrnberg: Studio-Aufnahmen \u2013 \u201eWhere we go\u201c \u2013 die neue CD der Klarinettistin und Komponistin Rebecca Trescher<\/strong><\/p>\n<p style=\"padding-left: 40px;\">Mit Agnes Lepp, Gesang; Rebecca Trescher, Klarinette; Markus Harm, Konstantin Herleinsberger, Saxophon; Juri Kannheiser, Violoncello; Sebastian Klose, Kontrabass; Andreas Feith, Klavier; Volker Heuken, Percussion; und anderen. Moderation und Auswahl: Beate Sampson<\/p>\n<hr \/>\n<h2>24.10.2019<\/h2>\n<hr \/>\n<p>17:50 bis 18:00 | SWR 2<br \/>\n<strong>SWR2 Jazz vor Sechs \u2013 Hans Hammerschmid, Dusko Goykovich: Balkan Dance\/CD: Sketches of Yugoslavia \u2013 A balkan Jazz suite, Yugoslavia-Suite in 6 parts<\/strong><\/p>\n<p>19:04 bis 00:00 | hr2-kultur<br \/>\n<strong>LIVE \u2013 50. Deutsches Jazzfestival Frankfurt 2019<\/strong><\/p>\n<p style=\"padding-left: 40px;\">Enemy | German All Stars | Cross Currents Trio: Dave Holland \/ Zakir Hussain \/ Chris Potter<\/p>\n<p style=\"padding-left: 40px;\">Ein spektakul\u00e4res Klaviertrio, eine eigens zusammengestellte Formation deutscher Instrumentalist*Innen und ein weltumspannendes Projekt werden am ersten Abend im hr-Sendesaal pr\u00e4sentiert.<\/p>\n<p style=\"padding-left: 40px;\">In den Umbaupausen Interviews und Features mit \/ zu den K\u00fcnstlern des Festivals. Weitere Informationen unter: www.hr2.de\/jazzfestival. Am Mikrofon: Daniella Baumeister<\/p>\n<p>21:05 bis 22:00 | Deutschlandfunk<br \/>\n<strong>JazzFacts: Wer\u2019s findet, dem geh\u00f6rt\u2019s \u2013 Akustische Notizen des Bassisten Bj\u00f6rn Meyer<\/strong><\/p>\n<p style=\"padding-left: 40px;\">Von Karl Lippegaus. Bj\u00f6rn Meyer aus Stockholm entdeckte erst mit 18 Jahren, dass ihn die Bassgitarre ebenso interessierte wie Computer- und Naturwissenschaften. Manche seiner St\u00fccke sind wie Soundtracks, andere wie Et\u00fcden, sie haben Songcharakter oder etwas von einem Monteverdi-Madrigal. Und das alles nur erzeugt von einer Bassgitarre plus Elektronik. Sein Spiel habe sich durch Harfe, Nickelharfe und Oud stark ver\u00e4ndert, sagt der in Bern lebende K\u00fcnstler. Durch Experimentieren und das Collagieren gefundener Teile schuf Bj\u00f6rn Meyer einen zw\u00f6lfteiligen Solo-Zyklus: ,Provenance\u2019. Was schlicht und einfach Herkunft bedeutet \u2013 und so vieles mitschwingen l\u00e4sst, in diesen singenden L\u00e4ufen und Arpeggios: Reisen, Gedanken, Erinnerungen, Abstammung, Verortung. Es ist die erste Soloplatte Bj\u00f6rn Meyers, der vier Alben mit Nik B\u00e4rtschs Ronin machte und seit Langem mit dem tunesischen Oudspieler Anouar Brahem arbeitet. ,Provenance\u2019 ist wie das akustische Notizbuch eines Forschers bei der Selbstfindung. Der sehr naturverbundene Musiker, einer der gro\u00dfen E-Bassisten Europas, hat etwas entwickelt, das en passant unsere Begriffe von akustisch und elektronisch hinterfragt.<\/p>\n<p>23:05 bis 00:00 | BR-KLASSIK<br \/>\n<strong>Jazztime: All that Jazz \u2013 Drei Highlights vom 38. Bayerischen Jazzweekend Regensburg<\/strong><\/p>\n<p style=\"padding-left: 40px;\">Die Band Quantum, das Joan Ch\u00e1vez Magdalena Trio und das Quartett 4 Seasons. Live-Aufnahmen vom Juli 2019 aus dem Thon-Dittmer-Hof Regensburg. Moderation und Auswahl: Roland Spiegel<\/p>\n<p>23:10 bis 00:00 | SWR 2<br \/>\n<strong>SWR2 NOWJazz: Zwischen Techno und Lederhose \u2013 Neues von der M\u00fcnchner Szene mit der Jazzrausch Big Band, LBT und Ark Noir<\/strong><\/p>\n<p style=\"padding-left: 40px;\">Von Thomas Loewner. Von wegen Biergarten-Seligkeit. Seit einiger Zeit dringen neue Jazzt\u00f6ne aus der bayrischen Hauptstadt in den Rest der Republik, die denkbar wenig zu tun haben mit Blaskapellen-Gaudi oder Assoziationen zur alpenl\u00e4ndischen Musiktradition. Die Blaupause f\u00fcr den neuen M\u00fcnchner Sound liefert stattdessen: Techno. Mal im XXL-Format wie bei der Jazzrausch Big Band, oder unter dem Deckmantel des klassischen Jazzpiano-Trios wie im Falle des Leo Betzl Trios, kurz LBT. W\u00e4hrend die drei ausschlie\u00dflich akustisch spielen, greift das Quintett Ark Noir schon mal gern und tief in die Elektronik-Kiste.<\/p>\n<hr \/>\n<h2>25.10.2019<\/h2>\n<hr \/>\n<p>17:50 bis 18:00 | SWR 2<br \/>\n<strong>SWR2 Jazz vor Sechs \u2013 Herbie Hancock: Watermelon man\/CD: The complete Blue Note Sixties Sessions (1 \u2013 2)<\/strong><\/p>\n<p>19:04 bis 00:00 | hr2-kultur<br \/>\n<strong>LIVE \u2013 50. Deutsches Jazzfestival Frankfurt 2019<\/strong><\/p>\n<p style=\"padding-left: 40px;\">Dinosaur feat. Laura Jurd | Charles Lloyd Kindred Spirits | Christof Lauer meets Kudsi Erguner<\/p>\n<p style=\"padding-left: 40px;\">Das Quartett der Trompeterin Laura Jurd, eine Begegnung von Orient und Okzident sowie die Saxofon-Legende Charles Lloyd versprechen einen abwechslungsreichen zweiten Abend im hr-Sendesaal.<\/p>\n<p style=\"padding-left: 40px;\">(\u00dcbertragung aus dem hr-Sendesaal in Frankfurt). In den Umbaupausen Interviews und Features mit \/ zu den K\u00fcnstlern des Festivals. Weitere Informationen unter: www.hr2.de\/jazzfestival. Am Mikrofon: Claus Gnichwitz<\/p>\n<p>22:05 bis 23:00 | NDR Info<br \/>\n<strong>Jazz Special: Jazzlife \u2013 Ein Roadtrip mit William Claxton und Joachim-Ernst Berend<\/strong><\/p>\n<p>23:03 bis 00:00 | SWR 2<br \/>\n<strong>SWR2 NOWJazz: Klangmaschine Harfe \u2013 Zeena Parkins bei den Klangspuren Schwaz<\/strong><\/p>\n<p style=\"padding-left: 40px;\">Von Nina Polaschegg. Seit diesem Jahr ist der ehemalige SWR-Jazzredakteur Reinhard Kager neuer k\u00fcnstlerischer Leiter der Klangspuren Schwaz. Zus\u00e4tzlich zum traditionellen Composer in Residence hatte er zu seinem Festivalantritt erstmals eine Improviser in Residence eingeladen: die amerikanische Harfenistin Zeena Parkins. Sie arbeitete in Tirol mit Studierenden der Ensemble Modern Akademie und gab mehrere Konzerte \u2013 zun\u00e4chst solistisch, dann in einem Doppel-Duo. Ihr eigenes Duo mit dem Perkussionisten William Winant traf da auf die Saxofonistin Ingrid Laubrock und ihren Partner an den Drums, Tom Rainey.<\/p>\n<p>23:05 bis 00:00 | BR-KLASSIK<br \/>\n<strong>Jazztime: Das Jazzkonzert <\/strong><\/p>\n<p style=\"padding-left: 40px;\">Die gro\u00dfe Form und der Witz im Detail: Das Mega Mereneu Project des in Graz lebenden Brasilianers Emiliano Sampaio. Moderation und Auswahl: Roland Spiegel- Eine Aufnahme vom 38. Bayerischen Jazzweekend Regensburg<\/p>\n<hr \/>\n<h2>26.10.2019<\/h2>\n<hr \/>\n<p>17:50 bis 18:00 | SWR 2<br \/>\n<strong>SWR2 Jazz vor Sechs \u2013 Julia H\u00fclsmann: The city sleeps\/CD: Jazz Ladies, Vol. 4<\/strong><\/p>\n<p>18:05 bis 19:00 | BR-KLASSIK<br \/>\n<strong>Jazz und mehr: \u201eTrio Music\u201c<\/strong><\/p>\n<p style=\"padding-left: 40px;\">Mit Aufnahmen des Carla Bley Trios, Shinya Fukumori Trios, Fred Hersch Trios und anderen. Moderation und Auswahl: Beatrix Gillmann<\/p>\n<p>19:04 bis 00:00 | hr2-kultur<br \/>\n<strong>LIVE \u2013 50. Deutsches Jazzfestival Frankfurt 2019<\/strong><\/p>\n<p style=\"padding-left: 40px;\">\u201eBoulez Materialism\u201c | Marcin Wasilewski Trio | \u201eMelodic Ornette\u201c: hr-Bigband feat. Joachim K\u00fchn &amp; Michel Portal<\/p>\n<p style=\"padding-left: 40px;\">Der dritte Abend im hr-Sendesaal beginnt mit einer Gratwanderung zwischen Neuer Musik und Jazz. Nach einem kammermusikalischen Intermezzo setzen Joachim K\u00fchn, Michel Portal und die hr-Bigband einen jazzorchestralen Schlusspunkt.<\/p>\n<p style=\"padding-left: 40px;\">(\u00dcbertragung aus dem hr-Sendesaal in Frankfurt). In den Umbaupausen Interviews und Features mit \/ zu den K\u00fcnstlern des Festivals. Weitere Informationen unter: www.hr2.de\/jazzfestival. Am Mikrofon: Daniella Baumeister<\/p>\n<p>20:03 bis 22:00 | SWR 2<br \/>\n<strong>SWR2 Kulturnacht: Reisefieber \u2013 von der Leidenschaft, unterwegs zu sein<\/strong><\/p>\n<p style=\"padding-left: 40px;\">Peter Jordan &amp; Maren Eggert (Lesung). Biloba Trio: Milena Wilke (Violine); Andreas Lipp (Klarinette); Katharina Gro\u00df (Klavier). Moderation: Thomas Friedrich Koch. (Veranstaltung vom 20. Juli 2019 im Kulturzentrum kING in Ingelheim am Rhein im Rahmen des Festival RheinVokal 2019)<\/p>\n<p style=\"padding-left: 40px;\">Das Reisen ist wahrscheinlich so alt wie die Menschheit selbst. Und vermutlich ebenso lange plagt die Menschen das Fernweh \u2013 nicht umsonst handeln viele Bestseller der Literaturgeschichte vom Reisen. Angefangen bei Homer oder den Geschichten aus 1001er Nacht bis zu den Reisebeschreibungen von Karl May oder den Kriminalf\u00e4llen von unterwegs bei Agatha Christie. Die Schauspieler Maren Eggert und Peter Jordan lesen aus Klassikern und Neuerscheinungen der Reiseliteratur. Die drei Musiker des Trio Biloba entf\u00fchren dazu an entlegene Pl\u00e4tze der Musik, mal ganz in die Ferne, mal \u00fcberraschend nah an der klanglichen Haust\u00fcr.<\/p>\n<p>20:15 bis 21:00 | NDR Info<br \/>\n<strong>Jazz Klassiker: Jazz und Europa: Swing in dunkler Zeit \u2013 Aufnahmen aus Berlin 1935 \u2013 1942<\/strong><\/p>\n<p>22:03 bis 23:00 | SWR 2<br \/>\n<strong>SWR2 Jazztime: Female Jazz Piano (2) \u2013 Mit Shirley Scott, Alice Coltrane, Carla Bley<\/strong><\/p>\n<p style=\"padding-left: 40px;\">Von Anke Helfrich. In dieser zweiten Folge der SWR2 Reihe \u201eFemale Jazz Piano\u201c stellen wir weitere Pionierinnen des Jazzpiano vor, die sich mutig und selbstbewusst \u00fcber Konventionen hinweggesetzt, und damit anderen Jazzmusikerinnen und Jazzmusikern den Weg bereitet haben. Die ausgew\u00e4hlten Aufnahmen von Shirley Scott, Blossom Dearie, Pat Moran, Carla Bley, Alice Coltrane, Joanne Brackeen und anderen, zeigen die ganze musikalische Bandbreite und das \u00fcberw\u00e4ltigende Talent dieser legend\u00e4ren K\u00fcnstlerinnen.<\/p>\n<p>22:05 bis 23:00 | NDR Info<br \/>\n<strong>Jazz Konzert: JazzBaltica 2019: Rymden<\/strong><\/p>\n<p style=\"padding-left: 40px;\">Bugge Wesseltoft, Klavier; Dan Berglund, Bass; Magnus \u00d6str\u00f6m, Schlagzeug.<\/p>\n<p>23.04 \u2013 24.00 | rbbkultur<br \/>\n<strong>Late Night Jazz: Jazz in E. Nr.25 \u2013 Ritual: Melt Trio<\/strong><\/p>\n<p style=\"padding-left: 40px;\">Es war f\u00fcr viele das Highlight des Jubil\u00e4umsjahrganges des Festivals \u201eJazz in E.\u201c, das Konzert des Melt Trios. Seit 2010 feilen der Gitarrist Peter Meyer, der Bassist Bernhard Meyer und der Schlagzeuger Moritz Baumg\u00e4rtner an ihrem Band-Sound, in dem akustische und elektronisch erzeugte Kl\u00e4nge eine Symbiose eingehen. Konzertaufnahme vom 30. Mai 2019, Eberswalde, Paul-Wunderlich-Haus<\/p>\n<hr \/>\n<h2>27.10.2019<\/h2>\n<hr \/>\n<p>00:05 bis 04:00 | Bayern 2<br \/>\n<strong>radioJazznacht anschl.: Nachrichten \/ Das ARD-Nachtkonzert (II)<\/strong><\/p>\n<p>19:04 bis 20:00 | hr2-kultur<br \/>\n<strong>hr-Bigband<\/strong><\/p>\n<p style=\"padding-left: 40px;\">Konzerte und Produktionen u.a. mit: \u201ePetite Afrique\u201c \u2013 hr-Bigband meets Somi, cond. &amp; arr. by John Beasley, w\/ Herv\u00e9 Samb, g | Toru Todo, p | Alte Oper Frankfurt, Mai 2019, Teil 2. Am Mikrofon: Claus Gnichwitz<\/p>\n<p>20:04 bis 21:30 | SR2 KulturRadio<br \/>\n<strong>JazzNow: Jazzfest Berlin 2018 \u2013 Art Ensemble of Chicago; Moor Mother &amp; Roscoe Mitchell<\/strong><\/p>\n<p>22:15 bis 23:00 | NDR Info<br \/>\n<strong>Jazz NDR Bigband: Jazz und Europa: Aladar Pege und Jan Allan<\/strong><\/p>\n<p>23.04 \u2013 24.00 | rbbkultur<br \/>\n<strong>Late Night Jazz: Vorschau auf das Jazzfest Berlin 2019<\/strong><\/p>\n<p style=\"padding-left: 40px;\">Nadin Deventer ist in diesem Jahr zum zweiten Mal k\u00fcnstlerische Leiterin des Jazzfest Berlin. Wie bei ihrem Deb\u00fct 2018 setzt sie erneut auf den Event-Charakter des Festivals. So beginnt das Festival am 31. Oktober im Gropius Bau mit der sechst\u00fcndigen Perfomance \u201eSonic Genome\u201c von Anthony Braxton, an der 60 Musikerinnen und Musiker beteiligt sind. Die meisten Konzerte finden im Haus der Berliner Festspiele statt, aber auch im A-Trane und im Quasimodo wird es Konzerte geben. Late Night Jazz bietet einen Einblick in das diesj\u00e4hrige Programm.<\/p>\n","protected":false},"excerpt":{"rendered":"<p>Ein kleiner Blick in die Jazzwoche 43 im Radio. Die \u00dcbersicht zum Download als PDF. Alle Angaben ohne Gew\u00e4hr. Jazz im Radio (Fernsehen) SR2 \u2013 JazzNow \u2013 Sonntags von 20.04 bis 22.30 Uhr BR-KLASSIK \u2013 Jazztime \u2013 Von Montag bis Freitag t\u00e4glich um 23.05 Uhr rbb-kultur \u2013 Late Night Jazz \u2013 Sa und So 23:04 \u2013 24:00 Uhr hr2-kultur \u2013 Jazz in hr2-kultur \u2013 t\u00e4glich SWR2 \u2013 Jazz \u2013 t\u00e4glich Deutschlandfunk \u2013 Jazz (\u00dcberblick) \u2013 Jazz Live, JazzFacts und Milestones Deutschlandfunk Kultur \u2013 Jazz \u2013 diverse Sendetermine \u00d61 \u2013 diverse Sendetermine ARTE TV \u2013 Jazz Periodika: Dauersendungen ohne gen\u00fcgend Infos \u2013 Tagesbegleitradio NDR Info \u2013 Play Jazz! Das Jazzmagazin 22:20 bis 23:00 MDR Kultur \u2013 Jazz 19:05 bis 20:00 MDR Kultur \u2013Jazz Lounge 19:35 bis 20:00 WDR3 \u2013 Jazz &amp; World \u2013 Improvisiertes zum Tagesausklang \u2013 Montag bis Freitag, 22.04 \u2013 0:00 Uhr WDR 3 Pers\u00f6nlich mit G\u00f6tz Alsmann 13:04 bis 15:00 (Samstags) 21.10.2019 17:50 bis 18:00 | SWR 2 SWR2 Jazz vor Sechs \u2013 Chick Webb: Let\u2019s get together 19:04 bis 20:00 | hr2-kultur H\u00f6rbar 22:30 bis 23:00 | hr2-kultur Jazz Now: Aus dem &hellip;<\/p>\n","protected":false},"author":1,"featured_media":18913,"comment_status":"open","ping_status":"closed","sticky":false,"template":"","format":"standard","meta":{"_jetpack_memberships_contains_paid_content":false,"footnotes":"","jetpack_publicize_message":"","jetpack_publicize_feature_enabled":true,"jetpack_social_post_already_shared":false,"jetpack_social_options":{"image_generator_settings":{"template":"highway","default_image_id":0,"font":"","enabled":false},"version":2}},"categories":[633,452],"tags":[1629],"coauthors":[650],"class_list":["post-20920","post","type-post","status-publish","format-standard","has-post-thumbnail","hentry","category-nachrichten","category-radio","tag-jazz-im-radio"],"yoast_head":"<!-- This site is optimized with the Yoast SEO plugin v27.5 - https:\/\/yoast.com\/product\/yoast-seo-wordpress\/ -->\n<title>Die Jazz-Radiowoche vom 21.10.19 bis 27.10.2019 - JazzZeitung<\/title>\n<meta name=\"robots\" content=\"index, follow, max-snippet:-1, max-image-preview:large, max-video-preview:-1\" \/>\n<link rel=\"canonical\" href=\"https:\/\/www.jazzzeitung.de\/cms\/2019\/10\/die-jazz-radiowoche-vom-21-10-19-bis-27-10-2019\/\" \/>\n<meta property=\"og:locale\" content=\"de_DE\" \/>\n<meta property=\"og:type\" content=\"article\" \/>\n<meta property=\"og:title\" content=\"Die Jazz-Radiowoche vom 21.10.19 bis 27.10.2019 - JazzZeitung\" \/>\n<meta property=\"og:description\" content=\"Ein kleiner Blick in die Jazzwoche 43 im Radio. Die \u00dcbersicht zum Download als PDF. Alle Angaben ohne Gew\u00e4hr. Jazz im Radio (Fernsehen) SR2 \u2013 JazzNow \u2013 Sonntags von 20.04 bis 22.30 Uhr BR-KLASSIK \u2013 Jazztime \u2013 Von Montag bis Freitag t\u00e4glich um 23.05 Uhr rbb-kultur \u2013 Late Night Jazz \u2013 Sa und So 23:04 \u2013 24:00 Uhr hr2-kultur \u2013 Jazz in hr2-kultur \u2013 t\u00e4glich SWR2 \u2013 Jazz \u2013 t\u00e4glich Deutschlandfunk \u2013 Jazz (\u00dcberblick) \u2013 Jazz Live, JazzFacts und Milestones Deutschlandfunk Kultur \u2013 Jazz \u2013 diverse Sendetermine \u00d61 \u2013 diverse Sendetermine ARTE TV \u2013 Jazz Periodika: Dauersendungen ohne gen\u00fcgend Infos \u2013 Tagesbegleitradio NDR Info \u2013 Play Jazz! Das Jazzmagazin 22:20 bis 23:00 MDR Kultur \u2013 Jazz 19:05 bis 20:00 MDR Kultur \u2013Jazz Lounge 19:35 bis 20:00 WDR3 \u2013 Jazz &amp; World \u2013 Improvisiertes zum Tagesausklang \u2013 Montag bis Freitag, 22.04 \u2013 0:00 Uhr WDR 3 Pers\u00f6nlich mit G\u00f6tz Alsmann 13:04 bis 15:00 (Samstags) 21.10.2019 17:50 bis 18:00 | SWR 2 SWR2 Jazz vor Sechs \u2013 Chick Webb: Let\u2019s get together 19:04 bis 20:00 | hr2-kultur H\u00f6rbar 22:30 bis 23:00 | hr2-kultur Jazz Now: Aus dem &hellip;\" \/>\n<meta property=\"og:url\" content=\"https:\/\/www.jazzzeitung.de\/cms\/2019\/10\/die-jazz-radiowoche-vom-21-10-19-bis-27-10-2019\/\" \/>\n<meta property=\"og:site_name\" content=\"JazzZeitung\" \/>\n<meta property=\"article:publisher\" content=\"https:\/\/www.facebook.com\/JazzZeitung\/\" \/>\n<meta property=\"article:author\" content=\"https:\/\/www.facebook.com\/hufner\" \/>\n<meta property=\"article:published_time\" content=\"2019-10-20T10:00:37+00:00\" \/>\n<meta property=\"og:image\" content=\"https:\/\/i0.wp.com\/www.jazzzeitung.de\/cms\/wp-content\/uploads\/2019\/03\/jazz_im_radio.jpg?fit=2200%2C1417&ssl=1\" \/>\n\t<meta property=\"og:image:width\" content=\"2200\" \/>\n\t<meta property=\"og:image:height\" content=\"1417\" \/>\n\t<meta property=\"og:image:type\" content=\"image\/jpeg\" \/>\n<meta name=\"author\" content=\"Martin Hufner\" \/>\n<script type=\"application\/ld+json\" class=\"yoast-schema-graph\">{\"@context\":\"https:\\\/\\\/schema.org\",\"@graph\":[{\"@type\":\"Article\",\"@id\":\"https:\\\/\\\/www.jazzzeitung.de\\\/cms\\\/2019\\\/10\\\/die-jazz-radiowoche-vom-21-10-19-bis-27-10-2019\\\/#article\",\"isPartOf\":{\"@id\":\"https:\\\/\\\/www.jazzzeitung.de\\\/cms\\\/2019\\\/10\\\/die-jazz-radiowoche-vom-21-10-19-bis-27-10-2019\\\/\"},\"author\":{\"name\":\"Martin Hufner\",\"@id\":\"https:\\\/\\\/www.jazzzeitung.de\\\/cms\\\/#\\\/schema\\\/person\\\/b9a4e5ac765d94fb8f617bfa8f1fc5f7\"},\"headline\":\"Die Jazz-Radiowoche vom 21.10.19 bis 27.10.2019\",\"datePublished\":\"2019-10-20T10:00:37+00:00\",\"mainEntityOfPage\":{\"@id\":\"https:\\\/\\\/www.jazzzeitung.de\\\/cms\\\/2019\\\/10\\\/die-jazz-radiowoche-vom-21-10-19-bis-27-10-2019\\\/\"},\"wordCount\":2095,\"commentCount\":0,\"publisher\":{\"@id\":\"https:\\\/\\\/www.jazzzeitung.de\\\/cms\\\/#organization\"},\"image\":{\"@id\":\"https:\\\/\\\/www.jazzzeitung.de\\\/cms\\\/2019\\\/10\\\/die-jazz-radiowoche-vom-21-10-19-bis-27-10-2019\\\/#primaryimage\"},\"thumbnailUrl\":\"https:\\\/\\\/i0.wp.com\\\/www.jazzzeitung.de\\\/cms\\\/wp-content\\\/uploads\\\/2019\\\/03\\\/jazz_im_radio.jpg?fit=2200%2C1417&ssl=1\",\"keywords\":[\"Jazz im Radio\"],\"articleSection\":[\"News\",\"Radio\"],\"inLanguage\":\"de\",\"potentialAction\":[{\"@type\":\"CommentAction\",\"name\":\"Comment\",\"target\":[\"https:\\\/\\\/www.jazzzeitung.de\\\/cms\\\/2019\\\/10\\\/die-jazz-radiowoche-vom-21-10-19-bis-27-10-2019\\\/#respond\"]}]},{\"@type\":\"WebPage\",\"@id\":\"https:\\\/\\\/www.jazzzeitung.de\\\/cms\\\/2019\\\/10\\\/die-jazz-radiowoche-vom-21-10-19-bis-27-10-2019\\\/\",\"url\":\"https:\\\/\\\/www.jazzzeitung.de\\\/cms\\\/2019\\\/10\\\/die-jazz-radiowoche-vom-21-10-19-bis-27-10-2019\\\/\",\"name\":\"Die Jazz-Radiowoche vom 21.10.19 bis 27.10.2019 - JazzZeitung\",\"isPartOf\":{\"@id\":\"https:\\\/\\\/www.jazzzeitung.de\\\/cms\\\/#website\"},\"primaryImageOfPage\":{\"@id\":\"https:\\\/\\\/www.jazzzeitung.de\\\/cms\\\/2019\\\/10\\\/die-jazz-radiowoche-vom-21-10-19-bis-27-10-2019\\\/#primaryimage\"},\"image\":{\"@id\":\"https:\\\/\\\/www.jazzzeitung.de\\\/cms\\\/2019\\\/10\\\/die-jazz-radiowoche-vom-21-10-19-bis-27-10-2019\\\/#primaryimage\"},\"thumbnailUrl\":\"https:\\\/\\\/i0.wp.com\\\/www.jazzzeitung.de\\\/cms\\\/wp-content\\\/uploads\\\/2019\\\/03\\\/jazz_im_radio.jpg?fit=2200%2C1417&ssl=1\",\"datePublished\":\"2019-10-20T10:00:37+00:00\",\"breadcrumb\":{\"@id\":\"https:\\\/\\\/www.jazzzeitung.de\\\/cms\\\/2019\\\/10\\\/die-jazz-radiowoche-vom-21-10-19-bis-27-10-2019\\\/#breadcrumb\"},\"inLanguage\":\"de\",\"potentialAction\":[{\"@type\":\"ReadAction\",\"target\":[\"https:\\\/\\\/www.jazzzeitung.de\\\/cms\\\/2019\\\/10\\\/die-jazz-radiowoche-vom-21-10-19-bis-27-10-2019\\\/\"]}]},{\"@type\":\"ImageObject\",\"inLanguage\":\"de\",\"@id\":\"https:\\\/\\\/www.jazzzeitung.de\\\/cms\\\/2019\\\/10\\\/die-jazz-radiowoche-vom-21-10-19-bis-27-10-2019\\\/#primaryimage\",\"url\":\"https:\\\/\\\/i0.wp.com\\\/www.jazzzeitung.de\\\/cms\\\/wp-content\\\/uploads\\\/2019\\\/03\\\/jazz_im_radio.jpg?fit=2200%2C1417&ssl=1\",\"contentUrl\":\"https:\\\/\\\/i0.wp.com\\\/www.jazzzeitung.de\\\/cms\\\/wp-content\\\/uploads\\\/2019\\\/03\\\/jazz_im_radio.jpg?fit=2200%2C1417&ssl=1\",\"width\":2200,\"height\":1417,\"caption\":\"Jazz im Radio. Foto: Hufner\"},{\"@type\":\"BreadcrumbList\",\"@id\":\"https:\\\/\\\/www.jazzzeitung.de\\\/cms\\\/2019\\\/10\\\/die-jazz-radiowoche-vom-21-10-19-bis-27-10-2019\\\/#breadcrumb\",\"itemListElement\":[{\"@type\":\"ListItem\",\"position\":1,\"name\":\"Startseite\",\"item\":\"https:\\\/\\\/www.jazzzeitung.de\\\/cms\\\/\"},{\"@type\":\"ListItem\",\"position\":2,\"name\":\"Die Jazz-Radiowoche vom 21.10.19 bis 27.10.2019\"}]},{\"@type\":\"WebSite\",\"@id\":\"https:\\\/\\\/www.jazzzeitung.de\\\/cms\\\/#website\",\"url\":\"https:\\\/\\\/www.jazzzeitung.de\\\/cms\\\/\",\"name\":\"JazzZeitung\",\"description\":\"Jazz-News und Jazz-Kontroverses\",\"publisher\":{\"@id\":\"https:\\\/\\\/www.jazzzeitung.de\\\/cms\\\/#organization\"},\"potentialAction\":[{\"@type\":\"SearchAction\",\"target\":{\"@type\":\"EntryPoint\",\"urlTemplate\":\"https:\\\/\\\/www.jazzzeitung.de\\\/cms\\\/?s={search_term_string}\"},\"query-input\":{\"@type\":\"PropertyValueSpecification\",\"valueRequired\":true,\"valueName\":\"search_term_string\"}}],\"inLanguage\":\"de\"},{\"@type\":\"Organization\",\"@id\":\"https:\\\/\\\/www.jazzzeitung.de\\\/cms\\\/#organization\",\"name\":\"JazzZeitung online\",\"url\":\"https:\\\/\\\/www.jazzzeitung.de\\\/cms\\\/\",\"logo\":{\"@type\":\"ImageObject\",\"inLanguage\":\"de\",\"@id\":\"https:\\\/\\\/www.jazzzeitung.de\\\/cms\\\/#\\\/schema\\\/logo\\\/image\\\/\",\"url\":\"https:\\\/\\\/i0.wp.com\\\/www.jazzzeitung.de\\\/cms\\\/wp-content\\\/uploads\\\/2015\\\/08\\\/JAZZZEITUNGDE_Logo_Neu.png?fit=499%2C200&ssl=1\",\"contentUrl\":\"https:\\\/\\\/i0.wp.com\\\/www.jazzzeitung.de\\\/cms\\\/wp-content\\\/uploads\\\/2015\\\/08\\\/JAZZZEITUNGDE_Logo_Neu.png?fit=499%2C200&ssl=1\",\"width\":499,\"height\":200,\"caption\":\"JazzZeitung online\"},\"image\":{\"@id\":\"https:\\\/\\\/www.jazzzeitung.de\\\/cms\\\/#\\\/schema\\\/logo\\\/image\\\/\"},\"sameAs\":[\"https:\\\/\\\/www.facebook.com\\\/JazzZeitung\\\/\"]},{\"@type\":\"Person\",\"@id\":\"https:\\\/\\\/www.jazzzeitung.de\\\/cms\\\/#\\\/schema\\\/person\\\/b9a4e5ac765d94fb8f617bfa8f1fc5f7\",\"name\":\"Martin Hufner\",\"image\":{\"@type\":\"ImageObject\",\"inLanguage\":\"de\",\"@id\":\"https:\\\/\\\/i0.wp.com\\\/www.jazzzeitung.de\\\/cms\\\/wp-content\\\/uploads\\\/2013\\\/07\\\/huf-06.jpg?resize=96%2C96&ssl=15fcc31aa94540751a3b804516452be00\",\"url\":\"https:\\\/\\\/i0.wp.com\\\/www.jazzzeitung.de\\\/cms\\\/wp-content\\\/uploads\\\/2013\\\/07\\\/huf-06.jpg?resize=96%2C96&ssl=1\",\"contentUrl\":\"https:\\\/\\\/i0.wp.com\\\/www.jazzzeitung.de\\\/cms\\\/wp-content\\\/uploads\\\/2013\\\/07\\\/huf-06.jpg?resize=96%2C96&ssl=1\",\"caption\":\"Martin Hufner\"},\"description\":\"Martin Hufner ist freier Autor der JazzZeitung.\",\"sameAs\":[\"https:\\\/\\\/www.kritische-masse.de\\\/logbuch\",\"https:\\\/\\\/www.facebook.com\\\/hufner\"],\"url\":\"https:\\\/\\\/www.jazzzeitung.de\\\/cms\\\/author\\\/admin\\\/\"}]}<\/script>\n<!-- \/ Yoast SEO plugin. -->","yoast_head_json":{"title":"Die Jazz-Radiowoche vom 21.10.19 bis 27.10.2019 - JazzZeitung","robots":{"index":"index","follow":"follow","max-snippet":"max-snippet:-1","max-image-preview":"max-image-preview:large","max-video-preview":"max-video-preview:-1"},"canonical":"https:\/\/www.jazzzeitung.de\/cms\/2019\/10\/die-jazz-radiowoche-vom-21-10-19-bis-27-10-2019\/","og_locale":"de_DE","og_type":"article","og_title":"Die Jazz-Radiowoche vom 21.10.19 bis 27.10.2019 - JazzZeitung","og_description":"Ein kleiner Blick in die Jazzwoche 43 im Radio. Die \u00dcbersicht zum Download als PDF. Alle Angaben ohne Gew\u00e4hr. Jazz im Radio (Fernsehen) SR2 \u2013 JazzNow \u2013 Sonntags von 20.04 bis 22.30 Uhr BR-KLASSIK \u2013 Jazztime \u2013 Von Montag bis Freitag t\u00e4glich um 23.05 Uhr rbb-kultur \u2013 Late Night Jazz \u2013 Sa und So 23:04 \u2013 24:00 Uhr hr2-kultur \u2013 Jazz in hr2-kultur \u2013 t\u00e4glich SWR2 \u2013 Jazz \u2013 t\u00e4glich Deutschlandfunk \u2013 Jazz (\u00dcberblick) \u2013 Jazz Live, JazzFacts und Milestones Deutschlandfunk Kultur \u2013 Jazz \u2013 diverse Sendetermine \u00d61 \u2013 diverse Sendetermine ARTE TV \u2013 Jazz Periodika: Dauersendungen ohne gen\u00fcgend Infos \u2013 Tagesbegleitradio NDR Info \u2013 Play Jazz! Das Jazzmagazin 22:20 bis 23:00 MDR Kultur \u2013 Jazz 19:05 bis 20:00 MDR Kultur \u2013Jazz Lounge 19:35 bis 20:00 WDR3 \u2013 Jazz &amp; World \u2013 Improvisiertes zum Tagesausklang \u2013 Montag bis Freitag, 22.04 \u2013 0:00 Uhr WDR 3 Pers\u00f6nlich mit G\u00f6tz Alsmann 13:04 bis 15:00 (Samstags) 21.10.2019 17:50 bis 18:00 | SWR 2 SWR2 Jazz vor Sechs \u2013 Chick Webb: Let\u2019s get together 19:04 bis 20:00 | hr2-kultur H\u00f6rbar 22:30 bis 23:00 | hr2-kultur Jazz Now: Aus dem &hellip;","og_url":"https:\/\/www.jazzzeitung.de\/cms\/2019\/10\/die-jazz-radiowoche-vom-21-10-19-bis-27-10-2019\/","og_site_name":"JazzZeitung","article_publisher":"https:\/\/www.facebook.com\/JazzZeitung\/","article_author":"https:\/\/www.facebook.com\/hufner","article_published_time":"2019-10-20T10:00:37+00:00","og_image":[{"width":2200,"height":1417,"url":"https:\/\/i0.wp.com\/www.jazzzeitung.de\/cms\/wp-content\/uploads\/2019\/03\/jazz_im_radio.jpg?fit=2200%2C1417&ssl=1","type":"image\/jpeg"}],"author":"Martin Hufner","schema":{"@context":"https:\/\/schema.org","@graph":[{"@type":"Article","@id":"https:\/\/www.jazzzeitung.de\/cms\/2019\/10\/die-jazz-radiowoche-vom-21-10-19-bis-27-10-2019\/#article","isPartOf":{"@id":"https:\/\/www.jazzzeitung.de\/cms\/2019\/10\/die-jazz-radiowoche-vom-21-10-19-bis-27-10-2019\/"},"author":{"name":"Martin Hufner","@id":"https:\/\/www.jazzzeitung.de\/cms\/#\/schema\/person\/b9a4e5ac765d94fb8f617bfa8f1fc5f7"},"headline":"Die Jazz-Radiowoche vom 21.10.19 bis 27.10.2019","datePublished":"2019-10-20T10:00:37+00:00","mainEntityOfPage":{"@id":"https:\/\/www.jazzzeitung.de\/cms\/2019\/10\/die-jazz-radiowoche-vom-21-10-19-bis-27-10-2019\/"},"wordCount":2095,"commentCount":0,"publisher":{"@id":"https:\/\/www.jazzzeitung.de\/cms\/#organization"},"image":{"@id":"https:\/\/www.jazzzeitung.de\/cms\/2019\/10\/die-jazz-radiowoche-vom-21-10-19-bis-27-10-2019\/#primaryimage"},"thumbnailUrl":"https:\/\/i0.wp.com\/www.jazzzeitung.de\/cms\/wp-content\/uploads\/2019\/03\/jazz_im_radio.jpg?fit=2200%2C1417&ssl=1","keywords":["Jazz im Radio"],"articleSection":["News","Radio"],"inLanguage":"de","potentialAction":[{"@type":"CommentAction","name":"Comment","target":["https:\/\/www.jazzzeitung.de\/cms\/2019\/10\/die-jazz-radiowoche-vom-21-10-19-bis-27-10-2019\/#respond"]}]},{"@type":"WebPage","@id":"https:\/\/www.jazzzeitung.de\/cms\/2019\/10\/die-jazz-radiowoche-vom-21-10-19-bis-27-10-2019\/","url":"https:\/\/www.jazzzeitung.de\/cms\/2019\/10\/die-jazz-radiowoche-vom-21-10-19-bis-27-10-2019\/","name":"Die Jazz-Radiowoche vom 21.10.19 bis 27.10.2019 - JazzZeitung","isPartOf":{"@id":"https:\/\/www.jazzzeitung.de\/cms\/#website"},"primaryImageOfPage":{"@id":"https:\/\/www.jazzzeitung.de\/cms\/2019\/10\/die-jazz-radiowoche-vom-21-10-19-bis-27-10-2019\/#primaryimage"},"image":{"@id":"https:\/\/www.jazzzeitung.de\/cms\/2019\/10\/die-jazz-radiowoche-vom-21-10-19-bis-27-10-2019\/#primaryimage"},"thumbnailUrl":"https:\/\/i0.wp.com\/www.jazzzeitung.de\/cms\/wp-content\/uploads\/2019\/03\/jazz_im_radio.jpg?fit=2200%2C1417&ssl=1","datePublished":"2019-10-20T10:00:37+00:00","breadcrumb":{"@id":"https:\/\/www.jazzzeitung.de\/cms\/2019\/10\/die-jazz-radiowoche-vom-21-10-19-bis-27-10-2019\/#breadcrumb"},"inLanguage":"de","potentialAction":[{"@type":"ReadAction","target":["https:\/\/www.jazzzeitung.de\/cms\/2019\/10\/die-jazz-radiowoche-vom-21-10-19-bis-27-10-2019\/"]}]},{"@type":"ImageObject","inLanguage":"de","@id":"https:\/\/www.jazzzeitung.de\/cms\/2019\/10\/die-jazz-radiowoche-vom-21-10-19-bis-27-10-2019\/#primaryimage","url":"https:\/\/i0.wp.com\/www.jazzzeitung.de\/cms\/wp-content\/uploads\/2019\/03\/jazz_im_radio.jpg?fit=2200%2C1417&ssl=1","contentUrl":"https:\/\/i0.wp.com\/www.jazzzeitung.de\/cms\/wp-content\/uploads\/2019\/03\/jazz_im_radio.jpg?fit=2200%2C1417&ssl=1","width":2200,"height":1417,"caption":"Jazz im Radio. Foto: Hufner"},{"@type":"BreadcrumbList","@id":"https:\/\/www.jazzzeitung.de\/cms\/2019\/10\/die-jazz-radiowoche-vom-21-10-19-bis-27-10-2019\/#breadcrumb","itemListElement":[{"@type":"ListItem","position":1,"name":"Startseite","item":"https:\/\/www.jazzzeitung.de\/cms\/"},{"@type":"ListItem","position":2,"name":"Die Jazz-Radiowoche vom 21.10.19 bis 27.10.2019"}]},{"@type":"WebSite","@id":"https:\/\/www.jazzzeitung.de\/cms\/#website","url":"https:\/\/www.jazzzeitung.de\/cms\/","name":"JazzZeitung","description":"Jazz-News und Jazz-Kontroverses","publisher":{"@id":"https:\/\/www.jazzzeitung.de\/cms\/#organization"},"potentialAction":[{"@type":"SearchAction","target":{"@type":"EntryPoint","urlTemplate":"https:\/\/www.jazzzeitung.de\/cms\/?s={search_term_string}"},"query-input":{"@type":"PropertyValueSpecification","valueRequired":true,"valueName":"search_term_string"}}],"inLanguage":"de"},{"@type":"Organization","@id":"https:\/\/www.jazzzeitung.de\/cms\/#organization","name":"JazzZeitung online","url":"https:\/\/www.jazzzeitung.de\/cms\/","logo":{"@type":"ImageObject","inLanguage":"de","@id":"https:\/\/www.jazzzeitung.de\/cms\/#\/schema\/logo\/image\/","url":"https:\/\/i0.wp.com\/www.jazzzeitung.de\/cms\/wp-content\/uploads\/2015\/08\/JAZZZEITUNGDE_Logo_Neu.png?fit=499%2C200&ssl=1","contentUrl":"https:\/\/i0.wp.com\/www.jazzzeitung.de\/cms\/wp-content\/uploads\/2015\/08\/JAZZZEITUNGDE_Logo_Neu.png?fit=499%2C200&ssl=1","width":499,"height":200,"caption":"JazzZeitung online"},"image":{"@id":"https:\/\/www.jazzzeitung.de\/cms\/#\/schema\/logo\/image\/"},"sameAs":["https:\/\/www.facebook.com\/JazzZeitung\/"]},{"@type":"Person","@id":"https:\/\/www.jazzzeitung.de\/cms\/#\/schema\/person\/b9a4e5ac765d94fb8f617bfa8f1fc5f7","name":"Martin Hufner","image":{"@type":"ImageObject","inLanguage":"de","@id":"https:\/\/i0.wp.com\/www.jazzzeitung.de\/cms\/wp-content\/uploads\/2013\/07\/huf-06.jpg?resize=96%2C96&ssl=15fcc31aa94540751a3b804516452be00","url":"https:\/\/i0.wp.com\/www.jazzzeitung.de\/cms\/wp-content\/uploads\/2013\/07\/huf-06.jpg?resize=96%2C96&ssl=1","contentUrl":"https:\/\/i0.wp.com\/www.jazzzeitung.de\/cms\/wp-content\/uploads\/2013\/07\/huf-06.jpg?resize=96%2C96&ssl=1","caption":"Martin Hufner"},"description":"Martin Hufner ist freier Autor der JazzZeitung.","sameAs":["https:\/\/www.kritische-masse.de\/logbuch","https:\/\/www.facebook.com\/hufner"],"url":"https:\/\/www.jazzzeitung.de\/cms\/author\/admin\/"}]}},"wp-worthy-pixel":{"ignored":true,"public":null,"server":null,"url":null},"wp-worthy-type":"normal","jetpack_publicize_connections":[],"cc_featured_image_caption":{"caption_text":"Jazz im Radio","source_text":"Foto: Hufner","source_url":"https:\/\/www.musikkritik.org"},"jetpack_featured_media_url":"https:\/\/i0.wp.com\/www.jazzzeitung.de\/cms\/wp-content\/uploads\/2019\/03\/jazz_im_radio.jpg?fit=2200%2C1417&ssl=1","jetpack_shortlink":"https:\/\/wp.me\/p3KEcT-5rq","jetpack-related-posts":[{"id":22236,"url":"https:\/\/www.jazzzeitung.de\/cms\/2020\/03\/die-jazz-radiowoche-vom-30-03-20-bis-05-04-20\/","url_meta":{"origin":20920,"position":0},"title":"Die Jazz-Radiowoche vom 30.03.20 bis 05.04.20","author":"Martin Hufner","date":"29. M\u00e4rz 2020","format":false,"excerpt":"Ein kleiner Blick in die Jazzwoche 14 im Radio. Alle Angaben ohne Gew\u00e4hr. Jazz im Radio (Fernsehen) SR2 \u2013 JazzNow \u2013 Sonntags von 20.04 bis 22.30 Uhr BR-KLASSIK \u2013 Jazztime \u2013 Von Montag bis Freitag t\u00e4glich um 23.05 Uhr rbb-kultur \u2013 Late Night Jazz \u2013 Sa und So 23:04 \u2013\u2026","rel":"","context":"In &quot;News&quot;","block_context":{"text":"News","link":"https:\/\/www.jazzzeitung.de\/cms\/thema\/nachrichten\/"},"img":{"alt_text":"Jazz im Radio. Foto: Hufner","src":"https:\/\/i0.wp.com\/www.jazzzeitung.de\/cms\/wp-content\/uploads\/2019\/03\/jazz_im_radio.jpg?fit=1200%2C773&ssl=1&resize=350%2C200","width":350,"height":200,"srcset":"https:\/\/i0.wp.com\/www.jazzzeitung.de\/cms\/wp-content\/uploads\/2019\/03\/jazz_im_radio.jpg?fit=1200%2C773&ssl=1&resize=350%2C200 1x, https:\/\/i0.wp.com\/www.jazzzeitung.de\/cms\/wp-content\/uploads\/2019\/03\/jazz_im_radio.jpg?fit=1200%2C773&ssl=1&resize=525%2C300 1.5x, https:\/\/i0.wp.com\/www.jazzzeitung.de\/cms\/wp-content\/uploads\/2019\/03\/jazz_im_radio.jpg?fit=1200%2C773&ssl=1&resize=700%2C400 2x, https:\/\/i0.wp.com\/www.jazzzeitung.de\/cms\/wp-content\/uploads\/2019\/03\/jazz_im_radio.jpg?fit=1200%2C773&ssl=1&resize=1050%2C600 3x"},"classes":[]},{"id":23982,"url":"https:\/\/www.jazzzeitung.de\/cms\/2020\/12\/die-jazz-radiowoche-vom-14-12-20-bis-31-12-2020\/","url_meta":{"origin":20920,"position":1},"title":"Die Jazz-Radiowoche vom 14.12.20 bis 31.12.2020","author":"Martin Hufner","date":"13. Dezember 2020","format":false,"excerpt":"Ein kleiner Blick in Restmonat. Die Suchmaschine der ARD hat ihren Dienst am 7.12.2020 eingestellt. Nachfragen haben nur gezeigt, dass die Veranwortlichen kein Interesse daran haben, das zu kommunizieren. Weder ist herauszubekommen, wer das veranlasst hat noch warum. Danke ARD! F\u00fcr nichts. Jetzt schauen wir mal, wie es weiter geht.\u2026","rel":"","context":"In &quot;News&quot;","block_context":{"text":"News","link":"https:\/\/www.jazzzeitung.de\/cms\/thema\/nachrichten\/"},"img":{"alt_text":"Jazz im Radio. Foto: Hufner","src":"https:\/\/i0.wp.com\/www.jazzzeitung.de\/cms\/wp-content\/uploads\/2019\/03\/jazz_im_radio.jpg?fit=1200%2C773&ssl=1&resize=350%2C200","width":350,"height":200,"srcset":"https:\/\/i0.wp.com\/www.jazzzeitung.de\/cms\/wp-content\/uploads\/2019\/03\/jazz_im_radio.jpg?fit=1200%2C773&ssl=1&resize=350%2C200 1x, https:\/\/i0.wp.com\/www.jazzzeitung.de\/cms\/wp-content\/uploads\/2019\/03\/jazz_im_radio.jpg?fit=1200%2C773&ssl=1&resize=525%2C300 1.5x, https:\/\/i0.wp.com\/www.jazzzeitung.de\/cms\/wp-content\/uploads\/2019\/03\/jazz_im_radio.jpg?fit=1200%2C773&ssl=1&resize=700%2C400 2x, https:\/\/i0.wp.com\/www.jazzzeitung.de\/cms\/wp-content\/uploads\/2019\/03\/jazz_im_radio.jpg?fit=1200%2C773&ssl=1&resize=1050%2C600 3x"},"classes":[]},{"id":23939,"url":"https:\/\/www.jazzzeitung.de\/cms\/2020\/12\/die-jazz-radiowoche-vom-7-12-20-bis-13-12-2020\/","url_meta":{"origin":20920,"position":2},"title":"Die Jazz-Radiowoche vom 7.12.20 bis 13.12.2020","author":"Martin Hufner","date":"6. Dezember 2020","format":false,"excerpt":"Ein kleiner Blick in die Jazzwoche 50 im Radio. Der ist dieses mal so klein, es steht da n\u00e4mlich gar nichts drin.Grund daf\u00fcr: Die Suchmaschine f\u00fcr Radiosendungen der ARD gibt am dem 7.12.2020 keine Ergebnisse heraus. Versuche der Kontaktaufnahme mit der ARD sind ohne Echo verhallt. Aktuell bleibt es bei\u2026","rel":"","context":"In &quot;News&quot;","block_context":{"text":"News","link":"https:\/\/www.jazzzeitung.de\/cms\/thema\/nachrichten\/"},"img":{"alt_text":"Jazz im Radio. Foto: Hufner","src":"https:\/\/i0.wp.com\/www.jazzzeitung.de\/cms\/wp-content\/uploads\/2019\/03\/jazz_im_radio.jpg?fit=1200%2C773&ssl=1&resize=350%2C200","width":350,"height":200,"srcset":"https:\/\/i0.wp.com\/www.jazzzeitung.de\/cms\/wp-content\/uploads\/2019\/03\/jazz_im_radio.jpg?fit=1200%2C773&ssl=1&resize=350%2C200 1x, https:\/\/i0.wp.com\/www.jazzzeitung.de\/cms\/wp-content\/uploads\/2019\/03\/jazz_im_radio.jpg?fit=1200%2C773&ssl=1&resize=525%2C300 1.5x, https:\/\/i0.wp.com\/www.jazzzeitung.de\/cms\/wp-content\/uploads\/2019\/03\/jazz_im_radio.jpg?fit=1200%2C773&ssl=1&resize=700%2C400 2x, https:\/\/i0.wp.com\/www.jazzzeitung.de\/cms\/wp-content\/uploads\/2019\/03\/jazz_im_radio.jpg?fit=1200%2C773&ssl=1&resize=1050%2C600 3x"},"classes":[]},{"id":21609,"url":"https:\/\/www.jazzzeitung.de\/cms\/2020\/01\/die-jazz-radiowoche-vom-06-01-20-bis-12-01-20-notausgabe\/","url_meta":{"origin":20920,"position":3},"title":"Die Jazz-Radiowoche vom 06.01.20 bis 12.01.20 (Notausgabe)","author":"Martin Hufner","date":"5. Januar 2020","format":false,"excerpt":"Ein kleiner Blick in die Jazzwoche 02 im Radio. Notausgabe! Die \u00dcbersicht zum Download als PDF. Alle Angaben ohne Gew\u00e4hr. Jazz im Radio (Fernsehen) SR2 \u2013 JazzNow \u2013 Sonntags von 20.04 bis 22.30 Uhr BR-KLASSIK \u2013 Jazztime \u2013 Von Montag bis Freitag t\u00e4glich um 23.05 Uhr rbb-kultur \u2013 Late Night\u2026","rel":"","context":"In &quot;News&quot;","block_context":{"text":"News","link":"https:\/\/www.jazzzeitung.de\/cms\/thema\/nachrichten\/"},"img":{"alt_text":"Jazz im Radio. Foto: Hufner","src":"https:\/\/i0.wp.com\/www.jazzzeitung.de\/cms\/wp-content\/uploads\/2019\/03\/jazz_im_radio.jpg?fit=1200%2C773&ssl=1&resize=350%2C200","width":350,"height":200,"srcset":"https:\/\/i0.wp.com\/www.jazzzeitung.de\/cms\/wp-content\/uploads\/2019\/03\/jazz_im_radio.jpg?fit=1200%2C773&ssl=1&resize=350%2C200 1x, https:\/\/i0.wp.com\/www.jazzzeitung.de\/cms\/wp-content\/uploads\/2019\/03\/jazz_im_radio.jpg?fit=1200%2C773&ssl=1&resize=525%2C300 1.5x, https:\/\/i0.wp.com\/www.jazzzeitung.de\/cms\/wp-content\/uploads\/2019\/03\/jazz_im_radio.jpg?fit=1200%2C773&ssl=1&resize=700%2C400 2x, https:\/\/i0.wp.com\/www.jazzzeitung.de\/cms\/wp-content\/uploads\/2019\/03\/jazz_im_radio.jpg?fit=1200%2C773&ssl=1&resize=1050%2C600 3x"},"classes":[]},{"id":24166,"url":"https:\/\/www.jazzzeitung.de\/cms\/2021\/01\/die-jazz-radiowoche-vom-18-01-2125-01-2021\/","url_meta":{"origin":20920,"position":4},"title":"Die Jazz-Radiowoche vom 18.01.21\u201325.01.2021","author":"Martin Hufner","date":"17. Januar 2021","format":false,"excerpt":"Ein kleiner Blick in die Jazzwoche 03 im Radio. Alle Angaben ohne Gew\u00e4hr. Unter anderem: Pianist Sebastian Sternal live im Jazzclub Birdland in Neuburg an der Donau. Aufnahme vom 19. November 2020.","rel":"","context":"In &quot;News&quot;","block_context":{"text":"News","link":"https:\/\/www.jazzzeitung.de\/cms\/thema\/nachrichten\/"},"img":{"alt_text":"Jazz im Radio. Foto: Hufner","src":"https:\/\/i0.wp.com\/www.jazzzeitung.de\/cms\/wp-content\/uploads\/2019\/03\/jazz_im_radio.jpg?fit=1200%2C773&ssl=1&resize=350%2C200","width":350,"height":200,"srcset":"https:\/\/i0.wp.com\/www.jazzzeitung.de\/cms\/wp-content\/uploads\/2019\/03\/jazz_im_radio.jpg?fit=1200%2C773&ssl=1&resize=350%2C200 1x, https:\/\/i0.wp.com\/www.jazzzeitung.de\/cms\/wp-content\/uploads\/2019\/03\/jazz_im_radio.jpg?fit=1200%2C773&ssl=1&resize=525%2C300 1.5x, https:\/\/i0.wp.com\/www.jazzzeitung.de\/cms\/wp-content\/uploads\/2019\/03\/jazz_im_radio.jpg?fit=1200%2C773&ssl=1&resize=700%2C400 2x, https:\/\/i0.wp.com\/www.jazzzeitung.de\/cms\/wp-content\/uploads\/2019\/03\/jazz_im_radio.jpg?fit=1200%2C773&ssl=1&resize=1050%2C600 3x"},"classes":[]},{"id":22441,"url":"https:\/\/www.jazzzeitung.de\/cms\/2020\/05\/die-jazz-radiowoche-vom-04-05-20-bis-10-05-20\/","url_meta":{"origin":20920,"position":5},"title":"Die Jazz-Radiowoche vom 04.05.20 bis 10.05.20","author":"Martin Hufner","date":"3. Mai 2020","format":false,"excerpt":"Ein kleiner Blick in die Jazzwoche 19 im Radio. Alle Angaben ohne Gew\u00e4hr. Jazz Special \u2013 Fire Music \u2013 Die unheilige Allianz von Jazz und Krieg | The Space Between \u2013 Mikrotonalit\u00e4t im Jazz","rel":"","context":"In &quot;News&quot;","block_context":{"text":"News","link":"https:\/\/www.jazzzeitung.de\/cms\/thema\/nachrichten\/"},"img":{"alt_text":"Jazz im Radio. Foto: Hufner","src":"https:\/\/i0.wp.com\/www.jazzzeitung.de\/cms\/wp-content\/uploads\/2019\/03\/jazz_im_radio.jpg?fit=1200%2C773&ssl=1&resize=350%2C200","width":350,"height":200,"srcset":"https:\/\/i0.wp.com\/www.jazzzeitung.de\/cms\/wp-content\/uploads\/2019\/03\/jazz_im_radio.jpg?fit=1200%2C773&ssl=1&resize=350%2C200 1x, https:\/\/i0.wp.com\/www.jazzzeitung.de\/cms\/wp-content\/uploads\/2019\/03\/jazz_im_radio.jpg?fit=1200%2C773&ssl=1&resize=525%2C300 1.5x, https:\/\/i0.wp.com\/www.jazzzeitung.de\/cms\/wp-content\/uploads\/2019\/03\/jazz_im_radio.jpg?fit=1200%2C773&ssl=1&resize=700%2C400 2x, https:\/\/i0.wp.com\/www.jazzzeitung.de\/cms\/wp-content\/uploads\/2019\/03\/jazz_im_radio.jpg?fit=1200%2C773&ssl=1&resize=1050%2C600 3x"},"classes":[]}],"jetpack_sharing_enabled":true,"_links":{"self":[{"href":"https:\/\/www.jazzzeitung.de\/cms\/wp-json\/wp\/v2\/posts\/20920","targetHints":{"allow":["GET"]}}],"collection":[{"href":"https:\/\/www.jazzzeitung.de\/cms\/wp-json\/wp\/v2\/posts"}],"about":[{"href":"https:\/\/www.jazzzeitung.de\/cms\/wp-json\/wp\/v2\/types\/post"}],"author":[{"embeddable":true,"href":"https:\/\/www.jazzzeitung.de\/cms\/wp-json\/wp\/v2\/users\/1"}],"replies":[{"embeddable":true,"href":"https:\/\/www.jazzzeitung.de\/cms\/wp-json\/wp\/v2\/comments?post=20920"}],"version-history":[{"count":1,"href":"https:\/\/www.jazzzeitung.de\/cms\/wp-json\/wp\/v2\/posts\/20920\/revisions"}],"predecessor-version":[{"id":20921,"href":"https:\/\/www.jazzzeitung.de\/cms\/wp-json\/wp\/v2\/posts\/20920\/revisions\/20921"}],"wp:featuredmedia":[{"embeddable":true,"href":"https:\/\/www.jazzzeitung.de\/cms\/wp-json\/wp\/v2\/media\/18913"}],"wp:attachment":[{"href":"https:\/\/www.jazzzeitung.de\/cms\/wp-json\/wp\/v2\/media?parent=20920"}],"wp:term":[{"taxonomy":"category","embeddable":true,"href":"https:\/\/www.jazzzeitung.de\/cms\/wp-json\/wp\/v2\/categories?post=20920"},{"taxonomy":"post_tag","embeddable":true,"href":"https:\/\/www.jazzzeitung.de\/cms\/wp-json\/wp\/v2\/tags?post=20920"},{"taxonomy":"author","embeddable":true,"href":"https:\/\/www.jazzzeitung.de\/cms\/wp-json\/wp\/v2\/coauthors?post=20920"}],"curies":[{"name":"wp","href":"https:\/\/api.w.org\/{rel}","templated":true}]}}