{"id":20887,"date":"2019-10-16T09:25:46","date_gmt":"2019-10-16T07:25:46","guid":{"rendered":"https:\/\/www.jazzzeitung.de\/cms\/?p=20887"},"modified":"2019-10-15T14:32:13","modified_gmt":"2019-10-15T12:32:13","slug":"chico-freemans-exotica-eroeffnet-das-herbstprogramm-new-york-im-bayerischen-hof","status":"publish","type":"post","link":"https:\/\/www.jazzzeitung.de\/cms\/2019\/10\/chico-freemans-exotica-eroeffnet-das-herbstprogramm-new-york-im-bayerischen-hof\/","title":{"rendered":"Chico Freeman\u2019s \u201eExotica\u201c er\u00f6ffnet das Herbstprogramm \u201eNew York im Bayerischen Hof\u201c"},"content":{"rendered":"<p>Im Rahmen der Konzertreihe <strong>\u201eNew York im Bayerischen Hof\u201c<\/strong>, die mittlerweile seit mehr als f\u00fcnfundzwanzig Jahren (!) im Nightclub des legend\u00e4ren M\u00fcnchner Hotels stattfindet, er\u00f6ffnete Chico Freeman\u2019s Formation \u201eExotica\u201c das diesj\u00e4hrige Herbstprogramm.<\/p>\n<p>Ein gelungener Auftakt letzte Woche, den Chico Freeman gemeinsam mit Heiri K\u00e4nzig am Bass und dem Ausnahmepercussionisten Reto Weber pr\u00e4sentierte. Die drei Musiker, unbestritten allesamt Meister ihres Fachs, begeisterten das Publikum mit ihren Kompositionen, vielf\u00e4ltigen Klangfarben, differenzierten Rhythmen und wunderbaren Improvisationen.<\/p>\n<div class=\"tiled-gallery type-rectangular tiled-gallery-unresized\" data-original-width=\"840\" data-carousel-extra='{&quot;blog_id&quot;:1,&quot;permalink&quot;:&quot;https:\\\/\\\/www.jazzzeitung.de\\\/cms\\\/2019\\\/10\\\/chico-freemans-exotica-eroeffnet-das-herbstprogramm-new-york-im-bayerischen-hof\\\/&quot;,&quot;likes_blog_id&quot;:55446655}' itemscope itemtype=\"http:\/\/schema.org\/ImageGallery\" > <div class=\"gallery-row\" style=\"width: 840px; height: 388px;\" data-original-width=\"840\" data-original-height=\"388\" > <div class=\"gallery-group images-1\" style=\"width: 580px; height: 388px;\" data-original-width=\"580\" data-original-height=\"388\" > <div class=\"tiled-gallery-item tiled-gallery-item-large\" itemprop=\"associatedMedia\" itemscope itemtype=\"http:\/\/schema.org\/ImageObject\"> <a href=\"https:\/\/www.jazzzeitung.de\/cms\/2019\/10\/chico-freemans-exotica-eroeffnet-das-herbstprogramm-new-york-im-bayerischen-hof\/p1526742-exotica-freeman-foto-tj-krebs\/\" border=\"0\" itemprop=\"url\"> <meta itemprop=\"width\" content=\"576\"> <meta itemprop=\"height\" content=\"384\"> <img decoding=\"async\" class=\"\" data-attachment-id=\"20888\" data-orig-file=\"https:\/\/www.jazzzeitung.de\/cms\/wp-content\/uploads\/2019\/10\/P1526742-Exotica-Freeman-Foto-TJ-Krebs.jpg\" data-orig-size=\"1200,800\" data-comments-opened=\"1\" data-image-meta=\"{&quot;aperture&quot;:&quot;0&quot;,&quot;credit&quot;:&quot;&quot;,&quot;camera&quot;:&quot;&quot;,&quot;caption&quot;:&quot;&quot;,&quot;created_timestamp&quot;:&quot;0&quot;,&quot;copyright&quot;:&quot;&quot;,&quot;focal_length&quot;:&quot;0&quot;,&quot;iso&quot;:&quot;0&quot;,&quot;shutter_speed&quot;:&quot;0&quot;,&quot;title&quot;:&quot;&quot;,&quot;orientation&quot;:&quot;0&quot;}\" data-image-title=\"\" data-image-description=\"\" data-medium-file=\"https:\/\/i0.wp.com\/www.jazzzeitung.de\/cms\/wp-content\/uploads\/2019\/10\/P1526742-Exotica-Freeman-Foto-TJ-Krebs.jpg?fit=300%2C200&#038;ssl=1\" data-large-file=\"https:\/\/i0.wp.com\/www.jazzzeitung.de\/cms\/wp-content\/uploads\/2019\/10\/P1526742-Exotica-Freeman-Foto-TJ-Krebs.jpg?fit=840%2C560&#038;ssl=1\" src=\"https:\/\/i0.wp.com\/www.jazzzeitung.de\/cms\/wp-content\/uploads\/2019\/10\/P1526742-Exotica-Freeman-Foto-TJ-Krebs.jpg?w=576&#038;h=384&#038;ssl=1\" srcset=\"https:\/\/i0.wp.com\/www.jazzzeitung.de\/cms\/wp-content\/uploads\/2019\/10\/P1526742-Exotica-Freeman-Foto-TJ-Krebs.jpg?w=1200&amp;ssl=1 1200w, https:\/\/i0.wp.com\/www.jazzzeitung.de\/cms\/wp-content\/uploads\/2019\/10\/P1526742-Exotica-Freeman-Foto-TJ-Krebs.jpg?resize=300%2C200&amp;ssl=1 300w, https:\/\/i0.wp.com\/www.jazzzeitung.de\/cms\/wp-content\/uploads\/2019\/10\/P1526742-Exotica-Freeman-Foto-TJ-Krebs.jpg?resize=768%2C512&amp;ssl=1 768w, https:\/\/i0.wp.com\/www.jazzzeitung.de\/cms\/wp-content\/uploads\/2019\/10\/P1526742-Exotica-Freeman-Foto-TJ-Krebs.jpg?resize=900%2C600&amp;ssl=1 900w, https:\/\/i0.wp.com\/www.jazzzeitung.de\/cms\/wp-content\/uploads\/2019\/10\/P1526742-Exotica-Freeman-Foto-TJ-Krebs.jpg?resize=120%2C80&amp;ssl=1 120w\" width=\"576\" height=\"384\" loading=\"lazy\" data-original-width=\"576\" data-original-height=\"384\" itemprop=\"http:\/\/schema.org\/image\" title=\"\" alt=\"Chico Freeman. Foto: Thomas J. Krebs\" style=\"width: 576px; height: 384px;\" \/> <\/a> <div class=\"tiled-gallery-caption\" itemprop=\"caption description\"> Chico Freeman. Foto: Thomas J. Krebs <\/div> <\/div> <\/div> <!-- close group --> <div class=\"gallery-group images-1\" style=\"width: 260px; height: 388px;\" data-original-width=\"260\" data-original-height=\"388\" > <div class=\"tiled-gallery-item tiled-gallery-item-large\" itemprop=\"associatedMedia\" itemscope itemtype=\"http:\/\/schema.org\/ImageObject\"> <a href=\"https:\/\/www.jazzzeitung.de\/cms\/2019\/10\/chico-freemans-exotica-eroeffnet-das-herbstprogramm-new-york-im-bayerischen-hof\/p1526761-exotica-freeman-shadow-foto-tj-krebs\/\" border=\"0\" itemprop=\"url\"> <meta itemprop=\"width\" content=\"256\"> <meta itemprop=\"height\" content=\"384\"> <img decoding=\"async\" class=\"\" data-attachment-id=\"20891\" data-orig-file=\"https:\/\/www.jazzzeitung.de\/cms\/wp-content\/uploads\/2019\/10\/P1526761-Exotica-Freeman-shadow-Foto-TJ-Krebs.jpg\" data-orig-size=\"800,1200\" data-comments-opened=\"1\" data-image-meta=\"{&quot;aperture&quot;:&quot;0&quot;,&quot;credit&quot;:&quot;&quot;,&quot;camera&quot;:&quot;&quot;,&quot;caption&quot;:&quot;&quot;,&quot;created_timestamp&quot;:&quot;0&quot;,&quot;copyright&quot;:&quot;&quot;,&quot;focal_length&quot;:&quot;0&quot;,&quot;iso&quot;:&quot;0&quot;,&quot;shutter_speed&quot;:&quot;0&quot;,&quot;title&quot;:&quot;&quot;,&quot;orientation&quot;:&quot;0&quot;}\" data-image-title=\"\" data-image-description=\"\" data-medium-file=\"https:\/\/i0.wp.com\/www.jazzzeitung.de\/cms\/wp-content\/uploads\/2019\/10\/P1526761-Exotica-Freeman-shadow-Foto-TJ-Krebs.jpg?fit=200%2C300&#038;ssl=1\" data-large-file=\"https:\/\/i0.wp.com\/www.jazzzeitung.de\/cms\/wp-content\/uploads\/2019\/10\/P1526761-Exotica-Freeman-shadow-Foto-TJ-Krebs.jpg?fit=400%2C600&#038;ssl=1\" src=\"https:\/\/i0.wp.com\/www.jazzzeitung.de\/cms\/wp-content\/uploads\/2019\/10\/P1526761-Exotica-Freeman-shadow-Foto-TJ-Krebs.jpg?w=256&#038;h=384&#038;ssl=1\" srcset=\"https:\/\/i0.wp.com\/www.jazzzeitung.de\/cms\/wp-content\/uploads\/2019\/10\/P1526761-Exotica-Freeman-shadow-Foto-TJ-Krebs.jpg?w=800&amp;ssl=1 800w, https:\/\/i0.wp.com\/www.jazzzeitung.de\/cms\/wp-content\/uploads\/2019\/10\/P1526761-Exotica-Freeman-shadow-Foto-TJ-Krebs.jpg?resize=200%2C300&amp;ssl=1 200w, https:\/\/i0.wp.com\/www.jazzzeitung.de\/cms\/wp-content\/uploads\/2019\/10\/P1526761-Exotica-Freeman-shadow-Foto-TJ-Krebs.jpg?resize=768%2C1152&amp;ssl=1 768w, https:\/\/i0.wp.com\/www.jazzzeitung.de\/cms\/wp-content\/uploads\/2019\/10\/P1526761-Exotica-Freeman-shadow-Foto-TJ-Krebs.jpg?resize=400%2C600&amp;ssl=1 400w\" width=\"256\" height=\"384\" loading=\"lazy\" data-original-width=\"256\" data-original-height=\"384\" itemprop=\"http:\/\/schema.org\/image\" title=\"\" alt=\"Chico Fremans Schatten. Foto: Thomas J. Krebs\" style=\"width: 256px; height: 384px;\" \/> <\/a> <div class=\"tiled-gallery-caption\" itemprop=\"caption description\"> Chico Fremans Schatten. Foto: Thomas J. Krebs <\/div> <\/div> <\/div> <!-- close group --> <\/div> <!-- close row --> <div class=\"gallery-row\" style=\"width: 840px; height: 418px;\" data-original-width=\"840\" data-original-height=\"418\" > <div class=\"gallery-group images-1\" style=\"width: 280px; height: 418px;\" data-original-width=\"280\" data-original-height=\"418\" > <div class=\"tiled-gallery-item tiled-gallery-item-large\" itemprop=\"associatedMedia\" itemscope itemtype=\"http:\/\/schema.org\/ImageObject\"> <a href=\"https:\/\/www.jazzzeitung.de\/cms\/2019\/10\/chico-freemans-exotica-eroeffnet-das-herbstprogramm-new-york-im-bayerischen-hof\/p1526924-exotica-kaenzig-shadow-foto-tj-krebs\/\" border=\"0\" itemprop=\"url\"> <meta itemprop=\"width\" content=\"276\"> <meta itemprop=\"height\" content=\"414\"> <img decoding=\"async\" class=\"\" data-attachment-id=\"20895\" data-orig-file=\"https:\/\/www.jazzzeitung.de\/cms\/wp-content\/uploads\/2019\/10\/P1526924-Exotica-K\u00e4nzig-shadow-Foto-TJ-Krebs.jpg\" data-orig-size=\"800,1200\" data-comments-opened=\"1\" data-image-meta=\"{&quot;aperture&quot;:&quot;0&quot;,&quot;credit&quot;:&quot;&quot;,&quot;camera&quot;:&quot;&quot;,&quot;caption&quot;:&quot;&quot;,&quot;created_timestamp&quot;:&quot;0&quot;,&quot;copyright&quot;:&quot;&quot;,&quot;focal_length&quot;:&quot;0&quot;,&quot;iso&quot;:&quot;0&quot;,&quot;shutter_speed&quot;:&quot;0&quot;,&quot;title&quot;:&quot;&quot;,&quot;orientation&quot;:&quot;0&quot;}\" data-image-title=\"\" data-image-description=\"\" data-medium-file=\"https:\/\/i0.wp.com\/www.jazzzeitung.de\/cms\/wp-content\/uploads\/2019\/10\/P1526924-Exotica-K%C3%A4nzig-shadow-Foto-TJ-Krebs.jpg?fit=200%2C300&#038;ssl=1\" data-large-file=\"https:\/\/i0.wp.com\/www.jazzzeitung.de\/cms\/wp-content\/uploads\/2019\/10\/P1526924-Exotica-K%C3%A4nzig-shadow-Foto-TJ-Krebs.jpg?fit=400%2C600&#038;ssl=1\" src=\"https:\/\/i0.wp.com\/www.jazzzeitung.de\/cms\/wp-content\/uploads\/2019\/10\/P1526924-Exotica-K%C3%A4nzig-shadow-Foto-TJ-Krebs.jpg?w=276&#038;h=414&#038;ssl=1\" width=\"276\" height=\"414\" loading=\"lazy\" data-original-width=\"276\" data-original-height=\"414\" itemprop=\"http:\/\/schema.org\/image\" title=\"\" alt=\"Exotica Trio: Heiri K\u00e4nzig als Schattenbassist. Foto: Thomas J. Krebs\" style=\"width: 276px; height: 414px;\" \/> <\/a> <div class=\"tiled-gallery-caption\" itemprop=\"caption description\"> Exotica Trio: Heiri K\u00e4nzig als Schattenbassist. Foto: Thomas J. Krebs <\/div> <\/div> <\/div> <!-- close group --> <div class=\"gallery-group images-1\" style=\"width: 280px; height: 418px;\" data-original-width=\"280\" data-original-height=\"418\" > <div class=\"tiled-gallery-item tiled-gallery-item-large\" itemprop=\"associatedMedia\" itemscope itemtype=\"http:\/\/schema.org\/ImageObject\"> <a href=\"https:\/\/www.jazzzeitung.de\/cms\/2019\/10\/chico-freemans-exotica-eroeffnet-das-herbstprogramm-new-york-im-bayerischen-hof\/p1526765-exotica-freeman-kaenzig-foto-tj-krebs\/\" border=\"0\" itemprop=\"url\"> <meta itemprop=\"width\" content=\"276\"> <meta itemprop=\"height\" content=\"414\"> <img decoding=\"async\" class=\"\" data-attachment-id=\"20892\" data-orig-file=\"https:\/\/www.jazzzeitung.de\/cms\/wp-content\/uploads\/2019\/10\/P1526765-Exotica-Freeman-K\u00e4nzig-Foto-TJ-Krebs.jpg\" data-orig-size=\"800,1200\" data-comments-opened=\"1\" data-image-meta=\"{&quot;aperture&quot;:&quot;0&quot;,&quot;credit&quot;:&quot;&quot;,&quot;camera&quot;:&quot;&quot;,&quot;caption&quot;:&quot;&quot;,&quot;created_timestamp&quot;:&quot;0&quot;,&quot;copyright&quot;:&quot;&quot;,&quot;focal_length&quot;:&quot;0&quot;,&quot;iso&quot;:&quot;0&quot;,&quot;shutter_speed&quot;:&quot;0&quot;,&quot;title&quot;:&quot;&quot;,&quot;orientation&quot;:&quot;0&quot;}\" data-image-title=\"\" data-image-description=\"\" data-medium-file=\"https:\/\/i0.wp.com\/www.jazzzeitung.de\/cms\/wp-content\/uploads\/2019\/10\/P1526765-Exotica-Freeman-K%C3%A4nzig-Foto-TJ-Krebs.jpg?fit=200%2C300&#038;ssl=1\" data-large-file=\"https:\/\/i0.wp.com\/www.jazzzeitung.de\/cms\/wp-content\/uploads\/2019\/10\/P1526765-Exotica-Freeman-K%C3%A4nzig-Foto-TJ-Krebs.jpg?fit=400%2C600&#038;ssl=1\" src=\"https:\/\/i0.wp.com\/www.jazzzeitung.de\/cms\/wp-content\/uploads\/2019\/10\/P1526765-Exotica-Freeman-K%C3%A4nzig-Foto-TJ-Krebs.jpg?w=276&#038;h=414&#038;ssl=1\" width=\"276\" height=\"414\" loading=\"lazy\" data-original-width=\"276\" data-original-height=\"414\" itemprop=\"http:\/\/schema.org\/image\" title=\"\" alt=\"Heiri K\u00e4nzig lugt ins Bild. Foto: Thomas J. Krebs\" style=\"width: 276px; height: 414px;\" \/> <\/a> <div class=\"tiled-gallery-caption\" itemprop=\"caption description\"> Heiri K\u00e4nzig lugt ins Bild. Foto: Thomas J. Krebs <\/div> <\/div> <\/div> <!-- close group --> <div class=\"gallery-group images-1\" style=\"width: 280px; height: 418px;\" data-original-width=\"280\" data-original-height=\"418\" > <div class=\"tiled-gallery-item tiled-gallery-item-large\" itemprop=\"associatedMedia\" itemscope itemtype=\"http:\/\/schema.org\/ImageObject\"> <a href=\"https:\/\/www.jazzzeitung.de\/cms\/2019\/10\/chico-freemans-exotica-eroeffnet-das-herbstprogramm-new-york-im-bayerischen-hof\/p1526755-exotica-weber-foto-tj-krebs\/\" border=\"0\" itemprop=\"url\"> <meta itemprop=\"width\" content=\"276\"> <meta itemprop=\"height\" content=\"414\"> <img decoding=\"async\" class=\"\" data-attachment-id=\"20890\" data-orig-file=\"https:\/\/www.jazzzeitung.de\/cms\/wp-content\/uploads\/2019\/10\/P1526755-Exotica-Weber-Foto-TJ-Krebs.jpg\" data-orig-size=\"800,1200\" data-comments-opened=\"1\" data-image-meta=\"{&quot;aperture&quot;:&quot;0&quot;,&quot;credit&quot;:&quot;&quot;,&quot;camera&quot;:&quot;&quot;,&quot;caption&quot;:&quot;&quot;,&quot;created_timestamp&quot;:&quot;0&quot;,&quot;copyright&quot;:&quot;&quot;,&quot;focal_length&quot;:&quot;0&quot;,&quot;iso&quot;:&quot;0&quot;,&quot;shutter_speed&quot;:&quot;0&quot;,&quot;title&quot;:&quot;&quot;,&quot;orientation&quot;:&quot;0&quot;}\" data-image-title=\"\" data-image-description=\"\" data-medium-file=\"https:\/\/i0.wp.com\/www.jazzzeitung.de\/cms\/wp-content\/uploads\/2019\/10\/P1526755-Exotica-Weber-Foto-TJ-Krebs.jpg?fit=200%2C300&#038;ssl=1\" data-large-file=\"https:\/\/i0.wp.com\/www.jazzzeitung.de\/cms\/wp-content\/uploads\/2019\/10\/P1526755-Exotica-Weber-Foto-TJ-Krebs.jpg?fit=400%2C600&#038;ssl=1\" src=\"https:\/\/i0.wp.com\/www.jazzzeitung.de\/cms\/wp-content\/uploads\/2019\/10\/P1526755-Exotica-Weber-Foto-TJ-Krebs.jpg?w=276&#038;h=414&#038;ssl=1\" srcset=\"https:\/\/i0.wp.com\/www.jazzzeitung.de\/cms\/wp-content\/uploads\/2019\/10\/P1526755-Exotica-Weber-Foto-TJ-Krebs.jpg?w=800&amp;ssl=1 800w, https:\/\/i0.wp.com\/www.jazzzeitung.de\/cms\/wp-content\/uploads\/2019\/10\/P1526755-Exotica-Weber-Foto-TJ-Krebs.jpg?resize=200%2C300&amp;ssl=1 200w, https:\/\/i0.wp.com\/www.jazzzeitung.de\/cms\/wp-content\/uploads\/2019\/10\/P1526755-Exotica-Weber-Foto-TJ-Krebs.jpg?resize=768%2C1152&amp;ssl=1 768w, https:\/\/i0.wp.com\/www.jazzzeitung.de\/cms\/wp-content\/uploads\/2019\/10\/P1526755-Exotica-Weber-Foto-TJ-Krebs.jpg?resize=400%2C600&amp;ssl=1 400w\" width=\"276\" height=\"414\" loading=\"lazy\" data-original-width=\"276\" data-original-height=\"414\" itemprop=\"http:\/\/schema.org\/image\" title=\"\" alt=\"Reto Weber. Foto: Thomas J. Krebs\" style=\"width: 276px; height: 414px;\" \/> <\/a> <div class=\"tiled-gallery-caption\" itemprop=\"caption description\"> Reto Weber. Foto: Thomas J. Krebs <\/div> <\/div> <\/div> <!-- close group --> <\/div> <!-- close row --> <\/div>\n<p>Seit Jahrzehnten geben sich internationale Stars, Gr\u00f6\u00dfen der JAZZ- &amp; LATIN-Szene die Klinke des traditionellen Nachtclubs in die Hand und auch dieser Herbst verspricht erneut musikalisch abwechslungsreiche und spannende Gigs!<\/p>\n<p>So wird am 21.10. erst einmal der legend\u00e4re Jethro Tull Gitarrist <strong>Martin Barre<\/strong> mit seiner Band den Nightclub rocken. Es folgt <strong>John Scofield <\/strong>im Duo mit<strong> Jon Cleary<\/strong> am 11.11. und als weiteres Jazz-Highlight am 19.11. <strong>Ron Carter\u2018s<\/strong> \u201eFoursight\u201c \u00a0Quartett (!), mit Renee Rosnes, Jimmy Greene und Payton Crossley. Am 26.11. gibt sich das <strong>Brooklyn Funk Ensemble<\/strong> wieder einmal die Ehre und wird den Club in gewohnter Weise in eine Jazz-, Funk- &amp; Groove-Sauna verwandeln. Am Tag darauf, dem 27.11., wird Pianist <strong>Roberto Fonseca<\/strong> mit seinem Trio eines seiner raren Konzerte geben. Dazwischen geben sich im Rahmen der Jazzreihe <strong>\u201eJazzin\u2018 the Night Club\u201c<\/strong> am 22.11. das Sextett <strong>Royal Groovin\u2018<\/strong> um den Saxophonisten und S\u00e4nger Karl Friedrich von Hohenzollern die Ehre, gefolgt vom kubanischen Jazzpianisten <strong>Ramon Valle<\/strong>, der mit seinem Trio am 06.11. im Nightclub auftreten wird.<\/p>\n<div class=\"tiled-gallery type-rectangular tiled-gallery-unresized\" data-original-width=\"840\" data-carousel-extra='{&quot;blog_id&quot;:1,&quot;permalink&quot;:&quot;https:\\\/\\\/www.jazzzeitung.de\\\/cms\\\/2019\\\/10\\\/chico-freemans-exotica-eroeffnet-das-herbstprogramm-new-york-im-bayerischen-hof\\\/&quot;,&quot;likes_blog_id&quot;:55446655}' itemscope itemtype=\"http:\/\/schema.org\/ImageGallery\" > <div class=\"gallery-row\" style=\"width: 840px; height: 388px;\" data-original-width=\"840\" data-original-height=\"388\" > <div class=\"gallery-group images-1\" style=\"width: 580px; height: 388px;\" data-original-width=\"580\" data-original-height=\"388\" > <div class=\"tiled-gallery-item tiled-gallery-item-large\" itemprop=\"associatedMedia\" itemscope itemtype=\"http:\/\/schema.org\/ImageObject\"> <a href=\"https:\/\/www.jazzzeitung.de\/cms\/2019\/10\/chico-freemans-exotica-eroeffnet-das-herbstprogramm-new-york-im-bayerischen-hof\/p1056141-ramon-valle-trio-foto-tj-krebs\/\" border=\"0\" itemprop=\"url\"> <meta itemprop=\"width\" content=\"576\"> <meta itemprop=\"height\" content=\"384\"> <img decoding=\"async\" class=\"\" data-attachment-id=\"20896\" data-orig-file=\"https:\/\/www.jazzzeitung.de\/cms\/wp-content\/uploads\/2019\/10\/P1056141-Ramon-Valle-Trio-Foto-TJ-Krebs.jpg\" data-orig-size=\"1200,800\" data-comments-opened=\"1\" data-image-meta=\"{&quot;aperture&quot;:&quot;0&quot;,&quot;credit&quot;:&quot;&quot;,&quot;camera&quot;:&quot;&quot;,&quot;caption&quot;:&quot;&quot;,&quot;created_timestamp&quot;:&quot;0&quot;,&quot;copyright&quot;:&quot;&quot;,&quot;focal_length&quot;:&quot;0&quot;,&quot;iso&quot;:&quot;0&quot;,&quot;shutter_speed&quot;:&quot;0&quot;,&quot;title&quot;:&quot;&quot;,&quot;orientation&quot;:&quot;0&quot;}\" data-image-title=\"\" data-image-description=\"\" data-medium-file=\"https:\/\/i0.wp.com\/www.jazzzeitung.de\/cms\/wp-content\/uploads\/2019\/10\/P1056141-Ramon-Valle-Trio-Foto-TJ-Krebs.jpg?fit=300%2C200&#038;ssl=1\" data-large-file=\"https:\/\/i0.wp.com\/www.jazzzeitung.de\/cms\/wp-content\/uploads\/2019\/10\/P1056141-Ramon-Valle-Trio-Foto-TJ-Krebs.jpg?fit=840%2C560&#038;ssl=1\" src=\"https:\/\/i0.wp.com\/www.jazzzeitung.de\/cms\/wp-content\/uploads\/2019\/10\/P1056141-Ramon-Valle-Trio-Foto-TJ-Krebs.jpg?w=576&#038;h=384&#038;ssl=1\" srcset=\"https:\/\/i0.wp.com\/www.jazzzeitung.de\/cms\/wp-content\/uploads\/2019\/10\/P1056141-Ramon-Valle-Trio-Foto-TJ-Krebs.jpg?w=1200&amp;ssl=1 1200w, https:\/\/i0.wp.com\/www.jazzzeitung.de\/cms\/wp-content\/uploads\/2019\/10\/P1056141-Ramon-Valle-Trio-Foto-TJ-Krebs.jpg?resize=300%2C200&amp;ssl=1 300w, https:\/\/i0.wp.com\/www.jazzzeitung.de\/cms\/wp-content\/uploads\/2019\/10\/P1056141-Ramon-Valle-Trio-Foto-TJ-Krebs.jpg?resize=768%2C512&amp;ssl=1 768w, https:\/\/i0.wp.com\/www.jazzzeitung.de\/cms\/wp-content\/uploads\/2019\/10\/P1056141-Ramon-Valle-Trio-Foto-TJ-Krebs.jpg?resize=900%2C600&amp;ssl=1 900w, https:\/\/i0.wp.com\/www.jazzzeitung.de\/cms\/wp-content\/uploads\/2019\/10\/P1056141-Ramon-Valle-Trio-Foto-TJ-Krebs.jpg?resize=120%2C80&amp;ssl=1 120w\" width=\"576\" height=\"384\" loading=\"lazy\" data-original-width=\"576\" data-original-height=\"384\" itemprop=\"http:\/\/schema.org\/image\" title=\"\" alt=\"Ramon Valle Trio. Foto: Thomas J. Krebs\" style=\"width: 576px; height: 384px;\" \/> <\/a> <div class=\"tiled-gallery-caption\" itemprop=\"caption description\"> Ramon Valle Trio. Foto: Thomas J. Krebs <\/div> <\/div> <\/div> <!-- close group --> <div class=\"gallery-group images-1\" style=\"width: 260px; height: 388px;\" data-original-width=\"260\" data-original-height=\"388\" > <div class=\"tiled-gallery-item tiled-gallery-item-large\" itemprop=\"associatedMedia\" itemscope itemtype=\"http:\/\/schema.org\/ImageObject\"> <a href=\"https:\/\/www.jazzzeitung.de\/cms\/2019\/10\/chico-freemans-exotica-eroeffnet-das-herbstprogramm-new-york-im-bayerischen-hof\/p1080970-ron-carter-foto-tj-krebs\/\" border=\"0\" itemprop=\"url\"> <meta itemprop=\"width\" content=\"256\"> <meta itemprop=\"height\" content=\"384\"> <img decoding=\"async\" class=\"\" data-attachment-id=\"20897\" data-orig-file=\"https:\/\/www.jazzzeitung.de\/cms\/wp-content\/uploads\/2019\/10\/P1080970-Ron-Carter-Foto-TJ-Krebs.jpg\" data-orig-size=\"1200,1800\" data-comments-opened=\"1\" data-image-meta=\"{&quot;aperture&quot;:&quot;0&quot;,&quot;credit&quot;:&quot;&quot;,&quot;camera&quot;:&quot;&quot;,&quot;caption&quot;:&quot;&quot;,&quot;created_timestamp&quot;:&quot;0&quot;,&quot;copyright&quot;:&quot;&quot;,&quot;focal_length&quot;:&quot;0&quot;,&quot;iso&quot;:&quot;0&quot;,&quot;shutter_speed&quot;:&quot;0&quot;,&quot;title&quot;:&quot;&quot;,&quot;orientation&quot;:&quot;0&quot;}\" data-image-title=\"\" data-image-description=\"\" data-medium-file=\"https:\/\/i0.wp.com\/www.jazzzeitung.de\/cms\/wp-content\/uploads\/2019\/10\/P1080970-Ron-Carter-Foto-TJ-Krebs.jpg?fit=200%2C300&#038;ssl=1\" data-large-file=\"https:\/\/i0.wp.com\/www.jazzzeitung.de\/cms\/wp-content\/uploads\/2019\/10\/P1080970-Ron-Carter-Foto-TJ-Krebs.jpg?fit=400%2C600&#038;ssl=1\" src=\"https:\/\/i0.wp.com\/www.jazzzeitung.de\/cms\/wp-content\/uploads\/2019\/10\/P1080970-Ron-Carter-Foto-TJ-Krebs.jpg?w=256&#038;h=384&#038;ssl=1\" srcset=\"https:\/\/i0.wp.com\/www.jazzzeitung.de\/cms\/wp-content\/uploads\/2019\/10\/P1080970-Ron-Carter-Foto-TJ-Krebs.jpg?w=1200&amp;ssl=1 1200w, https:\/\/i0.wp.com\/www.jazzzeitung.de\/cms\/wp-content\/uploads\/2019\/10\/P1080970-Ron-Carter-Foto-TJ-Krebs.jpg?resize=200%2C300&amp;ssl=1 200w, https:\/\/i0.wp.com\/www.jazzzeitung.de\/cms\/wp-content\/uploads\/2019\/10\/P1080970-Ron-Carter-Foto-TJ-Krebs.jpg?resize=768%2C1152&amp;ssl=1 768w, https:\/\/i0.wp.com\/www.jazzzeitung.de\/cms\/wp-content\/uploads\/2019\/10\/P1080970-Ron-Carter-Foto-TJ-Krebs.jpg?resize=400%2C600&amp;ssl=1 400w\" width=\"256\" height=\"384\" loading=\"lazy\" data-original-width=\"256\" data-original-height=\"384\" itemprop=\"http:\/\/schema.org\/image\" title=\"\" alt=\"Ron Carter. Foto: Thomas J. Krebs\" style=\"width: 256px; height: 384px;\" \/> <\/a> <div class=\"tiled-gallery-caption\" itemprop=\"caption description\"> Ron Carter. Foto: Thomas J. Krebs <\/div> <\/div> <\/div> <!-- close group --> <\/div> <!-- close row --> <div class=\"gallery-row\" style=\"width: 840px; height: 388px;\" data-original-width=\"840\" data-original-height=\"388\" > <div class=\"gallery-group images-1\" style=\"width: 580px; height: 388px;\" data-original-width=\"580\" data-original-height=\"388\" > <div class=\"tiled-gallery-item tiled-gallery-item-large\" itemprop=\"associatedMedia\" itemscope itemtype=\"http:\/\/schema.org\/ImageObject\"> <a href=\"https:\/\/www.jazzzeitung.de\/cms\/2019\/10\/chico-freemans-exotica-eroeffnet-das-herbstprogramm-new-york-im-bayerischen-hof\/p1150004-alison-limerick-brooklyn-funk-essentials-foto-tj-krebs\/\" border=\"0\" itemprop=\"url\"> <meta itemprop=\"width\" content=\"576\"> <meta itemprop=\"height\" content=\"384\"> <img decoding=\"async\" class=\"\" data-attachment-id=\"20898\" data-orig-file=\"https:\/\/www.jazzzeitung.de\/cms\/wp-content\/uploads\/2019\/10\/P1150004-Alison-Limerick-Brooklyn-Funk-Essentials-Foto-TJ-Krebs.jpg\" data-orig-size=\"1200,801\" data-comments-opened=\"1\" data-image-meta=\"{&quot;aperture&quot;:&quot;0&quot;,&quot;credit&quot;:&quot;&quot;,&quot;camera&quot;:&quot;&quot;,&quot;caption&quot;:&quot;&quot;,&quot;created_timestamp&quot;:&quot;0&quot;,&quot;copyright&quot;:&quot;&quot;,&quot;focal_length&quot;:&quot;0&quot;,&quot;iso&quot;:&quot;0&quot;,&quot;shutter_speed&quot;:&quot;0&quot;,&quot;title&quot;:&quot;&quot;,&quot;orientation&quot;:&quot;0&quot;}\" data-image-title=\"\" data-image-description=\"\" data-medium-file=\"https:\/\/i0.wp.com\/www.jazzzeitung.de\/cms\/wp-content\/uploads\/2019\/10\/P1150004-Alison-Limerick-Brooklyn-Funk-Essentials-Foto-TJ-Krebs.jpg?fit=300%2C200&#038;ssl=1\" data-large-file=\"https:\/\/i0.wp.com\/www.jazzzeitung.de\/cms\/wp-content\/uploads\/2019\/10\/P1150004-Alison-Limerick-Brooklyn-Funk-Essentials-Foto-TJ-Krebs.jpg?fit=840%2C560&#038;ssl=1\" src=\"https:\/\/i0.wp.com\/www.jazzzeitung.de\/cms\/wp-content\/uploads\/2019\/10\/P1150004-Alison-Limerick-Brooklyn-Funk-Essentials-Foto-TJ-Krebs.jpg?w=576&#038;h=384&#038;ssl=1\" srcset=\"https:\/\/i0.wp.com\/www.jazzzeitung.de\/cms\/wp-content\/uploads\/2019\/10\/P1150004-Alison-Limerick-Brooklyn-Funk-Essentials-Foto-TJ-Krebs.jpg?w=1200&amp;ssl=1 1200w, https:\/\/i0.wp.com\/www.jazzzeitung.de\/cms\/wp-content\/uploads\/2019\/10\/P1150004-Alison-Limerick-Brooklyn-Funk-Essentials-Foto-TJ-Krebs.jpg?resize=300%2C200&amp;ssl=1 300w, https:\/\/i0.wp.com\/www.jazzzeitung.de\/cms\/wp-content\/uploads\/2019\/10\/P1150004-Alison-Limerick-Brooklyn-Funk-Essentials-Foto-TJ-Krebs.jpg?resize=768%2C513&amp;ssl=1 768w, https:\/\/i0.wp.com\/www.jazzzeitung.de\/cms\/wp-content\/uploads\/2019\/10\/P1150004-Alison-Limerick-Brooklyn-Funk-Essentials-Foto-TJ-Krebs.jpg?resize=900%2C600&amp;ssl=1 900w, https:\/\/i0.wp.com\/www.jazzzeitung.de\/cms\/wp-content\/uploads\/2019\/10\/P1150004-Alison-Limerick-Brooklyn-Funk-Essentials-Foto-TJ-Krebs.jpg?resize=120%2C80&amp;ssl=1 120w\" width=\"576\" height=\"384\" loading=\"lazy\" data-original-width=\"576\" data-original-height=\"384\" itemprop=\"http:\/\/schema.org\/image\" title=\"\" alt=\"Alison Limerick Brooklyn Funk Essentials. Foto: Thomas J. Krebs\" style=\"width: 576px; height: 384px;\" \/> <\/a> <div class=\"tiled-gallery-caption\" itemprop=\"caption description\"> Alison Limerick Brooklyn Funk Essentials. Foto: Thomas J. Krebs <\/div> <\/div> <\/div> <!-- close group --> <div class=\"gallery-group images-1\" style=\"width: 260px; height: 388px;\" data-original-width=\"260\" data-original-height=\"388\" > <div class=\"tiled-gallery-item tiled-gallery-item-large\" itemprop=\"associatedMedia\" itemscope itemtype=\"http:\/\/schema.org\/ImageObject\"> <a href=\"https:\/\/www.jazzzeitung.de\/cms\/2019\/10\/chico-freemans-exotica-eroeffnet-das-herbstprogramm-new-york-im-bayerischen-hof\/p1211535-john-scofield-foto-tj-krebs\/\" border=\"0\" itemprop=\"url\"> <meta itemprop=\"width\" content=\"256\"> <meta itemprop=\"height\" content=\"384\"> <img decoding=\"async\" class=\"\" data-attachment-id=\"20899\" data-orig-file=\"https:\/\/www.jazzzeitung.de\/cms\/wp-content\/uploads\/2019\/10\/P1211535-John-Scofield-Foto-TJ-Krebs.jpg\" data-orig-size=\"1200,1800\" data-comments-opened=\"1\" data-image-meta=\"{&quot;aperture&quot;:&quot;0&quot;,&quot;credit&quot;:&quot;&quot;,&quot;camera&quot;:&quot;&quot;,&quot;caption&quot;:&quot;&quot;,&quot;created_timestamp&quot;:&quot;0&quot;,&quot;copyright&quot;:&quot;&quot;,&quot;focal_length&quot;:&quot;0&quot;,&quot;iso&quot;:&quot;0&quot;,&quot;shutter_speed&quot;:&quot;0&quot;,&quot;title&quot;:&quot;&quot;,&quot;orientation&quot;:&quot;0&quot;}\" data-image-title=\"\" data-image-description=\"\" data-medium-file=\"https:\/\/i0.wp.com\/www.jazzzeitung.de\/cms\/wp-content\/uploads\/2019\/10\/P1211535-John-Scofield-Foto-TJ-Krebs.jpg?fit=200%2C300&#038;ssl=1\" data-large-file=\"https:\/\/i0.wp.com\/www.jazzzeitung.de\/cms\/wp-content\/uploads\/2019\/10\/P1211535-John-Scofield-Foto-TJ-Krebs.jpg?fit=400%2C600&#038;ssl=1\" src=\"https:\/\/i0.wp.com\/www.jazzzeitung.de\/cms\/wp-content\/uploads\/2019\/10\/P1211535-John-Scofield-Foto-TJ-Krebs.jpg?w=256&#038;h=384&#038;ssl=1\" srcset=\"https:\/\/i0.wp.com\/www.jazzzeitung.de\/cms\/wp-content\/uploads\/2019\/10\/P1211535-John-Scofield-Foto-TJ-Krebs.jpg?w=1200&amp;ssl=1 1200w, https:\/\/i0.wp.com\/www.jazzzeitung.de\/cms\/wp-content\/uploads\/2019\/10\/P1211535-John-Scofield-Foto-TJ-Krebs.jpg?resize=200%2C300&amp;ssl=1 200w, https:\/\/i0.wp.com\/www.jazzzeitung.de\/cms\/wp-content\/uploads\/2019\/10\/P1211535-John-Scofield-Foto-TJ-Krebs.jpg?resize=768%2C1152&amp;ssl=1 768w, https:\/\/i0.wp.com\/www.jazzzeitung.de\/cms\/wp-content\/uploads\/2019\/10\/P1211535-John-Scofield-Foto-TJ-Krebs.jpg?resize=400%2C600&amp;ssl=1 400w\" width=\"256\" height=\"384\" loading=\"lazy\" data-original-width=\"256\" data-original-height=\"384\" itemprop=\"http:\/\/schema.org\/image\" title=\"\" alt=\"John Scofield. Foto: Thomas J. Krebs\" style=\"width: 256px; height: 384px;\" \/> <\/a> <div class=\"tiled-gallery-caption\" itemprop=\"caption description\"> John Scofield. Foto: Thomas J. Krebs <\/div> <\/div> <\/div> <!-- close group --> <\/div> <!-- close row --> <div class=\"gallery-row\" style=\"width: 840px; height: 1258px;\" data-original-width=\"840\" data-original-height=\"1258\" > <div class=\"gallery-group images-1\" style=\"width: 840px; height: 1258px;\" data-original-width=\"840\" data-original-height=\"1258\" > <div class=\"tiled-gallery-item tiled-gallery-item-large\" itemprop=\"associatedMedia\" itemscope itemtype=\"http:\/\/schema.org\/ImageObject\"> <a href=\"https:\/\/www.jazzzeitung.de\/cms\/2019\/10\/chico-freemans-exotica-eroeffnet-das-herbstprogramm-new-york-im-bayerischen-hof\/p1480148-dominic-miller-foto-tj-krebs\/\" border=\"0\" itemprop=\"url\"> <meta itemprop=\"width\" content=\"836\"> <meta itemprop=\"height\" content=\"1254\"> <img decoding=\"async\" class=\"\" data-attachment-id=\"20900\" data-orig-file=\"https:\/\/www.jazzzeitung.de\/cms\/wp-content\/uploads\/2019\/10\/P1480148-Dominic-Miller-Foto-TJ-Krebs.jpg\" data-orig-size=\"800,1200\" data-comments-opened=\"1\" data-image-meta=\"{&quot;aperture&quot;:&quot;0&quot;,&quot;credit&quot;:&quot;&quot;,&quot;camera&quot;:&quot;&quot;,&quot;caption&quot;:&quot;&quot;,&quot;created_timestamp&quot;:&quot;0&quot;,&quot;copyright&quot;:&quot;&quot;,&quot;focal_length&quot;:&quot;0&quot;,&quot;iso&quot;:&quot;0&quot;,&quot;shutter_speed&quot;:&quot;0&quot;,&quot;title&quot;:&quot;&quot;,&quot;orientation&quot;:&quot;0&quot;}\" data-image-title=\"\" data-image-description=\"\" data-medium-file=\"https:\/\/i0.wp.com\/www.jazzzeitung.de\/cms\/wp-content\/uploads\/2019\/10\/P1480148-Dominic-Miller-Foto-TJ-Krebs.jpg?fit=200%2C300&#038;ssl=1\" data-large-file=\"https:\/\/i0.wp.com\/www.jazzzeitung.de\/cms\/wp-content\/uploads\/2019\/10\/P1480148-Dominic-Miller-Foto-TJ-Krebs.jpg?fit=400%2C600&#038;ssl=1\" src=\"https:\/\/i0.wp.com\/www.jazzzeitung.de\/cms\/wp-content\/uploads\/2019\/10\/P1480148-Dominic-Miller-Foto-TJ-Krebs.jpg?w=836&#038;h=1254&#038;ssl=1\" srcset=\"https:\/\/i0.wp.com\/www.jazzzeitung.de\/cms\/wp-content\/uploads\/2019\/10\/P1480148-Dominic-Miller-Foto-TJ-Krebs.jpg?w=800&amp;ssl=1 800w, https:\/\/i0.wp.com\/www.jazzzeitung.de\/cms\/wp-content\/uploads\/2019\/10\/P1480148-Dominic-Miller-Foto-TJ-Krebs.jpg?resize=200%2C300&amp;ssl=1 200w, https:\/\/i0.wp.com\/www.jazzzeitung.de\/cms\/wp-content\/uploads\/2019\/10\/P1480148-Dominic-Miller-Foto-TJ-Krebs.jpg?resize=768%2C1152&amp;ssl=1 768w, https:\/\/i0.wp.com\/www.jazzzeitung.de\/cms\/wp-content\/uploads\/2019\/10\/P1480148-Dominic-Miller-Foto-TJ-Krebs.jpg?resize=400%2C600&amp;ssl=1 400w\" width=\"836\" height=\"1254\" loading=\"lazy\" data-original-width=\"836\" data-original-height=\"1254\" itemprop=\"http:\/\/schema.org\/image\" title=\"\" alt=\"Dominic Miller. Foto: Thomas J. Krebs\" style=\"width: 836px; height: 1254px;\" \/> <\/a> <div class=\"tiled-gallery-caption\" itemprop=\"caption description\"> Dominic Miller. Foto: Thomas J. Krebs <\/div> <\/div> <\/div> <!-- close group --> <\/div> <!-- close row --> <\/div>\n<p>Herbstdepression oder schlichtweg keinen Bock auf kalte, ungem\u00fctliche und tr\u00fcbe Tage? Dagegen hilft sofort <strong>\u201eNew York im Bayerischen Hof\u201c <\/strong>&amp;<strong> \u201eJazzin\u2018 the Night Club\u201c<\/strong> &#8211; nicht verschreibungspflichtig, aber jazztechnisch erfolgreich getestet als absolut wirksame Therapie. Zu Risiken und Nebenwirkungen lesen Sie aufmerksam das Programm, verfolgen Sie die Ank\u00fcndigungen oder fragen Sie ihren Jazzdoktor!<br \/>\n<strong><em>And there will be more to come in 2020<\/em><\/strong><strong>:<\/strong> Als erster Ausblick auf das neue Jahr wird am 18.02.2020 Dominic Miller sein dieses Fr\u00fchjahr leider aus gesundheitlichen Gr\u00fcnden abgesagtes Konzert nachholen.<\/p>\n<h3><\/h3>\n<h3>Alle Termine in der \u00dcbersicht:<\/h3>\n<p><strong>New York im Bayerischen Hof<\/strong><\/p>\n<ul>\n<li><u><a href=\"https:\/\/www.bayerischerhof.de\/de\/erleben-geniessen\/eventkalender\/barre-21-10-2019.html\">21.10.19 &#8211; THE MARTIN BARRE BAND <\/a><\/u><\/li>\n<li><u><a href=\"https:\/\/www.bayerischerhof.de\/de\/erleben-geniessen\/eventkalender\/scofield-11-11-2019.html\">11.11.19 &#8211; JOHN SCOFIELD &amp; JON CLEARY DUO <\/a><\/u><\/li>\n<li><u><a href=\"https:\/\/www.bayerischerhof.de\/de\/erleben-geniessen\/eventkalender\/carter-19-11-2019.html\">19.11.19 &#8211; RON CARTER QUARTET &#8222;FOURSIGHT&#8220; <\/a><\/u><\/li>\n<li><u><a href=\"https:\/\/www.bayerischerhof.de\/de\/erleben-geniessen\/eventkalender\/brooklyn-26-11-2019.html\">26.11.19 &#8211; BROOKLYN FUNK ESSENTIALS <\/a><\/u><\/li>\n<li><u><a href=\"https:\/\/www.bayerischerhof.de\/de\/erleben-geniessen\/eventkalender\/robertofonseca-27-11-19.html\">27.11.19 &#8211; ROBERTO FONSECA &#8211; YESUN <\/a><\/u><\/li>\n<li><u><a href=\"https:\/\/www.bayerischerhof.de\/de\/erleben-geniessen\/eventkalender\/dominic-18-2-20.html\">18.02.20 &#8211; DOMINIC MILLER BAND <\/a><\/u><\/li>\n<\/ul>\n<h3><\/h3>\n<h3>Jazzin&#8216; The Night Club<\/h3>\n<ul>\n<li><u><a href=\"https:\/\/www.bayerischerhof.de\/de\/erleben-geniessen\/eventkalender\/22-10-2019.html\">22.10.19 &#8211; ROYAL GROOVIN <\/a><\/u><\/li>\n<li><u><a href=\"https:\/\/www.bayerischerhof.de\/de\/erleben-geniessen\/eventkalender\/ramon-valle-6-11-2019.html\">06.11.19 &#8211; RAMON VALLE TRIO <\/a><\/u><\/li>\n<\/ul>\n<p>Text &amp; Fotos: Thomas J. Krebs<\/p>\n<p>Titelfoto: Exotica Trio Aufnahme<\/p>\n<p>&nbsp;<\/p>\n","protected":false},"excerpt":{"rendered":"<p>Im Rahmen der Konzertreihe \u201eNew York im Bayerischen Hof\u201c, die mittlerweile seit mehr als f\u00fcnfundzwanzig Jahren (!) im Nightclub des legend\u00e4ren M\u00fcnchner Hotels stattfindet, er\u00f6ffnete Chico Freeman\u2019s Formation \u201eExotica\u201c das diesj\u00e4hrige Herbstprogramm. Ein gelungener Auftakt letzte Woche, den Chico Freeman gemeinsam mit Heiri K\u00e4nzig am Bass und dem Ausnahmepercussionisten Reto Weber pr\u00e4sentierte. Die drei Musiker, unbestritten allesamt Meister ihres Fachs, begeisterten das Publikum mit ihren Kompositionen, vielf\u00e4ltigen Klangfarben, differenzierten Rhythmen und wunderbaren Improvisationen. Seit Jahrzehnten geben sich internationale Stars, Gr\u00f6\u00dfen der JAZZ- &amp; LATIN-Szene die Klinke des traditionellen Nachtclubs in die Hand und auch dieser Herbst verspricht erneut musikalisch abwechslungsreiche und spannende Gigs! So wird am 21.10. erst einmal der legend\u00e4re Jethro Tull Gitarrist Martin Barre mit seiner Band den Nightclub rocken. Es folgt John Scofield im Duo mit Jon Cleary am 11.11. und als weiteres Jazz-Highlight am 19.11. Ron Carter\u2018s \u201eFoursight\u201c \u00a0Quartett (!), mit Renee Rosnes, Jimmy Greene und Payton Crossley. Am 26.11. gibt sich das Brooklyn Funk Ensemble wieder einmal die Ehre und wird den Club in gewohnter Weise in eine Jazz-, Funk- &amp; Groove-Sauna verwandeln. Am Tag darauf, dem 27.11., wird Pianist &hellip;<\/p>\n","protected":false},"author":18,"featured_media":20893,"comment_status":"open","ping_status":"closed","sticky":false,"template":"","format":"standard","meta":{"_jetpack_memberships_contains_paid_content":false,"footnotes":"","jetpack_publicize_message":"","jetpack_publicize_feature_enabled":true,"jetpack_social_post_already_shared":false,"jetpack_social_options":{"image_generator_settings":{"template":"highway","default_image_id":0,"font":"","enabled":false},"version":2}},"categories":[652,633],"tags":[2660,1763,120,1557,1406,1911,1876,758,322,323,1418,904,2294,416,1965,2164,2407,1320,2139,1133,1260,1356],"coauthors":[695,1602],"class_list":["post-20887","post","type-post","status-publish","format-standard","has-post-thumbnail","hentry","category-galerie","category-nachrichten","tag-2660","tag-bass","tag-club","tag-dominic-miller","tag-duo","tag-fotos","tag-jazz","tag-john-scofield","tag-konzert-2","tag-konzerte","tag-krebs","tag-new-york","tag-new-york-im-bayerischen-hof","tag-night-club","tag-quartett","tag-ramon-valle","tag-roberto-fonseca","tag-ron-carter","tag-s","tag-scofield","tag-thomas-j-krebs","tag-trio"],"yoast_head":"<!-- This site is optimized with the Yoast SEO plugin v27.5 - https:\/\/yoast.com\/product\/yoast-seo-wordpress\/ -->\n<title>Chico Freeman\u2019s \u201eExotica\u201c er\u00f6ffnet das Herbstprogramm \u201eNew York im Bayerischen Hof\u201c - JazzZeitung<\/title>\n<meta name=\"robots\" content=\"index, follow, max-snippet:-1, max-image-preview:large, max-video-preview:-1\" \/>\n<link rel=\"canonical\" href=\"https:\/\/www.jazzzeitung.de\/cms\/2019\/10\/chico-freemans-exotica-eroeffnet-das-herbstprogramm-new-york-im-bayerischen-hof\/\" \/>\n<meta property=\"og:locale\" content=\"de_DE\" \/>\n<meta property=\"og:type\" content=\"article\" \/>\n<meta property=\"og:title\" content=\"Chico Freeman\u2019s \u201eExotica\u201c er\u00f6ffnet das Herbstprogramm \u201eNew York im Bayerischen Hof\u201c - JazzZeitung\" \/>\n<meta property=\"og:description\" content=\"Im Rahmen der Konzertreihe \u201eNew York im Bayerischen Hof\u201c, die mittlerweile seit mehr als f\u00fcnfundzwanzig Jahren (!) im Nightclub des legend\u00e4ren M\u00fcnchner Hotels stattfindet, er\u00f6ffnete Chico Freeman\u2019s Formation \u201eExotica\u201c das diesj\u00e4hrige Herbstprogramm. Ein gelungener Auftakt letzte Woche, den Chico Freeman gemeinsam mit Heiri K\u00e4nzig am Bass und dem Ausnahmepercussionisten Reto Weber pr\u00e4sentierte. Die drei Musiker, unbestritten allesamt Meister ihres Fachs, begeisterten das Publikum mit ihren Kompositionen, vielf\u00e4ltigen Klangfarben, differenzierten Rhythmen und wunderbaren Improvisationen. Seit Jahrzehnten geben sich internationale Stars, Gr\u00f6\u00dfen der JAZZ- &amp; LATIN-Szene die Klinke des traditionellen Nachtclubs in die Hand und auch dieser Herbst verspricht erneut musikalisch abwechslungsreiche und spannende Gigs! So wird am 21.10. erst einmal der legend\u00e4re Jethro Tull Gitarrist Martin Barre mit seiner Band den Nightclub rocken. Es folgt John Scofield im Duo mit Jon Cleary am 11.11. und als weiteres Jazz-Highlight am 19.11. Ron Carter\u2018s \u201eFoursight\u201c \u00a0Quartett (!), mit Renee Rosnes, Jimmy Greene und Payton Crossley. Am 26.11. gibt sich das Brooklyn Funk Ensemble wieder einmal die Ehre und wird den Club in gewohnter Weise in eine Jazz-, Funk- &amp; Groove-Sauna verwandeln. Am Tag darauf, dem 27.11., wird Pianist &hellip;\" \/>\n<meta property=\"og:url\" content=\"https:\/\/www.jazzzeitung.de\/cms\/2019\/10\/chico-freemans-exotica-eroeffnet-das-herbstprogramm-new-york-im-bayerischen-hof\/\" \/>\n<meta property=\"og:site_name\" content=\"JazzZeitung\" \/>\n<meta property=\"article:publisher\" content=\"https:\/\/www.facebook.com\/JazzZeitung\/\" \/>\n<meta property=\"article:published_time\" content=\"2019-10-16T07:25:46+00:00\" \/>\n<meta property=\"og:image\" content=\"https:\/\/i0.wp.com\/www.jazzzeitung.de\/cms\/wp-content\/uploads\/2019\/10\/P1526769-Exotica-Trio-Foto-TJ-Krebs.jpg?fit=1200%2C800&ssl=1\" \/>\n\t<meta property=\"og:image:width\" content=\"1200\" \/>\n\t<meta property=\"og:image:height\" content=\"800\" \/>\n\t<meta property=\"og:image:type\" content=\"image\/jpeg\" \/>\n<meta name=\"author\" content=\"Redaktion JazzZeitung, Thomas J. Krebs\" \/>\n<script type=\"application\/ld+json\" class=\"yoast-schema-graph\">{\"@context\":\"https:\\\/\\\/schema.org\",\"@graph\":[{\"@type\":\"Article\",\"@id\":\"https:\\\/\\\/www.jazzzeitung.de\\\/cms\\\/2019\\\/10\\\/chico-freemans-exotica-eroeffnet-das-herbstprogramm-new-york-im-bayerischen-hof\\\/#article\",\"isPartOf\":{\"@id\":\"https:\\\/\\\/www.jazzzeitung.de\\\/cms\\\/2019\\\/10\\\/chico-freemans-exotica-eroeffnet-das-herbstprogramm-new-york-im-bayerischen-hof\\\/\"},\"author\":{\"name\":\"Redaktion JazzZeitung\",\"@id\":\"https:\\\/\\\/www.jazzzeitung.de\\\/cms\\\/#\\\/schema\\\/person\\\/2245b36b9cd1d24cea10f01c031fb92b\"},\"headline\":\"Chico Freeman\u2019s \u201eExotica\u201c er\u00f6ffnet das Herbstprogramm \u201eNew York im Bayerischen Hof\u201c\",\"datePublished\":\"2019-10-16T07:25:46+00:00\",\"mainEntityOfPage\":{\"@id\":\"https:\\\/\\\/www.jazzzeitung.de\\\/cms\\\/2019\\\/10\\\/chico-freemans-exotica-eroeffnet-das-herbstprogramm-new-york-im-bayerischen-hof\\\/\"},\"wordCount\":413,\"commentCount\":0,\"publisher\":{\"@id\":\"https:\\\/\\\/www.jazzzeitung.de\\\/cms\\\/#organization\"},\"image\":{\"@id\":\"https:\\\/\\\/www.jazzzeitung.de\\\/cms\\\/2019\\\/10\\\/chico-freemans-exotica-eroeffnet-das-herbstprogramm-new-york-im-bayerischen-hof\\\/#primaryimage\"},\"thumbnailUrl\":\"https:\\\/\\\/i0.wp.com\\\/www.jazzzeitung.de\\\/cms\\\/wp-content\\\/uploads\\\/2019\\\/10\\\/P1526769-Exotica-Trio-Foto-TJ-Krebs.jpg?fit=1200%2C800&ssl=1\",\"keywords\":[\"2020\",\"Bass\",\"Club\",\"Dominic Miller\",\"duo\",\"Fotos\",\"Jazz\",\"John Scofield\",\"Konzert\",\"Konzerte\",\"krebs\",\"New York\",\"New York im Bayerischen Hof\",\"night club\",\"Quartett\",\"Ramon Valle\",\"Roberto Fonseca\",\"Ron Carter\",\"S\",\"Scofield\",\"Thomas J. Krebs\",\"trio\"],\"articleSection\":[\"Galerie\",\"News\"],\"inLanguage\":\"de\",\"potentialAction\":[{\"@type\":\"CommentAction\",\"name\":\"Comment\",\"target\":[\"https:\\\/\\\/www.jazzzeitung.de\\\/cms\\\/2019\\\/10\\\/chico-freemans-exotica-eroeffnet-das-herbstprogramm-new-york-im-bayerischen-hof\\\/#respond\"]}]},{\"@type\":\"WebPage\",\"@id\":\"https:\\\/\\\/www.jazzzeitung.de\\\/cms\\\/2019\\\/10\\\/chico-freemans-exotica-eroeffnet-das-herbstprogramm-new-york-im-bayerischen-hof\\\/\",\"url\":\"https:\\\/\\\/www.jazzzeitung.de\\\/cms\\\/2019\\\/10\\\/chico-freemans-exotica-eroeffnet-das-herbstprogramm-new-york-im-bayerischen-hof\\\/\",\"name\":\"Chico Freeman\u2019s \u201eExotica\u201c er\u00f6ffnet das Herbstprogramm \u201eNew York im Bayerischen Hof\u201c - JazzZeitung\",\"isPartOf\":{\"@id\":\"https:\\\/\\\/www.jazzzeitung.de\\\/cms\\\/#website\"},\"primaryImageOfPage\":{\"@id\":\"https:\\\/\\\/www.jazzzeitung.de\\\/cms\\\/2019\\\/10\\\/chico-freemans-exotica-eroeffnet-das-herbstprogramm-new-york-im-bayerischen-hof\\\/#primaryimage\"},\"image\":{\"@id\":\"https:\\\/\\\/www.jazzzeitung.de\\\/cms\\\/2019\\\/10\\\/chico-freemans-exotica-eroeffnet-das-herbstprogramm-new-york-im-bayerischen-hof\\\/#primaryimage\"},\"thumbnailUrl\":\"https:\\\/\\\/i0.wp.com\\\/www.jazzzeitung.de\\\/cms\\\/wp-content\\\/uploads\\\/2019\\\/10\\\/P1526769-Exotica-Trio-Foto-TJ-Krebs.jpg?fit=1200%2C800&ssl=1\",\"datePublished\":\"2019-10-16T07:25:46+00:00\",\"breadcrumb\":{\"@id\":\"https:\\\/\\\/www.jazzzeitung.de\\\/cms\\\/2019\\\/10\\\/chico-freemans-exotica-eroeffnet-das-herbstprogramm-new-york-im-bayerischen-hof\\\/#breadcrumb\"},\"inLanguage\":\"de\",\"potentialAction\":[{\"@type\":\"ReadAction\",\"target\":[\"https:\\\/\\\/www.jazzzeitung.de\\\/cms\\\/2019\\\/10\\\/chico-freemans-exotica-eroeffnet-das-herbstprogramm-new-york-im-bayerischen-hof\\\/\"]}]},{\"@type\":\"ImageObject\",\"inLanguage\":\"de\",\"@id\":\"https:\\\/\\\/www.jazzzeitung.de\\\/cms\\\/2019\\\/10\\\/chico-freemans-exotica-eroeffnet-das-herbstprogramm-new-york-im-bayerischen-hof\\\/#primaryimage\",\"url\":\"https:\\\/\\\/i0.wp.com\\\/www.jazzzeitung.de\\\/cms\\\/wp-content\\\/uploads\\\/2019\\\/10\\\/P1526769-Exotica-Trio-Foto-TJ-Krebs.jpg?fit=1200%2C800&ssl=1\",\"contentUrl\":\"https:\\\/\\\/i0.wp.com\\\/www.jazzzeitung.de\\\/cms\\\/wp-content\\\/uploads\\\/2019\\\/10\\\/P1526769-Exotica-Trio-Foto-TJ-Krebs.jpg?fit=1200%2C800&ssl=1\",\"width\":1200,\"height\":800},{\"@type\":\"BreadcrumbList\",\"@id\":\"https:\\\/\\\/www.jazzzeitung.de\\\/cms\\\/2019\\\/10\\\/chico-freemans-exotica-eroeffnet-das-herbstprogramm-new-york-im-bayerischen-hof\\\/#breadcrumb\",\"itemListElement\":[{\"@type\":\"ListItem\",\"position\":1,\"name\":\"Startseite\",\"item\":\"https:\\\/\\\/www.jazzzeitung.de\\\/cms\\\/\"},{\"@type\":\"ListItem\",\"position\":2,\"name\":\"Chico Freeman\u2019s \u201eExotica\u201c er\u00f6ffnet das Herbstprogramm \u201eNew York im Bayerischen Hof\u201c\"}]},{\"@type\":\"WebSite\",\"@id\":\"https:\\\/\\\/www.jazzzeitung.de\\\/cms\\\/#website\",\"url\":\"https:\\\/\\\/www.jazzzeitung.de\\\/cms\\\/\",\"name\":\"JazzZeitung\",\"description\":\"Jazz-News und Jazz-Kontroverses\",\"publisher\":{\"@id\":\"https:\\\/\\\/www.jazzzeitung.de\\\/cms\\\/#organization\"},\"potentialAction\":[{\"@type\":\"SearchAction\",\"target\":{\"@type\":\"EntryPoint\",\"urlTemplate\":\"https:\\\/\\\/www.jazzzeitung.de\\\/cms\\\/?s={search_term_string}\"},\"query-input\":{\"@type\":\"PropertyValueSpecification\",\"valueRequired\":true,\"valueName\":\"search_term_string\"}}],\"inLanguage\":\"de\"},{\"@type\":\"Organization\",\"@id\":\"https:\\\/\\\/www.jazzzeitung.de\\\/cms\\\/#organization\",\"name\":\"JazzZeitung online\",\"url\":\"https:\\\/\\\/www.jazzzeitung.de\\\/cms\\\/\",\"logo\":{\"@type\":\"ImageObject\",\"inLanguage\":\"de\",\"@id\":\"https:\\\/\\\/www.jazzzeitung.de\\\/cms\\\/#\\\/schema\\\/logo\\\/image\\\/\",\"url\":\"https:\\\/\\\/i0.wp.com\\\/www.jazzzeitung.de\\\/cms\\\/wp-content\\\/uploads\\\/2015\\\/08\\\/JAZZZEITUNGDE_Logo_Neu.png?fit=499%2C200&ssl=1\",\"contentUrl\":\"https:\\\/\\\/i0.wp.com\\\/www.jazzzeitung.de\\\/cms\\\/wp-content\\\/uploads\\\/2015\\\/08\\\/JAZZZEITUNGDE_Logo_Neu.png?fit=499%2C200&ssl=1\",\"width\":499,\"height\":200,\"caption\":\"JazzZeitung online\"},\"image\":{\"@id\":\"https:\\\/\\\/www.jazzzeitung.de\\\/cms\\\/#\\\/schema\\\/logo\\\/image\\\/\"},\"sameAs\":[\"https:\\\/\\\/www.facebook.com\\\/JazzZeitung\\\/\"]},{\"@type\":\"Person\",\"@id\":\"https:\\\/\\\/www.jazzzeitung.de\\\/cms\\\/#\\\/schema\\\/person\\\/2245b36b9cd1d24cea10f01c031fb92b\",\"name\":\"Redaktion JazzZeitung\",\"image\":{\"@type\":\"ImageObject\",\"inLanguage\":\"de\",\"@id\":\"https:\\\/\\\/i0.wp.com\\\/www.jazzzeitung.de\\\/cms\\\/wp-content\\\/uploads\\\/2015\\\/08\\\/JAZZZEITUNGDE_Logo_Neu.png?resize=96%2C96&ssl=159975dcacb611b5700bd619b5daf0a7a\",\"url\":\"https:\\\/\\\/i0.wp.com\\\/www.jazzzeitung.de\\\/cms\\\/wp-content\\\/uploads\\\/2015\\\/08\\\/JAZZZEITUNGDE_Logo_Neu.png?resize=96%2C96&ssl=1\",\"contentUrl\":\"https:\\\/\\\/i0.wp.com\\\/www.jazzzeitung.de\\\/cms\\\/wp-content\\\/uploads\\\/2015\\\/08\\\/JAZZZEITUNGDE_Logo_Neu.png?resize=96%2C96&ssl=1\",\"caption\":\"Redaktion JazzZeitung\"},\"description\":\"Artikel der Redaktion der JazzZeitung.\",\"sameAs\":[\"http:\\\/\\\/www.jazzzeitung.de\\\/cms\\\/\"],\"url\":\"https:\\\/\\\/www.jazzzeitung.de\\\/cms\\\/author\\\/redaktion\\\/\"}]}<\/script>\n<!-- \/ Yoast SEO plugin. -->","yoast_head_json":{"title":"Chico Freeman\u2019s \u201eExotica\u201c er\u00f6ffnet das Herbstprogramm \u201eNew York im Bayerischen Hof\u201c - JazzZeitung","robots":{"index":"index","follow":"follow","max-snippet":"max-snippet:-1","max-image-preview":"max-image-preview:large","max-video-preview":"max-video-preview:-1"},"canonical":"https:\/\/www.jazzzeitung.de\/cms\/2019\/10\/chico-freemans-exotica-eroeffnet-das-herbstprogramm-new-york-im-bayerischen-hof\/","og_locale":"de_DE","og_type":"article","og_title":"Chico Freeman\u2019s \u201eExotica\u201c er\u00f6ffnet das Herbstprogramm \u201eNew York im Bayerischen Hof\u201c - JazzZeitung","og_description":"Im Rahmen der Konzertreihe \u201eNew York im Bayerischen Hof\u201c, die mittlerweile seit mehr als f\u00fcnfundzwanzig Jahren (!) im Nightclub des legend\u00e4ren M\u00fcnchner Hotels stattfindet, er\u00f6ffnete Chico Freeman\u2019s Formation \u201eExotica\u201c das diesj\u00e4hrige Herbstprogramm. Ein gelungener Auftakt letzte Woche, den Chico Freeman gemeinsam mit Heiri K\u00e4nzig am Bass und dem Ausnahmepercussionisten Reto Weber pr\u00e4sentierte. Die drei Musiker, unbestritten allesamt Meister ihres Fachs, begeisterten das Publikum mit ihren Kompositionen, vielf\u00e4ltigen Klangfarben, differenzierten Rhythmen und wunderbaren Improvisationen. Seit Jahrzehnten geben sich internationale Stars, Gr\u00f6\u00dfen der JAZZ- &amp; LATIN-Szene die Klinke des traditionellen Nachtclubs in die Hand und auch dieser Herbst verspricht erneut musikalisch abwechslungsreiche und spannende Gigs! So wird am 21.10. erst einmal der legend\u00e4re Jethro Tull Gitarrist Martin Barre mit seiner Band den Nightclub rocken. Es folgt John Scofield im Duo mit Jon Cleary am 11.11. und als weiteres Jazz-Highlight am 19.11. Ron Carter\u2018s \u201eFoursight\u201c \u00a0Quartett (!), mit Renee Rosnes, Jimmy Greene und Payton Crossley. Am 26.11. gibt sich das Brooklyn Funk Ensemble wieder einmal die Ehre und wird den Club in gewohnter Weise in eine Jazz-, Funk- &amp; Groove-Sauna verwandeln. Am Tag darauf, dem 27.11., wird Pianist &hellip;","og_url":"https:\/\/www.jazzzeitung.de\/cms\/2019\/10\/chico-freemans-exotica-eroeffnet-das-herbstprogramm-new-york-im-bayerischen-hof\/","og_site_name":"JazzZeitung","article_publisher":"https:\/\/www.facebook.com\/JazzZeitung\/","article_published_time":"2019-10-16T07:25:46+00:00","og_image":[{"width":1200,"height":800,"url":"https:\/\/i0.wp.com\/www.jazzzeitung.de\/cms\/wp-content\/uploads\/2019\/10\/P1526769-Exotica-Trio-Foto-TJ-Krebs.jpg?fit=1200%2C800&ssl=1","type":"image\/jpeg"}],"author":"Redaktion JazzZeitung, Thomas J. Krebs","schema":{"@context":"https:\/\/schema.org","@graph":[{"@type":"Article","@id":"https:\/\/www.jazzzeitung.de\/cms\/2019\/10\/chico-freemans-exotica-eroeffnet-das-herbstprogramm-new-york-im-bayerischen-hof\/#article","isPartOf":{"@id":"https:\/\/www.jazzzeitung.de\/cms\/2019\/10\/chico-freemans-exotica-eroeffnet-das-herbstprogramm-new-york-im-bayerischen-hof\/"},"author":{"name":"Redaktion JazzZeitung","@id":"https:\/\/www.jazzzeitung.de\/cms\/#\/schema\/person\/2245b36b9cd1d24cea10f01c031fb92b"},"headline":"Chico Freeman\u2019s \u201eExotica\u201c er\u00f6ffnet das Herbstprogramm \u201eNew York im Bayerischen Hof\u201c","datePublished":"2019-10-16T07:25:46+00:00","mainEntityOfPage":{"@id":"https:\/\/www.jazzzeitung.de\/cms\/2019\/10\/chico-freemans-exotica-eroeffnet-das-herbstprogramm-new-york-im-bayerischen-hof\/"},"wordCount":413,"commentCount":0,"publisher":{"@id":"https:\/\/www.jazzzeitung.de\/cms\/#organization"},"image":{"@id":"https:\/\/www.jazzzeitung.de\/cms\/2019\/10\/chico-freemans-exotica-eroeffnet-das-herbstprogramm-new-york-im-bayerischen-hof\/#primaryimage"},"thumbnailUrl":"https:\/\/i0.wp.com\/www.jazzzeitung.de\/cms\/wp-content\/uploads\/2019\/10\/P1526769-Exotica-Trio-Foto-TJ-Krebs.jpg?fit=1200%2C800&ssl=1","keywords":["2020","Bass","Club","Dominic Miller","duo","Fotos","Jazz","John Scofield","Konzert","Konzerte","krebs","New York","New York im Bayerischen Hof","night club","Quartett","Ramon Valle","Roberto Fonseca","Ron Carter","S","Scofield","Thomas J. Krebs","trio"],"articleSection":["Galerie","News"],"inLanguage":"de","potentialAction":[{"@type":"CommentAction","name":"Comment","target":["https:\/\/www.jazzzeitung.de\/cms\/2019\/10\/chico-freemans-exotica-eroeffnet-das-herbstprogramm-new-york-im-bayerischen-hof\/#respond"]}]},{"@type":"WebPage","@id":"https:\/\/www.jazzzeitung.de\/cms\/2019\/10\/chico-freemans-exotica-eroeffnet-das-herbstprogramm-new-york-im-bayerischen-hof\/","url":"https:\/\/www.jazzzeitung.de\/cms\/2019\/10\/chico-freemans-exotica-eroeffnet-das-herbstprogramm-new-york-im-bayerischen-hof\/","name":"Chico Freeman\u2019s \u201eExotica\u201c er\u00f6ffnet das Herbstprogramm \u201eNew York im Bayerischen Hof\u201c - JazzZeitung","isPartOf":{"@id":"https:\/\/www.jazzzeitung.de\/cms\/#website"},"primaryImageOfPage":{"@id":"https:\/\/www.jazzzeitung.de\/cms\/2019\/10\/chico-freemans-exotica-eroeffnet-das-herbstprogramm-new-york-im-bayerischen-hof\/#primaryimage"},"image":{"@id":"https:\/\/www.jazzzeitung.de\/cms\/2019\/10\/chico-freemans-exotica-eroeffnet-das-herbstprogramm-new-york-im-bayerischen-hof\/#primaryimage"},"thumbnailUrl":"https:\/\/i0.wp.com\/www.jazzzeitung.de\/cms\/wp-content\/uploads\/2019\/10\/P1526769-Exotica-Trio-Foto-TJ-Krebs.jpg?fit=1200%2C800&ssl=1","datePublished":"2019-10-16T07:25:46+00:00","breadcrumb":{"@id":"https:\/\/www.jazzzeitung.de\/cms\/2019\/10\/chico-freemans-exotica-eroeffnet-das-herbstprogramm-new-york-im-bayerischen-hof\/#breadcrumb"},"inLanguage":"de","potentialAction":[{"@type":"ReadAction","target":["https:\/\/www.jazzzeitung.de\/cms\/2019\/10\/chico-freemans-exotica-eroeffnet-das-herbstprogramm-new-york-im-bayerischen-hof\/"]}]},{"@type":"ImageObject","inLanguage":"de","@id":"https:\/\/www.jazzzeitung.de\/cms\/2019\/10\/chico-freemans-exotica-eroeffnet-das-herbstprogramm-new-york-im-bayerischen-hof\/#primaryimage","url":"https:\/\/i0.wp.com\/www.jazzzeitung.de\/cms\/wp-content\/uploads\/2019\/10\/P1526769-Exotica-Trio-Foto-TJ-Krebs.jpg?fit=1200%2C800&ssl=1","contentUrl":"https:\/\/i0.wp.com\/www.jazzzeitung.de\/cms\/wp-content\/uploads\/2019\/10\/P1526769-Exotica-Trio-Foto-TJ-Krebs.jpg?fit=1200%2C800&ssl=1","width":1200,"height":800},{"@type":"BreadcrumbList","@id":"https:\/\/www.jazzzeitung.de\/cms\/2019\/10\/chico-freemans-exotica-eroeffnet-das-herbstprogramm-new-york-im-bayerischen-hof\/#breadcrumb","itemListElement":[{"@type":"ListItem","position":1,"name":"Startseite","item":"https:\/\/www.jazzzeitung.de\/cms\/"},{"@type":"ListItem","position":2,"name":"Chico Freeman\u2019s \u201eExotica\u201c er\u00f6ffnet das Herbstprogramm \u201eNew York im Bayerischen Hof\u201c"}]},{"@type":"WebSite","@id":"https:\/\/www.jazzzeitung.de\/cms\/#website","url":"https:\/\/www.jazzzeitung.de\/cms\/","name":"JazzZeitung","description":"Jazz-News und Jazz-Kontroverses","publisher":{"@id":"https:\/\/www.jazzzeitung.de\/cms\/#organization"},"potentialAction":[{"@type":"SearchAction","target":{"@type":"EntryPoint","urlTemplate":"https:\/\/www.jazzzeitung.de\/cms\/?s={search_term_string}"},"query-input":{"@type":"PropertyValueSpecification","valueRequired":true,"valueName":"search_term_string"}}],"inLanguage":"de"},{"@type":"Organization","@id":"https:\/\/www.jazzzeitung.de\/cms\/#organization","name":"JazzZeitung online","url":"https:\/\/www.jazzzeitung.de\/cms\/","logo":{"@type":"ImageObject","inLanguage":"de","@id":"https:\/\/www.jazzzeitung.de\/cms\/#\/schema\/logo\/image\/","url":"https:\/\/i0.wp.com\/www.jazzzeitung.de\/cms\/wp-content\/uploads\/2015\/08\/JAZZZEITUNGDE_Logo_Neu.png?fit=499%2C200&ssl=1","contentUrl":"https:\/\/i0.wp.com\/www.jazzzeitung.de\/cms\/wp-content\/uploads\/2015\/08\/JAZZZEITUNGDE_Logo_Neu.png?fit=499%2C200&ssl=1","width":499,"height":200,"caption":"JazzZeitung online"},"image":{"@id":"https:\/\/www.jazzzeitung.de\/cms\/#\/schema\/logo\/image\/"},"sameAs":["https:\/\/www.facebook.com\/JazzZeitung\/"]},{"@type":"Person","@id":"https:\/\/www.jazzzeitung.de\/cms\/#\/schema\/person\/2245b36b9cd1d24cea10f01c031fb92b","name":"Redaktion JazzZeitung","image":{"@type":"ImageObject","inLanguage":"de","@id":"https:\/\/i0.wp.com\/www.jazzzeitung.de\/cms\/wp-content\/uploads\/2015\/08\/JAZZZEITUNGDE_Logo_Neu.png?resize=96%2C96&ssl=159975dcacb611b5700bd619b5daf0a7a","url":"https:\/\/i0.wp.com\/www.jazzzeitung.de\/cms\/wp-content\/uploads\/2015\/08\/JAZZZEITUNGDE_Logo_Neu.png?resize=96%2C96&ssl=1","contentUrl":"https:\/\/i0.wp.com\/www.jazzzeitung.de\/cms\/wp-content\/uploads\/2015\/08\/JAZZZEITUNGDE_Logo_Neu.png?resize=96%2C96&ssl=1","caption":"Redaktion JazzZeitung"},"description":"Artikel der Redaktion der JazzZeitung.","sameAs":["http:\/\/www.jazzzeitung.de\/cms\/"],"url":"https:\/\/www.jazzzeitung.de\/cms\/author\/redaktion\/"}]}},"wp-worthy-pixel":{"ignored":false,"public":null,"server":null,"url":null},"wp-worthy-type":"normal","jetpack_publicize_connections":[],"cc_featured_image_caption":{"caption_text":"","source_text":"","source_url":""},"jetpack_featured_media_url":"https:\/\/i0.wp.com\/www.jazzzeitung.de\/cms\/wp-content\/uploads\/2019\/10\/P1526769-Exotica-Trio-Foto-TJ-Krebs.jpg?fit=1200%2C800&ssl=1","jetpack_shortlink":"https:\/\/wp.me\/p3KEcT-5qT","jetpack-related-posts":[{"id":32663,"url":"https:\/\/www.jazzzeitung.de\/cms\/2025\/06\/grosses-kinoaugsburger-jazzsommerunterfoehringer-jazz-weekendjazz-sommer-im-bayerischen-hof\/","url_meta":{"origin":20887,"position":0},"title":"+++ Gro\u00dfes Kino: +++ Augsburger Jazzsommer +++ Unterf\u00f6hringer Jazz-Weekend +++ Jazz Sommer im Bayerischen Hof","author":"Thomas J. Krebs","date":"17. Juni 2025","format":false,"excerpt":"Sommerzeit ist Festivalzeit, nicht nur im Rockbereich, sondern auch im Jazz und das hierzulande mit einer jahrzehntelangen Tradition.\u00a0 Das bedeutet gerade im Monat Juli eine pr\u00e4zise Terminplanung. Gl\u00fccklicherweise gibt es dieses Jahr wenig \u00dcberschneidungen, was die bevorstehenden Konzerte in Augsburg, Unterf\u00f6hring und M\u00fcnchen betrifft. Die Qual der Wahl hat man\u2026","rel":"","context":"In &quot;News&quot;","block_context":{"text":"News","link":"https:\/\/www.jazzzeitung.de\/cms\/thema\/nachrichten\/"},"img":{"alt_text":"","src":"https:\/\/i0.wp.com\/www.jazzzeitung.de\/cms\/wp-content\/uploads\/2025\/06\/P1188820-McBride-Foto-TJ-Krebs.jpg?fit=1200%2C833&ssl=1&resize=350%2C200","width":350,"height":200,"srcset":"https:\/\/i0.wp.com\/www.jazzzeitung.de\/cms\/wp-content\/uploads\/2025\/06\/P1188820-McBride-Foto-TJ-Krebs.jpg?fit=1200%2C833&ssl=1&resize=350%2C200 1x, https:\/\/i0.wp.com\/www.jazzzeitung.de\/cms\/wp-content\/uploads\/2025\/06\/P1188820-McBride-Foto-TJ-Krebs.jpg?fit=1200%2C833&ssl=1&resize=525%2C300 1.5x, https:\/\/i0.wp.com\/www.jazzzeitung.de\/cms\/wp-content\/uploads\/2025\/06\/P1188820-McBride-Foto-TJ-Krebs.jpg?fit=1200%2C833&ssl=1&resize=700%2C400 2x, https:\/\/i0.wp.com\/www.jazzzeitung.de\/cms\/wp-content\/uploads\/2025\/06\/P1188820-McBride-Foto-TJ-Krebs.jpg?fit=1200%2C833&ssl=1&resize=1050%2C600 3x"},"classes":[]},{"id":13162,"url":"https:\/\/www.jazzzeitung.de\/cms\/2017\/07\/bildergalerie-jazz-sommer-im-bayerischen-hof-4-das-abschlusskonzert-mit-gato-preto\/","url_meta":{"origin":20887,"position":1},"title":"Bildergalerie: Jazz Sommer im Bayerischen Hof 4 &#8211; das Abschlusskonzert mit Gato Preto","author":"Redaktion JazzZeitung","date":"29. Juli 2017","format":false,"excerpt":"Fotos von Thomas J. Krebs","rel":"","context":"In &quot;Galerie&quot;","block_context":{"text":"Galerie","link":"https:\/\/www.jazzzeitung.de\/cms\/thema\/galerie\/"},"img":{"alt_text":"","src":"https:\/\/i0.wp.com\/www.jazzzeitung.de\/cms\/wp-content\/uploads\/2017\/07\/P1480750-Gata-Misteriosa-Foto-TJ-Krebs-jazzphotoagency%40web.de_.jpg?resize=350%2C200","width":350,"height":200,"srcset":"https:\/\/i0.wp.com\/www.jazzzeitung.de\/cms\/wp-content\/uploads\/2017\/07\/P1480750-Gata-Misteriosa-Foto-TJ-Krebs-jazzphotoagency%40web.de_.jpg?resize=350%2C200 1x, https:\/\/i0.wp.com\/www.jazzzeitung.de\/cms\/wp-content\/uploads\/2017\/07\/P1480750-Gata-Misteriosa-Foto-TJ-Krebs-jazzphotoagency%40web.de_.jpg?resize=525%2C300 1.5x, https:\/\/i0.wp.com\/www.jazzzeitung.de\/cms\/wp-content\/uploads\/2017\/07\/P1480750-Gata-Misteriosa-Foto-TJ-Krebs-jazzphotoagency%40web.de_.jpg?resize=700%2C400 2x"},"classes":[]},{"id":8516,"url":"https:\/\/www.jazzzeitung.de\/cms\/2016\/02\/york-jazz-reihe-im-muenchner-bayerischen-hof\/","url_meta":{"origin":20887,"position":2},"title":"New York Jazz Reihe im M\u00fcnchner Bayerischen Hof goes on \u2026","author":"Redaktion JazzZeitung","date":"26. Februar 2016","format":false,"excerpt":"Die seit nunmehr \u00fcber 20 Jahren etablierte Konzertreihe \u201eNew York im Bayerischen Hof\u201c in M\u00fcnchen geht auch dieses Fr\u00fchjahr mit einem Top-Programm in eine neue Runde mit Jazz, Jazz-Rock-Fusion & Blues. Wieder ist es Bookerin Katarina Ehmki gelungen, ein hochkar\u00e4tiges, musikalisch abwechslungsreiches Programm, fernab des Mainstream, zu gestalten und nicht\u2026","rel":"","context":"In &quot;News&quot;","block_context":{"text":"News","link":"https:\/\/www.jazzzeitung.de\/cms\/thema\/nachrichten\/"},"img":{"alt_text":"","src":"https:\/\/i0.wp.com\/www.jazzzeitung.de\/cms\/wp-content\/uploads\/2016\/02\/P1040230-Dave-Holland-Foto-TJ-Krebs.jpg?resize=350%2C200","width":350,"height":200,"srcset":"https:\/\/i0.wp.com\/www.jazzzeitung.de\/cms\/wp-content\/uploads\/2016\/02\/P1040230-Dave-Holland-Foto-TJ-Krebs.jpg?resize=350%2C200 1x, https:\/\/i0.wp.com\/www.jazzzeitung.de\/cms\/wp-content\/uploads\/2016\/02\/P1040230-Dave-Holland-Foto-TJ-Krebs.jpg?resize=525%2C300 1.5x, https:\/\/i0.wp.com\/www.jazzzeitung.de\/cms\/wp-content\/uploads\/2016\/02\/P1040230-Dave-Holland-Foto-TJ-Krebs.jpg?resize=700%2C400 2x, https:\/\/i0.wp.com\/www.jazzzeitung.de\/cms\/wp-content\/uploads\/2016\/02\/P1040230-Dave-Holland-Foto-TJ-Krebs.jpg?resize=1050%2C600 3x, https:\/\/i0.wp.com\/www.jazzzeitung.de\/cms\/wp-content\/uploads\/2016\/02\/P1040230-Dave-Holland-Foto-TJ-Krebs.jpg?resize=1400%2C800 4x"},"classes":[]},{"id":10657,"url":"https:\/\/www.jazzzeitung.de\/cms\/2016\/10\/veteranentreff-mit-hipnessfaktor-beim-1-landesjazzfestival-bayern-in-regensburg\/","url_meta":{"origin":20887,"position":3},"title":"Veteranentreff mit Hipnessfaktor beim 1. Landesjazzfestival Bayern in Regensburg","author":"Redaktion JazzZeitung","date":"27. Oktober 2016","format":false,"excerpt":"Ein wahres Feuerwerk, um einmal die abgegriffene Metapher zu nutzen, hat der amerikanische Gitarrist John Scofield am letzten Abend des 1. Bayerischen Landes-Jazzfestivals in Regensburg abgebrannt. Im Velodrom, einem Baudenkmal, bestritt er im Quartett mit Larry Goldings (p, org), Altmeister Steve Swallow am E-Bass und Youngster Bill Stewart (dr) ein\u2026","rel":"","context":"In &quot;Bericht&quot;","block_context":{"text":"Bericht","link":"https:\/\/www.jazzzeitung.de\/cms\/thema\/bericht\/"},"img":{"alt_text":"","src":"https:\/\/i0.wp.com\/www.jazzzeitung.de\/cms\/wp-content\/uploads\/2016\/10\/Betzl-Trio_55.jpg?resize=350%2C200","width":350,"height":200,"srcset":"https:\/\/i0.wp.com\/www.jazzzeitung.de\/cms\/wp-content\/uploads\/2016\/10\/Betzl-Trio_55.jpg?resize=350%2C200 1x, https:\/\/i0.wp.com\/www.jazzzeitung.de\/cms\/wp-content\/uploads\/2016\/10\/Betzl-Trio_55.jpg?resize=525%2C300 1.5x, https:\/\/i0.wp.com\/www.jazzzeitung.de\/cms\/wp-content\/uploads\/2016\/10\/Betzl-Trio_55.jpg?resize=700%2C400 2x, https:\/\/i0.wp.com\/www.jazzzeitung.de\/cms\/wp-content\/uploads\/2016\/10\/Betzl-Trio_55.jpg?resize=1050%2C600 3x, https:\/\/i0.wp.com\/www.jazzzeitung.de\/cms\/wp-content\/uploads\/2016\/10\/Betzl-Trio_55.jpg?resize=1400%2C800 4x"},"classes":[]},{"id":10135,"url":"https:\/\/www.jazzzeitung.de\/cms\/2016\/09\/konzert-im-bayerischen-hof-mit-abdullah-ibrahim\/","url_meta":{"origin":20887,"position":4},"title":"Bildergalerie: Abdullah Ibrahim im Bayerischen Hof","author":"Redaktion JazzZeitung","date":"26. September 2016","format":false,"excerpt":"Die Fotografen Ralf Dombrowski und Thomas J. Krebs waren beim Konzert des Pianisten Abdullah Ibrahim im Bayerischen Hof in M\u00fcnchen und haben ihre Eindr\u00fccke aus verschiedenen\u00a0Perspektiven festgehalten. \u00a0 Merken","rel":"","context":"In &quot;Galerie&quot;","block_context":{"text":"Galerie","link":"https:\/\/www.jazzzeitung.de\/cms\/thema\/galerie\/"},"img":{"alt_text":"","src":"https:\/\/i0.wp.com\/www.jazzzeitung.de\/cms\/wp-content\/uploads\/2016\/09\/P1160940-Abdullah-Ibrahim-Foto-TJ-Krebs.jpg?resize=350%2C200","width":350,"height":200,"srcset":"https:\/\/i0.wp.com\/www.jazzzeitung.de\/cms\/wp-content\/uploads\/2016\/09\/P1160940-Abdullah-Ibrahim-Foto-TJ-Krebs.jpg?resize=350%2C200 1x, https:\/\/i0.wp.com\/www.jazzzeitung.de\/cms\/wp-content\/uploads\/2016\/09\/P1160940-Abdullah-Ibrahim-Foto-TJ-Krebs.jpg?resize=525%2C300 1.5x, https:\/\/i0.wp.com\/www.jazzzeitung.de\/cms\/wp-content\/uploads\/2016\/09\/P1160940-Abdullah-Ibrahim-Foto-TJ-Krebs.jpg?resize=700%2C400 2x, https:\/\/i0.wp.com\/www.jazzzeitung.de\/cms\/wp-content\/uploads\/2016\/09\/P1160940-Abdullah-Ibrahim-Foto-TJ-Krebs.jpg?resize=1050%2C600 3x, https:\/\/i0.wp.com\/www.jazzzeitung.de\/cms\/wp-content\/uploads\/2016\/09\/P1160940-Abdullah-Ibrahim-Foto-TJ-Krebs.jpg?resize=1400%2C800 4x"},"classes":[]},{"id":19307,"url":"https:\/\/www.jazzzeitung.de\/cms\/2019\/04\/news-100-konzert-der-jazzit-reihe-in-germering-night-club-im-mai-new-york-im-bayerischen-hof\/","url_meta":{"origin":20887,"position":5},"title":"+++ news +++ 100. Konzert der JazzIt! Reihe in Germering +++ Night Club im Mai: New York im Bayerischen Hof +++","author":"Redaktion JazzZeitung","date":"27. April 2019","format":false,"excerpt":"Am 6. Juni 2019 feiert die Konzertreihe \u201eJazzIt!\u201c in Germering ihr 100. Konzert mit dem israelischen Pianisten Omer Klein. Neben Modern Jazz l\u00e4sst er auch Elemente aus der traditionellen Musik seiner Heimat in seine Musik einflie\u00dfen. \u201eJazzIt!\u201c wurde 2007 von der Stadthalle Germering ins Leben gerufen. In sieben Konzerten pro\u2026","rel":"","context":"In &quot;News&quot;","block_context":{"text":"News","link":"https:\/\/www.jazzzeitung.de\/cms\/thema\/nachrichten\/"},"img":{"alt_text":"","src":"https:\/\/i0.wp.com\/www.jazzzeitung.de\/cms\/wp-content\/uploads\/2019\/04\/P1325226-sw-Cornelius-Claudio-Kreusch-Foto-TJ-Krebs-jazzphotoagency%40web.de_.jpg?fit=1200%2C800&ssl=1&resize=350%2C200","width":350,"height":200,"srcset":"https:\/\/i0.wp.com\/www.jazzzeitung.de\/cms\/wp-content\/uploads\/2019\/04\/P1325226-sw-Cornelius-Claudio-Kreusch-Foto-TJ-Krebs-jazzphotoagency%40web.de_.jpg?fit=1200%2C800&ssl=1&resize=350%2C200 1x, https:\/\/i0.wp.com\/www.jazzzeitung.de\/cms\/wp-content\/uploads\/2019\/04\/P1325226-sw-Cornelius-Claudio-Kreusch-Foto-TJ-Krebs-jazzphotoagency%40web.de_.jpg?fit=1200%2C800&ssl=1&resize=525%2C300 1.5x, https:\/\/i0.wp.com\/www.jazzzeitung.de\/cms\/wp-content\/uploads\/2019\/04\/P1325226-sw-Cornelius-Claudio-Kreusch-Foto-TJ-Krebs-jazzphotoagency%40web.de_.jpg?fit=1200%2C800&ssl=1&resize=700%2C400 2x, https:\/\/i0.wp.com\/www.jazzzeitung.de\/cms\/wp-content\/uploads\/2019\/04\/P1325226-sw-Cornelius-Claudio-Kreusch-Foto-TJ-Krebs-jazzphotoagency%40web.de_.jpg?fit=1200%2C800&ssl=1&resize=1050%2C600 3x"},"classes":[]}],"jetpack_sharing_enabled":true,"_links":{"self":[{"href":"https:\/\/www.jazzzeitung.de\/cms\/wp-json\/wp\/v2\/posts\/20887","targetHints":{"allow":["GET"]}}],"collection":[{"href":"https:\/\/www.jazzzeitung.de\/cms\/wp-json\/wp\/v2\/posts"}],"about":[{"href":"https:\/\/www.jazzzeitung.de\/cms\/wp-json\/wp\/v2\/types\/post"}],"author":[{"embeddable":true,"href":"https:\/\/www.jazzzeitung.de\/cms\/wp-json\/wp\/v2\/users\/18"}],"replies":[{"embeddable":true,"href":"https:\/\/www.jazzzeitung.de\/cms\/wp-json\/wp\/v2\/comments?post=20887"}],"version-history":[{"count":9,"href":"https:\/\/www.jazzzeitung.de\/cms\/wp-json\/wp\/v2\/posts\/20887\/revisions"}],"predecessor-version":[{"id":20910,"href":"https:\/\/www.jazzzeitung.de\/cms\/wp-json\/wp\/v2\/posts\/20887\/revisions\/20910"}],"wp:featuredmedia":[{"embeddable":true,"href":"https:\/\/www.jazzzeitung.de\/cms\/wp-json\/wp\/v2\/media\/20893"}],"wp:attachment":[{"href":"https:\/\/www.jazzzeitung.de\/cms\/wp-json\/wp\/v2\/media?parent=20887"}],"wp:term":[{"taxonomy":"category","embeddable":true,"href":"https:\/\/www.jazzzeitung.de\/cms\/wp-json\/wp\/v2\/categories?post=20887"},{"taxonomy":"post_tag","embeddable":true,"href":"https:\/\/www.jazzzeitung.de\/cms\/wp-json\/wp\/v2\/tags?post=20887"},{"taxonomy":"author","embeddable":true,"href":"https:\/\/www.jazzzeitung.de\/cms\/wp-json\/wp\/v2\/coauthors?post=20887"}],"curies":[{"name":"wp","href":"https:\/\/api.w.org\/{rel}","templated":true}]}}