{"id":20870,"date":"2019-10-12T10:52:13","date_gmt":"2019-10-12T08:52:13","guid":{"rendered":"https:\/\/www.jazzzeitung.de\/cms\/?p=20870"},"modified":"2019-10-10T14:57:46","modified_gmt":"2019-10-10T12:57:46","slug":"brian-auger-feat-liliana-de-los-reyes-spielte-im-berli-theater-in-huerth","status":"publish","type":"post","link":"https:\/\/www.jazzzeitung.de\/cms\/2019\/10\/brian-auger-feat-liliana-de-los-reyes-spielte-im-berli-theater-in-huerth\/","title":{"rendered":"Brian Auger feat. Liliana de los Reyes spielte im Berli-Theater in H\u00fcrth."},"content":{"rendered":"<p><strong>Brian Auger ist eine lebende Legende. Im stolzen Alter von 80 Jahren geht der Brite, der viel j\u00fcnger aussieht, als er ist, immer noch mit seinem Bandprojekt \u00abOblivion Express\u00bb auf Tour und ist st\u00e4ndig als musikalischer Botschafter des Jazz-Rocks unterwegs. Selten kommt er dabei aber seinen Fans so nahe wie am 1. Oktober, als er vor restlos ausverkauftem Haus im H\u00fcrther Berli-Theater zu Gast war \u2013 und das gleich im mehrfachen Sinn, denn der Jazzclub H\u00fcrth bot in Kooperation mit dem Berli nicht nur ein Konzert, sondern einen ganzen Brian-Auger-Abend mit Dokumentation und Publikumsgespr\u00e4ch.<\/strong><\/p>\n<h3><strong>Dokumentation und Publikumsgespr\u00e4ch<\/strong><\/h3>\n<p>Zum Auftakt zeigte das nostalgische Berli-Kino, das technisch auf aktuellstem Stand ist, den von Michael Maschke produzierten Film \u00abBrian Auger \u2013 Life on Tour\u00bb. Aus der Perspektive des Regisseurs, der Brian Auger seit vier Jahrzehnten pers\u00f6nlich kennt, begleitete das Publikum den legend\u00e4ren Hammond-Organisten auf seinen Tournee-Reisen: Von der Arena di Verona, wo er mit Zucchero 2018 spielte, bis hin zu Auftritten in kleineren S\u00e4len in St\u00e4dten wie Pforzheim oder Ellwangen. Anhand von historischen Filmdokumenten f\u00fchrte Maschke die Zuschauer auch zur\u00fcck in die umtriebigen Sechzigerjahre, als Auger mit Musikern wie Jerry Lee Lewis, Little Richard, Fats Domino, Rod Stewart oder Jimi Hendrix zusammenarbeitete und mit Julie Driscoll als S\u00e4ngerin das Jazz-Rock-Projekt \u00abTrinity\u00bb gr\u00fcndete. Im Gespr\u00e4ch mit Weggef\u00e4hrten wie Peter York, der Auger eine Schl\u00fcsselrolle in der Verbindung von Jazz und Rock zumisst, und in Interviewsequenzen mit Auger erz\u00e4hlt Maschke viel \u00fcber den Mann, dessen Leben das Livekonzert ist. Offene Fragen konnten die Besucher dann im anschlie\u00dfenden, von Michael Maschke moderierten Publikumsgespr\u00e4ch an Auger richten. Auger zeigte sich bestens gelaunt als humorvoller Gespr\u00e4chspartner, der munter in hinrei\u00dfendem \u201eAnglo-German\u201c plauderte und nicht immer die erwarteten, aber stets unterhaltende Antworten gab.<\/p>\n<p><a href=\"https:\/\/i0.wp.com\/www.jazzzeitung.de\/cms\/wp-content\/uploads\/2019\/10\/Brian-Auger-Berli-2.jpg?ssl=1\"><img data-recalc-dims=\"1\" loading=\"lazy\" decoding=\"async\" data-attachment-id=\"20872\" data-permalink=\"https:\/\/www.jazzzeitung.de\/cms\/2019\/10\/brian-auger-feat-liliana-de-los-reyes-spielte-im-berli-theater-in-huerth\/brian-auger-berli-2\/\" data-orig-file=\"https:\/\/i0.wp.com\/www.jazzzeitung.de\/cms\/wp-content\/uploads\/2019\/10\/Brian-Auger-Berli-2.jpg?fit=5184%2C3456&amp;ssl=1\" data-orig-size=\"5184,3456\" data-comments-opened=\"1\" data-image-meta=\"{&quot;aperture&quot;:&quot;5&quot;,&quot;credit&quot;:&quot;Picasa&quot;,&quot;camera&quot;:&quot;Canon EOS 700D&quot;,&quot;caption&quot;:&quot;&quot;,&quot;created_timestamp&quot;:&quot;1569958277&quot;,&quot;copyright&quot;:&quot;&quot;,&quot;focal_length&quot;:&quot;43&quot;,&quot;iso&quot;:&quot;3200&quot;,&quot;shutter_speed&quot;:&quot;0.02&quot;,&quot;title&quot;:&quot;&quot;,&quot;orientation&quot;:&quot;0&quot;}\" data-image-title=\"Brian Auger Berli 2\" data-image-description=\"\" data-image-caption=\"\" data-large-file=\"https:\/\/i0.wp.com\/www.jazzzeitung.de\/cms\/wp-content\/uploads\/2019\/10\/Brian-Auger-Berli-2.jpg?fit=840%2C560&amp;ssl=1\" class=\"alignleft size-full wp-image-20872\" src=\"https:\/\/i0.wp.com\/www.jazzzeitung.de\/cms\/wp-content\/uploads\/2019\/10\/Brian-Auger-Berli-2.jpg?resize=840%2C560&#038;ssl=1\" alt=\"\" width=\"840\" height=\"560\" srcset=\"https:\/\/i0.wp.com\/www.jazzzeitung.de\/cms\/wp-content\/uploads\/2019\/10\/Brian-Auger-Berli-2.jpg?w=5184&amp;ssl=1 5184w, https:\/\/i0.wp.com\/www.jazzzeitung.de\/cms\/wp-content\/uploads\/2019\/10\/Brian-Auger-Berli-2.jpg?resize=300%2C200&amp;ssl=1 300w, https:\/\/i0.wp.com\/www.jazzzeitung.de\/cms\/wp-content\/uploads\/2019\/10\/Brian-Auger-Berli-2.jpg?resize=768%2C512&amp;ssl=1 768w, https:\/\/i0.wp.com\/www.jazzzeitung.de\/cms\/wp-content\/uploads\/2019\/10\/Brian-Auger-Berli-2.jpg?resize=900%2C600&amp;ssl=1 900w, https:\/\/i0.wp.com\/www.jazzzeitung.de\/cms\/wp-content\/uploads\/2019\/10\/Brian-Auger-Berli-2.jpg?resize=120%2C80&amp;ssl=1 120w, https:\/\/i0.wp.com\/www.jazzzeitung.de\/cms\/wp-content\/uploads\/2019\/10\/Brian-Auger-Berli-2.jpg?resize=1320%2C880&amp;ssl=1 1320w, https:\/\/i0.wp.com\/www.jazzzeitung.de\/cms\/wp-content\/uploads\/2019\/10\/Brian-Auger-Berli-2.jpg?w=1680&amp;ssl=1 1680w, https:\/\/i0.wp.com\/www.jazzzeitung.de\/cms\/wp-content\/uploads\/2019\/10\/Brian-Auger-Berli-2.jpg?w=2520&amp;ssl=1 2520w\" sizes=\"auto, (max-width: 840px) 100vw, 840px\" \/><\/a><\/p>\n<h3><strong>Regelrechten Sturm ungez\u00fcgelter Energien <\/strong><\/h3>\n<p>Nach einer kurzen Pause ging es dann mit dem Konzert los. An Stelle des gesundheitlich angeschlagenen Alex Ligertwood hatte Brian Auger eine junge S\u00e4ngerin mitgebracht, die er als eine der Zukunftshoffnungen des Jazz&#8216; ank\u00fcndigte: Liliana de los Reyes. Begleitet von seinem Sohn Karma Auger (Schlagzeug) und Andreas Geck (Bass) st\u00fcrzte sich Brian Auger in die erste Nummer: Eddie Haris&#8216; \u00abFreedom Jazz Dance\u00bb lieferte sofort den typischen \u00abOblivion\u00bb-Sound, der sich im Laufe des Abends zu einem veritablen Hexensabbat steigerte. An seiner Hammond B3 beschwor Auger einen Sturm ungez\u00fcgelter Energien herauf, zitierte mit einem Augenzwinkern George Bizets \u00abCarmen\u00bb, lieferte mit flinker Fingertechnik atemberaubende L\u00e4ufe, setzte markante Harmonien, lie\u00df sein Instrument aufheulen, dr\u00f6hnen, dr\u00e4ngen und schreien. In \u00abIndian Roap Man\u00bb verwandelte sich der br\u00fcllende Orgel-Tiger in eine stampfende Rhythmus-Maschine, der Karma Auger in einem virtuosen Solo sekundierte. In Nummern wie \u00abRoad to Cairo\u00bb, \u00abSundown\u00bb oder dem Doors-Hit \u00abLight My Fire\u00bb hielt Liliana de los Reyes, was Brian Auger zu Anfang des Konzerts versprochen hatte. Mit einer enormen Ausdruckspalette und einer Stimme, die sich m\u00fchelos vom sanften Schnurren bis zum rockigen R\u00f6hren steigern konnte, bewies sich die Tochter von Walfredo Reyes als w\u00fcrdiger Ersatz f\u00fcr Ligertwood und f\u00fcgte sich nahtlos in den musikalischen Strudel, der eing\u00e4ngig und mitrei\u00dfend irgendwo zwischen 1970 und heute pulsierte.<\/p>\n<h3><strong>Starkes Signal f\u00fcr das H\u00fcrther Kulturleben<\/strong><\/h3>\n<p>Am Ende des Abends war G\u00fcnter Reiners, Vorsitzender des Jazzclubs H\u00fcrth, vollkommen begeistert: \u201eUnsere Erwartungen sind von diesem sensationellen Event \u00fcbertroffen worden. Die Kombination aus Dokumentation, Publikumsgespr\u00e4ch und Konzert hat hervorragend funktioniert. Wir haben unserem Publikum die M\u00f6glichkeit gegeben, auf Tuchf\u00fchlung mit einer lebenden Jazz-Legende zu gehen. Das ist wirklich einmalig und ein starkes Signal f\u00fcr das H\u00fcrther Kulturleben\u201c, versicherte Reiners im Gespr\u00e4ch. \u201eNat\u00fcrlich ist ein solches Projekt nur in Zusammenarbeit mit Partner wie dem Berli-Theater, dem Heimat- und Kulturverein H\u00fcrth sowie dem B\u00fcrgerhaus m\u00f6glich. Es ist wunderbar, dass wir in H\u00fcrth an einem Strang ziehen und gemeinsam zeigen: H\u00fcrth braucht nicht nur Kultur, H\u00fcrth kann auch Kultur!\u201c, so Reiners weiter.<\/p>\n","protected":false},"excerpt":{"rendered":"<p>Brian Auger ist eine lebende Legende. Im stolzen Alter von 80 Jahren geht der Brite, der viel j\u00fcnger aussieht, als er ist, immer noch mit seinem Bandprojekt \u00abOblivion Express\u00bb auf Tour und ist st\u00e4ndig als musikalischer Botschafter des Jazz-Rocks unterwegs. Selten kommt er dabei aber seinen Fans so nahe wie am 1. Oktober, als er vor restlos ausverkauftem Haus im H\u00fcrther Berli-Theater zu Gast war \u2013 und das gleich im mehrfachen Sinn, denn der Jazzclub H\u00fcrth bot in Kooperation mit dem Berli nicht nur ein Konzert, sondern einen ganzen Brian-Auger-Abend mit Dokumentation und Publikumsgespr\u00e4ch. Dokumentation und Publikumsgespr\u00e4ch Zum Auftakt zeigte das nostalgische Berli-Kino, das technisch auf aktuellstem Stand ist, den von Michael Maschke produzierten Film \u00abBrian Auger \u2013 Life on Tour\u00bb. Aus der Perspektive des Regisseurs, der Brian Auger seit vier Jahrzehnten pers\u00f6nlich kennt, begleitete das Publikum den legend\u00e4ren Hammond-Organisten auf seinen Tournee-Reisen: Von der Arena di Verona, wo er mit Zucchero 2018 spielte, bis hin zu Auftritten in kleineren S\u00e4len in St\u00e4dten wie Pforzheim oder Ellwangen. Anhand von historischen Filmdokumenten f\u00fchrte Maschke die Zuschauer auch zur\u00fcck in die umtriebigen Sechzigerjahre, als Auger mit Musikern &hellip;<\/p>\n","protected":false},"author":18,"featured_media":20873,"comment_status":"open","ping_status":"closed","sticky":false,"template":"","format":"standard","meta":{"_jetpack_memberships_contains_paid_content":false,"footnotes":"","jetpack_publicize_message":"","jetpack_publicize_feature_enabled":true,"jetpack_social_post_already_shared":false,"jetpack_social_options":{"image_generator_settings":{"template":"highway","default_image_id":0,"font":"","enabled":false},"version":2}},"categories":[1053],"tags":[1959,1763,1197,2793,1236,1351,1718,2792,1876,271,2009,928,322,327,2794,2048,1250,2139,1564,558,1095],"coauthors":[695],"class_list":["post-20870","post","type-post","status-publish","format-standard","has-post-thumbnail","hentry","category-bericht","tag-1959","tag-bass","tag-bericht","tag-brian-auger","tag-dokumentation","tag-film","tag-huerth","tag-huerther-jazzclub","tag-jazz","tag-jazzclub","tag-jazzclub-huerth","tag-jazzclubs","tag-konzert-2","tag-kultur","tag-liliana-de-los-reyes","tag-oktober","tag-rock","tag-s","tag-schlagzeug","tag-tour","tag-tournee"],"yoast_head":"<!-- This site is optimized with the Yoast SEO plugin v27.5 - https:\/\/yoast.com\/product\/yoast-seo-wordpress\/ -->\n<title>Brian Auger feat. Liliana de los Reyes spielte im Berli-Theater in H\u00fcrth. - JazzZeitung<\/title>\n<meta name=\"robots\" content=\"index, follow, max-snippet:-1, max-image-preview:large, max-video-preview:-1\" \/>\n<link rel=\"canonical\" href=\"https:\/\/www.jazzzeitung.de\/cms\/2019\/10\/brian-auger-feat-liliana-de-los-reyes-spielte-im-berli-theater-in-huerth\/\" \/>\n<meta property=\"og:locale\" content=\"de_DE\" \/>\n<meta property=\"og:type\" content=\"article\" \/>\n<meta property=\"og:title\" content=\"Brian Auger feat. Liliana de los Reyes spielte im Berli-Theater in H\u00fcrth. - JazzZeitung\" \/>\n<meta property=\"og:description\" content=\"Brian Auger ist eine lebende Legende. Im stolzen Alter von 80 Jahren geht der Brite, der viel j\u00fcnger aussieht, als er ist, immer noch mit seinem Bandprojekt \u00abOblivion Express\u00bb auf Tour und ist st\u00e4ndig als musikalischer Botschafter des Jazz-Rocks unterwegs. Selten kommt er dabei aber seinen Fans so nahe wie am 1. Oktober, als er vor restlos ausverkauftem Haus im H\u00fcrther Berli-Theater zu Gast war \u2013 und das gleich im mehrfachen Sinn, denn der Jazzclub H\u00fcrth bot in Kooperation mit dem Berli nicht nur ein Konzert, sondern einen ganzen Brian-Auger-Abend mit Dokumentation und Publikumsgespr\u00e4ch. Dokumentation und Publikumsgespr\u00e4ch Zum Auftakt zeigte das nostalgische Berli-Kino, das technisch auf aktuellstem Stand ist, den von Michael Maschke produzierten Film \u00abBrian Auger \u2013 Life on Tour\u00bb. Aus der Perspektive des Regisseurs, der Brian Auger seit vier Jahrzehnten pers\u00f6nlich kennt, begleitete das Publikum den legend\u00e4ren Hammond-Organisten auf seinen Tournee-Reisen: Von der Arena di Verona, wo er mit Zucchero 2018 spielte, bis hin zu Auftritten in kleineren S\u00e4len in St\u00e4dten wie Pforzheim oder Ellwangen. Anhand von historischen Filmdokumenten f\u00fchrte Maschke die Zuschauer auch zur\u00fcck in die umtriebigen Sechzigerjahre, als Auger mit Musikern &hellip;\" \/>\n<meta property=\"og:url\" content=\"https:\/\/www.jazzzeitung.de\/cms\/2019\/10\/brian-auger-feat-liliana-de-los-reyes-spielte-im-berli-theater-in-huerth\/\" \/>\n<meta property=\"og:site_name\" content=\"JazzZeitung\" \/>\n<meta property=\"article:publisher\" content=\"https:\/\/www.facebook.com\/JazzZeitung\/\" \/>\n<meta property=\"article:published_time\" content=\"2019-10-12T08:52:13+00:00\" \/>\n<meta property=\"og:image\" content=\"https:\/\/www.jazzzeitung.de\/cms\/wp-content\/uploads\/2019\/10\/Brian-Auger-Berli-3-900x470.jpg\" \/>\n\t<meta property=\"og:image:width\" content=\"900\" \/>\n\t<meta property=\"og:image:height\" content=\"470\" \/>\n\t<meta property=\"og:image:type\" content=\"image\/jpeg\" \/>\n<meta name=\"author\" content=\"Redaktion JazzZeitung\" \/>\n<script type=\"application\/ld+json\" class=\"yoast-schema-graph\">{\"@context\":\"https:\\\/\\\/schema.org\",\"@graph\":[{\"@type\":\"Article\",\"@id\":\"https:\\\/\\\/www.jazzzeitung.de\\\/cms\\\/2019\\\/10\\\/brian-auger-feat-liliana-de-los-reyes-spielte-im-berli-theater-in-huerth\\\/#article\",\"isPartOf\":{\"@id\":\"https:\\\/\\\/www.jazzzeitung.de\\\/cms\\\/2019\\\/10\\\/brian-auger-feat-liliana-de-los-reyes-spielte-im-berli-theater-in-huerth\\\/\"},\"author\":{\"name\":\"Redaktion JazzZeitung\",\"@id\":\"https:\\\/\\\/www.jazzzeitung.de\\\/cms\\\/#\\\/schema\\\/person\\\/2245b36b9cd1d24cea10f01c031fb92b\"},\"headline\":\"Brian Auger feat. Liliana de los Reyes spielte im Berli-Theater in H\u00fcrth.\",\"datePublished\":\"2019-10-12T08:52:13+00:00\",\"mainEntityOfPage\":{\"@id\":\"https:\\\/\\\/www.jazzzeitung.de\\\/cms\\\/2019\\\/10\\\/brian-auger-feat-liliana-de-los-reyes-spielte-im-berli-theater-in-huerth\\\/\"},\"wordCount\":678,\"commentCount\":0,\"publisher\":{\"@id\":\"https:\\\/\\\/www.jazzzeitung.de\\\/cms\\\/#organization\"},\"image\":{\"@id\":\"https:\\\/\\\/www.jazzzeitung.de\\\/cms\\\/2019\\\/10\\\/brian-auger-feat-liliana-de-los-reyes-spielte-im-berli-theater-in-huerth\\\/#primaryimage\"},\"thumbnailUrl\":\"https:\\\/\\\/i0.wp.com\\\/www.jazzzeitung.de\\\/cms\\\/wp-content\\\/uploads\\\/2019\\\/10\\\/Brian-Auger-Berli-3.jpg?fit=3861%2C2015&ssl=1\",\"keywords\":[\"2018\",\"Bass\",\"Bericht\",\"Brian Auger\",\"Dokumentation\",\"Film\",\"H\u00fcrth\",\"H\u00fcrther Jazzclub\",\"Jazz\",\"Jazzclub\",\"Jazzclub H\u00fcrth\",\"Jazzclubs\",\"Konzert\",\"Kultur\",\"Liliana de los Reyes\",\"Oktober\",\"Rock\",\"S\",\"Schlagzeug\",\"Tour\",\"Tournee\"],\"articleSection\":[\"Bericht\"],\"inLanguage\":\"de\",\"potentialAction\":[{\"@type\":\"CommentAction\",\"name\":\"Comment\",\"target\":[\"https:\\\/\\\/www.jazzzeitung.de\\\/cms\\\/2019\\\/10\\\/brian-auger-feat-liliana-de-los-reyes-spielte-im-berli-theater-in-huerth\\\/#respond\"]}]},{\"@type\":\"WebPage\",\"@id\":\"https:\\\/\\\/www.jazzzeitung.de\\\/cms\\\/2019\\\/10\\\/brian-auger-feat-liliana-de-los-reyes-spielte-im-berli-theater-in-huerth\\\/\",\"url\":\"https:\\\/\\\/www.jazzzeitung.de\\\/cms\\\/2019\\\/10\\\/brian-auger-feat-liliana-de-los-reyes-spielte-im-berli-theater-in-huerth\\\/\",\"name\":\"Brian Auger feat. Liliana de los Reyes spielte im Berli-Theater in H\u00fcrth. - JazzZeitung\",\"isPartOf\":{\"@id\":\"https:\\\/\\\/www.jazzzeitung.de\\\/cms\\\/#website\"},\"primaryImageOfPage\":{\"@id\":\"https:\\\/\\\/www.jazzzeitung.de\\\/cms\\\/2019\\\/10\\\/brian-auger-feat-liliana-de-los-reyes-spielte-im-berli-theater-in-huerth\\\/#primaryimage\"},\"image\":{\"@id\":\"https:\\\/\\\/www.jazzzeitung.de\\\/cms\\\/2019\\\/10\\\/brian-auger-feat-liliana-de-los-reyes-spielte-im-berli-theater-in-huerth\\\/#primaryimage\"},\"thumbnailUrl\":\"https:\\\/\\\/i0.wp.com\\\/www.jazzzeitung.de\\\/cms\\\/wp-content\\\/uploads\\\/2019\\\/10\\\/Brian-Auger-Berli-3.jpg?fit=3861%2C2015&ssl=1\",\"datePublished\":\"2019-10-12T08:52:13+00:00\",\"breadcrumb\":{\"@id\":\"https:\\\/\\\/www.jazzzeitung.de\\\/cms\\\/2019\\\/10\\\/brian-auger-feat-liliana-de-los-reyes-spielte-im-berli-theater-in-huerth\\\/#breadcrumb\"},\"inLanguage\":\"de\",\"potentialAction\":[{\"@type\":\"ReadAction\",\"target\":[\"https:\\\/\\\/www.jazzzeitung.de\\\/cms\\\/2019\\\/10\\\/brian-auger-feat-liliana-de-los-reyes-spielte-im-berli-theater-in-huerth\\\/\"]}]},{\"@type\":\"ImageObject\",\"inLanguage\":\"de\",\"@id\":\"https:\\\/\\\/www.jazzzeitung.de\\\/cms\\\/2019\\\/10\\\/brian-auger-feat-liliana-de-los-reyes-spielte-im-berli-theater-in-huerth\\\/#primaryimage\",\"url\":\"https:\\\/\\\/i0.wp.com\\\/www.jazzzeitung.de\\\/cms\\\/wp-content\\\/uploads\\\/2019\\\/10\\\/Brian-Auger-Berli-3.jpg?fit=3861%2C2015&ssl=1\",\"contentUrl\":\"https:\\\/\\\/i0.wp.com\\\/www.jazzzeitung.de\\\/cms\\\/wp-content\\\/uploads\\\/2019\\\/10\\\/Brian-Auger-Berli-3.jpg?fit=3861%2C2015&ssl=1\",\"width\":3861,\"height\":2015,\"caption\":\"SONY DSC\"},{\"@type\":\"BreadcrumbList\",\"@id\":\"https:\\\/\\\/www.jazzzeitung.de\\\/cms\\\/2019\\\/10\\\/brian-auger-feat-liliana-de-los-reyes-spielte-im-berli-theater-in-huerth\\\/#breadcrumb\",\"itemListElement\":[{\"@type\":\"ListItem\",\"position\":1,\"name\":\"Startseite\",\"item\":\"https:\\\/\\\/www.jazzzeitung.de\\\/cms\\\/\"},{\"@type\":\"ListItem\",\"position\":2,\"name\":\"Brian Auger feat. Liliana de los Reyes spielte im Berli-Theater in H\u00fcrth.\"}]},{\"@type\":\"WebSite\",\"@id\":\"https:\\\/\\\/www.jazzzeitung.de\\\/cms\\\/#website\",\"url\":\"https:\\\/\\\/www.jazzzeitung.de\\\/cms\\\/\",\"name\":\"JazzZeitung\",\"description\":\"Jazz-News und Jazz-Kontroverses\",\"publisher\":{\"@id\":\"https:\\\/\\\/www.jazzzeitung.de\\\/cms\\\/#organization\"},\"potentialAction\":[{\"@type\":\"SearchAction\",\"target\":{\"@type\":\"EntryPoint\",\"urlTemplate\":\"https:\\\/\\\/www.jazzzeitung.de\\\/cms\\\/?s={search_term_string}\"},\"query-input\":{\"@type\":\"PropertyValueSpecification\",\"valueRequired\":true,\"valueName\":\"search_term_string\"}}],\"inLanguage\":\"de\"},{\"@type\":\"Organization\",\"@id\":\"https:\\\/\\\/www.jazzzeitung.de\\\/cms\\\/#organization\",\"name\":\"JazzZeitung online\",\"url\":\"https:\\\/\\\/www.jazzzeitung.de\\\/cms\\\/\",\"logo\":{\"@type\":\"ImageObject\",\"inLanguage\":\"de\",\"@id\":\"https:\\\/\\\/www.jazzzeitung.de\\\/cms\\\/#\\\/schema\\\/logo\\\/image\\\/\",\"url\":\"https:\\\/\\\/i0.wp.com\\\/www.jazzzeitung.de\\\/cms\\\/wp-content\\\/uploads\\\/2015\\\/08\\\/JAZZZEITUNGDE_Logo_Neu.png?fit=499%2C200&ssl=1\",\"contentUrl\":\"https:\\\/\\\/i0.wp.com\\\/www.jazzzeitung.de\\\/cms\\\/wp-content\\\/uploads\\\/2015\\\/08\\\/JAZZZEITUNGDE_Logo_Neu.png?fit=499%2C200&ssl=1\",\"width\":499,\"height\":200,\"caption\":\"JazzZeitung online\"},\"image\":{\"@id\":\"https:\\\/\\\/www.jazzzeitung.de\\\/cms\\\/#\\\/schema\\\/logo\\\/image\\\/\"},\"sameAs\":[\"https:\\\/\\\/www.facebook.com\\\/JazzZeitung\\\/\"]},{\"@type\":\"Person\",\"@id\":\"https:\\\/\\\/www.jazzzeitung.de\\\/cms\\\/#\\\/schema\\\/person\\\/2245b36b9cd1d24cea10f01c031fb92b\",\"name\":\"Redaktion JazzZeitung\",\"image\":{\"@type\":\"ImageObject\",\"inLanguage\":\"de\",\"@id\":\"https:\\\/\\\/i0.wp.com\\\/www.jazzzeitung.de\\\/cms\\\/wp-content\\\/uploads\\\/2015\\\/08\\\/JAZZZEITUNGDE_Logo_Neu.png?resize=96%2C96&ssl=159975dcacb611b5700bd619b5daf0a7a\",\"url\":\"https:\\\/\\\/i0.wp.com\\\/www.jazzzeitung.de\\\/cms\\\/wp-content\\\/uploads\\\/2015\\\/08\\\/JAZZZEITUNGDE_Logo_Neu.png?resize=96%2C96&ssl=1\",\"contentUrl\":\"https:\\\/\\\/i0.wp.com\\\/www.jazzzeitung.de\\\/cms\\\/wp-content\\\/uploads\\\/2015\\\/08\\\/JAZZZEITUNGDE_Logo_Neu.png?resize=96%2C96&ssl=1\",\"caption\":\"Redaktion JazzZeitung\"},\"description\":\"Artikel der Redaktion der JazzZeitung.\",\"sameAs\":[\"http:\\\/\\\/www.jazzzeitung.de\\\/cms\\\/\"],\"url\":\"https:\\\/\\\/www.jazzzeitung.de\\\/cms\\\/author\\\/redaktion\\\/\"}]}<\/script>\n<!-- \/ Yoast SEO plugin. -->","yoast_head_json":{"title":"Brian Auger feat. Liliana de los Reyes spielte im Berli-Theater in H\u00fcrth. - JazzZeitung","robots":{"index":"index","follow":"follow","max-snippet":"max-snippet:-1","max-image-preview":"max-image-preview:large","max-video-preview":"max-video-preview:-1"},"canonical":"https:\/\/www.jazzzeitung.de\/cms\/2019\/10\/brian-auger-feat-liliana-de-los-reyes-spielte-im-berli-theater-in-huerth\/","og_locale":"de_DE","og_type":"article","og_title":"Brian Auger feat. Liliana de los Reyes spielte im Berli-Theater in H\u00fcrth. - JazzZeitung","og_description":"Brian Auger ist eine lebende Legende. Im stolzen Alter von 80 Jahren geht der Brite, der viel j\u00fcnger aussieht, als er ist, immer noch mit seinem Bandprojekt \u00abOblivion Express\u00bb auf Tour und ist st\u00e4ndig als musikalischer Botschafter des Jazz-Rocks unterwegs. Selten kommt er dabei aber seinen Fans so nahe wie am 1. Oktober, als er vor restlos ausverkauftem Haus im H\u00fcrther Berli-Theater zu Gast war \u2013 und das gleich im mehrfachen Sinn, denn der Jazzclub H\u00fcrth bot in Kooperation mit dem Berli nicht nur ein Konzert, sondern einen ganzen Brian-Auger-Abend mit Dokumentation und Publikumsgespr\u00e4ch. Dokumentation und Publikumsgespr\u00e4ch Zum Auftakt zeigte das nostalgische Berli-Kino, das technisch auf aktuellstem Stand ist, den von Michael Maschke produzierten Film \u00abBrian Auger \u2013 Life on Tour\u00bb. Aus der Perspektive des Regisseurs, der Brian Auger seit vier Jahrzehnten pers\u00f6nlich kennt, begleitete das Publikum den legend\u00e4ren Hammond-Organisten auf seinen Tournee-Reisen: Von der Arena di Verona, wo er mit Zucchero 2018 spielte, bis hin zu Auftritten in kleineren S\u00e4len in St\u00e4dten wie Pforzheim oder Ellwangen. Anhand von historischen Filmdokumenten f\u00fchrte Maschke die Zuschauer auch zur\u00fcck in die umtriebigen Sechzigerjahre, als Auger mit Musikern &hellip;","og_url":"https:\/\/www.jazzzeitung.de\/cms\/2019\/10\/brian-auger-feat-liliana-de-los-reyes-spielte-im-berli-theater-in-huerth\/","og_site_name":"JazzZeitung","article_publisher":"https:\/\/www.facebook.com\/JazzZeitung\/","article_published_time":"2019-10-12T08:52:13+00:00","og_image":[{"width":900,"height":470,"url":"https:\/\/www.jazzzeitung.de\/cms\/wp-content\/uploads\/2019\/10\/Brian-Auger-Berli-3-900x470.jpg","type":"image\/jpeg"}],"author":"Redaktion JazzZeitung","schema":{"@context":"https:\/\/schema.org","@graph":[{"@type":"Article","@id":"https:\/\/www.jazzzeitung.de\/cms\/2019\/10\/brian-auger-feat-liliana-de-los-reyes-spielte-im-berli-theater-in-huerth\/#article","isPartOf":{"@id":"https:\/\/www.jazzzeitung.de\/cms\/2019\/10\/brian-auger-feat-liliana-de-los-reyes-spielte-im-berli-theater-in-huerth\/"},"author":{"name":"Redaktion JazzZeitung","@id":"https:\/\/www.jazzzeitung.de\/cms\/#\/schema\/person\/2245b36b9cd1d24cea10f01c031fb92b"},"headline":"Brian Auger feat. Liliana de los Reyes spielte im Berli-Theater in H\u00fcrth.","datePublished":"2019-10-12T08:52:13+00:00","mainEntityOfPage":{"@id":"https:\/\/www.jazzzeitung.de\/cms\/2019\/10\/brian-auger-feat-liliana-de-los-reyes-spielte-im-berli-theater-in-huerth\/"},"wordCount":678,"commentCount":0,"publisher":{"@id":"https:\/\/www.jazzzeitung.de\/cms\/#organization"},"image":{"@id":"https:\/\/www.jazzzeitung.de\/cms\/2019\/10\/brian-auger-feat-liliana-de-los-reyes-spielte-im-berli-theater-in-huerth\/#primaryimage"},"thumbnailUrl":"https:\/\/i0.wp.com\/www.jazzzeitung.de\/cms\/wp-content\/uploads\/2019\/10\/Brian-Auger-Berli-3.jpg?fit=3861%2C2015&ssl=1","keywords":["2018","Bass","Bericht","Brian Auger","Dokumentation","Film","H\u00fcrth","H\u00fcrther Jazzclub","Jazz","Jazzclub","Jazzclub H\u00fcrth","Jazzclubs","Konzert","Kultur","Liliana de los Reyes","Oktober","Rock","S","Schlagzeug","Tour","Tournee"],"articleSection":["Bericht"],"inLanguage":"de","potentialAction":[{"@type":"CommentAction","name":"Comment","target":["https:\/\/www.jazzzeitung.de\/cms\/2019\/10\/brian-auger-feat-liliana-de-los-reyes-spielte-im-berli-theater-in-huerth\/#respond"]}]},{"@type":"WebPage","@id":"https:\/\/www.jazzzeitung.de\/cms\/2019\/10\/brian-auger-feat-liliana-de-los-reyes-spielte-im-berli-theater-in-huerth\/","url":"https:\/\/www.jazzzeitung.de\/cms\/2019\/10\/brian-auger-feat-liliana-de-los-reyes-spielte-im-berli-theater-in-huerth\/","name":"Brian Auger feat. Liliana de los Reyes spielte im Berli-Theater in H\u00fcrth. - JazzZeitung","isPartOf":{"@id":"https:\/\/www.jazzzeitung.de\/cms\/#website"},"primaryImageOfPage":{"@id":"https:\/\/www.jazzzeitung.de\/cms\/2019\/10\/brian-auger-feat-liliana-de-los-reyes-spielte-im-berli-theater-in-huerth\/#primaryimage"},"image":{"@id":"https:\/\/www.jazzzeitung.de\/cms\/2019\/10\/brian-auger-feat-liliana-de-los-reyes-spielte-im-berli-theater-in-huerth\/#primaryimage"},"thumbnailUrl":"https:\/\/i0.wp.com\/www.jazzzeitung.de\/cms\/wp-content\/uploads\/2019\/10\/Brian-Auger-Berli-3.jpg?fit=3861%2C2015&ssl=1","datePublished":"2019-10-12T08:52:13+00:00","breadcrumb":{"@id":"https:\/\/www.jazzzeitung.de\/cms\/2019\/10\/brian-auger-feat-liliana-de-los-reyes-spielte-im-berli-theater-in-huerth\/#breadcrumb"},"inLanguage":"de","potentialAction":[{"@type":"ReadAction","target":["https:\/\/www.jazzzeitung.de\/cms\/2019\/10\/brian-auger-feat-liliana-de-los-reyes-spielte-im-berli-theater-in-huerth\/"]}]},{"@type":"ImageObject","inLanguage":"de","@id":"https:\/\/www.jazzzeitung.de\/cms\/2019\/10\/brian-auger-feat-liliana-de-los-reyes-spielte-im-berli-theater-in-huerth\/#primaryimage","url":"https:\/\/i0.wp.com\/www.jazzzeitung.de\/cms\/wp-content\/uploads\/2019\/10\/Brian-Auger-Berli-3.jpg?fit=3861%2C2015&ssl=1","contentUrl":"https:\/\/i0.wp.com\/www.jazzzeitung.de\/cms\/wp-content\/uploads\/2019\/10\/Brian-Auger-Berli-3.jpg?fit=3861%2C2015&ssl=1","width":3861,"height":2015,"caption":"SONY DSC"},{"@type":"BreadcrumbList","@id":"https:\/\/www.jazzzeitung.de\/cms\/2019\/10\/brian-auger-feat-liliana-de-los-reyes-spielte-im-berli-theater-in-huerth\/#breadcrumb","itemListElement":[{"@type":"ListItem","position":1,"name":"Startseite","item":"https:\/\/www.jazzzeitung.de\/cms\/"},{"@type":"ListItem","position":2,"name":"Brian Auger feat. Liliana de los Reyes spielte im Berli-Theater in H\u00fcrth."}]},{"@type":"WebSite","@id":"https:\/\/www.jazzzeitung.de\/cms\/#website","url":"https:\/\/www.jazzzeitung.de\/cms\/","name":"JazzZeitung","description":"Jazz-News und Jazz-Kontroverses","publisher":{"@id":"https:\/\/www.jazzzeitung.de\/cms\/#organization"},"potentialAction":[{"@type":"SearchAction","target":{"@type":"EntryPoint","urlTemplate":"https:\/\/www.jazzzeitung.de\/cms\/?s={search_term_string}"},"query-input":{"@type":"PropertyValueSpecification","valueRequired":true,"valueName":"search_term_string"}}],"inLanguage":"de"},{"@type":"Organization","@id":"https:\/\/www.jazzzeitung.de\/cms\/#organization","name":"JazzZeitung online","url":"https:\/\/www.jazzzeitung.de\/cms\/","logo":{"@type":"ImageObject","inLanguage":"de","@id":"https:\/\/www.jazzzeitung.de\/cms\/#\/schema\/logo\/image\/","url":"https:\/\/i0.wp.com\/www.jazzzeitung.de\/cms\/wp-content\/uploads\/2015\/08\/JAZZZEITUNGDE_Logo_Neu.png?fit=499%2C200&ssl=1","contentUrl":"https:\/\/i0.wp.com\/www.jazzzeitung.de\/cms\/wp-content\/uploads\/2015\/08\/JAZZZEITUNGDE_Logo_Neu.png?fit=499%2C200&ssl=1","width":499,"height":200,"caption":"JazzZeitung online"},"image":{"@id":"https:\/\/www.jazzzeitung.de\/cms\/#\/schema\/logo\/image\/"},"sameAs":["https:\/\/www.facebook.com\/JazzZeitung\/"]},{"@type":"Person","@id":"https:\/\/www.jazzzeitung.de\/cms\/#\/schema\/person\/2245b36b9cd1d24cea10f01c031fb92b","name":"Redaktion JazzZeitung","image":{"@type":"ImageObject","inLanguage":"de","@id":"https:\/\/i0.wp.com\/www.jazzzeitung.de\/cms\/wp-content\/uploads\/2015\/08\/JAZZZEITUNGDE_Logo_Neu.png?resize=96%2C96&ssl=159975dcacb611b5700bd619b5daf0a7a","url":"https:\/\/i0.wp.com\/www.jazzzeitung.de\/cms\/wp-content\/uploads\/2015\/08\/JAZZZEITUNGDE_Logo_Neu.png?resize=96%2C96&ssl=1","contentUrl":"https:\/\/i0.wp.com\/www.jazzzeitung.de\/cms\/wp-content\/uploads\/2015\/08\/JAZZZEITUNGDE_Logo_Neu.png?resize=96%2C96&ssl=1","caption":"Redaktion JazzZeitung"},"description":"Artikel der Redaktion der JazzZeitung.","sameAs":["http:\/\/www.jazzzeitung.de\/cms\/"],"url":"https:\/\/www.jazzzeitung.de\/cms\/author\/redaktion\/"}]}},"wp-worthy-pixel":{"ignored":false,"public":null,"server":null,"url":null},"wp-worthy-type":"normal","jetpack_publicize_connections":[],"cc_featured_image_caption":{"caption_text":"","source_text":"","source_url":""},"jetpack_featured_media_url":"https:\/\/i0.wp.com\/www.jazzzeitung.de\/cms\/wp-content\/uploads\/2019\/10\/Brian-Auger-Berli-3.jpg?fit=3861%2C2015&ssl=1","jetpack_shortlink":"https:\/\/wp.me\/p3KEcT-5qC","jetpack-related-posts":[{"id":13054,"url":"https:\/\/www.jazzzeitung.de\/cms\/2017\/07\/rock-meets-jazz-im-berli-kino-in-huerth\/","url_meta":{"origin":20870,"position":0},"title":"Rock Meets Jazz im Berli Kino in H\u00fcrth","author":"Redaktion JazzZeitung","date":"17. Juli 2017","format":false,"excerpt":"Gleich vier Bands wollen bei \u201eROCK meets JAZZ\u201c im Berli Kino die Grenzen zwischen den Stilrichtungen \u00fcberwinden: Oslo, Max Schrebb Coverband, Pangea Ultra und The Dude's Quartett. \u201eDie Musik verbindet uns und deshalb wollen wir das Experiment wagen und \u00fcber die Stilrichtungen hinweg junge Musiker zusammen bringen.\u201c erl\u00e4utert G\u00fcnter Reiners,\u2026","rel":"","context":"In &quot;News&quot;","block_context":{"text":"News","link":"https:\/\/www.jazzzeitung.de\/cms\/thema\/nachrichten\/"},"img":{"alt_text":"","src":"https:\/\/i0.wp.com\/www.jazzzeitung.de\/cms\/wp-content\/uploads\/2017\/07\/Pangea-Ultima-f%C3%BCr-PM-%C2%AEPollert-150x150.jpg?resize=350%2C200&ssl=1","width":350,"height":200},"classes":[]},{"id":22838,"url":"https:\/\/www.jazzzeitung.de\/cms\/2020\/06\/newsbrazzooka-gibt-konzert-im-raven-straubingjazzclub-huerth-mit-huerthsuedtirol-festival-merano-als-eins-der-ersten-festivals\/","url_meta":{"origin":20870,"position":1},"title":"news+++Brazzooka im Raven Straubing+++Jazzclub H\u00fcrth mit #H\u00dcRTH+++","author":"Redaktion JazzZeitung","date":"25. Juni 2020","format":false,"excerpt":"Erstes Indoor- Konzert im Straubinger Musikclub Raven seit Langem Die Funk- und Soul-Combo BRAZZOOKA gibt heute Abend das erste Konzert mit Publikum im Straubinger Musikclub Raven. Die neunk\u00f6pfige Band aus dem Raum Regensburg bewegt sich stilsicher durch mehr als f\u00fcnf Jahrzehnte einschl\u00e4giger Musikgeschichte: Im Repertoire finden sich Titel von Tower\u2026","rel":"","context":"In &quot;News&quot;","block_context":{"text":"News","link":"https:\/\/www.jazzzeitung.de\/cms\/thema\/nachrichten\/"},"img":{"alt_text":"","src":"https:\/\/i0.wp.com\/www.jazzzeitung.de\/cms\/wp-content\/uploads\/2020\/06\/Brazzooka-Landshut-%C2%A9Stefan-Freytag.jpg?fit=1200%2C800&ssl=1&resize=350%2C200","width":350,"height":200,"srcset":"https:\/\/i0.wp.com\/www.jazzzeitung.de\/cms\/wp-content\/uploads\/2020\/06\/Brazzooka-Landshut-%C2%A9Stefan-Freytag.jpg?fit=1200%2C800&ssl=1&resize=350%2C200 1x, https:\/\/i0.wp.com\/www.jazzzeitung.de\/cms\/wp-content\/uploads\/2020\/06\/Brazzooka-Landshut-%C2%A9Stefan-Freytag.jpg?fit=1200%2C800&ssl=1&resize=525%2C300 1.5x, https:\/\/i0.wp.com\/www.jazzzeitung.de\/cms\/wp-content\/uploads\/2020\/06\/Brazzooka-Landshut-%C2%A9Stefan-Freytag.jpg?fit=1200%2C800&ssl=1&resize=700%2C400 2x, https:\/\/i0.wp.com\/www.jazzzeitung.de\/cms\/wp-content\/uploads\/2020\/06\/Brazzooka-Landshut-%C2%A9Stefan-Freytag.jpg?fit=1200%2C800&ssl=1&resize=1050%2C600 3x"},"classes":[]},{"id":32266,"url":"https:\/\/www.jazzzeitung.de\/cms\/2025\/02\/jazzkonzert-mit-dom-town-und-spendenaktion-in-huerth\/","url_meta":{"origin":20870,"position":2},"title":"Jazzkonzert mit Dom Town Seven und Spendenaktion in H\u00fcrth","author":"Redaktion JazzZeitung","date":"26. Februar 2025","format":false,"excerpt":"Der H\u00fcrther Jazzclub l\u00e4dt am 9. M\u00e4rz zu einem besonderen musikalischen Abend ein. Die Band Dom Town Seven entf\u00fchrt das Publikum unter dem Motto \u201eBack to the Roots\u201c in die Welt des traditionellen Jazz.\u00a0Das Repertoire umfasst eine sorgf\u00e4ltige Auswahl aus den Stilrichtungen Dixieland, Swing und Blues. Viele der St\u00fccke stammen\u2026","rel":"","context":"In &quot;Redaktionelle Nachrichten&quot;","block_context":{"text":"Redaktionelle Nachrichten","link":"https:\/\/www.jazzzeitung.de\/cms\/thema\/redaktion\/"},"img":{"alt_text":"","src":"https:\/\/i0.wp.com\/www.jazzzeitung.de\/cms\/wp-content\/uploads\/2025\/02\/2025.03.09-Dom-Town-Seven-Bandfoto-Fotorechte-Tom-Klapper.jpg?fit=1200%2C792&ssl=1&resize=350%2C200","width":350,"height":200,"srcset":"https:\/\/i0.wp.com\/www.jazzzeitung.de\/cms\/wp-content\/uploads\/2025\/02\/2025.03.09-Dom-Town-Seven-Bandfoto-Fotorechte-Tom-Klapper.jpg?fit=1200%2C792&ssl=1&resize=350%2C200 1x, https:\/\/i0.wp.com\/www.jazzzeitung.de\/cms\/wp-content\/uploads\/2025\/02\/2025.03.09-Dom-Town-Seven-Bandfoto-Fotorechte-Tom-Klapper.jpg?fit=1200%2C792&ssl=1&resize=525%2C300 1.5x, https:\/\/i0.wp.com\/www.jazzzeitung.de\/cms\/wp-content\/uploads\/2025\/02\/2025.03.09-Dom-Town-Seven-Bandfoto-Fotorechte-Tom-Klapper.jpg?fit=1200%2C792&ssl=1&resize=700%2C400 2x, https:\/\/i0.wp.com\/www.jazzzeitung.de\/cms\/wp-content\/uploads\/2025\/02\/2025.03.09-Dom-Town-Seven-Bandfoto-Fotorechte-Tom-Klapper.jpg?fit=1200%2C792&ssl=1&resize=1050%2C600 3x"},"classes":[]},{"id":33346,"url":"https:\/\/www.jazzzeitung.de\/cms\/2025\/11\/lesementoren-im-huerther-jazzkeller-mit-duo-kaemmerling-naumann\/","url_meta":{"origin":20870,"position":3},"title":"Lesementoren im H\u00fcrther Jazzkeller mit Duo K\u00e4mmerling-Naumann","author":"Redaktion JazzZeitung","date":"12. November 2025","format":false,"excerpt":"(PM JC H\u00fcrth) Mit einem Jazzkonzert im H\u00fcrther Jazzkeller w\u00fcrdigten die Mitglieder des Jazzclubs H\u00fcrth e.V. die Lesementoren f\u00fcr das herausragende ehrenamtliche Engagement. Das musikalische Dankesch\u00f6n galt allen, die sich mit gro\u00dfem Einsatz f\u00fcr die sprachliche und pers\u00f6nliche Entwicklung von Kindern in H\u00fcrther Schulen einsetzen. \u201eUnsere Lesementorinnen und Lesementoren leisten\u2026","rel":"","context":"In &quot;Redaktionelle Nachrichten&quot;","block_context":{"text":"Redaktionelle Nachrichten","link":"https:\/\/www.jazzzeitung.de\/cms\/thema\/redaktion\/"},"img":{"alt_text":"","src":"https:\/\/i0.wp.com\/www.jazzzeitung.de\/cms\/wp-content\/uploads\/2025\/11\/20251106_2114252-002.jpg?fit=1200%2C848&ssl=1&resize=350%2C200","width":350,"height":200,"srcset":"https:\/\/i0.wp.com\/www.jazzzeitung.de\/cms\/wp-content\/uploads\/2025\/11\/20251106_2114252-002.jpg?fit=1200%2C848&ssl=1&resize=350%2C200 1x, https:\/\/i0.wp.com\/www.jazzzeitung.de\/cms\/wp-content\/uploads\/2025\/11\/20251106_2114252-002.jpg?fit=1200%2C848&ssl=1&resize=525%2C300 1.5x, https:\/\/i0.wp.com\/www.jazzzeitung.de\/cms\/wp-content\/uploads\/2025\/11\/20251106_2114252-002.jpg?fit=1200%2C848&ssl=1&resize=700%2C400 2x, https:\/\/i0.wp.com\/www.jazzzeitung.de\/cms\/wp-content\/uploads\/2025\/11\/20251106_2114252-002.jpg?fit=1200%2C848&ssl=1&resize=1050%2C600 3x"},"classes":[]},{"id":12436,"url":"https:\/\/www.jazzzeitung.de\/cms\/2017\/05\/energiegeladen-das-mike-field-quintet-spielte-im-huerther-jazzkeller-vor-begeistertem-publikum\/","url_meta":{"origin":20870,"position":4},"title":"Energiegeladen! Das \u00abMike Field Quintet\u00bb spielte im H\u00fcrther Jazzkeller vor begeistertem Publikum","author":"Redaktion JazzZeitung","date":"19. Mai 2017","format":false,"excerpt":"Es gibt diese Konzertabende, an denen der Funke \u00fcberspringt, die Energie im Raum greifbar wird und eine besondere Verbindung zwischen K\u00fcnstlern und Publikum sp\u00fcrbar ist. So ein Konzert konnten Jazzfreunde im gem\u00fctlichen Jazzkeller auf der Herm\u00fclheimer Stra\u00dfe erleben. Der H\u00fcrther Jazzclub hatte den aus Toronto (Kanada) stammenden Trompeter Mike Field\u2026","rel":"","context":"In &quot;Bericht&quot;","block_context":{"text":"Bericht","link":"https:\/\/www.jazzzeitung.de\/cms\/thema\/bericht\/"},"img":{"alt_text":"","src":"https:\/\/i0.wp.com\/www.jazzzeitung.de\/cms\/wp-content\/uploads\/2017\/05\/Mike-Field-300x287.jpg?resize=350%2C200&ssl=1","width":350,"height":200},"classes":[]},{"id":18960,"url":"https:\/\/www.jazzzeitung.de\/cms\/2019\/03\/von-ersatz-kann-keine-rede-sein\/","url_meta":{"origin":20870,"position":5},"title":"\u201eVon Ersatz kann keine Rede sein!\u201c &#8211; &#8222;Latin meets Gypsy&#8220; begeisterte im Jazzkeller H\u00fcrth","author":"Redaktion JazzZeitung","date":"20. M\u00e4rz 2019","format":false,"excerpt":"Nachdem das Ensemble \u00abglobalBEAT\u00bb das letzte Mal 2016 f\u00fcr den Jazzclub in H\u00fcrth aufgetreten war, h\u00e4tte die Formation rund um den Chapman-Stick-Virtuosen Christian Becker am Wochenende eigentlich erneut im Jazzkeller auf der Herm\u00fclheimer Stra\u00dfe spielen sollen. Leider sagte \u00abglobalBEAT\u00bb acht Stunden vor Konzertbeginn krankheitsbedingt ab. Da stellte sich f\u00fcr G\u00fcnter\u2026","rel":"","context":"In &quot;Bericht&quot;","block_context":{"text":"Bericht","link":"https:\/\/www.jazzzeitung.de\/cms\/thema\/bericht\/"},"img":{"alt_text":"","src":"https:\/\/i0.wp.com\/www.jazzzeitung.de\/cms\/wp-content\/uploads\/2019\/03\/DSC06760.jpg?fit=1200%2C803&ssl=1&resize=350%2C200","width":350,"height":200,"srcset":"https:\/\/i0.wp.com\/www.jazzzeitung.de\/cms\/wp-content\/uploads\/2019\/03\/DSC06760.jpg?fit=1200%2C803&ssl=1&resize=350%2C200 1x, https:\/\/i0.wp.com\/www.jazzzeitung.de\/cms\/wp-content\/uploads\/2019\/03\/DSC06760.jpg?fit=1200%2C803&ssl=1&resize=525%2C300 1.5x, https:\/\/i0.wp.com\/www.jazzzeitung.de\/cms\/wp-content\/uploads\/2019\/03\/DSC06760.jpg?fit=1200%2C803&ssl=1&resize=700%2C400 2x, https:\/\/i0.wp.com\/www.jazzzeitung.de\/cms\/wp-content\/uploads\/2019\/03\/DSC06760.jpg?fit=1200%2C803&ssl=1&resize=1050%2C600 3x"},"classes":[]}],"jetpack_sharing_enabled":true,"_links":{"self":[{"href":"https:\/\/www.jazzzeitung.de\/cms\/wp-json\/wp\/v2\/posts\/20870","targetHints":{"allow":["GET"]}}],"collection":[{"href":"https:\/\/www.jazzzeitung.de\/cms\/wp-json\/wp\/v2\/posts"}],"about":[{"href":"https:\/\/www.jazzzeitung.de\/cms\/wp-json\/wp\/v2\/types\/post"}],"author":[{"embeddable":true,"href":"https:\/\/www.jazzzeitung.de\/cms\/wp-json\/wp\/v2\/users\/18"}],"replies":[{"embeddable":true,"href":"https:\/\/www.jazzzeitung.de\/cms\/wp-json\/wp\/v2\/comments?post=20870"}],"version-history":[{"count":2,"href":"https:\/\/www.jazzzeitung.de\/cms\/wp-json\/wp\/v2\/posts\/20870\/revisions"}],"predecessor-version":[{"id":20875,"href":"https:\/\/www.jazzzeitung.de\/cms\/wp-json\/wp\/v2\/posts\/20870\/revisions\/20875"}],"wp:featuredmedia":[{"embeddable":true,"href":"https:\/\/www.jazzzeitung.de\/cms\/wp-json\/wp\/v2\/media\/20873"}],"wp:attachment":[{"href":"https:\/\/www.jazzzeitung.de\/cms\/wp-json\/wp\/v2\/media?parent=20870"}],"wp:term":[{"taxonomy":"category","embeddable":true,"href":"https:\/\/www.jazzzeitung.de\/cms\/wp-json\/wp\/v2\/categories?post=20870"},{"taxonomy":"post_tag","embeddable":true,"href":"https:\/\/www.jazzzeitung.de\/cms\/wp-json\/wp\/v2\/tags?post=20870"},{"taxonomy":"author","embeddable":true,"href":"https:\/\/www.jazzzeitung.de\/cms\/wp-json\/wp\/v2\/coauthors?post=20870"}],"curies":[{"name":"wp","href":"https:\/\/api.w.org\/{rel}","templated":true}]}}