{"id":20828,"date":"2019-10-03T07:31:40","date_gmt":"2019-10-03T05:31:40","guid":{"rendered":"https:\/\/www.jazzzeitung.de\/cms\/?p=20828"},"modified":"2019-10-02T14:33:06","modified_gmt":"2019-10-02T12:33:06","slug":"festivals-mit-ecm-schwerpunkten-eine-uebersicht-der-jazzzeitung","status":"publish","type":"post","link":"https:\/\/www.jazzzeitung.de\/cms\/2019\/10\/festivals-mit-ecm-schwerpunkten-eine-uebersicht-der-jazzzeitung\/","title":{"rendered":"Festivals mit ECM-Schwerpunkten &#8211; eine \u00dcbersicht der JazzZeitung"},"content":{"rendered":"<p><a href=\"https:\/\/www.enjoyjazz.de\">Enjoy Jazz,<\/a> das Internationale Festival f\u00fcr Jazz und Anderes, in Mannheim pr\u00e4sentiert sich in diesem Jahr zum 21. Mal und findet vom 02. Oktober bis 16. November 2019 statt. Sechseinhalb Wochen lang bietet das Festival hochkar\u00e4tige, vielseitige Veranstaltungen mit dem Schwerpunkt auf Jazz, aber auch angrenzenden Genres wie Klassik, Pop, Rock, HipHop oder Elektro.<\/p>\n<p>Zus\u00e4tzlich zu den Konzerten in Spielst\u00e4tten in Heidelberg, Mannheim und Ludwigshafen l\u00e4dt Enjoy Jazz auch dieses Jahr wieder zu Masterclasses, Matineen, Symposien, Partys und weiteren spannenden Projekten ein.<\/p>\n<p>2009 veranstaltete Enjoy Jazz zum 40-j\u00e4hrigen Jubil\u00e4um des Labels Edition of Contemporary Music, kurz ECM, ein Festival im Festival \u2013 das Ganze unter dem passenden Namen \u201eDer blaue Klang\u201c. Nun wird ECM 50 \u2013 auch dieses Jubil\u00e4um wollen\u00a0 die Kurpf\u00e4lzer Festivalmacher geb\u00fchrend begehen. <a href=\"https:\/\/www.ecmrecords.com\/home\">ECM<\/a> hat auch dieses Jahr beim Enjoy Jazz einiges zu bieten. Zu h\u00f6ren gibt es Carla Bley und ihr Ensemble, den Bassisten Barre Philipps, das Yonathan-Avishai-Trio, den Pianisten Tord Gustavsen und die griechische Komponistin Eleni Karaindrou.<\/p>\n<p><strong>In diesem Herbst findet, aus Anlass des f\u00fcnfzigj\u00e4hrigen Jubil\u00e4ums des Unternehmens ECM, eine Reihe von Festivals statt, die zumindest einen Teil ihres Programms dieser Musik widmen.<\/strong><\/p>\n<p><strong>Die JazzZeitung mit einem \u00dcberblick: <\/strong><strong>ECM Anniversary Year International Concerts\/Festivals &amp; Exhibition<\/strong><\/p>\n<p>New York City, USA 11-12 January 2019 Winter Jazzfest: ECM Stage<\/p>\n<p>Knoxville, USA 21-24 March 2019 Big Ears Festival: ECM Focus with 20 ECM concerts<\/p>\n<p>Utrecht, Netherlands 6 April 2019 Transition Festival: ECM focus with 5 ECM concerts<\/p>\n<p>Bremen, Germany 27 April 2019 Jazzahead: ECM Clubnight<\/p>\n<p>Healdsburg, USA 31 May &#8211; 2 June 2019 Healdsburg Festival: 4 ECM concerts<\/p>\n<p>Montreal, Canada 26 June \u2013 5 July 2019 Montreal Jazz Festival: 5 ECM concerts<\/p>\n<p>Venice, Italy 5, 6, 7 July 2019 Teatro La Fenice: ECM Weekend<\/p>\n<p>Seoul, South Korea Opening October 17 October 2019 &#8211; Jan 2020 Hyundai Card Art Storage &amp; Design Library: ECM Exhibition<\/p>\n<p>Oslo, Norway 25 \u2013 28 September 2019 Victoria Jazzclub: ECM50 Nights accompanied with lectures, films, exhibition<\/p>\n<p>Bergamo, Italy 5, 11, 13, 19 October 2019 2019 Conmtaminazioni Contemporanee: Th. Zehetmair, Louis Sclavis Quartet, A. Cohen &amp; Y. Avishai, A. Gourari<\/p>\n<p>Skopje, Macedonia 17 \u2013 19 October 2019 Skopje Jazz festival: Hommage to ECM50<\/p>\n<p>Frankfurt, Germany 23 \u2013 24 October 2019 Jazzfestival Frankfurt: Opening Concert at Alte Oper, ECM night at Sendesaal<\/p>\n<p>San Francisco, USA 24 &#8211; 27 October 2019 SFJAZZ: ECM Week with 9 concerts<\/p>\n<p>Cork, Ireland 25 &#8211; 27 October 2019 Triskel ECM Weekend at the Guinness Cork Jazz Festival 2019<\/p>\n<p>New York City, USA 1, 2 November 2019 Jazz At Lincoln Center, Rose Theater: ECM Weekend<\/p>\n<p>Milan, Italy 8, 9, 10 November 2019 Festival JazzMi<\/p>\n<p>Mannheim, Germany 16 November 2019 Enjoy Jazz: Closing Festival ECM Evening<\/p>\n<p>London, UK 17 November 2019 London Jazz Festival: ECM Day<\/p>\n<p>Brussels, Belgium 21, 22, 23, 24 November 2019 ECM Anniversary Weekend @ Flagey: central European celebration<\/p>\n<p>Warsaw, Poland 25, 26, 27 November 2019<\/p>\n<p>Hamburg, Germany 3, 4, 5, 6 February 2020 Elbphilharmonie \u2013 REFLEKTOR MANFRED EICHER 7 selected ECM concerts<\/p>\n<p>&nbsp;<\/p>\n<p>Lesen Sie auch den Text von Hans-J\u00fcrgen Linke in der <a href=\"https:\/\/www.nmz.de\/artikel\/als-die-musik-noch-von-der-platte-kam\">neuen musikzeitung<\/a> zum Thema: &#8222;Als die Musik noch von der Platte kam&#8220;.<\/p>\n<p>Beitragsbild: Maciej Obara, ECM-K\u00fcnstler und Gewinner des <a href=\"https:\/\/www.bmw-welt.com\/de\/experience\/event-pool\/jazz-award-2019.html\">BMW Welt Jazz Awards 2019<\/a>. Foto: Urszula Tarasiewicz<\/p>\n<p>&nbsp;<\/p>\n","protected":false},"excerpt":{"rendered":"<p>Enjoy Jazz, das Internationale Festival f\u00fcr Jazz und Anderes, in Mannheim pr\u00e4sentiert sich in diesem Jahr zum 21. Mal und findet vom 02. Oktober bis 16. November 2019 statt. Sechseinhalb Wochen lang bietet das Festival hochkar\u00e4tige, vielseitige Veranstaltungen mit dem Schwerpunkt auf Jazz, aber auch angrenzenden Genres wie Klassik, Pop, Rock, HipHop oder Elektro. Zus\u00e4tzlich zu den Konzerten in Spielst\u00e4tten in Heidelberg, Mannheim und Ludwigshafen l\u00e4dt Enjoy Jazz auch dieses Jahr wieder zu Masterclasses, Matineen, Symposien, Partys und weiteren spannenden Projekten ein. 2009 veranstaltete Enjoy Jazz zum 40-j\u00e4hrigen Jubil\u00e4um des Labels Edition of Contemporary Music, kurz ECM, ein Festival im Festival \u2013 das Ganze unter dem passenden Namen \u201eDer blaue Klang\u201c. Nun wird ECM 50 \u2013 auch dieses Jubil\u00e4um wollen\u00a0 die Kurpf\u00e4lzer Festivalmacher geb\u00fchrend begehen. ECM hat auch dieses Jahr beim Enjoy Jazz einiges zu bieten. Zu h\u00f6ren gibt es Carla Bley und ihr Ensemble, den Bassisten Barre Philipps, das Yonathan-Avishai-Trio, den Pianisten Tord Gustavsen und die griechische Komponistin Eleni Karaindrou. In diesem Herbst findet, aus Anlass des f\u00fcnfzigj\u00e4hrigen Jubil\u00e4ums des Unternehmens ECM, eine Reihe von Festivals statt, die zumindest einen Teil ihres Programms dieser &hellip;<\/p>\n","protected":false},"author":18,"featured_media":20831,"comment_status":"open","ping_status":"closed","sticky":false,"template":"","format":"standard","meta":{"_jetpack_memberships_contains_paid_content":false,"footnotes":"","jetpack_publicize_message":"","jetpack_publicize_feature_enabled":true,"jetpack_social_post_already_shared":false,"jetpack_social_options":{"image_generator_settings":{"template":"highway","default_image_id":0,"font":"","enabled":false},"version":2}},"categories":[633],"tags":[2019,2660,85,95,1793,2250,158,1510,1291,3,682,184,215,2426,1876,268,271,751,918,294,10,316,2059,359,838,1293,2325,371,374,904,2048,2080,447,1250,486,1356,1976],"coauthors":[695],"class_list":["post-20828","post","type-post","status-publish","format-standard","has-post-thumbnail","hentry","category-nachrichten","tag-2019","tag-2660","tag-bmw-welt","tag-bremen","tag-carla-bley","tag-clubnight","tag-ecm","tag-elbphilharmonie","tag-enjoy-jazz","tag-festival","tag-festivals","tag-frankfurt","tag-hamburg","tag-hans-juergen-linke","tag-jazz","tag-jazzahead","tag-jazzclub","tag-jazzfest","tag-jazzfestival","tag-jazzzeitung","tag-jubilaeum","tag-klassik","tag-la-fenice","tag-london","tag-louis-sclavis","tag-ludwigshafen","tag-maciej-obara","tag-manfred-eicher","tag-mannheim","tag-new-york","tag-oktober","tag-pianisten","tag-pop","tag-rock","tag-san-francisco","tag-trio","tag-veranstaltungen"],"yoast_head":"<!-- This site is optimized with the Yoast SEO plugin v27.5 - https:\/\/yoast.com\/product\/yoast-seo-wordpress\/ -->\n<title>Festivals mit ECM-Schwerpunkten - eine \u00dcbersicht der JazzZeitung - JazzZeitung<\/title>\n<meta name=\"robots\" content=\"index, follow, max-snippet:-1, max-image-preview:large, max-video-preview:-1\" \/>\n<link rel=\"canonical\" href=\"https:\/\/www.jazzzeitung.de\/cms\/2019\/10\/festivals-mit-ecm-schwerpunkten-eine-uebersicht-der-jazzzeitung\/\" \/>\n<meta property=\"og:locale\" content=\"de_DE\" \/>\n<meta property=\"og:type\" content=\"article\" \/>\n<meta property=\"og:title\" content=\"Festivals mit ECM-Schwerpunkten - eine \u00dcbersicht der JazzZeitung - JazzZeitung\" \/>\n<meta property=\"og:description\" content=\"Enjoy Jazz, das Internationale Festival f\u00fcr Jazz und Anderes, in Mannheim pr\u00e4sentiert sich in diesem Jahr zum 21. Mal und findet vom 02. Oktober bis 16. November 2019 statt. Sechseinhalb Wochen lang bietet das Festival hochkar\u00e4tige, vielseitige Veranstaltungen mit dem Schwerpunkt auf Jazz, aber auch angrenzenden Genres wie Klassik, Pop, Rock, HipHop oder Elektro. Zus\u00e4tzlich zu den Konzerten in Spielst\u00e4tten in Heidelberg, Mannheim und Ludwigshafen l\u00e4dt Enjoy Jazz auch dieses Jahr wieder zu Masterclasses, Matineen, Symposien, Partys und weiteren spannenden Projekten ein. 2009 veranstaltete Enjoy Jazz zum 40-j\u00e4hrigen Jubil\u00e4um des Labels Edition of Contemporary Music, kurz ECM, ein Festival im Festival \u2013 das Ganze unter dem passenden Namen \u201eDer blaue Klang\u201c. Nun wird ECM 50 \u2013 auch dieses Jubil\u00e4um wollen\u00a0 die Kurpf\u00e4lzer Festivalmacher geb\u00fchrend begehen. ECM hat auch dieses Jahr beim Enjoy Jazz einiges zu bieten. Zu h\u00f6ren gibt es Carla Bley und ihr Ensemble, den Bassisten Barre Philipps, das Yonathan-Avishai-Trio, den Pianisten Tord Gustavsen und die griechische Komponistin Eleni Karaindrou. In diesem Herbst findet, aus Anlass des f\u00fcnfzigj\u00e4hrigen Jubil\u00e4ums des Unternehmens ECM, eine Reihe von Festivals statt, die zumindest einen Teil ihres Programms dieser &hellip;\" \/>\n<meta property=\"og:url\" content=\"https:\/\/www.jazzzeitung.de\/cms\/2019\/10\/festivals-mit-ecm-schwerpunkten-eine-uebersicht-der-jazzzeitung\/\" \/>\n<meta property=\"og:site_name\" content=\"JazzZeitung\" \/>\n<meta property=\"article:publisher\" content=\"https:\/\/www.facebook.com\/JazzZeitung\/\" \/>\n<meta property=\"article:published_time\" content=\"2019-10-03T05:31:40+00:00\" \/>\n<meta property=\"og:image\" content=\"https:\/\/i0.wp.com\/www.jazzzeitung.de\/cms\/wp-content\/uploads\/2019\/10\/Maciej-Obara-by-Urszula-Tarasiewicz.jpg?fit=1500%2C1000&ssl=1\" \/>\n\t<meta property=\"og:image:width\" content=\"1500\" \/>\n\t<meta property=\"og:image:height\" content=\"1000\" \/>\n\t<meta property=\"og:image:type\" content=\"image\/jpeg\" \/>\n<meta name=\"author\" content=\"Redaktion JazzZeitung\" \/>\n<script type=\"application\/ld+json\" class=\"yoast-schema-graph\">{\"@context\":\"https:\\\/\\\/schema.org\",\"@graph\":[{\"@type\":\"Article\",\"@id\":\"https:\\\/\\\/www.jazzzeitung.de\\\/cms\\\/2019\\\/10\\\/festivals-mit-ecm-schwerpunkten-eine-uebersicht-der-jazzzeitung\\\/#article\",\"isPartOf\":{\"@id\":\"https:\\\/\\\/www.jazzzeitung.de\\\/cms\\\/2019\\\/10\\\/festivals-mit-ecm-schwerpunkten-eine-uebersicht-der-jazzzeitung\\\/\"},\"author\":{\"name\":\"Redaktion JazzZeitung\",\"@id\":\"https:\\\/\\\/www.jazzzeitung.de\\\/cms\\\/#\\\/schema\\\/person\\\/2245b36b9cd1d24cea10f01c031fb92b\"},\"headline\":\"Festivals mit ECM-Schwerpunkten &#8211; eine \u00dcbersicht der JazzZeitung\",\"datePublished\":\"2019-10-03T05:31:40+00:00\",\"mainEntityOfPage\":{\"@id\":\"https:\\\/\\\/www.jazzzeitung.de\\\/cms\\\/2019\\\/10\\\/festivals-mit-ecm-schwerpunkten-eine-uebersicht-der-jazzzeitung\\\/\"},\"wordCount\":469,\"commentCount\":0,\"publisher\":{\"@id\":\"https:\\\/\\\/www.jazzzeitung.de\\\/cms\\\/#organization\"},\"image\":{\"@id\":\"https:\\\/\\\/www.jazzzeitung.de\\\/cms\\\/2019\\\/10\\\/festivals-mit-ecm-schwerpunkten-eine-uebersicht-der-jazzzeitung\\\/#primaryimage\"},\"thumbnailUrl\":\"https:\\\/\\\/i0.wp.com\\\/www.jazzzeitung.de\\\/cms\\\/wp-content\\\/uploads\\\/2019\\\/10\\\/Maciej-Obara-by-Urszula-Tarasiewicz.jpg?fit=1500%2C1000&ssl=1\",\"keywords\":[\"2019\",\"2020\",\"bmw welt\",\"Bremen\",\"Carla Bley\",\"CLUBNIGHT\",\"ECM\",\"Elbphilharmonie\",\"enjoy jazz\",\"Festival\",\"Festivals\",\"Frankfurt\",\"Hamburg\",\"Hans-J\u00fcrgen Linke\",\"Jazz\",\"Jazzahead\",\"Jazzclub\",\"Jazzfest\",\"Jazzfestival\",\"Jazzzeitung\",\"Jubil\u00e4um\",\"Klassik\",\"La Fenice\",\"London\",\"Louis Sclavis\",\"ludwigshafen\",\"Maciej Obara\",\"Manfred Eicher\",\"Mannheim\",\"New York\",\"Oktober\",\"Pianisten\",\"Pop\",\"Rock\",\"San Francisco\",\"trio\",\"Veranstaltungen\"],\"articleSection\":[\"News\"],\"inLanguage\":\"de\",\"potentialAction\":[{\"@type\":\"CommentAction\",\"name\":\"Comment\",\"target\":[\"https:\\\/\\\/www.jazzzeitung.de\\\/cms\\\/2019\\\/10\\\/festivals-mit-ecm-schwerpunkten-eine-uebersicht-der-jazzzeitung\\\/#respond\"]}]},{\"@type\":\"WebPage\",\"@id\":\"https:\\\/\\\/www.jazzzeitung.de\\\/cms\\\/2019\\\/10\\\/festivals-mit-ecm-schwerpunkten-eine-uebersicht-der-jazzzeitung\\\/\",\"url\":\"https:\\\/\\\/www.jazzzeitung.de\\\/cms\\\/2019\\\/10\\\/festivals-mit-ecm-schwerpunkten-eine-uebersicht-der-jazzzeitung\\\/\",\"name\":\"Festivals mit ECM-Schwerpunkten - eine \u00dcbersicht der JazzZeitung - JazzZeitung\",\"isPartOf\":{\"@id\":\"https:\\\/\\\/www.jazzzeitung.de\\\/cms\\\/#website\"},\"primaryImageOfPage\":{\"@id\":\"https:\\\/\\\/www.jazzzeitung.de\\\/cms\\\/2019\\\/10\\\/festivals-mit-ecm-schwerpunkten-eine-uebersicht-der-jazzzeitung\\\/#primaryimage\"},\"image\":{\"@id\":\"https:\\\/\\\/www.jazzzeitung.de\\\/cms\\\/2019\\\/10\\\/festivals-mit-ecm-schwerpunkten-eine-uebersicht-der-jazzzeitung\\\/#primaryimage\"},\"thumbnailUrl\":\"https:\\\/\\\/i0.wp.com\\\/www.jazzzeitung.de\\\/cms\\\/wp-content\\\/uploads\\\/2019\\\/10\\\/Maciej-Obara-by-Urszula-Tarasiewicz.jpg?fit=1500%2C1000&ssl=1\",\"datePublished\":\"2019-10-03T05:31:40+00:00\",\"breadcrumb\":{\"@id\":\"https:\\\/\\\/www.jazzzeitung.de\\\/cms\\\/2019\\\/10\\\/festivals-mit-ecm-schwerpunkten-eine-uebersicht-der-jazzzeitung\\\/#breadcrumb\"},\"inLanguage\":\"de\",\"potentialAction\":[{\"@type\":\"ReadAction\",\"target\":[\"https:\\\/\\\/www.jazzzeitung.de\\\/cms\\\/2019\\\/10\\\/festivals-mit-ecm-schwerpunkten-eine-uebersicht-der-jazzzeitung\\\/\"]}]},{\"@type\":\"ImageObject\",\"inLanguage\":\"de\",\"@id\":\"https:\\\/\\\/www.jazzzeitung.de\\\/cms\\\/2019\\\/10\\\/festivals-mit-ecm-schwerpunkten-eine-uebersicht-der-jazzzeitung\\\/#primaryimage\",\"url\":\"https:\\\/\\\/i0.wp.com\\\/www.jazzzeitung.de\\\/cms\\\/wp-content\\\/uploads\\\/2019\\\/10\\\/Maciej-Obara-by-Urszula-Tarasiewicz.jpg?fit=1500%2C1000&ssl=1\",\"contentUrl\":\"https:\\\/\\\/i0.wp.com\\\/www.jazzzeitung.de\\\/cms\\\/wp-content\\\/uploads\\\/2019\\\/10\\\/Maciej-Obara-by-Urszula-Tarasiewicz.jpg?fit=1500%2C1000&ssl=1\",\"width\":1500,\"height\":1000,\"caption\":\"Maciej Obara\"},{\"@type\":\"BreadcrumbList\",\"@id\":\"https:\\\/\\\/www.jazzzeitung.de\\\/cms\\\/2019\\\/10\\\/festivals-mit-ecm-schwerpunkten-eine-uebersicht-der-jazzzeitung\\\/#breadcrumb\",\"itemListElement\":[{\"@type\":\"ListItem\",\"position\":1,\"name\":\"Startseite\",\"item\":\"https:\\\/\\\/www.jazzzeitung.de\\\/cms\\\/\"},{\"@type\":\"ListItem\",\"position\":2,\"name\":\"Festivals mit ECM-Schwerpunkten &#8211; eine \u00dcbersicht der JazzZeitung\"}]},{\"@type\":\"WebSite\",\"@id\":\"https:\\\/\\\/www.jazzzeitung.de\\\/cms\\\/#website\",\"url\":\"https:\\\/\\\/www.jazzzeitung.de\\\/cms\\\/\",\"name\":\"JazzZeitung\",\"description\":\"Jazz-News und Jazz-Kontroverses\",\"publisher\":{\"@id\":\"https:\\\/\\\/www.jazzzeitung.de\\\/cms\\\/#organization\"},\"potentialAction\":[{\"@type\":\"SearchAction\",\"target\":{\"@type\":\"EntryPoint\",\"urlTemplate\":\"https:\\\/\\\/www.jazzzeitung.de\\\/cms\\\/?s={search_term_string}\"},\"query-input\":{\"@type\":\"PropertyValueSpecification\",\"valueRequired\":true,\"valueName\":\"search_term_string\"}}],\"inLanguage\":\"de\"},{\"@type\":\"Organization\",\"@id\":\"https:\\\/\\\/www.jazzzeitung.de\\\/cms\\\/#organization\",\"name\":\"JazzZeitung online\",\"url\":\"https:\\\/\\\/www.jazzzeitung.de\\\/cms\\\/\",\"logo\":{\"@type\":\"ImageObject\",\"inLanguage\":\"de\",\"@id\":\"https:\\\/\\\/www.jazzzeitung.de\\\/cms\\\/#\\\/schema\\\/logo\\\/image\\\/\",\"url\":\"https:\\\/\\\/i0.wp.com\\\/www.jazzzeitung.de\\\/cms\\\/wp-content\\\/uploads\\\/2015\\\/08\\\/JAZZZEITUNGDE_Logo_Neu.png?fit=499%2C200&ssl=1\",\"contentUrl\":\"https:\\\/\\\/i0.wp.com\\\/www.jazzzeitung.de\\\/cms\\\/wp-content\\\/uploads\\\/2015\\\/08\\\/JAZZZEITUNGDE_Logo_Neu.png?fit=499%2C200&ssl=1\",\"width\":499,\"height\":200,\"caption\":\"JazzZeitung online\"},\"image\":{\"@id\":\"https:\\\/\\\/www.jazzzeitung.de\\\/cms\\\/#\\\/schema\\\/logo\\\/image\\\/\"},\"sameAs\":[\"https:\\\/\\\/www.facebook.com\\\/JazzZeitung\\\/\"]},{\"@type\":\"Person\",\"@id\":\"https:\\\/\\\/www.jazzzeitung.de\\\/cms\\\/#\\\/schema\\\/person\\\/2245b36b9cd1d24cea10f01c031fb92b\",\"name\":\"Redaktion JazzZeitung\",\"image\":{\"@type\":\"ImageObject\",\"inLanguage\":\"de\",\"@id\":\"https:\\\/\\\/i0.wp.com\\\/www.jazzzeitung.de\\\/cms\\\/wp-content\\\/uploads\\\/2015\\\/08\\\/JAZZZEITUNGDE_Logo_Neu.png?resize=96%2C96&ssl=159975dcacb611b5700bd619b5daf0a7a\",\"url\":\"https:\\\/\\\/i0.wp.com\\\/www.jazzzeitung.de\\\/cms\\\/wp-content\\\/uploads\\\/2015\\\/08\\\/JAZZZEITUNGDE_Logo_Neu.png?resize=96%2C96&ssl=1\",\"contentUrl\":\"https:\\\/\\\/i0.wp.com\\\/www.jazzzeitung.de\\\/cms\\\/wp-content\\\/uploads\\\/2015\\\/08\\\/JAZZZEITUNGDE_Logo_Neu.png?resize=96%2C96&ssl=1\",\"caption\":\"Redaktion JazzZeitung\"},\"description\":\"Artikel der Redaktion der JazzZeitung.\",\"sameAs\":[\"http:\\\/\\\/www.jazzzeitung.de\\\/cms\\\/\"],\"url\":\"https:\\\/\\\/www.jazzzeitung.de\\\/cms\\\/author\\\/redaktion\\\/\"}]}<\/script>\n<!-- \/ Yoast SEO plugin. -->","yoast_head_json":{"title":"Festivals mit ECM-Schwerpunkten - eine \u00dcbersicht der JazzZeitung - JazzZeitung","robots":{"index":"index","follow":"follow","max-snippet":"max-snippet:-1","max-image-preview":"max-image-preview:large","max-video-preview":"max-video-preview:-1"},"canonical":"https:\/\/www.jazzzeitung.de\/cms\/2019\/10\/festivals-mit-ecm-schwerpunkten-eine-uebersicht-der-jazzzeitung\/","og_locale":"de_DE","og_type":"article","og_title":"Festivals mit ECM-Schwerpunkten - eine \u00dcbersicht der JazzZeitung - JazzZeitung","og_description":"Enjoy Jazz, das Internationale Festival f\u00fcr Jazz und Anderes, in Mannheim pr\u00e4sentiert sich in diesem Jahr zum 21. Mal und findet vom 02. Oktober bis 16. November 2019 statt. Sechseinhalb Wochen lang bietet das Festival hochkar\u00e4tige, vielseitige Veranstaltungen mit dem Schwerpunkt auf Jazz, aber auch angrenzenden Genres wie Klassik, Pop, Rock, HipHop oder Elektro. Zus\u00e4tzlich zu den Konzerten in Spielst\u00e4tten in Heidelberg, Mannheim und Ludwigshafen l\u00e4dt Enjoy Jazz auch dieses Jahr wieder zu Masterclasses, Matineen, Symposien, Partys und weiteren spannenden Projekten ein. 2009 veranstaltete Enjoy Jazz zum 40-j\u00e4hrigen Jubil\u00e4um des Labels Edition of Contemporary Music, kurz ECM, ein Festival im Festival \u2013 das Ganze unter dem passenden Namen \u201eDer blaue Klang\u201c. Nun wird ECM 50 \u2013 auch dieses Jubil\u00e4um wollen\u00a0 die Kurpf\u00e4lzer Festivalmacher geb\u00fchrend begehen. ECM hat auch dieses Jahr beim Enjoy Jazz einiges zu bieten. Zu h\u00f6ren gibt es Carla Bley und ihr Ensemble, den Bassisten Barre Philipps, das Yonathan-Avishai-Trio, den Pianisten Tord Gustavsen und die griechische Komponistin Eleni Karaindrou. In diesem Herbst findet, aus Anlass des f\u00fcnfzigj\u00e4hrigen Jubil\u00e4ums des Unternehmens ECM, eine Reihe von Festivals statt, die zumindest einen Teil ihres Programms dieser &hellip;","og_url":"https:\/\/www.jazzzeitung.de\/cms\/2019\/10\/festivals-mit-ecm-schwerpunkten-eine-uebersicht-der-jazzzeitung\/","og_site_name":"JazzZeitung","article_publisher":"https:\/\/www.facebook.com\/JazzZeitung\/","article_published_time":"2019-10-03T05:31:40+00:00","og_image":[{"width":1500,"height":1000,"url":"https:\/\/i0.wp.com\/www.jazzzeitung.de\/cms\/wp-content\/uploads\/2019\/10\/Maciej-Obara-by-Urszula-Tarasiewicz.jpg?fit=1500%2C1000&ssl=1","type":"image\/jpeg"}],"author":"Redaktion JazzZeitung","schema":{"@context":"https:\/\/schema.org","@graph":[{"@type":"Article","@id":"https:\/\/www.jazzzeitung.de\/cms\/2019\/10\/festivals-mit-ecm-schwerpunkten-eine-uebersicht-der-jazzzeitung\/#article","isPartOf":{"@id":"https:\/\/www.jazzzeitung.de\/cms\/2019\/10\/festivals-mit-ecm-schwerpunkten-eine-uebersicht-der-jazzzeitung\/"},"author":{"name":"Redaktion JazzZeitung","@id":"https:\/\/www.jazzzeitung.de\/cms\/#\/schema\/person\/2245b36b9cd1d24cea10f01c031fb92b"},"headline":"Festivals mit ECM-Schwerpunkten &#8211; eine \u00dcbersicht der JazzZeitung","datePublished":"2019-10-03T05:31:40+00:00","mainEntityOfPage":{"@id":"https:\/\/www.jazzzeitung.de\/cms\/2019\/10\/festivals-mit-ecm-schwerpunkten-eine-uebersicht-der-jazzzeitung\/"},"wordCount":469,"commentCount":0,"publisher":{"@id":"https:\/\/www.jazzzeitung.de\/cms\/#organization"},"image":{"@id":"https:\/\/www.jazzzeitung.de\/cms\/2019\/10\/festivals-mit-ecm-schwerpunkten-eine-uebersicht-der-jazzzeitung\/#primaryimage"},"thumbnailUrl":"https:\/\/i0.wp.com\/www.jazzzeitung.de\/cms\/wp-content\/uploads\/2019\/10\/Maciej-Obara-by-Urszula-Tarasiewicz.jpg?fit=1500%2C1000&ssl=1","keywords":["2019","2020","bmw welt","Bremen","Carla Bley","CLUBNIGHT","ECM","Elbphilharmonie","enjoy jazz","Festival","Festivals","Frankfurt","Hamburg","Hans-J\u00fcrgen Linke","Jazz","Jazzahead","Jazzclub","Jazzfest","Jazzfestival","Jazzzeitung","Jubil\u00e4um","Klassik","La Fenice","London","Louis Sclavis","ludwigshafen","Maciej Obara","Manfred Eicher","Mannheim","New York","Oktober","Pianisten","Pop","Rock","San Francisco","trio","Veranstaltungen"],"articleSection":["News"],"inLanguage":"de","potentialAction":[{"@type":"CommentAction","name":"Comment","target":["https:\/\/www.jazzzeitung.de\/cms\/2019\/10\/festivals-mit-ecm-schwerpunkten-eine-uebersicht-der-jazzzeitung\/#respond"]}]},{"@type":"WebPage","@id":"https:\/\/www.jazzzeitung.de\/cms\/2019\/10\/festivals-mit-ecm-schwerpunkten-eine-uebersicht-der-jazzzeitung\/","url":"https:\/\/www.jazzzeitung.de\/cms\/2019\/10\/festivals-mit-ecm-schwerpunkten-eine-uebersicht-der-jazzzeitung\/","name":"Festivals mit ECM-Schwerpunkten - eine \u00dcbersicht der JazzZeitung - JazzZeitung","isPartOf":{"@id":"https:\/\/www.jazzzeitung.de\/cms\/#website"},"primaryImageOfPage":{"@id":"https:\/\/www.jazzzeitung.de\/cms\/2019\/10\/festivals-mit-ecm-schwerpunkten-eine-uebersicht-der-jazzzeitung\/#primaryimage"},"image":{"@id":"https:\/\/www.jazzzeitung.de\/cms\/2019\/10\/festivals-mit-ecm-schwerpunkten-eine-uebersicht-der-jazzzeitung\/#primaryimage"},"thumbnailUrl":"https:\/\/i0.wp.com\/www.jazzzeitung.de\/cms\/wp-content\/uploads\/2019\/10\/Maciej-Obara-by-Urszula-Tarasiewicz.jpg?fit=1500%2C1000&ssl=1","datePublished":"2019-10-03T05:31:40+00:00","breadcrumb":{"@id":"https:\/\/www.jazzzeitung.de\/cms\/2019\/10\/festivals-mit-ecm-schwerpunkten-eine-uebersicht-der-jazzzeitung\/#breadcrumb"},"inLanguage":"de","potentialAction":[{"@type":"ReadAction","target":["https:\/\/www.jazzzeitung.de\/cms\/2019\/10\/festivals-mit-ecm-schwerpunkten-eine-uebersicht-der-jazzzeitung\/"]}]},{"@type":"ImageObject","inLanguage":"de","@id":"https:\/\/www.jazzzeitung.de\/cms\/2019\/10\/festivals-mit-ecm-schwerpunkten-eine-uebersicht-der-jazzzeitung\/#primaryimage","url":"https:\/\/i0.wp.com\/www.jazzzeitung.de\/cms\/wp-content\/uploads\/2019\/10\/Maciej-Obara-by-Urszula-Tarasiewicz.jpg?fit=1500%2C1000&ssl=1","contentUrl":"https:\/\/i0.wp.com\/www.jazzzeitung.de\/cms\/wp-content\/uploads\/2019\/10\/Maciej-Obara-by-Urszula-Tarasiewicz.jpg?fit=1500%2C1000&ssl=1","width":1500,"height":1000,"caption":"Maciej Obara"},{"@type":"BreadcrumbList","@id":"https:\/\/www.jazzzeitung.de\/cms\/2019\/10\/festivals-mit-ecm-schwerpunkten-eine-uebersicht-der-jazzzeitung\/#breadcrumb","itemListElement":[{"@type":"ListItem","position":1,"name":"Startseite","item":"https:\/\/www.jazzzeitung.de\/cms\/"},{"@type":"ListItem","position":2,"name":"Festivals mit ECM-Schwerpunkten &#8211; eine \u00dcbersicht der JazzZeitung"}]},{"@type":"WebSite","@id":"https:\/\/www.jazzzeitung.de\/cms\/#website","url":"https:\/\/www.jazzzeitung.de\/cms\/","name":"JazzZeitung","description":"Jazz-News und Jazz-Kontroverses","publisher":{"@id":"https:\/\/www.jazzzeitung.de\/cms\/#organization"},"potentialAction":[{"@type":"SearchAction","target":{"@type":"EntryPoint","urlTemplate":"https:\/\/www.jazzzeitung.de\/cms\/?s={search_term_string}"},"query-input":{"@type":"PropertyValueSpecification","valueRequired":true,"valueName":"search_term_string"}}],"inLanguage":"de"},{"@type":"Organization","@id":"https:\/\/www.jazzzeitung.de\/cms\/#organization","name":"JazzZeitung online","url":"https:\/\/www.jazzzeitung.de\/cms\/","logo":{"@type":"ImageObject","inLanguage":"de","@id":"https:\/\/www.jazzzeitung.de\/cms\/#\/schema\/logo\/image\/","url":"https:\/\/i0.wp.com\/www.jazzzeitung.de\/cms\/wp-content\/uploads\/2015\/08\/JAZZZEITUNGDE_Logo_Neu.png?fit=499%2C200&ssl=1","contentUrl":"https:\/\/i0.wp.com\/www.jazzzeitung.de\/cms\/wp-content\/uploads\/2015\/08\/JAZZZEITUNGDE_Logo_Neu.png?fit=499%2C200&ssl=1","width":499,"height":200,"caption":"JazzZeitung online"},"image":{"@id":"https:\/\/www.jazzzeitung.de\/cms\/#\/schema\/logo\/image\/"},"sameAs":["https:\/\/www.facebook.com\/JazzZeitung\/"]},{"@type":"Person","@id":"https:\/\/www.jazzzeitung.de\/cms\/#\/schema\/person\/2245b36b9cd1d24cea10f01c031fb92b","name":"Redaktion JazzZeitung","image":{"@type":"ImageObject","inLanguage":"de","@id":"https:\/\/i0.wp.com\/www.jazzzeitung.de\/cms\/wp-content\/uploads\/2015\/08\/JAZZZEITUNGDE_Logo_Neu.png?resize=96%2C96&ssl=159975dcacb611b5700bd619b5daf0a7a","url":"https:\/\/i0.wp.com\/www.jazzzeitung.de\/cms\/wp-content\/uploads\/2015\/08\/JAZZZEITUNGDE_Logo_Neu.png?resize=96%2C96&ssl=1","contentUrl":"https:\/\/i0.wp.com\/www.jazzzeitung.de\/cms\/wp-content\/uploads\/2015\/08\/JAZZZEITUNGDE_Logo_Neu.png?resize=96%2C96&ssl=1","caption":"Redaktion JazzZeitung"},"description":"Artikel der Redaktion der JazzZeitung.","sameAs":["http:\/\/www.jazzzeitung.de\/cms\/"],"url":"https:\/\/www.jazzzeitung.de\/cms\/author\/redaktion\/"}]}},"wp-worthy-pixel":{"ignored":false,"public":null,"server":null,"url":null},"wp-worthy-type":"normal","jetpack_publicize_connections":[],"cc_featured_image_caption":{"caption_text":"","source_text":"","source_url":""},"jetpack_featured_media_url":"https:\/\/i0.wp.com\/www.jazzzeitung.de\/cms\/wp-content\/uploads\/2019\/10\/Maciej-Obara-by-Urszula-Tarasiewicz.jpg?fit=1500%2C1000&ssl=1","jetpack_shortlink":"https:\/\/wp.me\/p3KEcT-5pW","jetpack-related-posts":[{"id":13633,"url":"https:\/\/www.jazzzeitung.de\/cms\/2017\/10\/13633\/","url_meta":{"origin":20828,"position":0},"title":"Jazz im Bild bei Enjoy 2017","author":"Redaktion JazzZeitung","date":"1. Oktober 2017","format":false,"excerpt":"Das Enjoy Jazz Festival (2. Oktober bis 11. November) wird dieses Jahr zwei Fotoausstellungen\u00a0 pr\u00e4sentieren. Cover Photographs Im Karlstorbahnhof Heidelberg findet am 8. Oktober ab 18:00\u00a0 die Vernissage zur Ausstelung \"Cover Photographs\"\u00a0 der drei Foto-K\u00fcnstler Jan Kricke, Jean Guy Lathuili\u00e9re und Thomas Wunsch statt. Die Drei pr\u00e4gen auf ihre spezifische\u2026","rel":"","context":"In &quot;Galerie&quot;","block_context":{"text":"Galerie","link":"https:\/\/www.jazzzeitung.de\/cms\/thema\/galerie\/"},"img":{"alt_text":"Jan Kricke","src":"https:\/\/i0.wp.com\/www.jazzzeitung.de\/cms\/wp-content\/uploads\/2017\/09\/Cover-Photographs-Credit-JanKricke.jpg?fit=1000%2C1000&ssl=1&resize=350%2C200","width":350,"height":200,"srcset":"https:\/\/i0.wp.com\/www.jazzzeitung.de\/cms\/wp-content\/uploads\/2017\/09\/Cover-Photographs-Credit-JanKricke.jpg?fit=1000%2C1000&ssl=1&resize=350%2C200 1x, https:\/\/i0.wp.com\/www.jazzzeitung.de\/cms\/wp-content\/uploads\/2017\/09\/Cover-Photographs-Credit-JanKricke.jpg?fit=1000%2C1000&ssl=1&resize=525%2C300 1.5x, https:\/\/i0.wp.com\/www.jazzzeitung.de\/cms\/wp-content\/uploads\/2017\/09\/Cover-Photographs-Credit-JanKricke.jpg?fit=1000%2C1000&ssl=1&resize=700%2C400 2x"},"classes":[]},{"id":23391,"url":"https:\/\/www.jazzzeitung.de\/cms\/2020\/09\/newsbuchvorstellung-siggi-loch-a-life-in-the-spirit-of-jazz41-leverkusener-jazztage-2020enjoy-jazz-festival-2020\/","url_meta":{"origin":20828,"position":1},"title":"+++News:+++Buchvorstellung: Siggi Loch \u2013 A Life In The Spirit Of Jazz+++41. Leverkusener Jazztage 2020+++Enjoy Jazz-Festival 2020+++","author":"Redaktion JazzZeitung","date":"15. September 2020","format":false,"excerpt":"Buchvorstellung: Siggi Loch \u2013 A Life In The Spirit Of Jazz Anl\u00e4sslich seines 80. Geburtstags erschien am 6. August 2020 das neue Buch \u201eA Life in the Spirit of Jazz\u201c von Siggi Loch.\u00a0 Der erfahrene Musikmanager und -produzent zeigt darin, wie sich die Liebe zum Jazz wie ein roter Faden\u2026","rel":"","context":"In &quot;News&quot;","block_context":{"text":"News","link":"https:\/\/www.jazzzeitung.de\/cms\/thema\/nachrichten\/"},"img":{"alt_text":"","src":"https:\/\/i0.wp.com\/www.jazzzeitung.de\/cms\/wp-content\/uploads\/2020\/09\/20201114_Michael_Wollny_c_Joerg_Steinmetz-scaled.jpg?fit=1200%2C800&ssl=1&resize=350%2C200","width":350,"height":200,"srcset":"https:\/\/i0.wp.com\/www.jazzzeitung.de\/cms\/wp-content\/uploads\/2020\/09\/20201114_Michael_Wollny_c_Joerg_Steinmetz-scaled.jpg?fit=1200%2C800&ssl=1&resize=350%2C200 1x, https:\/\/i0.wp.com\/www.jazzzeitung.de\/cms\/wp-content\/uploads\/2020\/09\/20201114_Michael_Wollny_c_Joerg_Steinmetz-scaled.jpg?fit=1200%2C800&ssl=1&resize=525%2C300 1.5x, https:\/\/i0.wp.com\/www.jazzzeitung.de\/cms\/wp-content\/uploads\/2020\/09\/20201114_Michael_Wollny_c_Joerg_Steinmetz-scaled.jpg?fit=1200%2C800&ssl=1&resize=700%2C400 2x, https:\/\/i0.wp.com\/www.jazzzeitung.de\/cms\/wp-content\/uploads\/2020\/09\/20201114_Michael_Wollny_c_Joerg_Steinmetz-scaled.jpg?fit=1200%2C800&ssl=1&resize=1050%2C600 3x"},"classes":[]},{"id":9635,"url":"https:\/\/www.jazzzeitung.de\/cms\/2016\/07\/early-bird-tickets-bei-enjoy-jazz-fast-ausverkauft\/","url_meta":{"origin":20828,"position":2},"title":"Early Bird Tickets bei Enjoy Jazz fast ausverkauft","author":"Redaktion JazzZeitung","date":"8. Juli 2016","format":false,"excerpt":"Der Vorverkauf f\u00fcr die ersten Konzerte bei Enjoy Jazz hat am Montag den 30. Mai 2016 mit einem begrenzten Kontingent an Early-Bird-Tickets begonnen. Seither k\u00f6nnen f\u00fcr 19 Konzerte im Festival Tickets zu reduzierten Preisen erworben werden. \u00a0Das Kontingent dieser Tickets neigt sich dem Ende zu, der Early Bird Rabatt wird\u2026","rel":"","context":"In &quot;News&quot;","block_context":{"text":"News","link":"https:\/\/www.jazzzeitung.de\/cms\/thema\/nachrichten\/"},"img":{"alt_text":"Johannes_Motschmann_Trio3_\u00a9_Harald_Hoffmann_gro\u00df","src":"https:\/\/i0.wp.com\/www.jazzzeitung.de\/cms\/wp-content\/uploads\/2016\/07\/Johannes_Motschmann_Trio3_%C2%A9_Harald_Hoffmann_gro%C3%9F-150x150.jpg?resize=350%2C200","width":350,"height":200},"classes":[]},{"id":20922,"url":"https:\/\/www.jazzzeitung.de\/cms\/2019\/10\/news-wormser-jazzpreis-2019-fuer-den-saxophonisten-fabian-schoenejazzfest-muenchen-feiert-30-jaehriges-jubilaeum\/","url_meta":{"origin":20828,"position":3},"title":"+++News: +++Wormser Jazzpreis 2019 f\u00fcr den Saxophonisten Fabian Sch\u00f6ne+++Jazzfest M\u00fcnchen feiert 30-j\u00e4hriges Jubil\u00e4um+++","author":"Redaktion JazzZeitung","date":"18. Oktober 2019","format":false,"excerpt":"Wormser Jazzpreis 2019 Der Wormser Jazzpreis geht in diesem Jahr an den Mannheimer Saxophonisten Fabian Sch\u00f6ne. Der Musiker erh\u00e4lt den mit 5.000 Euro dotierten Preis f\u00fcr sein \u201eversiertes, gereiftes Saxophonspiel und seine kompositorischen F\u00e4higkeiten\u201c, begr\u00fcndet die Jury ihre Entscheidung. Der 32-J\u00e4hrige habe in den vergangenen Jahren nicht nur als Sideman\u2026","rel":"","context":"In &quot;News&quot;","block_context":{"text":"News","link":"https:\/\/www.jazzzeitung.de\/cms\/thema\/nachrichten\/"},"img":{"alt_text":"","src":"https:\/\/i0.wp.com\/www.jazzzeitung.de\/cms\/wp-content\/uploads\/2019\/10\/Fabian-21_photo_by-Rocco_D%C3%BCrlich.jpg?fit=1200%2C795&ssl=1&resize=350%2C200","width":350,"height":200,"srcset":"https:\/\/i0.wp.com\/www.jazzzeitung.de\/cms\/wp-content\/uploads\/2019\/10\/Fabian-21_photo_by-Rocco_D%C3%BCrlich.jpg?fit=1200%2C795&ssl=1&resize=350%2C200 1x, https:\/\/i0.wp.com\/www.jazzzeitung.de\/cms\/wp-content\/uploads\/2019\/10\/Fabian-21_photo_by-Rocco_D%C3%BCrlich.jpg?fit=1200%2C795&ssl=1&resize=525%2C300 1.5x, https:\/\/i0.wp.com\/www.jazzzeitung.de\/cms\/wp-content\/uploads\/2019\/10\/Fabian-21_photo_by-Rocco_D%C3%BCrlich.jpg?fit=1200%2C795&ssl=1&resize=700%2C400 2x, https:\/\/i0.wp.com\/www.jazzzeitung.de\/cms\/wp-content\/uploads\/2019\/10\/Fabian-21_photo_by-Rocco_D%C3%BCrlich.jpg?fit=1200%2C795&ssl=1&resize=1050%2C600 3x"},"classes":[]},{"id":22416,"url":"https:\/\/www.jazzzeitung.de\/cms\/2020\/04\/newsmoers-festival-findet-online-stattjazzopen-versucht-line-up-bis-2021-zu-haltenenjoy-jazz-sucht-geschichten-zu-jazzstandards\/","url_meta":{"origin":20828,"position":4},"title":"news+++Moers Festival findet online statt+++Jazzopen versucht Line-Up bis 2021 zu halten+++Enjoy Jazz sucht Geschichten zu Jazzstandards+++","author":"Redaktion JazzZeitung","date":"23. April 2020","format":false,"excerpt":"Niederrhein: New ways to fly - Moers Festival versucht sich im Online Bereich Das Moers Festival 2020 geh\u00f6rt auch zu den Veranstaltungen die in der Corona Zeit vor einer gro\u00dfen Herausforderung stehen: verschieben, absagen oder ausweichen? Die Betreiber des Moers Festivals haben beschlossen auf Streaming auszuweichen und haben schon Ideen\u2026","rel":"","context":"In &quot;News&quot;","block_context":{"text":"News","link":"https:\/\/www.jazzzeitung.de\/cms\/thema\/nachrichten\/"},"img":{"alt_text":"","src":"https:\/\/i0.wp.com\/www.jazzzeitung.de\/cms\/wp-content\/uploads\/2020\/04\/csm_Plakat2020_c_A1_hoch_screen_793783320b-e1586594397810.jpg?fit=1140%2C1045&ssl=1&resize=350%2C200","width":350,"height":200,"srcset":"https:\/\/i0.wp.com\/www.jazzzeitung.de\/cms\/wp-content\/uploads\/2020\/04\/csm_Plakat2020_c_A1_hoch_screen_793783320b-e1586594397810.jpg?fit=1140%2C1045&ssl=1&resize=350%2C200 1x, https:\/\/i0.wp.com\/www.jazzzeitung.de\/cms\/wp-content\/uploads\/2020\/04\/csm_Plakat2020_c_A1_hoch_screen_793783320b-e1586594397810.jpg?fit=1140%2C1045&ssl=1&resize=525%2C300 1.5x, https:\/\/i0.wp.com\/www.jazzzeitung.de\/cms\/wp-content\/uploads\/2020\/04\/csm_Plakat2020_c_A1_hoch_screen_793783320b-e1586594397810.jpg?fit=1140%2C1045&ssl=1&resize=700%2C400 2x, https:\/\/i0.wp.com\/www.jazzzeitung.de\/cms\/wp-content\/uploads\/2020\/04\/csm_Plakat2020_c_A1_hoch_screen_793783320b-e1586594397810.jpg?fit=1140%2C1045&ssl=1&resize=1050%2C600 3x"},"classes":[]},{"id":23692,"url":"https:\/\/www.jazzzeitung.de\/cms\/2020\/10\/newsdaniel-erdmann-gewinnt-swr-jazzpreis-2020schickmajkowskilovens-am-10-11-in-muenchenveranstaltungen-bix-jazzclub-stuttgart\/","url_meta":{"origin":20828,"position":5},"title":"+++News:+++Daniel Erdmann gewinnt SWR Jazzpreis 2020+++Schick\/Majkowski\/Lovens am 10.11. in M\u00fcnchen+++Veranstaltungen BIX-Jazzclub Stuttgart+++","author":"Redaktion JazzZeitung","date":"28. Oktober 2020","format":false,"excerpt":"+++Daniel Erdmann gewinnt SWR Jazzpreis 2020 +++ Baden-Baden\/Mainz. Der gemeinsam vom S\u00fcdwestrundfunk (SWR) und dem Land Rheinland-Pfalz gestiftete SWR Jazzpreis 2020 wird heute, am 28. Oktober, im Rahmen des Internationalen Festivals \"Enjoy Jazz\" in Ludwigshafen an den Tenorsaxophonisten Daniel Erdmann verliehen. Erdmann, der auf den Tag genau vor 47 Jahren\u2026","rel":"","context":"In &quot;News&quot;","block_context":{"text":"News","link":"https:\/\/www.jazzzeitung.de\/cms\/thema\/nachrichten\/"},"img":{"alt_text":"","src":"https:\/\/i0.wp.com\/www.jazzzeitung.de\/cms\/wp-content\/uploads\/2020\/10\/Schick_Majkowski_Lovens_%C2%A9_UrsulaZeidler_720.jpg?fit=720%2C404&ssl=1&resize=350%2C200","width":350,"height":200,"srcset":"https:\/\/i0.wp.com\/www.jazzzeitung.de\/cms\/wp-content\/uploads\/2020\/10\/Schick_Majkowski_Lovens_%C2%A9_UrsulaZeidler_720.jpg?fit=720%2C404&ssl=1&resize=350%2C200 1x, https:\/\/i0.wp.com\/www.jazzzeitung.de\/cms\/wp-content\/uploads\/2020\/10\/Schick_Majkowski_Lovens_%C2%A9_UrsulaZeidler_720.jpg?fit=720%2C404&ssl=1&resize=525%2C300 1.5x, https:\/\/i0.wp.com\/www.jazzzeitung.de\/cms\/wp-content\/uploads\/2020\/10\/Schick_Majkowski_Lovens_%C2%A9_UrsulaZeidler_720.jpg?fit=720%2C404&ssl=1&resize=700%2C400 2x"},"classes":[]}],"jetpack_sharing_enabled":true,"_links":{"self":[{"href":"https:\/\/www.jazzzeitung.de\/cms\/wp-json\/wp\/v2\/posts\/20828","targetHints":{"allow":["GET"]}}],"collection":[{"href":"https:\/\/www.jazzzeitung.de\/cms\/wp-json\/wp\/v2\/posts"}],"about":[{"href":"https:\/\/www.jazzzeitung.de\/cms\/wp-json\/wp\/v2\/types\/post"}],"author":[{"embeddable":true,"href":"https:\/\/www.jazzzeitung.de\/cms\/wp-json\/wp\/v2\/users\/18"}],"replies":[{"embeddable":true,"href":"https:\/\/www.jazzzeitung.de\/cms\/wp-json\/wp\/v2\/comments?post=20828"}],"version-history":[{"count":8,"href":"https:\/\/www.jazzzeitung.de\/cms\/wp-json\/wp\/v2\/posts\/20828\/revisions"}],"predecessor-version":[{"id":20838,"href":"https:\/\/www.jazzzeitung.de\/cms\/wp-json\/wp\/v2\/posts\/20828\/revisions\/20838"}],"wp:featuredmedia":[{"embeddable":true,"href":"https:\/\/www.jazzzeitung.de\/cms\/wp-json\/wp\/v2\/media\/20831"}],"wp:attachment":[{"href":"https:\/\/www.jazzzeitung.de\/cms\/wp-json\/wp\/v2\/media?parent=20828"}],"wp:term":[{"taxonomy":"category","embeddable":true,"href":"https:\/\/www.jazzzeitung.de\/cms\/wp-json\/wp\/v2\/categories?post=20828"},{"taxonomy":"post_tag","embeddable":true,"href":"https:\/\/www.jazzzeitung.de\/cms\/wp-json\/wp\/v2\/tags?post=20828"},{"taxonomy":"author","embeddable":true,"href":"https:\/\/www.jazzzeitung.de\/cms\/wp-json\/wp\/v2\/coauthors?post=20828"}],"curies":[{"name":"wp","href":"https:\/\/api.w.org\/{rel}","templated":true}]}}