{"id":20800,"date":"2019-09-29T08:00:01","date_gmt":"2019-09-29T06:00:01","guid":{"rendered":"https:\/\/www.jazzzeitung.de\/cms\/?p=20800"},"modified":"2019-09-29T16:47:01","modified_gmt":"2019-09-29T14:47:01","slug":"jazz-moves-tv-in-der-nancy-tilitz-galerie","status":"publish","type":"post","link":"https:\/\/www.jazzzeitung.de\/cms\/2019\/09\/jazz-moves-tv-in-der-nancy-tilitz-galerie\/","title":{"rendered":"JAZZ MOVES TV: Ins Herz geschlossen \u2013 Friday Night Jazz in der Nancy Tilitz Gallery"},"content":{"rendered":"<p><a href=\"https:\/\/jazz-moves.de\/\">JAZZ MOVES<\/a> TV ist wieder unterwegs. Jeden Monat besuchen Am\u00e9lie Siegmund und Sophie Wackerbauer einen anderen Jazz-Club in Hamburg\u00a0 und stellen ihn in Interviews, Musik und Bildern auf ihrem <a href=\"https:\/\/www.youtube.com\/channel\/UCpuUM_SFpi73iUG6-fgRamA\">YouTube-Channel<\/a> vor.<\/p>\n<p>Inmitten des Gro\u00dfstadttrubels, zwischen besch\u00e4ftigten Pendlerinnen und schlendernden Parkg\u00e4ngern, unter rumpelnden Gleisen im alten Dammtor, versteckt sich die Galerie von <a href=\"http:\/\/www.nancy-tilitz.de\/deutsch\/home_de.html\">Nancy Tilitz<\/a>. Seit f\u00fcnfzehn Jahren erklingt jeden Freitagabend Jazz aus dem Gew\u00f6lbe und zieht mit seinem warmen Licht und der famili\u00e4ren Atmosph\u00e4re alt und jung, arm und reich, Stammg\u00e4ste und Laufpublikum immer wieder in seinen Bann. Man lauscht und singt zusammen, genie\u00dft die Kunst und wenn man Gl\u00fcck hat, bekommt man einen von Nancys selbstgebackenen Muffins ab. Am\u00e9lie und Sophie haben die Galerie zum ersten Mal besucht und hatten f\u00fcr uns die Kamera dabei.<\/p>\n<p>Nachzusehen im JAZZ MOVES TV<\/p>\n<p><span class=\"embed-youtube\" style=\"text-align:center; display: block;\"><iframe loading=\"lazy\" class=\"youtube-player\" width=\"840\" height=\"473\" src=\"https:\/\/www.youtube.com\/embed\/5C7Q9k7p1Y0?version=3&#038;rel=1&#038;showsearch=0&#038;showinfo=1&#038;iv_load_policy=1&#038;fs=1&#038;hl=de-DE&#038;autohide=2&#038;wmode=transparent\" allowfullscreen=\"true\" style=\"border:0;\" sandbox=\"allow-scripts allow-same-origin allow-popups allow-presentation allow-popups-to-escape-sandbox\"><\/iframe><\/span><\/p>\n","protected":false},"excerpt":{"rendered":"<p>JAZZ MOVES TV ist wieder unterwegs. Jeden Monat besuchen Am\u00e9lie Siegmund und Sophie Wackerbauer einen anderen Jazz-Club in Hamburg\u00a0 und stellen ihn in Interviews, Musik und Bildern auf ihrem YouTube-Channel vor. Inmitten des Gro\u00dfstadttrubels, zwischen besch\u00e4ftigten Pendlerinnen und schlendernden Parkg\u00e4ngern, unter rumpelnden Gleisen im alten Dammtor, versteckt sich die Galerie von Nancy Tilitz. Seit f\u00fcnfzehn Jahren erklingt jeden Freitagabend Jazz aus dem Gew\u00f6lbe und zieht mit seinem warmen Licht und der famili\u00e4ren Atmosph\u00e4re alt und jung, arm und reich, Stammg\u00e4ste und Laufpublikum immer wieder in seinen Bann. Man lauscht und singt zusammen, genie\u00dft die Kunst und wenn man Gl\u00fcck hat, bekommt man einen von Nancys selbstgebackenen Muffins ab. Am\u00e9lie und Sophie haben die Galerie zum ersten Mal besucht und hatten f\u00fcr uns die Kamera dabei. Nachzusehen im JAZZ MOVES TV<\/p>\n","protected":false},"author":18,"featured_media":20814,"comment_status":"open","ping_status":"closed","sticky":false,"template":"","format":"standard","meta":{"_jetpack_memberships_contains_paid_content":false,"footnotes":"","jetpack_publicize_message":"","jetpack_publicize_feature_enabled":true,"jetpack_social_post_already_shared":false,"jetpack_social_options":{"image_generator_settings":{"template":"highway","default_image_id":0,"font":"","enabled":false},"version":2}},"categories":[633],"tags":[120,215,1876,2322,1425,1397,562,608],"coauthors":[695],"class_list":["post-20800","post","type-post","status-publish","format-standard","has-post-thumbnail","hentry","category-nachrichten","tag-club","tag-hamburg","tag-jazz","tag-jazz-moves-tv","tag-jung","tag-siegmund","tag-tv","tag-youtube"],"yoast_head":"<!-- This site is optimized with the Yoast SEO plugin v27.5 - https:\/\/yoast.com\/product\/yoast-seo-wordpress\/ -->\n<title>JAZZ MOVES TV: Ins Herz geschlossen \u2013 Friday Night Jazz in der Nancy Tilitz Gallery - JazzZeitung<\/title>\n<meta name=\"robots\" content=\"index, follow, max-snippet:-1, max-image-preview:large, max-video-preview:-1\" \/>\n<link rel=\"canonical\" href=\"https:\/\/www.jazzzeitung.de\/cms\/2019\/09\/jazz-moves-tv-in-der-nancy-tilitz-galerie\/\" \/>\n<meta property=\"og:locale\" content=\"de_DE\" \/>\n<meta property=\"og:type\" content=\"article\" \/>\n<meta property=\"og:title\" content=\"JAZZ MOVES TV: Ins Herz geschlossen \u2013 Friday Night Jazz in der Nancy Tilitz Gallery - JazzZeitung\" \/>\n<meta property=\"og:description\" content=\"JAZZ MOVES TV ist wieder unterwegs. Jeden Monat besuchen Am\u00e9lie Siegmund und Sophie Wackerbauer einen anderen Jazz-Club in Hamburg\u00a0 und stellen ihn in Interviews, Musik und Bildern auf ihrem YouTube-Channel vor. Inmitten des Gro\u00dfstadttrubels, zwischen besch\u00e4ftigten Pendlerinnen und schlendernden Parkg\u00e4ngern, unter rumpelnden Gleisen im alten Dammtor, versteckt sich die Galerie von Nancy Tilitz. Seit f\u00fcnfzehn Jahren erklingt jeden Freitagabend Jazz aus dem Gew\u00f6lbe und zieht mit seinem warmen Licht und der famili\u00e4ren Atmosph\u00e4re alt und jung, arm und reich, Stammg\u00e4ste und Laufpublikum immer wieder in seinen Bann. Man lauscht und singt zusammen, genie\u00dft die Kunst und wenn man Gl\u00fcck hat, bekommt man einen von Nancys selbstgebackenen Muffins ab. Am\u00e9lie und Sophie haben die Galerie zum ersten Mal besucht und hatten f\u00fcr uns die Kamera dabei. Nachzusehen im JAZZ MOVES TV\" \/>\n<meta property=\"og:url\" content=\"https:\/\/www.jazzzeitung.de\/cms\/2019\/09\/jazz-moves-tv-in-der-nancy-tilitz-galerie\/\" \/>\n<meta property=\"og:site_name\" content=\"JazzZeitung\" \/>\n<meta property=\"article:publisher\" content=\"https:\/\/www.facebook.com\/JazzZeitung\/\" \/>\n<meta property=\"article:published_time\" content=\"2019-09-29T06:00:01+00:00\" \/>\n<meta property=\"article:modified_time\" content=\"2019-09-29T14:47:01+00:00\" \/>\n<meta property=\"og:image\" content=\"https:\/\/i0.wp.com\/www.jazzzeitung.de\/cms\/wp-content\/uploads\/2019\/09\/dammtor.jpg?fit=255%2C191&ssl=1\" \/>\n\t<meta property=\"og:image:width\" content=\"255\" \/>\n\t<meta property=\"og:image:height\" content=\"191\" \/>\n\t<meta property=\"og:image:type\" content=\"image\/jpeg\" \/>\n<meta name=\"author\" content=\"Redaktion JazzZeitung\" \/>\n<script type=\"application\/ld+json\" class=\"yoast-schema-graph\">{\"@context\":\"https:\\\/\\\/schema.org\",\"@graph\":[{\"@type\":\"Article\",\"@id\":\"https:\\\/\\\/www.jazzzeitung.de\\\/cms\\\/2019\\\/09\\\/jazz-moves-tv-in-der-nancy-tilitz-galerie\\\/#article\",\"isPartOf\":{\"@id\":\"https:\\\/\\\/www.jazzzeitung.de\\\/cms\\\/2019\\\/09\\\/jazz-moves-tv-in-der-nancy-tilitz-galerie\\\/\"},\"author\":{\"name\":\"Redaktion JazzZeitung\",\"@id\":\"https:\\\/\\\/www.jazzzeitung.de\\\/cms\\\/#\\\/schema\\\/person\\\/2245b36b9cd1d24cea10f01c031fb92b\"},\"headline\":\"JAZZ MOVES TV: Ins Herz geschlossen \u2013 Friday Night Jazz in der Nancy Tilitz Gallery\",\"datePublished\":\"2019-09-29T06:00:01+00:00\",\"dateModified\":\"2019-09-29T14:47:01+00:00\",\"mainEntityOfPage\":{\"@id\":\"https:\\\/\\\/www.jazzzeitung.de\\\/cms\\\/2019\\\/09\\\/jazz-moves-tv-in-der-nancy-tilitz-galerie\\\/\"},\"wordCount\":170,\"commentCount\":0,\"publisher\":{\"@id\":\"https:\\\/\\\/www.jazzzeitung.de\\\/cms\\\/#organization\"},\"image\":{\"@id\":\"https:\\\/\\\/www.jazzzeitung.de\\\/cms\\\/2019\\\/09\\\/jazz-moves-tv-in-der-nancy-tilitz-galerie\\\/#primaryimage\"},\"thumbnailUrl\":\"https:\\\/\\\/i0.wp.com\\\/www.jazzzeitung.de\\\/cms\\\/wp-content\\\/uploads\\\/2019\\\/09\\\/dammtor.jpg?fit=255%2C191&ssl=1\",\"keywords\":[\"Club\",\"Hamburg\",\"Jazz\",\"Jazz Moves TV\",\"Jung\",\"Siegmund\",\"TV\",\"Youtube\"],\"articleSection\":[\"News\"],\"inLanguage\":\"de\",\"potentialAction\":[{\"@type\":\"CommentAction\",\"name\":\"Comment\",\"target\":[\"https:\\\/\\\/www.jazzzeitung.de\\\/cms\\\/2019\\\/09\\\/jazz-moves-tv-in-der-nancy-tilitz-galerie\\\/#respond\"]}]},{\"@type\":\"WebPage\",\"@id\":\"https:\\\/\\\/www.jazzzeitung.de\\\/cms\\\/2019\\\/09\\\/jazz-moves-tv-in-der-nancy-tilitz-galerie\\\/\",\"url\":\"https:\\\/\\\/www.jazzzeitung.de\\\/cms\\\/2019\\\/09\\\/jazz-moves-tv-in-der-nancy-tilitz-galerie\\\/\",\"name\":\"JAZZ MOVES TV: Ins Herz geschlossen \u2013 Friday Night Jazz in der Nancy Tilitz Gallery - JazzZeitung\",\"isPartOf\":{\"@id\":\"https:\\\/\\\/www.jazzzeitung.de\\\/cms\\\/#website\"},\"primaryImageOfPage\":{\"@id\":\"https:\\\/\\\/www.jazzzeitung.de\\\/cms\\\/2019\\\/09\\\/jazz-moves-tv-in-der-nancy-tilitz-galerie\\\/#primaryimage\"},\"image\":{\"@id\":\"https:\\\/\\\/www.jazzzeitung.de\\\/cms\\\/2019\\\/09\\\/jazz-moves-tv-in-der-nancy-tilitz-galerie\\\/#primaryimage\"},\"thumbnailUrl\":\"https:\\\/\\\/i0.wp.com\\\/www.jazzzeitung.de\\\/cms\\\/wp-content\\\/uploads\\\/2019\\\/09\\\/dammtor.jpg?fit=255%2C191&ssl=1\",\"datePublished\":\"2019-09-29T06:00:01+00:00\",\"dateModified\":\"2019-09-29T14:47:01+00:00\",\"breadcrumb\":{\"@id\":\"https:\\\/\\\/www.jazzzeitung.de\\\/cms\\\/2019\\\/09\\\/jazz-moves-tv-in-der-nancy-tilitz-galerie\\\/#breadcrumb\"},\"inLanguage\":\"de\",\"potentialAction\":[{\"@type\":\"ReadAction\",\"target\":[\"https:\\\/\\\/www.jazzzeitung.de\\\/cms\\\/2019\\\/09\\\/jazz-moves-tv-in-der-nancy-tilitz-galerie\\\/\"]}]},{\"@type\":\"ImageObject\",\"inLanguage\":\"de\",\"@id\":\"https:\\\/\\\/www.jazzzeitung.de\\\/cms\\\/2019\\\/09\\\/jazz-moves-tv-in-der-nancy-tilitz-galerie\\\/#primaryimage\",\"url\":\"https:\\\/\\\/i0.wp.com\\\/www.jazzzeitung.de\\\/cms\\\/wp-content\\\/uploads\\\/2019\\\/09\\\/dammtor.jpg?fit=255%2C191&ssl=1\",\"contentUrl\":\"https:\\\/\\\/i0.wp.com\\\/www.jazzzeitung.de\\\/cms\\\/wp-content\\\/uploads\\\/2019\\\/09\\\/dammtor.jpg?fit=255%2C191&ssl=1\",\"width\":255,\"height\":191,\"caption\":\"Dammtor\\\/Galerie Nancy Tilitz\"},{\"@type\":\"BreadcrumbList\",\"@id\":\"https:\\\/\\\/www.jazzzeitung.de\\\/cms\\\/2019\\\/09\\\/jazz-moves-tv-in-der-nancy-tilitz-galerie\\\/#breadcrumb\",\"itemListElement\":[{\"@type\":\"ListItem\",\"position\":1,\"name\":\"Startseite\",\"item\":\"https:\\\/\\\/www.jazzzeitung.de\\\/cms\\\/\"},{\"@type\":\"ListItem\",\"position\":2,\"name\":\"JAZZ MOVES TV: Ins Herz geschlossen \u2013 Friday Night Jazz in der Nancy Tilitz Gallery\"}]},{\"@type\":\"WebSite\",\"@id\":\"https:\\\/\\\/www.jazzzeitung.de\\\/cms\\\/#website\",\"url\":\"https:\\\/\\\/www.jazzzeitung.de\\\/cms\\\/\",\"name\":\"JazzZeitung\",\"description\":\"Jazz-News und Jazz-Kontroverses\",\"publisher\":{\"@id\":\"https:\\\/\\\/www.jazzzeitung.de\\\/cms\\\/#organization\"},\"potentialAction\":[{\"@type\":\"SearchAction\",\"target\":{\"@type\":\"EntryPoint\",\"urlTemplate\":\"https:\\\/\\\/www.jazzzeitung.de\\\/cms\\\/?s={search_term_string}\"},\"query-input\":{\"@type\":\"PropertyValueSpecification\",\"valueRequired\":true,\"valueName\":\"search_term_string\"}}],\"inLanguage\":\"de\"},{\"@type\":\"Organization\",\"@id\":\"https:\\\/\\\/www.jazzzeitung.de\\\/cms\\\/#organization\",\"name\":\"JazzZeitung online\",\"url\":\"https:\\\/\\\/www.jazzzeitung.de\\\/cms\\\/\",\"logo\":{\"@type\":\"ImageObject\",\"inLanguage\":\"de\",\"@id\":\"https:\\\/\\\/www.jazzzeitung.de\\\/cms\\\/#\\\/schema\\\/logo\\\/image\\\/\",\"url\":\"https:\\\/\\\/i0.wp.com\\\/www.jazzzeitung.de\\\/cms\\\/wp-content\\\/uploads\\\/2015\\\/08\\\/JAZZZEITUNGDE_Logo_Neu.png?fit=499%2C200&ssl=1\",\"contentUrl\":\"https:\\\/\\\/i0.wp.com\\\/www.jazzzeitung.de\\\/cms\\\/wp-content\\\/uploads\\\/2015\\\/08\\\/JAZZZEITUNGDE_Logo_Neu.png?fit=499%2C200&ssl=1\",\"width\":499,\"height\":200,\"caption\":\"JazzZeitung online\"},\"image\":{\"@id\":\"https:\\\/\\\/www.jazzzeitung.de\\\/cms\\\/#\\\/schema\\\/logo\\\/image\\\/\"},\"sameAs\":[\"https:\\\/\\\/www.facebook.com\\\/JazzZeitung\\\/\"]},{\"@type\":\"Person\",\"@id\":\"https:\\\/\\\/www.jazzzeitung.de\\\/cms\\\/#\\\/schema\\\/person\\\/2245b36b9cd1d24cea10f01c031fb92b\",\"name\":\"Redaktion JazzZeitung\",\"image\":{\"@type\":\"ImageObject\",\"inLanguage\":\"de\",\"@id\":\"https:\\\/\\\/i0.wp.com\\\/www.jazzzeitung.de\\\/cms\\\/wp-content\\\/uploads\\\/2015\\\/08\\\/JAZZZEITUNGDE_Logo_Neu.png?resize=96%2C96&ssl=159975dcacb611b5700bd619b5daf0a7a\",\"url\":\"https:\\\/\\\/i0.wp.com\\\/www.jazzzeitung.de\\\/cms\\\/wp-content\\\/uploads\\\/2015\\\/08\\\/JAZZZEITUNGDE_Logo_Neu.png?resize=96%2C96&ssl=1\",\"contentUrl\":\"https:\\\/\\\/i0.wp.com\\\/www.jazzzeitung.de\\\/cms\\\/wp-content\\\/uploads\\\/2015\\\/08\\\/JAZZZEITUNGDE_Logo_Neu.png?resize=96%2C96&ssl=1\",\"caption\":\"Redaktion JazzZeitung\"},\"description\":\"Artikel der Redaktion der JazzZeitung.\",\"sameAs\":[\"http:\\\/\\\/www.jazzzeitung.de\\\/cms\\\/\"],\"url\":\"https:\\\/\\\/www.jazzzeitung.de\\\/cms\\\/author\\\/redaktion\\\/\"}]}<\/script>\n<!-- \/ Yoast SEO plugin. -->","yoast_head_json":{"title":"JAZZ MOVES TV: Ins Herz geschlossen \u2013 Friday Night Jazz in der Nancy Tilitz Gallery - JazzZeitung","robots":{"index":"index","follow":"follow","max-snippet":"max-snippet:-1","max-image-preview":"max-image-preview:large","max-video-preview":"max-video-preview:-1"},"canonical":"https:\/\/www.jazzzeitung.de\/cms\/2019\/09\/jazz-moves-tv-in-der-nancy-tilitz-galerie\/","og_locale":"de_DE","og_type":"article","og_title":"JAZZ MOVES TV: Ins Herz geschlossen \u2013 Friday Night Jazz in der Nancy Tilitz Gallery - JazzZeitung","og_description":"JAZZ MOVES TV ist wieder unterwegs. Jeden Monat besuchen Am\u00e9lie Siegmund und Sophie Wackerbauer einen anderen Jazz-Club in Hamburg\u00a0 und stellen ihn in Interviews, Musik und Bildern auf ihrem YouTube-Channel vor. Inmitten des Gro\u00dfstadttrubels, zwischen besch\u00e4ftigten Pendlerinnen und schlendernden Parkg\u00e4ngern, unter rumpelnden Gleisen im alten Dammtor, versteckt sich die Galerie von Nancy Tilitz. Seit f\u00fcnfzehn Jahren erklingt jeden Freitagabend Jazz aus dem Gew\u00f6lbe und zieht mit seinem warmen Licht und der famili\u00e4ren Atmosph\u00e4re alt und jung, arm und reich, Stammg\u00e4ste und Laufpublikum immer wieder in seinen Bann. Man lauscht und singt zusammen, genie\u00dft die Kunst und wenn man Gl\u00fcck hat, bekommt man einen von Nancys selbstgebackenen Muffins ab. Am\u00e9lie und Sophie haben die Galerie zum ersten Mal besucht und hatten f\u00fcr uns die Kamera dabei. Nachzusehen im JAZZ MOVES TV","og_url":"https:\/\/www.jazzzeitung.de\/cms\/2019\/09\/jazz-moves-tv-in-der-nancy-tilitz-galerie\/","og_site_name":"JazzZeitung","article_publisher":"https:\/\/www.facebook.com\/JazzZeitung\/","article_published_time":"2019-09-29T06:00:01+00:00","article_modified_time":"2019-09-29T14:47:01+00:00","og_image":[{"width":255,"height":191,"url":"https:\/\/i0.wp.com\/www.jazzzeitung.de\/cms\/wp-content\/uploads\/2019\/09\/dammtor.jpg?fit=255%2C191&ssl=1","type":"image\/jpeg"}],"author":"Redaktion JazzZeitung","schema":{"@context":"https:\/\/schema.org","@graph":[{"@type":"Article","@id":"https:\/\/www.jazzzeitung.de\/cms\/2019\/09\/jazz-moves-tv-in-der-nancy-tilitz-galerie\/#article","isPartOf":{"@id":"https:\/\/www.jazzzeitung.de\/cms\/2019\/09\/jazz-moves-tv-in-der-nancy-tilitz-galerie\/"},"author":{"name":"Redaktion JazzZeitung","@id":"https:\/\/www.jazzzeitung.de\/cms\/#\/schema\/person\/2245b36b9cd1d24cea10f01c031fb92b"},"headline":"JAZZ MOVES TV: Ins Herz geschlossen \u2013 Friday Night Jazz in der Nancy Tilitz Gallery","datePublished":"2019-09-29T06:00:01+00:00","dateModified":"2019-09-29T14:47:01+00:00","mainEntityOfPage":{"@id":"https:\/\/www.jazzzeitung.de\/cms\/2019\/09\/jazz-moves-tv-in-der-nancy-tilitz-galerie\/"},"wordCount":170,"commentCount":0,"publisher":{"@id":"https:\/\/www.jazzzeitung.de\/cms\/#organization"},"image":{"@id":"https:\/\/www.jazzzeitung.de\/cms\/2019\/09\/jazz-moves-tv-in-der-nancy-tilitz-galerie\/#primaryimage"},"thumbnailUrl":"https:\/\/i0.wp.com\/www.jazzzeitung.de\/cms\/wp-content\/uploads\/2019\/09\/dammtor.jpg?fit=255%2C191&ssl=1","keywords":["Club","Hamburg","Jazz","Jazz Moves TV","Jung","Siegmund","TV","Youtube"],"articleSection":["News"],"inLanguage":"de","potentialAction":[{"@type":"CommentAction","name":"Comment","target":["https:\/\/www.jazzzeitung.de\/cms\/2019\/09\/jazz-moves-tv-in-der-nancy-tilitz-galerie\/#respond"]}]},{"@type":"WebPage","@id":"https:\/\/www.jazzzeitung.de\/cms\/2019\/09\/jazz-moves-tv-in-der-nancy-tilitz-galerie\/","url":"https:\/\/www.jazzzeitung.de\/cms\/2019\/09\/jazz-moves-tv-in-der-nancy-tilitz-galerie\/","name":"JAZZ MOVES TV: Ins Herz geschlossen \u2013 Friday Night Jazz in der Nancy Tilitz Gallery - JazzZeitung","isPartOf":{"@id":"https:\/\/www.jazzzeitung.de\/cms\/#website"},"primaryImageOfPage":{"@id":"https:\/\/www.jazzzeitung.de\/cms\/2019\/09\/jazz-moves-tv-in-der-nancy-tilitz-galerie\/#primaryimage"},"image":{"@id":"https:\/\/www.jazzzeitung.de\/cms\/2019\/09\/jazz-moves-tv-in-der-nancy-tilitz-galerie\/#primaryimage"},"thumbnailUrl":"https:\/\/i0.wp.com\/www.jazzzeitung.de\/cms\/wp-content\/uploads\/2019\/09\/dammtor.jpg?fit=255%2C191&ssl=1","datePublished":"2019-09-29T06:00:01+00:00","dateModified":"2019-09-29T14:47:01+00:00","breadcrumb":{"@id":"https:\/\/www.jazzzeitung.de\/cms\/2019\/09\/jazz-moves-tv-in-der-nancy-tilitz-galerie\/#breadcrumb"},"inLanguage":"de","potentialAction":[{"@type":"ReadAction","target":["https:\/\/www.jazzzeitung.de\/cms\/2019\/09\/jazz-moves-tv-in-der-nancy-tilitz-galerie\/"]}]},{"@type":"ImageObject","inLanguage":"de","@id":"https:\/\/www.jazzzeitung.de\/cms\/2019\/09\/jazz-moves-tv-in-der-nancy-tilitz-galerie\/#primaryimage","url":"https:\/\/i0.wp.com\/www.jazzzeitung.de\/cms\/wp-content\/uploads\/2019\/09\/dammtor.jpg?fit=255%2C191&ssl=1","contentUrl":"https:\/\/i0.wp.com\/www.jazzzeitung.de\/cms\/wp-content\/uploads\/2019\/09\/dammtor.jpg?fit=255%2C191&ssl=1","width":255,"height":191,"caption":"Dammtor\/Galerie Nancy Tilitz"},{"@type":"BreadcrumbList","@id":"https:\/\/www.jazzzeitung.de\/cms\/2019\/09\/jazz-moves-tv-in-der-nancy-tilitz-galerie\/#breadcrumb","itemListElement":[{"@type":"ListItem","position":1,"name":"Startseite","item":"https:\/\/www.jazzzeitung.de\/cms\/"},{"@type":"ListItem","position":2,"name":"JAZZ MOVES TV: Ins Herz geschlossen \u2013 Friday Night Jazz in der Nancy Tilitz Gallery"}]},{"@type":"WebSite","@id":"https:\/\/www.jazzzeitung.de\/cms\/#website","url":"https:\/\/www.jazzzeitung.de\/cms\/","name":"JazzZeitung","description":"Jazz-News und Jazz-Kontroverses","publisher":{"@id":"https:\/\/www.jazzzeitung.de\/cms\/#organization"},"potentialAction":[{"@type":"SearchAction","target":{"@type":"EntryPoint","urlTemplate":"https:\/\/www.jazzzeitung.de\/cms\/?s={search_term_string}"},"query-input":{"@type":"PropertyValueSpecification","valueRequired":true,"valueName":"search_term_string"}}],"inLanguage":"de"},{"@type":"Organization","@id":"https:\/\/www.jazzzeitung.de\/cms\/#organization","name":"JazzZeitung online","url":"https:\/\/www.jazzzeitung.de\/cms\/","logo":{"@type":"ImageObject","inLanguage":"de","@id":"https:\/\/www.jazzzeitung.de\/cms\/#\/schema\/logo\/image\/","url":"https:\/\/i0.wp.com\/www.jazzzeitung.de\/cms\/wp-content\/uploads\/2015\/08\/JAZZZEITUNGDE_Logo_Neu.png?fit=499%2C200&ssl=1","contentUrl":"https:\/\/i0.wp.com\/www.jazzzeitung.de\/cms\/wp-content\/uploads\/2015\/08\/JAZZZEITUNGDE_Logo_Neu.png?fit=499%2C200&ssl=1","width":499,"height":200,"caption":"JazzZeitung online"},"image":{"@id":"https:\/\/www.jazzzeitung.de\/cms\/#\/schema\/logo\/image\/"},"sameAs":["https:\/\/www.facebook.com\/JazzZeitung\/"]},{"@type":"Person","@id":"https:\/\/www.jazzzeitung.de\/cms\/#\/schema\/person\/2245b36b9cd1d24cea10f01c031fb92b","name":"Redaktion JazzZeitung","image":{"@type":"ImageObject","inLanguage":"de","@id":"https:\/\/i0.wp.com\/www.jazzzeitung.de\/cms\/wp-content\/uploads\/2015\/08\/JAZZZEITUNGDE_Logo_Neu.png?resize=96%2C96&ssl=159975dcacb611b5700bd619b5daf0a7a","url":"https:\/\/i0.wp.com\/www.jazzzeitung.de\/cms\/wp-content\/uploads\/2015\/08\/JAZZZEITUNGDE_Logo_Neu.png?resize=96%2C96&ssl=1","contentUrl":"https:\/\/i0.wp.com\/www.jazzzeitung.de\/cms\/wp-content\/uploads\/2015\/08\/JAZZZEITUNGDE_Logo_Neu.png?resize=96%2C96&ssl=1","caption":"Redaktion JazzZeitung"},"description":"Artikel der Redaktion der JazzZeitung.","sameAs":["http:\/\/www.jazzzeitung.de\/cms\/"],"url":"https:\/\/www.jazzzeitung.de\/cms\/author\/redaktion\/"}]}},"wp-worthy-pixel":{"ignored":false,"public":null,"server":null,"url":null},"wp-worthy-type":"normal","jetpack_publicize_connections":[],"cc_featured_image_caption":{"caption_text":"","source_text":"","source_url":""},"jetpack_featured_media_url":"https:\/\/i0.wp.com\/www.jazzzeitung.de\/cms\/wp-content\/uploads\/2019\/09\/dammtor.jpg?fit=255%2C191&ssl=1","jetpack_shortlink":"https:\/\/wp.me\/p3KEcT-5pu","jetpack-related-posts":[{"id":19911,"url":"https:\/\/www.jazzzeitung.de\/cms\/2019\/06\/jazz-moves-tv-im-portraet-beim-ndr-magazin-das\/","url_meta":{"origin":20800,"position":0},"title":"JAZZ MOVES TV im Portr\u00e4t beim NDR-Magazin DAS!","author":"Redaktion JazzZeitung","date":"27. Juni 2019","format":false,"excerpt":"Hamburg. DAS! hat einen Blick hinter die Kulissen von JAZZ MOVES TV geworfen und hat Am\u00e9lie Siegmund und Sophie Wackerbauer einen Tag beim Dreh ihrer letzten Jazz-Club Reportage in die Bar \u201eItalia\u201c begleitet. Am Samstag erscheint der Beitrag \u00fcber die Reportage ab 18:45 Uhr im NDR oder zum Nachgucken in\u2026","rel":"","context":"In &quot;News&quot;","block_context":{"text":"News","link":"https:\/\/www.jazzzeitung.de\/cms\/thema\/nachrichten\/"},"img":{"alt_text":"","src":"https:\/\/i0.wp.com\/www.jazzzeitung.de\/cms\/wp-content\/uploads\/2019\/06\/SophieJazzmoves.jpg?fit=1200%2C960&ssl=1&resize=350%2C200","width":350,"height":200,"srcset":"https:\/\/i0.wp.com\/www.jazzzeitung.de\/cms\/wp-content\/uploads\/2019\/06\/SophieJazzmoves.jpg?fit=1200%2C960&ssl=1&resize=350%2C200 1x, https:\/\/i0.wp.com\/www.jazzzeitung.de\/cms\/wp-content\/uploads\/2019\/06\/SophieJazzmoves.jpg?fit=1200%2C960&ssl=1&resize=525%2C300 1.5x, https:\/\/i0.wp.com\/www.jazzzeitung.de\/cms\/wp-content\/uploads\/2019\/06\/SophieJazzmoves.jpg?fit=1200%2C960&ssl=1&resize=700%2C400 2x, https:\/\/i0.wp.com\/www.jazzzeitung.de\/cms\/wp-content\/uploads\/2019\/06\/SophieJazzmoves.jpg?fit=1200%2C960&ssl=1&resize=1050%2C600 3x"},"classes":[]},{"id":19364,"url":"https:\/\/www.jazzzeitung.de\/cms\/2019\/05\/jazz-moves-tv-hamburger-jazzszene-auf-youtube\/","url_meta":{"origin":20800,"position":1},"title":"JAZZ MOVES TV \u2013 Hamburger Jazzszene auf YouTube","author":"Redaktion JazzZeitung","date":"4. Mai 2019","format":false,"excerpt":"\u201eJazz in Hamburg ist jung, ungez\u00e4hmt und aufregend!\u201c \u2013 und die Plattform JAZZ MOVES Hamburg, eine Initiative des Jazzb\u00fcro Hamburg e.V., will das in Hamburg und \u00fcber die Stadtgrenzen hinaus sichtbar machen. Die vielf\u00e4ltige Jazzszene auf h\u00f6chstem k\u00fcnstlerischen Niveau mit vielen preisgekr\u00f6nten K\u00fcnstlerinnen und K\u00fcnstlern sorge f\u00fcr ein gro\u00dfes t\u00e4gliches\u2026","rel":"","context":"In &quot;News&quot;","block_context":{"text":"News","link":"https:\/\/www.jazzzeitung.de\/cms\/thema\/nachrichten\/"},"img":{"alt_text":"","src":"https:\/\/i0.wp.com\/www.jazzzeitung.de\/cms\/wp-content\/uploads\/2019\/05\/JazzMovesThumbnail.jpg?fit=1200%2C603&ssl=1&resize=350%2C200","width":350,"height":200,"srcset":"https:\/\/i0.wp.com\/www.jazzzeitung.de\/cms\/wp-content\/uploads\/2019\/05\/JazzMovesThumbnail.jpg?fit=1200%2C603&ssl=1&resize=350%2C200 1x, https:\/\/i0.wp.com\/www.jazzzeitung.de\/cms\/wp-content\/uploads\/2019\/05\/JazzMovesThumbnail.jpg?fit=1200%2C603&ssl=1&resize=525%2C300 1.5x, https:\/\/i0.wp.com\/www.jazzzeitung.de\/cms\/wp-content\/uploads\/2019\/05\/JazzMovesThumbnail.jpg?fit=1200%2C603&ssl=1&resize=700%2C400 2x, https:\/\/i0.wp.com\/www.jazzzeitung.de\/cms\/wp-content\/uploads\/2019\/05\/JazzMovesThumbnail.jpg?fit=1200%2C603&ssl=1&resize=1050%2C600 3x"},"classes":[]},{"id":21381,"url":"https:\/\/www.jazzzeitung.de\/cms\/2019\/12\/10-jazz-moves-tv-zu-gast-im-knust\/","url_meta":{"origin":20800,"position":2},"title":"#10: JAZZ MOVES TV zu Gast im Knust","author":"Redaktion JazzZeitung","date":"3. Dezember 2019","format":false,"excerpt":"In Hamburg sagt man Knust 1.Teil: Jazzhouse Wer an Jazz in Hamburg denkt, dem kommt das Knust vermutlich nicht als erstes in den Sinn. Dabei hat der Club, der heutzutage vor allem Rock-, Pop- und Metal-Konzerte pr\u00e4sentiert und gerne zum Fu\u00dfball gucken einl\u00e4dt eine ganz andere Geschichte. 1966 er\u00f6ffnete das\u2026","rel":"","context":"In &quot;Portrait&quot;","block_context":{"text":"Portrait","link":"https:\/\/www.jazzzeitung.de\/cms\/thema\/portrait\/"},"img":{"alt_text":"","src":"https:\/\/i0.wp.com\/www.jazzzeitung.de\/cms\/wp-content\/uploads\/2019\/12\/Jazz-Moves10-1.jpg?fit=1200%2C873&ssl=1&resize=350%2C200","width":350,"height":200,"srcset":"https:\/\/i0.wp.com\/www.jazzzeitung.de\/cms\/wp-content\/uploads\/2019\/12\/Jazz-Moves10-1.jpg?fit=1200%2C873&ssl=1&resize=350%2C200 1x, https:\/\/i0.wp.com\/www.jazzzeitung.de\/cms\/wp-content\/uploads\/2019\/12\/Jazz-Moves10-1.jpg?fit=1200%2C873&ssl=1&resize=525%2C300 1.5x, https:\/\/i0.wp.com\/www.jazzzeitung.de\/cms\/wp-content\/uploads\/2019\/12\/Jazz-Moves10-1.jpg?fit=1200%2C873&ssl=1&resize=700%2C400 2x, https:\/\/i0.wp.com\/www.jazzzeitung.de\/cms\/wp-content\/uploads\/2019\/12\/Jazz-Moves10-1.jpg?fit=1200%2C873&ssl=1&resize=1050%2C600 3x"},"classes":[]},{"id":11077,"url":"https:\/\/www.jazzzeitung.de\/cms\/2016\/11\/udj-ehrt-siegmund-ehrmann\/","url_meta":{"origin":20800,"position":3},"title":"NEWS +++ UDJ ehrt Siegmund Ehrmann +++ SWR New Jazz Meeting 2016 +++ Jazz am Weihnachtsmarkt Berlin +++","author":"Redaktion JazzZeitung","date":"21. November 2016","format":false,"excerpt":"+++ UDJ-Ehrennadel f\u00fcr Siegmund Ehrmann +++ Die UDJ zeichnet den Bundestagsabgeordneten Siegmund Ehrmann (SPD) im Rahmen des 23. UDJ-Jazzforums in K\u00f6ln\u00a0mit der UDJ-Ehrennadel aus. 15 Jahre lang wirkte Siegmund Ehrmann im Deutschen Bundestag zuletzt als Vorsitzender des Ausschusses f\u00fcr Kultur und Medien. In dieser Funktion hat er wesentlich dazu beigetragen,\u2026","rel":"","context":"In &quot;News&quot;","block_context":{"text":"News","link":"https:\/\/www.jazzzeitung.de\/cms\/thema\/nachrichten\/"},"img":{"alt_text":"Siegmund Ehrmann MdB. Foto: Pressefoto","src":"https:\/\/i0.wp.com\/www.jazzzeitung.de\/cms\/wp-content\/uploads\/2016\/11\/click-150x150.jpg?resize=350%2C200","width":350,"height":200},"classes":[]},{"id":4192,"url":"https:\/\/www.jazzzeitung.de\/cms\/2014\/07\/bundeskonferenz-jazz-legt-bericht-zu-jazz-deutschland-vor\/","url_meta":{"origin":20800,"position":4},"title":"Bundeskonferenz Jazz legt Bericht zu Jazz in Deutschland vor","author":"Redaktion JazzZeitung","date":"4. Juli 2014","format":false,"excerpt":"In einem Treffen mit dem Vorsitzenden des Ausschusses f\u00fcr Kultur und Medien im Deutschen Bundestag, Siegmund Ehrmann, hat die Bundeskonferenz Jazz ihren \u201eBericht zur Situation des Jazz in Deutschland\u201c vorgelegt. Erstmalig war die Analyse 2004 auf Wunsch des Ausschusses erstellt worden. Die umfassend aktualisierte Ausgabe geht nun auf die Entwicklungen\u2026","rel":"","context":"In &quot;Redaktionelle Nachrichten&quot;","block_context":{"text":"Redaktionelle Nachrichten","link":"https:\/\/www.jazzzeitung.de\/cms\/thema\/redaktion\/"},"img":{"alt_text":"Microsoft Word - BK Jazz - Konzept Spielst\u00e4tten- und Programmpr","src":"https:\/\/i0.wp.com\/www.jazzzeitung.de\/cms\/wp-content\/uploads\/2014\/07\/logo_bkjazz_viereck-150x150.jpg?resize=350%2C200","width":350,"height":200},"classes":[]},{"id":10223,"url":"https:\/\/www.jazzzeitung.de\/cms\/2016\/10\/23-udj-jazzforum-17-18-november-2016-im-stadtgarten-koeln\/","url_meta":{"origin":20800,"position":5},"title":"23. UDJ-Jazzforum am 17.\/18. November 2016 im Stadtgarten K\u00f6ln","author":"Redaktion JazzZeitung","date":"14. Oktober 2016","format":false,"excerpt":"Am 17. und 18. November 2016 wird das 23. UDJ-Jazzforum MusikerInnen, Kulturschaffende und JazzliebhaberInnen aus ganz Deutschland in den Stadtgarten K\u00f6ln locken. Die Union Deutscher Jazzmusiker ist das Sprachrohr der Jazzmusikerinnen und -musiker in Deutschland. Im Alltag tritt die UDJ als Interessenvereinigung seit \u00fcber 40 Jahren vorrangig bundespolitisch in Erscheinung\u2026","rel":"","context":"In &quot;News&quot;","block_context":{"text":"News","link":"https:\/\/www.jazzzeitung.de\/cms\/thema\/nachrichten\/"},"img":{"alt_text":"","src":"https:\/\/i0.wp.com\/www.jazzzeitung.de\/cms\/wp-content\/uploads\/2016\/10\/JAZZFORUM-WEB_765x1082.jpg?fit=765%2C1082&ssl=1&resize=350%2C200","width":350,"height":200,"srcset":"https:\/\/i0.wp.com\/www.jazzzeitung.de\/cms\/wp-content\/uploads\/2016\/10\/JAZZFORUM-WEB_765x1082.jpg?fit=765%2C1082&ssl=1&resize=350%2C200 1x, https:\/\/i0.wp.com\/www.jazzzeitung.de\/cms\/wp-content\/uploads\/2016\/10\/JAZZFORUM-WEB_765x1082.jpg?fit=765%2C1082&ssl=1&resize=525%2C300 1.5x, https:\/\/i0.wp.com\/www.jazzzeitung.de\/cms\/wp-content\/uploads\/2016\/10\/JAZZFORUM-WEB_765x1082.jpg?fit=765%2C1082&ssl=1&resize=700%2C400 2x"},"classes":[]}],"jetpack_sharing_enabled":true,"_links":{"self":[{"href":"https:\/\/www.jazzzeitung.de\/cms\/wp-json\/wp\/v2\/posts\/20800","targetHints":{"allow":["GET"]}}],"collection":[{"href":"https:\/\/www.jazzzeitung.de\/cms\/wp-json\/wp\/v2\/posts"}],"about":[{"href":"https:\/\/www.jazzzeitung.de\/cms\/wp-json\/wp\/v2\/types\/post"}],"author":[{"embeddable":true,"href":"https:\/\/www.jazzzeitung.de\/cms\/wp-json\/wp\/v2\/users\/18"}],"replies":[{"embeddable":true,"href":"https:\/\/www.jazzzeitung.de\/cms\/wp-json\/wp\/v2\/comments?post=20800"}],"version-history":[{"count":9,"href":"https:\/\/www.jazzzeitung.de\/cms\/wp-json\/wp\/v2\/posts\/20800\/revisions"}],"predecessor-version":[{"id":20813,"href":"https:\/\/www.jazzzeitung.de\/cms\/wp-json\/wp\/v2\/posts\/20800\/revisions\/20813"}],"wp:featuredmedia":[{"embeddable":true,"href":"https:\/\/www.jazzzeitung.de\/cms\/wp-json\/wp\/v2\/media\/20814"}],"wp:attachment":[{"href":"https:\/\/www.jazzzeitung.de\/cms\/wp-json\/wp\/v2\/media?parent=20800"}],"wp:term":[{"taxonomy":"category","embeddable":true,"href":"https:\/\/www.jazzzeitung.de\/cms\/wp-json\/wp\/v2\/categories?post=20800"},{"taxonomy":"post_tag","embeddable":true,"href":"https:\/\/www.jazzzeitung.de\/cms\/wp-json\/wp\/v2\/tags?post=20800"},{"taxonomy":"author","embeddable":true,"href":"https:\/\/www.jazzzeitung.de\/cms\/wp-json\/wp\/v2\/coauthors?post=20800"}],"curies":[{"name":"wp","href":"https:\/\/api.w.org\/{rel}","templated":true}]}}