{"id":20779,"date":"2019-10-02T08:31:29","date_gmt":"2019-10-02T06:31:29","guid":{"rendered":"https:\/\/www.jazzzeitung.de\/cms\/?p=20779"},"modified":"2019-10-01T10:32:20","modified_gmt":"2019-10-01T08:32:20","slug":"news-brazooka-im-raven-in-straubing-jazz-pott-preistraeger-mit-heimspiel","status":"publish","type":"post","link":"https:\/\/www.jazzzeitung.de\/cms\/2019\/10\/news-brazooka-im-raven-in-straubing-jazz-pott-preistraeger-mit-heimspiel\/","title":{"rendered":"+++ News +++ Brazooka im Raven in Straubing +++ \u201eJazz Pott\u201c-Preistr\u00e4ger mit Heimspiel +++"},"content":{"rendered":"<p><strong>+++ Brazooka im Raven in Straubing +++<\/strong><\/p>\n<p><a href=\"http:\/\/www.brazzooka.de\/band.html\">BRAZZOOKA<\/a> \u2013 das sind kraftvolle Rhythmen und raffinierte Harmonien mit Elementen aus Funk, Jazz und Soul, die zu einem elektrisierenden Klangerlebnis verschmelzen. Die neunk\u00f6pfige Combo aus dem Raum Regensburg bewegt sich stilsicher durch mehr als f\u00fcnf Jahrzehnte einschl\u00e4giger Musikgeschichte: Im Repertoire finden sich Titel von Tower of Power, Steely Dan, Al Jarreau, Incognito, Bruno Mars und vielen weiteren K\u00fcnstlern von den Siebzigern bis zur Gegenwart. Musik zum Mitgrooven und Tanzen<\/p>\n<p><a href=\"https:\/\/i0.wp.com\/www.jazzzeitung.de\/cms\/wp-content\/uploads\/2019\/10\/degginger-2019.jpg?ssl=1\"><img data-recalc-dims=\"1\" loading=\"lazy\" decoding=\"async\" data-attachment-id=\"20816\" data-permalink=\"https:\/\/www.jazzzeitung.de\/cms\/2019\/10\/news-brazooka-im-raven-in-straubing-jazz-pott-preistraeger-mit-heimspiel\/degginger-2019\/\" data-orig-file=\"https:\/\/i0.wp.com\/www.jazzzeitung.de\/cms\/wp-content\/uploads\/2019\/10\/degginger-2019.jpg?fit=1600%2C1200&amp;ssl=1\" data-orig-size=\"1600,1200\" data-comments-opened=\"1\" data-image-meta=\"{&quot;aperture&quot;:&quot;0&quot;,&quot;credit&quot;:&quot;&quot;,&quot;camera&quot;:&quot;&quot;,&quot;caption&quot;:&quot;&quot;,&quot;created_timestamp&quot;:&quot;0&quot;,&quot;copyright&quot;:&quot;&quot;,&quot;focal_length&quot;:&quot;0&quot;,&quot;iso&quot;:&quot;0&quot;,&quot;shutter_speed&quot;:&quot;0&quot;,&quot;title&quot;:&quot;&quot;,&quot;orientation&quot;:&quot;0&quot;}\" data-image-title=\"degginger 2019\" data-image-description=\"\" data-image-caption=\"\" data-large-file=\"https:\/\/i0.wp.com\/www.jazzzeitung.de\/cms\/wp-content\/uploads\/2019\/10\/degginger-2019.jpg?fit=800%2C600&amp;ssl=1\" class=\"aligncenter size-full wp-image-20816\" src=\"https:\/\/i0.wp.com\/www.jazzzeitung.de\/cms\/wp-content\/uploads\/2019\/10\/degginger-2019.jpg?resize=840%2C630&#038;ssl=1\" alt=\"\" width=\"840\" height=\"630\" srcset=\"https:\/\/i0.wp.com\/www.jazzzeitung.de\/cms\/wp-content\/uploads\/2019\/10\/degginger-2019.jpg?w=1600&amp;ssl=1 1600w, https:\/\/i0.wp.com\/www.jazzzeitung.de\/cms\/wp-content\/uploads\/2019\/10\/degginger-2019.jpg?resize=300%2C225&amp;ssl=1 300w, https:\/\/i0.wp.com\/www.jazzzeitung.de\/cms\/wp-content\/uploads\/2019\/10\/degginger-2019.jpg?resize=768%2C576&amp;ssl=1 768w, https:\/\/i0.wp.com\/www.jazzzeitung.de\/cms\/wp-content\/uploads\/2019\/10\/degginger-2019.jpg?resize=800%2C600&amp;ssl=1 800w, https:\/\/i0.wp.com\/www.jazzzeitung.de\/cms\/wp-content\/uploads\/2019\/10\/degginger-2019.jpg?resize=1320%2C990&amp;ssl=1 1320w\" sizes=\"auto, (max-width: 840px) 100vw, 840px\" \/><\/a><\/p>\n<p>BRAZOOKA spielt am 6.10. im <a href=\"http:\/\/www.ali-raven.com\/\">Raven<\/a>, der besten Musikneipe Straubings.<\/p>\n<p>Rosengasse 34 in Straubing. Der Einlass ist um 19 Uhr. Der Eintritt liegt bei 11 Euro.<\/p>\n<p>&nbsp;<\/p>\n<p><strong>+++ \u201eJazz Pott\u201c-Preistr\u00e4ger mit Heimspiel +++<\/strong><\/p>\n<p>Das \u201eEssen Jazz Orchestra\u201c spielt am 24. November wieder in der Casa Essen. Nachdem die neunzehn Musikerinnen und Musiker und ihr Bandleader Tobias Sch\u00fctte gerade mit dem &#8222;Jazz-Pott&#8220; 2019 ausgezeichnet wurden, begeisterten sie am 22. September im Essen Grillo-Theater das Publikum. Zudem hatten sie ihre Deb\u00fct-CD \u201eRoadworks\u201c vorgestellt und das n\u00e4chste Heimspiel wartet schon: Am Sonntag, dem<strong> 24. November<\/strong> wird die Big Band, die aus Absolventen der Essener Folkwang Universit\u00e4t der K\u00fcnste und Musikern der freien Jazz-Szene Essens besteht, wieder St\u00fccke pr\u00e4sentieren, die von einigen Ensemblemitgliedern selbst komponiert wurden. Auff\u00fchrungsort ist <strong>ab 19 Uhr<\/strong> wieder die Casa des Schauspiel Essen.<\/p>\n<p>Es spielen: Roman Sieweke, Sebastian Gerhartz (Altsax), Philipp Sauer, Veit Lange (Tenorsax), Julius van Rhee (Baritonsax), Gerd Jentzsch, Jonathan B\u00f6bel, Philipp Schittek, Tobias Wember (Posaunen), Heidi Bayer, John-Dennis Renken, Matthias Schwengler, Stephan Struck (Trompeten), Andreas Wahl (Gitarre), Hajo Wiesemann (Klavier), Alex Morsey (Bass), Hermann Heidenreich (Drums).<\/p>\n<p><a href=\"https:\/\/www.theater-essen.de\/spielplan\/a-z\/essen-jazz-orchestra\/\">Infos und Tickets<\/a> gibt es online.<\/p>\n<p>&nbsp;<\/p>\n<p>&nbsp;<\/p>\n","protected":false},"excerpt":{"rendered":"<p>+++ Brazooka im Raven in Straubing +++ BRAZZOOKA \u2013 das sind kraftvolle Rhythmen und raffinierte Harmonien mit Elementen aus Funk, Jazz und Soul, die zu einem elektrisierenden Klangerlebnis verschmelzen. Die neunk\u00f6pfige Combo aus dem Raum Regensburg bewegt sich stilsicher durch mehr als f\u00fcnf Jahrzehnte einschl\u00e4giger Musikgeschichte: Im Repertoire finden sich Titel von Tower of Power, Steely Dan, Al Jarreau, Incognito, Bruno Mars und vielen weiteren K\u00fcnstlern von den Siebzigern bis zur Gegenwart. Musik zum Mitgrooven und Tanzen BRAZOOKA spielt am 6.10. im Raven, der besten Musikneipe Straubings. Rosengasse 34 in Straubing. Der Einlass ist um 19 Uhr. Der Eintritt liegt bei 11 Euro. &nbsp; +++ \u201eJazz Pott\u201c-Preistr\u00e4ger mit Heimspiel +++ Das \u201eEssen Jazz Orchestra\u201c spielt am 24. November wieder in der Casa Essen. Nachdem die neunzehn Musikerinnen und Musiker und ihr Bandleader Tobias Sch\u00fctte gerade mit dem &#8222;Jazz-Pott&#8220; 2019 ausgezeichnet wurden, begeisterten sie am 22. September im Essen Grillo-Theater das Publikum. Zudem hatten sie ihre Deb\u00fct-CD \u201eRoadworks\u201c vorgestellt und das n\u00e4chste Heimspiel wartet schon: Am Sonntag, dem 24. November wird die Big Band, die aus Absolventen der Essener Folkwang Universit\u00e4t der K\u00fcnste und Musikern der &hellip;<\/p>\n","protected":false},"author":18,"featured_media":20818,"comment_status":"open","ping_status":"closed","sticky":false,"template":"","format":"standard","meta":{"_jetpack_memberships_contains_paid_content":false,"footnotes":"","jetpack_publicize_message":"","jetpack_publicize_feature_enabled":true,"jetpack_social_post_already_shared":false,"jetpack_social_options":{"image_generator_settings":{"template":"highway","default_image_id":0,"font":"","enabled":false},"version":2}},"categories":[633],"tags":[2019,878,1763,1424,71,2650,2725,109,691,2388,215,2098,1876,2322,690,1941,1491,1951,1170,1797,1872,548,2491,562,608],"coauthors":[695],"class_list":["post-20779","post","type-post","status-publish","format-standard","has-post-thumbnail","hentry","category-nachrichten","tag-2019","tag-al-jarreau","tag-bass","tag-bayer","tag-big-band","tag-brazzooka","tag-budapest","tag-cd","tag-essen","tag-folkwang-universitaet-der-kuenste","tag-hamburg","tag-heidi-bayer","tag-jazz","tag-jazz-moves-tv","tag-jazz-pott","tag-john-dennis-renken","tag-musikgeschichte","tag-news","tag-preistraeger","tag-regensburg","tag-roman","tag-tickets","tag-tower-of-power","tag-tv","tag-youtube"],"yoast_head":"<!-- This site is optimized with the Yoast SEO plugin v27.5 - https:\/\/yoast.com\/product\/yoast-seo-wordpress\/ -->\n<title>+++ News +++ Brazooka im Raven in Straubing +++ \u201eJazz Pott\u201c-Preistr\u00e4ger mit Heimspiel +++ - JazzZeitung<\/title>\n<meta name=\"robots\" content=\"index, follow, max-snippet:-1, max-image-preview:large, max-video-preview:-1\" \/>\n<link rel=\"canonical\" href=\"https:\/\/www.jazzzeitung.de\/cms\/2019\/10\/news-brazooka-im-raven-in-straubing-jazz-pott-preistraeger-mit-heimspiel\/\" \/>\n<meta property=\"og:locale\" content=\"de_DE\" \/>\n<meta property=\"og:type\" content=\"article\" \/>\n<meta property=\"og:title\" content=\"+++ News +++ Brazooka im Raven in Straubing +++ \u201eJazz Pott\u201c-Preistr\u00e4ger mit Heimspiel +++ - JazzZeitung\" \/>\n<meta property=\"og:description\" content=\"+++ Brazooka im Raven in Straubing +++ BRAZZOOKA \u2013 das sind kraftvolle Rhythmen und raffinierte Harmonien mit Elementen aus Funk, Jazz und Soul, die zu einem elektrisierenden Klangerlebnis verschmelzen. Die neunk\u00f6pfige Combo aus dem Raum Regensburg bewegt sich stilsicher durch mehr als f\u00fcnf Jahrzehnte einschl\u00e4giger Musikgeschichte: Im Repertoire finden sich Titel von Tower of Power, Steely Dan, Al Jarreau, Incognito, Bruno Mars und vielen weiteren K\u00fcnstlern von den Siebzigern bis zur Gegenwart. Musik zum Mitgrooven und Tanzen BRAZOOKA spielt am 6.10. im Raven, der besten Musikneipe Straubings. Rosengasse 34 in Straubing. Der Einlass ist um 19 Uhr. Der Eintritt liegt bei 11 Euro. &nbsp; +++ \u201eJazz Pott\u201c-Preistr\u00e4ger mit Heimspiel +++ Das \u201eEssen Jazz Orchestra\u201c spielt am 24. November wieder in der Casa Essen. Nachdem die neunzehn Musikerinnen und Musiker und ihr Bandleader Tobias Sch\u00fctte gerade mit dem &#8222;Jazz-Pott&#8220; 2019 ausgezeichnet wurden, begeisterten sie am 22. September im Essen Grillo-Theater das Publikum. Zudem hatten sie ihre Deb\u00fct-CD \u201eRoadworks\u201c vorgestellt und das n\u00e4chste Heimspiel wartet schon: Am Sonntag, dem 24. November wird die Big Band, die aus Absolventen der Essener Folkwang Universit\u00e4t der K\u00fcnste und Musikern der &hellip;\" \/>\n<meta property=\"og:url\" content=\"https:\/\/www.jazzzeitung.de\/cms\/2019\/10\/news-brazooka-im-raven-in-straubing-jazz-pott-preistraeger-mit-heimspiel\/\" \/>\n<meta property=\"og:site_name\" content=\"JazzZeitung\" \/>\n<meta property=\"article:publisher\" content=\"https:\/\/www.facebook.com\/JazzZeitung\/\" \/>\n<meta property=\"article:published_time\" content=\"2019-10-02T06:31:29+00:00\" \/>\n<meta property=\"og:image\" content=\"https:\/\/www.jazzzeitung.de\/cms\/wp-content\/uploads\/2019\/10\/P1180005-900x600.jpg\" \/>\n\t<meta property=\"og:image:width\" content=\"900\" \/>\n\t<meta property=\"og:image:height\" content=\"600\" \/>\n\t<meta property=\"og:image:type\" content=\"image\/jpeg\" \/>\n<meta name=\"author\" content=\"Redaktion JazzZeitung\" \/>\n<script type=\"application\/ld+json\" class=\"yoast-schema-graph\">{\"@context\":\"https:\\\/\\\/schema.org\",\"@graph\":[{\"@type\":\"Article\",\"@id\":\"https:\\\/\\\/www.jazzzeitung.de\\\/cms\\\/2019\\\/10\\\/news-brazooka-im-raven-in-straubing-jazz-pott-preistraeger-mit-heimspiel\\\/#article\",\"isPartOf\":{\"@id\":\"https:\\\/\\\/www.jazzzeitung.de\\\/cms\\\/2019\\\/10\\\/news-brazooka-im-raven-in-straubing-jazz-pott-preistraeger-mit-heimspiel\\\/\"},\"author\":{\"name\":\"Redaktion JazzZeitung\",\"@id\":\"https:\\\/\\\/www.jazzzeitung.de\\\/cms\\\/#\\\/schema\\\/person\\\/2245b36b9cd1d24cea10f01c031fb92b\"},\"headline\":\"+++ News +++ Brazooka im Raven in Straubing +++ \u201eJazz Pott\u201c-Preistr\u00e4ger mit Heimspiel +++\",\"datePublished\":\"2019-10-02T06:31:29+00:00\",\"mainEntityOfPage\":{\"@id\":\"https:\\\/\\\/www.jazzzeitung.de\\\/cms\\\/2019\\\/10\\\/news-brazooka-im-raven-in-straubing-jazz-pott-preistraeger-mit-heimspiel\\\/\"},\"wordCount\":277,\"commentCount\":0,\"publisher\":{\"@id\":\"https:\\\/\\\/www.jazzzeitung.de\\\/cms\\\/#organization\"},\"image\":{\"@id\":\"https:\\\/\\\/www.jazzzeitung.de\\\/cms\\\/2019\\\/10\\\/news-brazooka-im-raven-in-straubing-jazz-pott-preistraeger-mit-heimspiel\\\/#primaryimage\"},\"thumbnailUrl\":\"https:\\\/\\\/i0.wp.com\\\/www.jazzzeitung.de\\\/cms\\\/wp-content\\\/uploads\\\/2019\\\/10\\\/P1180005.jpg?fit=5472%2C3648&ssl=1\",\"keywords\":[\"2019\",\"Al Jarreau\",\"Bass\",\"Bayer\",\"Big Band\",\"Brazzooka\",\"Budapest\",\"CD\",\"Essen\",\"Folkwang Universit\u00e4t der K\u00fcnste\",\"Hamburg\",\"Heidi Bayer\",\"Jazz\",\"Jazz Moves TV\",\"Jazz Pott\",\"John-Dennis Renken\",\"Musikgeschichte\",\"News\",\"Preistr\u00e4ger\",\"Regensburg\",\"Roman\",\"Tickets\",\"Tower of Power\",\"TV\",\"Youtube\"],\"articleSection\":[\"News\"],\"inLanguage\":\"de\",\"potentialAction\":[{\"@type\":\"CommentAction\",\"name\":\"Comment\",\"target\":[\"https:\\\/\\\/www.jazzzeitung.de\\\/cms\\\/2019\\\/10\\\/news-brazooka-im-raven-in-straubing-jazz-pott-preistraeger-mit-heimspiel\\\/#respond\"]}]},{\"@type\":\"WebPage\",\"@id\":\"https:\\\/\\\/www.jazzzeitung.de\\\/cms\\\/2019\\\/10\\\/news-brazooka-im-raven-in-straubing-jazz-pott-preistraeger-mit-heimspiel\\\/\",\"url\":\"https:\\\/\\\/www.jazzzeitung.de\\\/cms\\\/2019\\\/10\\\/news-brazooka-im-raven-in-straubing-jazz-pott-preistraeger-mit-heimspiel\\\/\",\"name\":\"+++ News +++ Brazooka im Raven in Straubing +++ \u201eJazz Pott\u201c-Preistr\u00e4ger mit Heimspiel +++ - JazzZeitung\",\"isPartOf\":{\"@id\":\"https:\\\/\\\/www.jazzzeitung.de\\\/cms\\\/#website\"},\"primaryImageOfPage\":{\"@id\":\"https:\\\/\\\/www.jazzzeitung.de\\\/cms\\\/2019\\\/10\\\/news-brazooka-im-raven-in-straubing-jazz-pott-preistraeger-mit-heimspiel\\\/#primaryimage\"},\"image\":{\"@id\":\"https:\\\/\\\/www.jazzzeitung.de\\\/cms\\\/2019\\\/10\\\/news-brazooka-im-raven-in-straubing-jazz-pott-preistraeger-mit-heimspiel\\\/#primaryimage\"},\"thumbnailUrl\":\"https:\\\/\\\/i0.wp.com\\\/www.jazzzeitung.de\\\/cms\\\/wp-content\\\/uploads\\\/2019\\\/10\\\/P1180005.jpg?fit=5472%2C3648&ssl=1\",\"datePublished\":\"2019-10-02T06:31:29+00:00\",\"breadcrumb\":{\"@id\":\"https:\\\/\\\/www.jazzzeitung.de\\\/cms\\\/2019\\\/10\\\/news-brazooka-im-raven-in-straubing-jazz-pott-preistraeger-mit-heimspiel\\\/#breadcrumb\"},\"inLanguage\":\"de\",\"potentialAction\":[{\"@type\":\"ReadAction\",\"target\":[\"https:\\\/\\\/www.jazzzeitung.de\\\/cms\\\/2019\\\/10\\\/news-brazooka-im-raven-in-straubing-jazz-pott-preistraeger-mit-heimspiel\\\/\"]}]},{\"@type\":\"ImageObject\",\"inLanguage\":\"de\",\"@id\":\"https:\\\/\\\/www.jazzzeitung.de\\\/cms\\\/2019\\\/10\\\/news-brazooka-im-raven-in-straubing-jazz-pott-preistraeger-mit-heimspiel\\\/#primaryimage\",\"url\":\"https:\\\/\\\/i0.wp.com\\\/www.jazzzeitung.de\\\/cms\\\/wp-content\\\/uploads\\\/2019\\\/10\\\/P1180005.jpg?fit=5472%2C3648&ssl=1\",\"contentUrl\":\"https:\\\/\\\/i0.wp.com\\\/www.jazzzeitung.de\\\/cms\\\/wp-content\\\/uploads\\\/2019\\\/10\\\/P1180005.jpg?fit=5472%2C3648&ssl=1\",\"width\":5472,\"height\":3648},{\"@type\":\"BreadcrumbList\",\"@id\":\"https:\\\/\\\/www.jazzzeitung.de\\\/cms\\\/2019\\\/10\\\/news-brazooka-im-raven-in-straubing-jazz-pott-preistraeger-mit-heimspiel\\\/#breadcrumb\",\"itemListElement\":[{\"@type\":\"ListItem\",\"position\":1,\"name\":\"Startseite\",\"item\":\"https:\\\/\\\/www.jazzzeitung.de\\\/cms\\\/\"},{\"@type\":\"ListItem\",\"position\":2,\"name\":\"+++ News +++ Brazooka im Raven in Straubing +++ \u201eJazz Pott\u201c-Preistr\u00e4ger mit Heimspiel +++\"}]},{\"@type\":\"WebSite\",\"@id\":\"https:\\\/\\\/www.jazzzeitung.de\\\/cms\\\/#website\",\"url\":\"https:\\\/\\\/www.jazzzeitung.de\\\/cms\\\/\",\"name\":\"JazzZeitung\",\"description\":\"Jazz-News und Jazz-Kontroverses\",\"publisher\":{\"@id\":\"https:\\\/\\\/www.jazzzeitung.de\\\/cms\\\/#organization\"},\"potentialAction\":[{\"@type\":\"SearchAction\",\"target\":{\"@type\":\"EntryPoint\",\"urlTemplate\":\"https:\\\/\\\/www.jazzzeitung.de\\\/cms\\\/?s={search_term_string}\"},\"query-input\":{\"@type\":\"PropertyValueSpecification\",\"valueRequired\":true,\"valueName\":\"search_term_string\"}}],\"inLanguage\":\"de\"},{\"@type\":\"Organization\",\"@id\":\"https:\\\/\\\/www.jazzzeitung.de\\\/cms\\\/#organization\",\"name\":\"JazzZeitung online\",\"url\":\"https:\\\/\\\/www.jazzzeitung.de\\\/cms\\\/\",\"logo\":{\"@type\":\"ImageObject\",\"inLanguage\":\"de\",\"@id\":\"https:\\\/\\\/www.jazzzeitung.de\\\/cms\\\/#\\\/schema\\\/logo\\\/image\\\/\",\"url\":\"https:\\\/\\\/i0.wp.com\\\/www.jazzzeitung.de\\\/cms\\\/wp-content\\\/uploads\\\/2015\\\/08\\\/JAZZZEITUNGDE_Logo_Neu.png?fit=499%2C200&ssl=1\",\"contentUrl\":\"https:\\\/\\\/i0.wp.com\\\/www.jazzzeitung.de\\\/cms\\\/wp-content\\\/uploads\\\/2015\\\/08\\\/JAZZZEITUNGDE_Logo_Neu.png?fit=499%2C200&ssl=1\",\"width\":499,\"height\":200,\"caption\":\"JazzZeitung online\"},\"image\":{\"@id\":\"https:\\\/\\\/www.jazzzeitung.de\\\/cms\\\/#\\\/schema\\\/logo\\\/image\\\/\"},\"sameAs\":[\"https:\\\/\\\/www.facebook.com\\\/JazzZeitung\\\/\"]},{\"@type\":\"Person\",\"@id\":\"https:\\\/\\\/www.jazzzeitung.de\\\/cms\\\/#\\\/schema\\\/person\\\/2245b36b9cd1d24cea10f01c031fb92b\",\"name\":\"Redaktion JazzZeitung\",\"image\":{\"@type\":\"ImageObject\",\"inLanguage\":\"de\",\"@id\":\"https:\\\/\\\/i0.wp.com\\\/www.jazzzeitung.de\\\/cms\\\/wp-content\\\/uploads\\\/2015\\\/08\\\/JAZZZEITUNGDE_Logo_Neu.png?resize=96%2C96&ssl=159975dcacb611b5700bd619b5daf0a7a\",\"url\":\"https:\\\/\\\/i0.wp.com\\\/www.jazzzeitung.de\\\/cms\\\/wp-content\\\/uploads\\\/2015\\\/08\\\/JAZZZEITUNGDE_Logo_Neu.png?resize=96%2C96&ssl=1\",\"contentUrl\":\"https:\\\/\\\/i0.wp.com\\\/www.jazzzeitung.de\\\/cms\\\/wp-content\\\/uploads\\\/2015\\\/08\\\/JAZZZEITUNGDE_Logo_Neu.png?resize=96%2C96&ssl=1\",\"caption\":\"Redaktion JazzZeitung\"},\"description\":\"Artikel der Redaktion der JazzZeitung.\",\"sameAs\":[\"http:\\\/\\\/www.jazzzeitung.de\\\/cms\\\/\"],\"url\":\"https:\\\/\\\/www.jazzzeitung.de\\\/cms\\\/author\\\/redaktion\\\/\"}]}<\/script>\n<!-- \/ Yoast SEO plugin. -->","yoast_head_json":{"title":"+++ News +++ Brazooka im Raven in Straubing +++ \u201eJazz Pott\u201c-Preistr\u00e4ger mit Heimspiel +++ - JazzZeitung","robots":{"index":"index","follow":"follow","max-snippet":"max-snippet:-1","max-image-preview":"max-image-preview:large","max-video-preview":"max-video-preview:-1"},"canonical":"https:\/\/www.jazzzeitung.de\/cms\/2019\/10\/news-brazooka-im-raven-in-straubing-jazz-pott-preistraeger-mit-heimspiel\/","og_locale":"de_DE","og_type":"article","og_title":"+++ News +++ Brazooka im Raven in Straubing +++ \u201eJazz Pott\u201c-Preistr\u00e4ger mit Heimspiel +++ - JazzZeitung","og_description":"+++ Brazooka im Raven in Straubing +++ BRAZZOOKA \u2013 das sind kraftvolle Rhythmen und raffinierte Harmonien mit Elementen aus Funk, Jazz und Soul, die zu einem elektrisierenden Klangerlebnis verschmelzen. Die neunk\u00f6pfige Combo aus dem Raum Regensburg bewegt sich stilsicher durch mehr als f\u00fcnf Jahrzehnte einschl\u00e4giger Musikgeschichte: Im Repertoire finden sich Titel von Tower of Power, Steely Dan, Al Jarreau, Incognito, Bruno Mars und vielen weiteren K\u00fcnstlern von den Siebzigern bis zur Gegenwart. Musik zum Mitgrooven und Tanzen BRAZOOKA spielt am 6.10. im Raven, der besten Musikneipe Straubings. Rosengasse 34 in Straubing. Der Einlass ist um 19 Uhr. Der Eintritt liegt bei 11 Euro. &nbsp; +++ \u201eJazz Pott\u201c-Preistr\u00e4ger mit Heimspiel +++ Das \u201eEssen Jazz Orchestra\u201c spielt am 24. November wieder in der Casa Essen. Nachdem die neunzehn Musikerinnen und Musiker und ihr Bandleader Tobias Sch\u00fctte gerade mit dem &#8222;Jazz-Pott&#8220; 2019 ausgezeichnet wurden, begeisterten sie am 22. September im Essen Grillo-Theater das Publikum. Zudem hatten sie ihre Deb\u00fct-CD \u201eRoadworks\u201c vorgestellt und das n\u00e4chste Heimspiel wartet schon: Am Sonntag, dem 24. November wird die Big Band, die aus Absolventen der Essener Folkwang Universit\u00e4t der K\u00fcnste und Musikern der &hellip;","og_url":"https:\/\/www.jazzzeitung.de\/cms\/2019\/10\/news-brazooka-im-raven-in-straubing-jazz-pott-preistraeger-mit-heimspiel\/","og_site_name":"JazzZeitung","article_publisher":"https:\/\/www.facebook.com\/JazzZeitung\/","article_published_time":"2019-10-02T06:31:29+00:00","og_image":[{"width":900,"height":600,"url":"https:\/\/www.jazzzeitung.de\/cms\/wp-content\/uploads\/2019\/10\/P1180005-900x600.jpg","type":"image\/jpeg"}],"author":"Redaktion JazzZeitung","schema":{"@context":"https:\/\/schema.org","@graph":[{"@type":"Article","@id":"https:\/\/www.jazzzeitung.de\/cms\/2019\/10\/news-brazooka-im-raven-in-straubing-jazz-pott-preistraeger-mit-heimspiel\/#article","isPartOf":{"@id":"https:\/\/www.jazzzeitung.de\/cms\/2019\/10\/news-brazooka-im-raven-in-straubing-jazz-pott-preistraeger-mit-heimspiel\/"},"author":{"name":"Redaktion JazzZeitung","@id":"https:\/\/www.jazzzeitung.de\/cms\/#\/schema\/person\/2245b36b9cd1d24cea10f01c031fb92b"},"headline":"+++ News +++ Brazooka im Raven in Straubing +++ \u201eJazz Pott\u201c-Preistr\u00e4ger mit Heimspiel +++","datePublished":"2019-10-02T06:31:29+00:00","mainEntityOfPage":{"@id":"https:\/\/www.jazzzeitung.de\/cms\/2019\/10\/news-brazooka-im-raven-in-straubing-jazz-pott-preistraeger-mit-heimspiel\/"},"wordCount":277,"commentCount":0,"publisher":{"@id":"https:\/\/www.jazzzeitung.de\/cms\/#organization"},"image":{"@id":"https:\/\/www.jazzzeitung.de\/cms\/2019\/10\/news-brazooka-im-raven-in-straubing-jazz-pott-preistraeger-mit-heimspiel\/#primaryimage"},"thumbnailUrl":"https:\/\/i0.wp.com\/www.jazzzeitung.de\/cms\/wp-content\/uploads\/2019\/10\/P1180005.jpg?fit=5472%2C3648&ssl=1","keywords":["2019","Al Jarreau","Bass","Bayer","Big Band","Brazzooka","Budapest","CD","Essen","Folkwang Universit\u00e4t der K\u00fcnste","Hamburg","Heidi Bayer","Jazz","Jazz Moves TV","Jazz Pott","John-Dennis Renken","Musikgeschichte","News","Preistr\u00e4ger","Regensburg","Roman","Tickets","Tower of Power","TV","Youtube"],"articleSection":["News"],"inLanguage":"de","potentialAction":[{"@type":"CommentAction","name":"Comment","target":["https:\/\/www.jazzzeitung.de\/cms\/2019\/10\/news-brazooka-im-raven-in-straubing-jazz-pott-preistraeger-mit-heimspiel\/#respond"]}]},{"@type":"WebPage","@id":"https:\/\/www.jazzzeitung.de\/cms\/2019\/10\/news-brazooka-im-raven-in-straubing-jazz-pott-preistraeger-mit-heimspiel\/","url":"https:\/\/www.jazzzeitung.de\/cms\/2019\/10\/news-brazooka-im-raven-in-straubing-jazz-pott-preistraeger-mit-heimspiel\/","name":"+++ News +++ Brazooka im Raven in Straubing +++ \u201eJazz Pott\u201c-Preistr\u00e4ger mit Heimspiel +++ - JazzZeitung","isPartOf":{"@id":"https:\/\/www.jazzzeitung.de\/cms\/#website"},"primaryImageOfPage":{"@id":"https:\/\/www.jazzzeitung.de\/cms\/2019\/10\/news-brazooka-im-raven-in-straubing-jazz-pott-preistraeger-mit-heimspiel\/#primaryimage"},"image":{"@id":"https:\/\/www.jazzzeitung.de\/cms\/2019\/10\/news-brazooka-im-raven-in-straubing-jazz-pott-preistraeger-mit-heimspiel\/#primaryimage"},"thumbnailUrl":"https:\/\/i0.wp.com\/www.jazzzeitung.de\/cms\/wp-content\/uploads\/2019\/10\/P1180005.jpg?fit=5472%2C3648&ssl=1","datePublished":"2019-10-02T06:31:29+00:00","breadcrumb":{"@id":"https:\/\/www.jazzzeitung.de\/cms\/2019\/10\/news-brazooka-im-raven-in-straubing-jazz-pott-preistraeger-mit-heimspiel\/#breadcrumb"},"inLanguage":"de","potentialAction":[{"@type":"ReadAction","target":["https:\/\/www.jazzzeitung.de\/cms\/2019\/10\/news-brazooka-im-raven-in-straubing-jazz-pott-preistraeger-mit-heimspiel\/"]}]},{"@type":"ImageObject","inLanguage":"de","@id":"https:\/\/www.jazzzeitung.de\/cms\/2019\/10\/news-brazooka-im-raven-in-straubing-jazz-pott-preistraeger-mit-heimspiel\/#primaryimage","url":"https:\/\/i0.wp.com\/www.jazzzeitung.de\/cms\/wp-content\/uploads\/2019\/10\/P1180005.jpg?fit=5472%2C3648&ssl=1","contentUrl":"https:\/\/i0.wp.com\/www.jazzzeitung.de\/cms\/wp-content\/uploads\/2019\/10\/P1180005.jpg?fit=5472%2C3648&ssl=1","width":5472,"height":3648},{"@type":"BreadcrumbList","@id":"https:\/\/www.jazzzeitung.de\/cms\/2019\/10\/news-brazooka-im-raven-in-straubing-jazz-pott-preistraeger-mit-heimspiel\/#breadcrumb","itemListElement":[{"@type":"ListItem","position":1,"name":"Startseite","item":"https:\/\/www.jazzzeitung.de\/cms\/"},{"@type":"ListItem","position":2,"name":"+++ News +++ Brazooka im Raven in Straubing +++ \u201eJazz Pott\u201c-Preistr\u00e4ger mit Heimspiel +++"}]},{"@type":"WebSite","@id":"https:\/\/www.jazzzeitung.de\/cms\/#website","url":"https:\/\/www.jazzzeitung.de\/cms\/","name":"JazzZeitung","description":"Jazz-News und Jazz-Kontroverses","publisher":{"@id":"https:\/\/www.jazzzeitung.de\/cms\/#organization"},"potentialAction":[{"@type":"SearchAction","target":{"@type":"EntryPoint","urlTemplate":"https:\/\/www.jazzzeitung.de\/cms\/?s={search_term_string}"},"query-input":{"@type":"PropertyValueSpecification","valueRequired":true,"valueName":"search_term_string"}}],"inLanguage":"de"},{"@type":"Organization","@id":"https:\/\/www.jazzzeitung.de\/cms\/#organization","name":"JazzZeitung online","url":"https:\/\/www.jazzzeitung.de\/cms\/","logo":{"@type":"ImageObject","inLanguage":"de","@id":"https:\/\/www.jazzzeitung.de\/cms\/#\/schema\/logo\/image\/","url":"https:\/\/i0.wp.com\/www.jazzzeitung.de\/cms\/wp-content\/uploads\/2015\/08\/JAZZZEITUNGDE_Logo_Neu.png?fit=499%2C200&ssl=1","contentUrl":"https:\/\/i0.wp.com\/www.jazzzeitung.de\/cms\/wp-content\/uploads\/2015\/08\/JAZZZEITUNGDE_Logo_Neu.png?fit=499%2C200&ssl=1","width":499,"height":200,"caption":"JazzZeitung online"},"image":{"@id":"https:\/\/www.jazzzeitung.de\/cms\/#\/schema\/logo\/image\/"},"sameAs":["https:\/\/www.facebook.com\/JazzZeitung\/"]},{"@type":"Person","@id":"https:\/\/www.jazzzeitung.de\/cms\/#\/schema\/person\/2245b36b9cd1d24cea10f01c031fb92b","name":"Redaktion JazzZeitung","image":{"@type":"ImageObject","inLanguage":"de","@id":"https:\/\/i0.wp.com\/www.jazzzeitung.de\/cms\/wp-content\/uploads\/2015\/08\/JAZZZEITUNGDE_Logo_Neu.png?resize=96%2C96&ssl=159975dcacb611b5700bd619b5daf0a7a","url":"https:\/\/i0.wp.com\/www.jazzzeitung.de\/cms\/wp-content\/uploads\/2015\/08\/JAZZZEITUNGDE_Logo_Neu.png?resize=96%2C96&ssl=1","contentUrl":"https:\/\/i0.wp.com\/www.jazzzeitung.de\/cms\/wp-content\/uploads\/2015\/08\/JAZZZEITUNGDE_Logo_Neu.png?resize=96%2C96&ssl=1","caption":"Redaktion JazzZeitung"},"description":"Artikel der Redaktion der JazzZeitung.","sameAs":["http:\/\/www.jazzzeitung.de\/cms\/"],"url":"https:\/\/www.jazzzeitung.de\/cms\/author\/redaktion\/"}]}},"wp-worthy-pixel":{"ignored":false,"public":null,"server":null,"url":null},"wp-worthy-type":"normal","jetpack_publicize_connections":[],"cc_featured_image_caption":{"caption_text":"","source_text":"","source_url":""},"jetpack_featured_media_url":"https:\/\/i0.wp.com\/www.jazzzeitung.de\/cms\/wp-content\/uploads\/2019\/10\/P1180005.jpg?fit=5472%2C3648&ssl=1","jetpack_shortlink":"https:\/\/wp.me\/p3KEcT-5p9","jetpack-related-posts":[{"id":22838,"url":"https:\/\/www.jazzzeitung.de\/cms\/2020\/06\/newsbrazzooka-gibt-konzert-im-raven-straubingjazzclub-huerth-mit-huerthsuedtirol-festival-merano-als-eins-der-ersten-festivals\/","url_meta":{"origin":20779,"position":0},"title":"news+++Brazzooka im Raven Straubing+++Jazzclub H\u00fcrth mit #H\u00dcRTH+++","author":"Redaktion JazzZeitung","date":"25. Juni 2020","format":false,"excerpt":"Erstes Indoor- Konzert im Straubinger Musikclub Raven seit Langem Die Funk- und Soul-Combo BRAZZOOKA gibt heute Abend das erste Konzert mit Publikum im Straubinger Musikclub Raven. Die neunk\u00f6pfige Band aus dem Raum Regensburg bewegt sich stilsicher durch mehr als f\u00fcnf Jahrzehnte einschl\u00e4giger Musikgeschichte: Im Repertoire finden sich Titel von Tower\u2026","rel":"","context":"In &quot;News&quot;","block_context":{"text":"News","link":"https:\/\/www.jazzzeitung.de\/cms\/thema\/nachrichten\/"},"img":{"alt_text":"","src":"https:\/\/i0.wp.com\/www.jazzzeitung.de\/cms\/wp-content\/uploads\/2020\/06\/Brazzooka-Landshut-%C2%A9Stefan-Freytag.jpg?fit=1200%2C800&ssl=1&resize=350%2C200","width":350,"height":200,"srcset":"https:\/\/i0.wp.com\/www.jazzzeitung.de\/cms\/wp-content\/uploads\/2020\/06\/Brazzooka-Landshut-%C2%A9Stefan-Freytag.jpg?fit=1200%2C800&ssl=1&resize=350%2C200 1x, https:\/\/i0.wp.com\/www.jazzzeitung.de\/cms\/wp-content\/uploads\/2020\/06\/Brazzooka-Landshut-%C2%A9Stefan-Freytag.jpg?fit=1200%2C800&ssl=1&resize=525%2C300 1.5x, https:\/\/i0.wp.com\/www.jazzzeitung.de\/cms\/wp-content\/uploads\/2020\/06\/Brazzooka-Landshut-%C2%A9Stefan-Freytag.jpg?fit=1200%2C800&ssl=1&resize=700%2C400 2x, https:\/\/i0.wp.com\/www.jazzzeitung.de\/cms\/wp-content\/uploads\/2020\/06\/Brazzooka-Landshut-%C2%A9Stefan-Freytag.jpg?fit=1200%2C800&ssl=1&resize=1050%2C600 3x"},"classes":[]},{"id":26695,"url":"https:\/\/www.jazzzeitung.de\/cms\/2022\/02\/news-4\/","url_meta":{"origin":20779,"position":1},"title":"+++ news +++ Jazzfestival Saalfelden +++ Bigband-Konzert Weimar +++ Absage H\u00fcrth +++ Bazzooka in Straubing +++","author":"Redaktion JazzZeitung","date":"3. Februar 2022","format":false,"excerpt":"+++ Jazzfestival Saalfelden - Start des Ticketverkaufs +++ Vom 18.-21. August wird das Jazzfestivals Saalfelden in seiner 42. Ausgabe stattfinden. Mehr als 60 Konzerte an unterschiedlichen Spielorten sind geplant. Mit dabei sind u.a. Isaiah Collier & The Chosen Few, Alba Careta Group, Christoph Cech Jazz Orchestra Project, Trondheim Jazz Orchestra\u2026","rel":"","context":"In &quot;News&quot;","block_context":{"text":"News","link":"https:\/\/www.jazzzeitung.de\/cms\/thema\/nachrichten\/"},"img":{"alt_text":"","src":"https:\/\/i0.wp.com\/www.jazzzeitung.de\/cms\/wp-content\/uploads\/2022\/02\/Isaiah-Collier-1.jpeg?fit=1200%2C800&ssl=1&resize=350%2C200","width":350,"height":200,"srcset":"https:\/\/i0.wp.com\/www.jazzzeitung.de\/cms\/wp-content\/uploads\/2022\/02\/Isaiah-Collier-1.jpeg?fit=1200%2C800&ssl=1&resize=350%2C200 1x, https:\/\/i0.wp.com\/www.jazzzeitung.de\/cms\/wp-content\/uploads\/2022\/02\/Isaiah-Collier-1.jpeg?fit=1200%2C800&ssl=1&resize=525%2C300 1.5x, https:\/\/i0.wp.com\/www.jazzzeitung.de\/cms\/wp-content\/uploads\/2022\/02\/Isaiah-Collier-1.jpeg?fit=1200%2C800&ssl=1&resize=700%2C400 2x, https:\/\/i0.wp.com\/www.jazzzeitung.de\/cms\/wp-content\/uploads\/2022\/02\/Isaiah-Collier-1.jpeg?fit=1200%2C800&ssl=1&resize=1050%2C600 3x"},"classes":[]},{"id":20115,"url":"https:\/\/www.jazzzeitung.de\/cms\/2019\/07\/brazzooka\/","url_meta":{"origin":20779,"position":2},"title":"Brazzooka im Degginger &#8211; ein Veranstaltungstipp","author":"Redaktion JazzZeitung","date":"22. Juli 2019","format":false,"excerpt":"Brazzooka \u2013 ein satter Bl\u00e4sersound, und eine Rhythmussection, die es versteht, so richtig zu grooven und deren Musik somit direkt in die Beine geht. Die neun Musiker aus dem Raum Regensburg verbinden die Musikstile Jazz, Funk und Latin auf ihre eigene Art und Weise und kleiden dabei bekannte Jazzstandards in\u2026","rel":"","context":"In &quot;News&quot;","block_context":{"text":"News","link":"https:\/\/www.jazzzeitung.de\/cms\/thema\/nachrichten\/"},"img":{"alt_text":"","src":"https:\/\/i0.wp.com\/www.jazzzeitung.de\/cms\/wp-content\/uploads\/2019\/07\/PressefotoLiveMitAriane.png?fit=1124%2C794&ssl=1&resize=350%2C200","width":350,"height":200,"srcset":"https:\/\/i0.wp.com\/www.jazzzeitung.de\/cms\/wp-content\/uploads\/2019\/07\/PressefotoLiveMitAriane.png?fit=1124%2C794&ssl=1&resize=350%2C200 1x, https:\/\/i0.wp.com\/www.jazzzeitung.de\/cms\/wp-content\/uploads\/2019\/07\/PressefotoLiveMitAriane.png?fit=1124%2C794&ssl=1&resize=525%2C300 1.5x, https:\/\/i0.wp.com\/www.jazzzeitung.de\/cms\/wp-content\/uploads\/2019\/07\/PressefotoLiveMitAriane.png?fit=1124%2C794&ssl=1&resize=700%2C400 2x, https:\/\/i0.wp.com\/www.jazzzeitung.de\/cms\/wp-content\/uploads\/2019\/07\/PressefotoLiveMitAriane.png?fit=1124%2C794&ssl=1&resize=1050%2C600 3x"},"classes":[]},{"id":6174,"url":"https:\/\/www.jazzzeitung.de\/cms\/2015\/05\/news-badi-assad-und-jamey-haddad-ottobrunn-gregory-porter-moderiert-den-echo-jazz-hamburg-isle-swing-bigband-straubing\/","url_meta":{"origin":20779,"position":3},"title":"News +++ Badi Assad und Jamey Haddad in Ottobrunn +++ Gregory Porter moderiert den ECHO Jazz in Hamburg +++ Isle Of Swing Bigband in Straubing +++","author":"Redaktion JazzZeitung","date":"19. Mai 2015","format":false,"excerpt":"\u201eTWO WOLRDS ONE\u201c \u2013 World meets Jazz Ganz im Zeichen der Weltmusik steht ein Konzert das am 21. Mai (20 Uhr) im Wolf-Ferrari-Haus in Ottobrunn stattfinden wird. Pr\u00e4sentiert wird es von den beiden k\u00fcnstlerischen Leiter der Ottobrunner Konzerte, Cornelius Claudio Kreusch und Johannes Tonio\u00a0Kreusch. Die beiden Br\u00fcder haben f\u00fcr diesen\u2026","rel":"","context":"In &quot;News&quot;","block_context":{"text":"News","link":"https:\/\/www.jazzzeitung.de\/cms\/thema\/nachrichten\/"},"img":{"alt_text":"Isle of Swing Bigband Fotos: Markus Fritsch","src":"https:\/\/i0.wp.com\/www.jazzzeitung.de\/cms\/wp-content\/uploads\/2015\/05\/Isle-of-Swing-Bigband-Pressefoto-3-2015-850-KB-150x150.jpg?resize=350%2C200","width":350,"height":200},"classes":[]},{"id":9638,"url":"https:\/\/www.jazzzeitung.de\/cms\/2016\/07\/der-jazz-pott-2016-geht-jochen-rueckert\/","url_meta":{"origin":20779,"position":4},"title":"Der \u201eJazz Pott\u201c 2016 geht an Jochen R\u00fcckert","author":"Redaktion JazzZeitung","date":"11. Juli 2016","format":false,"excerpt":"Auch in diesem Herbst beginnt die \u201eJazz in Essen\u201c-Saison mit der traditionellen \u201eJazz Pott\u201c-Verleihung. Der diesj\u00e4hrige Preistr\u00e4ger ist einer der wenigen deutschen Musiker, die auch in der Jazzmetropole New York Fu\u00df fassen konnten: der Schlagzeuger Jochen R\u00fcckert. 1975 in D\u00fcren bei K\u00f6ln geboren, begann R\u00fcckert im Alter von sechs Jahren\u2026","rel":"","context":"In &quot;News&quot;","block_context":{"text":"News","link":"https:\/\/www.jazzzeitung.de\/cms\/thema\/nachrichten\/"},"img":{"alt_text":"Jochen Rueckert","src":"https:\/\/i0.wp.com\/www.jazzzeitung.de\/cms\/wp-content\/uploads\/2016\/07\/Jochen_Rueckert_by_Konstantin_Kern_klein-150x150.jpg?resize=350%2C200","width":350,"height":200},"classes":[]},{"id":6579,"url":"https:\/\/www.jazzzeitung.de\/cms\/2015\/07\/jazz-sommer-im-bayerischen-hof-muenchen\/","url_meta":{"origin":20779,"position":5},"title":"Jazz Sommer im Bayerischen Hof &#8211; M\u00fcnchen","author":"Redaktion JazzZeitung","date":"13. Juli 2015","format":false,"excerpt":"Von Thomas J. Krebs - Der Countdown l\u00e4uft! Das einzigartige Hotel Bayerischer Hof in M\u00fcnchen ist der \u201eKeeper of the Flame\u201c, was die Fortf\u00fchrung des M\u00fcnchner Klaviersommers betrifft. Seit nunmehr 9 Jahren veranstaltet das Hotel, das als Mitveranstalter seit 1991mit an Bord ist, nun in Eigenregie den Jazz Sommer und\u2026","rel":"","context":"In &quot;News&quot;","block_context":{"text":"News","link":"https:\/\/www.jazzzeitung.de\/cms\/thema\/nachrichten\/"},"img":{"alt_text":"Al Jarreau. Foto: Krebs","src":"https:\/\/i0.wp.com\/www.jazzzeitung.de\/cms\/wp-content\/uploads\/2015\/07\/Jarreau-Al-119-Copyright-by-TJ-Krebs-jazzphotoagency%40web.de-001-150x150.jpg?resize=350%2C200","width":350,"height":200},"classes":[]}],"jetpack_sharing_enabled":true,"_links":{"self":[{"href":"https:\/\/www.jazzzeitung.de\/cms\/wp-json\/wp\/v2\/posts\/20779","targetHints":{"allow":["GET"]}}],"collection":[{"href":"https:\/\/www.jazzzeitung.de\/cms\/wp-json\/wp\/v2\/posts"}],"about":[{"href":"https:\/\/www.jazzzeitung.de\/cms\/wp-json\/wp\/v2\/types\/post"}],"author":[{"embeddable":true,"href":"https:\/\/www.jazzzeitung.de\/cms\/wp-json\/wp\/v2\/users\/18"}],"replies":[{"embeddable":true,"href":"https:\/\/www.jazzzeitung.de\/cms\/wp-json\/wp\/v2\/comments?post=20779"}],"version-history":[{"count":6,"href":"https:\/\/www.jazzzeitung.de\/cms\/wp-json\/wp\/v2\/posts\/20779\/revisions"}],"predecessor-version":[{"id":20819,"href":"https:\/\/www.jazzzeitung.de\/cms\/wp-json\/wp\/v2\/posts\/20779\/revisions\/20819"}],"wp:featuredmedia":[{"embeddable":true,"href":"https:\/\/www.jazzzeitung.de\/cms\/wp-json\/wp\/v2\/media\/20818"}],"wp:attachment":[{"href":"https:\/\/www.jazzzeitung.de\/cms\/wp-json\/wp\/v2\/media?parent=20779"}],"wp:term":[{"taxonomy":"category","embeddable":true,"href":"https:\/\/www.jazzzeitung.de\/cms\/wp-json\/wp\/v2\/categories?post=20779"},{"taxonomy":"post_tag","embeddable":true,"href":"https:\/\/www.jazzzeitung.de\/cms\/wp-json\/wp\/v2\/tags?post=20779"},{"taxonomy":"author","embeddable":true,"href":"https:\/\/www.jazzzeitung.de\/cms\/wp-json\/wp\/v2\/coauthors?post=20779"}],"curies":[{"name":"wp","href":"https:\/\/api.w.org\/{rel}","templated":true}]}}