{"id":20674,"date":"2019-09-12T10:00:00","date_gmt":"2019-09-12T08:00:00","guid":{"rendered":"https:\/\/www.jazzzeitung.de\/cms\/?p=20674"},"modified":"2019-09-11T14:01:17","modified_gmt":"2019-09-11T12:01:17","slug":"festivalprogramm-des-56-jazzfest-berlin-2019-veroeffentlicht","status":"publish","type":"post","link":"https:\/\/www.jazzzeitung.de\/cms\/2019\/09\/festivalprogramm-des-56-jazzfest-berlin-2019-veroeffentlicht\/","title":{"rendered":"Festivalprogramm des 56. Jazzfest Berlin 2019 ver\u00f6ffentlicht"},"content":{"rendered":"<p>Das Jazzfest Berlin 2019 wird von den Berliner Festspielen vom 31. Oktober bis 3. November veranstaltet und stellt in seiner diesj\u00e4hrigen Ausgabe Communities, Kollektive und internationale Begegnungen in den Fokus. An den vier Festivaltagen sind rund 200 Musiker*innen aus mehr als 15 L\u00e4ndern in verschiedensten Formationen im Haus der Berliner Festspiele und an vier weiteren Spielst\u00e4tten zu erleben. Ausgehend von Anthony Braxton, der als Komponist und Multi-Instrumentalist eine Zentralfigur der freien Improvisationsszene in den USA ist, entfaltet sich ein Programm mit insgesamt 28 musikalischen Acts und einem Rahmenprogramm mit Filmen und Gespr\u00e4chen. Dabei werden im letzten Jahr geschlossene Partnerschaften fortgef\u00fchrt und eine Vielzahl von neuen Stimmen eingeladen. Alleine 15 Formationen bzw. deren Arbeiten feiern ihre Deutschlandpremiere. F\u00fcnf Projekte sind g\u00e4nzlich neue Produktionen.<\/p>\n<h4>Premieren<\/h4>\n<p>Mitglied des KIM Collective und ebenfalls in Berlin ans\u00e4ssig ist die australische Gitarristin Julia Reidy. Ihr neues Auftragswerk wird vom Australian Art Orchestra neben literarisch inspirierten Kompositionen Peter Knights zur Auff\u00fchrung gebracht. Am gleichen Abend spielt Schlagzeuger Christian Lillinger \u2013 zum zweiten Mal \u00fcberhaupt \u2013 live sein Projekt \u201eOpen Form for Society&#8220;, eine akribisch durchkomponierte Symphonie unter Beteiligung von acht weiteren, internationalen und in Berlin ans\u00e4ssigen Musiker*innen. Ebenfalls in Berlin lebt die t\u00fcrkische Vokalistin Cansu Tanr\u0131kulu, die beim Jazzfest Berlin 2019 zusammen mit ihrem neuen Trio Melez die Weltpremiere einer \u201eSuite&#8220; feiert. Mit ihren aktuellen Alben kommen die franz\u00f6sische S\u00e4ngerin Le\u00efla Martial und die aus Chile stammende Saxophonistin Melissa Aldana. Die S\u00e4ngerin und Multi-Instrumentalistin Angel Bat Dawid dockt mit ihrer Chicagoer Band The Brothahood an die Schwerpunktthemen der letztj\u00e4hrigen Festivalausgabe \u2013 Afrofuturismus und Chicago als musikalisches Zentrum \u2013 an. Sinikka Langeland stellt ihr aktuelles Projekt \u201eSauna Cathedral&#8220; basierend auf traditionell finnischen Volksrunen in der Kaiser-Wilhelm-Ged\u00e4chtniskirche vor.<\/p>\n<h4>Hip-Hop meets Jazz<\/h4>\n<p>Andere Genregrenzg\u00e4nger*innen der diesj\u00e4hrigen Festivalausgabe integrieren sowohl die musikalische Formensprache als auch den politischen Gehalt von Hip-Hop in ihre Musik und prangern strukturellen Rassismus in den USA an: der Trompeter Ambrose Akinmusire, f\u00fcr den Jazz und Hip-Hop das Gleiche sagen, mit seinem Album \u201eOrigami Harvest&#8220;, und James Brandon Lewis mit seiner Frontline-Partnerin Jaimie Branch und Gitarristin Ava Mendoza in \u201eAn UnRuly Manifesto&#8220; sowie die texanische Band The Young Mothers, die seit Jahren an ihrer polyglotten Musikkonzeption feilt. Vier Soloprojekte werden beim Festival zu erleben sein. Es treten drei Pianist*innen der j\u00fcngeren Generation auf: der aus Philadelphia stammende Brian Marsella, Elliot Galvin aus England und Eve Risser aus Frankreich. In dem Projekt \u201eWork&#8220; des Gitarristen Miles Okazaki wird die Welt des Pianisten Thelonious Monk zu neuem Leben erweckt, w\u00e4hrend sich der Pianist Joachim K\u00fchn mit Michel Portal und der hr-Bigband auf die Spur von Ornette Coleman, den Ur-Vater des Freejazz, begibt. Ein Pionier der europ\u00e4ischen Improvisationsmusik ist der Schlagzeuger Paul Lovens, dem die Deutsche Jazzunion den Albert-Mangelsdorff-Preis (Deutscher Jazzpreis) verleiht. Die Kiezkonzerte lassen die K\u00fcnstler*innen des Festivals wieder in ungew\u00f6hnlichen R\u00e4umen und pers\u00f6nlichem Rahmen greifbar werden.<\/p>\n<p>Im Abschlusskonzert des Jazzfest Berlin 2019 wird Anthony Braxton mit seinem aktuellen Projekt \u201eZIM Music&#8220; auftreten, daran anschlie\u00dfend setzt der politisch engagierte Gitarrist Marc Ribot zusammen mit Nick Dunston, Jay Rodriguez und Chad Taylor den Schlusspunkt zur 56. Ausgabe \u2013 sein Auftritt ist ein Jazzfest Berlin-Deb\u00fct. Zentraler Veranstaltungsort des Jazzfest Berlin 2019 ist das Haus der Berliner Festspiele mit seinen verschiedenen B\u00fchnen. Weitere Spielorte sind der Gropius Bau, das A-Trane, das Quasimodo und die Kaiser-Wilhelm-Ged\u00e4chtnis-Kirche. Die Konzerte des Jazzfest Berlin 2019 werden von den ARD-Rundfunkanstalten und Deutschlandfunk Kultur aufgezeichnet und teilweise auch LIVE gesendet. Der Kartenvorverkauf f\u00fcr das <a href=\"https:\/\/www.berlinerfestspiele.de\/de\/jazzfest-berlin\/programm\/2019\/gesamt\/termine.html\">Gesamtprogramm<\/a> des Jazzfest Berlin 2019 startet am 10. September.<\/p>\n","protected":false},"excerpt":{"rendered":"<p>Das Jazzfest Berlin 2019 wird von den Berliner Festspielen vom 31. Oktober bis 3. November veranstaltet und stellt in seiner diesj\u00e4hrigen Ausgabe Communities, Kollektive und internationale Begegnungen in den Fokus. An den vier Festivaltagen sind rund 200 Musiker*innen aus mehr als 15 L\u00e4ndern in verschiedensten Formationen im Haus der Berliner Festspiele und an vier weiteren Spielst\u00e4tten zu erleben. Ausgehend von Anthony Braxton, der als Komponist und Multi-Instrumentalist eine Zentralfigur der freien Improvisationsszene in den USA ist, entfaltet sich ein Programm mit insgesamt 28 musikalischen Acts und einem Rahmenprogramm mit Filmen und Gespr\u00e4chen. Dabei werden im letzten Jahr geschlossene Partnerschaften fortgef\u00fchrt und eine Vielzahl von neuen Stimmen eingeladen. Alleine 15 Formationen bzw. deren Arbeiten feiern ihre Deutschlandpremiere. F\u00fcnf Projekte sind g\u00e4nzlich neue Produktionen. Premieren Mitglied des KIM Collective und ebenfalls in Berlin ans\u00e4ssig ist die australische Gitarristin Julia Reidy. Ihr neues Auftragswerk wird vom Australian Art Orchestra neben literarisch inspirierten Kompositionen Peter Knights zur Auff\u00fchrung gebracht. Am gleichen Abend spielt Schlagzeuger Christian Lillinger \u2013 zum zweiten Mal \u00fcberhaupt \u2013 live sein Projekt \u201eOpen Form for Society&#8220;, eine akribisch durchkomponierte Symphonie unter Beteiligung von acht weiteren, internationalen &hellip;<\/p>\n","protected":false},"author":18,"featured_media":20675,"comment_status":"open","ping_status":"closed","sticky":false,"template":"","format":"standard","meta":{"_jetpack_memberships_contains_paid_content":false,"footnotes":"","jetpack_publicize_message":"","jetpack_publicize_feature_enabled":true,"jetpack_social_post_already_shared":false,"jetpack_social_options":{"image_generator_settings":{"template":"highway","default_image_id":0,"font":"","enabled":false},"version":2}},"categories":[633],"tags":[2749,2750],"coauthors":[695],"class_list":["post-20674","post","type-post","status-publish","format-standard","has-post-thumbnail","hentry","category-nachrichten","tag-56-jazzfest-berlin-2019","tag-berliner-festspiele"],"yoast_head":"<!-- This site is optimized with the Yoast SEO plugin v27.4 - https:\/\/yoast.com\/product\/yoast-seo-wordpress\/ -->\n<title>Festivalprogramm des 56. Jazzfest Berlin 2019 ver\u00f6ffentlicht - JazzZeitung<\/title>\n<meta name=\"robots\" content=\"index, follow, max-snippet:-1, max-image-preview:large, max-video-preview:-1\" \/>\n<link rel=\"canonical\" href=\"https:\/\/www.jazzzeitung.de\/cms\/2019\/09\/festivalprogramm-des-56-jazzfest-berlin-2019-veroeffentlicht\/\" \/>\n<meta property=\"og:locale\" content=\"de_DE\" \/>\n<meta property=\"og:type\" content=\"article\" \/>\n<meta property=\"og:title\" content=\"Festivalprogramm des 56. Jazzfest Berlin 2019 ver\u00f6ffentlicht - JazzZeitung\" \/>\n<meta property=\"og:description\" content=\"Das Jazzfest Berlin 2019 wird von den Berliner Festspielen vom 31. Oktober bis 3. November veranstaltet und stellt in seiner diesj\u00e4hrigen Ausgabe Communities, Kollektive und internationale Begegnungen in den Fokus. An den vier Festivaltagen sind rund 200 Musiker*innen aus mehr als 15 L\u00e4ndern in verschiedensten Formationen im Haus der Berliner Festspiele und an vier weiteren Spielst\u00e4tten zu erleben. Ausgehend von Anthony Braxton, der als Komponist und Multi-Instrumentalist eine Zentralfigur der freien Improvisationsszene in den USA ist, entfaltet sich ein Programm mit insgesamt 28 musikalischen Acts und einem Rahmenprogramm mit Filmen und Gespr\u00e4chen. Dabei werden im letzten Jahr geschlossene Partnerschaften fortgef\u00fchrt und eine Vielzahl von neuen Stimmen eingeladen. Alleine 15 Formationen bzw. deren Arbeiten feiern ihre Deutschlandpremiere. F\u00fcnf Projekte sind g\u00e4nzlich neue Produktionen. Premieren Mitglied des KIM Collective und ebenfalls in Berlin ans\u00e4ssig ist die australische Gitarristin Julia Reidy. Ihr neues Auftragswerk wird vom Australian Art Orchestra neben literarisch inspirierten Kompositionen Peter Knights zur Auff\u00fchrung gebracht. Am gleichen Abend spielt Schlagzeuger Christian Lillinger \u2013 zum zweiten Mal \u00fcberhaupt \u2013 live sein Projekt \u201eOpen Form for Society&#8220;, eine akribisch durchkomponierte Symphonie unter Beteiligung von acht weiteren, internationalen &hellip;\" \/>\n<meta property=\"og:url\" content=\"https:\/\/www.jazzzeitung.de\/cms\/2019\/09\/festivalprogramm-des-56-jazzfest-berlin-2019-veroeffentlicht\/\" \/>\n<meta property=\"og:site_name\" content=\"JazzZeitung\" \/>\n<meta property=\"article:publisher\" content=\"https:\/\/www.facebook.com\/JazzZeitung\/\" \/>\n<meta property=\"article:published_time\" content=\"2019-09-12T08:00:00+00:00\" \/>\n<meta property=\"og:image\" content=\"https:\/\/www.jazzzeitung.de\/cms\/wp-content\/uploads\/2019\/09\/jfb19_p_moskus_trio_c_til_nedlasting-900x506.jpg\" \/>\n\t<meta property=\"og:image:width\" content=\"900\" \/>\n\t<meta property=\"og:image:height\" content=\"506\" \/>\n\t<meta property=\"og:image:type\" content=\"image\/jpeg\" \/>\n<meta name=\"author\" content=\"Redaktion JazzZeitung\" \/>\n<script type=\"application\/ld+json\" class=\"yoast-schema-graph\">{\"@context\":\"https:\\\/\\\/schema.org\",\"@graph\":[{\"@type\":\"Article\",\"@id\":\"https:\\\/\\\/www.jazzzeitung.de\\\/cms\\\/2019\\\/09\\\/festivalprogramm-des-56-jazzfest-berlin-2019-veroeffentlicht\\\/#article\",\"isPartOf\":{\"@id\":\"https:\\\/\\\/www.jazzzeitung.de\\\/cms\\\/2019\\\/09\\\/festivalprogramm-des-56-jazzfest-berlin-2019-veroeffentlicht\\\/\"},\"author\":{\"name\":\"Redaktion JazzZeitung\",\"@id\":\"https:\\\/\\\/www.jazzzeitung.de\\\/cms\\\/#\\\/schema\\\/person\\\/2245b36b9cd1d24cea10f01c031fb92b\"},\"headline\":\"Festivalprogramm des 56. Jazzfest Berlin 2019 ver\u00f6ffentlicht\",\"datePublished\":\"2019-09-12T08:00:00+00:00\",\"mainEntityOfPage\":{\"@id\":\"https:\\\/\\\/www.jazzzeitung.de\\\/cms\\\/2019\\\/09\\\/festivalprogramm-des-56-jazzfest-berlin-2019-veroeffentlicht\\\/\"},\"wordCount\":600,\"commentCount\":0,\"publisher\":{\"@id\":\"https:\\\/\\\/www.jazzzeitung.de\\\/cms\\\/#organization\"},\"image\":{\"@id\":\"https:\\\/\\\/www.jazzzeitung.de\\\/cms\\\/2019\\\/09\\\/festivalprogramm-des-56-jazzfest-berlin-2019-veroeffentlicht\\\/#primaryimage\"},\"thumbnailUrl\":\"https:\\\/\\\/i0.wp.com\\\/www.jazzzeitung.de\\\/cms\\\/wp-content\\\/uploads\\\/2019\\\/09\\\/jfb19_p_moskus_trio_c_til_nedlasting.jpg?fit=4608%2C2592&ssl=1\",\"keywords\":[\"56. Jazzfest Berlin 2019\",\"Berliner Festspiele\"],\"articleSection\":[\"News\"],\"inLanguage\":\"de\",\"potentialAction\":[{\"@type\":\"CommentAction\",\"name\":\"Comment\",\"target\":[\"https:\\\/\\\/www.jazzzeitung.de\\\/cms\\\/2019\\\/09\\\/festivalprogramm-des-56-jazzfest-berlin-2019-veroeffentlicht\\\/#respond\"]}]},{\"@type\":\"WebPage\",\"@id\":\"https:\\\/\\\/www.jazzzeitung.de\\\/cms\\\/2019\\\/09\\\/festivalprogramm-des-56-jazzfest-berlin-2019-veroeffentlicht\\\/\",\"url\":\"https:\\\/\\\/www.jazzzeitung.de\\\/cms\\\/2019\\\/09\\\/festivalprogramm-des-56-jazzfest-berlin-2019-veroeffentlicht\\\/\",\"name\":\"Festivalprogramm des 56. Jazzfest Berlin 2019 ver\u00f6ffentlicht - JazzZeitung\",\"isPartOf\":{\"@id\":\"https:\\\/\\\/www.jazzzeitung.de\\\/cms\\\/#website\"},\"primaryImageOfPage\":{\"@id\":\"https:\\\/\\\/www.jazzzeitung.de\\\/cms\\\/2019\\\/09\\\/festivalprogramm-des-56-jazzfest-berlin-2019-veroeffentlicht\\\/#primaryimage\"},\"image\":{\"@id\":\"https:\\\/\\\/www.jazzzeitung.de\\\/cms\\\/2019\\\/09\\\/festivalprogramm-des-56-jazzfest-berlin-2019-veroeffentlicht\\\/#primaryimage\"},\"thumbnailUrl\":\"https:\\\/\\\/i0.wp.com\\\/www.jazzzeitung.de\\\/cms\\\/wp-content\\\/uploads\\\/2019\\\/09\\\/jfb19_p_moskus_trio_c_til_nedlasting.jpg?fit=4608%2C2592&ssl=1\",\"datePublished\":\"2019-09-12T08:00:00+00:00\",\"breadcrumb\":{\"@id\":\"https:\\\/\\\/www.jazzzeitung.de\\\/cms\\\/2019\\\/09\\\/festivalprogramm-des-56-jazzfest-berlin-2019-veroeffentlicht\\\/#breadcrumb\"},\"inLanguage\":\"de\",\"potentialAction\":[{\"@type\":\"ReadAction\",\"target\":[\"https:\\\/\\\/www.jazzzeitung.de\\\/cms\\\/2019\\\/09\\\/festivalprogramm-des-56-jazzfest-berlin-2019-veroeffentlicht\\\/\"]}]},{\"@type\":\"ImageObject\",\"inLanguage\":\"de\",\"@id\":\"https:\\\/\\\/www.jazzzeitung.de\\\/cms\\\/2019\\\/09\\\/festivalprogramm-des-56-jazzfest-berlin-2019-veroeffentlicht\\\/#primaryimage\",\"url\":\"https:\\\/\\\/i0.wp.com\\\/www.jazzzeitung.de\\\/cms\\\/wp-content\\\/uploads\\\/2019\\\/09\\\/jfb19_p_moskus_trio_c_til_nedlasting.jpg?fit=4608%2C2592&ssl=1\",\"contentUrl\":\"https:\\\/\\\/i0.wp.com\\\/www.jazzzeitung.de\\\/cms\\\/wp-content\\\/uploads\\\/2019\\\/09\\\/jfb19_p_moskus_trio_c_til_nedlasting.jpg?fit=4608%2C2592&ssl=1\",\"width\":4608,\"height\":2592,\"caption\":\"Moskus Trio\"},{\"@type\":\"BreadcrumbList\",\"@id\":\"https:\\\/\\\/www.jazzzeitung.de\\\/cms\\\/2019\\\/09\\\/festivalprogramm-des-56-jazzfest-berlin-2019-veroeffentlicht\\\/#breadcrumb\",\"itemListElement\":[{\"@type\":\"ListItem\",\"position\":1,\"name\":\"Startseite\",\"item\":\"https:\\\/\\\/www.jazzzeitung.de\\\/cms\\\/\"},{\"@type\":\"ListItem\",\"position\":2,\"name\":\"Festivalprogramm des 56. Jazzfest Berlin 2019 ver\u00f6ffentlicht\"}]},{\"@type\":\"WebSite\",\"@id\":\"https:\\\/\\\/www.jazzzeitung.de\\\/cms\\\/#website\",\"url\":\"https:\\\/\\\/www.jazzzeitung.de\\\/cms\\\/\",\"name\":\"JazzZeitung\",\"description\":\"Jazz-News und Jazz-Kontroverses\",\"publisher\":{\"@id\":\"https:\\\/\\\/www.jazzzeitung.de\\\/cms\\\/#organization\"},\"potentialAction\":[{\"@type\":\"SearchAction\",\"target\":{\"@type\":\"EntryPoint\",\"urlTemplate\":\"https:\\\/\\\/www.jazzzeitung.de\\\/cms\\\/?s={search_term_string}\"},\"query-input\":{\"@type\":\"PropertyValueSpecification\",\"valueRequired\":true,\"valueName\":\"search_term_string\"}}],\"inLanguage\":\"de\"},{\"@type\":\"Organization\",\"@id\":\"https:\\\/\\\/www.jazzzeitung.de\\\/cms\\\/#organization\",\"name\":\"JazzZeitung online\",\"url\":\"https:\\\/\\\/www.jazzzeitung.de\\\/cms\\\/\",\"logo\":{\"@type\":\"ImageObject\",\"inLanguage\":\"de\",\"@id\":\"https:\\\/\\\/www.jazzzeitung.de\\\/cms\\\/#\\\/schema\\\/logo\\\/image\\\/\",\"url\":\"https:\\\/\\\/i0.wp.com\\\/www.jazzzeitung.de\\\/cms\\\/wp-content\\\/uploads\\\/2015\\\/08\\\/JAZZZEITUNGDE_Logo_Neu.png?fit=499%2C200&ssl=1\",\"contentUrl\":\"https:\\\/\\\/i0.wp.com\\\/www.jazzzeitung.de\\\/cms\\\/wp-content\\\/uploads\\\/2015\\\/08\\\/JAZZZEITUNGDE_Logo_Neu.png?fit=499%2C200&ssl=1\",\"width\":499,\"height\":200,\"caption\":\"JazzZeitung online\"},\"image\":{\"@id\":\"https:\\\/\\\/www.jazzzeitung.de\\\/cms\\\/#\\\/schema\\\/logo\\\/image\\\/\"},\"sameAs\":[\"https:\\\/\\\/www.facebook.com\\\/JazzZeitung\\\/\"]},{\"@type\":\"Person\",\"@id\":\"https:\\\/\\\/www.jazzzeitung.de\\\/cms\\\/#\\\/schema\\\/person\\\/2245b36b9cd1d24cea10f01c031fb92b\",\"name\":\"Redaktion JazzZeitung\",\"image\":{\"@type\":\"ImageObject\",\"inLanguage\":\"de\",\"@id\":\"https:\\\/\\\/i0.wp.com\\\/www.jazzzeitung.de\\\/cms\\\/wp-content\\\/uploads\\\/2015\\\/08\\\/JAZZZEITUNGDE_Logo_Neu.png?resize=96%2C96&ssl=159975dcacb611b5700bd619b5daf0a7a\",\"url\":\"https:\\\/\\\/i0.wp.com\\\/www.jazzzeitung.de\\\/cms\\\/wp-content\\\/uploads\\\/2015\\\/08\\\/JAZZZEITUNGDE_Logo_Neu.png?resize=96%2C96&ssl=1\",\"contentUrl\":\"https:\\\/\\\/i0.wp.com\\\/www.jazzzeitung.de\\\/cms\\\/wp-content\\\/uploads\\\/2015\\\/08\\\/JAZZZEITUNGDE_Logo_Neu.png?resize=96%2C96&ssl=1\",\"caption\":\"Redaktion JazzZeitung\"},\"description\":\"Artikel der Redaktion der JazzZeitung.\",\"sameAs\":[\"http:\\\/\\\/www.jazzzeitung.de\\\/cms\\\/\"],\"url\":\"https:\\\/\\\/www.jazzzeitung.de\\\/cms\\\/author\\\/redaktion\\\/\"}]}<\/script>\n<!-- \/ Yoast SEO plugin. -->","yoast_head_json":{"title":"Festivalprogramm des 56. Jazzfest Berlin 2019 ver\u00f6ffentlicht - JazzZeitung","robots":{"index":"index","follow":"follow","max-snippet":"max-snippet:-1","max-image-preview":"max-image-preview:large","max-video-preview":"max-video-preview:-1"},"canonical":"https:\/\/www.jazzzeitung.de\/cms\/2019\/09\/festivalprogramm-des-56-jazzfest-berlin-2019-veroeffentlicht\/","og_locale":"de_DE","og_type":"article","og_title":"Festivalprogramm des 56. Jazzfest Berlin 2019 ver\u00f6ffentlicht - JazzZeitung","og_description":"Das Jazzfest Berlin 2019 wird von den Berliner Festspielen vom 31. Oktober bis 3. November veranstaltet und stellt in seiner diesj\u00e4hrigen Ausgabe Communities, Kollektive und internationale Begegnungen in den Fokus. An den vier Festivaltagen sind rund 200 Musiker*innen aus mehr als 15 L\u00e4ndern in verschiedensten Formationen im Haus der Berliner Festspiele und an vier weiteren Spielst\u00e4tten zu erleben. Ausgehend von Anthony Braxton, der als Komponist und Multi-Instrumentalist eine Zentralfigur der freien Improvisationsszene in den USA ist, entfaltet sich ein Programm mit insgesamt 28 musikalischen Acts und einem Rahmenprogramm mit Filmen und Gespr\u00e4chen. Dabei werden im letzten Jahr geschlossene Partnerschaften fortgef\u00fchrt und eine Vielzahl von neuen Stimmen eingeladen. Alleine 15 Formationen bzw. deren Arbeiten feiern ihre Deutschlandpremiere. F\u00fcnf Projekte sind g\u00e4nzlich neue Produktionen. Premieren Mitglied des KIM Collective und ebenfalls in Berlin ans\u00e4ssig ist die australische Gitarristin Julia Reidy. Ihr neues Auftragswerk wird vom Australian Art Orchestra neben literarisch inspirierten Kompositionen Peter Knights zur Auff\u00fchrung gebracht. Am gleichen Abend spielt Schlagzeuger Christian Lillinger \u2013 zum zweiten Mal \u00fcberhaupt \u2013 live sein Projekt \u201eOpen Form for Society&#8220;, eine akribisch durchkomponierte Symphonie unter Beteiligung von acht weiteren, internationalen &hellip;","og_url":"https:\/\/www.jazzzeitung.de\/cms\/2019\/09\/festivalprogramm-des-56-jazzfest-berlin-2019-veroeffentlicht\/","og_site_name":"JazzZeitung","article_publisher":"https:\/\/www.facebook.com\/JazzZeitung\/","article_published_time":"2019-09-12T08:00:00+00:00","og_image":[{"width":900,"height":506,"url":"https:\/\/www.jazzzeitung.de\/cms\/wp-content\/uploads\/2019\/09\/jfb19_p_moskus_trio_c_til_nedlasting-900x506.jpg","type":"image\/jpeg"}],"author":"Redaktion JazzZeitung","schema":{"@context":"https:\/\/schema.org","@graph":[{"@type":"Article","@id":"https:\/\/www.jazzzeitung.de\/cms\/2019\/09\/festivalprogramm-des-56-jazzfest-berlin-2019-veroeffentlicht\/#article","isPartOf":{"@id":"https:\/\/www.jazzzeitung.de\/cms\/2019\/09\/festivalprogramm-des-56-jazzfest-berlin-2019-veroeffentlicht\/"},"author":{"name":"Redaktion JazzZeitung","@id":"https:\/\/www.jazzzeitung.de\/cms\/#\/schema\/person\/2245b36b9cd1d24cea10f01c031fb92b"},"headline":"Festivalprogramm des 56. Jazzfest Berlin 2019 ver\u00f6ffentlicht","datePublished":"2019-09-12T08:00:00+00:00","mainEntityOfPage":{"@id":"https:\/\/www.jazzzeitung.de\/cms\/2019\/09\/festivalprogramm-des-56-jazzfest-berlin-2019-veroeffentlicht\/"},"wordCount":600,"commentCount":0,"publisher":{"@id":"https:\/\/www.jazzzeitung.de\/cms\/#organization"},"image":{"@id":"https:\/\/www.jazzzeitung.de\/cms\/2019\/09\/festivalprogramm-des-56-jazzfest-berlin-2019-veroeffentlicht\/#primaryimage"},"thumbnailUrl":"https:\/\/i0.wp.com\/www.jazzzeitung.de\/cms\/wp-content\/uploads\/2019\/09\/jfb19_p_moskus_trio_c_til_nedlasting.jpg?fit=4608%2C2592&ssl=1","keywords":["56. Jazzfest Berlin 2019","Berliner Festspiele"],"articleSection":["News"],"inLanguage":"de","potentialAction":[{"@type":"CommentAction","name":"Comment","target":["https:\/\/www.jazzzeitung.de\/cms\/2019\/09\/festivalprogramm-des-56-jazzfest-berlin-2019-veroeffentlicht\/#respond"]}]},{"@type":"WebPage","@id":"https:\/\/www.jazzzeitung.de\/cms\/2019\/09\/festivalprogramm-des-56-jazzfest-berlin-2019-veroeffentlicht\/","url":"https:\/\/www.jazzzeitung.de\/cms\/2019\/09\/festivalprogramm-des-56-jazzfest-berlin-2019-veroeffentlicht\/","name":"Festivalprogramm des 56. Jazzfest Berlin 2019 ver\u00f6ffentlicht - JazzZeitung","isPartOf":{"@id":"https:\/\/www.jazzzeitung.de\/cms\/#website"},"primaryImageOfPage":{"@id":"https:\/\/www.jazzzeitung.de\/cms\/2019\/09\/festivalprogramm-des-56-jazzfest-berlin-2019-veroeffentlicht\/#primaryimage"},"image":{"@id":"https:\/\/www.jazzzeitung.de\/cms\/2019\/09\/festivalprogramm-des-56-jazzfest-berlin-2019-veroeffentlicht\/#primaryimage"},"thumbnailUrl":"https:\/\/i0.wp.com\/www.jazzzeitung.de\/cms\/wp-content\/uploads\/2019\/09\/jfb19_p_moskus_trio_c_til_nedlasting.jpg?fit=4608%2C2592&ssl=1","datePublished":"2019-09-12T08:00:00+00:00","breadcrumb":{"@id":"https:\/\/www.jazzzeitung.de\/cms\/2019\/09\/festivalprogramm-des-56-jazzfest-berlin-2019-veroeffentlicht\/#breadcrumb"},"inLanguage":"de","potentialAction":[{"@type":"ReadAction","target":["https:\/\/www.jazzzeitung.de\/cms\/2019\/09\/festivalprogramm-des-56-jazzfest-berlin-2019-veroeffentlicht\/"]}]},{"@type":"ImageObject","inLanguage":"de","@id":"https:\/\/www.jazzzeitung.de\/cms\/2019\/09\/festivalprogramm-des-56-jazzfest-berlin-2019-veroeffentlicht\/#primaryimage","url":"https:\/\/i0.wp.com\/www.jazzzeitung.de\/cms\/wp-content\/uploads\/2019\/09\/jfb19_p_moskus_trio_c_til_nedlasting.jpg?fit=4608%2C2592&ssl=1","contentUrl":"https:\/\/i0.wp.com\/www.jazzzeitung.de\/cms\/wp-content\/uploads\/2019\/09\/jfb19_p_moskus_trio_c_til_nedlasting.jpg?fit=4608%2C2592&ssl=1","width":4608,"height":2592,"caption":"Moskus Trio"},{"@type":"BreadcrumbList","@id":"https:\/\/www.jazzzeitung.de\/cms\/2019\/09\/festivalprogramm-des-56-jazzfest-berlin-2019-veroeffentlicht\/#breadcrumb","itemListElement":[{"@type":"ListItem","position":1,"name":"Startseite","item":"https:\/\/www.jazzzeitung.de\/cms\/"},{"@type":"ListItem","position":2,"name":"Festivalprogramm des 56. Jazzfest Berlin 2019 ver\u00f6ffentlicht"}]},{"@type":"WebSite","@id":"https:\/\/www.jazzzeitung.de\/cms\/#website","url":"https:\/\/www.jazzzeitung.de\/cms\/","name":"JazzZeitung","description":"Jazz-News und Jazz-Kontroverses","publisher":{"@id":"https:\/\/www.jazzzeitung.de\/cms\/#organization"},"potentialAction":[{"@type":"SearchAction","target":{"@type":"EntryPoint","urlTemplate":"https:\/\/www.jazzzeitung.de\/cms\/?s={search_term_string}"},"query-input":{"@type":"PropertyValueSpecification","valueRequired":true,"valueName":"search_term_string"}}],"inLanguage":"de"},{"@type":"Organization","@id":"https:\/\/www.jazzzeitung.de\/cms\/#organization","name":"JazzZeitung online","url":"https:\/\/www.jazzzeitung.de\/cms\/","logo":{"@type":"ImageObject","inLanguage":"de","@id":"https:\/\/www.jazzzeitung.de\/cms\/#\/schema\/logo\/image\/","url":"https:\/\/i0.wp.com\/www.jazzzeitung.de\/cms\/wp-content\/uploads\/2015\/08\/JAZZZEITUNGDE_Logo_Neu.png?fit=499%2C200&ssl=1","contentUrl":"https:\/\/i0.wp.com\/www.jazzzeitung.de\/cms\/wp-content\/uploads\/2015\/08\/JAZZZEITUNGDE_Logo_Neu.png?fit=499%2C200&ssl=1","width":499,"height":200,"caption":"JazzZeitung online"},"image":{"@id":"https:\/\/www.jazzzeitung.de\/cms\/#\/schema\/logo\/image\/"},"sameAs":["https:\/\/www.facebook.com\/JazzZeitung\/"]},{"@type":"Person","@id":"https:\/\/www.jazzzeitung.de\/cms\/#\/schema\/person\/2245b36b9cd1d24cea10f01c031fb92b","name":"Redaktion JazzZeitung","image":{"@type":"ImageObject","inLanguage":"de","@id":"https:\/\/i0.wp.com\/www.jazzzeitung.de\/cms\/wp-content\/uploads\/2015\/08\/JAZZZEITUNGDE_Logo_Neu.png?resize=96%2C96&ssl=159975dcacb611b5700bd619b5daf0a7a","url":"https:\/\/i0.wp.com\/www.jazzzeitung.de\/cms\/wp-content\/uploads\/2015\/08\/JAZZZEITUNGDE_Logo_Neu.png?resize=96%2C96&ssl=1","contentUrl":"https:\/\/i0.wp.com\/www.jazzzeitung.de\/cms\/wp-content\/uploads\/2015\/08\/JAZZZEITUNGDE_Logo_Neu.png?resize=96%2C96&ssl=1","caption":"Redaktion JazzZeitung"},"description":"Artikel der Redaktion der JazzZeitung.","sameAs":["http:\/\/www.jazzzeitung.de\/cms\/"],"url":"https:\/\/www.jazzzeitung.de\/cms\/author\/redaktion\/"}]}},"wp-worthy-pixel":{"ignored":false,"public":null,"server":null,"url":null},"wp-worthy-type":"normal","jetpack_publicize_connections":[],"cc_featured_image_caption":{"caption_text":"Das Moskus Trio spielt ebenfalls auf dem Jazzfest Berlin.","source_text":"Foto: Til Nedlasting.","source_url":""},"jetpack_featured_media_url":"https:\/\/i0.wp.com\/www.jazzzeitung.de\/cms\/wp-content\/uploads\/2019\/09\/jfb19_p_moskus_trio_c_til_nedlasting.jpg?fit=4608%2C2592&ssl=1","jetpack_shortlink":"https:\/\/wp.me\/p3KEcT-5ns","jetpack-related-posts":[{"id":21077,"url":"https:\/\/www.jazzzeitung.de\/cms\/2019\/10\/jazzfest-berlin-2019am-31-oktober-eroeffnet-anthony-braxtons-sonic-genome-das-festival\/","url_meta":{"origin":20674,"position":0},"title":"Jazzfest Berlin 2019:\u00a0Am 31. Oktober er\u00f6ffnet Anthony Braxtons \u201eSonic Genome\u201c das Festival\u00a0","author":"Martin Hufner","date":"29. Oktober 2019","format":false,"excerpt":"Die Berliner Festspiele veranstalten das\u00a056.\u00a0Jazzfest\u00a0Berlin vom 31.\u00a0Oktober bis zum 3.\u00a0November. An den vier Festivaltagen feiern f\u00fcnf Projekte ihre weltweite Premiere, f\u00fcnfzehn ihre Deutschlandpremiere. Neben der ARD und dem Deutschlandradio mit zwei Live-\u00dcbertragungen und der ARD Jazznacht wird 2019 als neuer Medienpartner Arte Concert das Festival mit zwei Live-gestreamten Abenden erlebbar\u2026","rel":"","context":"In &quot;News&quot;","block_context":{"text":"News","link":"https:\/\/www.jazzzeitung.de\/cms\/thema\/nachrichten\/"},"img":{"alt_text":"Jazzfest Berlin 2017. Foto: Martin Hufner","src":"https:\/\/i0.wp.com\/www.jazzzeitung.de\/cms\/wp-content\/uploads\/2017\/11\/jazzfest17-outside.jpg?fit=900%2C1200&ssl=1&resize=350%2C200","width":350,"height":200,"srcset":"https:\/\/i0.wp.com\/www.jazzzeitung.de\/cms\/wp-content\/uploads\/2017\/11\/jazzfest17-outside.jpg?fit=900%2C1200&ssl=1&resize=350%2C200 1x, https:\/\/i0.wp.com\/www.jazzzeitung.de\/cms\/wp-content\/uploads\/2017\/11\/jazzfest17-outside.jpg?fit=900%2C1200&ssl=1&resize=525%2C300 1.5x, https:\/\/i0.wp.com\/www.jazzzeitung.de\/cms\/wp-content\/uploads\/2017\/11\/jazzfest17-outside.jpg?fit=900%2C1200&ssl=1&resize=700%2C400 2x"},"classes":[]},{"id":7540,"url":"https:\/\/www.jazzzeitung.de\/cms\/2015\/11\/7540\/","url_meta":{"origin":20674,"position":1},"title":"Neue Galerie Berlin mit Jazzfotos von Detlev Schilke","author":"Redaktion JazzZeitung","date":"5. November 2015","format":false,"excerpt":"Was ist Jazz und wohin geht seine Reise? Unter dieser Fragestellung beginnt heute das 51. Jazzfest Berlin. Die NEUE GALERIE BERLIN nimmt das Jazzfest als Anlass f\u00fcr eine Sonderausstellung mit Fotografien von Detlev Schilke aus den Jahren 1987 bis 2014. Die R\u00e4ume in der Ludwigkirchstra\u00dfe 11 sind in unmittelbarer N\u00e4hes\u2026","rel":"","context":"In &quot;News&quot;","block_context":{"text":"News","link":"https:\/\/www.jazzzeitung.de\/cms\/thema\/nachrichten\/"},"img":{"alt_text":"Flyer_Jazzfest_Schilke (002)","src":"https:\/\/i0.wp.com\/www.jazzzeitung.de\/cms\/wp-content\/uploads\/2015\/11\/Flyer_Jazzfest_Schilke-002-150x150.jpg?resize=350%2C200","width":350,"height":200},"classes":[]},{"id":13624,"url":"https:\/\/www.jazzzeitung.de\/cms\/2017\/10\/jazzfest-berlin\/","url_meta":{"origin":20674,"position":2},"title":"Jazzfest Berlin 2017 blickt nach London und New York","author":"Redaktion JazzZeitung","date":"2. Oktober 2017","format":false,"excerpt":"Festivaler\u00f6ffnung mit Bands aus den USA und London im Lido in Kreuzberg. Erster Artist-in-Residence: Amerikanischer Musiker Tyshawn Sorey\u00a0 Die Verbindung der Berliner Musikszene mit den USA und London\u00a0ist eines der Themen\u00a0der dritten und letzten Festivalausgabe des k\u00fcnstlerischen Leiters, des britischen\u00a0Autors\u00a0Richard Williams.\u00a0Der US-amerikanische\u00a0Schlagzeuger und Komponist\u00a0Tyshawn Sorey ist der erste Artist-in-Residence des\u2026","rel":"","context":"In &quot;News&quot;","block_context":{"text":"News","link":"https:\/\/www.jazzzeitung.de\/cms\/thema\/nachrichten\/"},"img":{"alt_text":"Tyshawn Sorey. Copyright: Tyshawn Sorey","src":"https:\/\/i0.wp.com\/www.jazzzeitung.de\/cms\/wp-content\/uploads\/2017\/10\/jfb17_p_tyshawn_sorey_by_john_rogers_c_tyshawn_sorey_06.jpeg?fit=1200%2C800&ssl=1&resize=350%2C200","width":350,"height":200,"srcset":"https:\/\/i0.wp.com\/www.jazzzeitung.de\/cms\/wp-content\/uploads\/2017\/10\/jfb17_p_tyshawn_sorey_by_john_rogers_c_tyshawn_sorey_06.jpeg?fit=1200%2C800&ssl=1&resize=350%2C200 1x, https:\/\/i0.wp.com\/www.jazzzeitung.de\/cms\/wp-content\/uploads\/2017\/10\/jfb17_p_tyshawn_sorey_by_john_rogers_c_tyshawn_sorey_06.jpeg?fit=1200%2C800&ssl=1&resize=525%2C300 1.5x, https:\/\/i0.wp.com\/www.jazzzeitung.de\/cms\/wp-content\/uploads\/2017\/10\/jfb17_p_tyshawn_sorey_by_john_rogers_c_tyshawn_sorey_06.jpeg?fit=1200%2C800&ssl=1&resize=700%2C400 2x, https:\/\/i0.wp.com\/www.jazzzeitung.de\/cms\/wp-content\/uploads\/2017\/10\/jfb17_p_tyshawn_sorey_by_john_rogers_c_tyshawn_sorey_06.jpeg?fit=1200%2C800&ssl=1&resize=1050%2C600 3x"},"classes":[]},{"id":10550,"url":"https:\/\/www.jazzzeitung.de\/cms\/2016\/10\/wie-offen-gleichberechtigt-und-divers-ist-der-jazz-heute-wirklich\/","url_meta":{"origin":20674,"position":3},"title":"Jazzfest Berlin 2016 fragt: \u201eWie offen, gleichberechtigt und divers ist der Jazz heute wirklich?\u201c","author":"Martin Hufner","date":"17. Oktober 2016","format":false,"excerpt":"Pr\u00e4ludium zum Jazzfest Berlin 2016: Diskussion und Programmvorstellung mit Musik am Dienstag, 18. Oktober um 19.00 Uhr im Haus der Berliner Festspiele. Live\u00fcbertragung der Diskussion zum Thema via Facebook und Periscope. Musik von und mit Eve Risser, Alexander von Schlippenbach und Axel D\u00f6rner. Eintritt frei. Ist die freieste der Musikformen\u2026","rel":"","context":"In &quot;News&quot;","block_context":{"text":"News","link":"https:\/\/www.jazzzeitung.de\/cms\/thema\/nachrichten\/"},"img":{"alt_text":"Pr\u00e4ludium hinter den Kulissen. Foto: Hufner","src":"https:\/\/i0.wp.com\/www.jazzzeitung.de\/cms\/wp-content\/uploads\/2016\/10\/jf2015-praeludium-160125.jpg?fit=1200%2C900&ssl=1&resize=350%2C200","width":350,"height":200,"srcset":"https:\/\/i0.wp.com\/www.jazzzeitung.de\/cms\/wp-content\/uploads\/2016\/10\/jf2015-praeludium-160125.jpg?fit=1200%2C900&ssl=1&resize=350%2C200 1x, https:\/\/i0.wp.com\/www.jazzzeitung.de\/cms\/wp-content\/uploads\/2016\/10\/jf2015-praeludium-160125.jpg?fit=1200%2C900&ssl=1&resize=525%2C300 1.5x, https:\/\/i0.wp.com\/www.jazzzeitung.de\/cms\/wp-content\/uploads\/2016\/10\/jf2015-praeludium-160125.jpg?fit=1200%2C900&ssl=1&resize=700%2C400 2x, https:\/\/i0.wp.com\/www.jazzzeitung.de\/cms\/wp-content\/uploads\/2016\/10\/jf2015-praeludium-160125.jpg?fit=1200%2C900&ssl=1&resize=1050%2C600 3x"},"classes":[]},{"id":12142,"url":"https:\/\/www.jazzzeitung.de\/cms\/2017\/04\/jazzfest-berlin-berliner-festspiele-berufen-nadin-deventer-als-neue-kuenstlerische-leiterin-ab-2018\/","url_meta":{"origin":20674,"position":4},"title":"Jazzfest Berlin: Berliner Festspiele berufen Nadin Deventer als neue k\u00fcnstlerische Leiterin ab 2018","author":"Redaktion JazzZeitung","date":"14. April 2017","format":false,"excerpt":"Seit seiner Gr\u00fcndung als \u201eBerliner Jazztage\u201c 1964 z\u00e4hlt das Jazzfest Berlin zu Europas renommiertesten Festivals seiner Art, wobei zu seiner Tradition stets Innovation und politische Themen geh\u00f6ren. Nach der dreij\u00e4hrigen Festivalleitung von Richard Williams \u00fcbernimmt ab 2018 die Kuratorin Nadin Deventer die k\u00fcnstlerische Leitung des Jazzfest Berlin. Thomas Oberender, Intendant\u2026","rel":"","context":"In &quot;News&quot;","block_context":{"text":"News","link":"https:\/\/www.jazzzeitung.de\/cms\/thema\/nachrichten\/"},"img":{"alt_text":"Nadin Deventer. K\u00fcnstlerische Leiterin Jazzfest Berlin ab 2018. Foto: \u00a9 Camille Blake","src":"https:\/\/i0.wp.com\/www.jazzzeitung.de\/cms\/wp-content\/uploads\/2017\/04\/deventer_c_camille_blake-150x150.jpg?resize=350%2C200","width":350,"height":200},"classes":[]},{"id":7191,"url":"https:\/\/www.jazzzeitung.de\/cms\/2015\/09\/jazzfest-berlin-2015-berliner-festspiele-veroeffentlichen-programm-kartenverlosung\/","url_meta":{"origin":20674,"position":5},"title":"Jazzfest Berlin 2015: Berliner Festspiele ver\u00f6ffentlichen Programm, Kartenverlosung","author":"Redaktion JazzZeitung","date":"25. September 2015","format":false,"excerpt":"Das Jazzfest Berlin 2015\u00a0pr\u00e4sentiert mit dem neuen k\u00fcnstlerischen Leiter Richard Williams vom\u00a05. bis 8. November\u00a0\u00fcber 120\u00a0Musiker\/-innen aus 5\u00a0Kontinenten. Das Festivalprogramm ist jetzt online und der Kartenvorverkauf startet. Wir verlosen in Kooperation mit dem Jazzfest 2x2 Karten f\u00fcr Freitag, den 06.11.15, 20:00 Uhr, Haus der Berliner Festspiele \u2013 Gro\u00dfe B\u00fchne -\u2026","rel":"","context":"In &quot;Redaktionelle Nachrichten&quot;","block_context":{"text":"Redaktionelle Nachrichten","link":"https:\/\/www.jazzzeitung.de\/cms\/thema\/redaktion\/"},"img":{"alt_text":"Foto: Jirka Jansch","src":"https:\/\/i0.wp.com\/www.jazzzeitung.de\/cms\/wp-content\/uploads\/2015\/09\/Richard_Williams_c_Jirka_Jansch_01-150x150.jpg?resize=350%2C200","width":350,"height":200},"classes":[]}],"jetpack_sharing_enabled":true,"_links":{"self":[{"href":"https:\/\/www.jazzzeitung.de\/cms\/wp-json\/wp\/v2\/posts\/20674","targetHints":{"allow":["GET"]}}],"collection":[{"href":"https:\/\/www.jazzzeitung.de\/cms\/wp-json\/wp\/v2\/posts"}],"about":[{"href":"https:\/\/www.jazzzeitung.de\/cms\/wp-json\/wp\/v2\/types\/post"}],"author":[{"embeddable":true,"href":"https:\/\/www.jazzzeitung.de\/cms\/wp-json\/wp\/v2\/users\/18"}],"replies":[{"embeddable":true,"href":"https:\/\/www.jazzzeitung.de\/cms\/wp-json\/wp\/v2\/comments?post=20674"}],"version-history":[{"count":3,"href":"https:\/\/www.jazzzeitung.de\/cms\/wp-json\/wp\/v2\/posts\/20674\/revisions"}],"predecessor-version":[{"id":20684,"href":"https:\/\/www.jazzzeitung.de\/cms\/wp-json\/wp\/v2\/posts\/20674\/revisions\/20684"}],"wp:featuredmedia":[{"embeddable":true,"href":"https:\/\/www.jazzzeitung.de\/cms\/wp-json\/wp\/v2\/media\/20675"}],"wp:attachment":[{"href":"https:\/\/www.jazzzeitung.de\/cms\/wp-json\/wp\/v2\/media?parent=20674"}],"wp:term":[{"taxonomy":"category","embeddable":true,"href":"https:\/\/www.jazzzeitung.de\/cms\/wp-json\/wp\/v2\/categories?post=20674"},{"taxonomy":"post_tag","embeddable":true,"href":"https:\/\/www.jazzzeitung.de\/cms\/wp-json\/wp\/v2\/tags?post=20674"},{"taxonomy":"author","embeddable":true,"href":"https:\/\/www.jazzzeitung.de\/cms\/wp-json\/wp\/v2\/coauthors?post=20674"}],"curies":[{"name":"wp","href":"https:\/\/api.w.org\/{rel}","templated":true}]}}