{"id":20623,"date":"2019-09-05T10:00:36","date_gmt":"2019-09-05T08:00:36","guid":{"rendered":"https:\/\/www.jazzzeitung.de\/cms\/?p=20623"},"modified":"2019-09-04T15:25:53","modified_gmt":"2019-09-04T13:25:53","slug":"news-nicole-johaenntgens-neues-musikfestival-neueroeffnung-jaki-klub-im-stadtgarten","status":"publish","type":"post","link":"https:\/\/www.jazzzeitung.de\/cms\/2019\/09\/news-nicole-johaenntgens-neues-musikfestival-neueroeffnung-jaki-klub-im-stadtgarten\/","title":{"rendered":"+++ News +++ Nicole Joh\u00e4nntgens neues Musikfestival +++ Neuer\u00f6ffnung: JAKI &#8211; Klub im Stadtgarten +++"},"content":{"rendered":"<h3>+++ Nicole Joh\u00e4nntgens neues Musikfestival+++<\/h3>\n<p>Die Jazz-Saxophonistin Nicole Joh\u00e4nntgen ruft ein neues Musikfestival ins Leben. Unter anderem bekannt durch Projekte, wie SOFIA (Support Of Female Improvising Artists), zieht sie nun ab dem 06. Oktober ein neues Festival auf. Mit einem Vorab-Event in Saarbr\u00fccken, treten ab 17 Uhr J\u00f6rgen Welander (Tuba) und Izabella Effenberg (Vibraphon) auf. Danach werden dann Informationen zum Hauptfestival 2020 verk\u00fcndet und der Abend mit einem weitern Konzert mit Bodek Janke (Perkussion) und Stephan Braun (Cello) geschlossen. Nicole Joh\u00e4nntgen wird ebenfalls vor Ort sein und mitmusizieren. Weitere Infos zum Festival und auch zu Ihren weiteren Solo-Konzerten, gibt es auf <a href=\"https:\/\/www.nicolejohaenntgen.com\/\">ihrer Webseite.<\/a><\/p>\n<p>(Foto: Daniel Bernet)<\/p>\n<h3>+++ Neuer\u00f6ffnung: JAKI &#8211; Klub im Stadtgarten +++<\/h3>\n<p>Vom 02. bis 05. Oktober wird im Stadtgarten K\u00f6ln ein neuer Club in der Musiklandschaft er\u00f6ffnet: <strong>&#8222;JAKI &#8211; Klub im Stadtgarten&#8220;<\/strong>. Mit Konzerten von der Serie &#8222;In Between Spaces&#8220;, &#8222;Lagerfeuer Deluxe&#8220;, und &#8222;Cologne Sessions&#8220; folgt der Club dem Programmschema Konzertabend bis Clubnacht. Das umgebaute &#8222;Studio 672&#8220; soll eine Plattform f\u00fcr zeitgen\u00f6ssische Musiker und lokalen K\u00fcnstlern sein. Ein besonderes Highlight bietet der letzte Abend am 05. Oktober mit &#8222;TOM-TOM CLUB feat. Jan Schulte und Phaser Boys&#8220;, die ganz nach dem Namensgeber des Clubs, Schlagzeuger Jaki Liebezeit, die Grenzen der Clubmusik ab 23:30 zu sprengen versuchen &#8211; freier Eintritt. Das gesamte Programm im Oktober des Festivals im Stadgarten ist auf der <a href=\"https:\/\/www.stadtgarten.de\/programm\">Homepage<\/a> zu finden.<\/p>\n","protected":false},"excerpt":{"rendered":"<p>+++ Nicole Joh\u00e4nntgens neues Musikfestival+++ Die Jazz-Saxophonistin Nicole Joh\u00e4nntgen ruft ein neues Musikfestival ins Leben. Unter anderem bekannt durch Projekte, wie SOFIA (Support Of Female Improvising Artists), zieht sie nun ab dem 06. Oktober ein neues Festival auf. Mit einem Vorab-Event in Saarbr\u00fccken, treten ab 17 Uhr J\u00f6rgen Welander (Tuba) und Izabella Effenberg (Vibraphon) auf. Danach werden dann Informationen zum Hauptfestival 2020 verk\u00fcndet und der Abend mit einem weitern Konzert mit Bodek Janke (Perkussion) und Stephan Braun (Cello) geschlossen. Nicole Joh\u00e4nntgen wird ebenfalls vor Ort sein und mitmusizieren. Weitere Infos zum Festival und auch zu Ihren weiteren Solo-Konzerten, gibt es auf ihrer Webseite. (Foto: Daniel Bernet) +++ Neuer\u00f6ffnung: JAKI &#8211; Klub im Stadtgarten +++ Vom 02. bis 05. Oktober wird im Stadtgarten K\u00f6ln ein neuer Club in der Musiklandschaft er\u00f6ffnet: &#8222;JAKI &#8211; Klub im Stadtgarten&#8220;. Mit Konzerten von der Serie &#8222;In Between Spaces&#8220;, &#8222;Lagerfeuer Deluxe&#8220;, und &#8222;Cologne Sessions&#8220; folgt der Club dem Programmschema Konzertabend bis Clubnacht. Das umgebaute &#8222;Studio 672&#8220; soll eine Plattform f\u00fcr zeitgen\u00f6ssische Musiker und lokalen K\u00fcnstlern sein. Ein besonderes Highlight bietet der letzte Abend am 05. Oktober mit &#8222;TOM-TOM CLUB feat. Jan &hellip;<\/p>\n","protected":false},"author":18,"featured_media":20625,"comment_status":"open","ping_status":"closed","sticky":false,"template":"","format":"standard","meta":{"_jetpack_memberships_contains_paid_content":false,"footnotes":"","jetpack_publicize_message":"","jetpack_publicize_feature_enabled":true,"jetpack_social_post_already_shared":false,"jetpack_social_options":{"image_generator_settings":{"template":"highway","default_image_id":0,"font":"","enabled":false},"version":2}},"categories":[633],"tags":[2743,2742,796],"coauthors":[695],"class_list":["post-20623","post","type-post","status-publish","format-standard","has-post-thumbnail","hentry","category-nachrichten","tag-jaki","tag-jaki-klub-im-stadtgarten","tag-nicole-johaenntgen"],"yoast_head":"<!-- This site is optimized with the Yoast SEO plugin v27.5 - https:\/\/yoast.com\/product\/yoast-seo-wordpress\/ -->\n<title>+++ News +++ Nicole Joh\u00e4nntgens neues Musikfestival +++ Neuer\u00f6ffnung: JAKI - Klub im Stadtgarten +++ - JazzZeitung<\/title>\n<meta name=\"robots\" content=\"index, follow, max-snippet:-1, max-image-preview:large, max-video-preview:-1\" \/>\n<link rel=\"canonical\" href=\"https:\/\/www.jazzzeitung.de\/cms\/2019\/09\/news-nicole-johaenntgens-neues-musikfestival-neueroeffnung-jaki-klub-im-stadtgarten\/\" \/>\n<meta property=\"og:locale\" content=\"de_DE\" \/>\n<meta property=\"og:type\" content=\"article\" \/>\n<meta property=\"og:title\" content=\"+++ News +++ Nicole Joh\u00e4nntgens neues Musikfestival +++ Neuer\u00f6ffnung: JAKI - Klub im Stadtgarten +++ - JazzZeitung\" \/>\n<meta property=\"og:description\" content=\"+++ Nicole Joh\u00e4nntgens neues Musikfestival+++ Die Jazz-Saxophonistin Nicole Joh\u00e4nntgen ruft ein neues Musikfestival ins Leben. Unter anderem bekannt durch Projekte, wie SOFIA (Support Of Female Improvising Artists), zieht sie nun ab dem 06. Oktober ein neues Festival auf. Mit einem Vorab-Event in Saarbr\u00fccken, treten ab 17 Uhr J\u00f6rgen Welander (Tuba) und Izabella Effenberg (Vibraphon) auf. Danach werden dann Informationen zum Hauptfestival 2020 verk\u00fcndet und der Abend mit einem weitern Konzert mit Bodek Janke (Perkussion) und Stephan Braun (Cello) geschlossen. Nicole Joh\u00e4nntgen wird ebenfalls vor Ort sein und mitmusizieren. Weitere Infos zum Festival und auch zu Ihren weiteren Solo-Konzerten, gibt es auf ihrer Webseite. (Foto: Daniel Bernet) +++ Neuer\u00f6ffnung: JAKI &#8211; Klub im Stadtgarten +++ Vom 02. bis 05. Oktober wird im Stadtgarten K\u00f6ln ein neuer Club in der Musiklandschaft er\u00f6ffnet: &#8222;JAKI &#8211; Klub im Stadtgarten&#8220;. Mit Konzerten von der Serie &#8222;In Between Spaces&#8220;, &#8222;Lagerfeuer Deluxe&#8220;, und &#8222;Cologne Sessions&#8220; folgt der Club dem Programmschema Konzertabend bis Clubnacht. Das umgebaute &#8222;Studio 672&#8220; soll eine Plattform f\u00fcr zeitgen\u00f6ssische Musiker und lokalen K\u00fcnstlern sein. Ein besonderes Highlight bietet der letzte Abend am 05. Oktober mit &#8222;TOM-TOM CLUB feat. Jan &hellip;\" \/>\n<meta property=\"og:url\" content=\"https:\/\/www.jazzzeitung.de\/cms\/2019\/09\/news-nicole-johaenntgens-neues-musikfestival-neueroeffnung-jaki-klub-im-stadtgarten\/\" \/>\n<meta property=\"og:site_name\" content=\"JazzZeitung\" \/>\n<meta property=\"article:publisher\" content=\"https:\/\/www.facebook.com\/JazzZeitung\/\" \/>\n<meta property=\"article:published_time\" content=\"2019-09-05T08:00:36+00:00\" \/>\n<meta property=\"og:image\" content=\"https:\/\/i0.wp.com\/www.jazzzeitung.de\/cms\/wp-content\/uploads\/2019\/09\/nicole-johaenntgen-9535-1.jpg?fit=4928%2C3280&ssl=1\" \/>\n\t<meta property=\"og:image:width\" content=\"4928\" \/>\n\t<meta property=\"og:image:height\" content=\"3280\" \/>\n\t<meta property=\"og:image:type\" content=\"image\/jpeg\" \/>\n<meta name=\"author\" content=\"Redaktion JazzZeitung\" \/>\n<script type=\"application\/ld+json\" class=\"yoast-schema-graph\">{\"@context\":\"https:\\\/\\\/schema.org\",\"@graph\":[{\"@type\":\"Article\",\"@id\":\"https:\\\/\\\/www.jazzzeitung.de\\\/cms\\\/2019\\\/09\\\/news-nicole-johaenntgens-neues-musikfestival-neueroeffnung-jaki-klub-im-stadtgarten\\\/#article\",\"isPartOf\":{\"@id\":\"https:\\\/\\\/www.jazzzeitung.de\\\/cms\\\/2019\\\/09\\\/news-nicole-johaenntgens-neues-musikfestival-neueroeffnung-jaki-klub-im-stadtgarten\\\/\"},\"author\":{\"name\":\"Redaktion JazzZeitung\",\"@id\":\"https:\\\/\\\/www.jazzzeitung.de\\\/cms\\\/#\\\/schema\\\/person\\\/2245b36b9cd1d24cea10f01c031fb92b\"},\"headline\":\"+++ News +++ Nicole Joh\u00e4nntgens neues Musikfestival +++ Neuer\u00f6ffnung: JAKI &#8211; Klub im Stadtgarten +++\",\"datePublished\":\"2019-09-05T08:00:36+00:00\",\"mainEntityOfPage\":{\"@id\":\"https:\\\/\\\/www.jazzzeitung.de\\\/cms\\\/2019\\\/09\\\/news-nicole-johaenntgens-neues-musikfestival-neueroeffnung-jaki-klub-im-stadtgarten\\\/\"},\"wordCount\":240,\"commentCount\":0,\"publisher\":{\"@id\":\"https:\\\/\\\/www.jazzzeitung.de\\\/cms\\\/#organization\"},\"image\":{\"@id\":\"https:\\\/\\\/www.jazzzeitung.de\\\/cms\\\/2019\\\/09\\\/news-nicole-johaenntgens-neues-musikfestival-neueroeffnung-jaki-klub-im-stadtgarten\\\/#primaryimage\"},\"thumbnailUrl\":\"https:\\\/\\\/i0.wp.com\\\/www.jazzzeitung.de\\\/cms\\\/wp-content\\\/uploads\\\/2019\\\/09\\\/nicole-johaenntgen-9535-1.jpg?fit=4928%2C3280&ssl=1\",\"keywords\":[\"JAKI\",\"JAKI - Klub im Stadtgarten\",\"Nicole Joh\u00e4nntgen\"],\"articleSection\":[\"News\"],\"inLanguage\":\"de\",\"potentialAction\":[{\"@type\":\"CommentAction\",\"name\":\"Comment\",\"target\":[\"https:\\\/\\\/www.jazzzeitung.de\\\/cms\\\/2019\\\/09\\\/news-nicole-johaenntgens-neues-musikfestival-neueroeffnung-jaki-klub-im-stadtgarten\\\/#respond\"]}]},{\"@type\":\"WebPage\",\"@id\":\"https:\\\/\\\/www.jazzzeitung.de\\\/cms\\\/2019\\\/09\\\/news-nicole-johaenntgens-neues-musikfestival-neueroeffnung-jaki-klub-im-stadtgarten\\\/\",\"url\":\"https:\\\/\\\/www.jazzzeitung.de\\\/cms\\\/2019\\\/09\\\/news-nicole-johaenntgens-neues-musikfestival-neueroeffnung-jaki-klub-im-stadtgarten\\\/\",\"name\":\"+++ News +++ Nicole Joh\u00e4nntgens neues Musikfestival +++ Neuer\u00f6ffnung: JAKI - Klub im Stadtgarten +++ - JazzZeitung\",\"isPartOf\":{\"@id\":\"https:\\\/\\\/www.jazzzeitung.de\\\/cms\\\/#website\"},\"primaryImageOfPage\":{\"@id\":\"https:\\\/\\\/www.jazzzeitung.de\\\/cms\\\/2019\\\/09\\\/news-nicole-johaenntgens-neues-musikfestival-neueroeffnung-jaki-klub-im-stadtgarten\\\/#primaryimage\"},\"image\":{\"@id\":\"https:\\\/\\\/www.jazzzeitung.de\\\/cms\\\/2019\\\/09\\\/news-nicole-johaenntgens-neues-musikfestival-neueroeffnung-jaki-klub-im-stadtgarten\\\/#primaryimage\"},\"thumbnailUrl\":\"https:\\\/\\\/i0.wp.com\\\/www.jazzzeitung.de\\\/cms\\\/wp-content\\\/uploads\\\/2019\\\/09\\\/nicole-johaenntgen-9535-1.jpg?fit=4928%2C3280&ssl=1\",\"datePublished\":\"2019-09-05T08:00:36+00:00\",\"breadcrumb\":{\"@id\":\"https:\\\/\\\/www.jazzzeitung.de\\\/cms\\\/2019\\\/09\\\/news-nicole-johaenntgens-neues-musikfestival-neueroeffnung-jaki-klub-im-stadtgarten\\\/#breadcrumb\"},\"inLanguage\":\"de\",\"potentialAction\":[{\"@type\":\"ReadAction\",\"target\":[\"https:\\\/\\\/www.jazzzeitung.de\\\/cms\\\/2019\\\/09\\\/news-nicole-johaenntgens-neues-musikfestival-neueroeffnung-jaki-klub-im-stadtgarten\\\/\"]}]},{\"@type\":\"ImageObject\",\"inLanguage\":\"de\",\"@id\":\"https:\\\/\\\/www.jazzzeitung.de\\\/cms\\\/2019\\\/09\\\/news-nicole-johaenntgens-neues-musikfestival-neueroeffnung-jaki-klub-im-stadtgarten\\\/#primaryimage\",\"url\":\"https:\\\/\\\/i0.wp.com\\\/www.jazzzeitung.de\\\/cms\\\/wp-content\\\/uploads\\\/2019\\\/09\\\/nicole-johaenntgen-9535-1.jpg?fit=4928%2C3280&ssl=1\",\"contentUrl\":\"https:\\\/\\\/i0.wp.com\\\/www.jazzzeitung.de\\\/cms\\\/wp-content\\\/uploads\\\/2019\\\/09\\\/nicole-johaenntgen-9535-1.jpg?fit=4928%2C3280&ssl=1\",\"width\":4928,\"height\":3280,\"caption\":\"Nicole Joh\u00e4nntgen\"},{\"@type\":\"BreadcrumbList\",\"@id\":\"https:\\\/\\\/www.jazzzeitung.de\\\/cms\\\/2019\\\/09\\\/news-nicole-johaenntgens-neues-musikfestival-neueroeffnung-jaki-klub-im-stadtgarten\\\/#breadcrumb\",\"itemListElement\":[{\"@type\":\"ListItem\",\"position\":1,\"name\":\"Startseite\",\"item\":\"https:\\\/\\\/www.jazzzeitung.de\\\/cms\\\/\"},{\"@type\":\"ListItem\",\"position\":2,\"name\":\"+++ News +++ Nicole Joh\u00e4nntgens neues Musikfestival +++ Neuer\u00f6ffnung: JAKI &#8211; Klub im Stadtgarten +++\"}]},{\"@type\":\"WebSite\",\"@id\":\"https:\\\/\\\/www.jazzzeitung.de\\\/cms\\\/#website\",\"url\":\"https:\\\/\\\/www.jazzzeitung.de\\\/cms\\\/\",\"name\":\"JazzZeitung\",\"description\":\"Jazz-News und Jazz-Kontroverses\",\"publisher\":{\"@id\":\"https:\\\/\\\/www.jazzzeitung.de\\\/cms\\\/#organization\"},\"potentialAction\":[{\"@type\":\"SearchAction\",\"target\":{\"@type\":\"EntryPoint\",\"urlTemplate\":\"https:\\\/\\\/www.jazzzeitung.de\\\/cms\\\/?s={search_term_string}\"},\"query-input\":{\"@type\":\"PropertyValueSpecification\",\"valueRequired\":true,\"valueName\":\"search_term_string\"}}],\"inLanguage\":\"de\"},{\"@type\":\"Organization\",\"@id\":\"https:\\\/\\\/www.jazzzeitung.de\\\/cms\\\/#organization\",\"name\":\"JazzZeitung online\",\"url\":\"https:\\\/\\\/www.jazzzeitung.de\\\/cms\\\/\",\"logo\":{\"@type\":\"ImageObject\",\"inLanguage\":\"de\",\"@id\":\"https:\\\/\\\/www.jazzzeitung.de\\\/cms\\\/#\\\/schema\\\/logo\\\/image\\\/\",\"url\":\"https:\\\/\\\/i0.wp.com\\\/www.jazzzeitung.de\\\/cms\\\/wp-content\\\/uploads\\\/2015\\\/08\\\/JAZZZEITUNGDE_Logo_Neu.png?fit=499%2C200&ssl=1\",\"contentUrl\":\"https:\\\/\\\/i0.wp.com\\\/www.jazzzeitung.de\\\/cms\\\/wp-content\\\/uploads\\\/2015\\\/08\\\/JAZZZEITUNGDE_Logo_Neu.png?fit=499%2C200&ssl=1\",\"width\":499,\"height\":200,\"caption\":\"JazzZeitung online\"},\"image\":{\"@id\":\"https:\\\/\\\/www.jazzzeitung.de\\\/cms\\\/#\\\/schema\\\/logo\\\/image\\\/\"},\"sameAs\":[\"https:\\\/\\\/www.facebook.com\\\/JazzZeitung\\\/\"]},{\"@type\":\"Person\",\"@id\":\"https:\\\/\\\/www.jazzzeitung.de\\\/cms\\\/#\\\/schema\\\/person\\\/2245b36b9cd1d24cea10f01c031fb92b\",\"name\":\"Redaktion JazzZeitung\",\"image\":{\"@type\":\"ImageObject\",\"inLanguage\":\"de\",\"@id\":\"https:\\\/\\\/i0.wp.com\\\/www.jazzzeitung.de\\\/cms\\\/wp-content\\\/uploads\\\/2015\\\/08\\\/JAZZZEITUNGDE_Logo_Neu.png?resize=96%2C96&ssl=159975dcacb611b5700bd619b5daf0a7a\",\"url\":\"https:\\\/\\\/i0.wp.com\\\/www.jazzzeitung.de\\\/cms\\\/wp-content\\\/uploads\\\/2015\\\/08\\\/JAZZZEITUNGDE_Logo_Neu.png?resize=96%2C96&ssl=1\",\"contentUrl\":\"https:\\\/\\\/i0.wp.com\\\/www.jazzzeitung.de\\\/cms\\\/wp-content\\\/uploads\\\/2015\\\/08\\\/JAZZZEITUNGDE_Logo_Neu.png?resize=96%2C96&ssl=1\",\"caption\":\"Redaktion JazzZeitung\"},\"description\":\"Artikel der Redaktion der JazzZeitung.\",\"sameAs\":[\"http:\\\/\\\/www.jazzzeitung.de\\\/cms\\\/\"],\"url\":\"https:\\\/\\\/www.jazzzeitung.de\\\/cms\\\/author\\\/redaktion\\\/\"}]}<\/script>\n<!-- \/ Yoast SEO plugin. -->","yoast_head_json":{"title":"+++ News +++ Nicole Joh\u00e4nntgens neues Musikfestival +++ Neuer\u00f6ffnung: JAKI - Klub im Stadtgarten +++ - JazzZeitung","robots":{"index":"index","follow":"follow","max-snippet":"max-snippet:-1","max-image-preview":"max-image-preview:large","max-video-preview":"max-video-preview:-1"},"canonical":"https:\/\/www.jazzzeitung.de\/cms\/2019\/09\/news-nicole-johaenntgens-neues-musikfestival-neueroeffnung-jaki-klub-im-stadtgarten\/","og_locale":"de_DE","og_type":"article","og_title":"+++ News +++ Nicole Joh\u00e4nntgens neues Musikfestival +++ Neuer\u00f6ffnung: JAKI - Klub im Stadtgarten +++ - JazzZeitung","og_description":"+++ Nicole Joh\u00e4nntgens neues Musikfestival+++ Die Jazz-Saxophonistin Nicole Joh\u00e4nntgen ruft ein neues Musikfestival ins Leben. Unter anderem bekannt durch Projekte, wie SOFIA (Support Of Female Improvising Artists), zieht sie nun ab dem 06. Oktober ein neues Festival auf. Mit einem Vorab-Event in Saarbr\u00fccken, treten ab 17 Uhr J\u00f6rgen Welander (Tuba) und Izabella Effenberg (Vibraphon) auf. Danach werden dann Informationen zum Hauptfestival 2020 verk\u00fcndet und der Abend mit einem weitern Konzert mit Bodek Janke (Perkussion) und Stephan Braun (Cello) geschlossen. Nicole Joh\u00e4nntgen wird ebenfalls vor Ort sein und mitmusizieren. Weitere Infos zum Festival und auch zu Ihren weiteren Solo-Konzerten, gibt es auf ihrer Webseite. (Foto: Daniel Bernet) +++ Neuer\u00f6ffnung: JAKI &#8211; Klub im Stadtgarten +++ Vom 02. bis 05. Oktober wird im Stadtgarten K\u00f6ln ein neuer Club in der Musiklandschaft er\u00f6ffnet: &#8222;JAKI &#8211; Klub im Stadtgarten&#8220;. Mit Konzerten von der Serie &#8222;In Between Spaces&#8220;, &#8222;Lagerfeuer Deluxe&#8220;, und &#8222;Cologne Sessions&#8220; folgt der Club dem Programmschema Konzertabend bis Clubnacht. Das umgebaute &#8222;Studio 672&#8220; soll eine Plattform f\u00fcr zeitgen\u00f6ssische Musiker und lokalen K\u00fcnstlern sein. Ein besonderes Highlight bietet der letzte Abend am 05. Oktober mit &#8222;TOM-TOM CLUB feat. Jan &hellip;","og_url":"https:\/\/www.jazzzeitung.de\/cms\/2019\/09\/news-nicole-johaenntgens-neues-musikfestival-neueroeffnung-jaki-klub-im-stadtgarten\/","og_site_name":"JazzZeitung","article_publisher":"https:\/\/www.facebook.com\/JazzZeitung\/","article_published_time":"2019-09-05T08:00:36+00:00","og_image":[{"width":4928,"height":3280,"url":"https:\/\/i0.wp.com\/www.jazzzeitung.de\/cms\/wp-content\/uploads\/2019\/09\/nicole-johaenntgen-9535-1.jpg?fit=4928%2C3280&ssl=1","type":"image\/jpeg"}],"author":"Redaktion JazzZeitung","schema":{"@context":"https:\/\/schema.org","@graph":[{"@type":"Article","@id":"https:\/\/www.jazzzeitung.de\/cms\/2019\/09\/news-nicole-johaenntgens-neues-musikfestival-neueroeffnung-jaki-klub-im-stadtgarten\/#article","isPartOf":{"@id":"https:\/\/www.jazzzeitung.de\/cms\/2019\/09\/news-nicole-johaenntgens-neues-musikfestival-neueroeffnung-jaki-klub-im-stadtgarten\/"},"author":{"name":"Redaktion JazzZeitung","@id":"https:\/\/www.jazzzeitung.de\/cms\/#\/schema\/person\/2245b36b9cd1d24cea10f01c031fb92b"},"headline":"+++ News +++ Nicole Joh\u00e4nntgens neues Musikfestival +++ Neuer\u00f6ffnung: JAKI &#8211; Klub im Stadtgarten +++","datePublished":"2019-09-05T08:00:36+00:00","mainEntityOfPage":{"@id":"https:\/\/www.jazzzeitung.de\/cms\/2019\/09\/news-nicole-johaenntgens-neues-musikfestival-neueroeffnung-jaki-klub-im-stadtgarten\/"},"wordCount":240,"commentCount":0,"publisher":{"@id":"https:\/\/www.jazzzeitung.de\/cms\/#organization"},"image":{"@id":"https:\/\/www.jazzzeitung.de\/cms\/2019\/09\/news-nicole-johaenntgens-neues-musikfestival-neueroeffnung-jaki-klub-im-stadtgarten\/#primaryimage"},"thumbnailUrl":"https:\/\/i0.wp.com\/www.jazzzeitung.de\/cms\/wp-content\/uploads\/2019\/09\/nicole-johaenntgen-9535-1.jpg?fit=4928%2C3280&ssl=1","keywords":["JAKI","JAKI - Klub im Stadtgarten","Nicole Joh\u00e4nntgen"],"articleSection":["News"],"inLanguage":"de","potentialAction":[{"@type":"CommentAction","name":"Comment","target":["https:\/\/www.jazzzeitung.de\/cms\/2019\/09\/news-nicole-johaenntgens-neues-musikfestival-neueroeffnung-jaki-klub-im-stadtgarten\/#respond"]}]},{"@type":"WebPage","@id":"https:\/\/www.jazzzeitung.de\/cms\/2019\/09\/news-nicole-johaenntgens-neues-musikfestival-neueroeffnung-jaki-klub-im-stadtgarten\/","url":"https:\/\/www.jazzzeitung.de\/cms\/2019\/09\/news-nicole-johaenntgens-neues-musikfestival-neueroeffnung-jaki-klub-im-stadtgarten\/","name":"+++ News +++ Nicole Joh\u00e4nntgens neues Musikfestival +++ Neuer\u00f6ffnung: JAKI - Klub im Stadtgarten +++ - JazzZeitung","isPartOf":{"@id":"https:\/\/www.jazzzeitung.de\/cms\/#website"},"primaryImageOfPage":{"@id":"https:\/\/www.jazzzeitung.de\/cms\/2019\/09\/news-nicole-johaenntgens-neues-musikfestival-neueroeffnung-jaki-klub-im-stadtgarten\/#primaryimage"},"image":{"@id":"https:\/\/www.jazzzeitung.de\/cms\/2019\/09\/news-nicole-johaenntgens-neues-musikfestival-neueroeffnung-jaki-klub-im-stadtgarten\/#primaryimage"},"thumbnailUrl":"https:\/\/i0.wp.com\/www.jazzzeitung.de\/cms\/wp-content\/uploads\/2019\/09\/nicole-johaenntgen-9535-1.jpg?fit=4928%2C3280&ssl=1","datePublished":"2019-09-05T08:00:36+00:00","breadcrumb":{"@id":"https:\/\/www.jazzzeitung.de\/cms\/2019\/09\/news-nicole-johaenntgens-neues-musikfestival-neueroeffnung-jaki-klub-im-stadtgarten\/#breadcrumb"},"inLanguage":"de","potentialAction":[{"@type":"ReadAction","target":["https:\/\/www.jazzzeitung.de\/cms\/2019\/09\/news-nicole-johaenntgens-neues-musikfestival-neueroeffnung-jaki-klub-im-stadtgarten\/"]}]},{"@type":"ImageObject","inLanguage":"de","@id":"https:\/\/www.jazzzeitung.de\/cms\/2019\/09\/news-nicole-johaenntgens-neues-musikfestival-neueroeffnung-jaki-klub-im-stadtgarten\/#primaryimage","url":"https:\/\/i0.wp.com\/www.jazzzeitung.de\/cms\/wp-content\/uploads\/2019\/09\/nicole-johaenntgen-9535-1.jpg?fit=4928%2C3280&ssl=1","contentUrl":"https:\/\/i0.wp.com\/www.jazzzeitung.de\/cms\/wp-content\/uploads\/2019\/09\/nicole-johaenntgen-9535-1.jpg?fit=4928%2C3280&ssl=1","width":4928,"height":3280,"caption":"Nicole Joh\u00e4nntgen"},{"@type":"BreadcrumbList","@id":"https:\/\/www.jazzzeitung.de\/cms\/2019\/09\/news-nicole-johaenntgens-neues-musikfestival-neueroeffnung-jaki-klub-im-stadtgarten\/#breadcrumb","itemListElement":[{"@type":"ListItem","position":1,"name":"Startseite","item":"https:\/\/www.jazzzeitung.de\/cms\/"},{"@type":"ListItem","position":2,"name":"+++ News +++ Nicole Joh\u00e4nntgens neues Musikfestival +++ Neuer\u00f6ffnung: JAKI &#8211; Klub im Stadtgarten +++"}]},{"@type":"WebSite","@id":"https:\/\/www.jazzzeitung.de\/cms\/#website","url":"https:\/\/www.jazzzeitung.de\/cms\/","name":"JazzZeitung","description":"Jazz-News und Jazz-Kontroverses","publisher":{"@id":"https:\/\/www.jazzzeitung.de\/cms\/#organization"},"potentialAction":[{"@type":"SearchAction","target":{"@type":"EntryPoint","urlTemplate":"https:\/\/www.jazzzeitung.de\/cms\/?s={search_term_string}"},"query-input":{"@type":"PropertyValueSpecification","valueRequired":true,"valueName":"search_term_string"}}],"inLanguage":"de"},{"@type":"Organization","@id":"https:\/\/www.jazzzeitung.de\/cms\/#organization","name":"JazzZeitung online","url":"https:\/\/www.jazzzeitung.de\/cms\/","logo":{"@type":"ImageObject","inLanguage":"de","@id":"https:\/\/www.jazzzeitung.de\/cms\/#\/schema\/logo\/image\/","url":"https:\/\/i0.wp.com\/www.jazzzeitung.de\/cms\/wp-content\/uploads\/2015\/08\/JAZZZEITUNGDE_Logo_Neu.png?fit=499%2C200&ssl=1","contentUrl":"https:\/\/i0.wp.com\/www.jazzzeitung.de\/cms\/wp-content\/uploads\/2015\/08\/JAZZZEITUNGDE_Logo_Neu.png?fit=499%2C200&ssl=1","width":499,"height":200,"caption":"JazzZeitung online"},"image":{"@id":"https:\/\/www.jazzzeitung.de\/cms\/#\/schema\/logo\/image\/"},"sameAs":["https:\/\/www.facebook.com\/JazzZeitung\/"]},{"@type":"Person","@id":"https:\/\/www.jazzzeitung.de\/cms\/#\/schema\/person\/2245b36b9cd1d24cea10f01c031fb92b","name":"Redaktion JazzZeitung","image":{"@type":"ImageObject","inLanguage":"de","@id":"https:\/\/i0.wp.com\/www.jazzzeitung.de\/cms\/wp-content\/uploads\/2015\/08\/JAZZZEITUNGDE_Logo_Neu.png?resize=96%2C96&ssl=159975dcacb611b5700bd619b5daf0a7a","url":"https:\/\/i0.wp.com\/www.jazzzeitung.de\/cms\/wp-content\/uploads\/2015\/08\/JAZZZEITUNGDE_Logo_Neu.png?resize=96%2C96&ssl=1","contentUrl":"https:\/\/i0.wp.com\/www.jazzzeitung.de\/cms\/wp-content\/uploads\/2015\/08\/JAZZZEITUNGDE_Logo_Neu.png?resize=96%2C96&ssl=1","caption":"Redaktion JazzZeitung"},"description":"Artikel der Redaktion der JazzZeitung.","sameAs":["http:\/\/www.jazzzeitung.de\/cms\/"],"url":"https:\/\/www.jazzzeitung.de\/cms\/author\/redaktion\/"}]}},"wp-worthy-pixel":{"ignored":false,"public":null,"server":null,"url":null},"wp-worthy-type":"normal","jetpack_publicize_connections":[],"cc_featured_image_caption":{"caption_text":"","source_text":"","source_url":""},"jetpack_featured_media_url":"https:\/\/i0.wp.com\/www.jazzzeitung.de\/cms\/wp-content\/uploads\/2019\/09\/nicole-johaenntgen-9535-1.jpg?fit=4928%2C3280&ssl=1","jetpack_shortlink":"https:\/\/wp.me\/p3KEcT-5mD","jetpack-related-posts":[{"id":3045,"url":"https:\/\/www.jazzzeitung.de\/cms\/2013\/11\/sofia-ein-foerderprogramm-fuer-junge-jazzmusikerinnen\/","url_meta":{"origin":20623,"position":0},"title":"SOFIA  \u2013 ein F\u00f6rderprogramm f\u00fcr junge Jazzmusikerinnen","author":"Redaktion JazzZeitung","date":"20. November 2013","format":false,"excerpt":"Sie ist hochbegabt, attraktiv und versteht gleich viel von Business und Vermarktung ihrer Talente wie von ihrer Musik. Die Rede ist von Nicole Joh\u00e4nntgen, der Initiatorin von SOFIA. SOFIA ist ein auf Nachhaltigkeit angelegtes Projekt zur F\u00f6rderung begabter Jazz Musikerinnen. Sechs junge Frauen werden aus der Schweiz, Frankreich und Deutschland\u2026","rel":"","context":"In &quot;News&quot;","block_context":{"text":"News","link":"https:\/\/www.jazzzeitung.de\/cms\/thema\/nachrichten\/"},"img":{"alt_text":"johanntgen","src":"https:\/\/i0.wp.com\/www.jazzzeitung.de\/cms\/wp-content\/uploads\/2013\/11\/johanntgen-150x150.jpg?resize=350%2C200","width":350,"height":200},"classes":[]},{"id":27609,"url":"https:\/\/www.jazzzeitung.de\/cms\/2022\/06\/nicole-johaenntgen-solo-2-ich-kann-das-wort-zeit-neu-interpretieren\/","url_meta":{"origin":20623,"position":1},"title":"Nicole Joh\u00e4nntgen solo 2: \u201eIch kann das Wort Zeit neu interpretieren\u201c","author":"Redaktion JazzZeitung","date":"23. Juni 2022","format":false,"excerpt":"(Von Stefan Pieper) Eng getaktete Zeitma\u00dfe sind \u00fcberwunden auf der zweiten Solo-CD der Saxophonistin Nicole Joh\u00e4nntgen. Hier sind - wortw\u00f6rtlich genommen - h\u00f6here Dimensionen im Spiel. Aus einzelnen T\u00f6nen werden Intervalle, die sich zu Motiven formen. Immer neu und immer anders gef\u00e4rbt. Vielleicht so, wie ein Naturszenario am Morgen allm\u00e4hlich\u2026","rel":"","context":"In &quot;Rezension&quot;","block_context":{"text":"Rezension","link":"https:\/\/www.jazzzeitung.de\/cms\/thema\/rezension\/"},"img":{"alt_text":"","src":"https:\/\/i0.wp.com\/www.jazzzeitung.de\/cms\/wp-content\/uploads\/2022\/06\/nicole-johaenntgen-9521-1_titel-scaled.jpg?fit=1200%2C919&ssl=1&resize=350%2C200","width":350,"height":200,"srcset":"https:\/\/i0.wp.com\/www.jazzzeitung.de\/cms\/wp-content\/uploads\/2022\/06\/nicole-johaenntgen-9521-1_titel-scaled.jpg?fit=1200%2C919&ssl=1&resize=350%2C200 1x, https:\/\/i0.wp.com\/www.jazzzeitung.de\/cms\/wp-content\/uploads\/2022\/06\/nicole-johaenntgen-9521-1_titel-scaled.jpg?fit=1200%2C919&ssl=1&resize=525%2C300 1.5x, https:\/\/i0.wp.com\/www.jazzzeitung.de\/cms\/wp-content\/uploads\/2022\/06\/nicole-johaenntgen-9521-1_titel-scaled.jpg?fit=1200%2C919&ssl=1&resize=700%2C400 2x, https:\/\/i0.wp.com\/www.jazzzeitung.de\/cms\/wp-content\/uploads\/2022\/06\/nicole-johaenntgen-9521-1_titel-scaled.jpg?fit=1200%2C919&ssl=1&resize=1050%2C600 3x"},"classes":[]},{"id":29477,"url":"https:\/\/www.jazzzeitung.de\/cms\/2023\/05\/news-nicole-johaenntgen-zu-gast-bei-sofia-open-air-zwischen-fachwerkhaeusern-beim-idstein-jazzfestival\/","url_meta":{"origin":20623,"position":2},"title":"News: +++ Nicole Joh\u00e4nntgen zu Gast bei SOFIA +++ Open-Air zwischen Fachwerkh\u00e4usern beim Idstein JazzFestival +++","author":"Redaktion JazzZeitung","date":"31. Mai 2023","format":false,"excerpt":"+++ Nicole Joh\u00e4nntgen zu Gast bei SOFIA +++ Die Saxophonistin Nicole Joh\u00e4nntgen, erst k\u00fcrzlich mit dem Lichtenburgpreis 2023 ausgezeichnet, wird im Rahmen der sechsten SOFIA Music Business Workshops zu h\u00f6ren sein, die vom 30. Mai bis zum 4. Juni 2023 in Z\u00fcrich stattfinden. SOFIA \u2013 das steht f\u00fcr Support Of\u2026","rel":"","context":"In &quot;News&quot;","block_context":{"text":"News","link":"https:\/\/www.jazzzeitung.de\/cms\/thema\/nachrichten\/"},"img":{"alt_text":"","src":"https:\/\/i0.wp.com\/www.jazzzeitung.de\/cms\/wp-content\/uploads\/2023\/01\/nicole-johaenntgen-new-orleans-3-scaled.jpg?fit=1200%2C799&ssl=1&resize=350%2C200","width":350,"height":200,"srcset":"https:\/\/i0.wp.com\/www.jazzzeitung.de\/cms\/wp-content\/uploads\/2023\/01\/nicole-johaenntgen-new-orleans-3-scaled.jpg?fit=1200%2C799&ssl=1&resize=350%2C200 1x, https:\/\/i0.wp.com\/www.jazzzeitung.de\/cms\/wp-content\/uploads\/2023\/01\/nicole-johaenntgen-new-orleans-3-scaled.jpg?fit=1200%2C799&ssl=1&resize=525%2C300 1.5x, https:\/\/i0.wp.com\/www.jazzzeitung.de\/cms\/wp-content\/uploads\/2023\/01\/nicole-johaenntgen-new-orleans-3-scaled.jpg?fit=1200%2C799&ssl=1&resize=700%2C400 2x, https:\/\/i0.wp.com\/www.jazzzeitung.de\/cms\/wp-content\/uploads\/2023\/01\/nicole-johaenntgen-new-orleans-3-scaled.jpg?fit=1200%2C799&ssl=1&resize=1050%2C600 3x"},"classes":[]},{"id":17597,"url":"https:\/\/www.jazzzeitung.de\/cms\/2018\/10\/1000-kilo-schweins-vergnuegen-mit-nicole-johaenntgen\/","url_meta":{"origin":20623,"position":3},"title":"\u201e1.000 Kilo Schwein(s)\u201c-Vergn\u00fcgen mit Nicole Joh\u00e4nntgen","author":"Michael Scheiner","date":"27. Oktober 2018","format":false,"excerpt":"Von Michael Scheiner.\u00a0Selbst in New Orleans, der Wiege des Jazz, wie die Stadt am Mississippi gern bezeichnet wird, w\u00fcrde Nicole Joh\u00e4nntgen mit ihrem Bandprojekt \u201eHenry II\u201c die Szene kr\u00e4ftig aufmischen und jedes Publikum zum Tanzen bringen. Damit haperte es beim Auftritt der Saxophonistin und ihren Musikern im Leeren Beutel leider\u2026","rel":"","context":"In &quot;Bericht&quot;","block_context":{"text":"Bericht","link":"https:\/\/www.jazzzeitung.de\/cms\/thema\/bericht\/"},"img":{"alt_text":"","src":"https:\/\/i0.wp.com\/www.jazzzeitung.de\/cms\/wp-content\/uploads\/2018\/10\/Johaenntgen-Nicole_52.jpg?fit=1200%2C781&ssl=1&resize=350%2C200","width":350,"height":200,"srcset":"https:\/\/i0.wp.com\/www.jazzzeitung.de\/cms\/wp-content\/uploads\/2018\/10\/Johaenntgen-Nicole_52.jpg?fit=1200%2C781&ssl=1&resize=350%2C200 1x, https:\/\/i0.wp.com\/www.jazzzeitung.de\/cms\/wp-content\/uploads\/2018\/10\/Johaenntgen-Nicole_52.jpg?fit=1200%2C781&ssl=1&resize=525%2C300 1.5x, https:\/\/i0.wp.com\/www.jazzzeitung.de\/cms\/wp-content\/uploads\/2018\/10\/Johaenntgen-Nicole_52.jpg?fit=1200%2C781&ssl=1&resize=700%2C400 2x, https:\/\/i0.wp.com\/www.jazzzeitung.de\/cms\/wp-content\/uploads\/2018\/10\/Johaenntgen-Nicole_52.jpg?fit=1200%2C781&ssl=1&resize=1050%2C600 3x"},"classes":[]},{"id":6888,"url":"https:\/\/www.jazzzeitung.de\/cms\/2015\/08\/nicole-johaenntgen-erhaelt-den-jti-trier-jazz-award\/","url_meta":{"origin":20623,"position":4},"title":"Nicole Joh\u00e4nntgen erh\u00e4lt den \u201eJTI Trier Jazz Award&#8220;","author":"Redaktion JazzZeitung","date":"26. August 2015","format":false,"excerpt":"Am 21.8. erhielt Nicole Joh\u00e4nntgen den \u201eJTI Trier Jazz Award\" 2015. \u201eJazz gespielt, als ob ihr Leben davon abhinge\u201c,\u201e\u2026sie lebt die Musik.\u201c, \u201eStarke Rhythmen, \u00fcberraschende Effekte, gekonnte Akzente\u201c, \u201eEnergetische Kaskaden\u201c \u2013 das sind nur einige Beschreibungen aus Presseberichten \u00fcber Nicole Joh\u00e4nntgen (33), der Preistr\u00e4gerin des \u201eJTI Trier Jazz Award\u201c, der\u2026","rel":"","context":"In &quot;News&quot;","block_context":{"text":"News","link":"https:\/\/www.jazzzeitung.de\/cms\/thema\/nachrichten\/"},"img":{"alt_text":"Nicole Joh\u00e4nntgen. Foto: JTI International Germany","src":"https:\/\/i0.wp.com\/www.jazzzeitung.de\/cms\/wp-content\/uploads\/2015\/08\/Nicole_Joh%C3%A4nntgen-700x467.jpg?resize=350%2C200","width":350,"height":200,"srcset":"https:\/\/i0.wp.com\/www.jazzzeitung.de\/cms\/wp-content\/uploads\/2015\/08\/Nicole_Joh%C3%A4nntgen-700x467.jpg?resize=350%2C200 1x, https:\/\/i0.wp.com\/www.jazzzeitung.de\/cms\/wp-content\/uploads\/2015\/08\/Nicole_Joh%C3%A4nntgen-700x467.jpg?resize=525%2C300 1.5x, https:\/\/i0.wp.com\/www.jazzzeitung.de\/cms\/wp-content\/uploads\/2015\/08\/Nicole_Joh%C3%A4nntgen-700x467.jpg?resize=700%2C400 2x"},"classes":[]},{"id":27796,"url":"https:\/\/www.jazzzeitung.de\/cms\/2022\/07\/neues-aus-dem-green-room-des-koelner-stadtgartens-laura-totenhagen-und-farida-amadou-rachel-therrien-und-ihre-kuenstlerinnen\/","url_meta":{"origin":20623,"position":5},"title":"+++ Neues aus dem Green Room des K\u00f6lner Stadtgartens: +++ Laura Totenhagen und Farida Amadou  +++ Rachel Therrien und ihre K\u00fcnstler:innen +++","author":"Redaktion JazzZeitung","date":"14. Juli 2022","format":false,"excerpt":"+++ Green is the coulour +++ Eigentlich scheuen K\u00fcnste wie Theater oder Jazz das Tageslicht. Doch in einem Sommer wie diesem \u2013 in Gluthitze und mit Coronavarianten \u2013 wird bundesweit open air gespielt, mal umsonst, mal gegen das Vertrauensgut Eintrittskarte. Zum Beispiel im Green Room des K\u00f6lner Stadtgartens: Dort laden\u2026","rel":"","context":"In &quot;News&quot;","block_context":{"text":"News","link":"https:\/\/www.jazzzeitung.de\/cms\/thema\/nachrichten\/"},"img":{"alt_text":"","src":"https:\/\/i0.wp.com\/www.jazzzeitung.de\/cms\/wp-content\/uploads\/2022\/07\/2022-07-18_Laura_Totenhagen_c_Niclas_Weber_Farida_Amadou_c_Artist.jpg?fit=1200%2C800&ssl=1&resize=350%2C200","width":350,"height":200,"srcset":"https:\/\/i0.wp.com\/www.jazzzeitung.de\/cms\/wp-content\/uploads\/2022\/07\/2022-07-18_Laura_Totenhagen_c_Niclas_Weber_Farida_Amadou_c_Artist.jpg?fit=1200%2C800&ssl=1&resize=350%2C200 1x, https:\/\/i0.wp.com\/www.jazzzeitung.de\/cms\/wp-content\/uploads\/2022\/07\/2022-07-18_Laura_Totenhagen_c_Niclas_Weber_Farida_Amadou_c_Artist.jpg?fit=1200%2C800&ssl=1&resize=525%2C300 1.5x, https:\/\/i0.wp.com\/www.jazzzeitung.de\/cms\/wp-content\/uploads\/2022\/07\/2022-07-18_Laura_Totenhagen_c_Niclas_Weber_Farida_Amadou_c_Artist.jpg?fit=1200%2C800&ssl=1&resize=700%2C400 2x, https:\/\/i0.wp.com\/www.jazzzeitung.de\/cms\/wp-content\/uploads\/2022\/07\/2022-07-18_Laura_Totenhagen_c_Niclas_Weber_Farida_Amadou_c_Artist.jpg?fit=1200%2C800&ssl=1&resize=1050%2C600 3x"},"classes":[]}],"jetpack_sharing_enabled":true,"_links":{"self":[{"href":"https:\/\/www.jazzzeitung.de\/cms\/wp-json\/wp\/v2\/posts\/20623","targetHints":{"allow":["GET"]}}],"collection":[{"href":"https:\/\/www.jazzzeitung.de\/cms\/wp-json\/wp\/v2\/posts"}],"about":[{"href":"https:\/\/www.jazzzeitung.de\/cms\/wp-json\/wp\/v2\/types\/post"}],"author":[{"embeddable":true,"href":"https:\/\/www.jazzzeitung.de\/cms\/wp-json\/wp\/v2\/users\/18"}],"replies":[{"embeddable":true,"href":"https:\/\/www.jazzzeitung.de\/cms\/wp-json\/wp\/v2\/comments?post=20623"}],"version-history":[{"count":5,"href":"https:\/\/www.jazzzeitung.de\/cms\/wp-json\/wp\/v2\/posts\/20623\/revisions"}],"predecessor-version":[{"id":20627,"href":"https:\/\/www.jazzzeitung.de\/cms\/wp-json\/wp\/v2\/posts\/20623\/revisions\/20627"}],"wp:featuredmedia":[{"embeddable":true,"href":"https:\/\/www.jazzzeitung.de\/cms\/wp-json\/wp\/v2\/media\/20625"}],"wp:attachment":[{"href":"https:\/\/www.jazzzeitung.de\/cms\/wp-json\/wp\/v2\/media?parent=20623"}],"wp:term":[{"taxonomy":"category","embeddable":true,"href":"https:\/\/www.jazzzeitung.de\/cms\/wp-json\/wp\/v2\/categories?post=20623"},{"taxonomy":"post_tag","embeddable":true,"href":"https:\/\/www.jazzzeitung.de\/cms\/wp-json\/wp\/v2\/tags?post=20623"},{"taxonomy":"author","embeddable":true,"href":"https:\/\/www.jazzzeitung.de\/cms\/wp-json\/wp\/v2\/coauthors?post=20623"}],"curies":[{"name":"wp","href":"https:\/\/api.w.org\/{rel}","templated":true}]}}