{"id":20612,"date":"2019-09-05T08:00:22","date_gmt":"2019-09-05T06:00:22","guid":{"rendered":"https:\/\/www.jazzzeitung.de\/cms\/?p=20612"},"modified":"2019-09-05T08:03:09","modified_gmt":"2019-09-05T06:03:09","slug":"schnelldurchlauf-jazz-cds-mit-bend-monder-und-anderen","status":"publish","type":"post","link":"https:\/\/www.jazzzeitung.de\/cms\/2019\/09\/schnelldurchlauf-jazz-cds-mit-bend-monder-und-anderen\/","title":{"rendered":"Schnelldurchlauf: Jazz-CDs mit Ben Monder und anderen"},"content":{"rendered":"<p>Durch- und abgeh\u00f6rt hat Huflaikhan in der <a href=\"https:\/\/hoerbar.nmz.de\">H\u00f6rbar der nmz:<\/a><\/p>\n<ul>\n<li>Michael Formanek \u2013 Elusion Quartet: Time like This (2018)<\/li>\n<li>Swiss Jazz Orchestra: Swiss Jazz Orchestra &amp; Guillermo Klein (2019)<\/li>\n<li>Ben Monder: Day After Day (2019)<\/li>\n<li>Greg Reitan: West 6oth (2019)<\/li>\n<li>Denny Zeitlin: Remembering Miles (2019)<\/li>\n<li>Frederico Albanese: The Twelve (2019)<\/li>\n<\/ul>\n<blockquote class=\"wp-embedded-content\" data-secret=\"IQ2cgscck5\"><p><a href=\"https:\/\/hoerbar.nmz.de\/2019\/09\/michael-formanek-elusion-quartet-time-like-this-2018\/\">Michael Formanek \u2013 Elusion Quartet: Time like This (2018)<\/a><\/p><\/blockquote>\n<p><iframe loading=\"lazy\" title=\"&#8222;Michael Formanek \u2013 Elusion Quartet: Time like This (2018)&#8220; &#8212; H\u00f6rBar der nmz\" class=\"wp-embedded-content\" sandbox=\"allow-scripts\" security=\"restricted\" style=\"position: absolute; clip: rect(1px, 1px, 1px, 1px);\" src=\"https:\/\/hoerbar.nmz.de\/2019\/09\/michael-formanek-elusion-quartet-time-like-this-2018\/embed\/#?secret=IQ2cgscck5\" data-secret=\"IQ2cgscck5\" width=\"600\" height=\"338\" frameborder=\"0\" marginwidth=\"0\" marginheight=\"0\" scrolling=\"no\"><\/iframe><\/p>\n<blockquote class=\"wp-embedded-content\" data-secret=\"4cEgiSkosH\"><p><a href=\"https:\/\/hoerbar.nmz.de\/2019\/09\/swiss-jazz-orchestra-swiss-jazz-orchestra-guillermo-klein-2019\/\">Swiss Jazz Orchestra: Swiss Jazz Orchestra &#038; Guillermo Klein (2019)<\/a><\/p><\/blockquote>\n<p><iframe loading=\"lazy\" title=\"&#8222;Swiss Jazz Orchestra: Swiss Jazz Orchestra &#038; Guillermo Klein (2019)&#8220; &#8212; H\u00f6rBar der nmz\" class=\"wp-embedded-content\" sandbox=\"allow-scripts\" security=\"restricted\" style=\"position: absolute; clip: rect(1px, 1px, 1px, 1px);\" src=\"https:\/\/hoerbar.nmz.de\/2019\/09\/swiss-jazz-orchestra-swiss-jazz-orchestra-guillermo-klein-2019\/embed\/#?secret=4cEgiSkosH\" data-secret=\"4cEgiSkosH\" width=\"600\" height=\"338\" frameborder=\"0\" marginwidth=\"0\" marginheight=\"0\" scrolling=\"no\"><\/iframe><\/p>\n<blockquote class=\"wp-embedded-content\" data-secret=\"MXJzfFyg5A\"><p><a href=\"https:\/\/hoerbar.nmz.de\/2019\/08\/ben-monder-day-after-day-2019\/\">Ben Monder: Day After Day (2019)<\/a><\/p><\/blockquote>\n<p><iframe loading=\"lazy\" title=\"&#8222;Ben Monder: Day After Day (2019)&#8220; &#8212; H\u00f6rBar der nmz\" class=\"wp-embedded-content\" sandbox=\"allow-scripts\" security=\"restricted\" style=\"position: absolute; clip: rect(1px, 1px, 1px, 1px);\" src=\"https:\/\/hoerbar.nmz.de\/2019\/08\/ben-monder-day-after-day-2019\/embed\/#?secret=MXJzfFyg5A\" data-secret=\"MXJzfFyg5A\" width=\"600\" height=\"338\" frameborder=\"0\" marginwidth=\"0\" marginheight=\"0\" scrolling=\"no\"><\/iframe><\/p>\n<blockquote class=\"wp-embedded-content\" data-secret=\"EB1RktDtT9\"><p><a href=\"https:\/\/hoerbar.nmz.de\/2019\/08\/greg-reitan-west-6oth-2019\/\">Greg Reitan: West 6oth (2019)<\/a><\/p><\/blockquote>\n<p><iframe loading=\"lazy\" title=\"&#8222;Greg Reitan: West 6oth (2019)&#8220; &#8212; H\u00f6rBar der nmz\" class=\"wp-embedded-content\" sandbox=\"allow-scripts\" security=\"restricted\" style=\"position: absolute; clip: rect(1px, 1px, 1px, 1px);\" src=\"https:\/\/hoerbar.nmz.de\/2019\/08\/greg-reitan-west-6oth-2019\/embed\/#?secret=EB1RktDtT9\" data-secret=\"EB1RktDtT9\" width=\"600\" height=\"338\" frameborder=\"0\" marginwidth=\"0\" marginheight=\"0\" scrolling=\"no\"><\/iframe><\/p>\n<blockquote class=\"wp-embedded-content\" data-secret=\"iNcHJWUSBf\"><p><a href=\"https:\/\/hoerbar.nmz.de\/2019\/08\/denny-zeitlin-remembering-miles-2019\/\">Denny Zeitlin: Remembering Miles (2019)<\/a><\/p><\/blockquote>\n<p><iframe loading=\"lazy\" title=\"&#8222;Denny Zeitlin: Remembering Miles (2019)&#8220; &#8212; H\u00f6rBar der nmz\" class=\"wp-embedded-content\" sandbox=\"allow-scripts\" security=\"restricted\" style=\"position: absolute; clip: rect(1px, 1px, 1px, 1px);\" src=\"https:\/\/hoerbar.nmz.de\/2019\/08\/denny-zeitlin-remembering-miles-2019\/embed\/#?secret=iNcHJWUSBf\" data-secret=\"iNcHJWUSBf\" width=\"600\" height=\"338\" frameborder=\"0\" marginwidth=\"0\" marginheight=\"0\" scrolling=\"no\"><\/iframe><\/p>\n<blockquote class=\"wp-embedded-content\" data-secret=\"pszanNlN5c\"><p><a href=\"https:\/\/hoerbar.nmz.de\/2019\/08\/frederico-albanese-the-twelve-2019\/\">Frederico Albanese: The Twelve (2019)<\/a><\/p><\/blockquote>\n<p><iframe loading=\"lazy\" title=\"&#8222;Frederico Albanese: The Twelve (2019)&#8220; &#8212; H\u00f6rBar der nmz\" class=\"wp-embedded-content\" sandbox=\"allow-scripts\" security=\"restricted\" style=\"position: absolute; clip: rect(1px, 1px, 1px, 1px);\" src=\"https:\/\/hoerbar.nmz.de\/2019\/08\/frederico-albanese-the-twelve-2019\/embed\/#?secret=pszanNlN5c\" data-secret=\"pszanNlN5c\" width=\"600\" height=\"338\" frameborder=\"0\" marginwidth=\"0\" marginheight=\"0\" scrolling=\"no\"><\/iframe><\/p>\n","protected":false},"excerpt":{"rendered":"<p>Durch- und abgeh\u00f6rt hat Huflaikhan in der H\u00f6rbar der nmz: Michael Formanek \u2013 Elusion Quartet: Time like This (2018) Swiss Jazz Orchestra: Swiss Jazz Orchestra &amp; Guillermo Klein (2019) Ben Monder: Day After Day (2019) Greg Reitan: West 6oth (2019) Denny Zeitlin: Remembering Miles (2019) Frederico Albanese: The Twelve (2019) Michael Formanek \u2013 Elusion Quartet: Time like This (2018) Swiss Jazz Orchestra: Swiss Jazz Orchestra &#038; Guillermo Klein (2019) Ben Monder: Day After Day (2019) Greg Reitan: West 6oth (2019) Denny Zeitlin: Remembering Miles (2019) Frederico Albanese: The Twelve (2019)<\/p>\n","protected":false},"author":1,"featured_media":20619,"comment_status":"open","ping_status":"closed","sticky":false,"template":"","format":"standard","meta":{"_jetpack_memberships_contains_paid_content":false,"footnotes":"","jetpack_publicize_message":"","jetpack_publicize_feature_enabled":true,"jetpack_social_post_already_shared":false,"jetpack_social_options":{"image_generator_settings":{"template":"highway","default_image_id":0,"font":"","enabled":false},"version":2}},"categories":[1152],"tags":[2741,2737,2739,2738,2410,2740],"coauthors":[650],"class_list":["post-20612","post","type-post","status-publish","format-standard","has-post-thumbnail","hentry","category-rezension","tag-ben-monder","tag-denny-zeitlin","tag-greg-reitan","tag-hoerbar-der-nmz","tag-michael-formanek","tag-swiss-jazz-orchestra"],"yoast_head":"<!-- This site is optimized with the Yoast SEO plugin v27.5 - https:\/\/yoast.com\/product\/yoast-seo-wordpress\/ -->\n<title>Schnelldurchlauf: Jazz-CDs mit Ben Monder und anderen - JazzZeitung<\/title>\n<meta name=\"robots\" content=\"index, follow, max-snippet:-1, max-image-preview:large, max-video-preview:-1\" \/>\n<link rel=\"canonical\" href=\"https:\/\/www.jazzzeitung.de\/cms\/2019\/09\/schnelldurchlauf-jazz-cds-mit-bend-monder-und-anderen\/\" \/>\n<meta property=\"og:locale\" content=\"de_DE\" \/>\n<meta property=\"og:type\" content=\"article\" \/>\n<meta property=\"og:title\" content=\"Schnelldurchlauf: Jazz-CDs mit Ben Monder und anderen - JazzZeitung\" \/>\n<meta property=\"og:description\" content=\"Durch- und abgeh\u00f6rt hat Huflaikhan in der H\u00f6rbar der nmz: Michael Formanek \u2013 Elusion Quartet: Time like This (2018) Swiss Jazz Orchestra: Swiss Jazz Orchestra &amp; Guillermo Klein (2019) Ben Monder: Day After Day (2019) Greg Reitan: West 6oth (2019) Denny Zeitlin: Remembering Miles (2019) Frederico Albanese: The Twelve (2019) Michael Formanek \u2013 Elusion Quartet: Time like This (2018) Swiss Jazz Orchestra: Swiss Jazz Orchestra &#038; Guillermo Klein (2019) Ben Monder: Day After Day (2019) Greg Reitan: West 6oth (2019) Denny Zeitlin: Remembering Miles (2019) Frederico Albanese: The Twelve (2019)\" \/>\n<meta property=\"og:url\" content=\"https:\/\/www.jazzzeitung.de\/cms\/2019\/09\/schnelldurchlauf-jazz-cds-mit-bend-monder-und-anderen\/\" \/>\n<meta property=\"og:site_name\" content=\"JazzZeitung\" \/>\n<meta property=\"article:publisher\" content=\"https:\/\/www.facebook.com\/JazzZeitung\/\" \/>\n<meta property=\"article:author\" content=\"https:\/\/www.facebook.com\/hufner\" \/>\n<meta property=\"article:published_time\" content=\"2019-09-05T06:00:22+00:00\" \/>\n<meta property=\"article:modified_time\" content=\"2019-09-05T06:03:09+00:00\" \/>\n<meta property=\"og:image\" content=\"https:\/\/i0.wp.com\/www.jazzzeitung.de\/cms\/wp-content\/uploads\/2019\/09\/screenshot-hoerbar.nmz_.de-2019.09.04-09_35_31.png?fit=1133%2C565&ssl=1\" \/>\n\t<meta property=\"og:image:width\" content=\"1133\" \/>\n\t<meta property=\"og:image:height\" content=\"565\" \/>\n\t<meta property=\"og:image:type\" content=\"image\/png\" \/>\n<meta name=\"author\" content=\"Martin Hufner\" \/>\n<script type=\"application\/ld+json\" class=\"yoast-schema-graph\">{\"@context\":\"https:\\\/\\\/schema.org\",\"@graph\":[{\"@type\":\"Article\",\"@id\":\"https:\\\/\\\/www.jazzzeitung.de\\\/cms\\\/2019\\\/09\\\/schnelldurchlauf-jazz-cds-mit-bend-monder-und-anderen\\\/#article\",\"isPartOf\":{\"@id\":\"https:\\\/\\\/www.jazzzeitung.de\\\/cms\\\/2019\\\/09\\\/schnelldurchlauf-jazz-cds-mit-bend-monder-und-anderen\\\/\"},\"author\":{\"name\":\"Martin Hufner\",\"@id\":\"https:\\\/\\\/www.jazzzeitung.de\\\/cms\\\/#\\\/schema\\\/person\\\/b9a4e5ac765d94fb8f617bfa8f1fc5f7\"},\"headline\":\"Schnelldurchlauf: Jazz-CDs mit Ben Monder und anderen\",\"datePublished\":\"2019-09-05T06:00:22+00:00\",\"dateModified\":\"2019-09-05T06:03:09+00:00\",\"mainEntityOfPage\":{\"@id\":\"https:\\\/\\\/www.jazzzeitung.de\\\/cms\\\/2019\\\/09\\\/schnelldurchlauf-jazz-cds-mit-bend-monder-und-anderen\\\/\"},\"wordCount\":83,\"commentCount\":0,\"publisher\":{\"@id\":\"https:\\\/\\\/www.jazzzeitung.de\\\/cms\\\/#organization\"},\"image\":{\"@id\":\"https:\\\/\\\/www.jazzzeitung.de\\\/cms\\\/2019\\\/09\\\/schnelldurchlauf-jazz-cds-mit-bend-monder-und-anderen\\\/#primaryimage\"},\"thumbnailUrl\":\"https:\\\/\\\/i0.wp.com\\\/www.jazzzeitung.de\\\/cms\\\/wp-content\\\/uploads\\\/2019\\\/09\\\/screenshot-hoerbar.nmz_.de-2019.09.04-09_35_31.png?fit=1133%2C565&ssl=1\",\"keywords\":[\"Ben Monder\",\"Denny Zeitlin\",\"Greg Reitan\",\"H\u00f6rBar der nmz\",\"Michael Formanek\",\"Swiss Jazz Orchestra\"],\"articleSection\":[\"Rezension\"],\"inLanguage\":\"de\",\"potentialAction\":[{\"@type\":\"CommentAction\",\"name\":\"Comment\",\"target\":[\"https:\\\/\\\/www.jazzzeitung.de\\\/cms\\\/2019\\\/09\\\/schnelldurchlauf-jazz-cds-mit-bend-monder-und-anderen\\\/#respond\"]}]},{\"@type\":\"WebPage\",\"@id\":\"https:\\\/\\\/www.jazzzeitung.de\\\/cms\\\/2019\\\/09\\\/schnelldurchlauf-jazz-cds-mit-bend-monder-und-anderen\\\/\",\"url\":\"https:\\\/\\\/www.jazzzeitung.de\\\/cms\\\/2019\\\/09\\\/schnelldurchlauf-jazz-cds-mit-bend-monder-und-anderen\\\/\",\"name\":\"Schnelldurchlauf: Jazz-CDs mit Ben Monder und anderen - JazzZeitung\",\"isPartOf\":{\"@id\":\"https:\\\/\\\/www.jazzzeitung.de\\\/cms\\\/#website\"},\"primaryImageOfPage\":{\"@id\":\"https:\\\/\\\/www.jazzzeitung.de\\\/cms\\\/2019\\\/09\\\/schnelldurchlauf-jazz-cds-mit-bend-monder-und-anderen\\\/#primaryimage\"},\"image\":{\"@id\":\"https:\\\/\\\/www.jazzzeitung.de\\\/cms\\\/2019\\\/09\\\/schnelldurchlauf-jazz-cds-mit-bend-monder-und-anderen\\\/#primaryimage\"},\"thumbnailUrl\":\"https:\\\/\\\/i0.wp.com\\\/www.jazzzeitung.de\\\/cms\\\/wp-content\\\/uploads\\\/2019\\\/09\\\/screenshot-hoerbar.nmz_.de-2019.09.04-09_35_31.png?fit=1133%2C565&ssl=1\",\"datePublished\":\"2019-09-05T06:00:22+00:00\",\"dateModified\":\"2019-09-05T06:03:09+00:00\",\"breadcrumb\":{\"@id\":\"https:\\\/\\\/www.jazzzeitung.de\\\/cms\\\/2019\\\/09\\\/schnelldurchlauf-jazz-cds-mit-bend-monder-und-anderen\\\/#breadcrumb\"},\"inLanguage\":\"de\",\"potentialAction\":[{\"@type\":\"ReadAction\",\"target\":[\"https:\\\/\\\/www.jazzzeitung.de\\\/cms\\\/2019\\\/09\\\/schnelldurchlauf-jazz-cds-mit-bend-monder-und-anderen\\\/\"]}]},{\"@type\":\"ImageObject\",\"inLanguage\":\"de\",\"@id\":\"https:\\\/\\\/www.jazzzeitung.de\\\/cms\\\/2019\\\/09\\\/schnelldurchlauf-jazz-cds-mit-bend-monder-und-anderen\\\/#primaryimage\",\"url\":\"https:\\\/\\\/i0.wp.com\\\/www.jazzzeitung.de\\\/cms\\\/wp-content\\\/uploads\\\/2019\\\/09\\\/screenshot-hoerbar.nmz_.de-2019.09.04-09_35_31.png?fit=1133%2C565&ssl=1\",\"contentUrl\":\"https:\\\/\\\/i0.wp.com\\\/www.jazzzeitung.de\\\/cms\\\/wp-content\\\/uploads\\\/2019\\\/09\\\/screenshot-hoerbar.nmz_.de-2019.09.04-09_35_31.png?fit=1133%2C565&ssl=1\",\"width\":1133,\"height\":565,\"caption\":\"In der H\u00f6rBar der nmz.\"},{\"@type\":\"BreadcrumbList\",\"@id\":\"https:\\\/\\\/www.jazzzeitung.de\\\/cms\\\/2019\\\/09\\\/schnelldurchlauf-jazz-cds-mit-bend-monder-und-anderen\\\/#breadcrumb\",\"itemListElement\":[{\"@type\":\"ListItem\",\"position\":1,\"name\":\"Startseite\",\"item\":\"https:\\\/\\\/www.jazzzeitung.de\\\/cms\\\/\"},{\"@type\":\"ListItem\",\"position\":2,\"name\":\"Schnelldurchlauf: Jazz-CDs mit Ben Monder und anderen\"}]},{\"@type\":\"WebSite\",\"@id\":\"https:\\\/\\\/www.jazzzeitung.de\\\/cms\\\/#website\",\"url\":\"https:\\\/\\\/www.jazzzeitung.de\\\/cms\\\/\",\"name\":\"JazzZeitung\",\"description\":\"Jazz-News und Jazz-Kontroverses\",\"publisher\":{\"@id\":\"https:\\\/\\\/www.jazzzeitung.de\\\/cms\\\/#organization\"},\"potentialAction\":[{\"@type\":\"SearchAction\",\"target\":{\"@type\":\"EntryPoint\",\"urlTemplate\":\"https:\\\/\\\/www.jazzzeitung.de\\\/cms\\\/?s={search_term_string}\"},\"query-input\":{\"@type\":\"PropertyValueSpecification\",\"valueRequired\":true,\"valueName\":\"search_term_string\"}}],\"inLanguage\":\"de\"},{\"@type\":\"Organization\",\"@id\":\"https:\\\/\\\/www.jazzzeitung.de\\\/cms\\\/#organization\",\"name\":\"JazzZeitung online\",\"url\":\"https:\\\/\\\/www.jazzzeitung.de\\\/cms\\\/\",\"logo\":{\"@type\":\"ImageObject\",\"inLanguage\":\"de\",\"@id\":\"https:\\\/\\\/www.jazzzeitung.de\\\/cms\\\/#\\\/schema\\\/logo\\\/image\\\/\",\"url\":\"https:\\\/\\\/i0.wp.com\\\/www.jazzzeitung.de\\\/cms\\\/wp-content\\\/uploads\\\/2015\\\/08\\\/JAZZZEITUNGDE_Logo_Neu.png?fit=499%2C200&ssl=1\",\"contentUrl\":\"https:\\\/\\\/i0.wp.com\\\/www.jazzzeitung.de\\\/cms\\\/wp-content\\\/uploads\\\/2015\\\/08\\\/JAZZZEITUNGDE_Logo_Neu.png?fit=499%2C200&ssl=1\",\"width\":499,\"height\":200,\"caption\":\"JazzZeitung online\"},\"image\":{\"@id\":\"https:\\\/\\\/www.jazzzeitung.de\\\/cms\\\/#\\\/schema\\\/logo\\\/image\\\/\"},\"sameAs\":[\"https:\\\/\\\/www.facebook.com\\\/JazzZeitung\\\/\"]},{\"@type\":\"Person\",\"@id\":\"https:\\\/\\\/www.jazzzeitung.de\\\/cms\\\/#\\\/schema\\\/person\\\/b9a4e5ac765d94fb8f617bfa8f1fc5f7\",\"name\":\"Martin Hufner\",\"image\":{\"@type\":\"ImageObject\",\"inLanguage\":\"de\",\"@id\":\"https:\\\/\\\/i0.wp.com\\\/www.jazzzeitung.de\\\/cms\\\/wp-content\\\/uploads\\\/2013\\\/07\\\/huf-06.jpg?resize=96%2C96&ssl=15fcc31aa94540751a3b804516452be00\",\"url\":\"https:\\\/\\\/i0.wp.com\\\/www.jazzzeitung.de\\\/cms\\\/wp-content\\\/uploads\\\/2013\\\/07\\\/huf-06.jpg?resize=96%2C96&ssl=1\",\"contentUrl\":\"https:\\\/\\\/i0.wp.com\\\/www.jazzzeitung.de\\\/cms\\\/wp-content\\\/uploads\\\/2013\\\/07\\\/huf-06.jpg?resize=96%2C96&ssl=1\",\"caption\":\"Martin Hufner\"},\"description\":\"Martin Hufner ist freier Autor der JazzZeitung.\",\"sameAs\":[\"https:\\\/\\\/www.kritische-masse.de\\\/logbuch\",\"https:\\\/\\\/www.facebook.com\\\/hufner\"],\"url\":\"https:\\\/\\\/www.jazzzeitung.de\\\/cms\\\/author\\\/admin\\\/\"}]}<\/script>\n<!-- \/ Yoast SEO plugin. -->","yoast_head_json":{"title":"Schnelldurchlauf: Jazz-CDs mit Ben Monder und anderen - JazzZeitung","robots":{"index":"index","follow":"follow","max-snippet":"max-snippet:-1","max-image-preview":"max-image-preview:large","max-video-preview":"max-video-preview:-1"},"canonical":"https:\/\/www.jazzzeitung.de\/cms\/2019\/09\/schnelldurchlauf-jazz-cds-mit-bend-monder-und-anderen\/","og_locale":"de_DE","og_type":"article","og_title":"Schnelldurchlauf: Jazz-CDs mit Ben Monder und anderen - JazzZeitung","og_description":"Durch- und abgeh\u00f6rt hat Huflaikhan in der H\u00f6rbar der nmz: Michael Formanek \u2013 Elusion Quartet: Time like This (2018) Swiss Jazz Orchestra: Swiss Jazz Orchestra &amp; Guillermo Klein (2019) Ben Monder: Day After Day (2019) Greg Reitan: West 6oth (2019) Denny Zeitlin: Remembering Miles (2019) Frederico Albanese: The Twelve (2019) Michael Formanek \u2013 Elusion Quartet: Time like This (2018) Swiss Jazz Orchestra: Swiss Jazz Orchestra &#038; Guillermo Klein (2019) Ben Monder: Day After Day (2019) Greg Reitan: West 6oth (2019) Denny Zeitlin: Remembering Miles (2019) Frederico Albanese: The Twelve (2019)","og_url":"https:\/\/www.jazzzeitung.de\/cms\/2019\/09\/schnelldurchlauf-jazz-cds-mit-bend-monder-und-anderen\/","og_site_name":"JazzZeitung","article_publisher":"https:\/\/www.facebook.com\/JazzZeitung\/","article_author":"https:\/\/www.facebook.com\/hufner","article_published_time":"2019-09-05T06:00:22+00:00","article_modified_time":"2019-09-05T06:03:09+00:00","og_image":[{"width":1133,"height":565,"url":"https:\/\/i0.wp.com\/www.jazzzeitung.de\/cms\/wp-content\/uploads\/2019\/09\/screenshot-hoerbar.nmz_.de-2019.09.04-09_35_31.png?fit=1133%2C565&ssl=1","type":"image\/png"}],"author":"Martin Hufner","schema":{"@context":"https:\/\/schema.org","@graph":[{"@type":"Article","@id":"https:\/\/www.jazzzeitung.de\/cms\/2019\/09\/schnelldurchlauf-jazz-cds-mit-bend-monder-und-anderen\/#article","isPartOf":{"@id":"https:\/\/www.jazzzeitung.de\/cms\/2019\/09\/schnelldurchlauf-jazz-cds-mit-bend-monder-und-anderen\/"},"author":{"name":"Martin Hufner","@id":"https:\/\/www.jazzzeitung.de\/cms\/#\/schema\/person\/b9a4e5ac765d94fb8f617bfa8f1fc5f7"},"headline":"Schnelldurchlauf: Jazz-CDs mit Ben Monder und anderen","datePublished":"2019-09-05T06:00:22+00:00","dateModified":"2019-09-05T06:03:09+00:00","mainEntityOfPage":{"@id":"https:\/\/www.jazzzeitung.de\/cms\/2019\/09\/schnelldurchlauf-jazz-cds-mit-bend-monder-und-anderen\/"},"wordCount":83,"commentCount":0,"publisher":{"@id":"https:\/\/www.jazzzeitung.de\/cms\/#organization"},"image":{"@id":"https:\/\/www.jazzzeitung.de\/cms\/2019\/09\/schnelldurchlauf-jazz-cds-mit-bend-monder-und-anderen\/#primaryimage"},"thumbnailUrl":"https:\/\/i0.wp.com\/www.jazzzeitung.de\/cms\/wp-content\/uploads\/2019\/09\/screenshot-hoerbar.nmz_.de-2019.09.04-09_35_31.png?fit=1133%2C565&ssl=1","keywords":["Ben Monder","Denny Zeitlin","Greg Reitan","H\u00f6rBar der nmz","Michael Formanek","Swiss Jazz Orchestra"],"articleSection":["Rezension"],"inLanguage":"de","potentialAction":[{"@type":"CommentAction","name":"Comment","target":["https:\/\/www.jazzzeitung.de\/cms\/2019\/09\/schnelldurchlauf-jazz-cds-mit-bend-monder-und-anderen\/#respond"]}]},{"@type":"WebPage","@id":"https:\/\/www.jazzzeitung.de\/cms\/2019\/09\/schnelldurchlauf-jazz-cds-mit-bend-monder-und-anderen\/","url":"https:\/\/www.jazzzeitung.de\/cms\/2019\/09\/schnelldurchlauf-jazz-cds-mit-bend-monder-und-anderen\/","name":"Schnelldurchlauf: Jazz-CDs mit Ben Monder und anderen - JazzZeitung","isPartOf":{"@id":"https:\/\/www.jazzzeitung.de\/cms\/#website"},"primaryImageOfPage":{"@id":"https:\/\/www.jazzzeitung.de\/cms\/2019\/09\/schnelldurchlauf-jazz-cds-mit-bend-monder-und-anderen\/#primaryimage"},"image":{"@id":"https:\/\/www.jazzzeitung.de\/cms\/2019\/09\/schnelldurchlauf-jazz-cds-mit-bend-monder-und-anderen\/#primaryimage"},"thumbnailUrl":"https:\/\/i0.wp.com\/www.jazzzeitung.de\/cms\/wp-content\/uploads\/2019\/09\/screenshot-hoerbar.nmz_.de-2019.09.04-09_35_31.png?fit=1133%2C565&ssl=1","datePublished":"2019-09-05T06:00:22+00:00","dateModified":"2019-09-05T06:03:09+00:00","breadcrumb":{"@id":"https:\/\/www.jazzzeitung.de\/cms\/2019\/09\/schnelldurchlauf-jazz-cds-mit-bend-monder-und-anderen\/#breadcrumb"},"inLanguage":"de","potentialAction":[{"@type":"ReadAction","target":["https:\/\/www.jazzzeitung.de\/cms\/2019\/09\/schnelldurchlauf-jazz-cds-mit-bend-monder-und-anderen\/"]}]},{"@type":"ImageObject","inLanguage":"de","@id":"https:\/\/www.jazzzeitung.de\/cms\/2019\/09\/schnelldurchlauf-jazz-cds-mit-bend-monder-und-anderen\/#primaryimage","url":"https:\/\/i0.wp.com\/www.jazzzeitung.de\/cms\/wp-content\/uploads\/2019\/09\/screenshot-hoerbar.nmz_.de-2019.09.04-09_35_31.png?fit=1133%2C565&ssl=1","contentUrl":"https:\/\/i0.wp.com\/www.jazzzeitung.de\/cms\/wp-content\/uploads\/2019\/09\/screenshot-hoerbar.nmz_.de-2019.09.04-09_35_31.png?fit=1133%2C565&ssl=1","width":1133,"height":565,"caption":"In der H\u00f6rBar der nmz."},{"@type":"BreadcrumbList","@id":"https:\/\/www.jazzzeitung.de\/cms\/2019\/09\/schnelldurchlauf-jazz-cds-mit-bend-monder-und-anderen\/#breadcrumb","itemListElement":[{"@type":"ListItem","position":1,"name":"Startseite","item":"https:\/\/www.jazzzeitung.de\/cms\/"},{"@type":"ListItem","position":2,"name":"Schnelldurchlauf: Jazz-CDs mit Ben Monder und anderen"}]},{"@type":"WebSite","@id":"https:\/\/www.jazzzeitung.de\/cms\/#website","url":"https:\/\/www.jazzzeitung.de\/cms\/","name":"JazzZeitung","description":"Jazz-News und Jazz-Kontroverses","publisher":{"@id":"https:\/\/www.jazzzeitung.de\/cms\/#organization"},"potentialAction":[{"@type":"SearchAction","target":{"@type":"EntryPoint","urlTemplate":"https:\/\/www.jazzzeitung.de\/cms\/?s={search_term_string}"},"query-input":{"@type":"PropertyValueSpecification","valueRequired":true,"valueName":"search_term_string"}}],"inLanguage":"de"},{"@type":"Organization","@id":"https:\/\/www.jazzzeitung.de\/cms\/#organization","name":"JazzZeitung online","url":"https:\/\/www.jazzzeitung.de\/cms\/","logo":{"@type":"ImageObject","inLanguage":"de","@id":"https:\/\/www.jazzzeitung.de\/cms\/#\/schema\/logo\/image\/","url":"https:\/\/i0.wp.com\/www.jazzzeitung.de\/cms\/wp-content\/uploads\/2015\/08\/JAZZZEITUNGDE_Logo_Neu.png?fit=499%2C200&ssl=1","contentUrl":"https:\/\/i0.wp.com\/www.jazzzeitung.de\/cms\/wp-content\/uploads\/2015\/08\/JAZZZEITUNGDE_Logo_Neu.png?fit=499%2C200&ssl=1","width":499,"height":200,"caption":"JazzZeitung online"},"image":{"@id":"https:\/\/www.jazzzeitung.de\/cms\/#\/schema\/logo\/image\/"},"sameAs":["https:\/\/www.facebook.com\/JazzZeitung\/"]},{"@type":"Person","@id":"https:\/\/www.jazzzeitung.de\/cms\/#\/schema\/person\/b9a4e5ac765d94fb8f617bfa8f1fc5f7","name":"Martin Hufner","image":{"@type":"ImageObject","inLanguage":"de","@id":"https:\/\/i0.wp.com\/www.jazzzeitung.de\/cms\/wp-content\/uploads\/2013\/07\/huf-06.jpg?resize=96%2C96&ssl=15fcc31aa94540751a3b804516452be00","url":"https:\/\/i0.wp.com\/www.jazzzeitung.de\/cms\/wp-content\/uploads\/2013\/07\/huf-06.jpg?resize=96%2C96&ssl=1","contentUrl":"https:\/\/i0.wp.com\/www.jazzzeitung.de\/cms\/wp-content\/uploads\/2013\/07\/huf-06.jpg?resize=96%2C96&ssl=1","caption":"Martin Hufner"},"description":"Martin Hufner ist freier Autor der JazzZeitung.","sameAs":["https:\/\/www.kritische-masse.de\/logbuch","https:\/\/www.facebook.com\/hufner"],"url":"https:\/\/www.jazzzeitung.de\/cms\/author\/admin\/"}]}},"wp-worthy-pixel":{"ignored":true,"public":null,"server":null,"url":null},"wp-worthy-type":"normal","jetpack_publicize_connections":[],"cc_featured_image_caption":{"caption_text":"In der H\u00f6rBar der nmz.","source_text":"In der H\u00f6rBar der nmz.","source_url":"https:\/\/hoerbar.nmz.de"},"jetpack_featured_media_url":"https:\/\/i0.wp.com\/www.jazzzeitung.de\/cms\/wp-content\/uploads\/2019\/09\/screenshot-hoerbar.nmz_.de-2019.09.04-09_35_31.png?fit=1133%2C565&ssl=1","jetpack_shortlink":"https:\/\/wp.me\/p3KEcT-5ms","jetpack-related-posts":[{"id":24578,"url":"https:\/\/www.jazzzeitung.de\/cms\/2021\/03\/rezensionen-drei-big-bands-und-ein-quartett\/","url_meta":{"origin":20612,"position":0},"title":"Rezensionen: Drei Big Bands und ein Quartett","author":"Huflaikhan","date":"22. M\u00e4rz 2021","format":false,"excerpt":"Huflaikhan hat seine Ohren wieder etwas ge\u00f6ffnet und drei Big Band sowie das Simon Below Quartett f\u00fcr die H\u00f6rBar der nmz besprochen. Die Big Band-Konzepte sind wunderbar verschieden. Das Quartett spielt herrlich pr\u00e4zise und macht Genuss! Michael Leonhart Orchestra: Suite Extracts Vol. 1 [2019] The NuH[u]ssel Orchestra: The Forest [2019]\u2026","rel":"","context":"In &quot;Rezension&quot;","block_context":{"text":"Rezension","link":"https:\/\/www.jazzzeitung.de\/cms\/thema\/rezension\/"},"img":{"alt_text":"Huflaikhan hat seine Ohren wieder etwas ge\u00f6ffnet und drei Big Band sowie die Simon Below Quartett f\u00fcr die H\u00f6rBar der nmz besprochen.","src":"https:\/\/i0.wp.com\/www.jazzzeitung.de\/cms\/wp-content\/uploads\/2021\/03\/screenshot-hoerbar.nmz_.de-2021.03.21-12_29_49.png?fit=1147%2C464&ssl=1&resize=350%2C200","width":350,"height":200,"srcset":"https:\/\/i0.wp.com\/www.jazzzeitung.de\/cms\/wp-content\/uploads\/2021\/03\/screenshot-hoerbar.nmz_.de-2021.03.21-12_29_49.png?fit=1147%2C464&ssl=1&resize=350%2C200 1x, https:\/\/i0.wp.com\/www.jazzzeitung.de\/cms\/wp-content\/uploads\/2021\/03\/screenshot-hoerbar.nmz_.de-2021.03.21-12_29_49.png?fit=1147%2C464&ssl=1&resize=525%2C300 1.5x, https:\/\/i0.wp.com\/www.jazzzeitung.de\/cms\/wp-content\/uploads\/2021\/03\/screenshot-hoerbar.nmz_.de-2021.03.21-12_29_49.png?fit=1147%2C464&ssl=1&resize=700%2C400 2x, https:\/\/i0.wp.com\/www.jazzzeitung.de\/cms\/wp-content\/uploads\/2021\/03\/screenshot-hoerbar.nmz_.de-2021.03.21-12_29_49.png?fit=1147%2C464&ssl=1&resize=1050%2C600 3x"},"classes":[]},{"id":19616,"url":"https:\/\/www.jazzzeitung.de\/cms\/2019\/05\/schnelldurchlauf-neue-aufnahmen-von-phraim-bis-zum-modern-string-quartet\/","url_meta":{"origin":20612,"position":1},"title":"Schnelldurchlauf: Neue Aufnahmen von Phraim bis zum Modern String Quartet","author":"Huflaikhan","date":"29. Mai 2019","format":false,"excerpt":"Durch- und abgeh\u00f6rt hat Huflaikhan in der H\u00f6rbar der nmz: Rainer B\u00f6hm + Norbert Scholly: El Movimiento del Gato Negro [2019] | H\u00e5kon Kornstad Trio: Im Treibhaus [2019] | Modern String Quartet: The Rite Of Swing [2019] | Don Byron, Aru\u00e1n Ortiz: Random Dances and (A)tonalities [2018] | Clemens Christian\u2026","rel":"","context":"In &quot;Rezension&quot;","block_context":{"text":"Rezension","link":"https:\/\/www.jazzzeitung.de\/cms\/thema\/rezension\/"},"img":{"alt_text":"","src":"https:\/\/i0.wp.com\/www.jazzzeitung.de\/cms\/wp-content\/uploads\/2019\/05\/screenshot-hoerbar.nmz_.de-jazz_mai.png?fit=1136%2C424&ssl=1&resize=350%2C200","width":350,"height":200,"srcset":"https:\/\/i0.wp.com\/www.jazzzeitung.de\/cms\/wp-content\/uploads\/2019\/05\/screenshot-hoerbar.nmz_.de-jazz_mai.png?fit=1136%2C424&ssl=1&resize=350%2C200 1x, https:\/\/i0.wp.com\/www.jazzzeitung.de\/cms\/wp-content\/uploads\/2019\/05\/screenshot-hoerbar.nmz_.de-jazz_mai.png?fit=1136%2C424&ssl=1&resize=525%2C300 1.5x, https:\/\/i0.wp.com\/www.jazzzeitung.de\/cms\/wp-content\/uploads\/2019\/05\/screenshot-hoerbar.nmz_.de-jazz_mai.png?fit=1136%2C424&ssl=1&resize=700%2C400 2x, https:\/\/i0.wp.com\/www.jazzzeitung.de\/cms\/wp-content\/uploads\/2019\/05\/screenshot-hoerbar.nmz_.de-jazz_mai.png?fit=1136%2C424&ssl=1&resize=1050%2C600 3x"},"classes":[]},{"id":18631,"url":"https:\/\/www.jazzzeitung.de\/cms\/2019\/02\/schnelldurchlauf-jazz-cds-von-rainer-boehm-bis-chris-gall\/","url_meta":{"origin":20612,"position":2},"title":"Schnelldurchlauf: Jazz-CDs von Rainer B\u00f6hm bis Chris Gall","author":"Martin Hufner","date":"13. Februar 2019","format":false,"excerpt":"Jazz-CDs im Schnelldurchlauf. Skizzen von Martin Hufner. Lars Danielsson \u2013 Paolo Fresu: Summerwind ACT 9871-2 Rainer B\u00f6hm: H\u00fdd\u014dr (Piano Works XII) ACT 9761-2 Chris Gall: Room Of Silence (Piano Solo) EDITION COLLAGE EC 581-2 Travis, Fripp: Between The Silence (3 CD) Panegyric (Galileo Music Communication) Benedikt Koch Quintet: True In\u2026","rel":"","context":"In &quot;Rezension&quot;","block_context":{"text":"Rezension","link":"https:\/\/www.jazzzeitung.de\/cms\/thema\/rezension\/"},"img":{"alt_text":"Jazz CDs im Schnelldurchlauf.","src":"https:\/\/i0.wp.com\/www.jazzzeitung.de\/cms\/wp-content\/uploads\/2019\/02\/screenshot-hoerbar.nmz_.de-2019.02.12-14-11-49.png?fit=1148%2C505&ssl=1&resize=350%2C200","width":350,"height":200,"srcset":"https:\/\/i0.wp.com\/www.jazzzeitung.de\/cms\/wp-content\/uploads\/2019\/02\/screenshot-hoerbar.nmz_.de-2019.02.12-14-11-49.png?fit=1148%2C505&ssl=1&resize=350%2C200 1x, https:\/\/i0.wp.com\/www.jazzzeitung.de\/cms\/wp-content\/uploads\/2019\/02\/screenshot-hoerbar.nmz_.de-2019.02.12-14-11-49.png?fit=1148%2C505&ssl=1&resize=525%2C300 1.5x, https:\/\/i0.wp.com\/www.jazzzeitung.de\/cms\/wp-content\/uploads\/2019\/02\/screenshot-hoerbar.nmz_.de-2019.02.12-14-11-49.png?fit=1148%2C505&ssl=1&resize=700%2C400 2x, https:\/\/i0.wp.com\/www.jazzzeitung.de\/cms\/wp-content\/uploads\/2019\/02\/screenshot-hoerbar.nmz_.de-2019.02.12-14-11-49.png?fit=1148%2C505&ssl=1&resize=1050%2C600 3x"},"classes":[]},{"id":24950,"url":"https:\/\/www.jazzzeitung.de\/cms\/2021\/06\/aus-der-hoerbar-der-nmz-tobias-meinhart-trio-elf-heisig-klare\/","url_meta":{"origin":20612,"position":3},"title":"Aus der H\u00f6rBar der nmz: Tobias Meinhart \/ Trio Elf \/ Heisig-Klare","author":"Redaktion JazzZeitung","date":"7. Juni 2021","format":false,"excerpt":"Jazz in der H\u00f6rBar der nmz: Die ganze Platte durchziehe \u201eein Impuls des druckvoll L\u00e4ssigen, Einnehmenden\u201c, meint Martin Hufner in der Besprechung von Tobias Meinharts \u201eThe Painter\u201c. Es laufe alles \u201eab in und auf einer staunenmachenden Elastizit\u00e4t der Rhythmusgruppe.\u201c Juan Martin Koch sagt zur neuen Platte von Trio Elf \u201eFram\u201c:\u2026","rel":"","context":"In &quot;Rezension&quot;","block_context":{"text":"Rezension","link":"https:\/\/www.jazzzeitung.de\/cms\/thema\/rezension\/"},"img":{"alt_text":"Jazz in der H\u00f6rBar","src":"https:\/\/i0.wp.com\/www.jazzzeitung.de\/cms\/wp-content\/uploads\/2021\/06\/hoerbar_jazz_april.png?fit=838%2C319&ssl=1&resize=350%2C200","width":350,"height":200,"srcset":"https:\/\/i0.wp.com\/www.jazzzeitung.de\/cms\/wp-content\/uploads\/2021\/06\/hoerbar_jazz_april.png?fit=838%2C319&ssl=1&resize=350%2C200 1x, https:\/\/i0.wp.com\/www.jazzzeitung.de\/cms\/wp-content\/uploads\/2021\/06\/hoerbar_jazz_april.png?fit=838%2C319&ssl=1&resize=525%2C300 1.5x, https:\/\/i0.wp.com\/www.jazzzeitung.de\/cms\/wp-content\/uploads\/2021\/06\/hoerbar_jazz_april.png?fit=838%2C319&ssl=1&resize=700%2C400 2x"},"classes":[]},{"id":24737,"url":"https:\/\/www.jazzzeitung.de\/cms\/2021\/04\/rezensionen-johaenntgen-vatter-sclavis\/","url_meta":{"origin":20612,"position":4},"title":"Rezensionen: Joh\u00e4nntgen \/ Vatter \/ Sclavis","author":"Huflaikhan","date":"23. April 2021","format":false,"excerpt":"Drei CDs in den Ohren von Rezensent Huflaikhan: Bei Nicole Joh\u00e4nntgens \u201eHenry III\u201c \u201esaftelt sich da leicht \u00fcber den Dancefloor oder durch den musikalischen Kriechkeller\u201c. Bei Martin Vatters \u201eHomeland\u201c muss \u201enicht immer alles eitel Dissonanz sein\u201c und Louis Sclavis' \u201eCharakters On A Wall\u201c wirkt \"perforiert, angegriffen und angegangen. Sie kann\u2026","rel":"","context":"In &quot;Rezension&quot;","block_context":{"text":"Rezension","link":"https:\/\/www.jazzzeitung.de\/cms\/thema\/rezension\/"},"img":{"alt_text":"Rezensionen: Joh\u00e4nntgen \/ Vatter \/ Sclavis","src":"https:\/\/i0.wp.com\/www.jazzzeitung.de\/cms\/wp-content\/uploads\/2021\/04\/hoerbar_jazz_04_01.jpg?fit=1200%2C840&ssl=1&resize=350%2C200","width":350,"height":200,"srcset":"https:\/\/i0.wp.com\/www.jazzzeitung.de\/cms\/wp-content\/uploads\/2021\/04\/hoerbar_jazz_04_01.jpg?fit=1200%2C840&ssl=1&resize=350%2C200 1x, https:\/\/i0.wp.com\/www.jazzzeitung.de\/cms\/wp-content\/uploads\/2021\/04\/hoerbar_jazz_04_01.jpg?fit=1200%2C840&ssl=1&resize=525%2C300 1.5x, https:\/\/i0.wp.com\/www.jazzzeitung.de\/cms\/wp-content\/uploads\/2021\/04\/hoerbar_jazz_04_01.jpg?fit=1200%2C840&ssl=1&resize=700%2C400 2x, https:\/\/i0.wp.com\/www.jazzzeitung.de\/cms\/wp-content\/uploads\/2021\/04\/hoerbar_jazz_04_01.jpg?fit=1200%2C840&ssl=1&resize=1050%2C600 3x"},"classes":[]},{"id":24631,"url":"https:\/\/www.jazzzeitung.de\/cms\/2021\/04\/rezensionen-vergebliche-befreiungen-zwitschernder-krach\/","url_meta":{"origin":20612,"position":5},"title":"Rezensionen: Vergebliche Befreiungen &#038; Zwitschernder Krach","author":"Huflaikhan","date":"5. April 2021","format":false,"excerpt":"Unser Schnellkritiker huflaikhan hat in der nmz-H\u00f6rBar vier neuere Titel einer sprachlichen Tonw\u00e4sche unterzogen: Marcel & The Bathing Birds: Tweet [2020] +++ Ulrich Drechsler: Caramel [2020] +++ Ron Davis: The Instrumental Music Liberation Front [2020] +++ Bobby Previte, Jamie Saft, Nels Cline: Music from the Early 21st Century [2020]. Die\u2026","rel":"","context":"In &quot;Rezension&quot;","block_context":{"text":"Rezension","link":"https:\/\/www.jazzzeitung.de\/cms\/thema\/rezension\/"},"img":{"alt_text":"Vier Platten in der H\u00f6rbar der nmz.","src":"https:\/\/i0.wp.com\/www.jazzzeitung.de\/cms\/wp-content\/uploads\/2021\/04\/screenshot-hoerbar.nmz_.de-2021.04.03-19_36_21.png?fit=1200%2C690&ssl=1&resize=350%2C200","width":350,"height":200,"srcset":"https:\/\/i0.wp.com\/www.jazzzeitung.de\/cms\/wp-content\/uploads\/2021\/04\/screenshot-hoerbar.nmz_.de-2021.04.03-19_36_21.png?fit=1200%2C690&ssl=1&resize=350%2C200 1x, https:\/\/i0.wp.com\/www.jazzzeitung.de\/cms\/wp-content\/uploads\/2021\/04\/screenshot-hoerbar.nmz_.de-2021.04.03-19_36_21.png?fit=1200%2C690&ssl=1&resize=525%2C300 1.5x, https:\/\/i0.wp.com\/www.jazzzeitung.de\/cms\/wp-content\/uploads\/2021\/04\/screenshot-hoerbar.nmz_.de-2021.04.03-19_36_21.png?fit=1200%2C690&ssl=1&resize=700%2C400 2x, https:\/\/i0.wp.com\/www.jazzzeitung.de\/cms\/wp-content\/uploads\/2021\/04\/screenshot-hoerbar.nmz_.de-2021.04.03-19_36_21.png?fit=1200%2C690&ssl=1&resize=1050%2C600 3x"},"classes":[]}],"jetpack_sharing_enabled":true,"_links":{"self":[{"href":"https:\/\/www.jazzzeitung.de\/cms\/wp-json\/wp\/v2\/posts\/20612","targetHints":{"allow":["GET"]}}],"collection":[{"href":"https:\/\/www.jazzzeitung.de\/cms\/wp-json\/wp\/v2\/posts"}],"about":[{"href":"https:\/\/www.jazzzeitung.de\/cms\/wp-json\/wp\/v2\/types\/post"}],"author":[{"embeddable":true,"href":"https:\/\/www.jazzzeitung.de\/cms\/wp-json\/wp\/v2\/users\/1"}],"replies":[{"embeddable":true,"href":"https:\/\/www.jazzzeitung.de\/cms\/wp-json\/wp\/v2\/comments?post=20612"}],"version-history":[{"count":2,"href":"https:\/\/www.jazzzeitung.de\/cms\/wp-json\/wp\/v2\/posts\/20612\/revisions"}],"predecessor-version":[{"id":20631,"href":"https:\/\/www.jazzzeitung.de\/cms\/wp-json\/wp\/v2\/posts\/20612\/revisions\/20631"}],"wp:featuredmedia":[{"embeddable":true,"href":"https:\/\/www.jazzzeitung.de\/cms\/wp-json\/wp\/v2\/media\/20619"}],"wp:attachment":[{"href":"https:\/\/www.jazzzeitung.de\/cms\/wp-json\/wp\/v2\/media?parent=20612"}],"wp:term":[{"taxonomy":"category","embeddable":true,"href":"https:\/\/www.jazzzeitung.de\/cms\/wp-json\/wp\/v2\/categories?post=20612"},{"taxonomy":"post_tag","embeddable":true,"href":"https:\/\/www.jazzzeitung.de\/cms\/wp-json\/wp\/v2\/tags?post=20612"},{"taxonomy":"author","embeddable":true,"href":"https:\/\/www.jazzzeitung.de\/cms\/wp-json\/wp\/v2\/coauthors?post=20612"}],"curies":[{"name":"wp","href":"https:\/\/api.w.org\/{rel}","templated":true}]}}