{"id":20601,"date":"2019-09-08T12:00:04","date_gmt":"2019-09-08T10:00:04","guid":{"rendered":"https:\/\/www.jazzzeitung.de\/cms\/?p=20601"},"modified":"2019-09-03T18:11:39","modified_gmt":"2019-09-03T16:11:39","slug":"die-jazz-radiowoche-vom-09-09-19-bis-15-09-2019","status":"publish","type":"post","link":"https:\/\/www.jazzzeitung.de\/cms\/2019\/09\/die-jazz-radiowoche-vom-09-09-19-bis-15-09-2019\/","title":{"rendered":"Die Jazz-Radiowoche vom 09.09.19 bis 15.09.2019"},"content":{"rendered":"<p>Ein kleiner Blick in die Jazzwoche 37 im Radio. Die \u00dcbersicht zum <a href=\"https:\/\/service.conbrio.de\/service\/download\/278\/\">Download als PDF<\/a>. Alle Angaben ohne Gew\u00e4hr.<\/p>\n<hr \/>\n<p><strong>Jazz im Radio (Fernsehen)<\/strong><\/p>\n<ul>\n<li><strong>SR2<\/strong> \u2013 <a href=\"http:\/\/www.sr.de\/sr\/sr2\/sendungen_a-z\/uebersicht\/jazznow\/index.html\">JazzNow<\/a> \u2013 Sonntags von 20.04 bis 22.30 Uhr<\/li>\n<li><strong>BR-KLASSIK \u2013 <\/strong><a href=\"https:\/\/www.br-klassik.de\/themen\/jazz-und-weltmusik\/jazztime-die-ganze-welt-des-jazz-100.html\">Jazztime<\/a><strong> \u2013 <\/strong>Von Montag bis Freitag t\u00e4glich um 23.05 Uhr<\/li>\n<li><strong>rbb-kultur<\/strong> \u2013 <a href=\"https:\/\/www.kulturradio.de\/programm\/schema\/sendungen\/late_night_jazz.html\">Late Night Jazz<\/a> \u2013 Sa und So 23:04 \u2013 24:00 Uhr<\/li>\n<li><strong>hr2-kultur<\/strong> \u2013 <a href=\"http:\/\/www.hr2.de\/musik\/jazz\/index.html\">Jazz in hr2-kultur<\/a> \u2013 t\u00e4glich<\/li>\n<li><strong>SWR2<\/strong> \u2013 <a href=\"https:\/\/www.swr.de\/swr2\/programm\/sendungen\/jazz\/startseite-mit-vorschau\/-\/id=659242\/did=13778140\/nid=659242\/13ttn4d\/index.html\">Jazz<\/a> \u2013 t\u00e4glich<\/li>\n<li><strong>Deutschlandfunk<\/strong> \u2013 <a href=\"http:\/\/www.deutschlandfunk.de\/jazz.747.de.html\">Jazz (\u00dcberblick)<\/a> \u2013 <a href=\"http:\/\/www.deutschlandfunk.de\/jazz-live.822.de.html\">Jazz Live<\/a>, <a href=\"http:\/\/www.deutschlandfunk.de\/jazzfacts.824.de.html\">JazzFacts<\/a> und <a href=\"http:\/\/www.deutschlandfunk.de\/milestones.1805.de.html\">Milestones<\/a><\/li>\n<li><strong>Deutschlandfunk Kultur<\/strong> \u2013 <a href=\"http:\/\/www.deutschlandfunkkultur.de\/jazz.1142.de.html\">Jazz<\/a> \u2013 diverse Sendetermine<\/li>\n<li><strong>\u00d61 <\/strong>\u2013 <a href=\"https:\/\/oe1.orf.at\/programm\/\">diverse Sendetermine<\/a><\/li>\n<li><strong>ARTE TV<\/strong> \u2013 <a href=\"https:\/\/www.arte.tv\/de\/videos\/arte-concert\/jazz\/?xtor=AD-6-%5bMV_CFR_ARTE_DE_Google_GEN_GDN%5d-%5bGDN_GEN_Arte_Concerts_Jazz%5d-C-%5bjazz%20musik%5d\">Jazz<\/a><\/li>\n<\/ul>\n<p><strong>Periodika: Dauersendungen ohne gen\u00fcgend Infos \u2013 Tagesbegleitradio<\/strong><\/p>\n<ul>\n<li><strong>NDR Info <\/strong>\u2013 <strong>Play Jazz! Das Jazzmagazin<\/strong> 22:20 bis 23:00<\/li>\n<li><strong>MDR Kultur \u2013 Jazz <\/strong>19:05 bis 20:00<\/li>\n<li><strong>MDR Kultur \u2013<\/strong><strong>Jazz Lounge<\/strong> 19:35 bis 20:00<\/li>\n<li><strong>WDR3<\/strong> \u2013 Jazz &amp; World \u2013 Improvisiertes zum Tagesausklang \u2013 Montag bis Freitag, 22.04 \u2013 0:00 Uhr<\/li>\n<li><strong>WDR 3 Pers\u00f6nlich mit G\u00f6tz Alsmann<\/strong> 13:04 bis 15:00 (Samstags)<\/li>\n<\/ul>\n<hr \/>\n<h2>09.09.2019<\/h2>\n<hr \/>\n<p>17:50 bis 18:00 | SWR 2<br \/>\n<strong>SWR2 Jazz vor Sechs \u2013 Dick Twardzik: Yellow tango \/ CD: Fruits of solitude<\/strong><\/p>\n<p>19:04 bis 20:00 | hr2-kultur<br \/>\n<strong>H\u00f6rbar<\/strong><\/p>\n<p>23:05 bis 00:00 | BR-KLASSIK<br \/>\n<strong>Jazztime: Jazztoday<\/strong><\/p>\n<p style=\"padding-left: 40px;\">Neues aus Berlin: Mit Silke Eberhard\/Maike Hilbig, Philipp Gropper\u00b4s \u201ePhilm\u201c und mit \u201evorw\u00e4rts r\u00fcckw\u00e4rts\u201c. Auswahl und Moderation: Henning Sieverts<\/p>\n<p>23:30 bis 00:00 | hr2-kultur | rbbKultur | MDR KULTUR | NDR Kultur | Bremen Zwei | SR 2 KulturRadio | SWR2 | WDR 3<br \/>\n<strong>Take me back \u2013 Das Keith Jarrett Quartet 1974 im NDR Hannover<\/strong><\/p>\n<p style=\"padding-left: 40px;\">Das Konzert am 18. April 1974 war eines jener Auftritte, mit denen der damals noch nicht einmal 30-j\u00e4hrige Keith Jarrett in seine Weltkarriere startete.<\/p>\n<p style=\"padding-left: 40px;\">Zeitlos sch\u00f6n und Generationen von Musikern pr\u00e4gend \u2013 so k\u00f6nnte man Keith Jarretts Musik vielleicht zusammenfassen. Viel ist \u00fcber den legend\u00e4ren Pianisten geschrieben und erz\u00e4hlt worden, doch am aussagekr\u00e4ftigsten ist und bleibt seine Musik. Nach seiner Zeit als Sideman von Musikern wie Lee Konitz, Miles Davis oder Art Blakey gelang Jarrett in den 1970er Jahren auch der Durchbruch als Bandleader. Sein europ\u00e4isches Quartett mit Jan Gabarek am Saxofon, Palle Danielsson am Bass und Schlagzeuger Jon Christensen war stilbildend und eine der erfolgreichsten Bands des Labels ECM. Mehrfach trat Jarrett in dieser Zeit auch im NDR auf, die Konzerte wurden alle mitgeschnitten \u2013 so wie auch das vom 18. April 1974 in Hannover. Die Konzerte im NDR waren mit das Sprungbrett f\u00fcr die damals beginnende Weltkarriere des noch nicht einmal 30-j\u00e4hrigen Keith Jarrett. Am Mikrofon: Felix Tenbaum, NDR<\/p>\n<hr \/>\n<h2>10.09.2019<\/h2>\n<hr \/>\n<p>01:05 bis 05:00 | Deutschlandfunk Kultur<br \/>\n<strong>Tonart: Jazz \u2013 Moderation: Oliver Schwesig<\/strong><\/p>\n<p>17:50 bis 18:00 | SWR 2<br \/>\n<strong>SWR2 Jazz vor Sechs \u2013 Trish Clowes: I.F. \/ CD: Ninety degrees gravity<\/strong><\/p>\n<p>21:05 bis 22:00 | Deutschlandfunk<br \/>\n<strong>Jazz Live: Christian Sands Trio<\/strong><\/p>\n<p style=\"padding-left: 40px;\">Christian Sands, Piano; Yasushi Nakamura, Bass; Ryan Sands, Schlagzeug. Aufnahme vom 16.11.2018 beim London Jazz Festival. Am Mikrofon: Karsten M\u00fctzelfeldt<\/p>\n<p style=\"padding-left: 40px;\">Ende Mai ist er 30 Jahre alt geworden, doch sein Name kursiert bereits seit einiger Zeit in der Jazzwelt. Christian Sands ist l\u00e4ngst kein Geheimtipp mehr. Im November pr\u00e4sentierte sich der Pianist mit seinem swingenden Trio beim London Jazz Festival. Es gab Momente, da glaubte man bei geschlossenen Augen, Oscar Peterson zu h\u00f6ren. Auch wenn er diesen Einfluss gelegentlich immer noch andeutet \u2013 Christian Sands ist inzwischen stilistisch weitaus breiter aufgestellt. In seine Alben hat er all das hineinpackt, was er in den letzten Jahren gespielt und mit dem er aufgewachsen ist: von Latin \u00fcber Straightahead-Jazz, Funk, Blues und Soul bis zu Hip-Hop-Einfl\u00fcssen. Bekannt wurde Sands durch seinen Mentor, den Bassisten Christian McBride, der den damals 18-J\u00e4hrigen in seine Band Inside Straight holte und ihn dann zum Pianisten seines Trios machte \u2013 ein Engagement, das sechs Jahre dauern sollte. Nun ist Christian Sands in eigener Sache in der Welt unterwegs. Im Londoner Club Pizza Express stellte er sich mit dem Bassisten Yasushi Nakamura und seinem j\u00fcngeren Bruder vor, dem Schlagzeuger Ryan Sands.<\/p>\n<p>23:05 bis 00:00 | BR-KLASSIK<br \/>\n<strong>Jazztime: News &amp; Roots \u2013 Moderation und Auswahl: Henning Sieverts<\/strong><\/p>\n<p>23:30 bis 00:00 | hr2-kultur | rbbKultur | MDR KULTUR | NDR Kultur | Bremen Zwei | SR 2 KulturRadio | SWR2 | WDR 3<br \/>\n<strong>The Future is female? Vom Essener PENG Kollektiv und der New Yorker \u201eWomen in Jazz Organization\u201c<\/strong><\/p>\n<p style=\"padding-left: 40px;\">In letzter Zeit wird auch im Jazz das Thema \u201eGender equality\u201c kontrovers diskutiert und Musikerinnen-Kollektive wie das Essener PENG oder Initiativen wie die New Yorker \u201eWomen in Jazz Organization\u201c haben sich gegr\u00fcndet.<\/p>\n<p style=\"padding-left: 40px;\">In den letzten Jahren hat die \u201e#metoo\u201c-Debatte auch den Jazz eingeholt \u2013 diverse Organisationen, wie die Deutsche Jazzunion oder das Europe Jazz Network, fordern mehr Einsatz f\u00fcr die Gleichstellung von Musikerinnen und Musikern, das Thema \u201eSexismus und Benachteiligung\u201c wird in den sozialen Medien und bei \u00f6ffentlichen Panels diskutiert. In Nordrhein-Westfalen veranstalten sieben Jazzmusikerinnen seit 2016 das PENG Festival, auf dem sie herausragende regionale und national bzw. international etablierte Musikerinnen pr\u00e4sentieren.<\/p>\n<p style=\"padding-left: 40px;\">2019 spielt auch die Schlagzeugerin Mareike Wiening, die jahrelang in New York gelebt hat und nun in K\u00f6ln wohnt, auf dem Festival \u2013 eine Musikerin, die zudem Mitglied in der New Yorker \u201eWomen in Jazz Organisation\u201c (WIJO) ist. Ein Kollektiv, das sich \u2013 unter anderem mit Mentorinnen-Programmen \u2013 f\u00fcr die St\u00e4rkung und Sichtbarkeit von Frauen und nicht-bin\u00e4ren Menschen im Jazz einsetzt. Am Mikrofon: Anja Buchmann<\/p>\n<hr \/>\n<h2>11.09.2019<\/h2>\n<hr \/>\n<p>17:50 bis 18:00 | SWR 2<br \/>\n<strong>SWR2 Jazz vor Sechs \u2013 David Tixier: Tokyo \/ CD: Universal citizen<\/strong><\/p>\n<p>23:05 bis 00:00 | BR-KLASSIK<br \/>\n<strong>Jazztime: Jazz aus N\u00fcrnberg: Live-Mitschnitte \u2013 Mario Roms \u201eInterzone\u201c<\/strong><\/p>\n<p style=\"padding-left: 40px;\">Mario Rom, Trompete; Lukas Kranzelbinder, Kontrabass; Herbert Pirker, Schlagzeug. Aufnahme vom 29. September 2018 aus dem Jazzstudio in N\u00fcrnberg. Moderation und Auswahl: Beate Sampson<\/p>\n<p>23:30 bis 00:00 | hr2-kultur | rbbKultur | MDR KULTUR | NDR Kultur | Bremen Zwei | SR 2 KulturRadio | SWR2 | WDR 3<br \/>\n<strong>Das erste \u00d6ko-Jazzlabel? Die Plattenfirma Biophilia Records<\/strong><\/p>\n<p style=\"padding-left: 40px;\">Wie geht \u00f6kologische Musik? Das Plattenlabel Biophilia macht es vor, indem es auf Kunststoff-Scheiben verzichetet und Umweltorganisationen unterst\u00fctzt.<\/p>\n<p style=\"padding-left: 40px;\">\u201eBiophilia\u201c \u2013 benannt nach der \u201eLiebe zum Lebendigen\u201c \u2013 taufte der New Yorker Pianist Fabian Almazan sein selbstbetriebenes Plattenlabel. Es pr\u00e4sentiert nicht nur exzellente Musik, es hat sich auch einem \u00f6kologischen bewussten Handlungs-Kodex verschrieben. Die Biophilia-Ver\u00f6ffentlichungen erscheinen nicht mehr auf CD, sondern in Form origami-artig gefalteter Papp-H\u00fcllen, die einen Download-Code enthalten. Die Label-K\u00fcnstler kooperieren mit Umweltschutz-Organisationen; f\u00fcr die Koordination mit ihnen ist eine Nachhaltigkeits-Managerin zust\u00e4ndig.<\/p>\n<p style=\"padding-left: 40px;\">Die Biophilia-Musikerriege reicht von Spitzen-Jazzern wie der Bassistin Linda May Han Oh und dem Schlagzeuger Justin Brown bis zu interessanten Singer-Songwritern wie Desmond White und Kim Anderson. Moderation: Odilo Clausnitzer<\/p>\n<hr \/>\n<h2>12.09.2019<\/h2>\n<hr \/>\n<p>17:50 bis 18:00 | SWR 2<br \/>\n<strong>SWR2 Jazz vor Sechs \u2013 Unbekannt: Ain\u2019t nobody\u2019s business \/ CD: It\u2019s Magic<\/strong><\/p>\n<p>20:04 bis 22:30 | WDR 3<br \/>\n<strong>ARD Radiofestival. Konzert \u2013 Beethovenfest Bonn \/ moers festival 2019<\/strong><\/p>\n<p style=\"padding-left: 40px;\">Beethovenfest Bonn. Anschlie\u00dfend: moers festival 2019. Joshua Redman, Tenorsaxofon; WDR Big Band; Ensemble Musikfabrik, Komposition und Leitung: Vince Mendoza. \u201eMoers Abstractions\u201c. Aufnahme vom 9. Juni aus der Festivalhalle<\/p>\n<p>21:05 bis 22:00 | Deutschlandfunk<br \/>\n<strong>JazzFacts: Neues von der Improvisierten Musik \u2013 Am Mikrofon: Michael Engelbrecht<\/strong><\/p>\n<p>23:05 bis 00:00 | BR-KLASSIK<br \/>\n<strong>Jazztime: All that Jazz<\/strong><\/p>\n<p style=\"padding-left: 40px;\">Eine Chronik des Jazz (8): Vor hundert Jahren verbreitet sich der Jazz in Europa (Musik von M\u00e4rz bis Mai 2019). Moderation und Auswahl: Marcus Woelfle<\/p>\n<p>23:30 bis 00:00 | hr2-kultur | rbbKultur | MDR KULTUR | NDR Kultur | Bremen Zwei | SR 2 KulturRadio | SWR2 | WDR 3<br \/>\n<strong>Judith Hill bei Women in Jazz<\/strong><\/p>\n<p style=\"padding-left: 40px;\">Konzert mit der amerikanischen S\u00e4ngerin und Pianistin aus der H\u00e4ndelhalle in Halle\/Saale. \u201eJeder kann ein Goldkind sein. Und, ja, ich nehme mich und meine Biografie als ein Beispiel daf\u00fcr.\u201c (Judith Hill)<\/p>\n<p style=\"padding-left: 40px;\">Die amerikanische Jazzs\u00e4ngerin, Pianistin und Gitarristin Judith Hill wurde einem breiten Publikum bekannt, als sie vor zehn Jahren auf Michael Jacksons Trauerfeier dessen Hit \u201eHeal The World\u201c sang. Ihr musikalisches Spektrum reicht von Soul, Blues und R&amp;B bis Jazz.<\/p>\n<p style=\"padding-left: 40px;\">Am 30. April 2019 setzte Judith Hill in der Jazznight den Glanzpunkt zum Abschluss des 14. Internationalen Festivals \u201eWomen in Jazz\u201c. Die rund 750 Besucher der H\u00e4ndelhalle in Halle lie\u00dfen sich vom Charisma und der unter die Haut gehenden Stimme der S\u00e4ngerin mitrei\u00dfen. Die 1984 in Los Angeles geborene Judith Hill stand an diesem Abend u. a. mit ihrer Familie auf der B\u00fchne und pr\u00e4sentierte auch Titel ihres aktuellen Albums \u201eGolden Child\u201c.<\/p>\n<p style=\"padding-left: 40px;\">Judith Hill: Die \u201eWomen in Jazz\u201c-Jazznight. Judith Hill (voc, p, keys), Peewee Hill (b), Michiko Hill (keys), Michael White (dr), Greg Moore (g)<\/p>\n<p style=\"padding-left: 40px;\">Aufnahme vom 30. April 2019 aus der Georg-Friedrich-H\u00e4ndel-Halle in Halle\/Saale<\/p>\n<hr \/>\n<h2>13.09.2019<\/h2>\n<hr \/>\n<p>17:50 bis 18:00 | SWR 2<br \/>\n<strong>SWR2 Jazz vor Sechs \u2013 Maika K\u00fcster, Maria Trautmann: Faces \/ CD: Oh what pretty thing<\/strong><\/p>\n<p>22:05 bis 23:00 | NDR Info<br \/>\n<strong>Jazz Special: Jazz und Europa: Kuyaviak Goes Funky \u2013 Der Saxofonist Zbigniew Namyslowski<\/strong><\/p>\n<p style=\"padding-left: 40px;\">Mit Bert Noglik. Essenzen aus der Jazztradition, Funk-Feeling und Folklorefarben versetzt er in den freien Fluss seines Spiels. Der Altsaxofonist Zbigniew Namyslowski hat auf dem Instrument zu einem unverkennbar eigenen Ton gefunden. Geboren am 9. September 1939 in Warschau, begann er als Jugendlicher zun\u00e4chst mit Dixieland, wechselte dann aber bald zu modernen Spielformen und von der Posaune zum Saxofon. Wie Tomasz Stanko, mit dem er gemeinsam in Gruppen um den legend\u00e4ren Krzysztof Komeda spielte, z\u00e4hlt auch Zbigniew Namyslowski zu den Wegbereitern des neuen polnischen Jazz.<\/p>\n<p>23:30 bis 00:00 | hr2-kultur | rbbKultur | MDR KULTUR | NDR Kultur | Bremen Zwei | SR 2 KulturRadio | SWR2 | WDR 3<br \/>\n<strong>Preview \u2013 Jazz-Neuerscheinungen<\/strong><\/p>\n<p style=\"padding-left: 40px;\">\u201eFile Under Jazz\u201c \u2013 mit diesem Hinweis versehen einige Plattenlabels vorsichtshalber ihre Neuver\u00f6ffentlichungen, damit es nicht zu Missverst\u00e4ndnissen kommt in den Verkaufs-Regalen der CD-Gesch\u00e4fte und in den Sparten der Download-Portale. Was dann dort tats\u00e4chlich alles unter \u201eJazz\u201c einsortiert wird, ist nat\u00fcrlich immer noch extrem breit gef\u00e4chert: nicht nur stilistisch, sondern auch qualitativ.<\/p>\n<p style=\"padding-left: 40px;\">Selbst f\u00fcr Jazzfans kann es da schwer sein, sich zu orientieren. Immer freitags pr\u00e4sentierten deshalb die Autorinnen und Autoren des ARD Radiofestivals die aktuell wirklich wichtigen, spannenden, bemerkenswerten Neuerscheinungen des Jazz.<\/p>\n<hr \/>\n<h2>14.09.2019<\/h2>\n<hr \/>\n<p>17:50 bis 18:00 | SWR 2<br \/>\n<strong>SWR2 Jazz vor Sechs \u2013 Dewayne Blackwell: Mister Blue \/ CD: Americans swinging in Paris<\/strong><\/p>\n<p>19:04 bis 20:00 | hr2-kultur<br \/>\n<strong>Live Jazz: Emile Parisien Sfumato Quintet with Joachim K\u00fchn | Deutsches Jazzfestival Frankfurt 2018<\/strong><\/p>\n<p style=\"padding-left: 40px;\">Emile Parisien Sfumato Quintet with Joachim K\u00fchn || Emile Parisien, ss | Joachim K\u00fchn, p | Manu Codija, g | Simon Tailleu, b | Mario Costa, dr | Deutsches Jazzfestival Frankfurt 2018, hr-Sendesaal Frankfurt, Oktober 2018. Am Mikrofon: Daniella Baumeister<\/p>\n<p>20:15 bis 21:00 | NDR Info<br \/>\n<strong>Jazz Klassiker: H\u00f6rerw\u00fcnsche<\/strong><\/p>\n<p style=\"padding-left: 40px;\">Mit Marianne Therstappen. Von Blues und Swing bis Bebop, Funk und Weltmusik, von den Sch\u00e4tzen aus den NDR Studios bis zu mitrei\u00dfenden Festival-Aufnahmen \u2013 alles ist m\u00f6glich und alles auf Wunsch. Einmal im Monat, am Sonnabend von 20.15 bis 21 Uhr, pr\u00e4sentiert Marianne Therstappen in ihrer Sendung auf NDR Info, was sich die H\u00f6rer f\u00fcr ihr Jazzprogramm ausgesucht haben.<\/p>\n<p>22:05 bis 23:00 | NDR Info<br \/>\n<strong>NDR Info Jazz Nacht: Eine Klangreise rund ums Mittelmeer<\/strong><\/p>\n<p style=\"padding-left: 40px;\">Mit Heti Brunzel. Sind es die Begegnungen mit Menschen, der besondere Duft der Landschaft, der Klang der Umgebung oder die Bauwerke vergangener Kulturen? Im Mittelmeerraum gibt es viele unterschiedliche Kulturen und Verbindungen. Sinnbildlich daf\u00fcr steht beispielsweise der Flamenco mit seinen vielen Einfl\u00fcssen \u2013 der spanische Gitarrist Paco de Lucia brachte ab den 1970er-Jahren den Flamenco Andalusiens auf die Jazzb\u00fchnen.<\/p>\n<hr \/>\n<h2>15.09.2019<\/h2>\n<hr \/>\n<p>00:00 bis 02:00 | NDR Info<br \/>\n<strong>NDR Info Jazz Nacht: Eine Klangreise rund ums Mittelmeer<\/strong><\/p>\n<p style=\"padding-left: 40px;\">Mit Heti Brunzel. Sind es die Begegnungen mit Menschen, der besondere Duft der Landschaft, der Klang der Umgebung oder die Bauwerke vergangener Kulturen? Im Mittelmeerraum gibt es viele unterschiedliche Kulturen und Verbindungen. Sinnbildlich daf\u00fcr steht beispielsweise der Flamenco mit seinen vielen Einfl\u00fcssen \u2013 der spanische Gitarrist Paco de Lucia brachte ab den 1970er-Jahren den Flamenco Andalusiens auf die Jazzb\u00fchnen.<\/p>\n<p>00:05 bis 02:00 | Bayern 2<br \/>\n<strong>radioJazznacht: Klassiker, neue CDs und Live-Musik \u2013 H\u00f6renswerte Sidemen (39): Der Klarinettist Bob Wilber<\/strong><\/p>\n<p style=\"padding-left: 40px;\">Moderation: Marcus A. Woelfle<\/p>\n<p>19:04 bis 20:00 | hr2-kultur<br \/>\n<strong>hr-Bigband<\/strong><\/p>\n<p style=\"padding-left: 40px;\">Konzerte und Produktionen u.a. mit: \u201eTrilogue + 15\u201c \u2013 Nils Wogram &amp; hr-Bigband, cond. &amp; arr. by Jim McNeely, im Rahmen des Themen-Abends \u201eHut ab! \u2013 Albert Mangelsdorff@90\u201c, Deutsches Jazzfestival Frankfurt 2018, Alte Oper Frankfurt, Oktober 2018, Teil 1. Am Mikrofon: J\u00fcrgen Schwab<\/p>\n<p>19:16 bis 20:00 | SWR 2<br \/>\n<strong>SWR2 Jazz: Pastell Progressiv \u2013 Die franz\u00f6siche Komponistin und Pianistin Magali Souriau<\/strong><\/p>\n<p style=\"padding-left: 40px;\">Von Henry Altmann. Die gleichen Preise gewonnen, \u00e4hnlich reich in der Klangpalette, aber einen Zacken \u201esch\u00e4rfer\u201c im Ausdruck \u2013 Magali Souriau wurde in einem Atemzug mit der Big -Band-Koryph\u00e4e Maria Schneider genannt. Von der New York Times wurde sie als \u201eoriginellste Big-Band-Komponistin unserer Zeit\u201c gelobt. Die Franz\u00f6sin hatte ihre eigene Big Band, schrieb f\u00fcr das Village Vanguard Orchestra, lehrte am Berklee College in Boston, war 2003 Inhalt eines Dokumentarfilms. Die Karriere schien gemacht. Und doch ist Magali Souriau nur den Wenigsten bekannt. Warum?<\/p>\n<p>20:04 bis 22:30 | SR2 KulturRadio<br \/>\n<strong>JazzNow: Euroradio Jazz competition: Nefertiti<\/strong><\/p>\n<p>22:05 bis 23:00 | NDR Info<br \/>\n<strong>Jazz NDR Bigband \u2013 Jazz und Europa: Mike and Kate Westbrook meet Gioacchino Rossini<\/strong><\/p>\n<p style=\"padding-left: 40px;\">Mit Henry Altmann. Sind es die Begegnungen mit Menschen, der besondere Duft der Landschaft, der Klang der Umgebung oder die Bauwerke vergangener Kulturen? Im Mittelmeerraum gibt es viele unterschiedliche Kulturen und Verbindungen. Sinnbildlich daf\u00fcr steht beispielsweise der Flamenco mit seinen vielen Einfl\u00fcssen \u2013 der spanische Gitarrist Paco de Lucia brachte ab den 1970er-Jahren den Flamenco Andalusiens auf die Jazzb\u00fchnen.<\/p>\n","protected":false},"excerpt":{"rendered":"<p>Ein kleiner Blick in die Jazzwoche 37 im Radio. Die \u00dcbersicht zum Download als PDF. Alle Angaben ohne Gew\u00e4hr. Jazz im Radio (Fernsehen) SR2 \u2013 JazzNow \u2013 Sonntags von 20.04 bis 22.30 Uhr BR-KLASSIK \u2013 Jazztime \u2013 Von Montag bis Freitag t\u00e4glich um 23.05 Uhr rbb-kultur \u2013 Late Night Jazz \u2013 Sa und So 23:04 \u2013 24:00 Uhr hr2-kultur \u2013 Jazz in hr2-kultur \u2013 t\u00e4glich SWR2 \u2013 Jazz \u2013 t\u00e4glich Deutschlandfunk \u2013 Jazz (\u00dcberblick) \u2013 Jazz Live, JazzFacts und Milestones Deutschlandfunk Kultur \u2013 Jazz \u2013 diverse Sendetermine \u00d61 \u2013 diverse Sendetermine ARTE TV \u2013 Jazz Periodika: Dauersendungen ohne gen\u00fcgend Infos \u2013 Tagesbegleitradio NDR Info \u2013 Play Jazz! Das Jazzmagazin 22:20 bis 23:00 MDR Kultur \u2013 Jazz 19:05 bis 20:00 MDR Kultur \u2013Jazz Lounge 19:35 bis 20:00 WDR3 \u2013 Jazz &amp; World \u2013 Improvisiertes zum Tagesausklang \u2013 Montag bis Freitag, 22.04 \u2013 0:00 Uhr WDR 3 Pers\u00f6nlich mit G\u00f6tz Alsmann 13:04 bis 15:00 (Samstags) 09.09.2019 17:50 bis 18:00 | SWR 2 SWR2 Jazz vor Sechs \u2013 Dick Twardzik: Yellow tango \/ CD: Fruits of solitude 19:04 bis 20:00 | hr2-kultur H\u00f6rbar 23:05 bis 00:00 | BR-KLASSIK &hellip;<\/p>\n","protected":false},"author":1,"featured_media":18913,"comment_status":"open","ping_status":"closed","sticky":false,"template":"","format":"standard","meta":{"_jetpack_memberships_contains_paid_content":false,"footnotes":"","jetpack_publicize_message":"","jetpack_publicize_feature_enabled":true,"jetpack_social_post_already_shared":false,"jetpack_social_options":{"image_generator_settings":{"template":"highway","default_image_id":0,"font":"","enabled":false},"version":2}},"categories":[633,452],"tags":[1629],"coauthors":[650],"class_list":["post-20601","post","type-post","status-publish","format-standard","has-post-thumbnail","hentry","category-nachrichten","category-radio","tag-jazz-im-radio"],"yoast_head":"<!-- This site is optimized with the Yoast SEO plugin v27.5 - https:\/\/yoast.com\/product\/yoast-seo-wordpress\/ -->\n<title>Die Jazz-Radiowoche vom 09.09.19 bis 15.09.2019 - JazzZeitung<\/title>\n<meta name=\"robots\" content=\"index, follow, max-snippet:-1, max-image-preview:large, max-video-preview:-1\" \/>\n<link rel=\"canonical\" href=\"https:\/\/www.jazzzeitung.de\/cms\/2019\/09\/die-jazz-radiowoche-vom-09-09-19-bis-15-09-2019\/\" \/>\n<meta property=\"og:locale\" content=\"de_DE\" \/>\n<meta property=\"og:type\" content=\"article\" \/>\n<meta property=\"og:title\" content=\"Die Jazz-Radiowoche vom 09.09.19 bis 15.09.2019 - JazzZeitung\" \/>\n<meta property=\"og:description\" content=\"Ein kleiner Blick in die Jazzwoche 37 im Radio. Die \u00dcbersicht zum Download als PDF. Alle Angaben ohne Gew\u00e4hr. Jazz im Radio (Fernsehen) SR2 \u2013 JazzNow \u2013 Sonntags von 20.04 bis 22.30 Uhr BR-KLASSIK \u2013 Jazztime \u2013 Von Montag bis Freitag t\u00e4glich um 23.05 Uhr rbb-kultur \u2013 Late Night Jazz \u2013 Sa und So 23:04 \u2013 24:00 Uhr hr2-kultur \u2013 Jazz in hr2-kultur \u2013 t\u00e4glich SWR2 \u2013 Jazz \u2013 t\u00e4glich Deutschlandfunk \u2013 Jazz (\u00dcberblick) \u2013 Jazz Live, JazzFacts und Milestones Deutschlandfunk Kultur \u2013 Jazz \u2013 diverse Sendetermine \u00d61 \u2013 diverse Sendetermine ARTE TV \u2013 Jazz Periodika: Dauersendungen ohne gen\u00fcgend Infos \u2013 Tagesbegleitradio NDR Info \u2013 Play Jazz! Das Jazzmagazin 22:20 bis 23:00 MDR Kultur \u2013 Jazz 19:05 bis 20:00 MDR Kultur \u2013Jazz Lounge 19:35 bis 20:00 WDR3 \u2013 Jazz &amp; World \u2013 Improvisiertes zum Tagesausklang \u2013 Montag bis Freitag, 22.04 \u2013 0:00 Uhr WDR 3 Pers\u00f6nlich mit G\u00f6tz Alsmann 13:04 bis 15:00 (Samstags) 09.09.2019 17:50 bis 18:00 | SWR 2 SWR2 Jazz vor Sechs \u2013 Dick Twardzik: Yellow tango \/ CD: Fruits of solitude 19:04 bis 20:00 | hr2-kultur H\u00f6rbar 23:05 bis 00:00 | BR-KLASSIK &hellip;\" \/>\n<meta property=\"og:url\" content=\"https:\/\/www.jazzzeitung.de\/cms\/2019\/09\/die-jazz-radiowoche-vom-09-09-19-bis-15-09-2019\/\" \/>\n<meta property=\"og:site_name\" content=\"JazzZeitung\" \/>\n<meta property=\"article:publisher\" content=\"https:\/\/www.facebook.com\/JazzZeitung\/\" \/>\n<meta property=\"article:author\" content=\"https:\/\/www.facebook.com\/hufner\" \/>\n<meta property=\"article:published_time\" content=\"2019-09-08T10:00:04+00:00\" \/>\n<meta property=\"og:image\" content=\"https:\/\/i0.wp.com\/www.jazzzeitung.de\/cms\/wp-content\/uploads\/2019\/03\/jazz_im_radio.jpg?fit=2200%2C1417&ssl=1\" \/>\n\t<meta property=\"og:image:width\" content=\"2200\" \/>\n\t<meta property=\"og:image:height\" content=\"1417\" \/>\n\t<meta property=\"og:image:type\" content=\"image\/jpeg\" \/>\n<meta name=\"author\" content=\"Martin Hufner\" \/>\n<script type=\"application\/ld+json\" class=\"yoast-schema-graph\">{\"@context\":\"https:\\\/\\\/schema.org\",\"@graph\":[{\"@type\":\"Article\",\"@id\":\"https:\\\/\\\/www.jazzzeitung.de\\\/cms\\\/2019\\\/09\\\/die-jazz-radiowoche-vom-09-09-19-bis-15-09-2019\\\/#article\",\"isPartOf\":{\"@id\":\"https:\\\/\\\/www.jazzzeitung.de\\\/cms\\\/2019\\\/09\\\/die-jazz-radiowoche-vom-09-09-19-bis-15-09-2019\\\/\"},\"author\":{\"name\":\"Martin Hufner\",\"@id\":\"https:\\\/\\\/www.jazzzeitung.de\\\/cms\\\/#\\\/schema\\\/person\\\/b9a4e5ac765d94fb8f617bfa8f1fc5f7\"},\"headline\":\"Die Jazz-Radiowoche vom 09.09.19 bis 15.09.2019\",\"datePublished\":\"2019-09-08T10:00:04+00:00\",\"mainEntityOfPage\":{\"@id\":\"https:\\\/\\\/www.jazzzeitung.de\\\/cms\\\/2019\\\/09\\\/die-jazz-radiowoche-vom-09-09-19-bis-15-09-2019\\\/\"},\"wordCount\":2027,\"commentCount\":0,\"publisher\":{\"@id\":\"https:\\\/\\\/www.jazzzeitung.de\\\/cms\\\/#organization\"},\"image\":{\"@id\":\"https:\\\/\\\/www.jazzzeitung.de\\\/cms\\\/2019\\\/09\\\/die-jazz-radiowoche-vom-09-09-19-bis-15-09-2019\\\/#primaryimage\"},\"thumbnailUrl\":\"https:\\\/\\\/i0.wp.com\\\/www.jazzzeitung.de\\\/cms\\\/wp-content\\\/uploads\\\/2019\\\/03\\\/jazz_im_radio.jpg?fit=2200%2C1417&ssl=1\",\"keywords\":[\"Jazz im Radio\"],\"articleSection\":[\"News\",\"Radio\"],\"inLanguage\":\"de\",\"potentialAction\":[{\"@type\":\"CommentAction\",\"name\":\"Comment\",\"target\":[\"https:\\\/\\\/www.jazzzeitung.de\\\/cms\\\/2019\\\/09\\\/die-jazz-radiowoche-vom-09-09-19-bis-15-09-2019\\\/#respond\"]}]},{\"@type\":\"WebPage\",\"@id\":\"https:\\\/\\\/www.jazzzeitung.de\\\/cms\\\/2019\\\/09\\\/die-jazz-radiowoche-vom-09-09-19-bis-15-09-2019\\\/\",\"url\":\"https:\\\/\\\/www.jazzzeitung.de\\\/cms\\\/2019\\\/09\\\/die-jazz-radiowoche-vom-09-09-19-bis-15-09-2019\\\/\",\"name\":\"Die Jazz-Radiowoche vom 09.09.19 bis 15.09.2019 - JazzZeitung\",\"isPartOf\":{\"@id\":\"https:\\\/\\\/www.jazzzeitung.de\\\/cms\\\/#website\"},\"primaryImageOfPage\":{\"@id\":\"https:\\\/\\\/www.jazzzeitung.de\\\/cms\\\/2019\\\/09\\\/die-jazz-radiowoche-vom-09-09-19-bis-15-09-2019\\\/#primaryimage\"},\"image\":{\"@id\":\"https:\\\/\\\/www.jazzzeitung.de\\\/cms\\\/2019\\\/09\\\/die-jazz-radiowoche-vom-09-09-19-bis-15-09-2019\\\/#primaryimage\"},\"thumbnailUrl\":\"https:\\\/\\\/i0.wp.com\\\/www.jazzzeitung.de\\\/cms\\\/wp-content\\\/uploads\\\/2019\\\/03\\\/jazz_im_radio.jpg?fit=2200%2C1417&ssl=1\",\"datePublished\":\"2019-09-08T10:00:04+00:00\",\"breadcrumb\":{\"@id\":\"https:\\\/\\\/www.jazzzeitung.de\\\/cms\\\/2019\\\/09\\\/die-jazz-radiowoche-vom-09-09-19-bis-15-09-2019\\\/#breadcrumb\"},\"inLanguage\":\"de\",\"potentialAction\":[{\"@type\":\"ReadAction\",\"target\":[\"https:\\\/\\\/www.jazzzeitung.de\\\/cms\\\/2019\\\/09\\\/die-jazz-radiowoche-vom-09-09-19-bis-15-09-2019\\\/\"]}]},{\"@type\":\"ImageObject\",\"inLanguage\":\"de\",\"@id\":\"https:\\\/\\\/www.jazzzeitung.de\\\/cms\\\/2019\\\/09\\\/die-jazz-radiowoche-vom-09-09-19-bis-15-09-2019\\\/#primaryimage\",\"url\":\"https:\\\/\\\/i0.wp.com\\\/www.jazzzeitung.de\\\/cms\\\/wp-content\\\/uploads\\\/2019\\\/03\\\/jazz_im_radio.jpg?fit=2200%2C1417&ssl=1\",\"contentUrl\":\"https:\\\/\\\/i0.wp.com\\\/www.jazzzeitung.de\\\/cms\\\/wp-content\\\/uploads\\\/2019\\\/03\\\/jazz_im_radio.jpg?fit=2200%2C1417&ssl=1\",\"width\":2200,\"height\":1417,\"caption\":\"Jazz im Radio. Foto: Hufner\"},{\"@type\":\"BreadcrumbList\",\"@id\":\"https:\\\/\\\/www.jazzzeitung.de\\\/cms\\\/2019\\\/09\\\/die-jazz-radiowoche-vom-09-09-19-bis-15-09-2019\\\/#breadcrumb\",\"itemListElement\":[{\"@type\":\"ListItem\",\"position\":1,\"name\":\"Startseite\",\"item\":\"https:\\\/\\\/www.jazzzeitung.de\\\/cms\\\/\"},{\"@type\":\"ListItem\",\"position\":2,\"name\":\"Die Jazz-Radiowoche vom 09.09.19 bis 15.09.2019\"}]},{\"@type\":\"WebSite\",\"@id\":\"https:\\\/\\\/www.jazzzeitung.de\\\/cms\\\/#website\",\"url\":\"https:\\\/\\\/www.jazzzeitung.de\\\/cms\\\/\",\"name\":\"JazzZeitung\",\"description\":\"Jazz-News und Jazz-Kontroverses\",\"publisher\":{\"@id\":\"https:\\\/\\\/www.jazzzeitung.de\\\/cms\\\/#organization\"},\"potentialAction\":[{\"@type\":\"SearchAction\",\"target\":{\"@type\":\"EntryPoint\",\"urlTemplate\":\"https:\\\/\\\/www.jazzzeitung.de\\\/cms\\\/?s={search_term_string}\"},\"query-input\":{\"@type\":\"PropertyValueSpecification\",\"valueRequired\":true,\"valueName\":\"search_term_string\"}}],\"inLanguage\":\"de\"},{\"@type\":\"Organization\",\"@id\":\"https:\\\/\\\/www.jazzzeitung.de\\\/cms\\\/#organization\",\"name\":\"JazzZeitung online\",\"url\":\"https:\\\/\\\/www.jazzzeitung.de\\\/cms\\\/\",\"logo\":{\"@type\":\"ImageObject\",\"inLanguage\":\"de\",\"@id\":\"https:\\\/\\\/www.jazzzeitung.de\\\/cms\\\/#\\\/schema\\\/logo\\\/image\\\/\",\"url\":\"https:\\\/\\\/i0.wp.com\\\/www.jazzzeitung.de\\\/cms\\\/wp-content\\\/uploads\\\/2015\\\/08\\\/JAZZZEITUNGDE_Logo_Neu.png?fit=499%2C200&ssl=1\",\"contentUrl\":\"https:\\\/\\\/i0.wp.com\\\/www.jazzzeitung.de\\\/cms\\\/wp-content\\\/uploads\\\/2015\\\/08\\\/JAZZZEITUNGDE_Logo_Neu.png?fit=499%2C200&ssl=1\",\"width\":499,\"height\":200,\"caption\":\"JazzZeitung online\"},\"image\":{\"@id\":\"https:\\\/\\\/www.jazzzeitung.de\\\/cms\\\/#\\\/schema\\\/logo\\\/image\\\/\"},\"sameAs\":[\"https:\\\/\\\/www.facebook.com\\\/JazzZeitung\\\/\"]},{\"@type\":\"Person\",\"@id\":\"https:\\\/\\\/www.jazzzeitung.de\\\/cms\\\/#\\\/schema\\\/person\\\/b9a4e5ac765d94fb8f617bfa8f1fc5f7\",\"name\":\"Martin Hufner\",\"image\":{\"@type\":\"ImageObject\",\"inLanguage\":\"de\",\"@id\":\"https:\\\/\\\/i0.wp.com\\\/www.jazzzeitung.de\\\/cms\\\/wp-content\\\/uploads\\\/2013\\\/07\\\/huf-06.jpg?resize=96%2C96&ssl=15fcc31aa94540751a3b804516452be00\",\"url\":\"https:\\\/\\\/i0.wp.com\\\/www.jazzzeitung.de\\\/cms\\\/wp-content\\\/uploads\\\/2013\\\/07\\\/huf-06.jpg?resize=96%2C96&ssl=1\",\"contentUrl\":\"https:\\\/\\\/i0.wp.com\\\/www.jazzzeitung.de\\\/cms\\\/wp-content\\\/uploads\\\/2013\\\/07\\\/huf-06.jpg?resize=96%2C96&ssl=1\",\"caption\":\"Martin Hufner\"},\"description\":\"Martin Hufner ist freier Autor der JazzZeitung.\",\"sameAs\":[\"https:\\\/\\\/www.kritische-masse.de\\\/logbuch\",\"https:\\\/\\\/www.facebook.com\\\/hufner\"],\"url\":\"https:\\\/\\\/www.jazzzeitung.de\\\/cms\\\/author\\\/admin\\\/\"}]}<\/script>\n<!-- \/ Yoast SEO plugin. -->","yoast_head_json":{"title":"Die Jazz-Radiowoche vom 09.09.19 bis 15.09.2019 - JazzZeitung","robots":{"index":"index","follow":"follow","max-snippet":"max-snippet:-1","max-image-preview":"max-image-preview:large","max-video-preview":"max-video-preview:-1"},"canonical":"https:\/\/www.jazzzeitung.de\/cms\/2019\/09\/die-jazz-radiowoche-vom-09-09-19-bis-15-09-2019\/","og_locale":"de_DE","og_type":"article","og_title":"Die Jazz-Radiowoche vom 09.09.19 bis 15.09.2019 - JazzZeitung","og_description":"Ein kleiner Blick in die Jazzwoche 37 im Radio. Die \u00dcbersicht zum Download als PDF. Alle Angaben ohne Gew\u00e4hr. Jazz im Radio (Fernsehen) SR2 \u2013 JazzNow \u2013 Sonntags von 20.04 bis 22.30 Uhr BR-KLASSIK \u2013 Jazztime \u2013 Von Montag bis Freitag t\u00e4glich um 23.05 Uhr rbb-kultur \u2013 Late Night Jazz \u2013 Sa und So 23:04 \u2013 24:00 Uhr hr2-kultur \u2013 Jazz in hr2-kultur \u2013 t\u00e4glich SWR2 \u2013 Jazz \u2013 t\u00e4glich Deutschlandfunk \u2013 Jazz (\u00dcberblick) \u2013 Jazz Live, JazzFacts und Milestones Deutschlandfunk Kultur \u2013 Jazz \u2013 diverse Sendetermine \u00d61 \u2013 diverse Sendetermine ARTE TV \u2013 Jazz Periodika: Dauersendungen ohne gen\u00fcgend Infos \u2013 Tagesbegleitradio NDR Info \u2013 Play Jazz! Das Jazzmagazin 22:20 bis 23:00 MDR Kultur \u2013 Jazz 19:05 bis 20:00 MDR Kultur \u2013Jazz Lounge 19:35 bis 20:00 WDR3 \u2013 Jazz &amp; World \u2013 Improvisiertes zum Tagesausklang \u2013 Montag bis Freitag, 22.04 \u2013 0:00 Uhr WDR 3 Pers\u00f6nlich mit G\u00f6tz Alsmann 13:04 bis 15:00 (Samstags) 09.09.2019 17:50 bis 18:00 | SWR 2 SWR2 Jazz vor Sechs \u2013 Dick Twardzik: Yellow tango \/ CD: Fruits of solitude 19:04 bis 20:00 | hr2-kultur H\u00f6rbar 23:05 bis 00:00 | BR-KLASSIK &hellip;","og_url":"https:\/\/www.jazzzeitung.de\/cms\/2019\/09\/die-jazz-radiowoche-vom-09-09-19-bis-15-09-2019\/","og_site_name":"JazzZeitung","article_publisher":"https:\/\/www.facebook.com\/JazzZeitung\/","article_author":"https:\/\/www.facebook.com\/hufner","article_published_time":"2019-09-08T10:00:04+00:00","og_image":[{"width":2200,"height":1417,"url":"https:\/\/i0.wp.com\/www.jazzzeitung.de\/cms\/wp-content\/uploads\/2019\/03\/jazz_im_radio.jpg?fit=2200%2C1417&ssl=1","type":"image\/jpeg"}],"author":"Martin Hufner","schema":{"@context":"https:\/\/schema.org","@graph":[{"@type":"Article","@id":"https:\/\/www.jazzzeitung.de\/cms\/2019\/09\/die-jazz-radiowoche-vom-09-09-19-bis-15-09-2019\/#article","isPartOf":{"@id":"https:\/\/www.jazzzeitung.de\/cms\/2019\/09\/die-jazz-radiowoche-vom-09-09-19-bis-15-09-2019\/"},"author":{"name":"Martin Hufner","@id":"https:\/\/www.jazzzeitung.de\/cms\/#\/schema\/person\/b9a4e5ac765d94fb8f617bfa8f1fc5f7"},"headline":"Die Jazz-Radiowoche vom 09.09.19 bis 15.09.2019","datePublished":"2019-09-08T10:00:04+00:00","mainEntityOfPage":{"@id":"https:\/\/www.jazzzeitung.de\/cms\/2019\/09\/die-jazz-radiowoche-vom-09-09-19-bis-15-09-2019\/"},"wordCount":2027,"commentCount":0,"publisher":{"@id":"https:\/\/www.jazzzeitung.de\/cms\/#organization"},"image":{"@id":"https:\/\/www.jazzzeitung.de\/cms\/2019\/09\/die-jazz-radiowoche-vom-09-09-19-bis-15-09-2019\/#primaryimage"},"thumbnailUrl":"https:\/\/i0.wp.com\/www.jazzzeitung.de\/cms\/wp-content\/uploads\/2019\/03\/jazz_im_radio.jpg?fit=2200%2C1417&ssl=1","keywords":["Jazz im Radio"],"articleSection":["News","Radio"],"inLanguage":"de","potentialAction":[{"@type":"CommentAction","name":"Comment","target":["https:\/\/www.jazzzeitung.de\/cms\/2019\/09\/die-jazz-radiowoche-vom-09-09-19-bis-15-09-2019\/#respond"]}]},{"@type":"WebPage","@id":"https:\/\/www.jazzzeitung.de\/cms\/2019\/09\/die-jazz-radiowoche-vom-09-09-19-bis-15-09-2019\/","url":"https:\/\/www.jazzzeitung.de\/cms\/2019\/09\/die-jazz-radiowoche-vom-09-09-19-bis-15-09-2019\/","name":"Die Jazz-Radiowoche vom 09.09.19 bis 15.09.2019 - JazzZeitung","isPartOf":{"@id":"https:\/\/www.jazzzeitung.de\/cms\/#website"},"primaryImageOfPage":{"@id":"https:\/\/www.jazzzeitung.de\/cms\/2019\/09\/die-jazz-radiowoche-vom-09-09-19-bis-15-09-2019\/#primaryimage"},"image":{"@id":"https:\/\/www.jazzzeitung.de\/cms\/2019\/09\/die-jazz-radiowoche-vom-09-09-19-bis-15-09-2019\/#primaryimage"},"thumbnailUrl":"https:\/\/i0.wp.com\/www.jazzzeitung.de\/cms\/wp-content\/uploads\/2019\/03\/jazz_im_radio.jpg?fit=2200%2C1417&ssl=1","datePublished":"2019-09-08T10:00:04+00:00","breadcrumb":{"@id":"https:\/\/www.jazzzeitung.de\/cms\/2019\/09\/die-jazz-radiowoche-vom-09-09-19-bis-15-09-2019\/#breadcrumb"},"inLanguage":"de","potentialAction":[{"@type":"ReadAction","target":["https:\/\/www.jazzzeitung.de\/cms\/2019\/09\/die-jazz-radiowoche-vom-09-09-19-bis-15-09-2019\/"]}]},{"@type":"ImageObject","inLanguage":"de","@id":"https:\/\/www.jazzzeitung.de\/cms\/2019\/09\/die-jazz-radiowoche-vom-09-09-19-bis-15-09-2019\/#primaryimage","url":"https:\/\/i0.wp.com\/www.jazzzeitung.de\/cms\/wp-content\/uploads\/2019\/03\/jazz_im_radio.jpg?fit=2200%2C1417&ssl=1","contentUrl":"https:\/\/i0.wp.com\/www.jazzzeitung.de\/cms\/wp-content\/uploads\/2019\/03\/jazz_im_radio.jpg?fit=2200%2C1417&ssl=1","width":2200,"height":1417,"caption":"Jazz im Radio. Foto: Hufner"},{"@type":"BreadcrumbList","@id":"https:\/\/www.jazzzeitung.de\/cms\/2019\/09\/die-jazz-radiowoche-vom-09-09-19-bis-15-09-2019\/#breadcrumb","itemListElement":[{"@type":"ListItem","position":1,"name":"Startseite","item":"https:\/\/www.jazzzeitung.de\/cms\/"},{"@type":"ListItem","position":2,"name":"Die Jazz-Radiowoche vom 09.09.19 bis 15.09.2019"}]},{"@type":"WebSite","@id":"https:\/\/www.jazzzeitung.de\/cms\/#website","url":"https:\/\/www.jazzzeitung.de\/cms\/","name":"JazzZeitung","description":"Jazz-News und Jazz-Kontroverses","publisher":{"@id":"https:\/\/www.jazzzeitung.de\/cms\/#organization"},"potentialAction":[{"@type":"SearchAction","target":{"@type":"EntryPoint","urlTemplate":"https:\/\/www.jazzzeitung.de\/cms\/?s={search_term_string}"},"query-input":{"@type":"PropertyValueSpecification","valueRequired":true,"valueName":"search_term_string"}}],"inLanguage":"de"},{"@type":"Organization","@id":"https:\/\/www.jazzzeitung.de\/cms\/#organization","name":"JazzZeitung online","url":"https:\/\/www.jazzzeitung.de\/cms\/","logo":{"@type":"ImageObject","inLanguage":"de","@id":"https:\/\/www.jazzzeitung.de\/cms\/#\/schema\/logo\/image\/","url":"https:\/\/i0.wp.com\/www.jazzzeitung.de\/cms\/wp-content\/uploads\/2015\/08\/JAZZZEITUNGDE_Logo_Neu.png?fit=499%2C200&ssl=1","contentUrl":"https:\/\/i0.wp.com\/www.jazzzeitung.de\/cms\/wp-content\/uploads\/2015\/08\/JAZZZEITUNGDE_Logo_Neu.png?fit=499%2C200&ssl=1","width":499,"height":200,"caption":"JazzZeitung online"},"image":{"@id":"https:\/\/www.jazzzeitung.de\/cms\/#\/schema\/logo\/image\/"},"sameAs":["https:\/\/www.facebook.com\/JazzZeitung\/"]},{"@type":"Person","@id":"https:\/\/www.jazzzeitung.de\/cms\/#\/schema\/person\/b9a4e5ac765d94fb8f617bfa8f1fc5f7","name":"Martin Hufner","image":{"@type":"ImageObject","inLanguage":"de","@id":"https:\/\/i0.wp.com\/www.jazzzeitung.de\/cms\/wp-content\/uploads\/2013\/07\/huf-06.jpg?resize=96%2C96&ssl=15fcc31aa94540751a3b804516452be00","url":"https:\/\/i0.wp.com\/www.jazzzeitung.de\/cms\/wp-content\/uploads\/2013\/07\/huf-06.jpg?resize=96%2C96&ssl=1","contentUrl":"https:\/\/i0.wp.com\/www.jazzzeitung.de\/cms\/wp-content\/uploads\/2013\/07\/huf-06.jpg?resize=96%2C96&ssl=1","caption":"Martin Hufner"},"description":"Martin Hufner ist freier Autor der JazzZeitung.","sameAs":["https:\/\/www.kritische-masse.de\/logbuch","https:\/\/www.facebook.com\/hufner"],"url":"https:\/\/www.jazzzeitung.de\/cms\/author\/admin\/"}]}},"wp-worthy-pixel":{"ignored":true,"public":null,"server":null,"url":null},"wp-worthy-type":"normal","jetpack_publicize_connections":[],"cc_featured_image_caption":{"caption_text":"Jazz im Radio.","source_text":"Foto: Hufner","source_url":"https:\/\/www.musikkritik.org"},"jetpack_featured_media_url":"https:\/\/i0.wp.com\/www.jazzzeitung.de\/cms\/wp-content\/uploads\/2019\/03\/jazz_im_radio.jpg?fit=2200%2C1417&ssl=1","jetpack_shortlink":"https:\/\/wp.me\/p3KEcT-5mh","jetpack-related-posts":[{"id":22236,"url":"https:\/\/www.jazzzeitung.de\/cms\/2020\/03\/die-jazz-radiowoche-vom-30-03-20-bis-05-04-20\/","url_meta":{"origin":20601,"position":0},"title":"Die Jazz-Radiowoche vom 30.03.20 bis 05.04.20","author":"Martin Hufner","date":"29. M\u00e4rz 2020","format":false,"excerpt":"Ein kleiner Blick in die Jazzwoche 14 im Radio. Alle Angaben ohne Gew\u00e4hr. Jazz im Radio (Fernsehen) SR2 \u2013 JazzNow \u2013 Sonntags von 20.04 bis 22.30 Uhr BR-KLASSIK \u2013 Jazztime \u2013 Von Montag bis Freitag t\u00e4glich um 23.05 Uhr rbb-kultur \u2013 Late Night Jazz \u2013 Sa und So 23:04 \u2013\u2026","rel":"","context":"In &quot;News&quot;","block_context":{"text":"News","link":"https:\/\/www.jazzzeitung.de\/cms\/thema\/nachrichten\/"},"img":{"alt_text":"Jazz im Radio. Foto: Hufner","src":"https:\/\/i0.wp.com\/www.jazzzeitung.de\/cms\/wp-content\/uploads\/2019\/03\/jazz_im_radio.jpg?fit=1200%2C773&ssl=1&resize=350%2C200","width":350,"height":200,"srcset":"https:\/\/i0.wp.com\/www.jazzzeitung.de\/cms\/wp-content\/uploads\/2019\/03\/jazz_im_radio.jpg?fit=1200%2C773&ssl=1&resize=350%2C200 1x, https:\/\/i0.wp.com\/www.jazzzeitung.de\/cms\/wp-content\/uploads\/2019\/03\/jazz_im_radio.jpg?fit=1200%2C773&ssl=1&resize=525%2C300 1.5x, https:\/\/i0.wp.com\/www.jazzzeitung.de\/cms\/wp-content\/uploads\/2019\/03\/jazz_im_radio.jpg?fit=1200%2C773&ssl=1&resize=700%2C400 2x, https:\/\/i0.wp.com\/www.jazzzeitung.de\/cms\/wp-content\/uploads\/2019\/03\/jazz_im_radio.jpg?fit=1200%2C773&ssl=1&resize=1050%2C600 3x"},"classes":[]},{"id":23982,"url":"https:\/\/www.jazzzeitung.de\/cms\/2020\/12\/die-jazz-radiowoche-vom-14-12-20-bis-31-12-2020\/","url_meta":{"origin":20601,"position":1},"title":"Die Jazz-Radiowoche vom 14.12.20 bis 31.12.2020","author":"Martin Hufner","date":"13. Dezember 2020","format":false,"excerpt":"Ein kleiner Blick in Restmonat. Die Suchmaschine der ARD hat ihren Dienst am 7.12.2020 eingestellt. Nachfragen haben nur gezeigt, dass die Veranwortlichen kein Interesse daran haben, das zu kommunizieren. Weder ist herauszubekommen, wer das veranlasst hat noch warum. Danke ARD! F\u00fcr nichts. Jetzt schauen wir mal, wie es weiter geht.\u2026","rel":"","context":"In &quot;News&quot;","block_context":{"text":"News","link":"https:\/\/www.jazzzeitung.de\/cms\/thema\/nachrichten\/"},"img":{"alt_text":"Jazz im Radio. Foto: Hufner","src":"https:\/\/i0.wp.com\/www.jazzzeitung.de\/cms\/wp-content\/uploads\/2019\/03\/jazz_im_radio.jpg?fit=1200%2C773&ssl=1&resize=350%2C200","width":350,"height":200,"srcset":"https:\/\/i0.wp.com\/www.jazzzeitung.de\/cms\/wp-content\/uploads\/2019\/03\/jazz_im_radio.jpg?fit=1200%2C773&ssl=1&resize=350%2C200 1x, https:\/\/i0.wp.com\/www.jazzzeitung.de\/cms\/wp-content\/uploads\/2019\/03\/jazz_im_radio.jpg?fit=1200%2C773&ssl=1&resize=525%2C300 1.5x, https:\/\/i0.wp.com\/www.jazzzeitung.de\/cms\/wp-content\/uploads\/2019\/03\/jazz_im_radio.jpg?fit=1200%2C773&ssl=1&resize=700%2C400 2x, https:\/\/i0.wp.com\/www.jazzzeitung.de\/cms\/wp-content\/uploads\/2019\/03\/jazz_im_radio.jpg?fit=1200%2C773&ssl=1&resize=1050%2C600 3x"},"classes":[]},{"id":23939,"url":"https:\/\/www.jazzzeitung.de\/cms\/2020\/12\/die-jazz-radiowoche-vom-7-12-20-bis-13-12-2020\/","url_meta":{"origin":20601,"position":2},"title":"Die Jazz-Radiowoche vom 7.12.20 bis 13.12.2020","author":"Martin Hufner","date":"6. Dezember 2020","format":false,"excerpt":"Ein kleiner Blick in die Jazzwoche 50 im Radio. Der ist dieses mal so klein, es steht da n\u00e4mlich gar nichts drin.Grund daf\u00fcr: Die Suchmaschine f\u00fcr Radiosendungen der ARD gibt am dem 7.12.2020 keine Ergebnisse heraus. Versuche der Kontaktaufnahme mit der ARD sind ohne Echo verhallt. Aktuell bleibt es bei\u2026","rel":"","context":"In &quot;News&quot;","block_context":{"text":"News","link":"https:\/\/www.jazzzeitung.de\/cms\/thema\/nachrichten\/"},"img":{"alt_text":"Jazz im Radio. Foto: Hufner","src":"https:\/\/i0.wp.com\/www.jazzzeitung.de\/cms\/wp-content\/uploads\/2019\/03\/jazz_im_radio.jpg?fit=1200%2C773&ssl=1&resize=350%2C200","width":350,"height":200,"srcset":"https:\/\/i0.wp.com\/www.jazzzeitung.de\/cms\/wp-content\/uploads\/2019\/03\/jazz_im_radio.jpg?fit=1200%2C773&ssl=1&resize=350%2C200 1x, https:\/\/i0.wp.com\/www.jazzzeitung.de\/cms\/wp-content\/uploads\/2019\/03\/jazz_im_radio.jpg?fit=1200%2C773&ssl=1&resize=525%2C300 1.5x, https:\/\/i0.wp.com\/www.jazzzeitung.de\/cms\/wp-content\/uploads\/2019\/03\/jazz_im_radio.jpg?fit=1200%2C773&ssl=1&resize=700%2C400 2x, https:\/\/i0.wp.com\/www.jazzzeitung.de\/cms\/wp-content\/uploads\/2019\/03\/jazz_im_radio.jpg?fit=1200%2C773&ssl=1&resize=1050%2C600 3x"},"classes":[]},{"id":21609,"url":"https:\/\/www.jazzzeitung.de\/cms\/2020\/01\/die-jazz-radiowoche-vom-06-01-20-bis-12-01-20-notausgabe\/","url_meta":{"origin":20601,"position":3},"title":"Die Jazz-Radiowoche vom 06.01.20 bis 12.01.20 (Notausgabe)","author":"Martin Hufner","date":"5. Januar 2020","format":false,"excerpt":"Ein kleiner Blick in die Jazzwoche 02 im Radio. Notausgabe! Die \u00dcbersicht zum Download als PDF. Alle Angaben ohne Gew\u00e4hr. Jazz im Radio (Fernsehen) SR2 \u2013 JazzNow \u2013 Sonntags von 20.04 bis 22.30 Uhr BR-KLASSIK \u2013 Jazztime \u2013 Von Montag bis Freitag t\u00e4glich um 23.05 Uhr rbb-kultur \u2013 Late Night\u2026","rel":"","context":"In &quot;News&quot;","block_context":{"text":"News","link":"https:\/\/www.jazzzeitung.de\/cms\/thema\/nachrichten\/"},"img":{"alt_text":"Jazz im Radio. Foto: Hufner","src":"https:\/\/i0.wp.com\/www.jazzzeitung.de\/cms\/wp-content\/uploads\/2019\/03\/jazz_im_radio.jpg?fit=1200%2C773&ssl=1&resize=350%2C200","width":350,"height":200,"srcset":"https:\/\/i0.wp.com\/www.jazzzeitung.de\/cms\/wp-content\/uploads\/2019\/03\/jazz_im_radio.jpg?fit=1200%2C773&ssl=1&resize=350%2C200 1x, https:\/\/i0.wp.com\/www.jazzzeitung.de\/cms\/wp-content\/uploads\/2019\/03\/jazz_im_radio.jpg?fit=1200%2C773&ssl=1&resize=525%2C300 1.5x, https:\/\/i0.wp.com\/www.jazzzeitung.de\/cms\/wp-content\/uploads\/2019\/03\/jazz_im_radio.jpg?fit=1200%2C773&ssl=1&resize=700%2C400 2x, https:\/\/i0.wp.com\/www.jazzzeitung.de\/cms\/wp-content\/uploads\/2019\/03\/jazz_im_radio.jpg?fit=1200%2C773&ssl=1&resize=1050%2C600 3x"},"classes":[]},{"id":24166,"url":"https:\/\/www.jazzzeitung.de\/cms\/2021\/01\/die-jazz-radiowoche-vom-18-01-2125-01-2021\/","url_meta":{"origin":20601,"position":4},"title":"Die Jazz-Radiowoche vom 18.01.21\u201325.01.2021","author":"Martin Hufner","date":"17. Januar 2021","format":false,"excerpt":"Ein kleiner Blick in die Jazzwoche 03 im Radio. Alle Angaben ohne Gew\u00e4hr. Unter anderem: Pianist Sebastian Sternal live im Jazzclub Birdland in Neuburg an der Donau. Aufnahme vom 19. November 2020.","rel":"","context":"In &quot;News&quot;","block_context":{"text":"News","link":"https:\/\/www.jazzzeitung.de\/cms\/thema\/nachrichten\/"},"img":{"alt_text":"Jazz im Radio. Foto: Hufner","src":"https:\/\/i0.wp.com\/www.jazzzeitung.de\/cms\/wp-content\/uploads\/2019\/03\/jazz_im_radio.jpg?fit=1200%2C773&ssl=1&resize=350%2C200","width":350,"height":200,"srcset":"https:\/\/i0.wp.com\/www.jazzzeitung.de\/cms\/wp-content\/uploads\/2019\/03\/jazz_im_radio.jpg?fit=1200%2C773&ssl=1&resize=350%2C200 1x, https:\/\/i0.wp.com\/www.jazzzeitung.de\/cms\/wp-content\/uploads\/2019\/03\/jazz_im_radio.jpg?fit=1200%2C773&ssl=1&resize=525%2C300 1.5x, https:\/\/i0.wp.com\/www.jazzzeitung.de\/cms\/wp-content\/uploads\/2019\/03\/jazz_im_radio.jpg?fit=1200%2C773&ssl=1&resize=700%2C400 2x, https:\/\/i0.wp.com\/www.jazzzeitung.de\/cms\/wp-content\/uploads\/2019\/03\/jazz_im_radio.jpg?fit=1200%2C773&ssl=1&resize=1050%2C600 3x"},"classes":[]},{"id":22441,"url":"https:\/\/www.jazzzeitung.de\/cms\/2020\/05\/die-jazz-radiowoche-vom-04-05-20-bis-10-05-20\/","url_meta":{"origin":20601,"position":5},"title":"Die Jazz-Radiowoche vom 04.05.20 bis 10.05.20","author":"Martin Hufner","date":"3. Mai 2020","format":false,"excerpt":"Ein kleiner Blick in die Jazzwoche 19 im Radio. Alle Angaben ohne Gew\u00e4hr. Jazz Special \u2013 Fire Music \u2013 Die unheilige Allianz von Jazz und Krieg | The Space Between \u2013 Mikrotonalit\u00e4t im Jazz","rel":"","context":"In &quot;News&quot;","block_context":{"text":"News","link":"https:\/\/www.jazzzeitung.de\/cms\/thema\/nachrichten\/"},"img":{"alt_text":"Jazz im Radio. Foto: Hufner","src":"https:\/\/i0.wp.com\/www.jazzzeitung.de\/cms\/wp-content\/uploads\/2019\/03\/jazz_im_radio.jpg?fit=1200%2C773&ssl=1&resize=350%2C200","width":350,"height":200,"srcset":"https:\/\/i0.wp.com\/www.jazzzeitung.de\/cms\/wp-content\/uploads\/2019\/03\/jazz_im_radio.jpg?fit=1200%2C773&ssl=1&resize=350%2C200 1x, https:\/\/i0.wp.com\/www.jazzzeitung.de\/cms\/wp-content\/uploads\/2019\/03\/jazz_im_radio.jpg?fit=1200%2C773&ssl=1&resize=525%2C300 1.5x, https:\/\/i0.wp.com\/www.jazzzeitung.de\/cms\/wp-content\/uploads\/2019\/03\/jazz_im_radio.jpg?fit=1200%2C773&ssl=1&resize=700%2C400 2x, https:\/\/i0.wp.com\/www.jazzzeitung.de\/cms\/wp-content\/uploads\/2019\/03\/jazz_im_radio.jpg?fit=1200%2C773&ssl=1&resize=1050%2C600 3x"},"classes":[]}],"jetpack_sharing_enabled":true,"_links":{"self":[{"href":"https:\/\/www.jazzzeitung.de\/cms\/wp-json\/wp\/v2\/posts\/20601","targetHints":{"allow":["GET"]}}],"collection":[{"href":"https:\/\/www.jazzzeitung.de\/cms\/wp-json\/wp\/v2\/posts"}],"about":[{"href":"https:\/\/www.jazzzeitung.de\/cms\/wp-json\/wp\/v2\/types\/post"}],"author":[{"embeddable":true,"href":"https:\/\/www.jazzzeitung.de\/cms\/wp-json\/wp\/v2\/users\/1"}],"replies":[{"embeddable":true,"href":"https:\/\/www.jazzzeitung.de\/cms\/wp-json\/wp\/v2\/comments?post=20601"}],"version-history":[{"count":1,"href":"https:\/\/www.jazzzeitung.de\/cms\/wp-json\/wp\/v2\/posts\/20601\/revisions"}],"predecessor-version":[{"id":20602,"href":"https:\/\/www.jazzzeitung.de\/cms\/wp-json\/wp\/v2\/posts\/20601\/revisions\/20602"}],"wp:featuredmedia":[{"embeddable":true,"href":"https:\/\/www.jazzzeitung.de\/cms\/wp-json\/wp\/v2\/media\/18913"}],"wp:attachment":[{"href":"https:\/\/www.jazzzeitung.de\/cms\/wp-json\/wp\/v2\/media?parent=20601"}],"wp:term":[{"taxonomy":"category","embeddable":true,"href":"https:\/\/www.jazzzeitung.de\/cms\/wp-json\/wp\/v2\/categories?post=20601"},{"taxonomy":"post_tag","embeddable":true,"href":"https:\/\/www.jazzzeitung.de\/cms\/wp-json\/wp\/v2\/tags?post=20601"},{"taxonomy":"author","embeddable":true,"href":"https:\/\/www.jazzzeitung.de\/cms\/wp-json\/wp\/v2\/coauthors?post=20601"}],"curies":[{"name":"wp","href":"https:\/\/api.w.org\/{rel}","templated":true}]}}