{"id":20574,"date":"2019-09-03T11:00:34","date_gmt":"2019-09-03T09:00:34","guid":{"rendered":"https:\/\/www.jazzzeitung.de\/cms\/?p=20574"},"modified":"2019-09-04T14:05:57","modified_gmt":"2019-09-04T12:05:57","slug":"spaeter-erfolg-fuer-eine-vergessene","status":"publish","type":"post","link":"https:\/\/www.jazzzeitung.de\/cms\/2019\/09\/spaeter-erfolg-fuer-eine-vergessene\/","title":{"rendered":"Sp\u00e4ter Erfolg f\u00fcr eine Vergessene\u00a0\u00a0\u00a0"},"content":{"rendered":"<p><strong>Jazz. Bei einem Berliner Verlag ist ein Album mit 18 unver\u00f6ffentlichten Songs der 1999 verstorbenen Jazzs\u00e4ngerin Inge Brandenburg erschienen\u00a0\u00a0 \u00a0<\/strong> <!--more--><\/p>\n<p>Berlin\/M\u00fcnchen. Zwanzig Jahre ist es her, dass in M\u00fcnchen die S\u00e4ngerin Inge Brandenburg gestorben ist. Verarmt und fast vergessen. Trio-11-Pianist Walter Lang hatte sie nur wenige Jahre zuvor aufgest\u00f6bert und einige Auftritte f\u00fcr sie arrangiert, bei denen er sie begleitete. F\u00fcr ein richtiges Comeback hat es aber nicht mehr gereicht. Heuer w\u00e4re die noch immer von vielen Kritikern und Fans als \u201ebeste Jazzs\u00e4ngerin Deutschlands\u201c gesch\u00e4tzte und verehrte Brandenburg zudem 90 Jahre alt geworden. Aus diesem Anlass haben der Berliner Musiker und Produzent Patrick R\u00f6mer und der Filmemacher Marc Boettcher ein Album mit bisher unver\u00f6ffentlichten Aufnahmen der First Lady des deutschen Jazz herausgegeben.<\/p>\n<p>\u201eI Love Jazz\u201c enth\u00e4lt\u00a0 Aufnahmen, die zwischen 1959 und 1971 mit bekannten Orchestern von damals, haupts\u00e4chlich dem von Erwin Lehn, entstanden sind. Vertreten sind auch Musiker wie Klaus Doldinger, der unvergessene Paul Kuhn und selbst der Freigeist Wolfgang Dauner, der f\u00fcr sie die Ballade \u201eLike A Straw\u201c geschrieben hat. Mit ihm und dem sp\u00e4teren Bigbandleiter Peter Herbolzheimer hat Brandenburg 1971 ihre letzten Studioaufnahmen gemacht. Dabei zeigte sie sich auch als smarte Textdichterin. Schon fr\u00fch in ihrer wechselvollen Karriere hat sie Jazztitel auf Deutsch gesungen und dazu die Lyrics verfasst \u2013 ziemlich revolution\u00e4r f\u00fcr die Nachkriegszeit, als der Jazz noch arg unter dem verqueren Negermusik-Image stand und es schwer hatte\u00a0 Anschluss an neue k\u00fcnstlerische und stilistische Entwicklungen zu finden. Der Jazzwalzer \u201eDas Riesenrad\u201c, komponiert von Dauner und eingespielt mit dem S\u00fcdfunk-Tanzorchester, kann als anspruchsvoller herrlich beschwingter Song deutlich machen, welch tolles Niveau die kommerzielle Musik mit solchen Musikern und einer derart umwerfenden S\u00e4ngerin, wie Brandenburg eine war, haben konnte.<\/p>\n<figure id=\"attachment_20578\" aria-describedby=\"caption-attachment-20578\" style=\"width: 454px\" class=\"wp-caption aligncenter\"><a href=\"https:\/\/i0.wp.com\/www.jazzzeitung.de\/cms\/wp-content\/uploads\/2019\/09\/Brandenburg-cd-coverfront.jpeg?ssl=1\"><img data-recalc-dims=\"1\" loading=\"lazy\" decoding=\"async\" data-attachment-id=\"20578\" data-permalink=\"https:\/\/www.jazzzeitung.de\/cms\/2019\/09\/spaeter-erfolg-fuer-eine-vergessene\/brandenburg-cd-coverfront\/\" data-orig-file=\"https:\/\/i0.wp.com\/www.jazzzeitung.de\/cms\/wp-content\/uploads\/2019\/09\/Brandenburg-cd-coverfront.jpeg?fit=454%2C401&amp;ssl=1\" data-orig-size=\"454,401\" data-comments-opened=\"1\" data-image-meta=\"{&quot;aperture&quot;:&quot;0&quot;,&quot;credit&quot;:&quot;&quot;,&quot;camera&quot;:&quot;&quot;,&quot;caption&quot;:&quot;&quot;,&quot;created_timestamp&quot;:&quot;0&quot;,&quot;copyright&quot;:&quot;&quot;,&quot;focal_length&quot;:&quot;0&quot;,&quot;iso&quot;:&quot;0&quot;,&quot;shutter_speed&quot;:&quot;0&quot;,&quot;title&quot;:&quot;&quot;,&quot;orientation&quot;:&quot;0&quot;}\" data-image-title=\"Brandenburg-cd-coverfront\" data-image-description=\"\" data-image-caption=\"\" data-large-file=\"https:\/\/i0.wp.com\/www.jazzzeitung.de\/cms\/wp-content\/uploads\/2019\/09\/Brandenburg-cd-coverfront.jpeg?fit=454%2C401&amp;ssl=1\" class=\"wp-image-20578 size-full\" src=\"https:\/\/i0.wp.com\/www.jazzzeitung.de\/cms\/wp-content\/uploads\/2019\/09\/Brandenburg-cd-coverfront.jpeg?resize=454%2C401&#038;ssl=1\" alt=\"\" width=\"454\" height=\"401\" srcset=\"https:\/\/i0.wp.com\/www.jazzzeitung.de\/cms\/wp-content\/uploads\/2019\/09\/Brandenburg-cd-coverfront.jpeg?w=454&amp;ssl=1 454w, https:\/\/i0.wp.com\/www.jazzzeitung.de\/cms\/wp-content\/uploads\/2019\/09\/Brandenburg-cd-coverfront.jpeg?resize=300%2C265&amp;ssl=1 300w\" sizes=\"auto, (max-width: 454px) 100vw, 454px\" \/><\/a><figcaption id=\"caption-attachment-20578\" class=\"wp-caption-text\">Das Cover des neu erschienenen Albums &#8222;I Love Jazz&#8220;.<\/figcaption><\/figure>\n<p>Neben eigens arrangierten Jazznummern, darunter eine tief unter die Haut gehende Version von \u201eRound Midnight\u201c mit dem Michael Naura Quartett und das klassisch arrangierte \u201eStella By Starlight\u201c, umfasst das Repertoire der erstklassig remasterten Aufnahmen auch Chansons, wunderbare Bluessongs und Musicaltitel, sowie Schlager. Diese ungew\u00f6hnliche stilistische Breite, die auf \u00e4hnliche Weise auch Brandenburgs Kollegin Caterina Valente praktizierte, war allerdings nicht alleine auf ihre vokalen F\u00e4higkeiten und Vielseitigkeit zur\u00fcckzuf\u00fchren. Die Plattenfirmen, bei denen sie damals unter Vertrag stand, wollten sie als Schlagers\u00e4ngerin vermarkten und dr\u00e4ngten die hochtalentierte Leipzigerin immer wieder zu musikalisch bl\u00f6dsinnigen Kompromissen, unter denen sie sehr litt. Dennoch gelang es ihr immer wieder, selbst einfachen Schnulzen einen fein swingenden Sexappeal zu verpassen, der sie bis heute meilenweit aus dem Gros an S\u00e4ngerinnen heraushebt. Anf\u00e4nglich mit eher epigonenhafter Intonation, entwickelt Brandenburg mit ihrem dunklen rauchigen Timbre eine eigene Ausdrucksweise, die schlicht fasziniert und ihr von einer amerikanischen Kulturzeitschrift einen Vergleich mit Billie Holiday brachte.<\/p>\n<p>Nach dem enormen Erfolg von Boettchers Dokumentarfilm \u201eSing! Inge, sing!\u201c, der auch im Bayerischen Fernsehen zu sehen war, und der parallel erschienenen erfolgreichen CD, ist das Album die zweite Ver\u00f6ffentlichung mit Platzierungen in verschiedenen Charts und Verkaufslisten. An dem posthumen Erfolg hat auch der fr\u00fchere Leiter des in Regensburg ans\u00e4ssigen Bayerischen Jazzinstituts, Richard Wiedamann, einen Anteil. Er war es, der aufgrund eines Hinweises einen Teil des Nachlasses von Inge Brandenburg vor der Vernichtung in der M\u00fcllverbrennung retten und damit das Bildarchiv des Instituts aufstocken konnte. Daraus hat der Produzent und Filmemacher Boettcher auch Material f\u00fcr seine Filmdokumentation und eine Biografie \u00fcber die S\u00e4ngerin bezogen. Beim Jazzweekend 2017 stellte er zusammen mit der S\u00e4ngerin Anne Czichowsky Buch und Album beim Jazzweekend im Degginger vor.<\/p>\n<p>&nbsp;<\/p>\n<p><em>Info: <\/em><em>Inge Brandenburg, \u201eI Love Jazz\u201c, <\/em><em>Herausgegeben und produziert von Marc Boettcher<br \/>\n2019 Unisono-Records (Patrick Ro\u0308mer) im Vertrieb der EDEL <\/em><\/p>\n<p><em>Inge Brandenburg (voc) &#8211; u. a. mit den Orchestern Erwin Lehn, Kurt Edelhagen, Werner Mu\u0308ller und Peter Herbolzheimer, den Musikern Michael Naura, Paul Kuhn und Klaus Doldinger in Kooperation mit dem SWR, HR und dem RBB, mit den Arrangeuren Jerry van Rooyen, Helmut Kirchg\u00e4ssner, Heinrich Rietm\u00fcller und Joki Freund vom Albert Mangelsdorff Quintett.\u00a0 <\/em><\/p>\n<p>(Foto: Michael Scheiner)<\/p>\n","protected":false},"excerpt":{"rendered":"<p>Jazz. Bei einem Berliner Verlag ist ein Album mit 18 unver\u00f6ffentlichten Songs der 1999 verstorbenen Jazzs\u00e4ngerin Inge Brandenburg erschienen\u00a0\u00a0 \u00a0<\/p>\n","protected":false},"author":37,"featured_media":20579,"comment_status":"open","ping_status":"closed","sticky":false,"template":"","format":"standard","meta":{"_jetpack_memberships_contains_paid_content":false,"footnotes":"","jetpack_publicize_message":"","jetpack_publicize_feature_enabled":true,"jetpack_social_post_already_shared":false,"jetpack_social_options":{"image_generator_settings":{"template":"highway","default_image_id":0,"font":"","enabled":false},"version":2}},"categories":[633,1152],"tags":[2729,2728],"coauthors":[1765],"class_list":["post-20574","post","type-post","status-publish","format-standard","has-post-thumbnail","hentry","category-nachrichten","category-rezension","tag-i-love-jazz","tag-inge-brandenburg"],"yoast_head":"<!-- This site is optimized with the Yoast SEO plugin v27.4 - https:\/\/yoast.com\/product\/yoast-seo-wordpress\/ -->\n<title>Sp\u00e4ter Erfolg f\u00fcr eine Vergessene\u00a0\u00a0\u00a0 - JazzZeitung<\/title>\n<meta name=\"robots\" content=\"index, follow, max-snippet:-1, max-image-preview:large, max-video-preview:-1\" \/>\n<link rel=\"canonical\" href=\"https:\/\/www.jazzzeitung.de\/cms\/2019\/09\/spaeter-erfolg-fuer-eine-vergessene\/\" \/>\n<meta property=\"og:locale\" content=\"de_DE\" \/>\n<meta property=\"og:type\" content=\"article\" \/>\n<meta property=\"og:title\" content=\"Sp\u00e4ter Erfolg f\u00fcr eine Vergessene\u00a0\u00a0\u00a0 - JazzZeitung\" \/>\n<meta property=\"og:description\" content=\"Jazz. Bei einem Berliner Verlag ist ein Album mit 18 unver\u00f6ffentlichten Songs der 1999 verstorbenen Jazzs\u00e4ngerin Inge Brandenburg erschienen\u00a0\u00a0 \u00a0\" \/>\n<meta property=\"og:url\" content=\"https:\/\/www.jazzzeitung.de\/cms\/2019\/09\/spaeter-erfolg-fuer-eine-vergessene\/\" \/>\n<meta property=\"og:site_name\" content=\"JazzZeitung\" \/>\n<meta property=\"article:publisher\" content=\"https:\/\/www.facebook.com\/JazzZeitung\/\" \/>\n<meta property=\"article:published_time\" content=\"2019-09-03T09:00:34+00:00\" \/>\n<meta property=\"article:modified_time\" content=\"2019-09-04T12:05:57+00:00\" \/>\n<meta property=\"og:image\" content=\"https:\/\/i0.wp.com\/www.jazzzeitung.de\/cms\/wp-content\/uploads\/2019\/09\/Brandenburg-Malerei_493.jpeg?fit=567%2C373&ssl=1\" \/>\n\t<meta property=\"og:image:width\" content=\"567\" \/>\n\t<meta property=\"og:image:height\" content=\"373\" \/>\n\t<meta property=\"og:image:type\" content=\"image\/jpeg\" \/>\n<meta name=\"author\" content=\"Michael Scheiner\" \/>\n<script type=\"application\/ld+json\" class=\"yoast-schema-graph\">{\"@context\":\"https:\\\/\\\/schema.org\",\"@graph\":[{\"@type\":\"Article\",\"@id\":\"https:\\\/\\\/www.jazzzeitung.de\\\/cms\\\/2019\\\/09\\\/spaeter-erfolg-fuer-eine-vergessene\\\/#article\",\"isPartOf\":{\"@id\":\"https:\\\/\\\/www.jazzzeitung.de\\\/cms\\\/2019\\\/09\\\/spaeter-erfolg-fuer-eine-vergessene\\\/\"},\"author\":{\"name\":\"Michael Scheiner\",\"@id\":\"https:\\\/\\\/www.jazzzeitung.de\\\/cms\\\/#\\\/schema\\\/person\\\/a0bebd4d1728041629a3cbd7790f87fb\"},\"headline\":\"Sp\u00e4ter Erfolg f\u00fcr eine Vergessene\u00a0\u00a0\u00a0\",\"datePublished\":\"2019-09-03T09:00:34+00:00\",\"dateModified\":\"2019-09-04T12:05:57+00:00\",\"mainEntityOfPage\":{\"@id\":\"https:\\\/\\\/www.jazzzeitung.de\\\/cms\\\/2019\\\/09\\\/spaeter-erfolg-fuer-eine-vergessene\\\/\"},\"wordCount\":691,\"commentCount\":0,\"publisher\":{\"@id\":\"https:\\\/\\\/www.jazzzeitung.de\\\/cms\\\/#organization\"},\"image\":{\"@id\":\"https:\\\/\\\/www.jazzzeitung.de\\\/cms\\\/2019\\\/09\\\/spaeter-erfolg-fuer-eine-vergessene\\\/#primaryimage\"},\"thumbnailUrl\":\"https:\\\/\\\/i0.wp.com\\\/www.jazzzeitung.de\\\/cms\\\/wp-content\\\/uploads\\\/2019\\\/09\\\/Brandenburg-Malerei_493.jpeg?fit=567%2C373&ssl=1\",\"keywords\":[\"I Love Jazz\",\"Inge Brandenburg\"],\"articleSection\":[\"News\",\"Rezension\"],\"inLanguage\":\"de\",\"potentialAction\":[{\"@type\":\"CommentAction\",\"name\":\"Comment\",\"target\":[\"https:\\\/\\\/www.jazzzeitung.de\\\/cms\\\/2019\\\/09\\\/spaeter-erfolg-fuer-eine-vergessene\\\/#respond\"]}]},{\"@type\":\"WebPage\",\"@id\":\"https:\\\/\\\/www.jazzzeitung.de\\\/cms\\\/2019\\\/09\\\/spaeter-erfolg-fuer-eine-vergessene\\\/\",\"url\":\"https:\\\/\\\/www.jazzzeitung.de\\\/cms\\\/2019\\\/09\\\/spaeter-erfolg-fuer-eine-vergessene\\\/\",\"name\":\"Sp\u00e4ter Erfolg f\u00fcr eine Vergessene\u00a0\u00a0\u00a0 - JazzZeitung\",\"isPartOf\":{\"@id\":\"https:\\\/\\\/www.jazzzeitung.de\\\/cms\\\/#website\"},\"primaryImageOfPage\":{\"@id\":\"https:\\\/\\\/www.jazzzeitung.de\\\/cms\\\/2019\\\/09\\\/spaeter-erfolg-fuer-eine-vergessene\\\/#primaryimage\"},\"image\":{\"@id\":\"https:\\\/\\\/www.jazzzeitung.de\\\/cms\\\/2019\\\/09\\\/spaeter-erfolg-fuer-eine-vergessene\\\/#primaryimage\"},\"thumbnailUrl\":\"https:\\\/\\\/i0.wp.com\\\/www.jazzzeitung.de\\\/cms\\\/wp-content\\\/uploads\\\/2019\\\/09\\\/Brandenburg-Malerei_493.jpeg?fit=567%2C373&ssl=1\",\"datePublished\":\"2019-09-03T09:00:34+00:00\",\"dateModified\":\"2019-09-04T12:05:57+00:00\",\"breadcrumb\":{\"@id\":\"https:\\\/\\\/www.jazzzeitung.de\\\/cms\\\/2019\\\/09\\\/spaeter-erfolg-fuer-eine-vergessene\\\/#breadcrumb\"},\"inLanguage\":\"de\",\"potentialAction\":[{\"@type\":\"ReadAction\",\"target\":[\"https:\\\/\\\/www.jazzzeitung.de\\\/cms\\\/2019\\\/09\\\/spaeter-erfolg-fuer-eine-vergessene\\\/\"]}]},{\"@type\":\"ImageObject\",\"inLanguage\":\"de\",\"@id\":\"https:\\\/\\\/www.jazzzeitung.de\\\/cms\\\/2019\\\/09\\\/spaeter-erfolg-fuer-eine-vergessene\\\/#primaryimage\",\"url\":\"https:\\\/\\\/i0.wp.com\\\/www.jazzzeitung.de\\\/cms\\\/wp-content\\\/uploads\\\/2019\\\/09\\\/Brandenburg-Malerei_493.jpeg?fit=567%2C373&ssl=1\",\"contentUrl\":\"https:\\\/\\\/i0.wp.com\\\/www.jazzzeitung.de\\\/cms\\\/wp-content\\\/uploads\\\/2019\\\/09\\\/Brandenburg-Malerei_493.jpeg?fit=567%2C373&ssl=1\",\"width\":567,\"height\":373},{\"@type\":\"BreadcrumbList\",\"@id\":\"https:\\\/\\\/www.jazzzeitung.de\\\/cms\\\/2019\\\/09\\\/spaeter-erfolg-fuer-eine-vergessene\\\/#breadcrumb\",\"itemListElement\":[{\"@type\":\"ListItem\",\"position\":1,\"name\":\"Startseite\",\"item\":\"https:\\\/\\\/www.jazzzeitung.de\\\/cms\\\/\"},{\"@type\":\"ListItem\",\"position\":2,\"name\":\"Sp\u00e4ter Erfolg f\u00fcr eine Vergessene\u00a0\u00a0\u00a0\"}]},{\"@type\":\"WebSite\",\"@id\":\"https:\\\/\\\/www.jazzzeitung.de\\\/cms\\\/#website\",\"url\":\"https:\\\/\\\/www.jazzzeitung.de\\\/cms\\\/\",\"name\":\"JazzZeitung\",\"description\":\"Jazz-News und Jazz-Kontroverses\",\"publisher\":{\"@id\":\"https:\\\/\\\/www.jazzzeitung.de\\\/cms\\\/#organization\"},\"potentialAction\":[{\"@type\":\"SearchAction\",\"target\":{\"@type\":\"EntryPoint\",\"urlTemplate\":\"https:\\\/\\\/www.jazzzeitung.de\\\/cms\\\/?s={search_term_string}\"},\"query-input\":{\"@type\":\"PropertyValueSpecification\",\"valueRequired\":true,\"valueName\":\"search_term_string\"}}],\"inLanguage\":\"de\"},{\"@type\":\"Organization\",\"@id\":\"https:\\\/\\\/www.jazzzeitung.de\\\/cms\\\/#organization\",\"name\":\"JazzZeitung online\",\"url\":\"https:\\\/\\\/www.jazzzeitung.de\\\/cms\\\/\",\"logo\":{\"@type\":\"ImageObject\",\"inLanguage\":\"de\",\"@id\":\"https:\\\/\\\/www.jazzzeitung.de\\\/cms\\\/#\\\/schema\\\/logo\\\/image\\\/\",\"url\":\"https:\\\/\\\/i0.wp.com\\\/www.jazzzeitung.de\\\/cms\\\/wp-content\\\/uploads\\\/2015\\\/08\\\/JAZZZEITUNGDE_Logo_Neu.png?fit=499%2C200&ssl=1\",\"contentUrl\":\"https:\\\/\\\/i0.wp.com\\\/www.jazzzeitung.de\\\/cms\\\/wp-content\\\/uploads\\\/2015\\\/08\\\/JAZZZEITUNGDE_Logo_Neu.png?fit=499%2C200&ssl=1\",\"width\":499,\"height\":200,\"caption\":\"JazzZeitung online\"},\"image\":{\"@id\":\"https:\\\/\\\/www.jazzzeitung.de\\\/cms\\\/#\\\/schema\\\/logo\\\/image\\\/\"},\"sameAs\":[\"https:\\\/\\\/www.facebook.com\\\/JazzZeitung\\\/\"]},{\"@type\":\"Person\",\"@id\":\"https:\\\/\\\/www.jazzzeitung.de\\\/cms\\\/#\\\/schema\\\/person\\\/a0bebd4d1728041629a3cbd7790f87fb\",\"name\":\"Michael Scheiner\",\"image\":{\"@type\":\"ImageObject\",\"inLanguage\":\"de\",\"@id\":\"https:\\\/\\\/secure.gravatar.com\\\/avatar\\\/c2d6ac12f682c419867cf3f803880bb41d5b23007d3670820aa9a6e7b5f6ec8d?s=96&d=wp_user_avatar&r=gdabb1b10453880983dfc53da7552ec76\",\"url\":\"https:\\\/\\\/secure.gravatar.com\\\/avatar\\\/c2d6ac12f682c419867cf3f803880bb41d5b23007d3670820aa9a6e7b5f6ec8d?s=96&d=wp_user_avatar&r=g\",\"contentUrl\":\"https:\\\/\\\/secure.gravatar.com\\\/avatar\\\/c2d6ac12f682c419867cf3f803880bb41d5b23007d3670820aa9a6e7b5f6ec8d?s=96&d=wp_user_avatar&r=g\",\"caption\":\"Michael Scheiner\"},\"sameAs\":[\"http:\\\/\\\/www.michaelscheiner.de\"],\"url\":\"https:\\\/\\\/www.jazzzeitung.de\\\/cms\\\/author\\\/mscheiner\\\/\"}]}<\/script>\n<!-- \/ Yoast SEO plugin. -->","yoast_head_json":{"title":"Sp\u00e4ter Erfolg f\u00fcr eine Vergessene\u00a0\u00a0\u00a0 - JazzZeitung","robots":{"index":"index","follow":"follow","max-snippet":"max-snippet:-1","max-image-preview":"max-image-preview:large","max-video-preview":"max-video-preview:-1"},"canonical":"https:\/\/www.jazzzeitung.de\/cms\/2019\/09\/spaeter-erfolg-fuer-eine-vergessene\/","og_locale":"de_DE","og_type":"article","og_title":"Sp\u00e4ter Erfolg f\u00fcr eine Vergessene\u00a0\u00a0\u00a0 - JazzZeitung","og_description":"Jazz. Bei einem Berliner Verlag ist ein Album mit 18 unver\u00f6ffentlichten Songs der 1999 verstorbenen Jazzs\u00e4ngerin Inge Brandenburg erschienen\u00a0\u00a0 \u00a0","og_url":"https:\/\/www.jazzzeitung.de\/cms\/2019\/09\/spaeter-erfolg-fuer-eine-vergessene\/","og_site_name":"JazzZeitung","article_publisher":"https:\/\/www.facebook.com\/JazzZeitung\/","article_published_time":"2019-09-03T09:00:34+00:00","article_modified_time":"2019-09-04T12:05:57+00:00","og_image":[{"width":567,"height":373,"url":"https:\/\/i0.wp.com\/www.jazzzeitung.de\/cms\/wp-content\/uploads\/2019\/09\/Brandenburg-Malerei_493.jpeg?fit=567%2C373&ssl=1","type":"image\/jpeg"}],"author":"Michael Scheiner","schema":{"@context":"https:\/\/schema.org","@graph":[{"@type":"Article","@id":"https:\/\/www.jazzzeitung.de\/cms\/2019\/09\/spaeter-erfolg-fuer-eine-vergessene\/#article","isPartOf":{"@id":"https:\/\/www.jazzzeitung.de\/cms\/2019\/09\/spaeter-erfolg-fuer-eine-vergessene\/"},"author":{"name":"Michael Scheiner","@id":"https:\/\/www.jazzzeitung.de\/cms\/#\/schema\/person\/a0bebd4d1728041629a3cbd7790f87fb"},"headline":"Sp\u00e4ter Erfolg f\u00fcr eine Vergessene\u00a0\u00a0\u00a0","datePublished":"2019-09-03T09:00:34+00:00","dateModified":"2019-09-04T12:05:57+00:00","mainEntityOfPage":{"@id":"https:\/\/www.jazzzeitung.de\/cms\/2019\/09\/spaeter-erfolg-fuer-eine-vergessene\/"},"wordCount":691,"commentCount":0,"publisher":{"@id":"https:\/\/www.jazzzeitung.de\/cms\/#organization"},"image":{"@id":"https:\/\/www.jazzzeitung.de\/cms\/2019\/09\/spaeter-erfolg-fuer-eine-vergessene\/#primaryimage"},"thumbnailUrl":"https:\/\/i0.wp.com\/www.jazzzeitung.de\/cms\/wp-content\/uploads\/2019\/09\/Brandenburg-Malerei_493.jpeg?fit=567%2C373&ssl=1","keywords":["I Love Jazz","Inge Brandenburg"],"articleSection":["News","Rezension"],"inLanguage":"de","potentialAction":[{"@type":"CommentAction","name":"Comment","target":["https:\/\/www.jazzzeitung.de\/cms\/2019\/09\/spaeter-erfolg-fuer-eine-vergessene\/#respond"]}]},{"@type":"WebPage","@id":"https:\/\/www.jazzzeitung.de\/cms\/2019\/09\/spaeter-erfolg-fuer-eine-vergessene\/","url":"https:\/\/www.jazzzeitung.de\/cms\/2019\/09\/spaeter-erfolg-fuer-eine-vergessene\/","name":"Sp\u00e4ter Erfolg f\u00fcr eine Vergessene\u00a0\u00a0\u00a0 - JazzZeitung","isPartOf":{"@id":"https:\/\/www.jazzzeitung.de\/cms\/#website"},"primaryImageOfPage":{"@id":"https:\/\/www.jazzzeitung.de\/cms\/2019\/09\/spaeter-erfolg-fuer-eine-vergessene\/#primaryimage"},"image":{"@id":"https:\/\/www.jazzzeitung.de\/cms\/2019\/09\/spaeter-erfolg-fuer-eine-vergessene\/#primaryimage"},"thumbnailUrl":"https:\/\/i0.wp.com\/www.jazzzeitung.de\/cms\/wp-content\/uploads\/2019\/09\/Brandenburg-Malerei_493.jpeg?fit=567%2C373&ssl=1","datePublished":"2019-09-03T09:00:34+00:00","dateModified":"2019-09-04T12:05:57+00:00","breadcrumb":{"@id":"https:\/\/www.jazzzeitung.de\/cms\/2019\/09\/spaeter-erfolg-fuer-eine-vergessene\/#breadcrumb"},"inLanguage":"de","potentialAction":[{"@type":"ReadAction","target":["https:\/\/www.jazzzeitung.de\/cms\/2019\/09\/spaeter-erfolg-fuer-eine-vergessene\/"]}]},{"@type":"ImageObject","inLanguage":"de","@id":"https:\/\/www.jazzzeitung.de\/cms\/2019\/09\/spaeter-erfolg-fuer-eine-vergessene\/#primaryimage","url":"https:\/\/i0.wp.com\/www.jazzzeitung.de\/cms\/wp-content\/uploads\/2019\/09\/Brandenburg-Malerei_493.jpeg?fit=567%2C373&ssl=1","contentUrl":"https:\/\/i0.wp.com\/www.jazzzeitung.de\/cms\/wp-content\/uploads\/2019\/09\/Brandenburg-Malerei_493.jpeg?fit=567%2C373&ssl=1","width":567,"height":373},{"@type":"BreadcrumbList","@id":"https:\/\/www.jazzzeitung.de\/cms\/2019\/09\/spaeter-erfolg-fuer-eine-vergessene\/#breadcrumb","itemListElement":[{"@type":"ListItem","position":1,"name":"Startseite","item":"https:\/\/www.jazzzeitung.de\/cms\/"},{"@type":"ListItem","position":2,"name":"Sp\u00e4ter Erfolg f\u00fcr eine Vergessene\u00a0\u00a0\u00a0"}]},{"@type":"WebSite","@id":"https:\/\/www.jazzzeitung.de\/cms\/#website","url":"https:\/\/www.jazzzeitung.de\/cms\/","name":"JazzZeitung","description":"Jazz-News und Jazz-Kontroverses","publisher":{"@id":"https:\/\/www.jazzzeitung.de\/cms\/#organization"},"potentialAction":[{"@type":"SearchAction","target":{"@type":"EntryPoint","urlTemplate":"https:\/\/www.jazzzeitung.de\/cms\/?s={search_term_string}"},"query-input":{"@type":"PropertyValueSpecification","valueRequired":true,"valueName":"search_term_string"}}],"inLanguage":"de"},{"@type":"Organization","@id":"https:\/\/www.jazzzeitung.de\/cms\/#organization","name":"JazzZeitung online","url":"https:\/\/www.jazzzeitung.de\/cms\/","logo":{"@type":"ImageObject","inLanguage":"de","@id":"https:\/\/www.jazzzeitung.de\/cms\/#\/schema\/logo\/image\/","url":"https:\/\/i0.wp.com\/www.jazzzeitung.de\/cms\/wp-content\/uploads\/2015\/08\/JAZZZEITUNGDE_Logo_Neu.png?fit=499%2C200&ssl=1","contentUrl":"https:\/\/i0.wp.com\/www.jazzzeitung.de\/cms\/wp-content\/uploads\/2015\/08\/JAZZZEITUNGDE_Logo_Neu.png?fit=499%2C200&ssl=1","width":499,"height":200,"caption":"JazzZeitung online"},"image":{"@id":"https:\/\/www.jazzzeitung.de\/cms\/#\/schema\/logo\/image\/"},"sameAs":["https:\/\/www.facebook.com\/JazzZeitung\/"]},{"@type":"Person","@id":"https:\/\/www.jazzzeitung.de\/cms\/#\/schema\/person\/a0bebd4d1728041629a3cbd7790f87fb","name":"Michael Scheiner","image":{"@type":"ImageObject","inLanguage":"de","@id":"https:\/\/secure.gravatar.com\/avatar\/c2d6ac12f682c419867cf3f803880bb41d5b23007d3670820aa9a6e7b5f6ec8d?s=96&d=wp_user_avatar&r=gdabb1b10453880983dfc53da7552ec76","url":"https:\/\/secure.gravatar.com\/avatar\/c2d6ac12f682c419867cf3f803880bb41d5b23007d3670820aa9a6e7b5f6ec8d?s=96&d=wp_user_avatar&r=g","contentUrl":"https:\/\/secure.gravatar.com\/avatar\/c2d6ac12f682c419867cf3f803880bb41d5b23007d3670820aa9a6e7b5f6ec8d?s=96&d=wp_user_avatar&r=g","caption":"Michael Scheiner"},"sameAs":["http:\/\/www.michaelscheiner.de"],"url":"https:\/\/www.jazzzeitung.de\/cms\/author\/mscheiner\/"}]}},"wp-worthy-pixel":{"ignored":false,"public":null,"server":null,"url":null},"wp-worthy-type":"normal","jetpack_publicize_connections":[],"cc_featured_image_caption":{"caption_text":"","source_text":"","source_url":""},"jetpack_featured_media_url":"https:\/\/i0.wp.com\/www.jazzzeitung.de\/cms\/wp-content\/uploads\/2019\/09\/Brandenburg-Malerei_493.jpeg?fit=567%2C373&ssl=1","jetpack_shortlink":"https:\/\/wp.me\/p3KEcT-5lQ","jetpack-related-posts":[{"id":23396,"url":"https:\/\/www.jazzzeitung.de\/cms\/2020\/09\/newslandesjugendjazzorchester-brandenburg-und-lajjazzo-junior-live28-jazzfest-kasselneuigkeiten-zum-herbst-programm-in-bayreuth\/","url_meta":{"origin":20574,"position":0},"title":"+++News:+++Landesjugendjazzorchester Brandenburg und LaJJazzO Junior live+++28. Jazzfest Kassel+++Neuigkeiten zum Herbst-Programm in Bayreuth+++","author":"Redaktion JazzZeitung","date":"17. September 2020","format":false,"excerpt":"Landesjugendjazzorchester Brandenburg und LaJJazzO Junior live Das Landesjugendjazzorchester Brandenburg bringt die Popularmusik der vergangenen 60 Jahre im Oktober live auf die B\u00fchne. Unter dem Motto \u201eFunk It Up!\u201c wird das von Jiggs Whigham geleitete Programm durch zwei S\u00e4nger und ehemalige Mitglieder der Young Voices Brandenburg erg\u00e4nzt. Das LaJJazzO Junior bringt\u2026","rel":"","context":"In &quot;News&quot;","block_context":{"text":"News","link":"https:\/\/www.jazzzeitung.de\/cms\/thema\/nachrichten\/"},"img":{"alt_text":"","src":"https:\/\/i0.wp.com\/www.jazzzeitung.de\/cms\/wp-content\/uploads\/2020\/09\/02-Johanna_Summer_-c-ACT-Gregor-Hohenberg-scaled.jpg?fit=1200%2C800&ssl=1&resize=350%2C200","width":350,"height":200,"srcset":"https:\/\/i0.wp.com\/www.jazzzeitung.de\/cms\/wp-content\/uploads\/2020\/09\/02-Johanna_Summer_-c-ACT-Gregor-Hohenberg-scaled.jpg?fit=1200%2C800&ssl=1&resize=350%2C200 1x, https:\/\/i0.wp.com\/www.jazzzeitung.de\/cms\/wp-content\/uploads\/2020\/09\/02-Johanna_Summer_-c-ACT-Gregor-Hohenberg-scaled.jpg?fit=1200%2C800&ssl=1&resize=525%2C300 1.5x, https:\/\/i0.wp.com\/www.jazzzeitung.de\/cms\/wp-content\/uploads\/2020\/09\/02-Johanna_Summer_-c-ACT-Gregor-Hohenberg-scaled.jpg?fit=1200%2C800&ssl=1&resize=700%2C400 2x, https:\/\/i0.wp.com\/www.jazzzeitung.de\/cms\/wp-content\/uploads\/2020\/09\/02-Johanna_Summer_-c-ACT-Gregor-Hohenberg-scaled.jpg?fit=1200%2C800&ssl=1&resize=1050%2C600 3x"},"classes":[]},{"id":15273,"url":"https:\/\/www.jazzzeitung.de\/cms\/2018\/03\/newsneue-reihe-in-swr2-meine-erste-jazzplattedas-lajjazzo-und-das-lajjazzo-junior-brandenburg-praesentieren-best-of-britain-mit-werken-von-steve-gray-sowie-musik-count-basies\/","url_meta":{"origin":20574,"position":1},"title":"+++News+++Neue Reihe in SWR2: Meine erste Jazzplatte+++Das LaJJazzO und das LaJJazzO Junior Brandenburg pr\u00e4sentieren &#8222;Best of Britain&#8220; mit Werken von Steve Gray sowie Musik Count Basies+++","author":"Redaktion JazzZeitung","date":"12. M\u00e4rz 2018","format":false,"excerpt":"+++Neue Reihe in SWR2: Meine erste Jazzplatte+++ Wie findet man zu improvisierter Musik? \u201eSWR2 Jazztime\u201c hat nachgefragt und l\u00e4sst ab 17. M\u00e4rz 2018 um 22:03 Uhr Pers\u00f6nlichkeiten der Jazz-Szene, aber auch Schriftsteller und Philosophen zu Wort kommen. In der ersten Folge erz\u00e4hlen unter anderem der S\u00e4nger Theo Bleckmann, Arrangeur Mike\u2026","rel":"","context":"In &quot;News&quot;","block_context":{"text":"News","link":"https:\/\/www.jazzzeitung.de\/cms\/thema\/nachrichten\/"},"img":{"alt_text":"","src":"https:\/\/i0.wp.com\/www.jazzzeitung.de\/cms\/wp-content\/uploads\/2018\/03\/785A3336%C2%A9uwehauth_neu.jpg?fit=1200%2C920&ssl=1&resize=350%2C200","width":350,"height":200,"srcset":"https:\/\/i0.wp.com\/www.jazzzeitung.de\/cms\/wp-content\/uploads\/2018\/03\/785A3336%C2%A9uwehauth_neu.jpg?fit=1200%2C920&ssl=1&resize=350%2C200 1x, https:\/\/i0.wp.com\/www.jazzzeitung.de\/cms\/wp-content\/uploads\/2018\/03\/785A3336%C2%A9uwehauth_neu.jpg?fit=1200%2C920&ssl=1&resize=525%2C300 1.5x, https:\/\/i0.wp.com\/www.jazzzeitung.de\/cms\/wp-content\/uploads\/2018\/03\/785A3336%C2%A9uwehauth_neu.jpg?fit=1200%2C920&ssl=1&resize=700%2C400 2x, https:\/\/i0.wp.com\/www.jazzzeitung.de\/cms\/wp-content\/uploads\/2018\/03\/785A3336%C2%A9uwehauth_neu.jpg?fit=1200%2C920&ssl=1&resize=1050%2C600 3x"},"classes":[]},{"id":13480,"url":"https:\/\/www.jazzzeitung.de\/cms\/2017\/09\/vorsingen-2017-bei-den-young-voices-brandenburg\/","url_meta":{"origin":20574,"position":2},"title":"Vorsingen 2017 bei den Young Voices Brandenburg","author":"Redaktion JazzZeitung","date":"8. September 2017","format":false,"excerpt":"Die 20 besten jungen S\u00e4nger*innen Brandenburgs treffen bei den\u00a0 YOUNG VOICES BRANDENBURG aufeinander. Sie erlernen unter der Leitung des Berliner Jazz- und Pops\u00e4ngers Prof. Marc Secara anspruchsvolle Chors\u00e4tze und arbeiten in einem professionellen Umfeld an ihrer Stimme und ihrem k\u00fcnstlerischen Auftritt. Nun ist es wieder soweit:\u00a0Im Oktober finden die landesweiten\u2026","rel":"","context":"In &quot;News&quot;","block_context":{"text":"News","link":"https:\/\/www.jazzzeitung.de\/cms\/thema\/nachrichten\/"},"img":{"alt_text":"","src":"https:\/\/i0.wp.com\/www.jazzzeitung.de\/cms\/wp-content\/uploads\/2017\/09\/YVB2015_03-300x200-150x150.jpg?resize=350%2C200&ssl=1","width":350,"height":200},"classes":[]},{"id":28247,"url":"https:\/\/www.jazzzeitung.de\/cms\/2022\/09\/tord-gustavsen-deutschlandtour-mit-neuem-album-festival-jazz-in-den-ministergaerten\/","url_meta":{"origin":20574,"position":3},"title":"+++ Tord Gustavsen: Deutschlandtour mit neuem Album +++ Festival: Jazz in den Ministerg\u00e4rten&#8220; +++","author":"Redaktion JazzZeitung","date":"2. September 2022","format":false,"excerpt":"+++ Tord Gustavsen: Deutschlandtour mit neuem Album +++ Der norwegische Jazzpianist Tord Gustavsen spielt in neuer Trio-Besetzung: Zusammen mit dem Perkussionisten Jarle Vespestad und einem Neuzugang, dem Bassisten Steinar Raknes, spielt Gustavsen sein neues Album \"Opening\" ein und geht damit auf Deutschlandtour. Diese ist vom 21. September 2022 bis zum\u2026","rel":"","context":"In &quot;News&quot;","block_context":{"text":"News","link":"https:\/\/www.jazzzeitung.de\/cms\/thema\/nachrichten\/"},"img":{"alt_text":"","src":"https:\/\/i0.wp.com\/www.jazzzeitung.de\/cms\/wp-content\/uploads\/2022\/09\/Tord_Gustavsen_Caterina_Di_Perri_ECM_Records-scaled.jpg?fit=1200%2C800&ssl=1&resize=350%2C200","width":350,"height":200,"srcset":"https:\/\/i0.wp.com\/www.jazzzeitung.de\/cms\/wp-content\/uploads\/2022\/09\/Tord_Gustavsen_Caterina_Di_Perri_ECM_Records-scaled.jpg?fit=1200%2C800&ssl=1&resize=350%2C200 1x, https:\/\/i0.wp.com\/www.jazzzeitung.de\/cms\/wp-content\/uploads\/2022\/09\/Tord_Gustavsen_Caterina_Di_Perri_ECM_Records-scaled.jpg?fit=1200%2C800&ssl=1&resize=525%2C300 1.5x, https:\/\/i0.wp.com\/www.jazzzeitung.de\/cms\/wp-content\/uploads\/2022\/09\/Tord_Gustavsen_Caterina_Di_Perri_ECM_Records-scaled.jpg?fit=1200%2C800&ssl=1&resize=700%2C400 2x, https:\/\/i0.wp.com\/www.jazzzeitung.de\/cms\/wp-content\/uploads\/2022\/09\/Tord_Gustavsen_Caterina_Di_Perri_ECM_Records-scaled.jpg?fit=1200%2C800&ssl=1&resize=1050%2C600 3x"},"classes":[]},{"id":6758,"url":"https:\/\/www.jazzzeitung.de\/cms\/2015\/07\/albert-mangelsdorff-wir-haben-fuers-bier-gespielt\/","url_meta":{"origin":20574,"position":4},"title":"Albert Mangelsdorff: \u201eWir haben f\u00fcrs Bier gespielt\u201c","author":"Redaktion JazzZeitung","date":"31. Juli 2015","format":false,"excerpt":"hr2-kultur erinnert mit Multimedia-Reportage an \u201e70 Jahre Jazz in Hessen\u201c \u201eIch war halt ein Fanatiker. Wenn ich tags\u00fcber ge\u00fcbt hatte, musste ich das wieder los werden. Ich musste dort hin und spielen. Aber f\u00fcr was hat man gespielt? F\u00fcrs Bier \u2013 h\u00f6chstens! Gagen gab\u2018s im Jazzkeller erst Mitte der 60er\u2026","rel":"","context":"In &quot;News&quot;","block_context":{"text":"News","link":"https:\/\/www.jazzzeitung.de\/cms\/thema\/nachrichten\/"},"img":{"alt_text":"Albert Mangelsdorff trinkt ein Bier. Foto:  HR\/Peter Zollna (Collage) ","src":"https:\/\/i0.wp.com\/www.jazzzeitung.de\/cms\/wp-content\/uploads\/2015\/07\/Albert-Mangelsdorff%C2%A9Kollage-HRPeter-Zollna-150x150.jpg?resize=350%2C200","width":350,"height":200},"classes":[]},{"id":6290,"url":"https:\/\/www.jazzzeitung.de\/cms\/2015\/06\/jugend-jazzt-2015\/","url_meta":{"origin":20574,"position":5},"title":"Stippvisite bei der Bundesbegegnung Jugend jazzt 2015","author":"Huflaikhan","date":"5. Juni 2015","format":false,"excerpt":"Als Jazz-Land hat sich Brandenburg noch nicht so sehr in den Vordergrund gespielt. Es gibt nat\u00fcrlich das LaJazzo \u2013 wir haben gerne im letzten Jahr berichtet \u2013, nun aber ist die Landeshauptstadt Potsdam zum Zentrum des Jazz-Nachwuches f\u00fcr vier Tage avanciert. Die diesj\u00e4hrige Ausgabe von Jugend Jazzt spielte hier auf.\u2026","rel":"","context":"In &quot;Blog&quot;","block_context":{"text":"Blog","link":"https:\/\/www.jazzzeitung.de\/cms\/thema\/blog\/"},"img":{"alt_text":"","src":"https:\/\/i0.wp.com\/www.jazzzeitung.de\/cms\/wp-content\/uploads\/2015\/06\/jugend_jazzt_2015-6050180.jpg?resize=350%2C200","width":350,"height":200,"srcset":"https:\/\/i0.wp.com\/www.jazzzeitung.de\/cms\/wp-content\/uploads\/2015\/06\/jugend_jazzt_2015-6050180.jpg?resize=350%2C200 1x, https:\/\/i0.wp.com\/www.jazzzeitung.de\/cms\/wp-content\/uploads\/2015\/06\/jugend_jazzt_2015-6050180.jpg?resize=525%2C300 1.5x, https:\/\/i0.wp.com\/www.jazzzeitung.de\/cms\/wp-content\/uploads\/2015\/06\/jugend_jazzt_2015-6050180.jpg?resize=700%2C400 2x, https:\/\/i0.wp.com\/www.jazzzeitung.de\/cms\/wp-content\/uploads\/2015\/06\/jugend_jazzt_2015-6050180.jpg?resize=1050%2C600 3x, https:\/\/i0.wp.com\/www.jazzzeitung.de\/cms\/wp-content\/uploads\/2015\/06\/jugend_jazzt_2015-6050180.jpg?resize=1400%2C800 4x"},"classes":[]}],"jetpack_sharing_enabled":true,"_links":{"self":[{"href":"https:\/\/www.jazzzeitung.de\/cms\/wp-json\/wp\/v2\/posts\/20574","targetHints":{"allow":["GET"]}}],"collection":[{"href":"https:\/\/www.jazzzeitung.de\/cms\/wp-json\/wp\/v2\/posts"}],"about":[{"href":"https:\/\/www.jazzzeitung.de\/cms\/wp-json\/wp\/v2\/types\/post"}],"author":[{"embeddable":true,"href":"https:\/\/www.jazzzeitung.de\/cms\/wp-json\/wp\/v2\/users\/37"}],"replies":[{"embeddable":true,"href":"https:\/\/www.jazzzeitung.de\/cms\/wp-json\/wp\/v2\/comments?post=20574"}],"version-history":[{"count":6,"href":"https:\/\/www.jazzzeitung.de\/cms\/wp-json\/wp\/v2\/posts\/20574\/revisions"}],"predecessor-version":[{"id":20622,"href":"https:\/\/www.jazzzeitung.de\/cms\/wp-json\/wp\/v2\/posts\/20574\/revisions\/20622"}],"wp:featuredmedia":[{"embeddable":true,"href":"https:\/\/www.jazzzeitung.de\/cms\/wp-json\/wp\/v2\/media\/20579"}],"wp:attachment":[{"href":"https:\/\/www.jazzzeitung.de\/cms\/wp-json\/wp\/v2\/media?parent=20574"}],"wp:term":[{"taxonomy":"category","embeddable":true,"href":"https:\/\/www.jazzzeitung.de\/cms\/wp-json\/wp\/v2\/categories?post=20574"},{"taxonomy":"post_tag","embeddable":true,"href":"https:\/\/www.jazzzeitung.de\/cms\/wp-json\/wp\/v2\/tags?post=20574"},{"taxonomy":"author","embeddable":true,"href":"https:\/\/www.jazzzeitung.de\/cms\/wp-json\/wp\/v2\/coauthors?post=20574"}],"curies":[{"name":"wp","href":"https:\/\/api.w.org\/{rel}","templated":true}]}}