{"id":20533,"date":"2019-08-30T11:00:21","date_gmt":"2019-08-30T09:00:21","guid":{"rendered":"https:\/\/www.jazzzeitung.de\/cms\/?p=20533"},"modified":"2019-08-30T10:40:37","modified_gmt":"2019-08-30T08:40:37","slug":"das-glenn-miller-orchester-auf-europa-tournee","status":"publish","type":"post","link":"https:\/\/www.jazzzeitung.de\/cms\/2019\/08\/das-glenn-miller-orchester-auf-europa-tournee\/","title":{"rendered":"+++ News +++ Glenn Miller Orchester auf Europa-Tournee +++ &#8222;Kraut Jazz Futurism&#8220; im neuen Label Kryptox +++ Ars Sacra Festival 2019 +++"},"content":{"rendered":"<h3><strong>+++ Glenn Miller Orchester auf Europa-Tournee +++<\/strong><\/h3>\n<p>Mit der aktuellen CD im Gep\u00e4ck und dem Programm \u201eJukebox Saturday Night\u201c ist das <a href=\"http:\/\/www.glenn-miller.de\">Glenn Miller Orchestra<\/a>, directed by Wil Salden, 2019 auf Europa-Tournee. Wenn das Glenn Miller Orchester in die Stadt kommt, wird jede Location zum Swing-Tempel und bringt das Lebensgef\u00fchl der 30er- und 40er-Jahre zur\u00fcck. Mit authentischem Sound werden Welthits wie: &#8222;In The Mood&#8220;, &#8222;Pennsylvania 6-5000&#8220;, &#8222;String of Pearls&#8220;, &#8222;Moonlight Serenade&#8220; u.v.m. pr\u00e4sentiert.<\/p>\n<p>Der musikalische Querschnitt des Programms\u00a0 \u201eJukebox Saturday Night\u201c l\u00e4sst von der ersten Minute an keinen Zweifel an dem K\u00f6nnen der exzellenten Musiker. Auch 80 Jahre nach der Gr\u00fcndung besticht der unverwechslebare Glenn Miller Sound.<\/p>\n<p>Foto: Oliver Voit<\/p>\n<h3><strong>+++ &#8222;Kraut Jazz Futurism&#8220; vom neuen Label Kryptox +++<\/strong><\/h3>\n<figure id=\"attachment_20551\" aria-describedby=\"caption-attachment-20551\" style=\"width: 281px\" class=\"wp-caption alignleft\"><a href=\"https:\/\/i0.wp.com\/www.jazzzeitung.de\/cms\/wp-content\/uploads\/2019\/08\/Stimming_und_Lambert_by_Andreas_Hornoff.jpg?ssl=1\"><img data-recalc-dims=\"1\" loading=\"lazy\" decoding=\"async\" data-attachment-id=\"20551\" data-permalink=\"https:\/\/www.jazzzeitung.de\/cms\/2019\/08\/das-glenn-miller-orchester-auf-europa-tournee\/stimming_und_lambert_by_andreas_hornoff\/\" data-orig-file=\"https:\/\/i0.wp.com\/www.jazzzeitung.de\/cms\/wp-content\/uploads\/2019\/08\/Stimming_und_Lambert_by_Andreas_Hornoff-e1567089121222.jpg?fit=1197%2C1279&amp;ssl=1\" data-orig-size=\"1197,1279\" data-comments-opened=\"1\" data-image-meta=\"{&quot;aperture&quot;:&quot;11&quot;,&quot;credit&quot;:&quot;&quot;,&quot;camera&quot;:&quot;PENTAX 645D&quot;,&quot;caption&quot;:&quot;&quot;,&quot;created_timestamp&quot;:&quot;1501505130&quot;,&quot;copyright&quot;:&quot;&quot;,&quot;focal_length&quot;:&quot;55&quot;,&quot;iso&quot;:&quot;200&quot;,&quot;shutter_speed&quot;:&quot;0.008&quot;,&quot;title&quot;:&quot;&quot;,&quot;orientation&quot;:&quot;1&quot;}\" data-image-title=\"Stimming_und_Lambert_by_Andreas_Hornoff\" data-image-description=\"\" data-image-caption=\"\" data-large-file=\"https:\/\/i0.wp.com\/www.jazzzeitung.de\/cms\/wp-content\/uploads\/2019\/08\/Stimming_und_Lambert_by_Andreas_Hornoff-e1567089121222.jpg?fit=562%2C600&amp;ssl=1\" class=\"wp-image-20551 size-medium\" src=\"https:\/\/i0.wp.com\/www.jazzzeitung.de\/cms\/wp-content\/uploads\/2019\/08\/Stimming_und_Lambert_by_Andreas_Hornoff-e1567089121222-281x300.jpg?resize=281%2C300&#038;ssl=1\" alt=\"\" width=\"281\" height=\"300\" srcset=\"https:\/\/i0.wp.com\/www.jazzzeitung.de\/cms\/wp-content\/uploads\/2019\/08\/Stimming_und_Lambert_by_Andreas_Hornoff-e1567089121222.jpg?resize=281%2C300&amp;ssl=1 281w, https:\/\/i0.wp.com\/www.jazzzeitung.de\/cms\/wp-content\/uploads\/2019\/08\/Stimming_und_Lambert_by_Andreas_Hornoff-e1567089121222.jpg?resize=768%2C821&amp;ssl=1 768w, https:\/\/i0.wp.com\/www.jazzzeitung.de\/cms\/wp-content\/uploads\/2019\/08\/Stimming_und_Lambert_by_Andreas_Hornoff-e1567089121222.jpg?resize=562%2C600&amp;ssl=1 562w, https:\/\/i0.wp.com\/www.jazzzeitung.de\/cms\/wp-content\/uploads\/2019\/08\/Stimming_und_Lambert_by_Andreas_Hornoff-e1567089121222.jpg?w=1197&amp;ssl=1 1197w\" sizes=\"auto, (max-width: 281px) 100vw, 281px\" \/><\/a><figcaption id=\"caption-attachment-20551\" class=\"wp-caption-text\">Stinning und Lambert. Foto: Andreas Hornoff<\/figcaption><\/figure>\n<p>\u201eKraut Jazz Futurism\u201c ist eine Zusammenstellung von 17 deutschen K\u00fcnstlern aus verschiedensten musikalischen Stilrichtungen. <a href=\"http:\/\/kryptox.org\/\">Kryptox<\/a> ist ein neues deutsches Label, das den Jazz neu f\u00fcr sich erfinden m\u00f6chte. Eine junge Generation mischt den Jazz mit Krautrock, zeitgen\u00f6ssischer klassischer Musik oder Electronica- Elementen. Anfang November kann man in die erste ver\u00f6ffentlichten Tracks reinh\u00f6ren. Einen weiteren Vorgeschmack gibt es mit der Single \u201eOrange Man\u201c bereits ab dem 30.08.2019. Einige Konzerte gibt es zeitnah bei den Festivals<a href=\"http:\/\/www.xjazz.net\/\"> XJazz in Berlin<\/a> und <a href=\"https:\/\/kj.de\/artist\/3817\/UeBERJAZZ_Festival.html\">\u00dcberjazz in Hamburg<\/a> zu h\u00f6ren.<\/p>\n<p>&nbsp;<\/p>\n<p>&nbsp;<\/p>\n<h3><strong>+++ Ars Sacra Festival +++<\/strong><\/h3>\n<p>Vom 14. bis 22. September findet in Budapest das Ars Sacra Festival statt. In der Konzerthalle werden im Rahmen des Festivals vor allem klassische Konzerte mit Streichorchester oder Kammermusikbesetzung gegeben. Im <a href=\"https:\/\/opusjazzclub.hu\/en\">OPUS JAZZ CLUB<\/a> hingegen wird es \u2013 Nomen est Omen \u2013 um Jazz und Spirituelles gehen. Hier treten Bands aus Deutschland, \u00d6sterreich, Frankreich oder Polen und der Ukraine auf, so wie das Viktor T\u00f3th Tercett, Polmuz, oder Nebula Machina.<\/p>\n<p>Mehr zum Programm des <a href=\"https:\/\/www.ars-sacra.hu\/cikk.php?cikk=sum_en\">Ars Sacra Festivals<\/a> und zu Ver\u00f6ffentlichungen und Veranstaltungen des <a href=\"https:\/\/bmc.hu\/en\">Budapest Music Centres (BMC)<\/a><\/p>\n","protected":false},"excerpt":{"rendered":"<p>+++ Glenn Miller Orchester auf Europa-Tournee +++ Mit der aktuellen CD im Gep\u00e4ck und dem Programm \u201eJukebox Saturday Night\u201c ist das Glenn Miller Orchestra, directed by Wil Salden, 2019 auf Europa-Tournee. Wenn das Glenn Miller Orchester in die Stadt kommt, wird jede Location zum Swing-Tempel und bringt das Lebensgef\u00fchl der 30er- und 40er-Jahre zur\u00fcck. Mit authentischem Sound werden Welthits wie: &#8222;In The Mood&#8220;, &#8222;Pennsylvania 6-5000&#8220;, &#8222;String of Pearls&#8220;, &#8222;Moonlight Serenade&#8220; u.v.m. pr\u00e4sentiert. Der musikalische Querschnitt des Programms\u00a0 \u201eJukebox Saturday Night\u201c l\u00e4sst von der ersten Minute an keinen Zweifel an dem K\u00f6nnen der exzellenten Musiker. Auch 80 Jahre nach der Gr\u00fcndung besticht der unverwechslebare Glenn Miller Sound. Foto: Oliver Voit +++ &#8222;Kraut Jazz Futurism&#8220; vom neuen Label Kryptox +++ \u201eKraut Jazz Futurism\u201c ist eine Zusammenstellung von 17 deutschen K\u00fcnstlern aus verschiedensten musikalischen Stilrichtungen. Kryptox ist ein neues deutsches Label, das den Jazz neu f\u00fcr sich erfinden m\u00f6chte. Eine junge Generation mischt den Jazz mit Krautrock, zeitgen\u00f6ssischer klassischer Musik oder Electronica- Elementen. Anfang November kann man in die erste ver\u00f6ffentlichten Tracks reinh\u00f6ren. Einen weiteren Vorgeschmack gibt es mit der Single \u201eOrange Man\u201c bereits ab dem 30.08.2019. Einige &hellip;<\/p>\n","protected":false},"author":18,"featured_media":20535,"comment_status":"open","ping_status":"closed","sticky":false,"template":"","format":"standard","meta":{"_jetpack_memberships_contains_paid_content":false,"footnotes":"","jetpack_publicize_message":"","jetpack_publicize_feature_enabled":true,"jetpack_social_post_already_shared":false,"jetpack_social_options":{"image_generator_settings":{"template":"highway","default_image_id":0,"font":"","enabled":false},"version":2}},"categories":[633],"tags":[2724,2725,2719,2723,2722,2720],"coauthors":[695],"class_list":["post-20533","post","type-post","status-publish","format-standard","has-post-thumbnail","hentry","category-nachrichten","tag-ars-sacra-festival","tag-budapest","tag-glenn-miller-orchester","tag-kraut-jazz-futurism","tag-kryptox","tag-wil-salden"],"yoast_head":"<!-- This site is optimized with the Yoast SEO plugin v27.5 - https:\/\/yoast.com\/product\/yoast-seo-wordpress\/ -->\n<title>+++ News +++ Glenn Miller Orchester auf Europa-Tournee +++ &quot;Kraut Jazz Futurism&quot; im neuen Label Kryptox +++ Ars Sacra Festival 2019 +++ - JazzZeitung<\/title>\n<meta name=\"robots\" content=\"index, follow, max-snippet:-1, max-image-preview:large, max-video-preview:-1\" \/>\n<link rel=\"canonical\" href=\"https:\/\/www.jazzzeitung.de\/cms\/2019\/08\/das-glenn-miller-orchester-auf-europa-tournee\/\" \/>\n<meta property=\"og:locale\" content=\"de_DE\" \/>\n<meta property=\"og:type\" content=\"article\" \/>\n<meta property=\"og:title\" content=\"+++ News +++ Glenn Miller Orchester auf Europa-Tournee +++ &quot;Kraut Jazz Futurism&quot; im neuen Label Kryptox +++ Ars Sacra Festival 2019 +++ - JazzZeitung\" \/>\n<meta property=\"og:description\" content=\"+++ Glenn Miller Orchester auf Europa-Tournee +++ Mit der aktuellen CD im Gep\u00e4ck und dem Programm \u201eJukebox Saturday Night\u201c ist das Glenn Miller Orchestra, directed by Wil Salden, 2019 auf Europa-Tournee. Wenn das Glenn Miller Orchester in die Stadt kommt, wird jede Location zum Swing-Tempel und bringt das Lebensgef\u00fchl der 30er- und 40er-Jahre zur\u00fcck. Mit authentischem Sound werden Welthits wie: &#8222;In The Mood&#8220;, &#8222;Pennsylvania 6-5000&#8220;, &#8222;String of Pearls&#8220;, &#8222;Moonlight Serenade&#8220; u.v.m. pr\u00e4sentiert. Der musikalische Querschnitt des Programms\u00a0 \u201eJukebox Saturday Night\u201c l\u00e4sst von der ersten Minute an keinen Zweifel an dem K\u00f6nnen der exzellenten Musiker. Auch 80 Jahre nach der Gr\u00fcndung besticht der unverwechslebare Glenn Miller Sound. Foto: Oliver Voit +++ &#8222;Kraut Jazz Futurism&#8220; vom neuen Label Kryptox +++ \u201eKraut Jazz Futurism\u201c ist eine Zusammenstellung von 17 deutschen K\u00fcnstlern aus verschiedensten musikalischen Stilrichtungen. Kryptox ist ein neues deutsches Label, das den Jazz neu f\u00fcr sich erfinden m\u00f6chte. Eine junge Generation mischt den Jazz mit Krautrock, zeitgen\u00f6ssischer klassischer Musik oder Electronica- Elementen. Anfang November kann man in die erste ver\u00f6ffentlichten Tracks reinh\u00f6ren. Einen weiteren Vorgeschmack gibt es mit der Single \u201eOrange Man\u201c bereits ab dem 30.08.2019. Einige &hellip;\" \/>\n<meta property=\"og:url\" content=\"https:\/\/www.jazzzeitung.de\/cms\/2019\/08\/das-glenn-miller-orchester-auf-europa-tournee\/\" \/>\n<meta property=\"og:site_name\" content=\"JazzZeitung\" \/>\n<meta property=\"article:publisher\" content=\"https:\/\/www.facebook.com\/JazzZeitung\/\" \/>\n<meta property=\"article:published_time\" content=\"2019-08-30T09:00:21+00:00\" \/>\n<meta property=\"og:image\" content=\"https:\/\/i0.wp.com\/www.jazzzeitung.de\/cms\/wp-content\/uploads\/2019\/08\/GMO_Live_2019.jpg?fit=3543%2C2362&ssl=1\" \/>\n\t<meta property=\"og:image:width\" content=\"3543\" \/>\n\t<meta property=\"og:image:height\" content=\"2362\" \/>\n\t<meta property=\"og:image:type\" content=\"image\/jpeg\" \/>\n<meta name=\"author\" content=\"Redaktion JazzZeitung\" \/>\n<script type=\"application\/ld+json\" class=\"yoast-schema-graph\">{\"@context\":\"https:\\\/\\\/schema.org\",\"@graph\":[{\"@type\":\"Article\",\"@id\":\"https:\\\/\\\/www.jazzzeitung.de\\\/cms\\\/2019\\\/08\\\/das-glenn-miller-orchester-auf-europa-tournee\\\/#article\",\"isPartOf\":{\"@id\":\"https:\\\/\\\/www.jazzzeitung.de\\\/cms\\\/2019\\\/08\\\/das-glenn-miller-orchester-auf-europa-tournee\\\/\"},\"author\":{\"name\":\"Redaktion JazzZeitung\",\"@id\":\"https:\\\/\\\/www.jazzzeitung.de\\\/cms\\\/#\\\/schema\\\/person\\\/2245b36b9cd1d24cea10f01c031fb92b\"},\"headline\":\"+++ News +++ Glenn Miller Orchester auf Europa-Tournee +++ &#8222;Kraut Jazz Futurism&#8220; im neuen Label Kryptox +++ Ars Sacra Festival 2019 +++\",\"datePublished\":\"2019-08-30T09:00:21+00:00\",\"mainEntityOfPage\":{\"@id\":\"https:\\\/\\\/www.jazzzeitung.de\\\/cms\\\/2019\\\/08\\\/das-glenn-miller-orchester-auf-europa-tournee\\\/\"},\"wordCount\":328,\"commentCount\":0,\"publisher\":{\"@id\":\"https:\\\/\\\/www.jazzzeitung.de\\\/cms\\\/#organization\"},\"image\":{\"@id\":\"https:\\\/\\\/www.jazzzeitung.de\\\/cms\\\/2019\\\/08\\\/das-glenn-miller-orchester-auf-europa-tournee\\\/#primaryimage\"},\"thumbnailUrl\":\"https:\\\/\\\/i0.wp.com\\\/www.jazzzeitung.de\\\/cms\\\/wp-content\\\/uploads\\\/2019\\\/08\\\/GMO_Live_2019.jpg?fit=3543%2C2362&ssl=1\",\"keywords\":[\"Ars Sacra Festival\",\"Budapest\",\"Glenn Miller Orchester\",\"Kraut Jazz Futurism\",\"Kryptox\",\"Wil Salden\"],\"articleSection\":[\"News\"],\"inLanguage\":\"de\",\"potentialAction\":[{\"@type\":\"CommentAction\",\"name\":\"Comment\",\"target\":[\"https:\\\/\\\/www.jazzzeitung.de\\\/cms\\\/2019\\\/08\\\/das-glenn-miller-orchester-auf-europa-tournee\\\/#respond\"]}]},{\"@type\":\"WebPage\",\"@id\":\"https:\\\/\\\/www.jazzzeitung.de\\\/cms\\\/2019\\\/08\\\/das-glenn-miller-orchester-auf-europa-tournee\\\/\",\"url\":\"https:\\\/\\\/www.jazzzeitung.de\\\/cms\\\/2019\\\/08\\\/das-glenn-miller-orchester-auf-europa-tournee\\\/\",\"name\":\"+++ News +++ Glenn Miller Orchester auf Europa-Tournee +++ \\\"Kraut Jazz Futurism\\\" im neuen Label Kryptox +++ Ars Sacra Festival 2019 +++ - JazzZeitung\",\"isPartOf\":{\"@id\":\"https:\\\/\\\/www.jazzzeitung.de\\\/cms\\\/#website\"},\"primaryImageOfPage\":{\"@id\":\"https:\\\/\\\/www.jazzzeitung.de\\\/cms\\\/2019\\\/08\\\/das-glenn-miller-orchester-auf-europa-tournee\\\/#primaryimage\"},\"image\":{\"@id\":\"https:\\\/\\\/www.jazzzeitung.de\\\/cms\\\/2019\\\/08\\\/das-glenn-miller-orchester-auf-europa-tournee\\\/#primaryimage\"},\"thumbnailUrl\":\"https:\\\/\\\/i0.wp.com\\\/www.jazzzeitung.de\\\/cms\\\/wp-content\\\/uploads\\\/2019\\\/08\\\/GMO_Live_2019.jpg?fit=3543%2C2362&ssl=1\",\"datePublished\":\"2019-08-30T09:00:21+00:00\",\"breadcrumb\":{\"@id\":\"https:\\\/\\\/www.jazzzeitung.de\\\/cms\\\/2019\\\/08\\\/das-glenn-miller-orchester-auf-europa-tournee\\\/#breadcrumb\"},\"inLanguage\":\"de\",\"potentialAction\":[{\"@type\":\"ReadAction\",\"target\":[\"https:\\\/\\\/www.jazzzeitung.de\\\/cms\\\/2019\\\/08\\\/das-glenn-miller-orchester-auf-europa-tournee\\\/\"]}]},{\"@type\":\"ImageObject\",\"inLanguage\":\"de\",\"@id\":\"https:\\\/\\\/www.jazzzeitung.de\\\/cms\\\/2019\\\/08\\\/das-glenn-miller-orchester-auf-europa-tournee\\\/#primaryimage\",\"url\":\"https:\\\/\\\/i0.wp.com\\\/www.jazzzeitung.de\\\/cms\\\/wp-content\\\/uploads\\\/2019\\\/08\\\/GMO_Live_2019.jpg?fit=3543%2C2362&ssl=1\",\"contentUrl\":\"https:\\\/\\\/i0.wp.com\\\/www.jazzzeitung.de\\\/cms\\\/wp-content\\\/uploads\\\/2019\\\/08\\\/GMO_Live_2019.jpg?fit=3543%2C2362&ssl=1\",\"width\":3543,\"height\":2362},{\"@type\":\"BreadcrumbList\",\"@id\":\"https:\\\/\\\/www.jazzzeitung.de\\\/cms\\\/2019\\\/08\\\/das-glenn-miller-orchester-auf-europa-tournee\\\/#breadcrumb\",\"itemListElement\":[{\"@type\":\"ListItem\",\"position\":1,\"name\":\"Startseite\",\"item\":\"https:\\\/\\\/www.jazzzeitung.de\\\/cms\\\/\"},{\"@type\":\"ListItem\",\"position\":2,\"name\":\"+++ News +++ Glenn Miller Orchester auf Europa-Tournee +++ &#8222;Kraut Jazz Futurism&#8220; im neuen Label Kryptox +++ Ars Sacra Festival 2019 +++\"}]},{\"@type\":\"WebSite\",\"@id\":\"https:\\\/\\\/www.jazzzeitung.de\\\/cms\\\/#website\",\"url\":\"https:\\\/\\\/www.jazzzeitung.de\\\/cms\\\/\",\"name\":\"JazzZeitung\",\"description\":\"Jazz-News und Jazz-Kontroverses\",\"publisher\":{\"@id\":\"https:\\\/\\\/www.jazzzeitung.de\\\/cms\\\/#organization\"},\"potentialAction\":[{\"@type\":\"SearchAction\",\"target\":{\"@type\":\"EntryPoint\",\"urlTemplate\":\"https:\\\/\\\/www.jazzzeitung.de\\\/cms\\\/?s={search_term_string}\"},\"query-input\":{\"@type\":\"PropertyValueSpecification\",\"valueRequired\":true,\"valueName\":\"search_term_string\"}}],\"inLanguage\":\"de\"},{\"@type\":\"Organization\",\"@id\":\"https:\\\/\\\/www.jazzzeitung.de\\\/cms\\\/#organization\",\"name\":\"JazzZeitung online\",\"url\":\"https:\\\/\\\/www.jazzzeitung.de\\\/cms\\\/\",\"logo\":{\"@type\":\"ImageObject\",\"inLanguage\":\"de\",\"@id\":\"https:\\\/\\\/www.jazzzeitung.de\\\/cms\\\/#\\\/schema\\\/logo\\\/image\\\/\",\"url\":\"https:\\\/\\\/i0.wp.com\\\/www.jazzzeitung.de\\\/cms\\\/wp-content\\\/uploads\\\/2015\\\/08\\\/JAZZZEITUNGDE_Logo_Neu.png?fit=499%2C200&ssl=1\",\"contentUrl\":\"https:\\\/\\\/i0.wp.com\\\/www.jazzzeitung.de\\\/cms\\\/wp-content\\\/uploads\\\/2015\\\/08\\\/JAZZZEITUNGDE_Logo_Neu.png?fit=499%2C200&ssl=1\",\"width\":499,\"height\":200,\"caption\":\"JazzZeitung online\"},\"image\":{\"@id\":\"https:\\\/\\\/www.jazzzeitung.de\\\/cms\\\/#\\\/schema\\\/logo\\\/image\\\/\"},\"sameAs\":[\"https:\\\/\\\/www.facebook.com\\\/JazzZeitung\\\/\"]},{\"@type\":\"Person\",\"@id\":\"https:\\\/\\\/www.jazzzeitung.de\\\/cms\\\/#\\\/schema\\\/person\\\/2245b36b9cd1d24cea10f01c031fb92b\",\"name\":\"Redaktion JazzZeitung\",\"image\":{\"@type\":\"ImageObject\",\"inLanguage\":\"de\",\"@id\":\"https:\\\/\\\/i0.wp.com\\\/www.jazzzeitung.de\\\/cms\\\/wp-content\\\/uploads\\\/2015\\\/08\\\/JAZZZEITUNGDE_Logo_Neu.png?resize=96%2C96&ssl=159975dcacb611b5700bd619b5daf0a7a\",\"url\":\"https:\\\/\\\/i0.wp.com\\\/www.jazzzeitung.de\\\/cms\\\/wp-content\\\/uploads\\\/2015\\\/08\\\/JAZZZEITUNGDE_Logo_Neu.png?resize=96%2C96&ssl=1\",\"contentUrl\":\"https:\\\/\\\/i0.wp.com\\\/www.jazzzeitung.de\\\/cms\\\/wp-content\\\/uploads\\\/2015\\\/08\\\/JAZZZEITUNGDE_Logo_Neu.png?resize=96%2C96&ssl=1\",\"caption\":\"Redaktion JazzZeitung\"},\"description\":\"Artikel der Redaktion der JazzZeitung.\",\"sameAs\":[\"http:\\\/\\\/www.jazzzeitung.de\\\/cms\\\/\"],\"url\":\"https:\\\/\\\/www.jazzzeitung.de\\\/cms\\\/author\\\/redaktion\\\/\"}]}<\/script>\n<!-- \/ Yoast SEO plugin. -->","yoast_head_json":{"title":"+++ News +++ Glenn Miller Orchester auf Europa-Tournee +++ \"Kraut Jazz Futurism\" im neuen Label Kryptox +++ Ars Sacra Festival 2019 +++ - JazzZeitung","robots":{"index":"index","follow":"follow","max-snippet":"max-snippet:-1","max-image-preview":"max-image-preview:large","max-video-preview":"max-video-preview:-1"},"canonical":"https:\/\/www.jazzzeitung.de\/cms\/2019\/08\/das-glenn-miller-orchester-auf-europa-tournee\/","og_locale":"de_DE","og_type":"article","og_title":"+++ News +++ Glenn Miller Orchester auf Europa-Tournee +++ \"Kraut Jazz Futurism\" im neuen Label Kryptox +++ Ars Sacra Festival 2019 +++ - JazzZeitung","og_description":"+++ Glenn Miller Orchester auf Europa-Tournee +++ Mit der aktuellen CD im Gep\u00e4ck und dem Programm \u201eJukebox Saturday Night\u201c ist das Glenn Miller Orchestra, directed by Wil Salden, 2019 auf Europa-Tournee. Wenn das Glenn Miller Orchester in die Stadt kommt, wird jede Location zum Swing-Tempel und bringt das Lebensgef\u00fchl der 30er- und 40er-Jahre zur\u00fcck. Mit authentischem Sound werden Welthits wie: &#8222;In The Mood&#8220;, &#8222;Pennsylvania 6-5000&#8220;, &#8222;String of Pearls&#8220;, &#8222;Moonlight Serenade&#8220; u.v.m. pr\u00e4sentiert. Der musikalische Querschnitt des Programms\u00a0 \u201eJukebox Saturday Night\u201c l\u00e4sst von der ersten Minute an keinen Zweifel an dem K\u00f6nnen der exzellenten Musiker. Auch 80 Jahre nach der Gr\u00fcndung besticht der unverwechslebare Glenn Miller Sound. Foto: Oliver Voit +++ &#8222;Kraut Jazz Futurism&#8220; vom neuen Label Kryptox +++ \u201eKraut Jazz Futurism\u201c ist eine Zusammenstellung von 17 deutschen K\u00fcnstlern aus verschiedensten musikalischen Stilrichtungen. Kryptox ist ein neues deutsches Label, das den Jazz neu f\u00fcr sich erfinden m\u00f6chte. Eine junge Generation mischt den Jazz mit Krautrock, zeitgen\u00f6ssischer klassischer Musik oder Electronica- Elementen. Anfang November kann man in die erste ver\u00f6ffentlichten Tracks reinh\u00f6ren. Einen weiteren Vorgeschmack gibt es mit der Single \u201eOrange Man\u201c bereits ab dem 30.08.2019. Einige &hellip;","og_url":"https:\/\/www.jazzzeitung.de\/cms\/2019\/08\/das-glenn-miller-orchester-auf-europa-tournee\/","og_site_name":"JazzZeitung","article_publisher":"https:\/\/www.facebook.com\/JazzZeitung\/","article_published_time":"2019-08-30T09:00:21+00:00","og_image":[{"width":3543,"height":2362,"url":"https:\/\/i0.wp.com\/www.jazzzeitung.de\/cms\/wp-content\/uploads\/2019\/08\/GMO_Live_2019.jpg?fit=3543%2C2362&ssl=1","type":"image\/jpeg"}],"author":"Redaktion JazzZeitung","schema":{"@context":"https:\/\/schema.org","@graph":[{"@type":"Article","@id":"https:\/\/www.jazzzeitung.de\/cms\/2019\/08\/das-glenn-miller-orchester-auf-europa-tournee\/#article","isPartOf":{"@id":"https:\/\/www.jazzzeitung.de\/cms\/2019\/08\/das-glenn-miller-orchester-auf-europa-tournee\/"},"author":{"name":"Redaktion JazzZeitung","@id":"https:\/\/www.jazzzeitung.de\/cms\/#\/schema\/person\/2245b36b9cd1d24cea10f01c031fb92b"},"headline":"+++ News +++ Glenn Miller Orchester auf Europa-Tournee +++ &#8222;Kraut Jazz Futurism&#8220; im neuen Label Kryptox +++ Ars Sacra Festival 2019 +++","datePublished":"2019-08-30T09:00:21+00:00","mainEntityOfPage":{"@id":"https:\/\/www.jazzzeitung.de\/cms\/2019\/08\/das-glenn-miller-orchester-auf-europa-tournee\/"},"wordCount":328,"commentCount":0,"publisher":{"@id":"https:\/\/www.jazzzeitung.de\/cms\/#organization"},"image":{"@id":"https:\/\/www.jazzzeitung.de\/cms\/2019\/08\/das-glenn-miller-orchester-auf-europa-tournee\/#primaryimage"},"thumbnailUrl":"https:\/\/i0.wp.com\/www.jazzzeitung.de\/cms\/wp-content\/uploads\/2019\/08\/GMO_Live_2019.jpg?fit=3543%2C2362&ssl=1","keywords":["Ars Sacra Festival","Budapest","Glenn Miller Orchester","Kraut Jazz Futurism","Kryptox","Wil Salden"],"articleSection":["News"],"inLanguage":"de","potentialAction":[{"@type":"CommentAction","name":"Comment","target":["https:\/\/www.jazzzeitung.de\/cms\/2019\/08\/das-glenn-miller-orchester-auf-europa-tournee\/#respond"]}]},{"@type":"WebPage","@id":"https:\/\/www.jazzzeitung.de\/cms\/2019\/08\/das-glenn-miller-orchester-auf-europa-tournee\/","url":"https:\/\/www.jazzzeitung.de\/cms\/2019\/08\/das-glenn-miller-orchester-auf-europa-tournee\/","name":"+++ News +++ Glenn Miller Orchester auf Europa-Tournee +++ \"Kraut Jazz Futurism\" im neuen Label Kryptox +++ Ars Sacra Festival 2019 +++ - JazzZeitung","isPartOf":{"@id":"https:\/\/www.jazzzeitung.de\/cms\/#website"},"primaryImageOfPage":{"@id":"https:\/\/www.jazzzeitung.de\/cms\/2019\/08\/das-glenn-miller-orchester-auf-europa-tournee\/#primaryimage"},"image":{"@id":"https:\/\/www.jazzzeitung.de\/cms\/2019\/08\/das-glenn-miller-orchester-auf-europa-tournee\/#primaryimage"},"thumbnailUrl":"https:\/\/i0.wp.com\/www.jazzzeitung.de\/cms\/wp-content\/uploads\/2019\/08\/GMO_Live_2019.jpg?fit=3543%2C2362&ssl=1","datePublished":"2019-08-30T09:00:21+00:00","breadcrumb":{"@id":"https:\/\/www.jazzzeitung.de\/cms\/2019\/08\/das-glenn-miller-orchester-auf-europa-tournee\/#breadcrumb"},"inLanguage":"de","potentialAction":[{"@type":"ReadAction","target":["https:\/\/www.jazzzeitung.de\/cms\/2019\/08\/das-glenn-miller-orchester-auf-europa-tournee\/"]}]},{"@type":"ImageObject","inLanguage":"de","@id":"https:\/\/www.jazzzeitung.de\/cms\/2019\/08\/das-glenn-miller-orchester-auf-europa-tournee\/#primaryimage","url":"https:\/\/i0.wp.com\/www.jazzzeitung.de\/cms\/wp-content\/uploads\/2019\/08\/GMO_Live_2019.jpg?fit=3543%2C2362&ssl=1","contentUrl":"https:\/\/i0.wp.com\/www.jazzzeitung.de\/cms\/wp-content\/uploads\/2019\/08\/GMO_Live_2019.jpg?fit=3543%2C2362&ssl=1","width":3543,"height":2362},{"@type":"BreadcrumbList","@id":"https:\/\/www.jazzzeitung.de\/cms\/2019\/08\/das-glenn-miller-orchester-auf-europa-tournee\/#breadcrumb","itemListElement":[{"@type":"ListItem","position":1,"name":"Startseite","item":"https:\/\/www.jazzzeitung.de\/cms\/"},{"@type":"ListItem","position":2,"name":"+++ News +++ Glenn Miller Orchester auf Europa-Tournee +++ &#8222;Kraut Jazz Futurism&#8220; im neuen Label Kryptox +++ Ars Sacra Festival 2019 +++"}]},{"@type":"WebSite","@id":"https:\/\/www.jazzzeitung.de\/cms\/#website","url":"https:\/\/www.jazzzeitung.de\/cms\/","name":"JazzZeitung","description":"Jazz-News und Jazz-Kontroverses","publisher":{"@id":"https:\/\/www.jazzzeitung.de\/cms\/#organization"},"potentialAction":[{"@type":"SearchAction","target":{"@type":"EntryPoint","urlTemplate":"https:\/\/www.jazzzeitung.de\/cms\/?s={search_term_string}"},"query-input":{"@type":"PropertyValueSpecification","valueRequired":true,"valueName":"search_term_string"}}],"inLanguage":"de"},{"@type":"Organization","@id":"https:\/\/www.jazzzeitung.de\/cms\/#organization","name":"JazzZeitung online","url":"https:\/\/www.jazzzeitung.de\/cms\/","logo":{"@type":"ImageObject","inLanguage":"de","@id":"https:\/\/www.jazzzeitung.de\/cms\/#\/schema\/logo\/image\/","url":"https:\/\/i0.wp.com\/www.jazzzeitung.de\/cms\/wp-content\/uploads\/2015\/08\/JAZZZEITUNGDE_Logo_Neu.png?fit=499%2C200&ssl=1","contentUrl":"https:\/\/i0.wp.com\/www.jazzzeitung.de\/cms\/wp-content\/uploads\/2015\/08\/JAZZZEITUNGDE_Logo_Neu.png?fit=499%2C200&ssl=1","width":499,"height":200,"caption":"JazzZeitung online"},"image":{"@id":"https:\/\/www.jazzzeitung.de\/cms\/#\/schema\/logo\/image\/"},"sameAs":["https:\/\/www.facebook.com\/JazzZeitung\/"]},{"@type":"Person","@id":"https:\/\/www.jazzzeitung.de\/cms\/#\/schema\/person\/2245b36b9cd1d24cea10f01c031fb92b","name":"Redaktion JazzZeitung","image":{"@type":"ImageObject","inLanguage":"de","@id":"https:\/\/i0.wp.com\/www.jazzzeitung.de\/cms\/wp-content\/uploads\/2015\/08\/JAZZZEITUNGDE_Logo_Neu.png?resize=96%2C96&ssl=159975dcacb611b5700bd619b5daf0a7a","url":"https:\/\/i0.wp.com\/www.jazzzeitung.de\/cms\/wp-content\/uploads\/2015\/08\/JAZZZEITUNGDE_Logo_Neu.png?resize=96%2C96&ssl=1","contentUrl":"https:\/\/i0.wp.com\/www.jazzzeitung.de\/cms\/wp-content\/uploads\/2015\/08\/JAZZZEITUNGDE_Logo_Neu.png?resize=96%2C96&ssl=1","caption":"Redaktion JazzZeitung"},"description":"Artikel der Redaktion der JazzZeitung.","sameAs":["http:\/\/www.jazzzeitung.de\/cms\/"],"url":"https:\/\/www.jazzzeitung.de\/cms\/author\/redaktion\/"}]}},"wp-worthy-pixel":{"ignored":false,"public":null,"server":null,"url":null},"wp-worthy-type":"normal","jetpack_publicize_connections":[],"cc_featured_image_caption":{"caption_text":"","source_text":"","source_url":""},"jetpack_featured_media_url":"https:\/\/i0.wp.com\/www.jazzzeitung.de\/cms\/wp-content\/uploads\/2019\/08\/GMO_Live_2019.jpg?fit=3543%2C2362&ssl=1","jetpack_shortlink":"https:\/\/wp.me\/p3KEcT-5lb","jetpack-related-posts":[{"id":3345,"url":"https:\/\/www.jazzzeitung.de\/cms\/2014\/01\/kreuzritter-des-swing-zum-tod-von-al-porcino\/","url_meta":{"origin":20533,"position":0},"title":"\u201eKreuzritter des Swing\u201c: zum Tod von Al Porcino","author":"Redaktion JazzZeitung","date":"7. Januar 2014","format":false,"excerpt":"Text und Foto von Michael Scheiner - Im Mai 2010 feierten Jazzorchester Regensburg und Uni Jazz Orchester mit dem Bandleader Al Porcino dessen 85. Geburtstag im vollbesetzten Audimax. Am Silvestermorgen, nicht wie von einigen Medien berichtet am 2. Januar, ist der Musiker im Alter von 88 Jahren in seiner Wahlheimat\u2026","rel":"","context":"In &quot;Redaktionelle Nachrichten&quot;","block_context":{"text":"Redaktionelle Nachrichten","link":"https:\/\/www.jazzzeitung.de\/cms\/thema\/redaktion\/"},"img":{"alt_text":"Porcino-JOR_78_web_klein","src":"https:\/\/i0.wp.com\/www.jazzzeitung.de\/cms\/wp-content\/uploads\/2014\/01\/Porcino-JOR_78_web_klein-150x150.jpg?resize=350%2C200","width":350,"height":200},"classes":[]},{"id":6258,"url":"https:\/\/www.jazzzeitung.de\/cms\/2015\/05\/dianne-als-gaststar-30-jahre-landes-jugend-jazz-orchester-hessen\/","url_meta":{"origin":20533,"position":1},"title":"Dianne Reeves als Gaststar: 30 Jahre Landes Jugend Jazz Orchester Hessen","author":"Redaktion JazzZeitung","date":"31. Mai 2015","format":false,"excerpt":"Seit 30 Jahren steht der Hessische Kulturpreistr\u00e4ger Wolfgang Diefenbach mit dem Landes Jugend Jazz Orchester Hessen (Kicks & Sticks) f\u00fcr Jazzausbildung auf h\u00f6chstem Niveau. Der Dirigent und Voice Coach hat sich der nachhaltigen F\u00f6rderung junger hochbegabter hessischer Jazzmusiker verschrieben und bietet diesen die M\u00f6glichkeit einer professionellen Big Band-Ausbildung. Inzwischen z\u00e4hlt\u2026","rel":"","context":"In &quot;Bericht&quot;","block_context":{"text":"Bericht","link":"https:\/\/www.jazzzeitung.de\/cms\/thema\/bericht\/"},"img":{"alt_text":"Kicks&Sticks. Foto Rokoko","src":"https:\/\/i0.wp.com\/www.jazzzeitung.de\/cms\/wp-content\/uploads\/2015\/05\/KicksSticks-in-SA-150x150.jpg?resize=350%2C200","width":350,"height":200},"classes":[]},{"id":4647,"url":"https:\/\/www.jazzzeitung.de\/cms\/2014\/10\/international-skoda-allstar-band-im-november-auf-tournee\/","url_meta":{"origin":20533,"position":2},"title":"International \u0160koda Allstar Band im November auf Tournee","author":"Redaktion JazzZeitung","date":"6. Oktober 2014","format":false,"excerpt":"Im Herbst wird die International \u0160koda Allstar Band, bestehend aus international renommierten Jazzmusikern aus verschiedenen L\u00e4ndern, zum dreizehnten Mal auf Tournee durch Deutschland gehen. Die Musiker kennen sich untereinander schon seit vielen Jahren und haben in den unterschiedlichsten Besetzungen miteinander gearbeitet. In dieser Besetzung trafen sie sich zum ersten Mal\u2026","rel":"","context":"In &quot;News&quot;","block_context":{"text":"News","link":"https:\/\/www.jazzzeitung.de\/cms\/thema\/nachrichten\/"},"img":{"alt_text":"Foto: Frank Pusch","src":"https:\/\/i0.wp.com\/www.jazzzeitung.de\/cms\/wp-content\/uploads\/2014\/10\/ulrich_beckerhoff_copyright_frank_pusch_300dpi-150x150.jpg?resize=350%2C200","width":350,"height":200},"classes":[]},{"id":1281,"url":"https:\/\/www.jazzzeitung.de\/cms\/2011\/10\/premiere-des-jazz-orchester-bon\/","url_meta":{"origin":20533,"position":3},"title":"Premiere des Jazz Orchester Bonn","author":"J\u00f6rg Lichtinger","date":"1. Oktober 2011","format":false,"excerpt":"Heute und morgen gibt es beim 3. Bundesbigbandfestival in Bonn die Gelegenheit, eine ganze Reihe von Amateur- und Profibigbands zu h\u00f6ren. Das Bundesbigbandfestival ist noch 2009 vom inzwischen verstorbenen Peter Herbolzheimer mit auf den Weg gebracht worden. Veranstalter ist der in Bonn ans\u00e4ssige F\u00f6rderverein Jazz e.V., um Manfred Schoof, Ulrich\u2026","rel":"","context":"In &quot;Blog&quot;","block_context":{"text":"Blog","link":"https:\/\/www.jazzzeitung.de\/cms\/thema\/blog\/"},"img":{"alt_text":"","src":"https:\/\/i0.wp.com\/www.jazzzeitung.de\/cms\/wp-content\/uploads\/2011\/10\/BBBF_Logo_rgb_klein-186x300.jpg?resize=350%2C200","width":350,"height":200},"classes":[]},{"id":13176,"url":"https:\/\/www.jazzzeitung.de\/cms\/2017\/07\/auf-musikalischen-zehenspitzen-uni-jazzorchester-regensburg-mit-ack-van-rooyen\/","url_meta":{"origin":20533,"position":4},"title":"Auf musikalischen Zehenspitzen: Uni-Jazzorchester Regensburg mit Ack van Rooyen","author":"Redaktion JazzZeitung","date":"31. Juli 2017","format":false,"excerpt":"Wann wird ein K\u00fcnstler, ein Musiker zur \u201eLegende\u201c? Um die 80 Jahre herum ist ein Alter, wo diese einfallslose Floskel scheinbar ein Eigenleben zu entwickeln beginnt und auf jeden draufgepappt wird, der sich nicht dagegen wehrt. Demnach ist der niederl\u00e4ndische Trompeter Ack van Rooyen vermutlich eine \u201eSuperlegende\u201c, hat er doch\u2026","rel":"","context":"In &quot;Bericht&quot;","block_context":{"text":"Bericht","link":"https:\/\/www.jazzzeitung.de\/cms\/thema\/bericht\/"},"img":{"alt_text":"","src":"https:\/\/i0.wp.com\/www.jazzzeitung.de\/cms\/wp-content\/uploads\/2017\/07\/1.jpg?resize=350%2C200","width":350,"height":200},"classes":[]},{"id":6071,"url":"https:\/\/www.jazzzeitung.de\/cms\/2015\/05\/lag-jazzpreis-2015-das-konstantin-herleinsberger-4tet-im-herbst-auf-bayerntour\/","url_meta":{"origin":20533,"position":5},"title":"LAG-Jazzpreis 2015: Das \u201eKonstantin Herleinsberger 4tet\u201c im Herbst auf Bayerntour","author":"Redaktion JazzZeitung","date":"6. Mai 2015","format":false,"excerpt":"Mit einer Fotogalerie von Ralf Dombrowski - Im Herbst wird das Quartett des jungen N\u00fcrnberger Saxophonisten Konstantin Herleinsberger den LAG-Jazzpreis einl\u00f6sen, den es am 28.4. beim Hansj\u00fcrg Hensler Wettbewerb im Rahmen des Kemptener Jazz-Fr\u00fchlings gewonnen hat. Der Preis ist eine Tournee durch bayerische Jazzclubs, die von der Landesarbeitsgemeinschaft (LAG) Jazz\u2026","rel":"","context":"In &quot;Bericht&quot;","block_context":{"text":"Bericht","link":"https:\/\/www.jazzzeitung.de\/cms\/thema\/bericht\/"},"img":{"alt_text":"","src":"https:\/\/i0.wp.com\/www.jazzzeitung.de\/cms\/wp-content\/uploads\/2015\/05\/0K3A3551-Jury-dombr.jpg?resize=350%2C200","width":350,"height":200,"srcset":"https:\/\/i0.wp.com\/www.jazzzeitung.de\/cms\/wp-content\/uploads\/2015\/05\/0K3A3551-Jury-dombr.jpg?resize=350%2C200 1x, https:\/\/i0.wp.com\/www.jazzzeitung.de\/cms\/wp-content\/uploads\/2015\/05\/0K3A3551-Jury-dombr.jpg?resize=525%2C300 1.5x, https:\/\/i0.wp.com\/www.jazzzeitung.de\/cms\/wp-content\/uploads\/2015\/05\/0K3A3551-Jury-dombr.jpg?resize=700%2C400 2x, https:\/\/i0.wp.com\/www.jazzzeitung.de\/cms\/wp-content\/uploads\/2015\/05\/0K3A3551-Jury-dombr.jpg?resize=1050%2C600 3x"},"classes":[]}],"jetpack_sharing_enabled":true,"_links":{"self":[{"href":"https:\/\/www.jazzzeitung.de\/cms\/wp-json\/wp\/v2\/posts\/20533","targetHints":{"allow":["GET"]}}],"collection":[{"href":"https:\/\/www.jazzzeitung.de\/cms\/wp-json\/wp\/v2\/posts"}],"about":[{"href":"https:\/\/www.jazzzeitung.de\/cms\/wp-json\/wp\/v2\/types\/post"}],"author":[{"embeddable":true,"href":"https:\/\/www.jazzzeitung.de\/cms\/wp-json\/wp\/v2\/users\/18"}],"replies":[{"embeddable":true,"href":"https:\/\/www.jazzzeitung.de\/cms\/wp-json\/wp\/v2\/comments?post=20533"}],"version-history":[{"count":13,"href":"https:\/\/www.jazzzeitung.de\/cms\/wp-json\/wp\/v2\/posts\/20533\/revisions"}],"predecessor-version":[{"id":20560,"href":"https:\/\/www.jazzzeitung.de\/cms\/wp-json\/wp\/v2\/posts\/20533\/revisions\/20560"}],"wp:featuredmedia":[{"embeddable":true,"href":"https:\/\/www.jazzzeitung.de\/cms\/wp-json\/wp\/v2\/media\/20535"}],"wp:attachment":[{"href":"https:\/\/www.jazzzeitung.de\/cms\/wp-json\/wp\/v2\/media?parent=20533"}],"wp:term":[{"taxonomy":"category","embeddable":true,"href":"https:\/\/www.jazzzeitung.de\/cms\/wp-json\/wp\/v2\/categories?post=20533"},{"taxonomy":"post_tag","embeddable":true,"href":"https:\/\/www.jazzzeitung.de\/cms\/wp-json\/wp\/v2\/tags?post=20533"},{"taxonomy":"author","embeddable":true,"href":"https:\/\/www.jazzzeitung.de\/cms\/wp-json\/wp\/v2\/coauthors?post=20533"}],"curies":[{"name":"wp","href":"https:\/\/api.w.org\/{rel}","templated":true}]}}