{"id":20508,"date":"2019-08-29T10:00:46","date_gmt":"2019-08-29T08:00:46","guid":{"rendered":"https:\/\/www.jazzzeitung.de\/cms\/?p=20508"},"modified":"2019-08-27T11:10:48","modified_gmt":"2019-08-27T09:10:48","slug":"bambule-im-hamburger-knust-mit-toytoy-rejazzed","status":"publish","type":"post","link":"https:\/\/www.jazzzeitung.de\/cms\/2019\/08\/bambule-im-hamburger-knust-mit-toytoy-rejazzed\/","title":{"rendered":"\u201eBambule\u201c im Hamburger Knust mit TOYTOY- rejazzed!"},"content":{"rendered":"<p>Sp\u00e4testens nach dem Elbjazz Festival Opener dieses Jahr wird die Hamburger Jazzszene von drei aus dem Allg\u00e4u stammenden Musikern aufgemischt. TOYTOY sind die drei Jugendfreunde Alex Eckert, Samuel Wootton und Silvan Strau\u00df, sowie der in Berlin geborene und auf F\u00f6hr gro\u00df gewordene Bassist Daniel Stritzke.<\/p>\n<p>Wenn die vier Jungs von TOYTOY dann mal aufdrehen, rappelt es erst einmal geh\u00f6rig im Club! Diesmal haben sie sich mit Unterst\u00fctzung von Jan Kaiser an der Trompete und\u00a0 dem Keyboarder Yannis Anft das Kultalbum \u201eBambule\u201c von den ABSOLUTE BEGINNERS im Hamburger Musikclub \u201eKnust\u201c vorgenommen. Ein absolutes Heimspiel kann man dazu sagen und ein Gelungenes noch obendrein. Das 1998 aufgenommene Album ist nach wie vor state of the art in Sachen Hamburger Hip-Hop Schule und bietet f\u00fcr TOYTOY erstklassige M\u00f6glichkeiten die Songs mit ihrem versiert kompromisslosen Spiel aufzumotzen und umzumodeln. Dabei lassen sie sich von Anfang an nicht auf eine Richtung festnageln. Sowohl Jazz-Fusion als auch smoother Funk oder Rockelemente flie\u00dfen ein, gew\u00fcrzt, wie sollte es bei \u201eBambule\u201c auch anders sein neben all-that-jazz-thing-sounds, mit glasklaren Hip-Hop Elementen. Zwischendurch wird mal eben Ellingtons \u201eCaravan\u201c eingeflochten und last not least noch sessionm\u00e4\u00dfig gejammt. TOYTOY spielt, improvisiert, verbreitet dabei irrsinnig gute Stimmung und setzt ganz nebenbei einer der bedeutendsten Hamburger Possen ein musikalisches Denkmal. Allein Songs wie \u201eHammerhart\u201c, \u201eDas Boot\u201c oder \u201eLiebes Lied\u201c zeigen auch nach mehr als zwanzig Jahren, welche Strahlkraft sie nicht nur im Hip-Hop, sondern auch heute noch in diesem speziellen Kontext haben.<\/p>\n<p>Ein klasse rejazzt Abend im Hamburger \u201eKnust\u201c &#8211; es wird Zeit, dass TOYTOY auch mal den S\u00fcden der Republik begl\u00fcckt &#8211; ab in die Heimat Jungs!<\/p>\n<div class=\"tiled-gallery type-rectangular tiled-gallery-unresized\" data-original-width=\"840\" data-carousel-extra='{&quot;blog_id&quot;:1,&quot;permalink&quot;:&quot;https:\\\/\\\/www.jazzzeitung.de\\\/cms\\\/2019\\\/08\\\/bambule-im-hamburger-knust-mit-toytoy-rejazzed\\\/&quot;,&quot;likes_blog_id&quot;:55446655}' itemscope itemtype=\"http:\/\/schema.org\/ImageGallery\" > <div class=\"gallery-row\" style=\"width: 840px; height: 721px;\" data-original-width=\"840\" data-original-height=\"721\" > <div class=\"gallery-group images-1\" style=\"width: 482px; height: 721px;\" data-original-width=\"482\" data-original-height=\"721\" > <div class=\"tiled-gallery-item tiled-gallery-item-large\" itemprop=\"associatedMedia\" itemscope itemtype=\"http:\/\/schema.org\/ImageObject\"> <a href=\"https:\/\/www.jazzzeitung.de\/cms\/2019\/08\/bambule-im-hamburger-knust-mit-toytoy-rejazzed\/p1482375-samuel-wootton-foto-tj-krebs\/\" border=\"0\" itemprop=\"url\"> <meta itemprop=\"width\" content=\"478\"> <meta itemprop=\"height\" content=\"717\"> <img decoding=\"async\" class=\"\" data-attachment-id=\"20517\" data-orig-file=\"https:\/\/www.jazzzeitung.de\/cms\/wp-content\/uploads\/2019\/08\/P1482375-Samuel-Wootton-Foto-TJ-Krebs.jpg\" data-orig-size=\"800,1200\" data-comments-opened=\"1\" data-image-meta=\"{&quot;aperture&quot;:&quot;0&quot;,&quot;credit&quot;:&quot;&quot;,&quot;camera&quot;:&quot;&quot;,&quot;caption&quot;:&quot;&quot;,&quot;created_timestamp&quot;:&quot;0&quot;,&quot;copyright&quot;:&quot;&quot;,&quot;focal_length&quot;:&quot;0&quot;,&quot;iso&quot;:&quot;0&quot;,&quot;shutter_speed&quot;:&quot;0&quot;,&quot;title&quot;:&quot;&quot;,&quot;orientation&quot;:&quot;0&quot;}\" data-image-title=\"P1482375 Samuel Wootton &amp;#8211; Foto TJ Krebs\" data-image-description=\"\" data-medium-file=\"https:\/\/i0.wp.com\/www.jazzzeitung.de\/cms\/wp-content\/uploads\/2019\/08\/P1482375-Samuel-Wootton-Foto-TJ-Krebs.jpg?fit=200%2C300&#038;ssl=1\" data-large-file=\"https:\/\/i0.wp.com\/www.jazzzeitung.de\/cms\/wp-content\/uploads\/2019\/08\/P1482375-Samuel-Wootton-Foto-TJ-Krebs.jpg?fit=400%2C600&#038;ssl=1\" src=\"https:\/\/i0.wp.com\/www.jazzzeitung.de\/cms\/wp-content\/uploads\/2019\/08\/P1482375-Samuel-Wootton-Foto-TJ-Krebs.jpg?w=478&#038;h=717&#038;ssl=1\" srcset=\"https:\/\/i0.wp.com\/www.jazzzeitung.de\/cms\/wp-content\/uploads\/2019\/08\/P1482375-Samuel-Wootton-Foto-TJ-Krebs.jpg?w=800&amp;ssl=1 800w, https:\/\/i0.wp.com\/www.jazzzeitung.de\/cms\/wp-content\/uploads\/2019\/08\/P1482375-Samuel-Wootton-Foto-TJ-Krebs.jpg?resize=200%2C300&amp;ssl=1 200w, https:\/\/i0.wp.com\/www.jazzzeitung.de\/cms\/wp-content\/uploads\/2019\/08\/P1482375-Samuel-Wootton-Foto-TJ-Krebs.jpg?resize=768%2C1152&amp;ssl=1 768w, https:\/\/i0.wp.com\/www.jazzzeitung.de\/cms\/wp-content\/uploads\/2019\/08\/P1482375-Samuel-Wootton-Foto-TJ-Krebs.jpg?resize=400%2C600&amp;ssl=1 400w\" width=\"478\" height=\"717\" loading=\"lazy\" data-original-width=\"478\" data-original-height=\"717\" itemprop=\"http:\/\/schema.org\/image\" title=\"P1482375 Samuel Wootton - Foto TJ Krebs\" alt=\"P1482375 Samuel Wootton - Foto TJ Krebs\" style=\"width: 478px; height: 717px;\" \/> <\/a> <\/div> <\/div> <!-- close group --> <div class=\"gallery-group images-3\" style=\"width: 358px; height: 721px;\" data-original-width=\"358\" data-original-height=\"721\" > <div class=\"tiled-gallery-item tiled-gallery-item-large\" itemprop=\"associatedMedia\" itemscope itemtype=\"http:\/\/schema.org\/ImageObject\"> <a href=\"https:\/\/www.jazzzeitung.de\/cms\/2019\/08\/bambule-im-hamburger-knust-mit-toytoy-rejazzed\/p1482335-toytoy-jamming\/\" border=\"0\" itemprop=\"url\"> <meta itemprop=\"width\" content=\"354\"> <meta itemprop=\"height\" content=\"237\"> <img decoding=\"async\" class=\"\" data-attachment-id=\"20515\" data-orig-file=\"https:\/\/www.jazzzeitung.de\/cms\/wp-content\/uploads\/2019\/08\/P1482335-TOYTOY-jamming.jpg\" data-orig-size=\"1200,800\" data-comments-opened=\"1\" data-image-meta=\"{&quot;aperture&quot;:&quot;0&quot;,&quot;credit&quot;:&quot;&quot;,&quot;camera&quot;:&quot;&quot;,&quot;caption&quot;:&quot;&quot;,&quot;created_timestamp&quot;:&quot;0&quot;,&quot;copyright&quot;:&quot;&quot;,&quot;focal_length&quot;:&quot;0&quot;,&quot;iso&quot;:&quot;0&quot;,&quot;shutter_speed&quot;:&quot;0&quot;,&quot;title&quot;:&quot;&quot;,&quot;orientation&quot;:&quot;0&quot;}\" data-image-title=\"P1482335 TOYTOY jamming\" data-image-description=\"\" data-medium-file=\"https:\/\/i0.wp.com\/www.jazzzeitung.de\/cms\/wp-content\/uploads\/2019\/08\/P1482335-TOYTOY-jamming.jpg?fit=300%2C200&#038;ssl=1\" data-large-file=\"https:\/\/i0.wp.com\/www.jazzzeitung.de\/cms\/wp-content\/uploads\/2019\/08\/P1482335-TOYTOY-jamming.jpg?fit=840%2C560&#038;ssl=1\" src=\"https:\/\/i0.wp.com\/www.jazzzeitung.de\/cms\/wp-content\/uploads\/2019\/08\/P1482335-TOYTOY-jamming.jpg?w=354&#038;h=237&#038;ssl=1\" srcset=\"https:\/\/i0.wp.com\/www.jazzzeitung.de\/cms\/wp-content\/uploads\/2019\/08\/P1482335-TOYTOY-jamming.jpg?w=1200&amp;ssl=1 1200w, https:\/\/i0.wp.com\/www.jazzzeitung.de\/cms\/wp-content\/uploads\/2019\/08\/P1482335-TOYTOY-jamming.jpg?resize=300%2C200&amp;ssl=1 300w, https:\/\/i0.wp.com\/www.jazzzeitung.de\/cms\/wp-content\/uploads\/2019\/08\/P1482335-TOYTOY-jamming.jpg?resize=768%2C512&amp;ssl=1 768w, https:\/\/i0.wp.com\/www.jazzzeitung.de\/cms\/wp-content\/uploads\/2019\/08\/P1482335-TOYTOY-jamming.jpg?resize=900%2C600&amp;ssl=1 900w, https:\/\/i0.wp.com\/www.jazzzeitung.de\/cms\/wp-content\/uploads\/2019\/08\/P1482335-TOYTOY-jamming.jpg?resize=120%2C80&amp;ssl=1 120w\" width=\"354\" height=\"237\" loading=\"lazy\" data-original-width=\"354\" data-original-height=\"237\" itemprop=\"http:\/\/schema.org\/image\" title=\"P1482335 TOYTOY jamming\" alt=\"P1482335 TOYTOY jamming\" style=\"width: 354px; height: 237px;\" \/> <\/a> <\/div> <div class=\"tiled-gallery-item tiled-gallery-item-large\" itemprop=\"associatedMedia\" itemscope itemtype=\"http:\/\/schema.org\/ImageObject\"> <a href=\"https:\/\/www.jazzzeitung.de\/cms\/2019\/08\/bambule-im-hamburger-knust-mit-toytoy-rejazzed\/p1482319-jan-kaiser-foto-tj-krebs\/\" border=\"0\" itemprop=\"url\"> <meta itemprop=\"width\" content=\"354\"> <meta itemprop=\"height\" content=\"236\"> <img decoding=\"async\" class=\"\" data-attachment-id=\"20514\" data-orig-file=\"https:\/\/www.jazzzeitung.de\/cms\/wp-content\/uploads\/2019\/08\/P1482319-Jan-Kaiser-Foto-TJ-Krebs.jpg\" data-orig-size=\"1200,800\" data-comments-opened=\"1\" data-image-meta=\"{&quot;aperture&quot;:&quot;0&quot;,&quot;credit&quot;:&quot;&quot;,&quot;camera&quot;:&quot;&quot;,&quot;caption&quot;:&quot;&quot;,&quot;created_timestamp&quot;:&quot;0&quot;,&quot;copyright&quot;:&quot;&quot;,&quot;focal_length&quot;:&quot;0&quot;,&quot;iso&quot;:&quot;0&quot;,&quot;shutter_speed&quot;:&quot;0&quot;,&quot;title&quot;:&quot;&quot;,&quot;orientation&quot;:&quot;0&quot;}\" data-image-title=\"P1482319 Jan Kaiser- Foto TJ Krebs\" data-image-description=\"\" data-medium-file=\"https:\/\/i0.wp.com\/www.jazzzeitung.de\/cms\/wp-content\/uploads\/2019\/08\/P1482319-Jan-Kaiser-Foto-TJ-Krebs.jpg?fit=300%2C200&#038;ssl=1\" data-large-file=\"https:\/\/i0.wp.com\/www.jazzzeitung.de\/cms\/wp-content\/uploads\/2019\/08\/P1482319-Jan-Kaiser-Foto-TJ-Krebs.jpg?fit=840%2C560&#038;ssl=1\" src=\"https:\/\/i0.wp.com\/www.jazzzeitung.de\/cms\/wp-content\/uploads\/2019\/08\/P1482319-Jan-Kaiser-Foto-TJ-Krebs.jpg?w=354&#038;h=236&#038;ssl=1\" srcset=\"https:\/\/i0.wp.com\/www.jazzzeitung.de\/cms\/wp-content\/uploads\/2019\/08\/P1482319-Jan-Kaiser-Foto-TJ-Krebs.jpg?w=1200&amp;ssl=1 1200w, https:\/\/i0.wp.com\/www.jazzzeitung.de\/cms\/wp-content\/uploads\/2019\/08\/P1482319-Jan-Kaiser-Foto-TJ-Krebs.jpg?resize=300%2C200&amp;ssl=1 300w, https:\/\/i0.wp.com\/www.jazzzeitung.de\/cms\/wp-content\/uploads\/2019\/08\/P1482319-Jan-Kaiser-Foto-TJ-Krebs.jpg?resize=768%2C512&amp;ssl=1 768w, https:\/\/i0.wp.com\/www.jazzzeitung.de\/cms\/wp-content\/uploads\/2019\/08\/P1482319-Jan-Kaiser-Foto-TJ-Krebs.jpg?resize=900%2C600&amp;ssl=1 900w, https:\/\/i0.wp.com\/www.jazzzeitung.de\/cms\/wp-content\/uploads\/2019\/08\/P1482319-Jan-Kaiser-Foto-TJ-Krebs.jpg?resize=120%2C80&amp;ssl=1 120w\" width=\"354\" height=\"236\" loading=\"lazy\" data-original-width=\"354\" data-original-height=\"236\" itemprop=\"http:\/\/schema.org\/image\" title=\"P1482319 Jan Kaiser- Foto TJ Krebs\" alt=\"P1482319 Jan Kaiser- Foto TJ Krebs\" style=\"width: 354px; height: 236px;\" \/> <\/a> <\/div> <div class=\"tiled-gallery-item tiled-gallery-item-large\" itemprop=\"associatedMedia\" itemscope itemtype=\"http:\/\/schema.org\/ImageObject\"> <a href=\"https:\/\/www.jazzzeitung.de\/cms\/2019\/08\/bambule-im-hamburger-knust-mit-toytoy-rejazzed\/p1482233-silvan-strauss-foto-tj-krebs\/\" border=\"0\" itemprop=\"url\"> <meta itemprop=\"width\" content=\"354\"> <meta itemprop=\"height\" content=\"236\"> <img decoding=\"async\" class=\"\" data-attachment-id=\"20513\" data-orig-file=\"https:\/\/www.jazzzeitung.de\/cms\/wp-content\/uploads\/2019\/08\/P1482233-Silvan-Strau\u00df-Foto-TJ-Krebs.jpg\" data-orig-size=\"1200,800\" data-comments-opened=\"1\" data-image-meta=\"{&quot;aperture&quot;:&quot;0&quot;,&quot;credit&quot;:&quot;&quot;,&quot;camera&quot;:&quot;&quot;,&quot;caption&quot;:&quot;&quot;,&quot;created_timestamp&quot;:&quot;0&quot;,&quot;copyright&quot;:&quot;&quot;,&quot;focal_length&quot;:&quot;0&quot;,&quot;iso&quot;:&quot;0&quot;,&quot;shutter_speed&quot;:&quot;0&quot;,&quot;title&quot;:&quot;&quot;,&quot;orientation&quot;:&quot;0&quot;}\" data-image-title=\"P1482233 Silvan Strau\u00df- Foto TJ Krebs\" data-image-description=\"\" data-medium-file=\"https:\/\/i0.wp.com\/www.jazzzeitung.de\/cms\/wp-content\/uploads\/2019\/08\/P1482233-Silvan-Strau%C3%9F-Foto-TJ-Krebs.jpg?fit=300%2C200&#038;ssl=1\" data-large-file=\"https:\/\/i0.wp.com\/www.jazzzeitung.de\/cms\/wp-content\/uploads\/2019\/08\/P1482233-Silvan-Strau%C3%9F-Foto-TJ-Krebs.jpg?fit=840%2C560&#038;ssl=1\" src=\"https:\/\/i0.wp.com\/www.jazzzeitung.de\/cms\/wp-content\/uploads\/2019\/08\/P1482233-Silvan-Strau%C3%9F-Foto-TJ-Krebs.jpg?w=354&#038;h=236&#038;ssl=1\" width=\"354\" height=\"236\" loading=\"lazy\" data-original-width=\"354\" data-original-height=\"236\" itemprop=\"http:\/\/schema.org\/image\" title=\"P1482233 Silvan Strau\u00df- Foto TJ Krebs\" alt=\"P1482233 Silvan Strau\u00df- Foto TJ Krebs\" style=\"width: 354px; height: 236px;\" \/> <\/a> <\/div> <\/div> <!-- close group --> <\/div> <!-- close row --> <div class=\"gallery-row\" style=\"width: 840px; height: 163px;\" data-original-width=\"840\" data-original-height=\"163\" > <div class=\"gallery-group images-1\" style=\"width: 243px; height: 163px;\" data-original-width=\"243\" data-original-height=\"163\" > <div class=\"tiled-gallery-item tiled-gallery-item-small\" itemprop=\"associatedMedia\" itemscope itemtype=\"http:\/\/schema.org\/ImageObject\"> <a href=\"https:\/\/www.jazzzeitung.de\/cms\/2019\/08\/bambule-im-hamburger-knust-mit-toytoy-rejazzed\/p1482210-daniel-stritzke-foto-tj-krebs\/\" border=\"0\" itemprop=\"url\"> <meta itemprop=\"width\" content=\"239\"> <meta itemprop=\"height\" content=\"159\"> <img decoding=\"async\" class=\"\" data-attachment-id=\"20512\" data-orig-file=\"https:\/\/www.jazzzeitung.de\/cms\/wp-content\/uploads\/2019\/08\/P1482210-Daniel-Stritzke-Foto-TJ-Krebs.jpg\" data-orig-size=\"1200,800\" data-comments-opened=\"1\" data-image-meta=\"{&quot;aperture&quot;:&quot;0&quot;,&quot;credit&quot;:&quot;&quot;,&quot;camera&quot;:&quot;&quot;,&quot;caption&quot;:&quot;&quot;,&quot;created_timestamp&quot;:&quot;0&quot;,&quot;copyright&quot;:&quot;&quot;,&quot;focal_length&quot;:&quot;0&quot;,&quot;iso&quot;:&quot;0&quot;,&quot;shutter_speed&quot;:&quot;0&quot;,&quot;title&quot;:&quot;&quot;,&quot;orientation&quot;:&quot;0&quot;}\" data-image-title=\"P1482210 Daniel Stritzke- Foto TJ Krebs\" data-image-description=\"\" data-medium-file=\"https:\/\/i0.wp.com\/www.jazzzeitung.de\/cms\/wp-content\/uploads\/2019\/08\/P1482210-Daniel-Stritzke-Foto-TJ-Krebs.jpg?fit=300%2C200&#038;ssl=1\" data-large-file=\"https:\/\/i0.wp.com\/www.jazzzeitung.de\/cms\/wp-content\/uploads\/2019\/08\/P1482210-Daniel-Stritzke-Foto-TJ-Krebs.jpg?fit=840%2C560&#038;ssl=1\" src=\"https:\/\/i0.wp.com\/www.jazzzeitung.de\/cms\/wp-content\/uploads\/2019\/08\/P1482210-Daniel-Stritzke-Foto-TJ-Krebs.jpg?w=239&#038;h=159&#038;ssl=1\" srcset=\"https:\/\/i0.wp.com\/www.jazzzeitung.de\/cms\/wp-content\/uploads\/2019\/08\/P1482210-Daniel-Stritzke-Foto-TJ-Krebs.jpg?w=1200&amp;ssl=1 1200w, https:\/\/i0.wp.com\/www.jazzzeitung.de\/cms\/wp-content\/uploads\/2019\/08\/P1482210-Daniel-Stritzke-Foto-TJ-Krebs.jpg?resize=300%2C200&amp;ssl=1 300w, https:\/\/i0.wp.com\/www.jazzzeitung.de\/cms\/wp-content\/uploads\/2019\/08\/P1482210-Daniel-Stritzke-Foto-TJ-Krebs.jpg?resize=768%2C512&amp;ssl=1 768w, https:\/\/i0.wp.com\/www.jazzzeitung.de\/cms\/wp-content\/uploads\/2019\/08\/P1482210-Daniel-Stritzke-Foto-TJ-Krebs.jpg?resize=900%2C600&amp;ssl=1 900w, https:\/\/i0.wp.com\/www.jazzzeitung.de\/cms\/wp-content\/uploads\/2019\/08\/P1482210-Daniel-Stritzke-Foto-TJ-Krebs.jpg?resize=120%2C80&amp;ssl=1 120w\" width=\"239\" height=\"159\" loading=\"lazy\" data-original-width=\"239\" data-original-height=\"159\" itemprop=\"http:\/\/schema.org\/image\" title=\"P1482210 Daniel Stritzke- Foto TJ Krebs\" alt=\"P1482210 Daniel Stritzke- Foto TJ Krebs\" style=\"width: 239px; height: 159px;\" \/> <\/a> <\/div> <\/div> <!-- close group --> <div class=\"gallery-group images-1\" style=\"width: 243px; height: 163px;\" data-original-width=\"243\" data-original-height=\"163\" > <div class=\"tiled-gallery-item tiled-gallery-item-small\" itemprop=\"associatedMedia\" itemscope itemtype=\"http:\/\/schema.org\/ImageObject\"> <a href=\"https:\/\/www.jazzzeitung.de\/cms\/2019\/08\/bambule-im-hamburger-knust-mit-toytoy-rejazzed\/p1482184-yannis-anft-jan-kaiser-foto-tj-krebs\/\" border=\"0\" itemprop=\"url\"> <meta itemprop=\"width\" content=\"239\"> <meta itemprop=\"height\" content=\"159\"> <img decoding=\"async\" class=\"\" data-attachment-id=\"20511\" data-orig-file=\"https:\/\/www.jazzzeitung.de\/cms\/wp-content\/uploads\/2019\/08\/P1482184-Yannis-Anft-Jan-Kaiser-Foto-TJ-Krebs.jpg\" data-orig-size=\"1200,800\" data-comments-opened=\"1\" data-image-meta=\"{&quot;aperture&quot;:&quot;0&quot;,&quot;credit&quot;:&quot;&quot;,&quot;camera&quot;:&quot;&quot;,&quot;caption&quot;:&quot;&quot;,&quot;created_timestamp&quot;:&quot;0&quot;,&quot;copyright&quot;:&quot;&quot;,&quot;focal_length&quot;:&quot;0&quot;,&quot;iso&quot;:&quot;0&quot;,&quot;shutter_speed&quot;:&quot;0&quot;,&quot;title&quot;:&quot;&quot;,&quot;orientation&quot;:&quot;0&quot;}\" data-image-title=\"P1482184 Yannis Anft-&amp;#038; Jan Kaiser Foto TJ Krebs\" data-image-description=\"\" data-medium-file=\"https:\/\/i0.wp.com\/www.jazzzeitung.de\/cms\/wp-content\/uploads\/2019\/08\/P1482184-Yannis-Anft-Jan-Kaiser-Foto-TJ-Krebs.jpg?fit=300%2C200&#038;ssl=1\" data-large-file=\"https:\/\/i0.wp.com\/www.jazzzeitung.de\/cms\/wp-content\/uploads\/2019\/08\/P1482184-Yannis-Anft-Jan-Kaiser-Foto-TJ-Krebs.jpg?fit=840%2C560&#038;ssl=1\" src=\"https:\/\/i0.wp.com\/www.jazzzeitung.de\/cms\/wp-content\/uploads\/2019\/08\/P1482184-Yannis-Anft-Jan-Kaiser-Foto-TJ-Krebs.jpg?w=239&#038;h=159&#038;ssl=1\" srcset=\"https:\/\/i0.wp.com\/www.jazzzeitung.de\/cms\/wp-content\/uploads\/2019\/08\/P1482184-Yannis-Anft-Jan-Kaiser-Foto-TJ-Krebs.jpg?w=1200&amp;ssl=1 1200w, https:\/\/i0.wp.com\/www.jazzzeitung.de\/cms\/wp-content\/uploads\/2019\/08\/P1482184-Yannis-Anft-Jan-Kaiser-Foto-TJ-Krebs.jpg?resize=300%2C200&amp;ssl=1 300w, https:\/\/i0.wp.com\/www.jazzzeitung.de\/cms\/wp-content\/uploads\/2019\/08\/P1482184-Yannis-Anft-Jan-Kaiser-Foto-TJ-Krebs.jpg?resize=768%2C512&amp;ssl=1 768w, https:\/\/i0.wp.com\/www.jazzzeitung.de\/cms\/wp-content\/uploads\/2019\/08\/P1482184-Yannis-Anft-Jan-Kaiser-Foto-TJ-Krebs.jpg?resize=900%2C600&amp;ssl=1 900w, https:\/\/i0.wp.com\/www.jazzzeitung.de\/cms\/wp-content\/uploads\/2019\/08\/P1482184-Yannis-Anft-Jan-Kaiser-Foto-TJ-Krebs.jpg?resize=120%2C80&amp;ssl=1 120w\" width=\"239\" height=\"159\" loading=\"lazy\" data-original-width=\"239\" data-original-height=\"159\" itemprop=\"http:\/\/schema.org\/image\" title=\"P1482184 Yannis Anft-&amp; Jan Kaiser Foto TJ Krebs\" alt=\"P1482184 Yannis Anft-&amp; Jan Kaiser Foto TJ Krebs\" style=\"width: 239px; height: 159px;\" \/> <\/a> <\/div> <\/div> <!-- close group --> <div class=\"gallery-group images-1\" style=\"width: 111px; height: 163px;\" data-original-width=\"111\" data-original-height=\"163\" > <div class=\"tiled-gallery-item tiled-gallery-item-small\" itemprop=\"associatedMedia\" itemscope itemtype=\"http:\/\/schema.org\/ImageObject\"> <a href=\"https:\/\/www.jazzzeitung.de\/cms\/2019\/08\/bambule-im-hamburger-knust-mit-toytoy-rejazzed\/p1482160-silvan-strauss-foto-tj-krebs\/\" border=\"0\" itemprop=\"url\"> <meta itemprop=\"width\" content=\"107\"> <meta itemprop=\"height\" content=\"159\"> <img decoding=\"async\" class=\"\" data-attachment-id=\"20510\" data-orig-file=\"https:\/\/www.jazzzeitung.de\/cms\/wp-content\/uploads\/2019\/08\/P1482160-Silvan-Strau\u00df-Foto-TJ-Krebs.jpg\" data-orig-size=\"800,1200\" data-comments-opened=\"1\" data-image-meta=\"{&quot;aperture&quot;:&quot;0&quot;,&quot;credit&quot;:&quot;&quot;,&quot;camera&quot;:&quot;&quot;,&quot;caption&quot;:&quot;&quot;,&quot;created_timestamp&quot;:&quot;0&quot;,&quot;copyright&quot;:&quot;&quot;,&quot;focal_length&quot;:&quot;0&quot;,&quot;iso&quot;:&quot;0&quot;,&quot;shutter_speed&quot;:&quot;0&quot;,&quot;title&quot;:&quot;&quot;,&quot;orientation&quot;:&quot;0&quot;}\" data-image-title=\"P1482160 Silvan Strau\u00df- Foto TJ Krebs\" data-image-description=\"\" data-medium-file=\"https:\/\/i0.wp.com\/www.jazzzeitung.de\/cms\/wp-content\/uploads\/2019\/08\/P1482160-Silvan-Strau%C3%9F-Foto-TJ-Krebs.jpg?fit=200%2C300&#038;ssl=1\" data-large-file=\"https:\/\/i0.wp.com\/www.jazzzeitung.de\/cms\/wp-content\/uploads\/2019\/08\/P1482160-Silvan-Strau%C3%9F-Foto-TJ-Krebs.jpg?fit=400%2C600&#038;ssl=1\" src=\"https:\/\/i0.wp.com\/www.jazzzeitung.de\/cms\/wp-content\/uploads\/2019\/08\/P1482160-Silvan-Strau%C3%9F-Foto-TJ-Krebs.jpg?w=107&#038;h=159&#038;ssl=1\" width=\"107\" height=\"159\" loading=\"lazy\" data-original-width=\"107\" data-original-height=\"159\" itemprop=\"http:\/\/schema.org\/image\" title=\"P1482160 Silvan Strau\u00df- Foto TJ Krebs\" alt=\"P1482160 Silvan Strau\u00df- Foto TJ Krebs\" style=\"width: 107px; height: 159px;\" \/> <\/a> <\/div> <\/div> <!-- close group --> <div class=\"gallery-group images-1\" style=\"width: 243px; height: 163px;\" data-original-width=\"243\" data-original-height=\"163\" > <div class=\"tiled-gallery-item tiled-gallery-item-small\" itemprop=\"associatedMedia\" itemscope itemtype=\"http:\/\/schema.org\/ImageObject\"> <a href=\"https:\/\/www.jazzzeitung.de\/cms\/2019\/08\/bambule-im-hamburger-knust-mit-toytoy-rejazzed\/p1482136-chilling-lattenplatz-knust-foto-tj-krebs\/\" border=\"0\" itemprop=\"url\"> <meta itemprop=\"width\" content=\"239\"> <meta itemprop=\"height\" content=\"159\"> <img decoding=\"async\" class=\"\" data-attachment-id=\"20509\" data-orig-file=\"https:\/\/www.jazzzeitung.de\/cms\/wp-content\/uploads\/2019\/08\/P1482136-chilling-@-Lattenplatz-Knust-Foto-TJ-Krebs.jpg\" data-orig-size=\"1200,800\" data-comments-opened=\"1\" data-image-meta=\"{&quot;aperture&quot;:&quot;0&quot;,&quot;credit&quot;:&quot;&quot;,&quot;camera&quot;:&quot;&quot;,&quot;caption&quot;:&quot;&quot;,&quot;created_timestamp&quot;:&quot;0&quot;,&quot;copyright&quot;:&quot;&quot;,&quot;focal_length&quot;:&quot;0&quot;,&quot;iso&quot;:&quot;0&quot;,&quot;shutter_speed&quot;:&quot;0&quot;,&quot;title&quot;:&quot;&quot;,&quot;orientation&quot;:&quot;0&quot;}\" data-image-title=\"P1482136 chilling @ Lattenplatz Knust- Foto TJ Krebs\" data-image-description=\"\" data-medium-file=\"https:\/\/i0.wp.com\/www.jazzzeitung.de\/cms\/wp-content\/uploads\/2019\/08\/P1482136-chilling-%40-Lattenplatz-Knust-Foto-TJ-Krebs.jpg?fit=300%2C200&#038;ssl=1\" data-large-file=\"https:\/\/i0.wp.com\/www.jazzzeitung.de\/cms\/wp-content\/uploads\/2019\/08\/P1482136-chilling-%40-Lattenplatz-Knust-Foto-TJ-Krebs.jpg?fit=840%2C560&#038;ssl=1\" src=\"https:\/\/i0.wp.com\/www.jazzzeitung.de\/cms\/wp-content\/uploads\/2019\/08\/P1482136-chilling-%40-Lattenplatz-Knust-Foto-TJ-Krebs.jpg?w=239&#038;h=159&#038;ssl=1\" width=\"239\" height=\"159\" loading=\"lazy\" data-original-width=\"239\" data-original-height=\"159\" itemprop=\"http:\/\/schema.org\/image\" title=\"P1482136 chilling @ Lattenplatz Knust- Foto TJ Krebs\" alt=\"P1482136 chilling @ Lattenplatz Knust- Foto TJ Krebs\" style=\"width: 239px; height: 159px;\" \/> <\/a> <\/div> <\/div> <!-- close group --> <\/div> <!-- close row --> <\/div>\n<p>&nbsp;<\/p>\n","protected":false},"excerpt":{"rendered":"<p>Sp\u00e4testens nach dem Elbjazz Festival Opener dieses Jahr wird die Hamburger Jazzszene von drei aus dem Allg\u00e4u stammenden Musikern aufgemischt. TOYTOY sind die drei Jugendfreunde Alex Eckert, Samuel Wootton und Silvan Strau\u00df, sowie der in Berlin geborene und auf F\u00f6hr gro\u00df gewordene Bassist Daniel Stritzke. Wenn die vier Jungs von TOYTOY dann mal aufdrehen, rappelt es erst einmal geh\u00f6rig im Club! Diesmal haben sie sich mit Unterst\u00fctzung von Jan Kaiser an der Trompete und\u00a0 dem Keyboarder Yannis Anft das Kultalbum \u201eBambule\u201c von den ABSOLUTE BEGINNERS im Hamburger Musikclub \u201eKnust\u201c vorgenommen. Ein absolutes Heimspiel kann man dazu sagen und ein Gelungenes noch obendrein. Das 1998 aufgenommene Album ist nach wie vor state of the art in Sachen Hamburger Hip-Hop Schule und bietet f\u00fcr TOYTOY erstklassige M\u00f6glichkeiten die Songs mit ihrem versiert kompromisslosen Spiel aufzumotzen und umzumodeln. Dabei lassen sie sich von Anfang an nicht auf eine Richtung festnageln. Sowohl Jazz-Fusion als auch smoother Funk oder Rockelemente flie\u00dfen ein, gew\u00fcrzt, wie sollte es bei \u201eBambule\u201c auch anders sein neben all-that-jazz-thing-sounds, mit glasklaren Hip-Hop Elementen. Zwischendurch wird mal eben Ellingtons \u201eCaravan\u201c eingeflochten und last not least noch sessionm\u00e4\u00dfig &hellip;<\/p>\n","protected":false},"author":35,"featured_media":20516,"comment_status":"open","ping_status":"closed","sticky":false,"template":"","format":"standard","meta":{"_jetpack_memberships_contains_paid_content":false,"footnotes":"","jetpack_publicize_message":"","jetpack_publicize_feature_enabled":true,"jetpack_social_post_already_shared":false,"jetpack_social_options":{"image_generator_settings":{"template":"highway","default_image_id":0,"font":"","enabled":false},"version":2}},"categories":[633],"tags":[],"coauthors":[1602],"class_list":["post-20508","post","type-post","status-publish","format-standard","has-post-thumbnail","hentry","category-nachrichten"],"yoast_head":"<!-- This site is optimized with the Yoast SEO plugin v27.5 - https:\/\/yoast.com\/product\/yoast-seo-wordpress\/ -->\n<title>\u201eBambule\u201c im Hamburger Knust mit TOYTOY- rejazzed! - JazzZeitung<\/title>\n<meta name=\"robots\" content=\"index, follow, max-snippet:-1, max-image-preview:large, max-video-preview:-1\" \/>\n<link rel=\"canonical\" href=\"https:\/\/www.jazzzeitung.de\/cms\/2019\/08\/bambule-im-hamburger-knust-mit-toytoy-rejazzed\/\" \/>\n<meta property=\"og:locale\" content=\"de_DE\" \/>\n<meta property=\"og:type\" content=\"article\" \/>\n<meta property=\"og:title\" content=\"\u201eBambule\u201c im Hamburger Knust mit TOYTOY- rejazzed! - JazzZeitung\" \/>\n<meta property=\"og:description\" content=\"Sp\u00e4testens nach dem Elbjazz Festival Opener dieses Jahr wird die Hamburger Jazzszene von drei aus dem Allg\u00e4u stammenden Musikern aufgemischt. TOYTOY sind die drei Jugendfreunde Alex Eckert, Samuel Wootton und Silvan Strau\u00df, sowie der in Berlin geborene und auf F\u00f6hr gro\u00df gewordene Bassist Daniel Stritzke. Wenn die vier Jungs von TOYTOY dann mal aufdrehen, rappelt es erst einmal geh\u00f6rig im Club! Diesmal haben sie sich mit Unterst\u00fctzung von Jan Kaiser an der Trompete und\u00a0 dem Keyboarder Yannis Anft das Kultalbum \u201eBambule\u201c von den ABSOLUTE BEGINNERS im Hamburger Musikclub \u201eKnust\u201c vorgenommen. Ein absolutes Heimspiel kann man dazu sagen und ein Gelungenes noch obendrein. Das 1998 aufgenommene Album ist nach wie vor state of the art in Sachen Hamburger Hip-Hop Schule und bietet f\u00fcr TOYTOY erstklassige M\u00f6glichkeiten die Songs mit ihrem versiert kompromisslosen Spiel aufzumotzen und umzumodeln. Dabei lassen sie sich von Anfang an nicht auf eine Richtung festnageln. Sowohl Jazz-Fusion als auch smoother Funk oder Rockelemente flie\u00dfen ein, gew\u00fcrzt, wie sollte es bei \u201eBambule\u201c auch anders sein neben all-that-jazz-thing-sounds, mit glasklaren Hip-Hop Elementen. Zwischendurch wird mal eben Ellingtons \u201eCaravan\u201c eingeflochten und last not least noch sessionm\u00e4\u00dfig &hellip;\" \/>\n<meta property=\"og:url\" content=\"https:\/\/www.jazzzeitung.de\/cms\/2019\/08\/bambule-im-hamburger-knust-mit-toytoy-rejazzed\/\" \/>\n<meta property=\"og:site_name\" content=\"JazzZeitung\" \/>\n<meta property=\"article:publisher\" content=\"https:\/\/www.facebook.com\/JazzZeitung\/\" \/>\n<meta property=\"article:published_time\" content=\"2019-08-29T08:00:46+00:00\" \/>\n<meta property=\"og:image\" content=\"https:\/\/i0.wp.com\/www.jazzzeitung.de\/cms\/wp-content\/uploads\/2019\/08\/P1482363-TOYTOY-Foto-TJ-Krebs.jpg?fit=1200%2C800&ssl=1\" \/>\n\t<meta property=\"og:image:width\" content=\"1200\" \/>\n\t<meta property=\"og:image:height\" content=\"800\" \/>\n\t<meta property=\"og:image:type\" content=\"image\/jpeg\" \/>\n<meta name=\"author\" content=\"Thomas J. Krebs\" \/>\n<script type=\"application\/ld+json\" class=\"yoast-schema-graph\">{\"@context\":\"https:\\\/\\\/schema.org\",\"@graph\":[{\"@type\":\"Article\",\"@id\":\"https:\\\/\\\/www.jazzzeitung.de\\\/cms\\\/2019\\\/08\\\/bambule-im-hamburger-knust-mit-toytoy-rejazzed\\\/#article\",\"isPartOf\":{\"@id\":\"https:\\\/\\\/www.jazzzeitung.de\\\/cms\\\/2019\\\/08\\\/bambule-im-hamburger-knust-mit-toytoy-rejazzed\\\/\"},\"author\":{\"name\":\"Thomas J. Krebs\",\"@id\":\"https:\\\/\\\/www.jazzzeitung.de\\\/cms\\\/#\\\/schema\\\/person\\\/ba94c5bbea92d014d6a3d1f0105daa18\"},\"headline\":\"\u201eBambule\u201c im Hamburger Knust mit TOYTOY- rejazzed!\",\"datePublished\":\"2019-08-29T08:00:46+00:00\",\"mainEntityOfPage\":{\"@id\":\"https:\\\/\\\/www.jazzzeitung.de\\\/cms\\\/2019\\\/08\\\/bambule-im-hamburger-knust-mit-toytoy-rejazzed\\\/\"},\"wordCount\":287,\"commentCount\":0,\"publisher\":{\"@id\":\"https:\\\/\\\/www.jazzzeitung.de\\\/cms\\\/#organization\"},\"image\":{\"@id\":\"https:\\\/\\\/www.jazzzeitung.de\\\/cms\\\/2019\\\/08\\\/bambule-im-hamburger-knust-mit-toytoy-rejazzed\\\/#primaryimage\"},\"thumbnailUrl\":\"https:\\\/\\\/i0.wp.com\\\/www.jazzzeitung.de\\\/cms\\\/wp-content\\\/uploads\\\/2019\\\/08\\\/P1482363-TOYTOY-Foto-TJ-Krebs.jpg?fit=1200%2C800&ssl=1\",\"articleSection\":[\"News\"],\"inLanguage\":\"de\",\"potentialAction\":[{\"@type\":\"CommentAction\",\"name\":\"Comment\",\"target\":[\"https:\\\/\\\/www.jazzzeitung.de\\\/cms\\\/2019\\\/08\\\/bambule-im-hamburger-knust-mit-toytoy-rejazzed\\\/#respond\"]}]},{\"@type\":\"WebPage\",\"@id\":\"https:\\\/\\\/www.jazzzeitung.de\\\/cms\\\/2019\\\/08\\\/bambule-im-hamburger-knust-mit-toytoy-rejazzed\\\/\",\"url\":\"https:\\\/\\\/www.jazzzeitung.de\\\/cms\\\/2019\\\/08\\\/bambule-im-hamburger-knust-mit-toytoy-rejazzed\\\/\",\"name\":\"\u201eBambule\u201c im Hamburger Knust mit TOYTOY- rejazzed! - JazzZeitung\",\"isPartOf\":{\"@id\":\"https:\\\/\\\/www.jazzzeitung.de\\\/cms\\\/#website\"},\"primaryImageOfPage\":{\"@id\":\"https:\\\/\\\/www.jazzzeitung.de\\\/cms\\\/2019\\\/08\\\/bambule-im-hamburger-knust-mit-toytoy-rejazzed\\\/#primaryimage\"},\"image\":{\"@id\":\"https:\\\/\\\/www.jazzzeitung.de\\\/cms\\\/2019\\\/08\\\/bambule-im-hamburger-knust-mit-toytoy-rejazzed\\\/#primaryimage\"},\"thumbnailUrl\":\"https:\\\/\\\/i0.wp.com\\\/www.jazzzeitung.de\\\/cms\\\/wp-content\\\/uploads\\\/2019\\\/08\\\/P1482363-TOYTOY-Foto-TJ-Krebs.jpg?fit=1200%2C800&ssl=1\",\"datePublished\":\"2019-08-29T08:00:46+00:00\",\"breadcrumb\":{\"@id\":\"https:\\\/\\\/www.jazzzeitung.de\\\/cms\\\/2019\\\/08\\\/bambule-im-hamburger-knust-mit-toytoy-rejazzed\\\/#breadcrumb\"},\"inLanguage\":\"de\",\"potentialAction\":[{\"@type\":\"ReadAction\",\"target\":[\"https:\\\/\\\/www.jazzzeitung.de\\\/cms\\\/2019\\\/08\\\/bambule-im-hamburger-knust-mit-toytoy-rejazzed\\\/\"]}]},{\"@type\":\"ImageObject\",\"inLanguage\":\"de\",\"@id\":\"https:\\\/\\\/www.jazzzeitung.de\\\/cms\\\/2019\\\/08\\\/bambule-im-hamburger-knust-mit-toytoy-rejazzed\\\/#primaryimage\",\"url\":\"https:\\\/\\\/i0.wp.com\\\/www.jazzzeitung.de\\\/cms\\\/wp-content\\\/uploads\\\/2019\\\/08\\\/P1482363-TOYTOY-Foto-TJ-Krebs.jpg?fit=1200%2C800&ssl=1\",\"contentUrl\":\"https:\\\/\\\/i0.wp.com\\\/www.jazzzeitung.de\\\/cms\\\/wp-content\\\/uploads\\\/2019\\\/08\\\/P1482363-TOYTOY-Foto-TJ-Krebs.jpg?fit=1200%2C800&ssl=1\",\"width\":1200,\"height\":800},{\"@type\":\"BreadcrumbList\",\"@id\":\"https:\\\/\\\/www.jazzzeitung.de\\\/cms\\\/2019\\\/08\\\/bambule-im-hamburger-knust-mit-toytoy-rejazzed\\\/#breadcrumb\",\"itemListElement\":[{\"@type\":\"ListItem\",\"position\":1,\"name\":\"Startseite\",\"item\":\"https:\\\/\\\/www.jazzzeitung.de\\\/cms\\\/\"},{\"@type\":\"ListItem\",\"position\":2,\"name\":\"\u201eBambule\u201c im Hamburger Knust mit TOYTOY- rejazzed!\"}]},{\"@type\":\"WebSite\",\"@id\":\"https:\\\/\\\/www.jazzzeitung.de\\\/cms\\\/#website\",\"url\":\"https:\\\/\\\/www.jazzzeitung.de\\\/cms\\\/\",\"name\":\"JazzZeitung\",\"description\":\"Jazz-News und Jazz-Kontroverses\",\"publisher\":{\"@id\":\"https:\\\/\\\/www.jazzzeitung.de\\\/cms\\\/#organization\"},\"potentialAction\":[{\"@type\":\"SearchAction\",\"target\":{\"@type\":\"EntryPoint\",\"urlTemplate\":\"https:\\\/\\\/www.jazzzeitung.de\\\/cms\\\/?s={search_term_string}\"},\"query-input\":{\"@type\":\"PropertyValueSpecification\",\"valueRequired\":true,\"valueName\":\"search_term_string\"}}],\"inLanguage\":\"de\"},{\"@type\":\"Organization\",\"@id\":\"https:\\\/\\\/www.jazzzeitung.de\\\/cms\\\/#organization\",\"name\":\"JazzZeitung online\",\"url\":\"https:\\\/\\\/www.jazzzeitung.de\\\/cms\\\/\",\"logo\":{\"@type\":\"ImageObject\",\"inLanguage\":\"de\",\"@id\":\"https:\\\/\\\/www.jazzzeitung.de\\\/cms\\\/#\\\/schema\\\/logo\\\/image\\\/\",\"url\":\"https:\\\/\\\/i0.wp.com\\\/www.jazzzeitung.de\\\/cms\\\/wp-content\\\/uploads\\\/2015\\\/08\\\/JAZZZEITUNGDE_Logo_Neu.png?fit=499%2C200&ssl=1\",\"contentUrl\":\"https:\\\/\\\/i0.wp.com\\\/www.jazzzeitung.de\\\/cms\\\/wp-content\\\/uploads\\\/2015\\\/08\\\/JAZZZEITUNGDE_Logo_Neu.png?fit=499%2C200&ssl=1\",\"width\":499,\"height\":200,\"caption\":\"JazzZeitung online\"},\"image\":{\"@id\":\"https:\\\/\\\/www.jazzzeitung.de\\\/cms\\\/#\\\/schema\\\/logo\\\/image\\\/\"},\"sameAs\":[\"https:\\\/\\\/www.facebook.com\\\/JazzZeitung\\\/\"]},{\"@type\":\"Person\",\"@id\":\"https:\\\/\\\/www.jazzzeitung.de\\\/cms\\\/#\\\/schema\\\/person\\\/ba94c5bbea92d014d6a3d1f0105daa18\",\"name\":\"Thomas J. Krebs\",\"image\":{\"@type\":\"ImageObject\",\"inLanguage\":\"de\",\"@id\":\"https:\\\/\\\/secure.gravatar.com\\\/avatar\\\/e362b221c114fbcde56be31a2eacbbab541308e5bf72f20d4519b16cdeb5c667?s=96&d=wp_user_avatar&r=ga12b8f4e2750c9ca30f9e22cab2177c6\",\"url\":\"https:\\\/\\\/secure.gravatar.com\\\/avatar\\\/e362b221c114fbcde56be31a2eacbbab541308e5bf72f20d4519b16cdeb5c667?s=96&d=wp_user_avatar&r=g\",\"contentUrl\":\"https:\\\/\\\/secure.gravatar.com\\\/avatar\\\/e362b221c114fbcde56be31a2eacbbab541308e5bf72f20d4519b16cdeb5c667?s=96&d=wp_user_avatar&r=g\",\"caption\":\"Thomas J. Krebs\"},\"url\":\"https:\\\/\\\/www.jazzzeitung.de\\\/cms\\\/author\\\/krebs\\\/\"}]}<\/script>\n<!-- \/ Yoast SEO plugin. -->","yoast_head_json":{"title":"\u201eBambule\u201c im Hamburger Knust mit TOYTOY- rejazzed! - JazzZeitung","robots":{"index":"index","follow":"follow","max-snippet":"max-snippet:-1","max-image-preview":"max-image-preview:large","max-video-preview":"max-video-preview:-1"},"canonical":"https:\/\/www.jazzzeitung.de\/cms\/2019\/08\/bambule-im-hamburger-knust-mit-toytoy-rejazzed\/","og_locale":"de_DE","og_type":"article","og_title":"\u201eBambule\u201c im Hamburger Knust mit TOYTOY- rejazzed! - JazzZeitung","og_description":"Sp\u00e4testens nach dem Elbjazz Festival Opener dieses Jahr wird die Hamburger Jazzszene von drei aus dem Allg\u00e4u stammenden Musikern aufgemischt. TOYTOY sind die drei Jugendfreunde Alex Eckert, Samuel Wootton und Silvan Strau\u00df, sowie der in Berlin geborene und auf F\u00f6hr gro\u00df gewordene Bassist Daniel Stritzke. Wenn die vier Jungs von TOYTOY dann mal aufdrehen, rappelt es erst einmal geh\u00f6rig im Club! Diesmal haben sie sich mit Unterst\u00fctzung von Jan Kaiser an der Trompete und\u00a0 dem Keyboarder Yannis Anft das Kultalbum \u201eBambule\u201c von den ABSOLUTE BEGINNERS im Hamburger Musikclub \u201eKnust\u201c vorgenommen. Ein absolutes Heimspiel kann man dazu sagen und ein Gelungenes noch obendrein. Das 1998 aufgenommene Album ist nach wie vor state of the art in Sachen Hamburger Hip-Hop Schule und bietet f\u00fcr TOYTOY erstklassige M\u00f6glichkeiten die Songs mit ihrem versiert kompromisslosen Spiel aufzumotzen und umzumodeln. Dabei lassen sie sich von Anfang an nicht auf eine Richtung festnageln. Sowohl Jazz-Fusion als auch smoother Funk oder Rockelemente flie\u00dfen ein, gew\u00fcrzt, wie sollte es bei \u201eBambule\u201c auch anders sein neben all-that-jazz-thing-sounds, mit glasklaren Hip-Hop Elementen. Zwischendurch wird mal eben Ellingtons \u201eCaravan\u201c eingeflochten und last not least noch sessionm\u00e4\u00dfig &hellip;","og_url":"https:\/\/www.jazzzeitung.de\/cms\/2019\/08\/bambule-im-hamburger-knust-mit-toytoy-rejazzed\/","og_site_name":"JazzZeitung","article_publisher":"https:\/\/www.facebook.com\/JazzZeitung\/","article_published_time":"2019-08-29T08:00:46+00:00","og_image":[{"width":1200,"height":800,"url":"https:\/\/i0.wp.com\/www.jazzzeitung.de\/cms\/wp-content\/uploads\/2019\/08\/P1482363-TOYTOY-Foto-TJ-Krebs.jpg?fit=1200%2C800&ssl=1","type":"image\/jpeg"}],"author":"Thomas J. Krebs","schema":{"@context":"https:\/\/schema.org","@graph":[{"@type":"Article","@id":"https:\/\/www.jazzzeitung.de\/cms\/2019\/08\/bambule-im-hamburger-knust-mit-toytoy-rejazzed\/#article","isPartOf":{"@id":"https:\/\/www.jazzzeitung.de\/cms\/2019\/08\/bambule-im-hamburger-knust-mit-toytoy-rejazzed\/"},"author":{"name":"Thomas J. Krebs","@id":"https:\/\/www.jazzzeitung.de\/cms\/#\/schema\/person\/ba94c5bbea92d014d6a3d1f0105daa18"},"headline":"\u201eBambule\u201c im Hamburger Knust mit TOYTOY- rejazzed!","datePublished":"2019-08-29T08:00:46+00:00","mainEntityOfPage":{"@id":"https:\/\/www.jazzzeitung.de\/cms\/2019\/08\/bambule-im-hamburger-knust-mit-toytoy-rejazzed\/"},"wordCount":287,"commentCount":0,"publisher":{"@id":"https:\/\/www.jazzzeitung.de\/cms\/#organization"},"image":{"@id":"https:\/\/www.jazzzeitung.de\/cms\/2019\/08\/bambule-im-hamburger-knust-mit-toytoy-rejazzed\/#primaryimage"},"thumbnailUrl":"https:\/\/i0.wp.com\/www.jazzzeitung.de\/cms\/wp-content\/uploads\/2019\/08\/P1482363-TOYTOY-Foto-TJ-Krebs.jpg?fit=1200%2C800&ssl=1","articleSection":["News"],"inLanguage":"de","potentialAction":[{"@type":"CommentAction","name":"Comment","target":["https:\/\/www.jazzzeitung.de\/cms\/2019\/08\/bambule-im-hamburger-knust-mit-toytoy-rejazzed\/#respond"]}]},{"@type":"WebPage","@id":"https:\/\/www.jazzzeitung.de\/cms\/2019\/08\/bambule-im-hamburger-knust-mit-toytoy-rejazzed\/","url":"https:\/\/www.jazzzeitung.de\/cms\/2019\/08\/bambule-im-hamburger-knust-mit-toytoy-rejazzed\/","name":"\u201eBambule\u201c im Hamburger Knust mit TOYTOY- rejazzed! - JazzZeitung","isPartOf":{"@id":"https:\/\/www.jazzzeitung.de\/cms\/#website"},"primaryImageOfPage":{"@id":"https:\/\/www.jazzzeitung.de\/cms\/2019\/08\/bambule-im-hamburger-knust-mit-toytoy-rejazzed\/#primaryimage"},"image":{"@id":"https:\/\/www.jazzzeitung.de\/cms\/2019\/08\/bambule-im-hamburger-knust-mit-toytoy-rejazzed\/#primaryimage"},"thumbnailUrl":"https:\/\/i0.wp.com\/www.jazzzeitung.de\/cms\/wp-content\/uploads\/2019\/08\/P1482363-TOYTOY-Foto-TJ-Krebs.jpg?fit=1200%2C800&ssl=1","datePublished":"2019-08-29T08:00:46+00:00","breadcrumb":{"@id":"https:\/\/www.jazzzeitung.de\/cms\/2019\/08\/bambule-im-hamburger-knust-mit-toytoy-rejazzed\/#breadcrumb"},"inLanguage":"de","potentialAction":[{"@type":"ReadAction","target":["https:\/\/www.jazzzeitung.de\/cms\/2019\/08\/bambule-im-hamburger-knust-mit-toytoy-rejazzed\/"]}]},{"@type":"ImageObject","inLanguage":"de","@id":"https:\/\/www.jazzzeitung.de\/cms\/2019\/08\/bambule-im-hamburger-knust-mit-toytoy-rejazzed\/#primaryimage","url":"https:\/\/i0.wp.com\/www.jazzzeitung.de\/cms\/wp-content\/uploads\/2019\/08\/P1482363-TOYTOY-Foto-TJ-Krebs.jpg?fit=1200%2C800&ssl=1","contentUrl":"https:\/\/i0.wp.com\/www.jazzzeitung.de\/cms\/wp-content\/uploads\/2019\/08\/P1482363-TOYTOY-Foto-TJ-Krebs.jpg?fit=1200%2C800&ssl=1","width":1200,"height":800},{"@type":"BreadcrumbList","@id":"https:\/\/www.jazzzeitung.de\/cms\/2019\/08\/bambule-im-hamburger-knust-mit-toytoy-rejazzed\/#breadcrumb","itemListElement":[{"@type":"ListItem","position":1,"name":"Startseite","item":"https:\/\/www.jazzzeitung.de\/cms\/"},{"@type":"ListItem","position":2,"name":"\u201eBambule\u201c im Hamburger Knust mit TOYTOY- rejazzed!"}]},{"@type":"WebSite","@id":"https:\/\/www.jazzzeitung.de\/cms\/#website","url":"https:\/\/www.jazzzeitung.de\/cms\/","name":"JazzZeitung","description":"Jazz-News und Jazz-Kontroverses","publisher":{"@id":"https:\/\/www.jazzzeitung.de\/cms\/#organization"},"potentialAction":[{"@type":"SearchAction","target":{"@type":"EntryPoint","urlTemplate":"https:\/\/www.jazzzeitung.de\/cms\/?s={search_term_string}"},"query-input":{"@type":"PropertyValueSpecification","valueRequired":true,"valueName":"search_term_string"}}],"inLanguage":"de"},{"@type":"Organization","@id":"https:\/\/www.jazzzeitung.de\/cms\/#organization","name":"JazzZeitung online","url":"https:\/\/www.jazzzeitung.de\/cms\/","logo":{"@type":"ImageObject","inLanguage":"de","@id":"https:\/\/www.jazzzeitung.de\/cms\/#\/schema\/logo\/image\/","url":"https:\/\/i0.wp.com\/www.jazzzeitung.de\/cms\/wp-content\/uploads\/2015\/08\/JAZZZEITUNGDE_Logo_Neu.png?fit=499%2C200&ssl=1","contentUrl":"https:\/\/i0.wp.com\/www.jazzzeitung.de\/cms\/wp-content\/uploads\/2015\/08\/JAZZZEITUNGDE_Logo_Neu.png?fit=499%2C200&ssl=1","width":499,"height":200,"caption":"JazzZeitung online"},"image":{"@id":"https:\/\/www.jazzzeitung.de\/cms\/#\/schema\/logo\/image\/"},"sameAs":["https:\/\/www.facebook.com\/JazzZeitung\/"]},{"@type":"Person","@id":"https:\/\/www.jazzzeitung.de\/cms\/#\/schema\/person\/ba94c5bbea92d014d6a3d1f0105daa18","name":"Thomas J. Krebs","image":{"@type":"ImageObject","inLanguage":"de","@id":"https:\/\/secure.gravatar.com\/avatar\/e362b221c114fbcde56be31a2eacbbab541308e5bf72f20d4519b16cdeb5c667?s=96&d=wp_user_avatar&r=ga12b8f4e2750c9ca30f9e22cab2177c6","url":"https:\/\/secure.gravatar.com\/avatar\/e362b221c114fbcde56be31a2eacbbab541308e5bf72f20d4519b16cdeb5c667?s=96&d=wp_user_avatar&r=g","contentUrl":"https:\/\/secure.gravatar.com\/avatar\/e362b221c114fbcde56be31a2eacbbab541308e5bf72f20d4519b16cdeb5c667?s=96&d=wp_user_avatar&r=g","caption":"Thomas J. Krebs"},"url":"https:\/\/www.jazzzeitung.de\/cms\/author\/krebs\/"}]}},"wp-worthy-pixel":{"ignored":false,"public":null,"server":null,"url":null},"wp-worthy-type":"normal","jetpack_publicize_connections":[],"cc_featured_image_caption":{"caption_text":"","source_text":"","source_url":""},"jetpack_featured_media_url":"https:\/\/i0.wp.com\/www.jazzzeitung.de\/cms\/wp-content\/uploads\/2019\/08\/P1482363-TOYTOY-Foto-TJ-Krebs.jpg?fit=1200%2C800&ssl=1","jetpack_shortlink":"https:\/\/wp.me\/p3KEcT-5kM","jetpack-related-posts":[{"id":25246,"url":"https:\/\/www.jazzzeitung.de\/cms\/2021\/08\/news-silvan-strauss-erhaelt-hamburger-jazzpreis-2021\/","url_meta":{"origin":20508,"position":0},"title":"+++ news +++ Silvan Strau\u00df erh\u00e4lt Hamburger Jazzpreis 2021 +++","author":"Redaktion JazzZeitung","date":"4. August 2021","format":false,"excerpt":"(Pressenmitteilung) Der Schlagzeuger Silvan Strau\u00df ist Preistr\u00e4ger des renommierten Hamburger Jazzpreises, der 2021 zum achten Mal vergeben wird. Der mit 10.000 Euro dotierte Preis zeichnet alle zwei Jahre Musikerinnen und Musiker aus, die einen besonders qualifizierten k\u00fcnstlerischen Beitrag zur Jazzmusik in Hamburg geleistet und sich f\u00fcr die Belange des Jazz\u2026","rel":"","context":"In &quot;News&quot;","block_context":{"text":"News","link":"https:\/\/www.jazzzeitung.de\/cms\/thema\/nachrichten\/"},"img":{"alt_text":"","src":"https:\/\/i0.wp.com\/www.jazzzeitung.de\/cms\/wp-content\/uploads\/2021\/08\/silvan_strass_steven-Haberland.jpg?fit=800%2C534&ssl=1&resize=350%2C200","width":350,"height":200,"srcset":"https:\/\/i0.wp.com\/www.jazzzeitung.de\/cms\/wp-content\/uploads\/2021\/08\/silvan_strass_steven-Haberland.jpg?fit=800%2C534&ssl=1&resize=350%2C200 1x, https:\/\/i0.wp.com\/www.jazzzeitung.de\/cms\/wp-content\/uploads\/2021\/08\/silvan_strass_steven-Haberland.jpg?fit=800%2C534&ssl=1&resize=525%2C300 1.5x, https:\/\/i0.wp.com\/www.jazzzeitung.de\/cms\/wp-content\/uploads\/2021\/08\/silvan_strass_steven-Haberland.jpg?fit=800%2C534&ssl=1&resize=700%2C400 2x"},"classes":[]},{"id":20373,"url":"https:\/\/www.jazzzeitung.de\/cms\/2019\/08\/die-jazz-radiowoche-vom-19-08-19-bis-25-08-2019\/","url_meta":{"origin":20508,"position":1},"title":"Die Jazz-Radiowoche vom 19.08.19 bis 25.08.2019","author":"Martin Hufner","date":"18. August 2019","format":false,"excerpt":"Ein kleiner Blick in die Jazzwoche 34 im Radio. Die \u00dcbersicht zum Download als PDF. Alle Angaben ohne Gew\u00e4hr. Jazz im Radio (Fernsehen) SR2 \u2013 JazzNow \u2013 Sonntags von 20.04 bis 22.30 Uhr BR-KLASSIK \u2013 Jazztime \u2013 Von Montag bis Freitag t\u00e4glich um 23.05 Uhr rbb-kultur \u2013 Late Night Jazz\u2026","rel":"","context":"In &quot;News&quot;","block_context":{"text":"News","link":"https:\/\/www.jazzzeitung.de\/cms\/thema\/nachrichten\/"},"img":{"alt_text":"Jazz im Radio. Foto: Hufner","src":"https:\/\/i0.wp.com\/www.jazzzeitung.de\/cms\/wp-content\/uploads\/2019\/03\/jazz_im_radio.jpg?fit=1200%2C773&ssl=1&resize=350%2C200","width":350,"height":200,"srcset":"https:\/\/i0.wp.com\/www.jazzzeitung.de\/cms\/wp-content\/uploads\/2019\/03\/jazz_im_radio.jpg?fit=1200%2C773&ssl=1&resize=350%2C200 1x, https:\/\/i0.wp.com\/www.jazzzeitung.de\/cms\/wp-content\/uploads\/2019\/03\/jazz_im_radio.jpg?fit=1200%2C773&ssl=1&resize=525%2C300 1.5x, https:\/\/i0.wp.com\/www.jazzzeitung.de\/cms\/wp-content\/uploads\/2019\/03\/jazz_im_radio.jpg?fit=1200%2C773&ssl=1&resize=700%2C400 2x, https:\/\/i0.wp.com\/www.jazzzeitung.de\/cms\/wp-content\/uploads\/2019\/03\/jazz_im_radio.jpg?fit=1200%2C773&ssl=1&resize=1050%2C600 3x"},"classes":[]},{"id":19268,"url":"https:\/\/www.jazzzeitung.de\/cms\/2019\/04\/news-big-band-port-hamburg-im-knust-weltpremiere-bei-enjoy-jazz-neue-fachgruppe-jazz-world-partners-der-vut\/","url_meta":{"origin":20508,"position":2},"title":"+++ news +++ Big Band Port Hamburg im Knust +++ Weltpremiere bei Enjoy Jazz +++ Neue Fachgruppe Jazz &#038; World Partners der VUT +++","author":"Redaktion JazzZeitung","date":"23. April 2019","format":false,"excerpt":"Am 19. Mai 2019 pr\u00e4sentiert das Big Band Port Hamburg e.V. fette Bigband-Sounds und ein Workshop-Saxophonensemble unter der Leitung von Anselm Simon im Hamburger Knust. Wer die Bigbands des Big Band Port Hamburg e.V. einmal geh\u00f6rt hat, ist sofort \u201ehin und weg\u201c: Die jungen Musiker der drei Bigbands im Alter\u2026","rel":"","context":"In &quot;News&quot;","block_context":{"text":"News","link":"https:\/\/www.jazzzeitung.de\/cms\/thema\/nachrichten\/"},"img":{"alt_text":"","src":"https:\/\/i0.wp.com\/www.jazzzeitung.de\/cms\/wp-content\/uploads\/2019\/04\/wtcc_01.1_Credit_Sophie_Clements.jpg?fit=1195%2C1200&ssl=1&resize=350%2C200","width":350,"height":200,"srcset":"https:\/\/i0.wp.com\/www.jazzzeitung.de\/cms\/wp-content\/uploads\/2019\/04\/wtcc_01.1_Credit_Sophie_Clements.jpg?fit=1195%2C1200&ssl=1&resize=350%2C200 1x, https:\/\/i0.wp.com\/www.jazzzeitung.de\/cms\/wp-content\/uploads\/2019\/04\/wtcc_01.1_Credit_Sophie_Clements.jpg?fit=1195%2C1200&ssl=1&resize=525%2C300 1.5x, https:\/\/i0.wp.com\/www.jazzzeitung.de\/cms\/wp-content\/uploads\/2019\/04\/wtcc_01.1_Credit_Sophie_Clements.jpg?fit=1195%2C1200&ssl=1&resize=700%2C400 2x, https:\/\/i0.wp.com\/www.jazzzeitung.de\/cms\/wp-content\/uploads\/2019\/04\/wtcc_01.1_Credit_Sophie_Clements.jpg?fit=1195%2C1200&ssl=1&resize=1050%2C600 3x"},"classes":[]},{"id":33083,"url":"https:\/\/www.jazzzeitung.de\/cms\/2025\/09\/ebe-jazz-2025-das-besondere-festival\/","url_meta":{"origin":20508,"position":3},"title":"EBE-JAZZ 2025: Das besondere Festival\u00a0","author":"Thomas J. Krebs","date":"12. September 2025","format":false,"excerpt":"Vor genau 10 Jahren hat alles begonnen, als sich ein paar \u201everr\u00fcckte\u201c Jazz Enthusiasten in Ebersberg zusammengesetzt und beschlossen haben: wir veranstalten ein Jazzfestival. Bereits im ersten Jahr traten beim EBE-JAZZ 2015 u.a. Stars wie Chris Potter und Ron Carter auf. Das Festival war ein gro\u00dfer Erfolg f\u00fcr die Region\u2026","rel":"","context":"In &quot;Bericht&quot;","block_context":{"text":"Bericht","link":"https:\/\/www.jazzzeitung.de\/cms\/thema\/bericht\/"},"img":{"alt_text":"","src":"https:\/\/i0.wp.com\/www.jazzzeitung.de\/cms\/wp-content\/uploads\/2025\/09\/P1376834-sw-Bertault-Foto-TJ-Krebs.jpg?fit=1200%2C800&ssl=1&resize=350%2C200","width":350,"height":200,"srcset":"https:\/\/i0.wp.com\/www.jazzzeitung.de\/cms\/wp-content\/uploads\/2025\/09\/P1376834-sw-Bertault-Foto-TJ-Krebs.jpg?fit=1200%2C800&ssl=1&resize=350%2C200 1x, https:\/\/i0.wp.com\/www.jazzzeitung.de\/cms\/wp-content\/uploads\/2025\/09\/P1376834-sw-Bertault-Foto-TJ-Krebs.jpg?fit=1200%2C800&ssl=1&resize=525%2C300 1.5x, https:\/\/i0.wp.com\/www.jazzzeitung.de\/cms\/wp-content\/uploads\/2025\/09\/P1376834-sw-Bertault-Foto-TJ-Krebs.jpg?fit=1200%2C800&ssl=1&resize=700%2C400 2x, https:\/\/i0.wp.com\/www.jazzzeitung.de\/cms\/wp-content\/uploads\/2025\/09\/P1376834-sw-Bertault-Foto-TJ-Krebs.jpg?fit=1200%2C800&ssl=1&resize=1050%2C600 3x"},"classes":[]},{"id":33155,"url":"https:\/\/www.jazzzeitung.de\/cms\/2025\/10\/tradition-innovation-vorbericht-zu-den-ingolstaedter-jazztagen-2025\/","url_meta":{"origin":20508,"position":4},"title":"Tradition &#038; Innovation: Vorbericht zu den Ingolst\u00e4dter Jazztagen 2025","author":"Thomas J. Krebs","date":"9. Oktober 2025","format":false,"excerpt":"Alle Jahre wieder wenn es Herbst wird, k\u00fchl und grau, stehen die Ingolst\u00e4dter Jazztage ins Haus. So auch dieses Jahr zum 42. mal vom 04. bis 15. November, unter der k\u00fcnstlerischen Leitung von Wolfgang Haffner, mit einem abwechslungsreichen Programm das spannenden Jazz, die Grenzbereiche Soul,\u00a0 Latin, Pop oder Weltmusik auslotet\u2026","rel":"","context":"In &quot;News&quot;","block_context":{"text":"News","link":"https:\/\/www.jazzzeitung.de\/cms\/thema\/nachrichten\/"},"img":{"alt_text":"","src":"https:\/\/i0.wp.com\/www.jazzzeitung.de\/cms\/wp-content\/uploads\/2025\/10\/P2536832-Wright-Foto-TJ-Krebs.jpg?fit=1200%2C800&ssl=1&resize=350%2C200","width":350,"height":200,"srcset":"https:\/\/i0.wp.com\/www.jazzzeitung.de\/cms\/wp-content\/uploads\/2025\/10\/P2536832-Wright-Foto-TJ-Krebs.jpg?fit=1200%2C800&ssl=1&resize=350%2C200 1x, https:\/\/i0.wp.com\/www.jazzzeitung.de\/cms\/wp-content\/uploads\/2025\/10\/P2536832-Wright-Foto-TJ-Krebs.jpg?fit=1200%2C800&ssl=1&resize=525%2C300 1.5x, https:\/\/i0.wp.com\/www.jazzzeitung.de\/cms\/wp-content\/uploads\/2025\/10\/P2536832-Wright-Foto-TJ-Krebs.jpg?fit=1200%2C800&ssl=1&resize=700%2C400 2x, https:\/\/i0.wp.com\/www.jazzzeitung.de\/cms\/wp-content\/uploads\/2025\/10\/P2536832-Wright-Foto-TJ-Krebs.jpg?fit=1200%2C800&ssl=1&resize=1050%2C600 3x"},"classes":[]},{"id":21381,"url":"https:\/\/www.jazzzeitung.de\/cms\/2019\/12\/10-jazz-moves-tv-zu-gast-im-knust\/","url_meta":{"origin":20508,"position":5},"title":"#10: JAZZ MOVES TV zu Gast im Knust","author":"Redaktion JazzZeitung","date":"3. Dezember 2019","format":false,"excerpt":"In Hamburg sagt man Knust 1.Teil: Jazzhouse Wer an Jazz in Hamburg denkt, dem kommt das Knust vermutlich nicht als erstes in den Sinn. Dabei hat der Club, der heutzutage vor allem Rock-, Pop- und Metal-Konzerte pr\u00e4sentiert und gerne zum Fu\u00dfball gucken einl\u00e4dt eine ganz andere Geschichte. 1966 er\u00f6ffnete das\u2026","rel":"","context":"In &quot;Portrait&quot;","block_context":{"text":"Portrait","link":"https:\/\/www.jazzzeitung.de\/cms\/thema\/portrait\/"},"img":{"alt_text":"","src":"https:\/\/i0.wp.com\/www.jazzzeitung.de\/cms\/wp-content\/uploads\/2019\/12\/Jazz-Moves10-1.jpg?fit=1200%2C873&ssl=1&resize=350%2C200","width":350,"height":200,"srcset":"https:\/\/i0.wp.com\/www.jazzzeitung.de\/cms\/wp-content\/uploads\/2019\/12\/Jazz-Moves10-1.jpg?fit=1200%2C873&ssl=1&resize=350%2C200 1x, https:\/\/i0.wp.com\/www.jazzzeitung.de\/cms\/wp-content\/uploads\/2019\/12\/Jazz-Moves10-1.jpg?fit=1200%2C873&ssl=1&resize=525%2C300 1.5x, https:\/\/i0.wp.com\/www.jazzzeitung.de\/cms\/wp-content\/uploads\/2019\/12\/Jazz-Moves10-1.jpg?fit=1200%2C873&ssl=1&resize=700%2C400 2x, https:\/\/i0.wp.com\/www.jazzzeitung.de\/cms\/wp-content\/uploads\/2019\/12\/Jazz-Moves10-1.jpg?fit=1200%2C873&ssl=1&resize=1050%2C600 3x"},"classes":[]}],"jetpack_sharing_enabled":true,"_links":{"self":[{"href":"https:\/\/www.jazzzeitung.de\/cms\/wp-json\/wp\/v2\/posts\/20508","targetHints":{"allow":["GET"]}}],"collection":[{"href":"https:\/\/www.jazzzeitung.de\/cms\/wp-json\/wp\/v2\/posts"}],"about":[{"href":"https:\/\/www.jazzzeitung.de\/cms\/wp-json\/wp\/v2\/types\/post"}],"author":[{"embeddable":true,"href":"https:\/\/www.jazzzeitung.de\/cms\/wp-json\/wp\/v2\/users\/35"}],"replies":[{"embeddable":true,"href":"https:\/\/www.jazzzeitung.de\/cms\/wp-json\/wp\/v2\/comments?post=20508"}],"version-history":[{"count":3,"href":"https:\/\/www.jazzzeitung.de\/cms\/wp-json\/wp\/v2\/posts\/20508\/revisions"}],"predecessor-version":[{"id":20527,"href":"https:\/\/www.jazzzeitung.de\/cms\/wp-json\/wp\/v2\/posts\/20508\/revisions\/20527"}],"wp:featuredmedia":[{"embeddable":true,"href":"https:\/\/www.jazzzeitung.de\/cms\/wp-json\/wp\/v2\/media\/20516"}],"wp:attachment":[{"href":"https:\/\/www.jazzzeitung.de\/cms\/wp-json\/wp\/v2\/media?parent=20508"}],"wp:term":[{"taxonomy":"category","embeddable":true,"href":"https:\/\/www.jazzzeitung.de\/cms\/wp-json\/wp\/v2\/categories?post=20508"},{"taxonomy":"post_tag","embeddable":true,"href":"https:\/\/www.jazzzeitung.de\/cms\/wp-json\/wp\/v2\/tags?post=20508"},{"taxonomy":"author","embeddable":true,"href":"https:\/\/www.jazzzeitung.de\/cms\/wp-json\/wp\/v2\/coauthors?post=20508"}],"curies":[{"name":"wp","href":"https:\/\/api.w.org\/{rel}","templated":true}]}}