{"id":20505,"date":"2019-09-01T12:00:27","date_gmt":"2019-09-01T10:00:27","guid":{"rendered":"https:\/\/www.jazzzeitung.de\/cms\/?p=20505"},"modified":"2019-08-26T21:03:35","modified_gmt":"2019-08-26T19:03:35","slug":"die-jazz-radiowoche-vom-02-09-19-bis-08-09-2019","status":"publish","type":"post","link":"https:\/\/www.jazzzeitung.de\/cms\/2019\/09\/die-jazz-radiowoche-vom-02-09-19-bis-08-09-2019\/","title":{"rendered":"Die Jazz-Radiowoche vom 02.09.19 bis 08.09.2019"},"content":{"rendered":"<p>Ein kleiner Blick in die Jazzwoche 36 im Radio. Die \u00dcbersicht zum <a href=\"https:\/\/service.conbrio.de\/service\/download\/278\/\">Download als PDF<\/a>. Alle Angaben ohne Gew\u00e4hr.<\/p>\n<hr \/>\n<h2>Jazz im Radio (Fernsehen)<\/h2>\n<ul>\n<li><strong>SR2<\/strong> \u2013 <a href=\"http:\/\/www.sr.de\/sr\/sr2\/sendungen_a-z\/uebersicht\/jazznow\/index.html\">JazzNow<\/a> \u2013 Sonntags von 20.04 bis 22.30 Uhr<\/li>\n<li><strong>BR-KLASSIK \u2013 <\/strong><a href=\"https:\/\/www.br-klassik.de\/themen\/jazz-und-weltmusik\/jazztime-die-ganze-welt-des-jazz-100.html\">Jazztime<\/a><strong> \u2013 <\/strong>Von Montag bis Freitag t\u00e4glich um 23.05 Uhr<\/li>\n<li><strong>rbb-kultur<\/strong> \u2013 <a href=\"https:\/\/www.kulturradio.de\/programm\/schema\/sendungen\/late_night_jazz.html\">Late Night Jazz<\/a> \u2013 Sa und So 23:04 \u2013 24:00 Uhr<\/li>\n<li><strong>hr2-kultur<\/strong> \u2013 <a href=\"http:\/\/www.hr2.de\/musik\/jazz\/index.html\">Jazz in hr2-kultur<\/a> \u2013 t\u00e4glich<\/li>\n<li><strong>SWR2<\/strong> \u2013 <a href=\"https:\/\/www.swr.de\/swr2\/programm\/sendungen\/jazz\/startseite-mit-vorschau\/-\/id=659242\/did=13778140\/nid=659242\/13ttn4d\/index.html\">Jazz<\/a> \u2013 t\u00e4glich<\/li>\n<li><strong>Deutschlandfunk<\/strong> \u2013 <a href=\"http:\/\/www.deutschlandfunk.de\/jazz.747.de.html\">Jazz (\u00dcberblick)<\/a> \u2013 <a href=\"http:\/\/www.deutschlandfunk.de\/jazz-live.822.de.html\">Jazz Live<\/a>, <a href=\"http:\/\/www.deutschlandfunk.de\/jazzfacts.824.de.html\">JazzFacts<\/a> und <a href=\"http:\/\/www.deutschlandfunk.de\/milestones.1805.de.html\">Milestones<\/a><\/li>\n<li><strong>Deutschlandfunk Kultur<\/strong> \u2013 <a href=\"http:\/\/www.deutschlandfunkkultur.de\/jazz.1142.de.html\">Jazz<\/a> \u2013 diverse Sendetermine<\/li>\n<li><strong>\u00d61 <\/strong>\u2013 <a href=\"https:\/\/oe1.orf.at\/programm\/\">diverse Sendetermine<\/a><\/li>\n<li><strong>ARTE TV<\/strong> \u2013 <a href=\"https:\/\/www.arte.tv\/de\/videos\/arte-concert\/jazz\/?xtor=AD-6-%5bMV_CFR_ARTE_DE_Google_GEN_GDN%5d-%5bGDN_GEN_Arte_Concerts_Jazz%5d-C-%5bjazz%20musik%5d\">Jazz<\/a><\/li>\n<\/ul>\n<p><strong>Periodika: Dauersendungen ohne gen\u00fcgend Infos \u2013 Tagesbegleitradio<\/strong><\/p>\n<ul>\n<li><strong>NDR Info <\/strong>\u2013 <strong>Play Jazz! Das Jazzmagazin<\/strong> 22:20 bis 23:00<\/li>\n<li><strong>MDR Kultur \u2013 Jazz <\/strong>19:05 bis 20:00<\/li>\n<li><strong>MDR Kultur \u2013<\/strong><strong>Jazz Lounge<\/strong> 19:35 bis 20:00<\/li>\n<li><strong>WDR3<\/strong> \u2013 Jazz &amp; World \u2013 Improvisiertes zum Tagesausklang \u2013 Montag bis Freitag, 22.04 \u2013 0:00 Uhr<\/li>\n<li><strong>WDR 3 Pers\u00f6nlich mit G\u00f6tz Alsmann<\/strong> 13:04 bis 15:00 (Samstags)<\/li>\n<\/ul>\n<hr \/>\n<h2>02.09.2019<\/h2>\n<hr \/>\n<p>17:50 bis 18:00 | SWR 2<br \/>\n<strong>SWR2 Jazz vor Sechs \u2013 Lynne Arriale: The eyes have it \/ CD: The eyes have it, Aus der Oper: Porgy and Bess (1935)<\/strong><\/p>\n<p>19:04 bis 20:00 | hr2-kultur<br \/>\n<strong>H\u00f6rbar<\/strong><\/p>\n<p>23:05 bis 00:00 | BR-KLASSIK<br \/>\n<strong>Jazztime: Jazztoday \u2013 Aktuelles aus der Jazz-Szene. Mit Henning Sieverts<\/strong><\/p>\n<p>23:30 bis 00:00 | hr2-kultur | rbbKultur | MDR KULTUR | NDR Kultur | Bremen Zwei | SR 2 KulturRadio | SWR2 | WDR 3<br \/>\n<strong>Phantasien eines Schlagzeugers \u2013 Vom Sideman zum Bandleader \u2013 Das Paul Motian Quintet im Dezember 1981 im Bremer \u00dcbersee-Museum.<\/strong><\/p>\n<p style=\"padding-left: 40px;\">Der Schritt zum Bandleader kam relativ sp\u00e4t. Einen guten Namen hatte sich Paul Motian zun\u00e4chst als Sideman gemacht. Dabei stach ein l\u00e4ngeres Engagement heraus. In den sp\u00e4ten f\u00fcnfziger Jahren war der Schlagzeuger, der in New York lebte, Mitglied des Trios von Bill Evans geworden. Speziell die Besetzung mit Bassist Scott LaFaro schrieb Jazzgeschichte. Auf Pianisten schien sich Motian besonders gerne einzulassen. So spielte er mit Paul Bley und wurde Stammschlagzeuger der fr\u00fchen Gruppen von Keith Jarrett. Das deutsche Label ECM, bereits mit Bley und Jarrett verbunden, erm\u00f6glichte ihm 1972 erste eigene Aufnahmesessions.<\/p>\n<p style=\"padding-left: 40px;\">\u201eConception Vessel\u201c, ver\u00f6ffentlicht 1973, wurde zum Startpunkt von Motians Karriere als Bandleader. In deren Verlauf profilierte sich der Drummer mit den armenischen Wurzeln, der in fr\u00fcher Jugend mal Gitarre gelernt hatte, mehr und mehr als au\u00dferordentlicher Komponist. So eigenwillig sein aufs Wesentliche konzentriertes Schlagzeugspiel, so phantasievoll seine St\u00fccke. Manche offenbarten eine besondere lyrische Qualit\u00e4t, andere \u00f6ffneten kompromisslos R\u00e4ume f\u00fcr freie Interaktionen. Der Kern der Quintett-Besetzung, mit der Motian 1981 in Europa unterwegs war, bestand aus Gitarrist Bill Frisell und Saxophonist Joe Lovano \u2013 mit ihnen bildete er alsbald ein festes Trio. Zweiter Saxophonist war Billy Drewes, Bass spielte Ed Schuller. Aufnahmen vom 7. Dezember 1981 aus dem \u00dcbersee-Museum in Bremen<\/p>\n<hr \/>\n<h2>03.09.2019<\/h2>\n<hr \/>\n<p>01:05 bis 05:00 | Deutschlandfunk Kultur<br \/>\n<strong>Tonart: Jazz \u2013 Moderation: Vincent Neumann<\/strong><\/p>\n<p>17:50 bis 18:00 | SWR 2<br \/>\n<strong>SWR2 Jazz vor Sechs \u2013 Richard Rodgers: People will say we\u2019re in love \/ CD: My favorite things \u2013 The Jazz Giants play Rodgers &amp; Hammerstein,\u00a0 Oklahoma! (Musical, 1943)<\/strong><\/p>\n<p>21:05 bis 22:00 | Deutschlandfunk<br \/>\n<strong>Jazz Live \u2013 Avishai Cohen Trio: Gently Disturbed<\/strong><\/p>\n<p style=\"padding-left: 40px;\">Avishai Cohen, Bass; Shai Maestro, Piano; Mark Guiliana, Schlagzeug. Aufnahme vom 24.11.2018 beim London Jazz Festival<\/p>\n<p style=\"padding-left: 40px;\">Am Mikrofon: Karsten M\u00fctzelfeldt. Weltweit bekannt wurde Avishai Cohen als Bassist von Chick Corea. Mit seinem 2008 erschienenen Album ,Gently Disturbed\u2019 gelang ihm auch in eigener Sache der Durchbruch. Dieses Repertoire stellte er zehn Jahre sp\u00e4ter beim London Jazz Festival noch einmal vor. 2004 verlie\u00df der aus Israel stammende Avishai Cohen New York und kehrte in seine Heimat zur\u00fcck; heute lebt er in Tel Aviv. Er stammt aus einer Familie mit sephardischen Vorfahren und multikulturellem Hintergrund: Allein seine Eltern vereinen Wurzeln aus der T\u00fcrkei, Griechenland, Tschechien und Polen. Einfl\u00fcsse, die sich auch in der Musik niederschlagen \u2013 ein Amalgam aus Jazz, Klassik und Balkan-Folklore, den Volkmusiken des Nahen Ostens und Nordafrikas sowie Elementen aus Latin, Blues und Funk. Gemeinsam mit seinem Landsmann, dem Pianisten Shai Maestro, sowie dem amerikanischen Schlagzeuger Mark Guiliana vereint Avishai Cohen Dichte und Transparenz, Komplexit\u00e4t und Eing\u00e4ngigkeit, Melancholie und Leichtigkeit. Seine Musik ist immer wieder mitrei\u00dfend und ber\u00fchrend zugleich.<\/p>\n<p>23:05 bis 00:00 | BR-KLASSIK<br \/>\n<strong>Jazztime: News &amp; Roots \u2013 Moderation und Auswahl: Henning Sieverts<\/strong><\/p>\n<p>23:30 bis 00:00 | hr2-kultur | rbbKultur | MDR KULTUR | NDR Kultur | Bremen Zwei | SR 2 KulturRadio | SWR2 | WDR 3<br \/>\n<strong>Das Karma macht die Musik \u2013 Jazzstipendiatin Natalya Karmazin<\/strong><\/p>\n<p style=\"padding-left: 40px;\">Die Pianistin Natalya Karmazin hat das mit 10.000 Euro dotierte Frankfurter Jazzstipendium 2019 erhalten. Die Frankfurter Pianistin hat ukrainische Wurzeln, nicht zu \u00fcberh\u00f6ren in ihrem Spiel, und ihre Musik verspr\u00fcht ein gutes Karma \u2013 wie schon ihr Nachname anzeigt.<\/p>\n<p style=\"padding-left: 40px;\">Man k\u00f6nnte glatt auf die Idee kommen, dass die klassisch gut ausgebildeten Osteurop\u00e4er in Frankfurt beim Arbeitsstipendium die Nase vorn haben, Natalya Karmazin ist nicht die erste Kandidatin aus Osteuropa, die mit diesem im \u201eBlindfold\u201c-Verfahren ermittelten F\u00f6rder-Stipendium gek\u00fcrt wurde. Sie hat bei Richie Beirach in Leipzig studiert, eine sch\u00f6ngeistig-klassische Note durchsetzt ihren gesamten musikalischen Ansatz, selbst in den besonders von einem \u201eJazz-Attack\u201c gepr\u00e4gten Passagen ihres Quintetts. Mit dem Jazzstipendium will die Stadt Frankfurt aber nicht in erster Linie bereits geleistete k\u00fcnstlerische Arbeit pr\u00e4mieren, sondern der Preis soll vor allem eine Starthilfe auf dem Weg zur musikalischen Professionalisierung von Talenten sein \u2013 vor allem aber soll die Jazz-Szene in der Main-Metropole belebt werden. Am Mikrofon: Daniella Baumeister<\/p>\n<hr \/>\n<h2>04.09.2019<\/h2>\n<hr \/>\n<p>17:50 bis 18:00 | SWR 2<br \/>\n<strong>SWR2 Jazz vor Sechs \u2013 D. Smith, L. Smith, Alan Freedman: Evil Blues \/ CD: RCA Victor Gold Series<\/strong><\/p>\n<p>23:05 bis 00:00 | BR-KLASSIK<br \/>\n<strong>Jazztime: Jazz aus N\u00fcrnberg: Jazz &amp; Beyond \u2013 \u201eLieblingsst\u00fccke\u201c<\/strong><\/p>\n<p style=\"padding-left: 40px;\">Mit Aufnahmen von Fred Hersch, Eva Klesse, Florian Weber und anderen. Moderation und Auswahl: Beatrix Gillmann<\/p>\n<p style=\"padding-left: 40px;\">Die Musik der Schlagzeugerin Eva Klesse besitzt stille wie auch energiegeladene T\u00f6ne. Seit 2013 besteht ihr Quartett mit dem Saxophonisten Evgeny Ring, dem Pianisten Philipp Frischkorn und Robert Lucaciu am Bass. Mit wachem Blick aufs Detail bringt sich jede\/r der vier Musiker organisch in den Sound ein. \u201eOf Cabbages and Kings\u201c nennt sich ein Vokalquartett, das seit 2015 als Ensemble zusammenarbeitet. Im Bundesjazzorchester hatten sich die S\u00e4ngerinnen kennengelernt und festgestellt, dass ihre Herzen f\u00fcr den A-Cappella-Gesang schlagen. Wenn die Stimmtalente aus K\u00f6ln zusammen auftreten, sind das Momente voller Poesie und Leuchtkraft. Der 1955 geborene, amerikanische Pianist Fred Hersch ist einer, der Melodien plastisch herausarbeitet, ein Klang-Zauberer. Auf die Frage, wie Jazz sein sollte, gab Hersch einmal diese Antwort: sich einfach hinsetzen und es passieren lassen. Ob er Standards interpretiert oder eigene St\u00fccke, man wird sofort mit hineingezogen in seine Musik, sie besitzt eine enorme Sogwirkung. Ins Schw\u00e4rmen ger\u00e4t ein anderer Pianist, Brad Mehldau, wenn er im Interview mit der New York Times von der Singer-Songwriterin Becca Stevens spricht: Sie ist 35 und kommt aus North Carolina. Als S\u00e4ngerin habe sie eine gewisse F\u00e4higkeit, die Joni Mitchell als Jugendliche ebenso besessen habe \u2013 die F\u00e4higkeit, durch ihre messerscharfe Intonation direkt ins Herz zu treffen.<\/p>\n<p style=\"padding-left: 40px;\">\u201eLieblingsst\u00fccke\u201c \u2013 eine Stunde Jazz mit Alben, die es sich lohnt, einmal wieder anzuh\u00f6ren, sowie aktuellen Einspielungen.<\/p>\n<p>23:30 bis 00:00 | hr2-kultur | rbbKultur | MDR KULTUR | NDR Kultur | Bremen Zwei | SR 2 KulturRadio | SWR2 | WDR 3<br \/>\n<strong>\u201eAguas\u201c \u2013 Omar Sosa &amp; Yilian Ca\u00f1izares in der Elbphilharmonie<\/strong><\/p>\n<p style=\"padding-left: 40px;\">Um das Jubil\u00e4um von 60 Jahren NDR Jazz Konzerte, der wohl \u00e4ltesten deutsche Jazz-Konzertreihe, zu feiern, kam der kubanische Pianist zusammen mit S\u00e4ngerin und Violinistin Yilian Ca\u00f1izares in die Hamburger Elbphilharmonie.<\/p>\n<p style=\"padding-left: 40px;\">Im Jahr 1958 hob der erste Jazzredakteur des Norddeutschen Rundfunks Hans Gertberg die vermutlich \u00e4lteste am St\u00fcck laufende Jazzkonzertreihe des Landes aus der Taufe, die NDR Jazz Konzerte. Seitdem sind mehr als 600 verschiedene Bands und Formationen am Hamburger Rothenbaum zu Gast gewesen. Um das 60. Jubil\u00e4um der NDR Jazz Konzerte zu feiern, fand in der Elbphilharmonie im Oktober 2018 ein gro\u00dfes Festkonzert statt. Zu diesem Jubil\u00e4umsabend kam der kubanische Pianist Omar Sosa gemeinsam mit seiner Landsfrau Yilian Canizares und dem venezolanischen Percussionisten Gustavo Ovalles nach Hamburg. Unter dem Titel \u201eAguas\u201c pr\u00e4sentierten sie ein intensives Programm mit einem Mix aus lateinamerikanischen Rhythmen, eing\u00e4ngigen Melodien und dem atmosph\u00e4rischen Einsatz von Elektronik und Spoken-Word-Poetry. Am Mikrofon: Felix Tenbaum, NDR<\/p>\n<hr \/>\n<h2>05.09.2019<\/h2>\n<hr \/>\n<p>17:50 bis 18:00 | SWR 2<br \/>\n<strong>SWR2 Jazz vor Sechs \u2013 Stanley M. Clarke: Bit of burd \/ CD: D-Stringz<\/strong><\/p>\n<p>21:05 bis 22:00 | Deutschlandfunk<br \/>\n<strong>JazzFacts: \u00dcber schmale Grate \u2013 Die franz\u00f6sische Pianistin Eve Risser<\/strong><\/p>\n<p style=\"padding-left: 40px;\">Von Karl Lippegaus. Als Kind lauschte Eve Risser in ihrem Elternhaus in Colmar den Jazzplatten des Vaters. Dann entdeckte sie w\u00e4hrend des Studiums von Querfl\u00f6te und Klavier in Paris und Baltimore ihre Liebe f\u00fcr zeitgen\u00f6ssische Musik. Bald stand f\u00fcr die els\u00e4ssische K\u00fcnstlerin fest, dass Improvisieren f\u00fcr sie die aufregendste Form des Musizierens sei. Eve Risser mit dem Trio En Corps in voller Aktion zu erleben \u2013 ohne vorherige Absprachen und mit in Echtzeit komponierten St\u00fccken \u2013 gleicht einer \u00e4u\u00dferst kurzweiligen Wanderung mit verbundenen Augen durch den n\u00e4chtlichen Wald. Inspiriert vom Grand Canyon in Arizona schrieb sie die Musik ihres gefeierten Albums ,Les deux versants se regardent\u2019, das mit erstaunlichen Tonclustern aufwartet. Vorher war die Pianistin die einzige Frau, die f\u00fcr mehrere Jahre im Orchestre National de Jazz mitwirkte. Dort bewies sie, dass ihr auch zu Pink Floyd, Astor Piazzolla und Robert Wyatt Neues einfiel und verlieh dem ONJ einen gro\u00dfen Schub an Kreativit\u00e4t. Ein Gleichgewicht zwischen femininen und maskulinen Energien strebe sie an, sagt Eve Risser, derzeit Leiterin von zwei gro\u00dfen Ensembles, aber auch in kleinen Besetzungen und in Workshops mit Kindern bewandert. Ein Hauptschwerpunkt ihrer Arbeit auf der Konzertb\u00fchne wie im Studio ist die Solo-Performance; das pr\u00e4parierte Klavier fasziniert sie besonders. Mit ihrem zehnk\u00f6pfigen, 2015 gegr\u00fcndeten White Desert Orchestra erhielt Eve Risser Einladungen zu den gro\u00dfen Jazzfestivals in Berlin, Saalfelden, Moers, Paris und London.<\/p>\n<p>23:05 bis 00:00 | BR-KLASSIK<br \/>\n<strong>Jazztime: All that Jazz \u2013 Portr\u00e4t des haitianischen Saxofonisten Godwin Louis<\/strong><\/p>\n<p style=\"padding-left: 40px;\">Moderation und Auswahl: Ssirus W. Pakzad<\/p>\n<p>23:30 bis 00:00 | hr2-kultur | rbbKultur | MDR KULTUR | NDR Kultur | Bremen Zwei | SR 2 KulturRadio | SWR2 | WDR 3<br \/>\n<strong>The Winner is \u2013 Axel D\u00f6rner beim 3. Jazzpreis Berlin 2019<\/strong><\/p>\n<p style=\"padding-left: 40px;\">\u201eEs geht nicht allein um Musik. Musik ist nur eine Ausdrucksform. Es geht um eine bestimmte Form von Wachheit. Darum, wie man lebt.\u201c<\/p>\n<p style=\"padding-left: 40px;\">Dieses Statement stammt von Axel D\u00f6rner. Der Trompeter wurde von einer Jury \u2013 besetzt mit Aki Takase, Kathrin Pechlof, Angela Ballhorn, Robert Landfermann und Ulf Drechsel \u2013 zum dritten Preistr\u00e4ger des \u201eJazzpreis Berlin 2019\u201c gek\u00fcrt.<\/p>\n<p style=\"padding-left: 40px;\">Axel D\u00f6rner nimmt eine singul\u00e4re Stellung in der internationalen Musikszene ein. Mit dem Vokabular des zeitgen\u00f6ssischen Jazz als Basis hat Axel D\u00f6rner eine einzigartige Klangsprache auf der Trompete entwickelt. Es geht ihm nicht vordergr\u00fcndig um den Klang des Instrumentes, es geht ihm um Klang an sich. Die Trompete ist f\u00fcr ihn das dazugeh\u00f6rige Medium. Er atmet durch das Horn, er gurgelt und singt hinein. Der vom Land Berlin und dem rbb vergebene, mit 15.000 \u20ac dotierte \u201eJazzpreis Berlin\u201c wurde im Rahmen eines \u00f6ffentlichen Konzertes am 27. Juni im Haus des Rundfunks \u00fcbergeben. F\u00fcr diesen Anlass hat Axel D\u00f6rner eine neue Band formiert mit Pierre-Antoine Badaroux, Saxofon; Pat Thomas, Piano; Joel Grip, Bass; Antonin Gerbal, Schlagzeug. Moderation: Ulf Drechsel<\/p>\n<hr \/>\n<h2>06.09.2019<\/h2>\n<hr \/>\n<p>17:50 bis 18:00 | SWR 2<br \/>\n<strong>SWR2 Jazz vor Sechs \u2013 Julia Kadel: Tranquille \/ CD: Kaskaden<\/strong><\/p>\n<p>22:05 bis 23:00 | NDR Info<br \/>\n<strong>Jazz Special: Der ernsthafte Witzbold \u2013 der finnische Pianist Iiro Rantala<\/strong><\/p>\n<p style=\"padding-left: 40px;\">Mit Jan Paersch. Iiro Rantala ist ein Ph\u00e4nomen. Geboren im Januar 1970 in Helsinki gelang ihm mit dem Album \u201eLost Heroes\u201c der internationale Durchbruch. Mit verbl\u00fcffender Leichtigkeit wechselt der finnische Pianist zwischen Klassik und Jazz, widmet sich ernsthaften Einspielungen von Mozart und Bach mit derselben Hingabe wie gef\u00fchlvollen Interpretationen von Monk und John Lennon. Bindeglied ist stets Rantalas Humor. Seine Ansagen und Anekdoten bei Live-Konzerten \u2013 neuerdings auch auf Deutsch \u2013 lockern noch das steifste Publikum auf.<\/p>\n<p>23:05 bis 00:00 | BR-KLASSIK<br \/>\n<strong>Jazztime: B\u00fchne frei im Studio 2 f\u00fcr Florian Weber \u201eLucent Waters\u201c<\/strong><\/p>\n<p style=\"padding-left: 40px;\">Ralph Alessi, Trompete; Linda May Han Oh, Kontrabass; Florian Weber, Klavier; Nasheet Waits, Schlagzeug<\/p>\n<p style=\"padding-left: 40px;\">Aufnahme vom 30. April 2019 im M\u00fcnchner Funkhaus zum \u201eInternational Jazz Day\u201c. Moderation und Auswahl: Beate Sampson<\/p>\n<p>23:30 bis 00:00 | hr2-kultur\u00a0 | rbbKultur | MDR KULTUR | NDR Kultur | Bremen Zwei | SR 2 KulturRadio | SWR2 | WDR 3<br \/>\n<strong>Preview \u2013 Jazz-Neuerscheinungen<\/strong><\/p>\n<p style=\"padding-left: 40px;\">\u201eFile Under Jazz\u201c \u2013 mit diesem Hinweis versehen einige Plattenlabels vorsichtshalber ihre Neuver\u00f6ffentlichungen, damit es nicht zu Missverst\u00e4ndnissen kommt in den Verkaufs-Regalen der CD-Gesch\u00e4fte und in den Sparten der Download-Portale. Was dann dort tats\u00e4chlich alles unter \u201eJazz\u201c einsortiert wird, ist nat\u00fcrlich immer noch extrem breit gef\u00e4chert: nicht nur stilistisch, sondern auch qualitativ.<\/p>\n<p style=\"padding-left: 40px;\">Selbst f\u00fcr Jazzfans kann es da schwer sein, sich zu orientieren. Immer freitags pr\u00e4sentierten deshalb die Autorinnen und Autoren des ARD Radiofestivals die aktuell wirklich wichtigen, spannenden, bemerkenswerten Neuerscheinungen des Jazz.<\/p>\n<p style=\"padding-left: 40px;\">Heute:<\/p>\n<ul>\n<li>Iiro Rantala: \u201eMy Finnish Calendar\u201c<\/li>\n<li>Musina Ebobiss\u00e9 Quintet: \u201eTimeprints \u2013 Jazz Thing Next Generation Vol. 79\u201c<\/li>\n<li>Kevin Hayes, Lionel Loueke: \u201eHope\u201c<\/li>\n<\/ul>\n<p style=\"padding-left: 40px;\">Am Mikrofon: G\u00f6tz B\u00fchler\/WDR<\/p>\n<hr \/>\n<h2>07.09.2019<\/h2>\n<hr \/>\n<p>17:50 bis 18:00 | SWR 2<br \/>\n<strong>SWR2 Jazz vor Sechs \u2013 Frischberg: Peel me a grape \/ CD: Anita O\u2019Day sings the winners<\/strong><\/p>\n<p>19:04 bis 20:00 | hr2-kultur<br \/>\n<strong>Live Jazz: Kaja Draksler &amp; Susana Santos Silva | Deutsches Jazzfestival Frankfurt 2018<\/strong><\/p>\n<p style=\"padding-left: 40px;\">Kaja Draksler &amp; Susana Santos Silva || Kaja Draksler, p | Susana Santos Silva, tp, flh | 49. Deutsches Jazzfestival Frankfurt 2018, K\u00fcnstlerhaus Mousonturm, Matinee, Oktober 2018. Am Mikrofon: Claus Gnichwitz<\/p>\n<p>20:15 bis 21:00 | NDR Info<br \/>\n<strong>Jazz Klassiker: \u201eTake five\u201c \u2013 Dave Brubeck und Paul Desmond<\/strong><\/p>\n<p style=\"padding-left: 40px;\">Mit Wingolf Grieger. \u201eTake Five\u201c ist als Standard in die Jazzgeschichte eingegangen und der ber\u00fchmteste Titel des Dave Brubeck Quartetts \u2013 auch wenn er gar nicht von Brubeck komponiert wurde. Er stammte vom Altsaxofonisten Paul Desmond, doch der experimentierfreudige Dave Brubeck erwies sich als der musikalische Architekt der Gruppe. Wie keinem anderen vor ihm gelang es Dave Brubeck, Einfl\u00fcsse aus amerikanischem Jazz und europ\u00e4ischer Klassik, ungerade Metren und Jazzfeeling auf einen gemeinsamen Nenner zu bringen.<\/p>\n<p>22:05 bis 23:00 | NDR Info<br \/>\n<strong>Jazz Konzert: JazzBaltica 2019: Marcin Wasilewski Trio<\/strong><\/p>\n<p style=\"padding-left: 40px;\">Mit Claudia Schober. Die Alben \u201eSpark of Life\u201c und \u201eLive\u201c sind die beiden letzten Alben des Marcin Wasilewski Trios. Die Intensit\u00e4t ihrer eigenen und die Interpretation fremder Kompositionen rei\u00dft mit. Die ausgiebigen Soloparts der drei Musiker zeigen, dass der Pianist Marcin Wasilewsi, der Bassist Slawomir Kurkiewicz und der Schlagzeuger Michal Miskiewicz ebenb\u00fcrtige Partner sind \u2013 so auch auf der diesj\u00e4hrigen JazzBaltica.<\/p>\n<hr \/>\n<h2>08.09.2019<\/h2>\n<hr \/>\n<p>00:05 bis 02:00 | Bayern 2<br \/>\n<strong>radioJazznacht. Highlights von der Internationalen Jazzwoche Burghausen<\/strong><\/p>\n<p>19:04 bis 20:00 | hr2-kultur<br \/>\n<strong>hr-Bigband<\/strong><\/p>\n<p style=\"padding-left: 40px;\">Konzerte und Produktionen u.a. mit: \u201eThe Big Amithias \u2013 Allg\u00e4u Meets India\u201c: hr-Bigband feat. Matthias Schriefl || Matthias Schriefl, cond, comp, arr, brass instruments, alphorn, voc | Amith Nadig, bansuri, konnakkol | Vinod Shyam, mrudangam, tabla, konnakkol | Sunaad Anoor, khanjira, konnakkol | Lars Andreas Haug, tuba | Sarah Buechi, voc | Sebastian Merk, dr, keyb, perc, g | hr-Bigband | Deutsches Jazzfestival Frankfurt 2018, hr-Sendesaal Frankfurt, Oktober 2018, Teil 2. Am Mikrofon: Claus Gnichwitz<\/p>\n<p>19:22 bis 20:00 | SWR 2<br \/>\n<strong>SWR2 Jazz: Geschichte eines Jazzstandards (23) \u2013 Maple Leaf Rag<\/strong><\/p>\n<p style=\"padding-left: 40px;\">Von Hans-J\u00fcrgen Schaal. Scott Joplin komponierte rund 80 Ragtime-St\u00fccke, der \u201eMaple Leaf Rag\u201c von 1899 war eines der ersten. Sein Musikverleger war skeptisch \u2013 das St\u00fcck schien ihm f\u00fcr Amateurpianisten zu schwierig zu sein. Tats\u00e4chlich verkauften sich die Noten im ersten Jahr nur 400 Mal. Doch als 1904 die Ragtime-Mode geradezu explodierte \u2013 in St. Louis fanden die Weltausstellung und die Olympischen Spiele statt \u2013 , lag der \u201eMaple Leaf Rag\u201c an der Spitze des Trends: Die Verkaufszahlen stiegen aufs 150-fache. Joplins St\u00fcck wurde zum Inbegriff des Ragtime und inspirierte sogar Komponisten wie Debussy und Strawinsky.<\/p>\n<p>22:05 bis 23:00 | NDR Info<br \/>\n<strong>Jazz NDR Bigband: Dan\u00e7a das \u00c1guas mit Alon &amp; Joca und der NDR Bigband<\/strong><\/p>\n<p style=\"padding-left: 40px;\">Mit Henry Altmann.\u00a0 Die NDR Bigband l\u00e4sst sich immer wieder mit Leidenschaft auf neue musikalische Projekte ein, diesmal mit dem Duo Alon &amp; Joca, zwei internationalen Musikern: Alon Yavnai \u2013 Klavier und Gesang aus Israel und Joca Perpignan \u2013 Gesang und Percussion aus Brasilien. \u201eDan\u00e7a das \u00c1guas\u201c hei\u00dft ihr gemeinsames Album: Kl\u00e4nge aus der ganzen Welt mischen sich in ihre Musik \u2013 aus Brasilien, Afrika und dem Nahen Osten. Im September sind die NDR Bigband und Alon &amp; Joca unterwegs in Norddeutschland \u2013 von Heide \u00fcber Verden und Stralsund bis nach Greifswald.<\/p>\n","protected":false},"excerpt":{"rendered":"<p>Ein kleiner Blick in die Jazzwoche 36 im Radio. Die \u00dcbersicht zum Download als PDF. Alle Angaben ohne Gew\u00e4hr. Jazz im Radio (Fernsehen) SR2 \u2013 JazzNow \u2013 Sonntags von 20.04 bis 22.30 Uhr BR-KLASSIK \u2013 Jazztime \u2013 Von Montag bis Freitag t\u00e4glich um 23.05 Uhr rbb-kultur \u2013 Late Night Jazz \u2013 Sa und So 23:04 \u2013 24:00 Uhr hr2-kultur \u2013 Jazz in hr2-kultur \u2013 t\u00e4glich SWR2 \u2013 Jazz \u2013 t\u00e4glich Deutschlandfunk \u2013 Jazz (\u00dcberblick) \u2013 Jazz Live, JazzFacts und Milestones Deutschlandfunk Kultur \u2013 Jazz \u2013 diverse Sendetermine \u00d61 \u2013 diverse Sendetermine ARTE TV \u2013 Jazz Periodika: Dauersendungen ohne gen\u00fcgend Infos \u2013 Tagesbegleitradio NDR Info \u2013 Play Jazz! Das Jazzmagazin 22:20 bis 23:00 MDR Kultur \u2013 Jazz 19:05 bis 20:00 MDR Kultur \u2013Jazz Lounge 19:35 bis 20:00 WDR3 \u2013 Jazz &amp; World \u2013 Improvisiertes zum Tagesausklang \u2013 Montag bis Freitag, 22.04 \u2013 0:00 Uhr WDR 3 Pers\u00f6nlich mit G\u00f6tz Alsmann 13:04 bis 15:00 (Samstags) 02.09.2019 17:50 bis 18:00 | SWR 2 SWR2 Jazz vor Sechs \u2013 Lynne Arriale: The eyes have it \/ CD: The eyes have it, Aus der Oper: Porgy and Bess (1935) 19:04 &hellip;<\/p>\n","protected":false},"author":1,"featured_media":18913,"comment_status":"open","ping_status":"closed","sticky":false,"template":"","format":"standard","meta":{"_jetpack_memberships_contains_paid_content":false,"footnotes":"","jetpack_publicize_message":"","jetpack_publicize_feature_enabled":true,"jetpack_social_post_already_shared":false,"jetpack_social_options":{"image_generator_settings":{"template":"highway","default_image_id":0,"font":"","enabled":false},"version":2}},"categories":[633,452],"tags":[1629],"coauthors":[650],"class_list":["post-20505","post","type-post","status-publish","format-standard","has-post-thumbnail","hentry","category-nachrichten","category-radio","tag-jazz-im-radio"],"yoast_head":"<!-- This site is optimized with the Yoast SEO plugin v27.4 - https:\/\/yoast.com\/product\/yoast-seo-wordpress\/ -->\n<title>Die Jazz-Radiowoche vom 02.09.19 bis 08.09.2019 - JazzZeitung<\/title>\n<meta name=\"robots\" content=\"index, follow, max-snippet:-1, max-image-preview:large, max-video-preview:-1\" \/>\n<link rel=\"canonical\" href=\"https:\/\/www.jazzzeitung.de\/cms\/2019\/09\/die-jazz-radiowoche-vom-02-09-19-bis-08-09-2019\/\" \/>\n<meta property=\"og:locale\" content=\"de_DE\" \/>\n<meta property=\"og:type\" content=\"article\" \/>\n<meta property=\"og:title\" content=\"Die Jazz-Radiowoche vom 02.09.19 bis 08.09.2019 - JazzZeitung\" \/>\n<meta property=\"og:description\" content=\"Ein kleiner Blick in die Jazzwoche 36 im Radio. Die \u00dcbersicht zum Download als PDF. Alle Angaben ohne Gew\u00e4hr. Jazz im Radio (Fernsehen) SR2 \u2013 JazzNow \u2013 Sonntags von 20.04 bis 22.30 Uhr BR-KLASSIK \u2013 Jazztime \u2013 Von Montag bis Freitag t\u00e4glich um 23.05 Uhr rbb-kultur \u2013 Late Night Jazz \u2013 Sa und So 23:04 \u2013 24:00 Uhr hr2-kultur \u2013 Jazz in hr2-kultur \u2013 t\u00e4glich SWR2 \u2013 Jazz \u2013 t\u00e4glich Deutschlandfunk \u2013 Jazz (\u00dcberblick) \u2013 Jazz Live, JazzFacts und Milestones Deutschlandfunk Kultur \u2013 Jazz \u2013 diverse Sendetermine \u00d61 \u2013 diverse Sendetermine ARTE TV \u2013 Jazz Periodika: Dauersendungen ohne gen\u00fcgend Infos \u2013 Tagesbegleitradio NDR Info \u2013 Play Jazz! Das Jazzmagazin 22:20 bis 23:00 MDR Kultur \u2013 Jazz 19:05 bis 20:00 MDR Kultur \u2013Jazz Lounge 19:35 bis 20:00 WDR3 \u2013 Jazz &amp; World \u2013 Improvisiertes zum Tagesausklang \u2013 Montag bis Freitag, 22.04 \u2013 0:00 Uhr WDR 3 Pers\u00f6nlich mit G\u00f6tz Alsmann 13:04 bis 15:00 (Samstags) 02.09.2019 17:50 bis 18:00 | SWR 2 SWR2 Jazz vor Sechs \u2013 Lynne Arriale: The eyes have it \/ CD: The eyes have it, Aus der Oper: Porgy and Bess (1935) 19:04 &hellip;\" \/>\n<meta property=\"og:url\" content=\"https:\/\/www.jazzzeitung.de\/cms\/2019\/09\/die-jazz-radiowoche-vom-02-09-19-bis-08-09-2019\/\" \/>\n<meta property=\"og:site_name\" content=\"JazzZeitung\" \/>\n<meta property=\"article:publisher\" content=\"https:\/\/www.facebook.com\/JazzZeitung\/\" \/>\n<meta property=\"article:author\" content=\"https:\/\/www.facebook.com\/hufner\" \/>\n<meta property=\"article:published_time\" content=\"2019-09-01T10:00:27+00:00\" \/>\n<meta property=\"og:image\" content=\"https:\/\/i0.wp.com\/www.jazzzeitung.de\/cms\/wp-content\/uploads\/2019\/03\/jazz_im_radio.jpg?fit=2200%2C1417&ssl=1\" \/>\n\t<meta property=\"og:image:width\" content=\"2200\" \/>\n\t<meta property=\"og:image:height\" content=\"1417\" \/>\n\t<meta property=\"og:image:type\" content=\"image\/jpeg\" \/>\n<meta name=\"author\" content=\"Martin Hufner\" \/>\n<script type=\"application\/ld+json\" class=\"yoast-schema-graph\">{\"@context\":\"https:\\\/\\\/schema.org\",\"@graph\":[{\"@type\":\"Article\",\"@id\":\"https:\\\/\\\/www.jazzzeitung.de\\\/cms\\\/2019\\\/09\\\/die-jazz-radiowoche-vom-02-09-19-bis-08-09-2019\\\/#article\",\"isPartOf\":{\"@id\":\"https:\\\/\\\/www.jazzzeitung.de\\\/cms\\\/2019\\\/09\\\/die-jazz-radiowoche-vom-02-09-19-bis-08-09-2019\\\/\"},\"author\":{\"name\":\"Martin Hufner\",\"@id\":\"https:\\\/\\\/www.jazzzeitung.de\\\/cms\\\/#\\\/schema\\\/person\\\/b9a4e5ac765d94fb8f617bfa8f1fc5f7\"},\"headline\":\"Die Jazz-Radiowoche vom 02.09.19 bis 08.09.2019\",\"datePublished\":\"2019-09-01T10:00:27+00:00\",\"mainEntityOfPage\":{\"@id\":\"https:\\\/\\\/www.jazzzeitung.de\\\/cms\\\/2019\\\/09\\\/die-jazz-radiowoche-vom-02-09-19-bis-08-09-2019\\\/\"},\"wordCount\":2549,\"commentCount\":0,\"publisher\":{\"@id\":\"https:\\\/\\\/www.jazzzeitung.de\\\/cms\\\/#organization\"},\"image\":{\"@id\":\"https:\\\/\\\/www.jazzzeitung.de\\\/cms\\\/2019\\\/09\\\/die-jazz-radiowoche-vom-02-09-19-bis-08-09-2019\\\/#primaryimage\"},\"thumbnailUrl\":\"https:\\\/\\\/i0.wp.com\\\/www.jazzzeitung.de\\\/cms\\\/wp-content\\\/uploads\\\/2019\\\/03\\\/jazz_im_radio.jpg?fit=2200%2C1417&ssl=1\",\"keywords\":[\"Jazz im Radio\"],\"articleSection\":[\"News\",\"Radio\"],\"inLanguage\":\"de\",\"potentialAction\":[{\"@type\":\"CommentAction\",\"name\":\"Comment\",\"target\":[\"https:\\\/\\\/www.jazzzeitung.de\\\/cms\\\/2019\\\/09\\\/die-jazz-radiowoche-vom-02-09-19-bis-08-09-2019\\\/#respond\"]}]},{\"@type\":\"WebPage\",\"@id\":\"https:\\\/\\\/www.jazzzeitung.de\\\/cms\\\/2019\\\/09\\\/die-jazz-radiowoche-vom-02-09-19-bis-08-09-2019\\\/\",\"url\":\"https:\\\/\\\/www.jazzzeitung.de\\\/cms\\\/2019\\\/09\\\/die-jazz-radiowoche-vom-02-09-19-bis-08-09-2019\\\/\",\"name\":\"Die Jazz-Radiowoche vom 02.09.19 bis 08.09.2019 - JazzZeitung\",\"isPartOf\":{\"@id\":\"https:\\\/\\\/www.jazzzeitung.de\\\/cms\\\/#website\"},\"primaryImageOfPage\":{\"@id\":\"https:\\\/\\\/www.jazzzeitung.de\\\/cms\\\/2019\\\/09\\\/die-jazz-radiowoche-vom-02-09-19-bis-08-09-2019\\\/#primaryimage\"},\"image\":{\"@id\":\"https:\\\/\\\/www.jazzzeitung.de\\\/cms\\\/2019\\\/09\\\/die-jazz-radiowoche-vom-02-09-19-bis-08-09-2019\\\/#primaryimage\"},\"thumbnailUrl\":\"https:\\\/\\\/i0.wp.com\\\/www.jazzzeitung.de\\\/cms\\\/wp-content\\\/uploads\\\/2019\\\/03\\\/jazz_im_radio.jpg?fit=2200%2C1417&ssl=1\",\"datePublished\":\"2019-09-01T10:00:27+00:00\",\"breadcrumb\":{\"@id\":\"https:\\\/\\\/www.jazzzeitung.de\\\/cms\\\/2019\\\/09\\\/die-jazz-radiowoche-vom-02-09-19-bis-08-09-2019\\\/#breadcrumb\"},\"inLanguage\":\"de\",\"potentialAction\":[{\"@type\":\"ReadAction\",\"target\":[\"https:\\\/\\\/www.jazzzeitung.de\\\/cms\\\/2019\\\/09\\\/die-jazz-radiowoche-vom-02-09-19-bis-08-09-2019\\\/\"]}]},{\"@type\":\"ImageObject\",\"inLanguage\":\"de\",\"@id\":\"https:\\\/\\\/www.jazzzeitung.de\\\/cms\\\/2019\\\/09\\\/die-jazz-radiowoche-vom-02-09-19-bis-08-09-2019\\\/#primaryimage\",\"url\":\"https:\\\/\\\/i0.wp.com\\\/www.jazzzeitung.de\\\/cms\\\/wp-content\\\/uploads\\\/2019\\\/03\\\/jazz_im_radio.jpg?fit=2200%2C1417&ssl=1\",\"contentUrl\":\"https:\\\/\\\/i0.wp.com\\\/www.jazzzeitung.de\\\/cms\\\/wp-content\\\/uploads\\\/2019\\\/03\\\/jazz_im_radio.jpg?fit=2200%2C1417&ssl=1\",\"width\":2200,\"height\":1417,\"caption\":\"Jazz im Radio. Foto: Hufner\"},{\"@type\":\"BreadcrumbList\",\"@id\":\"https:\\\/\\\/www.jazzzeitung.de\\\/cms\\\/2019\\\/09\\\/die-jazz-radiowoche-vom-02-09-19-bis-08-09-2019\\\/#breadcrumb\",\"itemListElement\":[{\"@type\":\"ListItem\",\"position\":1,\"name\":\"Startseite\",\"item\":\"https:\\\/\\\/www.jazzzeitung.de\\\/cms\\\/\"},{\"@type\":\"ListItem\",\"position\":2,\"name\":\"Die Jazz-Radiowoche vom 02.09.19 bis 08.09.2019\"}]},{\"@type\":\"WebSite\",\"@id\":\"https:\\\/\\\/www.jazzzeitung.de\\\/cms\\\/#website\",\"url\":\"https:\\\/\\\/www.jazzzeitung.de\\\/cms\\\/\",\"name\":\"JazzZeitung\",\"description\":\"Jazz-News und Jazz-Kontroverses\",\"publisher\":{\"@id\":\"https:\\\/\\\/www.jazzzeitung.de\\\/cms\\\/#organization\"},\"potentialAction\":[{\"@type\":\"SearchAction\",\"target\":{\"@type\":\"EntryPoint\",\"urlTemplate\":\"https:\\\/\\\/www.jazzzeitung.de\\\/cms\\\/?s={search_term_string}\"},\"query-input\":{\"@type\":\"PropertyValueSpecification\",\"valueRequired\":true,\"valueName\":\"search_term_string\"}}],\"inLanguage\":\"de\"},{\"@type\":\"Organization\",\"@id\":\"https:\\\/\\\/www.jazzzeitung.de\\\/cms\\\/#organization\",\"name\":\"JazzZeitung online\",\"url\":\"https:\\\/\\\/www.jazzzeitung.de\\\/cms\\\/\",\"logo\":{\"@type\":\"ImageObject\",\"inLanguage\":\"de\",\"@id\":\"https:\\\/\\\/www.jazzzeitung.de\\\/cms\\\/#\\\/schema\\\/logo\\\/image\\\/\",\"url\":\"https:\\\/\\\/i0.wp.com\\\/www.jazzzeitung.de\\\/cms\\\/wp-content\\\/uploads\\\/2015\\\/08\\\/JAZZZEITUNGDE_Logo_Neu.png?fit=499%2C200&ssl=1\",\"contentUrl\":\"https:\\\/\\\/i0.wp.com\\\/www.jazzzeitung.de\\\/cms\\\/wp-content\\\/uploads\\\/2015\\\/08\\\/JAZZZEITUNGDE_Logo_Neu.png?fit=499%2C200&ssl=1\",\"width\":499,\"height\":200,\"caption\":\"JazzZeitung online\"},\"image\":{\"@id\":\"https:\\\/\\\/www.jazzzeitung.de\\\/cms\\\/#\\\/schema\\\/logo\\\/image\\\/\"},\"sameAs\":[\"https:\\\/\\\/www.facebook.com\\\/JazzZeitung\\\/\"]},{\"@type\":\"Person\",\"@id\":\"https:\\\/\\\/www.jazzzeitung.de\\\/cms\\\/#\\\/schema\\\/person\\\/b9a4e5ac765d94fb8f617bfa8f1fc5f7\",\"name\":\"Martin Hufner\",\"image\":{\"@type\":\"ImageObject\",\"inLanguage\":\"de\",\"@id\":\"https:\\\/\\\/i0.wp.com\\\/www.jazzzeitung.de\\\/cms\\\/wp-content\\\/uploads\\\/2013\\\/07\\\/huf-06.jpg?resize=96%2C96&ssl=15fcc31aa94540751a3b804516452be00\",\"url\":\"https:\\\/\\\/i0.wp.com\\\/www.jazzzeitung.de\\\/cms\\\/wp-content\\\/uploads\\\/2013\\\/07\\\/huf-06.jpg?resize=96%2C96&ssl=1\",\"contentUrl\":\"https:\\\/\\\/i0.wp.com\\\/www.jazzzeitung.de\\\/cms\\\/wp-content\\\/uploads\\\/2013\\\/07\\\/huf-06.jpg?resize=96%2C96&ssl=1\",\"caption\":\"Martin Hufner\"},\"description\":\"Martin Hufner ist freier Autor der JazzZeitung.\",\"sameAs\":[\"https:\\\/\\\/www.kritische-masse.de\\\/logbuch\",\"https:\\\/\\\/www.facebook.com\\\/hufner\"],\"url\":\"https:\\\/\\\/www.jazzzeitung.de\\\/cms\\\/author\\\/admin\\\/\"}]}<\/script>\n<!-- \/ Yoast SEO plugin. -->","yoast_head_json":{"title":"Die Jazz-Radiowoche vom 02.09.19 bis 08.09.2019 - JazzZeitung","robots":{"index":"index","follow":"follow","max-snippet":"max-snippet:-1","max-image-preview":"max-image-preview:large","max-video-preview":"max-video-preview:-1"},"canonical":"https:\/\/www.jazzzeitung.de\/cms\/2019\/09\/die-jazz-radiowoche-vom-02-09-19-bis-08-09-2019\/","og_locale":"de_DE","og_type":"article","og_title":"Die Jazz-Radiowoche vom 02.09.19 bis 08.09.2019 - JazzZeitung","og_description":"Ein kleiner Blick in die Jazzwoche 36 im Radio. Die \u00dcbersicht zum Download als PDF. Alle Angaben ohne Gew\u00e4hr. Jazz im Radio (Fernsehen) SR2 \u2013 JazzNow \u2013 Sonntags von 20.04 bis 22.30 Uhr BR-KLASSIK \u2013 Jazztime \u2013 Von Montag bis Freitag t\u00e4glich um 23.05 Uhr rbb-kultur \u2013 Late Night Jazz \u2013 Sa und So 23:04 \u2013 24:00 Uhr hr2-kultur \u2013 Jazz in hr2-kultur \u2013 t\u00e4glich SWR2 \u2013 Jazz \u2013 t\u00e4glich Deutschlandfunk \u2013 Jazz (\u00dcberblick) \u2013 Jazz Live, JazzFacts und Milestones Deutschlandfunk Kultur \u2013 Jazz \u2013 diverse Sendetermine \u00d61 \u2013 diverse Sendetermine ARTE TV \u2013 Jazz Periodika: Dauersendungen ohne gen\u00fcgend Infos \u2013 Tagesbegleitradio NDR Info \u2013 Play Jazz! Das Jazzmagazin 22:20 bis 23:00 MDR Kultur \u2013 Jazz 19:05 bis 20:00 MDR Kultur \u2013Jazz Lounge 19:35 bis 20:00 WDR3 \u2013 Jazz &amp; World \u2013 Improvisiertes zum Tagesausklang \u2013 Montag bis Freitag, 22.04 \u2013 0:00 Uhr WDR 3 Pers\u00f6nlich mit G\u00f6tz Alsmann 13:04 bis 15:00 (Samstags) 02.09.2019 17:50 bis 18:00 | SWR 2 SWR2 Jazz vor Sechs \u2013 Lynne Arriale: The eyes have it \/ CD: The eyes have it, Aus der Oper: Porgy and Bess (1935) 19:04 &hellip;","og_url":"https:\/\/www.jazzzeitung.de\/cms\/2019\/09\/die-jazz-radiowoche-vom-02-09-19-bis-08-09-2019\/","og_site_name":"JazzZeitung","article_publisher":"https:\/\/www.facebook.com\/JazzZeitung\/","article_author":"https:\/\/www.facebook.com\/hufner","article_published_time":"2019-09-01T10:00:27+00:00","og_image":[{"width":2200,"height":1417,"url":"https:\/\/i0.wp.com\/www.jazzzeitung.de\/cms\/wp-content\/uploads\/2019\/03\/jazz_im_radio.jpg?fit=2200%2C1417&ssl=1","type":"image\/jpeg"}],"author":"Martin Hufner","schema":{"@context":"https:\/\/schema.org","@graph":[{"@type":"Article","@id":"https:\/\/www.jazzzeitung.de\/cms\/2019\/09\/die-jazz-radiowoche-vom-02-09-19-bis-08-09-2019\/#article","isPartOf":{"@id":"https:\/\/www.jazzzeitung.de\/cms\/2019\/09\/die-jazz-radiowoche-vom-02-09-19-bis-08-09-2019\/"},"author":{"name":"Martin Hufner","@id":"https:\/\/www.jazzzeitung.de\/cms\/#\/schema\/person\/b9a4e5ac765d94fb8f617bfa8f1fc5f7"},"headline":"Die Jazz-Radiowoche vom 02.09.19 bis 08.09.2019","datePublished":"2019-09-01T10:00:27+00:00","mainEntityOfPage":{"@id":"https:\/\/www.jazzzeitung.de\/cms\/2019\/09\/die-jazz-radiowoche-vom-02-09-19-bis-08-09-2019\/"},"wordCount":2549,"commentCount":0,"publisher":{"@id":"https:\/\/www.jazzzeitung.de\/cms\/#organization"},"image":{"@id":"https:\/\/www.jazzzeitung.de\/cms\/2019\/09\/die-jazz-radiowoche-vom-02-09-19-bis-08-09-2019\/#primaryimage"},"thumbnailUrl":"https:\/\/i0.wp.com\/www.jazzzeitung.de\/cms\/wp-content\/uploads\/2019\/03\/jazz_im_radio.jpg?fit=2200%2C1417&ssl=1","keywords":["Jazz im Radio"],"articleSection":["News","Radio"],"inLanguage":"de","potentialAction":[{"@type":"CommentAction","name":"Comment","target":["https:\/\/www.jazzzeitung.de\/cms\/2019\/09\/die-jazz-radiowoche-vom-02-09-19-bis-08-09-2019\/#respond"]}]},{"@type":"WebPage","@id":"https:\/\/www.jazzzeitung.de\/cms\/2019\/09\/die-jazz-radiowoche-vom-02-09-19-bis-08-09-2019\/","url":"https:\/\/www.jazzzeitung.de\/cms\/2019\/09\/die-jazz-radiowoche-vom-02-09-19-bis-08-09-2019\/","name":"Die Jazz-Radiowoche vom 02.09.19 bis 08.09.2019 - JazzZeitung","isPartOf":{"@id":"https:\/\/www.jazzzeitung.de\/cms\/#website"},"primaryImageOfPage":{"@id":"https:\/\/www.jazzzeitung.de\/cms\/2019\/09\/die-jazz-radiowoche-vom-02-09-19-bis-08-09-2019\/#primaryimage"},"image":{"@id":"https:\/\/www.jazzzeitung.de\/cms\/2019\/09\/die-jazz-radiowoche-vom-02-09-19-bis-08-09-2019\/#primaryimage"},"thumbnailUrl":"https:\/\/i0.wp.com\/www.jazzzeitung.de\/cms\/wp-content\/uploads\/2019\/03\/jazz_im_radio.jpg?fit=2200%2C1417&ssl=1","datePublished":"2019-09-01T10:00:27+00:00","breadcrumb":{"@id":"https:\/\/www.jazzzeitung.de\/cms\/2019\/09\/die-jazz-radiowoche-vom-02-09-19-bis-08-09-2019\/#breadcrumb"},"inLanguage":"de","potentialAction":[{"@type":"ReadAction","target":["https:\/\/www.jazzzeitung.de\/cms\/2019\/09\/die-jazz-radiowoche-vom-02-09-19-bis-08-09-2019\/"]}]},{"@type":"ImageObject","inLanguage":"de","@id":"https:\/\/www.jazzzeitung.de\/cms\/2019\/09\/die-jazz-radiowoche-vom-02-09-19-bis-08-09-2019\/#primaryimage","url":"https:\/\/i0.wp.com\/www.jazzzeitung.de\/cms\/wp-content\/uploads\/2019\/03\/jazz_im_radio.jpg?fit=2200%2C1417&ssl=1","contentUrl":"https:\/\/i0.wp.com\/www.jazzzeitung.de\/cms\/wp-content\/uploads\/2019\/03\/jazz_im_radio.jpg?fit=2200%2C1417&ssl=1","width":2200,"height":1417,"caption":"Jazz im Radio. Foto: Hufner"},{"@type":"BreadcrumbList","@id":"https:\/\/www.jazzzeitung.de\/cms\/2019\/09\/die-jazz-radiowoche-vom-02-09-19-bis-08-09-2019\/#breadcrumb","itemListElement":[{"@type":"ListItem","position":1,"name":"Startseite","item":"https:\/\/www.jazzzeitung.de\/cms\/"},{"@type":"ListItem","position":2,"name":"Die Jazz-Radiowoche vom 02.09.19 bis 08.09.2019"}]},{"@type":"WebSite","@id":"https:\/\/www.jazzzeitung.de\/cms\/#website","url":"https:\/\/www.jazzzeitung.de\/cms\/","name":"JazzZeitung","description":"Jazz-News und Jazz-Kontroverses","publisher":{"@id":"https:\/\/www.jazzzeitung.de\/cms\/#organization"},"potentialAction":[{"@type":"SearchAction","target":{"@type":"EntryPoint","urlTemplate":"https:\/\/www.jazzzeitung.de\/cms\/?s={search_term_string}"},"query-input":{"@type":"PropertyValueSpecification","valueRequired":true,"valueName":"search_term_string"}}],"inLanguage":"de"},{"@type":"Organization","@id":"https:\/\/www.jazzzeitung.de\/cms\/#organization","name":"JazzZeitung online","url":"https:\/\/www.jazzzeitung.de\/cms\/","logo":{"@type":"ImageObject","inLanguage":"de","@id":"https:\/\/www.jazzzeitung.de\/cms\/#\/schema\/logo\/image\/","url":"https:\/\/i0.wp.com\/www.jazzzeitung.de\/cms\/wp-content\/uploads\/2015\/08\/JAZZZEITUNGDE_Logo_Neu.png?fit=499%2C200&ssl=1","contentUrl":"https:\/\/i0.wp.com\/www.jazzzeitung.de\/cms\/wp-content\/uploads\/2015\/08\/JAZZZEITUNGDE_Logo_Neu.png?fit=499%2C200&ssl=1","width":499,"height":200,"caption":"JazzZeitung online"},"image":{"@id":"https:\/\/www.jazzzeitung.de\/cms\/#\/schema\/logo\/image\/"},"sameAs":["https:\/\/www.facebook.com\/JazzZeitung\/"]},{"@type":"Person","@id":"https:\/\/www.jazzzeitung.de\/cms\/#\/schema\/person\/b9a4e5ac765d94fb8f617bfa8f1fc5f7","name":"Martin Hufner","image":{"@type":"ImageObject","inLanguage":"de","@id":"https:\/\/i0.wp.com\/www.jazzzeitung.de\/cms\/wp-content\/uploads\/2013\/07\/huf-06.jpg?resize=96%2C96&ssl=15fcc31aa94540751a3b804516452be00","url":"https:\/\/i0.wp.com\/www.jazzzeitung.de\/cms\/wp-content\/uploads\/2013\/07\/huf-06.jpg?resize=96%2C96&ssl=1","contentUrl":"https:\/\/i0.wp.com\/www.jazzzeitung.de\/cms\/wp-content\/uploads\/2013\/07\/huf-06.jpg?resize=96%2C96&ssl=1","caption":"Martin Hufner"},"description":"Martin Hufner ist freier Autor der JazzZeitung.","sameAs":["https:\/\/www.kritische-masse.de\/logbuch","https:\/\/www.facebook.com\/hufner"],"url":"https:\/\/www.jazzzeitung.de\/cms\/author\/admin\/"}]}},"wp-worthy-pixel":{"ignored":true,"public":null,"server":null,"url":null},"wp-worthy-type":"normal","jetpack_publicize_connections":[],"cc_featured_image_caption":{"caption_text":"Jazz im Radio.","source_text":"Foto: Hufner","source_url":"https:\/\/www.musikkritik.org"},"jetpack_featured_media_url":"https:\/\/i0.wp.com\/www.jazzzeitung.de\/cms\/wp-content\/uploads\/2019\/03\/jazz_im_radio.jpg?fit=2200%2C1417&ssl=1","jetpack_shortlink":"https:\/\/wp.me\/p3KEcT-5kJ","jetpack-related-posts":[{"id":22236,"url":"https:\/\/www.jazzzeitung.de\/cms\/2020\/03\/die-jazz-radiowoche-vom-30-03-20-bis-05-04-20\/","url_meta":{"origin":20505,"position":0},"title":"Die Jazz-Radiowoche vom 30.03.20 bis 05.04.20","author":"Martin Hufner","date":"29. M\u00e4rz 2020","format":false,"excerpt":"Ein kleiner Blick in die Jazzwoche 14 im Radio. Alle Angaben ohne Gew\u00e4hr. Jazz im Radio (Fernsehen) SR2 \u2013 JazzNow \u2013 Sonntags von 20.04 bis 22.30 Uhr BR-KLASSIK \u2013 Jazztime \u2013 Von Montag bis Freitag t\u00e4glich um 23.05 Uhr rbb-kultur \u2013 Late Night Jazz \u2013 Sa und So 23:04 \u2013\u2026","rel":"","context":"In &quot;News&quot;","block_context":{"text":"News","link":"https:\/\/www.jazzzeitung.de\/cms\/thema\/nachrichten\/"},"img":{"alt_text":"Jazz im Radio. Foto: Hufner","src":"https:\/\/i0.wp.com\/www.jazzzeitung.de\/cms\/wp-content\/uploads\/2019\/03\/jazz_im_radio.jpg?fit=1200%2C773&ssl=1&resize=350%2C200","width":350,"height":200,"srcset":"https:\/\/i0.wp.com\/www.jazzzeitung.de\/cms\/wp-content\/uploads\/2019\/03\/jazz_im_radio.jpg?fit=1200%2C773&ssl=1&resize=350%2C200 1x, https:\/\/i0.wp.com\/www.jazzzeitung.de\/cms\/wp-content\/uploads\/2019\/03\/jazz_im_radio.jpg?fit=1200%2C773&ssl=1&resize=525%2C300 1.5x, https:\/\/i0.wp.com\/www.jazzzeitung.de\/cms\/wp-content\/uploads\/2019\/03\/jazz_im_radio.jpg?fit=1200%2C773&ssl=1&resize=700%2C400 2x, https:\/\/i0.wp.com\/www.jazzzeitung.de\/cms\/wp-content\/uploads\/2019\/03\/jazz_im_radio.jpg?fit=1200%2C773&ssl=1&resize=1050%2C600 3x"},"classes":[]},{"id":23982,"url":"https:\/\/www.jazzzeitung.de\/cms\/2020\/12\/die-jazz-radiowoche-vom-14-12-20-bis-31-12-2020\/","url_meta":{"origin":20505,"position":1},"title":"Die Jazz-Radiowoche vom 14.12.20 bis 31.12.2020","author":"Martin Hufner","date":"13. Dezember 2020","format":false,"excerpt":"Ein kleiner Blick in Restmonat. Die Suchmaschine der ARD hat ihren Dienst am 7.12.2020 eingestellt. Nachfragen haben nur gezeigt, dass die Veranwortlichen kein Interesse daran haben, das zu kommunizieren. Weder ist herauszubekommen, wer das veranlasst hat noch warum. Danke ARD! F\u00fcr nichts. Jetzt schauen wir mal, wie es weiter geht.\u2026","rel":"","context":"In &quot;News&quot;","block_context":{"text":"News","link":"https:\/\/www.jazzzeitung.de\/cms\/thema\/nachrichten\/"},"img":{"alt_text":"Jazz im Radio. Foto: Hufner","src":"https:\/\/i0.wp.com\/www.jazzzeitung.de\/cms\/wp-content\/uploads\/2019\/03\/jazz_im_radio.jpg?fit=1200%2C773&ssl=1&resize=350%2C200","width":350,"height":200,"srcset":"https:\/\/i0.wp.com\/www.jazzzeitung.de\/cms\/wp-content\/uploads\/2019\/03\/jazz_im_radio.jpg?fit=1200%2C773&ssl=1&resize=350%2C200 1x, https:\/\/i0.wp.com\/www.jazzzeitung.de\/cms\/wp-content\/uploads\/2019\/03\/jazz_im_radio.jpg?fit=1200%2C773&ssl=1&resize=525%2C300 1.5x, https:\/\/i0.wp.com\/www.jazzzeitung.de\/cms\/wp-content\/uploads\/2019\/03\/jazz_im_radio.jpg?fit=1200%2C773&ssl=1&resize=700%2C400 2x, https:\/\/i0.wp.com\/www.jazzzeitung.de\/cms\/wp-content\/uploads\/2019\/03\/jazz_im_radio.jpg?fit=1200%2C773&ssl=1&resize=1050%2C600 3x"},"classes":[]},{"id":23939,"url":"https:\/\/www.jazzzeitung.de\/cms\/2020\/12\/die-jazz-radiowoche-vom-7-12-20-bis-13-12-2020\/","url_meta":{"origin":20505,"position":2},"title":"Die Jazz-Radiowoche vom 7.12.20 bis 13.12.2020","author":"Martin Hufner","date":"6. Dezember 2020","format":false,"excerpt":"Ein kleiner Blick in die Jazzwoche 50 im Radio. Der ist dieses mal so klein, es steht da n\u00e4mlich gar nichts drin.Grund daf\u00fcr: Die Suchmaschine f\u00fcr Radiosendungen der ARD gibt am dem 7.12.2020 keine Ergebnisse heraus. Versuche der Kontaktaufnahme mit der ARD sind ohne Echo verhallt. Aktuell bleibt es bei\u2026","rel":"","context":"In &quot;News&quot;","block_context":{"text":"News","link":"https:\/\/www.jazzzeitung.de\/cms\/thema\/nachrichten\/"},"img":{"alt_text":"Jazz im Radio. Foto: Hufner","src":"https:\/\/i0.wp.com\/www.jazzzeitung.de\/cms\/wp-content\/uploads\/2019\/03\/jazz_im_radio.jpg?fit=1200%2C773&ssl=1&resize=350%2C200","width":350,"height":200,"srcset":"https:\/\/i0.wp.com\/www.jazzzeitung.de\/cms\/wp-content\/uploads\/2019\/03\/jazz_im_radio.jpg?fit=1200%2C773&ssl=1&resize=350%2C200 1x, https:\/\/i0.wp.com\/www.jazzzeitung.de\/cms\/wp-content\/uploads\/2019\/03\/jazz_im_radio.jpg?fit=1200%2C773&ssl=1&resize=525%2C300 1.5x, https:\/\/i0.wp.com\/www.jazzzeitung.de\/cms\/wp-content\/uploads\/2019\/03\/jazz_im_radio.jpg?fit=1200%2C773&ssl=1&resize=700%2C400 2x, https:\/\/i0.wp.com\/www.jazzzeitung.de\/cms\/wp-content\/uploads\/2019\/03\/jazz_im_radio.jpg?fit=1200%2C773&ssl=1&resize=1050%2C600 3x"},"classes":[]},{"id":21609,"url":"https:\/\/www.jazzzeitung.de\/cms\/2020\/01\/die-jazz-radiowoche-vom-06-01-20-bis-12-01-20-notausgabe\/","url_meta":{"origin":20505,"position":3},"title":"Die Jazz-Radiowoche vom 06.01.20 bis 12.01.20 (Notausgabe)","author":"Martin Hufner","date":"5. Januar 2020","format":false,"excerpt":"Ein kleiner Blick in die Jazzwoche 02 im Radio. Notausgabe! Die \u00dcbersicht zum Download als PDF. Alle Angaben ohne Gew\u00e4hr. Jazz im Radio (Fernsehen) SR2 \u2013 JazzNow \u2013 Sonntags von 20.04 bis 22.30 Uhr BR-KLASSIK \u2013 Jazztime \u2013 Von Montag bis Freitag t\u00e4glich um 23.05 Uhr rbb-kultur \u2013 Late Night\u2026","rel":"","context":"In &quot;News&quot;","block_context":{"text":"News","link":"https:\/\/www.jazzzeitung.de\/cms\/thema\/nachrichten\/"},"img":{"alt_text":"Jazz im Radio. Foto: Hufner","src":"https:\/\/i0.wp.com\/www.jazzzeitung.de\/cms\/wp-content\/uploads\/2019\/03\/jazz_im_radio.jpg?fit=1200%2C773&ssl=1&resize=350%2C200","width":350,"height":200,"srcset":"https:\/\/i0.wp.com\/www.jazzzeitung.de\/cms\/wp-content\/uploads\/2019\/03\/jazz_im_radio.jpg?fit=1200%2C773&ssl=1&resize=350%2C200 1x, https:\/\/i0.wp.com\/www.jazzzeitung.de\/cms\/wp-content\/uploads\/2019\/03\/jazz_im_radio.jpg?fit=1200%2C773&ssl=1&resize=525%2C300 1.5x, https:\/\/i0.wp.com\/www.jazzzeitung.de\/cms\/wp-content\/uploads\/2019\/03\/jazz_im_radio.jpg?fit=1200%2C773&ssl=1&resize=700%2C400 2x, https:\/\/i0.wp.com\/www.jazzzeitung.de\/cms\/wp-content\/uploads\/2019\/03\/jazz_im_radio.jpg?fit=1200%2C773&ssl=1&resize=1050%2C600 3x"},"classes":[]},{"id":24166,"url":"https:\/\/www.jazzzeitung.de\/cms\/2021\/01\/die-jazz-radiowoche-vom-18-01-2125-01-2021\/","url_meta":{"origin":20505,"position":4},"title":"Die Jazz-Radiowoche vom 18.01.21\u201325.01.2021","author":"Martin Hufner","date":"17. Januar 2021","format":false,"excerpt":"Ein kleiner Blick in die Jazzwoche 03 im Radio. Alle Angaben ohne Gew\u00e4hr. Unter anderem: Pianist Sebastian Sternal live im Jazzclub Birdland in Neuburg an der Donau. Aufnahme vom 19. November 2020.","rel":"","context":"In &quot;News&quot;","block_context":{"text":"News","link":"https:\/\/www.jazzzeitung.de\/cms\/thema\/nachrichten\/"},"img":{"alt_text":"Jazz im Radio. Foto: Hufner","src":"https:\/\/i0.wp.com\/www.jazzzeitung.de\/cms\/wp-content\/uploads\/2019\/03\/jazz_im_radio.jpg?fit=1200%2C773&ssl=1&resize=350%2C200","width":350,"height":200,"srcset":"https:\/\/i0.wp.com\/www.jazzzeitung.de\/cms\/wp-content\/uploads\/2019\/03\/jazz_im_radio.jpg?fit=1200%2C773&ssl=1&resize=350%2C200 1x, https:\/\/i0.wp.com\/www.jazzzeitung.de\/cms\/wp-content\/uploads\/2019\/03\/jazz_im_radio.jpg?fit=1200%2C773&ssl=1&resize=525%2C300 1.5x, https:\/\/i0.wp.com\/www.jazzzeitung.de\/cms\/wp-content\/uploads\/2019\/03\/jazz_im_radio.jpg?fit=1200%2C773&ssl=1&resize=700%2C400 2x, https:\/\/i0.wp.com\/www.jazzzeitung.de\/cms\/wp-content\/uploads\/2019\/03\/jazz_im_radio.jpg?fit=1200%2C773&ssl=1&resize=1050%2C600 3x"},"classes":[]},{"id":22441,"url":"https:\/\/www.jazzzeitung.de\/cms\/2020\/05\/die-jazz-radiowoche-vom-04-05-20-bis-10-05-20\/","url_meta":{"origin":20505,"position":5},"title":"Die Jazz-Radiowoche vom 04.05.20 bis 10.05.20","author":"Martin Hufner","date":"3. Mai 2020","format":false,"excerpt":"Ein kleiner Blick in die Jazzwoche 19 im Radio. Alle Angaben ohne Gew\u00e4hr. Jazz Special \u2013 Fire Music \u2013 Die unheilige Allianz von Jazz und Krieg | The Space Between \u2013 Mikrotonalit\u00e4t im Jazz","rel":"","context":"In &quot;News&quot;","block_context":{"text":"News","link":"https:\/\/www.jazzzeitung.de\/cms\/thema\/nachrichten\/"},"img":{"alt_text":"Jazz im Radio. Foto: Hufner","src":"https:\/\/i0.wp.com\/www.jazzzeitung.de\/cms\/wp-content\/uploads\/2019\/03\/jazz_im_radio.jpg?fit=1200%2C773&ssl=1&resize=350%2C200","width":350,"height":200,"srcset":"https:\/\/i0.wp.com\/www.jazzzeitung.de\/cms\/wp-content\/uploads\/2019\/03\/jazz_im_radio.jpg?fit=1200%2C773&ssl=1&resize=350%2C200 1x, https:\/\/i0.wp.com\/www.jazzzeitung.de\/cms\/wp-content\/uploads\/2019\/03\/jazz_im_radio.jpg?fit=1200%2C773&ssl=1&resize=525%2C300 1.5x, https:\/\/i0.wp.com\/www.jazzzeitung.de\/cms\/wp-content\/uploads\/2019\/03\/jazz_im_radio.jpg?fit=1200%2C773&ssl=1&resize=700%2C400 2x, https:\/\/i0.wp.com\/www.jazzzeitung.de\/cms\/wp-content\/uploads\/2019\/03\/jazz_im_radio.jpg?fit=1200%2C773&ssl=1&resize=1050%2C600 3x"},"classes":[]}],"jetpack_sharing_enabled":true,"_links":{"self":[{"href":"https:\/\/www.jazzzeitung.de\/cms\/wp-json\/wp\/v2\/posts\/20505","targetHints":{"allow":["GET"]}}],"collection":[{"href":"https:\/\/www.jazzzeitung.de\/cms\/wp-json\/wp\/v2\/posts"}],"about":[{"href":"https:\/\/www.jazzzeitung.de\/cms\/wp-json\/wp\/v2\/types\/post"}],"author":[{"embeddable":true,"href":"https:\/\/www.jazzzeitung.de\/cms\/wp-json\/wp\/v2\/users\/1"}],"replies":[{"embeddable":true,"href":"https:\/\/www.jazzzeitung.de\/cms\/wp-json\/wp\/v2\/comments?post=20505"}],"version-history":[{"count":2,"href":"https:\/\/www.jazzzeitung.de\/cms\/wp-json\/wp\/v2\/posts\/20505\/revisions"}],"predecessor-version":[{"id":20507,"href":"https:\/\/www.jazzzeitung.de\/cms\/wp-json\/wp\/v2\/posts\/20505\/revisions\/20507"}],"wp:featuredmedia":[{"embeddable":true,"href":"https:\/\/www.jazzzeitung.de\/cms\/wp-json\/wp\/v2\/media\/18913"}],"wp:attachment":[{"href":"https:\/\/www.jazzzeitung.de\/cms\/wp-json\/wp\/v2\/media?parent=20505"}],"wp:term":[{"taxonomy":"category","embeddable":true,"href":"https:\/\/www.jazzzeitung.de\/cms\/wp-json\/wp\/v2\/categories?post=20505"},{"taxonomy":"post_tag","embeddable":true,"href":"https:\/\/www.jazzzeitung.de\/cms\/wp-json\/wp\/v2\/tags?post=20505"},{"taxonomy":"author","embeddable":true,"href":"https:\/\/www.jazzzeitung.de\/cms\/wp-json\/wp\/v2\/coauthors?post=20505"}],"curies":[{"name":"wp","href":"https:\/\/api.w.org\/{rel}","templated":true}]}}