{"id":20392,"date":"2019-08-16T10:00:22","date_gmt":"2019-08-16T08:00:22","guid":{"rendered":"https:\/\/www.jazzzeitung.de\/cms\/?p=20392"},"modified":"2019-08-14T11:49:18","modified_gmt":"2019-08-14T09:49:18","slug":"martin-tingvall-mit-drittem-piano-solo-album-1-in-den-jazz-charts","status":"publish","type":"post","link":"https:\/\/www.jazzzeitung.de\/cms\/2019\/08\/martin-tingvall-mit-drittem-piano-solo-album-1-in-den-jazz-charts\/","title":{"rendered":"Martin Tingvall mit drittem Piano-Solo-Album #1 in den Jazz-Charts"},"content":{"rendered":"<p><strong>Mit 3 ECHO Jazz Auszeichnungen und 9 Jazz Awards in gold (Solo und im Trio) geh\u00f6rt Martin Tingvall zu den erfolgreichsten Jazzmusikern weltweit, der sich mit seinen beiden j\u00fcngsten Trioalben gar in den vorderen Bereichen der Pop-Charts platzierte. &#8222;The rocket&#8220; schie\u00dft direkt an die Spitze der Offiziellen Deutschen Jazz-Charts, ermittelt von GfK Entertainment. Die erste Solo #1 f\u00fcr Martin Tingvall in den Deutschen Jazz-Charts. \u0084<\/strong><\/p>\n<p>&#8222;The rocket&#8220;\u0093 (SKP 9167) hei\u00dft das neue Album, auf dem der Pianist seine Zuh\u00f6rer mit einem ganz eigenen Genre verzaubert und sie auf eine Reise in neue Sph\u00e4ren mitnimmt. Aber von\u00a0 raketenartiger Schnelligkeit kann nicht die Rede sein. Ruhig l\u00e4sst Tingvall es angehen auf diesem Album und diese Ruhe beh\u00e4lt er auch bei. &#8222;\u0084Floating&#8220;\u0093 hei\u00dft eines der ersten St\u00fccke und dann gibt es noch einen Song namens \u0084&#8220;No gravity&#8220;\u0093 &#8211; und genau so f\u00fchlt sich diese Musik an: Schwerelos und leicht. Ohne dabei jemals ins Triviale abzurutschen. Im Titelsong des neuen Albums, \u0084&#8220;The rocket&#8220;\u0093, h\u00f6rt man besonders deutlich, wie sehr Tingvall sich seit seinem letzten Solo-Album musikalisch weiterentwickelt hat. Die traditionelle Verteilung zwischen der rechten und der linken Hand verschwimmt, die linke Hand spielt die Melodie gleichberechtigt zur rechten Hand und vice versa, w\u00e4hrend die Rakete sich langsam durch diese neuen Klangwelten bewegt.<\/p>\n<p>Martin Tingvall, der eigentlich als Jazzpianist gilt, aber sich auch in anderen Genres wie Pop, Rock oder Filmmusik zu Hause f\u00fchlt, spielt auf diesem Album einfach klingende, gleichzeitig ergreifend sch\u00f6ne Melodien mit ja, beinahe klassisch anmutenden musikalischen Themen. Auch seine schwedische Herkunft l\u00e4sst sich nicht verleugnen: Die skandinavische Volksmusik<br \/>\nkann man in beinahe jedem St\u00fcck heraush\u00f6ren. Mit diesem besonderen musikalischen Mix ist ein ganz eigenes Genre entstanden. \u0084&#8220;Unsere Welt unterliegt einem unglaublich schnellen Wandel. Die Digitalisierung ver\u00e4ndert fast alle gesellschaftlichen Bereiche sowie unser t\u00e4gliches Leben. Mit diesem Album wollte ich einen Gegenpol der Ruhe dazu entwerfen. Gleichzeitig erforsche ich f\u00fcr mich auch neue musikalische Welten. Und dabei gibt mir die Musik den Weg vor.\u0093&#8220;<\/p>\n<p>Auf \u0084&#8220;The rocket&#8220;\u0093 l\u00e4sst Tingvall sich Zeit und Raum, um seinen musikalischen Minimalismus noch mehr als auf seinen bisherigen beiden Solo-Alben zu erforschen. Ganz allein, nur Tingvall und sein Klavier.<\/p>\n<p>Videoclip zum St\u00fcck &#8222;Hope&#8220; (aus dem neuen Album &#8222;The Rocket&#8220;):<\/p>\n<p><span class=\"embed-youtube\" style=\"text-align:center; display: block;\"><iframe loading=\"lazy\" class=\"youtube-player\" width=\"840\" height=\"473\" src=\"https:\/\/www.youtube.com\/embed\/Bq6fcBoMtzU?version=3&#038;rel=1&#038;showsearch=0&#038;showinfo=1&#038;iv_load_policy=1&#038;fs=1&#038;hl=de-DE&#038;autohide=2&#038;wmode=transparent\" allowfullscreen=\"true\" style=\"border:0;\" sandbox=\"allow-scripts allow-same-origin allow-popups allow-presentation allow-popups-to-escape-sandbox\"><\/iframe><\/span><\/p>\n<h3><strong>Livetermine<\/strong><\/h3>\n<p><strong>September<\/strong><\/p>\n<p>10.09.2019 Marburg &#8211; KFZ<br \/>\n11.09.2019 Bonn &#8211; Beethovenfest<br \/>\n12.09.2019 Schwelm &#8211; Ibachhaus<br \/>\n13.09.2019 Oldenburg &#8211; Garnisonskirche<br \/>\n21.09.2019 Hamburg &#8211; Laeiszhalle, Gr. Saal<\/p>\n<p><strong>Oktober<\/strong><\/p>\n<p>Martin Tingvall celebrating THE CONCERT<br \/>\n18.10.2019 Berlin &#8211; Passionskirche<br \/>\n19.10.2019 K\u00fchlungsborn &#8211; Kunsthalle<br \/>\n20.10.2019 Neuwied &#8211; Schloss Engers<br \/>\n24.10.2019 Dreieich &#8211; B\u00fcrgerh\u00e4user<br \/>\n25.10.2019 Aachen &#8211; Citykirche<br \/>\n26.10.2019 Karlsruhe &#8211; Tempel<\/p>\n<p><strong>November<\/strong><\/p>\n<p>08.11.2019 Saarburg &#8211; Stadthalle<br \/>\n16.11.2019 Schw\u00e4bisch-Hall &#8211; Hospitalkirche<br \/>\n17.11.2019 Coburg &#8211; Leise am Markt<br \/>\n18.11.2019 Dresden &#8211; Jazz Festival<br \/>\n20.11.2019 Hameln &#8211; Jazzclub<br \/>\n21.11.2019 Kassel &#8211; Theaterst\u00fcbchen<br \/>\n23.11.2019 Essen &#8211; Mariengymnasium<br \/>\n29.11.2019 Bremen &#8211; KITO<br \/>\n30.11.2019 Kiel &#8211; Schauspielhaus<\/p>\n<p><strong>Dezember<\/strong><\/p>\n<p>04.12.2019 Neustadt &#8211; Schloss Landestrost<br \/>\n07.12.2019 K\u00f6ln &#8211; Altes Pfandhaus<\/p>\n<p><strong>2020<\/strong><\/p>\n<p>04.01.2020 Rostock &#8211; Neujahrsempfang<br \/>\n12.02.2020 M\u00fcnchen &#8211; Black Box<br \/>\n14.02.2020 Mannheim &#8211; Ella &amp; Louis<br \/>\n15.02.2020 Rottenbauer &#8211; W\u00fcrzburger<br \/>\nHafensommer Extratour<\/p>\n<hr \/>\n<p>F\u00fcr weitere Informationen kontaktieren Sie bitte:<br \/>\nQ-rious Music Moltkestr. 80, 50674 K\u00f6ln Germany<br \/>\nT: [+49](+221) 500 859-0\u00a0 F: [+49](+221) 500 859-10<br \/>\n<a href=\"mailto:info@qrious.de\">info@qrious.de<\/a>\u00a0 <a href=\"http:\/\/www.qrious.de\">www.qrious.de<\/a><\/p>\n","protected":false},"excerpt":{"rendered":"<p>Mit 3 ECHO Jazz Auszeichnungen und 9 Jazz Awards in gold (Solo und im Trio) geh\u00f6rt Martin Tingvall zu den erfolgreichsten Jazzmusikern weltweit, der sich mit seinen beiden j\u00fcngsten Trioalben gar in den vorderen Bereichen der Pop-Charts platzierte. &#8222;The rocket&#8220; schie\u00dft direkt an die Spitze der Offiziellen Deutschen Jazz-Charts, ermittelt von GfK Entertainment. Die erste Solo #1 f\u00fcr Martin Tingvall in den Deutschen Jazz-Charts. \u0084 &#8222;The rocket&#8220;\u0093 (SKP 9167) hei\u00dft das neue Album, auf dem der Pianist seine Zuh\u00f6rer mit einem ganz eigenen Genre verzaubert und sie auf eine Reise in neue Sph\u00e4ren mitnimmt. Aber von\u00a0 raketenartiger Schnelligkeit kann nicht die Rede sein. Ruhig l\u00e4sst Tingvall es angehen auf diesem Album und diese Ruhe beh\u00e4lt er auch bei. &#8222;\u0084Floating&#8220;\u0093 hei\u00dft eines der ersten St\u00fccke und dann gibt es noch einen Song namens \u0084&#8220;No gravity&#8220;\u0093 &#8211; und genau so f\u00fchlt sich diese Musik an: Schwerelos und leicht. Ohne dabei jemals ins Triviale abzurutschen. Im Titelsong des neuen Albums, \u0084&#8220;The rocket&#8220;\u0093, h\u00f6rt man besonders deutlich, wie sehr Tingvall sich seit seinem letzten Solo-Album musikalisch weiterentwickelt hat. Die traditionelle Verteilung zwischen der rechten und der linken Hand verschwimmt, &hellip;<\/p>\n","protected":false},"author":18,"featured_media":20399,"comment_status":"open","ping_status":"closed","sticky":false,"template":"","format":"standard","meta":{"_jetpack_memberships_contains_paid_content":false,"footnotes":"","jetpack_publicize_message":"","jetpack_publicize_feature_enabled":true,"jetpack_social_post_already_shared":false,"jetpack_social_options":{"image_generator_settings":{"template":"highway","default_image_id":0,"font":"","enabled":false},"version":2}},"categories":[633],"tags":[2695,2694,2696],"coauthors":[695],"class_list":["post-20392","post","type-post","status-publish","format-standard","has-post-thumbnail","hentry","category-nachrichten","tag-jazzcharts","tag-martin-tingvall","tag-the-rocket"],"yoast_head":"<!-- This site is optimized with the Yoast SEO plugin v27.5 - https:\/\/yoast.com\/product\/yoast-seo-wordpress\/ -->\n<title>Martin Tingvall mit drittem Piano-Solo-Album #1 in den Jazz-Charts - JazzZeitung<\/title>\n<meta name=\"robots\" content=\"index, follow, max-snippet:-1, max-image-preview:large, max-video-preview:-1\" \/>\n<link rel=\"canonical\" href=\"https:\/\/www.jazzzeitung.de\/cms\/2019\/08\/martin-tingvall-mit-drittem-piano-solo-album-1-in-den-jazz-charts\/\" \/>\n<meta property=\"og:locale\" content=\"de_DE\" \/>\n<meta property=\"og:type\" content=\"article\" \/>\n<meta property=\"og:title\" content=\"Martin Tingvall mit drittem Piano-Solo-Album #1 in den Jazz-Charts - JazzZeitung\" \/>\n<meta property=\"og:description\" content=\"Mit 3 ECHO Jazz Auszeichnungen und 9 Jazz Awards in gold (Solo und im Trio) geh\u00f6rt Martin Tingvall zu den erfolgreichsten Jazzmusikern weltweit, der sich mit seinen beiden j\u00fcngsten Trioalben gar in den vorderen Bereichen der Pop-Charts platzierte. &#8222;The rocket&#8220; schie\u00dft direkt an die Spitze der Offiziellen Deutschen Jazz-Charts, ermittelt von GfK Entertainment. Die erste Solo #1 f\u00fcr Martin Tingvall in den Deutschen Jazz-Charts. \u0084 &#8222;The rocket&#8220;\u0093 (SKP 9167) hei\u00dft das neue Album, auf dem der Pianist seine Zuh\u00f6rer mit einem ganz eigenen Genre verzaubert und sie auf eine Reise in neue Sph\u00e4ren mitnimmt. Aber von\u00a0 raketenartiger Schnelligkeit kann nicht die Rede sein. Ruhig l\u00e4sst Tingvall es angehen auf diesem Album und diese Ruhe beh\u00e4lt er auch bei. &#8222;\u0084Floating&#8220;\u0093 hei\u00dft eines der ersten St\u00fccke und dann gibt es noch einen Song namens \u0084&#8220;No gravity&#8220;\u0093 &#8211; und genau so f\u00fchlt sich diese Musik an: Schwerelos und leicht. Ohne dabei jemals ins Triviale abzurutschen. Im Titelsong des neuen Albums, \u0084&#8220;The rocket&#8220;\u0093, h\u00f6rt man besonders deutlich, wie sehr Tingvall sich seit seinem letzten Solo-Album musikalisch weiterentwickelt hat. Die traditionelle Verteilung zwischen der rechten und der linken Hand verschwimmt, &hellip;\" \/>\n<meta property=\"og:url\" content=\"https:\/\/www.jazzzeitung.de\/cms\/2019\/08\/martin-tingvall-mit-drittem-piano-solo-album-1-in-den-jazz-charts\/\" \/>\n<meta property=\"og:site_name\" content=\"JazzZeitung\" \/>\n<meta property=\"article:publisher\" content=\"https:\/\/www.facebook.com\/JazzZeitung\/\" \/>\n<meta property=\"article:published_time\" content=\"2019-08-16T08:00:22+00:00\" \/>\n<meta property=\"og:image\" content=\"https:\/\/i0.wp.com\/www.jazzzeitung.de\/cms\/wp-content\/uploads\/2019\/08\/Martin-Tingvall-2019-Portrait-2-by-Jenny-Kornmacher-e1565774697106.jpeg?fit=3027%2C2104&ssl=1\" \/>\n\t<meta property=\"og:image:width\" content=\"3027\" \/>\n\t<meta property=\"og:image:height\" content=\"2104\" \/>\n\t<meta property=\"og:image:type\" content=\"image\/jpeg\" \/>\n<meta name=\"author\" content=\"Redaktion JazzZeitung\" \/>\n<script type=\"application\/ld+json\" class=\"yoast-schema-graph\">{\"@context\":\"https:\\\/\\\/schema.org\",\"@graph\":[{\"@type\":\"Article\",\"@id\":\"https:\\\/\\\/www.jazzzeitung.de\\\/cms\\\/2019\\\/08\\\/martin-tingvall-mit-drittem-piano-solo-album-1-in-den-jazz-charts\\\/#article\",\"isPartOf\":{\"@id\":\"https:\\\/\\\/www.jazzzeitung.de\\\/cms\\\/2019\\\/08\\\/martin-tingvall-mit-drittem-piano-solo-album-1-in-den-jazz-charts\\\/\"},\"author\":{\"name\":\"Redaktion JazzZeitung\",\"@id\":\"https:\\\/\\\/www.jazzzeitung.de\\\/cms\\\/#\\\/schema\\\/person\\\/2245b36b9cd1d24cea10f01c031fb92b\"},\"headline\":\"Martin Tingvall mit drittem Piano-Solo-Album #1 in den Jazz-Charts\",\"datePublished\":\"2019-08-16T08:00:22+00:00\",\"mainEntityOfPage\":{\"@id\":\"https:\\\/\\\/www.jazzzeitung.de\\\/cms\\\/2019\\\/08\\\/martin-tingvall-mit-drittem-piano-solo-album-1-in-den-jazz-charts\\\/\"},\"wordCount\":528,\"commentCount\":0,\"publisher\":{\"@id\":\"https:\\\/\\\/www.jazzzeitung.de\\\/cms\\\/#organization\"},\"image\":{\"@id\":\"https:\\\/\\\/www.jazzzeitung.de\\\/cms\\\/2019\\\/08\\\/martin-tingvall-mit-drittem-piano-solo-album-1-in-den-jazz-charts\\\/#primaryimage\"},\"thumbnailUrl\":\"https:\\\/\\\/i0.wp.com\\\/www.jazzzeitung.de\\\/cms\\\/wp-content\\\/uploads\\\/2019\\\/08\\\/Martin-Tingvall-2019-Portrait-2-by-Jenny-Kornmacher-e1565774697106.jpeg?fit=3027%2C2104&ssl=1\",\"keywords\":[\"Jazzcharts\",\"Martin Tingvall\",\"The Rocket\"],\"articleSection\":[\"News\"],\"inLanguage\":\"de\",\"potentialAction\":[{\"@type\":\"CommentAction\",\"name\":\"Comment\",\"target\":[\"https:\\\/\\\/www.jazzzeitung.de\\\/cms\\\/2019\\\/08\\\/martin-tingvall-mit-drittem-piano-solo-album-1-in-den-jazz-charts\\\/#respond\"]}]},{\"@type\":\"WebPage\",\"@id\":\"https:\\\/\\\/www.jazzzeitung.de\\\/cms\\\/2019\\\/08\\\/martin-tingvall-mit-drittem-piano-solo-album-1-in-den-jazz-charts\\\/\",\"url\":\"https:\\\/\\\/www.jazzzeitung.de\\\/cms\\\/2019\\\/08\\\/martin-tingvall-mit-drittem-piano-solo-album-1-in-den-jazz-charts\\\/\",\"name\":\"Martin Tingvall mit drittem Piano-Solo-Album #1 in den Jazz-Charts - JazzZeitung\",\"isPartOf\":{\"@id\":\"https:\\\/\\\/www.jazzzeitung.de\\\/cms\\\/#website\"},\"primaryImageOfPage\":{\"@id\":\"https:\\\/\\\/www.jazzzeitung.de\\\/cms\\\/2019\\\/08\\\/martin-tingvall-mit-drittem-piano-solo-album-1-in-den-jazz-charts\\\/#primaryimage\"},\"image\":{\"@id\":\"https:\\\/\\\/www.jazzzeitung.de\\\/cms\\\/2019\\\/08\\\/martin-tingvall-mit-drittem-piano-solo-album-1-in-den-jazz-charts\\\/#primaryimage\"},\"thumbnailUrl\":\"https:\\\/\\\/i0.wp.com\\\/www.jazzzeitung.de\\\/cms\\\/wp-content\\\/uploads\\\/2019\\\/08\\\/Martin-Tingvall-2019-Portrait-2-by-Jenny-Kornmacher-e1565774697106.jpeg?fit=3027%2C2104&ssl=1\",\"datePublished\":\"2019-08-16T08:00:22+00:00\",\"breadcrumb\":{\"@id\":\"https:\\\/\\\/www.jazzzeitung.de\\\/cms\\\/2019\\\/08\\\/martin-tingvall-mit-drittem-piano-solo-album-1-in-den-jazz-charts\\\/#breadcrumb\"},\"inLanguage\":\"de\",\"potentialAction\":[{\"@type\":\"ReadAction\",\"target\":[\"https:\\\/\\\/www.jazzzeitung.de\\\/cms\\\/2019\\\/08\\\/martin-tingvall-mit-drittem-piano-solo-album-1-in-den-jazz-charts\\\/\"]}]},{\"@type\":\"ImageObject\",\"inLanguage\":\"de\",\"@id\":\"https:\\\/\\\/www.jazzzeitung.de\\\/cms\\\/2019\\\/08\\\/martin-tingvall-mit-drittem-piano-solo-album-1-in-den-jazz-charts\\\/#primaryimage\",\"url\":\"https:\\\/\\\/i0.wp.com\\\/www.jazzzeitung.de\\\/cms\\\/wp-content\\\/uploads\\\/2019\\\/08\\\/Martin-Tingvall-2019-Portrait-2-by-Jenny-Kornmacher-e1565774697106.jpeg?fit=3027%2C2104&ssl=1\",\"contentUrl\":\"https:\\\/\\\/i0.wp.com\\\/www.jazzzeitung.de\\\/cms\\\/wp-content\\\/uploads\\\/2019\\\/08\\\/Martin-Tingvall-2019-Portrait-2-by-Jenny-Kornmacher-e1565774697106.jpeg?fit=3027%2C2104&ssl=1\",\"width\":3027,\"height\":2104},{\"@type\":\"BreadcrumbList\",\"@id\":\"https:\\\/\\\/www.jazzzeitung.de\\\/cms\\\/2019\\\/08\\\/martin-tingvall-mit-drittem-piano-solo-album-1-in-den-jazz-charts\\\/#breadcrumb\",\"itemListElement\":[{\"@type\":\"ListItem\",\"position\":1,\"name\":\"Startseite\",\"item\":\"https:\\\/\\\/www.jazzzeitung.de\\\/cms\\\/\"},{\"@type\":\"ListItem\",\"position\":2,\"name\":\"Martin Tingvall mit drittem Piano-Solo-Album #1 in den Jazz-Charts\"}]},{\"@type\":\"WebSite\",\"@id\":\"https:\\\/\\\/www.jazzzeitung.de\\\/cms\\\/#website\",\"url\":\"https:\\\/\\\/www.jazzzeitung.de\\\/cms\\\/\",\"name\":\"JazzZeitung\",\"description\":\"Jazz-News und Jazz-Kontroverses\",\"publisher\":{\"@id\":\"https:\\\/\\\/www.jazzzeitung.de\\\/cms\\\/#organization\"},\"potentialAction\":[{\"@type\":\"SearchAction\",\"target\":{\"@type\":\"EntryPoint\",\"urlTemplate\":\"https:\\\/\\\/www.jazzzeitung.de\\\/cms\\\/?s={search_term_string}\"},\"query-input\":{\"@type\":\"PropertyValueSpecification\",\"valueRequired\":true,\"valueName\":\"search_term_string\"}}],\"inLanguage\":\"de\"},{\"@type\":\"Organization\",\"@id\":\"https:\\\/\\\/www.jazzzeitung.de\\\/cms\\\/#organization\",\"name\":\"JazzZeitung online\",\"url\":\"https:\\\/\\\/www.jazzzeitung.de\\\/cms\\\/\",\"logo\":{\"@type\":\"ImageObject\",\"inLanguage\":\"de\",\"@id\":\"https:\\\/\\\/www.jazzzeitung.de\\\/cms\\\/#\\\/schema\\\/logo\\\/image\\\/\",\"url\":\"https:\\\/\\\/i0.wp.com\\\/www.jazzzeitung.de\\\/cms\\\/wp-content\\\/uploads\\\/2015\\\/08\\\/JAZZZEITUNGDE_Logo_Neu.png?fit=499%2C200&ssl=1\",\"contentUrl\":\"https:\\\/\\\/i0.wp.com\\\/www.jazzzeitung.de\\\/cms\\\/wp-content\\\/uploads\\\/2015\\\/08\\\/JAZZZEITUNGDE_Logo_Neu.png?fit=499%2C200&ssl=1\",\"width\":499,\"height\":200,\"caption\":\"JazzZeitung online\"},\"image\":{\"@id\":\"https:\\\/\\\/www.jazzzeitung.de\\\/cms\\\/#\\\/schema\\\/logo\\\/image\\\/\"},\"sameAs\":[\"https:\\\/\\\/www.facebook.com\\\/JazzZeitung\\\/\"]},{\"@type\":\"Person\",\"@id\":\"https:\\\/\\\/www.jazzzeitung.de\\\/cms\\\/#\\\/schema\\\/person\\\/2245b36b9cd1d24cea10f01c031fb92b\",\"name\":\"Redaktion JazzZeitung\",\"image\":{\"@type\":\"ImageObject\",\"inLanguage\":\"de\",\"@id\":\"https:\\\/\\\/i0.wp.com\\\/www.jazzzeitung.de\\\/cms\\\/wp-content\\\/uploads\\\/2015\\\/08\\\/JAZZZEITUNGDE_Logo_Neu.png?resize=96%2C96&ssl=159975dcacb611b5700bd619b5daf0a7a\",\"url\":\"https:\\\/\\\/i0.wp.com\\\/www.jazzzeitung.de\\\/cms\\\/wp-content\\\/uploads\\\/2015\\\/08\\\/JAZZZEITUNGDE_Logo_Neu.png?resize=96%2C96&ssl=1\",\"contentUrl\":\"https:\\\/\\\/i0.wp.com\\\/www.jazzzeitung.de\\\/cms\\\/wp-content\\\/uploads\\\/2015\\\/08\\\/JAZZZEITUNGDE_Logo_Neu.png?resize=96%2C96&ssl=1\",\"caption\":\"Redaktion JazzZeitung\"},\"description\":\"Artikel der Redaktion der JazzZeitung.\",\"sameAs\":[\"http:\\\/\\\/www.jazzzeitung.de\\\/cms\\\/\"],\"url\":\"https:\\\/\\\/www.jazzzeitung.de\\\/cms\\\/author\\\/redaktion\\\/\"}]}<\/script>\n<!-- \/ Yoast SEO plugin. -->","yoast_head_json":{"title":"Martin Tingvall mit drittem Piano-Solo-Album #1 in den Jazz-Charts - JazzZeitung","robots":{"index":"index","follow":"follow","max-snippet":"max-snippet:-1","max-image-preview":"max-image-preview:large","max-video-preview":"max-video-preview:-1"},"canonical":"https:\/\/www.jazzzeitung.de\/cms\/2019\/08\/martin-tingvall-mit-drittem-piano-solo-album-1-in-den-jazz-charts\/","og_locale":"de_DE","og_type":"article","og_title":"Martin Tingvall mit drittem Piano-Solo-Album #1 in den Jazz-Charts - JazzZeitung","og_description":"Mit 3 ECHO Jazz Auszeichnungen und 9 Jazz Awards in gold (Solo und im Trio) geh\u00f6rt Martin Tingvall zu den erfolgreichsten Jazzmusikern weltweit, der sich mit seinen beiden j\u00fcngsten Trioalben gar in den vorderen Bereichen der Pop-Charts platzierte. &#8222;The rocket&#8220; schie\u00dft direkt an die Spitze der Offiziellen Deutschen Jazz-Charts, ermittelt von GfK Entertainment. Die erste Solo #1 f\u00fcr Martin Tingvall in den Deutschen Jazz-Charts. \u0084 &#8222;The rocket&#8220;\u0093 (SKP 9167) hei\u00dft das neue Album, auf dem der Pianist seine Zuh\u00f6rer mit einem ganz eigenen Genre verzaubert und sie auf eine Reise in neue Sph\u00e4ren mitnimmt. Aber von\u00a0 raketenartiger Schnelligkeit kann nicht die Rede sein. Ruhig l\u00e4sst Tingvall es angehen auf diesem Album und diese Ruhe beh\u00e4lt er auch bei. &#8222;\u0084Floating&#8220;\u0093 hei\u00dft eines der ersten St\u00fccke und dann gibt es noch einen Song namens \u0084&#8220;No gravity&#8220;\u0093 &#8211; und genau so f\u00fchlt sich diese Musik an: Schwerelos und leicht. Ohne dabei jemals ins Triviale abzurutschen. Im Titelsong des neuen Albums, \u0084&#8220;The rocket&#8220;\u0093, h\u00f6rt man besonders deutlich, wie sehr Tingvall sich seit seinem letzten Solo-Album musikalisch weiterentwickelt hat. Die traditionelle Verteilung zwischen der rechten und der linken Hand verschwimmt, &hellip;","og_url":"https:\/\/www.jazzzeitung.de\/cms\/2019\/08\/martin-tingvall-mit-drittem-piano-solo-album-1-in-den-jazz-charts\/","og_site_name":"JazzZeitung","article_publisher":"https:\/\/www.facebook.com\/JazzZeitung\/","article_published_time":"2019-08-16T08:00:22+00:00","og_image":[{"width":3027,"height":2104,"url":"https:\/\/i0.wp.com\/www.jazzzeitung.de\/cms\/wp-content\/uploads\/2019\/08\/Martin-Tingvall-2019-Portrait-2-by-Jenny-Kornmacher-e1565774697106.jpeg?fit=3027%2C2104&ssl=1","type":"image\/jpeg"}],"author":"Redaktion JazzZeitung","schema":{"@context":"https:\/\/schema.org","@graph":[{"@type":"Article","@id":"https:\/\/www.jazzzeitung.de\/cms\/2019\/08\/martin-tingvall-mit-drittem-piano-solo-album-1-in-den-jazz-charts\/#article","isPartOf":{"@id":"https:\/\/www.jazzzeitung.de\/cms\/2019\/08\/martin-tingvall-mit-drittem-piano-solo-album-1-in-den-jazz-charts\/"},"author":{"name":"Redaktion JazzZeitung","@id":"https:\/\/www.jazzzeitung.de\/cms\/#\/schema\/person\/2245b36b9cd1d24cea10f01c031fb92b"},"headline":"Martin Tingvall mit drittem Piano-Solo-Album #1 in den Jazz-Charts","datePublished":"2019-08-16T08:00:22+00:00","mainEntityOfPage":{"@id":"https:\/\/www.jazzzeitung.de\/cms\/2019\/08\/martin-tingvall-mit-drittem-piano-solo-album-1-in-den-jazz-charts\/"},"wordCount":528,"commentCount":0,"publisher":{"@id":"https:\/\/www.jazzzeitung.de\/cms\/#organization"},"image":{"@id":"https:\/\/www.jazzzeitung.de\/cms\/2019\/08\/martin-tingvall-mit-drittem-piano-solo-album-1-in-den-jazz-charts\/#primaryimage"},"thumbnailUrl":"https:\/\/i0.wp.com\/www.jazzzeitung.de\/cms\/wp-content\/uploads\/2019\/08\/Martin-Tingvall-2019-Portrait-2-by-Jenny-Kornmacher-e1565774697106.jpeg?fit=3027%2C2104&ssl=1","keywords":["Jazzcharts","Martin Tingvall","The Rocket"],"articleSection":["News"],"inLanguage":"de","potentialAction":[{"@type":"CommentAction","name":"Comment","target":["https:\/\/www.jazzzeitung.de\/cms\/2019\/08\/martin-tingvall-mit-drittem-piano-solo-album-1-in-den-jazz-charts\/#respond"]}]},{"@type":"WebPage","@id":"https:\/\/www.jazzzeitung.de\/cms\/2019\/08\/martin-tingvall-mit-drittem-piano-solo-album-1-in-den-jazz-charts\/","url":"https:\/\/www.jazzzeitung.de\/cms\/2019\/08\/martin-tingvall-mit-drittem-piano-solo-album-1-in-den-jazz-charts\/","name":"Martin Tingvall mit drittem Piano-Solo-Album #1 in den Jazz-Charts - JazzZeitung","isPartOf":{"@id":"https:\/\/www.jazzzeitung.de\/cms\/#website"},"primaryImageOfPage":{"@id":"https:\/\/www.jazzzeitung.de\/cms\/2019\/08\/martin-tingvall-mit-drittem-piano-solo-album-1-in-den-jazz-charts\/#primaryimage"},"image":{"@id":"https:\/\/www.jazzzeitung.de\/cms\/2019\/08\/martin-tingvall-mit-drittem-piano-solo-album-1-in-den-jazz-charts\/#primaryimage"},"thumbnailUrl":"https:\/\/i0.wp.com\/www.jazzzeitung.de\/cms\/wp-content\/uploads\/2019\/08\/Martin-Tingvall-2019-Portrait-2-by-Jenny-Kornmacher-e1565774697106.jpeg?fit=3027%2C2104&ssl=1","datePublished":"2019-08-16T08:00:22+00:00","breadcrumb":{"@id":"https:\/\/www.jazzzeitung.de\/cms\/2019\/08\/martin-tingvall-mit-drittem-piano-solo-album-1-in-den-jazz-charts\/#breadcrumb"},"inLanguage":"de","potentialAction":[{"@type":"ReadAction","target":["https:\/\/www.jazzzeitung.de\/cms\/2019\/08\/martin-tingvall-mit-drittem-piano-solo-album-1-in-den-jazz-charts\/"]}]},{"@type":"ImageObject","inLanguage":"de","@id":"https:\/\/www.jazzzeitung.de\/cms\/2019\/08\/martin-tingvall-mit-drittem-piano-solo-album-1-in-den-jazz-charts\/#primaryimage","url":"https:\/\/i0.wp.com\/www.jazzzeitung.de\/cms\/wp-content\/uploads\/2019\/08\/Martin-Tingvall-2019-Portrait-2-by-Jenny-Kornmacher-e1565774697106.jpeg?fit=3027%2C2104&ssl=1","contentUrl":"https:\/\/i0.wp.com\/www.jazzzeitung.de\/cms\/wp-content\/uploads\/2019\/08\/Martin-Tingvall-2019-Portrait-2-by-Jenny-Kornmacher-e1565774697106.jpeg?fit=3027%2C2104&ssl=1","width":3027,"height":2104},{"@type":"BreadcrumbList","@id":"https:\/\/www.jazzzeitung.de\/cms\/2019\/08\/martin-tingvall-mit-drittem-piano-solo-album-1-in-den-jazz-charts\/#breadcrumb","itemListElement":[{"@type":"ListItem","position":1,"name":"Startseite","item":"https:\/\/www.jazzzeitung.de\/cms\/"},{"@type":"ListItem","position":2,"name":"Martin Tingvall mit drittem Piano-Solo-Album #1 in den Jazz-Charts"}]},{"@type":"WebSite","@id":"https:\/\/www.jazzzeitung.de\/cms\/#website","url":"https:\/\/www.jazzzeitung.de\/cms\/","name":"JazzZeitung","description":"Jazz-News und Jazz-Kontroverses","publisher":{"@id":"https:\/\/www.jazzzeitung.de\/cms\/#organization"},"potentialAction":[{"@type":"SearchAction","target":{"@type":"EntryPoint","urlTemplate":"https:\/\/www.jazzzeitung.de\/cms\/?s={search_term_string}"},"query-input":{"@type":"PropertyValueSpecification","valueRequired":true,"valueName":"search_term_string"}}],"inLanguage":"de"},{"@type":"Organization","@id":"https:\/\/www.jazzzeitung.de\/cms\/#organization","name":"JazzZeitung online","url":"https:\/\/www.jazzzeitung.de\/cms\/","logo":{"@type":"ImageObject","inLanguage":"de","@id":"https:\/\/www.jazzzeitung.de\/cms\/#\/schema\/logo\/image\/","url":"https:\/\/i0.wp.com\/www.jazzzeitung.de\/cms\/wp-content\/uploads\/2015\/08\/JAZZZEITUNGDE_Logo_Neu.png?fit=499%2C200&ssl=1","contentUrl":"https:\/\/i0.wp.com\/www.jazzzeitung.de\/cms\/wp-content\/uploads\/2015\/08\/JAZZZEITUNGDE_Logo_Neu.png?fit=499%2C200&ssl=1","width":499,"height":200,"caption":"JazzZeitung online"},"image":{"@id":"https:\/\/www.jazzzeitung.de\/cms\/#\/schema\/logo\/image\/"},"sameAs":["https:\/\/www.facebook.com\/JazzZeitung\/"]},{"@type":"Person","@id":"https:\/\/www.jazzzeitung.de\/cms\/#\/schema\/person\/2245b36b9cd1d24cea10f01c031fb92b","name":"Redaktion JazzZeitung","image":{"@type":"ImageObject","inLanguage":"de","@id":"https:\/\/i0.wp.com\/www.jazzzeitung.de\/cms\/wp-content\/uploads\/2015\/08\/JAZZZEITUNGDE_Logo_Neu.png?resize=96%2C96&ssl=159975dcacb611b5700bd619b5daf0a7a","url":"https:\/\/i0.wp.com\/www.jazzzeitung.de\/cms\/wp-content\/uploads\/2015\/08\/JAZZZEITUNGDE_Logo_Neu.png?resize=96%2C96&ssl=1","contentUrl":"https:\/\/i0.wp.com\/www.jazzzeitung.de\/cms\/wp-content\/uploads\/2015\/08\/JAZZZEITUNGDE_Logo_Neu.png?resize=96%2C96&ssl=1","caption":"Redaktion JazzZeitung"},"description":"Artikel der Redaktion der JazzZeitung.","sameAs":["http:\/\/www.jazzzeitung.de\/cms\/"],"url":"https:\/\/www.jazzzeitung.de\/cms\/author\/redaktion\/"}]}},"wp-worthy-pixel":{"ignored":false,"public":null,"server":null,"url":null},"wp-worthy-type":"normal","jetpack_publicize_connections":[],"cc_featured_image_caption":{"caption_text":"","source_text":"","source_url":""},"jetpack_featured_media_url":"https:\/\/i0.wp.com\/www.jazzzeitung.de\/cms\/wp-content\/uploads\/2019\/08\/Martin-Tingvall-2019-Portrait-2-by-Jenny-Kornmacher-e1565774697106.jpeg?fit=3027%2C2104&ssl=1","jetpack_shortlink":"https:\/\/wp.me\/p3KEcT-5iU","jetpack-related-posts":[{"id":20494,"url":"https:\/\/www.jazzzeitung.de\/cms\/2019\/08\/20494\/","url_meta":{"origin":20392,"position":0},"title":"42. Jazzfestival Neuwied 2019","author":"Redaktion JazzZeitung","date":"28. August 2019","format":false,"excerpt":"Das Jazzfestival Neuwied findet vom 18. - 20. Oktober 2019 zum 42. Mal statt.Das Festival wurde 1978 gegr\u00fcndet. In den vergangenen 41 Jahren haben zahlreiche namhafte und wegweisende K\u00fcnstler das Jazzfestival Neuwied besucht. John McLaughlin war einer von ihnen, ebenso wie Lester Bowie und Paco De Lucia, Jan Garbarek und\u2026","rel":"","context":"In &quot;News&quot;","block_context":{"text":"News","link":"https:\/\/www.jazzzeitung.de\/cms\/thema\/nachrichten\/"},"img":{"alt_text":"","src":"https:\/\/i0.wp.com\/www.jazzzeitung.de\/cms\/wp-content\/uploads\/2019\/08\/9371E9AA-27DD-41B3-8F9A-F1DF16758870.jpeg?fit=1200%2C797&ssl=1&resize=350%2C200","width":350,"height":200,"srcset":"https:\/\/i0.wp.com\/www.jazzzeitung.de\/cms\/wp-content\/uploads\/2019\/08\/9371E9AA-27DD-41B3-8F9A-F1DF16758870.jpeg?fit=1200%2C797&ssl=1&resize=350%2C200 1x, https:\/\/i0.wp.com\/www.jazzzeitung.de\/cms\/wp-content\/uploads\/2019\/08\/9371E9AA-27DD-41B3-8F9A-F1DF16758870.jpeg?fit=1200%2C797&ssl=1&resize=525%2C300 1.5x, https:\/\/i0.wp.com\/www.jazzzeitung.de\/cms\/wp-content\/uploads\/2019\/08\/9371E9AA-27DD-41B3-8F9A-F1DF16758870.jpeg?fit=1200%2C797&ssl=1&resize=700%2C400 2x, https:\/\/i0.wp.com\/www.jazzzeitung.de\/cms\/wp-content\/uploads\/2019\/08\/9371E9AA-27DD-41B3-8F9A-F1DF16758870.jpeg?fit=1200%2C797&ssl=1&resize=1050%2C600 3x"},"classes":[]},{"id":25582,"url":"https:\/\/www.jazzzeitung.de\/cms\/2021\/08\/das-muenchner-festival-jazz-im-sommer-genre-und-grenzueberschreitend\/","url_meta":{"origin":20392,"position":1},"title":"Das M\u00fcnchner Festival \u201eJazz im Sommer\u201c: genre- und grenz\u00fcberschreitend!","author":"Redaktion JazzZeitung","date":"31. August 2021","format":false,"excerpt":"Endlich mal wieder raus und live Open Air Musik h\u00f6ren. Das Einzige, was man dieses Jahr dabei immer fest im Blick haben muss: die Wetter-App. Dem M\u00fcnchner \u201eJazz im Sommer\u201c war Petrus im Gro\u00dfen und Ganzen wohl gesonnen, und so konnten die zahlreichen Besucher das abwechslungsreiche Festivalprogramm gr\u00f6\u00dftenteils bei Sonnenschein,\u2026","rel":"","context":"In &quot;Bericht&quot;","block_context":{"text":"Bericht","link":"https:\/\/www.jazzzeitung.de\/cms\/thema\/bericht\/"},"img":{"alt_text":"","src":"https:\/\/i0.wp.com\/www.jazzzeitung.de\/cms\/wp-content\/uploads\/2021\/08\/P1211883-Tingvall-Trio-Foto-TJ-Krebs-1.jpg?fit=1200%2C811&ssl=1&resize=350%2C200","width":350,"height":200,"srcset":"https:\/\/i0.wp.com\/www.jazzzeitung.de\/cms\/wp-content\/uploads\/2021\/08\/P1211883-Tingvall-Trio-Foto-TJ-Krebs-1.jpg?fit=1200%2C811&ssl=1&resize=350%2C200 1x, https:\/\/i0.wp.com\/www.jazzzeitung.de\/cms\/wp-content\/uploads\/2021\/08\/P1211883-Tingvall-Trio-Foto-TJ-Krebs-1.jpg?fit=1200%2C811&ssl=1&resize=525%2C300 1.5x, https:\/\/i0.wp.com\/www.jazzzeitung.de\/cms\/wp-content\/uploads\/2021\/08\/P1211883-Tingvall-Trio-Foto-TJ-Krebs-1.jpg?fit=1200%2C811&ssl=1&resize=700%2C400 2x, https:\/\/i0.wp.com\/www.jazzzeitung.de\/cms\/wp-content\/uploads\/2021\/08\/P1211883-Tingvall-Trio-Foto-TJ-Krebs-1.jpg?fit=1200%2C811&ssl=1&resize=1050%2C600 3x"},"classes":[]},{"id":5694,"url":"https:\/\/www.jazzzeitung.de\/cms\/2015\/03\/jazz-im-duesseldorfer-goethe-museum\/","url_meta":{"origin":20392,"position":2},"title":"Jazz im D\u00fcsseldorfer Goethe-Museum","author":"Redaktion JazzZeitung","date":"12. M\u00e4rz 2015","format":false,"excerpt":"Von Dietrich Schlegel - Eine erfolgreiche originelle Konzertreihe Das Goethe-Institut schickt viele, nicht zuletzt auch junge deutsche Jazzmusiker durch die ganze Welt. In \u00f6rtlich bescheidenerem Rahmen, aber weitaus intensiver mit dem Namen des Dichterf\u00fcrsten verbunden, pr\u00e4sentiert sich seit vergangenem Jahr eine Jazzkonzert-Reihe in D\u00fcsseldorf, in dem Mitte des 18. Jahrhunderts\u2026","rel":"","context":"In &quot;Bericht&quot;","block_context":{"text":"Bericht","link":"https:\/\/www.jazzzeitung.de\/cms\/thema\/bericht\/"},"img":{"alt_text":"Waren auch schon im Goethe-Museum zu Gast: Trioscene.","src":"https:\/\/i0.wp.com\/www.jazzzeitung.de\/cms\/wp-content\/uploads\/2015\/03\/triosence05-150x150.jpg?resize=350%2C200","width":350,"height":200},"classes":[]},{"id":18964,"url":"https:\/\/www.jazzzeitung.de\/cms\/2019\/03\/news-deutscher-musikautorenpreis-2019-in-berlin-neuer-deutscher-jazzpreis-2019-in-mannheim-paul-sennewalds-bop-gewinnt-den-sparda-jazz-award-2019\/","url_meta":{"origin":20392,"position":3},"title":"+++ News: +++ Deutscher \u00a0Musikautorenpreis 2019 in Berlin +++ Neuer Deutscher Jazzpreis 2019 in Mannheim +++ Paul Sennewalds BOP gewinnt den Sparda Jazz Award 2019 +++","author":"Redaktion JazzZeitung","date":"19. M\u00e4rz 2019","format":false,"excerpt":"\u201eGegenseitige Anerkennung abseits jeder Konkurrenz\u201c beim DMAP 2019 in Berlin Der Deutsche Musikautorenpreis wurde 2009 von der GEMA ins Leben gerufen, um die Komponisten und Textdichter der deutschen Musikbranche f\u00fcr ihre herausragenden Leistungen zu w\u00fcrdigen. Unter dem Motto \u201eAutoren ehren Autoren\u201c r\u00fccken Musikschaffende in den Vordergrund, die oftmals nicht auf\u2026","rel":"","context":"In &quot;News&quot;","block_context":{"text":"News","link":"https:\/\/www.jazzzeitung.de\/cms\/thema\/nachrichten\/"},"img":{"alt_text":"","src":"https:\/\/i0.wp.com\/www.jazzzeitung.de\/cms\/wp-content\/uploads\/2019\/03\/BB2DMAP2019_Abschlussbild_c.Sebastian_Linder_046.jpg?fit=1200%2C800&ssl=1&resize=350%2C200","width":350,"height":200,"srcset":"https:\/\/i0.wp.com\/www.jazzzeitung.de\/cms\/wp-content\/uploads\/2019\/03\/BB2DMAP2019_Abschlussbild_c.Sebastian_Linder_046.jpg?fit=1200%2C800&ssl=1&resize=350%2C200 1x, https:\/\/i0.wp.com\/www.jazzzeitung.de\/cms\/wp-content\/uploads\/2019\/03\/BB2DMAP2019_Abschlussbild_c.Sebastian_Linder_046.jpg?fit=1200%2C800&ssl=1&resize=525%2C300 1.5x, https:\/\/i0.wp.com\/www.jazzzeitung.de\/cms\/wp-content\/uploads\/2019\/03\/BB2DMAP2019_Abschlussbild_c.Sebastian_Linder_046.jpg?fit=1200%2C800&ssl=1&resize=700%2C400 2x, https:\/\/i0.wp.com\/www.jazzzeitung.de\/cms\/wp-content\/uploads\/2019\/03\/BB2DMAP2019_Abschlussbild_c.Sebastian_Linder_046.jpg?fit=1200%2C800&ssl=1&resize=1050%2C600 3x"},"classes":[]},{"id":4481,"url":"https:\/\/www.jazzzeitung.de\/cms\/2014\/08\/neue-jazzzeitung-201404-im-handel\/","url_meta":{"origin":20392,"position":4},"title":"Neue JazzZeitung 2014\/04 im Handel","author":"Redaktion JazzZeitung","date":"24. August 2014","format":false,"excerpt":"Gedruckt und zug\u00e4nglich: Die neue aktuelle JazzZeitung 2014\/04. Berichte: S\u00fcdtirol Festival, Jazz Sommer im Bayerischen Hof, Bayerisches Jazzweekend, Festival Bingen swingt, Andreas Dombert \/ Chris Gall im Leeren Beutel Regensburg, Ystad Sweden Jazz Festival 2014 Portrait: Ketil Bj\u00f8rnstad, Andrea Keller (Pianistin und Komponistin aus Australien), der Harfenist Edmar Casta\u00f1eda, das\u2026","rel":"","context":"In &quot;JazzZeitung (print)&quot;","block_context":{"text":"JazzZeitung (print)","link":"https:\/\/www.jazzzeitung.de\/cms\/thema\/archiv\/jazzzeitung-print\/"},"img":{"alt_text":"JazzZeitung 2014\/04 - Titelblatt","src":"https:\/\/i0.wp.com\/www.jazzzeitung.de\/cms\/wp-content\/uploads\/2014\/08\/2014-04-jazzzeitung.jpg?fit=804%2C1200&ssl=1&resize=350%2C200","width":350,"height":200,"srcset":"https:\/\/i0.wp.com\/www.jazzzeitung.de\/cms\/wp-content\/uploads\/2014\/08\/2014-04-jazzzeitung.jpg?fit=804%2C1200&ssl=1&resize=350%2C200 1x, https:\/\/i0.wp.com\/www.jazzzeitung.de\/cms\/wp-content\/uploads\/2014\/08\/2014-04-jazzzeitung.jpg?fit=804%2C1200&ssl=1&resize=525%2C300 1.5x, https:\/\/i0.wp.com\/www.jazzzeitung.de\/cms\/wp-content\/uploads\/2014\/08\/2014-04-jazzzeitung.jpg?fit=804%2C1200&ssl=1&resize=700%2C400 2x"},"classes":[]},{"id":24427,"url":"https:\/\/www.jazzzeitung.de\/cms\/2021\/02\/die-jazz-radiowoche-vom-22-02-2128-02-2021\/","url_meta":{"origin":20392,"position":5},"title":"Die Jazz-Radiowoche vom 22.02.21\u201328.02.2021","author":"Martin Hufner","date":"21. Februar 2021","format":false,"excerpt":"Ein kleiner Blick in die Jazzwoche 08 im Radio. Alle Angaben ohne Gew\u00e4hr. 27.2.2021 \u2013 22:03 bis 23:00 | SWR 2 - SWR2 Jazztime: Alone Together \u2013 Fr\u00fche Solo- und Duoaufnahmen im Jazz","rel":"","context":"In &quot;News&quot;","block_context":{"text":"News","link":"https:\/\/www.jazzzeitung.de\/cms\/thema\/nachrichten\/"},"img":{"alt_text":"Jazz im Radio. Foto: Hufner","src":"https:\/\/i0.wp.com\/www.jazzzeitung.de\/cms\/wp-content\/uploads\/2019\/03\/jazz_im_radio.jpg?fit=1200%2C773&ssl=1&resize=350%2C200","width":350,"height":200,"srcset":"https:\/\/i0.wp.com\/www.jazzzeitung.de\/cms\/wp-content\/uploads\/2019\/03\/jazz_im_radio.jpg?fit=1200%2C773&ssl=1&resize=350%2C200 1x, https:\/\/i0.wp.com\/www.jazzzeitung.de\/cms\/wp-content\/uploads\/2019\/03\/jazz_im_radio.jpg?fit=1200%2C773&ssl=1&resize=525%2C300 1.5x, https:\/\/i0.wp.com\/www.jazzzeitung.de\/cms\/wp-content\/uploads\/2019\/03\/jazz_im_radio.jpg?fit=1200%2C773&ssl=1&resize=700%2C400 2x, https:\/\/i0.wp.com\/www.jazzzeitung.de\/cms\/wp-content\/uploads\/2019\/03\/jazz_im_radio.jpg?fit=1200%2C773&ssl=1&resize=1050%2C600 3x"},"classes":[]}],"jetpack_sharing_enabled":true,"_links":{"self":[{"href":"https:\/\/www.jazzzeitung.de\/cms\/wp-json\/wp\/v2\/posts\/20392","targetHints":{"allow":["GET"]}}],"collection":[{"href":"https:\/\/www.jazzzeitung.de\/cms\/wp-json\/wp\/v2\/posts"}],"about":[{"href":"https:\/\/www.jazzzeitung.de\/cms\/wp-json\/wp\/v2\/types\/post"}],"author":[{"embeddable":true,"href":"https:\/\/www.jazzzeitung.de\/cms\/wp-json\/wp\/v2\/users\/18"}],"replies":[{"embeddable":true,"href":"https:\/\/www.jazzzeitung.de\/cms\/wp-json\/wp\/v2\/comments?post=20392"}],"version-history":[{"count":4,"href":"https:\/\/www.jazzzeitung.de\/cms\/wp-json\/wp\/v2\/posts\/20392\/revisions"}],"predecessor-version":[{"id":20395,"href":"https:\/\/www.jazzzeitung.de\/cms\/wp-json\/wp\/v2\/posts\/20392\/revisions\/20395"}],"wp:featuredmedia":[{"embeddable":true,"href":"https:\/\/www.jazzzeitung.de\/cms\/wp-json\/wp\/v2\/media\/20399"}],"wp:attachment":[{"href":"https:\/\/www.jazzzeitung.de\/cms\/wp-json\/wp\/v2\/media?parent=20392"}],"wp:term":[{"taxonomy":"category","embeddable":true,"href":"https:\/\/www.jazzzeitung.de\/cms\/wp-json\/wp\/v2\/categories?post=20392"},{"taxonomy":"post_tag","embeddable":true,"href":"https:\/\/www.jazzzeitung.de\/cms\/wp-json\/wp\/v2\/tags?post=20392"},{"taxonomy":"author","embeddable":true,"href":"https:\/\/www.jazzzeitung.de\/cms\/wp-json\/wp\/v2\/coauthors?post=20392"}],"curies":[{"name":"wp","href":"https:\/\/api.w.org\/{rel}","templated":true}]}}