{"id":20304,"date":"2019-08-07T13:46:25","date_gmt":"2019-08-07T11:46:25","guid":{"rendered":"https:\/\/www.jazzzeitung.de\/cms\/?p=20304"},"modified":"2019-08-07T13:46:25","modified_gmt":"2019-08-07T11:46:25","slug":"siebte-runde-jazz-am-see-starnberger-seejazz-festival-2019","status":"publish","type":"post","link":"https:\/\/www.jazzzeitung.de\/cms\/2019\/08\/siebte-runde-jazz-am-see-starnberger-seejazz-festival-2019\/","title":{"rendered":"Siebte Runde Jazz am See &#8211; Starnberger SeeJazz-Festival 2019"},"content":{"rendered":"<p><strong>Zum siebten Mal f\u00fcllen sich die B\u00fchnen am Starnberger See mit Musik. Vom 10. bis 17. August versammeln sich K\u00fcnstlerinnen und K\u00fcnstler mit der \u201eLiebe zur Kunst und der Begeisterung f\u00fcr Jazz\u201c. Dieses Motto f\u00fchrte den gemeinn\u00fctzigen Verein SeeJazz e.V. bereits 2012 zusammen. Insbesondere sollen die unterschiedlichen Stilrichtungen des Genres gef\u00f6rdert werden. So ist jeder Musikbegeisterte zu einer Rundreise um den Starnberger See eingeladen, um die echten K\u00f6nner ihres Gebiets kennen zu lernen.<\/strong><\/p>\n<p>Eine der Hauptaufgaben des Vereins ist es, diese K\u00f6nner und somit auch den k\u00fcnstlerischen Nachwuchs der Szene zu f\u00f6rdern. Mit Erfolg. Nach den letzten Jahren, soll das <a href=\"https:\/\/www.seejazz.de\/\">SeeJazz-Festival<\/a> immer mehr zur festen Einrichtung des kulturellen Lebens werden. Nicht zuletzt wegen der begeisterten Resonanz des Publikums. So wird auch in diesem Jahr die kulturelle Vielfalt gef\u00f6rdert, indem die lebendige Kunst in der gesamten F\u00fcnfseen-Landschaft, vor allem auch in l\u00e4ndlicheren Regionen, verbreitet wird. Die Grenzen des Arainer Landkreises Starnberg, Bad-T\u00f6lz-Wolfrathshausen\u00a0 und Weilheim Schongau sollen aufgehoben und\u00a0 jeder Musik- und Jazzbegeisterte zu ausgew\u00e4hlten Locations eingeladen werden.<\/p>\n<p>&nbsp;<\/p>\n<p>Die Konzerte im Einzelnen:<\/p>\n<p>&nbsp;<\/p>\n<p><strong>GR\u00c9GORY PRIVAT &#8211; TRIO<\/strong><\/p>\n<p>Gr\u00e9gory Privat (Piano) | Tilo Bertholo (Drums) | Linley Marthe (Kontrabass)<\/p>\n<p><a href=\"http:\/\/www.gregoryprivat.com\">www.gregoryprivat.com<\/a><\/p>\n<p><strong>Samstag, 10.8.2019 | Beginn: 20 Uhr | Eintritt: 25 \u20ac <\/strong><\/p>\n<p><strong>Rittersaal im Schloss Kempfenhausen<\/strong><\/p>\n<p><strong>Vorverkauf:<\/strong> Buchhandlung Sch\u00f6ner Lesen, Berg, Grafstra\u00dfe 26, Tel.: 08151 \/ 91 99 966<\/p>\n<p>&nbsp;<\/p>\n<p><strong>STEFANIE BOLTZ QUARTETT<\/strong><\/p>\n<p>Stefanie Boltz (Vocal) | Martin Kursawe (Gitarre) | Sven Faller (Bass) | Tilman Herpichb\u00f6hm (Drums)<\/p>\n<p><a href=\"http:\/\/www.stefanieboltz.de\">www.stefanieboltz.de<\/a><\/p>\n<p><strong>Sonntag, 11.8.2019 | Beginn: 20 Uhr | Eintritt: 25 \u20ac<\/strong><\/p>\n<p><strong>Schlossgut Oberambach<\/strong><\/p>\n<p><strong>Vorverkauf:\u00a0<\/strong>Schlossgut Oberambach, Tel.: 08177\/9323<\/p>\n<p>&nbsp;<\/p>\n<p><strong>GUIDO MAY \u201cGROOVE EXTRAVAGANZA-BAND\u201c<\/strong><\/p>\n<p>James Morton (Altsaxophon) | Martin Scales (Gitarre) | Patrick Scales (Bass) | Andr\u00e9 Schwager (Keyboard) | Guido May (Drums)<\/p>\n<p><a href=\"http:\/\/www.guido-may.com\">www.guido-may.com<\/a><\/p>\n<p><strong>Mittwoch, 14.8.2019 | Beginn: 20 Uhr | Eintritt: 20 \u20ac<\/strong><\/p>\n<p><strong>Museumsschiff \u2018Tutzing\u2019, Steg im Kustermannpark<\/strong><\/p>\n<p><strong>Vorverkauf:<\/strong> Museumsschiff \u2018Tutzing\u2019, Buchhandlung Held, Hauptstra\u00dfe 70 Tutzing, Tel. 08158 \/ 8388, info@buchhandlung-held.de<br \/>\nFriseursalon Sp\u00f6ttl, Feldafing, Bahnhofstra\u00dfe 48, Tel.: 08157 \/ 7404<\/p>\n<p>&nbsp;<\/p>\n<p><strong>LES HARICOTS ROUGES<\/strong><\/p>\n<p>Pierre Jean (tp\/p\/voc) | Jaques Montebruno (cl\/voc) | Christophe Deret (tb\/voc) | Alain Huguet (bs\/voc) | Norbert Congr\u00e9ga (bjo\/voc) | Michel S\u00e9namaud (dr\/voc)<\/p>\n<p><a href=\"http:\/\/www.lesharicotsrouges.com\">www.lesharicotsrouges.com<\/a><\/p>\n<p><strong>Donnerstag, 15.08.2019 | Beginn 20 Uhr | Eintritt: 25 \u20ac<\/strong><\/p>\n<p><strong>Seeresidenz Alte Post<\/strong><\/p>\n<p><strong>Vorverkauf:<\/strong> Seeresidenz Alte Post, Alter Postplatz 1, 82402 Seeshaupt, Tel.: 08801\/914-0<\/p>\n<p>&nbsp;<\/p>\n<p><strong>RADIO EUROPA<\/strong><\/p>\n<p>Joerg Widmoser (Violine) | Andreas Wiersich (Gitarre) | Wolfgang Lell (Akkordeon) | Alex Bayer (Kontrabass) | Roland Duckarm (Schlagzeug\/Perkussion)<\/p>\n<p><a href=\"http:\/\/www.radio-europa.eu\">www.radio-europa.eu<\/a><\/p>\n<p><strong>Samstag, 17.8.2019 | Beginn: 20 Uhr | Eintritt: 25 \u20ac<\/strong><\/p>\n<p><strong>B\u00fcrgersaal Feldafing<\/strong><\/p>\n<p><strong>Vorverkauf:<\/strong> Buchhandlung Held, Hauptstr. 70, Tutzing, Tel. 08158 8388, info@buchhandlung-held.de<br \/>\nFriseursalon Sp\u00f6ttl, Feldafing, Bahnhofstra\u00dfe 48, Tel: 08157 \/7404<\/p>\n","protected":false},"excerpt":{"rendered":"<p>Zum siebten Mal f\u00fcllen sich die B\u00fchnen am Starnberger See mit Musik. Vom 10. bis 17. August versammeln sich K\u00fcnstlerinnen und K\u00fcnstler mit der \u201eLiebe zur Kunst und der Begeisterung f\u00fcr Jazz\u201c. Dieses Motto f\u00fchrte den gemeinn\u00fctzigen Verein SeeJazz e.V. bereits 2012 zusammen. Insbesondere sollen die unterschiedlichen Stilrichtungen des Genres gef\u00f6rdert werden. So ist jeder Musikbegeisterte zu einer Rundreise um den Starnberger See eingeladen, um die echten K\u00f6nner ihres Gebiets kennen zu lernen. Eine der Hauptaufgaben des Vereins ist es, diese K\u00f6nner und somit auch den k\u00fcnstlerischen Nachwuchs der Szene zu f\u00f6rdern. Mit Erfolg. Nach den letzten Jahren, soll das SeeJazz-Festival immer mehr zur festen Einrichtung des kulturellen Lebens werden. Nicht zuletzt wegen der begeisterten Resonanz des Publikums. So wird auch in diesem Jahr die kulturelle Vielfalt gef\u00f6rdert, indem die lebendige Kunst in der gesamten F\u00fcnfseen-Landschaft, vor allem auch in l\u00e4ndlicheren Regionen, verbreitet wird. Die Grenzen des Arainer Landkreises Starnberg, Bad-T\u00f6lz-Wolfrathshausen\u00a0 und Weilheim Schongau sollen aufgehoben und\u00a0 jeder Musik- und Jazzbegeisterte zu ausgew\u00e4hlten Locations eingeladen werden. &nbsp; Die Konzerte im Einzelnen: &nbsp; GR\u00c9GORY PRIVAT &#8211; TRIO Gr\u00e9gory Privat (Piano) | Tilo Bertholo (Drums) | Linley &hellip;<\/p>\n","protected":false},"author":18,"featured_media":20307,"comment_status":"open","ping_status":"closed","sticky":false,"template":"","format":"standard","meta":{"_jetpack_memberships_contains_paid_content":false,"footnotes":"","jetpack_publicize_message":"","jetpack_publicize_feature_enabled":true,"jetpack_social_post_already_shared":false,"jetpack_social_options":{"image_generator_settings":{"template":"highway","default_image_id":0,"font":"","enabled":false},"version":2}},"categories":[633],"tags":[1471,2673,2674,2676,2672,2671,2670,2675],"coauthors":[695],"class_list":["post-20304","post","type-post","status-publish","format-standard","has-post-thumbnail","hentry","category-nachrichten","tag-gregory-privat","tag-guido-may","tag-les-haricots-rouge","tag-radio-europa","tag-seejazz-e-v","tag-seejazz-festival","tag-starnberger-see","tag-stefanie-boltz"],"yoast_head":"<!-- This site is optimized with the Yoast SEO plugin v27.5 - https:\/\/yoast.com\/product\/yoast-seo-wordpress\/ -->\n<title>Siebte Runde Jazz am See - Starnberger SeeJazz-Festival 2019 - JazzZeitung<\/title>\n<meta name=\"robots\" content=\"index, follow, max-snippet:-1, max-image-preview:large, max-video-preview:-1\" \/>\n<link rel=\"canonical\" href=\"https:\/\/www.jazzzeitung.de\/cms\/2019\/08\/siebte-runde-jazz-am-see-starnberger-seejazz-festival-2019\/\" \/>\n<meta property=\"og:locale\" content=\"de_DE\" \/>\n<meta property=\"og:type\" content=\"article\" \/>\n<meta property=\"og:title\" content=\"Siebte Runde Jazz am See - Starnberger SeeJazz-Festival 2019 - JazzZeitung\" \/>\n<meta property=\"og:description\" content=\"Zum siebten Mal f\u00fcllen sich die B\u00fchnen am Starnberger See mit Musik. Vom 10. bis 17. August versammeln sich K\u00fcnstlerinnen und K\u00fcnstler mit der \u201eLiebe zur Kunst und der Begeisterung f\u00fcr Jazz\u201c. Dieses Motto f\u00fchrte den gemeinn\u00fctzigen Verein SeeJazz e.V. bereits 2012 zusammen. Insbesondere sollen die unterschiedlichen Stilrichtungen des Genres gef\u00f6rdert werden. So ist jeder Musikbegeisterte zu einer Rundreise um den Starnberger See eingeladen, um die echten K\u00f6nner ihres Gebiets kennen zu lernen. Eine der Hauptaufgaben des Vereins ist es, diese K\u00f6nner und somit auch den k\u00fcnstlerischen Nachwuchs der Szene zu f\u00f6rdern. Mit Erfolg. Nach den letzten Jahren, soll das SeeJazz-Festival immer mehr zur festen Einrichtung des kulturellen Lebens werden. Nicht zuletzt wegen der begeisterten Resonanz des Publikums. So wird auch in diesem Jahr die kulturelle Vielfalt gef\u00f6rdert, indem die lebendige Kunst in der gesamten F\u00fcnfseen-Landschaft, vor allem auch in l\u00e4ndlicheren Regionen, verbreitet wird. Die Grenzen des Arainer Landkreises Starnberg, Bad-T\u00f6lz-Wolfrathshausen\u00a0 und Weilheim Schongau sollen aufgehoben und\u00a0 jeder Musik- und Jazzbegeisterte zu ausgew\u00e4hlten Locations eingeladen werden. &nbsp; Die Konzerte im Einzelnen: &nbsp; GR\u00c9GORY PRIVAT &#8211; TRIO Gr\u00e9gory Privat (Piano) | Tilo Bertholo (Drums) | Linley &hellip;\" \/>\n<meta property=\"og:url\" content=\"https:\/\/www.jazzzeitung.de\/cms\/2019\/08\/siebte-runde-jazz-am-see-starnberger-seejazz-festival-2019\/\" \/>\n<meta property=\"og:site_name\" content=\"JazzZeitung\" \/>\n<meta property=\"article:publisher\" content=\"https:\/\/www.facebook.com\/JazzZeitung\/\" \/>\n<meta property=\"article:published_time\" content=\"2019-08-07T11:46:25+00:00\" \/>\n<meta property=\"og:image\" content=\"https:\/\/i0.wp.com\/www.jazzzeitung.de\/cms\/wp-content\/uploads\/2019\/08\/Prettyboys-e1565178320802.jpg?fit=1000%2C617&ssl=1\" \/>\n\t<meta property=\"og:image:width\" content=\"1000\" \/>\n\t<meta property=\"og:image:height\" content=\"617\" \/>\n\t<meta property=\"og:image:type\" content=\"image\/jpeg\" \/>\n<meta name=\"author\" content=\"Redaktion JazzZeitung\" \/>\n<script type=\"application\/ld+json\" class=\"yoast-schema-graph\">{\"@context\":\"https:\\\/\\\/schema.org\",\"@graph\":[{\"@type\":\"Article\",\"@id\":\"https:\\\/\\\/www.jazzzeitung.de\\\/cms\\\/2019\\\/08\\\/siebte-runde-jazz-am-see-starnberger-seejazz-festival-2019\\\/#article\",\"isPartOf\":{\"@id\":\"https:\\\/\\\/www.jazzzeitung.de\\\/cms\\\/2019\\\/08\\\/siebte-runde-jazz-am-see-starnberger-seejazz-festival-2019\\\/\"},\"author\":{\"name\":\"Redaktion JazzZeitung\",\"@id\":\"https:\\\/\\\/www.jazzzeitung.de\\\/cms\\\/#\\\/schema\\\/person\\\/2245b36b9cd1d24cea10f01c031fb92b\"},\"headline\":\"Siebte Runde Jazz am See &#8211; Starnberger SeeJazz-Festival 2019\",\"datePublished\":\"2019-08-07T11:46:25+00:00\",\"mainEntityOfPage\":{\"@id\":\"https:\\\/\\\/www.jazzzeitung.de\\\/cms\\\/2019\\\/08\\\/siebte-runde-jazz-am-see-starnberger-seejazz-festival-2019\\\/\"},\"wordCount\":406,\"commentCount\":0,\"publisher\":{\"@id\":\"https:\\\/\\\/www.jazzzeitung.de\\\/cms\\\/#organization\"},\"image\":{\"@id\":\"https:\\\/\\\/www.jazzzeitung.de\\\/cms\\\/2019\\\/08\\\/siebte-runde-jazz-am-see-starnberger-seejazz-festival-2019\\\/#primaryimage\"},\"thumbnailUrl\":\"https:\\\/\\\/i0.wp.com\\\/www.jazzzeitung.de\\\/cms\\\/wp-content\\\/uploads\\\/2019\\\/08\\\/Prettyboys-e1565178320802.jpg?fit=1000%2C617&ssl=1\",\"keywords\":[\"Gr\u00e9gory Privat\",\"Guido May\",\"Les Haricots Rouge\",\"Radio Europa\",\"SeeJazz e.V.\",\"SeeJazz-Festival\",\"Starnberger See\",\"Stefanie Boltz\"],\"articleSection\":[\"News\"],\"inLanguage\":\"de\",\"potentialAction\":[{\"@type\":\"CommentAction\",\"name\":\"Comment\",\"target\":[\"https:\\\/\\\/www.jazzzeitung.de\\\/cms\\\/2019\\\/08\\\/siebte-runde-jazz-am-see-starnberger-seejazz-festival-2019\\\/#respond\"]}]},{\"@type\":\"WebPage\",\"@id\":\"https:\\\/\\\/www.jazzzeitung.de\\\/cms\\\/2019\\\/08\\\/siebte-runde-jazz-am-see-starnberger-seejazz-festival-2019\\\/\",\"url\":\"https:\\\/\\\/www.jazzzeitung.de\\\/cms\\\/2019\\\/08\\\/siebte-runde-jazz-am-see-starnberger-seejazz-festival-2019\\\/\",\"name\":\"Siebte Runde Jazz am See - Starnberger SeeJazz-Festival 2019 - JazzZeitung\",\"isPartOf\":{\"@id\":\"https:\\\/\\\/www.jazzzeitung.de\\\/cms\\\/#website\"},\"primaryImageOfPage\":{\"@id\":\"https:\\\/\\\/www.jazzzeitung.de\\\/cms\\\/2019\\\/08\\\/siebte-runde-jazz-am-see-starnberger-seejazz-festival-2019\\\/#primaryimage\"},\"image\":{\"@id\":\"https:\\\/\\\/www.jazzzeitung.de\\\/cms\\\/2019\\\/08\\\/siebte-runde-jazz-am-see-starnberger-seejazz-festival-2019\\\/#primaryimage\"},\"thumbnailUrl\":\"https:\\\/\\\/i0.wp.com\\\/www.jazzzeitung.de\\\/cms\\\/wp-content\\\/uploads\\\/2019\\\/08\\\/Prettyboys-e1565178320802.jpg?fit=1000%2C617&ssl=1\",\"datePublished\":\"2019-08-07T11:46:25+00:00\",\"breadcrumb\":{\"@id\":\"https:\\\/\\\/www.jazzzeitung.de\\\/cms\\\/2019\\\/08\\\/siebte-runde-jazz-am-see-starnberger-seejazz-festival-2019\\\/#breadcrumb\"},\"inLanguage\":\"de\",\"potentialAction\":[{\"@type\":\"ReadAction\",\"target\":[\"https:\\\/\\\/www.jazzzeitung.de\\\/cms\\\/2019\\\/08\\\/siebte-runde-jazz-am-see-starnberger-seejazz-festival-2019\\\/\"]}]},{\"@type\":\"ImageObject\",\"inLanguage\":\"de\",\"@id\":\"https:\\\/\\\/www.jazzzeitung.de\\\/cms\\\/2019\\\/08\\\/siebte-runde-jazz-am-see-starnberger-seejazz-festival-2019\\\/#primaryimage\",\"url\":\"https:\\\/\\\/i0.wp.com\\\/www.jazzzeitung.de\\\/cms\\\/wp-content\\\/uploads\\\/2019\\\/08\\\/Prettyboys-e1565178320802.jpg?fit=1000%2C617&ssl=1\",\"contentUrl\":\"https:\\\/\\\/i0.wp.com\\\/www.jazzzeitung.de\\\/cms\\\/wp-content\\\/uploads\\\/2019\\\/08\\\/Prettyboys-e1565178320802.jpg?fit=1000%2C617&ssl=1\",\"width\":1000,\"height\":617},{\"@type\":\"BreadcrumbList\",\"@id\":\"https:\\\/\\\/www.jazzzeitung.de\\\/cms\\\/2019\\\/08\\\/siebte-runde-jazz-am-see-starnberger-seejazz-festival-2019\\\/#breadcrumb\",\"itemListElement\":[{\"@type\":\"ListItem\",\"position\":1,\"name\":\"Startseite\",\"item\":\"https:\\\/\\\/www.jazzzeitung.de\\\/cms\\\/\"},{\"@type\":\"ListItem\",\"position\":2,\"name\":\"Siebte Runde Jazz am See &#8211; Starnberger SeeJazz-Festival 2019\"}]},{\"@type\":\"WebSite\",\"@id\":\"https:\\\/\\\/www.jazzzeitung.de\\\/cms\\\/#website\",\"url\":\"https:\\\/\\\/www.jazzzeitung.de\\\/cms\\\/\",\"name\":\"JazzZeitung\",\"description\":\"Jazz-News und Jazz-Kontroverses\",\"publisher\":{\"@id\":\"https:\\\/\\\/www.jazzzeitung.de\\\/cms\\\/#organization\"},\"potentialAction\":[{\"@type\":\"SearchAction\",\"target\":{\"@type\":\"EntryPoint\",\"urlTemplate\":\"https:\\\/\\\/www.jazzzeitung.de\\\/cms\\\/?s={search_term_string}\"},\"query-input\":{\"@type\":\"PropertyValueSpecification\",\"valueRequired\":true,\"valueName\":\"search_term_string\"}}],\"inLanguage\":\"de\"},{\"@type\":\"Organization\",\"@id\":\"https:\\\/\\\/www.jazzzeitung.de\\\/cms\\\/#organization\",\"name\":\"JazzZeitung online\",\"url\":\"https:\\\/\\\/www.jazzzeitung.de\\\/cms\\\/\",\"logo\":{\"@type\":\"ImageObject\",\"inLanguage\":\"de\",\"@id\":\"https:\\\/\\\/www.jazzzeitung.de\\\/cms\\\/#\\\/schema\\\/logo\\\/image\\\/\",\"url\":\"https:\\\/\\\/i0.wp.com\\\/www.jazzzeitung.de\\\/cms\\\/wp-content\\\/uploads\\\/2015\\\/08\\\/JAZZZEITUNGDE_Logo_Neu.png?fit=499%2C200&ssl=1\",\"contentUrl\":\"https:\\\/\\\/i0.wp.com\\\/www.jazzzeitung.de\\\/cms\\\/wp-content\\\/uploads\\\/2015\\\/08\\\/JAZZZEITUNGDE_Logo_Neu.png?fit=499%2C200&ssl=1\",\"width\":499,\"height\":200,\"caption\":\"JazzZeitung online\"},\"image\":{\"@id\":\"https:\\\/\\\/www.jazzzeitung.de\\\/cms\\\/#\\\/schema\\\/logo\\\/image\\\/\"},\"sameAs\":[\"https:\\\/\\\/www.facebook.com\\\/JazzZeitung\\\/\"]},{\"@type\":\"Person\",\"@id\":\"https:\\\/\\\/www.jazzzeitung.de\\\/cms\\\/#\\\/schema\\\/person\\\/2245b36b9cd1d24cea10f01c031fb92b\",\"name\":\"Redaktion JazzZeitung\",\"image\":{\"@type\":\"ImageObject\",\"inLanguage\":\"de\",\"@id\":\"https:\\\/\\\/i0.wp.com\\\/www.jazzzeitung.de\\\/cms\\\/wp-content\\\/uploads\\\/2015\\\/08\\\/JAZZZEITUNGDE_Logo_Neu.png?resize=96%2C96&ssl=159975dcacb611b5700bd619b5daf0a7a\",\"url\":\"https:\\\/\\\/i0.wp.com\\\/www.jazzzeitung.de\\\/cms\\\/wp-content\\\/uploads\\\/2015\\\/08\\\/JAZZZEITUNGDE_Logo_Neu.png?resize=96%2C96&ssl=1\",\"contentUrl\":\"https:\\\/\\\/i0.wp.com\\\/www.jazzzeitung.de\\\/cms\\\/wp-content\\\/uploads\\\/2015\\\/08\\\/JAZZZEITUNGDE_Logo_Neu.png?resize=96%2C96&ssl=1\",\"caption\":\"Redaktion JazzZeitung\"},\"description\":\"Artikel der Redaktion der JazzZeitung.\",\"sameAs\":[\"http:\\\/\\\/www.jazzzeitung.de\\\/cms\\\/\"],\"url\":\"https:\\\/\\\/www.jazzzeitung.de\\\/cms\\\/author\\\/redaktion\\\/\"}]}<\/script>\n<!-- \/ Yoast SEO plugin. -->","yoast_head_json":{"title":"Siebte Runde Jazz am See - Starnberger SeeJazz-Festival 2019 - JazzZeitung","robots":{"index":"index","follow":"follow","max-snippet":"max-snippet:-1","max-image-preview":"max-image-preview:large","max-video-preview":"max-video-preview:-1"},"canonical":"https:\/\/www.jazzzeitung.de\/cms\/2019\/08\/siebte-runde-jazz-am-see-starnberger-seejazz-festival-2019\/","og_locale":"de_DE","og_type":"article","og_title":"Siebte Runde Jazz am See - Starnberger SeeJazz-Festival 2019 - JazzZeitung","og_description":"Zum siebten Mal f\u00fcllen sich die B\u00fchnen am Starnberger See mit Musik. Vom 10. bis 17. August versammeln sich K\u00fcnstlerinnen und K\u00fcnstler mit der \u201eLiebe zur Kunst und der Begeisterung f\u00fcr Jazz\u201c. Dieses Motto f\u00fchrte den gemeinn\u00fctzigen Verein SeeJazz e.V. bereits 2012 zusammen. Insbesondere sollen die unterschiedlichen Stilrichtungen des Genres gef\u00f6rdert werden. So ist jeder Musikbegeisterte zu einer Rundreise um den Starnberger See eingeladen, um die echten K\u00f6nner ihres Gebiets kennen zu lernen. Eine der Hauptaufgaben des Vereins ist es, diese K\u00f6nner und somit auch den k\u00fcnstlerischen Nachwuchs der Szene zu f\u00f6rdern. Mit Erfolg. Nach den letzten Jahren, soll das SeeJazz-Festival immer mehr zur festen Einrichtung des kulturellen Lebens werden. Nicht zuletzt wegen der begeisterten Resonanz des Publikums. So wird auch in diesem Jahr die kulturelle Vielfalt gef\u00f6rdert, indem die lebendige Kunst in der gesamten F\u00fcnfseen-Landschaft, vor allem auch in l\u00e4ndlicheren Regionen, verbreitet wird. Die Grenzen des Arainer Landkreises Starnberg, Bad-T\u00f6lz-Wolfrathshausen\u00a0 und Weilheim Schongau sollen aufgehoben und\u00a0 jeder Musik- und Jazzbegeisterte zu ausgew\u00e4hlten Locations eingeladen werden. &nbsp; Die Konzerte im Einzelnen: &nbsp; GR\u00c9GORY PRIVAT &#8211; TRIO Gr\u00e9gory Privat (Piano) | Tilo Bertholo (Drums) | Linley &hellip;","og_url":"https:\/\/www.jazzzeitung.de\/cms\/2019\/08\/siebte-runde-jazz-am-see-starnberger-seejazz-festival-2019\/","og_site_name":"JazzZeitung","article_publisher":"https:\/\/www.facebook.com\/JazzZeitung\/","article_published_time":"2019-08-07T11:46:25+00:00","og_image":[{"width":1000,"height":617,"url":"https:\/\/i0.wp.com\/www.jazzzeitung.de\/cms\/wp-content\/uploads\/2019\/08\/Prettyboys-e1565178320802.jpg?fit=1000%2C617&ssl=1","type":"image\/jpeg"}],"author":"Redaktion JazzZeitung","schema":{"@context":"https:\/\/schema.org","@graph":[{"@type":"Article","@id":"https:\/\/www.jazzzeitung.de\/cms\/2019\/08\/siebte-runde-jazz-am-see-starnberger-seejazz-festival-2019\/#article","isPartOf":{"@id":"https:\/\/www.jazzzeitung.de\/cms\/2019\/08\/siebte-runde-jazz-am-see-starnberger-seejazz-festival-2019\/"},"author":{"name":"Redaktion JazzZeitung","@id":"https:\/\/www.jazzzeitung.de\/cms\/#\/schema\/person\/2245b36b9cd1d24cea10f01c031fb92b"},"headline":"Siebte Runde Jazz am See &#8211; Starnberger SeeJazz-Festival 2019","datePublished":"2019-08-07T11:46:25+00:00","mainEntityOfPage":{"@id":"https:\/\/www.jazzzeitung.de\/cms\/2019\/08\/siebte-runde-jazz-am-see-starnberger-seejazz-festival-2019\/"},"wordCount":406,"commentCount":0,"publisher":{"@id":"https:\/\/www.jazzzeitung.de\/cms\/#organization"},"image":{"@id":"https:\/\/www.jazzzeitung.de\/cms\/2019\/08\/siebte-runde-jazz-am-see-starnberger-seejazz-festival-2019\/#primaryimage"},"thumbnailUrl":"https:\/\/i0.wp.com\/www.jazzzeitung.de\/cms\/wp-content\/uploads\/2019\/08\/Prettyboys-e1565178320802.jpg?fit=1000%2C617&ssl=1","keywords":["Gr\u00e9gory Privat","Guido May","Les Haricots Rouge","Radio Europa","SeeJazz e.V.","SeeJazz-Festival","Starnberger See","Stefanie Boltz"],"articleSection":["News"],"inLanguage":"de","potentialAction":[{"@type":"CommentAction","name":"Comment","target":["https:\/\/www.jazzzeitung.de\/cms\/2019\/08\/siebte-runde-jazz-am-see-starnberger-seejazz-festival-2019\/#respond"]}]},{"@type":"WebPage","@id":"https:\/\/www.jazzzeitung.de\/cms\/2019\/08\/siebte-runde-jazz-am-see-starnberger-seejazz-festival-2019\/","url":"https:\/\/www.jazzzeitung.de\/cms\/2019\/08\/siebte-runde-jazz-am-see-starnberger-seejazz-festival-2019\/","name":"Siebte Runde Jazz am See - Starnberger SeeJazz-Festival 2019 - JazzZeitung","isPartOf":{"@id":"https:\/\/www.jazzzeitung.de\/cms\/#website"},"primaryImageOfPage":{"@id":"https:\/\/www.jazzzeitung.de\/cms\/2019\/08\/siebte-runde-jazz-am-see-starnberger-seejazz-festival-2019\/#primaryimage"},"image":{"@id":"https:\/\/www.jazzzeitung.de\/cms\/2019\/08\/siebte-runde-jazz-am-see-starnberger-seejazz-festival-2019\/#primaryimage"},"thumbnailUrl":"https:\/\/i0.wp.com\/www.jazzzeitung.de\/cms\/wp-content\/uploads\/2019\/08\/Prettyboys-e1565178320802.jpg?fit=1000%2C617&ssl=1","datePublished":"2019-08-07T11:46:25+00:00","breadcrumb":{"@id":"https:\/\/www.jazzzeitung.de\/cms\/2019\/08\/siebte-runde-jazz-am-see-starnberger-seejazz-festival-2019\/#breadcrumb"},"inLanguage":"de","potentialAction":[{"@type":"ReadAction","target":["https:\/\/www.jazzzeitung.de\/cms\/2019\/08\/siebte-runde-jazz-am-see-starnberger-seejazz-festival-2019\/"]}]},{"@type":"ImageObject","inLanguage":"de","@id":"https:\/\/www.jazzzeitung.de\/cms\/2019\/08\/siebte-runde-jazz-am-see-starnberger-seejazz-festival-2019\/#primaryimage","url":"https:\/\/i0.wp.com\/www.jazzzeitung.de\/cms\/wp-content\/uploads\/2019\/08\/Prettyboys-e1565178320802.jpg?fit=1000%2C617&ssl=1","contentUrl":"https:\/\/i0.wp.com\/www.jazzzeitung.de\/cms\/wp-content\/uploads\/2019\/08\/Prettyboys-e1565178320802.jpg?fit=1000%2C617&ssl=1","width":1000,"height":617},{"@type":"BreadcrumbList","@id":"https:\/\/www.jazzzeitung.de\/cms\/2019\/08\/siebte-runde-jazz-am-see-starnberger-seejazz-festival-2019\/#breadcrumb","itemListElement":[{"@type":"ListItem","position":1,"name":"Startseite","item":"https:\/\/www.jazzzeitung.de\/cms\/"},{"@type":"ListItem","position":2,"name":"Siebte Runde Jazz am See &#8211; Starnberger SeeJazz-Festival 2019"}]},{"@type":"WebSite","@id":"https:\/\/www.jazzzeitung.de\/cms\/#website","url":"https:\/\/www.jazzzeitung.de\/cms\/","name":"JazzZeitung","description":"Jazz-News und Jazz-Kontroverses","publisher":{"@id":"https:\/\/www.jazzzeitung.de\/cms\/#organization"},"potentialAction":[{"@type":"SearchAction","target":{"@type":"EntryPoint","urlTemplate":"https:\/\/www.jazzzeitung.de\/cms\/?s={search_term_string}"},"query-input":{"@type":"PropertyValueSpecification","valueRequired":true,"valueName":"search_term_string"}}],"inLanguage":"de"},{"@type":"Organization","@id":"https:\/\/www.jazzzeitung.de\/cms\/#organization","name":"JazzZeitung online","url":"https:\/\/www.jazzzeitung.de\/cms\/","logo":{"@type":"ImageObject","inLanguage":"de","@id":"https:\/\/www.jazzzeitung.de\/cms\/#\/schema\/logo\/image\/","url":"https:\/\/i0.wp.com\/www.jazzzeitung.de\/cms\/wp-content\/uploads\/2015\/08\/JAZZZEITUNGDE_Logo_Neu.png?fit=499%2C200&ssl=1","contentUrl":"https:\/\/i0.wp.com\/www.jazzzeitung.de\/cms\/wp-content\/uploads\/2015\/08\/JAZZZEITUNGDE_Logo_Neu.png?fit=499%2C200&ssl=1","width":499,"height":200,"caption":"JazzZeitung online"},"image":{"@id":"https:\/\/www.jazzzeitung.de\/cms\/#\/schema\/logo\/image\/"},"sameAs":["https:\/\/www.facebook.com\/JazzZeitung\/"]},{"@type":"Person","@id":"https:\/\/www.jazzzeitung.de\/cms\/#\/schema\/person\/2245b36b9cd1d24cea10f01c031fb92b","name":"Redaktion JazzZeitung","image":{"@type":"ImageObject","inLanguage":"de","@id":"https:\/\/i0.wp.com\/www.jazzzeitung.de\/cms\/wp-content\/uploads\/2015\/08\/JAZZZEITUNGDE_Logo_Neu.png?resize=96%2C96&ssl=159975dcacb611b5700bd619b5daf0a7a","url":"https:\/\/i0.wp.com\/www.jazzzeitung.de\/cms\/wp-content\/uploads\/2015\/08\/JAZZZEITUNGDE_Logo_Neu.png?resize=96%2C96&ssl=1","contentUrl":"https:\/\/i0.wp.com\/www.jazzzeitung.de\/cms\/wp-content\/uploads\/2015\/08\/JAZZZEITUNGDE_Logo_Neu.png?resize=96%2C96&ssl=1","caption":"Redaktion JazzZeitung"},"description":"Artikel der Redaktion der JazzZeitung.","sameAs":["http:\/\/www.jazzzeitung.de\/cms\/"],"url":"https:\/\/www.jazzzeitung.de\/cms\/author\/redaktion\/"}]}},"wp-worthy-pixel":{"ignored":false,"public":null,"server":null,"url":null},"wp-worthy-type":"normal","jetpack_publicize_connections":[],"cc_featured_image_caption":{"caption_text":"","source_text":"","source_url":""},"jetpack_featured_media_url":"https:\/\/i0.wp.com\/www.jazzzeitung.de\/cms\/wp-content\/uploads\/2019\/08\/Prettyboys-e1565178320802.jpg?fit=1000%2C617&ssl=1","jetpack_shortlink":"https:\/\/wp.me\/p3KEcT-5hu","jetpack-related-posts":[{"id":13085,"url":"https:\/\/www.jazzzeitung.de\/cms\/2017\/07\/5-starnberger-seejazz-festival-vom-12-bis-20-august-2017\/","url_meta":{"origin":20304,"position":0},"title":"5. Starnberger SeeJazz Festival vom 12. bis 20. August 2017","author":"Redaktion JazzZeitung","date":"21. Juli 2017","format":false,"excerpt":"Das 5. Starnberger SeeJazz Festival findet bereits zum 5. Mal vom 12. bis 20. August 2017 rund um den nahe M\u00fcnchen gelegenen bayerischen See statt. Mit der Liebe zur Kunst und der Begeisterung f\u00fcr Jazz wurde im M\u00e4rz 2012 wurde der gemeinn\u00fctzige Verein SeeJazz e.V. gegr\u00fcndet. Zweck des Vereins ist\u2026","rel":"","context":"In &quot;News&quot;","block_context":{"text":"News","link":"https:\/\/www.jazzzeitung.de\/cms\/thema\/nachrichten\/"},"img":{"alt_text":"","src":"https:\/\/i0.wp.com\/www.jazzzeitung.de\/cms\/wp-content\/uploads\/2017\/07\/ILG24x16-03-2013-150x150.jpg?resize=350%2C200&ssl=1","width":350,"height":200},"classes":[]},{"id":9829,"url":"https:\/\/www.jazzzeitung.de\/cms\/2016\/08\/das-seejazz-festival-2016\/","url_meta":{"origin":20304,"position":1},"title":"Das &#8222;SeeJazz-Festival&#8220; 2016","author":"Redaktion JazzZeitung","date":"10. August 2016","format":false,"excerpt":"Das 4. \u201e SeeJazz-Festival\u201c findet vom 13. \u2013 20.8.16 rund um den Starnberger See statt. Jan Lundgren, Torsten Goods & Band, Jazz Police, Allotria Jazzband und das Quartet Saxofour bespielen die ausgew\u00e4hlten Konzertorte. Organisiert wird das Festival vom gemeinn\u00fctzigen Verein SeeJazz e.V., der die F\u00f6rderung von Kunst und Kultur, insbesondere\u2026","rel":"","context":"In &quot;News&quot;","block_context":{"text":"News","link":"https:\/\/www.jazzzeitung.de\/cms\/thema\/nachrichten\/"},"img":{"alt_text":"","src":"https:\/\/i0.wp.com\/www.jazzzeitung.de\/cms\/wp-content\/uploads\/2016\/08\/jazzbild-hochkant-150x150.jpg?resize=350%2C200","width":350,"height":200},"classes":[]},{"id":4069,"url":"https:\/\/www.jazzzeitung.de\/cms\/2014\/06\/zweite-ausgabe-des-starnberger-jazz-festivals-2014\/","url_meta":{"origin":20304,"position":2},"title":"Zweite Ausgabe des Starnberger SeeJazz-Festivals 2014","author":"Andreas Kolb","date":"20. Juni 2014","format":false,"excerpt":"Nach dem Debut im letzten Jahr pr\u00e4sentiert sich das Starnberger See Jazz Festival 2014 mit seiner zweiten Ausgabe. F\u00fcnf international bekannte Gruppen treten im Zeitraum vom 9. bis zum 16. August in f\u00fcnf Locations rund um den Starnberger See auf. Die Veranstaltungsorte lassen erahnen, dass die Besucher neben der Musik\u2026","rel":"","context":"In &quot;News&quot;","block_context":{"text":"News","link":"https:\/\/www.jazzzeitung.de\/cms\/thema\/nachrichten\/"},"img":{"alt_text":"SeeJazz2014Plakat","src":"https:\/\/i0.wp.com\/www.jazzzeitung.de\/cms\/wp-content\/uploads\/2014\/06\/SeeJazz2014Plakat-251x300.jpg?resize=350%2C200","width":350,"height":200},"classes":[]},{"id":29883,"url":"https:\/\/www.jazzzeitung.de\/cms\/2023\/08\/kultur-und-konzert-am-starnberger-see\/","url_meta":{"origin":20304,"position":3},"title":"Kultur und Konzert am Starnberger See und im Schwere Reiter","author":"Redaktion JazzZeitung","date":"2. August 2023","format":false,"excerpt":"SeeJazz Festival rund um den See Vom 5. bis 14. August findet zum 11. Mal die sommerliche Konzertreihe SeeJazz rund um den Starnberger See statt. Die im Verein Seejazz verbundenen lokalen Kulturveranstalter der Region Starnberger F\u00fcnf-Seen-Land, Pfaffenwinkel und T\u00f6lzer Land geben f\u00fcr ihr SeeJazz Festival weiterhin die die \u201eGrenzen\u201c der\u2026","rel":"","context":"In &quot;News&quot;","block_context":{"text":"News","link":"https:\/\/www.jazzzeitung.de\/cms\/thema\/nachrichten\/"},"img":{"alt_text":"","src":"https:\/\/i0.wp.com\/www.jazzzeitung.de\/cms\/wp-content\/uploads\/2017\/07\/ChrisHopkinsFarbPortraitFotoSaschaKletzsch.jpg?fit=1200%2C794&ssl=1&resize=350%2C200","width":350,"height":200,"srcset":"https:\/\/i0.wp.com\/www.jazzzeitung.de\/cms\/wp-content\/uploads\/2017\/07\/ChrisHopkinsFarbPortraitFotoSaschaKletzsch.jpg?fit=1200%2C794&ssl=1&resize=350%2C200 1x, https:\/\/i0.wp.com\/www.jazzzeitung.de\/cms\/wp-content\/uploads\/2017\/07\/ChrisHopkinsFarbPortraitFotoSaschaKletzsch.jpg?fit=1200%2C794&ssl=1&resize=525%2C300 1.5x, https:\/\/i0.wp.com\/www.jazzzeitung.de\/cms\/wp-content\/uploads\/2017\/07\/ChrisHopkinsFarbPortraitFotoSaschaKletzsch.jpg?fit=1200%2C794&ssl=1&resize=700%2C400 2x, https:\/\/i0.wp.com\/www.jazzzeitung.de\/cms\/wp-content\/uploads\/2017\/07\/ChrisHopkinsFarbPortraitFotoSaschaKletzsch.jpg?fit=1200%2C794&ssl=1&resize=1050%2C600 3x"},"classes":[]},{"id":16862,"url":"https:\/\/www.jazzzeitung.de\/cms\/2018\/08\/rund-um-den-starnberger-see-jazz-kennt-kein-kirchturmdenken\/","url_meta":{"origin":20304,"position":4},"title":"Rund um den Starnberger See \u2013 Jazz kennt kein Kirchturmdenken","author":"Redaktion JazzZeitung","date":"4. August 2018","format":false,"excerpt":"Das 6. Starnberger SeeJazz Festival findet vom 11. bis 19. August 2018, und damit erneut in der Ferienzeit statt. Die im Verein verbundenen lokalen Kulturveranstalter der Region Starnberger F\u00fcnf-Seen-Land, Pfaffenwinkel und T\u00f6lzer Land haben sich zusammengefunden, um abseits der Metropole auch in der l\u00e4ndlichen Region lebendiger Kultur Raum zu geben.\u2026","rel":"","context":"In &quot;News&quot;","block_context":{"text":"News","link":"https:\/\/www.jazzzeitung.de\/cms\/thema\/nachrichten\/"},"img":{"alt_text":"","src":"https:\/\/i0.wp.com\/www.jazzzeitung.de\/cms\/wp-content\/uploads\/2018\/08\/Daniel-Stelter2.jpg?fit=400%2C338&ssl=1&resize=350%2C200","width":350,"height":200},"classes":[]},{"id":31452,"url":"https:\/\/www.jazzzeitung.de\/cms\/2024\/08\/das-12-seejazz-festival-will-den-starnberger-see-zum-swingen-bringen\/","url_meta":{"origin":20304,"position":5},"title":"Das 12. \u201eSeeJazz\u201c-Festival will den Starnberger See zum Swingen bringen","author":"Redaktion JazzZeitung","date":"8. August 2024","format":false,"excerpt":"Zum 12. Mal bringt das \u201eSeeJazz\u201c-Festival Stars wie Torsten Zwingenberger, Joo Kraus, Wolfgang Haffner oder Nils Landgren an die sch\u00f6nsten Spielorte rund um den Starnberger See. 2012 schlossen sich acht Jazz-affine Macher rund um den Starnberger See, angef\u00fchrt vom Feldafinger B\u00fcrgermeister und Jazz-Fan Bernhard zum Verein \u201eSeeJazz\u201c zusammen, um \u201edem\u2026","rel":"","context":"In &quot;Bericht&quot;","block_context":{"text":"Bericht","link":"https:\/\/www.jazzzeitung.de\/cms\/thema\/bericht\/"},"img":{"alt_text":"","src":"https:\/\/i0.wp.com\/www.jazzzeitung.de\/cms\/wp-content\/uploads\/2024\/08\/JooKraus2_OliverHochkeppel210224-scaled.jpg?fit=1200%2C795&ssl=1&resize=350%2C200","width":350,"height":200,"srcset":"https:\/\/i0.wp.com\/www.jazzzeitung.de\/cms\/wp-content\/uploads\/2024\/08\/JooKraus2_OliverHochkeppel210224-scaled.jpg?fit=1200%2C795&ssl=1&resize=350%2C200 1x, https:\/\/i0.wp.com\/www.jazzzeitung.de\/cms\/wp-content\/uploads\/2024\/08\/JooKraus2_OliverHochkeppel210224-scaled.jpg?fit=1200%2C795&ssl=1&resize=525%2C300 1.5x, https:\/\/i0.wp.com\/www.jazzzeitung.de\/cms\/wp-content\/uploads\/2024\/08\/JooKraus2_OliverHochkeppel210224-scaled.jpg?fit=1200%2C795&ssl=1&resize=700%2C400 2x, https:\/\/i0.wp.com\/www.jazzzeitung.de\/cms\/wp-content\/uploads\/2024\/08\/JooKraus2_OliverHochkeppel210224-scaled.jpg?fit=1200%2C795&ssl=1&resize=1050%2C600 3x"},"classes":[]}],"jetpack_sharing_enabled":true,"_links":{"self":[{"href":"https:\/\/www.jazzzeitung.de\/cms\/wp-json\/wp\/v2\/posts\/20304","targetHints":{"allow":["GET"]}}],"collection":[{"href":"https:\/\/www.jazzzeitung.de\/cms\/wp-json\/wp\/v2\/posts"}],"about":[{"href":"https:\/\/www.jazzzeitung.de\/cms\/wp-json\/wp\/v2\/types\/post"}],"author":[{"embeddable":true,"href":"https:\/\/www.jazzzeitung.de\/cms\/wp-json\/wp\/v2\/users\/18"}],"replies":[{"embeddable":true,"href":"https:\/\/www.jazzzeitung.de\/cms\/wp-json\/wp\/v2\/comments?post=20304"}],"version-history":[{"count":3,"href":"https:\/\/www.jazzzeitung.de\/cms\/wp-json\/wp\/v2\/posts\/20304\/revisions"}],"predecessor-version":[{"id":20308,"href":"https:\/\/www.jazzzeitung.de\/cms\/wp-json\/wp\/v2\/posts\/20304\/revisions\/20308"}],"wp:featuredmedia":[{"embeddable":true,"href":"https:\/\/www.jazzzeitung.de\/cms\/wp-json\/wp\/v2\/media\/20307"}],"wp:attachment":[{"href":"https:\/\/www.jazzzeitung.de\/cms\/wp-json\/wp\/v2\/media?parent=20304"}],"wp:term":[{"taxonomy":"category","embeddable":true,"href":"https:\/\/www.jazzzeitung.de\/cms\/wp-json\/wp\/v2\/categories?post=20304"},{"taxonomy":"post_tag","embeddable":true,"href":"https:\/\/www.jazzzeitung.de\/cms\/wp-json\/wp\/v2\/tags?post=20304"},{"taxonomy":"author","embeddable":true,"href":"https:\/\/www.jazzzeitung.de\/cms\/wp-json\/wp\/v2\/coauthors?post=20304"}],"curies":[{"name":"wp","href":"https:\/\/api.w.org\/{rel}","templated":true}]}}