{"id":20235,"date":"2019-08-04T12:00:06","date_gmt":"2019-08-04T10:00:06","guid":{"rendered":"https:\/\/www.jazzzeitung.de\/cms\/?p=20235"},"modified":"2019-07-29T18:11:38","modified_gmt":"2019-07-29T16:11:38","slug":"die-jazz-radiowoche-vom-05-08-19-bis-11-08-2019","status":"publish","type":"post","link":"https:\/\/www.jazzzeitung.de\/cms\/2019\/08\/die-jazz-radiowoche-vom-05-08-19-bis-11-08-2019\/","title":{"rendered":"Die Jazz-Radiowoche vom 05.08.19 bis 11.08.2019"},"content":{"rendered":"<p>Ein kleiner Blick in die Jazzwoche 32 im Radio. Die \u00dcbersicht zum <a href=\"https:\/\/service.conbrio.de\/service\/download\/278\/\">Download als PDF<\/a>. Alle Angaben ohne Gew\u00e4hr.<\/p>\n<hr \/>\n<h2>Jazz im Radio (Fernsehen)<\/h2>\n<ul>\n<li><strong>SR2<\/strong> \u2013 <a href=\"http:\/\/www.sr.de\/sr\/sr2\/sendungen_a-z\/uebersicht\/jazznow\/index.html\">JazzNow<\/a> \u2013 Sonntags von 20.04 bis 22.30 Uhr<\/li>\n<li><strong>BR-KLASSIK \u2013 <\/strong><a href=\"https:\/\/www.br-klassik.de\/themen\/jazz-und-weltmusik\/jazztime-die-ganze-welt-des-jazz-100.html\">Jazztime<\/a><strong> \u2013 <\/strong>Von Montag bis Freitag t\u00e4glich um 23.05 Uhr<\/li>\n<li><strong>rbb-kultur<\/strong> \u2013 <a href=\"https:\/\/www.kulturradio.de\/programm\/schema\/sendungen\/late_night_jazz.html\">Late Night Jazz<\/a> \u2013 Sa und So 23:04 \u2013 24:00 Uhr<\/li>\n<li><strong>hr2-kultur<\/strong> \u2013 <a href=\"http:\/\/www.hr2.de\/musik\/jazz\/index.html\">Jazz in hr2-kultur<\/a> \u2013 t\u00e4glich<\/li>\n<li><strong>SWR2<\/strong> \u2013 <a href=\"https:\/\/www.swr.de\/swr2\/programm\/sendungen\/jazz\/startseite-mit-vorschau\/-\/id=659242\/did=13778140\/nid=659242\/13ttn4d\/index.html\">Jazz<\/a> \u2013 t\u00e4glich<\/li>\n<li><strong>Deutschlandfunk<\/strong> \u2013 <a href=\"http:\/\/www.deutschlandfunk.de\/jazz.747.de.html\">Jazz (\u00dcberblick)<\/a> \u2013 <a href=\"http:\/\/www.deutschlandfunk.de\/jazz-live.822.de.html\">Jazz Live<\/a>, <a href=\"http:\/\/www.deutschlandfunk.de\/jazzfacts.824.de.html\">JazzFacts<\/a> und <a href=\"http:\/\/www.deutschlandfunk.de\/milestones.1805.de.html\">Milestones<\/a><\/li>\n<li><strong>Deutschlandfunk Kultur<\/strong> \u2013 <a href=\"http:\/\/www.deutschlandfunkkultur.de\/jazz.1142.de.html\">Jazz<\/a> \u2013 diverse Sendetermine<\/li>\n<li><strong>\u00d61 <\/strong>\u2013 <a href=\"https:\/\/oe1.orf.at\/programm\/\">diverse Sendetermine<\/a><\/li>\n<li><strong>ARTE TV<\/strong> \u2013 <a href=\"https:\/\/www.arte.tv\/de\/videos\/arte-concert\/jazz\/?xtor=AD-6-%5bMV_CFR_ARTE_DE_Google_GEN_GDN%5d-%5bGDN_GEN_Arte_Concerts_Jazz%5d-C-%5bjazz%20musik%5d\">Jazz<\/a><\/li>\n<\/ul>\n<p><strong>Periodika: Dauersendungen ohne gen\u00fcgend Infos \u2013 Tagesbegleitradio<\/strong><\/p>\n<ul>\n<li><strong>NDR Info <\/strong>\u2013 <strong>Play Jazz! Das Jazzmagazin<\/strong> 22:20 bis 23:00<\/li>\n<li><strong>MDR Kultur \u2013 Jazz <\/strong>19:05 bis 20:00<\/li>\n<li><strong>MDR Kultur \u2013<\/strong><strong>Jazz Lounge<\/strong> 19:35 bis 20:00<\/li>\n<li><strong>WDR3<\/strong> \u2013 Jazz &amp; World \u2013 Improvisiertes zum Tagesausklang \u2013 Montag bis Freitag, 22.04 \u2013 0:00 Uhr<\/li>\n<li><strong>WDR 3 Pers\u00f6nlich mit G\u00f6tz Alsmann<\/strong> 13:04 bis 15:00 (Samstags)<\/li>\n<\/ul>\n<hr \/>\n<h2>05.08.2019<\/h2>\n<hr \/>\n<p>17:50 bis 18:00 | SWR 2<br \/>\n<strong>SWR2 Jazz vor Sechs \u2013 Tomas Sauter, Daniel Schl\u00e4ppi: Her favourite color was blue<\/strong><\/p>\n<p>19:04 bis 20:00 | hr2-kultur<br \/>\n<strong>H\u00f6rbar<\/strong><\/p>\n<p>23:05 bis 00:00 | BR-KLASSIK<br \/>\n<strong>Jazztime: Jazztoday<\/strong><\/p>\n<p style=\"padding-left: 40px;\">Neues von israelischen Jazzmusikern: Henning Sieverts pr\u00e4sentiert aktuelle CDs des Saxophonisten Shauli Einav sowie der beiden Bassisten Avishai Cohen und Or Bareket.<\/p>\n<p>23:30 bis 00:00 | hr2-kultur | rbbKultur | MDR KULTUR | NDR Kultur | Bremen Zwei | SR 2 KulturRadio | SWR2 | WDR 3<br \/>\n<strong>Marian McPartland \u2013 Internationale Jazzwoche Burghausen 1996<\/strong><\/p>\n<p style=\"padding-left: 40px;\">Manchmal passt alles. An ihrem 78. Geburtstag trat die US-Pianistin Marian McPartland bei der Jazzwoche in Burghausen auf und der Auftritt wurde eine Jazzsternstunde, erlebbar in einem Mitschnitt des Bayerischen Rundfunks.<\/p>\n<p style=\"padding-left: 40px;\">Sie war die Grand Dame des Jazzpianos, eine feinsinnige Virtuosin und eine Vermittlerin f\u00fcr den Jazz: Marian McPartland. 1918 im s\u00fcdenglischen Slough geboren, pr\u00e4gte sie das subtile Piano-Spiel wie sonst nur Duke Ellington oder Bill Evans. Aber Marian McPartland war auch entscheidend an der Verbreitung und Vermittlung von Jazz im Radio beteiligt. \u00dcber drei\u00dfig Jahre lang moderierte sie die Sendung \u201ePiano Jazz\u201c im US-Radiosender NPR und mehr als 60 Jahre war sie als Profimusikerin aktiv.<\/p>\n<p style=\"padding-left: 40px;\">Am 20. M\u00e4rz 1996 trat sie ihm Rahmen einer Europatournee auch bei der Internationalen Jazzwoche Burghausen auf, und zwar genau am Tag ihres 78. Geburtstags. Das Konzert wurde vom Bayerischen Rundfunk aufgezeichnet und man kann eine bestens gelaunte Pianistin mit ihrem Trio erleben, die im Laufe des Konzerts immer gel\u00f6ster und inspirierter zu werden scheint.<\/p>\n<p style=\"padding-left: 40px;\">Marian McPartland, Klavier; Gary Mazzaroppi, Bass; Glenn Davis, Schlagzeug. (Aufnahme vom 20. M\u00e4rz 1996 aus der Wackerhalle von der 27. Internationale Jazzwoche Burghausen)<\/p>\n<hr \/>\n<h2>06.08.2019<\/h2>\n<hr \/>\n<p>01:05 bis 05:00 | Deutschlandfunk Kultur<br \/>\n<strong>Tonart: Jazz \u2013 Moderation: Vincent Neumann<\/strong><\/p>\n<p>17:50 bis 18:00 | SWR 2<br \/>\n<strong>SWR2 Jazz vor Sechs \u2013 Edward Kennedy \u201eDuke\u201c Ellington: Just squeeze me (but don\u2019t tease me)<\/strong><\/p>\n<p>21:05 bis 22:00 | Deutschlandfunk<br \/>\n<strong>Jazz Live: Rainer B\u00f6hm (2\/2) \u2013 Piano Solo<\/strong><\/p>\n<p style=\"padding-left: 40px;\">Aufnahme vom 8.3.2019 aus dem Loft in K\u00f6ln. Am Mikrofon: Jan Tengeler. Rainer B\u00f6hm bereichert seit nunmehr zwei Jahrzehnten die deutsche wie internationale Jazzszene. Ausgezeichnet wurde er mehrfach, u.a. beim renommierten Piano Solo Wettbewerb in Montreux. Auch eines der j\u00fcngsten Projekte des Musikers aus Ravensburg zeigt ihn als Solisten. Im Konzert pr\u00e4sentierte B\u00f6hm Kompositionen seiner Solo-CD ,Hydor\u2019, die im Herbst 2018 erschien. Es ist das erste Solo-Album im umfangreichen OEuvre des Pianisten, Komponisten und P\u00e4dagogen. Bekannt wurde Rainer B\u00f6hm u.a. im Trio des Bassisten Dieter Ilg. Bei den Einspielungen zu Beethoven und Wagner hat er sich intensiv mit klassischer Musik befasst. Als Duopartner ist er mit Norbert Scholly, Johannes Enders, Lutz H\u00e4fner u.a. in Erscheinung getreten. Au\u00dferdem leitet er seine eigenen Bands im Trio und Quartettformat.<\/p>\n<p>23:05 bis 00:00 | BR-KLASSIK<br \/>\n<strong>Jazztime: News &amp; Roots \u2013 Moderation und Auswahl: Henning Sieverts<\/strong><\/p>\n<p>23:30 bis 00:00 | hr2-kultur | rbbKultur | MDR KULTUR | NDR Kultur | Bremen Zwei | SR 2 KulturRadio | SWR2 | WDR 3<br \/>\n<strong>Till Br\u00f6nner, Magnus Lindgren und die Big Band der Bundeswehr \u2013 Jazz bei den Musikfestspielen Saar 2019<\/strong><\/p>\n<p style=\"padding-left: 40px;\">Sie spielt vor dem Papst, f\u00fcr Bill Clinton oder an der Copacabana \u2013 immer gut zu erkennen an den wei\u00dfen Uniformen der Musiker. Mit den Starg\u00e4sten Till Br\u00f6nner und Magnus Lindgren spielte die Big Band der Bundeswehr bei den Musikfestspielen Saar.<\/p>\n<p style=\"padding-left: 40px;\">Sie ist eines der gefeierten Showorchester der deutschen Musiklandschaft, bekannt f\u00fcr ihre hochmoderne, multimedial aufbereitete B\u00fchnenshow und die unverkennbaren wei\u00dfen Uniformen der Musiker \u2013 die Big Band der Bundeswehr. Konzerte f\u00fcr den Bundespr\u00e4sidenten geh\u00f6ren ebenso zum Auftrag des Milit\u00e4rorchesters wie Auftritte vor amerikanischen Staatsoberh\u00e4uptern und sogar dem Papst. Wer dabei sein m\u00f6chte, muss nicht nur ein musikalisches Vorspiel absolvieren, sondern auch Sport- und Medizintests und eine sechsmonatige milit\u00e4rische Ausbildung. Zum Festival-Digestif der Musikfestspiele Saar gastierte die 24-k\u00f6pfige Band, in der auch zwei saarl\u00e4ndische Jazzer dabei sind, Posaunist Philipp Schug und Saxofonist Johannes M\u00fcller, am 5. Juni mit ihrem charakteristischen Mix aus Pop, Swing, Rock und Jazz und den Star-G\u00e4sten Till Br\u00f6nner und Nils Landgren vor beeindruckender Open Air-Kulisse im Europ\u00e4ischen Kulturpark Bliesbr\u00fcck-Reinheim im Saarland.<\/p>\n<hr \/>\n<h2>07.08.2019<\/h2>\n<hr \/>\n<p>17:50 bis 18:00 | SWR 2<br \/>\n<strong>SWR2 Jazz vor Sechs \u2013 Iiro Rantala: April<\/strong><\/p>\n<p>23:05 bis 00:00 | BR-KLASSIK<br \/>\n<strong>Jazztime: Jazz aus N\u00fcrnberg: Jazz &amp; Beyond \u2013 \u201eDipinto di blu\u201c \u2013 zeitgen\u00f6ssischer Jazz aus Italien<\/strong><\/p>\n<p style=\"padding-left: 40px;\">Aufnahmen mit Luciano Biondini, Rita Marcotulli, Enrico Rava und anderen. Moderation und Auswahl: Beatrix Gillmann<\/p>\n<p style=\"padding-left: 40px;\">Der Mann gibt alles auf der B\u00fchne. Das Akkordeon eng an sich geschmiegt, die Augen geschlossen, schwingt sich Luciano Biondini, geboren 1971, zu musikalischen H\u00f6henfl\u00fcgen auf. An seiner Seite: die Pianistin Rita Marcotulli, Jahrgang 1959. Die Musik, die sie spielen, besitzt eine enorme Sogkraft, Poesie und Melancholie. Sie flie\u00dft und zieht einen sofort in ihren Bann. Ein Duo, das gro\u00dfe Erz\u00e4hlkunst zelebriert. In dieser Jazz &amp; Beyond- Ausgabe stehen Jazzmusikerinnen und -musiker im Mittelpunkt, die aus Italien stammen, wie der 45-j\u00e4hrige Fl\u00fcgelhorn-Spieler Luca Aquino etwa. Seine Version von \u201eCaruso\u201c ist eine musikalische Verbeugung vor Liedermacher Lucio Dalla einerseits wie auch vor dem gro\u00dfen italienischen Tenor Enrico Caruso. Augenblicke, die man am liebsten festhalten m\u00f6chte, zaubert \u2013 \u201eil grande vecchio\u201c \u2013 so wird der 1939 in Triest geborene Enrico Rava genannt \u2013 aus seiner Trompete oder seinem Fl\u00fcgelhorn hervor. Beseelte T\u00f6ne von einem, der an der europ\u00e4ischen Jazzgeschichte mitschrieb. Im Duo mit dem Pianisten Stefano Bollani entwickelt Rava gr\u00f6\u00dftm\u00f6gliche Expressivit\u00e4t. Wenn beide vom Sommer singen \u2013 \u201eEstate\u201c \u2013 sind das gro\u00dfe Gl\u00fccksmomente, gemalt in hellem Blau: \u201eDipinto di blu\u201c. Zeitgen\u00f6ssischer Jazz aus Italien, heute in der Stunde vor Mitternacht.<\/p>\n<p>23:30 bis 00:00 | hr2-kultur | rbbKultur | MDR KULTUR | NDR Kultur | Bremen Zwei | SR 2 KulturRadio | SWR2 | WDR 3<br \/>\n<strong>25 Jahre \u201eJazz in E.\u201c \u2013 Unter dem Motto \u201eRitual\u201c feierte das Jazzfestival in Eberswalde sein Jubil\u00e4um<\/strong><\/p>\n<p style=\"padding-left: 40px;\">\u201eWas haltet Ihr von Ritual?\u201c \u201eSo wie Sauna-Ritual?\u201c \u201eGenau. Nur cooler.\u201c Dieser Dialog hat so oder zumindest so \u00e4hnlich stattgefunden zwischen Udo Muszynski, dem Festivalchef, und seinem ehrenamtlichen Team, den \u201eJazzaktivisten\u201c. Anschlie\u00dfend stand das Motto \u201eRitual\u201c \u00fcber dem diesj\u00e4hrigen Jubil\u00e4umsfestival. Es fing 1995 klein, wirklich sehr klein an. In der \u201eGarage\u201c in Eberswalde. Udo Muszynski und der Verein \u201eWege zur Gewaltfreiheit\u201c holten den Jazz, den es schon in DDR-Zeiten in Eberswalde gab, zur\u00fcck in die Kreisstadt des Brandenburger Landkreises Barnim. Inzwischen ist er angekommen im Herzen der Stadt, im Paul-Wunderlich-Haus. In jedem Jahr str\u00f6men hunderte Jazz-Begeisterte am Himmelfahrtswochenende \u2013 einem Ritual gleich \u2013 zum Festival \u201eJazz in E.\u201c<\/p>\n<p style=\"padding-left: 40px;\">Udo Muszynski fordert die Besucherinnen und Besucher des Festivals heraus, aber er \u00fcberfordert sie nicht. Das Publikum verl\u00e4sst sich auf das Gesp\u00fcr von Udo, wie er von allen liebevoll genannt wird. 2019 wurde auch rituelle Musik geboten. Unter anderem von Stella Chiweshe, der \u201eQueen of Mbira\u201c aus Zimbabwe und dem Londoner Trio VULA VIEL. Au\u00dferdem h\u00f6ren Sie Live-Aufnahmen vom MELT TRIO und Peter Ehwalds \u201eLe Septuor de Grand Matin\u201c. Moderation: Ulf Drechsel<\/p>\n<hr \/>\n<h2>08.08.2019<\/h2>\n<hr \/>\n<p>17:50 bis 18:00 | SWR 2<br \/>\n<strong>SWR2 Jazz vor Sechs \u2013 Bob Sheppard: Edge of trouble<\/strong><\/p>\n<p>21:05 bis 22:00 | Deutschlandfunk<br \/>\n<strong>JazzFacts: \u201eEin Anderswo f\u00fcr dies unendliche Hier\u201c \u2013 Portr\u00e4t des Gitarristen Marc Sinan<\/strong><\/p>\n<p style=\"padding-left: 40px;\">Von Karl Lippegaus. Das Zitat im Titel stammt aus Samuel Becketts ,Texten um Nichts\u2019. Sie k\u00f6nnten eine Spur sein, denn die \u00dcberschrift zu den Duos, die der Gitarrist Marc Sinan 2018 komponierte, lautet \u00e4hnlich. ,Upon nothingness\u2019 hei\u00dft eine seiner j\u00fcngsten Arbeiten. Marc Sinan hat seinen faszinierenden Zyklus mit dem t\u00fcrkischen Klarinettisten O\u011fuz B\u00fcy\u00fckberber eingespielt, ein leuchtendes Beispiel f\u00fcr intuitives Musizieren. Sinans deutsch-t\u00fcrkisch-armenische Herkunft, vor allem aber das Interesse an alten und neuen Musikrichtungen, verbindet den Gitarristen mit dem virtuosen Holzbl\u00e4ser aus Kayseri, der seine neue Heimat in den Niederlanden fand. W\u00e4hrend B\u00fcy\u00fckberber mit Malerei, Berio und Boulez in Istanbul aufwuchs, studierte der sechs Jahre j\u00fcngere Marc Sinan bei dem gro\u00dfen klassischen Gitarristen Elliot Fisk in Salzburg. Fisk habe ihn ermutigt, den strengen Kanon des klassischen Repertoires zu verlassen. 1998 schrieb J\u00f6rg Widmann f\u00fcr Sinan eine ,Entschwebung f\u00fcr Gitarre und Elektronik\u2019. Im Jahr 2009 erschien die Vertonung von Koran-Versen (,Fas\u00fdl\u2019 ) mit der Pianistin Julia H\u00fclsmann auf CD. Aus dem Erl\u00f6s von ,Sounds are Friends\u2019, einer Konzertreise durch 15 deutsche St\u00e4dte, erm\u00f6glichte Sinan t\u00fcrkischen Waisenkindern, die beim Erdbeben 1999 ihre Familien verloren hatten, Musikunterricht. Ganz zentral f\u00fcr den in Berlin lebenden Komponisten mit Gitarre ist der Bezug auf Feldaufnahmen (,field recordings\u2019). Nach jahrelanger Vorbereitung brachten Reisen durch Anatolien das Ausgangsmaterial f\u00fcr ,Hasretim\u2019, laut Sinan \u201eeine musikalische Suche nach kultureller Identit\u00e4t\u201c mit den Dresdner Sinfonikern und traditionellen Interpreten aus der T\u00fcrkei und Armenien.<\/p>\n<p>23:05 bis 00:00 | BR-KLASSIK<br \/>\n<strong>Jazztime: All that Jazz \u2013 Zum 75. Geburtstag des Gitarristen Pat Martino<\/strong><\/p>\n<p style=\"padding-left: 40px;\">Moderation und Auswahl: Ssirus W. Pakzad. Im August feiert Pat Martino seinen 75. Geburtstag. Grund genug, diesen au\u00dfergew\u00f6hnlichen Gitarristen zu w\u00fcrdigen. Der aus Philadelphia stammende Musiker machte sich zun\u00e4chst seinen eigenen Reim auf das Spiel von Vorbildern wie Wes Montgomery. In den 1970er Jahren experimentierte er mit Fusion-Musik und Gitarrensynthesizern. Die Folgen eines Hirn-Aneurysmas setzten ihn 1980 zur\u00fcck auf Null. M\u00fchsam musste Pat Martino alles neu erlernen. Doch sein unb\u00e4ndiger Wille hat dazu gef\u00fchrt, dass er seine Karriere wieder aufnehmen konnte. Seit der Z\u00e4sur in seinem Leben hat er etliche Alben ver\u00f6ffentlicht und zu alter St\u00e4rke zur\u00fcckgefunden.<\/p>\n<p>23:30 bis 00:00 | hr2-kultur | rbbKultur | MDR KULTUR | NDR Kultur | Bremen Zwei | SR 2 KulturRadio | SWR2 | WDR 3<br \/>\n<strong>Happy Birthday, Simon!<\/strong><\/p>\n<p style=\"padding-left: 40px;\">Der K\u00f6lner Pianist Simon Nabatov traf im Januar 2019 im K\u00f6lner Stadtgarten auf die WDR Big Band.<\/p>\n<p style=\"padding-left: 40px;\">Es ist gar nicht so einfach, einen Kosmopoliten wie Simon Nabatov in wenigen Zeilen zu beschreiben. Der Pianist wurde in Moskau geboren, wuchs in einer musikalischen Familie auf, der Vater h\u00e4tte in ihm gerne einen klassischen Pianisten gesehen. Nabatov hat am Moskauer Konservatorium studiert, 1979 emigrierte seine Familie \u00fcber Wien und Rom in die USA, wo er wieder studierte und mehr und mehr Jazz spielte. Seit 1989 lebt Nabatov \u00fcberwiegend in K\u00f6ln, seine Mobilit\u00e4t ist also nicht nur geografischer, sondern auch musikalischer Art. Jazz und Klassik sind seine Bezugspunkte, was ihn aber nicht von Exkursionen in die brasilianische oder experimentelle Musik abh\u00e4lt.<\/p>\n<p style=\"padding-left: 40px;\">Doch egal, wo, was und mit wem Nabatov gerade spielt: Er ist in erster Linie ein improvisierender Freigeist, der mit seiner dramatischen, aber auch \u00fcberaus sensiblen Spielart seinen festen Platz im modernen Piano-Jazz hat. Nabatov, der im Januar 60 Jahre alt geworden ist, feierte im K\u00f6lner Stadtgarten zusammen mit der WDR Big Band ein facettenreiches und alles andere als eint\u00f6niges Fest. Am Mikrofon: J\u00f6rg Heyd<\/p>\n<hr \/>\n<h2>09.08.2019<\/h2>\n<hr \/>\n<p>17:50 bis 18:00 | SWR 2<br \/>\n<strong>SWR2 Jazz vor Sechs \u2013 Isla Eckinger: Jumpin\u2019 at the Lochness<\/strong><\/p>\n<p>22:05 bis 23:00 | NDR Info<br \/>\n<strong>Jazz Special: Jazz und Europa: Umbria Jazz in Perugia \u2013 ein Festival im Herzen Italiens<\/strong><\/p>\n<p style=\"padding-left: 40px;\">Mit Sarah Seidel. Seit 1973 pr\u00e4sentiert das Umbria Jazz Festival immer im Juli zehn Tage lang die gr\u00f6\u00dften Namen des internationalen Jazz. Abends ist Perugia erf\u00fcllt von den Stimmen der Jazzfans und Musikern aus aller Welt, die drau\u00dfen sitzen, in Erwartung sp\u00e4tabendlicher Jam-Sessions in Clubs, Bottegas, Restaurants und Hotels. Eine ganze Stadt im Festival-Fieber. Sarah Seidel war in diesem Jahr vor Ort und bringt frische Eindr\u00fccke mit.<\/p>\n<p>23:05 bis 00:00 | BR-KLASSIK<br \/>\n<strong>Jazztime: BR Jazzclub \u2013 Wolfgeheul und Fuchskorallen<\/strong><\/p>\n<p style=\"padding-left: 40px;\">Die eigenwillige, kammermusikalisch intime Musik der beiden Norweger Eyolf Dale, Klavier, und Andr\u00e9 Roligheten, Tenorsaxophon und Klarinette<\/p>\n<p style=\"padding-left: 40px;\">Aufnahme vom 10. Mai 2019 in der M\u00fcnchner Unterfahrt. Moderation und Auswahl: Ulrich Habersetzer<\/p>\n<p>23:30 bis 00:00 | hr2-kultur | rbbKultur | MDR KULTUR | NDR Kultur | Bremen Zwei | SR 2 KulturRadio | SWR2 | WDR 3<br \/>\n<strong>Preview \u2013 Jazz-Neuerscheinungen<\/strong><\/p>\n<p style=\"padding-left: 40px;\">\u201eFile Under Jazz\u201c \u2013 mit diesem Hinweis versehen einige Plattenlabels vorsichtshalber ihre Neuver\u00f6ffentlichungen, damit es nicht zu Missverst\u00e4ndnissen kommt in den Verkaufs-Regalen der CD-Gesch\u00e4fte und in den Sparten der Download-Portale. Was dann dort tats\u00e4chlich alles unter \u201eJazz\u201c einsortiert wird, ist nat\u00fcrlich immer noch extrem breit gef\u00e4chert: nicht nur stilistisch, sondern auch qualitativ.<\/p>\n<p style=\"padding-left: 40px;\">Selbst f\u00fcr Jazzfans kann es da schwer sein, sich zu orientieren. Immer freitags pr\u00e4sentierten deshalb die Autorinnen und Autoren des ARD Radiofestivals die aktuell wirklich wichtigen, spannenden, bemerkenswerten Neuerscheinungen des Jazz.<\/p>\n<p style=\"padding-left: 40px;\">Heute: Laura Jurd: \u201eStepping Back, Jumping In\u201c, Edition Records; Anthony Braxton: \u201eQuartet (New Haven) 2014\u201c, Firehouse 12 Records; Edward Perraud: \u201eEspaces\u201c, Label Bleu. Am Mikrofon: Claus Gnichwitz\/hr<\/p>\n<hr \/>\n<h2>10.08.2019<\/h2>\n<hr \/>\n<p>17:50 bis 18:00 | SWR 2<br \/>\n<strong>SWR2 Jazz vor Sechs \u2013 Dido Armstrong, Paul Herman: Thank you<\/strong><\/p>\n<p>19:04 bis 20:00 | hr2-kultur<br \/>\n<strong>Live Jazz: SF JAZZ Collective Plays Miles Davis | Deutsches Jazzfestival Frankfurt 2018<\/strong><\/p>\n<p style=\"padding-left: 40px;\">SF JAZZ Collective Plays Miles Davis || Miguel Zen\u00f3n, as | David S\u00e1nchez, ts | Etienne Charles, tp | Robin Eubanks, tb | Warren Wolf, vibes, marimba | Edward Simon, p | Matt Brewer, b | Obed Calvaire, dr | Deutsches Jazzfestival Frankfurt 2018, hr-Sendesaal Frankfurt, Oktober 2018. Am Mikrofon: J\u00fcrgen Schwab<\/p>\n<p>20:15 bis 21:00 | NDR Info<br \/>\n<strong>Jazz Klassiker: H\u00f6rerw\u00fcnsche<\/strong><\/p>\n<p style=\"padding-left: 40px;\">Mit Marianne Therstappen. Von Blues und Swing bis Bebop, Funk und Weltmusik, von den Sch\u00e4tzen aus den NDR Studios bis zu mitrei\u00dfenden Festival-Aufnahmen \u2013 alles ist m\u00f6glich und alles auf Wunsch. Einmal im Monat, am Sonnabend von 20.15 bis 21 Uhr, pr\u00e4sentiert Marianne Therstappen in ihrer Sendung auf NDR Info, was sich die H\u00f6rer f\u00fcr ihr Jazzprogramm ausgesucht haben.<\/p>\n<p>22:05 bis 23:00 | NDR Info<br \/>\n<strong>Jazz Konzert: Elbjazz 2019: Melanie de Biasio \/ Marco Mezquida<\/strong><\/p>\n<p style=\"padding-left: 40px;\">Mit Claudia Schober. Anfang Juni war es wieder so weit: Die Jazzwelt hat in den Hamburger Hafen geschaut zum Elbjazz Festival. Das fand zum 9. Mal statt. Und an jedem der Festivaltage haben rund 15.000 Besucher in der HafenCity und auf der Werft von Blohm + Voss Musik genossen. In der Elbphilharmonie haben die S\u00e4ngerin und Fl\u00f6tistin Melanie de Biasio sowie das Trio von Marco Mezquida f\u00fcr Begeisterung gesorgt.<\/p>\n<hr \/>\n<h2>11.08.2019<\/h2>\n<hr \/>\n<p>19:04 bis 20:00 | hr2-kultur<br \/>\n<strong>hr-Bigband<\/strong><\/p>\n<p style=\"padding-left: 40px;\">Konzerte und Produktionen u.a. mit: \u201eFull Nelson\u201c \u2013 hr-Bigband, cond. &amp; arr. by Ed Partyka | Interpretationen der legend\u00e4ren Jazz-Standards des Saxophonisten, Komponisten und Arrangeurs Oliver Nelson, Frankfurt am Main, Musiklokal S\u00fcdbahnhof, M\u00e4rz 2019, Teil 2. Am Mikrofon: Claus Gnichwitz<\/p>\n<p>19:22 bis 20:00 | SWR 2<br \/>\n<strong>SWR2 Jazz: Geschichte eines Jazzstandards (22) \u2013 Stardust<\/strong><\/p>\n<p style=\"padding-left: 40px;\">Von Hans-J\u00fcrgen Schaal. Der sp\u00e4ter legend\u00e4re Hoagy Carmichael schrieb das St\u00fcck 1927 \u2013 eine Art Ragtime, inspiriert von der Spielweise seines Idols, des Trompeters Bix Beiderbecke. Doch erst als der Bandleader Isham Jones daraus eine gef\u00fchlvolle Ballade machte, fand das St\u00fcck Geh\u00f6r. \u201eStardust\u201c wurde ein Welthit, der weit mehr als 1.000 Aufnahmen erlebt hat. Der Song wurde in rund 40 Sprachen \u00fcbersetzt \u2013 er hei\u00dft in Frankreich \u201e\u00c9toile d\u2019Amour\u201c und in Japan \u201eSuta Adasuto\u201c. Dabei ist die Melodie alles andere als simpel: Sie \u201estreunt herum wie ein die Schule schw\u00e4nzender Junge auf der Dorfwiese\u201c, sagte Oscar Hammerstein.<\/p>\n<p>22:05 bis 23:00 | NDR Info<br \/>\n<strong>Jazz NDR Bigband: Jazz und Europa: One For Libertad \u2013 Olli Ahvenlahti und die NDR Bigband<\/strong><\/p>\n<p style=\"padding-left: 40px;\">Mit Henry Altmann. Der finnische Pianist Olli Ahvenlahti feiert in diesen Tagen seinen 70. Geburtstag. Der Komponist und Arrangeur war auch zu Gast bei der NDR Studioband, dem Vorl\u00e4ufer der heutigen NDR Bigband.<\/p>\n<p>23:04 bis 00:00 | hr2-kultur<br \/>\n<strong>H\u00f6rbar \u2013 u. a. mit: Ang\u00e9lique Kidjo, Lang Lang und The Gloaming<\/strong><\/p>\n","protected":false},"excerpt":{"rendered":"<p>Ein kleiner Blick in die Jazzwoche 32 im Radio. Die \u00dcbersicht zum Download als PDF. Alle Angaben ohne Gew\u00e4hr. Jazz im Radio (Fernsehen) SR2 \u2013 JazzNow \u2013 Sonntags von 20.04 bis 22.30 Uhr BR-KLASSIK \u2013 Jazztime \u2013 Von Montag bis Freitag t\u00e4glich um 23.05 Uhr rbb-kultur \u2013 Late Night Jazz \u2013 Sa und So 23:04 \u2013 24:00 Uhr hr2-kultur \u2013 Jazz in hr2-kultur \u2013 t\u00e4glich SWR2 \u2013 Jazz \u2013 t\u00e4glich Deutschlandfunk \u2013 Jazz (\u00dcberblick) \u2013 Jazz Live, JazzFacts und Milestones Deutschlandfunk Kultur \u2013 Jazz \u2013 diverse Sendetermine \u00d61 \u2013 diverse Sendetermine ARTE TV \u2013 Jazz Periodika: Dauersendungen ohne gen\u00fcgend Infos \u2013 Tagesbegleitradio NDR Info \u2013 Play Jazz! Das Jazzmagazin 22:20 bis 23:00 MDR Kultur \u2013 Jazz 19:05 bis 20:00 MDR Kultur \u2013Jazz Lounge 19:35 bis 20:00 WDR3 \u2013 Jazz &amp; World \u2013 Improvisiertes zum Tagesausklang \u2013 Montag bis Freitag, 22.04 \u2013 0:00 Uhr WDR 3 Pers\u00f6nlich mit G\u00f6tz Alsmann 13:04 bis 15:00 (Samstags) 05.08.2019 17:50 bis 18:00 | SWR 2 SWR2 Jazz vor Sechs \u2013 Tomas Sauter, Daniel Schl\u00e4ppi: Her favourite color was blue 19:04 bis 20:00 | hr2-kultur H\u00f6rbar 23:05 bis 00:00 | BR-KLASSIK &hellip;<\/p>\n","protected":false},"author":1,"featured_media":18913,"comment_status":"open","ping_status":"closed","sticky":false,"template":"","format":"standard","meta":{"_jetpack_memberships_contains_paid_content":false,"footnotes":"","jetpack_publicize_message":"","jetpack_publicize_feature_enabled":true,"jetpack_social_post_already_shared":false,"jetpack_social_options":{"image_generator_settings":{"template":"highway","default_image_id":0,"font":"","enabled":false},"version":2}},"categories":[633,452],"tags":[1629],"coauthors":[650],"class_list":["post-20235","post","type-post","status-publish","format-standard","has-post-thumbnail","hentry","category-nachrichten","category-radio","tag-jazz-im-radio"],"yoast_head":"<!-- This site is optimized with the Yoast SEO plugin v27.5 - https:\/\/yoast.com\/product\/yoast-seo-wordpress\/ -->\n<title>Die Jazz-Radiowoche vom 05.08.19 bis 11.08.2019 - JazzZeitung<\/title>\n<meta name=\"robots\" content=\"index, follow, max-snippet:-1, max-image-preview:large, max-video-preview:-1\" \/>\n<link rel=\"canonical\" href=\"https:\/\/www.jazzzeitung.de\/cms\/2019\/08\/die-jazz-radiowoche-vom-05-08-19-bis-11-08-2019\/\" \/>\n<meta property=\"og:locale\" content=\"de_DE\" \/>\n<meta property=\"og:type\" content=\"article\" \/>\n<meta property=\"og:title\" content=\"Die Jazz-Radiowoche vom 05.08.19 bis 11.08.2019 - JazzZeitung\" \/>\n<meta property=\"og:description\" content=\"Ein kleiner Blick in die Jazzwoche 32 im Radio. Die \u00dcbersicht zum Download als PDF. Alle Angaben ohne Gew\u00e4hr. Jazz im Radio (Fernsehen) SR2 \u2013 JazzNow \u2013 Sonntags von 20.04 bis 22.30 Uhr BR-KLASSIK \u2013 Jazztime \u2013 Von Montag bis Freitag t\u00e4glich um 23.05 Uhr rbb-kultur \u2013 Late Night Jazz \u2013 Sa und So 23:04 \u2013 24:00 Uhr hr2-kultur \u2013 Jazz in hr2-kultur \u2013 t\u00e4glich SWR2 \u2013 Jazz \u2013 t\u00e4glich Deutschlandfunk \u2013 Jazz (\u00dcberblick) \u2013 Jazz Live, JazzFacts und Milestones Deutschlandfunk Kultur \u2013 Jazz \u2013 diverse Sendetermine \u00d61 \u2013 diverse Sendetermine ARTE TV \u2013 Jazz Periodika: Dauersendungen ohne gen\u00fcgend Infos \u2013 Tagesbegleitradio NDR Info \u2013 Play Jazz! Das Jazzmagazin 22:20 bis 23:00 MDR Kultur \u2013 Jazz 19:05 bis 20:00 MDR Kultur \u2013Jazz Lounge 19:35 bis 20:00 WDR3 \u2013 Jazz &amp; World \u2013 Improvisiertes zum Tagesausklang \u2013 Montag bis Freitag, 22.04 \u2013 0:00 Uhr WDR 3 Pers\u00f6nlich mit G\u00f6tz Alsmann 13:04 bis 15:00 (Samstags) 05.08.2019 17:50 bis 18:00 | SWR 2 SWR2 Jazz vor Sechs \u2013 Tomas Sauter, Daniel Schl\u00e4ppi: Her favourite color was blue 19:04 bis 20:00 | hr2-kultur H\u00f6rbar 23:05 bis 00:00 | BR-KLASSIK &hellip;\" \/>\n<meta property=\"og:url\" content=\"https:\/\/www.jazzzeitung.de\/cms\/2019\/08\/die-jazz-radiowoche-vom-05-08-19-bis-11-08-2019\/\" \/>\n<meta property=\"og:site_name\" content=\"JazzZeitung\" \/>\n<meta property=\"article:publisher\" content=\"https:\/\/www.facebook.com\/JazzZeitung\/\" \/>\n<meta property=\"article:author\" content=\"https:\/\/www.facebook.com\/hufner\" \/>\n<meta property=\"article:published_time\" content=\"2019-08-04T10:00:06+00:00\" \/>\n<meta property=\"og:image\" content=\"https:\/\/i0.wp.com\/www.jazzzeitung.de\/cms\/wp-content\/uploads\/2019\/03\/jazz_im_radio.jpg?fit=2200%2C1417&ssl=1\" \/>\n\t<meta property=\"og:image:width\" content=\"2200\" \/>\n\t<meta property=\"og:image:height\" content=\"1417\" \/>\n\t<meta property=\"og:image:type\" content=\"image\/jpeg\" \/>\n<meta name=\"author\" content=\"Martin Hufner\" \/>\n<script type=\"application\/ld+json\" class=\"yoast-schema-graph\">{\"@context\":\"https:\\\/\\\/schema.org\",\"@graph\":[{\"@type\":\"Article\",\"@id\":\"https:\\\/\\\/www.jazzzeitung.de\\\/cms\\\/2019\\\/08\\\/die-jazz-radiowoche-vom-05-08-19-bis-11-08-2019\\\/#article\",\"isPartOf\":{\"@id\":\"https:\\\/\\\/www.jazzzeitung.de\\\/cms\\\/2019\\\/08\\\/die-jazz-radiowoche-vom-05-08-19-bis-11-08-2019\\\/\"},\"author\":{\"name\":\"Martin Hufner\",\"@id\":\"https:\\\/\\\/www.jazzzeitung.de\\\/cms\\\/#\\\/schema\\\/person\\\/b9a4e5ac765d94fb8f617bfa8f1fc5f7\"},\"headline\":\"Die Jazz-Radiowoche vom 05.08.19 bis 11.08.2019\",\"datePublished\":\"2019-08-04T10:00:06+00:00\",\"mainEntityOfPage\":{\"@id\":\"https:\\\/\\\/www.jazzzeitung.de\\\/cms\\\/2019\\\/08\\\/die-jazz-radiowoche-vom-05-08-19-bis-11-08-2019\\\/\"},\"wordCount\":2541,\"commentCount\":0,\"publisher\":{\"@id\":\"https:\\\/\\\/www.jazzzeitung.de\\\/cms\\\/#organization\"},\"image\":{\"@id\":\"https:\\\/\\\/www.jazzzeitung.de\\\/cms\\\/2019\\\/08\\\/die-jazz-radiowoche-vom-05-08-19-bis-11-08-2019\\\/#primaryimage\"},\"thumbnailUrl\":\"https:\\\/\\\/i0.wp.com\\\/www.jazzzeitung.de\\\/cms\\\/wp-content\\\/uploads\\\/2019\\\/03\\\/jazz_im_radio.jpg?fit=2200%2C1417&ssl=1\",\"keywords\":[\"Jazz im Radio\"],\"articleSection\":[\"News\",\"Radio\"],\"inLanguage\":\"de\",\"potentialAction\":[{\"@type\":\"CommentAction\",\"name\":\"Comment\",\"target\":[\"https:\\\/\\\/www.jazzzeitung.de\\\/cms\\\/2019\\\/08\\\/die-jazz-radiowoche-vom-05-08-19-bis-11-08-2019\\\/#respond\"]}]},{\"@type\":\"WebPage\",\"@id\":\"https:\\\/\\\/www.jazzzeitung.de\\\/cms\\\/2019\\\/08\\\/die-jazz-radiowoche-vom-05-08-19-bis-11-08-2019\\\/\",\"url\":\"https:\\\/\\\/www.jazzzeitung.de\\\/cms\\\/2019\\\/08\\\/die-jazz-radiowoche-vom-05-08-19-bis-11-08-2019\\\/\",\"name\":\"Die Jazz-Radiowoche vom 05.08.19 bis 11.08.2019 - JazzZeitung\",\"isPartOf\":{\"@id\":\"https:\\\/\\\/www.jazzzeitung.de\\\/cms\\\/#website\"},\"primaryImageOfPage\":{\"@id\":\"https:\\\/\\\/www.jazzzeitung.de\\\/cms\\\/2019\\\/08\\\/die-jazz-radiowoche-vom-05-08-19-bis-11-08-2019\\\/#primaryimage\"},\"image\":{\"@id\":\"https:\\\/\\\/www.jazzzeitung.de\\\/cms\\\/2019\\\/08\\\/die-jazz-radiowoche-vom-05-08-19-bis-11-08-2019\\\/#primaryimage\"},\"thumbnailUrl\":\"https:\\\/\\\/i0.wp.com\\\/www.jazzzeitung.de\\\/cms\\\/wp-content\\\/uploads\\\/2019\\\/03\\\/jazz_im_radio.jpg?fit=2200%2C1417&ssl=1\",\"datePublished\":\"2019-08-04T10:00:06+00:00\",\"breadcrumb\":{\"@id\":\"https:\\\/\\\/www.jazzzeitung.de\\\/cms\\\/2019\\\/08\\\/die-jazz-radiowoche-vom-05-08-19-bis-11-08-2019\\\/#breadcrumb\"},\"inLanguage\":\"de\",\"potentialAction\":[{\"@type\":\"ReadAction\",\"target\":[\"https:\\\/\\\/www.jazzzeitung.de\\\/cms\\\/2019\\\/08\\\/die-jazz-radiowoche-vom-05-08-19-bis-11-08-2019\\\/\"]}]},{\"@type\":\"ImageObject\",\"inLanguage\":\"de\",\"@id\":\"https:\\\/\\\/www.jazzzeitung.de\\\/cms\\\/2019\\\/08\\\/die-jazz-radiowoche-vom-05-08-19-bis-11-08-2019\\\/#primaryimage\",\"url\":\"https:\\\/\\\/i0.wp.com\\\/www.jazzzeitung.de\\\/cms\\\/wp-content\\\/uploads\\\/2019\\\/03\\\/jazz_im_radio.jpg?fit=2200%2C1417&ssl=1\",\"contentUrl\":\"https:\\\/\\\/i0.wp.com\\\/www.jazzzeitung.de\\\/cms\\\/wp-content\\\/uploads\\\/2019\\\/03\\\/jazz_im_radio.jpg?fit=2200%2C1417&ssl=1\",\"width\":2200,\"height\":1417,\"caption\":\"Jazz im Radio. Foto: Hufner\"},{\"@type\":\"BreadcrumbList\",\"@id\":\"https:\\\/\\\/www.jazzzeitung.de\\\/cms\\\/2019\\\/08\\\/die-jazz-radiowoche-vom-05-08-19-bis-11-08-2019\\\/#breadcrumb\",\"itemListElement\":[{\"@type\":\"ListItem\",\"position\":1,\"name\":\"Startseite\",\"item\":\"https:\\\/\\\/www.jazzzeitung.de\\\/cms\\\/\"},{\"@type\":\"ListItem\",\"position\":2,\"name\":\"Die Jazz-Radiowoche vom 05.08.19 bis 11.08.2019\"}]},{\"@type\":\"WebSite\",\"@id\":\"https:\\\/\\\/www.jazzzeitung.de\\\/cms\\\/#website\",\"url\":\"https:\\\/\\\/www.jazzzeitung.de\\\/cms\\\/\",\"name\":\"JazzZeitung\",\"description\":\"Jazz-News und Jazz-Kontroverses\",\"publisher\":{\"@id\":\"https:\\\/\\\/www.jazzzeitung.de\\\/cms\\\/#organization\"},\"potentialAction\":[{\"@type\":\"SearchAction\",\"target\":{\"@type\":\"EntryPoint\",\"urlTemplate\":\"https:\\\/\\\/www.jazzzeitung.de\\\/cms\\\/?s={search_term_string}\"},\"query-input\":{\"@type\":\"PropertyValueSpecification\",\"valueRequired\":true,\"valueName\":\"search_term_string\"}}],\"inLanguage\":\"de\"},{\"@type\":\"Organization\",\"@id\":\"https:\\\/\\\/www.jazzzeitung.de\\\/cms\\\/#organization\",\"name\":\"JazzZeitung online\",\"url\":\"https:\\\/\\\/www.jazzzeitung.de\\\/cms\\\/\",\"logo\":{\"@type\":\"ImageObject\",\"inLanguage\":\"de\",\"@id\":\"https:\\\/\\\/www.jazzzeitung.de\\\/cms\\\/#\\\/schema\\\/logo\\\/image\\\/\",\"url\":\"https:\\\/\\\/i0.wp.com\\\/www.jazzzeitung.de\\\/cms\\\/wp-content\\\/uploads\\\/2015\\\/08\\\/JAZZZEITUNGDE_Logo_Neu.png?fit=499%2C200&ssl=1\",\"contentUrl\":\"https:\\\/\\\/i0.wp.com\\\/www.jazzzeitung.de\\\/cms\\\/wp-content\\\/uploads\\\/2015\\\/08\\\/JAZZZEITUNGDE_Logo_Neu.png?fit=499%2C200&ssl=1\",\"width\":499,\"height\":200,\"caption\":\"JazzZeitung online\"},\"image\":{\"@id\":\"https:\\\/\\\/www.jazzzeitung.de\\\/cms\\\/#\\\/schema\\\/logo\\\/image\\\/\"},\"sameAs\":[\"https:\\\/\\\/www.facebook.com\\\/JazzZeitung\\\/\"]},{\"@type\":\"Person\",\"@id\":\"https:\\\/\\\/www.jazzzeitung.de\\\/cms\\\/#\\\/schema\\\/person\\\/b9a4e5ac765d94fb8f617bfa8f1fc5f7\",\"name\":\"Martin Hufner\",\"image\":{\"@type\":\"ImageObject\",\"inLanguage\":\"de\",\"@id\":\"https:\\\/\\\/i0.wp.com\\\/www.jazzzeitung.de\\\/cms\\\/wp-content\\\/uploads\\\/2013\\\/07\\\/huf-06.jpg?resize=96%2C96&ssl=15fcc31aa94540751a3b804516452be00\",\"url\":\"https:\\\/\\\/i0.wp.com\\\/www.jazzzeitung.de\\\/cms\\\/wp-content\\\/uploads\\\/2013\\\/07\\\/huf-06.jpg?resize=96%2C96&ssl=1\",\"contentUrl\":\"https:\\\/\\\/i0.wp.com\\\/www.jazzzeitung.de\\\/cms\\\/wp-content\\\/uploads\\\/2013\\\/07\\\/huf-06.jpg?resize=96%2C96&ssl=1\",\"caption\":\"Martin Hufner\"},\"description\":\"Martin Hufner ist freier Autor der JazzZeitung.\",\"sameAs\":[\"https:\\\/\\\/www.kritische-masse.de\\\/logbuch\",\"https:\\\/\\\/www.facebook.com\\\/hufner\"],\"url\":\"https:\\\/\\\/www.jazzzeitung.de\\\/cms\\\/author\\\/admin\\\/\"}]}<\/script>\n<!-- \/ Yoast SEO plugin. -->","yoast_head_json":{"title":"Die Jazz-Radiowoche vom 05.08.19 bis 11.08.2019 - JazzZeitung","robots":{"index":"index","follow":"follow","max-snippet":"max-snippet:-1","max-image-preview":"max-image-preview:large","max-video-preview":"max-video-preview:-1"},"canonical":"https:\/\/www.jazzzeitung.de\/cms\/2019\/08\/die-jazz-radiowoche-vom-05-08-19-bis-11-08-2019\/","og_locale":"de_DE","og_type":"article","og_title":"Die Jazz-Radiowoche vom 05.08.19 bis 11.08.2019 - JazzZeitung","og_description":"Ein kleiner Blick in die Jazzwoche 32 im Radio. Die \u00dcbersicht zum Download als PDF. Alle Angaben ohne Gew\u00e4hr. Jazz im Radio (Fernsehen) SR2 \u2013 JazzNow \u2013 Sonntags von 20.04 bis 22.30 Uhr BR-KLASSIK \u2013 Jazztime \u2013 Von Montag bis Freitag t\u00e4glich um 23.05 Uhr rbb-kultur \u2013 Late Night Jazz \u2013 Sa und So 23:04 \u2013 24:00 Uhr hr2-kultur \u2013 Jazz in hr2-kultur \u2013 t\u00e4glich SWR2 \u2013 Jazz \u2013 t\u00e4glich Deutschlandfunk \u2013 Jazz (\u00dcberblick) \u2013 Jazz Live, JazzFacts und Milestones Deutschlandfunk Kultur \u2013 Jazz \u2013 diverse Sendetermine \u00d61 \u2013 diverse Sendetermine ARTE TV \u2013 Jazz Periodika: Dauersendungen ohne gen\u00fcgend Infos \u2013 Tagesbegleitradio NDR Info \u2013 Play Jazz! Das Jazzmagazin 22:20 bis 23:00 MDR Kultur \u2013 Jazz 19:05 bis 20:00 MDR Kultur \u2013Jazz Lounge 19:35 bis 20:00 WDR3 \u2013 Jazz &amp; World \u2013 Improvisiertes zum Tagesausklang \u2013 Montag bis Freitag, 22.04 \u2013 0:00 Uhr WDR 3 Pers\u00f6nlich mit G\u00f6tz Alsmann 13:04 bis 15:00 (Samstags) 05.08.2019 17:50 bis 18:00 | SWR 2 SWR2 Jazz vor Sechs \u2013 Tomas Sauter, Daniel Schl\u00e4ppi: Her favourite color was blue 19:04 bis 20:00 | hr2-kultur H\u00f6rbar 23:05 bis 00:00 | BR-KLASSIK &hellip;","og_url":"https:\/\/www.jazzzeitung.de\/cms\/2019\/08\/die-jazz-radiowoche-vom-05-08-19-bis-11-08-2019\/","og_site_name":"JazzZeitung","article_publisher":"https:\/\/www.facebook.com\/JazzZeitung\/","article_author":"https:\/\/www.facebook.com\/hufner","article_published_time":"2019-08-04T10:00:06+00:00","og_image":[{"width":2200,"height":1417,"url":"https:\/\/i0.wp.com\/www.jazzzeitung.de\/cms\/wp-content\/uploads\/2019\/03\/jazz_im_radio.jpg?fit=2200%2C1417&ssl=1","type":"image\/jpeg"}],"author":"Martin Hufner","schema":{"@context":"https:\/\/schema.org","@graph":[{"@type":"Article","@id":"https:\/\/www.jazzzeitung.de\/cms\/2019\/08\/die-jazz-radiowoche-vom-05-08-19-bis-11-08-2019\/#article","isPartOf":{"@id":"https:\/\/www.jazzzeitung.de\/cms\/2019\/08\/die-jazz-radiowoche-vom-05-08-19-bis-11-08-2019\/"},"author":{"name":"Martin Hufner","@id":"https:\/\/www.jazzzeitung.de\/cms\/#\/schema\/person\/b9a4e5ac765d94fb8f617bfa8f1fc5f7"},"headline":"Die Jazz-Radiowoche vom 05.08.19 bis 11.08.2019","datePublished":"2019-08-04T10:00:06+00:00","mainEntityOfPage":{"@id":"https:\/\/www.jazzzeitung.de\/cms\/2019\/08\/die-jazz-radiowoche-vom-05-08-19-bis-11-08-2019\/"},"wordCount":2541,"commentCount":0,"publisher":{"@id":"https:\/\/www.jazzzeitung.de\/cms\/#organization"},"image":{"@id":"https:\/\/www.jazzzeitung.de\/cms\/2019\/08\/die-jazz-radiowoche-vom-05-08-19-bis-11-08-2019\/#primaryimage"},"thumbnailUrl":"https:\/\/i0.wp.com\/www.jazzzeitung.de\/cms\/wp-content\/uploads\/2019\/03\/jazz_im_radio.jpg?fit=2200%2C1417&ssl=1","keywords":["Jazz im Radio"],"articleSection":["News","Radio"],"inLanguage":"de","potentialAction":[{"@type":"CommentAction","name":"Comment","target":["https:\/\/www.jazzzeitung.de\/cms\/2019\/08\/die-jazz-radiowoche-vom-05-08-19-bis-11-08-2019\/#respond"]}]},{"@type":"WebPage","@id":"https:\/\/www.jazzzeitung.de\/cms\/2019\/08\/die-jazz-radiowoche-vom-05-08-19-bis-11-08-2019\/","url":"https:\/\/www.jazzzeitung.de\/cms\/2019\/08\/die-jazz-radiowoche-vom-05-08-19-bis-11-08-2019\/","name":"Die Jazz-Radiowoche vom 05.08.19 bis 11.08.2019 - JazzZeitung","isPartOf":{"@id":"https:\/\/www.jazzzeitung.de\/cms\/#website"},"primaryImageOfPage":{"@id":"https:\/\/www.jazzzeitung.de\/cms\/2019\/08\/die-jazz-radiowoche-vom-05-08-19-bis-11-08-2019\/#primaryimage"},"image":{"@id":"https:\/\/www.jazzzeitung.de\/cms\/2019\/08\/die-jazz-radiowoche-vom-05-08-19-bis-11-08-2019\/#primaryimage"},"thumbnailUrl":"https:\/\/i0.wp.com\/www.jazzzeitung.de\/cms\/wp-content\/uploads\/2019\/03\/jazz_im_radio.jpg?fit=2200%2C1417&ssl=1","datePublished":"2019-08-04T10:00:06+00:00","breadcrumb":{"@id":"https:\/\/www.jazzzeitung.de\/cms\/2019\/08\/die-jazz-radiowoche-vom-05-08-19-bis-11-08-2019\/#breadcrumb"},"inLanguage":"de","potentialAction":[{"@type":"ReadAction","target":["https:\/\/www.jazzzeitung.de\/cms\/2019\/08\/die-jazz-radiowoche-vom-05-08-19-bis-11-08-2019\/"]}]},{"@type":"ImageObject","inLanguage":"de","@id":"https:\/\/www.jazzzeitung.de\/cms\/2019\/08\/die-jazz-radiowoche-vom-05-08-19-bis-11-08-2019\/#primaryimage","url":"https:\/\/i0.wp.com\/www.jazzzeitung.de\/cms\/wp-content\/uploads\/2019\/03\/jazz_im_radio.jpg?fit=2200%2C1417&ssl=1","contentUrl":"https:\/\/i0.wp.com\/www.jazzzeitung.de\/cms\/wp-content\/uploads\/2019\/03\/jazz_im_radio.jpg?fit=2200%2C1417&ssl=1","width":2200,"height":1417,"caption":"Jazz im Radio. Foto: Hufner"},{"@type":"BreadcrumbList","@id":"https:\/\/www.jazzzeitung.de\/cms\/2019\/08\/die-jazz-radiowoche-vom-05-08-19-bis-11-08-2019\/#breadcrumb","itemListElement":[{"@type":"ListItem","position":1,"name":"Startseite","item":"https:\/\/www.jazzzeitung.de\/cms\/"},{"@type":"ListItem","position":2,"name":"Die Jazz-Radiowoche vom 05.08.19 bis 11.08.2019"}]},{"@type":"WebSite","@id":"https:\/\/www.jazzzeitung.de\/cms\/#website","url":"https:\/\/www.jazzzeitung.de\/cms\/","name":"JazzZeitung","description":"Jazz-News und Jazz-Kontroverses","publisher":{"@id":"https:\/\/www.jazzzeitung.de\/cms\/#organization"},"potentialAction":[{"@type":"SearchAction","target":{"@type":"EntryPoint","urlTemplate":"https:\/\/www.jazzzeitung.de\/cms\/?s={search_term_string}"},"query-input":{"@type":"PropertyValueSpecification","valueRequired":true,"valueName":"search_term_string"}}],"inLanguage":"de"},{"@type":"Organization","@id":"https:\/\/www.jazzzeitung.de\/cms\/#organization","name":"JazzZeitung online","url":"https:\/\/www.jazzzeitung.de\/cms\/","logo":{"@type":"ImageObject","inLanguage":"de","@id":"https:\/\/www.jazzzeitung.de\/cms\/#\/schema\/logo\/image\/","url":"https:\/\/i0.wp.com\/www.jazzzeitung.de\/cms\/wp-content\/uploads\/2015\/08\/JAZZZEITUNGDE_Logo_Neu.png?fit=499%2C200&ssl=1","contentUrl":"https:\/\/i0.wp.com\/www.jazzzeitung.de\/cms\/wp-content\/uploads\/2015\/08\/JAZZZEITUNGDE_Logo_Neu.png?fit=499%2C200&ssl=1","width":499,"height":200,"caption":"JazzZeitung online"},"image":{"@id":"https:\/\/www.jazzzeitung.de\/cms\/#\/schema\/logo\/image\/"},"sameAs":["https:\/\/www.facebook.com\/JazzZeitung\/"]},{"@type":"Person","@id":"https:\/\/www.jazzzeitung.de\/cms\/#\/schema\/person\/b9a4e5ac765d94fb8f617bfa8f1fc5f7","name":"Martin Hufner","image":{"@type":"ImageObject","inLanguage":"de","@id":"https:\/\/i0.wp.com\/www.jazzzeitung.de\/cms\/wp-content\/uploads\/2013\/07\/huf-06.jpg?resize=96%2C96&ssl=15fcc31aa94540751a3b804516452be00","url":"https:\/\/i0.wp.com\/www.jazzzeitung.de\/cms\/wp-content\/uploads\/2013\/07\/huf-06.jpg?resize=96%2C96&ssl=1","contentUrl":"https:\/\/i0.wp.com\/www.jazzzeitung.de\/cms\/wp-content\/uploads\/2013\/07\/huf-06.jpg?resize=96%2C96&ssl=1","caption":"Martin Hufner"},"description":"Martin Hufner ist freier Autor der JazzZeitung.","sameAs":["https:\/\/www.kritische-masse.de\/logbuch","https:\/\/www.facebook.com\/hufner"],"url":"https:\/\/www.jazzzeitung.de\/cms\/author\/admin\/"}]}},"wp-worthy-pixel":{"ignored":true,"public":null,"server":null,"url":null},"wp-worthy-type":"normal","jetpack_publicize_connections":[],"cc_featured_image_caption":{"caption_text":"Jazz im Radio","source_text":"Montage: Hufner","source_url":"https:\/\/www.musikkritik.org"},"jetpack_featured_media_url":"https:\/\/i0.wp.com\/www.jazzzeitung.de\/cms\/wp-content\/uploads\/2019\/03\/jazz_im_radio.jpg?fit=2200%2C1417&ssl=1","jetpack_shortlink":"https:\/\/wp.me\/p3KEcT-5gn","jetpack-related-posts":[{"id":22236,"url":"https:\/\/www.jazzzeitung.de\/cms\/2020\/03\/die-jazz-radiowoche-vom-30-03-20-bis-05-04-20\/","url_meta":{"origin":20235,"position":0},"title":"Die Jazz-Radiowoche vom 30.03.20 bis 05.04.20","author":"Martin Hufner","date":"29. M\u00e4rz 2020","format":false,"excerpt":"Ein kleiner Blick in die Jazzwoche 14 im Radio. Alle Angaben ohne Gew\u00e4hr. Jazz im Radio (Fernsehen) SR2 \u2013 JazzNow \u2013 Sonntags von 20.04 bis 22.30 Uhr BR-KLASSIK \u2013 Jazztime \u2013 Von Montag bis Freitag t\u00e4glich um 23.05 Uhr rbb-kultur \u2013 Late Night Jazz \u2013 Sa und So 23:04 \u2013\u2026","rel":"","context":"In &quot;News&quot;","block_context":{"text":"News","link":"https:\/\/www.jazzzeitung.de\/cms\/thema\/nachrichten\/"},"img":{"alt_text":"Jazz im Radio. Foto: Hufner","src":"https:\/\/i0.wp.com\/www.jazzzeitung.de\/cms\/wp-content\/uploads\/2019\/03\/jazz_im_radio.jpg?fit=1200%2C773&ssl=1&resize=350%2C200","width":350,"height":200,"srcset":"https:\/\/i0.wp.com\/www.jazzzeitung.de\/cms\/wp-content\/uploads\/2019\/03\/jazz_im_radio.jpg?fit=1200%2C773&ssl=1&resize=350%2C200 1x, https:\/\/i0.wp.com\/www.jazzzeitung.de\/cms\/wp-content\/uploads\/2019\/03\/jazz_im_radio.jpg?fit=1200%2C773&ssl=1&resize=525%2C300 1.5x, https:\/\/i0.wp.com\/www.jazzzeitung.de\/cms\/wp-content\/uploads\/2019\/03\/jazz_im_radio.jpg?fit=1200%2C773&ssl=1&resize=700%2C400 2x, https:\/\/i0.wp.com\/www.jazzzeitung.de\/cms\/wp-content\/uploads\/2019\/03\/jazz_im_radio.jpg?fit=1200%2C773&ssl=1&resize=1050%2C600 3x"},"classes":[]},{"id":23982,"url":"https:\/\/www.jazzzeitung.de\/cms\/2020\/12\/die-jazz-radiowoche-vom-14-12-20-bis-31-12-2020\/","url_meta":{"origin":20235,"position":1},"title":"Die Jazz-Radiowoche vom 14.12.20 bis 31.12.2020","author":"Martin Hufner","date":"13. Dezember 2020","format":false,"excerpt":"Ein kleiner Blick in Restmonat. Die Suchmaschine der ARD hat ihren Dienst am 7.12.2020 eingestellt. Nachfragen haben nur gezeigt, dass die Veranwortlichen kein Interesse daran haben, das zu kommunizieren. Weder ist herauszubekommen, wer das veranlasst hat noch warum. Danke ARD! F\u00fcr nichts. Jetzt schauen wir mal, wie es weiter geht.\u2026","rel":"","context":"In &quot;News&quot;","block_context":{"text":"News","link":"https:\/\/www.jazzzeitung.de\/cms\/thema\/nachrichten\/"},"img":{"alt_text":"Jazz im Radio. Foto: Hufner","src":"https:\/\/i0.wp.com\/www.jazzzeitung.de\/cms\/wp-content\/uploads\/2019\/03\/jazz_im_radio.jpg?fit=1200%2C773&ssl=1&resize=350%2C200","width":350,"height":200,"srcset":"https:\/\/i0.wp.com\/www.jazzzeitung.de\/cms\/wp-content\/uploads\/2019\/03\/jazz_im_radio.jpg?fit=1200%2C773&ssl=1&resize=350%2C200 1x, https:\/\/i0.wp.com\/www.jazzzeitung.de\/cms\/wp-content\/uploads\/2019\/03\/jazz_im_radio.jpg?fit=1200%2C773&ssl=1&resize=525%2C300 1.5x, https:\/\/i0.wp.com\/www.jazzzeitung.de\/cms\/wp-content\/uploads\/2019\/03\/jazz_im_radio.jpg?fit=1200%2C773&ssl=1&resize=700%2C400 2x, https:\/\/i0.wp.com\/www.jazzzeitung.de\/cms\/wp-content\/uploads\/2019\/03\/jazz_im_radio.jpg?fit=1200%2C773&ssl=1&resize=1050%2C600 3x"},"classes":[]},{"id":23939,"url":"https:\/\/www.jazzzeitung.de\/cms\/2020\/12\/die-jazz-radiowoche-vom-7-12-20-bis-13-12-2020\/","url_meta":{"origin":20235,"position":2},"title":"Die Jazz-Radiowoche vom 7.12.20 bis 13.12.2020","author":"Martin Hufner","date":"6. Dezember 2020","format":false,"excerpt":"Ein kleiner Blick in die Jazzwoche 50 im Radio. Der ist dieses mal so klein, es steht da n\u00e4mlich gar nichts drin.Grund daf\u00fcr: Die Suchmaschine f\u00fcr Radiosendungen der ARD gibt am dem 7.12.2020 keine Ergebnisse heraus. Versuche der Kontaktaufnahme mit der ARD sind ohne Echo verhallt. Aktuell bleibt es bei\u2026","rel":"","context":"In &quot;News&quot;","block_context":{"text":"News","link":"https:\/\/www.jazzzeitung.de\/cms\/thema\/nachrichten\/"},"img":{"alt_text":"Jazz im Radio. Foto: Hufner","src":"https:\/\/i0.wp.com\/www.jazzzeitung.de\/cms\/wp-content\/uploads\/2019\/03\/jazz_im_radio.jpg?fit=1200%2C773&ssl=1&resize=350%2C200","width":350,"height":200,"srcset":"https:\/\/i0.wp.com\/www.jazzzeitung.de\/cms\/wp-content\/uploads\/2019\/03\/jazz_im_radio.jpg?fit=1200%2C773&ssl=1&resize=350%2C200 1x, https:\/\/i0.wp.com\/www.jazzzeitung.de\/cms\/wp-content\/uploads\/2019\/03\/jazz_im_radio.jpg?fit=1200%2C773&ssl=1&resize=525%2C300 1.5x, https:\/\/i0.wp.com\/www.jazzzeitung.de\/cms\/wp-content\/uploads\/2019\/03\/jazz_im_radio.jpg?fit=1200%2C773&ssl=1&resize=700%2C400 2x, https:\/\/i0.wp.com\/www.jazzzeitung.de\/cms\/wp-content\/uploads\/2019\/03\/jazz_im_radio.jpg?fit=1200%2C773&ssl=1&resize=1050%2C600 3x"},"classes":[]},{"id":21609,"url":"https:\/\/www.jazzzeitung.de\/cms\/2020\/01\/die-jazz-radiowoche-vom-06-01-20-bis-12-01-20-notausgabe\/","url_meta":{"origin":20235,"position":3},"title":"Die Jazz-Radiowoche vom 06.01.20 bis 12.01.20 (Notausgabe)","author":"Martin Hufner","date":"5. Januar 2020","format":false,"excerpt":"Ein kleiner Blick in die Jazzwoche 02 im Radio. Notausgabe! Die \u00dcbersicht zum Download als PDF. Alle Angaben ohne Gew\u00e4hr. Jazz im Radio (Fernsehen) SR2 \u2013 JazzNow \u2013 Sonntags von 20.04 bis 22.30 Uhr BR-KLASSIK \u2013 Jazztime \u2013 Von Montag bis Freitag t\u00e4glich um 23.05 Uhr rbb-kultur \u2013 Late Night\u2026","rel":"","context":"In &quot;News&quot;","block_context":{"text":"News","link":"https:\/\/www.jazzzeitung.de\/cms\/thema\/nachrichten\/"},"img":{"alt_text":"Jazz im Radio. Foto: Hufner","src":"https:\/\/i0.wp.com\/www.jazzzeitung.de\/cms\/wp-content\/uploads\/2019\/03\/jazz_im_radio.jpg?fit=1200%2C773&ssl=1&resize=350%2C200","width":350,"height":200,"srcset":"https:\/\/i0.wp.com\/www.jazzzeitung.de\/cms\/wp-content\/uploads\/2019\/03\/jazz_im_radio.jpg?fit=1200%2C773&ssl=1&resize=350%2C200 1x, https:\/\/i0.wp.com\/www.jazzzeitung.de\/cms\/wp-content\/uploads\/2019\/03\/jazz_im_radio.jpg?fit=1200%2C773&ssl=1&resize=525%2C300 1.5x, https:\/\/i0.wp.com\/www.jazzzeitung.de\/cms\/wp-content\/uploads\/2019\/03\/jazz_im_radio.jpg?fit=1200%2C773&ssl=1&resize=700%2C400 2x, https:\/\/i0.wp.com\/www.jazzzeitung.de\/cms\/wp-content\/uploads\/2019\/03\/jazz_im_radio.jpg?fit=1200%2C773&ssl=1&resize=1050%2C600 3x"},"classes":[]},{"id":24166,"url":"https:\/\/www.jazzzeitung.de\/cms\/2021\/01\/die-jazz-radiowoche-vom-18-01-2125-01-2021\/","url_meta":{"origin":20235,"position":4},"title":"Die Jazz-Radiowoche vom 18.01.21\u201325.01.2021","author":"Martin Hufner","date":"17. Januar 2021","format":false,"excerpt":"Ein kleiner Blick in die Jazzwoche 03 im Radio. Alle Angaben ohne Gew\u00e4hr. Unter anderem: Pianist Sebastian Sternal live im Jazzclub Birdland in Neuburg an der Donau. Aufnahme vom 19. November 2020.","rel":"","context":"In &quot;News&quot;","block_context":{"text":"News","link":"https:\/\/www.jazzzeitung.de\/cms\/thema\/nachrichten\/"},"img":{"alt_text":"Jazz im Radio. Foto: Hufner","src":"https:\/\/i0.wp.com\/www.jazzzeitung.de\/cms\/wp-content\/uploads\/2019\/03\/jazz_im_radio.jpg?fit=1200%2C773&ssl=1&resize=350%2C200","width":350,"height":200,"srcset":"https:\/\/i0.wp.com\/www.jazzzeitung.de\/cms\/wp-content\/uploads\/2019\/03\/jazz_im_radio.jpg?fit=1200%2C773&ssl=1&resize=350%2C200 1x, https:\/\/i0.wp.com\/www.jazzzeitung.de\/cms\/wp-content\/uploads\/2019\/03\/jazz_im_radio.jpg?fit=1200%2C773&ssl=1&resize=525%2C300 1.5x, https:\/\/i0.wp.com\/www.jazzzeitung.de\/cms\/wp-content\/uploads\/2019\/03\/jazz_im_radio.jpg?fit=1200%2C773&ssl=1&resize=700%2C400 2x, https:\/\/i0.wp.com\/www.jazzzeitung.de\/cms\/wp-content\/uploads\/2019\/03\/jazz_im_radio.jpg?fit=1200%2C773&ssl=1&resize=1050%2C600 3x"},"classes":[]},{"id":22441,"url":"https:\/\/www.jazzzeitung.de\/cms\/2020\/05\/die-jazz-radiowoche-vom-04-05-20-bis-10-05-20\/","url_meta":{"origin":20235,"position":5},"title":"Die Jazz-Radiowoche vom 04.05.20 bis 10.05.20","author":"Martin Hufner","date":"3. Mai 2020","format":false,"excerpt":"Ein kleiner Blick in die Jazzwoche 19 im Radio. Alle Angaben ohne Gew\u00e4hr. Jazz Special \u2013 Fire Music \u2013 Die unheilige Allianz von Jazz und Krieg | The Space Between \u2013 Mikrotonalit\u00e4t im Jazz","rel":"","context":"In &quot;News&quot;","block_context":{"text":"News","link":"https:\/\/www.jazzzeitung.de\/cms\/thema\/nachrichten\/"},"img":{"alt_text":"Jazz im Radio. Foto: Hufner","src":"https:\/\/i0.wp.com\/www.jazzzeitung.de\/cms\/wp-content\/uploads\/2019\/03\/jazz_im_radio.jpg?fit=1200%2C773&ssl=1&resize=350%2C200","width":350,"height":200,"srcset":"https:\/\/i0.wp.com\/www.jazzzeitung.de\/cms\/wp-content\/uploads\/2019\/03\/jazz_im_radio.jpg?fit=1200%2C773&ssl=1&resize=350%2C200 1x, https:\/\/i0.wp.com\/www.jazzzeitung.de\/cms\/wp-content\/uploads\/2019\/03\/jazz_im_radio.jpg?fit=1200%2C773&ssl=1&resize=525%2C300 1.5x, https:\/\/i0.wp.com\/www.jazzzeitung.de\/cms\/wp-content\/uploads\/2019\/03\/jazz_im_radio.jpg?fit=1200%2C773&ssl=1&resize=700%2C400 2x, https:\/\/i0.wp.com\/www.jazzzeitung.de\/cms\/wp-content\/uploads\/2019\/03\/jazz_im_radio.jpg?fit=1200%2C773&ssl=1&resize=1050%2C600 3x"},"classes":[]}],"jetpack_sharing_enabled":true,"_links":{"self":[{"href":"https:\/\/www.jazzzeitung.de\/cms\/wp-json\/wp\/v2\/posts\/20235","targetHints":{"allow":["GET"]}}],"collection":[{"href":"https:\/\/www.jazzzeitung.de\/cms\/wp-json\/wp\/v2\/posts"}],"about":[{"href":"https:\/\/www.jazzzeitung.de\/cms\/wp-json\/wp\/v2\/types\/post"}],"author":[{"embeddable":true,"href":"https:\/\/www.jazzzeitung.de\/cms\/wp-json\/wp\/v2\/users\/1"}],"replies":[{"embeddable":true,"href":"https:\/\/www.jazzzeitung.de\/cms\/wp-json\/wp\/v2\/comments?post=20235"}],"version-history":[{"count":1,"href":"https:\/\/www.jazzzeitung.de\/cms\/wp-json\/wp\/v2\/posts\/20235\/revisions"}],"predecessor-version":[{"id":20236,"href":"https:\/\/www.jazzzeitung.de\/cms\/wp-json\/wp\/v2\/posts\/20235\/revisions\/20236"}],"wp:featuredmedia":[{"embeddable":true,"href":"https:\/\/www.jazzzeitung.de\/cms\/wp-json\/wp\/v2\/media\/18913"}],"wp:attachment":[{"href":"https:\/\/www.jazzzeitung.de\/cms\/wp-json\/wp\/v2\/media?parent=20235"}],"wp:term":[{"taxonomy":"category","embeddable":true,"href":"https:\/\/www.jazzzeitung.de\/cms\/wp-json\/wp\/v2\/categories?post=20235"},{"taxonomy":"post_tag","embeddable":true,"href":"https:\/\/www.jazzzeitung.de\/cms\/wp-json\/wp\/v2\/tags?post=20235"},{"taxonomy":"author","embeddable":true,"href":"https:\/\/www.jazzzeitung.de\/cms\/wp-json\/wp\/v2\/coauthors?post=20235"}],"curies":[{"name":"wp","href":"https:\/\/api.w.org\/{rel}","templated":true}]}}