{"id":20115,"date":"2019-07-22T11:47:03","date_gmt":"2019-07-22T09:47:03","guid":{"rendered":"https:\/\/www.jazzzeitung.de\/cms\/?p=20115"},"modified":"2019-07-22T11:51:22","modified_gmt":"2019-07-22T09:51:22","slug":"brazzooka","status":"publish","type":"post","link":"https:\/\/www.jazzzeitung.de\/cms\/2019\/07\/brazzooka\/","title":{"rendered":"Brazzooka im Degginger &#8211; ein Veranstaltungstipp"},"content":{"rendered":"<p>Brazzooka \u2013 ein satter Bl\u00e4sersound, und eine Rhythmussection, die es versteht, so richtig zu grooven und deren Musik somit direkt in die Beine geht. Die neun Musiker aus dem Raum Regensburg verbinden die Musikstile Jazz, Funk und Latin auf ihre eigene Art und Weise und kleiden dabei bekannte Jazzstandards in ein neues Gewand. Sie begeistern das Publikum durch musikalisches know-how. Wer auf Tower Of Power, Chick Corea oder Dave Weckl steht, ist bei einem Konzert von Brazzooka genau richtig.<\/p>\n<p>Am kommenden Mittwoch, den 24. Juli ab 20 Uhr ist die Band im Regensburger Degginger (Wahlenstra\u00dfe 17) zu erleben, der Eintritt ist frei!<\/p>\n<p>Besetzung:<\/p>\n<p>Keys: Markus Stich<\/p>\n<p>Bass: Hermann Kobl<\/p>\n<p>Drums: Martin Kammerer<\/p>\n<p>Gitarre: Armin Merten<\/p>\n<p>Vocals: Marius Sachse<\/p>\n<p>Tenor-\/Bartitonsax: Thomas Sachse<\/p>\n<p>Sopransax: Ariane Felgentr\u00e4ger<\/p>\n<p>Posaune: J\u00f6rg Lipka<\/p>\n<p>Trompete: Peter Glas<\/p>\n<p><a href=\"http:\/\/www.brazzooka.de\">www.brazzooka.de<\/a><\/p>\n","protected":false},"excerpt":{"rendered":"<p>Brazzooka \u2013 ein satter Bl\u00e4sersound, und eine Rhythmussection, die es versteht, so richtig zu grooven und deren Musik somit direkt in die Beine geht. Die neun Musiker aus dem Raum Regensburg verbinden die Musikstile Jazz, Funk und Latin auf ihre eigene Art und Weise und kleiden dabei bekannte Jazzstandards in ein neues Gewand. Sie begeistern das Publikum durch musikalisches know-how. Wer auf Tower Of Power, Chick Corea oder Dave Weckl steht, ist bei einem Konzert von Brazzooka genau richtig. Am kommenden Mittwoch, den 24. Juli ab 20 Uhr ist die Band im Regensburger Degginger (Wahlenstra\u00dfe 17) zu erleben, der Eintritt ist frei! Besetzung: Keys: Markus Stich Bass: Hermann Kobl Drums: Martin Kammerer Gitarre: Armin Merten Vocals: Marius Sachse Tenor-\/Bartitonsax: Thomas Sachse Sopransax: Ariane Felgentr\u00e4ger Posaune: J\u00f6rg Lipka Trompete: Peter Glas www.brazzooka.de<\/p>\n","protected":false},"author":18,"featured_media":20116,"comment_status":"open","ping_status":"closed","sticky":false,"template":"","format":"standard","meta":{"_jetpack_memberships_contains_paid_content":false,"footnotes":"","jetpack_publicize_message":"","jetpack_publicize_feature_enabled":true,"jetpack_social_post_already_shared":false,"jetpack_social_options":{"image_generator_settings":{"template":"highway","default_image_id":0,"font":"","enabled":false},"version":2}},"categories":[633],"tags":[1763,2650,2578,2652,2626,1876,2651,322,2653,1797,2491,2636],"coauthors":[695],"class_list":["post-20115","post","type-post","status-publish","format-standard","has-post-thumbnail","hentry","category-nachrichten","tag-bass","tag-brazzooka","tag-chick-corea","tag-deggginer","tag-degginger","tag-jazz","tag-joerg-lipka","tag-konzert-2","tag-konzerttipp","tag-regensburg","tag-tower-of-power","tag-veranstaltungstipp"],"yoast_head":"<!-- This site is optimized with the Yoast SEO plugin v27.5 - https:\/\/yoast.com\/product\/yoast-seo-wordpress\/ -->\n<title>Brazzooka im Degginger - ein Veranstaltungstipp - JazzZeitung<\/title>\n<meta name=\"robots\" content=\"index, follow, max-snippet:-1, max-image-preview:large, max-video-preview:-1\" \/>\n<link rel=\"canonical\" href=\"https:\/\/www.jazzzeitung.de\/cms\/2019\/07\/brazzooka\/\" \/>\n<meta property=\"og:locale\" content=\"de_DE\" \/>\n<meta property=\"og:type\" content=\"article\" \/>\n<meta property=\"og:title\" content=\"Brazzooka im Degginger - ein Veranstaltungstipp - JazzZeitung\" \/>\n<meta property=\"og:description\" content=\"Brazzooka \u2013 ein satter Bl\u00e4sersound, und eine Rhythmussection, die es versteht, so richtig zu grooven und deren Musik somit direkt in die Beine geht. Die neun Musiker aus dem Raum Regensburg verbinden die Musikstile Jazz, Funk und Latin auf ihre eigene Art und Weise und kleiden dabei bekannte Jazzstandards in ein neues Gewand. Sie begeistern das Publikum durch musikalisches know-how. Wer auf Tower Of Power, Chick Corea oder Dave Weckl steht, ist bei einem Konzert von Brazzooka genau richtig. Am kommenden Mittwoch, den 24. Juli ab 20 Uhr ist die Band im Regensburger Degginger (Wahlenstra\u00dfe 17) zu erleben, der Eintritt ist frei! Besetzung: Keys: Markus Stich Bass: Hermann Kobl Drums: Martin Kammerer Gitarre: Armin Merten Vocals: Marius Sachse Tenor-\/Bartitonsax: Thomas Sachse Sopransax: Ariane Felgentr\u00e4ger Posaune: J\u00f6rg Lipka Trompete: Peter Glas www.brazzooka.de\" \/>\n<meta property=\"og:url\" content=\"https:\/\/www.jazzzeitung.de\/cms\/2019\/07\/brazzooka\/\" \/>\n<meta property=\"og:site_name\" content=\"JazzZeitung\" \/>\n<meta property=\"article:publisher\" content=\"https:\/\/www.facebook.com\/JazzZeitung\/\" \/>\n<meta property=\"article:published_time\" content=\"2019-07-22T09:47:03+00:00\" \/>\n<meta property=\"article:modified_time\" content=\"2019-07-22T09:51:22+00:00\" \/>\n<meta property=\"og:image\" content=\"https:\/\/i0.wp.com\/www.jazzzeitung.de\/cms\/wp-content\/uploads\/2019\/07\/PressefotoLiveMitAriane.png?fit=1124%2C794&ssl=1\" \/>\n\t<meta property=\"og:image:width\" content=\"1124\" \/>\n\t<meta property=\"og:image:height\" content=\"794\" \/>\n\t<meta property=\"og:image:type\" content=\"image\/png\" \/>\n<meta name=\"author\" content=\"Redaktion JazzZeitung\" \/>\n<script type=\"application\/ld+json\" class=\"yoast-schema-graph\">{\"@context\":\"https:\\\/\\\/schema.org\",\"@graph\":[{\"@type\":\"Article\",\"@id\":\"https:\\\/\\\/www.jazzzeitung.de\\\/cms\\\/2019\\\/07\\\/brazzooka\\\/#article\",\"isPartOf\":{\"@id\":\"https:\\\/\\\/www.jazzzeitung.de\\\/cms\\\/2019\\\/07\\\/brazzooka\\\/\"},\"author\":{\"name\":\"Redaktion JazzZeitung\",\"@id\":\"https:\\\/\\\/www.jazzzeitung.de\\\/cms\\\/#\\\/schema\\\/person\\\/2245b36b9cd1d24cea10f01c031fb92b\"},\"headline\":\"Brazzooka im Degginger &#8211; ein Veranstaltungstipp\",\"datePublished\":\"2019-07-22T09:47:03+00:00\",\"dateModified\":\"2019-07-22T09:51:22+00:00\",\"mainEntityOfPage\":{\"@id\":\"https:\\\/\\\/www.jazzzeitung.de\\\/cms\\\/2019\\\/07\\\/brazzooka\\\/\"},\"wordCount\":140,\"commentCount\":0,\"publisher\":{\"@id\":\"https:\\\/\\\/www.jazzzeitung.de\\\/cms\\\/#organization\"},\"image\":{\"@id\":\"https:\\\/\\\/www.jazzzeitung.de\\\/cms\\\/2019\\\/07\\\/brazzooka\\\/#primaryimage\"},\"thumbnailUrl\":\"https:\\\/\\\/i0.wp.com\\\/www.jazzzeitung.de\\\/cms\\\/wp-content\\\/uploads\\\/2019\\\/07\\\/PressefotoLiveMitAriane.png?fit=1124%2C794&ssl=1\",\"keywords\":[\"Bass\",\"Brazzooka\",\"Chick Corea\",\"Deggginer\",\"Degginger\",\"Jazz\",\"J\u00f6rg Lipka\",\"Konzert\",\"Konzerttipp\",\"Regensburg\",\"Tower of Power\",\"Veranstaltungstipp\"],\"articleSection\":[\"News\"],\"inLanguage\":\"de\",\"potentialAction\":[{\"@type\":\"CommentAction\",\"name\":\"Comment\",\"target\":[\"https:\\\/\\\/www.jazzzeitung.de\\\/cms\\\/2019\\\/07\\\/brazzooka\\\/#respond\"]}]},{\"@type\":\"WebPage\",\"@id\":\"https:\\\/\\\/www.jazzzeitung.de\\\/cms\\\/2019\\\/07\\\/brazzooka\\\/\",\"url\":\"https:\\\/\\\/www.jazzzeitung.de\\\/cms\\\/2019\\\/07\\\/brazzooka\\\/\",\"name\":\"Brazzooka im Degginger - ein Veranstaltungstipp - JazzZeitung\",\"isPartOf\":{\"@id\":\"https:\\\/\\\/www.jazzzeitung.de\\\/cms\\\/#website\"},\"primaryImageOfPage\":{\"@id\":\"https:\\\/\\\/www.jazzzeitung.de\\\/cms\\\/2019\\\/07\\\/brazzooka\\\/#primaryimage\"},\"image\":{\"@id\":\"https:\\\/\\\/www.jazzzeitung.de\\\/cms\\\/2019\\\/07\\\/brazzooka\\\/#primaryimage\"},\"thumbnailUrl\":\"https:\\\/\\\/i0.wp.com\\\/www.jazzzeitung.de\\\/cms\\\/wp-content\\\/uploads\\\/2019\\\/07\\\/PressefotoLiveMitAriane.png?fit=1124%2C794&ssl=1\",\"datePublished\":\"2019-07-22T09:47:03+00:00\",\"dateModified\":\"2019-07-22T09:51:22+00:00\",\"breadcrumb\":{\"@id\":\"https:\\\/\\\/www.jazzzeitung.de\\\/cms\\\/2019\\\/07\\\/brazzooka\\\/#breadcrumb\"},\"inLanguage\":\"de\",\"potentialAction\":[{\"@type\":\"ReadAction\",\"target\":[\"https:\\\/\\\/www.jazzzeitung.de\\\/cms\\\/2019\\\/07\\\/brazzooka\\\/\"]}]},{\"@type\":\"ImageObject\",\"inLanguage\":\"de\",\"@id\":\"https:\\\/\\\/www.jazzzeitung.de\\\/cms\\\/2019\\\/07\\\/brazzooka\\\/#primaryimage\",\"url\":\"https:\\\/\\\/i0.wp.com\\\/www.jazzzeitung.de\\\/cms\\\/wp-content\\\/uploads\\\/2019\\\/07\\\/PressefotoLiveMitAriane.png?fit=1124%2C794&ssl=1\",\"contentUrl\":\"https:\\\/\\\/i0.wp.com\\\/www.jazzzeitung.de\\\/cms\\\/wp-content\\\/uploads\\\/2019\\\/07\\\/PressefotoLiveMitAriane.png?fit=1124%2C794&ssl=1\",\"width\":1124,\"height\":794},{\"@type\":\"BreadcrumbList\",\"@id\":\"https:\\\/\\\/www.jazzzeitung.de\\\/cms\\\/2019\\\/07\\\/brazzooka\\\/#breadcrumb\",\"itemListElement\":[{\"@type\":\"ListItem\",\"position\":1,\"name\":\"Startseite\",\"item\":\"https:\\\/\\\/www.jazzzeitung.de\\\/cms\\\/\"},{\"@type\":\"ListItem\",\"position\":2,\"name\":\"Brazzooka im Degginger &#8211; ein Veranstaltungstipp\"}]},{\"@type\":\"WebSite\",\"@id\":\"https:\\\/\\\/www.jazzzeitung.de\\\/cms\\\/#website\",\"url\":\"https:\\\/\\\/www.jazzzeitung.de\\\/cms\\\/\",\"name\":\"JazzZeitung\",\"description\":\"Jazz-News und Jazz-Kontroverses\",\"publisher\":{\"@id\":\"https:\\\/\\\/www.jazzzeitung.de\\\/cms\\\/#organization\"},\"potentialAction\":[{\"@type\":\"SearchAction\",\"target\":{\"@type\":\"EntryPoint\",\"urlTemplate\":\"https:\\\/\\\/www.jazzzeitung.de\\\/cms\\\/?s={search_term_string}\"},\"query-input\":{\"@type\":\"PropertyValueSpecification\",\"valueRequired\":true,\"valueName\":\"search_term_string\"}}],\"inLanguage\":\"de\"},{\"@type\":\"Organization\",\"@id\":\"https:\\\/\\\/www.jazzzeitung.de\\\/cms\\\/#organization\",\"name\":\"JazzZeitung online\",\"url\":\"https:\\\/\\\/www.jazzzeitung.de\\\/cms\\\/\",\"logo\":{\"@type\":\"ImageObject\",\"inLanguage\":\"de\",\"@id\":\"https:\\\/\\\/www.jazzzeitung.de\\\/cms\\\/#\\\/schema\\\/logo\\\/image\\\/\",\"url\":\"https:\\\/\\\/i0.wp.com\\\/www.jazzzeitung.de\\\/cms\\\/wp-content\\\/uploads\\\/2015\\\/08\\\/JAZZZEITUNGDE_Logo_Neu.png?fit=499%2C200&ssl=1\",\"contentUrl\":\"https:\\\/\\\/i0.wp.com\\\/www.jazzzeitung.de\\\/cms\\\/wp-content\\\/uploads\\\/2015\\\/08\\\/JAZZZEITUNGDE_Logo_Neu.png?fit=499%2C200&ssl=1\",\"width\":499,\"height\":200,\"caption\":\"JazzZeitung online\"},\"image\":{\"@id\":\"https:\\\/\\\/www.jazzzeitung.de\\\/cms\\\/#\\\/schema\\\/logo\\\/image\\\/\"},\"sameAs\":[\"https:\\\/\\\/www.facebook.com\\\/JazzZeitung\\\/\"]},{\"@type\":\"Person\",\"@id\":\"https:\\\/\\\/www.jazzzeitung.de\\\/cms\\\/#\\\/schema\\\/person\\\/2245b36b9cd1d24cea10f01c031fb92b\",\"name\":\"Redaktion JazzZeitung\",\"image\":{\"@type\":\"ImageObject\",\"inLanguage\":\"de\",\"@id\":\"https:\\\/\\\/i0.wp.com\\\/www.jazzzeitung.de\\\/cms\\\/wp-content\\\/uploads\\\/2015\\\/08\\\/JAZZZEITUNGDE_Logo_Neu.png?resize=96%2C96&ssl=159975dcacb611b5700bd619b5daf0a7a\",\"url\":\"https:\\\/\\\/i0.wp.com\\\/www.jazzzeitung.de\\\/cms\\\/wp-content\\\/uploads\\\/2015\\\/08\\\/JAZZZEITUNGDE_Logo_Neu.png?resize=96%2C96&ssl=1\",\"contentUrl\":\"https:\\\/\\\/i0.wp.com\\\/www.jazzzeitung.de\\\/cms\\\/wp-content\\\/uploads\\\/2015\\\/08\\\/JAZZZEITUNGDE_Logo_Neu.png?resize=96%2C96&ssl=1\",\"caption\":\"Redaktion JazzZeitung\"},\"description\":\"Artikel der Redaktion der JazzZeitung.\",\"sameAs\":[\"http:\\\/\\\/www.jazzzeitung.de\\\/cms\\\/\"],\"url\":\"https:\\\/\\\/www.jazzzeitung.de\\\/cms\\\/author\\\/redaktion\\\/\"}]}<\/script>\n<!-- \/ Yoast SEO plugin. -->","yoast_head_json":{"title":"Brazzooka im Degginger - ein Veranstaltungstipp - JazzZeitung","robots":{"index":"index","follow":"follow","max-snippet":"max-snippet:-1","max-image-preview":"max-image-preview:large","max-video-preview":"max-video-preview:-1"},"canonical":"https:\/\/www.jazzzeitung.de\/cms\/2019\/07\/brazzooka\/","og_locale":"de_DE","og_type":"article","og_title":"Brazzooka im Degginger - ein Veranstaltungstipp - JazzZeitung","og_description":"Brazzooka \u2013 ein satter Bl\u00e4sersound, und eine Rhythmussection, die es versteht, so richtig zu grooven und deren Musik somit direkt in die Beine geht. Die neun Musiker aus dem Raum Regensburg verbinden die Musikstile Jazz, Funk und Latin auf ihre eigene Art und Weise und kleiden dabei bekannte Jazzstandards in ein neues Gewand. Sie begeistern das Publikum durch musikalisches know-how. Wer auf Tower Of Power, Chick Corea oder Dave Weckl steht, ist bei einem Konzert von Brazzooka genau richtig. Am kommenden Mittwoch, den 24. Juli ab 20 Uhr ist die Band im Regensburger Degginger (Wahlenstra\u00dfe 17) zu erleben, der Eintritt ist frei! Besetzung: Keys: Markus Stich Bass: Hermann Kobl Drums: Martin Kammerer Gitarre: Armin Merten Vocals: Marius Sachse Tenor-\/Bartitonsax: Thomas Sachse Sopransax: Ariane Felgentr\u00e4ger Posaune: J\u00f6rg Lipka Trompete: Peter Glas www.brazzooka.de","og_url":"https:\/\/www.jazzzeitung.de\/cms\/2019\/07\/brazzooka\/","og_site_name":"JazzZeitung","article_publisher":"https:\/\/www.facebook.com\/JazzZeitung\/","article_published_time":"2019-07-22T09:47:03+00:00","article_modified_time":"2019-07-22T09:51:22+00:00","og_image":[{"width":1124,"height":794,"url":"https:\/\/i0.wp.com\/www.jazzzeitung.de\/cms\/wp-content\/uploads\/2019\/07\/PressefotoLiveMitAriane.png?fit=1124%2C794&ssl=1","type":"image\/png"}],"author":"Redaktion JazzZeitung","schema":{"@context":"https:\/\/schema.org","@graph":[{"@type":"Article","@id":"https:\/\/www.jazzzeitung.de\/cms\/2019\/07\/brazzooka\/#article","isPartOf":{"@id":"https:\/\/www.jazzzeitung.de\/cms\/2019\/07\/brazzooka\/"},"author":{"name":"Redaktion JazzZeitung","@id":"https:\/\/www.jazzzeitung.de\/cms\/#\/schema\/person\/2245b36b9cd1d24cea10f01c031fb92b"},"headline":"Brazzooka im Degginger &#8211; ein Veranstaltungstipp","datePublished":"2019-07-22T09:47:03+00:00","dateModified":"2019-07-22T09:51:22+00:00","mainEntityOfPage":{"@id":"https:\/\/www.jazzzeitung.de\/cms\/2019\/07\/brazzooka\/"},"wordCount":140,"commentCount":0,"publisher":{"@id":"https:\/\/www.jazzzeitung.de\/cms\/#organization"},"image":{"@id":"https:\/\/www.jazzzeitung.de\/cms\/2019\/07\/brazzooka\/#primaryimage"},"thumbnailUrl":"https:\/\/i0.wp.com\/www.jazzzeitung.de\/cms\/wp-content\/uploads\/2019\/07\/PressefotoLiveMitAriane.png?fit=1124%2C794&ssl=1","keywords":["Bass","Brazzooka","Chick Corea","Deggginer","Degginger","Jazz","J\u00f6rg Lipka","Konzert","Konzerttipp","Regensburg","Tower of Power","Veranstaltungstipp"],"articleSection":["News"],"inLanguage":"de","potentialAction":[{"@type":"CommentAction","name":"Comment","target":["https:\/\/www.jazzzeitung.de\/cms\/2019\/07\/brazzooka\/#respond"]}]},{"@type":"WebPage","@id":"https:\/\/www.jazzzeitung.de\/cms\/2019\/07\/brazzooka\/","url":"https:\/\/www.jazzzeitung.de\/cms\/2019\/07\/brazzooka\/","name":"Brazzooka im Degginger - ein Veranstaltungstipp - JazzZeitung","isPartOf":{"@id":"https:\/\/www.jazzzeitung.de\/cms\/#website"},"primaryImageOfPage":{"@id":"https:\/\/www.jazzzeitung.de\/cms\/2019\/07\/brazzooka\/#primaryimage"},"image":{"@id":"https:\/\/www.jazzzeitung.de\/cms\/2019\/07\/brazzooka\/#primaryimage"},"thumbnailUrl":"https:\/\/i0.wp.com\/www.jazzzeitung.de\/cms\/wp-content\/uploads\/2019\/07\/PressefotoLiveMitAriane.png?fit=1124%2C794&ssl=1","datePublished":"2019-07-22T09:47:03+00:00","dateModified":"2019-07-22T09:51:22+00:00","breadcrumb":{"@id":"https:\/\/www.jazzzeitung.de\/cms\/2019\/07\/brazzooka\/#breadcrumb"},"inLanguage":"de","potentialAction":[{"@type":"ReadAction","target":["https:\/\/www.jazzzeitung.de\/cms\/2019\/07\/brazzooka\/"]}]},{"@type":"ImageObject","inLanguage":"de","@id":"https:\/\/www.jazzzeitung.de\/cms\/2019\/07\/brazzooka\/#primaryimage","url":"https:\/\/i0.wp.com\/www.jazzzeitung.de\/cms\/wp-content\/uploads\/2019\/07\/PressefotoLiveMitAriane.png?fit=1124%2C794&ssl=1","contentUrl":"https:\/\/i0.wp.com\/www.jazzzeitung.de\/cms\/wp-content\/uploads\/2019\/07\/PressefotoLiveMitAriane.png?fit=1124%2C794&ssl=1","width":1124,"height":794},{"@type":"BreadcrumbList","@id":"https:\/\/www.jazzzeitung.de\/cms\/2019\/07\/brazzooka\/#breadcrumb","itemListElement":[{"@type":"ListItem","position":1,"name":"Startseite","item":"https:\/\/www.jazzzeitung.de\/cms\/"},{"@type":"ListItem","position":2,"name":"Brazzooka im Degginger &#8211; ein Veranstaltungstipp"}]},{"@type":"WebSite","@id":"https:\/\/www.jazzzeitung.de\/cms\/#website","url":"https:\/\/www.jazzzeitung.de\/cms\/","name":"JazzZeitung","description":"Jazz-News und Jazz-Kontroverses","publisher":{"@id":"https:\/\/www.jazzzeitung.de\/cms\/#organization"},"potentialAction":[{"@type":"SearchAction","target":{"@type":"EntryPoint","urlTemplate":"https:\/\/www.jazzzeitung.de\/cms\/?s={search_term_string}"},"query-input":{"@type":"PropertyValueSpecification","valueRequired":true,"valueName":"search_term_string"}}],"inLanguage":"de"},{"@type":"Organization","@id":"https:\/\/www.jazzzeitung.de\/cms\/#organization","name":"JazzZeitung online","url":"https:\/\/www.jazzzeitung.de\/cms\/","logo":{"@type":"ImageObject","inLanguage":"de","@id":"https:\/\/www.jazzzeitung.de\/cms\/#\/schema\/logo\/image\/","url":"https:\/\/i0.wp.com\/www.jazzzeitung.de\/cms\/wp-content\/uploads\/2015\/08\/JAZZZEITUNGDE_Logo_Neu.png?fit=499%2C200&ssl=1","contentUrl":"https:\/\/i0.wp.com\/www.jazzzeitung.de\/cms\/wp-content\/uploads\/2015\/08\/JAZZZEITUNGDE_Logo_Neu.png?fit=499%2C200&ssl=1","width":499,"height":200,"caption":"JazzZeitung online"},"image":{"@id":"https:\/\/www.jazzzeitung.de\/cms\/#\/schema\/logo\/image\/"},"sameAs":["https:\/\/www.facebook.com\/JazzZeitung\/"]},{"@type":"Person","@id":"https:\/\/www.jazzzeitung.de\/cms\/#\/schema\/person\/2245b36b9cd1d24cea10f01c031fb92b","name":"Redaktion JazzZeitung","image":{"@type":"ImageObject","inLanguage":"de","@id":"https:\/\/i0.wp.com\/www.jazzzeitung.de\/cms\/wp-content\/uploads\/2015\/08\/JAZZZEITUNGDE_Logo_Neu.png?resize=96%2C96&ssl=159975dcacb611b5700bd619b5daf0a7a","url":"https:\/\/i0.wp.com\/www.jazzzeitung.de\/cms\/wp-content\/uploads\/2015\/08\/JAZZZEITUNGDE_Logo_Neu.png?resize=96%2C96&ssl=1","contentUrl":"https:\/\/i0.wp.com\/www.jazzzeitung.de\/cms\/wp-content\/uploads\/2015\/08\/JAZZZEITUNGDE_Logo_Neu.png?resize=96%2C96&ssl=1","caption":"Redaktion JazzZeitung"},"description":"Artikel der Redaktion der JazzZeitung.","sameAs":["http:\/\/www.jazzzeitung.de\/cms\/"],"url":"https:\/\/www.jazzzeitung.de\/cms\/author\/redaktion\/"}]}},"wp-worthy-pixel":{"ignored":false,"public":null,"server":null,"url":null},"wp-worthy-type":"normal","jetpack_publicize_connections":[],"cc_featured_image_caption":{"caption_text":"","source_text":"","source_url":""},"jetpack_featured_media_url":"https:\/\/i0.wp.com\/www.jazzzeitung.de\/cms\/wp-content\/uploads\/2019\/07\/PressefotoLiveMitAriane.png?fit=1124%2C794&ssl=1","jetpack_shortlink":"https:\/\/wp.me\/p3KEcT-5er","jetpack-related-posts":[{"id":22838,"url":"https:\/\/www.jazzzeitung.de\/cms\/2020\/06\/newsbrazzooka-gibt-konzert-im-raven-straubingjazzclub-huerth-mit-huerthsuedtirol-festival-merano-als-eins-der-ersten-festivals\/","url_meta":{"origin":20115,"position":0},"title":"news+++Brazzooka im Raven Straubing+++Jazzclub H\u00fcrth mit #H\u00dcRTH+++","author":"Redaktion JazzZeitung","date":"25. Juni 2020","format":false,"excerpt":"Erstes Indoor- Konzert im Straubinger Musikclub Raven seit Langem Die Funk- und Soul-Combo BRAZZOOKA gibt heute Abend das erste Konzert mit Publikum im Straubinger Musikclub Raven. Die neunk\u00f6pfige Band aus dem Raum Regensburg bewegt sich stilsicher durch mehr als f\u00fcnf Jahrzehnte einschl\u00e4giger Musikgeschichte: Im Repertoire finden sich Titel von Tower\u2026","rel":"","context":"In &quot;News&quot;","block_context":{"text":"News","link":"https:\/\/www.jazzzeitung.de\/cms\/thema\/nachrichten\/"},"img":{"alt_text":"","src":"https:\/\/i0.wp.com\/www.jazzzeitung.de\/cms\/wp-content\/uploads\/2020\/06\/Brazzooka-Landshut-%C2%A9Stefan-Freytag.jpg?fit=1200%2C800&ssl=1&resize=350%2C200","width":350,"height":200,"srcset":"https:\/\/i0.wp.com\/www.jazzzeitung.de\/cms\/wp-content\/uploads\/2020\/06\/Brazzooka-Landshut-%C2%A9Stefan-Freytag.jpg?fit=1200%2C800&ssl=1&resize=350%2C200 1x, https:\/\/i0.wp.com\/www.jazzzeitung.de\/cms\/wp-content\/uploads\/2020\/06\/Brazzooka-Landshut-%C2%A9Stefan-Freytag.jpg?fit=1200%2C800&ssl=1&resize=525%2C300 1.5x, https:\/\/i0.wp.com\/www.jazzzeitung.de\/cms\/wp-content\/uploads\/2020\/06\/Brazzooka-Landshut-%C2%A9Stefan-Freytag.jpg?fit=1200%2C800&ssl=1&resize=700%2C400 2x, https:\/\/i0.wp.com\/www.jazzzeitung.de\/cms\/wp-content\/uploads\/2020\/06\/Brazzooka-Landshut-%C2%A9Stefan-Freytag.jpg?fit=1200%2C800&ssl=1&resize=1050%2C600 3x"},"classes":[]},{"id":20779,"url":"https:\/\/www.jazzzeitung.de\/cms\/2019\/10\/news-brazooka-im-raven-in-straubing-jazz-pott-preistraeger-mit-heimspiel\/","url_meta":{"origin":20115,"position":1},"title":"+++ News +++ Brazooka im Raven in Straubing +++ \u201eJazz Pott\u201c-Preistr\u00e4ger mit Heimspiel +++","author":"Redaktion JazzZeitung","date":"2. Oktober 2019","format":false,"excerpt":"+++ Brazooka im Raven in Straubing +++ BRAZZOOKA \u2013 das sind kraftvolle Rhythmen und raffinierte Harmonien mit Elementen aus Funk, Jazz und Soul, die zu einem elektrisierenden Klangerlebnis verschmelzen. Die neunk\u00f6pfige Combo aus dem Raum Regensburg bewegt sich stilsicher durch mehr als f\u00fcnf Jahrzehnte einschl\u00e4giger Musikgeschichte: Im Repertoire finden sich\u2026","rel":"","context":"In &quot;News&quot;","block_context":{"text":"News","link":"https:\/\/www.jazzzeitung.de\/cms\/thema\/nachrichten\/"},"img":{"alt_text":"","src":"https:\/\/i0.wp.com\/www.jazzzeitung.de\/cms\/wp-content\/uploads\/2019\/10\/P1180005.jpg?fit=1200%2C800&ssl=1&resize=350%2C200","width":350,"height":200,"srcset":"https:\/\/i0.wp.com\/www.jazzzeitung.de\/cms\/wp-content\/uploads\/2019\/10\/P1180005.jpg?fit=1200%2C800&ssl=1&resize=350%2C200 1x, https:\/\/i0.wp.com\/www.jazzzeitung.de\/cms\/wp-content\/uploads\/2019\/10\/P1180005.jpg?fit=1200%2C800&ssl=1&resize=525%2C300 1.5x, https:\/\/i0.wp.com\/www.jazzzeitung.de\/cms\/wp-content\/uploads\/2019\/10\/P1180005.jpg?fit=1200%2C800&ssl=1&resize=700%2C400 2x, https:\/\/i0.wp.com\/www.jazzzeitung.de\/cms\/wp-content\/uploads\/2019\/10\/P1180005.jpg?fit=1200%2C800&ssl=1&resize=1050%2C600 3x"},"classes":[]},{"id":26695,"url":"https:\/\/www.jazzzeitung.de\/cms\/2022\/02\/news-4\/","url_meta":{"origin":20115,"position":2},"title":"+++ news +++ Jazzfestival Saalfelden +++ Bigband-Konzert Weimar +++ Absage H\u00fcrth +++ Bazzooka in Straubing +++","author":"Redaktion JazzZeitung","date":"3. Februar 2022","format":false,"excerpt":"+++ Jazzfestival Saalfelden - Start des Ticketverkaufs +++ Vom 18.-21. August wird das Jazzfestivals Saalfelden in seiner 42. Ausgabe stattfinden. Mehr als 60 Konzerte an unterschiedlichen Spielorten sind geplant. Mit dabei sind u.a. Isaiah Collier & The Chosen Few, Alba Careta Group, Christoph Cech Jazz Orchestra Project, Trondheim Jazz Orchestra\u2026","rel":"","context":"In &quot;News&quot;","block_context":{"text":"News","link":"https:\/\/www.jazzzeitung.de\/cms\/thema\/nachrichten\/"},"img":{"alt_text":"","src":"https:\/\/i0.wp.com\/www.jazzzeitung.de\/cms\/wp-content\/uploads\/2022\/02\/Isaiah-Collier-1.jpeg?fit=1200%2C800&ssl=1&resize=350%2C200","width":350,"height":200,"srcset":"https:\/\/i0.wp.com\/www.jazzzeitung.de\/cms\/wp-content\/uploads\/2022\/02\/Isaiah-Collier-1.jpeg?fit=1200%2C800&ssl=1&resize=350%2C200 1x, https:\/\/i0.wp.com\/www.jazzzeitung.de\/cms\/wp-content\/uploads\/2022\/02\/Isaiah-Collier-1.jpeg?fit=1200%2C800&ssl=1&resize=525%2C300 1.5x, https:\/\/i0.wp.com\/www.jazzzeitung.de\/cms\/wp-content\/uploads\/2022\/02\/Isaiah-Collier-1.jpeg?fit=1200%2C800&ssl=1&resize=700%2C400 2x, https:\/\/i0.wp.com\/www.jazzzeitung.de\/cms\/wp-content\/uploads\/2022\/02\/Isaiah-Collier-1.jpeg?fit=1200%2C800&ssl=1&resize=1050%2C600 3x"},"classes":[]},{"id":29211,"url":"https:\/\/www.jazzzeitung.de\/cms\/2023\/03\/news-regensburg-huerth-ljjo-baden-wuerttemberg\/","url_meta":{"origin":20115,"position":3},"title":"News: +++ Regensburg +++ H\u00fcrth +++ LJJO Baden-W\u00fcrttemberg +++","author":"Redaktion JazzZeitung","date":"14. M\u00e4rz 2023","format":false,"excerpt":"+++ Highlight-April im Regensburger Jazzclub +++ Neben dem allmonatlichen Jazz-Brunch im Degginger (diesen Monat Yankee Meier Organ Trio, Sonntag 23. April 2023) und der Session im Leeren Beutel (Sessionleiter: Danube in Blue, 3. April 2023), veranstaltet der Regensburger Jazzclub wiederholt hochkar\u00e4tige Konzerte im Leeren Beutel und im Caf\u00e9 Degginger. Das\u2026","rel":"","context":"In &quot;News&quot;","block_context":{"text":"News","link":"https:\/\/www.jazzzeitung.de\/cms\/thema\/nachrichten\/"},"img":{"alt_text":"","src":"https:\/\/i0.wp.com\/www.jazzzeitung.de\/cms\/wp-content\/uploads\/2023\/03\/jc-20230404-Tobias-Meinhart-The-Painter%C2%A9-Mariana-Meraz_Jazzclub-Regensburg.jpg?fit=1200%2C801&ssl=1&resize=350%2C200","width":350,"height":200,"srcset":"https:\/\/i0.wp.com\/www.jazzzeitung.de\/cms\/wp-content\/uploads\/2023\/03\/jc-20230404-Tobias-Meinhart-The-Painter%C2%A9-Mariana-Meraz_Jazzclub-Regensburg.jpg?fit=1200%2C801&ssl=1&resize=350%2C200 1x, https:\/\/i0.wp.com\/www.jazzzeitung.de\/cms\/wp-content\/uploads\/2023\/03\/jc-20230404-Tobias-Meinhart-The-Painter%C2%A9-Mariana-Meraz_Jazzclub-Regensburg.jpg?fit=1200%2C801&ssl=1&resize=525%2C300 1.5x, https:\/\/i0.wp.com\/www.jazzzeitung.de\/cms\/wp-content\/uploads\/2023\/03\/jc-20230404-Tobias-Meinhart-The-Painter%C2%A9-Mariana-Meraz_Jazzclub-Regensburg.jpg?fit=1200%2C801&ssl=1&resize=700%2C400 2x, https:\/\/i0.wp.com\/www.jazzzeitung.de\/cms\/wp-content\/uploads\/2023\/03\/jc-20230404-Tobias-Meinhart-The-Painter%C2%A9-Mariana-Meraz_Jazzclub-Regensburg.jpg?fit=1200%2C801&ssl=1&resize=1050%2C600 3x"},"classes":[]},{"id":17307,"url":"https:\/\/www.jazzzeitung.de\/cms\/2018\/09\/mehr-frauen-mehr-europa-der-jazzclub-regensburg-meldet-sich-mit-einem-stilistisch-vielseitigen-und-regional-gepraegten-programm-zurueck\/","url_meta":{"origin":20115,"position":4},"title":"Mehr Frauen, mehr Europa: Der Jazzclub Regensburg meldet sich mit einem stilistisch vielseitigen und regional gepr\u00e4gten Programm zur\u00fcck","author":"Redaktion JazzZeitung","date":"25. September 2018","format":false,"excerpt":"Weiblich, europ\u00e4isch, jung. Es sind Merkmale, die wie ein gesellschaftliches oder politisches Statement erscheinen. Tats\u00e4chlich vermitteln sie einen ersten Eindruck vom Herbstprogramm des Jazzclub Regensburg. Von den bislang rund 15 Konzerten, die bis Dezember den Leeren Beutel mit cool swingenden und soulig hei\u00dfen Kl\u00e4ngen f\u00fcllen, wird fast die H\u00e4lfte von\u2026","rel":"","context":"In &quot;Bericht&quot;","block_context":{"text":"Bericht","link":"https:\/\/www.jazzzeitung.de\/cms\/thema\/bericht\/"},"img":{"alt_text":"","src":"https:\/\/i0.wp.com\/www.jazzzeitung.de\/cms\/wp-content\/uploads\/2018\/02\/Stephanie-Lottermoser-Foto-TJ-Krebs-jazzphotoagency%40web.de_.jpg?fit=1200%2C807&ssl=1&resize=350%2C200","width":350,"height":200,"srcset":"https:\/\/i0.wp.com\/www.jazzzeitung.de\/cms\/wp-content\/uploads\/2018\/02\/Stephanie-Lottermoser-Foto-TJ-Krebs-jazzphotoagency%40web.de_.jpg?fit=1200%2C807&ssl=1&resize=350%2C200 1x, https:\/\/i0.wp.com\/www.jazzzeitung.de\/cms\/wp-content\/uploads\/2018\/02\/Stephanie-Lottermoser-Foto-TJ-Krebs-jazzphotoagency%40web.de_.jpg?fit=1200%2C807&ssl=1&resize=525%2C300 1.5x, https:\/\/i0.wp.com\/www.jazzzeitung.de\/cms\/wp-content\/uploads\/2018\/02\/Stephanie-Lottermoser-Foto-TJ-Krebs-jazzphotoagency%40web.de_.jpg?fit=1200%2C807&ssl=1&resize=700%2C400 2x, https:\/\/i0.wp.com\/www.jazzzeitung.de\/cms\/wp-content\/uploads\/2018\/02\/Stephanie-Lottermoser-Foto-TJ-Krebs-jazzphotoagency%40web.de_.jpg?fit=1200%2C807&ssl=1&resize=1050%2C600 3x"},"classes":[]},{"id":27456,"url":"https:\/\/www.jazzzeitung.de\/cms\/2022\/06\/programm-fuer-das-41-bayerische-jazzweekend-2022-steht\/","url_meta":{"origin":20115,"position":5},"title":"Programm f\u00fcr das 41. Bayerische Jazzweekend 2022 steht","author":"Redaktion JazzZeitung","date":"1. Juni 2022","format":false,"excerpt":"Endlich wieder Jazz in Regensburg - und das ein ganzes verl\u00e4ngertes Wochenende lang vom 14. bis 17. Juli 2022. 14 B\u00fchnen verteilen sich auf die ganze Innenstadt: Vom Degginger zum Leeren Beutel, vom italienischen Restaurant bis zum Nachtclub, vom Schiffsanleger am Marc-Aurel-Ufer bis zum Thon-Dittmer-Palais - und das alles kostenlos\u2026","rel":"","context":"In &quot;Bericht&quot;","block_context":{"text":"Bericht","link":"https:\/\/www.jazzzeitung.de\/cms\/thema\/bericht\/"},"img":{"alt_text":"","src":"https:\/\/i0.wp.com\/www.jazzzeitung.de\/cms\/wp-content\/uploads\/2022\/05\/weekend_regensburg_gaisa_pressekonferenz-3-scaled.jpg?fit=1200%2C675&ssl=1&resize=350%2C200","width":350,"height":200,"srcset":"https:\/\/i0.wp.com\/www.jazzzeitung.de\/cms\/wp-content\/uploads\/2022\/05\/weekend_regensburg_gaisa_pressekonferenz-3-scaled.jpg?fit=1200%2C675&ssl=1&resize=350%2C200 1x, https:\/\/i0.wp.com\/www.jazzzeitung.de\/cms\/wp-content\/uploads\/2022\/05\/weekend_regensburg_gaisa_pressekonferenz-3-scaled.jpg?fit=1200%2C675&ssl=1&resize=525%2C300 1.5x, https:\/\/i0.wp.com\/www.jazzzeitung.de\/cms\/wp-content\/uploads\/2022\/05\/weekend_regensburg_gaisa_pressekonferenz-3-scaled.jpg?fit=1200%2C675&ssl=1&resize=700%2C400 2x, https:\/\/i0.wp.com\/www.jazzzeitung.de\/cms\/wp-content\/uploads\/2022\/05\/weekend_regensburg_gaisa_pressekonferenz-3-scaled.jpg?fit=1200%2C675&ssl=1&resize=1050%2C600 3x"},"classes":[]}],"jetpack_sharing_enabled":true,"_links":{"self":[{"href":"https:\/\/www.jazzzeitung.de\/cms\/wp-json\/wp\/v2\/posts\/20115","targetHints":{"allow":["GET"]}}],"collection":[{"href":"https:\/\/www.jazzzeitung.de\/cms\/wp-json\/wp\/v2\/posts"}],"about":[{"href":"https:\/\/www.jazzzeitung.de\/cms\/wp-json\/wp\/v2\/types\/post"}],"author":[{"embeddable":true,"href":"https:\/\/www.jazzzeitung.de\/cms\/wp-json\/wp\/v2\/users\/18"}],"replies":[{"embeddable":true,"href":"https:\/\/www.jazzzeitung.de\/cms\/wp-json\/wp\/v2\/comments?post=20115"}],"version-history":[{"count":4,"href":"https:\/\/www.jazzzeitung.de\/cms\/wp-json\/wp\/v2\/posts\/20115\/revisions"}],"predecessor-version":[{"id":20120,"href":"https:\/\/www.jazzzeitung.de\/cms\/wp-json\/wp\/v2\/posts\/20115\/revisions\/20120"}],"wp:featuredmedia":[{"embeddable":true,"href":"https:\/\/www.jazzzeitung.de\/cms\/wp-json\/wp\/v2\/media\/20116"}],"wp:attachment":[{"href":"https:\/\/www.jazzzeitung.de\/cms\/wp-json\/wp\/v2\/media?parent=20115"}],"wp:term":[{"taxonomy":"category","embeddable":true,"href":"https:\/\/www.jazzzeitung.de\/cms\/wp-json\/wp\/v2\/categories?post=20115"},{"taxonomy":"post_tag","embeddable":true,"href":"https:\/\/www.jazzzeitung.de\/cms\/wp-json\/wp\/v2\/tags?post=20115"},{"taxonomy":"author","embeddable":true,"href":"https:\/\/www.jazzzeitung.de\/cms\/wp-json\/wp\/v2\/coauthors?post=20115"}],"curies":[{"name":"wp","href":"https:\/\/api.w.org\/{rel}","templated":true}]}}