{"id":20084,"date":"2019-07-16T10:47:05","date_gmt":"2019-07-16T08:47:05","guid":{"rendered":"https:\/\/www.jazzzeitung.de\/cms\/?p=20084"},"modified":"2019-07-16T10:47:05","modified_gmt":"2019-07-16T08:47:05","slug":"veranstaltungstipp-triodolla-im-jazzkeller-huerth","status":"publish","type":"post","link":"https:\/\/www.jazzzeitung.de\/cms\/2019\/07\/veranstaltungstipp-triodolla-im-jazzkeller-huerth\/","title":{"rendered":"Veranstaltungstipp: \u201eTRIODOLLA\u201c im Jazzkeller H\u00fcrth"},"content":{"rendered":"<p>Am 19. Juli findet in H\u00fcrth ein ganz besonderes Konzert statt, auf das wir gerne hinweisen &#8211; das Treffen dreier Generationen: Drei Musikerpers\u00f6nlichkeiten vermengen sich zu einer neuen kreativen Emulsion mit Tendenz zur positiven Explosion. Drei pers\u00f6nliche Geschichten schichten neue Ebenen zu musikalischen Formen wie Tango, Jazz-Evergreens, Salonmusik, Spontanimprovisationen, Protestsongs und Songs \u00e1 la Tom Waits. Rudi Carell h\u00e4tte getr\u00e4llert:\u201e Lass Dich \u00fcberraschen\u201c: f\u00fcnfhundertf\u00fcnundf\u00fcnfzigtausendf\u00fcnfhundertf\u00fcnfundf\u00fcnzig M\u00f6glichkeiten.<\/p>\n<p><strong>Klaus der Geiger<\/strong>, einer der bekanntesten Stra\u00dfenmusiker Deutschlands, f\u00fcr sein Lebenswerk l\u00e4ngst schon geehrt, trifft auf einen mit zahlreichen Preisen ausgezeichneten aufstrebenden Musiker der K\u00f6lner Musikszene, <strong>Marius Peters.\u00a0<\/strong>Ihr Programm umfasst Improvisationen, St\u00fccke des Jazz Repertoires, vor allem aber die revolution\u00e4re argentische Tangomusik Astor Piazzollas. Lebensgef\u00fchl, rhythmische Finesse &amp; ein vitaler Puls zeichnen seine Musik aus. Die Wurzeln des traditionellen Tangos werden erweitert &amp; immer st\u00e4rker mit Elementen der Klassik, moderner Konzertmusik &amp; Jazz verwoben.<\/p>\n<p>Die Musiker widmen sich mit gro\u00dfer Spielfreude dieser Musik. Kennengelernt haben sie sich unmittelbar auf der B\u00fchne w\u00e4hrend eines Konzertes. Harmonie &amp; spontane Interaktion stellten direkt eine Verbindung dar.\u00a0Gemeinsam ist beiden zudem die akademische Ausbildung im Bereich Klassik und Jazz. Ihr kammermusikalisches Projekt mit Geige &amp; Gitarre ist ein gutes Beispiel daf\u00fcr, dass gerade Musik generations\u00fcbergreifend bestens funktioniert.\u00a0Begleitet werden beide von <strong>Klaus Mages<\/strong> &#8211; Multitasking Trommler, Basspedaler und Shouter\/Singer &#8211; Konzertexamen Muho K\u00f6ln, Hits mit Trio Rio, Rainbirds, Yarinistan, mit Goethe Institut Produktionen in allen Kontinenten, Theatermusikkompositionen\u00a0 f\u00fcr Schauspiel D\u00fcsseldorf, Hamburg, Berlin, Innsbruck&#8230;.<\/p>\n<p><a href=\"http:\/\/www.mariuspeters.de\/portfolio\/klaus-der-geiger-marius-peters\">www.mariuspeters.de\/portfolio\/klaus-der-geiger-marius-peters<\/a><\/p>\n<p>Eintritt: 20 \u20ac; Abendkasse; freie Platzwahl<\/p>\n<p><a href=\"http:\/\/www.jazzclub-huerth.de\">www.jazzclub-huerth.de<\/a><\/p>\n","protected":false},"excerpt":{"rendered":"<p>Am 19. Juli findet in H\u00fcrth ein ganz besonderes Konzert statt, auf das wir gerne hinweisen &#8211; das Treffen dreier Generationen: Drei Musikerpers\u00f6nlichkeiten vermengen sich zu einer neuen kreativen Emulsion mit Tendenz zur positiven Explosion. Drei pers\u00f6nliche Geschichten schichten neue Ebenen zu musikalischen Formen wie Tango, Jazz-Evergreens, Salonmusik, Spontanimprovisationen, Protestsongs und Songs \u00e1 la Tom Waits. Rudi Carell h\u00e4tte getr\u00e4llert:\u201e Lass Dich \u00fcberraschen\u201c: f\u00fcnfhundertf\u00fcnundf\u00fcnfzigtausendf\u00fcnfhundertf\u00fcnfundf\u00fcnzig M\u00f6glichkeiten. Klaus der Geiger, einer der bekanntesten Stra\u00dfenmusiker Deutschlands, f\u00fcr sein Lebenswerk l\u00e4ngst schon geehrt, trifft auf einen mit zahlreichen Preisen ausgezeichneten aufstrebenden Musiker der K\u00f6lner Musikszene, Marius Peters.\u00a0Ihr Programm umfasst Improvisationen, St\u00fccke des Jazz Repertoires, vor allem aber die revolution\u00e4re argentische Tangomusik Astor Piazzollas. Lebensgef\u00fchl, rhythmische Finesse &amp; ein vitaler Puls zeichnen seine Musik aus. Die Wurzeln des traditionellen Tangos werden erweitert &amp; immer st\u00e4rker mit Elementen der Klassik, moderner Konzertmusik &amp; Jazz verwoben. Die Musiker widmen sich mit gro\u00dfer Spielfreude dieser Musik. Kennengelernt haben sie sich unmittelbar auf der B\u00fchne w\u00e4hrend eines Konzertes. Harmonie &amp; spontane Interaktion stellten direkt eine Verbindung dar.\u00a0Gemeinsam ist beiden zudem die akademische Ausbildung im Bereich Klassik und Jazz. Ihr kammermusikalisches Projekt mit Geige &amp; &hellip;<\/p>\n","protected":false},"author":18,"featured_media":20085,"comment_status":"open","ping_status":"closed","sticky":false,"template":"","format":"standard","meta":{"_jetpack_memberships_contains_paid_content":false,"footnotes":"","jetpack_publicize_message":"","jetpack_publicize_feature_enabled":true,"jetpack_social_post_already_shared":false,"jetpack_social_options":{"image_generator_settings":{"template":"highway","default_image_id":0,"font":"","enabled":false},"version":2}},"categories":[633],"tags":[2021,2638,2637,2441,2636],"coauthors":[695],"class_list":["post-20084","post","type-post","status-publish","format-standard","has-post-thumbnail","hentry","category-nachrichten","tag-jazzkeller-huerth","tag-klaus-der-geiger","tag-klaus-mages","tag-marius-peters","tag-veranstaltungstipp"],"yoast_head":"<!-- This site is optimized with the Yoast SEO plugin v27.5 - https:\/\/yoast.com\/product\/yoast-seo-wordpress\/ -->\n<title>Veranstaltungstipp: \u201eTRIODOLLA\u201c im Jazzkeller H\u00fcrth - JazzZeitung<\/title>\n<meta name=\"robots\" content=\"index, follow, max-snippet:-1, max-image-preview:large, max-video-preview:-1\" \/>\n<link rel=\"canonical\" href=\"https:\/\/www.jazzzeitung.de\/cms\/2019\/07\/veranstaltungstipp-triodolla-im-jazzkeller-huerth\/\" \/>\n<meta property=\"og:locale\" content=\"de_DE\" \/>\n<meta property=\"og:type\" content=\"article\" \/>\n<meta property=\"og:title\" content=\"Veranstaltungstipp: \u201eTRIODOLLA\u201c im Jazzkeller H\u00fcrth - JazzZeitung\" \/>\n<meta property=\"og:description\" content=\"Am 19. Juli findet in H\u00fcrth ein ganz besonderes Konzert statt, auf das wir gerne hinweisen &#8211; das Treffen dreier Generationen: Drei Musikerpers\u00f6nlichkeiten vermengen sich zu einer neuen kreativen Emulsion mit Tendenz zur positiven Explosion. Drei pers\u00f6nliche Geschichten schichten neue Ebenen zu musikalischen Formen wie Tango, Jazz-Evergreens, Salonmusik, Spontanimprovisationen, Protestsongs und Songs \u00e1 la Tom Waits. Rudi Carell h\u00e4tte getr\u00e4llert:\u201e Lass Dich \u00fcberraschen\u201c: f\u00fcnfhundertf\u00fcnundf\u00fcnfzigtausendf\u00fcnfhundertf\u00fcnfundf\u00fcnzig M\u00f6glichkeiten. Klaus der Geiger, einer der bekanntesten Stra\u00dfenmusiker Deutschlands, f\u00fcr sein Lebenswerk l\u00e4ngst schon geehrt, trifft auf einen mit zahlreichen Preisen ausgezeichneten aufstrebenden Musiker der K\u00f6lner Musikszene, Marius Peters.\u00a0Ihr Programm umfasst Improvisationen, St\u00fccke des Jazz Repertoires, vor allem aber die revolution\u00e4re argentische Tangomusik Astor Piazzollas. Lebensgef\u00fchl, rhythmische Finesse &amp; ein vitaler Puls zeichnen seine Musik aus. Die Wurzeln des traditionellen Tangos werden erweitert &amp; immer st\u00e4rker mit Elementen der Klassik, moderner Konzertmusik &amp; Jazz verwoben. Die Musiker widmen sich mit gro\u00dfer Spielfreude dieser Musik. Kennengelernt haben sie sich unmittelbar auf der B\u00fchne w\u00e4hrend eines Konzertes. Harmonie &amp; spontane Interaktion stellten direkt eine Verbindung dar.\u00a0Gemeinsam ist beiden zudem die akademische Ausbildung im Bereich Klassik und Jazz. Ihr kammermusikalisches Projekt mit Geige &amp; &hellip;\" \/>\n<meta property=\"og:url\" content=\"https:\/\/www.jazzzeitung.de\/cms\/2019\/07\/veranstaltungstipp-triodolla-im-jazzkeller-huerth\/\" \/>\n<meta property=\"og:site_name\" content=\"JazzZeitung\" \/>\n<meta property=\"article:publisher\" content=\"https:\/\/www.facebook.com\/JazzZeitung\/\" \/>\n<meta property=\"article:published_time\" content=\"2019-07-16T08:47:05+00:00\" \/>\n<meta property=\"og:image\" content=\"https:\/\/i0.wp.com\/www.jazzzeitung.de\/cms\/wp-content\/uploads\/2019\/07\/19.07.2019-Triadolla-Marius-Klaus-der-Geiger-Klaus-Mages.jpg?fit=1000%2C667&ssl=1\" \/>\n\t<meta property=\"og:image:width\" content=\"1000\" \/>\n\t<meta property=\"og:image:height\" content=\"667\" \/>\n\t<meta property=\"og:image:type\" content=\"image\/jpeg\" \/>\n<meta name=\"author\" content=\"Redaktion JazzZeitung\" \/>\n<script type=\"application\/ld+json\" class=\"yoast-schema-graph\">{\"@context\":\"https:\\\/\\\/schema.org\",\"@graph\":[{\"@type\":\"Article\",\"@id\":\"https:\\\/\\\/www.jazzzeitung.de\\\/cms\\\/2019\\\/07\\\/veranstaltungstipp-triodolla-im-jazzkeller-huerth\\\/#article\",\"isPartOf\":{\"@id\":\"https:\\\/\\\/www.jazzzeitung.de\\\/cms\\\/2019\\\/07\\\/veranstaltungstipp-triodolla-im-jazzkeller-huerth\\\/\"},\"author\":{\"name\":\"Redaktion JazzZeitung\",\"@id\":\"https:\\\/\\\/www.jazzzeitung.de\\\/cms\\\/#\\\/schema\\\/person\\\/2245b36b9cd1d24cea10f01c031fb92b\"},\"headline\":\"Veranstaltungstipp: \u201eTRIODOLLA\u201c im Jazzkeller H\u00fcrth\",\"datePublished\":\"2019-07-16T08:47:05+00:00\",\"mainEntityOfPage\":{\"@id\":\"https:\\\/\\\/www.jazzzeitung.de\\\/cms\\\/2019\\\/07\\\/veranstaltungstipp-triodolla-im-jazzkeller-huerth\\\/\"},\"wordCount\":280,\"commentCount\":0,\"publisher\":{\"@id\":\"https:\\\/\\\/www.jazzzeitung.de\\\/cms\\\/#organization\"},\"image\":{\"@id\":\"https:\\\/\\\/www.jazzzeitung.de\\\/cms\\\/2019\\\/07\\\/veranstaltungstipp-triodolla-im-jazzkeller-huerth\\\/#primaryimage\"},\"thumbnailUrl\":\"https:\\\/\\\/i0.wp.com\\\/www.jazzzeitung.de\\\/cms\\\/wp-content\\\/uploads\\\/2019\\\/07\\\/19.07.2019-Triadolla-Marius-Klaus-der-Geiger-Klaus-Mages.jpg?fit=1000%2C667&ssl=1\",\"keywords\":[\"Jazzkeller H\u00fcrth\",\"Klaus der Geiger\",\"Klaus Mages\",\"Marius Peters\",\"Veranstaltungstipp\"],\"articleSection\":[\"News\"],\"inLanguage\":\"de\",\"potentialAction\":[{\"@type\":\"CommentAction\",\"name\":\"Comment\",\"target\":[\"https:\\\/\\\/www.jazzzeitung.de\\\/cms\\\/2019\\\/07\\\/veranstaltungstipp-triodolla-im-jazzkeller-huerth\\\/#respond\"]}]},{\"@type\":\"WebPage\",\"@id\":\"https:\\\/\\\/www.jazzzeitung.de\\\/cms\\\/2019\\\/07\\\/veranstaltungstipp-triodolla-im-jazzkeller-huerth\\\/\",\"url\":\"https:\\\/\\\/www.jazzzeitung.de\\\/cms\\\/2019\\\/07\\\/veranstaltungstipp-triodolla-im-jazzkeller-huerth\\\/\",\"name\":\"Veranstaltungstipp: \u201eTRIODOLLA\u201c im Jazzkeller H\u00fcrth - JazzZeitung\",\"isPartOf\":{\"@id\":\"https:\\\/\\\/www.jazzzeitung.de\\\/cms\\\/#website\"},\"primaryImageOfPage\":{\"@id\":\"https:\\\/\\\/www.jazzzeitung.de\\\/cms\\\/2019\\\/07\\\/veranstaltungstipp-triodolla-im-jazzkeller-huerth\\\/#primaryimage\"},\"image\":{\"@id\":\"https:\\\/\\\/www.jazzzeitung.de\\\/cms\\\/2019\\\/07\\\/veranstaltungstipp-triodolla-im-jazzkeller-huerth\\\/#primaryimage\"},\"thumbnailUrl\":\"https:\\\/\\\/i0.wp.com\\\/www.jazzzeitung.de\\\/cms\\\/wp-content\\\/uploads\\\/2019\\\/07\\\/19.07.2019-Triadolla-Marius-Klaus-der-Geiger-Klaus-Mages.jpg?fit=1000%2C667&ssl=1\",\"datePublished\":\"2019-07-16T08:47:05+00:00\",\"breadcrumb\":{\"@id\":\"https:\\\/\\\/www.jazzzeitung.de\\\/cms\\\/2019\\\/07\\\/veranstaltungstipp-triodolla-im-jazzkeller-huerth\\\/#breadcrumb\"},\"inLanguage\":\"de\",\"potentialAction\":[{\"@type\":\"ReadAction\",\"target\":[\"https:\\\/\\\/www.jazzzeitung.de\\\/cms\\\/2019\\\/07\\\/veranstaltungstipp-triodolla-im-jazzkeller-huerth\\\/\"]}]},{\"@type\":\"ImageObject\",\"inLanguage\":\"de\",\"@id\":\"https:\\\/\\\/www.jazzzeitung.de\\\/cms\\\/2019\\\/07\\\/veranstaltungstipp-triodolla-im-jazzkeller-huerth\\\/#primaryimage\",\"url\":\"https:\\\/\\\/i0.wp.com\\\/www.jazzzeitung.de\\\/cms\\\/wp-content\\\/uploads\\\/2019\\\/07\\\/19.07.2019-Triadolla-Marius-Klaus-der-Geiger-Klaus-Mages.jpg?fit=1000%2C667&ssl=1\",\"contentUrl\":\"https:\\\/\\\/i0.wp.com\\\/www.jazzzeitung.de\\\/cms\\\/wp-content\\\/uploads\\\/2019\\\/07\\\/19.07.2019-Triadolla-Marius-Klaus-der-Geiger-Klaus-Mages.jpg?fit=1000%2C667&ssl=1\",\"width\":1000,\"height\":667},{\"@type\":\"BreadcrumbList\",\"@id\":\"https:\\\/\\\/www.jazzzeitung.de\\\/cms\\\/2019\\\/07\\\/veranstaltungstipp-triodolla-im-jazzkeller-huerth\\\/#breadcrumb\",\"itemListElement\":[{\"@type\":\"ListItem\",\"position\":1,\"name\":\"Startseite\",\"item\":\"https:\\\/\\\/www.jazzzeitung.de\\\/cms\\\/\"},{\"@type\":\"ListItem\",\"position\":2,\"name\":\"Veranstaltungstipp: \u201eTRIODOLLA\u201c im Jazzkeller H\u00fcrth\"}]},{\"@type\":\"WebSite\",\"@id\":\"https:\\\/\\\/www.jazzzeitung.de\\\/cms\\\/#website\",\"url\":\"https:\\\/\\\/www.jazzzeitung.de\\\/cms\\\/\",\"name\":\"JazzZeitung\",\"description\":\"Jazz-News und Jazz-Kontroverses\",\"publisher\":{\"@id\":\"https:\\\/\\\/www.jazzzeitung.de\\\/cms\\\/#organization\"},\"potentialAction\":[{\"@type\":\"SearchAction\",\"target\":{\"@type\":\"EntryPoint\",\"urlTemplate\":\"https:\\\/\\\/www.jazzzeitung.de\\\/cms\\\/?s={search_term_string}\"},\"query-input\":{\"@type\":\"PropertyValueSpecification\",\"valueRequired\":true,\"valueName\":\"search_term_string\"}}],\"inLanguage\":\"de\"},{\"@type\":\"Organization\",\"@id\":\"https:\\\/\\\/www.jazzzeitung.de\\\/cms\\\/#organization\",\"name\":\"JazzZeitung online\",\"url\":\"https:\\\/\\\/www.jazzzeitung.de\\\/cms\\\/\",\"logo\":{\"@type\":\"ImageObject\",\"inLanguage\":\"de\",\"@id\":\"https:\\\/\\\/www.jazzzeitung.de\\\/cms\\\/#\\\/schema\\\/logo\\\/image\\\/\",\"url\":\"https:\\\/\\\/i0.wp.com\\\/www.jazzzeitung.de\\\/cms\\\/wp-content\\\/uploads\\\/2015\\\/08\\\/JAZZZEITUNGDE_Logo_Neu.png?fit=499%2C200&ssl=1\",\"contentUrl\":\"https:\\\/\\\/i0.wp.com\\\/www.jazzzeitung.de\\\/cms\\\/wp-content\\\/uploads\\\/2015\\\/08\\\/JAZZZEITUNGDE_Logo_Neu.png?fit=499%2C200&ssl=1\",\"width\":499,\"height\":200,\"caption\":\"JazzZeitung online\"},\"image\":{\"@id\":\"https:\\\/\\\/www.jazzzeitung.de\\\/cms\\\/#\\\/schema\\\/logo\\\/image\\\/\"},\"sameAs\":[\"https:\\\/\\\/www.facebook.com\\\/JazzZeitung\\\/\"]},{\"@type\":\"Person\",\"@id\":\"https:\\\/\\\/www.jazzzeitung.de\\\/cms\\\/#\\\/schema\\\/person\\\/2245b36b9cd1d24cea10f01c031fb92b\",\"name\":\"Redaktion JazzZeitung\",\"image\":{\"@type\":\"ImageObject\",\"inLanguage\":\"de\",\"@id\":\"https:\\\/\\\/i0.wp.com\\\/www.jazzzeitung.de\\\/cms\\\/wp-content\\\/uploads\\\/2015\\\/08\\\/JAZZZEITUNGDE_Logo_Neu.png?resize=96%2C96&ssl=159975dcacb611b5700bd619b5daf0a7a\",\"url\":\"https:\\\/\\\/i0.wp.com\\\/www.jazzzeitung.de\\\/cms\\\/wp-content\\\/uploads\\\/2015\\\/08\\\/JAZZZEITUNGDE_Logo_Neu.png?resize=96%2C96&ssl=1\",\"contentUrl\":\"https:\\\/\\\/i0.wp.com\\\/www.jazzzeitung.de\\\/cms\\\/wp-content\\\/uploads\\\/2015\\\/08\\\/JAZZZEITUNGDE_Logo_Neu.png?resize=96%2C96&ssl=1\",\"caption\":\"Redaktion JazzZeitung\"},\"description\":\"Artikel der Redaktion der JazzZeitung.\",\"sameAs\":[\"http:\\\/\\\/www.jazzzeitung.de\\\/cms\\\/\"],\"url\":\"https:\\\/\\\/www.jazzzeitung.de\\\/cms\\\/author\\\/redaktion\\\/\"}]}<\/script>\n<!-- \/ Yoast SEO plugin. -->","yoast_head_json":{"title":"Veranstaltungstipp: \u201eTRIODOLLA\u201c im Jazzkeller H\u00fcrth - JazzZeitung","robots":{"index":"index","follow":"follow","max-snippet":"max-snippet:-1","max-image-preview":"max-image-preview:large","max-video-preview":"max-video-preview:-1"},"canonical":"https:\/\/www.jazzzeitung.de\/cms\/2019\/07\/veranstaltungstipp-triodolla-im-jazzkeller-huerth\/","og_locale":"de_DE","og_type":"article","og_title":"Veranstaltungstipp: \u201eTRIODOLLA\u201c im Jazzkeller H\u00fcrth - JazzZeitung","og_description":"Am 19. Juli findet in H\u00fcrth ein ganz besonderes Konzert statt, auf das wir gerne hinweisen &#8211; das Treffen dreier Generationen: Drei Musikerpers\u00f6nlichkeiten vermengen sich zu einer neuen kreativen Emulsion mit Tendenz zur positiven Explosion. Drei pers\u00f6nliche Geschichten schichten neue Ebenen zu musikalischen Formen wie Tango, Jazz-Evergreens, Salonmusik, Spontanimprovisationen, Protestsongs und Songs \u00e1 la Tom Waits. Rudi Carell h\u00e4tte getr\u00e4llert:\u201e Lass Dich \u00fcberraschen\u201c: f\u00fcnfhundertf\u00fcnundf\u00fcnfzigtausendf\u00fcnfhundertf\u00fcnfundf\u00fcnzig M\u00f6glichkeiten. Klaus der Geiger, einer der bekanntesten Stra\u00dfenmusiker Deutschlands, f\u00fcr sein Lebenswerk l\u00e4ngst schon geehrt, trifft auf einen mit zahlreichen Preisen ausgezeichneten aufstrebenden Musiker der K\u00f6lner Musikszene, Marius Peters.\u00a0Ihr Programm umfasst Improvisationen, St\u00fccke des Jazz Repertoires, vor allem aber die revolution\u00e4re argentische Tangomusik Astor Piazzollas. Lebensgef\u00fchl, rhythmische Finesse &amp; ein vitaler Puls zeichnen seine Musik aus. Die Wurzeln des traditionellen Tangos werden erweitert &amp; immer st\u00e4rker mit Elementen der Klassik, moderner Konzertmusik &amp; Jazz verwoben. Die Musiker widmen sich mit gro\u00dfer Spielfreude dieser Musik. Kennengelernt haben sie sich unmittelbar auf der B\u00fchne w\u00e4hrend eines Konzertes. Harmonie &amp; spontane Interaktion stellten direkt eine Verbindung dar.\u00a0Gemeinsam ist beiden zudem die akademische Ausbildung im Bereich Klassik und Jazz. Ihr kammermusikalisches Projekt mit Geige &amp; &hellip;","og_url":"https:\/\/www.jazzzeitung.de\/cms\/2019\/07\/veranstaltungstipp-triodolla-im-jazzkeller-huerth\/","og_site_name":"JazzZeitung","article_publisher":"https:\/\/www.facebook.com\/JazzZeitung\/","article_published_time":"2019-07-16T08:47:05+00:00","og_image":[{"width":1000,"height":667,"url":"https:\/\/i0.wp.com\/www.jazzzeitung.de\/cms\/wp-content\/uploads\/2019\/07\/19.07.2019-Triadolla-Marius-Klaus-der-Geiger-Klaus-Mages.jpg?fit=1000%2C667&ssl=1","type":"image\/jpeg"}],"author":"Redaktion JazzZeitung","schema":{"@context":"https:\/\/schema.org","@graph":[{"@type":"Article","@id":"https:\/\/www.jazzzeitung.de\/cms\/2019\/07\/veranstaltungstipp-triodolla-im-jazzkeller-huerth\/#article","isPartOf":{"@id":"https:\/\/www.jazzzeitung.de\/cms\/2019\/07\/veranstaltungstipp-triodolla-im-jazzkeller-huerth\/"},"author":{"name":"Redaktion JazzZeitung","@id":"https:\/\/www.jazzzeitung.de\/cms\/#\/schema\/person\/2245b36b9cd1d24cea10f01c031fb92b"},"headline":"Veranstaltungstipp: \u201eTRIODOLLA\u201c im Jazzkeller H\u00fcrth","datePublished":"2019-07-16T08:47:05+00:00","mainEntityOfPage":{"@id":"https:\/\/www.jazzzeitung.de\/cms\/2019\/07\/veranstaltungstipp-triodolla-im-jazzkeller-huerth\/"},"wordCount":280,"commentCount":0,"publisher":{"@id":"https:\/\/www.jazzzeitung.de\/cms\/#organization"},"image":{"@id":"https:\/\/www.jazzzeitung.de\/cms\/2019\/07\/veranstaltungstipp-triodolla-im-jazzkeller-huerth\/#primaryimage"},"thumbnailUrl":"https:\/\/i0.wp.com\/www.jazzzeitung.de\/cms\/wp-content\/uploads\/2019\/07\/19.07.2019-Triadolla-Marius-Klaus-der-Geiger-Klaus-Mages.jpg?fit=1000%2C667&ssl=1","keywords":["Jazzkeller H\u00fcrth","Klaus der Geiger","Klaus Mages","Marius Peters","Veranstaltungstipp"],"articleSection":["News"],"inLanguage":"de","potentialAction":[{"@type":"CommentAction","name":"Comment","target":["https:\/\/www.jazzzeitung.de\/cms\/2019\/07\/veranstaltungstipp-triodolla-im-jazzkeller-huerth\/#respond"]}]},{"@type":"WebPage","@id":"https:\/\/www.jazzzeitung.de\/cms\/2019\/07\/veranstaltungstipp-triodolla-im-jazzkeller-huerth\/","url":"https:\/\/www.jazzzeitung.de\/cms\/2019\/07\/veranstaltungstipp-triodolla-im-jazzkeller-huerth\/","name":"Veranstaltungstipp: \u201eTRIODOLLA\u201c im Jazzkeller H\u00fcrth - JazzZeitung","isPartOf":{"@id":"https:\/\/www.jazzzeitung.de\/cms\/#website"},"primaryImageOfPage":{"@id":"https:\/\/www.jazzzeitung.de\/cms\/2019\/07\/veranstaltungstipp-triodolla-im-jazzkeller-huerth\/#primaryimage"},"image":{"@id":"https:\/\/www.jazzzeitung.de\/cms\/2019\/07\/veranstaltungstipp-triodolla-im-jazzkeller-huerth\/#primaryimage"},"thumbnailUrl":"https:\/\/i0.wp.com\/www.jazzzeitung.de\/cms\/wp-content\/uploads\/2019\/07\/19.07.2019-Triadolla-Marius-Klaus-der-Geiger-Klaus-Mages.jpg?fit=1000%2C667&ssl=1","datePublished":"2019-07-16T08:47:05+00:00","breadcrumb":{"@id":"https:\/\/www.jazzzeitung.de\/cms\/2019\/07\/veranstaltungstipp-triodolla-im-jazzkeller-huerth\/#breadcrumb"},"inLanguage":"de","potentialAction":[{"@type":"ReadAction","target":["https:\/\/www.jazzzeitung.de\/cms\/2019\/07\/veranstaltungstipp-triodolla-im-jazzkeller-huerth\/"]}]},{"@type":"ImageObject","inLanguage":"de","@id":"https:\/\/www.jazzzeitung.de\/cms\/2019\/07\/veranstaltungstipp-triodolla-im-jazzkeller-huerth\/#primaryimage","url":"https:\/\/i0.wp.com\/www.jazzzeitung.de\/cms\/wp-content\/uploads\/2019\/07\/19.07.2019-Triadolla-Marius-Klaus-der-Geiger-Klaus-Mages.jpg?fit=1000%2C667&ssl=1","contentUrl":"https:\/\/i0.wp.com\/www.jazzzeitung.de\/cms\/wp-content\/uploads\/2019\/07\/19.07.2019-Triadolla-Marius-Klaus-der-Geiger-Klaus-Mages.jpg?fit=1000%2C667&ssl=1","width":1000,"height":667},{"@type":"BreadcrumbList","@id":"https:\/\/www.jazzzeitung.de\/cms\/2019\/07\/veranstaltungstipp-triodolla-im-jazzkeller-huerth\/#breadcrumb","itemListElement":[{"@type":"ListItem","position":1,"name":"Startseite","item":"https:\/\/www.jazzzeitung.de\/cms\/"},{"@type":"ListItem","position":2,"name":"Veranstaltungstipp: \u201eTRIODOLLA\u201c im Jazzkeller H\u00fcrth"}]},{"@type":"WebSite","@id":"https:\/\/www.jazzzeitung.de\/cms\/#website","url":"https:\/\/www.jazzzeitung.de\/cms\/","name":"JazzZeitung","description":"Jazz-News und Jazz-Kontroverses","publisher":{"@id":"https:\/\/www.jazzzeitung.de\/cms\/#organization"},"potentialAction":[{"@type":"SearchAction","target":{"@type":"EntryPoint","urlTemplate":"https:\/\/www.jazzzeitung.de\/cms\/?s={search_term_string}"},"query-input":{"@type":"PropertyValueSpecification","valueRequired":true,"valueName":"search_term_string"}}],"inLanguage":"de"},{"@type":"Organization","@id":"https:\/\/www.jazzzeitung.de\/cms\/#organization","name":"JazzZeitung online","url":"https:\/\/www.jazzzeitung.de\/cms\/","logo":{"@type":"ImageObject","inLanguage":"de","@id":"https:\/\/www.jazzzeitung.de\/cms\/#\/schema\/logo\/image\/","url":"https:\/\/i0.wp.com\/www.jazzzeitung.de\/cms\/wp-content\/uploads\/2015\/08\/JAZZZEITUNGDE_Logo_Neu.png?fit=499%2C200&ssl=1","contentUrl":"https:\/\/i0.wp.com\/www.jazzzeitung.de\/cms\/wp-content\/uploads\/2015\/08\/JAZZZEITUNGDE_Logo_Neu.png?fit=499%2C200&ssl=1","width":499,"height":200,"caption":"JazzZeitung online"},"image":{"@id":"https:\/\/www.jazzzeitung.de\/cms\/#\/schema\/logo\/image\/"},"sameAs":["https:\/\/www.facebook.com\/JazzZeitung\/"]},{"@type":"Person","@id":"https:\/\/www.jazzzeitung.de\/cms\/#\/schema\/person\/2245b36b9cd1d24cea10f01c031fb92b","name":"Redaktion JazzZeitung","image":{"@type":"ImageObject","inLanguage":"de","@id":"https:\/\/i0.wp.com\/www.jazzzeitung.de\/cms\/wp-content\/uploads\/2015\/08\/JAZZZEITUNGDE_Logo_Neu.png?resize=96%2C96&ssl=159975dcacb611b5700bd619b5daf0a7a","url":"https:\/\/i0.wp.com\/www.jazzzeitung.de\/cms\/wp-content\/uploads\/2015\/08\/JAZZZEITUNGDE_Logo_Neu.png?resize=96%2C96&ssl=1","contentUrl":"https:\/\/i0.wp.com\/www.jazzzeitung.de\/cms\/wp-content\/uploads\/2015\/08\/JAZZZEITUNGDE_Logo_Neu.png?resize=96%2C96&ssl=1","caption":"Redaktion JazzZeitung"},"description":"Artikel der Redaktion der JazzZeitung.","sameAs":["http:\/\/www.jazzzeitung.de\/cms\/"],"url":"https:\/\/www.jazzzeitung.de\/cms\/author\/redaktion\/"}]}},"wp-worthy-pixel":{"ignored":false,"public":null,"server":null,"url":null},"wp-worthy-type":"normal","jetpack_publicize_connections":[],"cc_featured_image_caption":{"caption_text":"","source_text":"","source_url":""},"jetpack_featured_media_url":"https:\/\/i0.wp.com\/www.jazzzeitung.de\/cms\/wp-content\/uploads\/2019\/07\/19.07.2019-Triadolla-Marius-Klaus-der-Geiger-Klaus-Mages.jpg?fit=1000%2C667&ssl=1","jetpack_shortlink":"https:\/\/wp.me\/p3KEcT-5dW","jetpack-related-posts":[{"id":18960,"url":"https:\/\/www.jazzzeitung.de\/cms\/2019\/03\/von-ersatz-kann-keine-rede-sein\/","url_meta":{"origin":20084,"position":0},"title":"\u201eVon Ersatz kann keine Rede sein!\u201c &#8211; &#8222;Latin meets Gypsy&#8220; begeisterte im Jazzkeller H\u00fcrth","author":"Redaktion JazzZeitung","date":"20. M\u00e4rz 2019","format":false,"excerpt":"Nachdem das Ensemble \u00abglobalBEAT\u00bb das letzte Mal 2016 f\u00fcr den Jazzclub in H\u00fcrth aufgetreten war, h\u00e4tte die Formation rund um den Chapman-Stick-Virtuosen Christian Becker am Wochenende eigentlich erneut im Jazzkeller auf der Herm\u00fclheimer Stra\u00dfe spielen sollen. Leider sagte \u00abglobalBEAT\u00bb acht Stunden vor Konzertbeginn krankheitsbedingt ab. Da stellte sich f\u00fcr G\u00fcnter\u2026","rel":"","context":"In &quot;Bericht&quot;","block_context":{"text":"Bericht","link":"https:\/\/www.jazzzeitung.de\/cms\/thema\/bericht\/"},"img":{"alt_text":"","src":"https:\/\/i0.wp.com\/www.jazzzeitung.de\/cms\/wp-content\/uploads\/2019\/03\/DSC06760.jpg?fit=1200%2C803&ssl=1&resize=350%2C200","width":350,"height":200,"srcset":"https:\/\/i0.wp.com\/www.jazzzeitung.de\/cms\/wp-content\/uploads\/2019\/03\/DSC06760.jpg?fit=1200%2C803&ssl=1&resize=350%2C200 1x, https:\/\/i0.wp.com\/www.jazzzeitung.de\/cms\/wp-content\/uploads\/2019\/03\/DSC06760.jpg?fit=1200%2C803&ssl=1&resize=525%2C300 1.5x, https:\/\/i0.wp.com\/www.jazzzeitung.de\/cms\/wp-content\/uploads\/2019\/03\/DSC06760.jpg?fit=1200%2C803&ssl=1&resize=700%2C400 2x, https:\/\/i0.wp.com\/www.jazzzeitung.de\/cms\/wp-content\/uploads\/2019\/03\/DSC06760.jpg?fit=1200%2C803&ssl=1&resize=1050%2C600 3x"},"classes":[]},{"id":32816,"url":"https:\/\/www.jazzzeitung.de\/cms\/2025\/07\/news-jazzfest-berlin-open-air-am-jazzkeller-huerth\/","url_meta":{"origin":20084,"position":1},"title":"+++ news +++ Jazzfest Berlin +++ Open Air am Jazzkeller H\u00fcrth +++","author":"Redaktion JazzZeitung","date":"23. Juli 2025","format":false,"excerpt":"+++\u00a0Jazzfest Berlin 2025: Das Line-up ist ver\u00f6ffentlicht +++ In der 62. Festivaledition des\u00a0Jazzfest Berlin, die vom 30. Oktober bis 2. November 2025 stattfindet, werden \u00fcber 120 internationale Musikerinnen aus mehr als 20 L\u00e4ndern im Haus der Berliner Festspiele sowie in den nahe gelegenen Spielst\u00e4tten A-Trane, Quasimodo und Kaiser-Wilhelm-Ged\u00e4chtnis-Kirche aufeinandertreffen. In\u2026","rel":"","context":"In &quot;News&quot;","block_context":{"text":"News","link":"https:\/\/www.jazzzeitung.de\/cms\/thema\/nachrichten\/"},"img":{"alt_text":"","src":"https:\/\/i0.wp.com\/www.jazzzeitung.de\/cms\/wp-content\/uploads\/2025\/07\/2025.08.01-Tudo-azul-Bandfoto-1-Foto-Irving-Villegas-scaled.jpg?fit=1200%2C800&ssl=1&resize=350%2C200","width":350,"height":200,"srcset":"https:\/\/i0.wp.com\/www.jazzzeitung.de\/cms\/wp-content\/uploads\/2025\/07\/2025.08.01-Tudo-azul-Bandfoto-1-Foto-Irving-Villegas-scaled.jpg?fit=1200%2C800&ssl=1&resize=350%2C200 1x, https:\/\/i0.wp.com\/www.jazzzeitung.de\/cms\/wp-content\/uploads\/2025\/07\/2025.08.01-Tudo-azul-Bandfoto-1-Foto-Irving-Villegas-scaled.jpg?fit=1200%2C800&ssl=1&resize=525%2C300 1.5x, https:\/\/i0.wp.com\/www.jazzzeitung.de\/cms\/wp-content\/uploads\/2025\/07\/2025.08.01-Tudo-azul-Bandfoto-1-Foto-Irving-Villegas-scaled.jpg?fit=1200%2C800&ssl=1&resize=700%2C400 2x, https:\/\/i0.wp.com\/www.jazzzeitung.de\/cms\/wp-content\/uploads\/2025\/07\/2025.08.01-Tudo-azul-Bandfoto-1-Foto-Irving-Villegas-scaled.jpg?fit=1200%2C800&ssl=1&resize=1050%2C600 3x"},"classes":[]},{"id":16696,"url":"https:\/\/www.jazzzeitung.de\/cms\/2018\/07\/open-air-premiere-am-jazzkeller-huerth\/","url_meta":{"origin":20084,"position":2},"title":"Open-Air-Premiere am Jazzkeller H\u00fcrth","author":"Redaktion JazzZeitung","date":"24. Juli 2018","format":false,"excerpt":"Im Rahmen seiner Konzert-Reihe \u00abJAZZSOMMER spezial\u00bb pr\u00e4sentierte der Jazzclub H\u00fcrth am Wochenende eine Premiere: Zum ersten Mal in der Geschichte des Vereins fanden Konzerte nicht im, sondern am Jazzkeller statt. Zum Auftakt des Open-Air-Events am Freitag hatte der Jazzclub die K\u00f6lner Latin-Formation \u00abPortofino\u00bb auf den Hof des Geb\u00e4udes geladen, in\u2026","rel":"","context":"In &quot;Bericht&quot;","block_context":{"text":"Bericht","link":"https:\/\/www.jazzzeitung.de\/cms\/thema\/bericht\/"},"img":{"alt_text":"","src":"https:\/\/i0.wp.com\/www.jazzzeitung.de\/cms\/wp-content\/uploads\/2018\/07\/CockerRocks-OpenAir-2018.jpg?fit=1200%2C549&ssl=1&resize=350%2C200","width":350,"height":200,"srcset":"https:\/\/i0.wp.com\/www.jazzzeitung.de\/cms\/wp-content\/uploads\/2018\/07\/CockerRocks-OpenAir-2018.jpg?fit=1200%2C549&ssl=1&resize=350%2C200 1x, https:\/\/i0.wp.com\/www.jazzzeitung.de\/cms\/wp-content\/uploads\/2018\/07\/CockerRocks-OpenAir-2018.jpg?fit=1200%2C549&ssl=1&resize=525%2C300 1.5x, https:\/\/i0.wp.com\/www.jazzzeitung.de\/cms\/wp-content\/uploads\/2018\/07\/CockerRocks-OpenAir-2018.jpg?fit=1200%2C549&ssl=1&resize=700%2C400 2x, https:\/\/i0.wp.com\/www.jazzzeitung.de\/cms\/wp-content\/uploads\/2018\/07\/CockerRocks-OpenAir-2018.jpg?fit=1200%2C549&ssl=1&resize=1050%2C600 3x"},"classes":[]},{"id":33346,"url":"https:\/\/www.jazzzeitung.de\/cms\/2025\/11\/lesementoren-im-huerther-jazzkeller-mit-duo-kaemmerling-naumann\/","url_meta":{"origin":20084,"position":3},"title":"Lesementoren im H\u00fcrther Jazzkeller mit Duo K\u00e4mmerling-Naumann","author":"Redaktion JazzZeitung","date":"12. November 2025","format":false,"excerpt":"(PM JC H\u00fcrth) Mit einem Jazzkonzert im H\u00fcrther Jazzkeller w\u00fcrdigten die Mitglieder des Jazzclubs H\u00fcrth e.V. die Lesementoren f\u00fcr das herausragende ehrenamtliche Engagement. Das musikalische Dankesch\u00f6n galt allen, die sich mit gro\u00dfem Einsatz f\u00fcr die sprachliche und pers\u00f6nliche Entwicklung von Kindern in H\u00fcrther Schulen einsetzen. \u201eUnsere Lesementorinnen und Lesementoren leisten\u2026","rel":"","context":"In &quot;Redaktionelle Nachrichten&quot;","block_context":{"text":"Redaktionelle Nachrichten","link":"https:\/\/www.jazzzeitung.de\/cms\/thema\/redaktion\/"},"img":{"alt_text":"","src":"https:\/\/i0.wp.com\/www.jazzzeitung.de\/cms\/wp-content\/uploads\/2025\/11\/20251106_2114252-002.jpg?fit=1200%2C848&ssl=1&resize=350%2C200","width":350,"height":200,"srcset":"https:\/\/i0.wp.com\/www.jazzzeitung.de\/cms\/wp-content\/uploads\/2025\/11\/20251106_2114252-002.jpg?fit=1200%2C848&ssl=1&resize=350%2C200 1x, https:\/\/i0.wp.com\/www.jazzzeitung.de\/cms\/wp-content\/uploads\/2025\/11\/20251106_2114252-002.jpg?fit=1200%2C848&ssl=1&resize=525%2C300 1.5x, https:\/\/i0.wp.com\/www.jazzzeitung.de\/cms\/wp-content\/uploads\/2025\/11\/20251106_2114252-002.jpg?fit=1200%2C848&ssl=1&resize=700%2C400 2x, https:\/\/i0.wp.com\/www.jazzzeitung.de\/cms\/wp-content\/uploads\/2025\/11\/20251106_2114252-002.jpg?fit=1200%2C848&ssl=1&resize=1050%2C600 3x"},"classes":[]},{"id":32266,"url":"https:\/\/www.jazzzeitung.de\/cms\/2025\/02\/jazzkonzert-mit-dom-town-und-spendenaktion-in-huerth\/","url_meta":{"origin":20084,"position":4},"title":"Jazzkonzert mit Dom Town Seven und Spendenaktion in H\u00fcrth","author":"Redaktion JazzZeitung","date":"26. Februar 2025","format":false,"excerpt":"Der H\u00fcrther Jazzclub l\u00e4dt am 9. M\u00e4rz zu einem besonderen musikalischen Abend ein. Die Band Dom Town Seven entf\u00fchrt das Publikum unter dem Motto \u201eBack to the Roots\u201c in die Welt des traditionellen Jazz.\u00a0Das Repertoire umfasst eine sorgf\u00e4ltige Auswahl aus den Stilrichtungen Dixieland, Swing und Blues. Viele der St\u00fccke stammen\u2026","rel":"","context":"In &quot;Redaktionelle Nachrichten&quot;","block_context":{"text":"Redaktionelle Nachrichten","link":"https:\/\/www.jazzzeitung.de\/cms\/thema\/redaktion\/"},"img":{"alt_text":"","src":"https:\/\/i0.wp.com\/www.jazzzeitung.de\/cms\/wp-content\/uploads\/2025\/02\/2025.03.09-Dom-Town-Seven-Bandfoto-Fotorechte-Tom-Klapper.jpg?fit=1200%2C792&ssl=1&resize=350%2C200","width":350,"height":200,"srcset":"https:\/\/i0.wp.com\/www.jazzzeitung.de\/cms\/wp-content\/uploads\/2025\/02\/2025.03.09-Dom-Town-Seven-Bandfoto-Fotorechte-Tom-Klapper.jpg?fit=1200%2C792&ssl=1&resize=350%2C200 1x, https:\/\/i0.wp.com\/www.jazzzeitung.de\/cms\/wp-content\/uploads\/2025\/02\/2025.03.09-Dom-Town-Seven-Bandfoto-Fotorechte-Tom-Klapper.jpg?fit=1200%2C792&ssl=1&resize=525%2C300 1.5x, https:\/\/i0.wp.com\/www.jazzzeitung.de\/cms\/wp-content\/uploads\/2025\/02\/2025.03.09-Dom-Town-Seven-Bandfoto-Fotorechte-Tom-Klapper.jpg?fit=1200%2C792&ssl=1&resize=700%2C400 2x, https:\/\/i0.wp.com\/www.jazzzeitung.de\/cms\/wp-content\/uploads\/2025\/02\/2025.03.09-Dom-Town-Seven-Bandfoto-Fotorechte-Tom-Klapper.jpg?fit=1200%2C792&ssl=1&resize=1050%2C600 3x"},"classes":[]},{"id":8721,"url":"https:\/\/www.jazzzeitung.de\/cms\/2016\/03\/karibische-note-das-amaka-trio-feat-terrence-ngassa-spielte-im-jazzkeller-huerth\/","url_meta":{"origin":20084,"position":5},"title":"Karibische Note: Das Amaka Trio feat. Terrence Ngassa spielte im Jazzkeller H\u00fcrth","author":"Redaktion JazzZeitung","date":"14. M\u00e4rz 2016","format":false,"excerpt":"Am Wochenende wartete der Jazzclub H\u00fcrth wieder einmal mit einem besonderen Leckerbissen f\u00fcr die Jazzfreunde der Region auf. Das Amaka Trio feat. Terrence Ngassa spielte im Jazzkeller in der Herm\u00fclheimer Stra\u00dfe. Dem H\u00fcrther Publikum ist die in Heidelberg geborene S\u00e4ngerin Amaka bestens von zahlreichen Auftritten bekannt. Entsprechend viele Jazzfans waren\u2026","rel":"","context":"In &quot;Bericht&quot;","block_context":{"text":"Bericht","link":"https:\/\/www.jazzzeitung.de\/cms\/thema\/bericht\/"},"img":{"alt_text":"Die S\u00e4ngerin Amaka und Terrence Ngassa. Foto: Harald Haen\u00dfgen","src":"https:\/\/i0.wp.com\/www.jazzzeitung.de\/cms\/wp-content\/uploads\/2016\/03\/IMG_3665-150x150.jpg?resize=350%2C200","width":350,"height":200},"classes":[]}],"jetpack_sharing_enabled":true,"_links":{"self":[{"href":"https:\/\/www.jazzzeitung.de\/cms\/wp-json\/wp\/v2\/posts\/20084","targetHints":{"allow":["GET"]}}],"collection":[{"href":"https:\/\/www.jazzzeitung.de\/cms\/wp-json\/wp\/v2\/posts"}],"about":[{"href":"https:\/\/www.jazzzeitung.de\/cms\/wp-json\/wp\/v2\/types\/post"}],"author":[{"embeddable":true,"href":"https:\/\/www.jazzzeitung.de\/cms\/wp-json\/wp\/v2\/users\/18"}],"replies":[{"embeddable":true,"href":"https:\/\/www.jazzzeitung.de\/cms\/wp-json\/wp\/v2\/comments?post=20084"}],"version-history":[{"count":1,"href":"https:\/\/www.jazzzeitung.de\/cms\/wp-json\/wp\/v2\/posts\/20084\/revisions"}],"predecessor-version":[{"id":20086,"href":"https:\/\/www.jazzzeitung.de\/cms\/wp-json\/wp\/v2\/posts\/20084\/revisions\/20086"}],"wp:featuredmedia":[{"embeddable":true,"href":"https:\/\/www.jazzzeitung.de\/cms\/wp-json\/wp\/v2\/media\/20085"}],"wp:attachment":[{"href":"https:\/\/www.jazzzeitung.de\/cms\/wp-json\/wp\/v2\/media?parent=20084"}],"wp:term":[{"taxonomy":"category","embeddable":true,"href":"https:\/\/www.jazzzeitung.de\/cms\/wp-json\/wp\/v2\/categories?post=20084"},{"taxonomy":"post_tag","embeddable":true,"href":"https:\/\/www.jazzzeitung.de\/cms\/wp-json\/wp\/v2\/tags?post=20084"},{"taxonomy":"author","embeddable":true,"href":"https:\/\/www.jazzzeitung.de\/cms\/wp-json\/wp\/v2\/coauthors?post=20084"}],"curies":[{"name":"wp","href":"https:\/\/api.w.org\/{rel}","templated":true}]}}