{"id":20050,"date":"2019-07-11T10:52:13","date_gmt":"2019-07-11T08:52:13","guid":{"rendered":"https:\/\/www.jazzzeitung.de\/cms\/?p=20050"},"modified":"2019-07-09T14:51:18","modified_gmt":"2019-07-09T12:51:18","slug":"echte-outdoor-romantik-im-regen-jazz-an-einem-sommerabend-2019-auf-der-krefelder-burg-linn","status":"publish","type":"post","link":"https:\/\/www.jazzzeitung.de\/cms\/2019\/07\/echte-outdoor-romantik-im-regen-jazz-an-einem-sommerabend-2019-auf-der-krefelder-burg-linn\/","title":{"rendered":"Echte Outdoor-Romantik im Regen: Jazz an einem Sommerabend 2019 auf der Krefelder Burg Linn"},"content":{"rendered":"<p>Diese Freiluftkonzertromantik war nichts f\u00fcr \u201eWeicheier\u201c: Ohne Vorwarnung hatte der Himmel seine Schleusen ge\u00f6ffnete. Menschen r\u00fcckten vor der Kulisse der Burg Linn unter einem gro\u00dfen Zeltdach bzw. einer Art Fallschirm zusammen. Leidenschaft f\u00fcr echte Musik ist eben st\u00e4rker als schn\u00f6de Wetterbedingungen \u2013 manchmal w\u00e4chst sie sogar, wenn die \u00e4u\u00dferen Bedingungen \u201efeindlich\u201c sind!<\/p>\n<p>Viele Ehrenamtliche vom Jazzclub Krefeld stemmen jedes Jahr aufs Neue das Drumherum bei diesem Festival, das zum gro\u00dfen, \u00fcberregional wahrgenommenen Aush\u00e4ngeschild des Vereins geworden ist. Der k\u00fcnstlerische Leiter Florian Funke stellt bei der Programmierung der drei Konzerte eine bew\u00e4hrte Dramaturgie der Steigerung herstellen kann. Mehr als drei Auftritte an einem langen Abend braucht es nicht. Das f\u00f6rdert das konzentrierte Eintauchen und ist eine kluge Absage an das oberfl\u00e4chliche \u201eHineinzappen\u201c wie bei so manchen Gro\u00dffestivals mit ihren Mammutprogrammen und Parallelveranstaltungen.<\/p>\n<div class=\"tiled-gallery type-rectangular tiled-gallery-unresized\" data-original-width=\"840\" data-carousel-extra='{&quot;blog_id&quot;:1,&quot;permalink&quot;:&quot;https:\\\/\\\/www.jazzzeitung.de\\\/cms\\\/2019\\\/07\\\/echte-outdoor-romantik-im-regen-jazz-an-einem-sommerabend-2019-auf-der-krefelder-burg-linn\\\/&quot;,&quot;likes_blog_id&quot;:55446655}' itemscope itemtype=\"http:\/\/schema.org\/ImageGallery\" > <div class=\"gallery-row\" style=\"width: 840px; height: 193px;\" data-original-width=\"840\" data-original-height=\"193\" > <div class=\"gallery-group images-1\" style=\"width: 195px; height: 193px;\" data-original-width=\"195\" data-original-height=\"193\" > <div class=\"tiled-gallery-item tiled-gallery-item-small\" itemprop=\"associatedMedia\" itemscope itemtype=\"http:\/\/schema.org\/ImageObject\"> <a href=\"https:\/\/www.jazzzeitung.de\/cms\/2019\/07\/echte-outdoor-romantik-im-regen-jazz-an-einem-sommerabend-2019-auf-der-krefelder-burg-linn\/dsc04050\/\" border=\"0\" itemprop=\"url\"> <meta itemprop=\"width\" content=\"191\"> <meta itemprop=\"height\" content=\"189\"> <img decoding=\"async\" class=\"\" data-attachment-id=\"20055\" data-orig-file=\"https:\/\/www.jazzzeitung.de\/cms\/wp-content\/uploads\/2019\/07\/DSC04050.jpg\" data-orig-size=\"3648,3610\" data-comments-opened=\"1\" data-image-meta=\"{&quot;aperture&quot;:&quot;0&quot;,&quot;credit&quot;:&quot;&quot;,&quot;camera&quot;:&quot;&quot;,&quot;caption&quot;:&quot;&quot;,&quot;created_timestamp&quot;:&quot;0&quot;,&quot;copyright&quot;:&quot;&quot;,&quot;focal_length&quot;:&quot;0&quot;,&quot;iso&quot;:&quot;0&quot;,&quot;shutter_speed&quot;:&quot;0&quot;,&quot;title&quot;:&quot;&quot;,&quot;orientation&quot;:&quot;0&quot;}\" data-image-title=\"DSC04050\" data-image-description=\"\" data-medium-file=\"https:\/\/i0.wp.com\/www.jazzzeitung.de\/cms\/wp-content\/uploads\/2019\/07\/DSC04050.jpg?fit=300%2C297&#038;ssl=1\" data-large-file=\"https:\/\/i0.wp.com\/www.jazzzeitung.de\/cms\/wp-content\/uploads\/2019\/07\/DSC04050.jpg?fit=606%2C600&#038;ssl=1\" src=\"https:\/\/i0.wp.com\/www.jazzzeitung.de\/cms\/wp-content\/uploads\/2019\/07\/DSC04050.jpg?w=191&#038;h=189&#038;ssl=1\" srcset=\"https:\/\/i0.wp.com\/www.jazzzeitung.de\/cms\/wp-content\/uploads\/2019\/07\/DSC04050.jpg?w=3648&amp;ssl=1 3648w, https:\/\/i0.wp.com\/www.jazzzeitung.de\/cms\/wp-content\/uploads\/2019\/07\/DSC04050.jpg?resize=300%2C297&amp;ssl=1 300w, https:\/\/i0.wp.com\/www.jazzzeitung.de\/cms\/wp-content\/uploads\/2019\/07\/DSC04050.jpg?resize=768%2C760&amp;ssl=1 768w, https:\/\/i0.wp.com\/www.jazzzeitung.de\/cms\/wp-content\/uploads\/2019\/07\/DSC04050.jpg?resize=606%2C600&amp;ssl=1 606w, https:\/\/i0.wp.com\/www.jazzzeitung.de\/cms\/wp-content\/uploads\/2019\/07\/DSC04050.jpg?resize=1320%2C1306&amp;ssl=1 1320w, https:\/\/i0.wp.com\/www.jazzzeitung.de\/cms\/wp-content\/uploads\/2019\/07\/DSC04050.jpg?w=1680&amp;ssl=1 1680w, https:\/\/i0.wp.com\/www.jazzzeitung.de\/cms\/wp-content\/uploads\/2019\/07\/DSC04050.jpg?w=2520&amp;ssl=1 2520w\" width=\"191\" height=\"189\" loading=\"lazy\" data-original-width=\"191\" data-original-height=\"189\" itemprop=\"http:\/\/schema.org\/image\" title=\"DSC04050\" alt=\"Adam Baldych. Foto: Stefan Pieper\" style=\"width: 191px; height: 189px;\" \/> <\/a> <div class=\"tiled-gallery-caption\" itemprop=\"caption description\"> Adam Baldych. Foto: Stefan Pieper <\/div> <\/div> <\/div> <!-- close group --> <div class=\"gallery-group images-1\" style=\"width: 286px; height: 193px;\" data-original-width=\"286\" data-original-height=\"193\" > <div class=\"tiled-gallery-item tiled-gallery-item-large\" itemprop=\"associatedMedia\" itemscope itemtype=\"http:\/\/schema.org\/ImageObject\"> <a href=\"https:\/\/www.jazzzeitung.de\/cms\/2019\/07\/echte-outdoor-romantik-im-regen-jazz-an-einem-sommerabend-2019-auf-der-krefelder-burg-linn\/dsc04036\/\" border=\"0\" itemprop=\"url\"> <meta itemprop=\"width\" content=\"282\"> <meta itemprop=\"height\" content=\"189\"> <img decoding=\"async\" class=\"\" data-attachment-id=\"20054\" data-orig-file=\"https:\/\/www.jazzzeitung.de\/cms\/wp-content\/uploads\/2019\/07\/DSC04036.jpg\" data-orig-size=\"4217,2831\" data-comments-opened=\"1\" data-image-meta=\"{&quot;aperture&quot;:&quot;2.8&quot;,&quot;credit&quot;:&quot;Picasa&quot;,&quot;camera&quot;:&quot;DSC-RX10&quot;,&quot;caption&quot;:&quot;&quot;,&quot;created_timestamp&quot;:&quot;1562269157&quot;,&quot;copyright&quot;:&quot;&quot;,&quot;focal_length&quot;:&quot;54.86&quot;,&quot;iso&quot;:&quot;125&quot;,&quot;shutter_speed&quot;:&quot;0.002&quot;,&quot;title&quot;:&quot;&quot;,&quot;orientation&quot;:&quot;0&quot;}\" data-image-title=\"DSC04036\" data-image-description=\"\" data-medium-file=\"https:\/\/i0.wp.com\/www.jazzzeitung.de\/cms\/wp-content\/uploads\/2019\/07\/DSC04036.jpg?fit=300%2C201&#038;ssl=1\" data-large-file=\"https:\/\/i0.wp.com\/www.jazzzeitung.de\/cms\/wp-content\/uploads\/2019\/07\/DSC04036.jpg?fit=840%2C564&#038;ssl=1\" src=\"https:\/\/i0.wp.com\/www.jazzzeitung.de\/cms\/wp-content\/uploads\/2019\/07\/DSC04036.jpg?w=282&#038;h=189&#038;ssl=1\" srcset=\"https:\/\/i0.wp.com\/www.jazzzeitung.de\/cms\/wp-content\/uploads\/2019\/07\/DSC04036.jpg?w=4217&amp;ssl=1 4217w, https:\/\/i0.wp.com\/www.jazzzeitung.de\/cms\/wp-content\/uploads\/2019\/07\/DSC04036.jpg?resize=300%2C201&amp;ssl=1 300w, https:\/\/i0.wp.com\/www.jazzzeitung.de\/cms\/wp-content\/uploads\/2019\/07\/DSC04036.jpg?resize=768%2C516&amp;ssl=1 768w, https:\/\/i0.wp.com\/www.jazzzeitung.de\/cms\/wp-content\/uploads\/2019\/07\/DSC04036.jpg?resize=894%2C600&amp;ssl=1 894w, https:\/\/i0.wp.com\/www.jazzzeitung.de\/cms\/wp-content\/uploads\/2019\/07\/DSC04036.jpg?resize=120%2C80&amp;ssl=1 120w, https:\/\/i0.wp.com\/www.jazzzeitung.de\/cms\/wp-content\/uploads\/2019\/07\/DSC04036.jpg?resize=1320%2C886&amp;ssl=1 1320w, https:\/\/i0.wp.com\/www.jazzzeitung.de\/cms\/wp-content\/uploads\/2019\/07\/DSC04036.jpg?w=1680&amp;ssl=1 1680w, https:\/\/i0.wp.com\/www.jazzzeitung.de\/cms\/wp-content\/uploads\/2019\/07\/DSC04036.jpg?w=2520&amp;ssl=1 2520w\" width=\"282\" height=\"189\" loading=\"lazy\" data-original-width=\"282\" data-original-height=\"189\" itemprop=\"http:\/\/schema.org\/image\" title=\"DSC04036\" alt=\"Manfred Heinen. Foto: Stefan Pieper\" style=\"width: 282px; height: 189px;\" \/> <\/a> <div class=\"tiled-gallery-caption\" itemprop=\"caption description\"> Manfred Heinen. Foto: Stefan Pieper <\/div> <\/div> <\/div> <!-- close group --> <div class=\"gallery-group images-1\" style=\"width: 156px; height: 193px;\" data-original-width=\"156\" data-original-height=\"193\" > <div class=\"tiled-gallery-item tiled-gallery-item-small\" itemprop=\"associatedMedia\" itemscope itemtype=\"http:\/\/schema.org\/ImageObject\"> <a href=\"https:\/\/www.jazzzeitung.de\/cms\/2019\/07\/echte-outdoor-romantik-im-regen-jazz-an-einem-sommerabend-2019-auf-der-krefelder-burg-linn\/dsc04034\/\" border=\"0\" itemprop=\"url\"> <meta itemprop=\"width\" content=\"152\"> <meta itemprop=\"height\" content=\"189\"> <img decoding=\"async\" class=\"\" data-attachment-id=\"20053\" data-orig-file=\"https:\/\/www.jazzzeitung.de\/cms\/wp-content\/uploads\/2019\/07\/DSC04034.jpg\" data-orig-size=\"3459,4290\" data-comments-opened=\"1\" data-image-meta=\"{&quot;aperture&quot;:&quot;2.8&quot;,&quot;credit&quot;:&quot;Picasa&quot;,&quot;camera&quot;:&quot;DSC-RX10&quot;,&quot;caption&quot;:&quot;&quot;,&quot;created_timestamp&quot;:&quot;1562269147&quot;,&quot;copyright&quot;:&quot;&quot;,&quot;focal_length&quot;:&quot;54.86&quot;,&quot;iso&quot;:&quot;160&quot;,&quot;shutter_speed&quot;:&quot;0.00625&quot;,&quot;title&quot;:&quot;&quot;,&quot;orientation&quot;:&quot;0&quot;}\" data-image-title=\"DSC04034\" data-image-description=\"\" data-medium-file=\"https:\/\/i0.wp.com\/www.jazzzeitung.de\/cms\/wp-content\/uploads\/2019\/07\/DSC04034.jpg?fit=242%2C300&#038;ssl=1\" data-large-file=\"https:\/\/i0.wp.com\/www.jazzzeitung.de\/cms\/wp-content\/uploads\/2019\/07\/DSC04034.jpg?fit=484%2C600&#038;ssl=1\" src=\"https:\/\/i0.wp.com\/www.jazzzeitung.de\/cms\/wp-content\/uploads\/2019\/07\/DSC04034.jpg?w=152&#038;h=189&#038;ssl=1\" srcset=\"https:\/\/i0.wp.com\/www.jazzzeitung.de\/cms\/wp-content\/uploads\/2019\/07\/DSC04034.jpg?w=3459&amp;ssl=1 3459w, https:\/\/i0.wp.com\/www.jazzzeitung.de\/cms\/wp-content\/uploads\/2019\/07\/DSC04034.jpg?resize=242%2C300&amp;ssl=1 242w, https:\/\/i0.wp.com\/www.jazzzeitung.de\/cms\/wp-content\/uploads\/2019\/07\/DSC04034.jpg?resize=768%2C953&amp;ssl=1 768w, https:\/\/i0.wp.com\/www.jazzzeitung.de\/cms\/wp-content\/uploads\/2019\/07\/DSC04034.jpg?resize=484%2C600&amp;ssl=1 484w, https:\/\/i0.wp.com\/www.jazzzeitung.de\/cms\/wp-content\/uploads\/2019\/07\/DSC04034.jpg?resize=1320%2C1637&amp;ssl=1 1320w, https:\/\/i0.wp.com\/www.jazzzeitung.de\/cms\/wp-content\/uploads\/2019\/07\/DSC04034.jpg?w=1680&amp;ssl=1 1680w, https:\/\/i0.wp.com\/www.jazzzeitung.de\/cms\/wp-content\/uploads\/2019\/07\/DSC04034.jpg?w=2520&amp;ssl=1 2520w\" width=\"152\" height=\"189\" loading=\"lazy\" data-original-width=\"152\" data-original-height=\"189\" itemprop=\"http:\/\/schema.org\/image\" title=\"DSC04034\" alt=\"Tim Isfort. Foto: Stefan Pieper\" style=\"width: 152px; height: 189px;\" \/> <\/a> <div class=\"tiled-gallery-caption\" itemprop=\"caption description\"> Tim Isfort. Foto: Stefan Pieper <\/div> <\/div> <\/div> <!-- close group --> <div class=\"gallery-group images-1\" style=\"width: 203px; height: 193px;\" data-original-width=\"203\" data-original-height=\"193\" > <div class=\"tiled-gallery-item tiled-gallery-item-small\" itemprop=\"associatedMedia\" itemscope itemtype=\"http:\/\/schema.org\/ImageObject\"> <a href=\"https:\/\/www.jazzzeitung.de\/cms\/2019\/07\/echte-outdoor-romantik-im-regen-jazz-an-einem-sommerabend-2019-auf-der-krefelder-burg-linn\/dsc04031\/\" border=\"0\" itemprop=\"url\"> <meta itemprop=\"width\" content=\"199\"> <meta itemprop=\"height\" content=\"189\"> <img decoding=\"async\" class=\"\" data-attachment-id=\"20052\" data-orig-file=\"https:\/\/www.jazzzeitung.de\/cms\/wp-content\/uploads\/2019\/07\/DSC04031.jpg\" data-orig-size=\"3179,3013\" data-comments-opened=\"1\" data-image-meta=\"{&quot;aperture&quot;:&quot;2.8&quot;,&quot;credit&quot;:&quot;Picasa&quot;,&quot;camera&quot;:&quot;DSC-RX10&quot;,&quot;caption&quot;:&quot;&quot;,&quot;created_timestamp&quot;:&quot;1562268599&quot;,&quot;copyright&quot;:&quot;&quot;,&quot;focal_length&quot;:&quot;61.98&quot;,&quot;iso&quot;:&quot;125&quot;,&quot;shutter_speed&quot;:&quot;0.004&quot;,&quot;title&quot;:&quot;&quot;,&quot;orientation&quot;:&quot;0&quot;}\" data-image-title=\"DSC04031\" data-image-description=\"\" data-medium-file=\"https:\/\/i0.wp.com\/www.jazzzeitung.de\/cms\/wp-content\/uploads\/2019\/07\/DSC04031.jpg?fit=300%2C284&#038;ssl=1\" data-large-file=\"https:\/\/i0.wp.com\/www.jazzzeitung.de\/cms\/wp-content\/uploads\/2019\/07\/DSC04031.jpg?fit=633%2C600&#038;ssl=1\" src=\"https:\/\/i0.wp.com\/www.jazzzeitung.de\/cms\/wp-content\/uploads\/2019\/07\/DSC04031.jpg?w=199&#038;h=189&#038;ssl=1\" srcset=\"https:\/\/i0.wp.com\/www.jazzzeitung.de\/cms\/wp-content\/uploads\/2019\/07\/DSC04031.jpg?w=3179&amp;ssl=1 3179w, https:\/\/i0.wp.com\/www.jazzzeitung.de\/cms\/wp-content\/uploads\/2019\/07\/DSC04031.jpg?resize=300%2C284&amp;ssl=1 300w, https:\/\/i0.wp.com\/www.jazzzeitung.de\/cms\/wp-content\/uploads\/2019\/07\/DSC04031.jpg?resize=768%2C728&amp;ssl=1 768w, https:\/\/i0.wp.com\/www.jazzzeitung.de\/cms\/wp-content\/uploads\/2019\/07\/DSC04031.jpg?resize=633%2C600&amp;ssl=1 633w, https:\/\/i0.wp.com\/www.jazzzeitung.de\/cms\/wp-content\/uploads\/2019\/07\/DSC04031.jpg?resize=1320%2C1251&amp;ssl=1 1320w, https:\/\/i0.wp.com\/www.jazzzeitung.de\/cms\/wp-content\/uploads\/2019\/07\/DSC04031.jpg?w=1680&amp;ssl=1 1680w, https:\/\/i0.wp.com\/www.jazzzeitung.de\/cms\/wp-content\/uploads\/2019\/07\/DSC04031.jpg?w=2520&amp;ssl=1 2520w\" width=\"199\" height=\"189\" loading=\"lazy\" data-original-width=\"199\" data-original-height=\"189\" itemprop=\"http:\/\/schema.org\/image\" title=\"DSC04031\" alt=\"Trompeter Markus T\u00fcrk. Foto: Stefan Pieper\" style=\"width: 199px; height: 189px;\" \/> <\/a> <div class=\"tiled-gallery-caption\" itemprop=\"caption description\"> Trompeter Markus T\u00fcrk. Foto: Stefan Pieper <\/div> <\/div> <\/div> <!-- close group --> <\/div> <!-- close row --> <\/div>\n<p>Der Opener in Krefeld lenkt traditionsgem\u00e4\u00df den Fokus auf Bands und Musiker aus NRW. Den Spa\u00df an der gemeinsamen Sache pflegte an diesem Abend die Band \u201eCheop\u201c. Tim Isfort, der sonst das Moers-Festival kuratiert, spielt hier den Bass und schon ging alles auf der Festivalwiese in einer gut abgehangenen Fusionfunk-Mischung entspannt und gut zum eingrooven zur Sache. Aber es w\u00e4ren nicht derart erfahrene Musiker, wenn nicht auch tiefer aus der Trickkiste gesch\u00f6pft w\u00fcrde: Zunehmend b\u00fcrsten diese Spieler die Tonalit\u00e4t gegen den Strich. Keyboarder Manfred Heinen bedient sich klanglicher Effekte mit viel Humor. Trompeter Markus T\u00fcrk jagt sein Horn durch die Elektronik, was an elektrifizierte Miles-Davis-Gro\u00dftaten erinnert &#8211; ein guter wirkungsvoller Opener f\u00fcr dieses Ereignis. Nicht mehr, aber auch nicht weniger!<\/p>\n<p>Gerade der mittlere Programmpunkt entfaltet in Krefeld seine ganz besondere Aura. Der Tag geht. Die blaue Stunde kommt. Die farbigen B\u00fchnenscheinwerfer nehmen ihre Arbeit auf. Das kommt dem polnischen, heute in New York lebenden Geiger Adam Baldych zugute, dessen Begegnung mit dem Publikum in Krefeld von beseelter, hochemotionaler Musikalit\u00e4t durchdrungen ist. Was zu Anfang noch wie etwas gef\u00e4llige Geschichtenerz\u00e4hlerei wirkt, steigert sich im folgenden in hypnotische Zust\u00e4nde hinein. Was Baldych auf seinen Violinseiten meist in sehr sph\u00e4risch-vibratoarmem Tonfall zelebriert, sch\u00f6pft aus melancholischen Tiefen, funkelt und schillert aufregend, ohne dass es je pathetisch wirken w\u00fcrde. Das steigert sich in so manch atemberaubend-virtuosen Ausbruch hinein, bevor wieder balladeske Melancholie die heraufziehende Nacht begleitet. Und bei allem existiert eine traumwandlerische Augenh\u00f6he mit seiner Band, die ausschlie\u00dflich aus polnischen Mitmusikern besteht.<\/p>\n<div class=\"tiled-gallery type-rectangular tiled-gallery-unresized\" data-original-width=\"840\" data-carousel-extra='{&quot;blog_id&quot;:1,&quot;permalink&quot;:&quot;https:\\\/\\\/www.jazzzeitung.de\\\/cms\\\/2019\\\/07\\\/echte-outdoor-romantik-im-regen-jazz-an-einem-sommerabend-2019-auf-der-krefelder-burg-linn\\\/&quot;,&quot;likes_blog_id&quot;:55446655}' itemscope itemtype=\"http:\/\/schema.org\/ImageGallery\" > <div class=\"gallery-row\" style=\"width: 840px; height: 359px;\" data-original-width=\"840\" data-original-height=\"359\" > <div class=\"gallery-group images-1\" style=\"width: 256px; height: 359px;\" data-original-width=\"256\" data-original-height=\"359\" > <div class=\"tiled-gallery-item tiled-gallery-item-large\" itemprop=\"associatedMedia\" itemscope itemtype=\"http:\/\/schema.org\/ImageObject\"> <a href=\"https:\/\/www.jazzzeitung.de\/cms\/2019\/07\/echte-outdoor-romantik-im-regen-jazz-an-einem-sommerabend-2019-auf-der-krefelder-burg-linn\/dsc04192\/\" border=\"0\" itemprop=\"url\"> <meta itemprop=\"width\" content=\"252\"> <meta itemprop=\"height\" content=\"355\"> <img decoding=\"async\" class=\"\" data-attachment-id=\"20058\" data-orig-file=\"https:\/\/www.jazzzeitung.de\/cms\/wp-content\/uploads\/2019\/07\/DSC04192.jpg\" data-orig-size=\"3270,4610\" data-comments-opened=\"1\" data-image-meta=\"{&quot;aperture&quot;:&quot;2.8&quot;,&quot;credit&quot;:&quot;Picasa&quot;,&quot;camera&quot;:&quot;DSC-RX10&quot;,&quot;caption&quot;:&quot;&quot;,&quot;created_timestamp&quot;:&quot;1562282476&quot;,&quot;copyright&quot;:&quot;&quot;,&quot;focal_length&quot;:&quot;43.62&quot;,&quot;iso&quot;:&quot;2000&quot;,&quot;shutter_speed&quot;:&quot;0.008&quot;,&quot;title&quot;:&quot;&quot;,&quot;orientation&quot;:&quot;0&quot;}\" data-image-title=\"DSC04192\" data-image-description=\"\" data-medium-file=\"https:\/\/i0.wp.com\/www.jazzzeitung.de\/cms\/wp-content\/uploads\/2019\/07\/DSC04192.jpg?fit=213%2C300&#038;ssl=1\" data-large-file=\"https:\/\/i0.wp.com\/www.jazzzeitung.de\/cms\/wp-content\/uploads\/2019\/07\/DSC04192.jpg?fit=426%2C600&#038;ssl=1\" src=\"https:\/\/i0.wp.com\/www.jazzzeitung.de\/cms\/wp-content\/uploads\/2019\/07\/DSC04192.jpg?w=252&#038;h=355&#038;ssl=1\" srcset=\"https:\/\/i0.wp.com\/www.jazzzeitung.de\/cms\/wp-content\/uploads\/2019\/07\/DSC04192.jpg?w=3270&amp;ssl=1 3270w, https:\/\/i0.wp.com\/www.jazzzeitung.de\/cms\/wp-content\/uploads\/2019\/07\/DSC04192.jpg?resize=213%2C300&amp;ssl=1 213w, https:\/\/i0.wp.com\/www.jazzzeitung.de\/cms\/wp-content\/uploads\/2019\/07\/DSC04192.jpg?resize=768%2C1083&amp;ssl=1 768w, https:\/\/i0.wp.com\/www.jazzzeitung.de\/cms\/wp-content\/uploads\/2019\/07\/DSC04192.jpg?resize=426%2C600&amp;ssl=1 426w, https:\/\/i0.wp.com\/www.jazzzeitung.de\/cms\/wp-content\/uploads\/2019\/07\/DSC04192.jpg?resize=1320%2C1861&amp;ssl=1 1320w, https:\/\/i0.wp.com\/www.jazzzeitung.de\/cms\/wp-content\/uploads\/2019\/07\/DSC04192.jpg?w=1680&amp;ssl=1 1680w, https:\/\/i0.wp.com\/www.jazzzeitung.de\/cms\/wp-content\/uploads\/2019\/07\/DSC04192.jpg?w=2520&amp;ssl=1 2520w\" width=\"252\" height=\"355\" loading=\"lazy\" data-original-width=\"252\" data-original-height=\"355\" itemprop=\"http:\/\/schema.org\/image\" title=\"DSC04192\" alt=\"Michael Wollny. Foto: Stefan Pieper\" style=\"width: 252px; height: 355px;\" \/> <\/a> <div class=\"tiled-gallery-caption\" itemprop=\"caption description\"> Michael Wollny. Foto: Stefan Pieper <\/div> <\/div> <\/div> <!-- close group --> <div class=\"gallery-group images-1\" style=\"width: 280px; height: 359px;\" data-original-width=\"280\" data-original-height=\"359\" > <div class=\"tiled-gallery-item tiled-gallery-item-large\" itemprop=\"associatedMedia\" itemscope itemtype=\"http:\/\/schema.org\/ImageObject\"> <a href=\"https:\/\/www.jazzzeitung.de\/cms\/2019\/07\/echte-outdoor-romantik-im-regen-jazz-an-einem-sommerabend-2019-auf-der-krefelder-burg-linn\/dsc04147\/\" border=\"0\" itemprop=\"url\"> <meta itemprop=\"width\" content=\"276\"> <meta itemprop=\"height\" content=\"355\"> <img decoding=\"async\" class=\"\" data-attachment-id=\"20056\" data-orig-file=\"https:\/\/www.jazzzeitung.de\/cms\/wp-content\/uploads\/2019\/07\/DSC04147.jpg\" data-orig-size=\"3199,4124\" data-comments-opened=\"1\" data-image-meta=\"{&quot;aperture&quot;:&quot;2.8&quot;,&quot;credit&quot;:&quot;Picasa&quot;,&quot;camera&quot;:&quot;DSC-RX10&quot;,&quot;caption&quot;:&quot;&quot;,&quot;created_timestamp&quot;:&quot;1562281841&quot;,&quot;copyright&quot;:&quot;&quot;,&quot;focal_length&quot;:&quot;48.67&quot;,&quot;iso&quot;:&quot;3200&quot;,&quot;shutter_speed&quot;:&quot;0.01&quot;,&quot;title&quot;:&quot;&quot;,&quot;orientation&quot;:&quot;0&quot;}\" data-image-title=\"DSC04147\" data-image-description=\"\" data-medium-file=\"https:\/\/i0.wp.com\/www.jazzzeitung.de\/cms\/wp-content\/uploads\/2019\/07\/DSC04147.jpg?fit=233%2C300&#038;ssl=1\" data-large-file=\"https:\/\/i0.wp.com\/www.jazzzeitung.de\/cms\/wp-content\/uploads\/2019\/07\/DSC04147.jpg?fit=465%2C600&#038;ssl=1\" src=\"https:\/\/i0.wp.com\/www.jazzzeitung.de\/cms\/wp-content\/uploads\/2019\/07\/DSC04147.jpg?w=276&#038;h=355&#038;ssl=1\" srcset=\"https:\/\/i0.wp.com\/www.jazzzeitung.de\/cms\/wp-content\/uploads\/2019\/07\/DSC04147.jpg?w=3199&amp;ssl=1 3199w, https:\/\/i0.wp.com\/www.jazzzeitung.de\/cms\/wp-content\/uploads\/2019\/07\/DSC04147.jpg?resize=233%2C300&amp;ssl=1 233w, https:\/\/i0.wp.com\/www.jazzzeitung.de\/cms\/wp-content\/uploads\/2019\/07\/DSC04147.jpg?resize=768%2C990&amp;ssl=1 768w, https:\/\/i0.wp.com\/www.jazzzeitung.de\/cms\/wp-content\/uploads\/2019\/07\/DSC04147.jpg?resize=465%2C600&amp;ssl=1 465w, https:\/\/i0.wp.com\/www.jazzzeitung.de\/cms\/wp-content\/uploads\/2019\/07\/DSC04147.jpg?resize=1320%2C1702&amp;ssl=1 1320w, https:\/\/i0.wp.com\/www.jazzzeitung.de\/cms\/wp-content\/uploads\/2019\/07\/DSC04147.jpg?w=1680&amp;ssl=1 1680w, https:\/\/i0.wp.com\/www.jazzzeitung.de\/cms\/wp-content\/uploads\/2019\/07\/DSC04147.jpg?w=2520&amp;ssl=1 2520w\" width=\"276\" height=\"355\" loading=\"lazy\" data-original-width=\"276\" data-original-height=\"355\" itemprop=\"http:\/\/schema.org\/image\" title=\"DSC04147\" alt=\"Christian Weber. Foto: Stefan Pieper\" style=\"width: 276px; height: 355px;\" \/> <\/a> <div class=\"tiled-gallery-caption\" itemprop=\"caption description\"> Christian Weber. Foto: Stefan Pieper <\/div> <\/div> <\/div> <!-- close group --> <div class=\"gallery-group images-1\" style=\"width: 304px; height: 359px;\" data-original-width=\"304\" data-original-height=\"359\" > <div class=\"tiled-gallery-item tiled-gallery-item-large\" itemprop=\"associatedMedia\" itemscope itemtype=\"http:\/\/schema.org\/ImageObject\"> <a href=\"https:\/\/www.jazzzeitung.de\/cms\/2019\/07\/echte-outdoor-romantik-im-regen-jazz-an-einem-sommerabend-2019-auf-der-krefelder-burg-linn\/dsc04174\/\" border=\"0\" itemprop=\"url\"> <meta itemprop=\"width\" content=\"300\"> <meta itemprop=\"height\" content=\"355\"> <img decoding=\"async\" class=\"\" data-attachment-id=\"20057\" data-orig-file=\"https:\/\/www.jazzzeitung.de\/cms\/wp-content\/uploads\/2019\/07\/DSC04174.jpg\" data-orig-size=\"3648,4314\" data-comments-opened=\"1\" data-image-meta=\"{&quot;aperture&quot;:&quot;2.8&quot;,&quot;credit&quot;:&quot;Picasa&quot;,&quot;camera&quot;:&quot;DSC-RX10&quot;,&quot;caption&quot;:&quot;&quot;,&quot;created_timestamp&quot;:&quot;1562281972&quot;,&quot;copyright&quot;:&quot;&quot;,&quot;focal_length&quot;:&quot;50.23&quot;,&quot;iso&quot;:&quot;800&quot;,&quot;shutter_speed&quot;:&quot;0.00625&quot;,&quot;title&quot;:&quot;&quot;,&quot;orientation&quot;:&quot;0&quot;}\" data-image-title=\"DSC04174\" data-image-description=\"\" data-medium-file=\"https:\/\/i0.wp.com\/www.jazzzeitung.de\/cms\/wp-content\/uploads\/2019\/07\/DSC04174.jpg?fit=254%2C300&#038;ssl=1\" data-large-file=\"https:\/\/i0.wp.com\/www.jazzzeitung.de\/cms\/wp-content\/uploads\/2019\/07\/DSC04174.jpg?fit=507%2C600&#038;ssl=1\" src=\"https:\/\/i0.wp.com\/www.jazzzeitung.de\/cms\/wp-content\/uploads\/2019\/07\/DSC04174.jpg?w=300&#038;h=355&#038;ssl=1\" srcset=\"https:\/\/i0.wp.com\/www.jazzzeitung.de\/cms\/wp-content\/uploads\/2019\/07\/DSC04174.jpg?w=3648&amp;ssl=1 3648w, https:\/\/i0.wp.com\/www.jazzzeitung.de\/cms\/wp-content\/uploads\/2019\/07\/DSC04174.jpg?resize=254%2C300&amp;ssl=1 254w, https:\/\/i0.wp.com\/www.jazzzeitung.de\/cms\/wp-content\/uploads\/2019\/07\/DSC04174.jpg?resize=768%2C908&amp;ssl=1 768w, https:\/\/i0.wp.com\/www.jazzzeitung.de\/cms\/wp-content\/uploads\/2019\/07\/DSC04174.jpg?resize=507%2C600&amp;ssl=1 507w, https:\/\/i0.wp.com\/www.jazzzeitung.de\/cms\/wp-content\/uploads\/2019\/07\/DSC04174.jpg?resize=1320%2C1561&amp;ssl=1 1320w, https:\/\/i0.wp.com\/www.jazzzeitung.de\/cms\/wp-content\/uploads\/2019\/07\/DSC04174.jpg?w=1680&amp;ssl=1 1680w, https:\/\/i0.wp.com\/www.jazzzeitung.de\/cms\/wp-content\/uploads\/2019\/07\/DSC04174.jpg?w=2520&amp;ssl=1 2520w\" width=\"300\" height=\"355\" loading=\"lazy\" data-original-width=\"300\" data-original-height=\"355\" itemprop=\"http:\/\/schema.org\/image\" title=\"DSC04174\" alt=\"Eric Schaefer. Foto: Stefan Pieper\" style=\"width: 300px; height: 355px;\" \/> <\/a> <div class=\"tiled-gallery-caption\" itemprop=\"caption description\"> Eric Schaefer. Foto: Stefan Pieper <\/div> <\/div> <\/div> <!-- close group --> <\/div> <!-- close row --> <div class=\"gallery-row\" style=\"width: 840px; height: 403px;\" data-original-width=\"840\" data-original-height=\"403\" > <div class=\"gallery-group images-1\" style=\"width: 304px; height: 403px;\" data-original-width=\"304\" data-original-height=\"403\" > <div class=\"tiled-gallery-item tiled-gallery-item-large\" itemprop=\"associatedMedia\" itemscope itemtype=\"http:\/\/schema.org\/ImageObject\"> <a href=\"https:\/\/www.jazzzeitung.de\/cms\/2019\/07\/echte-outdoor-romantik-im-regen-jazz-an-einem-sommerabend-2019-auf-der-krefelder-burg-linn\/dsc04194\/\" border=\"0\" itemprop=\"url\"> <meta itemprop=\"width\" content=\"300\"> <meta itemprop=\"height\" content=\"399\"> <img decoding=\"async\" class=\"\" data-attachment-id=\"20059\" data-orig-file=\"https:\/\/www.jazzzeitung.de\/cms\/wp-content\/uploads\/2019\/07\/DSC04194.jpg\" data-orig-size=\"3648,4864\" data-comments-opened=\"1\" data-image-meta=\"{&quot;aperture&quot;:&quot;2.8&quot;,&quot;credit&quot;:&quot;Picasa&quot;,&quot;camera&quot;:&quot;DSC-RX10&quot;,&quot;caption&quot;:&quot;&quot;,&quot;created_timestamp&quot;:&quot;1562282505&quot;,&quot;copyright&quot;:&quot;&quot;,&quot;focal_length&quot;:&quot;58.2&quot;,&quot;iso&quot;:&quot;2000&quot;,&quot;shutter_speed&quot;:&quot;0.005&quot;,&quot;title&quot;:&quot;&quot;,&quot;orientation&quot;:&quot;0&quot;}\" data-image-title=\"DSC04194\" data-image-description=\"\" data-medium-file=\"https:\/\/i0.wp.com\/www.jazzzeitung.de\/cms\/wp-content\/uploads\/2019\/07\/DSC04194.jpg?fit=225%2C300&#038;ssl=1\" data-large-file=\"https:\/\/i0.wp.com\/www.jazzzeitung.de\/cms\/wp-content\/uploads\/2019\/07\/DSC04194.jpg?fit=450%2C600&#038;ssl=1\" src=\"https:\/\/i0.wp.com\/www.jazzzeitung.de\/cms\/wp-content\/uploads\/2019\/07\/DSC04194.jpg?w=300&#038;h=399&#038;ssl=1\" srcset=\"https:\/\/i0.wp.com\/www.jazzzeitung.de\/cms\/wp-content\/uploads\/2019\/07\/DSC04194.jpg?w=3648&amp;ssl=1 3648w, https:\/\/i0.wp.com\/www.jazzzeitung.de\/cms\/wp-content\/uploads\/2019\/07\/DSC04194.jpg?resize=225%2C300&amp;ssl=1 225w, https:\/\/i0.wp.com\/www.jazzzeitung.de\/cms\/wp-content\/uploads\/2019\/07\/DSC04194.jpg?resize=768%2C1024&amp;ssl=1 768w, https:\/\/i0.wp.com\/www.jazzzeitung.de\/cms\/wp-content\/uploads\/2019\/07\/DSC04194.jpg?resize=450%2C600&amp;ssl=1 450w, https:\/\/i0.wp.com\/www.jazzzeitung.de\/cms\/wp-content\/uploads\/2019\/07\/DSC04194.jpg?resize=1320%2C1760&amp;ssl=1 1320w, https:\/\/i0.wp.com\/www.jazzzeitung.de\/cms\/wp-content\/uploads\/2019\/07\/DSC04194.jpg?w=1680&amp;ssl=1 1680w, https:\/\/i0.wp.com\/www.jazzzeitung.de\/cms\/wp-content\/uploads\/2019\/07\/DSC04194.jpg?w=2520&amp;ssl=1 2520w\" width=\"300\" height=\"399\" loading=\"lazy\" data-original-width=\"300\" data-original-height=\"399\" itemprop=\"http:\/\/schema.org\/image\" title=\"DSC04194\" alt=\"Michael Wollny II\" style=\"width: 300px; height: 399px;\" \/> <\/a> <div class=\"tiled-gallery-caption\" itemprop=\"caption description\"> Michael Wollny II <\/div> <\/div> <\/div> <!-- close group --> <div class=\"gallery-group images-1\" style=\"width: 536px; height: 403px;\" data-original-width=\"536\" data-original-height=\"403\" > <div class=\"tiled-gallery-item tiled-gallery-item-large\" itemprop=\"associatedMedia\" itemscope itemtype=\"http:\/\/schema.org\/ImageObject\"> <a href=\"https:\/\/www.jazzzeitung.de\/cms\/2019\/07\/echte-outdoor-romantik-im-regen-jazz-an-einem-sommerabend-2019-auf-der-krefelder-burg-linn\/dsc04103\/\" border=\"0\" itemprop=\"url\"> <meta itemprop=\"width\" content=\"532\"> <meta itemprop=\"height\" content=\"399\"> <img decoding=\"async\" class=\"\" data-attachment-id=\"20062\" data-orig-file=\"https:\/\/www.jazzzeitung.de\/cms\/wp-content\/uploads\/2019\/07\/DSC04103.jpg\" data-orig-size=\"4864,3648\" data-comments-opened=\"1\" data-image-meta=\"{&quot;aperture&quot;:&quot;2.8&quot;,&quot;credit&quot;:&quot;Picasa&quot;,&quot;camera&quot;:&quot;DSC-RX10&quot;,&quot;caption&quot;:&quot;&quot;,&quot;created_timestamp&quot;:&quot;1562276870&quot;,&quot;copyright&quot;:&quot;&quot;,&quot;focal_length&quot;:&quot;8.8&quot;,&quot;iso&quot;:&quot;200&quot;,&quot;shutter_speed&quot;:&quot;0.033333333333333&quot;,&quot;title&quot;:&quot;&quot;,&quot;orientation&quot;:&quot;0&quot;}\" data-image-title=\"DSC04103\" data-image-description=\"\" data-medium-file=\"https:\/\/i0.wp.com\/www.jazzzeitung.de\/cms\/wp-content\/uploads\/2019\/07\/DSC04103.jpg?fit=300%2C225&#038;ssl=1\" data-large-file=\"https:\/\/i0.wp.com\/www.jazzzeitung.de\/cms\/wp-content\/uploads\/2019\/07\/DSC04103.jpg?fit=800%2C600&#038;ssl=1\" src=\"https:\/\/i0.wp.com\/www.jazzzeitung.de\/cms\/wp-content\/uploads\/2019\/07\/DSC04103.jpg?w=532&#038;h=399&#038;ssl=1\" srcset=\"https:\/\/i0.wp.com\/www.jazzzeitung.de\/cms\/wp-content\/uploads\/2019\/07\/DSC04103.jpg?w=4864&amp;ssl=1 4864w, https:\/\/i0.wp.com\/www.jazzzeitung.de\/cms\/wp-content\/uploads\/2019\/07\/DSC04103.jpg?resize=300%2C225&amp;ssl=1 300w, https:\/\/i0.wp.com\/www.jazzzeitung.de\/cms\/wp-content\/uploads\/2019\/07\/DSC04103.jpg?resize=768%2C576&amp;ssl=1 768w, https:\/\/i0.wp.com\/www.jazzzeitung.de\/cms\/wp-content\/uploads\/2019\/07\/DSC04103.jpg?resize=800%2C600&amp;ssl=1 800w, https:\/\/i0.wp.com\/www.jazzzeitung.de\/cms\/wp-content\/uploads\/2019\/07\/DSC04103.jpg?resize=1320%2C990&amp;ssl=1 1320w, https:\/\/i0.wp.com\/www.jazzzeitung.de\/cms\/wp-content\/uploads\/2019\/07\/DSC04103.jpg?w=1680&amp;ssl=1 1680w, https:\/\/i0.wp.com\/www.jazzzeitung.de\/cms\/wp-content\/uploads\/2019\/07\/DSC04103.jpg?w=2520&amp;ssl=1 2520w\" width=\"532\" height=\"399\" loading=\"lazy\" data-original-width=\"532\" data-original-height=\"399\" itemprop=\"http:\/\/schema.org\/image\" title=\"DSC04103\" alt=\"Wassermusik. Foto: Stefan Pieper\" style=\"width: 532px; height: 399px;\" \/> <\/a> <div class=\"tiled-gallery-caption\" itemprop=\"caption description\"> Wassermusik. Foto: Stefan Pieper <\/div> <\/div> <\/div> <!-- close group --> <\/div> <!-- close row --> <\/div>\n<p>F\u00fcr Michael Wollny war es das dritte Gastspiel in Krefeld. Bescheiden wirkt, wie einer der gefragtesten Tastenk\u00fcnstler im zeitgen\u00f6ssischen Jazz das Publikum anspricht, was allein schon wie eine l\u00e4ssige Untertreibung wirkt angesichts des vorhandenen Potenzials bei diesem charismatischen Topact, bei dem es noch so sehr regnen konnte. Zusammen mit Eric Schaefer am Schlagzeug und Bassist Christian Weber wird das Publikum im folgendenregelrecht hypnotisiert. Es anders machen als erwartet, woanders hinf\u00fchren, als jeder denken mag, das scheint die DNA f\u00fcr diesen Abend zu sein. Ganz unschuldig, kammermusikalisch und melodisch beginnt dieses Konzert. Schnell passiert mehr. Viel mehr! Freitonale Improvisationen. Lyrische Klangb\u00e4der. Tonartenwechsel. M\u00e4chtige Jazzimprovisationen, die in furiosen Crescendi noch die Mauern der Burg Linn erbeben lassen k\u00f6nnten und sich gierig jedes erdenkliche Material einverleiben. Wollny und seine beiden faszinierend reaktionssschnellen Mitstreiter ziehen die gebannte H\u00f6rerschaft in einen m\u00e4chtigen Sog, aber auch in schillernde Labyrinthe hinein. Aber ohne sie dort allein zu lassen, denn daf\u00fcr ist das gespielte viel zu direkt und zu bezwingend. Derart intensiv Musik machen kann nur, wer Bilder im Kopf hat. Diese werden bei Wollny durch die klassische Moderne etwa eines Paul Hindemith oder von Rennaissance-Chor\u00e4len von Guillaume de Machaut generiert. Ein anderes Lieblings-Sujet darf nicht fehlen: Ohne die Filmmusikkompositionen von Angelo Badalamenti w\u00e4re ein David Lynch Film und eben auch ein Michael-Wollny-Konzert nicht das, was es gerade hier in Krefeld ist &#8211; wo gerade schon die ersten Wasserkaskaden vorne auf den B\u00fchnenrand klatschen!<\/p>\n<p>Text und Fotos: Stefan Pieper<\/p>\n<p>&nbsp;<\/p>\n<p>&nbsp;<\/p>\n<p>&nbsp;<\/p>\n<p>&nbsp;<\/p>\n<p>&nbsp;<\/p>\n<p>&nbsp;<\/p>\n<p>&nbsp;<\/p>\n<p>&nbsp;<\/p>\n<p>&nbsp;<\/p>\n","protected":false},"excerpt":{"rendered":"<p>Diese Freiluftkonzertromantik war nichts f\u00fcr \u201eWeicheier\u201c: Ohne Vorwarnung hatte der Himmel seine Schleusen ge\u00f6ffnete. Menschen r\u00fcckten vor der Kulisse der Burg Linn unter einem gro\u00dfen Zeltdach bzw. einer Art Fallschirm zusammen. Leidenschaft f\u00fcr echte Musik ist eben st\u00e4rker als schn\u00f6de Wetterbedingungen \u2013 manchmal w\u00e4chst sie sogar, wenn die \u00e4u\u00dferen Bedingungen \u201efeindlich\u201c sind! Viele Ehrenamtliche vom Jazzclub Krefeld stemmen jedes Jahr aufs Neue das Drumherum bei diesem Festival, das zum gro\u00dfen, \u00fcberregional wahrgenommenen Aush\u00e4ngeschild des Vereins geworden ist. Der k\u00fcnstlerische Leiter Florian Funke stellt bei der Programmierung der drei Konzerte eine bew\u00e4hrte Dramaturgie der Steigerung herstellen kann. Mehr als drei Auftritte an einem langen Abend braucht es nicht. Das f\u00f6rdert das konzentrierte Eintauchen und ist eine kluge Absage an das oberfl\u00e4chliche \u201eHineinzappen\u201c wie bei so manchen Gro\u00dffestivals mit ihren Mammutprogrammen und Parallelveranstaltungen. Der Opener in Krefeld lenkt traditionsgem\u00e4\u00df den Fokus auf Bands und Musiker aus NRW. Den Spa\u00df an der gemeinsamen Sache pflegte an diesem Abend die Band \u201eCheop\u201c. Tim Isfort, der sonst das Moers-Festival kuratiert, spielt hier den Bass und schon ging alles auf der Festivalwiese in einer gut abgehangenen Fusionfunk-Mischung entspannt und gut zum &hellip;<\/p>\n","protected":false},"author":18,"featured_media":20061,"comment_status":"open","ping_status":"closed","sticky":false,"template":"","format":"standard","meta":{"_jetpack_memberships_contains_paid_content":false,"footnotes":"","jetpack_publicize_message":"","jetpack_publicize_feature_enabled":true,"jetpack_social_post_already_shared":false,"jetpack_social_options":{"image_generator_settings":{"template":"highway","default_image_id":0,"font":"","enabled":false},"version":2}},"categories":[1053,652],"tags":[2019,1763,166,3,682,1351,1911,1876,271,322,323,2109,388,396,904,1564,1129],"coauthors":[695],"class_list":["post-20050","post","type-post","status-publish","format-standard","has-post-thumbnail","hentry","category-bericht","category-galerie","tag-2019","tag-bass","tag-eric-schaefer","tag-festival","tag-festivals","tag-film","tag-fotos","tag-jazz","tag-jazzclub","tag-konzert-2","tag-konzerte","tag-krefeld","tag-michael-wollny","tag-moers","tag-new-york","tag-schlagzeug","tag-stefan-pieper"],"yoast_head":"<!-- This site is optimized with the Yoast SEO plugin v27.5 - https:\/\/yoast.com\/product\/yoast-seo-wordpress\/ -->\n<title>Echte Outdoor-Romantik im Regen: Jazz an einem Sommerabend 2019 auf der Krefelder Burg Linn - JazzZeitung<\/title>\n<meta name=\"robots\" content=\"index, follow, max-snippet:-1, max-image-preview:large, max-video-preview:-1\" \/>\n<link rel=\"canonical\" href=\"https:\/\/www.jazzzeitung.de\/cms\/2019\/07\/echte-outdoor-romantik-im-regen-jazz-an-einem-sommerabend-2019-auf-der-krefelder-burg-linn\/\" \/>\n<meta property=\"og:locale\" content=\"de_DE\" \/>\n<meta property=\"og:type\" content=\"article\" \/>\n<meta property=\"og:title\" content=\"Echte Outdoor-Romantik im Regen: Jazz an einem Sommerabend 2019 auf der Krefelder Burg Linn - JazzZeitung\" \/>\n<meta property=\"og:description\" content=\"Diese Freiluftkonzertromantik war nichts f\u00fcr \u201eWeicheier\u201c: Ohne Vorwarnung hatte der Himmel seine Schleusen ge\u00f6ffnete. Menschen r\u00fcckten vor der Kulisse der Burg Linn unter einem gro\u00dfen Zeltdach bzw. einer Art Fallschirm zusammen. Leidenschaft f\u00fcr echte Musik ist eben st\u00e4rker als schn\u00f6de Wetterbedingungen \u2013 manchmal w\u00e4chst sie sogar, wenn die \u00e4u\u00dferen Bedingungen \u201efeindlich\u201c sind! Viele Ehrenamtliche vom Jazzclub Krefeld stemmen jedes Jahr aufs Neue das Drumherum bei diesem Festival, das zum gro\u00dfen, \u00fcberregional wahrgenommenen Aush\u00e4ngeschild des Vereins geworden ist. Der k\u00fcnstlerische Leiter Florian Funke stellt bei der Programmierung der drei Konzerte eine bew\u00e4hrte Dramaturgie der Steigerung herstellen kann. Mehr als drei Auftritte an einem langen Abend braucht es nicht. Das f\u00f6rdert das konzentrierte Eintauchen und ist eine kluge Absage an das oberfl\u00e4chliche \u201eHineinzappen\u201c wie bei so manchen Gro\u00dffestivals mit ihren Mammutprogrammen und Parallelveranstaltungen. Der Opener in Krefeld lenkt traditionsgem\u00e4\u00df den Fokus auf Bands und Musiker aus NRW. Den Spa\u00df an der gemeinsamen Sache pflegte an diesem Abend die Band \u201eCheop\u201c. Tim Isfort, der sonst das Moers-Festival kuratiert, spielt hier den Bass und schon ging alles auf der Festivalwiese in einer gut abgehangenen Fusionfunk-Mischung entspannt und gut zum &hellip;\" \/>\n<meta property=\"og:url\" content=\"https:\/\/www.jazzzeitung.de\/cms\/2019\/07\/echte-outdoor-romantik-im-regen-jazz-an-einem-sommerabend-2019-auf-der-krefelder-burg-linn\/\" \/>\n<meta property=\"og:site_name\" content=\"JazzZeitung\" \/>\n<meta property=\"article:publisher\" content=\"https:\/\/www.facebook.com\/JazzZeitung\/\" \/>\n<meta property=\"article:published_time\" content=\"2019-07-11T08:52:13+00:00\" \/>\n<meta property=\"og:image\" content=\"https:\/\/www.jazzzeitung.de\/cms\/wp-content\/uploads\/2019\/07\/DSC04108-450x600.jpg\" \/>\n\t<meta property=\"og:image:width\" content=\"450\" \/>\n\t<meta property=\"og:image:height\" content=\"600\" \/>\n\t<meta property=\"og:image:type\" content=\"image\/jpeg\" \/>\n<meta name=\"author\" content=\"Redaktion JazzZeitung\" \/>\n<script type=\"application\/ld+json\" class=\"yoast-schema-graph\">{\"@context\":\"https:\\\/\\\/schema.org\",\"@graph\":[{\"@type\":\"Article\",\"@id\":\"https:\\\/\\\/www.jazzzeitung.de\\\/cms\\\/2019\\\/07\\\/echte-outdoor-romantik-im-regen-jazz-an-einem-sommerabend-2019-auf-der-krefelder-burg-linn\\\/#article\",\"isPartOf\":{\"@id\":\"https:\\\/\\\/www.jazzzeitung.de\\\/cms\\\/2019\\\/07\\\/echte-outdoor-romantik-im-regen-jazz-an-einem-sommerabend-2019-auf-der-krefelder-burg-linn\\\/\"},\"author\":{\"name\":\"Redaktion JazzZeitung\",\"@id\":\"https:\\\/\\\/www.jazzzeitung.de\\\/cms\\\/#\\\/schema\\\/person\\\/2245b36b9cd1d24cea10f01c031fb92b\"},\"headline\":\"Echte Outdoor-Romantik im Regen: Jazz an einem Sommerabend 2019 auf der Krefelder Burg Linn\",\"datePublished\":\"2019-07-11T08:52:13+00:00\",\"mainEntityOfPage\":{\"@id\":\"https:\\\/\\\/www.jazzzeitung.de\\\/cms\\\/2019\\\/07\\\/echte-outdoor-romantik-im-regen-jazz-an-einem-sommerabend-2019-auf-der-krefelder-burg-linn\\\/\"},\"wordCount\":697,\"commentCount\":0,\"publisher\":{\"@id\":\"https:\\\/\\\/www.jazzzeitung.de\\\/cms\\\/#organization\"},\"image\":{\"@id\":\"https:\\\/\\\/www.jazzzeitung.de\\\/cms\\\/2019\\\/07\\\/echte-outdoor-romantik-im-regen-jazz-an-einem-sommerabend-2019-auf-der-krefelder-burg-linn\\\/#primaryimage\"},\"thumbnailUrl\":\"https:\\\/\\\/i0.wp.com\\\/www.jazzzeitung.de\\\/cms\\\/wp-content\\\/uploads\\\/2019\\\/07\\\/DSC04108.jpg?fit=3648%2C4864&ssl=1\",\"keywords\":[\"2019\",\"Bass\",\"Eric Schaefer\",\"Festival\",\"Festivals\",\"Film\",\"Fotos\",\"Jazz\",\"Jazzclub\",\"Konzert\",\"Konzerte\",\"Krefeld\",\"Michael Wollny\",\"Moers\",\"New York\",\"Schlagzeug\",\"Stefan Pieper\"],\"articleSection\":[\"Bericht\",\"Galerie\"],\"inLanguage\":\"de\",\"potentialAction\":[{\"@type\":\"CommentAction\",\"name\":\"Comment\",\"target\":[\"https:\\\/\\\/www.jazzzeitung.de\\\/cms\\\/2019\\\/07\\\/echte-outdoor-romantik-im-regen-jazz-an-einem-sommerabend-2019-auf-der-krefelder-burg-linn\\\/#respond\"]}]},{\"@type\":\"WebPage\",\"@id\":\"https:\\\/\\\/www.jazzzeitung.de\\\/cms\\\/2019\\\/07\\\/echte-outdoor-romantik-im-regen-jazz-an-einem-sommerabend-2019-auf-der-krefelder-burg-linn\\\/\",\"url\":\"https:\\\/\\\/www.jazzzeitung.de\\\/cms\\\/2019\\\/07\\\/echte-outdoor-romantik-im-regen-jazz-an-einem-sommerabend-2019-auf-der-krefelder-burg-linn\\\/\",\"name\":\"Echte Outdoor-Romantik im Regen: Jazz an einem Sommerabend 2019 auf der Krefelder Burg Linn - JazzZeitung\",\"isPartOf\":{\"@id\":\"https:\\\/\\\/www.jazzzeitung.de\\\/cms\\\/#website\"},\"primaryImageOfPage\":{\"@id\":\"https:\\\/\\\/www.jazzzeitung.de\\\/cms\\\/2019\\\/07\\\/echte-outdoor-romantik-im-regen-jazz-an-einem-sommerabend-2019-auf-der-krefelder-burg-linn\\\/#primaryimage\"},\"image\":{\"@id\":\"https:\\\/\\\/www.jazzzeitung.de\\\/cms\\\/2019\\\/07\\\/echte-outdoor-romantik-im-regen-jazz-an-einem-sommerabend-2019-auf-der-krefelder-burg-linn\\\/#primaryimage\"},\"thumbnailUrl\":\"https:\\\/\\\/i0.wp.com\\\/www.jazzzeitung.de\\\/cms\\\/wp-content\\\/uploads\\\/2019\\\/07\\\/DSC04108.jpg?fit=3648%2C4864&ssl=1\",\"datePublished\":\"2019-07-11T08:52:13+00:00\",\"breadcrumb\":{\"@id\":\"https:\\\/\\\/www.jazzzeitung.de\\\/cms\\\/2019\\\/07\\\/echte-outdoor-romantik-im-regen-jazz-an-einem-sommerabend-2019-auf-der-krefelder-burg-linn\\\/#breadcrumb\"},\"inLanguage\":\"de\",\"potentialAction\":[{\"@type\":\"ReadAction\",\"target\":[\"https:\\\/\\\/www.jazzzeitung.de\\\/cms\\\/2019\\\/07\\\/echte-outdoor-romantik-im-regen-jazz-an-einem-sommerabend-2019-auf-der-krefelder-burg-linn\\\/\"]}]},{\"@type\":\"ImageObject\",\"inLanguage\":\"de\",\"@id\":\"https:\\\/\\\/www.jazzzeitung.de\\\/cms\\\/2019\\\/07\\\/echte-outdoor-romantik-im-regen-jazz-an-einem-sommerabend-2019-auf-der-krefelder-burg-linn\\\/#primaryimage\",\"url\":\"https:\\\/\\\/i0.wp.com\\\/www.jazzzeitung.de\\\/cms\\\/wp-content\\\/uploads\\\/2019\\\/07\\\/DSC04108.jpg?fit=3648%2C4864&ssl=1\",\"contentUrl\":\"https:\\\/\\\/i0.wp.com\\\/www.jazzzeitung.de\\\/cms\\\/wp-content\\\/uploads\\\/2019\\\/07\\\/DSC04108.jpg?fit=3648%2C4864&ssl=1\",\"width\":3648,\"height\":4864},{\"@type\":\"BreadcrumbList\",\"@id\":\"https:\\\/\\\/www.jazzzeitung.de\\\/cms\\\/2019\\\/07\\\/echte-outdoor-romantik-im-regen-jazz-an-einem-sommerabend-2019-auf-der-krefelder-burg-linn\\\/#breadcrumb\",\"itemListElement\":[{\"@type\":\"ListItem\",\"position\":1,\"name\":\"Startseite\",\"item\":\"https:\\\/\\\/www.jazzzeitung.de\\\/cms\\\/\"},{\"@type\":\"ListItem\",\"position\":2,\"name\":\"Echte Outdoor-Romantik im Regen: Jazz an einem Sommerabend 2019 auf der Krefelder Burg Linn\"}]},{\"@type\":\"WebSite\",\"@id\":\"https:\\\/\\\/www.jazzzeitung.de\\\/cms\\\/#website\",\"url\":\"https:\\\/\\\/www.jazzzeitung.de\\\/cms\\\/\",\"name\":\"JazzZeitung\",\"description\":\"Jazz-News und Jazz-Kontroverses\",\"publisher\":{\"@id\":\"https:\\\/\\\/www.jazzzeitung.de\\\/cms\\\/#organization\"},\"potentialAction\":[{\"@type\":\"SearchAction\",\"target\":{\"@type\":\"EntryPoint\",\"urlTemplate\":\"https:\\\/\\\/www.jazzzeitung.de\\\/cms\\\/?s={search_term_string}\"},\"query-input\":{\"@type\":\"PropertyValueSpecification\",\"valueRequired\":true,\"valueName\":\"search_term_string\"}}],\"inLanguage\":\"de\"},{\"@type\":\"Organization\",\"@id\":\"https:\\\/\\\/www.jazzzeitung.de\\\/cms\\\/#organization\",\"name\":\"JazzZeitung online\",\"url\":\"https:\\\/\\\/www.jazzzeitung.de\\\/cms\\\/\",\"logo\":{\"@type\":\"ImageObject\",\"inLanguage\":\"de\",\"@id\":\"https:\\\/\\\/www.jazzzeitung.de\\\/cms\\\/#\\\/schema\\\/logo\\\/image\\\/\",\"url\":\"https:\\\/\\\/i0.wp.com\\\/www.jazzzeitung.de\\\/cms\\\/wp-content\\\/uploads\\\/2015\\\/08\\\/JAZZZEITUNGDE_Logo_Neu.png?fit=499%2C200&ssl=1\",\"contentUrl\":\"https:\\\/\\\/i0.wp.com\\\/www.jazzzeitung.de\\\/cms\\\/wp-content\\\/uploads\\\/2015\\\/08\\\/JAZZZEITUNGDE_Logo_Neu.png?fit=499%2C200&ssl=1\",\"width\":499,\"height\":200,\"caption\":\"JazzZeitung online\"},\"image\":{\"@id\":\"https:\\\/\\\/www.jazzzeitung.de\\\/cms\\\/#\\\/schema\\\/logo\\\/image\\\/\"},\"sameAs\":[\"https:\\\/\\\/www.facebook.com\\\/JazzZeitung\\\/\"]},{\"@type\":\"Person\",\"@id\":\"https:\\\/\\\/www.jazzzeitung.de\\\/cms\\\/#\\\/schema\\\/person\\\/2245b36b9cd1d24cea10f01c031fb92b\",\"name\":\"Redaktion JazzZeitung\",\"image\":{\"@type\":\"ImageObject\",\"inLanguage\":\"de\",\"@id\":\"https:\\\/\\\/i0.wp.com\\\/www.jazzzeitung.de\\\/cms\\\/wp-content\\\/uploads\\\/2015\\\/08\\\/JAZZZEITUNGDE_Logo_Neu.png?resize=96%2C96&ssl=159975dcacb611b5700bd619b5daf0a7a\",\"url\":\"https:\\\/\\\/i0.wp.com\\\/www.jazzzeitung.de\\\/cms\\\/wp-content\\\/uploads\\\/2015\\\/08\\\/JAZZZEITUNGDE_Logo_Neu.png?resize=96%2C96&ssl=1\",\"contentUrl\":\"https:\\\/\\\/i0.wp.com\\\/www.jazzzeitung.de\\\/cms\\\/wp-content\\\/uploads\\\/2015\\\/08\\\/JAZZZEITUNGDE_Logo_Neu.png?resize=96%2C96&ssl=1\",\"caption\":\"Redaktion JazzZeitung\"},\"description\":\"Artikel der Redaktion der JazzZeitung.\",\"sameAs\":[\"http:\\\/\\\/www.jazzzeitung.de\\\/cms\\\/\"],\"url\":\"https:\\\/\\\/www.jazzzeitung.de\\\/cms\\\/author\\\/redaktion\\\/\"}]}<\/script>\n<!-- \/ Yoast SEO plugin. -->","yoast_head_json":{"title":"Echte Outdoor-Romantik im Regen: Jazz an einem Sommerabend 2019 auf der Krefelder Burg Linn - JazzZeitung","robots":{"index":"index","follow":"follow","max-snippet":"max-snippet:-1","max-image-preview":"max-image-preview:large","max-video-preview":"max-video-preview:-1"},"canonical":"https:\/\/www.jazzzeitung.de\/cms\/2019\/07\/echte-outdoor-romantik-im-regen-jazz-an-einem-sommerabend-2019-auf-der-krefelder-burg-linn\/","og_locale":"de_DE","og_type":"article","og_title":"Echte Outdoor-Romantik im Regen: Jazz an einem Sommerabend 2019 auf der Krefelder Burg Linn - JazzZeitung","og_description":"Diese Freiluftkonzertromantik war nichts f\u00fcr \u201eWeicheier\u201c: Ohne Vorwarnung hatte der Himmel seine Schleusen ge\u00f6ffnete. Menschen r\u00fcckten vor der Kulisse der Burg Linn unter einem gro\u00dfen Zeltdach bzw. einer Art Fallschirm zusammen. Leidenschaft f\u00fcr echte Musik ist eben st\u00e4rker als schn\u00f6de Wetterbedingungen \u2013 manchmal w\u00e4chst sie sogar, wenn die \u00e4u\u00dferen Bedingungen \u201efeindlich\u201c sind! Viele Ehrenamtliche vom Jazzclub Krefeld stemmen jedes Jahr aufs Neue das Drumherum bei diesem Festival, das zum gro\u00dfen, \u00fcberregional wahrgenommenen Aush\u00e4ngeschild des Vereins geworden ist. Der k\u00fcnstlerische Leiter Florian Funke stellt bei der Programmierung der drei Konzerte eine bew\u00e4hrte Dramaturgie der Steigerung herstellen kann. Mehr als drei Auftritte an einem langen Abend braucht es nicht. Das f\u00f6rdert das konzentrierte Eintauchen und ist eine kluge Absage an das oberfl\u00e4chliche \u201eHineinzappen\u201c wie bei so manchen Gro\u00dffestivals mit ihren Mammutprogrammen und Parallelveranstaltungen. Der Opener in Krefeld lenkt traditionsgem\u00e4\u00df den Fokus auf Bands und Musiker aus NRW. Den Spa\u00df an der gemeinsamen Sache pflegte an diesem Abend die Band \u201eCheop\u201c. Tim Isfort, der sonst das Moers-Festival kuratiert, spielt hier den Bass und schon ging alles auf der Festivalwiese in einer gut abgehangenen Fusionfunk-Mischung entspannt und gut zum &hellip;","og_url":"https:\/\/www.jazzzeitung.de\/cms\/2019\/07\/echte-outdoor-romantik-im-regen-jazz-an-einem-sommerabend-2019-auf-der-krefelder-burg-linn\/","og_site_name":"JazzZeitung","article_publisher":"https:\/\/www.facebook.com\/JazzZeitung\/","article_published_time":"2019-07-11T08:52:13+00:00","og_image":[{"width":450,"height":600,"url":"https:\/\/www.jazzzeitung.de\/cms\/wp-content\/uploads\/2019\/07\/DSC04108-450x600.jpg","type":"image\/jpeg"}],"author":"Redaktion JazzZeitung","schema":{"@context":"https:\/\/schema.org","@graph":[{"@type":"Article","@id":"https:\/\/www.jazzzeitung.de\/cms\/2019\/07\/echte-outdoor-romantik-im-regen-jazz-an-einem-sommerabend-2019-auf-der-krefelder-burg-linn\/#article","isPartOf":{"@id":"https:\/\/www.jazzzeitung.de\/cms\/2019\/07\/echte-outdoor-romantik-im-regen-jazz-an-einem-sommerabend-2019-auf-der-krefelder-burg-linn\/"},"author":{"name":"Redaktion JazzZeitung","@id":"https:\/\/www.jazzzeitung.de\/cms\/#\/schema\/person\/2245b36b9cd1d24cea10f01c031fb92b"},"headline":"Echte Outdoor-Romantik im Regen: Jazz an einem Sommerabend 2019 auf der Krefelder Burg Linn","datePublished":"2019-07-11T08:52:13+00:00","mainEntityOfPage":{"@id":"https:\/\/www.jazzzeitung.de\/cms\/2019\/07\/echte-outdoor-romantik-im-regen-jazz-an-einem-sommerabend-2019-auf-der-krefelder-burg-linn\/"},"wordCount":697,"commentCount":0,"publisher":{"@id":"https:\/\/www.jazzzeitung.de\/cms\/#organization"},"image":{"@id":"https:\/\/www.jazzzeitung.de\/cms\/2019\/07\/echte-outdoor-romantik-im-regen-jazz-an-einem-sommerabend-2019-auf-der-krefelder-burg-linn\/#primaryimage"},"thumbnailUrl":"https:\/\/i0.wp.com\/www.jazzzeitung.de\/cms\/wp-content\/uploads\/2019\/07\/DSC04108.jpg?fit=3648%2C4864&ssl=1","keywords":["2019","Bass","Eric Schaefer","Festival","Festivals","Film","Fotos","Jazz","Jazzclub","Konzert","Konzerte","Krefeld","Michael Wollny","Moers","New York","Schlagzeug","Stefan Pieper"],"articleSection":["Bericht","Galerie"],"inLanguage":"de","potentialAction":[{"@type":"CommentAction","name":"Comment","target":["https:\/\/www.jazzzeitung.de\/cms\/2019\/07\/echte-outdoor-romantik-im-regen-jazz-an-einem-sommerabend-2019-auf-der-krefelder-burg-linn\/#respond"]}]},{"@type":"WebPage","@id":"https:\/\/www.jazzzeitung.de\/cms\/2019\/07\/echte-outdoor-romantik-im-regen-jazz-an-einem-sommerabend-2019-auf-der-krefelder-burg-linn\/","url":"https:\/\/www.jazzzeitung.de\/cms\/2019\/07\/echte-outdoor-romantik-im-regen-jazz-an-einem-sommerabend-2019-auf-der-krefelder-burg-linn\/","name":"Echte Outdoor-Romantik im Regen: Jazz an einem Sommerabend 2019 auf der Krefelder Burg Linn - JazzZeitung","isPartOf":{"@id":"https:\/\/www.jazzzeitung.de\/cms\/#website"},"primaryImageOfPage":{"@id":"https:\/\/www.jazzzeitung.de\/cms\/2019\/07\/echte-outdoor-romantik-im-regen-jazz-an-einem-sommerabend-2019-auf-der-krefelder-burg-linn\/#primaryimage"},"image":{"@id":"https:\/\/www.jazzzeitung.de\/cms\/2019\/07\/echte-outdoor-romantik-im-regen-jazz-an-einem-sommerabend-2019-auf-der-krefelder-burg-linn\/#primaryimage"},"thumbnailUrl":"https:\/\/i0.wp.com\/www.jazzzeitung.de\/cms\/wp-content\/uploads\/2019\/07\/DSC04108.jpg?fit=3648%2C4864&ssl=1","datePublished":"2019-07-11T08:52:13+00:00","breadcrumb":{"@id":"https:\/\/www.jazzzeitung.de\/cms\/2019\/07\/echte-outdoor-romantik-im-regen-jazz-an-einem-sommerabend-2019-auf-der-krefelder-burg-linn\/#breadcrumb"},"inLanguage":"de","potentialAction":[{"@type":"ReadAction","target":["https:\/\/www.jazzzeitung.de\/cms\/2019\/07\/echte-outdoor-romantik-im-regen-jazz-an-einem-sommerabend-2019-auf-der-krefelder-burg-linn\/"]}]},{"@type":"ImageObject","inLanguage":"de","@id":"https:\/\/www.jazzzeitung.de\/cms\/2019\/07\/echte-outdoor-romantik-im-regen-jazz-an-einem-sommerabend-2019-auf-der-krefelder-burg-linn\/#primaryimage","url":"https:\/\/i0.wp.com\/www.jazzzeitung.de\/cms\/wp-content\/uploads\/2019\/07\/DSC04108.jpg?fit=3648%2C4864&ssl=1","contentUrl":"https:\/\/i0.wp.com\/www.jazzzeitung.de\/cms\/wp-content\/uploads\/2019\/07\/DSC04108.jpg?fit=3648%2C4864&ssl=1","width":3648,"height":4864},{"@type":"BreadcrumbList","@id":"https:\/\/www.jazzzeitung.de\/cms\/2019\/07\/echte-outdoor-romantik-im-regen-jazz-an-einem-sommerabend-2019-auf-der-krefelder-burg-linn\/#breadcrumb","itemListElement":[{"@type":"ListItem","position":1,"name":"Startseite","item":"https:\/\/www.jazzzeitung.de\/cms\/"},{"@type":"ListItem","position":2,"name":"Echte Outdoor-Romantik im Regen: Jazz an einem Sommerabend 2019 auf der Krefelder Burg Linn"}]},{"@type":"WebSite","@id":"https:\/\/www.jazzzeitung.de\/cms\/#website","url":"https:\/\/www.jazzzeitung.de\/cms\/","name":"JazzZeitung","description":"Jazz-News und Jazz-Kontroverses","publisher":{"@id":"https:\/\/www.jazzzeitung.de\/cms\/#organization"},"potentialAction":[{"@type":"SearchAction","target":{"@type":"EntryPoint","urlTemplate":"https:\/\/www.jazzzeitung.de\/cms\/?s={search_term_string}"},"query-input":{"@type":"PropertyValueSpecification","valueRequired":true,"valueName":"search_term_string"}}],"inLanguage":"de"},{"@type":"Organization","@id":"https:\/\/www.jazzzeitung.de\/cms\/#organization","name":"JazzZeitung online","url":"https:\/\/www.jazzzeitung.de\/cms\/","logo":{"@type":"ImageObject","inLanguage":"de","@id":"https:\/\/www.jazzzeitung.de\/cms\/#\/schema\/logo\/image\/","url":"https:\/\/i0.wp.com\/www.jazzzeitung.de\/cms\/wp-content\/uploads\/2015\/08\/JAZZZEITUNGDE_Logo_Neu.png?fit=499%2C200&ssl=1","contentUrl":"https:\/\/i0.wp.com\/www.jazzzeitung.de\/cms\/wp-content\/uploads\/2015\/08\/JAZZZEITUNGDE_Logo_Neu.png?fit=499%2C200&ssl=1","width":499,"height":200,"caption":"JazzZeitung online"},"image":{"@id":"https:\/\/www.jazzzeitung.de\/cms\/#\/schema\/logo\/image\/"},"sameAs":["https:\/\/www.facebook.com\/JazzZeitung\/"]},{"@type":"Person","@id":"https:\/\/www.jazzzeitung.de\/cms\/#\/schema\/person\/2245b36b9cd1d24cea10f01c031fb92b","name":"Redaktion JazzZeitung","image":{"@type":"ImageObject","inLanguage":"de","@id":"https:\/\/i0.wp.com\/www.jazzzeitung.de\/cms\/wp-content\/uploads\/2015\/08\/JAZZZEITUNGDE_Logo_Neu.png?resize=96%2C96&ssl=159975dcacb611b5700bd619b5daf0a7a","url":"https:\/\/i0.wp.com\/www.jazzzeitung.de\/cms\/wp-content\/uploads\/2015\/08\/JAZZZEITUNGDE_Logo_Neu.png?resize=96%2C96&ssl=1","contentUrl":"https:\/\/i0.wp.com\/www.jazzzeitung.de\/cms\/wp-content\/uploads\/2015\/08\/JAZZZEITUNGDE_Logo_Neu.png?resize=96%2C96&ssl=1","caption":"Redaktion JazzZeitung"},"description":"Artikel der Redaktion der JazzZeitung.","sameAs":["http:\/\/www.jazzzeitung.de\/cms\/"],"url":"https:\/\/www.jazzzeitung.de\/cms\/author\/redaktion\/"}]}},"wp-worthy-pixel":{"ignored":false,"public":null,"server":null,"url":null},"wp-worthy-type":"normal","jetpack_publicize_connections":[],"cc_featured_image_caption":{"caption_text":"","source_text":"","source_url":""},"jetpack_featured_media_url":"https:\/\/i0.wp.com\/www.jazzzeitung.de\/cms\/wp-content\/uploads\/2019\/07\/DSC04108.jpg?fit=3648%2C4864&ssl=1","jetpack_shortlink":"https:\/\/wp.me\/p3KEcT-5do","jetpack-related-posts":[{"id":25627,"url":"https:\/\/www.jazzzeitung.de\/cms\/2021\/09\/festivalland-nrw-die-livekultur-ist-wieder-da\/","url_meta":{"origin":20050,"position":0},"title":"Festivalland NRW: Die Livekultur ist wieder da!","author":"Redaktion JazzZeitung","date":"3. September 2021","format":false,"excerpt":"Wenn es um Jazz geht, dann ist NRW ein Festivalland. Vor allem jenseits der Jazzmetropole K\u00f6ln sind sie ein starker Imagetr\u00e4ger und verschaffen oft kleinen oder strukturschwachen St\u00e4dten eine \u00fcberregionale Ausstrahlung. Das Moers-Festival ist hier das prominenteste Beispiel. Immerhin fanden zu Pfingsten im Moerser Freizeitpark die allerersten Konzerte vor Publikum\u2026","rel":"","context":"In &quot;Bericht&quot;","block_context":{"text":"Bericht","link":"https:\/\/www.jazzzeitung.de\/cms\/thema\/bericht\/"},"img":{"alt_text":"","src":"https:\/\/i0.wp.com\/www.jazzzeitung.de\/cms\/wp-content\/uploads\/2021\/08\/Jazz-an-einem-Sommerabend.jpg?fit=1200%2C428&ssl=1&resize=350%2C200","width":350,"height":200,"srcset":"https:\/\/i0.wp.com\/www.jazzzeitung.de\/cms\/wp-content\/uploads\/2021\/08\/Jazz-an-einem-Sommerabend.jpg?fit=1200%2C428&ssl=1&resize=350%2C200 1x, https:\/\/i0.wp.com\/www.jazzzeitung.de\/cms\/wp-content\/uploads\/2021\/08\/Jazz-an-einem-Sommerabend.jpg?fit=1200%2C428&ssl=1&resize=525%2C300 1.5x, https:\/\/i0.wp.com\/www.jazzzeitung.de\/cms\/wp-content\/uploads\/2021\/08\/Jazz-an-einem-Sommerabend.jpg?fit=1200%2C428&ssl=1&resize=700%2C400 2x, https:\/\/i0.wp.com\/www.jazzzeitung.de\/cms\/wp-content\/uploads\/2021\/08\/Jazz-an-einem-Sommerabend.jpg?fit=1200%2C428&ssl=1&resize=1050%2C600 3x"},"classes":[]},{"id":17128,"url":"https:\/\/www.jazzzeitung.de\/cms\/2018\/09\/lokalmatadore-und-weltklasse-jazz-an-einem-sommerabend-ist-ein-ort-der-begegnung\/","url_meta":{"origin":20050,"position":1},"title":"Lokalmatadore und Weltklasse: \u201eJazz an einem Sommerabend&#8220; ist ein Ort der Begegnung","author":"Redaktion JazzZeitung","date":"4. September 2018","format":false,"excerpt":"Der Jazzclub Krefeld hat vier Jahrzehnte einiges richtig gemacht, wenn es um kulturelle Nachhaltigkeit und \u00fcberregionale Ausstrahlung geht. Und so hat auch das leidenschafliche Engagement vieler Ehrenamtlicher das gro\u00dfe Festival auf der malerischen Burg Linn zu dem werden lassen, was es ist: \u201eJazz an einem Sommerabend\" ist ein wirkliches \u201eJazz-Fest\",\u2026","rel":"","context":"In &quot;Bericht&quot;","block_context":{"text":"Bericht","link":"https:\/\/www.jazzzeitung.de\/cms\/thema\/bericht\/"},"img":{"alt_text":"","src":"https:\/\/i0.wp.com\/www.jazzzeitung.de\/cms\/wp-content\/uploads\/2018\/09\/DSC07670-Horst-Hansen-Trio-Lukas-Weber-sax-Lars-Leibl-Bass-e1535967507296.jpg?fit=1200%2C782&ssl=1&resize=350%2C200","width":350,"height":200,"srcset":"https:\/\/i0.wp.com\/www.jazzzeitung.de\/cms\/wp-content\/uploads\/2018\/09\/DSC07670-Horst-Hansen-Trio-Lukas-Weber-sax-Lars-Leibl-Bass-e1535967507296.jpg?fit=1200%2C782&ssl=1&resize=350%2C200 1x, https:\/\/i0.wp.com\/www.jazzzeitung.de\/cms\/wp-content\/uploads\/2018\/09\/DSC07670-Horst-Hansen-Trio-Lukas-Weber-sax-Lars-Leibl-Bass-e1535967507296.jpg?fit=1200%2C782&ssl=1&resize=525%2C300 1.5x, https:\/\/i0.wp.com\/www.jazzzeitung.de\/cms\/wp-content\/uploads\/2018\/09\/DSC07670-Horst-Hansen-Trio-Lukas-Weber-sax-Lars-Leibl-Bass-e1535967507296.jpg?fit=1200%2C782&ssl=1&resize=700%2C400 2x, https:\/\/i0.wp.com\/www.jazzzeitung.de\/cms\/wp-content\/uploads\/2018\/09\/DSC07670-Horst-Hansen-Trio-Lukas-Weber-sax-Lars-Leibl-Bass-e1535967507296.jpg?fit=1200%2C782&ssl=1&resize=1050%2C600 3x"},"classes":[]},{"id":17946,"url":"https:\/\/www.jazzzeitung.de\/cms\/2018\/11\/peter-evans-pulverize-the-sound-beim-krefelder-jazzherbst\/","url_meta":{"origin":20050,"position":2},"title":"Peter Evans \u201ePulverize the Sound\u201c beim Krefelder Jazzherbst","author":"Redaktion JazzZeitung","date":"23. November 2018","format":false,"excerpt":"Von Stefan Pieper.\u00a0Ungest\u00fcmer Spielwitz im Livekonzert deutet darauf hin, dass es Musikern, die solchen auf der B\u00fchne ausleben, auch im \u201erealen\u201c Leben nicht daran mangelt. So erg\u00f6tzte sich der New Yorker Bassist Tim Dahl erst mal ausgiebig \u00fcber das deutsche Wort \u201eSchweinshaxe\u201c, was sich in amerikanischem Zungenschlag ja auch sehr\u2026","rel":"","context":"In &quot;Bericht&quot;","block_context":{"text":"Bericht","link":"https:\/\/www.jazzzeitung.de\/cms\/thema\/bericht\/"},"img":{"alt_text":"","src":"https:\/\/i0.wp.com\/www.jazzzeitung.de\/cms\/wp-content\/uploads\/2018\/11\/DSC01920.jpg?fit=1200%2C900&ssl=1&resize=350%2C200","width":350,"height":200,"srcset":"https:\/\/i0.wp.com\/www.jazzzeitung.de\/cms\/wp-content\/uploads\/2018\/11\/DSC01920.jpg?fit=1200%2C900&ssl=1&resize=350%2C200 1x, https:\/\/i0.wp.com\/www.jazzzeitung.de\/cms\/wp-content\/uploads\/2018\/11\/DSC01920.jpg?fit=1200%2C900&ssl=1&resize=525%2C300 1.5x, https:\/\/i0.wp.com\/www.jazzzeitung.de\/cms\/wp-content\/uploads\/2018\/11\/DSC01920.jpg?fit=1200%2C900&ssl=1&resize=700%2C400 2x, https:\/\/i0.wp.com\/www.jazzzeitung.de\/cms\/wp-content\/uploads\/2018\/11\/DSC01920.jpg?fit=1200%2C900&ssl=1&resize=1050%2C600 3x"},"classes":[]},{"id":31427,"url":"https:\/\/www.jazzzeitung.de\/cms\/2024\/08\/jazz-im-burghof-freiluft-konzerte-in-huerth\/","url_meta":{"origin":20050,"position":3},"title":"Jazz im Burghof &#8211; Freiluft-Konzerte in H\u00fcrth","author":"Redaktion JazzZeitung","date":"6. August 2024","format":false,"excerpt":"(PM) Das Open-Air-Programm des Jazzclubs H\u00fcrth sorgt im August mit Konzerten vom \u201eJudith Tellado & Paulo Pereira Quintett\u201c sowie der \u201eSchmackes Brass Band\u201c f\u00fcr Festival-Atmosph\u00e4re im Innenhof der historischen Burg Gleuel.\u00a0Nach dem Auftakt der Open-Air-Saison mit zwei Konzerten auf dem JazzYard hinter dem Jazzkeller an der Herm\u00fclheimer Stra\u00dfe geht die\u2026","rel":"","context":"In &quot;News&quot;","block_context":{"text":"News","link":"https:\/\/www.jazzzeitung.de\/cms\/thema\/nachrichten\/"},"img":{"alt_text":"","src":"https:\/\/i0.wp.com\/www.jazzzeitung.de\/cms\/wp-content\/uploads\/2024\/08\/2024.08.16-Pressefoto-Open-Air-Burg-Judith-Tellado-Paulo-Pereira-Foto-von-Joanna-Bidler-scaled.jpg?fit=1200%2C800&ssl=1&resize=350%2C200","width":350,"height":200,"srcset":"https:\/\/i0.wp.com\/www.jazzzeitung.de\/cms\/wp-content\/uploads\/2024\/08\/2024.08.16-Pressefoto-Open-Air-Burg-Judith-Tellado-Paulo-Pereira-Foto-von-Joanna-Bidler-scaled.jpg?fit=1200%2C800&ssl=1&resize=350%2C200 1x, https:\/\/i0.wp.com\/www.jazzzeitung.de\/cms\/wp-content\/uploads\/2024\/08\/2024.08.16-Pressefoto-Open-Air-Burg-Judith-Tellado-Paulo-Pereira-Foto-von-Joanna-Bidler-scaled.jpg?fit=1200%2C800&ssl=1&resize=525%2C300 1.5x, https:\/\/i0.wp.com\/www.jazzzeitung.de\/cms\/wp-content\/uploads\/2024\/08\/2024.08.16-Pressefoto-Open-Air-Burg-Judith-Tellado-Paulo-Pereira-Foto-von-Joanna-Bidler-scaled.jpg?fit=1200%2C800&ssl=1&resize=700%2C400 2x, https:\/\/i0.wp.com\/www.jazzzeitung.de\/cms\/wp-content\/uploads\/2024\/08\/2024.08.16-Pressefoto-Open-Air-Burg-Judith-Tellado-Paulo-Pereira-Foto-von-Joanna-Bidler-scaled.jpg?fit=1200%2C800&ssl=1&resize=1050%2C600 3x"},"classes":[]},{"id":21351,"url":"https:\/\/www.jazzzeitung.de\/cms\/2019\/11\/ein-befreiter-heisser-atem-jaimie-branch-beim-krefelder-jazzherbst\/","url_meta":{"origin":20050,"position":4},"title":"Ein befreiter, hei\u00dfer Atem: Jaimie Branch beim Krefelder Jazzherbst","author":"Redaktion JazzZeitung","date":"26. November 2019","format":false,"excerpt":"Text und Fotos von Stefan Pieper.\u00a0Es zahlt sich immer aus, fr\u00fch voraus zu blicken - vor allem, um bei der Programmplanung weitsichtiges Gesp\u00fcr f\u00fcr neue Trends zu entfalten: In dieser Hinsicht landete Florian Funke vom Jazzclub Krefeld einen Volltreffer: Er war auf die rebellische US-Trompeterin Jaimie Branch schon aufmerksam geworden,\u2026","rel":"","context":"In &quot;Bericht&quot;","block_context":{"text":"Bericht","link":"https:\/\/www.jazzzeitung.de\/cms\/thema\/bericht\/"},"img":{"alt_text":"","src":"https:\/\/i0.wp.com\/www.jazzzeitung.de\/cms\/wp-content\/uploads\/2019\/11\/DSC01560-scaled.jpg?fit=1200%2C799&ssl=1&resize=350%2C200","width":350,"height":200,"srcset":"https:\/\/i0.wp.com\/www.jazzzeitung.de\/cms\/wp-content\/uploads\/2019\/11\/DSC01560-scaled.jpg?fit=1200%2C799&ssl=1&resize=350%2C200 1x, https:\/\/i0.wp.com\/www.jazzzeitung.de\/cms\/wp-content\/uploads\/2019\/11\/DSC01560-scaled.jpg?fit=1200%2C799&ssl=1&resize=525%2C300 1.5x, https:\/\/i0.wp.com\/www.jazzzeitung.de\/cms\/wp-content\/uploads\/2019\/11\/DSC01560-scaled.jpg?fit=1200%2C799&ssl=1&resize=700%2C400 2x, https:\/\/i0.wp.com\/www.jazzzeitung.de\/cms\/wp-content\/uploads\/2019\/11\/DSC01560-scaled.jpg?fit=1200%2C799&ssl=1&resize=1050%2C600 3x"},"classes":[]},{"id":2311,"url":"https:\/\/www.jazzzeitung.de\/cms\/2013\/09\/ueber-400-000-euro-gehen-bei-spielstaettenprogrammpreis-jazzclubs\/","url_meta":{"origin":20050,"position":5},"title":"\u00dcber 400.000 Euro gehen bei Spielst\u00e4ttenprogrammpreis an Jazzclubs","author":"Redaktion JazzZeitung","date":"26. September 2013","format":false,"excerpt":"Mehr als 300 Spielst\u00e4tten des Rock, Pop und Jazz hatten sich beworben, nun wurden 55 von ihnen f\u00fcr ihr herausragendes Programm ausgezeichnet. Am Abend des 25. September \u00fcbergab Kulturstaatsminister Bernd Neumann in Hamburg pers\u00f6nlich die Preise. Dabei ging ein Gro\u00dfteil der Preise und Pr\u00e4mien an Jazzclubs. (Die Liste aller Preistr\u00e4ger\u2026","rel":"","context":"In &quot;News&quot;","block_context":{"text":"News","link":"https:\/\/www.jazzzeitung.de\/cms\/thema\/nachrichten\/"},"img":{"alt_text":"Spielst\u00e4ttenprogrammpreis, die Jury","src":"https:\/\/i0.wp.com\/www.jazzzeitung.de\/cms\/wp-content\/uploads\/2013\/09\/SPPP_5_InitiativeMusikgGmbH2013-150x150.jpg?resize=350%2C200","width":350,"height":200},"classes":[]}],"jetpack_sharing_enabled":true,"_links":{"self":[{"href":"https:\/\/www.jazzzeitung.de\/cms\/wp-json\/wp\/v2\/posts\/20050","targetHints":{"allow":["GET"]}}],"collection":[{"href":"https:\/\/www.jazzzeitung.de\/cms\/wp-json\/wp\/v2\/posts"}],"about":[{"href":"https:\/\/www.jazzzeitung.de\/cms\/wp-json\/wp\/v2\/types\/post"}],"author":[{"embeddable":true,"href":"https:\/\/www.jazzzeitung.de\/cms\/wp-json\/wp\/v2\/users\/18"}],"replies":[{"embeddable":true,"href":"https:\/\/www.jazzzeitung.de\/cms\/wp-json\/wp\/v2\/comments?post=20050"}],"version-history":[{"count":3,"href":"https:\/\/www.jazzzeitung.de\/cms\/wp-json\/wp\/v2\/posts\/20050\/revisions"}],"predecessor-version":[{"id":20063,"href":"https:\/\/www.jazzzeitung.de\/cms\/wp-json\/wp\/v2\/posts\/20050\/revisions\/20063"}],"wp:featuredmedia":[{"embeddable":true,"href":"https:\/\/www.jazzzeitung.de\/cms\/wp-json\/wp\/v2\/media\/20061"}],"wp:attachment":[{"href":"https:\/\/www.jazzzeitung.de\/cms\/wp-json\/wp\/v2\/media?parent=20050"}],"wp:term":[{"taxonomy":"category","embeddable":true,"href":"https:\/\/www.jazzzeitung.de\/cms\/wp-json\/wp\/v2\/categories?post=20050"},{"taxonomy":"post_tag","embeddable":true,"href":"https:\/\/www.jazzzeitung.de\/cms\/wp-json\/wp\/v2\/tags?post=20050"},{"taxonomy":"author","embeddable":true,"href":"https:\/\/www.jazzzeitung.de\/cms\/wp-json\/wp\/v2\/coauthors?post=20050"}],"curies":[{"name":"wp","href":"https:\/\/api.w.org\/{rel}","templated":true}]}}