{"id":20029,"date":"2019-07-09T09:54:06","date_gmt":"2019-07-09T07:54:06","guid":{"rendered":"https:\/\/www.jazzzeitung.de\/cms\/?p=20029"},"modified":"2019-07-08T12:00:46","modified_gmt":"2019-07-08T10:00:46","slug":"monty-alexander-trio-clubkonzert-in-der-muenchner-unterfahrt","status":"publish","type":"post","link":"https:\/\/www.jazzzeitung.de\/cms\/2019\/07\/monty-alexander-trio-clubkonzert-in-der-muenchner-unterfahrt\/","title":{"rendered":"Monty Alexander Trio &#8211; Clubkonzert in der M\u00fcnchner Unterfahrt"},"content":{"rendered":"<p>Das Monty Alexander Trio auf Tournee und das einzige Konzert in Deutschland: im M\u00fcnchner Jazzclub Unterfahrt! Das ist zweifellos etwas ganz Besonderes, und bereits im Vorwege waren alle gespannt auf den Abend, spielt Monty Alexander normalerweise eher in gro\u00dfen Konzerthallen oder auf Festivals als in Jazzclubs.<\/p>\n<p>Auf der B\u00fchne dann der klassische Aufbau, ein Steinway, Bass, Drumset und drei gediegene Herren im dunklen Anzug. Es dauerte keine zehn Minuten da war klar, wohin die musikalische Reise geht. An diesem Abend wurde hochkar\u00e4tiges Entertainment vom Feinsten pr\u00e4sentiert! Von Jazzstandards wie Duke Ellingtons \u201eLove You Madly\u201c \u00fcber Bob Marleys \u201eNo Woman, No Cry\u201c, Michel Legrands Evergreen \u201eSummer Of 42\u201c, Eigenkompositionen aus Monty Alexanders Feder, Stevie Wonders \u201eYour\u2019e The Sunshine of\u00a0 My Life\u201c oder Joaquin Rodrigos \u201eConcierto De Aranjuez\u201c, das Trio war immer in Bewegung, spielte inspiriert mit Verve und groovte was das Zeug hielt. Monty Alexander lie\u00df seinen Mitspielern, dem Bassisten JJ Shakur und Drummer Jason Brown, viel Platz f\u00fcr Soli, die ausgiebig genutzt und wiederum gespickt wurden mit Zitaten von Prince, Chic, Michael Jackson, Herbie Hancock oder der Rockgruppe Cream, dabei nie manieriert oder gek\u00fcnstelt, sondern pointiert, authentisch und dem entsprechenden musikalischen Schalk im Nacken.<\/p>\n<div class=\"tiled-gallery type-rectangular tiled-gallery-unresized\" data-original-width=\"840\" data-carousel-extra='{&quot;blog_id&quot;:1,&quot;permalink&quot;:&quot;https:\\\/\\\/www.jazzzeitung.de\\\/cms\\\/2019\\\/07\\\/monty-alexander-trio-clubkonzert-in-der-muenchner-unterfahrt\\\/&quot;,&quot;likes_blog_id&quot;:55446655}' itemscope itemtype=\"http:\/\/schema.org\/ImageGallery\" > <div class=\"gallery-row\" style=\"width: 840px; height: 721px;\" data-original-width=\"840\" data-original-height=\"721\" > <div class=\"gallery-group images-1\" style=\"width: 482px; height: 721px;\" data-original-width=\"482\" data-original-height=\"721\" > <div class=\"tiled-gallery-item tiled-gallery-item-large\" itemprop=\"associatedMedia\" itemscope itemtype=\"http:\/\/schema.org\/ImageObject\"> <a href=\"https:\/\/www.jazzzeitung.de\/cms\/2019\/07\/monty-alexander-trio-clubkonzert-in-der-muenchner-unterfahrt\/p1403483-monty-alexander-foto-tj-krebs\/\" border=\"0\" itemprop=\"url\"> <meta itemprop=\"width\" content=\"478\"> <meta itemprop=\"height\" content=\"717\"> <img decoding=\"async\" class=\"\" data-attachment-id=\"20030\" data-orig-file=\"https:\/\/www.jazzzeitung.de\/cms\/wp-content\/uploads\/2019\/07\/P1403483-Monty-Alexander-Foto-TJ-Krebs.jpg\" data-orig-size=\"1200,1800\" data-comments-opened=\"1\" data-image-meta=\"{&quot;aperture&quot;:&quot;0&quot;,&quot;credit&quot;:&quot;&quot;,&quot;camera&quot;:&quot;&quot;,&quot;caption&quot;:&quot;&quot;,&quot;created_timestamp&quot;:&quot;0&quot;,&quot;copyright&quot;:&quot;&quot;,&quot;focal_length&quot;:&quot;0&quot;,&quot;iso&quot;:&quot;0&quot;,&quot;shutter_speed&quot;:&quot;0&quot;,&quot;title&quot;:&quot;&quot;,&quot;orientation&quot;:&quot;0&quot;}\" data-image-title=\"\" data-image-description=\"\" data-medium-file=\"https:\/\/i0.wp.com\/www.jazzzeitung.de\/cms\/wp-content\/uploads\/2019\/07\/P1403483-Monty-Alexander-Foto-TJ-Krebs.jpg?fit=200%2C300&#038;ssl=1\" data-large-file=\"https:\/\/i0.wp.com\/www.jazzzeitung.de\/cms\/wp-content\/uploads\/2019\/07\/P1403483-Monty-Alexander-Foto-TJ-Krebs.jpg?fit=400%2C600&#038;ssl=1\" src=\"https:\/\/i0.wp.com\/www.jazzzeitung.de\/cms\/wp-content\/uploads\/2019\/07\/P1403483-Monty-Alexander-Foto-TJ-Krebs.jpg?w=478&#038;h=717&#038;ssl=1\" srcset=\"https:\/\/i0.wp.com\/www.jazzzeitung.de\/cms\/wp-content\/uploads\/2019\/07\/P1403483-Monty-Alexander-Foto-TJ-Krebs.jpg?w=1200&amp;ssl=1 1200w, https:\/\/i0.wp.com\/www.jazzzeitung.de\/cms\/wp-content\/uploads\/2019\/07\/P1403483-Monty-Alexander-Foto-TJ-Krebs.jpg?resize=200%2C300&amp;ssl=1 200w, https:\/\/i0.wp.com\/www.jazzzeitung.de\/cms\/wp-content\/uploads\/2019\/07\/P1403483-Monty-Alexander-Foto-TJ-Krebs.jpg?resize=768%2C1152&amp;ssl=1 768w, https:\/\/i0.wp.com\/www.jazzzeitung.de\/cms\/wp-content\/uploads\/2019\/07\/P1403483-Monty-Alexander-Foto-TJ-Krebs.jpg?resize=400%2C600&amp;ssl=1 400w\" width=\"478\" height=\"717\" loading=\"lazy\" data-original-width=\"478\" data-original-height=\"717\" itemprop=\"http:\/\/schema.org\/image\" title=\"\" alt=\"Monty-Alexander. Foto: TJ-Krebs\" style=\"width: 478px; height: 717px;\" \/> <\/a> <div class=\"tiled-gallery-caption\" itemprop=\"caption description\"> Monty-Alexander. Foto: TJ-Krebs <\/div> <\/div> <\/div> <!-- close group --> <div class=\"gallery-group images-3\" style=\"width: 358px; height: 721px;\" data-original-width=\"358\" data-original-height=\"721\" > <div class=\"tiled-gallery-item tiled-gallery-item-large\" itemprop=\"associatedMedia\" itemscope itemtype=\"http:\/\/schema.org\/ImageObject\"> <a href=\"https:\/\/www.jazzzeitung.de\/cms\/2019\/07\/monty-alexander-trio-clubkonzert-in-der-muenchner-unterfahrt\/p1403500-monty-alexander-trio-foto-tj-krebs\/\" border=\"0\" itemprop=\"url\"> <meta itemprop=\"width\" content=\"354\"> <meta itemprop=\"height\" content=\"237\"> <img decoding=\"async\" class=\"\" data-attachment-id=\"20031\" data-orig-file=\"https:\/\/www.jazzzeitung.de\/cms\/wp-content\/uploads\/2019\/07\/P1403500-Monty-Alexander-Trio-Foto-TJ-Krebs.jpg\" data-orig-size=\"1800,1200\" data-comments-opened=\"1\" data-image-meta=\"{&quot;aperture&quot;:&quot;0&quot;,&quot;credit&quot;:&quot;&quot;,&quot;camera&quot;:&quot;&quot;,&quot;caption&quot;:&quot;&quot;,&quot;created_timestamp&quot;:&quot;0&quot;,&quot;copyright&quot;:&quot;&quot;,&quot;focal_length&quot;:&quot;0&quot;,&quot;iso&quot;:&quot;0&quot;,&quot;shutter_speed&quot;:&quot;0&quot;,&quot;title&quot;:&quot;&quot;,&quot;orientation&quot;:&quot;0&quot;}\" data-image-title=\"\" data-image-description=\"\" data-medium-file=\"https:\/\/i0.wp.com\/www.jazzzeitung.de\/cms\/wp-content\/uploads\/2019\/07\/P1403500-Monty-Alexander-Trio-Foto-TJ-Krebs.jpg?fit=300%2C200&#038;ssl=1\" data-large-file=\"https:\/\/i0.wp.com\/www.jazzzeitung.de\/cms\/wp-content\/uploads\/2019\/07\/P1403500-Monty-Alexander-Trio-Foto-TJ-Krebs.jpg?fit=840%2C560&#038;ssl=1\" src=\"https:\/\/i0.wp.com\/www.jazzzeitung.de\/cms\/wp-content\/uploads\/2019\/07\/P1403500-Monty-Alexander-Trio-Foto-TJ-Krebs.jpg?w=354&#038;h=237&#038;ssl=1\" srcset=\"https:\/\/i0.wp.com\/www.jazzzeitung.de\/cms\/wp-content\/uploads\/2019\/07\/P1403500-Monty-Alexander-Trio-Foto-TJ-Krebs.jpg?w=1800&amp;ssl=1 1800w, https:\/\/i0.wp.com\/www.jazzzeitung.de\/cms\/wp-content\/uploads\/2019\/07\/P1403500-Monty-Alexander-Trio-Foto-TJ-Krebs.jpg?resize=300%2C200&amp;ssl=1 300w, https:\/\/i0.wp.com\/www.jazzzeitung.de\/cms\/wp-content\/uploads\/2019\/07\/P1403500-Monty-Alexander-Trio-Foto-TJ-Krebs.jpg?resize=768%2C512&amp;ssl=1 768w, https:\/\/i0.wp.com\/www.jazzzeitung.de\/cms\/wp-content\/uploads\/2019\/07\/P1403500-Monty-Alexander-Trio-Foto-TJ-Krebs.jpg?resize=900%2C600&amp;ssl=1 900w, https:\/\/i0.wp.com\/www.jazzzeitung.de\/cms\/wp-content\/uploads\/2019\/07\/P1403500-Monty-Alexander-Trio-Foto-TJ-Krebs.jpg?resize=120%2C80&amp;ssl=1 120w, https:\/\/i0.wp.com\/www.jazzzeitung.de\/cms\/wp-content\/uploads\/2019\/07\/P1403500-Monty-Alexander-Trio-Foto-TJ-Krebs.jpg?resize=1320%2C880&amp;ssl=1 1320w, https:\/\/i0.wp.com\/www.jazzzeitung.de\/cms\/wp-content\/uploads\/2019\/07\/P1403500-Monty-Alexander-Trio-Foto-TJ-Krebs.jpg?w=1680&amp;ssl=1 1680w\" width=\"354\" height=\"237\" loading=\"lazy\" data-original-width=\"354\" data-original-height=\"237\" itemprop=\"http:\/\/schema.org\/image\" title=\"\" alt=\"Foto: TJ-Krebs\" style=\"width: 354px; height: 237px;\" \/> <\/a> <div class=\"tiled-gallery-caption\" itemprop=\"caption description\"> Foto: TJ-Krebs <\/div> <\/div> <div class=\"tiled-gallery-item tiled-gallery-item-large\" itemprop=\"associatedMedia\" itemscope itemtype=\"http:\/\/schema.org\/ImageObject\"> <a href=\"https:\/\/www.jazzzeitung.de\/cms\/2019\/07\/monty-alexander-trio-clubkonzert-in-der-muenchner-unterfahrt\/p1403545-monty-alexander-hand-foto-tj-krebs\/\" border=\"0\" itemprop=\"url\"> <meta itemprop=\"width\" content=\"354\"> <meta itemprop=\"height\" content=\"236\"> <img decoding=\"async\" class=\"\" data-attachment-id=\"20032\" data-orig-file=\"https:\/\/www.jazzzeitung.de\/cms\/wp-content\/uploads\/2019\/07\/P1403545-Monty-Alexander-Hand-Foto-TJ-Krebs.jpg\" data-orig-size=\"1800,1200\" data-comments-opened=\"1\" data-image-meta=\"{&quot;aperture&quot;:&quot;0&quot;,&quot;credit&quot;:&quot;&quot;,&quot;camera&quot;:&quot;&quot;,&quot;caption&quot;:&quot;&quot;,&quot;created_timestamp&quot;:&quot;0&quot;,&quot;copyright&quot;:&quot;&quot;,&quot;focal_length&quot;:&quot;0&quot;,&quot;iso&quot;:&quot;0&quot;,&quot;shutter_speed&quot;:&quot;0&quot;,&quot;title&quot;:&quot;&quot;,&quot;orientation&quot;:&quot;0&quot;}\" data-image-title=\"\" data-image-description=\"\" data-medium-file=\"https:\/\/i0.wp.com\/www.jazzzeitung.de\/cms\/wp-content\/uploads\/2019\/07\/P1403545-Monty-Alexander-Hand-Foto-TJ-Krebs.jpg?fit=300%2C200&#038;ssl=1\" data-large-file=\"https:\/\/i0.wp.com\/www.jazzzeitung.de\/cms\/wp-content\/uploads\/2019\/07\/P1403545-Monty-Alexander-Hand-Foto-TJ-Krebs.jpg?fit=840%2C560&#038;ssl=1\" src=\"https:\/\/i0.wp.com\/www.jazzzeitung.de\/cms\/wp-content\/uploads\/2019\/07\/P1403545-Monty-Alexander-Hand-Foto-TJ-Krebs.jpg?w=354&#038;h=236&#038;ssl=1\" srcset=\"https:\/\/i0.wp.com\/www.jazzzeitung.de\/cms\/wp-content\/uploads\/2019\/07\/P1403545-Monty-Alexander-Hand-Foto-TJ-Krebs.jpg?w=1800&amp;ssl=1 1800w, https:\/\/i0.wp.com\/www.jazzzeitung.de\/cms\/wp-content\/uploads\/2019\/07\/P1403545-Monty-Alexander-Hand-Foto-TJ-Krebs.jpg?resize=300%2C200&amp;ssl=1 300w, https:\/\/i0.wp.com\/www.jazzzeitung.de\/cms\/wp-content\/uploads\/2019\/07\/P1403545-Monty-Alexander-Hand-Foto-TJ-Krebs.jpg?resize=768%2C512&amp;ssl=1 768w, https:\/\/i0.wp.com\/www.jazzzeitung.de\/cms\/wp-content\/uploads\/2019\/07\/P1403545-Monty-Alexander-Hand-Foto-TJ-Krebs.jpg?resize=900%2C600&amp;ssl=1 900w, https:\/\/i0.wp.com\/www.jazzzeitung.de\/cms\/wp-content\/uploads\/2019\/07\/P1403545-Monty-Alexander-Hand-Foto-TJ-Krebs.jpg?resize=120%2C80&amp;ssl=1 120w, https:\/\/i0.wp.com\/www.jazzzeitung.de\/cms\/wp-content\/uploads\/2019\/07\/P1403545-Monty-Alexander-Hand-Foto-TJ-Krebs.jpg?resize=1320%2C880&amp;ssl=1 1320w, https:\/\/i0.wp.com\/www.jazzzeitung.de\/cms\/wp-content\/uploads\/2019\/07\/P1403545-Monty-Alexander-Hand-Foto-TJ-Krebs.jpg?w=1680&amp;ssl=1 1680w\" width=\"354\" height=\"236\" loading=\"lazy\" data-original-width=\"354\" data-original-height=\"236\" itemprop=\"http:\/\/schema.org\/image\" title=\"\" alt=\"Foto: TJ-Krebs\" style=\"width: 354px; height: 236px;\" \/> <\/a> <div class=\"tiled-gallery-caption\" itemprop=\"caption description\"> Foto: TJ-Krebs <\/div> <\/div> <div class=\"tiled-gallery-item tiled-gallery-item-large\" itemprop=\"associatedMedia\" itemscope itemtype=\"http:\/\/schema.org\/ImageObject\"> <a href=\"https:\/\/www.jazzzeitung.de\/cms\/2019\/07\/monty-alexander-trio-clubkonzert-in-der-muenchner-unterfahrt\/p1403590-jason-brown-foto-tj-krebs\/\" border=\"0\" itemprop=\"url\"> <meta itemprop=\"width\" content=\"354\"> <meta itemprop=\"height\" content=\"236\"> <img decoding=\"async\" class=\"\" data-attachment-id=\"20033\" data-orig-file=\"https:\/\/www.jazzzeitung.de\/cms\/wp-content\/uploads\/2019\/07\/P1403590-Jason-Brown-Foto-TJ-Krebs.jpg\" data-orig-size=\"1800,1200\" data-comments-opened=\"1\" data-image-meta=\"{&quot;aperture&quot;:&quot;0&quot;,&quot;credit&quot;:&quot;&quot;,&quot;camera&quot;:&quot;&quot;,&quot;caption&quot;:&quot;&quot;,&quot;created_timestamp&quot;:&quot;0&quot;,&quot;copyright&quot;:&quot;&quot;,&quot;focal_length&quot;:&quot;0&quot;,&quot;iso&quot;:&quot;0&quot;,&quot;shutter_speed&quot;:&quot;0&quot;,&quot;title&quot;:&quot;&quot;,&quot;orientation&quot;:&quot;0&quot;}\" data-image-title=\"\" data-image-description=\"\" data-medium-file=\"https:\/\/i0.wp.com\/www.jazzzeitung.de\/cms\/wp-content\/uploads\/2019\/07\/P1403590-Jason-Brown-Foto-TJ-Krebs.jpg?fit=300%2C200&#038;ssl=1\" data-large-file=\"https:\/\/i0.wp.com\/www.jazzzeitung.de\/cms\/wp-content\/uploads\/2019\/07\/P1403590-Jason-Brown-Foto-TJ-Krebs.jpg?fit=840%2C560&#038;ssl=1\" src=\"https:\/\/i0.wp.com\/www.jazzzeitung.de\/cms\/wp-content\/uploads\/2019\/07\/P1403590-Jason-Brown-Foto-TJ-Krebs.jpg?w=354&#038;h=236&#038;ssl=1\" srcset=\"https:\/\/i0.wp.com\/www.jazzzeitung.de\/cms\/wp-content\/uploads\/2019\/07\/P1403590-Jason-Brown-Foto-TJ-Krebs.jpg?w=1800&amp;ssl=1 1800w, https:\/\/i0.wp.com\/www.jazzzeitung.de\/cms\/wp-content\/uploads\/2019\/07\/P1403590-Jason-Brown-Foto-TJ-Krebs.jpg?resize=300%2C200&amp;ssl=1 300w, https:\/\/i0.wp.com\/www.jazzzeitung.de\/cms\/wp-content\/uploads\/2019\/07\/P1403590-Jason-Brown-Foto-TJ-Krebs.jpg?resize=768%2C512&amp;ssl=1 768w, https:\/\/i0.wp.com\/www.jazzzeitung.de\/cms\/wp-content\/uploads\/2019\/07\/P1403590-Jason-Brown-Foto-TJ-Krebs.jpg?resize=900%2C600&amp;ssl=1 900w, https:\/\/i0.wp.com\/www.jazzzeitung.de\/cms\/wp-content\/uploads\/2019\/07\/P1403590-Jason-Brown-Foto-TJ-Krebs.jpg?resize=120%2C80&amp;ssl=1 120w, https:\/\/i0.wp.com\/www.jazzzeitung.de\/cms\/wp-content\/uploads\/2019\/07\/P1403590-Jason-Brown-Foto-TJ-Krebs.jpg?resize=1320%2C880&amp;ssl=1 1320w, https:\/\/i0.wp.com\/www.jazzzeitung.de\/cms\/wp-content\/uploads\/2019\/07\/P1403590-Jason-Brown-Foto-TJ-Krebs.jpg?w=1680&amp;ssl=1 1680w\" width=\"354\" height=\"236\" loading=\"lazy\" data-original-width=\"354\" data-original-height=\"236\" itemprop=\"http:\/\/schema.org\/image\" title=\"\" alt=\"Jason Brown. Foto: TJ-Krebs\" style=\"width: 354px; height: 236px;\" \/> <\/a> <div class=\"tiled-gallery-caption\" itemprop=\"caption description\"> Jason Brown. Foto: TJ-Krebs <\/div> <\/div> <\/div> <!-- close group --> <\/div> <!-- close row --> <div class=\"gallery-row\" style=\"width: 840px; height: 418px;\" data-original-width=\"840\" data-original-height=\"418\" > <div class=\"gallery-group images-1\" style=\"width: 280px; height: 418px;\" data-original-width=\"280\" data-original-height=\"418\" > <div class=\"tiled-gallery-item tiled-gallery-item-large\" itemprop=\"associatedMedia\" itemscope itemtype=\"http:\/\/schema.org\/ImageObject\"> <a href=\"https:\/\/www.jazzzeitung.de\/cms\/2019\/07\/monty-alexander-trio-clubkonzert-in-der-muenchner-unterfahrt\/p1403596-monty-alexander-foto-tj-krebs\/\" border=\"0\" itemprop=\"url\"> <meta itemprop=\"width\" content=\"276\"> <meta itemprop=\"height\" content=\"414\"> <img decoding=\"async\" class=\"\" data-attachment-id=\"20034\" data-orig-file=\"https:\/\/www.jazzzeitung.de\/cms\/wp-content\/uploads\/2019\/07\/P1403596-Monty-Alexander-Foto-TJ-Krebs.jpg\" data-orig-size=\"1200,1800\" data-comments-opened=\"1\" data-image-meta=\"{&quot;aperture&quot;:&quot;0&quot;,&quot;credit&quot;:&quot;&quot;,&quot;camera&quot;:&quot;&quot;,&quot;caption&quot;:&quot;&quot;,&quot;created_timestamp&quot;:&quot;0&quot;,&quot;copyright&quot;:&quot;&quot;,&quot;focal_length&quot;:&quot;0&quot;,&quot;iso&quot;:&quot;0&quot;,&quot;shutter_speed&quot;:&quot;0&quot;,&quot;title&quot;:&quot;&quot;,&quot;orientation&quot;:&quot;0&quot;}\" data-image-title=\"\" data-image-description=\"\" data-medium-file=\"https:\/\/i0.wp.com\/www.jazzzeitung.de\/cms\/wp-content\/uploads\/2019\/07\/P1403596-Monty-Alexander-Foto-TJ-Krebs.jpg?fit=200%2C300&#038;ssl=1\" data-large-file=\"https:\/\/i0.wp.com\/www.jazzzeitung.de\/cms\/wp-content\/uploads\/2019\/07\/P1403596-Monty-Alexander-Foto-TJ-Krebs.jpg?fit=400%2C600&#038;ssl=1\" src=\"https:\/\/i0.wp.com\/www.jazzzeitung.de\/cms\/wp-content\/uploads\/2019\/07\/P1403596-Monty-Alexander-Foto-TJ-Krebs.jpg?w=276&#038;h=414&#038;ssl=1\" srcset=\"https:\/\/i0.wp.com\/www.jazzzeitung.de\/cms\/wp-content\/uploads\/2019\/07\/P1403596-Monty-Alexander-Foto-TJ-Krebs.jpg?w=1200&amp;ssl=1 1200w, https:\/\/i0.wp.com\/www.jazzzeitung.de\/cms\/wp-content\/uploads\/2019\/07\/P1403596-Monty-Alexander-Foto-TJ-Krebs.jpg?resize=200%2C300&amp;ssl=1 200w, https:\/\/i0.wp.com\/www.jazzzeitung.de\/cms\/wp-content\/uploads\/2019\/07\/P1403596-Monty-Alexander-Foto-TJ-Krebs.jpg?resize=768%2C1152&amp;ssl=1 768w, https:\/\/i0.wp.com\/www.jazzzeitung.de\/cms\/wp-content\/uploads\/2019\/07\/P1403596-Monty-Alexander-Foto-TJ-Krebs.jpg?resize=400%2C600&amp;ssl=1 400w\" width=\"276\" height=\"414\" loading=\"lazy\" data-original-width=\"276\" data-original-height=\"414\" itemprop=\"http:\/\/schema.org\/image\" title=\"\" alt=\"Foto: TJ-Krebs\" style=\"width: 276px; height: 414px;\" \/> <\/a> <div class=\"tiled-gallery-caption\" itemprop=\"caption description\"> Foto: TJ-Krebs <\/div> <\/div> <\/div> <!-- close group --> <div class=\"gallery-group images-1\" style=\"width: 280px; height: 418px;\" data-original-width=\"280\" data-original-height=\"418\" > <div class=\"tiled-gallery-item tiled-gallery-item-large\" itemprop=\"associatedMedia\" itemscope itemtype=\"http:\/\/schema.org\/ImageObject\"> <a href=\"https:\/\/www.jazzzeitung.de\/cms\/2019\/07\/monty-alexander-trio-clubkonzert-in-der-muenchner-unterfahrt\/p1403672-jj-shakur-foto-tj-krebs\/\" border=\"0\" itemprop=\"url\"> <meta itemprop=\"width\" content=\"276\"> <meta itemprop=\"height\" content=\"414\"> <img decoding=\"async\" class=\"\" data-attachment-id=\"20035\" data-orig-file=\"https:\/\/www.jazzzeitung.de\/cms\/wp-content\/uploads\/2019\/07\/P1403672-JJ-Shakur-Foto-TJ-Krebs.jpg\" data-orig-size=\"1200,1800\" data-comments-opened=\"1\" data-image-meta=\"{&quot;aperture&quot;:&quot;0&quot;,&quot;credit&quot;:&quot;&quot;,&quot;camera&quot;:&quot;&quot;,&quot;caption&quot;:&quot;&quot;,&quot;created_timestamp&quot;:&quot;0&quot;,&quot;copyright&quot;:&quot;&quot;,&quot;focal_length&quot;:&quot;0&quot;,&quot;iso&quot;:&quot;0&quot;,&quot;shutter_speed&quot;:&quot;0&quot;,&quot;title&quot;:&quot;&quot;,&quot;orientation&quot;:&quot;0&quot;}\" data-image-title=\"\" data-image-description=\"\" data-medium-file=\"https:\/\/i0.wp.com\/www.jazzzeitung.de\/cms\/wp-content\/uploads\/2019\/07\/P1403672-JJ-Shakur-Foto-TJ-Krebs.jpg?fit=200%2C300&#038;ssl=1\" data-large-file=\"https:\/\/i0.wp.com\/www.jazzzeitung.de\/cms\/wp-content\/uploads\/2019\/07\/P1403672-JJ-Shakur-Foto-TJ-Krebs.jpg?fit=400%2C600&#038;ssl=1\" src=\"https:\/\/i0.wp.com\/www.jazzzeitung.de\/cms\/wp-content\/uploads\/2019\/07\/P1403672-JJ-Shakur-Foto-TJ-Krebs.jpg?w=276&#038;h=414&#038;ssl=1\" srcset=\"https:\/\/i0.wp.com\/www.jazzzeitung.de\/cms\/wp-content\/uploads\/2019\/07\/P1403672-JJ-Shakur-Foto-TJ-Krebs.jpg?w=1200&amp;ssl=1 1200w, https:\/\/i0.wp.com\/www.jazzzeitung.de\/cms\/wp-content\/uploads\/2019\/07\/P1403672-JJ-Shakur-Foto-TJ-Krebs.jpg?resize=200%2C300&amp;ssl=1 200w, https:\/\/i0.wp.com\/www.jazzzeitung.de\/cms\/wp-content\/uploads\/2019\/07\/P1403672-JJ-Shakur-Foto-TJ-Krebs.jpg?resize=768%2C1152&amp;ssl=1 768w, https:\/\/i0.wp.com\/www.jazzzeitung.de\/cms\/wp-content\/uploads\/2019\/07\/P1403672-JJ-Shakur-Foto-TJ-Krebs.jpg?resize=400%2C600&amp;ssl=1 400w\" width=\"276\" height=\"414\" loading=\"lazy\" data-original-width=\"276\" data-original-height=\"414\" itemprop=\"http:\/\/schema.org\/image\" title=\"\" alt=\"JJ Shakur. Foto: TJ-Krebs\" style=\"width: 276px; height: 414px;\" \/> <\/a> <div class=\"tiled-gallery-caption\" itemprop=\"caption description\"> JJ Shakur. Foto: TJ-Krebs <\/div> <\/div> <\/div> <!-- close group --> <div class=\"gallery-group images-1\" style=\"width: 280px; height: 418px;\" data-original-width=\"280\" data-original-height=\"418\" > <div class=\"tiled-gallery-item tiled-gallery-item-large\" itemprop=\"associatedMedia\" itemscope itemtype=\"http:\/\/schema.org\/ImageObject\"> <a href=\"https:\/\/www.jazzzeitung.de\/cms\/2019\/07\/monty-alexander-trio-clubkonzert-in-der-muenchner-unterfahrt\/p1403724-monty-alexander-foto-tj-krebs\/\" border=\"0\" itemprop=\"url\"> <meta itemprop=\"width\" content=\"276\"> <meta itemprop=\"height\" content=\"414\"> <img decoding=\"async\" class=\"\" data-attachment-id=\"20036\" data-orig-file=\"https:\/\/www.jazzzeitung.de\/cms\/wp-content\/uploads\/2019\/07\/P1403724-Monty-Alexander-Foto-TJ-Krebs.jpg\" data-orig-size=\"1200,1800\" data-comments-opened=\"1\" data-image-meta=\"{&quot;aperture&quot;:&quot;0&quot;,&quot;credit&quot;:&quot;&quot;,&quot;camera&quot;:&quot;&quot;,&quot;caption&quot;:&quot;&quot;,&quot;created_timestamp&quot;:&quot;0&quot;,&quot;copyright&quot;:&quot;&quot;,&quot;focal_length&quot;:&quot;0&quot;,&quot;iso&quot;:&quot;0&quot;,&quot;shutter_speed&quot;:&quot;0&quot;,&quot;title&quot;:&quot;&quot;,&quot;orientation&quot;:&quot;0&quot;}\" data-image-title=\"\" data-image-description=\"\" data-medium-file=\"https:\/\/i0.wp.com\/www.jazzzeitung.de\/cms\/wp-content\/uploads\/2019\/07\/P1403724-Monty-Alexander-Foto-TJ-Krebs.jpg?fit=200%2C300&#038;ssl=1\" data-large-file=\"https:\/\/i0.wp.com\/www.jazzzeitung.de\/cms\/wp-content\/uploads\/2019\/07\/P1403724-Monty-Alexander-Foto-TJ-Krebs.jpg?fit=400%2C600&#038;ssl=1\" src=\"https:\/\/i0.wp.com\/www.jazzzeitung.de\/cms\/wp-content\/uploads\/2019\/07\/P1403724-Monty-Alexander-Foto-TJ-Krebs.jpg?w=276&#038;h=414&#038;ssl=1\" srcset=\"https:\/\/i0.wp.com\/www.jazzzeitung.de\/cms\/wp-content\/uploads\/2019\/07\/P1403724-Monty-Alexander-Foto-TJ-Krebs.jpg?w=1200&amp;ssl=1 1200w, https:\/\/i0.wp.com\/www.jazzzeitung.de\/cms\/wp-content\/uploads\/2019\/07\/P1403724-Monty-Alexander-Foto-TJ-Krebs.jpg?resize=200%2C300&amp;ssl=1 200w, https:\/\/i0.wp.com\/www.jazzzeitung.de\/cms\/wp-content\/uploads\/2019\/07\/P1403724-Monty-Alexander-Foto-TJ-Krebs.jpg?resize=768%2C1152&amp;ssl=1 768w, https:\/\/i0.wp.com\/www.jazzzeitung.de\/cms\/wp-content\/uploads\/2019\/07\/P1403724-Monty-Alexander-Foto-TJ-Krebs.jpg?resize=400%2C600&amp;ssl=1 400w\" width=\"276\" height=\"414\" loading=\"lazy\" data-original-width=\"276\" data-original-height=\"414\" itemprop=\"http:\/\/schema.org\/image\" title=\"\" alt=\"Foto: TJ-Krebs\" style=\"width: 276px; height: 414px;\" \/> <\/a> <div class=\"tiled-gallery-caption\" itemprop=\"caption description\"> Foto: TJ-Krebs <\/div> <\/div> <\/div> <!-- close group --> <\/div> <!-- close row --> <div class=\"gallery-row\" style=\"width: 840px; height: 281px;\" data-original-width=\"840\" data-original-height=\"281\" > <div class=\"gallery-group images-1\" style=\"width: 420px; height: 281px;\" data-original-width=\"420\" data-original-height=\"281\" > <div class=\"tiled-gallery-item tiled-gallery-item-large\" itemprop=\"associatedMedia\" itemscope itemtype=\"http:\/\/schema.org\/ImageObject\"> <a href=\"https:\/\/www.jazzzeitung.de\/cms\/2019\/07\/monty-alexander-trio-clubkonzert-in-der-muenchner-unterfahrt\/p1403734-monty-alexander-trio-foto-tj-krebs\/\" border=\"0\" itemprop=\"url\"> <meta itemprop=\"width\" content=\"416\"> <meta itemprop=\"height\" content=\"277\"> <img decoding=\"async\" class=\"\" data-attachment-id=\"20037\" data-orig-file=\"https:\/\/www.jazzzeitung.de\/cms\/wp-content\/uploads\/2019\/07\/P1403734-Monty-Alexander-Trio-Foto-TJ-Krebs.jpg\" data-orig-size=\"1800,1200\" data-comments-opened=\"1\" data-image-meta=\"{&quot;aperture&quot;:&quot;0&quot;,&quot;credit&quot;:&quot;&quot;,&quot;camera&quot;:&quot;&quot;,&quot;caption&quot;:&quot;&quot;,&quot;created_timestamp&quot;:&quot;0&quot;,&quot;copyright&quot;:&quot;&quot;,&quot;focal_length&quot;:&quot;0&quot;,&quot;iso&quot;:&quot;0&quot;,&quot;shutter_speed&quot;:&quot;0&quot;,&quot;title&quot;:&quot;&quot;,&quot;orientation&quot;:&quot;0&quot;}\" data-image-title=\"\" data-image-description=\"\" data-medium-file=\"https:\/\/i0.wp.com\/www.jazzzeitung.de\/cms\/wp-content\/uploads\/2019\/07\/P1403734-Monty-Alexander-Trio-Foto-TJ-Krebs.jpg?fit=300%2C200&#038;ssl=1\" data-large-file=\"https:\/\/i0.wp.com\/www.jazzzeitung.de\/cms\/wp-content\/uploads\/2019\/07\/P1403734-Monty-Alexander-Trio-Foto-TJ-Krebs.jpg?fit=840%2C560&#038;ssl=1\" src=\"https:\/\/i0.wp.com\/www.jazzzeitung.de\/cms\/wp-content\/uploads\/2019\/07\/P1403734-Monty-Alexander-Trio-Foto-TJ-Krebs.jpg?w=416&#038;h=277&#038;ssl=1\" srcset=\"https:\/\/i0.wp.com\/www.jazzzeitung.de\/cms\/wp-content\/uploads\/2019\/07\/P1403734-Monty-Alexander-Trio-Foto-TJ-Krebs.jpg?w=1800&amp;ssl=1 1800w, https:\/\/i0.wp.com\/www.jazzzeitung.de\/cms\/wp-content\/uploads\/2019\/07\/P1403734-Monty-Alexander-Trio-Foto-TJ-Krebs.jpg?resize=300%2C200&amp;ssl=1 300w, https:\/\/i0.wp.com\/www.jazzzeitung.de\/cms\/wp-content\/uploads\/2019\/07\/P1403734-Monty-Alexander-Trio-Foto-TJ-Krebs.jpg?resize=768%2C512&amp;ssl=1 768w, https:\/\/i0.wp.com\/www.jazzzeitung.de\/cms\/wp-content\/uploads\/2019\/07\/P1403734-Monty-Alexander-Trio-Foto-TJ-Krebs.jpg?resize=900%2C600&amp;ssl=1 900w, https:\/\/i0.wp.com\/www.jazzzeitung.de\/cms\/wp-content\/uploads\/2019\/07\/P1403734-Monty-Alexander-Trio-Foto-TJ-Krebs.jpg?resize=120%2C80&amp;ssl=1 120w, https:\/\/i0.wp.com\/www.jazzzeitung.de\/cms\/wp-content\/uploads\/2019\/07\/P1403734-Monty-Alexander-Trio-Foto-TJ-Krebs.jpg?resize=1320%2C880&amp;ssl=1 1320w, https:\/\/i0.wp.com\/www.jazzzeitung.de\/cms\/wp-content\/uploads\/2019\/07\/P1403734-Monty-Alexander-Trio-Foto-TJ-Krebs.jpg?w=1680&amp;ssl=1 1680w\" width=\"416\" height=\"277\" loading=\"lazy\" data-original-width=\"416\" data-original-height=\"277\" itemprop=\"http:\/\/schema.org\/image\" title=\"\" alt=\"Foto: TJ-Krebs\" style=\"width: 416px; height: 277px;\" \/> <\/a> <div class=\"tiled-gallery-caption\" itemprop=\"caption description\"> Foto: TJ-Krebs <\/div> <\/div> <\/div> <!-- close group --> <div class=\"gallery-group images-1\" style=\"width: 420px; height: 281px;\" data-original-width=\"420\" data-original-height=\"281\" > <div class=\"tiled-gallery-item tiled-gallery-item-large\" itemprop=\"associatedMedia\" itemscope itemtype=\"http:\/\/schema.org\/ImageObject\"> <a href=\"https:\/\/www.jazzzeitung.de\/cms\/2019\/07\/monty-alexander-trio-clubkonzert-in-der-muenchner-unterfahrt\/kind-of-setlist-foto-tj-krebs\/\" border=\"0\" itemprop=\"url\"> <meta itemprop=\"width\" content=\"416\"> <meta itemprop=\"height\" content=\"277\"> <img decoding=\"async\" class=\"\" data-attachment-id=\"20039\" data-orig-file=\"https:\/\/www.jazzzeitung.de\/cms\/wp-content\/uploads\/2019\/07\/Kind-of-setlist-Foto-TJ-Krebs.jpg\" data-orig-size=\"1800,1200\" data-comments-opened=\"1\" data-image-meta=\"{&quot;aperture&quot;:&quot;0&quot;,&quot;credit&quot;:&quot;&quot;,&quot;camera&quot;:&quot;&quot;,&quot;caption&quot;:&quot;&quot;,&quot;created_timestamp&quot;:&quot;0&quot;,&quot;copyright&quot;:&quot;&quot;,&quot;focal_length&quot;:&quot;0&quot;,&quot;iso&quot;:&quot;0&quot;,&quot;shutter_speed&quot;:&quot;0&quot;,&quot;title&quot;:&quot;&quot;,&quot;orientation&quot;:&quot;0&quot;}\" data-image-title=\"\" data-image-description=\"\" data-medium-file=\"https:\/\/i0.wp.com\/www.jazzzeitung.de\/cms\/wp-content\/uploads\/2019\/07\/Kind-of-setlist-Foto-TJ-Krebs.jpg?fit=300%2C200&#038;ssl=1\" data-large-file=\"https:\/\/i0.wp.com\/www.jazzzeitung.de\/cms\/wp-content\/uploads\/2019\/07\/Kind-of-setlist-Foto-TJ-Krebs.jpg?fit=840%2C560&#038;ssl=1\" src=\"https:\/\/i0.wp.com\/www.jazzzeitung.de\/cms\/wp-content\/uploads\/2019\/07\/Kind-of-setlist-Foto-TJ-Krebs.jpg?w=416&#038;h=277&#038;ssl=1\" srcset=\"https:\/\/i0.wp.com\/www.jazzzeitung.de\/cms\/wp-content\/uploads\/2019\/07\/Kind-of-setlist-Foto-TJ-Krebs.jpg?w=1800&amp;ssl=1 1800w, https:\/\/i0.wp.com\/www.jazzzeitung.de\/cms\/wp-content\/uploads\/2019\/07\/Kind-of-setlist-Foto-TJ-Krebs.jpg?resize=300%2C200&amp;ssl=1 300w, https:\/\/i0.wp.com\/www.jazzzeitung.de\/cms\/wp-content\/uploads\/2019\/07\/Kind-of-setlist-Foto-TJ-Krebs.jpg?resize=768%2C512&amp;ssl=1 768w, https:\/\/i0.wp.com\/www.jazzzeitung.de\/cms\/wp-content\/uploads\/2019\/07\/Kind-of-setlist-Foto-TJ-Krebs.jpg?resize=900%2C600&amp;ssl=1 900w, https:\/\/i0.wp.com\/www.jazzzeitung.de\/cms\/wp-content\/uploads\/2019\/07\/Kind-of-setlist-Foto-TJ-Krebs.jpg?resize=120%2C80&amp;ssl=1 120w, https:\/\/i0.wp.com\/www.jazzzeitung.de\/cms\/wp-content\/uploads\/2019\/07\/Kind-of-setlist-Foto-TJ-Krebs.jpg?resize=1320%2C880&amp;ssl=1 1320w, https:\/\/i0.wp.com\/www.jazzzeitung.de\/cms\/wp-content\/uploads\/2019\/07\/Kind-of-setlist-Foto-TJ-Krebs.jpg?w=1680&amp;ssl=1 1680w\" width=\"416\" height=\"277\" loading=\"lazy\" data-original-width=\"416\" data-original-height=\"277\" itemprop=\"http:\/\/schema.org\/image\" title=\"\" alt=\"Kind of setlist. Foto: TJ-Krebs\" style=\"width: 416px; height: 277px;\" \/> <\/a> <div class=\"tiled-gallery-caption\" itemprop=\"caption description\"> Kind of setlist. Foto: TJ-Krebs <\/div> <\/div> <\/div> <!-- close group --> <\/div> <!-- close row --> <\/div>\n<p>Das Publikum war restlos begeistert. Alles in allem ein mitrei\u00dfendes \u201eold-school-Piano-Konzert\u201c mit herrlichen \u00dcberraschungen und grandioser Stimmung auf der B\u00fchne wie im Publikum. Nach zwei Zugaben, Belafontes \u201eBa\u00ad\u00ad\u00adnana Boat Song\u201c und Hupfelds Klassiker \u201eAs Times Goes By\u201c in einer Reggae Version (!), gab es schlie\u00dflich Standing Ovations f\u00fcr einen unvergesslichen und aufregenden Piano-Trio-Abend im Jazzclub Unterfahrt mit dem Monty Alexander Trio.<\/p>\n<p>Text &amp; Fotos: Thomas J. Krebs<\/p>\n","protected":false},"excerpt":{"rendered":"<p>Das Monty Alexander Trio auf Tournee und das einzige Konzert in Deutschland: im M\u00fcnchner Jazzclub Unterfahrt! Das ist zweifellos etwas ganz Besonderes, und bereits im Vorwege waren alle gespannt auf den Abend, spielt Monty Alexander normalerweise eher in gro\u00dfen Konzerthallen oder auf Festivals als in Jazzclubs. Auf der B\u00fchne dann der klassische Aufbau, ein Steinway, Bass, Drumset und drei gediegene Herren im dunklen Anzug. Es dauerte keine zehn Minuten da war klar, wohin die musikalische Reise geht. An diesem Abend wurde hochkar\u00e4tiges Entertainment vom Feinsten pr\u00e4sentiert! Von Jazzstandards wie Duke Ellingtons \u201eLove You Madly\u201c \u00fcber Bob Marleys \u201eNo Woman, No Cry\u201c, Michel Legrands Evergreen \u201eSummer Of 42\u201c, Eigenkompositionen aus Monty Alexanders Feder, Stevie Wonders \u201eYour\u2019e The Sunshine of\u00a0 My Life\u201c oder Joaquin Rodrigos \u201eConcierto De Aranjuez\u201c, das Trio war immer in Bewegung, spielte inspiriert mit Verve und groovte was das Zeug hielt. Monty Alexander lie\u00df seinen Mitspielern, dem Bassisten JJ Shakur und Drummer Jason Brown, viel Platz f\u00fcr Soli, die ausgiebig genutzt und wiederum gespickt wurden mit Zitaten von Prince, Chic, Michael Jackson, Herbie Hancock oder der Rockgruppe Cream, dabei nie manieriert oder gek\u00fcnstelt, sondern &hellip;<\/p>\n","protected":false},"author":18,"featured_media":20038,"comment_status":"open","ping_status":"closed","sticky":false,"template":"","format":"standard","meta":{"_jetpack_memberships_contains_paid_content":false,"footnotes":"","jetpack_publicize_message":"","jetpack_publicize_feature_enabled":true,"jetpack_social_post_already_shared":false,"jetpack_social_options":{"image_generator_settings":{"template":"highway","default_image_id":0,"font":"","enabled":false},"version":2}},"categories":[633],"tags":[1763,137,682,1911,216,222,271,809,928,322,1418,1879,1541,2037,442,1176,1260,1095,1356,573],"coauthors":[695],"class_list":["post-20029","post","type-post","status-publish","format-standard","has-post-thumbnail","hentry","category-nachrichten","tag-bass","tag-deutschland","tag-festivals","tag-fotos","tag-hancock","tag-herbie-hancock","tag-jazzclub","tag-jazzclub-unterfahrt","tag-jazzclubs","tag-konzert-2","tag-krebs","tag-monty-alexander","tag-muenchner-jazzclub-unterfahrt","tag-muenchner-unterfahrt","tag-piano","tag-soli","tag-thomas-j-krebs","tag-tournee","tag-trio","tag-unterfahrt"],"yoast_head":"<!-- This site is optimized with the Yoast SEO plugin v27.5 - https:\/\/yoast.com\/product\/yoast-seo-wordpress\/ -->\n<title>Monty Alexander Trio - Clubkonzert in der M\u00fcnchner Unterfahrt - JazzZeitung<\/title>\n<meta name=\"robots\" content=\"index, follow, max-snippet:-1, max-image-preview:large, max-video-preview:-1\" \/>\n<link rel=\"canonical\" href=\"https:\/\/www.jazzzeitung.de\/cms\/2019\/07\/monty-alexander-trio-clubkonzert-in-der-muenchner-unterfahrt\/\" \/>\n<meta property=\"og:locale\" content=\"de_DE\" \/>\n<meta property=\"og:type\" content=\"article\" \/>\n<meta property=\"og:title\" content=\"Monty Alexander Trio - Clubkonzert in der M\u00fcnchner Unterfahrt - JazzZeitung\" \/>\n<meta property=\"og:description\" content=\"Das Monty Alexander Trio auf Tournee und das einzige Konzert in Deutschland: im M\u00fcnchner Jazzclub Unterfahrt! Das ist zweifellos etwas ganz Besonderes, und bereits im Vorwege waren alle gespannt auf den Abend, spielt Monty Alexander normalerweise eher in gro\u00dfen Konzerthallen oder auf Festivals als in Jazzclubs. Auf der B\u00fchne dann der klassische Aufbau, ein Steinway, Bass, Drumset und drei gediegene Herren im dunklen Anzug. Es dauerte keine zehn Minuten da war klar, wohin die musikalische Reise geht. An diesem Abend wurde hochkar\u00e4tiges Entertainment vom Feinsten pr\u00e4sentiert! Von Jazzstandards wie Duke Ellingtons \u201eLove You Madly\u201c \u00fcber Bob Marleys \u201eNo Woman, No Cry\u201c, Michel Legrands Evergreen \u201eSummer Of 42\u201c, Eigenkompositionen aus Monty Alexanders Feder, Stevie Wonders \u201eYour\u2019e The Sunshine of\u00a0 My Life\u201c oder Joaquin Rodrigos \u201eConcierto De Aranjuez\u201c, das Trio war immer in Bewegung, spielte inspiriert mit Verve und groovte was das Zeug hielt. Monty Alexander lie\u00df seinen Mitspielern, dem Bassisten JJ Shakur und Drummer Jason Brown, viel Platz f\u00fcr Soli, die ausgiebig genutzt und wiederum gespickt wurden mit Zitaten von Prince, Chic, Michael Jackson, Herbie Hancock oder der Rockgruppe Cream, dabei nie manieriert oder gek\u00fcnstelt, sondern &hellip;\" \/>\n<meta property=\"og:url\" content=\"https:\/\/www.jazzzeitung.de\/cms\/2019\/07\/monty-alexander-trio-clubkonzert-in-der-muenchner-unterfahrt\/\" \/>\n<meta property=\"og:site_name\" content=\"JazzZeitung\" \/>\n<meta property=\"article:publisher\" content=\"https:\/\/www.facebook.com\/JazzZeitung\/\" \/>\n<meta property=\"article:published_time\" content=\"2019-07-09T07:54:06+00:00\" \/>\n<meta property=\"og:image\" content=\"https:\/\/i0.wp.com\/www.jazzzeitung.de\/cms\/wp-content\/uploads\/2019\/07\/P1403866-Monty-Alexander-Foto-TJ-Krebs.jpg?fit=1800%2C1200&ssl=1\" \/>\n\t<meta property=\"og:image:width\" content=\"1800\" \/>\n\t<meta property=\"og:image:height\" content=\"1200\" \/>\n\t<meta property=\"og:image:type\" content=\"image\/jpeg\" \/>\n<meta name=\"author\" content=\"Redaktion JazzZeitung\" \/>\n<script type=\"application\/ld+json\" class=\"yoast-schema-graph\">{\"@context\":\"https:\\\/\\\/schema.org\",\"@graph\":[{\"@type\":\"Article\",\"@id\":\"https:\\\/\\\/www.jazzzeitung.de\\\/cms\\\/2019\\\/07\\\/monty-alexander-trio-clubkonzert-in-der-muenchner-unterfahrt\\\/#article\",\"isPartOf\":{\"@id\":\"https:\\\/\\\/www.jazzzeitung.de\\\/cms\\\/2019\\\/07\\\/monty-alexander-trio-clubkonzert-in-der-muenchner-unterfahrt\\\/\"},\"author\":{\"name\":\"Redaktion JazzZeitung\",\"@id\":\"https:\\\/\\\/www.jazzzeitung.de\\\/cms\\\/#\\\/schema\\\/person\\\/2245b36b9cd1d24cea10f01c031fb92b\"},\"headline\":\"Monty Alexander Trio &#8211; Clubkonzert in der M\u00fcnchner Unterfahrt\",\"datePublished\":\"2019-07-09T07:54:06+00:00\",\"mainEntityOfPage\":{\"@id\":\"https:\\\/\\\/www.jazzzeitung.de\\\/cms\\\/2019\\\/07\\\/monty-alexander-trio-clubkonzert-in-der-muenchner-unterfahrt\\\/\"},\"wordCount\":286,\"commentCount\":0,\"publisher\":{\"@id\":\"https:\\\/\\\/www.jazzzeitung.de\\\/cms\\\/#organization\"},\"image\":{\"@id\":\"https:\\\/\\\/www.jazzzeitung.de\\\/cms\\\/2019\\\/07\\\/monty-alexander-trio-clubkonzert-in-der-muenchner-unterfahrt\\\/#primaryimage\"},\"thumbnailUrl\":\"https:\\\/\\\/i0.wp.com\\\/www.jazzzeitung.de\\\/cms\\\/wp-content\\\/uploads\\\/2019\\\/07\\\/P1403866-Monty-Alexander-Foto-TJ-Krebs.jpg?fit=1800%2C1200&ssl=1\",\"keywords\":[\"Bass\",\"Deutschland\",\"Festivals\",\"Fotos\",\"Hancock\",\"Herbie Hancock\",\"Jazzclub\",\"Jazzclub Unterfahrt\",\"Jazzclubs\",\"Konzert\",\"krebs\",\"Monty Alexander\",\"M\u00fcnchner Jazzclub Unterfahrt\",\"M\u00fcnchner Unterfahrt\",\"Piano\",\"Soli\",\"Thomas J. Krebs\",\"Tournee\",\"trio\",\"Unterfahrt\"],\"articleSection\":[\"News\"],\"inLanguage\":\"de\",\"potentialAction\":[{\"@type\":\"CommentAction\",\"name\":\"Comment\",\"target\":[\"https:\\\/\\\/www.jazzzeitung.de\\\/cms\\\/2019\\\/07\\\/monty-alexander-trio-clubkonzert-in-der-muenchner-unterfahrt\\\/#respond\"]}]},{\"@type\":\"WebPage\",\"@id\":\"https:\\\/\\\/www.jazzzeitung.de\\\/cms\\\/2019\\\/07\\\/monty-alexander-trio-clubkonzert-in-der-muenchner-unterfahrt\\\/\",\"url\":\"https:\\\/\\\/www.jazzzeitung.de\\\/cms\\\/2019\\\/07\\\/monty-alexander-trio-clubkonzert-in-der-muenchner-unterfahrt\\\/\",\"name\":\"Monty Alexander Trio - Clubkonzert in der M\u00fcnchner Unterfahrt - JazzZeitung\",\"isPartOf\":{\"@id\":\"https:\\\/\\\/www.jazzzeitung.de\\\/cms\\\/#website\"},\"primaryImageOfPage\":{\"@id\":\"https:\\\/\\\/www.jazzzeitung.de\\\/cms\\\/2019\\\/07\\\/monty-alexander-trio-clubkonzert-in-der-muenchner-unterfahrt\\\/#primaryimage\"},\"image\":{\"@id\":\"https:\\\/\\\/www.jazzzeitung.de\\\/cms\\\/2019\\\/07\\\/monty-alexander-trio-clubkonzert-in-der-muenchner-unterfahrt\\\/#primaryimage\"},\"thumbnailUrl\":\"https:\\\/\\\/i0.wp.com\\\/www.jazzzeitung.de\\\/cms\\\/wp-content\\\/uploads\\\/2019\\\/07\\\/P1403866-Monty-Alexander-Foto-TJ-Krebs.jpg?fit=1800%2C1200&ssl=1\",\"datePublished\":\"2019-07-09T07:54:06+00:00\",\"breadcrumb\":{\"@id\":\"https:\\\/\\\/www.jazzzeitung.de\\\/cms\\\/2019\\\/07\\\/monty-alexander-trio-clubkonzert-in-der-muenchner-unterfahrt\\\/#breadcrumb\"},\"inLanguage\":\"de\",\"potentialAction\":[{\"@type\":\"ReadAction\",\"target\":[\"https:\\\/\\\/www.jazzzeitung.de\\\/cms\\\/2019\\\/07\\\/monty-alexander-trio-clubkonzert-in-der-muenchner-unterfahrt\\\/\"]}]},{\"@type\":\"ImageObject\",\"inLanguage\":\"de\",\"@id\":\"https:\\\/\\\/www.jazzzeitung.de\\\/cms\\\/2019\\\/07\\\/monty-alexander-trio-clubkonzert-in-der-muenchner-unterfahrt\\\/#primaryimage\",\"url\":\"https:\\\/\\\/i0.wp.com\\\/www.jazzzeitung.de\\\/cms\\\/wp-content\\\/uploads\\\/2019\\\/07\\\/P1403866-Monty-Alexander-Foto-TJ-Krebs.jpg?fit=1800%2C1200&ssl=1\",\"contentUrl\":\"https:\\\/\\\/i0.wp.com\\\/www.jazzzeitung.de\\\/cms\\\/wp-content\\\/uploads\\\/2019\\\/07\\\/P1403866-Monty-Alexander-Foto-TJ-Krebs.jpg?fit=1800%2C1200&ssl=1\",\"width\":1800,\"height\":1200,\"caption\":\"Monty Alexander. Foto: TJ-Krebs\"},{\"@type\":\"BreadcrumbList\",\"@id\":\"https:\\\/\\\/www.jazzzeitung.de\\\/cms\\\/2019\\\/07\\\/monty-alexander-trio-clubkonzert-in-der-muenchner-unterfahrt\\\/#breadcrumb\",\"itemListElement\":[{\"@type\":\"ListItem\",\"position\":1,\"name\":\"Startseite\",\"item\":\"https:\\\/\\\/www.jazzzeitung.de\\\/cms\\\/\"},{\"@type\":\"ListItem\",\"position\":2,\"name\":\"Monty Alexander Trio &#8211; Clubkonzert in der M\u00fcnchner Unterfahrt\"}]},{\"@type\":\"WebSite\",\"@id\":\"https:\\\/\\\/www.jazzzeitung.de\\\/cms\\\/#website\",\"url\":\"https:\\\/\\\/www.jazzzeitung.de\\\/cms\\\/\",\"name\":\"JazzZeitung\",\"description\":\"Jazz-News und Jazz-Kontroverses\",\"publisher\":{\"@id\":\"https:\\\/\\\/www.jazzzeitung.de\\\/cms\\\/#organization\"},\"potentialAction\":[{\"@type\":\"SearchAction\",\"target\":{\"@type\":\"EntryPoint\",\"urlTemplate\":\"https:\\\/\\\/www.jazzzeitung.de\\\/cms\\\/?s={search_term_string}\"},\"query-input\":{\"@type\":\"PropertyValueSpecification\",\"valueRequired\":true,\"valueName\":\"search_term_string\"}}],\"inLanguage\":\"de\"},{\"@type\":\"Organization\",\"@id\":\"https:\\\/\\\/www.jazzzeitung.de\\\/cms\\\/#organization\",\"name\":\"JazzZeitung online\",\"url\":\"https:\\\/\\\/www.jazzzeitung.de\\\/cms\\\/\",\"logo\":{\"@type\":\"ImageObject\",\"inLanguage\":\"de\",\"@id\":\"https:\\\/\\\/www.jazzzeitung.de\\\/cms\\\/#\\\/schema\\\/logo\\\/image\\\/\",\"url\":\"https:\\\/\\\/i0.wp.com\\\/www.jazzzeitung.de\\\/cms\\\/wp-content\\\/uploads\\\/2015\\\/08\\\/JAZZZEITUNGDE_Logo_Neu.png?fit=499%2C200&ssl=1\",\"contentUrl\":\"https:\\\/\\\/i0.wp.com\\\/www.jazzzeitung.de\\\/cms\\\/wp-content\\\/uploads\\\/2015\\\/08\\\/JAZZZEITUNGDE_Logo_Neu.png?fit=499%2C200&ssl=1\",\"width\":499,\"height\":200,\"caption\":\"JazzZeitung online\"},\"image\":{\"@id\":\"https:\\\/\\\/www.jazzzeitung.de\\\/cms\\\/#\\\/schema\\\/logo\\\/image\\\/\"},\"sameAs\":[\"https:\\\/\\\/www.facebook.com\\\/JazzZeitung\\\/\"]},{\"@type\":\"Person\",\"@id\":\"https:\\\/\\\/www.jazzzeitung.de\\\/cms\\\/#\\\/schema\\\/person\\\/2245b36b9cd1d24cea10f01c031fb92b\",\"name\":\"Redaktion JazzZeitung\",\"image\":{\"@type\":\"ImageObject\",\"inLanguage\":\"de\",\"@id\":\"https:\\\/\\\/i0.wp.com\\\/www.jazzzeitung.de\\\/cms\\\/wp-content\\\/uploads\\\/2015\\\/08\\\/JAZZZEITUNGDE_Logo_Neu.png?resize=96%2C96&ssl=159975dcacb611b5700bd619b5daf0a7a\",\"url\":\"https:\\\/\\\/i0.wp.com\\\/www.jazzzeitung.de\\\/cms\\\/wp-content\\\/uploads\\\/2015\\\/08\\\/JAZZZEITUNGDE_Logo_Neu.png?resize=96%2C96&ssl=1\",\"contentUrl\":\"https:\\\/\\\/i0.wp.com\\\/www.jazzzeitung.de\\\/cms\\\/wp-content\\\/uploads\\\/2015\\\/08\\\/JAZZZEITUNGDE_Logo_Neu.png?resize=96%2C96&ssl=1\",\"caption\":\"Redaktion JazzZeitung\"},\"description\":\"Artikel der Redaktion der JazzZeitung.\",\"sameAs\":[\"http:\\\/\\\/www.jazzzeitung.de\\\/cms\\\/\"],\"url\":\"https:\\\/\\\/www.jazzzeitung.de\\\/cms\\\/author\\\/redaktion\\\/\"}]}<\/script>\n<!-- \/ Yoast SEO plugin. -->","yoast_head_json":{"title":"Monty Alexander Trio - Clubkonzert in der M\u00fcnchner Unterfahrt - JazzZeitung","robots":{"index":"index","follow":"follow","max-snippet":"max-snippet:-1","max-image-preview":"max-image-preview:large","max-video-preview":"max-video-preview:-1"},"canonical":"https:\/\/www.jazzzeitung.de\/cms\/2019\/07\/monty-alexander-trio-clubkonzert-in-der-muenchner-unterfahrt\/","og_locale":"de_DE","og_type":"article","og_title":"Monty Alexander Trio - Clubkonzert in der M\u00fcnchner Unterfahrt - JazzZeitung","og_description":"Das Monty Alexander Trio auf Tournee und das einzige Konzert in Deutschland: im M\u00fcnchner Jazzclub Unterfahrt! Das ist zweifellos etwas ganz Besonderes, und bereits im Vorwege waren alle gespannt auf den Abend, spielt Monty Alexander normalerweise eher in gro\u00dfen Konzerthallen oder auf Festivals als in Jazzclubs. Auf der B\u00fchne dann der klassische Aufbau, ein Steinway, Bass, Drumset und drei gediegene Herren im dunklen Anzug. Es dauerte keine zehn Minuten da war klar, wohin die musikalische Reise geht. An diesem Abend wurde hochkar\u00e4tiges Entertainment vom Feinsten pr\u00e4sentiert! Von Jazzstandards wie Duke Ellingtons \u201eLove You Madly\u201c \u00fcber Bob Marleys \u201eNo Woman, No Cry\u201c, Michel Legrands Evergreen \u201eSummer Of 42\u201c, Eigenkompositionen aus Monty Alexanders Feder, Stevie Wonders \u201eYour\u2019e The Sunshine of\u00a0 My Life\u201c oder Joaquin Rodrigos \u201eConcierto De Aranjuez\u201c, das Trio war immer in Bewegung, spielte inspiriert mit Verve und groovte was das Zeug hielt. Monty Alexander lie\u00df seinen Mitspielern, dem Bassisten JJ Shakur und Drummer Jason Brown, viel Platz f\u00fcr Soli, die ausgiebig genutzt und wiederum gespickt wurden mit Zitaten von Prince, Chic, Michael Jackson, Herbie Hancock oder der Rockgruppe Cream, dabei nie manieriert oder gek\u00fcnstelt, sondern &hellip;","og_url":"https:\/\/www.jazzzeitung.de\/cms\/2019\/07\/monty-alexander-trio-clubkonzert-in-der-muenchner-unterfahrt\/","og_site_name":"JazzZeitung","article_publisher":"https:\/\/www.facebook.com\/JazzZeitung\/","article_published_time":"2019-07-09T07:54:06+00:00","og_image":[{"width":1800,"height":1200,"url":"https:\/\/i0.wp.com\/www.jazzzeitung.de\/cms\/wp-content\/uploads\/2019\/07\/P1403866-Monty-Alexander-Foto-TJ-Krebs.jpg?fit=1800%2C1200&ssl=1","type":"image\/jpeg"}],"author":"Redaktion JazzZeitung","schema":{"@context":"https:\/\/schema.org","@graph":[{"@type":"Article","@id":"https:\/\/www.jazzzeitung.de\/cms\/2019\/07\/monty-alexander-trio-clubkonzert-in-der-muenchner-unterfahrt\/#article","isPartOf":{"@id":"https:\/\/www.jazzzeitung.de\/cms\/2019\/07\/monty-alexander-trio-clubkonzert-in-der-muenchner-unterfahrt\/"},"author":{"name":"Redaktion JazzZeitung","@id":"https:\/\/www.jazzzeitung.de\/cms\/#\/schema\/person\/2245b36b9cd1d24cea10f01c031fb92b"},"headline":"Monty Alexander Trio &#8211; Clubkonzert in der M\u00fcnchner Unterfahrt","datePublished":"2019-07-09T07:54:06+00:00","mainEntityOfPage":{"@id":"https:\/\/www.jazzzeitung.de\/cms\/2019\/07\/monty-alexander-trio-clubkonzert-in-der-muenchner-unterfahrt\/"},"wordCount":286,"commentCount":0,"publisher":{"@id":"https:\/\/www.jazzzeitung.de\/cms\/#organization"},"image":{"@id":"https:\/\/www.jazzzeitung.de\/cms\/2019\/07\/monty-alexander-trio-clubkonzert-in-der-muenchner-unterfahrt\/#primaryimage"},"thumbnailUrl":"https:\/\/i0.wp.com\/www.jazzzeitung.de\/cms\/wp-content\/uploads\/2019\/07\/P1403866-Monty-Alexander-Foto-TJ-Krebs.jpg?fit=1800%2C1200&ssl=1","keywords":["Bass","Deutschland","Festivals","Fotos","Hancock","Herbie Hancock","Jazzclub","Jazzclub Unterfahrt","Jazzclubs","Konzert","krebs","Monty Alexander","M\u00fcnchner Jazzclub Unterfahrt","M\u00fcnchner Unterfahrt","Piano","Soli","Thomas J. Krebs","Tournee","trio","Unterfahrt"],"articleSection":["News"],"inLanguage":"de","potentialAction":[{"@type":"CommentAction","name":"Comment","target":["https:\/\/www.jazzzeitung.de\/cms\/2019\/07\/monty-alexander-trio-clubkonzert-in-der-muenchner-unterfahrt\/#respond"]}]},{"@type":"WebPage","@id":"https:\/\/www.jazzzeitung.de\/cms\/2019\/07\/monty-alexander-trio-clubkonzert-in-der-muenchner-unterfahrt\/","url":"https:\/\/www.jazzzeitung.de\/cms\/2019\/07\/monty-alexander-trio-clubkonzert-in-der-muenchner-unterfahrt\/","name":"Monty Alexander Trio - Clubkonzert in der M\u00fcnchner Unterfahrt - JazzZeitung","isPartOf":{"@id":"https:\/\/www.jazzzeitung.de\/cms\/#website"},"primaryImageOfPage":{"@id":"https:\/\/www.jazzzeitung.de\/cms\/2019\/07\/monty-alexander-trio-clubkonzert-in-der-muenchner-unterfahrt\/#primaryimage"},"image":{"@id":"https:\/\/www.jazzzeitung.de\/cms\/2019\/07\/monty-alexander-trio-clubkonzert-in-der-muenchner-unterfahrt\/#primaryimage"},"thumbnailUrl":"https:\/\/i0.wp.com\/www.jazzzeitung.de\/cms\/wp-content\/uploads\/2019\/07\/P1403866-Monty-Alexander-Foto-TJ-Krebs.jpg?fit=1800%2C1200&ssl=1","datePublished":"2019-07-09T07:54:06+00:00","breadcrumb":{"@id":"https:\/\/www.jazzzeitung.de\/cms\/2019\/07\/monty-alexander-trio-clubkonzert-in-der-muenchner-unterfahrt\/#breadcrumb"},"inLanguage":"de","potentialAction":[{"@type":"ReadAction","target":["https:\/\/www.jazzzeitung.de\/cms\/2019\/07\/monty-alexander-trio-clubkonzert-in-der-muenchner-unterfahrt\/"]}]},{"@type":"ImageObject","inLanguage":"de","@id":"https:\/\/www.jazzzeitung.de\/cms\/2019\/07\/monty-alexander-trio-clubkonzert-in-der-muenchner-unterfahrt\/#primaryimage","url":"https:\/\/i0.wp.com\/www.jazzzeitung.de\/cms\/wp-content\/uploads\/2019\/07\/P1403866-Monty-Alexander-Foto-TJ-Krebs.jpg?fit=1800%2C1200&ssl=1","contentUrl":"https:\/\/i0.wp.com\/www.jazzzeitung.de\/cms\/wp-content\/uploads\/2019\/07\/P1403866-Monty-Alexander-Foto-TJ-Krebs.jpg?fit=1800%2C1200&ssl=1","width":1800,"height":1200,"caption":"Monty Alexander. Foto: TJ-Krebs"},{"@type":"BreadcrumbList","@id":"https:\/\/www.jazzzeitung.de\/cms\/2019\/07\/monty-alexander-trio-clubkonzert-in-der-muenchner-unterfahrt\/#breadcrumb","itemListElement":[{"@type":"ListItem","position":1,"name":"Startseite","item":"https:\/\/www.jazzzeitung.de\/cms\/"},{"@type":"ListItem","position":2,"name":"Monty Alexander Trio &#8211; Clubkonzert in der M\u00fcnchner Unterfahrt"}]},{"@type":"WebSite","@id":"https:\/\/www.jazzzeitung.de\/cms\/#website","url":"https:\/\/www.jazzzeitung.de\/cms\/","name":"JazzZeitung","description":"Jazz-News und Jazz-Kontroverses","publisher":{"@id":"https:\/\/www.jazzzeitung.de\/cms\/#organization"},"potentialAction":[{"@type":"SearchAction","target":{"@type":"EntryPoint","urlTemplate":"https:\/\/www.jazzzeitung.de\/cms\/?s={search_term_string}"},"query-input":{"@type":"PropertyValueSpecification","valueRequired":true,"valueName":"search_term_string"}}],"inLanguage":"de"},{"@type":"Organization","@id":"https:\/\/www.jazzzeitung.de\/cms\/#organization","name":"JazzZeitung online","url":"https:\/\/www.jazzzeitung.de\/cms\/","logo":{"@type":"ImageObject","inLanguage":"de","@id":"https:\/\/www.jazzzeitung.de\/cms\/#\/schema\/logo\/image\/","url":"https:\/\/i0.wp.com\/www.jazzzeitung.de\/cms\/wp-content\/uploads\/2015\/08\/JAZZZEITUNGDE_Logo_Neu.png?fit=499%2C200&ssl=1","contentUrl":"https:\/\/i0.wp.com\/www.jazzzeitung.de\/cms\/wp-content\/uploads\/2015\/08\/JAZZZEITUNGDE_Logo_Neu.png?fit=499%2C200&ssl=1","width":499,"height":200,"caption":"JazzZeitung online"},"image":{"@id":"https:\/\/www.jazzzeitung.de\/cms\/#\/schema\/logo\/image\/"},"sameAs":["https:\/\/www.facebook.com\/JazzZeitung\/"]},{"@type":"Person","@id":"https:\/\/www.jazzzeitung.de\/cms\/#\/schema\/person\/2245b36b9cd1d24cea10f01c031fb92b","name":"Redaktion JazzZeitung","image":{"@type":"ImageObject","inLanguage":"de","@id":"https:\/\/i0.wp.com\/www.jazzzeitung.de\/cms\/wp-content\/uploads\/2015\/08\/JAZZZEITUNGDE_Logo_Neu.png?resize=96%2C96&ssl=159975dcacb611b5700bd619b5daf0a7a","url":"https:\/\/i0.wp.com\/www.jazzzeitung.de\/cms\/wp-content\/uploads\/2015\/08\/JAZZZEITUNGDE_Logo_Neu.png?resize=96%2C96&ssl=1","contentUrl":"https:\/\/i0.wp.com\/www.jazzzeitung.de\/cms\/wp-content\/uploads\/2015\/08\/JAZZZEITUNGDE_Logo_Neu.png?resize=96%2C96&ssl=1","caption":"Redaktion JazzZeitung"},"description":"Artikel der Redaktion der JazzZeitung.","sameAs":["http:\/\/www.jazzzeitung.de\/cms\/"],"url":"https:\/\/www.jazzzeitung.de\/cms\/author\/redaktion\/"}]}},"wp-worthy-pixel":{"ignored":false,"public":null,"server":null,"url":null},"wp-worthy-type":"normal","jetpack_publicize_connections":[],"cc_featured_image_caption":{"caption_text":"","source_text":"","source_url":""},"jetpack_featured_media_url":"https:\/\/i0.wp.com\/www.jazzzeitung.de\/cms\/wp-content\/uploads\/2019\/07\/P1403866-Monty-Alexander-Foto-TJ-Krebs.jpg?fit=1800%2C1200&ssl=1","jetpack_shortlink":"https:\/\/wp.me\/p3KEcT-5d3","jetpack-related-posts":[{"id":14892,"url":"https:\/\/www.jazzzeitung.de\/cms\/2018\/01\/iiro-rantala-trio-jazzclub-unterfahrt\/","url_meta":{"origin":20029,"position":0},"title":"Iiro Rantala Trio begeistert im Jazzclub Unterfahrt","author":"Thomas J. Krebs","date":"29. Januar 2018","format":false,"excerpt":"Ein mitrei\u00dfendes Piano-Trio Feuerwerk z\u00fcndete der finnische Pianist Iiro Rantala vergangenen Mittwoch mit Dan Berglund am Bass und dem Schlagzeuger Morten Lund in der M\u00fcnchner Unterfahrt. Im ersten durchgehenden Set spielte das Trio eine Standards-Auswahl (\u2026ab sofort geh\u00f6rt Keith Jarretts \u201eSo Tender\u201c zum Great American Songbook), w\u00e4hrend sie im zweiten\u2026","rel":"","context":"In &quot;Galerie&quot;","block_context":{"text":"Galerie","link":"https:\/\/www.jazzzeitung.de\/cms\/thema\/galerie\/"},"img":{"alt_text":"","src":"https:\/\/i0.wp.com\/www.jazzzeitung.de\/cms\/wp-content\/uploads\/2018\/01\/Rantala-3-Foto-TJ-Krebs-jazzphotoagency%40web.de_.jpg?fit=1200%2C800&ssl=1&resize=350%2C200","width":350,"height":200,"srcset":"https:\/\/i0.wp.com\/www.jazzzeitung.de\/cms\/wp-content\/uploads\/2018\/01\/Rantala-3-Foto-TJ-Krebs-jazzphotoagency%40web.de_.jpg?fit=1200%2C800&ssl=1&resize=350%2C200 1x, https:\/\/i0.wp.com\/www.jazzzeitung.de\/cms\/wp-content\/uploads\/2018\/01\/Rantala-3-Foto-TJ-Krebs-jazzphotoagency%40web.de_.jpg?fit=1200%2C800&ssl=1&resize=525%2C300 1.5x, https:\/\/i0.wp.com\/www.jazzzeitung.de\/cms\/wp-content\/uploads\/2018\/01\/Rantala-3-Foto-TJ-Krebs-jazzphotoagency%40web.de_.jpg?fit=1200%2C800&ssl=1&resize=700%2C400 2x, https:\/\/i0.wp.com\/www.jazzzeitung.de\/cms\/wp-content\/uploads\/2018\/01\/Rantala-3-Foto-TJ-Krebs-jazzphotoagency%40web.de_.jpg?fit=1200%2C800&ssl=1&resize=1050%2C600 3x"},"classes":[]},{"id":15190,"url":"https:\/\/www.jazzzeitung.de\/cms\/2018\/03\/ramon-valle-live-im-jazzclub-untefahrt\/","url_meta":{"origin":20029,"position":1},"title":"Ram\u00f3n Valle heizt im M\u00fcnchner Jazzclub Unterfahrt ein","author":"Thomas J. Krebs","date":"1. M\u00e4rz 2018","format":false,"excerpt":"Drau\u00dfen vor der T\u00fcr satte zweistellige Minusgrade, drinnen im Club karibische Hitze und kubanische Rhythmen. Der 1964 in Holguin auf Kuba geborene Pianist Ram\u00f3n Valle z\u00fcndete ein mitrei\u00dfendes musikalisches Feuerwerk mit seinem langj\u00e4hrigen Begleiter Omar Rodriguez Calvo am Bass und dem inspirierten Schlagzeuger Jamie Peet. Da wippten die F\u00fc\u00dfe zum\u2026","rel":"","context":"In &quot;Bericht&quot;","block_context":{"text":"Bericht","link":"https:\/\/www.jazzzeitung.de\/cms\/thema\/bericht\/"},"img":{"alt_text":"","src":"https:\/\/i0.wp.com\/www.jazzzeitung.de\/cms\/wp-content\/uploads\/2018\/03\/P1056141-Valle-Trio-Foto-TJ-Krebs-jazzphotoagency%40web.de_.jpg?fit=1200%2C800&ssl=1&resize=350%2C200","width":350,"height":200,"srcset":"https:\/\/i0.wp.com\/www.jazzzeitung.de\/cms\/wp-content\/uploads\/2018\/03\/P1056141-Valle-Trio-Foto-TJ-Krebs-jazzphotoagency%40web.de_.jpg?fit=1200%2C800&ssl=1&resize=350%2C200 1x, https:\/\/i0.wp.com\/www.jazzzeitung.de\/cms\/wp-content\/uploads\/2018\/03\/P1056141-Valle-Trio-Foto-TJ-Krebs-jazzphotoagency%40web.de_.jpg?fit=1200%2C800&ssl=1&resize=525%2C300 1.5x, https:\/\/i0.wp.com\/www.jazzzeitung.de\/cms\/wp-content\/uploads\/2018\/03\/P1056141-Valle-Trio-Foto-TJ-Krebs-jazzphotoagency%40web.de_.jpg?fit=1200%2C800&ssl=1&resize=700%2C400 2x, https:\/\/i0.wp.com\/www.jazzzeitung.de\/cms\/wp-content\/uploads\/2018\/03\/P1056141-Valle-Trio-Foto-TJ-Krebs-jazzphotoagency%40web.de_.jpg?fit=1200%2C800&ssl=1&resize=1050%2C600 3x"},"classes":[]},{"id":18055,"url":"https:\/\/www.jazzzeitung.de\/cms\/2018\/12\/das-trio-escape-argot-im-jazzclub-unterfahrt\/","url_meta":{"origin":20029,"position":2},"title":"Das Trio &#8222;Escape Argot&#8220; im Jazzclub Unterfahrt","author":"Redaktion JazzZeitung","date":"9. Dezember 2018","format":false,"excerpt":"Da wird sich so manch einer im Nachhinein \u00e4rgern, diesen fantastischen Gig verpasst zu haben. Die Schweiz zu Gast im M\u00fcnchner Jazzclub Unterfahrt: der Schlagzeuger Christoph Steiner (\u201eHildegard lernt fliegen\u201c) entwickelt mit dem Trio \"Escape Argot\" zusammen mit Pianist Florian Favre und Christoph Grab am Saxophon eine eigene Klangsprache. Favre\u2026","rel":"","context":"In &quot;Bericht&quot;","block_context":{"text":"Bericht","link":"https:\/\/www.jazzzeitung.de\/cms\/thema\/bericht\/"},"img":{"alt_text":"","src":"https:\/\/i0.wp.com\/www.jazzzeitung.de\/cms\/wp-content\/uploads\/2018\/12\/Florian-Favre-H%C3%A4nde-Foto-TJ-Krebs-jazzphotoagency%40web.de_.jpg?fit=1200%2C800&ssl=1&resize=350%2C200","width":350,"height":200,"srcset":"https:\/\/i0.wp.com\/www.jazzzeitung.de\/cms\/wp-content\/uploads\/2018\/12\/Florian-Favre-H%C3%A4nde-Foto-TJ-Krebs-jazzphotoagency%40web.de_.jpg?fit=1200%2C800&ssl=1&resize=350%2C200 1x, https:\/\/i0.wp.com\/www.jazzzeitung.de\/cms\/wp-content\/uploads\/2018\/12\/Florian-Favre-H%C3%A4nde-Foto-TJ-Krebs-jazzphotoagency%40web.de_.jpg?fit=1200%2C800&ssl=1&resize=525%2C300 1.5x, https:\/\/i0.wp.com\/www.jazzzeitung.de\/cms\/wp-content\/uploads\/2018\/12\/Florian-Favre-H%C3%A4nde-Foto-TJ-Krebs-jazzphotoagency%40web.de_.jpg?fit=1200%2C800&ssl=1&resize=700%2C400 2x, https:\/\/i0.wp.com\/www.jazzzeitung.de\/cms\/wp-content\/uploads\/2018\/12\/Florian-Favre-H%C3%A4nde-Foto-TJ-Krebs-jazzphotoagency%40web.de_.jpg?fit=1200%2C800&ssl=1&resize=1050%2C600 3x"},"classes":[]},{"id":10943,"url":"https:\/\/www.jazzzeitung.de\/cms\/2016\/11\/galerie-julian-lage-trio-in-der-muenchner-unterfahrt\/","url_meta":{"origin":20029,"position":3},"title":"Galerie: Julian Lage Trio in der M\u00fcnchner Unterfahrt","author":"Redaktion JazzZeitung","date":"13. November 2016","format":false,"excerpt":"Bluegrass, Country, Jazz, klassische Musik und vieles mehr findet sich in der Musik des amerikanischen Gitarristen Julian Lage aufs Friedlichste vereint. Gelernt hat er unter anderem in \u201eGary Burton's Next Generation Quintet\u201c und reiht sich damit in die Reihe der Weltklasse-Gitarristen ein, die von Burton \"entdeckt\" wurden: Pat Metheny, John\u2026","rel":"","context":"In &quot;Galerie&quot;","block_context":{"text":"Galerie","link":"https:\/\/www.jazzzeitung.de\/cms\/thema\/galerie\/"},"img":{"alt_text":"","src":"https:\/\/i0.wp.com\/www.jazzzeitung.de\/cms\/wp-content\/uploads\/2016\/11\/0K3A4453-Doob-dombr.jpg?resize=350%2C200","width":350,"height":200,"srcset":"https:\/\/i0.wp.com\/www.jazzzeitung.de\/cms\/wp-content\/uploads\/2016\/11\/0K3A4453-Doob-dombr.jpg?resize=350%2C200 1x, https:\/\/i0.wp.com\/www.jazzzeitung.de\/cms\/wp-content\/uploads\/2016\/11\/0K3A4453-Doob-dombr.jpg?resize=525%2C300 1.5x, https:\/\/i0.wp.com\/www.jazzzeitung.de\/cms\/wp-content\/uploads\/2016\/11\/0K3A4453-Doob-dombr.jpg?resize=700%2C400 2x, https:\/\/i0.wp.com\/www.jazzzeitung.de\/cms\/wp-content\/uploads\/2016\/11\/0K3A4453-Doob-dombr.jpg?resize=1050%2C600 3x"},"classes":[]},{"id":14958,"url":"https:\/\/www.jazzzeitung.de\/cms\/2018\/02\/cd-rezension-und-konzert-tipp-chris-gall-trio-cosmic-playground\/","url_meta":{"origin":20029,"position":4},"title":"CD-Rezension und Konzert-Tipp: Chris Gall Trio &#8211; Cosmic Playground","author":"Thomas J. Krebs","date":"2. Februar 2018","format":false,"excerpt":"\u201eCosmic Playgrund\u201d, die neue Trio CD des Pianisten Chris Gall, ist auf eine besondere Weise eine \u201efamily affair\u201d, begleitet am Schlagzeug von seinem j\u00fcngeren Bruder Peter Gall (der bereits an den ersten Vorg\u00e4ngeralben mitbeteiligt war) und dem M\u00fcnchner Ausnahmebassisten Henning Sieverts. Die drei kennen sich seit Jahren, musizieren und arbeiten\u2026","rel":"","context":"In &quot;News&quot;","block_context":{"text":"News","link":"https:\/\/www.jazzzeitung.de\/cms\/thema\/nachrichten\/"},"img":{"alt_text":"","src":"https:\/\/i0.wp.com\/www.jazzzeitung.de\/cms\/wp-content\/uploads\/2018\/01\/CD-Cover-Cosmic-playground.jpg?fit=1200%2C1200&ssl=1&resize=350%2C200","width":350,"height":200,"srcset":"https:\/\/i0.wp.com\/www.jazzzeitung.de\/cms\/wp-content\/uploads\/2018\/01\/CD-Cover-Cosmic-playground.jpg?fit=1200%2C1200&ssl=1&resize=350%2C200 1x, https:\/\/i0.wp.com\/www.jazzzeitung.de\/cms\/wp-content\/uploads\/2018\/01\/CD-Cover-Cosmic-playground.jpg?fit=1200%2C1200&ssl=1&resize=525%2C300 1.5x, https:\/\/i0.wp.com\/www.jazzzeitung.de\/cms\/wp-content\/uploads\/2018\/01\/CD-Cover-Cosmic-playground.jpg?fit=1200%2C1200&ssl=1&resize=700%2C400 2x, https:\/\/i0.wp.com\/www.jazzzeitung.de\/cms\/wp-content\/uploads\/2018\/01\/CD-Cover-Cosmic-playground.jpg?fit=1200%2C1200&ssl=1&resize=1050%2C600 3x"},"classes":[]},{"id":11266,"url":"https:\/\/www.jazzzeitung.de\/cms\/2016\/12\/galerie-luciano-biondini-quartett-live-im-muenchner-jazzclub-unterfahrt\/","url_meta":{"origin":20029,"position":5},"title":"Galerie: Luciano Biondini Quartett live im M\u00fcnchner Jazzclub Unterfahrt","author":"Redaktion JazzZeitung","date":"11. Dezember 2016","format":false,"excerpt":"Das Luciano Biondini Quartett live im M\u00fcnchner Jazzclub Unterfahrt mit ihrem Programm \u201eCinema - The music of Nino Rota and Ennio Morricone\u201c. Luciano Biondini und Rosario Giuliani \u00fcberzeugten mit unglaublich frischem, innovativem Spiel. Enzo Pietropaoli am Bass begleitete genial und Michele Rabbia zauberte mit diversen Utensilien Rhythmen und Sounds. So\u2026","rel":"","context":"In &quot;Galerie&quot;","block_context":{"text":"Galerie","link":"https:\/\/www.jazzzeitung.de\/cms\/thema\/galerie\/"},"img":{"alt_text":"","src":"https:\/\/i0.wp.com\/www.jazzzeitung.de\/cms\/wp-content\/uploads\/2016\/12\/P1120683-Luciano-Biondini-Foto-TJ-Krebs.jpg?resize=350%2C200","width":350,"height":200,"srcset":"https:\/\/i0.wp.com\/www.jazzzeitung.de\/cms\/wp-content\/uploads\/2016\/12\/P1120683-Luciano-Biondini-Foto-TJ-Krebs.jpg?resize=350%2C200 1x, https:\/\/i0.wp.com\/www.jazzzeitung.de\/cms\/wp-content\/uploads\/2016\/12\/P1120683-Luciano-Biondini-Foto-TJ-Krebs.jpg?resize=525%2C300 1.5x, https:\/\/i0.wp.com\/www.jazzzeitung.de\/cms\/wp-content\/uploads\/2016\/12\/P1120683-Luciano-Biondini-Foto-TJ-Krebs.jpg?resize=700%2C400 2x, https:\/\/i0.wp.com\/www.jazzzeitung.de\/cms\/wp-content\/uploads\/2016\/12\/P1120683-Luciano-Biondini-Foto-TJ-Krebs.jpg?resize=1050%2C600 3x, https:\/\/i0.wp.com\/www.jazzzeitung.de\/cms\/wp-content\/uploads\/2016\/12\/P1120683-Luciano-Biondini-Foto-TJ-Krebs.jpg?resize=1400%2C800 4x"},"classes":[]}],"jetpack_sharing_enabled":true,"_links":{"self":[{"href":"https:\/\/www.jazzzeitung.de\/cms\/wp-json\/wp\/v2\/posts\/20029","targetHints":{"allow":["GET"]}}],"collection":[{"href":"https:\/\/www.jazzzeitung.de\/cms\/wp-json\/wp\/v2\/posts"}],"about":[{"href":"https:\/\/www.jazzzeitung.de\/cms\/wp-json\/wp\/v2\/types\/post"}],"author":[{"embeddable":true,"href":"https:\/\/www.jazzzeitung.de\/cms\/wp-json\/wp\/v2\/users\/18"}],"replies":[{"embeddable":true,"href":"https:\/\/www.jazzzeitung.de\/cms\/wp-json\/wp\/v2\/comments?post=20029"}],"version-history":[{"count":2,"href":"https:\/\/www.jazzzeitung.de\/cms\/wp-json\/wp\/v2\/posts\/20029\/revisions"}],"predecessor-version":[{"id":20041,"href":"https:\/\/www.jazzzeitung.de\/cms\/wp-json\/wp\/v2\/posts\/20029\/revisions\/20041"}],"wp:featuredmedia":[{"embeddable":true,"href":"https:\/\/www.jazzzeitung.de\/cms\/wp-json\/wp\/v2\/media\/20038"}],"wp:attachment":[{"href":"https:\/\/www.jazzzeitung.de\/cms\/wp-json\/wp\/v2\/media?parent=20029"}],"wp:term":[{"taxonomy":"category","embeddable":true,"href":"https:\/\/www.jazzzeitung.de\/cms\/wp-json\/wp\/v2\/categories?post=20029"},{"taxonomy":"post_tag","embeddable":true,"href":"https:\/\/www.jazzzeitung.de\/cms\/wp-json\/wp\/v2\/tags?post=20029"},{"taxonomy":"author","embeddable":true,"href":"https:\/\/www.jazzzeitung.de\/cms\/wp-json\/wp\/v2\/coauthors?post=20029"}],"curies":[{"name":"wp","href":"https:\/\/api.w.org\/{rel}","templated":true}]}}