{"id":20,"date":"2010-04-12T14:37:44","date_gmt":"2010-04-12T13:37:44","guid":{"rendered":"http:\/\/blogs.nmz.de\/jazz\/?p=20"},"modified":"2015-09-14T16:53:19","modified_gmt":"2015-09-14T14:53:19","slug":"herbie-hancock-feiert-seinen-70-geburtstag-und-schenkt-der-welt-etwas","status":"publish","type":"post","link":"https:\/\/www.jazzzeitung.de\/cms\/2010\/04\/herbie-hancock-feiert-seinen-70-geburtstag-und-schenkt-der-welt-etwas\/","title":{"rendered":"Herbie Hancock feiert seinen 70. Geburtstag und schenkt der Welt etwas"},"content":{"rendered":"<figure style=\"width: 172px\" class=\"wp-caption alignright\"><img data-recalc-dims=\"1\" loading=\"lazy\" decoding=\"async\" title=\"\u201eIch wollte nie ein Purist sein\u201c: Herbie Hancock. Foto: Matthias Creutziger\" src=\"https:\/\/i0.wp.com\/www.jazzzeitung.de\/jazz\/2005\/04\/portrait-hancock-small.jpg?resize=172%2C209\" alt=\"\u201eIch wollte nie ein Purist sein\u201c: Herbie Hancock. Foto: Matthias Creutziger\" width=\"172\" height=\"209\" \/><figcaption class=\"wp-caption-text\">\u201eIch wollte nie ein Purist sein\u201c: Herbie Hancock. Foto: Matthias Creutziger<\/figcaption><\/figure>\n<p>Gro\u00dfe Schatten werfen ihre mp3s voraus. So k\u00f6nnte man sagen. Anl\u00e4sslich seines Jubil\u00e4ums verschenkt Herbie Hancock aus seiner neuen CD einen Track f\u00fcr nix. Naja, f\u00fcr fast nix. <a href=\"http:\/\/www.herbiehancock.com\/\">Eine Email-Adresse muss man schon hinterlassen<\/a>. Eine W\u00e4hrung, die unbestimmt erscheint aber selbst in der Kostenlos-Zeit des Internets auch seinen Preis hat, gewiss.<\/p>\n<p>Ein bisschen traurig bei diesem St\u00fcck, dass relativ wenig Herbie Hancock drauf ist. Aber daf\u00fcr viel anderes.<\/p>\n<p>Herzlichen Gl\u00fcckwunsch allemal. Mann wie die Zeit doch vergeht.<\/p>\n<p>Will man noch etwas zum Thema aus der Jazzzeitung lesen, empfehle ich <a href=\"http:\/\/www.jazzzeitung.de\/jazz\/2004\/02\/portrait-hancock.shtml\" target=\"_blank\">&#8222;Neues von Herbie Hancock&#8220;<\/a>, auch wenn der Artikel von 2004 ist. Eine h\u00fcbsche Hommage von Hans-J\u00fcrgen von Osterhausen.<\/p>\n","protected":false},"excerpt":{"rendered":"<p>Gro\u00dfe Schatten werfen ihre mp3s voraus. So k\u00f6nnte man sagen. Anl\u00e4sslich seines Jubil\u00e4ums verschenkt Herbie Hancock aus seiner neuen CD einen Track f\u00fcr nix. Naja, f\u00fcr fast nix. Eine Email-Adresse muss man schon hinterlassen. Eine W\u00e4hrung, die unbestimmt erscheint aber selbst in der Kostenlos-Zeit des Internets auch seinen Preis hat, gewiss. Ein bisschen traurig bei diesem St\u00fcck, dass relativ wenig Herbie Hancock drauf ist. Aber daf\u00fcr viel anderes. Herzlichen Gl\u00fcckwunsch allemal. Mann wie die Zeit doch vergeht. Will man noch etwas zum Thema aus der Jazzzeitung lesen, empfehle ich &#8222;Neues von Herbie Hancock&#8220;, auch wenn der Artikel von 2004 ist. Eine h\u00fcbsche Hommage von Hans-J\u00fcrgen von Osterhausen.<\/p>\n","protected":false},"author":2,"featured_media":0,"comment_status":"open","ping_status":"open","sticky":false,"template":"","format":"standard","meta":{"_jetpack_memberships_contains_paid_content":false,"footnotes":"","jetpack_publicize_message":"","jetpack_publicize_feature_enabled":true,"jetpack_social_post_already_shared":false,"jetpack_social_options":{"image_generator_settings":{"template":"highway","default_image_id":0,"font":"","enabled":false},"version":2}},"categories":[82],"tags":[109,140,790,216,222,294,400],"coauthors":[680],"class_list":["post-20","post","type-post","status-publish","format-standard","hentry","category-blog","tag-cd","tag-die-zeit","tag-geburtstag","tag-hancock","tag-herbie-hancock","tag-jazzzeitung","tag-mp3"],"yoast_head":"<!-- This site is optimized with the Yoast SEO plugin v27.5 - https:\/\/yoast.com\/product\/yoast-seo-wordpress\/ -->\n<title>Herbie Hancock feiert seinen 70. Geburtstag und schenkt der Welt etwas - JazzZeitung<\/title>\n<meta name=\"robots\" content=\"index, follow, max-snippet:-1, max-image-preview:large, max-video-preview:-1\" \/>\n<link rel=\"canonical\" href=\"https:\/\/www.jazzzeitung.de\/cms\/2010\/04\/herbie-hancock-feiert-seinen-70-geburtstag-und-schenkt-der-welt-etwas\/\" \/>\n<meta property=\"og:locale\" content=\"de_DE\" \/>\n<meta property=\"og:type\" content=\"article\" \/>\n<meta property=\"og:title\" content=\"Herbie Hancock feiert seinen 70. Geburtstag und schenkt der Welt etwas - JazzZeitung\" \/>\n<meta property=\"og:description\" content=\"Gro\u00dfe Schatten werfen ihre mp3s voraus. So k\u00f6nnte man sagen. Anl\u00e4sslich seines Jubil\u00e4ums verschenkt Herbie Hancock aus seiner neuen CD einen Track f\u00fcr nix. Naja, f\u00fcr fast nix. Eine Email-Adresse muss man schon hinterlassen. Eine W\u00e4hrung, die unbestimmt erscheint aber selbst in der Kostenlos-Zeit des Internets auch seinen Preis hat, gewiss. Ein bisschen traurig bei diesem St\u00fcck, dass relativ wenig Herbie Hancock drauf ist. Aber daf\u00fcr viel anderes. Herzlichen Gl\u00fcckwunsch allemal. Mann wie die Zeit doch vergeht. Will man noch etwas zum Thema aus der Jazzzeitung lesen, empfehle ich &#8222;Neues von Herbie Hancock&#8220;, auch wenn der Artikel von 2004 ist. Eine h\u00fcbsche Hommage von Hans-J\u00fcrgen von Osterhausen.\" \/>\n<meta property=\"og:url\" content=\"https:\/\/www.jazzzeitung.de\/cms\/2010\/04\/herbie-hancock-feiert-seinen-70-geburtstag-und-schenkt-der-welt-etwas\/\" \/>\n<meta property=\"og:site_name\" content=\"JazzZeitung\" \/>\n<meta property=\"article:publisher\" content=\"https:\/\/www.facebook.com\/JazzZeitung\/\" \/>\n<meta property=\"article:author\" content=\"https:\/\/www.facebook.com\/hufner\" \/>\n<meta property=\"article:published_time\" content=\"2010-04-12T13:37:44+00:00\" \/>\n<meta property=\"article:modified_time\" content=\"2015-09-14T14:53:19+00:00\" \/>\n<meta property=\"og:image\" content=\"http:\/\/www.jazzzeitung.de\/jazz\/2005\/04\/portrait-hancock-small.jpg\" \/>\n<meta name=\"author\" content=\"Huflaikhan\" \/>\n<script type=\"application\/ld+json\" class=\"yoast-schema-graph\">{\"@context\":\"https:\\\/\\\/schema.org\",\"@graph\":[{\"@type\":\"Article\",\"@id\":\"https:\\\/\\\/www.jazzzeitung.de\\\/cms\\\/2010\\\/04\\\/herbie-hancock-feiert-seinen-70-geburtstag-und-schenkt-der-welt-etwas\\\/#article\",\"isPartOf\":{\"@id\":\"https:\\\/\\\/www.jazzzeitung.de\\\/cms\\\/2010\\\/04\\\/herbie-hancock-feiert-seinen-70-geburtstag-und-schenkt-der-welt-etwas\\\/\"},\"author\":{\"name\":\"Huflaikhan\",\"@id\":\"https:\\\/\\\/www.jazzzeitung.de\\\/cms\\\/#\\\/schema\\\/person\\\/1ba404714b9455401502bc409a7df45e\"},\"headline\":\"Herbie Hancock feiert seinen 70. Geburtstag und schenkt der Welt etwas\",\"datePublished\":\"2010-04-12T13:37:44+00:00\",\"dateModified\":\"2015-09-14T14:53:19+00:00\",\"mainEntityOfPage\":{\"@id\":\"https:\\\/\\\/www.jazzzeitung.de\\\/cms\\\/2010\\\/04\\\/herbie-hancock-feiert-seinen-70-geburtstag-und-schenkt-der-welt-etwas\\\/\"},\"wordCount\":147,\"commentCount\":1,\"publisher\":{\"@id\":\"https:\\\/\\\/www.jazzzeitung.de\\\/cms\\\/#organization\"},\"image\":{\"@id\":\"https:\\\/\\\/www.jazzzeitung.de\\\/cms\\\/2010\\\/04\\\/herbie-hancock-feiert-seinen-70-geburtstag-und-schenkt-der-welt-etwas\\\/#primaryimage\"},\"thumbnailUrl\":\"http:\\\/\\\/www.jazzzeitung.de\\\/jazz\\\/2005\\\/04\\\/portrait-hancock-small.jpg\",\"keywords\":[\"CD\",\"die ZEIT\",\"Geburtstag\",\"Hancock\",\"Herbie Hancock\",\"Jazzzeitung\",\"mp3\"],\"articleSection\":[\"Blog\"],\"inLanguage\":\"de\",\"potentialAction\":[{\"@type\":\"CommentAction\",\"name\":\"Comment\",\"target\":[\"https:\\\/\\\/www.jazzzeitung.de\\\/cms\\\/2010\\\/04\\\/herbie-hancock-feiert-seinen-70-geburtstag-und-schenkt-der-welt-etwas\\\/#respond\"]}]},{\"@type\":\"WebPage\",\"@id\":\"https:\\\/\\\/www.jazzzeitung.de\\\/cms\\\/2010\\\/04\\\/herbie-hancock-feiert-seinen-70-geburtstag-und-schenkt-der-welt-etwas\\\/\",\"url\":\"https:\\\/\\\/www.jazzzeitung.de\\\/cms\\\/2010\\\/04\\\/herbie-hancock-feiert-seinen-70-geburtstag-und-schenkt-der-welt-etwas\\\/\",\"name\":\"Herbie Hancock feiert seinen 70. Geburtstag und schenkt der Welt etwas - JazzZeitung\",\"isPartOf\":{\"@id\":\"https:\\\/\\\/www.jazzzeitung.de\\\/cms\\\/#website\"},\"primaryImageOfPage\":{\"@id\":\"https:\\\/\\\/www.jazzzeitung.de\\\/cms\\\/2010\\\/04\\\/herbie-hancock-feiert-seinen-70-geburtstag-und-schenkt-der-welt-etwas\\\/#primaryimage\"},\"image\":{\"@id\":\"https:\\\/\\\/www.jazzzeitung.de\\\/cms\\\/2010\\\/04\\\/herbie-hancock-feiert-seinen-70-geburtstag-und-schenkt-der-welt-etwas\\\/#primaryimage\"},\"thumbnailUrl\":\"http:\\\/\\\/www.jazzzeitung.de\\\/jazz\\\/2005\\\/04\\\/portrait-hancock-small.jpg\",\"datePublished\":\"2010-04-12T13:37:44+00:00\",\"dateModified\":\"2015-09-14T14:53:19+00:00\",\"breadcrumb\":{\"@id\":\"https:\\\/\\\/www.jazzzeitung.de\\\/cms\\\/2010\\\/04\\\/herbie-hancock-feiert-seinen-70-geburtstag-und-schenkt-der-welt-etwas\\\/#breadcrumb\"},\"inLanguage\":\"de\",\"potentialAction\":[{\"@type\":\"ReadAction\",\"target\":[\"https:\\\/\\\/www.jazzzeitung.de\\\/cms\\\/2010\\\/04\\\/herbie-hancock-feiert-seinen-70-geburtstag-und-schenkt-der-welt-etwas\\\/\"]}]},{\"@type\":\"ImageObject\",\"inLanguage\":\"de\",\"@id\":\"https:\\\/\\\/www.jazzzeitung.de\\\/cms\\\/2010\\\/04\\\/herbie-hancock-feiert-seinen-70-geburtstag-und-schenkt-der-welt-etwas\\\/#primaryimage\",\"url\":\"http:\\\/\\\/www.jazzzeitung.de\\\/jazz\\\/2005\\\/04\\\/portrait-hancock-small.jpg\",\"contentUrl\":\"http:\\\/\\\/www.jazzzeitung.de\\\/jazz\\\/2005\\\/04\\\/portrait-hancock-small.jpg\"},{\"@type\":\"BreadcrumbList\",\"@id\":\"https:\\\/\\\/www.jazzzeitung.de\\\/cms\\\/2010\\\/04\\\/herbie-hancock-feiert-seinen-70-geburtstag-und-schenkt-der-welt-etwas\\\/#breadcrumb\",\"itemListElement\":[{\"@type\":\"ListItem\",\"position\":1,\"name\":\"Startseite\",\"item\":\"https:\\\/\\\/www.jazzzeitung.de\\\/cms\\\/\"},{\"@type\":\"ListItem\",\"position\":2,\"name\":\"Herbie Hancock feiert seinen 70. Geburtstag und schenkt der Welt etwas\"}]},{\"@type\":\"WebSite\",\"@id\":\"https:\\\/\\\/www.jazzzeitung.de\\\/cms\\\/#website\",\"url\":\"https:\\\/\\\/www.jazzzeitung.de\\\/cms\\\/\",\"name\":\"JazzZeitung\",\"description\":\"Jazz-News und Jazz-Kontroverses\",\"publisher\":{\"@id\":\"https:\\\/\\\/www.jazzzeitung.de\\\/cms\\\/#organization\"},\"potentialAction\":[{\"@type\":\"SearchAction\",\"target\":{\"@type\":\"EntryPoint\",\"urlTemplate\":\"https:\\\/\\\/www.jazzzeitung.de\\\/cms\\\/?s={search_term_string}\"},\"query-input\":{\"@type\":\"PropertyValueSpecification\",\"valueRequired\":true,\"valueName\":\"search_term_string\"}}],\"inLanguage\":\"de\"},{\"@type\":\"Organization\",\"@id\":\"https:\\\/\\\/www.jazzzeitung.de\\\/cms\\\/#organization\",\"name\":\"JazzZeitung online\",\"url\":\"https:\\\/\\\/www.jazzzeitung.de\\\/cms\\\/\",\"logo\":{\"@type\":\"ImageObject\",\"inLanguage\":\"de\",\"@id\":\"https:\\\/\\\/www.jazzzeitung.de\\\/cms\\\/#\\\/schema\\\/logo\\\/image\\\/\",\"url\":\"https:\\\/\\\/i0.wp.com\\\/www.jazzzeitung.de\\\/cms\\\/wp-content\\\/uploads\\\/2015\\\/08\\\/JAZZZEITUNGDE_Logo_Neu.png?fit=499%2C200&ssl=1\",\"contentUrl\":\"https:\\\/\\\/i0.wp.com\\\/www.jazzzeitung.de\\\/cms\\\/wp-content\\\/uploads\\\/2015\\\/08\\\/JAZZZEITUNGDE_Logo_Neu.png?fit=499%2C200&ssl=1\",\"width\":499,\"height\":200,\"caption\":\"JazzZeitung online\"},\"image\":{\"@id\":\"https:\\\/\\\/www.jazzzeitung.de\\\/cms\\\/#\\\/schema\\\/logo\\\/image\\\/\"},\"sameAs\":[\"https:\\\/\\\/www.facebook.com\\\/JazzZeitung\\\/\"]},{\"@type\":\"Person\",\"@id\":\"https:\\\/\\\/www.jazzzeitung.de\\\/cms\\\/#\\\/schema\\\/person\\\/1ba404714b9455401502bc409a7df45e\",\"name\":\"Huflaikhan\",\"image\":{\"@type\":\"ImageObject\",\"inLanguage\":\"de\",\"@id\":\"https:\\\/\\\/i0.wp.com\\\/www.jazzzeitung.de\\\/cms\\\/wp-content\\\/uploads\\\/2013\\\/11\\\/huf-06.jpg?resize=96%2C96&ssl=18afacd5aa7627f2840c013425f5a4164\",\"url\":\"https:\\\/\\\/i0.wp.com\\\/www.jazzzeitung.de\\\/cms\\\/wp-content\\\/uploads\\\/2013\\\/11\\\/huf-06.jpg?resize=96%2C96&ssl=1\",\"contentUrl\":\"https:\\\/\\\/i0.wp.com\\\/www.jazzzeitung.de\\\/cms\\\/wp-content\\\/uploads\\\/2013\\\/11\\\/huf-06.jpg?resize=96%2C96&ssl=1\",\"caption\":\"Huflaikhan\"},\"description\":\"Huflaikhan (aka Martin Hufner) hat Musikwissenschaft, Philosophie und Psychologie in Gie\u00dfen studiert und mit einer Arbeit \u00fcber Adorno und die Zw\u00f6lftontechnik promoviert. Seit 1995 ist er freiberuflich als Autor, Fotograf und Netzmacher unterwegs.\",\"sameAs\":[\"https:\\\/\\\/www.kritische-masse.de\\\/logbuch\",\"https:\\\/\\\/www.facebook.com\\\/hufner\"],\"url\":\"https:\\\/\\\/www.jazzzeitung.de\\\/cms\\\/author\\\/hufi\\\/\"}]}<\/script>\n<!-- \/ Yoast SEO plugin. -->","yoast_head_json":{"title":"Herbie Hancock feiert seinen 70. Geburtstag und schenkt der Welt etwas - JazzZeitung","robots":{"index":"index","follow":"follow","max-snippet":"max-snippet:-1","max-image-preview":"max-image-preview:large","max-video-preview":"max-video-preview:-1"},"canonical":"https:\/\/www.jazzzeitung.de\/cms\/2010\/04\/herbie-hancock-feiert-seinen-70-geburtstag-und-schenkt-der-welt-etwas\/","og_locale":"de_DE","og_type":"article","og_title":"Herbie Hancock feiert seinen 70. Geburtstag und schenkt der Welt etwas - JazzZeitung","og_description":"Gro\u00dfe Schatten werfen ihre mp3s voraus. So k\u00f6nnte man sagen. Anl\u00e4sslich seines Jubil\u00e4ums verschenkt Herbie Hancock aus seiner neuen CD einen Track f\u00fcr nix. Naja, f\u00fcr fast nix. Eine Email-Adresse muss man schon hinterlassen. Eine W\u00e4hrung, die unbestimmt erscheint aber selbst in der Kostenlos-Zeit des Internets auch seinen Preis hat, gewiss. Ein bisschen traurig bei diesem St\u00fcck, dass relativ wenig Herbie Hancock drauf ist. Aber daf\u00fcr viel anderes. Herzlichen Gl\u00fcckwunsch allemal. Mann wie die Zeit doch vergeht. Will man noch etwas zum Thema aus der Jazzzeitung lesen, empfehle ich &#8222;Neues von Herbie Hancock&#8220;, auch wenn der Artikel von 2004 ist. Eine h\u00fcbsche Hommage von Hans-J\u00fcrgen von Osterhausen.","og_url":"https:\/\/www.jazzzeitung.de\/cms\/2010\/04\/herbie-hancock-feiert-seinen-70-geburtstag-und-schenkt-der-welt-etwas\/","og_site_name":"JazzZeitung","article_publisher":"https:\/\/www.facebook.com\/JazzZeitung\/","article_author":"https:\/\/www.facebook.com\/hufner","article_published_time":"2010-04-12T13:37:44+00:00","article_modified_time":"2015-09-14T14:53:19+00:00","og_image":[{"url":"http:\/\/www.jazzzeitung.de\/jazz\/2005\/04\/portrait-hancock-small.jpg","type":"","width":"","height":""}],"author":"Huflaikhan","schema":{"@context":"https:\/\/schema.org","@graph":[{"@type":"Article","@id":"https:\/\/www.jazzzeitung.de\/cms\/2010\/04\/herbie-hancock-feiert-seinen-70-geburtstag-und-schenkt-der-welt-etwas\/#article","isPartOf":{"@id":"https:\/\/www.jazzzeitung.de\/cms\/2010\/04\/herbie-hancock-feiert-seinen-70-geburtstag-und-schenkt-der-welt-etwas\/"},"author":{"name":"Huflaikhan","@id":"https:\/\/www.jazzzeitung.de\/cms\/#\/schema\/person\/1ba404714b9455401502bc409a7df45e"},"headline":"Herbie Hancock feiert seinen 70. Geburtstag und schenkt der Welt etwas","datePublished":"2010-04-12T13:37:44+00:00","dateModified":"2015-09-14T14:53:19+00:00","mainEntityOfPage":{"@id":"https:\/\/www.jazzzeitung.de\/cms\/2010\/04\/herbie-hancock-feiert-seinen-70-geburtstag-und-schenkt-der-welt-etwas\/"},"wordCount":147,"commentCount":1,"publisher":{"@id":"https:\/\/www.jazzzeitung.de\/cms\/#organization"},"image":{"@id":"https:\/\/www.jazzzeitung.de\/cms\/2010\/04\/herbie-hancock-feiert-seinen-70-geburtstag-und-schenkt-der-welt-etwas\/#primaryimage"},"thumbnailUrl":"http:\/\/www.jazzzeitung.de\/jazz\/2005\/04\/portrait-hancock-small.jpg","keywords":["CD","die ZEIT","Geburtstag","Hancock","Herbie Hancock","Jazzzeitung","mp3"],"articleSection":["Blog"],"inLanguage":"de","potentialAction":[{"@type":"CommentAction","name":"Comment","target":["https:\/\/www.jazzzeitung.de\/cms\/2010\/04\/herbie-hancock-feiert-seinen-70-geburtstag-und-schenkt-der-welt-etwas\/#respond"]}]},{"@type":"WebPage","@id":"https:\/\/www.jazzzeitung.de\/cms\/2010\/04\/herbie-hancock-feiert-seinen-70-geburtstag-und-schenkt-der-welt-etwas\/","url":"https:\/\/www.jazzzeitung.de\/cms\/2010\/04\/herbie-hancock-feiert-seinen-70-geburtstag-und-schenkt-der-welt-etwas\/","name":"Herbie Hancock feiert seinen 70. Geburtstag und schenkt der Welt etwas - JazzZeitung","isPartOf":{"@id":"https:\/\/www.jazzzeitung.de\/cms\/#website"},"primaryImageOfPage":{"@id":"https:\/\/www.jazzzeitung.de\/cms\/2010\/04\/herbie-hancock-feiert-seinen-70-geburtstag-und-schenkt-der-welt-etwas\/#primaryimage"},"image":{"@id":"https:\/\/www.jazzzeitung.de\/cms\/2010\/04\/herbie-hancock-feiert-seinen-70-geburtstag-und-schenkt-der-welt-etwas\/#primaryimage"},"thumbnailUrl":"http:\/\/www.jazzzeitung.de\/jazz\/2005\/04\/portrait-hancock-small.jpg","datePublished":"2010-04-12T13:37:44+00:00","dateModified":"2015-09-14T14:53:19+00:00","breadcrumb":{"@id":"https:\/\/www.jazzzeitung.de\/cms\/2010\/04\/herbie-hancock-feiert-seinen-70-geburtstag-und-schenkt-der-welt-etwas\/#breadcrumb"},"inLanguage":"de","potentialAction":[{"@type":"ReadAction","target":["https:\/\/www.jazzzeitung.de\/cms\/2010\/04\/herbie-hancock-feiert-seinen-70-geburtstag-und-schenkt-der-welt-etwas\/"]}]},{"@type":"ImageObject","inLanguage":"de","@id":"https:\/\/www.jazzzeitung.de\/cms\/2010\/04\/herbie-hancock-feiert-seinen-70-geburtstag-und-schenkt-der-welt-etwas\/#primaryimage","url":"http:\/\/www.jazzzeitung.de\/jazz\/2005\/04\/portrait-hancock-small.jpg","contentUrl":"http:\/\/www.jazzzeitung.de\/jazz\/2005\/04\/portrait-hancock-small.jpg"},{"@type":"BreadcrumbList","@id":"https:\/\/www.jazzzeitung.de\/cms\/2010\/04\/herbie-hancock-feiert-seinen-70-geburtstag-und-schenkt-der-welt-etwas\/#breadcrumb","itemListElement":[{"@type":"ListItem","position":1,"name":"Startseite","item":"https:\/\/www.jazzzeitung.de\/cms\/"},{"@type":"ListItem","position":2,"name":"Herbie Hancock feiert seinen 70. Geburtstag und schenkt der Welt etwas"}]},{"@type":"WebSite","@id":"https:\/\/www.jazzzeitung.de\/cms\/#website","url":"https:\/\/www.jazzzeitung.de\/cms\/","name":"JazzZeitung","description":"Jazz-News und Jazz-Kontroverses","publisher":{"@id":"https:\/\/www.jazzzeitung.de\/cms\/#organization"},"potentialAction":[{"@type":"SearchAction","target":{"@type":"EntryPoint","urlTemplate":"https:\/\/www.jazzzeitung.de\/cms\/?s={search_term_string}"},"query-input":{"@type":"PropertyValueSpecification","valueRequired":true,"valueName":"search_term_string"}}],"inLanguage":"de"},{"@type":"Organization","@id":"https:\/\/www.jazzzeitung.de\/cms\/#organization","name":"JazzZeitung online","url":"https:\/\/www.jazzzeitung.de\/cms\/","logo":{"@type":"ImageObject","inLanguage":"de","@id":"https:\/\/www.jazzzeitung.de\/cms\/#\/schema\/logo\/image\/","url":"https:\/\/i0.wp.com\/www.jazzzeitung.de\/cms\/wp-content\/uploads\/2015\/08\/JAZZZEITUNGDE_Logo_Neu.png?fit=499%2C200&ssl=1","contentUrl":"https:\/\/i0.wp.com\/www.jazzzeitung.de\/cms\/wp-content\/uploads\/2015\/08\/JAZZZEITUNGDE_Logo_Neu.png?fit=499%2C200&ssl=1","width":499,"height":200,"caption":"JazzZeitung online"},"image":{"@id":"https:\/\/www.jazzzeitung.de\/cms\/#\/schema\/logo\/image\/"},"sameAs":["https:\/\/www.facebook.com\/JazzZeitung\/"]},{"@type":"Person","@id":"https:\/\/www.jazzzeitung.de\/cms\/#\/schema\/person\/1ba404714b9455401502bc409a7df45e","name":"Huflaikhan","image":{"@type":"ImageObject","inLanguage":"de","@id":"https:\/\/i0.wp.com\/www.jazzzeitung.de\/cms\/wp-content\/uploads\/2013\/11\/huf-06.jpg?resize=96%2C96&ssl=18afacd5aa7627f2840c013425f5a4164","url":"https:\/\/i0.wp.com\/www.jazzzeitung.de\/cms\/wp-content\/uploads\/2013\/11\/huf-06.jpg?resize=96%2C96&ssl=1","contentUrl":"https:\/\/i0.wp.com\/www.jazzzeitung.de\/cms\/wp-content\/uploads\/2013\/11\/huf-06.jpg?resize=96%2C96&ssl=1","caption":"Huflaikhan"},"description":"Huflaikhan (aka Martin Hufner) hat Musikwissenschaft, Philosophie und Psychologie in Gie\u00dfen studiert und mit einer Arbeit \u00fcber Adorno und die Zw\u00f6lftontechnik promoviert. Seit 1995 ist er freiberuflich als Autor, Fotograf und Netzmacher unterwegs.","sameAs":["https:\/\/www.kritische-masse.de\/logbuch","https:\/\/www.facebook.com\/hufner"],"url":"https:\/\/www.jazzzeitung.de\/cms\/author\/hufi\/"}]}},"wp-worthy-pixel":{"ignored":false,"public":null,"server":null,"url":null},"wp-worthy-type":"normal","jetpack_publicize_connections":[],"cc_featured_image_caption":{"caption_text":false,"source_text":false,"source_url":false},"jetpack_featured_media_url":"","jetpack_shortlink":"https:\/\/wp.me\/p3KEcT-k","jetpack-related-posts":[{"id":569,"url":"https:\/\/www.jazzzeitung.de\/cms\/2010\/11\/herbie-eine-legende-startet-durch\/","url_meta":{"origin":20,"position":0},"title":"Herbie, eine Legende startet durch&#8230;","author":"J\u00f6rg Lichtinger","date":"17. November 2010","format":false,"excerpt":"Seit dem 23. Oktober 2010 ist Herbie Hancocks auf Europatournee, ab heute beginnen mit seinem Konzert im Festspielhaus Baden-Baden die Deutschlandtermine. Zum Deutschland-Tourstart hat Oliver Hochkeppel f\u00fcr nmz-online ein Interview mit Hancock gef\u00fchrt \u00fcber Miles und John Lennon, \u00fcber Jazz im 21. Jahrhundert und Hancocks Motivation bei \"The Imagine Project\"\u2026","rel":"","context":"In &quot;Blog&quot;","block_context":{"text":"Blog","link":"https:\/\/www.jazzzeitung.de\/cms\/thema\/blog\/"},"img":{"alt_text":"Vom 17.11.\u20132.12. auf Deutschlandtour: Herbie Hancock. Foto: Kwaku Alston","src":"https:\/\/i0.wp.com\/www.jazzzeitung.de\/cms\/wp-content\/uploads\/2010\/11\/herbie-225x300.jpg?resize=350%2C200","width":350,"height":200},"classes":[]},{"id":19530,"url":"https:\/\/www.jazzzeitung.de\/cms\/2019\/05\/jazz-legende-herbie-hancock-im-november-auf-deutschland-tournee\/","url_meta":{"origin":20,"position":1},"title":"+++ news +++ Jazz-Legende Herbie Hancock auf Deutschland-Tournee +++ Konzert \u201eIt must schwing\u201c \u2013 A Tribute to Alfred Lion &#038; Francis Wolff +++","author":"Redaktion JazzZeitung","date":"25. Mai 2019","format":false,"excerpt":"Herbie Hancock ist zwischen dem 6. November und dem 2. Dezember 2019 bei Konzerten in ganz Deutschland zu h\u00f6ren und zu sehen. Auch in der sechsten Dekade seiner professionellen Laufbahn bleibt der 14-fache Grammy-Gewinner und Oscar-Preistr\u00e4ger Herbie Hancock keinesfalls stehen, sondern ist nach wie vor mit hellwachem Interesse am Puls\u2026","rel":"","context":"In &quot;News&quot;","block_context":{"text":"News","link":"https:\/\/www.jazzzeitung.de\/cms\/thema\/nachrichten\/"},"img":{"alt_text":"","src":"https:\/\/i0.wp.com\/www.jazzzeitung.de\/cms\/wp-content\/uploads\/2019\/05\/2034_13663.jpg?fit=1200%2C799&ssl=1&resize=350%2C200","width":350,"height":200,"srcset":"https:\/\/i0.wp.com\/www.jazzzeitung.de\/cms\/wp-content\/uploads\/2019\/05\/2034_13663.jpg?fit=1200%2C799&ssl=1&resize=350%2C200 1x, https:\/\/i0.wp.com\/www.jazzzeitung.de\/cms\/wp-content\/uploads\/2019\/05\/2034_13663.jpg?fit=1200%2C799&ssl=1&resize=525%2C300 1.5x, https:\/\/i0.wp.com\/www.jazzzeitung.de\/cms\/wp-content\/uploads\/2019\/05\/2034_13663.jpg?fit=1200%2C799&ssl=1&resize=700%2C400 2x, https:\/\/i0.wp.com\/www.jazzzeitung.de\/cms\/wp-content\/uploads\/2019\/05\/2034_13663.jpg?fit=1200%2C799&ssl=1&resize=1050%2C600 3x"},"classes":[]},{"id":5916,"url":"https:\/\/www.jazzzeitung.de\/cms\/2015\/04\/11-facebook-freunde-sollt-ihr-sein-2\/","url_meta":{"origin":20,"position":2},"title":"11 Millionen Facebook-Freunde sollt ihr sein","author":"Martin Hufner","date":"10. April 2015","format":false,"excerpt":"Eher durch einen Zufall und durch Langeweile durchforstete ich das Facebook-Universum, um ein Fan von Keith Jarrett zu werden. Der hat ja bald einen runden Geburtstag. Ich erinnerte mich an eine Sendereihe von Peter R\u00fcedi aus den fr\u00fchen 80er Jahren beim NDR, als der noch so etwas wie einen Kulturkanal\u2026","rel":"","context":"In &quot;Blog&quot;","block_context":{"text":"Blog","link":"https:\/\/www.jazzzeitung.de\/cms\/thema\/blog\/"},"img":{"alt_text":"54.000 Freunde sollt ihr sein.","src":"https:\/\/i0.wp.com\/www.jazzzeitung.de\/cms\/wp-content\/uploads\/2015\/04\/screenshot-www-facebook-com-2015-04-09-18-27-28.png?fit=418%2C434&ssl=1&resize=350%2C200","width":350,"height":200},"classes":[]},{"id":7511,"url":"https:\/\/www.jazzzeitung.de\/cms\/2015\/11\/7511\/","url_meta":{"origin":20,"position":3},"title":"Friedrich Gulda. Die Live-Aufnahmen.","author":"Redaktion JazzZeitung","date":"1. November 2015","format":false,"excerpt":"Beethoven, Schubert und Mozart \u2013 in der Welt der Wiener Klassik war der \u00f6sterreichische Pianist Friedrich Gulda zuhause wie kein anderer. Schon der 20-J\u00e4hrige f\u00fchrte allerdings ein Doppelleben. Nach seinen Konzerten in New York, Buenos Aires oder Rio de Janeiro stieg Gulda hinab in die rauchige Luft der Jazzkeller und\u2026","rel":"","context":"In &quot;Bericht&quot;","block_context":{"text":"Bericht","link":"https:\/\/www.jazzzeitung.de\/cms\/thema\/bericht\/"},"img":{"alt_text":"Friedrich Gulda. Die Live-Aufnahmen. Foto: Zweitausendeins","src":"https:\/\/i0.wp.com\/www.jazzzeitung.de\/cms\/wp-content\/uploads\/2015\/10\/Friedrich-Gulda.-Die-Live-Aufnahmen-Cover-150x150.jpg?resize=350%2C200","width":350,"height":200},"classes":[]},{"id":10943,"url":"https:\/\/www.jazzzeitung.de\/cms\/2016\/11\/galerie-julian-lage-trio-in-der-muenchner-unterfahrt\/","url_meta":{"origin":20,"position":4},"title":"Galerie: Julian Lage Trio in der M\u00fcnchner Unterfahrt","author":"Redaktion JazzZeitung","date":"13. November 2016","format":false,"excerpt":"Bluegrass, Country, Jazz, klassische Musik und vieles mehr findet sich in der Musik des amerikanischen Gitarristen Julian Lage aufs Friedlichste vereint. Gelernt hat er unter anderem in \u201eGary Burton's Next Generation Quintet\u201c und reiht sich damit in die Reihe der Weltklasse-Gitarristen ein, die von Burton \"entdeckt\" wurden: Pat Metheny, John\u2026","rel":"","context":"In &quot;Galerie&quot;","block_context":{"text":"Galerie","link":"https:\/\/www.jazzzeitung.de\/cms\/thema\/galerie\/"},"img":{"alt_text":"","src":"https:\/\/i0.wp.com\/www.jazzzeitung.de\/cms\/wp-content\/uploads\/2016\/11\/0K3A4453-Doob-dombr.jpg?resize=350%2C200","width":350,"height":200,"srcset":"https:\/\/i0.wp.com\/www.jazzzeitung.de\/cms\/wp-content\/uploads\/2016\/11\/0K3A4453-Doob-dombr.jpg?resize=350%2C200 1x, https:\/\/i0.wp.com\/www.jazzzeitung.de\/cms\/wp-content\/uploads\/2016\/11\/0K3A4453-Doob-dombr.jpg?resize=525%2C300 1.5x, https:\/\/i0.wp.com\/www.jazzzeitung.de\/cms\/wp-content\/uploads\/2016\/11\/0K3A4453-Doob-dombr.jpg?resize=700%2C400 2x, https:\/\/i0.wp.com\/www.jazzzeitung.de\/cms\/wp-content\/uploads\/2016\/11\/0K3A4453-Doob-dombr.jpg?resize=1050%2C600 3x"},"classes":[]},{"id":24537,"url":"https:\/\/www.jazzzeitung.de\/cms\/2021\/03\/ein-jahr-lockdown-jubilaeum-im-jazzclub-unterfahrt-mit-lionel-loueke-solo-hh-live-stream-konzert\/","url_meta":{"origin":20,"position":5},"title":"Ein Jahr Lockdown: \u201eJubil\u00e4um\u201c im Jazzclub Unterfahrt mit Lionel Loueke solo \u201eHH\u201c Live-Stream Konzert","author":"Thomas J. Krebs","date":"16. M\u00e4rz 2021","format":false,"excerpt":"Eigentlich war alles geplant: eine gro\u00dfe Tour mit Herbie Hancock zu seinem 80. Geburtstag, die Ver\u00f6ffentlichung einer Solo CD mit begleitenden Club-Konzerten im Herbst \u2026 und dann kam schlie\u00dflich alles anders! Aber irgendwie muss man sich in dieser Situation zu helfen wissen. Da sich der Gitarrist Lionel Loueke momentan in\u2026","rel":"","context":"In &quot;Bericht&quot;","block_context":{"text":"Bericht","link":"https:\/\/www.jazzzeitung.de\/cms\/thema\/bericht\/"},"img":{"alt_text":"","src":"https:\/\/i0.wp.com\/www.jazzzeitung.de\/cms\/wp-content\/uploads\/2021\/03\/P2128685-sw-Loueke-Foto-TJ-Krebs.jpg?fit=1200%2C800&ssl=1&resize=350%2C200","width":350,"height":200,"srcset":"https:\/\/i0.wp.com\/www.jazzzeitung.de\/cms\/wp-content\/uploads\/2021\/03\/P2128685-sw-Loueke-Foto-TJ-Krebs.jpg?fit=1200%2C800&ssl=1&resize=350%2C200 1x, https:\/\/i0.wp.com\/www.jazzzeitung.de\/cms\/wp-content\/uploads\/2021\/03\/P2128685-sw-Loueke-Foto-TJ-Krebs.jpg?fit=1200%2C800&ssl=1&resize=525%2C300 1.5x, https:\/\/i0.wp.com\/www.jazzzeitung.de\/cms\/wp-content\/uploads\/2021\/03\/P2128685-sw-Loueke-Foto-TJ-Krebs.jpg?fit=1200%2C800&ssl=1&resize=700%2C400 2x, https:\/\/i0.wp.com\/www.jazzzeitung.de\/cms\/wp-content\/uploads\/2021\/03\/P2128685-sw-Loueke-Foto-TJ-Krebs.jpg?fit=1200%2C800&ssl=1&resize=1050%2C600 3x"},"classes":[]}],"jetpack_sharing_enabled":true,"_links":{"self":[{"href":"https:\/\/www.jazzzeitung.de\/cms\/wp-json\/wp\/v2\/posts\/20","targetHints":{"allow":["GET"]}}],"collection":[{"href":"https:\/\/www.jazzzeitung.de\/cms\/wp-json\/wp\/v2\/posts"}],"about":[{"href":"https:\/\/www.jazzzeitung.de\/cms\/wp-json\/wp\/v2\/types\/post"}],"author":[{"embeddable":true,"href":"https:\/\/www.jazzzeitung.de\/cms\/wp-json\/wp\/v2\/users\/2"}],"replies":[{"embeddable":true,"href":"https:\/\/www.jazzzeitung.de\/cms\/wp-json\/wp\/v2\/comments?post=20"}],"version-history":[{"count":1,"href":"https:\/\/www.jazzzeitung.de\/cms\/wp-json\/wp\/v2\/posts\/20\/revisions"}],"predecessor-version":[{"id":7063,"href":"https:\/\/www.jazzzeitung.de\/cms\/wp-json\/wp\/v2\/posts\/20\/revisions\/7063"}],"wp:attachment":[{"href":"https:\/\/www.jazzzeitung.de\/cms\/wp-json\/wp\/v2\/media?parent=20"}],"wp:term":[{"taxonomy":"category","embeddable":true,"href":"https:\/\/www.jazzzeitung.de\/cms\/wp-json\/wp\/v2\/categories?post=20"},{"taxonomy":"post_tag","embeddable":true,"href":"https:\/\/www.jazzzeitung.de\/cms\/wp-json\/wp\/v2\/tags?post=20"},{"taxonomy":"author","embeddable":true,"href":"https:\/\/www.jazzzeitung.de\/cms\/wp-json\/wp\/v2\/coauthors?post=20"}],"curies":[{"name":"wp","href":"https:\/\/api.w.org\/{rel}","templated":true}]}}