{"id":19968,"date":"2019-07-08T12:53:00","date_gmt":"2019-07-08T10:53:00","guid":{"rendered":"https:\/\/www.jazzzeitung.de\/cms\/?p=19968"},"modified":"2019-07-08T11:52:56","modified_gmt":"2019-07-08T09:52:56","slug":"magische-klangmomente-rockjazzformation-om-gibt-seltenes-konzert-in-regensburg","status":"publish","type":"post","link":"https:\/\/www.jazzzeitung.de\/cms\/2019\/07\/magische-klangmomente-rockjazzformation-om-gibt-seltenes-konzert-in-regensburg\/","title":{"rendered":"Magische Klangmomente: Rockjazzformation OM gibt seltenes Konzert in Regensburg"},"content":{"rendered":"<p><strong>Es sei das beste gewesen, was sie seit langem geh\u00f6rt habe. Etwas unsicher, aber mit leuchtenden Augen, h\u00e4lt die junge Frau Urs Leimgruber und Christy Doran nach deren Auftritt mit OM im Leeren Beutel ein abgel\u00f6stes Plakat zum Signieren hin. Sie spiele selbst Musik, erkl\u00e4rt sie und antwortet auf die Frage nach ihrem Alter: \u201e18 Jahre.\u201c \u201eSo muss es sein\u201c, strahlt sie darauf der 67-j\u00e4hrige Saxofonist an, \u201edie Jugend h\u00f6rt unsere Musik\u201c. Damit \u00fcbertreibt der grauhaarige Musiker mit dem adretten Pferdeschwanz zwar leicht, denn das Gros der Zuh\u00f6rer im Konzertraum geh\u00f6rt eindeutig \u00e4lteren Semestern an. Vermutlich haben einige schon die erste Auflage des Quartetts in den sp\u00e4ten 70er- oder fr\u00fchen 80er-Jahren miterlebt.<\/strong><\/p>\n<p>Damals z\u00e4hlte OM aus dem zentralschweizerischen Luzern zu den aufregendsten Gruppen des sich neu entwickelnden Jazzrock-Genres. Selbst hat das \u2013 bis heute \u2013 kollektiv organisierte Quartett seine Musik allerdings immer als \u201eElectric Jazz\u201c bezeichnet. Durchaus auch um sich gegen die einsetzende Kommerzialisierung und musikalische Vereinfachung abzugrenzen, die sich auch bald herausbildete und manchen Bands eine breitere Anerkennung verschaffte. Neben dem deutschen Trio Giger-Lenz-Marron und der englischen Band Nucleus um den Trompeter und Musikprofessor Ian Carr richteten die\u00a0 schweizerischen Musiker einen starken Fokus auf Improvisation. Aber auch die\u00a0 Erweiterung ihrer Klangm\u00f6glichkeiten mittels elektronischer Effektger\u00e4te und ungewohnter Spieltechniken geh\u00f6rte zum Experimentier- und Spielfeld der Vier.<\/p>\n<div class=\"tiled-gallery type-rectangular tiled-gallery-unresized\" data-original-width=\"840\" data-carousel-extra='{&quot;blog_id&quot;:1,&quot;permalink&quot;:&quot;https:\\\/\\\/www.jazzzeitung.de\\\/cms\\\/2019\\\/07\\\/magische-klangmomente-rockjazzformation-om-gibt-seltenes-konzert-in-regensburg\\\/&quot;,&quot;likes_blog_id&quot;:55446655}' itemscope itemtype=\"http:\/\/schema.org\/ImageGallery\" > <div class=\"gallery-row\" style=\"width: 840px; height: 313px;\" data-original-width=\"840\" data-original-height=\"313\" > <div class=\"gallery-group images-1\" style=\"width: 210px; height: 313px;\" data-original-width=\"210\" data-original-height=\"313\" > <div class=\"tiled-gallery-item tiled-gallery-item-small\" itemprop=\"associatedMedia\" itemscope itemtype=\"http:\/\/schema.org\/ImageObject\"> <a href=\"https:\/\/www.jazzzeitung.de\/cms\/2019\/07\/magische-klangmomente-rockjazzformation-om-gibt-seltenes-konzert-in-regensburg\/burri-bobby_79\/\" border=\"0\" itemprop=\"url\"> <meta itemprop=\"width\" content=\"206\"> <meta itemprop=\"height\" content=\"309\"> <img decoding=\"async\" class=\"\" data-attachment-id=\"20021\" data-orig-file=\"https:\/\/www.jazzzeitung.de\/cms\/wp-content\/uploads\/2019\/07\/burri-bobby_79.jpg\" data-orig-size=\"1574,2362\" data-comments-opened=\"1\" data-image-meta=\"{&quot;aperture&quot;:&quot;5.3&quot;,&quot;credit&quot;:&quot;MICHAEL Scheiner&quot;,&quot;camera&quot;:&quot;NIKON D7200&quot;,&quot;caption&quot;:&quot;&quot;,&quot;created_timestamp&quot;:&quot;1561665232&quot;,&quot;copyright&quot;:&quot;Michael Scheiner&quot;,&quot;focal_length&quot;:&quot;75&quot;,&quot;iso&quot;:&quot;2500&quot;,&quot;shutter_speed&quot;:&quot;0.01&quot;,&quot;title&quot;:&quot;&quot;,&quot;orientation&quot;:&quot;1&quot;}\" data-image-title=\"\" data-image-description=\"\" data-medium-file=\"https:\/\/i0.wp.com\/www.jazzzeitung.de\/cms\/wp-content\/uploads\/2019\/07\/burri-bobby_79.jpg?fit=200%2C300&#038;ssl=1\" data-large-file=\"https:\/\/i0.wp.com\/www.jazzzeitung.de\/cms\/wp-content\/uploads\/2019\/07\/burri-bobby_79.jpg?fit=400%2C600&#038;ssl=1\" src=\"https:\/\/i0.wp.com\/www.jazzzeitung.de\/cms\/wp-content\/uploads\/2019\/07\/burri-bobby_79.jpg?w=206&#038;h=309&#038;ssl=1\" srcset=\"https:\/\/i0.wp.com\/www.jazzzeitung.de\/cms\/wp-content\/uploads\/2019\/07\/burri-bobby_79.jpg?w=1574&amp;ssl=1 1574w, https:\/\/i0.wp.com\/www.jazzzeitung.de\/cms\/wp-content\/uploads\/2019\/07\/burri-bobby_79.jpg?resize=200%2C300&amp;ssl=1 200w, https:\/\/i0.wp.com\/www.jazzzeitung.de\/cms\/wp-content\/uploads\/2019\/07\/burri-bobby_79.jpg?resize=768%2C1152&amp;ssl=1 768w, https:\/\/i0.wp.com\/www.jazzzeitung.de\/cms\/wp-content\/uploads\/2019\/07\/burri-bobby_79.jpg?resize=400%2C600&amp;ssl=1 400w, https:\/\/i0.wp.com\/www.jazzzeitung.de\/cms\/wp-content\/uploads\/2019\/07\/burri-bobby_79.jpg?resize=1320%2C1981&amp;ssl=1 1320w\" width=\"206\" height=\"309\" loading=\"lazy\" data-original-width=\"206\" data-original-height=\"309\" itemprop=\"http:\/\/schema.org\/image\" title=\"\" alt=\"Bobby Burri. Foto: Michael Scheiner\" style=\"width: 206px; height: 309px;\" \/> <\/a> <div class=\"tiled-gallery-caption\" itemprop=\"caption description\"> Bobby Burri. Foto: Michael Scheiner <\/div> <\/div> <\/div> <!-- close group --> <div class=\"gallery-group images-1\" style=\"width: 210px; height: 313px;\" data-original-width=\"210\" data-original-height=\"313\" > <div class=\"tiled-gallery-item tiled-gallery-item-small\" itemprop=\"associatedMedia\" itemscope itemtype=\"http:\/\/schema.org\/ImageObject\"> <a href=\"https:\/\/www.jazzzeitung.de\/cms\/2019\/07\/magische-klangmomente-rockjazzformation-om-gibt-seltenes-konzert-in-regensburg\/doran-christy_89\/\" border=\"0\" itemprop=\"url\"> <meta itemprop=\"width\" content=\"206\"> <meta itemprop=\"height\" content=\"309\"> <img decoding=\"async\" class=\"\" data-attachment-id=\"20023\" data-orig-file=\"https:\/\/www.jazzzeitung.de\/cms\/wp-content\/uploads\/2019\/07\/Doran-christy_89.jpg\" data-orig-size=\"1574,2362\" data-comments-opened=\"1\" data-image-meta=\"{&quot;aperture&quot;:&quot;5&quot;,&quot;credit&quot;:&quot;MICHAEL Scheiner&quot;,&quot;camera&quot;:&quot;NIKON D7200&quot;,&quot;caption&quot;:&quot;&quot;,&quot;created_timestamp&quot;:&quot;1561665295&quot;,&quot;copyright&quot;:&quot;Michael Scheiner&quot;,&quot;focal_length&quot;:&quot;52&quot;,&quot;iso&quot;:&quot;2500&quot;,&quot;shutter_speed&quot;:&quot;0.01&quot;,&quot;title&quot;:&quot;&quot;,&quot;orientation&quot;:&quot;1&quot;}\" data-image-title=\"\" data-image-description=\"\" data-medium-file=\"https:\/\/i0.wp.com\/www.jazzzeitung.de\/cms\/wp-content\/uploads\/2019\/07\/Doran-christy_89.jpg?fit=200%2C300&#038;ssl=1\" data-large-file=\"https:\/\/i0.wp.com\/www.jazzzeitung.de\/cms\/wp-content\/uploads\/2019\/07\/Doran-christy_89.jpg?fit=400%2C600&#038;ssl=1\" src=\"https:\/\/i0.wp.com\/www.jazzzeitung.de\/cms\/wp-content\/uploads\/2019\/07\/Doran-christy_89.jpg?w=206&#038;h=309&#038;ssl=1\" srcset=\"https:\/\/i0.wp.com\/www.jazzzeitung.de\/cms\/wp-content\/uploads\/2019\/07\/Doran-christy_89.jpg?w=1574&amp;ssl=1 1574w, https:\/\/i0.wp.com\/www.jazzzeitung.de\/cms\/wp-content\/uploads\/2019\/07\/Doran-christy_89.jpg?resize=200%2C300&amp;ssl=1 200w, https:\/\/i0.wp.com\/www.jazzzeitung.de\/cms\/wp-content\/uploads\/2019\/07\/Doran-christy_89.jpg?resize=768%2C1152&amp;ssl=1 768w, https:\/\/i0.wp.com\/www.jazzzeitung.de\/cms\/wp-content\/uploads\/2019\/07\/Doran-christy_89.jpg?resize=400%2C600&amp;ssl=1 400w, https:\/\/i0.wp.com\/www.jazzzeitung.de\/cms\/wp-content\/uploads\/2019\/07\/Doran-christy_89.jpg?resize=1320%2C1981&amp;ssl=1 1320w\" width=\"206\" height=\"309\" loading=\"lazy\" data-original-width=\"206\" data-original-height=\"309\" itemprop=\"http:\/\/schema.org\/image\" title=\"\" alt=\"Christy Doran. Foto: Michael Scheiner\" style=\"width: 206px; height: 309px;\" \/> <\/a> <div class=\"tiled-gallery-caption\" itemprop=\"caption description\"> Christy Doran. Foto: Michael Scheiner <\/div> <\/div> <\/div> <!-- close group --> <div class=\"gallery-group images-1\" style=\"width: 210px; height: 313px;\" data-original-width=\"210\" data-original-height=\"313\" > <div class=\"tiled-gallery-item tiled-gallery-item-small\" itemprop=\"associatedMedia\" itemscope itemtype=\"http:\/\/schema.org\/ImageObject\"> <a href=\"https:\/\/www.jazzzeitung.de\/cms\/2019\/07\/magische-klangmomente-rockjazzformation-om-gibt-seltenes-konzert-in-regensburg\/leimgruber-urs_68\/\" border=\"0\" itemprop=\"url\"> <meta itemprop=\"width\" content=\"206\"> <meta itemprop=\"height\" content=\"309\"> <img decoding=\"async\" class=\"\" data-attachment-id=\"20024\" data-orig-file=\"https:\/\/www.jazzzeitung.de\/cms\/wp-content\/uploads\/2019\/07\/leimgruber-urs_68.jpg\" data-orig-size=\"1574,2362\" data-comments-opened=\"1\" data-image-meta=\"{&quot;aperture&quot;:&quot;5&quot;,&quot;credit&quot;:&quot;MICHAEL Scheiner&quot;,&quot;camera&quot;:&quot;NIKON D7200&quot;,&quot;caption&quot;:&quot;&quot;,&quot;created_timestamp&quot;:&quot;1561665150&quot;,&quot;copyright&quot;:&quot;Michael Scheiner&quot;,&quot;focal_length&quot;:&quot;38&quot;,&quot;iso&quot;:&quot;2500&quot;,&quot;shutter_speed&quot;:&quot;0.01&quot;,&quot;title&quot;:&quot;&quot;,&quot;orientation&quot;:&quot;1&quot;}\" data-image-title=\"\" data-image-description=\"\" data-medium-file=\"https:\/\/i0.wp.com\/www.jazzzeitung.de\/cms\/wp-content\/uploads\/2019\/07\/leimgruber-urs_68.jpg?fit=200%2C300&#038;ssl=1\" data-large-file=\"https:\/\/i0.wp.com\/www.jazzzeitung.de\/cms\/wp-content\/uploads\/2019\/07\/leimgruber-urs_68.jpg?fit=400%2C600&#038;ssl=1\" src=\"https:\/\/i0.wp.com\/www.jazzzeitung.de\/cms\/wp-content\/uploads\/2019\/07\/leimgruber-urs_68.jpg?w=206&#038;h=309&#038;ssl=1\" srcset=\"https:\/\/i0.wp.com\/www.jazzzeitung.de\/cms\/wp-content\/uploads\/2019\/07\/leimgruber-urs_68.jpg?w=1574&amp;ssl=1 1574w, https:\/\/i0.wp.com\/www.jazzzeitung.de\/cms\/wp-content\/uploads\/2019\/07\/leimgruber-urs_68.jpg?resize=200%2C300&amp;ssl=1 200w, https:\/\/i0.wp.com\/www.jazzzeitung.de\/cms\/wp-content\/uploads\/2019\/07\/leimgruber-urs_68.jpg?resize=768%2C1152&amp;ssl=1 768w, https:\/\/i0.wp.com\/www.jazzzeitung.de\/cms\/wp-content\/uploads\/2019\/07\/leimgruber-urs_68.jpg?resize=400%2C600&amp;ssl=1 400w, https:\/\/i0.wp.com\/www.jazzzeitung.de\/cms\/wp-content\/uploads\/2019\/07\/leimgruber-urs_68.jpg?resize=1320%2C1981&amp;ssl=1 1320w\" width=\"206\" height=\"309\" loading=\"lazy\" data-original-width=\"206\" data-original-height=\"309\" itemprop=\"http:\/\/schema.org\/image\" title=\"\" alt=\"Urs Leimgruber. Foto: Michael Scheiner\" style=\"width: 206px; height: 309px;\" \/> <\/a> <div class=\"tiled-gallery-caption\" itemprop=\"caption description\"> Urs Leimgruber. Foto: Michael Scheiner <\/div> <\/div> <\/div> <!-- close group --> <div class=\"gallery-group images-1\" style=\"width: 210px; height: 313px;\" data-original-width=\"210\" data-original-height=\"313\" > <div class=\"tiled-gallery-item tiled-gallery-item-small\" itemprop=\"associatedMedia\" itemscope itemtype=\"http:\/\/schema.org\/ImageObject\"> <a href=\"https:\/\/www.jazzzeitung.de\/cms\/2019\/07\/magische-klangmomente-rockjazzformation-om-gibt-seltenes-konzert-in-regensburg\/studer-fredy_75\/\" border=\"0\" itemprop=\"url\"> <meta itemprop=\"width\" content=\"206\"> <meta itemprop=\"height\" content=\"309\"> <img decoding=\"async\" class=\"\" data-attachment-id=\"20025\" data-orig-file=\"https:\/\/www.jazzzeitung.de\/cms\/wp-content\/uploads\/2019\/07\/studer-fredy_75.jpg\" data-orig-size=\"1574,2362\" data-comments-opened=\"1\" data-image-meta=\"{&quot;aperture&quot;:&quot;5.6&quot;,&quot;credit&quot;:&quot;MICHAEL Scheiner&quot;,&quot;camera&quot;:&quot;NIKON D7200&quot;,&quot;caption&quot;:&quot;&quot;,&quot;created_timestamp&quot;:&quot;1561665177&quot;,&quot;copyright&quot;:&quot;Michael Scheiner&quot;,&quot;focal_length&quot;:&quot;90&quot;,&quot;iso&quot;:&quot;2500&quot;,&quot;shutter_speed&quot;:&quot;0.01&quot;,&quot;title&quot;:&quot;&quot;,&quot;orientation&quot;:&quot;1&quot;}\" data-image-title=\"\" data-image-description=\"\" data-medium-file=\"https:\/\/i0.wp.com\/www.jazzzeitung.de\/cms\/wp-content\/uploads\/2019\/07\/studer-fredy_75.jpg?fit=200%2C300&#038;ssl=1\" data-large-file=\"https:\/\/i0.wp.com\/www.jazzzeitung.de\/cms\/wp-content\/uploads\/2019\/07\/studer-fredy_75.jpg?fit=400%2C600&#038;ssl=1\" src=\"https:\/\/i0.wp.com\/www.jazzzeitung.de\/cms\/wp-content\/uploads\/2019\/07\/studer-fredy_75.jpg?w=206&#038;h=309&#038;ssl=1\" srcset=\"https:\/\/i0.wp.com\/www.jazzzeitung.de\/cms\/wp-content\/uploads\/2019\/07\/studer-fredy_75.jpg?w=1574&amp;ssl=1 1574w, https:\/\/i0.wp.com\/www.jazzzeitung.de\/cms\/wp-content\/uploads\/2019\/07\/studer-fredy_75.jpg?resize=200%2C300&amp;ssl=1 200w, https:\/\/i0.wp.com\/www.jazzzeitung.de\/cms\/wp-content\/uploads\/2019\/07\/studer-fredy_75.jpg?resize=768%2C1152&amp;ssl=1 768w, https:\/\/i0.wp.com\/www.jazzzeitung.de\/cms\/wp-content\/uploads\/2019\/07\/studer-fredy_75.jpg?resize=400%2C600&amp;ssl=1 400w, https:\/\/i0.wp.com\/www.jazzzeitung.de\/cms\/wp-content\/uploads\/2019\/07\/studer-fredy_75.jpg?resize=1320%2C1981&amp;ssl=1 1320w\" width=\"206\" height=\"309\" loading=\"lazy\" data-original-width=\"206\" data-original-height=\"309\" itemprop=\"http:\/\/schema.org\/image\" title=\"\" alt=\"Fredy Studer. Foto: Michael Scheiner\" style=\"width: 206px; height: 309px;\" \/> <\/a> <div class=\"tiled-gallery-caption\" itemprop=\"caption description\"> Fredy Studer. Foto: Michael Scheiner <\/div> <\/div> <\/div> <!-- close group --> <\/div> <!-- close row --> <\/div>\n<p>Die einer solchen Musizierhaltung zugrunde liegende Neugier und Offenheit hat sich die Band bewahrt, sogar auf die Spitze getrieben. Wenn OM heute zu einem ihrer seltenen Konzerte zusammenkommt, spielen vorgegebene Rhythmen, ein harmonisches Ger\u00fcst oder arrangierte Teile \u00fcberhaupt keine Rolle mehr. Vom ersten, zarten Knispern des mit einem D\u00e4mpfer versehenen Sopransaxofons bis zum letzten verklingenden Luftger\u00e4usch war das Jazzclub-Konzert vollkommen frei improvisiert. Dabei k\u00f6nnen die Musiker auf ein viel breiteres und ausdifferenzierteres Spektrum an Kl\u00e4ngen, Ausdrucksm\u00f6glichkeiten und musikalisch nutzbaren Ger\u00e4uschen zur\u00fcckgreifen, als ihnen in j\u00fcngeren Jahren zur Verf\u00fcgung gestanden ist. Leimgruber, der auch im Bereich Neuer Musik und Improvisation t\u00e4tig ist und sich klanglich vielleicht am weitesten vorgearbeitet hat, spielt sein Instrument mit und ohne\u00a0 Mundst\u00fcck, mit und ohne Rohrblatt. Er bl\u00e4st wie in eine Querfl\u00f6te quer hinein, bl\u00e4st mit offenen Lippen oder pfeifend, haucht, hechelt, pustet.<\/p>\n<p>Fast ein eigener Kosmos, entfaltet der Holzbl\u00e4ser ein lyrisch-zartes Klanggewebe voller Poesie, das bis an den Rand der H\u00f6rbarkeit geht. Dann wieder wird er schrill, kratzb\u00fcrstig, spr\u00f6de und herausfordernd laut, korrespondiert dabei auf eigenwillig exzentrische Weise mit dem viel k\u00f6rperlichen Spiel Christy Dorans auf der elektrischen Gitarre. In manchen Momenten l\u00e4sst sich nicht mehr klar unterscheiden, ob einzelne Kl\u00e4nge und Soundfarben vom Gitarristen Doran erzeugt sind oder aus Leimgrubers Saxofon hervorbrechen. Gemeinsam mit dem 70-j\u00e4hrigen Kontrabassisten Bobby Burri, der noch heute als Dozent an der Hochschule in Luzern Jazzbass lehrt, und Fredy Studer, einem Magier am herk\u00f6mmlichen Drumset, entwickeln sie aus dem Moment ihre Musik, die von Anfang bis Ende vor allem eines ist \u2013 h\u00f6llisch spannend.<\/p>\n<p>\u00dcber lange Strecken bauen die vier Soundarchitekten musikalische R\u00e4ume auf, indem sie aufeinander h\u00f6ren, Motive, Kl\u00e4nge oder Muster aufgreifen, fortf\u00fchren und neue Akzente in den Prozess hineingeben. Da tauchen rhythmische Formen ebenso auf und l\u00f6sen sich in neuen freieren Formen wieder auf, wie melodische Fragmente oder Splitter. Tastend bewegen sich die vier aufeinander zu, umkreisen sich, bis neue Impulse gesetzt werden und sich der musikalische Prozess zu einem machtvollen Klanggewitter, einem atemberaubenden Soundgebirge t\u00fcrmt. Auf diesem wrid man wie von nicht beherrschbaren Wogen nach oben getragen. Erregende Momente voller Magie.<\/p>\n<p>Text und Fotos: Michael Scheiner<\/p>\n<p><em>Info: <\/em><em>Ein Mitschnitt des Konzertes beim Jazzclub im Leeren Beutel sendet der Bayerische Rundfunk am 16. August 2019 (23 Uhr) in der Sendereihe Jazztime auf BR-Klassik.<\/em><\/p>\n","protected":false},"excerpt":{"rendered":"<p>Es sei das beste gewesen, was sie seit langem geh\u00f6rt habe. Etwas unsicher, aber mit leuchtenden Augen, h\u00e4lt die junge Frau Urs Leimgruber und Christy Doran nach deren Auftritt mit OM im Leeren Beutel ein abgel\u00f6stes Plakat zum Signieren hin. Sie spiele selbst Musik, erkl\u00e4rt sie und antwortet auf die Frage nach ihrem Alter: \u201e18 Jahre.\u201c \u201eSo muss es sein\u201c, strahlt sie darauf der 67-j\u00e4hrige Saxofonist an, \u201edie Jugend h\u00f6rt unsere Musik\u201c. Damit \u00fcbertreibt der grauhaarige Musiker mit dem adretten Pferdeschwanz zwar leicht, denn das Gros der Zuh\u00f6rer im Konzertraum geh\u00f6rt eindeutig \u00e4lteren Semestern an. Vermutlich haben einige schon die erste Auflage des Quartetts in den sp\u00e4ten 70er- oder fr\u00fchen 80er-Jahren miterlebt. Damals z\u00e4hlte OM aus dem zentralschweizerischen Luzern zu den aufregendsten Gruppen des sich neu entwickelnden Jazzrock-Genres. Selbst hat das \u2013 bis heute \u2013 kollektiv organisierte Quartett seine Musik allerdings immer als \u201eElectric Jazz\u201c bezeichnet. Durchaus auch um sich gegen die einsetzende Kommerzialisierung und musikalische Vereinfachung abzugrenzen, die sich auch bald herausbildete und manchen Bands eine breitere Anerkennung verschaffte. Neben dem deutschen Trio Giger-Lenz-Marron und der englischen Band Nucleus um den Trompeter und Musikprofessor &hellip;<\/p>\n","protected":false},"author":37,"featured_media":20026,"comment_status":"open","ping_status":"closed","sticky":false,"template":"","format":"standard","meta":{"_jetpack_memberships_contains_paid_content":false,"footnotes":"","jetpack_publicize_message":"","jetpack_publicize_feature_enabled":true,"jetpack_social_post_already_shared":false,"jetpack_social_options":{"image_generator_settings":{"template":"highway","default_image_id":0,"font":"","enabled":false},"version":2}},"categories":[1053,652],"tags":[56,94,2634,1896,290,964,364,387,2631,2632,2633,2635],"coauthors":[1765],"class_list":["post-19968","post","type-post","status-publish","format-standard","has-post-thumbnail","hentry","category-bericht","category-galerie","tag-bayerischer-rundfunk","tag-br-klassik","tag-chrosty-doran","tag-jazzclub-leerer-beutel","tag-jazztime","tag-leerer-beutel-regensburg","tag-luzern","tag-michael-scheiner","tag-om","tag-rockjazz","tag-schweiz","tag-urs-leimgruber"],"yoast_head":"<!-- This site is optimized with the Yoast SEO plugin v27.5 - https:\/\/yoast.com\/product\/yoast-seo-wordpress\/ -->\n<title>Magische Klangmomente: Rockjazzformation OM gibt seltenes Konzert in Regensburg - JazzZeitung<\/title>\n<meta name=\"robots\" content=\"index, follow, max-snippet:-1, max-image-preview:large, max-video-preview:-1\" \/>\n<link rel=\"canonical\" href=\"https:\/\/www.jazzzeitung.de\/cms\/2019\/07\/magische-klangmomente-rockjazzformation-om-gibt-seltenes-konzert-in-regensburg\/\" \/>\n<meta property=\"og:locale\" content=\"de_DE\" \/>\n<meta property=\"og:type\" content=\"article\" \/>\n<meta property=\"og:title\" content=\"Magische Klangmomente: Rockjazzformation OM gibt seltenes Konzert in Regensburg - JazzZeitung\" \/>\n<meta property=\"og:description\" content=\"Es sei das beste gewesen, was sie seit langem geh\u00f6rt habe. Etwas unsicher, aber mit leuchtenden Augen, h\u00e4lt die junge Frau Urs Leimgruber und Christy Doran nach deren Auftritt mit OM im Leeren Beutel ein abgel\u00f6stes Plakat zum Signieren hin. Sie spiele selbst Musik, erkl\u00e4rt sie und antwortet auf die Frage nach ihrem Alter: \u201e18 Jahre.\u201c \u201eSo muss es sein\u201c, strahlt sie darauf der 67-j\u00e4hrige Saxofonist an, \u201edie Jugend h\u00f6rt unsere Musik\u201c. Damit \u00fcbertreibt der grauhaarige Musiker mit dem adretten Pferdeschwanz zwar leicht, denn das Gros der Zuh\u00f6rer im Konzertraum geh\u00f6rt eindeutig \u00e4lteren Semestern an. Vermutlich haben einige schon die erste Auflage des Quartetts in den sp\u00e4ten 70er- oder fr\u00fchen 80er-Jahren miterlebt. Damals z\u00e4hlte OM aus dem zentralschweizerischen Luzern zu den aufregendsten Gruppen des sich neu entwickelnden Jazzrock-Genres. Selbst hat das \u2013 bis heute \u2013 kollektiv organisierte Quartett seine Musik allerdings immer als \u201eElectric Jazz\u201c bezeichnet. Durchaus auch um sich gegen die einsetzende Kommerzialisierung und musikalische Vereinfachung abzugrenzen, die sich auch bald herausbildete und manchen Bands eine breitere Anerkennung verschaffte. Neben dem deutschen Trio Giger-Lenz-Marron und der englischen Band Nucleus um den Trompeter und Musikprofessor &hellip;\" \/>\n<meta property=\"og:url\" content=\"https:\/\/www.jazzzeitung.de\/cms\/2019\/07\/magische-klangmomente-rockjazzformation-om-gibt-seltenes-konzert-in-regensburg\/\" \/>\n<meta property=\"og:site_name\" content=\"JazzZeitung\" \/>\n<meta property=\"article:publisher\" content=\"https:\/\/www.facebook.com\/JazzZeitung\/\" \/>\n<meta property=\"article:published_time\" content=\"2019-07-08T10:53:00+00:00\" \/>\n<meta property=\"og:image\" content=\"https:\/\/i0.wp.com\/www.jazzzeitung.de\/cms\/wp-content\/uploads\/2019\/07\/Doran-christy_05-1.jpg?fit=2362%2C1586&ssl=1\" \/>\n\t<meta property=\"og:image:width\" content=\"2362\" \/>\n\t<meta property=\"og:image:height\" content=\"1586\" \/>\n\t<meta property=\"og:image:type\" content=\"image\/jpeg\" \/>\n<meta name=\"author\" content=\"Michael Scheiner\" \/>\n<script type=\"application\/ld+json\" class=\"yoast-schema-graph\">{\"@context\":\"https:\\\/\\\/schema.org\",\"@graph\":[{\"@type\":\"Article\",\"@id\":\"https:\\\/\\\/www.jazzzeitung.de\\\/cms\\\/2019\\\/07\\\/magische-klangmomente-rockjazzformation-om-gibt-seltenes-konzert-in-regensburg\\\/#article\",\"isPartOf\":{\"@id\":\"https:\\\/\\\/www.jazzzeitung.de\\\/cms\\\/2019\\\/07\\\/magische-klangmomente-rockjazzformation-om-gibt-seltenes-konzert-in-regensburg\\\/\"},\"author\":{\"name\":\"Michael Scheiner\",\"@id\":\"https:\\\/\\\/www.jazzzeitung.de\\\/cms\\\/#\\\/schema\\\/person\\\/a0bebd4d1728041629a3cbd7790f87fb\"},\"headline\":\"Magische Klangmomente: Rockjazzformation OM gibt seltenes Konzert in Regensburg\",\"datePublished\":\"2019-07-08T10:53:00+00:00\",\"mainEntityOfPage\":{\"@id\":\"https:\\\/\\\/www.jazzzeitung.de\\\/cms\\\/2019\\\/07\\\/magische-klangmomente-rockjazzformation-om-gibt-seltenes-konzert-in-regensburg\\\/\"},\"wordCount\":641,\"commentCount\":0,\"publisher\":{\"@id\":\"https:\\\/\\\/www.jazzzeitung.de\\\/cms\\\/#organization\"},\"image\":{\"@id\":\"https:\\\/\\\/www.jazzzeitung.de\\\/cms\\\/2019\\\/07\\\/magische-klangmomente-rockjazzformation-om-gibt-seltenes-konzert-in-regensburg\\\/#primaryimage\"},\"thumbnailUrl\":\"https:\\\/\\\/i0.wp.com\\\/www.jazzzeitung.de\\\/cms\\\/wp-content\\\/uploads\\\/2019\\\/07\\\/Doran-christy_05-1.jpg?fit=2362%2C1586&ssl=1\",\"keywords\":[\"Bayerischer Rundfunk\",\"Br-Klassik\",\"Chrosty Doran\",\"Jazzclub Leerer Beutel\",\"jazztime\",\"Leerer Beutel Regensburg\",\"Luzern\",\"Michael Scheiner\",\"OM\",\"Rockjazz\",\"Schweiz\",\"Urs Leimgruber\"],\"articleSection\":[\"Bericht\",\"Galerie\"],\"inLanguage\":\"de\",\"potentialAction\":[{\"@type\":\"CommentAction\",\"name\":\"Comment\",\"target\":[\"https:\\\/\\\/www.jazzzeitung.de\\\/cms\\\/2019\\\/07\\\/magische-klangmomente-rockjazzformation-om-gibt-seltenes-konzert-in-regensburg\\\/#respond\"]}]},{\"@type\":\"WebPage\",\"@id\":\"https:\\\/\\\/www.jazzzeitung.de\\\/cms\\\/2019\\\/07\\\/magische-klangmomente-rockjazzformation-om-gibt-seltenes-konzert-in-regensburg\\\/\",\"url\":\"https:\\\/\\\/www.jazzzeitung.de\\\/cms\\\/2019\\\/07\\\/magische-klangmomente-rockjazzformation-om-gibt-seltenes-konzert-in-regensburg\\\/\",\"name\":\"Magische Klangmomente: Rockjazzformation OM gibt seltenes Konzert in Regensburg - JazzZeitung\",\"isPartOf\":{\"@id\":\"https:\\\/\\\/www.jazzzeitung.de\\\/cms\\\/#website\"},\"primaryImageOfPage\":{\"@id\":\"https:\\\/\\\/www.jazzzeitung.de\\\/cms\\\/2019\\\/07\\\/magische-klangmomente-rockjazzformation-om-gibt-seltenes-konzert-in-regensburg\\\/#primaryimage\"},\"image\":{\"@id\":\"https:\\\/\\\/www.jazzzeitung.de\\\/cms\\\/2019\\\/07\\\/magische-klangmomente-rockjazzformation-om-gibt-seltenes-konzert-in-regensburg\\\/#primaryimage\"},\"thumbnailUrl\":\"https:\\\/\\\/i0.wp.com\\\/www.jazzzeitung.de\\\/cms\\\/wp-content\\\/uploads\\\/2019\\\/07\\\/Doran-christy_05-1.jpg?fit=2362%2C1586&ssl=1\",\"datePublished\":\"2019-07-08T10:53:00+00:00\",\"breadcrumb\":{\"@id\":\"https:\\\/\\\/www.jazzzeitung.de\\\/cms\\\/2019\\\/07\\\/magische-klangmomente-rockjazzformation-om-gibt-seltenes-konzert-in-regensburg\\\/#breadcrumb\"},\"inLanguage\":\"de\",\"potentialAction\":[{\"@type\":\"ReadAction\",\"target\":[\"https:\\\/\\\/www.jazzzeitung.de\\\/cms\\\/2019\\\/07\\\/magische-klangmomente-rockjazzformation-om-gibt-seltenes-konzert-in-regensburg\\\/\"]}]},{\"@type\":\"ImageObject\",\"inLanguage\":\"de\",\"@id\":\"https:\\\/\\\/www.jazzzeitung.de\\\/cms\\\/2019\\\/07\\\/magische-klangmomente-rockjazzformation-om-gibt-seltenes-konzert-in-regensburg\\\/#primaryimage\",\"url\":\"https:\\\/\\\/i0.wp.com\\\/www.jazzzeitung.de\\\/cms\\\/wp-content\\\/uploads\\\/2019\\\/07\\\/Doran-christy_05-1.jpg?fit=2362%2C1586&ssl=1\",\"contentUrl\":\"https:\\\/\\\/i0.wp.com\\\/www.jazzzeitung.de\\\/cms\\\/wp-content\\\/uploads\\\/2019\\\/07\\\/Doran-christy_05-1.jpg?fit=2362%2C1586&ssl=1\",\"width\":2362,\"height\":1586,\"caption\":\"Christy Doran. Foto: Michael Scheiner\"},{\"@type\":\"BreadcrumbList\",\"@id\":\"https:\\\/\\\/www.jazzzeitung.de\\\/cms\\\/2019\\\/07\\\/magische-klangmomente-rockjazzformation-om-gibt-seltenes-konzert-in-regensburg\\\/#breadcrumb\",\"itemListElement\":[{\"@type\":\"ListItem\",\"position\":1,\"name\":\"Startseite\",\"item\":\"https:\\\/\\\/www.jazzzeitung.de\\\/cms\\\/\"},{\"@type\":\"ListItem\",\"position\":2,\"name\":\"Magische Klangmomente: Rockjazzformation OM gibt seltenes Konzert in Regensburg\"}]},{\"@type\":\"WebSite\",\"@id\":\"https:\\\/\\\/www.jazzzeitung.de\\\/cms\\\/#website\",\"url\":\"https:\\\/\\\/www.jazzzeitung.de\\\/cms\\\/\",\"name\":\"JazzZeitung\",\"description\":\"Jazz-News und Jazz-Kontroverses\",\"publisher\":{\"@id\":\"https:\\\/\\\/www.jazzzeitung.de\\\/cms\\\/#organization\"},\"potentialAction\":[{\"@type\":\"SearchAction\",\"target\":{\"@type\":\"EntryPoint\",\"urlTemplate\":\"https:\\\/\\\/www.jazzzeitung.de\\\/cms\\\/?s={search_term_string}\"},\"query-input\":{\"@type\":\"PropertyValueSpecification\",\"valueRequired\":true,\"valueName\":\"search_term_string\"}}],\"inLanguage\":\"de\"},{\"@type\":\"Organization\",\"@id\":\"https:\\\/\\\/www.jazzzeitung.de\\\/cms\\\/#organization\",\"name\":\"JazzZeitung online\",\"url\":\"https:\\\/\\\/www.jazzzeitung.de\\\/cms\\\/\",\"logo\":{\"@type\":\"ImageObject\",\"inLanguage\":\"de\",\"@id\":\"https:\\\/\\\/www.jazzzeitung.de\\\/cms\\\/#\\\/schema\\\/logo\\\/image\\\/\",\"url\":\"https:\\\/\\\/i0.wp.com\\\/www.jazzzeitung.de\\\/cms\\\/wp-content\\\/uploads\\\/2015\\\/08\\\/JAZZZEITUNGDE_Logo_Neu.png?fit=499%2C200&ssl=1\",\"contentUrl\":\"https:\\\/\\\/i0.wp.com\\\/www.jazzzeitung.de\\\/cms\\\/wp-content\\\/uploads\\\/2015\\\/08\\\/JAZZZEITUNGDE_Logo_Neu.png?fit=499%2C200&ssl=1\",\"width\":499,\"height\":200,\"caption\":\"JazzZeitung online\"},\"image\":{\"@id\":\"https:\\\/\\\/www.jazzzeitung.de\\\/cms\\\/#\\\/schema\\\/logo\\\/image\\\/\"},\"sameAs\":[\"https:\\\/\\\/www.facebook.com\\\/JazzZeitung\\\/\"]},{\"@type\":\"Person\",\"@id\":\"https:\\\/\\\/www.jazzzeitung.de\\\/cms\\\/#\\\/schema\\\/person\\\/a0bebd4d1728041629a3cbd7790f87fb\",\"name\":\"Michael Scheiner\",\"image\":{\"@type\":\"ImageObject\",\"inLanguage\":\"de\",\"@id\":\"https:\\\/\\\/secure.gravatar.com\\\/avatar\\\/c2d6ac12f682c419867cf3f803880bb41d5b23007d3670820aa9a6e7b5f6ec8d?s=96&d=wp_user_avatar&r=gdabb1b10453880983dfc53da7552ec76\",\"url\":\"https:\\\/\\\/secure.gravatar.com\\\/avatar\\\/c2d6ac12f682c419867cf3f803880bb41d5b23007d3670820aa9a6e7b5f6ec8d?s=96&d=wp_user_avatar&r=g\",\"contentUrl\":\"https:\\\/\\\/secure.gravatar.com\\\/avatar\\\/c2d6ac12f682c419867cf3f803880bb41d5b23007d3670820aa9a6e7b5f6ec8d?s=96&d=wp_user_avatar&r=g\",\"caption\":\"Michael Scheiner\"},\"sameAs\":[\"http:\\\/\\\/www.michaelscheiner.de\"],\"url\":\"https:\\\/\\\/www.jazzzeitung.de\\\/cms\\\/author\\\/mscheiner\\\/\"}]}<\/script>\n<!-- \/ Yoast SEO plugin. -->","yoast_head_json":{"title":"Magische Klangmomente: Rockjazzformation OM gibt seltenes Konzert in Regensburg - JazzZeitung","robots":{"index":"index","follow":"follow","max-snippet":"max-snippet:-1","max-image-preview":"max-image-preview:large","max-video-preview":"max-video-preview:-1"},"canonical":"https:\/\/www.jazzzeitung.de\/cms\/2019\/07\/magische-klangmomente-rockjazzformation-om-gibt-seltenes-konzert-in-regensburg\/","og_locale":"de_DE","og_type":"article","og_title":"Magische Klangmomente: Rockjazzformation OM gibt seltenes Konzert in Regensburg - JazzZeitung","og_description":"Es sei das beste gewesen, was sie seit langem geh\u00f6rt habe. Etwas unsicher, aber mit leuchtenden Augen, h\u00e4lt die junge Frau Urs Leimgruber und Christy Doran nach deren Auftritt mit OM im Leeren Beutel ein abgel\u00f6stes Plakat zum Signieren hin. Sie spiele selbst Musik, erkl\u00e4rt sie und antwortet auf die Frage nach ihrem Alter: \u201e18 Jahre.\u201c \u201eSo muss es sein\u201c, strahlt sie darauf der 67-j\u00e4hrige Saxofonist an, \u201edie Jugend h\u00f6rt unsere Musik\u201c. Damit \u00fcbertreibt der grauhaarige Musiker mit dem adretten Pferdeschwanz zwar leicht, denn das Gros der Zuh\u00f6rer im Konzertraum geh\u00f6rt eindeutig \u00e4lteren Semestern an. Vermutlich haben einige schon die erste Auflage des Quartetts in den sp\u00e4ten 70er- oder fr\u00fchen 80er-Jahren miterlebt. Damals z\u00e4hlte OM aus dem zentralschweizerischen Luzern zu den aufregendsten Gruppen des sich neu entwickelnden Jazzrock-Genres. Selbst hat das \u2013 bis heute \u2013 kollektiv organisierte Quartett seine Musik allerdings immer als \u201eElectric Jazz\u201c bezeichnet. Durchaus auch um sich gegen die einsetzende Kommerzialisierung und musikalische Vereinfachung abzugrenzen, die sich auch bald herausbildete und manchen Bands eine breitere Anerkennung verschaffte. Neben dem deutschen Trio Giger-Lenz-Marron und der englischen Band Nucleus um den Trompeter und Musikprofessor &hellip;","og_url":"https:\/\/www.jazzzeitung.de\/cms\/2019\/07\/magische-klangmomente-rockjazzformation-om-gibt-seltenes-konzert-in-regensburg\/","og_site_name":"JazzZeitung","article_publisher":"https:\/\/www.facebook.com\/JazzZeitung\/","article_published_time":"2019-07-08T10:53:00+00:00","og_image":[{"width":2362,"height":1586,"url":"https:\/\/i0.wp.com\/www.jazzzeitung.de\/cms\/wp-content\/uploads\/2019\/07\/Doran-christy_05-1.jpg?fit=2362%2C1586&ssl=1","type":"image\/jpeg"}],"author":"Michael Scheiner","schema":{"@context":"https:\/\/schema.org","@graph":[{"@type":"Article","@id":"https:\/\/www.jazzzeitung.de\/cms\/2019\/07\/magische-klangmomente-rockjazzformation-om-gibt-seltenes-konzert-in-regensburg\/#article","isPartOf":{"@id":"https:\/\/www.jazzzeitung.de\/cms\/2019\/07\/magische-klangmomente-rockjazzformation-om-gibt-seltenes-konzert-in-regensburg\/"},"author":{"name":"Michael Scheiner","@id":"https:\/\/www.jazzzeitung.de\/cms\/#\/schema\/person\/a0bebd4d1728041629a3cbd7790f87fb"},"headline":"Magische Klangmomente: Rockjazzformation OM gibt seltenes Konzert in Regensburg","datePublished":"2019-07-08T10:53:00+00:00","mainEntityOfPage":{"@id":"https:\/\/www.jazzzeitung.de\/cms\/2019\/07\/magische-klangmomente-rockjazzformation-om-gibt-seltenes-konzert-in-regensburg\/"},"wordCount":641,"commentCount":0,"publisher":{"@id":"https:\/\/www.jazzzeitung.de\/cms\/#organization"},"image":{"@id":"https:\/\/www.jazzzeitung.de\/cms\/2019\/07\/magische-klangmomente-rockjazzformation-om-gibt-seltenes-konzert-in-regensburg\/#primaryimage"},"thumbnailUrl":"https:\/\/i0.wp.com\/www.jazzzeitung.de\/cms\/wp-content\/uploads\/2019\/07\/Doran-christy_05-1.jpg?fit=2362%2C1586&ssl=1","keywords":["Bayerischer Rundfunk","Br-Klassik","Chrosty Doran","Jazzclub Leerer Beutel","jazztime","Leerer Beutel Regensburg","Luzern","Michael Scheiner","OM","Rockjazz","Schweiz","Urs Leimgruber"],"articleSection":["Bericht","Galerie"],"inLanguage":"de","potentialAction":[{"@type":"CommentAction","name":"Comment","target":["https:\/\/www.jazzzeitung.de\/cms\/2019\/07\/magische-klangmomente-rockjazzformation-om-gibt-seltenes-konzert-in-regensburg\/#respond"]}]},{"@type":"WebPage","@id":"https:\/\/www.jazzzeitung.de\/cms\/2019\/07\/magische-klangmomente-rockjazzformation-om-gibt-seltenes-konzert-in-regensburg\/","url":"https:\/\/www.jazzzeitung.de\/cms\/2019\/07\/magische-klangmomente-rockjazzformation-om-gibt-seltenes-konzert-in-regensburg\/","name":"Magische Klangmomente: Rockjazzformation OM gibt seltenes Konzert in Regensburg - JazzZeitung","isPartOf":{"@id":"https:\/\/www.jazzzeitung.de\/cms\/#website"},"primaryImageOfPage":{"@id":"https:\/\/www.jazzzeitung.de\/cms\/2019\/07\/magische-klangmomente-rockjazzformation-om-gibt-seltenes-konzert-in-regensburg\/#primaryimage"},"image":{"@id":"https:\/\/www.jazzzeitung.de\/cms\/2019\/07\/magische-klangmomente-rockjazzformation-om-gibt-seltenes-konzert-in-regensburg\/#primaryimage"},"thumbnailUrl":"https:\/\/i0.wp.com\/www.jazzzeitung.de\/cms\/wp-content\/uploads\/2019\/07\/Doran-christy_05-1.jpg?fit=2362%2C1586&ssl=1","datePublished":"2019-07-08T10:53:00+00:00","breadcrumb":{"@id":"https:\/\/www.jazzzeitung.de\/cms\/2019\/07\/magische-klangmomente-rockjazzformation-om-gibt-seltenes-konzert-in-regensburg\/#breadcrumb"},"inLanguage":"de","potentialAction":[{"@type":"ReadAction","target":["https:\/\/www.jazzzeitung.de\/cms\/2019\/07\/magische-klangmomente-rockjazzformation-om-gibt-seltenes-konzert-in-regensburg\/"]}]},{"@type":"ImageObject","inLanguage":"de","@id":"https:\/\/www.jazzzeitung.de\/cms\/2019\/07\/magische-klangmomente-rockjazzformation-om-gibt-seltenes-konzert-in-regensburg\/#primaryimage","url":"https:\/\/i0.wp.com\/www.jazzzeitung.de\/cms\/wp-content\/uploads\/2019\/07\/Doran-christy_05-1.jpg?fit=2362%2C1586&ssl=1","contentUrl":"https:\/\/i0.wp.com\/www.jazzzeitung.de\/cms\/wp-content\/uploads\/2019\/07\/Doran-christy_05-1.jpg?fit=2362%2C1586&ssl=1","width":2362,"height":1586,"caption":"Christy Doran. Foto: Michael Scheiner"},{"@type":"BreadcrumbList","@id":"https:\/\/www.jazzzeitung.de\/cms\/2019\/07\/magische-klangmomente-rockjazzformation-om-gibt-seltenes-konzert-in-regensburg\/#breadcrumb","itemListElement":[{"@type":"ListItem","position":1,"name":"Startseite","item":"https:\/\/www.jazzzeitung.de\/cms\/"},{"@type":"ListItem","position":2,"name":"Magische Klangmomente: Rockjazzformation OM gibt seltenes Konzert in Regensburg"}]},{"@type":"WebSite","@id":"https:\/\/www.jazzzeitung.de\/cms\/#website","url":"https:\/\/www.jazzzeitung.de\/cms\/","name":"JazzZeitung","description":"Jazz-News und Jazz-Kontroverses","publisher":{"@id":"https:\/\/www.jazzzeitung.de\/cms\/#organization"},"potentialAction":[{"@type":"SearchAction","target":{"@type":"EntryPoint","urlTemplate":"https:\/\/www.jazzzeitung.de\/cms\/?s={search_term_string}"},"query-input":{"@type":"PropertyValueSpecification","valueRequired":true,"valueName":"search_term_string"}}],"inLanguage":"de"},{"@type":"Organization","@id":"https:\/\/www.jazzzeitung.de\/cms\/#organization","name":"JazzZeitung online","url":"https:\/\/www.jazzzeitung.de\/cms\/","logo":{"@type":"ImageObject","inLanguage":"de","@id":"https:\/\/www.jazzzeitung.de\/cms\/#\/schema\/logo\/image\/","url":"https:\/\/i0.wp.com\/www.jazzzeitung.de\/cms\/wp-content\/uploads\/2015\/08\/JAZZZEITUNGDE_Logo_Neu.png?fit=499%2C200&ssl=1","contentUrl":"https:\/\/i0.wp.com\/www.jazzzeitung.de\/cms\/wp-content\/uploads\/2015\/08\/JAZZZEITUNGDE_Logo_Neu.png?fit=499%2C200&ssl=1","width":499,"height":200,"caption":"JazzZeitung online"},"image":{"@id":"https:\/\/www.jazzzeitung.de\/cms\/#\/schema\/logo\/image\/"},"sameAs":["https:\/\/www.facebook.com\/JazzZeitung\/"]},{"@type":"Person","@id":"https:\/\/www.jazzzeitung.de\/cms\/#\/schema\/person\/a0bebd4d1728041629a3cbd7790f87fb","name":"Michael Scheiner","image":{"@type":"ImageObject","inLanguage":"de","@id":"https:\/\/secure.gravatar.com\/avatar\/c2d6ac12f682c419867cf3f803880bb41d5b23007d3670820aa9a6e7b5f6ec8d?s=96&d=wp_user_avatar&r=gdabb1b10453880983dfc53da7552ec76","url":"https:\/\/secure.gravatar.com\/avatar\/c2d6ac12f682c419867cf3f803880bb41d5b23007d3670820aa9a6e7b5f6ec8d?s=96&d=wp_user_avatar&r=g","contentUrl":"https:\/\/secure.gravatar.com\/avatar\/c2d6ac12f682c419867cf3f803880bb41d5b23007d3670820aa9a6e7b5f6ec8d?s=96&d=wp_user_avatar&r=g","caption":"Michael Scheiner"},"sameAs":["http:\/\/www.michaelscheiner.de"],"url":"https:\/\/www.jazzzeitung.de\/cms\/author\/mscheiner\/"}]}},"wp-worthy-pixel":{"ignored":false,"public":null,"server":null,"url":null},"wp-worthy-type":"normal","jetpack_publicize_connections":[],"cc_featured_image_caption":{"caption_text":"","source_text":"","source_url":""},"jetpack_featured_media_url":"https:\/\/i0.wp.com\/www.jazzzeitung.de\/cms\/wp-content\/uploads\/2019\/07\/Doran-christy_05-1.jpg?fit=2362%2C1586&ssl=1","jetpack_shortlink":"https:\/\/wp.me\/p3KEcT-5c4","jetpack-related-posts":[{"id":28719,"url":"https:\/\/www.jazzzeitung.de\/cms\/2022\/11\/wuchtige-grooves-stille-momente-kultband-om-im-jazzclub-leerer-beutel\/","url_meta":{"origin":19968,"position":0},"title":"Wuchtige Grooves, stille Momente: Kultband OM im Jazzclub Leerer Beutel","author":"Michael Scheiner","date":"30. November 2022","format":false,"excerpt":"P-M-F\/B, der Titel ist so r\u00e4tselhaft, wie vieldeutig. Mit diesem m\u00e4chtig groovenden St\u00fcck aus ihrem neuen Album \u201eOM 50\u201c fallen die vier Musiker der schweizerischen Kultband beim Jazzclub in Regensburg mit der T\u00fcr ins Haus. Unnachgiebig jagt Bobby Burri mit dem Plektron \u00fcber die Saiten des Kontrabasses, nicht weniger straff\u2026","rel":"","context":"In &quot;Rezension&quot;","block_context":{"text":"Rezension","link":"https:\/\/www.jazzzeitung.de\/cms\/thema\/rezension\/"},"img":{"alt_text":"","src":"https:\/\/i0.wp.com\/www.jazzzeitung.de\/cms\/wp-content\/uploads\/2022\/11\/om-studer_97.jpg?fit=1200%2C769&ssl=1&resize=350%2C200","width":350,"height":200,"srcset":"https:\/\/i0.wp.com\/www.jazzzeitung.de\/cms\/wp-content\/uploads\/2022\/11\/om-studer_97.jpg?fit=1200%2C769&ssl=1&resize=350%2C200 1x, https:\/\/i0.wp.com\/www.jazzzeitung.de\/cms\/wp-content\/uploads\/2022\/11\/om-studer_97.jpg?fit=1200%2C769&ssl=1&resize=525%2C300 1.5x, https:\/\/i0.wp.com\/www.jazzzeitung.de\/cms\/wp-content\/uploads\/2022\/11\/om-studer_97.jpg?fit=1200%2C769&ssl=1&resize=700%2C400 2x, https:\/\/i0.wp.com\/www.jazzzeitung.de\/cms\/wp-content\/uploads\/2022\/11\/om-studer_97.jpg?fit=1200%2C769&ssl=1&resize=1050%2C600 3x"},"classes":[]},{"id":29366,"url":"https:\/\/www.jazzzeitung.de\/cms\/2023\/04\/poetische-jazzsongs-mit-humor-und-tiefe\/","url_meta":{"origin":19968,"position":1},"title":"Poetische Jazzsongs mit Humor und Tiefe","author":"Michael Scheiner","date":"25. April 2023","format":false,"excerpt":"Konzert. Um ein Haar w\u00e4re der gro\u00dfartige Auftritt von S\u00e4ngerin Efrat Alony Covid zum Opfer gefallen. \u00a0 Regensburg. Nach au\u00dfen schrill, nach innen poetisch, tr\u00e4umerisch und oft alles andere als geradlinig. Efrat Alonys Songs besch\u00e4ftigen sich auf vielf\u00e4ltige Weise mit Eindr\u00fccken und ihrer Sicht auf die Welt um sie herum\u2026","rel":"","context":"In &quot;Bericht&quot;","block_context":{"text":"Bericht","link":"https:\/\/www.jazzzeitung.de\/cms\/thema\/bericht\/"},"img":{"alt_text":"","src":"https:\/\/i0.wp.com\/www.jazzzeitung.de\/cms\/wp-content\/uploads\/2023\/04\/alony-band_12.jpg?fit=1200%2C769&ssl=1&resize=350%2C200","width":350,"height":200,"srcset":"https:\/\/i0.wp.com\/www.jazzzeitung.de\/cms\/wp-content\/uploads\/2023\/04\/alony-band_12.jpg?fit=1200%2C769&ssl=1&resize=350%2C200 1x, https:\/\/i0.wp.com\/www.jazzzeitung.de\/cms\/wp-content\/uploads\/2023\/04\/alony-band_12.jpg?fit=1200%2C769&ssl=1&resize=525%2C300 1.5x, https:\/\/i0.wp.com\/www.jazzzeitung.de\/cms\/wp-content\/uploads\/2023\/04\/alony-band_12.jpg?fit=1200%2C769&ssl=1&resize=700%2C400 2x, https:\/\/i0.wp.com\/www.jazzzeitung.de\/cms\/wp-content\/uploads\/2023\/04\/alony-band_12.jpg?fit=1200%2C769&ssl=1&resize=1050%2C600 3x"},"classes":[]},{"id":14601,"url":"https:\/\/www.jazzzeitung.de\/cms\/2017\/12\/minimal-jazz-andreas-dombert-im-regensburger-kulturhaus-leerer-beutel\/","url_meta":{"origin":19968,"position":2},"title":"Minimal Jazz: Andreas Dombert im Regensburger Kulturhaus Leerer Beutel","author":"Michael Scheiner","date":"21. Dezember 2017","format":false,"excerpt":"Minimal Schritte in eine neue Richtung Der Regensburger Gitarrist Andreas Dombert stellte im Kulturhaus Leerer Beutel sein neues Programm mit Minimal-Kompositionen vor Er sei, schildert Gitarrist Andreas Dombert auf der schmalen B\u00fchne im dritten Stock des Leeren Beutels in Regensburg, \u201ein ein richtiges Loch gefallen\u201c. Nach der Produktion des Album\u2026","rel":"","context":"In &quot;Bericht&quot;","block_context":{"text":"Bericht","link":"https:\/\/www.jazzzeitung.de\/cms\/thema\/bericht\/"},"img":{"alt_text":"","src":"https:\/\/i0.wp.com\/www.jazzzeitung.de\/cms\/wp-content\/uploads\/2017\/12\/Dombert-Andreas_81.jpg?fit=1200%2C798&ssl=1&resize=350%2C200","width":350,"height":200,"srcset":"https:\/\/i0.wp.com\/www.jazzzeitung.de\/cms\/wp-content\/uploads\/2017\/12\/Dombert-Andreas_81.jpg?fit=1200%2C798&ssl=1&resize=350%2C200 1x, https:\/\/i0.wp.com\/www.jazzzeitung.de\/cms\/wp-content\/uploads\/2017\/12\/Dombert-Andreas_81.jpg?fit=1200%2C798&ssl=1&resize=525%2C300 1.5x, https:\/\/i0.wp.com\/www.jazzzeitung.de\/cms\/wp-content\/uploads\/2017\/12\/Dombert-Andreas_81.jpg?fit=1200%2C798&ssl=1&resize=700%2C400 2x, https:\/\/i0.wp.com\/www.jazzzeitung.de\/cms\/wp-content\/uploads\/2017\/12\/Dombert-Andreas_81.jpg?fit=1200%2C798&ssl=1&resize=1050%2C600 3x"},"classes":[]},{"id":20912,"url":"https:\/\/www.jazzzeitung.de\/cms\/2019\/10\/ein-werwolf-tanzt-den-rap\/","url_meta":{"origin":19968,"position":3},"title":"Ein Werwolf tanzt den Rap","author":"Redaktion JazzZeitung","date":"17. Oktober 2019","format":false,"excerpt":"Im Jazzclub Leerer Beutel in Regensburg bekommt die portugiesische S\u00e4ngerin Maria Jo\u00e3o im Duo mit Jo\u00e3o Farinha frenetischen Applaus. \u00a0\u00a0\u00a0\u00a0\u00a0\u00a0\u00a0\u00a0\u00a0 Singen? Klar, singen kann sie auch, die Portugiesin mit der Mehroktavenstimme \u2013 und wie! Was sie aber sonst noch alles mit ihrer Stimme, der Zunge, den Lippen und mit dem\u2026","rel":"","context":"In &quot;Bericht&quot;","block_context":{"text":"Bericht","link":"https:\/\/www.jazzzeitung.de\/cms\/thema\/bericht\/"},"img":{"alt_text":"","src":"https:\/\/i0.wp.com\/www.jazzzeitung.de\/cms\/wp-content\/uploads\/2019\/10\/Joao-maria_10.jpeg?fit=567%2C386&ssl=1&resize=350%2C200","width":350,"height":200,"srcset":"https:\/\/i0.wp.com\/www.jazzzeitung.de\/cms\/wp-content\/uploads\/2019\/10\/Joao-maria_10.jpeg?fit=567%2C386&ssl=1&resize=350%2C200 1x, https:\/\/i0.wp.com\/www.jazzzeitung.de\/cms\/wp-content\/uploads\/2019\/10\/Joao-maria_10.jpeg?fit=567%2C386&ssl=1&resize=525%2C300 1.5x"},"classes":[]},{"id":20861,"url":"https:\/\/www.jazzzeitung.de\/cms\/2019\/10\/furioses-fuer-144-saiten-plus-drumset-neue-cd-von-christy-doran\/","url_meta":{"origin":19968,"position":4},"title":"Furioses f\u00fcr 144 Saiten plus Drumset &#8211; neue CD von Christy Doran","author":"Michael Scheiner","date":"10. Oktober 2019","format":false,"excerpt":"Seit Jahrzehnten versorgt der irisch-schweizerische Gitarrist Christy Doran eine treue Fangemeinde stetig mit neuen Ideen und musikalischen \u00dcberraschungen. Bands wie New Bag, Sound Fountain oder Bunter Hund existieren teilweise als Langzeitprojekte bis heute. Seine Partner und Mitmusiker sucht er sich danach aus, wie er sich mit ihnen in einen ekstatischen\u2026","rel":"","context":"In &quot;Rezension&quot;","block_context":{"text":"Rezension","link":"https:\/\/www.jazzzeitung.de\/cms\/thema\/rezension\/"},"img":{"alt_text":"","src":"https:\/\/i0.wp.com\/www.jazzzeitung.de\/cms\/wp-content\/uploads\/2019\/10\/Doran-christy_51.jpeg?fit=567%2C378&ssl=1&resize=350%2C200","width":350,"height":200,"srcset":"https:\/\/i0.wp.com\/www.jazzzeitung.de\/cms\/wp-content\/uploads\/2019\/10\/Doran-christy_51.jpeg?fit=567%2C378&ssl=1&resize=350%2C200 1x, https:\/\/i0.wp.com\/www.jazzzeitung.de\/cms\/wp-content\/uploads\/2019\/10\/Doran-christy_51.jpeg?fit=567%2C378&ssl=1&resize=525%2C300 1.5x"},"classes":[]},{"id":13670,"url":"https:\/\/www.jazzzeitung.de\/cms\/2017\/10\/save-the-date-der-jazzclub-regensburg-wird-30\/","url_meta":{"origin":19968,"position":5},"title":"Save the date: der Jazzclub Regensburg wird 30","author":"Redaktion JazzZeitung","date":"5. Oktober 2017","format":false,"excerpt":"Seit 30 Jahren steht der Jazzclub Regensburg f\u00fcr ein genauso hochkar\u00e4tiges, wie abwechslungsreiches Live-Programm. In diesem Herbst wird die bayerische Musikinstitution 30 Jahre alt \u2013 gefeiert wird im November. Seit 1987 hat der Jazz in Regensburg ein Zuhause \u2013im Jazzclub Regensburg, angesiedelt im historischen Gem\u00e4uer des Kulturzentrums \u201eLeerer Beutel\u201c (Bertoldstra\u00dfe\u2026","rel":"","context":"In &quot;News&quot;","block_context":{"text":"News","link":"https:\/\/www.jazzzeitung.de\/cms\/thema\/nachrichten\/"},"img":{"alt_text":"","src":"https:\/\/i0.wp.com\/www.jazzzeitung.de\/cms\/wp-content\/uploads\/2017\/10\/Pablo-Held-Trio-Wald-73423.jpg?fit=1200%2C800&ssl=1&resize=350%2C200","width":350,"height":200,"srcset":"https:\/\/i0.wp.com\/www.jazzzeitung.de\/cms\/wp-content\/uploads\/2017\/10\/Pablo-Held-Trio-Wald-73423.jpg?fit=1200%2C800&ssl=1&resize=350%2C200 1x, https:\/\/i0.wp.com\/www.jazzzeitung.de\/cms\/wp-content\/uploads\/2017\/10\/Pablo-Held-Trio-Wald-73423.jpg?fit=1200%2C800&ssl=1&resize=525%2C300 1.5x, https:\/\/i0.wp.com\/www.jazzzeitung.de\/cms\/wp-content\/uploads\/2017\/10\/Pablo-Held-Trio-Wald-73423.jpg?fit=1200%2C800&ssl=1&resize=700%2C400 2x, https:\/\/i0.wp.com\/www.jazzzeitung.de\/cms\/wp-content\/uploads\/2017\/10\/Pablo-Held-Trio-Wald-73423.jpg?fit=1200%2C800&ssl=1&resize=1050%2C600 3x"},"classes":[]}],"jetpack_sharing_enabled":true,"_links":{"self":[{"href":"https:\/\/www.jazzzeitung.de\/cms\/wp-json\/wp\/v2\/posts\/19968","targetHints":{"allow":["GET"]}}],"collection":[{"href":"https:\/\/www.jazzzeitung.de\/cms\/wp-json\/wp\/v2\/posts"}],"about":[{"href":"https:\/\/www.jazzzeitung.de\/cms\/wp-json\/wp\/v2\/types\/post"}],"author":[{"embeddable":true,"href":"https:\/\/www.jazzzeitung.de\/cms\/wp-json\/wp\/v2\/users\/37"}],"replies":[{"embeddable":true,"href":"https:\/\/www.jazzzeitung.de\/cms\/wp-json\/wp\/v2\/comments?post=19968"}],"version-history":[{"count":5,"href":"https:\/\/www.jazzzeitung.de\/cms\/wp-json\/wp\/v2\/posts\/19968\/revisions"}],"predecessor-version":[{"id":20028,"href":"https:\/\/www.jazzzeitung.de\/cms\/wp-json\/wp\/v2\/posts\/19968\/revisions\/20028"}],"wp:featuredmedia":[{"embeddable":true,"href":"https:\/\/www.jazzzeitung.de\/cms\/wp-json\/wp\/v2\/media\/20026"}],"wp:attachment":[{"href":"https:\/\/www.jazzzeitung.de\/cms\/wp-json\/wp\/v2\/media?parent=19968"}],"wp:term":[{"taxonomy":"category","embeddable":true,"href":"https:\/\/www.jazzzeitung.de\/cms\/wp-json\/wp\/v2\/categories?post=19968"},{"taxonomy":"post_tag","embeddable":true,"href":"https:\/\/www.jazzzeitung.de\/cms\/wp-json\/wp\/v2\/tags?post=19968"},{"taxonomy":"author","embeddable":true,"href":"https:\/\/www.jazzzeitung.de\/cms\/wp-json\/wp\/v2\/coauthors?post=19968"}],"curies":[{"name":"wp","href":"https:\/\/api.w.org\/{rel}","templated":true}]}}