{"id":19941,"date":"2019-07-03T10:32:40","date_gmt":"2019-07-03T08:32:40","guid":{"rendered":"https:\/\/www.jazzzeitung.de\/cms\/?p=19941"},"modified":"2019-07-01T10:43:09","modified_gmt":"2019-07-01T08:43:09","slug":"tunnel-visions-ark-noirs-debuet-cd-bei-enja","status":"publish","type":"post","link":"https:\/\/www.jazzzeitung.de\/cms\/2019\/07\/tunnel-visions-ark-noirs-debuet-cd-bei-enja\/","title":{"rendered":"\u201eTunnel Visions\u201c &#8211; ARK NOIRs Deb\u00fct-CD bei enja"},"content":{"rendered":"<p>Jazz not Jazz &#8211; im Universum elektronischer Beatmusik kombiniert mit Improvisationselementen bleibt es weiter spannend. Ein Schmelztiegel f\u00fcr diese neuen Impulse ist seit geraumer Zeit die \u201eMetropole\u201c M\u00fcnchen. Abgesehen von Clubs die diese Musik f\u00f6rdern, wie den Harry Klein Club, das Milla oder der Jazz Club Unterfahrt, entstehen und etablieren sich in diesem Bereich hoch interessante Formationen wie ARK NOIR. Bands wie SLATEC, LBT oder letztlich die JazzRausch BigBand sind Vor- und Wegreiter f\u00fcr das, was in der Szene gerade abgeht und passiert.\u00a0Die M\u00fcnchner Band ARK NOIR, gegr\u00fcndet vor gut vier Jahren vom Saxophonisten Moritz Stahl und Bassisten Robin Jermer, fand mit dem Schlagzeuger Marco Dufner sowie Tilman Brandl an der Gitarre musikalisch Gleichgesinnte, und als fast ein Jahr sp\u00e4ter noch Pianist und Keyboarder Sam Hylton dazu kam war das Kollektiv komplett.<\/p>\n<div class=\"tiled-gallery type-rectangular tiled-gallery-unresized\" data-original-width=\"840\" data-carousel-extra='{&quot;blog_id&quot;:1,&quot;permalink&quot;:&quot;https:\\\/\\\/www.jazzzeitung.de\\\/cms\\\/2019\\\/07\\\/tunnel-visions-ark-noirs-debuet-cd-bei-enja\\\/&quot;,&quot;likes_blog_id&quot;:55446655}' itemscope itemtype=\"http:\/\/schema.org\/ImageGallery\" > <div class=\"gallery-row\" style=\"width: 840px; height: 239px;\" data-original-width=\"840\" data-original-height=\"239\" > <div class=\"gallery-group images-1\" style=\"width: 357px; height: 239px;\" data-original-width=\"357\" data-original-height=\"239\" > <div class=\"tiled-gallery-item tiled-gallery-item-large\" itemprop=\"associatedMedia\" itemscope itemtype=\"http:\/\/schema.org\/ImageObject\"> <a href=\"https:\/\/www.jazzzeitung.de\/cms\/2019\/07\/tunnel-visions-ark-noirs-debuet-cd-bei-enja\/p1346402-ark-noir-foto-tj-krebs\/\" border=\"0\" itemprop=\"url\"> <meta itemprop=\"width\" content=\"353\"> <meta itemprop=\"height\" content=\"235\"> <img decoding=\"async\" class=\"\" data-attachment-id=\"19942\" data-orig-file=\"https:\/\/www.jazzzeitung.de\/cms\/wp-content\/uploads\/2019\/07\/P1346402-Ark-Noir-Foto-TJ-Krebs.jpg\" data-orig-size=\"1800,1200\" data-comments-opened=\"1\" data-image-meta=\"{&quot;aperture&quot;:&quot;0&quot;,&quot;credit&quot;:&quot;&quot;,&quot;camera&quot;:&quot;&quot;,&quot;caption&quot;:&quot;&quot;,&quot;created_timestamp&quot;:&quot;0&quot;,&quot;copyright&quot;:&quot;&quot;,&quot;focal_length&quot;:&quot;0&quot;,&quot;iso&quot;:&quot;0&quot;,&quot;shutter_speed&quot;:&quot;0&quot;,&quot;title&quot;:&quot;&quot;,&quot;orientation&quot;:&quot;0&quot;}\" data-image-title=\"P1346402 Ark Noir &amp;#8211; Foto TJ Krebs\" data-image-description=\"\" data-medium-file=\"https:\/\/i0.wp.com\/www.jazzzeitung.de\/cms\/wp-content\/uploads\/2019\/07\/P1346402-Ark-Noir-Foto-TJ-Krebs.jpg?fit=300%2C200&#038;ssl=1\" data-large-file=\"https:\/\/i0.wp.com\/www.jazzzeitung.de\/cms\/wp-content\/uploads\/2019\/07\/P1346402-Ark-Noir-Foto-TJ-Krebs.jpg?fit=840%2C560&#038;ssl=1\" src=\"https:\/\/i0.wp.com\/www.jazzzeitung.de\/cms\/wp-content\/uploads\/2019\/07\/P1346402-Ark-Noir-Foto-TJ-Krebs.jpg?w=353&#038;h=235&#038;ssl=1\" srcset=\"https:\/\/i0.wp.com\/www.jazzzeitung.de\/cms\/wp-content\/uploads\/2019\/07\/P1346402-Ark-Noir-Foto-TJ-Krebs.jpg?w=1800&amp;ssl=1 1800w, https:\/\/i0.wp.com\/www.jazzzeitung.de\/cms\/wp-content\/uploads\/2019\/07\/P1346402-Ark-Noir-Foto-TJ-Krebs.jpg?resize=300%2C200&amp;ssl=1 300w, https:\/\/i0.wp.com\/www.jazzzeitung.de\/cms\/wp-content\/uploads\/2019\/07\/P1346402-Ark-Noir-Foto-TJ-Krebs.jpg?resize=768%2C512&amp;ssl=1 768w, https:\/\/i0.wp.com\/www.jazzzeitung.de\/cms\/wp-content\/uploads\/2019\/07\/P1346402-Ark-Noir-Foto-TJ-Krebs.jpg?resize=900%2C600&amp;ssl=1 900w, https:\/\/i0.wp.com\/www.jazzzeitung.de\/cms\/wp-content\/uploads\/2019\/07\/P1346402-Ark-Noir-Foto-TJ-Krebs.jpg?resize=120%2C80&amp;ssl=1 120w, https:\/\/i0.wp.com\/www.jazzzeitung.de\/cms\/wp-content\/uploads\/2019\/07\/P1346402-Ark-Noir-Foto-TJ-Krebs.jpg?resize=1320%2C880&amp;ssl=1 1320w, https:\/\/i0.wp.com\/www.jazzzeitung.de\/cms\/wp-content\/uploads\/2019\/07\/P1346402-Ark-Noir-Foto-TJ-Krebs.jpg?w=1680&amp;ssl=1 1680w\" width=\"353\" height=\"235\" loading=\"lazy\" data-original-width=\"353\" data-original-height=\"235\" itemprop=\"http:\/\/schema.org\/image\" title=\"P1346402 Ark Noir - Foto TJ Krebs\" alt=\"P1346402 Ark Noir - Foto TJ Krebs\" style=\"width: 353px; height: 235px;\" \/> <\/a> <\/div> <\/div> <!-- close group --> <div class=\"gallery-group images-1\" style=\"width: 161px; height: 239px;\" data-original-width=\"161\" data-original-height=\"239\" > <div class=\"tiled-gallery-item tiled-gallery-item-small\" itemprop=\"associatedMedia\" itemscope itemtype=\"http:\/\/schema.org\/ImageObject\"> <a href=\"https:\/\/www.jazzzeitung.de\/cms\/2019\/07\/tunnel-visions-ark-noirs-debuet-cd-bei-enja\/p1346431-tilman-brandl-foto-tj-krebs\/\" border=\"0\" itemprop=\"url\"> <meta itemprop=\"width\" content=\"157\"> <meta itemprop=\"height\" content=\"235\"> <img decoding=\"async\" class=\"\" data-attachment-id=\"19943\" data-orig-file=\"https:\/\/www.jazzzeitung.de\/cms\/wp-content\/uploads\/2019\/07\/P1346431-Tilman-Brandl-Foto-TJ-Krebs.jpg\" data-orig-size=\"1200,1800\" data-comments-opened=\"1\" data-image-meta=\"{&quot;aperture&quot;:&quot;0&quot;,&quot;credit&quot;:&quot;&quot;,&quot;camera&quot;:&quot;&quot;,&quot;caption&quot;:&quot;&quot;,&quot;created_timestamp&quot;:&quot;0&quot;,&quot;copyright&quot;:&quot;&quot;,&quot;focal_length&quot;:&quot;0&quot;,&quot;iso&quot;:&quot;0&quot;,&quot;shutter_speed&quot;:&quot;0&quot;,&quot;title&quot;:&quot;&quot;,&quot;orientation&quot;:&quot;0&quot;}\" data-image-title=\"P1346431 Tilman Brandl &amp;#8211; Foto TJ Krebs\" data-image-description=\"\" data-medium-file=\"https:\/\/i0.wp.com\/www.jazzzeitung.de\/cms\/wp-content\/uploads\/2019\/07\/P1346431-Tilman-Brandl-Foto-TJ-Krebs.jpg?fit=200%2C300&#038;ssl=1\" data-large-file=\"https:\/\/i0.wp.com\/www.jazzzeitung.de\/cms\/wp-content\/uploads\/2019\/07\/P1346431-Tilman-Brandl-Foto-TJ-Krebs.jpg?fit=400%2C600&#038;ssl=1\" src=\"https:\/\/i0.wp.com\/www.jazzzeitung.de\/cms\/wp-content\/uploads\/2019\/07\/P1346431-Tilman-Brandl-Foto-TJ-Krebs.jpg?w=157&#038;h=235&#038;ssl=1\" srcset=\"https:\/\/i0.wp.com\/www.jazzzeitung.de\/cms\/wp-content\/uploads\/2019\/07\/P1346431-Tilman-Brandl-Foto-TJ-Krebs.jpg?w=1200&amp;ssl=1 1200w, https:\/\/i0.wp.com\/www.jazzzeitung.de\/cms\/wp-content\/uploads\/2019\/07\/P1346431-Tilman-Brandl-Foto-TJ-Krebs.jpg?resize=200%2C300&amp;ssl=1 200w, https:\/\/i0.wp.com\/www.jazzzeitung.de\/cms\/wp-content\/uploads\/2019\/07\/P1346431-Tilman-Brandl-Foto-TJ-Krebs.jpg?resize=768%2C1152&amp;ssl=1 768w, https:\/\/i0.wp.com\/www.jazzzeitung.de\/cms\/wp-content\/uploads\/2019\/07\/P1346431-Tilman-Brandl-Foto-TJ-Krebs.jpg?resize=400%2C600&amp;ssl=1 400w\" width=\"157\" height=\"235\" loading=\"lazy\" data-original-width=\"157\" data-original-height=\"235\" itemprop=\"http:\/\/schema.org\/image\" title=\"P1346431 Tilman Brandl - Foto TJ Krebs\" alt=\"P1346431 Tilman Brandl - Foto TJ Krebs\" style=\"width: 157px; height: 235px;\" \/> <\/a> <\/div> <\/div> <!-- close group --> <div class=\"gallery-group images-1\" style=\"width: 161px; height: 239px;\" data-original-width=\"161\" data-original-height=\"239\" > <div class=\"tiled-gallery-item tiled-gallery-item-small\" itemprop=\"associatedMedia\" itemscope itemtype=\"http:\/\/schema.org\/ImageObject\"> <a href=\"https:\/\/www.jazzzeitung.de\/cms\/2019\/07\/tunnel-visions-ark-noirs-debuet-cd-bei-enja\/p1346503-sam-hylton-foto-tj-krebs\/\" border=\"0\" itemprop=\"url\"> <meta itemprop=\"width\" content=\"157\"> <meta itemprop=\"height\" content=\"235\"> <img decoding=\"async\" class=\"\" data-attachment-id=\"19944\" data-orig-file=\"https:\/\/www.jazzzeitung.de\/cms\/wp-content\/uploads\/2019\/07\/P1346503-Sam-Hylton-Foto-TJ-Krebs.jpg\" data-orig-size=\"1200,1800\" data-comments-opened=\"1\" data-image-meta=\"{&quot;aperture&quot;:&quot;0&quot;,&quot;credit&quot;:&quot;&quot;,&quot;camera&quot;:&quot;&quot;,&quot;caption&quot;:&quot;&quot;,&quot;created_timestamp&quot;:&quot;0&quot;,&quot;copyright&quot;:&quot;&quot;,&quot;focal_length&quot;:&quot;0&quot;,&quot;iso&quot;:&quot;0&quot;,&quot;shutter_speed&quot;:&quot;0&quot;,&quot;title&quot;:&quot;&quot;,&quot;orientation&quot;:&quot;0&quot;}\" data-image-title=\"P1346503 Sam Hylton &amp;#8211; Foto TJ Krebs\" data-image-description=\"\" data-medium-file=\"https:\/\/i0.wp.com\/www.jazzzeitung.de\/cms\/wp-content\/uploads\/2019\/07\/P1346503-Sam-Hylton-Foto-TJ-Krebs.jpg?fit=200%2C300&#038;ssl=1\" data-large-file=\"https:\/\/i0.wp.com\/www.jazzzeitung.de\/cms\/wp-content\/uploads\/2019\/07\/P1346503-Sam-Hylton-Foto-TJ-Krebs.jpg?fit=400%2C600&#038;ssl=1\" src=\"https:\/\/i0.wp.com\/www.jazzzeitung.de\/cms\/wp-content\/uploads\/2019\/07\/P1346503-Sam-Hylton-Foto-TJ-Krebs.jpg?w=157&#038;h=235&#038;ssl=1\" srcset=\"https:\/\/i0.wp.com\/www.jazzzeitung.de\/cms\/wp-content\/uploads\/2019\/07\/P1346503-Sam-Hylton-Foto-TJ-Krebs.jpg?w=1200&amp;ssl=1 1200w, https:\/\/i0.wp.com\/www.jazzzeitung.de\/cms\/wp-content\/uploads\/2019\/07\/P1346503-Sam-Hylton-Foto-TJ-Krebs.jpg?resize=200%2C300&amp;ssl=1 200w, https:\/\/i0.wp.com\/www.jazzzeitung.de\/cms\/wp-content\/uploads\/2019\/07\/P1346503-Sam-Hylton-Foto-TJ-Krebs.jpg?resize=768%2C1152&amp;ssl=1 768w, https:\/\/i0.wp.com\/www.jazzzeitung.de\/cms\/wp-content\/uploads\/2019\/07\/P1346503-Sam-Hylton-Foto-TJ-Krebs.jpg?resize=400%2C600&amp;ssl=1 400w\" width=\"157\" height=\"235\" loading=\"lazy\" data-original-width=\"157\" data-original-height=\"235\" itemprop=\"http:\/\/schema.org\/image\" title=\"P1346503 Sam Hylton - Foto TJ Krebs\" alt=\"P1346503 Sam Hylton - Foto TJ Krebs\" style=\"width: 157px; height: 235px;\" \/> <\/a> <\/div> <\/div> <!-- close group --> <div class=\"gallery-group images-1\" style=\"width: 161px; height: 239px;\" data-original-width=\"161\" data-original-height=\"239\" > <div class=\"tiled-gallery-item tiled-gallery-item-small\" itemprop=\"associatedMedia\" itemscope itemtype=\"http:\/\/schema.org\/ImageObject\"> <a href=\"https:\/\/www.jazzzeitung.de\/cms\/2019\/07\/tunnel-visions-ark-noirs-debuet-cd-bei-enja\/p1346506-moritz-stahl-foto-tj-krebs\/\" border=\"0\" itemprop=\"url\"> <meta itemprop=\"width\" content=\"157\"> <meta itemprop=\"height\" content=\"235\"> <img decoding=\"async\" class=\"\" data-attachment-id=\"19945\" data-orig-file=\"https:\/\/www.jazzzeitung.de\/cms\/wp-content\/uploads\/2019\/07\/P1346506-Moritz-Stahl-Foto-TJ-Krebs.jpg\" data-orig-size=\"1200,1800\" data-comments-opened=\"1\" data-image-meta=\"{&quot;aperture&quot;:&quot;0&quot;,&quot;credit&quot;:&quot;&quot;,&quot;camera&quot;:&quot;&quot;,&quot;caption&quot;:&quot;&quot;,&quot;created_timestamp&quot;:&quot;0&quot;,&quot;copyright&quot;:&quot;&quot;,&quot;focal_length&quot;:&quot;0&quot;,&quot;iso&quot;:&quot;0&quot;,&quot;shutter_speed&quot;:&quot;0&quot;,&quot;title&quot;:&quot;&quot;,&quot;orientation&quot;:&quot;0&quot;}\" data-image-title=\"P1346506 Moritz Stahl &amp;#8211; Foto TJ Krebs\" data-image-description=\"\" data-medium-file=\"https:\/\/i0.wp.com\/www.jazzzeitung.de\/cms\/wp-content\/uploads\/2019\/07\/P1346506-Moritz-Stahl-Foto-TJ-Krebs.jpg?fit=200%2C300&#038;ssl=1\" data-large-file=\"https:\/\/i0.wp.com\/www.jazzzeitung.de\/cms\/wp-content\/uploads\/2019\/07\/P1346506-Moritz-Stahl-Foto-TJ-Krebs.jpg?fit=400%2C600&#038;ssl=1\" src=\"https:\/\/i0.wp.com\/www.jazzzeitung.de\/cms\/wp-content\/uploads\/2019\/07\/P1346506-Moritz-Stahl-Foto-TJ-Krebs.jpg?w=157&#038;h=235&#038;ssl=1\" srcset=\"https:\/\/i0.wp.com\/www.jazzzeitung.de\/cms\/wp-content\/uploads\/2019\/07\/P1346506-Moritz-Stahl-Foto-TJ-Krebs.jpg?w=1200&amp;ssl=1 1200w, https:\/\/i0.wp.com\/www.jazzzeitung.de\/cms\/wp-content\/uploads\/2019\/07\/P1346506-Moritz-Stahl-Foto-TJ-Krebs.jpg?resize=200%2C300&amp;ssl=1 200w, https:\/\/i0.wp.com\/www.jazzzeitung.de\/cms\/wp-content\/uploads\/2019\/07\/P1346506-Moritz-Stahl-Foto-TJ-Krebs.jpg?resize=768%2C1152&amp;ssl=1 768w, https:\/\/i0.wp.com\/www.jazzzeitung.de\/cms\/wp-content\/uploads\/2019\/07\/P1346506-Moritz-Stahl-Foto-TJ-Krebs.jpg?resize=400%2C600&amp;ssl=1 400w\" width=\"157\" height=\"235\" loading=\"lazy\" data-original-width=\"157\" data-original-height=\"235\" itemprop=\"http:\/\/schema.org\/image\" title=\"P1346506 Moritz Stahl - Foto TJ Krebs\" alt=\"P1346506 Moritz Stahl - Foto TJ Krebs\" style=\"width: 157px; height: 235px;\" \/> <\/a> <\/div> <\/div> <!-- close group --> <\/div> <!-- close row --> <div class=\"gallery-row\" style=\"width: 840px; height: 628px;\" data-original-width=\"840\" data-original-height=\"628\" > <div class=\"gallery-group images-1\" style=\"width: 420px; height: 628px;\" data-original-width=\"420\" data-original-height=\"628\" > <div class=\"tiled-gallery-item tiled-gallery-item-large\" itemprop=\"associatedMedia\" itemscope itemtype=\"http:\/\/schema.org\/ImageObject\"> <a href=\"https:\/\/www.jazzzeitung.de\/cms\/2019\/07\/tunnel-visions-ark-noirs-debuet-cd-bei-enja\/p1346636-marco-dufner-foto-tj-krebs\/\" border=\"0\" itemprop=\"url\"> <meta itemprop=\"width\" content=\"416\"> <meta itemprop=\"height\" content=\"624\"> <img decoding=\"async\" class=\"\" data-attachment-id=\"19946\" data-orig-file=\"https:\/\/www.jazzzeitung.de\/cms\/wp-content\/uploads\/2019\/07\/P1346636-Marco-Dufner-Foto-TJ-Krebs.jpg\" data-orig-size=\"1200,1800\" data-comments-opened=\"1\" data-image-meta=\"{&quot;aperture&quot;:&quot;0&quot;,&quot;credit&quot;:&quot;&quot;,&quot;camera&quot;:&quot;&quot;,&quot;caption&quot;:&quot;&quot;,&quot;created_timestamp&quot;:&quot;0&quot;,&quot;copyright&quot;:&quot;&quot;,&quot;focal_length&quot;:&quot;0&quot;,&quot;iso&quot;:&quot;0&quot;,&quot;shutter_speed&quot;:&quot;0&quot;,&quot;title&quot;:&quot;&quot;,&quot;orientation&quot;:&quot;0&quot;}\" data-image-title=\"P1346636 Marco Dufner &amp;#8211; Foto TJ Krebs\" data-image-description=\"\" data-medium-file=\"https:\/\/i0.wp.com\/www.jazzzeitung.de\/cms\/wp-content\/uploads\/2019\/07\/P1346636-Marco-Dufner-Foto-TJ-Krebs.jpg?fit=200%2C300&#038;ssl=1\" data-large-file=\"https:\/\/i0.wp.com\/www.jazzzeitung.de\/cms\/wp-content\/uploads\/2019\/07\/P1346636-Marco-Dufner-Foto-TJ-Krebs.jpg?fit=400%2C600&#038;ssl=1\" src=\"https:\/\/i0.wp.com\/www.jazzzeitung.de\/cms\/wp-content\/uploads\/2019\/07\/P1346636-Marco-Dufner-Foto-TJ-Krebs.jpg?w=416&#038;h=624&#038;ssl=1\" srcset=\"https:\/\/i0.wp.com\/www.jazzzeitung.de\/cms\/wp-content\/uploads\/2019\/07\/P1346636-Marco-Dufner-Foto-TJ-Krebs.jpg?w=1200&amp;ssl=1 1200w, https:\/\/i0.wp.com\/www.jazzzeitung.de\/cms\/wp-content\/uploads\/2019\/07\/P1346636-Marco-Dufner-Foto-TJ-Krebs.jpg?resize=200%2C300&amp;ssl=1 200w, https:\/\/i0.wp.com\/www.jazzzeitung.de\/cms\/wp-content\/uploads\/2019\/07\/P1346636-Marco-Dufner-Foto-TJ-Krebs.jpg?resize=768%2C1152&amp;ssl=1 768w, https:\/\/i0.wp.com\/www.jazzzeitung.de\/cms\/wp-content\/uploads\/2019\/07\/P1346636-Marco-Dufner-Foto-TJ-Krebs.jpg?resize=400%2C600&amp;ssl=1 400w\" width=\"416\" height=\"624\" loading=\"lazy\" data-original-width=\"416\" data-original-height=\"624\" itemprop=\"http:\/\/schema.org\/image\" title=\"P1346636 Marco Dufner - Foto TJ Krebs\" alt=\"P1346636 Marco Dufner - Foto TJ Krebs\" style=\"width: 416px; height: 624px;\" \/> <\/a> <\/div> <\/div> <!-- close group --> <div class=\"gallery-group images-1\" style=\"width: 420px; height: 628px;\" data-original-width=\"420\" data-original-height=\"628\" > <div class=\"tiled-gallery-item tiled-gallery-item-large\" itemprop=\"associatedMedia\" itemscope itemtype=\"http:\/\/schema.org\/ImageObject\"> <a href=\"https:\/\/www.jazzzeitung.de\/cms\/2019\/07\/tunnel-visions-ark-noirs-debuet-cd-bei-enja\/p1346654-robin-jermer-foto-tj-krebs\/\" border=\"0\" itemprop=\"url\"> <meta itemprop=\"width\" content=\"416\"> <meta itemprop=\"height\" content=\"624\"> <img decoding=\"async\" class=\"\" data-attachment-id=\"19947\" data-orig-file=\"https:\/\/www.jazzzeitung.de\/cms\/wp-content\/uploads\/2019\/07\/P1346654-Robin-Jermer-Foto-TJ-Krebs.jpg\" data-orig-size=\"1200,1800\" data-comments-opened=\"1\" data-image-meta=\"{&quot;aperture&quot;:&quot;0&quot;,&quot;credit&quot;:&quot;&quot;,&quot;camera&quot;:&quot;&quot;,&quot;caption&quot;:&quot;&quot;,&quot;created_timestamp&quot;:&quot;0&quot;,&quot;copyright&quot;:&quot;&quot;,&quot;focal_length&quot;:&quot;0&quot;,&quot;iso&quot;:&quot;0&quot;,&quot;shutter_speed&quot;:&quot;0&quot;,&quot;title&quot;:&quot;&quot;,&quot;orientation&quot;:&quot;0&quot;}\" data-image-title=\"P1346654 Robin Jermer &amp;#8211; Foto TJ Krebs\" data-image-description=\"\" data-medium-file=\"https:\/\/i0.wp.com\/www.jazzzeitung.de\/cms\/wp-content\/uploads\/2019\/07\/P1346654-Robin-Jermer-Foto-TJ-Krebs.jpg?fit=200%2C300&#038;ssl=1\" data-large-file=\"https:\/\/i0.wp.com\/www.jazzzeitung.de\/cms\/wp-content\/uploads\/2019\/07\/P1346654-Robin-Jermer-Foto-TJ-Krebs.jpg?fit=400%2C600&#038;ssl=1\" src=\"https:\/\/i0.wp.com\/www.jazzzeitung.de\/cms\/wp-content\/uploads\/2019\/07\/P1346654-Robin-Jermer-Foto-TJ-Krebs.jpg?w=416&#038;h=624&#038;ssl=1\" srcset=\"https:\/\/i0.wp.com\/www.jazzzeitung.de\/cms\/wp-content\/uploads\/2019\/07\/P1346654-Robin-Jermer-Foto-TJ-Krebs.jpg?w=1200&amp;ssl=1 1200w, https:\/\/i0.wp.com\/www.jazzzeitung.de\/cms\/wp-content\/uploads\/2019\/07\/P1346654-Robin-Jermer-Foto-TJ-Krebs.jpg?resize=200%2C300&amp;ssl=1 200w, https:\/\/i0.wp.com\/www.jazzzeitung.de\/cms\/wp-content\/uploads\/2019\/07\/P1346654-Robin-Jermer-Foto-TJ-Krebs.jpg?resize=768%2C1152&amp;ssl=1 768w, https:\/\/i0.wp.com\/www.jazzzeitung.de\/cms\/wp-content\/uploads\/2019\/07\/P1346654-Robin-Jermer-Foto-TJ-Krebs.jpg?resize=400%2C600&amp;ssl=1 400w\" width=\"416\" height=\"624\" loading=\"lazy\" data-original-width=\"416\" data-original-height=\"624\" itemprop=\"http:\/\/schema.org\/image\" title=\"P1346654 Robin Jermer - Foto TJ Krebs\" alt=\"P1346654 Robin Jermer - Foto TJ Krebs\" style=\"width: 416px; height: 624px;\" \/> <\/a> <\/div> <\/div> <!-- close group --> <\/div> <!-- close row --> <div class=\"gallery-row\" style=\"width: 840px; height: 388px;\" data-original-width=\"840\" data-original-height=\"388\" > <div class=\"gallery-group images-1\" style=\"width: 260px; height: 388px;\" data-original-width=\"260\" data-original-height=\"388\" > <div class=\"tiled-gallery-item tiled-gallery-item-large\" itemprop=\"associatedMedia\" itemscope itemtype=\"http:\/\/schema.org\/ImageObject\"> <a href=\"https:\/\/www.jazzzeitung.de\/cms\/2019\/07\/tunnel-visions-ark-noirs-debuet-cd-bei-enja\/p1381872-moritz-stahl-foto-tj-krebs\/\" border=\"0\" itemprop=\"url\"> <meta itemprop=\"width\" content=\"256\"> <meta itemprop=\"height\" content=\"384\"> <img decoding=\"async\" class=\"\" data-attachment-id=\"19948\" data-orig-file=\"https:\/\/www.jazzzeitung.de\/cms\/wp-content\/uploads\/2019\/07\/P1381872-Moritz-Stahl-Foto-TJ-Krebs.jpg\" data-orig-size=\"1200,1800\" data-comments-opened=\"1\" data-image-meta=\"{&quot;aperture&quot;:&quot;0&quot;,&quot;credit&quot;:&quot;&quot;,&quot;camera&quot;:&quot;&quot;,&quot;caption&quot;:&quot;&quot;,&quot;created_timestamp&quot;:&quot;0&quot;,&quot;copyright&quot;:&quot;&quot;,&quot;focal_length&quot;:&quot;0&quot;,&quot;iso&quot;:&quot;0&quot;,&quot;shutter_speed&quot;:&quot;0&quot;,&quot;title&quot;:&quot;&quot;,&quot;orientation&quot;:&quot;0&quot;}\" data-image-title=\"P1381872 Moritz Stahl &amp;#8211; Foto TJ Krebs\" data-image-description=\"\" data-medium-file=\"https:\/\/i0.wp.com\/www.jazzzeitung.de\/cms\/wp-content\/uploads\/2019\/07\/P1381872-Moritz-Stahl-Foto-TJ-Krebs.jpg?fit=200%2C300&#038;ssl=1\" data-large-file=\"https:\/\/i0.wp.com\/www.jazzzeitung.de\/cms\/wp-content\/uploads\/2019\/07\/P1381872-Moritz-Stahl-Foto-TJ-Krebs.jpg?fit=400%2C600&#038;ssl=1\" src=\"https:\/\/i0.wp.com\/www.jazzzeitung.de\/cms\/wp-content\/uploads\/2019\/07\/P1381872-Moritz-Stahl-Foto-TJ-Krebs.jpg?w=256&#038;h=384&#038;ssl=1\" srcset=\"https:\/\/i0.wp.com\/www.jazzzeitung.de\/cms\/wp-content\/uploads\/2019\/07\/P1381872-Moritz-Stahl-Foto-TJ-Krebs.jpg?w=1200&amp;ssl=1 1200w, https:\/\/i0.wp.com\/www.jazzzeitung.de\/cms\/wp-content\/uploads\/2019\/07\/P1381872-Moritz-Stahl-Foto-TJ-Krebs.jpg?resize=200%2C300&amp;ssl=1 200w, https:\/\/i0.wp.com\/www.jazzzeitung.de\/cms\/wp-content\/uploads\/2019\/07\/P1381872-Moritz-Stahl-Foto-TJ-Krebs.jpg?resize=768%2C1152&amp;ssl=1 768w, https:\/\/i0.wp.com\/www.jazzzeitung.de\/cms\/wp-content\/uploads\/2019\/07\/P1381872-Moritz-Stahl-Foto-TJ-Krebs.jpg?resize=400%2C600&amp;ssl=1 400w\" width=\"256\" height=\"384\" loading=\"lazy\" data-original-width=\"256\" data-original-height=\"384\" itemprop=\"http:\/\/schema.org\/image\" title=\"P1381872 Moritz Stahl - Foto TJ Krebs\" alt=\"P1381872 Moritz Stahl - Foto TJ Krebs\" style=\"width: 256px; height: 384px;\" \/> <\/a> <\/div> <\/div> <!-- close group --> <div class=\"gallery-group images-1\" style=\"width: 580px; height: 388px;\" data-original-width=\"580\" data-original-height=\"388\" > <div class=\"tiled-gallery-item tiled-gallery-item-large\" itemprop=\"associatedMedia\" itemscope itemtype=\"http:\/\/schema.org\/ImageObject\"> <a href=\"https:\/\/www.jazzzeitung.de\/cms\/2019\/07\/tunnel-visions-ark-noirs-debuet-cd-bei-enja\/p1381906-ark-noir-foto-tj-krebs\/\" border=\"0\" itemprop=\"url\"> <meta itemprop=\"width\" content=\"576\"> <meta itemprop=\"height\" content=\"384\"> <img decoding=\"async\" class=\"\" data-attachment-id=\"19949\" data-orig-file=\"https:\/\/www.jazzzeitung.de\/cms\/wp-content\/uploads\/2019\/07\/P1381906-Ark-Noir-Foto-TJ-Krebs.jpg\" data-orig-size=\"1800,1200\" data-comments-opened=\"1\" data-image-meta=\"{&quot;aperture&quot;:&quot;0&quot;,&quot;credit&quot;:&quot;&quot;,&quot;camera&quot;:&quot;&quot;,&quot;caption&quot;:&quot;&quot;,&quot;created_timestamp&quot;:&quot;0&quot;,&quot;copyright&quot;:&quot;&quot;,&quot;focal_length&quot;:&quot;0&quot;,&quot;iso&quot;:&quot;0&quot;,&quot;shutter_speed&quot;:&quot;0&quot;,&quot;title&quot;:&quot;&quot;,&quot;orientation&quot;:&quot;0&quot;}\" data-image-title=\"P1381906 &amp;#8211; Ark Noir &amp;#8211; Foto TJ Krebs\" data-image-description=\"\" data-medium-file=\"https:\/\/i0.wp.com\/www.jazzzeitung.de\/cms\/wp-content\/uploads\/2019\/07\/P1381906-Ark-Noir-Foto-TJ-Krebs.jpg?fit=300%2C200&#038;ssl=1\" data-large-file=\"https:\/\/i0.wp.com\/www.jazzzeitung.de\/cms\/wp-content\/uploads\/2019\/07\/P1381906-Ark-Noir-Foto-TJ-Krebs.jpg?fit=840%2C560&#038;ssl=1\" src=\"https:\/\/i0.wp.com\/www.jazzzeitung.de\/cms\/wp-content\/uploads\/2019\/07\/P1381906-Ark-Noir-Foto-TJ-Krebs.jpg?w=576&#038;h=384&#038;ssl=1\" srcset=\"https:\/\/i0.wp.com\/www.jazzzeitung.de\/cms\/wp-content\/uploads\/2019\/07\/P1381906-Ark-Noir-Foto-TJ-Krebs.jpg?w=1800&amp;ssl=1 1800w, https:\/\/i0.wp.com\/www.jazzzeitung.de\/cms\/wp-content\/uploads\/2019\/07\/P1381906-Ark-Noir-Foto-TJ-Krebs.jpg?resize=300%2C200&amp;ssl=1 300w, https:\/\/i0.wp.com\/www.jazzzeitung.de\/cms\/wp-content\/uploads\/2019\/07\/P1381906-Ark-Noir-Foto-TJ-Krebs.jpg?resize=768%2C512&amp;ssl=1 768w, https:\/\/i0.wp.com\/www.jazzzeitung.de\/cms\/wp-content\/uploads\/2019\/07\/P1381906-Ark-Noir-Foto-TJ-Krebs.jpg?resize=900%2C600&amp;ssl=1 900w, https:\/\/i0.wp.com\/www.jazzzeitung.de\/cms\/wp-content\/uploads\/2019\/07\/P1381906-Ark-Noir-Foto-TJ-Krebs.jpg?resize=120%2C80&amp;ssl=1 120w, https:\/\/i0.wp.com\/www.jazzzeitung.de\/cms\/wp-content\/uploads\/2019\/07\/P1381906-Ark-Noir-Foto-TJ-Krebs.jpg?resize=1320%2C880&amp;ssl=1 1320w, https:\/\/i0.wp.com\/www.jazzzeitung.de\/cms\/wp-content\/uploads\/2019\/07\/P1381906-Ark-Noir-Foto-TJ-Krebs.jpg?w=1680&amp;ssl=1 1680w\" width=\"576\" height=\"384\" loading=\"lazy\" data-original-width=\"576\" data-original-height=\"384\" itemprop=\"http:\/\/schema.org\/image\" title=\"P1381906 - Ark Noir - Foto TJ Krebs\" alt=\"P1381906 - Ark Noir - Foto TJ Krebs\" style=\"width: 576px; height: 384px;\" \/> <\/a> <\/div> <\/div> <!-- close group --> <\/div> <!-- close row --> <\/div>\n<p>Seitdem ist viel passiert. Unz\u00e4hlige Auftritte, in der sich ARK NOIR kompositorisch weiter entwickelt hat und kontinuierlich den Horizont erweiterte. Der Titel ihres aktuellen Albums \u201eTunnel Visions\u201c ist gleichzeitig eine von der Band organisierte Festivalreihe, die im M\u00fcnchner Club Milla mittlerweile regelm\u00e4\u00dfig stattfindet und au\u00dfer ARK NOIR, Gleichgesinnten wie Newcomern eine Auftritts-Plattform bietet. Was bei der Band am meisten begeistert ist die Tatsache, dass alle Musiker Jazz studiert haben und sie eigentlich in einer \u201eklassischen\u201c Jazz-Formation auftreten. Letztlich verlassen sie aber dieses traditionelle Genre und betreten mit ihren polyrhythmischen Klangteppichen oder teilweise psychedelischen Sounds neues Terrain. Die wissen, was sie tun!<\/p>\n<p>\u201eTunnel Visions\u201c &#8211; ARK NOIRs Deb\u00fct-CD ist beim M\u00fcnchner Label Enja \/ Yellowbird erschienen. Gemessen an der grandiosen Stimmung bei den Live Konzerten vermag die Band ihr Konzept auch \u00fcberzeugend auf dem Tontr\u00e4ger zu pr\u00e4sentieren. Da wechseln sich Ambient-Sounds mit treibenden Elektro-Beats ab, gepaart mit krachenden Saxophonsoli und herrlichen Improvisationsmomenten. Ob eigene Kompositionen wie \u201eA Dystopian Society\u201c, \u201ePraha\u201c oder z.B. der Track \u201eWeightless\u201c, entstanden in Zusammenarbeit mit der S\u00e4ngerin Hannah Weiss und dem Elektro-K\u00fcnstler Ralph Heidel, die CD \u201eTunnel Visions\u201c ist und bleibt vom ersten bis zum letzten Ton spannend. Wie die Musik der Band letztlich live r\u00fcberkommt, kann man auf dem CD-Bonustrack \u201eTunnel Visions Revisited\u201c nachh\u00f6ren, aufgenommen bei der dritten Ausgabe der \u201eTunnel Visions\u201c Reihe im Milla Club. ARK NOIR ist experimentell wie progressiv zugleich, vergisst nie die Beats als Puls zum rechten Zeitpunkt und steckt mit ihrer eigenen Klang\u00e4sthetik und kraftvollen Improvisationen voller musikalischer \u00dcberraschungen.<\/p>\n<p>Tour:<br \/>\n06.07.2019: ARK NOIR &#8211; Jazzclub Unterfahrt M\u00fcnchen<br \/>\n15.07.2019: ARK NOIR &#8211; SchonSchoen Mainz<br \/>\n26\/27.07.2019: Festival L\u2019Abore &#8211; Vogtland<br \/>\n27.09.2019: Tunnel Visions Volume 6 &#8211; Milla Club M\u00fcnchen<br \/>\n19.10.2019: ARK NOIR Digital Analog 2019 &#8211; Blackbox Gasteig M\u00fcnchen<br \/>\n13.12.2019: Tunnel Visions Volume 7 &#8211; Milla Club M\u00fcnchen<\/p>\n<p>ARK NOIR Noir: Tunnel Visions<br \/>\nenja &amp; yellowbird LC 18386<\/p>\n<p>Text &amp; Fotos TJ Krebs<\/p>\n<ul>\n<li>Links zu Ark Noir:<\/li>\n<\/ul>\n<p><a href=\"https:\/\/www.youtube.com\/watch?v=JJmsPuB1NxE\">https:\/\/www.youtube.com\/watch?v=JJmsPuB1NxE<\/a><\/p>\n<p><u>https:\/\/www.youtube.com\/watch?v=rB4lSuJOSBY<\/u><\/p>\n","protected":false},"excerpt":{"rendered":"<p>Jazz not Jazz &#8211; im Universum elektronischer Beatmusik kombiniert mit Improvisationselementen bleibt es weiter spannend. Ein Schmelztiegel f\u00fcr diese neuen Impulse ist seit geraumer Zeit die \u201eMetropole\u201c M\u00fcnchen. Abgesehen von Clubs die diese Musik f\u00f6rdern, wie den Harry Klein Club, das Milla oder der Jazz Club Unterfahrt, entstehen und etablieren sich in diesem Bereich hoch interessante Formationen wie ARK NOIR. Bands wie SLATEC, LBT oder letztlich die JazzRausch BigBand sind Vor- und Wegreiter f\u00fcr das, was in der Szene gerade abgeht und passiert.\u00a0Die M\u00fcnchner Band ARK NOIR, gegr\u00fcndet vor gut vier Jahren vom Saxophonisten Moritz Stahl und Bassisten Robin Jermer, fand mit dem Schlagzeuger Marco Dufner sowie Tilman Brandl an der Gitarre musikalisch Gleichgesinnte, und als fast ein Jahr sp\u00e4ter noch Pianist und Keyboarder Sam Hylton dazu kam war das Kollektiv komplett. Seitdem ist viel passiert. Unz\u00e4hlige Auftritte, in der sich ARK NOIR kompositorisch weiter entwickelt hat und kontinuierlich den Horizont erweiterte. Der Titel ihres aktuellen Albums \u201eTunnel Visions\u201c ist gleichzeitig eine von der Band organisierte Festivalreihe, die im M\u00fcnchner Club Milla mittlerweile regelm\u00e4\u00dfig stattfindet und au\u00dfer ARK NOIR, Gleichgesinnten wie Newcomern eine Auftritts-Plattform bietet. &hellip;<\/p>\n","protected":false},"author":35,"featured_media":19950,"comment_status":"open","ping_status":"closed","sticky":false,"template":"","format":"standard","meta":{"_jetpack_memberships_contains_paid_content":false,"footnotes":"","jetpack_publicize_message":"","jetpack_publicize_feature_enabled":true,"jetpack_social_post_already_shared":false,"jetpack_social_options":{"image_generator_settings":{"template":"highway","default_image_id":0,"font":"","enabled":false},"version":2}},"categories":[1152],"tags":[2627,2629,809,2630,1260,1095,2628],"coauthors":[1602],"class_list":["post-19941","post","type-post","status-publish","format-standard","has-post-thumbnail","hentry","category-rezension","tag-ark-noir","tag-enja-yellowbird","tag-jazzclub-unterfahrt","tag-milla-muenchen","tag-thomas-j-krebs","tag-tournee","tag-tunnel-visions"],"yoast_head":"<!-- This site is optimized with the Yoast SEO plugin v27.5 - https:\/\/yoast.com\/product\/yoast-seo-wordpress\/ -->\n<title>\u201eTunnel Visions\u201c - ARK NOIRs Deb\u00fct-CD bei enja - JazzZeitung<\/title>\n<meta name=\"robots\" content=\"index, follow, max-snippet:-1, max-image-preview:large, max-video-preview:-1\" \/>\n<link rel=\"canonical\" href=\"https:\/\/www.jazzzeitung.de\/cms\/2019\/07\/tunnel-visions-ark-noirs-debuet-cd-bei-enja\/\" \/>\n<meta property=\"og:locale\" content=\"de_DE\" \/>\n<meta property=\"og:type\" content=\"article\" \/>\n<meta property=\"og:title\" content=\"\u201eTunnel Visions\u201c - ARK NOIRs Deb\u00fct-CD bei enja - JazzZeitung\" \/>\n<meta property=\"og:description\" content=\"Jazz not Jazz &#8211; im Universum elektronischer Beatmusik kombiniert mit Improvisationselementen bleibt es weiter spannend. Ein Schmelztiegel f\u00fcr diese neuen Impulse ist seit geraumer Zeit die \u201eMetropole\u201c M\u00fcnchen. Abgesehen von Clubs die diese Musik f\u00f6rdern, wie den Harry Klein Club, das Milla oder der Jazz Club Unterfahrt, entstehen und etablieren sich in diesem Bereich hoch interessante Formationen wie ARK NOIR. Bands wie SLATEC, LBT oder letztlich die JazzRausch BigBand sind Vor- und Wegreiter f\u00fcr das, was in der Szene gerade abgeht und passiert.\u00a0Die M\u00fcnchner Band ARK NOIR, gegr\u00fcndet vor gut vier Jahren vom Saxophonisten Moritz Stahl und Bassisten Robin Jermer, fand mit dem Schlagzeuger Marco Dufner sowie Tilman Brandl an der Gitarre musikalisch Gleichgesinnte, und als fast ein Jahr sp\u00e4ter noch Pianist und Keyboarder Sam Hylton dazu kam war das Kollektiv komplett. Seitdem ist viel passiert. Unz\u00e4hlige Auftritte, in der sich ARK NOIR kompositorisch weiter entwickelt hat und kontinuierlich den Horizont erweiterte. Der Titel ihres aktuellen Albums \u201eTunnel Visions\u201c ist gleichzeitig eine von der Band organisierte Festivalreihe, die im M\u00fcnchner Club Milla mittlerweile regelm\u00e4\u00dfig stattfindet und au\u00dfer ARK NOIR, Gleichgesinnten wie Newcomern eine Auftritts-Plattform bietet. &hellip;\" \/>\n<meta property=\"og:url\" content=\"https:\/\/www.jazzzeitung.de\/cms\/2019\/07\/tunnel-visions-ark-noirs-debuet-cd-bei-enja\/\" \/>\n<meta property=\"og:site_name\" content=\"JazzZeitung\" \/>\n<meta property=\"article:publisher\" content=\"https:\/\/www.facebook.com\/JazzZeitung\/\" \/>\n<meta property=\"article:published_time\" content=\"2019-07-03T08:32:40+00:00\" \/>\n<meta property=\"og:image\" content=\"https:\/\/www.jazzzeitung.de\/cms\/wp-content\/uploads\/2019\/07\/Cover-Scan-680x600.jpg\" \/>\n\t<meta property=\"og:image:width\" content=\"680\" \/>\n\t<meta property=\"og:image:height\" content=\"600\" \/>\n\t<meta property=\"og:image:type\" content=\"image\/jpeg\" \/>\n<meta name=\"author\" content=\"Thomas J. Krebs\" \/>\n<script type=\"application\/ld+json\" class=\"yoast-schema-graph\">{\"@context\":\"https:\\\/\\\/schema.org\",\"@graph\":[{\"@type\":\"Article\",\"@id\":\"https:\\\/\\\/www.jazzzeitung.de\\\/cms\\\/2019\\\/07\\\/tunnel-visions-ark-noirs-debuet-cd-bei-enja\\\/#article\",\"isPartOf\":{\"@id\":\"https:\\\/\\\/www.jazzzeitung.de\\\/cms\\\/2019\\\/07\\\/tunnel-visions-ark-noirs-debuet-cd-bei-enja\\\/\"},\"author\":{\"name\":\"Thomas J. Krebs\",\"@id\":\"https:\\\/\\\/www.jazzzeitung.de\\\/cms\\\/#\\\/schema\\\/person\\\/ba94c5bbea92d014d6a3d1f0105daa18\"},\"headline\":\"\u201eTunnel Visions\u201c &#8211; ARK NOIRs Deb\u00fct-CD bei enja\",\"datePublished\":\"2019-07-03T08:32:40+00:00\",\"mainEntityOfPage\":{\"@id\":\"https:\\\/\\\/www.jazzzeitung.de\\\/cms\\\/2019\\\/07\\\/tunnel-visions-ark-noirs-debuet-cd-bei-enja\\\/\"},\"wordCount\":491,\"commentCount\":0,\"publisher\":{\"@id\":\"https:\\\/\\\/www.jazzzeitung.de\\\/cms\\\/#organization\"},\"image\":{\"@id\":\"https:\\\/\\\/www.jazzzeitung.de\\\/cms\\\/2019\\\/07\\\/tunnel-visions-ark-noirs-debuet-cd-bei-enja\\\/#primaryimage\"},\"thumbnailUrl\":\"https:\\\/\\\/i0.wp.com\\\/www.jazzzeitung.de\\\/cms\\\/wp-content\\\/uploads\\\/2019\\\/07\\\/Cover-Scan.jpg?fit=1622%2C1431&ssl=1\",\"keywords\":[\"ARK NOIR\",\"enja &amp; yellowbird\",\"Jazzclub Unterfahrt\",\"Milla M\u00fcnchen\",\"Thomas J. Krebs\",\"Tournee\",\"Tunnel Visions\"],\"articleSection\":[\"Rezension\"],\"inLanguage\":\"de\",\"potentialAction\":[{\"@type\":\"CommentAction\",\"name\":\"Comment\",\"target\":[\"https:\\\/\\\/www.jazzzeitung.de\\\/cms\\\/2019\\\/07\\\/tunnel-visions-ark-noirs-debuet-cd-bei-enja\\\/#respond\"]}]},{\"@type\":\"WebPage\",\"@id\":\"https:\\\/\\\/www.jazzzeitung.de\\\/cms\\\/2019\\\/07\\\/tunnel-visions-ark-noirs-debuet-cd-bei-enja\\\/\",\"url\":\"https:\\\/\\\/www.jazzzeitung.de\\\/cms\\\/2019\\\/07\\\/tunnel-visions-ark-noirs-debuet-cd-bei-enja\\\/\",\"name\":\"\u201eTunnel Visions\u201c - ARK NOIRs Deb\u00fct-CD bei enja - JazzZeitung\",\"isPartOf\":{\"@id\":\"https:\\\/\\\/www.jazzzeitung.de\\\/cms\\\/#website\"},\"primaryImageOfPage\":{\"@id\":\"https:\\\/\\\/www.jazzzeitung.de\\\/cms\\\/2019\\\/07\\\/tunnel-visions-ark-noirs-debuet-cd-bei-enja\\\/#primaryimage\"},\"image\":{\"@id\":\"https:\\\/\\\/www.jazzzeitung.de\\\/cms\\\/2019\\\/07\\\/tunnel-visions-ark-noirs-debuet-cd-bei-enja\\\/#primaryimage\"},\"thumbnailUrl\":\"https:\\\/\\\/i0.wp.com\\\/www.jazzzeitung.de\\\/cms\\\/wp-content\\\/uploads\\\/2019\\\/07\\\/Cover-Scan.jpg?fit=1622%2C1431&ssl=1\",\"datePublished\":\"2019-07-03T08:32:40+00:00\",\"breadcrumb\":{\"@id\":\"https:\\\/\\\/www.jazzzeitung.de\\\/cms\\\/2019\\\/07\\\/tunnel-visions-ark-noirs-debuet-cd-bei-enja\\\/#breadcrumb\"},\"inLanguage\":\"de\",\"potentialAction\":[{\"@type\":\"ReadAction\",\"target\":[\"https:\\\/\\\/www.jazzzeitung.de\\\/cms\\\/2019\\\/07\\\/tunnel-visions-ark-noirs-debuet-cd-bei-enja\\\/\"]}]},{\"@type\":\"ImageObject\",\"inLanguage\":\"de\",\"@id\":\"https:\\\/\\\/www.jazzzeitung.de\\\/cms\\\/2019\\\/07\\\/tunnel-visions-ark-noirs-debuet-cd-bei-enja\\\/#primaryimage\",\"url\":\"https:\\\/\\\/i0.wp.com\\\/www.jazzzeitung.de\\\/cms\\\/wp-content\\\/uploads\\\/2019\\\/07\\\/Cover-Scan.jpg?fit=1622%2C1431&ssl=1\",\"contentUrl\":\"https:\\\/\\\/i0.wp.com\\\/www.jazzzeitung.de\\\/cms\\\/wp-content\\\/uploads\\\/2019\\\/07\\\/Cover-Scan.jpg?fit=1622%2C1431&ssl=1\",\"width\":1622,\"height\":1431},{\"@type\":\"BreadcrumbList\",\"@id\":\"https:\\\/\\\/www.jazzzeitung.de\\\/cms\\\/2019\\\/07\\\/tunnel-visions-ark-noirs-debuet-cd-bei-enja\\\/#breadcrumb\",\"itemListElement\":[{\"@type\":\"ListItem\",\"position\":1,\"name\":\"Startseite\",\"item\":\"https:\\\/\\\/www.jazzzeitung.de\\\/cms\\\/\"},{\"@type\":\"ListItem\",\"position\":2,\"name\":\"\u201eTunnel Visions\u201c &#8211; ARK NOIRs Deb\u00fct-CD bei enja\"}]},{\"@type\":\"WebSite\",\"@id\":\"https:\\\/\\\/www.jazzzeitung.de\\\/cms\\\/#website\",\"url\":\"https:\\\/\\\/www.jazzzeitung.de\\\/cms\\\/\",\"name\":\"JazzZeitung\",\"description\":\"Jazz-News und Jazz-Kontroverses\",\"publisher\":{\"@id\":\"https:\\\/\\\/www.jazzzeitung.de\\\/cms\\\/#organization\"},\"potentialAction\":[{\"@type\":\"SearchAction\",\"target\":{\"@type\":\"EntryPoint\",\"urlTemplate\":\"https:\\\/\\\/www.jazzzeitung.de\\\/cms\\\/?s={search_term_string}\"},\"query-input\":{\"@type\":\"PropertyValueSpecification\",\"valueRequired\":true,\"valueName\":\"search_term_string\"}}],\"inLanguage\":\"de\"},{\"@type\":\"Organization\",\"@id\":\"https:\\\/\\\/www.jazzzeitung.de\\\/cms\\\/#organization\",\"name\":\"JazzZeitung online\",\"url\":\"https:\\\/\\\/www.jazzzeitung.de\\\/cms\\\/\",\"logo\":{\"@type\":\"ImageObject\",\"inLanguage\":\"de\",\"@id\":\"https:\\\/\\\/www.jazzzeitung.de\\\/cms\\\/#\\\/schema\\\/logo\\\/image\\\/\",\"url\":\"https:\\\/\\\/i0.wp.com\\\/www.jazzzeitung.de\\\/cms\\\/wp-content\\\/uploads\\\/2015\\\/08\\\/JAZZZEITUNGDE_Logo_Neu.png?fit=499%2C200&ssl=1\",\"contentUrl\":\"https:\\\/\\\/i0.wp.com\\\/www.jazzzeitung.de\\\/cms\\\/wp-content\\\/uploads\\\/2015\\\/08\\\/JAZZZEITUNGDE_Logo_Neu.png?fit=499%2C200&ssl=1\",\"width\":499,\"height\":200,\"caption\":\"JazzZeitung online\"},\"image\":{\"@id\":\"https:\\\/\\\/www.jazzzeitung.de\\\/cms\\\/#\\\/schema\\\/logo\\\/image\\\/\"},\"sameAs\":[\"https:\\\/\\\/www.facebook.com\\\/JazzZeitung\\\/\"]},{\"@type\":\"Person\",\"@id\":\"https:\\\/\\\/www.jazzzeitung.de\\\/cms\\\/#\\\/schema\\\/person\\\/ba94c5bbea92d014d6a3d1f0105daa18\",\"name\":\"Thomas J. Krebs\",\"image\":{\"@type\":\"ImageObject\",\"inLanguage\":\"de\",\"@id\":\"https:\\\/\\\/secure.gravatar.com\\\/avatar\\\/e362b221c114fbcde56be31a2eacbbab541308e5bf72f20d4519b16cdeb5c667?s=96&d=wp_user_avatar&r=ga12b8f4e2750c9ca30f9e22cab2177c6\",\"url\":\"https:\\\/\\\/secure.gravatar.com\\\/avatar\\\/e362b221c114fbcde56be31a2eacbbab541308e5bf72f20d4519b16cdeb5c667?s=96&d=wp_user_avatar&r=g\",\"contentUrl\":\"https:\\\/\\\/secure.gravatar.com\\\/avatar\\\/e362b221c114fbcde56be31a2eacbbab541308e5bf72f20d4519b16cdeb5c667?s=96&d=wp_user_avatar&r=g\",\"caption\":\"Thomas J. Krebs\"},\"url\":\"https:\\\/\\\/www.jazzzeitung.de\\\/cms\\\/author\\\/krebs\\\/\"}]}<\/script>\n<!-- \/ Yoast SEO plugin. -->","yoast_head_json":{"title":"\u201eTunnel Visions\u201c - ARK NOIRs Deb\u00fct-CD bei enja - JazzZeitung","robots":{"index":"index","follow":"follow","max-snippet":"max-snippet:-1","max-image-preview":"max-image-preview:large","max-video-preview":"max-video-preview:-1"},"canonical":"https:\/\/www.jazzzeitung.de\/cms\/2019\/07\/tunnel-visions-ark-noirs-debuet-cd-bei-enja\/","og_locale":"de_DE","og_type":"article","og_title":"\u201eTunnel Visions\u201c - ARK NOIRs Deb\u00fct-CD bei enja - JazzZeitung","og_description":"Jazz not Jazz &#8211; im Universum elektronischer Beatmusik kombiniert mit Improvisationselementen bleibt es weiter spannend. Ein Schmelztiegel f\u00fcr diese neuen Impulse ist seit geraumer Zeit die \u201eMetropole\u201c M\u00fcnchen. Abgesehen von Clubs die diese Musik f\u00f6rdern, wie den Harry Klein Club, das Milla oder der Jazz Club Unterfahrt, entstehen und etablieren sich in diesem Bereich hoch interessante Formationen wie ARK NOIR. Bands wie SLATEC, LBT oder letztlich die JazzRausch BigBand sind Vor- und Wegreiter f\u00fcr das, was in der Szene gerade abgeht und passiert.\u00a0Die M\u00fcnchner Band ARK NOIR, gegr\u00fcndet vor gut vier Jahren vom Saxophonisten Moritz Stahl und Bassisten Robin Jermer, fand mit dem Schlagzeuger Marco Dufner sowie Tilman Brandl an der Gitarre musikalisch Gleichgesinnte, und als fast ein Jahr sp\u00e4ter noch Pianist und Keyboarder Sam Hylton dazu kam war das Kollektiv komplett. Seitdem ist viel passiert. Unz\u00e4hlige Auftritte, in der sich ARK NOIR kompositorisch weiter entwickelt hat und kontinuierlich den Horizont erweiterte. Der Titel ihres aktuellen Albums \u201eTunnel Visions\u201c ist gleichzeitig eine von der Band organisierte Festivalreihe, die im M\u00fcnchner Club Milla mittlerweile regelm\u00e4\u00dfig stattfindet und au\u00dfer ARK NOIR, Gleichgesinnten wie Newcomern eine Auftritts-Plattform bietet. &hellip;","og_url":"https:\/\/www.jazzzeitung.de\/cms\/2019\/07\/tunnel-visions-ark-noirs-debuet-cd-bei-enja\/","og_site_name":"JazzZeitung","article_publisher":"https:\/\/www.facebook.com\/JazzZeitung\/","article_published_time":"2019-07-03T08:32:40+00:00","og_image":[{"width":680,"height":600,"url":"https:\/\/www.jazzzeitung.de\/cms\/wp-content\/uploads\/2019\/07\/Cover-Scan-680x600.jpg","type":"image\/jpeg"}],"author":"Thomas J. Krebs","schema":{"@context":"https:\/\/schema.org","@graph":[{"@type":"Article","@id":"https:\/\/www.jazzzeitung.de\/cms\/2019\/07\/tunnel-visions-ark-noirs-debuet-cd-bei-enja\/#article","isPartOf":{"@id":"https:\/\/www.jazzzeitung.de\/cms\/2019\/07\/tunnel-visions-ark-noirs-debuet-cd-bei-enja\/"},"author":{"name":"Thomas J. Krebs","@id":"https:\/\/www.jazzzeitung.de\/cms\/#\/schema\/person\/ba94c5bbea92d014d6a3d1f0105daa18"},"headline":"\u201eTunnel Visions\u201c &#8211; ARK NOIRs Deb\u00fct-CD bei enja","datePublished":"2019-07-03T08:32:40+00:00","mainEntityOfPage":{"@id":"https:\/\/www.jazzzeitung.de\/cms\/2019\/07\/tunnel-visions-ark-noirs-debuet-cd-bei-enja\/"},"wordCount":491,"commentCount":0,"publisher":{"@id":"https:\/\/www.jazzzeitung.de\/cms\/#organization"},"image":{"@id":"https:\/\/www.jazzzeitung.de\/cms\/2019\/07\/tunnel-visions-ark-noirs-debuet-cd-bei-enja\/#primaryimage"},"thumbnailUrl":"https:\/\/i0.wp.com\/www.jazzzeitung.de\/cms\/wp-content\/uploads\/2019\/07\/Cover-Scan.jpg?fit=1622%2C1431&ssl=1","keywords":["ARK NOIR","enja &amp; yellowbird","Jazzclub Unterfahrt","Milla M\u00fcnchen","Thomas J. Krebs","Tournee","Tunnel Visions"],"articleSection":["Rezension"],"inLanguage":"de","potentialAction":[{"@type":"CommentAction","name":"Comment","target":["https:\/\/www.jazzzeitung.de\/cms\/2019\/07\/tunnel-visions-ark-noirs-debuet-cd-bei-enja\/#respond"]}]},{"@type":"WebPage","@id":"https:\/\/www.jazzzeitung.de\/cms\/2019\/07\/tunnel-visions-ark-noirs-debuet-cd-bei-enja\/","url":"https:\/\/www.jazzzeitung.de\/cms\/2019\/07\/tunnel-visions-ark-noirs-debuet-cd-bei-enja\/","name":"\u201eTunnel Visions\u201c - ARK NOIRs Deb\u00fct-CD bei enja - JazzZeitung","isPartOf":{"@id":"https:\/\/www.jazzzeitung.de\/cms\/#website"},"primaryImageOfPage":{"@id":"https:\/\/www.jazzzeitung.de\/cms\/2019\/07\/tunnel-visions-ark-noirs-debuet-cd-bei-enja\/#primaryimage"},"image":{"@id":"https:\/\/www.jazzzeitung.de\/cms\/2019\/07\/tunnel-visions-ark-noirs-debuet-cd-bei-enja\/#primaryimage"},"thumbnailUrl":"https:\/\/i0.wp.com\/www.jazzzeitung.de\/cms\/wp-content\/uploads\/2019\/07\/Cover-Scan.jpg?fit=1622%2C1431&ssl=1","datePublished":"2019-07-03T08:32:40+00:00","breadcrumb":{"@id":"https:\/\/www.jazzzeitung.de\/cms\/2019\/07\/tunnel-visions-ark-noirs-debuet-cd-bei-enja\/#breadcrumb"},"inLanguage":"de","potentialAction":[{"@type":"ReadAction","target":["https:\/\/www.jazzzeitung.de\/cms\/2019\/07\/tunnel-visions-ark-noirs-debuet-cd-bei-enja\/"]}]},{"@type":"ImageObject","inLanguage":"de","@id":"https:\/\/www.jazzzeitung.de\/cms\/2019\/07\/tunnel-visions-ark-noirs-debuet-cd-bei-enja\/#primaryimage","url":"https:\/\/i0.wp.com\/www.jazzzeitung.de\/cms\/wp-content\/uploads\/2019\/07\/Cover-Scan.jpg?fit=1622%2C1431&ssl=1","contentUrl":"https:\/\/i0.wp.com\/www.jazzzeitung.de\/cms\/wp-content\/uploads\/2019\/07\/Cover-Scan.jpg?fit=1622%2C1431&ssl=1","width":1622,"height":1431},{"@type":"BreadcrumbList","@id":"https:\/\/www.jazzzeitung.de\/cms\/2019\/07\/tunnel-visions-ark-noirs-debuet-cd-bei-enja\/#breadcrumb","itemListElement":[{"@type":"ListItem","position":1,"name":"Startseite","item":"https:\/\/www.jazzzeitung.de\/cms\/"},{"@type":"ListItem","position":2,"name":"\u201eTunnel Visions\u201c &#8211; ARK NOIRs Deb\u00fct-CD bei enja"}]},{"@type":"WebSite","@id":"https:\/\/www.jazzzeitung.de\/cms\/#website","url":"https:\/\/www.jazzzeitung.de\/cms\/","name":"JazzZeitung","description":"Jazz-News und Jazz-Kontroverses","publisher":{"@id":"https:\/\/www.jazzzeitung.de\/cms\/#organization"},"potentialAction":[{"@type":"SearchAction","target":{"@type":"EntryPoint","urlTemplate":"https:\/\/www.jazzzeitung.de\/cms\/?s={search_term_string}"},"query-input":{"@type":"PropertyValueSpecification","valueRequired":true,"valueName":"search_term_string"}}],"inLanguage":"de"},{"@type":"Organization","@id":"https:\/\/www.jazzzeitung.de\/cms\/#organization","name":"JazzZeitung online","url":"https:\/\/www.jazzzeitung.de\/cms\/","logo":{"@type":"ImageObject","inLanguage":"de","@id":"https:\/\/www.jazzzeitung.de\/cms\/#\/schema\/logo\/image\/","url":"https:\/\/i0.wp.com\/www.jazzzeitung.de\/cms\/wp-content\/uploads\/2015\/08\/JAZZZEITUNGDE_Logo_Neu.png?fit=499%2C200&ssl=1","contentUrl":"https:\/\/i0.wp.com\/www.jazzzeitung.de\/cms\/wp-content\/uploads\/2015\/08\/JAZZZEITUNGDE_Logo_Neu.png?fit=499%2C200&ssl=1","width":499,"height":200,"caption":"JazzZeitung online"},"image":{"@id":"https:\/\/www.jazzzeitung.de\/cms\/#\/schema\/logo\/image\/"},"sameAs":["https:\/\/www.facebook.com\/JazzZeitung\/"]},{"@type":"Person","@id":"https:\/\/www.jazzzeitung.de\/cms\/#\/schema\/person\/ba94c5bbea92d014d6a3d1f0105daa18","name":"Thomas J. Krebs","image":{"@type":"ImageObject","inLanguage":"de","@id":"https:\/\/secure.gravatar.com\/avatar\/e362b221c114fbcde56be31a2eacbbab541308e5bf72f20d4519b16cdeb5c667?s=96&d=wp_user_avatar&r=ga12b8f4e2750c9ca30f9e22cab2177c6","url":"https:\/\/secure.gravatar.com\/avatar\/e362b221c114fbcde56be31a2eacbbab541308e5bf72f20d4519b16cdeb5c667?s=96&d=wp_user_avatar&r=g","contentUrl":"https:\/\/secure.gravatar.com\/avatar\/e362b221c114fbcde56be31a2eacbbab541308e5bf72f20d4519b16cdeb5c667?s=96&d=wp_user_avatar&r=g","caption":"Thomas J. Krebs"},"url":"https:\/\/www.jazzzeitung.de\/cms\/author\/krebs\/"}]}},"wp-worthy-pixel":{"ignored":false,"public":null,"server":null,"url":null},"wp-worthy-type":"normal","jetpack_publicize_connections":[],"cc_featured_image_caption":{"caption_text":"","source_text":"","source_url":""},"jetpack_featured_media_url":"https:\/\/i0.wp.com\/www.jazzzeitung.de\/cms\/wp-content\/uploads\/2019\/07\/Cover-Scan.jpg?fit=1622%2C1431&ssl=1","jetpack_shortlink":"https:\/\/wp.me\/p3KEcT-5bD","jetpack-related-posts":[{"id":27491,"url":"https:\/\/www.jazzzeitung.de\/cms\/2022\/06\/ark-noir-mit-neuer-cd-im-gepaeck-see-you-next-time\/","url_meta":{"origin":19941,"position":0},"title":"Ark Noir mit neuer CD im Gep\u00e4ck\u2026 &#8211; see you next time!","author":"Thomas J. Krebs","date":"8. Juni 2022","format":false,"excerpt":"Alles war minuti\u00f6s geplant: die Produktion lief perfekt, artwork was done, V\u00d6 und Release Party im Rahmen der \u201cTunnel Visions 8\u201d, der ersten nach der Pandemie, diesmal im M\u00fcnchner Club Import\/Export, steht. Mit von der Partie die Berlinerin Kid be Kid und Polygonia B2B Delusional Circuits \u2026 aber dann kommt\u2026","rel":"","context":"In &quot;Rezension&quot;","block_context":{"text":"Rezension","link":"https:\/\/www.jazzzeitung.de\/cms\/thema\/rezension\/"},"img":{"alt_text":"","src":"https:\/\/i0.wp.com\/www.jazzzeitung.de\/cms\/wp-content\/uploads\/2022\/06\/Ark-Noir-Foto-TJ-Krebs.jpeg?fit=1200%2C800&ssl=1&resize=350%2C200","width":350,"height":200,"srcset":"https:\/\/i0.wp.com\/www.jazzzeitung.de\/cms\/wp-content\/uploads\/2022\/06\/Ark-Noir-Foto-TJ-Krebs.jpeg?fit=1200%2C800&ssl=1&resize=350%2C200 1x, https:\/\/i0.wp.com\/www.jazzzeitung.de\/cms\/wp-content\/uploads\/2022\/06\/Ark-Noir-Foto-TJ-Krebs.jpeg?fit=1200%2C800&ssl=1&resize=525%2C300 1.5x, https:\/\/i0.wp.com\/www.jazzzeitung.de\/cms\/wp-content\/uploads\/2022\/06\/Ark-Noir-Foto-TJ-Krebs.jpeg?fit=1200%2C800&ssl=1&resize=700%2C400 2x, https:\/\/i0.wp.com\/www.jazzzeitung.de\/cms\/wp-content\/uploads\/2022\/06\/Ark-Noir-Foto-TJ-Krebs.jpeg?fit=1200%2C800&ssl=1&resize=1050%2C600 3x"},"classes":[]},{"id":21087,"url":"https:\/\/www.jazzzeitung.de\/cms\/2019\/10\/zum-30-jazzfest-der-jazzmusiker-initiative-muenchen\/","url_meta":{"origin":19941,"position":1},"title":"Das 30. Jazzfest der Jazzmusiker-Initiative M\u00fcnchen \u2013 erste Halbzeit","author":"Redaktion JazzZeitung","date":"31. Oktober 2019","format":false,"excerpt":"Das 30. Jazzfest der Jazzmusiker-Initiative M\u00fcnchen JIM begann mit zwei Konzerten\u00a0 in der Black Box im Kulturzentrum Gasteig. Dort ist es durch die Unterst\u00fctzung des Kulturreferats der Stadt M\u00fcnchen seit einigen Jahren zu Hause. Begonnen hat es 1990 als 5-t\u00e4gige Selbstdarstellung und Werbeveranstaltung der M\u00fcnchener Jazzszene. Aus ihr gr\u00fcndete sich\u2026","rel":"","context":"In &quot;News&quot;","block_context":{"text":"News","link":"https:\/\/www.jazzzeitung.de\/cms\/thema\/nachrichten\/"},"img":{"alt_text":"","src":"https:\/\/i0.wp.com\/www.jazzzeitung.de\/cms\/wp-content\/uploads\/2019\/10\/%E2%94%AC%C2%AEGodehard.Lutz%40bayern-mail.de_IMGP0337.jpg?fit=1200%2C795&ssl=1&resize=350%2C200","width":350,"height":200,"srcset":"https:\/\/i0.wp.com\/www.jazzzeitung.de\/cms\/wp-content\/uploads\/2019\/10\/%E2%94%AC%C2%AEGodehard.Lutz%40bayern-mail.de_IMGP0337.jpg?fit=1200%2C795&ssl=1&resize=350%2C200 1x, https:\/\/i0.wp.com\/www.jazzzeitung.de\/cms\/wp-content\/uploads\/2019\/10\/%E2%94%AC%C2%AEGodehard.Lutz%40bayern-mail.de_IMGP0337.jpg?fit=1200%2C795&ssl=1&resize=525%2C300 1.5x, https:\/\/i0.wp.com\/www.jazzzeitung.de\/cms\/wp-content\/uploads\/2019\/10\/%E2%94%AC%C2%AEGodehard.Lutz%40bayern-mail.de_IMGP0337.jpg?fit=1200%2C795&ssl=1&resize=700%2C400 2x, https:\/\/i0.wp.com\/www.jazzzeitung.de\/cms\/wp-content\/uploads\/2019\/10\/%E2%94%AC%C2%AEGodehard.Lutz%40bayern-mail.de_IMGP0337.jpg?fit=1200%2C795&ssl=1&resize=1050%2C600 3x"},"classes":[]},{"id":8365,"url":"https:\/\/www.jazzzeitung.de\/cms\/2016\/02\/edition-unterfahrt-enja-praesentiert-neue-cd-reihe\/","url_meta":{"origin":19941,"position":2},"title":"&#8222;Edition Unterfahrt&#8220;: enja pr\u00e4sentiert neue CD-Reihe","author":"Redaktion JazzZeitung","date":"9. Februar 2016","format":false,"excerpt":"Mit der ersten Ausgabe der Edition Unterfahrt verwirklicht der Jazzclub Unterfahrt ein lang gehegtes Vorhaben: Aufnahmen aus dem Club bzw. mit Musikern, die in enger Verbundenheit mit dem Club stehen. In Zusammenarbeit mit Enja Records erscheint in dieser neuen Reihe Ende Februar die erste CD Vibes & Strings, ein Projekt\u2026","rel":"","context":"In &quot;Redaktionelle Nachrichten&quot;","block_context":{"text":"Redaktionelle Nachrichten","link":"https:\/\/www.jazzzeitung.de\/cms\/thema\/redaktion\/"},"img":{"alt_text":"henning-sieverts-vibes-and-strings","src":"https:\/\/i0.wp.com\/www.jazzzeitung.de\/cms\/wp-content\/uploads\/2016\/02\/henning-sieverts-vibes-and-strings-150x150.jpg?resize=350%2C200","width":350,"height":200},"classes":[]},{"id":21065,"url":"https:\/\/www.jazzzeitung.de\/cms\/2019\/10\/progressive-chamber-music-festival-im-muenchner-milla-club\/","url_meta":{"origin":19941,"position":3},"title":"\u201eProgressive Chamber Music Festival\u201c im M\u00fcnchner Milla Club","author":"Redaktion JazzZeitung","date":"30. Oktober 2019","format":false,"excerpt":"Zum zweiten Mal findet das \u201eProgressive Chamber Music Festival\u201c in M\u00fcnchen statt. Veranstaltungsort ist der Live-Club \u201eMilla\u201c im Glockenbachviertel. An zwei Abenden im November (06. und 07., Beginn jeweils 20.00 Uhr) gibt es insgesamt acht Konzerte im abwechslungsreichen Short-Cut-Format. Jedes Konzert dauert nicht l\u00e4nger als\u00a0 eine Dreiviertelstunde \u2013 jeweils dazwischen\u2026","rel":"","context":"In &quot;News&quot;","block_context":{"text":"News","link":"https:\/\/www.jazzzeitung.de\/cms\/thema\/nachrichten\/"},"img":{"alt_text":"","src":"https:\/\/i0.wp.com\/www.jazzzeitung.de\/cms\/wp-content\/uploads\/2019\/10\/DSC_3885.jpg?fit=1200%2C801&ssl=1&resize=350%2C200","width":350,"height":200,"srcset":"https:\/\/i0.wp.com\/www.jazzzeitung.de\/cms\/wp-content\/uploads\/2019\/10\/DSC_3885.jpg?fit=1200%2C801&ssl=1&resize=350%2C200 1x, https:\/\/i0.wp.com\/www.jazzzeitung.de\/cms\/wp-content\/uploads\/2019\/10\/DSC_3885.jpg?fit=1200%2C801&ssl=1&resize=525%2C300 1.5x, https:\/\/i0.wp.com\/www.jazzzeitung.de\/cms\/wp-content\/uploads\/2019\/10\/DSC_3885.jpg?fit=1200%2C801&ssl=1&resize=700%2C400 2x, https:\/\/i0.wp.com\/www.jazzzeitung.de\/cms\/wp-content\/uploads\/2019\/10\/DSC_3885.jpg?fit=1200%2C801&ssl=1&resize=1050%2C600 3x"},"classes":[]},{"id":17105,"url":"https:\/\/www.jazzzeitung.de\/cms\/2018\/08\/premiere-erstes-progressive-chamber-music-festival-in-muenchen\/","url_meta":{"origin":19941,"position":4},"title":"Premiere: Erstes Progressive Chamber Music Festival in M\u00fcnchen","author":"Redaktion JazzZeitung","date":"30. August 2018","format":false,"excerpt":"Das Progressive Chamber Music Festival in M\u00fcnchen feiert seine Premiere. Am 17. und 18. Oktober laden das Sirius Quartet (Bild, v.l.n.r.: Fung Chern Hwei, Jeremy Harman, Ron Lawrence, Gregor Huebner) und die Hochschule f\u00fcr Musik und Theater erstmals in den Live-Club \"Milla\" ein, um mit insgesamt acht kleineren Konzerten die\u2026","rel":"","context":"In &quot;News&quot;","block_context":{"text":"News","link":"https:\/\/www.jazzzeitung.de\/cms\/thema\/nachrichten\/"},"img":{"alt_text":"","src":"https:\/\/i0.wp.com\/www.jazzzeitung.de\/cms\/wp-content\/uploads\/2018\/08\/Sirius-Quartet.jpg?fit=1200%2C800&ssl=1&resize=350%2C200","width":350,"height":200,"srcset":"https:\/\/i0.wp.com\/www.jazzzeitung.de\/cms\/wp-content\/uploads\/2018\/08\/Sirius-Quartet.jpg?fit=1200%2C800&ssl=1&resize=350%2C200 1x, https:\/\/i0.wp.com\/www.jazzzeitung.de\/cms\/wp-content\/uploads\/2018\/08\/Sirius-Quartet.jpg?fit=1200%2C800&ssl=1&resize=525%2C300 1.5x, https:\/\/i0.wp.com\/www.jazzzeitung.de\/cms\/wp-content\/uploads\/2018\/08\/Sirius-Quartet.jpg?fit=1200%2C800&ssl=1&resize=700%2C400 2x, https:\/\/i0.wp.com\/www.jazzzeitung.de\/cms\/wp-content\/uploads\/2018\/08\/Sirius-Quartet.jpg?fit=1200%2C800&ssl=1&resize=1050%2C600 3x"},"classes":[]},{"id":23858,"url":"https:\/\/www.jazzzeitung.de\/cms\/2020\/11\/bmw-welt-young-artist-jazz-award-2020preistraegerkonzert-mit-philipp-schiepek-im-jazzclub-unterfahrt\/","url_meta":{"origin":19941,"position":5},"title":"BMW Welt Young Artist Jazz Award 2020:\u00a0Preistr\u00e4gerkonzert mit Philipp Schiepek im Jazzclub Unterfahrt","author":"Thomas J. Krebs","date":"23. November 2020","format":false,"excerpt":"Vor f\u00fcnf Jahren wurde der seit 2009 stattfindende BMW Welt Jazz Award um einen j\u00e4hrlichen Nachwuchspreis erweitert. Mit dem BMW Welt Young Artist Jazz Award f\u00f6rdern die BMW AG und die Stadt M\u00fcnchen gezielt junge, regionale Talente aus dem Jazzbereich und stiften neben zwei Konzerten bei den Leipziger Jazztagen und\u2026","rel":"","context":"In &quot;Bericht&quot;","block_context":{"text":"Bericht","link":"https:\/\/www.jazzzeitung.de\/cms\/thema\/bericht\/"},"img":{"alt_text":"","src":"https:\/\/i0.wp.com\/www.jazzzeitung.de\/cms\/wp-content\/uploads\/2020\/11\/P1929683-Schiepek-Quartett-Foto-TJ-Krebs.jpg?fit=1200%2C800&ssl=1&resize=350%2C200","width":350,"height":200,"srcset":"https:\/\/i0.wp.com\/www.jazzzeitung.de\/cms\/wp-content\/uploads\/2020\/11\/P1929683-Schiepek-Quartett-Foto-TJ-Krebs.jpg?fit=1200%2C800&ssl=1&resize=350%2C200 1x, https:\/\/i0.wp.com\/www.jazzzeitung.de\/cms\/wp-content\/uploads\/2020\/11\/P1929683-Schiepek-Quartett-Foto-TJ-Krebs.jpg?fit=1200%2C800&ssl=1&resize=525%2C300 1.5x, https:\/\/i0.wp.com\/www.jazzzeitung.de\/cms\/wp-content\/uploads\/2020\/11\/P1929683-Schiepek-Quartett-Foto-TJ-Krebs.jpg?fit=1200%2C800&ssl=1&resize=700%2C400 2x, https:\/\/i0.wp.com\/www.jazzzeitung.de\/cms\/wp-content\/uploads\/2020\/11\/P1929683-Schiepek-Quartett-Foto-TJ-Krebs.jpg?fit=1200%2C800&ssl=1&resize=1050%2C600 3x"},"classes":[]}],"jetpack_sharing_enabled":true,"_links":{"self":[{"href":"https:\/\/www.jazzzeitung.de\/cms\/wp-json\/wp\/v2\/posts\/19941","targetHints":{"allow":["GET"]}}],"collection":[{"href":"https:\/\/www.jazzzeitung.de\/cms\/wp-json\/wp\/v2\/posts"}],"about":[{"href":"https:\/\/www.jazzzeitung.de\/cms\/wp-json\/wp\/v2\/types\/post"}],"author":[{"embeddable":true,"href":"https:\/\/www.jazzzeitung.de\/cms\/wp-json\/wp\/v2\/users\/35"}],"replies":[{"embeddable":true,"href":"https:\/\/www.jazzzeitung.de\/cms\/wp-json\/wp\/v2\/comments?post=19941"}],"version-history":[{"count":1,"href":"https:\/\/www.jazzzeitung.de\/cms\/wp-json\/wp\/v2\/posts\/19941\/revisions"}],"predecessor-version":[{"id":19951,"href":"https:\/\/www.jazzzeitung.de\/cms\/wp-json\/wp\/v2\/posts\/19941\/revisions\/19951"}],"wp:featuredmedia":[{"embeddable":true,"href":"https:\/\/www.jazzzeitung.de\/cms\/wp-json\/wp\/v2\/media\/19950"}],"wp:attachment":[{"href":"https:\/\/www.jazzzeitung.de\/cms\/wp-json\/wp\/v2\/media?parent=19941"}],"wp:term":[{"taxonomy":"category","embeddable":true,"href":"https:\/\/www.jazzzeitung.de\/cms\/wp-json\/wp\/v2\/categories?post=19941"},{"taxonomy":"post_tag","embeddable":true,"href":"https:\/\/www.jazzzeitung.de\/cms\/wp-json\/wp\/v2\/tags?post=19941"},{"taxonomy":"author","embeddable":true,"href":"https:\/\/www.jazzzeitung.de\/cms\/wp-json\/wp\/v2\/coauthors?post=19941"}],"curies":[{"name":"wp","href":"https:\/\/api.w.org\/{rel}","templated":true}]}}