{"id":19911,"date":"2019-06-27T10:18:09","date_gmt":"2019-06-27T08:18:09","guid":{"rendered":"https:\/\/www.jazzzeitung.de\/cms\/?p=19911"},"modified":"2019-06-26T16:26:55","modified_gmt":"2019-06-26T14:26:55","slug":"jazz-moves-tv-im-portraet-beim-ndr-magazin-das","status":"publish","type":"post","link":"https:\/\/www.jazzzeitung.de\/cms\/2019\/06\/jazz-moves-tv-im-portraet-beim-ndr-magazin-das\/","title":{"rendered":"JAZZ MOVES TV im Portr\u00e4t beim NDR-Magazin DAS!"},"content":{"rendered":"<p>Hamburg. DAS! hat einen Blick hinter die Kulissen von JAZZ MOVES TV geworfen und hat Am\u00e9lie Siegmund und Sophie Wackerbauer einen Tag beim Dreh ihrer letzten Jazz-Club Reportage in die Bar \u201eItalia\u201c begleitet. Am Samstag erscheint der Beitrag \u00fcber die Reportage ab 18:45 Uhr im NDR oder zum Nachgucken in der Mediathek.<\/p>\n<p>Dass Hamburg eine sehr lebendige Jazz-Stadt ist, ist vielen noch nicht bewusst. Doch besucht man Hamburg mit Am\u00e9lie und Sophie wird man von der Vielfalt der Szene erschlagen. Montags geht es auf ein Bier in eine urige Hafenkneipe, Dienstag genie\u00dft ihr einen Wein im edlen Club, mittwochnacht in einen Techno-Schuppen, donnerstags st\u00f6bert ihr durch einen Opernfundus, Freitag dann zum gem\u00fctlichen Italiener um die Ecke, Samstag besucht ihr ein altes Bauernhaus am Stadtrand und Sonntag geht\u2019s zum Fr\u00fchschoppen. Ganz in der Hoffnung, dass in Zukunft noch Zeit ist das Wasserwerk, das Kino, die Studi-Kneipe, den Hafendampfer und die Galerie zu besuchen. All diese Orte haben vor allem eines gemein: Hier spielt Jazz.<\/p>\n<figure id=\"attachment_19912\" aria-describedby=\"caption-attachment-19912\" style=\"width: 300px\" class=\"wp-caption alignleft\"><a href=\"https:\/\/i0.wp.com\/www.jazzzeitung.de\/cms\/wp-content\/uploads\/2019\/06\/SophieJazzmoves.jpg?ssl=1\"><img data-recalc-dims=\"1\" loading=\"lazy\" decoding=\"async\" data-attachment-id=\"19912\" data-permalink=\"https:\/\/www.jazzzeitung.de\/cms\/2019\/06\/jazz-moves-tv-im-portraet-beim-ndr-magazin-das\/sophiejazzmoves\/\" data-orig-file=\"https:\/\/i0.wp.com\/www.jazzzeitung.de\/cms\/wp-content\/uploads\/2019\/06\/SophieJazzmoves.jpg?fit=3098%2C2479&amp;ssl=1\" data-orig-size=\"3098,2479\" data-comments-opened=\"1\" data-image-meta=\"{&quot;aperture&quot;:&quot;0&quot;,&quot;credit&quot;:&quot;&quot;,&quot;camera&quot;:&quot;&quot;,&quot;caption&quot;:&quot;&quot;,&quot;created_timestamp&quot;:&quot;0&quot;,&quot;copyright&quot;:&quot;&quot;,&quot;focal_length&quot;:&quot;0&quot;,&quot;iso&quot;:&quot;0&quot;,&quot;shutter_speed&quot;:&quot;0&quot;,&quot;title&quot;:&quot;&quot;,&quot;orientation&quot;:&quot;0&quot;}\" data-image-title=\"SophieJazzmoves\" data-image-description=\"\" data-image-caption=\"\" data-large-file=\"https:\/\/i0.wp.com\/www.jazzzeitung.de\/cms\/wp-content\/uploads\/2019\/06\/SophieJazzmoves.jpg?fit=750%2C600&amp;ssl=1\" class=\"wp-image-19912 size-medium\" src=\"https:\/\/i0.wp.com\/www.jazzzeitung.de\/cms\/wp-content\/uploads\/2019\/06\/SophieJazzmoves.jpg?resize=300%2C240&#038;ssl=1\" alt=\"\" width=\"300\" height=\"240\" srcset=\"https:\/\/i0.wp.com\/www.jazzzeitung.de\/cms\/wp-content\/uploads\/2019\/06\/SophieJazzmoves.jpg?resize=300%2C240&amp;ssl=1 300w, https:\/\/i0.wp.com\/www.jazzzeitung.de\/cms\/wp-content\/uploads\/2019\/06\/SophieJazzmoves.jpg?resize=768%2C615&amp;ssl=1 768w, https:\/\/i0.wp.com\/www.jazzzeitung.de\/cms\/wp-content\/uploads\/2019\/06\/SophieJazzmoves.jpg?resize=750%2C600&amp;ssl=1 750w, https:\/\/i0.wp.com\/www.jazzzeitung.de\/cms\/wp-content\/uploads\/2019\/06\/SophieJazzmoves.jpg?resize=1320%2C1056&amp;ssl=1 1320w, https:\/\/i0.wp.com\/www.jazzzeitung.de\/cms\/wp-content\/uploads\/2019\/06\/SophieJazzmoves.jpg?w=1680&amp;ssl=1 1680w, https:\/\/i0.wp.com\/www.jazzzeitung.de\/cms\/wp-content\/uploads\/2019\/06\/SophieJazzmoves.jpg?w=2520&amp;ssl=1 2520w\" sizes=\"auto, (max-width: 300px) 100vw, 300px\" \/><\/a><figcaption id=\"caption-attachment-19912\" class=\"wp-caption-text\">Jazz moves-Macherinnen Sophie Wackerbauer und Am\u00e9lie Siegmund (hinter der Kamera) in der Hamburger Bar \u201eItalia\u201c. Foto: Wolfgang Grumblat<\/figcaption><\/figure>\n<p>Am\u00e9lie und Sophie, die die Szene \u00fcber die Jahre zu lieben gelernt haben, nehmen euch mit zu ihren Freunden und lernen mit euch neue Freunde kennen. Und seit Dezember haben sie ihre Kameras dabei.<\/p>\n<p>Bei JAZZ MOVES erf\u00e4hrt man alles, was die Hamburger Jazz-Szene zu bieten hat und im JAZZ MOVES TV stellen euch Am\u00e9lie und Sophie jeden Monat einen weiteren Jazz-Spielort vor.<\/p>\n<p><a href=\"https:\/\/www.ndr.de\/fernsehen\/sendungen\/das\/Norddeutschland-und-die-Welt,sendung916600.html\">https:\/\/www.ndr.de\/fernsehen\/sendungen\/das\/Norddeutschland-und-die-Welt,sendung916600.html<\/a><\/p>\n","protected":false},"excerpt":{"rendered":"<p>Hamburg. DAS! hat einen Blick hinter die Kulissen von JAZZ MOVES TV geworfen und hat Am\u00e9lie Siegmund und Sophie Wackerbauer einen Tag beim Dreh ihrer letzten Jazz-Club Reportage in die Bar \u201eItalia\u201c begleitet. Am Samstag erscheint der Beitrag \u00fcber die Reportage ab 18:45 Uhr im NDR oder zum Nachgucken in der Mediathek. Dass Hamburg eine sehr lebendige Jazz-Stadt ist, ist vielen noch nicht bewusst. Doch besucht man Hamburg mit Am\u00e9lie und Sophie wird man von der Vielfalt der Szene erschlagen. Montags geht es auf ein Bier in eine urige Hafenkneipe, Dienstag genie\u00dft ihr einen Wein im edlen Club, mittwochnacht in einen Techno-Schuppen, donnerstags st\u00f6bert ihr durch einen Opernfundus, Freitag dann zum gem\u00fctlichen Italiener um die Ecke, Samstag besucht ihr ein altes Bauernhaus am Stadtrand und Sonntag geht\u2019s zum Fr\u00fchschoppen. Ganz in der Hoffnung, dass in Zukunft noch Zeit ist das Wasserwerk, das Kino, die Studi-Kneipe, den Hafendampfer und die Galerie zu besuchen. All diese Orte haben vor allem eines gemein: Hier spielt Jazz. Am\u00e9lie und Sophie, die die Szene \u00fcber die Jahre zu lieben gelernt haben, nehmen euch mit zu ihren Freunden und lernen mit &hellip;<\/p>\n","protected":false},"author":18,"featured_media":19912,"comment_status":"open","ping_status":"closed","sticky":false,"template":"","format":"standard","meta":{"_jetpack_memberships_contains_paid_content":false,"footnotes":"","jetpack_publicize_message":"","jetpack_publicize_feature_enabled":true,"jetpack_social_post_already_shared":false,"jetpack_social_options":{"image_generator_settings":{"template":"highway","default_image_id":0,"font":"","enabled":false},"version":2}},"categories":[633],"tags":[120,215,1876,2322,410,466,2139,1397,562],"coauthors":[695],"class_list":["post-19911","post","type-post","status-publish","format-standard","has-post-thumbnail","hentry","category-nachrichten","tag-club","tag-hamburg","tag-jazz","tag-jazz-moves-tv","tag-ndr","tag-reportage","tag-s","tag-siegmund","tag-tv"],"yoast_head":"<!-- This site is optimized with the Yoast SEO plugin v27.5 - https:\/\/yoast.com\/product\/yoast-seo-wordpress\/ -->\n<title>JAZZ MOVES TV im Portr\u00e4t beim NDR-Magazin DAS! - JazzZeitung<\/title>\n<meta name=\"robots\" content=\"index, follow, max-snippet:-1, max-image-preview:large, max-video-preview:-1\" \/>\n<link rel=\"canonical\" href=\"https:\/\/www.jazzzeitung.de\/cms\/2019\/06\/jazz-moves-tv-im-portraet-beim-ndr-magazin-das\/\" \/>\n<meta property=\"og:locale\" content=\"de_DE\" \/>\n<meta property=\"og:type\" content=\"article\" \/>\n<meta property=\"og:title\" content=\"JAZZ MOVES TV im Portr\u00e4t beim NDR-Magazin DAS! - JazzZeitung\" \/>\n<meta property=\"og:description\" content=\"Hamburg. DAS! hat einen Blick hinter die Kulissen von JAZZ MOVES TV geworfen und hat Am\u00e9lie Siegmund und Sophie Wackerbauer einen Tag beim Dreh ihrer letzten Jazz-Club Reportage in die Bar \u201eItalia\u201c begleitet. Am Samstag erscheint der Beitrag \u00fcber die Reportage ab 18:45 Uhr im NDR oder zum Nachgucken in der Mediathek. Dass Hamburg eine sehr lebendige Jazz-Stadt ist, ist vielen noch nicht bewusst. Doch besucht man Hamburg mit Am\u00e9lie und Sophie wird man von der Vielfalt der Szene erschlagen. Montags geht es auf ein Bier in eine urige Hafenkneipe, Dienstag genie\u00dft ihr einen Wein im edlen Club, mittwochnacht in einen Techno-Schuppen, donnerstags st\u00f6bert ihr durch einen Opernfundus, Freitag dann zum gem\u00fctlichen Italiener um die Ecke, Samstag besucht ihr ein altes Bauernhaus am Stadtrand und Sonntag geht\u2019s zum Fr\u00fchschoppen. Ganz in der Hoffnung, dass in Zukunft noch Zeit ist das Wasserwerk, das Kino, die Studi-Kneipe, den Hafendampfer und die Galerie zu besuchen. All diese Orte haben vor allem eines gemein: Hier spielt Jazz. Am\u00e9lie und Sophie, die die Szene \u00fcber die Jahre zu lieben gelernt haben, nehmen euch mit zu ihren Freunden und lernen mit &hellip;\" \/>\n<meta property=\"og:url\" content=\"https:\/\/www.jazzzeitung.de\/cms\/2019\/06\/jazz-moves-tv-im-portraet-beim-ndr-magazin-das\/\" \/>\n<meta property=\"og:site_name\" content=\"JazzZeitung\" \/>\n<meta property=\"article:publisher\" content=\"https:\/\/www.facebook.com\/JazzZeitung\/\" \/>\n<meta property=\"article:published_time\" content=\"2019-06-27T08:18:09+00:00\" \/>\n<meta property=\"og:image\" content=\"https:\/\/i0.wp.com\/www.jazzzeitung.de\/cms\/wp-content\/uploads\/2019\/06\/SophieJazzmoves.jpg?fit=3098%2C2479&ssl=1\" \/>\n\t<meta property=\"og:image:width\" content=\"3098\" \/>\n\t<meta property=\"og:image:height\" content=\"2479\" \/>\n\t<meta property=\"og:image:type\" content=\"image\/jpeg\" \/>\n<meta name=\"author\" content=\"Redaktion JazzZeitung\" \/>\n<script type=\"application\/ld+json\" class=\"yoast-schema-graph\">{\"@context\":\"https:\\\/\\\/schema.org\",\"@graph\":[{\"@type\":\"Article\",\"@id\":\"https:\\\/\\\/www.jazzzeitung.de\\\/cms\\\/2019\\\/06\\\/jazz-moves-tv-im-portraet-beim-ndr-magazin-das\\\/#article\",\"isPartOf\":{\"@id\":\"https:\\\/\\\/www.jazzzeitung.de\\\/cms\\\/2019\\\/06\\\/jazz-moves-tv-im-portraet-beim-ndr-magazin-das\\\/\"},\"author\":{\"name\":\"Redaktion JazzZeitung\",\"@id\":\"https:\\\/\\\/www.jazzzeitung.de\\\/cms\\\/#\\\/schema\\\/person\\\/2245b36b9cd1d24cea10f01c031fb92b\"},\"headline\":\"JAZZ MOVES TV im Portr\u00e4t beim NDR-Magazin DAS!\",\"datePublished\":\"2019-06-27T08:18:09+00:00\",\"mainEntityOfPage\":{\"@id\":\"https:\\\/\\\/www.jazzzeitung.de\\\/cms\\\/2019\\\/06\\\/jazz-moves-tv-im-portraet-beim-ndr-magazin-das\\\/\"},\"wordCount\":280,\"commentCount\":0,\"publisher\":{\"@id\":\"https:\\\/\\\/www.jazzzeitung.de\\\/cms\\\/#organization\"},\"image\":{\"@id\":\"https:\\\/\\\/www.jazzzeitung.de\\\/cms\\\/2019\\\/06\\\/jazz-moves-tv-im-portraet-beim-ndr-magazin-das\\\/#primaryimage\"},\"thumbnailUrl\":\"https:\\\/\\\/i0.wp.com\\\/www.jazzzeitung.de\\\/cms\\\/wp-content\\\/uploads\\\/2019\\\/06\\\/SophieJazzmoves.jpg?fit=3098%2C2479&ssl=1\",\"keywords\":[\"Club\",\"Hamburg\",\"Jazz\",\"Jazz Moves TV\",\"NDR\",\"Reportage\",\"S\",\"Siegmund\",\"TV\"],\"articleSection\":[\"News\"],\"inLanguage\":\"de\",\"potentialAction\":[{\"@type\":\"CommentAction\",\"name\":\"Comment\",\"target\":[\"https:\\\/\\\/www.jazzzeitung.de\\\/cms\\\/2019\\\/06\\\/jazz-moves-tv-im-portraet-beim-ndr-magazin-das\\\/#respond\"]}]},{\"@type\":\"WebPage\",\"@id\":\"https:\\\/\\\/www.jazzzeitung.de\\\/cms\\\/2019\\\/06\\\/jazz-moves-tv-im-portraet-beim-ndr-magazin-das\\\/\",\"url\":\"https:\\\/\\\/www.jazzzeitung.de\\\/cms\\\/2019\\\/06\\\/jazz-moves-tv-im-portraet-beim-ndr-magazin-das\\\/\",\"name\":\"JAZZ MOVES TV im Portr\u00e4t beim NDR-Magazin DAS! - JazzZeitung\",\"isPartOf\":{\"@id\":\"https:\\\/\\\/www.jazzzeitung.de\\\/cms\\\/#website\"},\"primaryImageOfPage\":{\"@id\":\"https:\\\/\\\/www.jazzzeitung.de\\\/cms\\\/2019\\\/06\\\/jazz-moves-tv-im-portraet-beim-ndr-magazin-das\\\/#primaryimage\"},\"image\":{\"@id\":\"https:\\\/\\\/www.jazzzeitung.de\\\/cms\\\/2019\\\/06\\\/jazz-moves-tv-im-portraet-beim-ndr-magazin-das\\\/#primaryimage\"},\"thumbnailUrl\":\"https:\\\/\\\/i0.wp.com\\\/www.jazzzeitung.de\\\/cms\\\/wp-content\\\/uploads\\\/2019\\\/06\\\/SophieJazzmoves.jpg?fit=3098%2C2479&ssl=1\",\"datePublished\":\"2019-06-27T08:18:09+00:00\",\"breadcrumb\":{\"@id\":\"https:\\\/\\\/www.jazzzeitung.de\\\/cms\\\/2019\\\/06\\\/jazz-moves-tv-im-portraet-beim-ndr-magazin-das\\\/#breadcrumb\"},\"inLanguage\":\"de\",\"potentialAction\":[{\"@type\":\"ReadAction\",\"target\":[\"https:\\\/\\\/www.jazzzeitung.de\\\/cms\\\/2019\\\/06\\\/jazz-moves-tv-im-portraet-beim-ndr-magazin-das\\\/\"]}]},{\"@type\":\"ImageObject\",\"inLanguage\":\"de\",\"@id\":\"https:\\\/\\\/www.jazzzeitung.de\\\/cms\\\/2019\\\/06\\\/jazz-moves-tv-im-portraet-beim-ndr-magazin-das\\\/#primaryimage\",\"url\":\"https:\\\/\\\/i0.wp.com\\\/www.jazzzeitung.de\\\/cms\\\/wp-content\\\/uploads\\\/2019\\\/06\\\/SophieJazzmoves.jpg?fit=3098%2C2479&ssl=1\",\"contentUrl\":\"https:\\\/\\\/i0.wp.com\\\/www.jazzzeitung.de\\\/cms\\\/wp-content\\\/uploads\\\/2019\\\/06\\\/SophieJazzmoves.jpg?fit=3098%2C2479&ssl=1\",\"width\":3098,\"height\":2479},{\"@type\":\"BreadcrumbList\",\"@id\":\"https:\\\/\\\/www.jazzzeitung.de\\\/cms\\\/2019\\\/06\\\/jazz-moves-tv-im-portraet-beim-ndr-magazin-das\\\/#breadcrumb\",\"itemListElement\":[{\"@type\":\"ListItem\",\"position\":1,\"name\":\"Startseite\",\"item\":\"https:\\\/\\\/www.jazzzeitung.de\\\/cms\\\/\"},{\"@type\":\"ListItem\",\"position\":2,\"name\":\"JAZZ MOVES TV im Portr\u00e4t beim NDR-Magazin DAS!\"}]},{\"@type\":\"WebSite\",\"@id\":\"https:\\\/\\\/www.jazzzeitung.de\\\/cms\\\/#website\",\"url\":\"https:\\\/\\\/www.jazzzeitung.de\\\/cms\\\/\",\"name\":\"JazzZeitung\",\"description\":\"Jazz-News und Jazz-Kontroverses\",\"publisher\":{\"@id\":\"https:\\\/\\\/www.jazzzeitung.de\\\/cms\\\/#organization\"},\"potentialAction\":[{\"@type\":\"SearchAction\",\"target\":{\"@type\":\"EntryPoint\",\"urlTemplate\":\"https:\\\/\\\/www.jazzzeitung.de\\\/cms\\\/?s={search_term_string}\"},\"query-input\":{\"@type\":\"PropertyValueSpecification\",\"valueRequired\":true,\"valueName\":\"search_term_string\"}}],\"inLanguage\":\"de\"},{\"@type\":\"Organization\",\"@id\":\"https:\\\/\\\/www.jazzzeitung.de\\\/cms\\\/#organization\",\"name\":\"JazzZeitung online\",\"url\":\"https:\\\/\\\/www.jazzzeitung.de\\\/cms\\\/\",\"logo\":{\"@type\":\"ImageObject\",\"inLanguage\":\"de\",\"@id\":\"https:\\\/\\\/www.jazzzeitung.de\\\/cms\\\/#\\\/schema\\\/logo\\\/image\\\/\",\"url\":\"https:\\\/\\\/i0.wp.com\\\/www.jazzzeitung.de\\\/cms\\\/wp-content\\\/uploads\\\/2015\\\/08\\\/JAZZZEITUNGDE_Logo_Neu.png?fit=499%2C200&ssl=1\",\"contentUrl\":\"https:\\\/\\\/i0.wp.com\\\/www.jazzzeitung.de\\\/cms\\\/wp-content\\\/uploads\\\/2015\\\/08\\\/JAZZZEITUNGDE_Logo_Neu.png?fit=499%2C200&ssl=1\",\"width\":499,\"height\":200,\"caption\":\"JazzZeitung online\"},\"image\":{\"@id\":\"https:\\\/\\\/www.jazzzeitung.de\\\/cms\\\/#\\\/schema\\\/logo\\\/image\\\/\"},\"sameAs\":[\"https:\\\/\\\/www.facebook.com\\\/JazzZeitung\\\/\"]},{\"@type\":\"Person\",\"@id\":\"https:\\\/\\\/www.jazzzeitung.de\\\/cms\\\/#\\\/schema\\\/person\\\/2245b36b9cd1d24cea10f01c031fb92b\",\"name\":\"Redaktion JazzZeitung\",\"image\":{\"@type\":\"ImageObject\",\"inLanguage\":\"de\",\"@id\":\"https:\\\/\\\/i0.wp.com\\\/www.jazzzeitung.de\\\/cms\\\/wp-content\\\/uploads\\\/2015\\\/08\\\/JAZZZEITUNGDE_Logo_Neu.png?resize=96%2C96&ssl=159975dcacb611b5700bd619b5daf0a7a\",\"url\":\"https:\\\/\\\/i0.wp.com\\\/www.jazzzeitung.de\\\/cms\\\/wp-content\\\/uploads\\\/2015\\\/08\\\/JAZZZEITUNGDE_Logo_Neu.png?resize=96%2C96&ssl=1\",\"contentUrl\":\"https:\\\/\\\/i0.wp.com\\\/www.jazzzeitung.de\\\/cms\\\/wp-content\\\/uploads\\\/2015\\\/08\\\/JAZZZEITUNGDE_Logo_Neu.png?resize=96%2C96&ssl=1\",\"caption\":\"Redaktion JazzZeitung\"},\"description\":\"Artikel der Redaktion der JazzZeitung.\",\"sameAs\":[\"http:\\\/\\\/www.jazzzeitung.de\\\/cms\\\/\"],\"url\":\"https:\\\/\\\/www.jazzzeitung.de\\\/cms\\\/author\\\/redaktion\\\/\"}]}<\/script>\n<!-- \/ Yoast SEO plugin. -->","yoast_head_json":{"title":"JAZZ MOVES TV im Portr\u00e4t beim NDR-Magazin DAS! - JazzZeitung","robots":{"index":"index","follow":"follow","max-snippet":"max-snippet:-1","max-image-preview":"max-image-preview:large","max-video-preview":"max-video-preview:-1"},"canonical":"https:\/\/www.jazzzeitung.de\/cms\/2019\/06\/jazz-moves-tv-im-portraet-beim-ndr-magazin-das\/","og_locale":"de_DE","og_type":"article","og_title":"JAZZ MOVES TV im Portr\u00e4t beim NDR-Magazin DAS! - JazzZeitung","og_description":"Hamburg. DAS! hat einen Blick hinter die Kulissen von JAZZ MOVES TV geworfen und hat Am\u00e9lie Siegmund und Sophie Wackerbauer einen Tag beim Dreh ihrer letzten Jazz-Club Reportage in die Bar \u201eItalia\u201c begleitet. Am Samstag erscheint der Beitrag \u00fcber die Reportage ab 18:45 Uhr im NDR oder zum Nachgucken in der Mediathek. Dass Hamburg eine sehr lebendige Jazz-Stadt ist, ist vielen noch nicht bewusst. Doch besucht man Hamburg mit Am\u00e9lie und Sophie wird man von der Vielfalt der Szene erschlagen. Montags geht es auf ein Bier in eine urige Hafenkneipe, Dienstag genie\u00dft ihr einen Wein im edlen Club, mittwochnacht in einen Techno-Schuppen, donnerstags st\u00f6bert ihr durch einen Opernfundus, Freitag dann zum gem\u00fctlichen Italiener um die Ecke, Samstag besucht ihr ein altes Bauernhaus am Stadtrand und Sonntag geht\u2019s zum Fr\u00fchschoppen. Ganz in der Hoffnung, dass in Zukunft noch Zeit ist das Wasserwerk, das Kino, die Studi-Kneipe, den Hafendampfer und die Galerie zu besuchen. All diese Orte haben vor allem eines gemein: Hier spielt Jazz. Am\u00e9lie und Sophie, die die Szene \u00fcber die Jahre zu lieben gelernt haben, nehmen euch mit zu ihren Freunden und lernen mit &hellip;","og_url":"https:\/\/www.jazzzeitung.de\/cms\/2019\/06\/jazz-moves-tv-im-portraet-beim-ndr-magazin-das\/","og_site_name":"JazzZeitung","article_publisher":"https:\/\/www.facebook.com\/JazzZeitung\/","article_published_time":"2019-06-27T08:18:09+00:00","og_image":[{"width":3098,"height":2479,"url":"https:\/\/i0.wp.com\/www.jazzzeitung.de\/cms\/wp-content\/uploads\/2019\/06\/SophieJazzmoves.jpg?fit=3098%2C2479&ssl=1","type":"image\/jpeg"}],"author":"Redaktion JazzZeitung","schema":{"@context":"https:\/\/schema.org","@graph":[{"@type":"Article","@id":"https:\/\/www.jazzzeitung.de\/cms\/2019\/06\/jazz-moves-tv-im-portraet-beim-ndr-magazin-das\/#article","isPartOf":{"@id":"https:\/\/www.jazzzeitung.de\/cms\/2019\/06\/jazz-moves-tv-im-portraet-beim-ndr-magazin-das\/"},"author":{"name":"Redaktion JazzZeitung","@id":"https:\/\/www.jazzzeitung.de\/cms\/#\/schema\/person\/2245b36b9cd1d24cea10f01c031fb92b"},"headline":"JAZZ MOVES TV im Portr\u00e4t beim NDR-Magazin DAS!","datePublished":"2019-06-27T08:18:09+00:00","mainEntityOfPage":{"@id":"https:\/\/www.jazzzeitung.de\/cms\/2019\/06\/jazz-moves-tv-im-portraet-beim-ndr-magazin-das\/"},"wordCount":280,"commentCount":0,"publisher":{"@id":"https:\/\/www.jazzzeitung.de\/cms\/#organization"},"image":{"@id":"https:\/\/www.jazzzeitung.de\/cms\/2019\/06\/jazz-moves-tv-im-portraet-beim-ndr-magazin-das\/#primaryimage"},"thumbnailUrl":"https:\/\/i0.wp.com\/www.jazzzeitung.de\/cms\/wp-content\/uploads\/2019\/06\/SophieJazzmoves.jpg?fit=3098%2C2479&ssl=1","keywords":["Club","Hamburg","Jazz","Jazz Moves TV","NDR","Reportage","S","Siegmund","TV"],"articleSection":["News"],"inLanguage":"de","potentialAction":[{"@type":"CommentAction","name":"Comment","target":["https:\/\/www.jazzzeitung.de\/cms\/2019\/06\/jazz-moves-tv-im-portraet-beim-ndr-magazin-das\/#respond"]}]},{"@type":"WebPage","@id":"https:\/\/www.jazzzeitung.de\/cms\/2019\/06\/jazz-moves-tv-im-portraet-beim-ndr-magazin-das\/","url":"https:\/\/www.jazzzeitung.de\/cms\/2019\/06\/jazz-moves-tv-im-portraet-beim-ndr-magazin-das\/","name":"JAZZ MOVES TV im Portr\u00e4t beim NDR-Magazin DAS! - JazzZeitung","isPartOf":{"@id":"https:\/\/www.jazzzeitung.de\/cms\/#website"},"primaryImageOfPage":{"@id":"https:\/\/www.jazzzeitung.de\/cms\/2019\/06\/jazz-moves-tv-im-portraet-beim-ndr-magazin-das\/#primaryimage"},"image":{"@id":"https:\/\/www.jazzzeitung.de\/cms\/2019\/06\/jazz-moves-tv-im-portraet-beim-ndr-magazin-das\/#primaryimage"},"thumbnailUrl":"https:\/\/i0.wp.com\/www.jazzzeitung.de\/cms\/wp-content\/uploads\/2019\/06\/SophieJazzmoves.jpg?fit=3098%2C2479&ssl=1","datePublished":"2019-06-27T08:18:09+00:00","breadcrumb":{"@id":"https:\/\/www.jazzzeitung.de\/cms\/2019\/06\/jazz-moves-tv-im-portraet-beim-ndr-magazin-das\/#breadcrumb"},"inLanguage":"de","potentialAction":[{"@type":"ReadAction","target":["https:\/\/www.jazzzeitung.de\/cms\/2019\/06\/jazz-moves-tv-im-portraet-beim-ndr-magazin-das\/"]}]},{"@type":"ImageObject","inLanguage":"de","@id":"https:\/\/www.jazzzeitung.de\/cms\/2019\/06\/jazz-moves-tv-im-portraet-beim-ndr-magazin-das\/#primaryimage","url":"https:\/\/i0.wp.com\/www.jazzzeitung.de\/cms\/wp-content\/uploads\/2019\/06\/SophieJazzmoves.jpg?fit=3098%2C2479&ssl=1","contentUrl":"https:\/\/i0.wp.com\/www.jazzzeitung.de\/cms\/wp-content\/uploads\/2019\/06\/SophieJazzmoves.jpg?fit=3098%2C2479&ssl=1","width":3098,"height":2479},{"@type":"BreadcrumbList","@id":"https:\/\/www.jazzzeitung.de\/cms\/2019\/06\/jazz-moves-tv-im-portraet-beim-ndr-magazin-das\/#breadcrumb","itemListElement":[{"@type":"ListItem","position":1,"name":"Startseite","item":"https:\/\/www.jazzzeitung.de\/cms\/"},{"@type":"ListItem","position":2,"name":"JAZZ MOVES TV im Portr\u00e4t beim NDR-Magazin DAS!"}]},{"@type":"WebSite","@id":"https:\/\/www.jazzzeitung.de\/cms\/#website","url":"https:\/\/www.jazzzeitung.de\/cms\/","name":"JazzZeitung","description":"Jazz-News und Jazz-Kontroverses","publisher":{"@id":"https:\/\/www.jazzzeitung.de\/cms\/#organization"},"potentialAction":[{"@type":"SearchAction","target":{"@type":"EntryPoint","urlTemplate":"https:\/\/www.jazzzeitung.de\/cms\/?s={search_term_string}"},"query-input":{"@type":"PropertyValueSpecification","valueRequired":true,"valueName":"search_term_string"}}],"inLanguage":"de"},{"@type":"Organization","@id":"https:\/\/www.jazzzeitung.de\/cms\/#organization","name":"JazzZeitung online","url":"https:\/\/www.jazzzeitung.de\/cms\/","logo":{"@type":"ImageObject","inLanguage":"de","@id":"https:\/\/www.jazzzeitung.de\/cms\/#\/schema\/logo\/image\/","url":"https:\/\/i0.wp.com\/www.jazzzeitung.de\/cms\/wp-content\/uploads\/2015\/08\/JAZZZEITUNGDE_Logo_Neu.png?fit=499%2C200&ssl=1","contentUrl":"https:\/\/i0.wp.com\/www.jazzzeitung.de\/cms\/wp-content\/uploads\/2015\/08\/JAZZZEITUNGDE_Logo_Neu.png?fit=499%2C200&ssl=1","width":499,"height":200,"caption":"JazzZeitung online"},"image":{"@id":"https:\/\/www.jazzzeitung.de\/cms\/#\/schema\/logo\/image\/"},"sameAs":["https:\/\/www.facebook.com\/JazzZeitung\/"]},{"@type":"Person","@id":"https:\/\/www.jazzzeitung.de\/cms\/#\/schema\/person\/2245b36b9cd1d24cea10f01c031fb92b","name":"Redaktion JazzZeitung","image":{"@type":"ImageObject","inLanguage":"de","@id":"https:\/\/i0.wp.com\/www.jazzzeitung.de\/cms\/wp-content\/uploads\/2015\/08\/JAZZZEITUNGDE_Logo_Neu.png?resize=96%2C96&ssl=159975dcacb611b5700bd619b5daf0a7a","url":"https:\/\/i0.wp.com\/www.jazzzeitung.de\/cms\/wp-content\/uploads\/2015\/08\/JAZZZEITUNGDE_Logo_Neu.png?resize=96%2C96&ssl=1","contentUrl":"https:\/\/i0.wp.com\/www.jazzzeitung.de\/cms\/wp-content\/uploads\/2015\/08\/JAZZZEITUNGDE_Logo_Neu.png?resize=96%2C96&ssl=1","caption":"Redaktion JazzZeitung"},"description":"Artikel der Redaktion der JazzZeitung.","sameAs":["http:\/\/www.jazzzeitung.de\/cms\/"],"url":"https:\/\/www.jazzzeitung.de\/cms\/author\/redaktion\/"}]}},"wp-worthy-pixel":{"ignored":false,"public":null,"server":null,"url":null},"wp-worthy-type":"normal","jetpack_publicize_connections":[],"cc_featured_image_caption":{"caption_text":"","source_text":"","source_url":""},"jetpack_featured_media_url":"https:\/\/i0.wp.com\/www.jazzzeitung.de\/cms\/wp-content\/uploads\/2019\/06\/SophieJazzmoves.jpg?fit=3098%2C2479&ssl=1","jetpack_shortlink":"https:\/\/wp.me\/p3KEcT-5b9","jetpack-related-posts":[{"id":20800,"url":"https:\/\/www.jazzzeitung.de\/cms\/2019\/09\/jazz-moves-tv-in-der-nancy-tilitz-galerie\/","url_meta":{"origin":19911,"position":0},"title":"JAZZ MOVES TV: Ins Herz geschlossen \u2013 Friday Night Jazz in der Nancy Tilitz Gallery","author":"Redaktion JazzZeitung","date":"29. September 2019","format":false,"excerpt":"JAZZ MOVES TV ist wieder unterwegs. Jeden Monat besuchen Am\u00e9lie Siegmund und Sophie Wackerbauer einen anderen Jazz-Club in Hamburg\u00a0 und stellen ihn in Interviews, Musik und Bildern auf ihrem YouTube-Channel vor. Inmitten des Gro\u00dfstadttrubels, zwischen besch\u00e4ftigten Pendlerinnen und schlendernden Parkg\u00e4ngern, unter rumpelnden Gleisen im alten Dammtor, versteckt sich die Galerie\u2026","rel":"","context":"In &quot;News&quot;","block_context":{"text":"News","link":"https:\/\/www.jazzzeitung.de\/cms\/thema\/nachrichten\/"},"img":{"alt_text":"","src":"","width":0,"height":0},"classes":[]},{"id":19364,"url":"https:\/\/www.jazzzeitung.de\/cms\/2019\/05\/jazz-moves-tv-hamburger-jazzszene-auf-youtube\/","url_meta":{"origin":19911,"position":1},"title":"JAZZ MOVES TV \u2013 Hamburger Jazzszene auf YouTube","author":"Redaktion JazzZeitung","date":"4. Mai 2019","format":false,"excerpt":"\u201eJazz in Hamburg ist jung, ungez\u00e4hmt und aufregend!\u201c \u2013 und die Plattform JAZZ MOVES Hamburg, eine Initiative des Jazzb\u00fcro Hamburg e.V., will das in Hamburg und \u00fcber die Stadtgrenzen hinaus sichtbar machen. Die vielf\u00e4ltige Jazzszene auf h\u00f6chstem k\u00fcnstlerischen Niveau mit vielen preisgekr\u00f6nten K\u00fcnstlerinnen und K\u00fcnstlern sorge f\u00fcr ein gro\u00dfes t\u00e4gliches\u2026","rel":"","context":"In &quot;News&quot;","block_context":{"text":"News","link":"https:\/\/www.jazzzeitung.de\/cms\/thema\/nachrichten\/"},"img":{"alt_text":"","src":"https:\/\/i0.wp.com\/www.jazzzeitung.de\/cms\/wp-content\/uploads\/2019\/05\/JazzMovesThumbnail.jpg?fit=1200%2C603&ssl=1&resize=350%2C200","width":350,"height":200,"srcset":"https:\/\/i0.wp.com\/www.jazzzeitung.de\/cms\/wp-content\/uploads\/2019\/05\/JazzMovesThumbnail.jpg?fit=1200%2C603&ssl=1&resize=350%2C200 1x, https:\/\/i0.wp.com\/www.jazzzeitung.de\/cms\/wp-content\/uploads\/2019\/05\/JazzMovesThumbnail.jpg?fit=1200%2C603&ssl=1&resize=525%2C300 1.5x, https:\/\/i0.wp.com\/www.jazzzeitung.de\/cms\/wp-content\/uploads\/2019\/05\/JazzMovesThumbnail.jpg?fit=1200%2C603&ssl=1&resize=700%2C400 2x, https:\/\/i0.wp.com\/www.jazzzeitung.de\/cms\/wp-content\/uploads\/2019\/05\/JazzMovesThumbnail.jpg?fit=1200%2C603&ssl=1&resize=1050%2C600 3x"},"classes":[]},{"id":21381,"url":"https:\/\/www.jazzzeitung.de\/cms\/2019\/12\/10-jazz-moves-tv-zu-gast-im-knust\/","url_meta":{"origin":19911,"position":2},"title":"#10: JAZZ MOVES TV zu Gast im Knust","author":"Redaktion JazzZeitung","date":"3. Dezember 2019","format":false,"excerpt":"In Hamburg sagt man Knust 1.Teil: Jazzhouse Wer an Jazz in Hamburg denkt, dem kommt das Knust vermutlich nicht als erstes in den Sinn. Dabei hat der Club, der heutzutage vor allem Rock-, Pop- und Metal-Konzerte pr\u00e4sentiert und gerne zum Fu\u00dfball gucken einl\u00e4dt eine ganz andere Geschichte. 1966 er\u00f6ffnete das\u2026","rel":"","context":"In &quot;Portrait&quot;","block_context":{"text":"Portrait","link":"https:\/\/www.jazzzeitung.de\/cms\/thema\/portrait\/"},"img":{"alt_text":"","src":"https:\/\/i0.wp.com\/www.jazzzeitung.de\/cms\/wp-content\/uploads\/2019\/12\/Jazz-Moves10-1.jpg?fit=1200%2C873&ssl=1&resize=350%2C200","width":350,"height":200,"srcset":"https:\/\/i0.wp.com\/www.jazzzeitung.de\/cms\/wp-content\/uploads\/2019\/12\/Jazz-Moves10-1.jpg?fit=1200%2C873&ssl=1&resize=350%2C200 1x, https:\/\/i0.wp.com\/www.jazzzeitung.de\/cms\/wp-content\/uploads\/2019\/12\/Jazz-Moves10-1.jpg?fit=1200%2C873&ssl=1&resize=525%2C300 1.5x, https:\/\/i0.wp.com\/www.jazzzeitung.de\/cms\/wp-content\/uploads\/2019\/12\/Jazz-Moves10-1.jpg?fit=1200%2C873&ssl=1&resize=700%2C400 2x, https:\/\/i0.wp.com\/www.jazzzeitung.de\/cms\/wp-content\/uploads\/2019\/12\/Jazz-Moves10-1.jpg?fit=1200%2C873&ssl=1&resize=1050%2C600 3x"},"classes":[]},{"id":12348,"url":"https:\/\/www.jazzzeitung.de\/cms\/2017\/05\/wolfgang-schlueter-erhaelt-den-hamburger-jazzpreis-2017\/","url_meta":{"origin":19911,"position":3},"title":"+++ Wolfgang Schl\u00fcter erh\u00e4lt den Hamburger Jazzpreis 2017 +++","author":"Redaktion JazzZeitung","date":"13. Mai 2017","format":false,"excerpt":"Seit 2007 werden alle zwei Jahre Musikerinnen und Musiker mit dem Hamburger Jazzpreis ausgezeichnet, die einen besonders qualifizierten k\u00fcnstlerischen Beitrag zur Jazzmusik leisten, die ihren Arbeits- und Lebensmittelpunkt in Hamburg haben und sich f\u00fcr die Belange des Jazz in der Stadt einsetzen. Der mit 10,000 Euro dotierte Preis wurde von\u2026","rel":"","context":"In &quot;Bericht&quot;","block_context":{"text":"Bericht","link":"https:\/\/www.jazzzeitung.de\/cms\/thema\/bericht\/"},"img":{"alt_text":"","src":"https:\/\/i0.wp.com\/www.jazzzeitung.de\/cms\/wp-content\/uploads\/2017\/05\/WOLFGANG_SCHL%C3%9CTER_BILD_MANFRED_KRATZAT%C2%A9skip-records1-300x295.jpg?resize=350%2C200","width":350,"height":200},"classes":[]},{"id":6965,"url":"https:\/\/www.jazzzeitung.de\/cms\/2015\/09\/korthals-legt-live-auf\/","url_meta":{"origin":19911,"position":4},"title":"Oliver Korthals legt live im Radio auf","author":"Redaktion JazzZeitung","date":"8. September 2015","format":false,"excerpt":"Der DJ, Moderator und Mojo Club-Mitbegr\u00fcnder Oliver Korthals legt im Radio auf Bei Freeform ist der Freigeist namensgebend. Weder stilistische noch rhythmische Grenzen engen das Programm ein, das wie ein DJ-Set konzipiert ist. Stattdessen wird der DJ, Moderator und Original Jazzrocker Oliver Korthals die H\u00f6rer formlos und unangepasst durch seinen\u2026","rel":"","context":"In &quot;Portrait&quot;","block_context":{"text":"Portrait","link":"https:\/\/www.jazzzeitung.de\/cms\/thema\/portrait\/"},"img":{"alt_text":"Oliver Korthals. Foto: NDR","src":"https:\/\/i0.wp.com\/www.jazzzeitung.de\/cms\/wp-content\/uploads\/2015\/09\/Oliver-Korthals-900x600.png?resize=350%2C200","width":350,"height":200,"srcset":"https:\/\/i0.wp.com\/www.jazzzeitung.de\/cms\/wp-content\/uploads\/2015\/09\/Oliver-Korthals-900x600.png?resize=350%2C200 1x, https:\/\/i0.wp.com\/www.jazzzeitung.de\/cms\/wp-content\/uploads\/2015\/09\/Oliver-Korthals-900x600.png?resize=525%2C300 1.5x"},"classes":[]},{"id":9480,"url":"https:\/\/www.jazzzeitung.de\/cms\/2016\/06\/news-jazz-open-hamburg-jazz-de-cinq-continents-marseille-andys-sister-gewinnen-band-voting-von-worms-jazz-joy\/","url_meta":{"origin":19911,"position":5},"title":"+++ News +++ Jazz Open Hamburg +++ Jazz de Cinq Continents Marseille +++ \u201eAndy\u2019s Sister\u201c gewinnen Band-Voting von \u201eWorms: Jazz &#038; Joy\u201c +++","author":"Redaktion JazzZeitung","date":"9. Juni 2016","format":false,"excerpt":"+++ JAZZ OPEN HAMBURG 1996 \u2013 2016 +++ HAMBURGS BELIEBTES FESTIVAL IM PARK PLANTEN UN BLOMEN +++ Mit der 21. Ausgabe der JAZZ OPEN HAMBURG blickt das Jazzb\u00fcro Hamburg mit Stolz auf zwanzig spannende Jahre. JAZZ OPEN HAMBURG ist eine Perle im Gro\u00dfstadtgetriebe; ein feines, fr\u00f6hliches Festival, das die Stadt\u2026","rel":"","context":"In &quot;News&quot;","block_context":{"text":"News","link":"https:\/\/www.jazzzeitung.de\/cms\/thema\/nachrichten\/"},"img":{"alt_text":"Pecco-Billo-Marian_Lenhard","src":"https:\/\/i0.wp.com\/www.jazzzeitung.de\/cms\/wp-content\/uploads\/2016\/06\/Pecco-Billo-Marian_Lenhard-150x150.jpg?resize=350%2C200","width":350,"height":200},"classes":[]}],"jetpack_sharing_enabled":true,"_links":{"self":[{"href":"https:\/\/www.jazzzeitung.de\/cms\/wp-json\/wp\/v2\/posts\/19911","targetHints":{"allow":["GET"]}}],"collection":[{"href":"https:\/\/www.jazzzeitung.de\/cms\/wp-json\/wp\/v2\/posts"}],"about":[{"href":"https:\/\/www.jazzzeitung.de\/cms\/wp-json\/wp\/v2\/types\/post"}],"author":[{"embeddable":true,"href":"https:\/\/www.jazzzeitung.de\/cms\/wp-json\/wp\/v2\/users\/18"}],"replies":[{"embeddable":true,"href":"https:\/\/www.jazzzeitung.de\/cms\/wp-json\/wp\/v2\/comments?post=19911"}],"version-history":[{"count":4,"href":"https:\/\/www.jazzzeitung.de\/cms\/wp-json\/wp\/v2\/posts\/19911\/revisions"}],"predecessor-version":[{"id":19916,"href":"https:\/\/www.jazzzeitung.de\/cms\/wp-json\/wp\/v2\/posts\/19911\/revisions\/19916"}],"wp:featuredmedia":[{"embeddable":true,"href":"https:\/\/www.jazzzeitung.de\/cms\/wp-json\/wp\/v2\/media\/19912"}],"wp:attachment":[{"href":"https:\/\/www.jazzzeitung.de\/cms\/wp-json\/wp\/v2\/media?parent=19911"}],"wp:term":[{"taxonomy":"category","embeddable":true,"href":"https:\/\/www.jazzzeitung.de\/cms\/wp-json\/wp\/v2\/categories?post=19911"},{"taxonomy":"post_tag","embeddable":true,"href":"https:\/\/www.jazzzeitung.de\/cms\/wp-json\/wp\/v2\/tags?post=19911"},{"taxonomy":"author","embeddable":true,"href":"https:\/\/www.jazzzeitung.de\/cms\/wp-json\/wp\/v2\/coauthors?post=19911"}],"curies":[{"name":"wp","href":"https:\/\/api.w.org\/{rel}","templated":true}]}}