{"id":19851,"date":"2019-06-23T12:00:18","date_gmt":"2019-06-23T10:00:18","guid":{"rendered":"https:\/\/www.jazzzeitung.de\/cms\/?p=19851"},"modified":"2019-06-18T18:38:36","modified_gmt":"2019-06-18T16:38:36","slug":"die-jazz-radiowoche-vom-24-06-19-bis-30-06-2019","status":"publish","type":"post","link":"https:\/\/www.jazzzeitung.de\/cms\/2019\/06\/die-jazz-radiowoche-vom-24-06-19-bis-30-06-2019\/","title":{"rendered":"Die Jazz-Radiowoche vom 24.06.19 bis 30.06.2019"},"content":{"rendered":"<p>Ein kleiner Blick in die Jazzwoche 26 im Radio. Petros Klampanis Trio, Vater, Mutter, Soul, Matthias Akeo Nowak, Fred Hersch, Jazz und Europa: Nils Petter Molv\u00e6r, freejazzblog on air, Jazzmeia Horn &amp; WDR Big Band, cond. &amp; arr. by Bob Mintzer, Pat Martino, Elbjazz 2019, Lisa Bassenge \u201eTribute To Lady Day\u201c, FreeJazz Festival Saarbr\u00fccken 2019, Kalle Kalima bei der NDR Bigband.<\/p>\n<p>Die \u00dcbersicht zum <a href=\"https:\/\/service.conbrio.de\/service\/download\/278\/\">Download als PDF<\/a>. Alle Angaben ohne Gew\u00e4hr.<\/p>\n<hr \/>\n<h2>Jazz im Radio (Fernsehen)<\/h2>\n<ul>\n<li><strong>SR2<\/strong> \u2013 <a href=\"http:\/\/www.sr.de\/sr\/sr2\/sendungen_a-z\/uebersicht\/jazznow\/index.html\">JazzNow<\/a> \u2013 Sonntags von 20.04 bis 22.30 Uhr<\/li>\n<li><strong>BR-KLASSIK \u2013 <\/strong><a href=\"https:\/\/www.br-klassik.de\/themen\/jazz-und-weltmusik\/jazztime-die-ganze-welt-des-jazz-100.html\">Jazztime<\/a><strong> \u2013 <\/strong>Von Montag bis Freitag t\u00e4glich um 23.05 Uhr<\/li>\n<li><strong>rbb-kultur<\/strong> \u2013 <a href=\"https:\/\/www.kulturradio.de\/programm\/schema\/sendungen\/late_night_jazz.html\">Late Night Jazz<\/a> \u2013 Sa und So 23:04 \u2013 24:00 Uhr<\/li>\n<li><strong>hr2-kultur<\/strong> \u2013 <a href=\"http:\/\/www.hr2.de\/musik\/jazz\/index.html\">Jazz in hr2-kultur<\/a> \u2013 t\u00e4glich<\/li>\n<li><strong>SWR2<\/strong> \u2013 <a href=\"https:\/\/www.swr.de\/swr2\/programm\/sendungen\/jazz\/startseite-mit-vorschau\/-\/id=659242\/did=13778140\/nid=659242\/13ttn4d\/index.html\">Jazz<\/a> \u2013 t\u00e4glich<\/li>\n<li><strong>Deutschlandfunk<\/strong> \u2013 <a href=\"http:\/\/www.deutschlandfunk.de\/jazz.747.de.html\">Jazz (\u00dcberblick)<\/a> \u2013 <a href=\"http:\/\/www.deutschlandfunk.de\/jazz-live.822.de.html\">Jazz Live<\/a>, <a href=\"http:\/\/www.deutschlandfunk.de\/jazzfacts.824.de.html\">JazzFacts<\/a> und <a href=\"http:\/\/www.deutschlandfunk.de\/milestones.1805.de.html\">Milestones<\/a><\/li>\n<li><strong>Deutschlandfunk Kultur<\/strong> \u2013 <a href=\"http:\/\/www.deutschlandfunkkultur.de\/jazz.1142.de.html\">Jazz<\/a> \u2013 diverse Sendetermine<\/li>\n<li><strong>ARTE TV<\/strong> \u2013 <a href=\"https:\/\/www.arte.tv\/de\/videos\/arte-concert\/jazz\/?xtor=AD-6-%5bMV_CFR_ARTE_DE_Google_GEN_GDN%5d-%5bGDN_GEN_Arte_Concerts_Jazz%5d-C-%5bjazz%20musik%5d\">Jazz<\/a><\/li>\n<\/ul>\n<p><strong>Periodika: Dauersendungen ohne gen\u00fcgend Infos \u2013 Tagesbegleitradio<\/strong><\/p>\n<ul>\n<li><strong>NDR Info <\/strong>\u2013 <strong>Play Jazz! Das Jazzmagazin<\/strong> 22:20 bis 23:00<\/li>\n<li><strong>MDR Kultur \u2013 Jazz <\/strong>19:05 bis 20:00<\/li>\n<li><strong>MDR Kultur \u2013<\/strong><strong>Jazz Lounge<\/strong> 19:35 bis 20:00<\/li>\n<li><strong>WDR3<\/strong> \u2013 Jazz &amp; World \u2013 Improvisiertes zum Tagesausklang \u2013 Montag bis Freitag, 22.04 \u2013 0:00 Uhr<\/li>\n<li><strong>WDR 3 Pers\u00f6nlich mit G\u00f6tz Alsmann<\/strong> 13:04 bis 15:00 (Samstags)<\/li>\n<\/ul>\n<hr \/>\n<h2>24.06.2019<\/h2>\n<hr \/>\n<p>17:50 bis 18:00 | SWR 2<br \/>\n<strong>SWR2 Jazz vor Sechs: Keith Jarrett: Long as you know you\u2019re living yours \/ CD: Best of Keith Jarrett bei ECM<\/strong><\/p>\n<p style=\"padding-left: 40px;\">Jan Garbarek, Tenorsaxofon; Keith Jarrett, Klavier; Palle Danielsson, Bass; Jon Christensen, Schlagzeug.<\/p>\n<p>19:04 bis 20:00 | hr2-kultur<br \/>\n<strong>H\u00f6rbar<\/strong><\/p>\n<p>22:30 bis 23:00 | hr2-kultur<br \/>\n<strong>Jazz Now: Aus dem Dschungel der Neuver\u00f6ffentlichungen <\/strong><\/p>\n<p style=\"padding-left: 40px;\">Am Mikrofon: Guenter Hottmann. heute mit: Julian Bossert: Dead Beat, Bad Deed | Francesco Bearzatti \/ Benjamin Moussay \/ Roberto Gatto: Dear John \u2013 Live At Le Due Terre Winery | Timo Lassy &amp; Teppo M\u00e4kynen: Timo Lassy &amp; Teppo M\u00e4kynen | Rita Marcotulli \/ Isreal Varela: Yin And Yang \u2013 Live At Venica &amp; Venica Winery | Max Petersen Trio: Divine Traces | Jeff Williams \/ Carmen Staaf \/ Michael Formanek: Bloom |<\/p>\n<p>23:05 bis 00:00 | BR-KLASSIK<br \/>\n<strong>Jazztime: Jazztoday: Neues aus Berlin: Mit Aki Takase, Carlos Bica und Michael Griener<\/strong><\/p>\n<hr \/>\n<h2>25.06.2019<\/h2>\n<hr \/>\n<p>01:05 bis 05:00 | Deutschlandfunk Kultur<br \/>\n<strong>Tonart: Jazz \u2013 Moderation: Manuela Krause<\/strong><\/p>\n<p>17:50 bis 18:00 | SWR 2<br \/>\n<strong>SWR2 Jazz vor Sechs: Palmer, Davis: Tain\u2019t me \/ CD: The classic years \u2026<\/strong><\/p>\n<p style=\"padding-left: 40px;\">Doris Day, Gesang; Les Brown Orchestra<\/p>\n<p>21:03 bis 22:00 | SWR 2<br \/>\n<strong>SWR2 Jazz Session: My Favorite Disc<\/strong><\/p>\n<p style=\"padding-left: 40px;\">Von Thomas Loewner. Pers\u00f6nliche Lieblingsalben aus der \u00e4lteren oder j\u00fcngeren Jazzgeschichte werden in der Reihe \u201eMy Favorite Discs\u201c regelm\u00e4\u00dfig vorgestellt: von den Autorinnen und Autoren unserer SWR2-Jazzredaktion. Legend\u00e4re Klassiker oder\u00a0 bekannte Favoriten \u2013 warum gerade ein bestimmtes Album sie so beeindruckt hat, erkl\u00e4ren sie in dieser Sendung.<\/p>\n<p>21:05 bis 22:00 | Deutschlandfunk<br \/>\n<strong>Jazz Live: Petros Klampanis Trio (1\/2)<\/strong><\/p>\n<p style=\"padding-left: 40px;\">Petros Klampanis, Kontrabass, Stimme, Elektronik; Kristjan Randalu, Piano; Bodek Janke, Schlagzeug, Perkussion. Aufnahme vom 2.4.2019 aus der Unterfahrt in M\u00fcnchen. Am Mikrofon: Harald Rehmann.<\/p>\n<p style=\"padding-left: 40px;\">Griechenland ist nicht unbedingt durch eine bedeutende und exportfreudige Jazzszene bekannt. Um so erfreulicher ist es, Musikern wie Petros Klampanis zu begegnen, der als Bassist wie als Komponist seinen ber\u00fchmten internationalen Kollegen m\u00fchelos das Wasser reichen kann. Die Klangwelten seiner Heimat leuchten hier und da noch auf, wenn Petros Klampanis solistisch oder im Ensemble seine melodisch orientierten und rhythmusintensiven Jazzkompositionen pr\u00e4sentiert. \u00dcber das Amsterdamer Konservatorium fand der 1981 auf der Insel Zakynthos geborene Musiker den Weg nach New York, wo er seine Studien weiterf\u00fchrte, mit namhaften Protagonisten der dortigen Szene wie dem Saxofonisten Greg Osby zusammenarbeitete und bereits eigene Alben ver\u00f6ffentlichen konnte. War seine dritte CD ,Chroma\u2019 in ihrer kammerorchestralen Farbigkeit gleichsam der T\u00fcr\u00f6ffner zu weltweiter Reputation, so feiert Petros Klampanis mit seiner aktuellen auf Triobesetzung reduzierten Formation seit einiger Zeit vermehrte Erfolge \u2013 eigentlich kein Wunder bei solchen Partnern wie dem Tastenvirtuosen Kristjan Randalu und dem fantastischen Perkussionisten Bodek Janke!<\/p>\n<p>22:00 bis 00:00 | Bremen Zwei<br \/>\n<strong>Jazz Grooves<\/strong><\/p>\n<p style=\"padding-left: 40px;\">Die ganze Welt des Jazz. Blue Note, Big Band, Neuerscheinungen und bekannte Stars \u2013 und Tipps zum Konzertgeschehen in Bremen und der Region.<\/p>\n<p>22:30 bis 23:00 | hr2-kultur<br \/>\n<strong>Jazzgroove: An den R\u00e4ndern des Jazz<\/strong><\/p>\n<p style=\"padding-left: 40px;\">Am Mikrofon: Guenter Hottmann. heute mit: Ark Noir: Tunnel Visions | Michele Rabbia \/ Gianluca Petrella \/ Eivind Aarset: Lost River | Jack DeJohnette (w\/ Lester Bowie): New Directions (ECM Touchstones \/ 50 zum F\u00fcnfzigsten) | Laurence Pike: Holy Spring | Dine Doneff: In\/Out | Alejandro Coello: Percussion Theory |<\/p>\n<p>23:05 bis 00:00 | BR-KLASSIK<br \/>\n<strong>Jazztime: News &amp; Roots<\/strong><\/p>\n<p style=\"padding-left: 40px;\">Der amerikanische Pianist Horace Parlan (1931-2017): Henning Sieverts stellt den Altmeister des Jazzklaviers in Aufnahmen aus den 60er bis 90er Jahren vor<\/p>\n<hr \/>\n<h2>26.06.2019<\/h2>\n<hr \/>\n<p>17:50 bis 18:00 | SWR 2<br \/>\n<strong>SWR2 Jazz vor Sechs: Ralph Towner: Canyon song \/ Konzertmitschnitt 19.03.1974<\/strong><\/p>\n<p style=\"padding-left: 40px;\">Oregon: Ralph Towner, Gitarre; Paul McCandless, Oboe; Glen Moore, Bass; Collin Walcott, Perkussion<\/p>\n<p>19:05 bis 20:00 | BR-KLASSIK<br \/>\n<strong>Classic Sounds in Jazz: Vater, Mutter, Soul<\/strong><\/p>\n<p style=\"padding-left: 40px;\">Swingende Kompositionen des Pianisten Horace Silver in Interpretationen von S\u00e4ngerin und Trompeterin Andrea Motis, S\u00e4ngerin Dee Dee Bridewater und nat\u00fcrlich von Horace Silver selbst. Moderation und Auswahl: Ulrich Habersetzer<\/p>\n<p>22:30 bis 23:00 | hr2-kultur<br \/>\n<strong>Jazzfacts: What\u2019s going on? \u2013 Features, Interviews und was die Szene (um-)treibt<\/strong><\/p>\n<p style=\"padding-left: 40px;\">West-\u00f6stlich furios mit Funkenflug: Der Frankfurter Saxophonist Christof Lauer trifft Kudsi Erguner beim Deutschen Jazzfestival Frankfurt 2019. Am Mikrofon: Guenter Hottmann<\/p>\n<p>23:05 bis 00:00 | BR-KLASSIK<br \/>\n<strong>Jazztime: Jazz aus N\u00fcrnberg: Studio-Aufnahmen \u2013 \u201eThe music of Duke Ellington and Billy Strayhorn\u201c<\/strong><\/p>\n<p style=\"padding-left: 40px;\">Die neue CD des Saxophonisten Klaus Graf. Mit Max Leis, Kontrabass; Andreas Feith, Klavier; Julian Fau, Schlagzeug. Moderation und Auswahl: Beate Sampson<\/p>\n<hr \/>\n<h2>27.06.2019<\/h2>\n<hr \/>\n<p>17:50 bis 18:00 | SWR 2<br \/>\n<strong>SWR2 Jazz vor Sechs: Paul Misraki: Insensiblement \/ CD: Manoir de Mes Reves \u2026<\/strong><\/p>\n<p style=\"padding-left: 40px;\">Philip Catherine, elektrische Gitarre; Paulo Morello, akustische Gitarre; Sven Faller, Kontrabass<\/p>\n<p>21:05 bis 22:00 | Deutschlandfunk<br \/>\n<strong>JazzFacts: Common Ground \u2013 Portr\u00e4t des Kontrabassisten Matthias Akeo Nowak <\/strong><\/p>\n<p style=\"padding-left: 40px;\">Am Mikrofon: Anja Buchmann. Er ist ein Tausendsassa in der deutschen Jazzszene: Matthias Akeo Nowak spielt seinen Bass in vielen gewichtigen Improvisationsprojekten von K\u00f6ln bis Berlin. J\u00fcngstes Werk unter eigener Regie ist das Mehrgenerationen-Quartett Common Ground. Saxofonist Sebastian Gille, Pianist Achim Kaufmann und Schlagzeuger Bill Elgart sind neben Nowak Teil von Common Ground \u2013 eine Besetzung, welche die Jahrg\u00e4nge von 1942 bis 1983 sowie ganz unterschiedliche K\u00fcnstlerpers\u00f6nlichkeiten zusammenbringt. Von Blues \u00fcber Modern Jazz bis zu neut\u00f6nenden Melodien und Harmonien pr\u00e4sentiert die Band sowohl frei als auch fokussiert klingende Themen und l\u00e4sst dabei niemals auff\u00e4llig ihre Muskeln spielen. Eine Grundruhe, die auch durch den Bassisten Matthias Nowak hinein getragen wird, der sein entspanntes, intelligentes Spiel in verschiedensten Formationen vom eigenen ,Koi Trio\u2019 \u00fcber Riaz Khabirpours ,Pocket Radio\u2019 bis zu Peter Ehwalds ,Le Septuor de grand matin\u2019 erklingen l\u00e4sst.<\/p>\n<p>22:30 bis 23:00 | hr2-kultur<br \/>\n<strong>Jazz Now: Aus dem Dschungel der Neuver\u00f6ffentlichungen<\/strong><\/p>\n<p style=\"padding-left: 40px;\">Am Mikrofon: Guenter Hottmann. heute mit: C\u00e9line Rudolph: Pearls | Kiki Manders: Universe In A Shoebox | Jonny Mansfield: Elftet | Focusyear Band: Open Paths | Paolo Fresu &amp; Daniele Bonaventura: Altissima Luce \u2013 Laudario Di Cartona |<\/p>\n<p>23:03 bis 00:00 | SWR 2<br \/>\n<strong>SWR2 NOWJazz: Master of the Unexpected \u2013 Der Pianist Fred Hersch<\/strong><\/p>\n<p style=\"padding-left: 40px;\">Von G\u00fcnther Huesmann. Das hatte es im New Yorker Jazzclub \u201eVillage Vanguard\u201c vorher noch nicht gegeben: Fred Hersch war 2013 der erste Solo-Pianist, der eine Woche lang in dem legend\u00e4ren Jazzclub spielte. Der \u201eMeister der spontanen musikalischen Pr\u00e4senzkontrolle\u201c (Ralf Dombrowski) wurde zehn Mal f\u00fcr einen Grammy nominiert. Jazz, Klassik, Lyrik \u2013 Herschs Vielseitigkeit spiegelt sich in seinen wichtigsten Einfl\u00fcssen: Er verbindet Bill Evans\u2019 impressionistische Lyrik mit Thelonious Monks Meisterschaft im Unkonventionellen. Fred Hersch ist ein K\u00f6nner der musikalischen Neugierde und \u00dcberraschung.<\/p>\n<p>23:05 bis 00:00 | BR-KLASSIK<br \/>\n<strong>Jazztime: All that Jazz<\/strong><\/p>\n<p style=\"padding-left: 40px;\">Chick Corea war einer der ersten, der spanische Musikwelten konsequent in eine jazzmusikalische Form gegossen hat. Und diese Leidenschaft hat ihn bis heute nicht verlassen. So g\u00f6nnt er sich mit 78 Jahren auf ein Neues eine Band, die sein \u00bbSpanish Heart\u00ab zum Schlagen bringt, an seiner Seite G\u00e4ste wie der S\u00e4nger Rub\u00e9n Blades und der Gitarrist Ni\u00f1o Josele. Zwei andere Herren von betr\u00e4chtlicher Erfahrung sind der Saxophonist Gianluigi Trovesi und der Akkordeonist Gianni Coscia. Nach l\u00e4ngere Pauste haben sie sich wieder im Studio getroffen und eine Hommage an einen ber\u00fchmten Freund des Duos aufgenommen, den Dichter und Denker Umberto Eco. Musik f\u00fcr einen langen Sommer. Moderation und Auswahl: Ralf Dombrowski<\/p>\n<hr \/>\n<h2>28.06.2019<\/h2>\n<hr \/>\n<p>17:50 bis 18:00 | SWR 2<br \/>\n<strong>SWR2 Jazz vor Sechs: Riccardo Del Fra: \u2013 Moving People \/ CD: Moving People \u2026<\/strong><\/p>\n<p style=\"padding-left: 40px;\">Tomasz Dabrowski, Trompete; Jan Prax, Altsaxofon; Kurt Rosenwinkel, Gitarre; Remi Fox, Baritonsaxofon; Carl-Henri Morisset, Klavier; Jason Brown, Schlagzeug; Riccardo Del Fra, Kontrabass.<\/p>\n<p>22:05 bis 23:00 | NDR Info<br \/>\n<strong>Jazz Special: Jazz und Europa: Nils Petter Molv\u00e6r \u2013 Mit Felix Tenbaum<\/strong><\/p>\n<p>22:30 bis 23:00 | hr2-kultur<br \/>\n<strong>Jazz Classics: Aufnahmen, die die Welt beweg(t)en<\/strong><\/p>\n<p style=\"padding-left: 40px;\">Heute mit: These Foolish Things \u2013 geschmeidig poliert von Lester Young 1944\/1945 || Lester Young Master Takes \/ Savoy Recordings, Savoy Jazz ZDS 4419 | Lester Young: Lester Smooths It Out \/ The Coolest Of Lester Young, Going For A Song GFS456 | Lester Young: Essential Masters Of Jazz, Proper Records EMCD 08 M7 817. Musik: Matthias Spindler | Moderation: Jesko von Schwichow<\/p>\n<p>23:03 bis 00:00 | SWR 2<br \/>\n<strong>SWR2 NOWJazz: freejazzblog on air<\/strong><\/p>\n<p style=\"padding-left: 40px;\">Play it out loud. Free Jazz und sozialer Protest. Julia Neupert im Gespr\u00e4ch mit Martin Schray. Das Aufkommen des Free Jazz in den fr\u00fchen 1960er-Jahren fiel zusammen mit der afroamerikanischen B\u00fcrgerrechtsbewegung. Die Musik reflektierte gesellschaftliche Bedingungen und war gleichzeitig auch Aufruf zum Protest. Mit der Wahl von Barack Obama zum US-Pr\u00e4sidenten schien diese Bewegung 2012 oberfl\u00e4chlich abgeschlossen zu sein. Heute \u2013 rund 10 Jahre sp\u00e4ter \u2013 ist die Musik wieder offen politisch. Julia Neupert und ihr Gast Martin Schray stellen in der heutigen Sendung aktuelle Alben aus dem Bereich des freien Jazz vor, die politische Themen verhandeln und musikalisch umzusetzen versuchen.<\/p>\n<p>23:05 bis 00:00 | BR-KLASSIK<br \/>\n<strong>Jazztime: Das Jazzkonzert \u2013 Starke St\u00fccke, dunkler Sound<\/strong><\/p>\n<p style=\"padding-left: 40px;\">Trompeter Maik Krahl mit seinem Quartett bei der 50. Internationalen Jazzwoche Burghausen. Aufnahme vom 29. M\u00e4rz 2019 im Stadtsaal Burghausen. Moderation und Auswahl: Ulrich Habersetzer<\/p>\n<hr \/>\n<h2>29.06.2019<\/h2>\n<hr \/>\n<p>01:05 bis 06:00 | Deutschlandfunk<br \/>\n<strong>Deutschlandfunk Radionacht: Jazz<\/strong><\/p>\n<p style=\"padding-left: 40px;\">Neuer Strom in alten Dr\u00e4hten. Die Renaissance elektronischer Instrumente im aktuellen Jazz. Chicago vs. Blood, Sweat &amp; Tears. Zwei bl\u00e4serstarke Bands an der Wende zum Jazzrock. Dave Pike Set, Association P.C. &amp; Co. \u2013 Wie der Jazzrock in Deutschland begann. Am Mikrofon: Odilo Clausnitzer<\/p>\n<p>17:50 bis 18:00 | SWR 2<br \/>\n<strong>SWR2 Jazz vor Sechs: Robert Henry Timmons: Dat dere \/ CD: The Big Beat \u2026<\/strong><\/p>\n<p style=\"padding-left: 40px;\">Art Blakey and The Jazz Messengers: Lee Morgan, Trompete; Wayne Shorter, Tenorsaxofon; Bobby Timmons, Klavier; Jymie Merritt, Bass; Art Blakey, Schlagzeug<\/p>\n<p>19:04 bis 20:00 | hr2-kultur<br \/>\n<strong>Live Jazz: Jazzmeia Horn &amp; WDR Big Band, cond. &amp; arr. by Bob Mintzer | Jazzfest Berlin 2018<\/strong><\/p>\n<p>Jazzmeia Horn &amp; WDR Big Band, cond. &amp; arr. by Bob Mintzer || Jazzmeia Horn, voc | Wim Both, tp | Ruud Breuls, tp | Rob Bruynen, tp | Andy Haderer, tp | Ludwig Nuss, tb | Shannon Barnett, tb | Andy Hunter, tb | Mattis Cederberg, b-tb | Johan H\u00f6rlen, as | Karolina Strassmayer, as | Olivier Peters, ts | Paul Heller, ts | Jens Neufang bs | Billy Test, p | John Goldsby, b | Paul Shigihara, g | Hans Dekker, dr | Bob Mintzer, cond, ts | Jazzfest Berlin 2018, Haus der Berliner Festspiele, Gro\u00dfe B\u00fchne, November 2018. Am Mikrofon: Matthias Spindler<\/p>\n<p>20:15 bis 21:00 | NDR Info<br \/>\n<strong>Jazz Klassiker<\/strong><\/p>\n<p>22:03 bis 23:00 | SWR 2<br \/>\n<strong>SWR2 Jazztime: Traditionalist und Neuerer \u2013 Der Gitarrist Pat Martino<\/strong><\/p>\n<p style=\"padding-left: 40px;\">Von Ssirus W. Pakzad. Pat Martino gilt als einer der einflussreichsten Gitarristen des Nachkriegs-Jazz. War er anfangs noch ein Wesensverwandter von Gr\u00f6\u00dfen wie Wes Montgomery, Jim Hall oder George Benson, zeigte er sich in den 1970er-Jahren offen f\u00fcr neue Str\u00f6mungen und experimentierte etwa mit Gitarrensynthesizern und Fusion-Musik. Nach mehreren Hirn-Aneurysmen verlor er sein musikalisches Ged\u00e4chtnis und musste das Spielen neu erlernen. Martino, der im August 75 wird, ist seit seiner Genesung wieder aktiv. Er hat mehrere Alben ver\u00f6ffentlicht, auf denen er zur von ihm gewohnten Qualit\u00e4ten wiedergefunden hat.<\/p>\n<p>22:05 bis 23:00 | NDR Info<br \/>\n<strong>Jazz Konzert: Elbjazz 2019 \u2013 Mit Claudia Schober<\/strong><\/p>\n<p>23.04 \u2013 24.00 | rbbkultur<br \/>\n<strong>Late Night Jazz: Jazz aus Berlin: Lisa Bassenge \u201eTribute To Lady Day\u201c<\/strong><\/p>\n<p style=\"padding-left: 40px;\">Lisa Bassenge hat ein der markantesten Stimmen Deutschlands. Egal, ob sie Jazz, Pop, Folk oder Dance, ob sie in englischer oder deutscher Sprache singt: Lisa Bassenge ist sofort als Lisa Bassenge identifizierbar. Mit Larry Porter (p), Andreas Lang (b) und Eric Vaughn (dr) widmet sie sich Songs aus dem Repertoire von Billie Holiday an der Schnittstelle zwischen Blues und Jazz.. Konzertaufnahme vom 2. April 2019, Jazz-Club A-TRANE<\/p>\n<hr \/>\n<h2>30.06.2019<\/h2>\n<hr \/>\n<p>00:05 bis 02:00 | Bayern 2<br \/>\n<strong>radioJazznacht<\/strong><\/p>\n<p>19:04 bis 20:00 | hr2-kultur<br \/>\n<strong>hr-Bigband<\/strong><\/p>\n<p style=\"padding-left: 40px;\">Konzerte und Produktionen u.a. mit: \u201eRemembering Zawinul\u201c \u2013 Roberto Di Gioia &amp; hr-Bigband, cond. &amp; arr. by Jim McNeely, Schlosstheater Fulda \/ Halber Mond, Heppenheim, M\u00e4rz 1019, Teil 1. Am Mikrofon: Claus Gnichwitz<\/p>\n<p>20:04 bis 22:30 | SR2 KulturRadio<br \/>\n<strong>JazzNow: FreeJazz Festival Saarbr\u00fccken 2019<\/strong><\/p>\n<p style=\"padding-left: 40px;\">Michel Pilz Quartett, Kaluza Quartett. Aufnahmen vom 5. und 6. April 2019 im Gemeindezentrum Alte Evangelische Kirche Saarbr\u00fccken<\/p>\n<p>22:05 bis 23:00 | NDR Info<br \/>\n<strong>Jazz NDR Bigband: Jazz und Europa: Kalle Kalima bei der NDR Bigband<\/strong><\/p>\n<p>23.04 \u2013 24.00 | rbbkultur<br \/>\n<strong>Late Night Jazz: Jazz Diskothek \u2013 News from Jazz &amp; Blues<\/strong><\/p>\n","protected":false},"excerpt":{"rendered":"<p>Ein kleiner Blick in die Jazzwoche 26 im Radio. Petros Klampanis Trio, Vater, Mutter, Soul, Matthias Akeo Nowak, Fred Hersch, Jazz und Europa: Nils Petter Molv\u00e6r, freejazzblog on air, Jazzmeia Horn &amp; WDR Big Band, cond. &amp; arr. by Bob Mintzer, Pat Martino, Elbjazz 2019, Lisa Bassenge \u201eTribute To Lady Day\u201c, FreeJazz Festival Saarbr\u00fccken 2019, Kalle Kalima bei der NDR Bigband. Die \u00dcbersicht zum Download als PDF. Alle Angaben ohne Gew\u00e4hr. Jazz im Radio (Fernsehen) SR2 \u2013 JazzNow \u2013 Sonntags von 20.04 bis 22.30 Uhr BR-KLASSIK \u2013 Jazztime \u2013 Von Montag bis Freitag t\u00e4glich um 23.05 Uhr rbb-kultur \u2013 Late Night Jazz \u2013 Sa und So 23:04 \u2013 24:00 Uhr hr2-kultur \u2013 Jazz in hr2-kultur \u2013 t\u00e4glich SWR2 \u2013 Jazz \u2013 t\u00e4glich Deutschlandfunk \u2013 Jazz (\u00dcberblick) \u2013 Jazz Live, JazzFacts und Milestones Deutschlandfunk Kultur \u2013 Jazz \u2013 diverse Sendetermine ARTE TV \u2013 Jazz Periodika: Dauersendungen ohne gen\u00fcgend Infos \u2013 Tagesbegleitradio NDR Info \u2013 Play Jazz! Das Jazzmagazin 22:20 bis 23:00 MDR Kultur \u2013 Jazz 19:05 bis 20:00 MDR Kultur \u2013Jazz Lounge 19:35 bis 20:00 WDR3 \u2013 Jazz &amp; World \u2013 Improvisiertes zum Tagesausklang \u2013 Montag &hellip;<\/p>\n","protected":false},"author":1,"featured_media":18913,"comment_status":"open","ping_status":"closed","sticky":false,"template":"","format":"standard","meta":{"_jetpack_memberships_contains_paid_content":false,"footnotes":"","jetpack_publicize_message":"","jetpack_publicize_feature_enabled":true,"jetpack_social_post_already_shared":false,"jetpack_social_options":{"image_generator_settings":{"template":"highway","default_image_id":0,"font":"","enabled":false},"version":2}},"categories":[633,452],"tags":[1629],"coauthors":[650],"class_list":["post-19851","post","type-post","status-publish","format-standard","has-post-thumbnail","hentry","category-nachrichten","category-radio","tag-jazz-im-radio"],"yoast_head":"<!-- This site is optimized with the Yoast SEO plugin v27.5 - https:\/\/yoast.com\/product\/yoast-seo-wordpress\/ -->\n<title>Die Jazz-Radiowoche vom 24.06.19 bis 30.06.2019 - JazzZeitung<\/title>\n<meta name=\"robots\" content=\"index, follow, max-snippet:-1, max-image-preview:large, max-video-preview:-1\" \/>\n<link rel=\"canonical\" href=\"https:\/\/www.jazzzeitung.de\/cms\/2019\/06\/die-jazz-radiowoche-vom-24-06-19-bis-30-06-2019\/\" \/>\n<meta property=\"og:locale\" content=\"de_DE\" \/>\n<meta property=\"og:type\" content=\"article\" \/>\n<meta property=\"og:title\" content=\"Die Jazz-Radiowoche vom 24.06.19 bis 30.06.2019 - JazzZeitung\" \/>\n<meta property=\"og:description\" content=\"Ein kleiner Blick in die Jazzwoche 26 im Radio. Petros Klampanis Trio, Vater, Mutter, Soul, Matthias Akeo Nowak, Fred Hersch, Jazz und Europa: Nils Petter Molv\u00e6r, freejazzblog on air, Jazzmeia Horn &amp; WDR Big Band, cond. &amp; arr. by Bob Mintzer, Pat Martino, Elbjazz 2019, Lisa Bassenge \u201eTribute To Lady Day\u201c, FreeJazz Festival Saarbr\u00fccken 2019, Kalle Kalima bei der NDR Bigband. Die \u00dcbersicht zum Download als PDF. Alle Angaben ohne Gew\u00e4hr. Jazz im Radio (Fernsehen) SR2 \u2013 JazzNow \u2013 Sonntags von 20.04 bis 22.30 Uhr BR-KLASSIK \u2013 Jazztime \u2013 Von Montag bis Freitag t\u00e4glich um 23.05 Uhr rbb-kultur \u2013 Late Night Jazz \u2013 Sa und So 23:04 \u2013 24:00 Uhr hr2-kultur \u2013 Jazz in hr2-kultur \u2013 t\u00e4glich SWR2 \u2013 Jazz \u2013 t\u00e4glich Deutschlandfunk \u2013 Jazz (\u00dcberblick) \u2013 Jazz Live, JazzFacts und Milestones Deutschlandfunk Kultur \u2013 Jazz \u2013 diverse Sendetermine ARTE TV \u2013 Jazz Periodika: Dauersendungen ohne gen\u00fcgend Infos \u2013 Tagesbegleitradio NDR Info \u2013 Play Jazz! Das Jazzmagazin 22:20 bis 23:00 MDR Kultur \u2013 Jazz 19:05 bis 20:00 MDR Kultur \u2013Jazz Lounge 19:35 bis 20:00 WDR3 \u2013 Jazz &amp; World \u2013 Improvisiertes zum Tagesausklang \u2013 Montag &hellip;\" \/>\n<meta property=\"og:url\" content=\"https:\/\/www.jazzzeitung.de\/cms\/2019\/06\/die-jazz-radiowoche-vom-24-06-19-bis-30-06-2019\/\" \/>\n<meta property=\"og:site_name\" content=\"JazzZeitung\" \/>\n<meta property=\"article:publisher\" content=\"https:\/\/www.facebook.com\/JazzZeitung\/\" \/>\n<meta property=\"article:author\" content=\"https:\/\/www.facebook.com\/hufner\" \/>\n<meta property=\"article:published_time\" content=\"2019-06-23T10:00:18+00:00\" \/>\n<meta property=\"og:image\" content=\"https:\/\/i0.wp.com\/www.jazzzeitung.de\/cms\/wp-content\/uploads\/2019\/03\/jazz_im_radio.jpg?fit=2200%2C1417&ssl=1\" \/>\n\t<meta property=\"og:image:width\" content=\"2200\" \/>\n\t<meta property=\"og:image:height\" content=\"1417\" \/>\n\t<meta property=\"og:image:type\" content=\"image\/jpeg\" \/>\n<meta name=\"author\" content=\"Martin Hufner\" \/>\n<script type=\"application\/ld+json\" class=\"yoast-schema-graph\">{\"@context\":\"https:\\\/\\\/schema.org\",\"@graph\":[{\"@type\":\"Article\",\"@id\":\"https:\\\/\\\/www.jazzzeitung.de\\\/cms\\\/2019\\\/06\\\/die-jazz-radiowoche-vom-24-06-19-bis-30-06-2019\\\/#article\",\"isPartOf\":{\"@id\":\"https:\\\/\\\/www.jazzzeitung.de\\\/cms\\\/2019\\\/06\\\/die-jazz-radiowoche-vom-24-06-19-bis-30-06-2019\\\/\"},\"author\":{\"name\":\"Martin Hufner\",\"@id\":\"https:\\\/\\\/www.jazzzeitung.de\\\/cms\\\/#\\\/schema\\\/person\\\/b9a4e5ac765d94fb8f617bfa8f1fc5f7\"},\"headline\":\"Die Jazz-Radiowoche vom 24.06.19 bis 30.06.2019\",\"datePublished\":\"2019-06-23T10:00:18+00:00\",\"mainEntityOfPage\":{\"@id\":\"https:\\\/\\\/www.jazzzeitung.de\\\/cms\\\/2019\\\/06\\\/die-jazz-radiowoche-vom-24-06-19-bis-30-06-2019\\\/\"},\"wordCount\":2006,\"commentCount\":0,\"publisher\":{\"@id\":\"https:\\\/\\\/www.jazzzeitung.de\\\/cms\\\/#organization\"},\"image\":{\"@id\":\"https:\\\/\\\/www.jazzzeitung.de\\\/cms\\\/2019\\\/06\\\/die-jazz-radiowoche-vom-24-06-19-bis-30-06-2019\\\/#primaryimage\"},\"thumbnailUrl\":\"https:\\\/\\\/i0.wp.com\\\/www.jazzzeitung.de\\\/cms\\\/wp-content\\\/uploads\\\/2019\\\/03\\\/jazz_im_radio.jpg?fit=2200%2C1417&ssl=1\",\"keywords\":[\"Jazz im Radio\"],\"articleSection\":[\"News\",\"Radio\"],\"inLanguage\":\"de\",\"potentialAction\":[{\"@type\":\"CommentAction\",\"name\":\"Comment\",\"target\":[\"https:\\\/\\\/www.jazzzeitung.de\\\/cms\\\/2019\\\/06\\\/die-jazz-radiowoche-vom-24-06-19-bis-30-06-2019\\\/#respond\"]}]},{\"@type\":\"WebPage\",\"@id\":\"https:\\\/\\\/www.jazzzeitung.de\\\/cms\\\/2019\\\/06\\\/die-jazz-radiowoche-vom-24-06-19-bis-30-06-2019\\\/\",\"url\":\"https:\\\/\\\/www.jazzzeitung.de\\\/cms\\\/2019\\\/06\\\/die-jazz-radiowoche-vom-24-06-19-bis-30-06-2019\\\/\",\"name\":\"Die Jazz-Radiowoche vom 24.06.19 bis 30.06.2019 - JazzZeitung\",\"isPartOf\":{\"@id\":\"https:\\\/\\\/www.jazzzeitung.de\\\/cms\\\/#website\"},\"primaryImageOfPage\":{\"@id\":\"https:\\\/\\\/www.jazzzeitung.de\\\/cms\\\/2019\\\/06\\\/die-jazz-radiowoche-vom-24-06-19-bis-30-06-2019\\\/#primaryimage\"},\"image\":{\"@id\":\"https:\\\/\\\/www.jazzzeitung.de\\\/cms\\\/2019\\\/06\\\/die-jazz-radiowoche-vom-24-06-19-bis-30-06-2019\\\/#primaryimage\"},\"thumbnailUrl\":\"https:\\\/\\\/i0.wp.com\\\/www.jazzzeitung.de\\\/cms\\\/wp-content\\\/uploads\\\/2019\\\/03\\\/jazz_im_radio.jpg?fit=2200%2C1417&ssl=1\",\"datePublished\":\"2019-06-23T10:00:18+00:00\",\"breadcrumb\":{\"@id\":\"https:\\\/\\\/www.jazzzeitung.de\\\/cms\\\/2019\\\/06\\\/die-jazz-radiowoche-vom-24-06-19-bis-30-06-2019\\\/#breadcrumb\"},\"inLanguage\":\"de\",\"potentialAction\":[{\"@type\":\"ReadAction\",\"target\":[\"https:\\\/\\\/www.jazzzeitung.de\\\/cms\\\/2019\\\/06\\\/die-jazz-radiowoche-vom-24-06-19-bis-30-06-2019\\\/\"]}]},{\"@type\":\"ImageObject\",\"inLanguage\":\"de\",\"@id\":\"https:\\\/\\\/www.jazzzeitung.de\\\/cms\\\/2019\\\/06\\\/die-jazz-radiowoche-vom-24-06-19-bis-30-06-2019\\\/#primaryimage\",\"url\":\"https:\\\/\\\/i0.wp.com\\\/www.jazzzeitung.de\\\/cms\\\/wp-content\\\/uploads\\\/2019\\\/03\\\/jazz_im_radio.jpg?fit=2200%2C1417&ssl=1\",\"contentUrl\":\"https:\\\/\\\/i0.wp.com\\\/www.jazzzeitung.de\\\/cms\\\/wp-content\\\/uploads\\\/2019\\\/03\\\/jazz_im_radio.jpg?fit=2200%2C1417&ssl=1\",\"width\":2200,\"height\":1417,\"caption\":\"Jazz im Radio. Foto: Hufner\"},{\"@type\":\"BreadcrumbList\",\"@id\":\"https:\\\/\\\/www.jazzzeitung.de\\\/cms\\\/2019\\\/06\\\/die-jazz-radiowoche-vom-24-06-19-bis-30-06-2019\\\/#breadcrumb\",\"itemListElement\":[{\"@type\":\"ListItem\",\"position\":1,\"name\":\"Startseite\",\"item\":\"https:\\\/\\\/www.jazzzeitung.de\\\/cms\\\/\"},{\"@type\":\"ListItem\",\"position\":2,\"name\":\"Die Jazz-Radiowoche vom 24.06.19 bis 30.06.2019\"}]},{\"@type\":\"WebSite\",\"@id\":\"https:\\\/\\\/www.jazzzeitung.de\\\/cms\\\/#website\",\"url\":\"https:\\\/\\\/www.jazzzeitung.de\\\/cms\\\/\",\"name\":\"JazzZeitung\",\"description\":\"Jazz-News und Jazz-Kontroverses\",\"publisher\":{\"@id\":\"https:\\\/\\\/www.jazzzeitung.de\\\/cms\\\/#organization\"},\"potentialAction\":[{\"@type\":\"SearchAction\",\"target\":{\"@type\":\"EntryPoint\",\"urlTemplate\":\"https:\\\/\\\/www.jazzzeitung.de\\\/cms\\\/?s={search_term_string}\"},\"query-input\":{\"@type\":\"PropertyValueSpecification\",\"valueRequired\":true,\"valueName\":\"search_term_string\"}}],\"inLanguage\":\"de\"},{\"@type\":\"Organization\",\"@id\":\"https:\\\/\\\/www.jazzzeitung.de\\\/cms\\\/#organization\",\"name\":\"JazzZeitung online\",\"url\":\"https:\\\/\\\/www.jazzzeitung.de\\\/cms\\\/\",\"logo\":{\"@type\":\"ImageObject\",\"inLanguage\":\"de\",\"@id\":\"https:\\\/\\\/www.jazzzeitung.de\\\/cms\\\/#\\\/schema\\\/logo\\\/image\\\/\",\"url\":\"https:\\\/\\\/i0.wp.com\\\/www.jazzzeitung.de\\\/cms\\\/wp-content\\\/uploads\\\/2015\\\/08\\\/JAZZZEITUNGDE_Logo_Neu.png?fit=499%2C200&ssl=1\",\"contentUrl\":\"https:\\\/\\\/i0.wp.com\\\/www.jazzzeitung.de\\\/cms\\\/wp-content\\\/uploads\\\/2015\\\/08\\\/JAZZZEITUNGDE_Logo_Neu.png?fit=499%2C200&ssl=1\",\"width\":499,\"height\":200,\"caption\":\"JazzZeitung online\"},\"image\":{\"@id\":\"https:\\\/\\\/www.jazzzeitung.de\\\/cms\\\/#\\\/schema\\\/logo\\\/image\\\/\"},\"sameAs\":[\"https:\\\/\\\/www.facebook.com\\\/JazzZeitung\\\/\"]},{\"@type\":\"Person\",\"@id\":\"https:\\\/\\\/www.jazzzeitung.de\\\/cms\\\/#\\\/schema\\\/person\\\/b9a4e5ac765d94fb8f617bfa8f1fc5f7\",\"name\":\"Martin Hufner\",\"image\":{\"@type\":\"ImageObject\",\"inLanguage\":\"de\",\"@id\":\"https:\\\/\\\/i0.wp.com\\\/www.jazzzeitung.de\\\/cms\\\/wp-content\\\/uploads\\\/2013\\\/07\\\/huf-06.jpg?resize=96%2C96&ssl=15fcc31aa94540751a3b804516452be00\",\"url\":\"https:\\\/\\\/i0.wp.com\\\/www.jazzzeitung.de\\\/cms\\\/wp-content\\\/uploads\\\/2013\\\/07\\\/huf-06.jpg?resize=96%2C96&ssl=1\",\"contentUrl\":\"https:\\\/\\\/i0.wp.com\\\/www.jazzzeitung.de\\\/cms\\\/wp-content\\\/uploads\\\/2013\\\/07\\\/huf-06.jpg?resize=96%2C96&ssl=1\",\"caption\":\"Martin Hufner\"},\"description\":\"Martin Hufner ist freier Autor der JazzZeitung.\",\"sameAs\":[\"https:\\\/\\\/www.kritische-masse.de\\\/logbuch\",\"https:\\\/\\\/www.facebook.com\\\/hufner\"],\"url\":\"https:\\\/\\\/www.jazzzeitung.de\\\/cms\\\/author\\\/admin\\\/\"}]}<\/script>\n<!-- \/ Yoast SEO plugin. -->","yoast_head_json":{"title":"Die Jazz-Radiowoche vom 24.06.19 bis 30.06.2019 - JazzZeitung","robots":{"index":"index","follow":"follow","max-snippet":"max-snippet:-1","max-image-preview":"max-image-preview:large","max-video-preview":"max-video-preview:-1"},"canonical":"https:\/\/www.jazzzeitung.de\/cms\/2019\/06\/die-jazz-radiowoche-vom-24-06-19-bis-30-06-2019\/","og_locale":"de_DE","og_type":"article","og_title":"Die Jazz-Radiowoche vom 24.06.19 bis 30.06.2019 - JazzZeitung","og_description":"Ein kleiner Blick in die Jazzwoche 26 im Radio. Petros Klampanis Trio, Vater, Mutter, Soul, Matthias Akeo Nowak, Fred Hersch, Jazz und Europa: Nils Petter Molv\u00e6r, freejazzblog on air, Jazzmeia Horn &amp; WDR Big Band, cond. &amp; arr. by Bob Mintzer, Pat Martino, Elbjazz 2019, Lisa Bassenge \u201eTribute To Lady Day\u201c, FreeJazz Festival Saarbr\u00fccken 2019, Kalle Kalima bei der NDR Bigband. Die \u00dcbersicht zum Download als PDF. Alle Angaben ohne Gew\u00e4hr. Jazz im Radio (Fernsehen) SR2 \u2013 JazzNow \u2013 Sonntags von 20.04 bis 22.30 Uhr BR-KLASSIK \u2013 Jazztime \u2013 Von Montag bis Freitag t\u00e4glich um 23.05 Uhr rbb-kultur \u2013 Late Night Jazz \u2013 Sa und So 23:04 \u2013 24:00 Uhr hr2-kultur \u2013 Jazz in hr2-kultur \u2013 t\u00e4glich SWR2 \u2013 Jazz \u2013 t\u00e4glich Deutschlandfunk \u2013 Jazz (\u00dcberblick) \u2013 Jazz Live, JazzFacts und Milestones Deutschlandfunk Kultur \u2013 Jazz \u2013 diverse Sendetermine ARTE TV \u2013 Jazz Periodika: Dauersendungen ohne gen\u00fcgend Infos \u2013 Tagesbegleitradio NDR Info \u2013 Play Jazz! Das Jazzmagazin 22:20 bis 23:00 MDR Kultur \u2013 Jazz 19:05 bis 20:00 MDR Kultur \u2013Jazz Lounge 19:35 bis 20:00 WDR3 \u2013 Jazz &amp; World \u2013 Improvisiertes zum Tagesausklang \u2013 Montag &hellip;","og_url":"https:\/\/www.jazzzeitung.de\/cms\/2019\/06\/die-jazz-radiowoche-vom-24-06-19-bis-30-06-2019\/","og_site_name":"JazzZeitung","article_publisher":"https:\/\/www.facebook.com\/JazzZeitung\/","article_author":"https:\/\/www.facebook.com\/hufner","article_published_time":"2019-06-23T10:00:18+00:00","og_image":[{"width":2200,"height":1417,"url":"https:\/\/i0.wp.com\/www.jazzzeitung.de\/cms\/wp-content\/uploads\/2019\/03\/jazz_im_radio.jpg?fit=2200%2C1417&ssl=1","type":"image\/jpeg"}],"author":"Martin Hufner","schema":{"@context":"https:\/\/schema.org","@graph":[{"@type":"Article","@id":"https:\/\/www.jazzzeitung.de\/cms\/2019\/06\/die-jazz-radiowoche-vom-24-06-19-bis-30-06-2019\/#article","isPartOf":{"@id":"https:\/\/www.jazzzeitung.de\/cms\/2019\/06\/die-jazz-radiowoche-vom-24-06-19-bis-30-06-2019\/"},"author":{"name":"Martin Hufner","@id":"https:\/\/www.jazzzeitung.de\/cms\/#\/schema\/person\/b9a4e5ac765d94fb8f617bfa8f1fc5f7"},"headline":"Die Jazz-Radiowoche vom 24.06.19 bis 30.06.2019","datePublished":"2019-06-23T10:00:18+00:00","mainEntityOfPage":{"@id":"https:\/\/www.jazzzeitung.de\/cms\/2019\/06\/die-jazz-radiowoche-vom-24-06-19-bis-30-06-2019\/"},"wordCount":2006,"commentCount":0,"publisher":{"@id":"https:\/\/www.jazzzeitung.de\/cms\/#organization"},"image":{"@id":"https:\/\/www.jazzzeitung.de\/cms\/2019\/06\/die-jazz-radiowoche-vom-24-06-19-bis-30-06-2019\/#primaryimage"},"thumbnailUrl":"https:\/\/i0.wp.com\/www.jazzzeitung.de\/cms\/wp-content\/uploads\/2019\/03\/jazz_im_radio.jpg?fit=2200%2C1417&ssl=1","keywords":["Jazz im Radio"],"articleSection":["News","Radio"],"inLanguage":"de","potentialAction":[{"@type":"CommentAction","name":"Comment","target":["https:\/\/www.jazzzeitung.de\/cms\/2019\/06\/die-jazz-radiowoche-vom-24-06-19-bis-30-06-2019\/#respond"]}]},{"@type":"WebPage","@id":"https:\/\/www.jazzzeitung.de\/cms\/2019\/06\/die-jazz-radiowoche-vom-24-06-19-bis-30-06-2019\/","url":"https:\/\/www.jazzzeitung.de\/cms\/2019\/06\/die-jazz-radiowoche-vom-24-06-19-bis-30-06-2019\/","name":"Die Jazz-Radiowoche vom 24.06.19 bis 30.06.2019 - JazzZeitung","isPartOf":{"@id":"https:\/\/www.jazzzeitung.de\/cms\/#website"},"primaryImageOfPage":{"@id":"https:\/\/www.jazzzeitung.de\/cms\/2019\/06\/die-jazz-radiowoche-vom-24-06-19-bis-30-06-2019\/#primaryimage"},"image":{"@id":"https:\/\/www.jazzzeitung.de\/cms\/2019\/06\/die-jazz-radiowoche-vom-24-06-19-bis-30-06-2019\/#primaryimage"},"thumbnailUrl":"https:\/\/i0.wp.com\/www.jazzzeitung.de\/cms\/wp-content\/uploads\/2019\/03\/jazz_im_radio.jpg?fit=2200%2C1417&ssl=1","datePublished":"2019-06-23T10:00:18+00:00","breadcrumb":{"@id":"https:\/\/www.jazzzeitung.de\/cms\/2019\/06\/die-jazz-radiowoche-vom-24-06-19-bis-30-06-2019\/#breadcrumb"},"inLanguage":"de","potentialAction":[{"@type":"ReadAction","target":["https:\/\/www.jazzzeitung.de\/cms\/2019\/06\/die-jazz-radiowoche-vom-24-06-19-bis-30-06-2019\/"]}]},{"@type":"ImageObject","inLanguage":"de","@id":"https:\/\/www.jazzzeitung.de\/cms\/2019\/06\/die-jazz-radiowoche-vom-24-06-19-bis-30-06-2019\/#primaryimage","url":"https:\/\/i0.wp.com\/www.jazzzeitung.de\/cms\/wp-content\/uploads\/2019\/03\/jazz_im_radio.jpg?fit=2200%2C1417&ssl=1","contentUrl":"https:\/\/i0.wp.com\/www.jazzzeitung.de\/cms\/wp-content\/uploads\/2019\/03\/jazz_im_radio.jpg?fit=2200%2C1417&ssl=1","width":2200,"height":1417,"caption":"Jazz im Radio. Foto: Hufner"},{"@type":"BreadcrumbList","@id":"https:\/\/www.jazzzeitung.de\/cms\/2019\/06\/die-jazz-radiowoche-vom-24-06-19-bis-30-06-2019\/#breadcrumb","itemListElement":[{"@type":"ListItem","position":1,"name":"Startseite","item":"https:\/\/www.jazzzeitung.de\/cms\/"},{"@type":"ListItem","position":2,"name":"Die Jazz-Radiowoche vom 24.06.19 bis 30.06.2019"}]},{"@type":"WebSite","@id":"https:\/\/www.jazzzeitung.de\/cms\/#website","url":"https:\/\/www.jazzzeitung.de\/cms\/","name":"JazzZeitung","description":"Jazz-News und Jazz-Kontroverses","publisher":{"@id":"https:\/\/www.jazzzeitung.de\/cms\/#organization"},"potentialAction":[{"@type":"SearchAction","target":{"@type":"EntryPoint","urlTemplate":"https:\/\/www.jazzzeitung.de\/cms\/?s={search_term_string}"},"query-input":{"@type":"PropertyValueSpecification","valueRequired":true,"valueName":"search_term_string"}}],"inLanguage":"de"},{"@type":"Organization","@id":"https:\/\/www.jazzzeitung.de\/cms\/#organization","name":"JazzZeitung online","url":"https:\/\/www.jazzzeitung.de\/cms\/","logo":{"@type":"ImageObject","inLanguage":"de","@id":"https:\/\/www.jazzzeitung.de\/cms\/#\/schema\/logo\/image\/","url":"https:\/\/i0.wp.com\/www.jazzzeitung.de\/cms\/wp-content\/uploads\/2015\/08\/JAZZZEITUNGDE_Logo_Neu.png?fit=499%2C200&ssl=1","contentUrl":"https:\/\/i0.wp.com\/www.jazzzeitung.de\/cms\/wp-content\/uploads\/2015\/08\/JAZZZEITUNGDE_Logo_Neu.png?fit=499%2C200&ssl=1","width":499,"height":200,"caption":"JazzZeitung online"},"image":{"@id":"https:\/\/www.jazzzeitung.de\/cms\/#\/schema\/logo\/image\/"},"sameAs":["https:\/\/www.facebook.com\/JazzZeitung\/"]},{"@type":"Person","@id":"https:\/\/www.jazzzeitung.de\/cms\/#\/schema\/person\/b9a4e5ac765d94fb8f617bfa8f1fc5f7","name":"Martin Hufner","image":{"@type":"ImageObject","inLanguage":"de","@id":"https:\/\/i0.wp.com\/www.jazzzeitung.de\/cms\/wp-content\/uploads\/2013\/07\/huf-06.jpg?resize=96%2C96&ssl=15fcc31aa94540751a3b804516452be00","url":"https:\/\/i0.wp.com\/www.jazzzeitung.de\/cms\/wp-content\/uploads\/2013\/07\/huf-06.jpg?resize=96%2C96&ssl=1","contentUrl":"https:\/\/i0.wp.com\/www.jazzzeitung.de\/cms\/wp-content\/uploads\/2013\/07\/huf-06.jpg?resize=96%2C96&ssl=1","caption":"Martin Hufner"},"description":"Martin Hufner ist freier Autor der JazzZeitung.","sameAs":["https:\/\/www.kritische-masse.de\/logbuch","https:\/\/www.facebook.com\/hufner"],"url":"https:\/\/www.jazzzeitung.de\/cms\/author\/admin\/"}]}},"wp-worthy-pixel":{"ignored":true,"public":null,"server":null,"url":null},"wp-worthy-type":"normal","jetpack_publicize_connections":[],"cc_featured_image_caption":{"caption_text":"Jazz im Radio. ","source_text":"Montage: Hufner","source_url":"https:\/\/hoerbar.nmz.de"},"jetpack_featured_media_url":"https:\/\/i0.wp.com\/www.jazzzeitung.de\/cms\/wp-content\/uploads\/2019\/03\/jazz_im_radio.jpg?fit=2200%2C1417&ssl=1","jetpack_shortlink":"https:\/\/wp.me\/p3KEcT-5ab","jetpack-related-posts":[{"id":22236,"url":"https:\/\/www.jazzzeitung.de\/cms\/2020\/03\/die-jazz-radiowoche-vom-30-03-20-bis-05-04-20\/","url_meta":{"origin":19851,"position":0},"title":"Die Jazz-Radiowoche vom 30.03.20 bis 05.04.20","author":"Martin Hufner","date":"29. M\u00e4rz 2020","format":false,"excerpt":"Ein kleiner Blick in die Jazzwoche 14 im Radio. Alle Angaben ohne Gew\u00e4hr. Jazz im Radio (Fernsehen) SR2 \u2013 JazzNow \u2013 Sonntags von 20.04 bis 22.30 Uhr BR-KLASSIK \u2013 Jazztime \u2013 Von Montag bis Freitag t\u00e4glich um 23.05 Uhr rbb-kultur \u2013 Late Night Jazz \u2013 Sa und So 23:04 \u2013\u2026","rel":"","context":"In &quot;News&quot;","block_context":{"text":"News","link":"https:\/\/www.jazzzeitung.de\/cms\/thema\/nachrichten\/"},"img":{"alt_text":"Jazz im Radio. Foto: Hufner","src":"https:\/\/i0.wp.com\/www.jazzzeitung.de\/cms\/wp-content\/uploads\/2019\/03\/jazz_im_radio.jpg?fit=1200%2C773&ssl=1&resize=350%2C200","width":350,"height":200,"srcset":"https:\/\/i0.wp.com\/www.jazzzeitung.de\/cms\/wp-content\/uploads\/2019\/03\/jazz_im_radio.jpg?fit=1200%2C773&ssl=1&resize=350%2C200 1x, https:\/\/i0.wp.com\/www.jazzzeitung.de\/cms\/wp-content\/uploads\/2019\/03\/jazz_im_radio.jpg?fit=1200%2C773&ssl=1&resize=525%2C300 1.5x, https:\/\/i0.wp.com\/www.jazzzeitung.de\/cms\/wp-content\/uploads\/2019\/03\/jazz_im_radio.jpg?fit=1200%2C773&ssl=1&resize=700%2C400 2x, https:\/\/i0.wp.com\/www.jazzzeitung.de\/cms\/wp-content\/uploads\/2019\/03\/jazz_im_radio.jpg?fit=1200%2C773&ssl=1&resize=1050%2C600 3x"},"classes":[]},{"id":23939,"url":"https:\/\/www.jazzzeitung.de\/cms\/2020\/12\/die-jazz-radiowoche-vom-7-12-20-bis-13-12-2020\/","url_meta":{"origin":19851,"position":1},"title":"Die Jazz-Radiowoche vom 7.12.20 bis 13.12.2020","author":"Martin Hufner","date":"6. Dezember 2020","format":false,"excerpt":"Ein kleiner Blick in die Jazzwoche 50 im Radio. Der ist dieses mal so klein, es steht da n\u00e4mlich gar nichts drin.Grund daf\u00fcr: Die Suchmaschine f\u00fcr Radiosendungen der ARD gibt am dem 7.12.2020 keine Ergebnisse heraus. Versuche der Kontaktaufnahme mit der ARD sind ohne Echo verhallt. Aktuell bleibt es bei\u2026","rel":"","context":"In &quot;News&quot;","block_context":{"text":"News","link":"https:\/\/www.jazzzeitung.de\/cms\/thema\/nachrichten\/"},"img":{"alt_text":"Jazz im Radio. Foto: Hufner","src":"https:\/\/i0.wp.com\/www.jazzzeitung.de\/cms\/wp-content\/uploads\/2019\/03\/jazz_im_radio.jpg?fit=1200%2C773&ssl=1&resize=350%2C200","width":350,"height":200,"srcset":"https:\/\/i0.wp.com\/www.jazzzeitung.de\/cms\/wp-content\/uploads\/2019\/03\/jazz_im_radio.jpg?fit=1200%2C773&ssl=1&resize=350%2C200 1x, https:\/\/i0.wp.com\/www.jazzzeitung.de\/cms\/wp-content\/uploads\/2019\/03\/jazz_im_radio.jpg?fit=1200%2C773&ssl=1&resize=525%2C300 1.5x, https:\/\/i0.wp.com\/www.jazzzeitung.de\/cms\/wp-content\/uploads\/2019\/03\/jazz_im_radio.jpg?fit=1200%2C773&ssl=1&resize=700%2C400 2x, https:\/\/i0.wp.com\/www.jazzzeitung.de\/cms\/wp-content\/uploads\/2019\/03\/jazz_im_radio.jpg?fit=1200%2C773&ssl=1&resize=1050%2C600 3x"},"classes":[]},{"id":23982,"url":"https:\/\/www.jazzzeitung.de\/cms\/2020\/12\/die-jazz-radiowoche-vom-14-12-20-bis-31-12-2020\/","url_meta":{"origin":19851,"position":2},"title":"Die Jazz-Radiowoche vom 14.12.20 bis 31.12.2020","author":"Martin Hufner","date":"13. Dezember 2020","format":false,"excerpt":"Ein kleiner Blick in Restmonat. Die Suchmaschine der ARD hat ihren Dienst am 7.12.2020 eingestellt. Nachfragen haben nur gezeigt, dass die Veranwortlichen kein Interesse daran haben, das zu kommunizieren. Weder ist herauszubekommen, wer das veranlasst hat noch warum. Danke ARD! F\u00fcr nichts. Jetzt schauen wir mal, wie es weiter geht.\u2026","rel":"","context":"In &quot;News&quot;","block_context":{"text":"News","link":"https:\/\/www.jazzzeitung.de\/cms\/thema\/nachrichten\/"},"img":{"alt_text":"Jazz im Radio. Foto: Hufner","src":"https:\/\/i0.wp.com\/www.jazzzeitung.de\/cms\/wp-content\/uploads\/2019\/03\/jazz_im_radio.jpg?fit=1200%2C773&ssl=1&resize=350%2C200","width":350,"height":200,"srcset":"https:\/\/i0.wp.com\/www.jazzzeitung.de\/cms\/wp-content\/uploads\/2019\/03\/jazz_im_radio.jpg?fit=1200%2C773&ssl=1&resize=350%2C200 1x, https:\/\/i0.wp.com\/www.jazzzeitung.de\/cms\/wp-content\/uploads\/2019\/03\/jazz_im_radio.jpg?fit=1200%2C773&ssl=1&resize=525%2C300 1.5x, https:\/\/i0.wp.com\/www.jazzzeitung.de\/cms\/wp-content\/uploads\/2019\/03\/jazz_im_radio.jpg?fit=1200%2C773&ssl=1&resize=700%2C400 2x, https:\/\/i0.wp.com\/www.jazzzeitung.de\/cms\/wp-content\/uploads\/2019\/03\/jazz_im_radio.jpg?fit=1200%2C773&ssl=1&resize=1050%2C600 3x"},"classes":[]},{"id":21609,"url":"https:\/\/www.jazzzeitung.de\/cms\/2020\/01\/die-jazz-radiowoche-vom-06-01-20-bis-12-01-20-notausgabe\/","url_meta":{"origin":19851,"position":3},"title":"Die Jazz-Radiowoche vom 06.01.20 bis 12.01.20 (Notausgabe)","author":"Martin Hufner","date":"5. Januar 2020","format":false,"excerpt":"Ein kleiner Blick in die Jazzwoche 02 im Radio. Notausgabe! Die \u00dcbersicht zum Download als PDF. Alle Angaben ohne Gew\u00e4hr. Jazz im Radio (Fernsehen) SR2 \u2013 JazzNow \u2013 Sonntags von 20.04 bis 22.30 Uhr BR-KLASSIK \u2013 Jazztime \u2013 Von Montag bis Freitag t\u00e4glich um 23.05 Uhr rbb-kultur \u2013 Late Night\u2026","rel":"","context":"In &quot;News&quot;","block_context":{"text":"News","link":"https:\/\/www.jazzzeitung.de\/cms\/thema\/nachrichten\/"},"img":{"alt_text":"Jazz im Radio. Foto: Hufner","src":"https:\/\/i0.wp.com\/www.jazzzeitung.de\/cms\/wp-content\/uploads\/2019\/03\/jazz_im_radio.jpg?fit=1200%2C773&ssl=1&resize=350%2C200","width":350,"height":200,"srcset":"https:\/\/i0.wp.com\/www.jazzzeitung.de\/cms\/wp-content\/uploads\/2019\/03\/jazz_im_radio.jpg?fit=1200%2C773&ssl=1&resize=350%2C200 1x, https:\/\/i0.wp.com\/www.jazzzeitung.de\/cms\/wp-content\/uploads\/2019\/03\/jazz_im_radio.jpg?fit=1200%2C773&ssl=1&resize=525%2C300 1.5x, https:\/\/i0.wp.com\/www.jazzzeitung.de\/cms\/wp-content\/uploads\/2019\/03\/jazz_im_radio.jpg?fit=1200%2C773&ssl=1&resize=700%2C400 2x, https:\/\/i0.wp.com\/www.jazzzeitung.de\/cms\/wp-content\/uploads\/2019\/03\/jazz_im_radio.jpg?fit=1200%2C773&ssl=1&resize=1050%2C600 3x"},"classes":[]},{"id":21295,"url":"https:\/\/www.jazzzeitung.de\/cms\/2019\/11\/die-jazz-radiowoche-vom-18-11-19-bis-24-11-2019\/","url_meta":{"origin":19851,"position":4},"title":"Die Jazz-Radiowoche vom 18.11.19 bis 24.11.2019","author":"Martin Hufner","date":"17. November 2019","format":false,"excerpt":"Ein kleiner Blick in die Jazzwoche 46 im Radio. Die \u00dcbersicht zum Download als PDF. Alle Angaben ohne Gew\u00e4hr. Jazz im Radio (Fernsehen) SR2 \u2013 JazzNow \u2013 Sonntags von 20.04 bis 22.30 Uhr BR-KLASSIK \u2013 Jazztime \u2013 Von Montag bis Freitag t\u00e4glich um 23.05 Uhr rbb-kultur \u2013 Late Night Jazz\u2026","rel":"","context":"In &quot;News&quot;","block_context":{"text":"News","link":"https:\/\/www.jazzzeitung.de\/cms\/thema\/nachrichten\/"},"img":{"alt_text":"Jazz im Radio. Foto: Hufner","src":"https:\/\/i0.wp.com\/www.jazzzeitung.de\/cms\/wp-content\/uploads\/2019\/03\/jazz_im_radio.jpg?fit=1200%2C773&ssl=1&resize=350%2C200","width":350,"height":200,"srcset":"https:\/\/i0.wp.com\/www.jazzzeitung.de\/cms\/wp-content\/uploads\/2019\/03\/jazz_im_radio.jpg?fit=1200%2C773&ssl=1&resize=350%2C200 1x, https:\/\/i0.wp.com\/www.jazzzeitung.de\/cms\/wp-content\/uploads\/2019\/03\/jazz_im_radio.jpg?fit=1200%2C773&ssl=1&resize=525%2C300 1.5x, https:\/\/i0.wp.com\/www.jazzzeitung.de\/cms\/wp-content\/uploads\/2019\/03\/jazz_im_radio.jpg?fit=1200%2C773&ssl=1&resize=700%2C400 2x, https:\/\/i0.wp.com\/www.jazzzeitung.de\/cms\/wp-content\/uploads\/2019\/03\/jazz_im_radio.jpg?fit=1200%2C773&ssl=1&resize=1050%2C600 3x"},"classes":[]},{"id":21412,"url":"https:\/\/www.jazzzeitung.de\/cms\/2019\/12\/die-jazz-radiowoche-vom-09-12-19-bis-15-12-2019\/","url_meta":{"origin":19851,"position":5},"title":"Die Jazz-Radiowoche vom 09.12.19 bis 15.12.2019","author":"Martin Hufner","date":"7. Dezember 2019","format":false,"excerpt":"Ein kleiner Blick in die Jazzwoche 50 im Radio. Die \u00dcbersicht zum Download als PDF. Alle Angaben ohne Gew\u00e4hr. Jazz im Radio (Fernsehen) SR2 \u2013 JazzNow \u2013 Sonntags von 20.04 bis 22.30 Uhr BR-KLASSIK \u2013 Jazztime \u2013 Von Montag bis Freitag t\u00e4glich um 23.05 Uhr rbb-kultur \u2013 Late Night Jazz\u2026","rel":"","context":"In &quot;Radio&quot;","block_context":{"text":"Radio","link":"https:\/\/www.jazzzeitung.de\/cms\/thema\/radio\/"},"img":{"alt_text":"Jazz im Radio. Foto: Hufner","src":"https:\/\/i0.wp.com\/www.jazzzeitung.de\/cms\/wp-content\/uploads\/2019\/03\/jazz_im_radio.jpg?fit=1200%2C773&ssl=1&resize=350%2C200","width":350,"height":200,"srcset":"https:\/\/i0.wp.com\/www.jazzzeitung.de\/cms\/wp-content\/uploads\/2019\/03\/jazz_im_radio.jpg?fit=1200%2C773&ssl=1&resize=350%2C200 1x, https:\/\/i0.wp.com\/www.jazzzeitung.de\/cms\/wp-content\/uploads\/2019\/03\/jazz_im_radio.jpg?fit=1200%2C773&ssl=1&resize=525%2C300 1.5x, https:\/\/i0.wp.com\/www.jazzzeitung.de\/cms\/wp-content\/uploads\/2019\/03\/jazz_im_radio.jpg?fit=1200%2C773&ssl=1&resize=700%2C400 2x, https:\/\/i0.wp.com\/www.jazzzeitung.de\/cms\/wp-content\/uploads\/2019\/03\/jazz_im_radio.jpg?fit=1200%2C773&ssl=1&resize=1050%2C600 3x"},"classes":[]}],"jetpack_sharing_enabled":true,"_links":{"self":[{"href":"https:\/\/www.jazzzeitung.de\/cms\/wp-json\/wp\/v2\/posts\/19851","targetHints":{"allow":["GET"]}}],"collection":[{"href":"https:\/\/www.jazzzeitung.de\/cms\/wp-json\/wp\/v2\/posts"}],"about":[{"href":"https:\/\/www.jazzzeitung.de\/cms\/wp-json\/wp\/v2\/types\/post"}],"author":[{"embeddable":true,"href":"https:\/\/www.jazzzeitung.de\/cms\/wp-json\/wp\/v2\/users\/1"}],"replies":[{"embeddable":true,"href":"https:\/\/www.jazzzeitung.de\/cms\/wp-json\/wp\/v2\/comments?post=19851"}],"version-history":[{"count":1,"href":"https:\/\/www.jazzzeitung.de\/cms\/wp-json\/wp\/v2\/posts\/19851\/revisions"}],"predecessor-version":[{"id":19852,"href":"https:\/\/www.jazzzeitung.de\/cms\/wp-json\/wp\/v2\/posts\/19851\/revisions\/19852"}],"wp:featuredmedia":[{"embeddable":true,"href":"https:\/\/www.jazzzeitung.de\/cms\/wp-json\/wp\/v2\/media\/18913"}],"wp:attachment":[{"href":"https:\/\/www.jazzzeitung.de\/cms\/wp-json\/wp\/v2\/media?parent=19851"}],"wp:term":[{"taxonomy":"category","embeddable":true,"href":"https:\/\/www.jazzzeitung.de\/cms\/wp-json\/wp\/v2\/categories?post=19851"},{"taxonomy":"post_tag","embeddable":true,"href":"https:\/\/www.jazzzeitung.de\/cms\/wp-json\/wp\/v2\/tags?post=19851"},{"taxonomy":"author","embeddable":true,"href":"https:\/\/www.jazzzeitung.de\/cms\/wp-json\/wp\/v2\/coauthors?post=19851"}],"curies":[{"name":"wp","href":"https:\/\/api.w.org\/{rel}","templated":true}]}}