{"id":19847,"date":"2019-06-20T11:06:18","date_gmt":"2019-06-20T09:06:18","guid":{"rendered":"https:\/\/www.jazzzeitung.de\/cms\/?p=19847"},"modified":"2019-06-20T11:26:49","modified_gmt":"2019-06-20T09:26:49","slug":"gewinnen-sie-tickets-jazz-sommer-2018-im-bayerischen-hof","status":"publish","type":"post","link":"https:\/\/www.jazzzeitung.de\/cms\/2019\/06\/gewinnen-sie-tickets-jazz-sommer-2018-im-bayerischen-hof\/","title":{"rendered":"Gewinnen Sie Tickets! JAZZ SOMMER 2019 im Bayerischen Hof"},"content":{"rendered":"<header class=\"entry-header\"><strong>Als Medienpartner des Jazz Sommers im Bayerischen Hof verlosen wir 15 mal 2 Tickets. Versuchen Sie Ihr Gl\u00fcck \u2013 Postkarte oder E-Mail gen\u00fcgen! <\/strong>Das Festival \u201e<a href=\"https:\/\/www.bayerischerhof.de\/de\/erleben-geniessen\/entertainment\/rauschende-feste-veranstaltungen\/jazz-sommer-im-bayerischen-hof.html\">Jazz Sommer im Bayerischen Hof<\/a>\u201c gilt als offizieller Nachfolger des M\u00fcnchner Klaviersommers, der bis Ende der 90er Jahre Weltstars wie Miles Davis, Sonny Rollins, Keith Jarrett, Stan Getz, Wynton Marsalis, aber auch Klassik-Stars wie Svjatoslav Richter, Jewgenij Kissin, Martha Argerich, Ivo Pogorelich in der Philharmonie und anderen Hallen der Hochkultur in M\u00fcnchen pr\u00e4sentierte. Auch diesen Sommer bietet das 2007 vom Hotel Bayerischer Hof gegr\u00fcndete Festival vom 22. bis 27. Juli ein erlesenes und abwechslungsreiches Musik-Programm im Festsaal und Night Club.<strong><br \/>\n<\/strong><\/p>\n<p>In diesem Jahr stehen K\u00fcnstler aus den verschiedensten Stilen auf dem Programm. Mit den sommerlichen Kl\u00e4ngen des Tropicalismo von Gilberto Gil geht es am 22. Juli los. Im Night Club spielt direkt im Anschluss die Band Moshulu, ein neues Projekt, das vier Musiklegenden vereint: Den Bassisten Jeff Berlin, den Schlagzeuger Dennis Chambers, den Keyboarder und Gitarristen David Sancious und den Gitarristen Oz Noy. Am 23. Juli feiert Orgel-Legende Joey DeFrancesco das 30. Jubil\u00e4um seines Deb\u00fctalbums und die Ver\u00f6ffentlichung seines neuen Albums \u201eIn The Key Of The Universe\u201c. Frankreichs neuen Star am Jazzhimmel pr\u00e4sentiert der Jazzsommer am 24. Juli: Camille Bertault hat sich mit \u201eGiant Steps\u201c von Coltrane tats\u00e4chlich mit riesigen Schritten dem gro\u00dfen Erfolg gen\u00e4hert. Auf ihrem Deb\u00fct-Album \u201ePas de g\u00e9ant\u201c versieht sie Jazz-Klassiker mit neuen Texten. Pianist John Medeski, Komponist, Pianist und S\u00e4nger Ivan Lins und die S\u00e4ngerin China Moses stehen ebenfalls auf dem Programm. Daneben sind auch einige Jazz-Biopics im hauseigenen Kino zu sehen, darunter der aktuelle Dokumentarfilm \u00fcber die Blue Note-Gr\u00fcnder \u201eIt Must Schwing \u2013 The Blue Note Story\u201c. Milan Mihajlovic zeigt au\u00dferdem in der Ausstellung \u201eBeautiful Dream\u201c seine vom Album \u201eColors\u201c von Vladislav Cojocaru inspirierten Gem\u00e4lde.<\/p>\n<p><strong>Teilnahmebedingungen f\u00fcr das JazzZeitungs-Gewinnspiel:<br \/>\n<\/strong>Schicken Sie uns bis zum 8. Juli 2019 eine Postkarte oder E-Mail mit dem Kennwort \u201eJazz Sommer 2019\u201c und unter Angabe Ihrer Postadresse an folgende Adresse:<br \/>\nJazzZeitung, Brunnstr. 23, 93053 Regensburg oder gaisa@jazzzeitung.de<\/p>\n<p><strong>Die Preise:<\/strong><br \/>\n15 mal zwei JAZZ SOMMER-Konzertkarten (keine Wahlm\u00f6glichkeit).<br \/>\nMitarbeiter der ConBrio Verlagsgesellschaft sind von der Teilnahme ausgeschlossen.<\/p>\n<p><a href=\"https:\/\/www.bayerischerhof.de\/de\/erleben-geniessen\/entertainment\/rauschende-feste-veranstaltungen\/jazz-sommer-im-bayerischen-hof.html\">Weitere Informationen<\/a><\/p>\n<p><strong>Beitragsbild: Moshulu. Foto: Jazzsommer im Bayerischen Hof<\/strong><\/p>\n<\/header>\n","protected":false},"excerpt":{"rendered":"<p>Als Medienpartner des Jazz Sommers im Bayerischen Hof verlosen wir 15 mal 2 Tickets. Versuchen Sie Ihr Gl\u00fcck \u2013 Postkarte oder E-Mail gen\u00fcgen! Das Festival \u201eJazz Sommer im Bayerischen Hof\u201c gilt als offizieller Nachfolger des M\u00fcnchner Klaviersommers, der bis Ende der 90er Jahre Weltstars wie Miles Davis, Sonny Rollins, Keith Jarrett, Stan Getz, Wynton Marsalis, aber auch Klassik-Stars wie Svjatoslav Richter, Jewgenij Kissin, Martha Argerich, Ivo Pogorelich in der Philharmonie und anderen Hallen der Hochkultur in M\u00fcnchen pr\u00e4sentierte. Auch diesen Sommer bietet das 2007 vom Hotel Bayerischer Hof gegr\u00fcndete Festival vom 22. bis 27. Juli ein erlesenes und abwechslungsreiches Musik-Programm im Festsaal und Night Club. In diesem Jahr stehen K\u00fcnstler aus den verschiedensten Stilen auf dem Programm. Mit den sommerlichen Kl\u00e4ngen des Tropicalismo von Gilberto Gil geht es am 22. Juli los. Im Night Club spielt direkt im Anschluss die Band Moshulu, ein neues Projekt, das vier Musiklegenden vereint: Den Bassisten Jeff Berlin, den Schlagzeuger Dennis Chambers, den Keyboarder und Gitarristen David Sancious und den Gitarristen Oz Noy. Am 23. Juli feiert Orgel-Legende Joey DeFrancesco das 30. Jubil\u00e4um seines Deb\u00fctalbums und die Ver\u00f6ffentlichung seines neuen &hellip;<\/p>\n","protected":false},"author":18,"featured_media":19702,"comment_status":"open","ping_status":"closed","sticky":false,"template":"","format":"standard","meta":{"_jetpack_memberships_contains_paid_content":false,"footnotes":"","jetpack_publicize_message":"","jetpack_publicize_feature_enabled":true,"jetpack_social_post_already_shared":false,"jetpack_social_options":{"image_generator_settings":{"template":"highway","default_image_id":0,"font":"","enabled":false},"version":2}},"categories":[633],"tags":[2496,1467,202,2493,2498,2492,2495,2497,2494],"coauthors":[695],"class_list":["post-19847","post","type-post","status-publish","format-standard","has-post-thumbnail","hentry","category-nachrichten","tag-camille-bertault","tag-china-moses","tag-gewinnspiel","tag-gilberto-gil","tag-ivan-lins","tag-jazzsommer-im-bayerischen-hof","tag-joey-defrancesco","tag-john-medeski","tag-moshulu"],"yoast_head":"<!-- This site is optimized with the Yoast SEO plugin v27.5 - https:\/\/yoast.com\/product\/yoast-seo-wordpress\/ -->\n<title>Gewinnen Sie Tickets! JAZZ SOMMER 2019 im Bayerischen Hof - JazzZeitung<\/title>\n<meta name=\"robots\" content=\"index, follow, max-snippet:-1, max-image-preview:large, max-video-preview:-1\" \/>\n<link rel=\"canonical\" href=\"https:\/\/www.jazzzeitung.de\/cms\/2019\/06\/gewinnen-sie-tickets-jazz-sommer-2018-im-bayerischen-hof\/\" \/>\n<meta property=\"og:locale\" content=\"de_DE\" \/>\n<meta property=\"og:type\" content=\"article\" \/>\n<meta property=\"og:title\" content=\"Gewinnen Sie Tickets! JAZZ SOMMER 2019 im Bayerischen Hof - JazzZeitung\" \/>\n<meta property=\"og:description\" content=\"Als Medienpartner des Jazz Sommers im Bayerischen Hof verlosen wir 15 mal 2 Tickets. Versuchen Sie Ihr Gl\u00fcck \u2013 Postkarte oder E-Mail gen\u00fcgen! Das Festival \u201eJazz Sommer im Bayerischen Hof\u201c gilt als offizieller Nachfolger des M\u00fcnchner Klaviersommers, der bis Ende der 90er Jahre Weltstars wie Miles Davis, Sonny Rollins, Keith Jarrett, Stan Getz, Wynton Marsalis, aber auch Klassik-Stars wie Svjatoslav Richter, Jewgenij Kissin, Martha Argerich, Ivo Pogorelich in der Philharmonie und anderen Hallen der Hochkultur in M\u00fcnchen pr\u00e4sentierte. Auch diesen Sommer bietet das 2007 vom Hotel Bayerischer Hof gegr\u00fcndete Festival vom 22. bis 27. Juli ein erlesenes und abwechslungsreiches Musik-Programm im Festsaal und Night Club. In diesem Jahr stehen K\u00fcnstler aus den verschiedensten Stilen auf dem Programm. Mit den sommerlichen Kl\u00e4ngen des Tropicalismo von Gilberto Gil geht es am 22. Juli los. Im Night Club spielt direkt im Anschluss die Band Moshulu, ein neues Projekt, das vier Musiklegenden vereint: Den Bassisten Jeff Berlin, den Schlagzeuger Dennis Chambers, den Keyboarder und Gitarristen David Sancious und den Gitarristen Oz Noy. Am 23. Juli feiert Orgel-Legende Joey DeFrancesco das 30. Jubil\u00e4um seines Deb\u00fctalbums und die Ver\u00f6ffentlichung seines neuen &hellip;\" \/>\n<meta property=\"og:url\" content=\"https:\/\/www.jazzzeitung.de\/cms\/2019\/06\/gewinnen-sie-tickets-jazz-sommer-2018-im-bayerischen-hof\/\" \/>\n<meta property=\"og:site_name\" content=\"JazzZeitung\" \/>\n<meta property=\"article:publisher\" content=\"https:\/\/www.facebook.com\/JazzZeitung\/\" \/>\n<meta property=\"article:published_time\" content=\"2019-06-20T09:06:18+00:00\" \/>\n<meta property=\"article:modified_time\" content=\"2019-06-20T09:26:49+00:00\" \/>\n<meta property=\"og:image\" content=\"https:\/\/i0.wp.com\/www.jazzzeitung.de\/cms\/wp-content\/uploads\/2019\/06\/Moshulu_2.jpg?fit=1080%2C810&ssl=1\" \/>\n\t<meta property=\"og:image:width\" content=\"1080\" \/>\n\t<meta property=\"og:image:height\" content=\"810\" \/>\n\t<meta property=\"og:image:type\" content=\"image\/jpeg\" \/>\n<meta name=\"author\" content=\"Redaktion JazzZeitung\" \/>\n<script type=\"application\/ld+json\" class=\"yoast-schema-graph\">{\"@context\":\"https:\\\/\\\/schema.org\",\"@graph\":[{\"@type\":\"Article\",\"@id\":\"https:\\\/\\\/www.jazzzeitung.de\\\/cms\\\/2019\\\/06\\\/gewinnen-sie-tickets-jazz-sommer-2018-im-bayerischen-hof\\\/#article\",\"isPartOf\":{\"@id\":\"https:\\\/\\\/www.jazzzeitung.de\\\/cms\\\/2019\\\/06\\\/gewinnen-sie-tickets-jazz-sommer-2018-im-bayerischen-hof\\\/\"},\"author\":{\"name\":\"Redaktion JazzZeitung\",\"@id\":\"https:\\\/\\\/www.jazzzeitung.de\\\/cms\\\/#\\\/schema\\\/person\\\/2245b36b9cd1d24cea10f01c031fb92b\"},\"headline\":\"Gewinnen Sie Tickets! JAZZ SOMMER 2019 im Bayerischen Hof\",\"datePublished\":\"2019-06-20T09:06:18+00:00\",\"dateModified\":\"2019-06-20T09:26:49+00:00\",\"mainEntityOfPage\":{\"@id\":\"https:\\\/\\\/www.jazzzeitung.de\\\/cms\\\/2019\\\/06\\\/gewinnen-sie-tickets-jazz-sommer-2018-im-bayerischen-hof\\\/\"},\"wordCount\":376,\"commentCount\":0,\"publisher\":{\"@id\":\"https:\\\/\\\/www.jazzzeitung.de\\\/cms\\\/#organization\"},\"image\":{\"@id\":\"https:\\\/\\\/www.jazzzeitung.de\\\/cms\\\/2019\\\/06\\\/gewinnen-sie-tickets-jazz-sommer-2018-im-bayerischen-hof\\\/#primaryimage\"},\"thumbnailUrl\":\"https:\\\/\\\/i0.wp.com\\\/www.jazzzeitung.de\\\/cms\\\/wp-content\\\/uploads\\\/2019\\\/06\\\/Moshulu_2.jpg?fit=1080%2C810&ssl=1\",\"keywords\":[\"Camille Bertault\",\"China Moses\",\"gewinnspiel\",\"Gilberto Gil\",\"Ivan Lins\",\"Jazzsommer im Bayerischen Hof\",\"Joey DeFrancesco\",\"John Medeski\",\"Moshulu\"],\"articleSection\":[\"News\"],\"inLanguage\":\"de\",\"potentialAction\":[{\"@type\":\"CommentAction\",\"name\":\"Comment\",\"target\":[\"https:\\\/\\\/www.jazzzeitung.de\\\/cms\\\/2019\\\/06\\\/gewinnen-sie-tickets-jazz-sommer-2018-im-bayerischen-hof\\\/#respond\"]}]},{\"@type\":\"WebPage\",\"@id\":\"https:\\\/\\\/www.jazzzeitung.de\\\/cms\\\/2019\\\/06\\\/gewinnen-sie-tickets-jazz-sommer-2018-im-bayerischen-hof\\\/\",\"url\":\"https:\\\/\\\/www.jazzzeitung.de\\\/cms\\\/2019\\\/06\\\/gewinnen-sie-tickets-jazz-sommer-2018-im-bayerischen-hof\\\/\",\"name\":\"Gewinnen Sie Tickets! JAZZ SOMMER 2019 im Bayerischen Hof - JazzZeitung\",\"isPartOf\":{\"@id\":\"https:\\\/\\\/www.jazzzeitung.de\\\/cms\\\/#website\"},\"primaryImageOfPage\":{\"@id\":\"https:\\\/\\\/www.jazzzeitung.de\\\/cms\\\/2019\\\/06\\\/gewinnen-sie-tickets-jazz-sommer-2018-im-bayerischen-hof\\\/#primaryimage\"},\"image\":{\"@id\":\"https:\\\/\\\/www.jazzzeitung.de\\\/cms\\\/2019\\\/06\\\/gewinnen-sie-tickets-jazz-sommer-2018-im-bayerischen-hof\\\/#primaryimage\"},\"thumbnailUrl\":\"https:\\\/\\\/i0.wp.com\\\/www.jazzzeitung.de\\\/cms\\\/wp-content\\\/uploads\\\/2019\\\/06\\\/Moshulu_2.jpg?fit=1080%2C810&ssl=1\",\"datePublished\":\"2019-06-20T09:06:18+00:00\",\"dateModified\":\"2019-06-20T09:26:49+00:00\",\"breadcrumb\":{\"@id\":\"https:\\\/\\\/www.jazzzeitung.de\\\/cms\\\/2019\\\/06\\\/gewinnen-sie-tickets-jazz-sommer-2018-im-bayerischen-hof\\\/#breadcrumb\"},\"inLanguage\":\"de\",\"potentialAction\":[{\"@type\":\"ReadAction\",\"target\":[\"https:\\\/\\\/www.jazzzeitung.de\\\/cms\\\/2019\\\/06\\\/gewinnen-sie-tickets-jazz-sommer-2018-im-bayerischen-hof\\\/\"]}]},{\"@type\":\"ImageObject\",\"inLanguage\":\"de\",\"@id\":\"https:\\\/\\\/www.jazzzeitung.de\\\/cms\\\/2019\\\/06\\\/gewinnen-sie-tickets-jazz-sommer-2018-im-bayerischen-hof\\\/#primaryimage\",\"url\":\"https:\\\/\\\/i0.wp.com\\\/www.jazzzeitung.de\\\/cms\\\/wp-content\\\/uploads\\\/2019\\\/06\\\/Moshulu_2.jpg?fit=1080%2C810&ssl=1\",\"contentUrl\":\"https:\\\/\\\/i0.wp.com\\\/www.jazzzeitung.de\\\/cms\\\/wp-content\\\/uploads\\\/2019\\\/06\\\/Moshulu_2.jpg?fit=1080%2C810&ssl=1\",\"width\":1080,\"height\":810,\"caption\":\"Moshulu. Foto: Jazzsommer im Bayerischen Hof\"},{\"@type\":\"BreadcrumbList\",\"@id\":\"https:\\\/\\\/www.jazzzeitung.de\\\/cms\\\/2019\\\/06\\\/gewinnen-sie-tickets-jazz-sommer-2018-im-bayerischen-hof\\\/#breadcrumb\",\"itemListElement\":[{\"@type\":\"ListItem\",\"position\":1,\"name\":\"Startseite\",\"item\":\"https:\\\/\\\/www.jazzzeitung.de\\\/cms\\\/\"},{\"@type\":\"ListItem\",\"position\":2,\"name\":\"Gewinnen Sie Tickets! JAZZ SOMMER 2019 im Bayerischen Hof\"}]},{\"@type\":\"WebSite\",\"@id\":\"https:\\\/\\\/www.jazzzeitung.de\\\/cms\\\/#website\",\"url\":\"https:\\\/\\\/www.jazzzeitung.de\\\/cms\\\/\",\"name\":\"JazzZeitung\",\"description\":\"Jazz-News und Jazz-Kontroverses\",\"publisher\":{\"@id\":\"https:\\\/\\\/www.jazzzeitung.de\\\/cms\\\/#organization\"},\"potentialAction\":[{\"@type\":\"SearchAction\",\"target\":{\"@type\":\"EntryPoint\",\"urlTemplate\":\"https:\\\/\\\/www.jazzzeitung.de\\\/cms\\\/?s={search_term_string}\"},\"query-input\":{\"@type\":\"PropertyValueSpecification\",\"valueRequired\":true,\"valueName\":\"search_term_string\"}}],\"inLanguage\":\"de\"},{\"@type\":\"Organization\",\"@id\":\"https:\\\/\\\/www.jazzzeitung.de\\\/cms\\\/#organization\",\"name\":\"JazzZeitung online\",\"url\":\"https:\\\/\\\/www.jazzzeitung.de\\\/cms\\\/\",\"logo\":{\"@type\":\"ImageObject\",\"inLanguage\":\"de\",\"@id\":\"https:\\\/\\\/www.jazzzeitung.de\\\/cms\\\/#\\\/schema\\\/logo\\\/image\\\/\",\"url\":\"https:\\\/\\\/i0.wp.com\\\/www.jazzzeitung.de\\\/cms\\\/wp-content\\\/uploads\\\/2015\\\/08\\\/JAZZZEITUNGDE_Logo_Neu.png?fit=499%2C200&ssl=1\",\"contentUrl\":\"https:\\\/\\\/i0.wp.com\\\/www.jazzzeitung.de\\\/cms\\\/wp-content\\\/uploads\\\/2015\\\/08\\\/JAZZZEITUNGDE_Logo_Neu.png?fit=499%2C200&ssl=1\",\"width\":499,\"height\":200,\"caption\":\"JazzZeitung online\"},\"image\":{\"@id\":\"https:\\\/\\\/www.jazzzeitung.de\\\/cms\\\/#\\\/schema\\\/logo\\\/image\\\/\"},\"sameAs\":[\"https:\\\/\\\/www.facebook.com\\\/JazzZeitung\\\/\"]},{\"@type\":\"Person\",\"@id\":\"https:\\\/\\\/www.jazzzeitung.de\\\/cms\\\/#\\\/schema\\\/person\\\/2245b36b9cd1d24cea10f01c031fb92b\",\"name\":\"Redaktion JazzZeitung\",\"image\":{\"@type\":\"ImageObject\",\"inLanguage\":\"de\",\"@id\":\"https:\\\/\\\/i0.wp.com\\\/www.jazzzeitung.de\\\/cms\\\/wp-content\\\/uploads\\\/2015\\\/08\\\/JAZZZEITUNGDE_Logo_Neu.png?resize=96%2C96&ssl=159975dcacb611b5700bd619b5daf0a7a\",\"url\":\"https:\\\/\\\/i0.wp.com\\\/www.jazzzeitung.de\\\/cms\\\/wp-content\\\/uploads\\\/2015\\\/08\\\/JAZZZEITUNGDE_Logo_Neu.png?resize=96%2C96&ssl=1\",\"contentUrl\":\"https:\\\/\\\/i0.wp.com\\\/www.jazzzeitung.de\\\/cms\\\/wp-content\\\/uploads\\\/2015\\\/08\\\/JAZZZEITUNGDE_Logo_Neu.png?resize=96%2C96&ssl=1\",\"caption\":\"Redaktion JazzZeitung\"},\"description\":\"Artikel der Redaktion der JazzZeitung.\",\"sameAs\":[\"http:\\\/\\\/www.jazzzeitung.de\\\/cms\\\/\"],\"url\":\"https:\\\/\\\/www.jazzzeitung.de\\\/cms\\\/author\\\/redaktion\\\/\"}]}<\/script>\n<!-- \/ Yoast SEO plugin. -->","yoast_head_json":{"title":"Gewinnen Sie Tickets! JAZZ SOMMER 2019 im Bayerischen Hof - JazzZeitung","robots":{"index":"index","follow":"follow","max-snippet":"max-snippet:-1","max-image-preview":"max-image-preview:large","max-video-preview":"max-video-preview:-1"},"canonical":"https:\/\/www.jazzzeitung.de\/cms\/2019\/06\/gewinnen-sie-tickets-jazz-sommer-2018-im-bayerischen-hof\/","og_locale":"de_DE","og_type":"article","og_title":"Gewinnen Sie Tickets! JAZZ SOMMER 2019 im Bayerischen Hof - JazzZeitung","og_description":"Als Medienpartner des Jazz Sommers im Bayerischen Hof verlosen wir 15 mal 2 Tickets. Versuchen Sie Ihr Gl\u00fcck \u2013 Postkarte oder E-Mail gen\u00fcgen! Das Festival \u201eJazz Sommer im Bayerischen Hof\u201c gilt als offizieller Nachfolger des M\u00fcnchner Klaviersommers, der bis Ende der 90er Jahre Weltstars wie Miles Davis, Sonny Rollins, Keith Jarrett, Stan Getz, Wynton Marsalis, aber auch Klassik-Stars wie Svjatoslav Richter, Jewgenij Kissin, Martha Argerich, Ivo Pogorelich in der Philharmonie und anderen Hallen der Hochkultur in M\u00fcnchen pr\u00e4sentierte. Auch diesen Sommer bietet das 2007 vom Hotel Bayerischer Hof gegr\u00fcndete Festival vom 22. bis 27. Juli ein erlesenes und abwechslungsreiches Musik-Programm im Festsaal und Night Club. In diesem Jahr stehen K\u00fcnstler aus den verschiedensten Stilen auf dem Programm. Mit den sommerlichen Kl\u00e4ngen des Tropicalismo von Gilberto Gil geht es am 22. Juli los. Im Night Club spielt direkt im Anschluss die Band Moshulu, ein neues Projekt, das vier Musiklegenden vereint: Den Bassisten Jeff Berlin, den Schlagzeuger Dennis Chambers, den Keyboarder und Gitarristen David Sancious und den Gitarristen Oz Noy. Am 23. Juli feiert Orgel-Legende Joey DeFrancesco das 30. Jubil\u00e4um seines Deb\u00fctalbums und die Ver\u00f6ffentlichung seines neuen &hellip;","og_url":"https:\/\/www.jazzzeitung.de\/cms\/2019\/06\/gewinnen-sie-tickets-jazz-sommer-2018-im-bayerischen-hof\/","og_site_name":"JazzZeitung","article_publisher":"https:\/\/www.facebook.com\/JazzZeitung\/","article_published_time":"2019-06-20T09:06:18+00:00","article_modified_time":"2019-06-20T09:26:49+00:00","og_image":[{"width":1080,"height":810,"url":"https:\/\/i0.wp.com\/www.jazzzeitung.de\/cms\/wp-content\/uploads\/2019\/06\/Moshulu_2.jpg?fit=1080%2C810&ssl=1","type":"image\/jpeg"}],"author":"Redaktion JazzZeitung","schema":{"@context":"https:\/\/schema.org","@graph":[{"@type":"Article","@id":"https:\/\/www.jazzzeitung.de\/cms\/2019\/06\/gewinnen-sie-tickets-jazz-sommer-2018-im-bayerischen-hof\/#article","isPartOf":{"@id":"https:\/\/www.jazzzeitung.de\/cms\/2019\/06\/gewinnen-sie-tickets-jazz-sommer-2018-im-bayerischen-hof\/"},"author":{"name":"Redaktion JazzZeitung","@id":"https:\/\/www.jazzzeitung.de\/cms\/#\/schema\/person\/2245b36b9cd1d24cea10f01c031fb92b"},"headline":"Gewinnen Sie Tickets! JAZZ SOMMER 2019 im Bayerischen Hof","datePublished":"2019-06-20T09:06:18+00:00","dateModified":"2019-06-20T09:26:49+00:00","mainEntityOfPage":{"@id":"https:\/\/www.jazzzeitung.de\/cms\/2019\/06\/gewinnen-sie-tickets-jazz-sommer-2018-im-bayerischen-hof\/"},"wordCount":376,"commentCount":0,"publisher":{"@id":"https:\/\/www.jazzzeitung.de\/cms\/#organization"},"image":{"@id":"https:\/\/www.jazzzeitung.de\/cms\/2019\/06\/gewinnen-sie-tickets-jazz-sommer-2018-im-bayerischen-hof\/#primaryimage"},"thumbnailUrl":"https:\/\/i0.wp.com\/www.jazzzeitung.de\/cms\/wp-content\/uploads\/2019\/06\/Moshulu_2.jpg?fit=1080%2C810&ssl=1","keywords":["Camille Bertault","China Moses","gewinnspiel","Gilberto Gil","Ivan Lins","Jazzsommer im Bayerischen Hof","Joey DeFrancesco","John Medeski","Moshulu"],"articleSection":["News"],"inLanguage":"de","potentialAction":[{"@type":"CommentAction","name":"Comment","target":["https:\/\/www.jazzzeitung.de\/cms\/2019\/06\/gewinnen-sie-tickets-jazz-sommer-2018-im-bayerischen-hof\/#respond"]}]},{"@type":"WebPage","@id":"https:\/\/www.jazzzeitung.de\/cms\/2019\/06\/gewinnen-sie-tickets-jazz-sommer-2018-im-bayerischen-hof\/","url":"https:\/\/www.jazzzeitung.de\/cms\/2019\/06\/gewinnen-sie-tickets-jazz-sommer-2018-im-bayerischen-hof\/","name":"Gewinnen Sie Tickets! JAZZ SOMMER 2019 im Bayerischen Hof - JazzZeitung","isPartOf":{"@id":"https:\/\/www.jazzzeitung.de\/cms\/#website"},"primaryImageOfPage":{"@id":"https:\/\/www.jazzzeitung.de\/cms\/2019\/06\/gewinnen-sie-tickets-jazz-sommer-2018-im-bayerischen-hof\/#primaryimage"},"image":{"@id":"https:\/\/www.jazzzeitung.de\/cms\/2019\/06\/gewinnen-sie-tickets-jazz-sommer-2018-im-bayerischen-hof\/#primaryimage"},"thumbnailUrl":"https:\/\/i0.wp.com\/www.jazzzeitung.de\/cms\/wp-content\/uploads\/2019\/06\/Moshulu_2.jpg?fit=1080%2C810&ssl=1","datePublished":"2019-06-20T09:06:18+00:00","dateModified":"2019-06-20T09:26:49+00:00","breadcrumb":{"@id":"https:\/\/www.jazzzeitung.de\/cms\/2019\/06\/gewinnen-sie-tickets-jazz-sommer-2018-im-bayerischen-hof\/#breadcrumb"},"inLanguage":"de","potentialAction":[{"@type":"ReadAction","target":["https:\/\/www.jazzzeitung.de\/cms\/2019\/06\/gewinnen-sie-tickets-jazz-sommer-2018-im-bayerischen-hof\/"]}]},{"@type":"ImageObject","inLanguage":"de","@id":"https:\/\/www.jazzzeitung.de\/cms\/2019\/06\/gewinnen-sie-tickets-jazz-sommer-2018-im-bayerischen-hof\/#primaryimage","url":"https:\/\/i0.wp.com\/www.jazzzeitung.de\/cms\/wp-content\/uploads\/2019\/06\/Moshulu_2.jpg?fit=1080%2C810&ssl=1","contentUrl":"https:\/\/i0.wp.com\/www.jazzzeitung.de\/cms\/wp-content\/uploads\/2019\/06\/Moshulu_2.jpg?fit=1080%2C810&ssl=1","width":1080,"height":810,"caption":"Moshulu. Foto: Jazzsommer im Bayerischen Hof"},{"@type":"BreadcrumbList","@id":"https:\/\/www.jazzzeitung.de\/cms\/2019\/06\/gewinnen-sie-tickets-jazz-sommer-2018-im-bayerischen-hof\/#breadcrumb","itemListElement":[{"@type":"ListItem","position":1,"name":"Startseite","item":"https:\/\/www.jazzzeitung.de\/cms\/"},{"@type":"ListItem","position":2,"name":"Gewinnen Sie Tickets! JAZZ SOMMER 2019 im Bayerischen Hof"}]},{"@type":"WebSite","@id":"https:\/\/www.jazzzeitung.de\/cms\/#website","url":"https:\/\/www.jazzzeitung.de\/cms\/","name":"JazzZeitung","description":"Jazz-News und Jazz-Kontroverses","publisher":{"@id":"https:\/\/www.jazzzeitung.de\/cms\/#organization"},"potentialAction":[{"@type":"SearchAction","target":{"@type":"EntryPoint","urlTemplate":"https:\/\/www.jazzzeitung.de\/cms\/?s={search_term_string}"},"query-input":{"@type":"PropertyValueSpecification","valueRequired":true,"valueName":"search_term_string"}}],"inLanguage":"de"},{"@type":"Organization","@id":"https:\/\/www.jazzzeitung.de\/cms\/#organization","name":"JazzZeitung online","url":"https:\/\/www.jazzzeitung.de\/cms\/","logo":{"@type":"ImageObject","inLanguage":"de","@id":"https:\/\/www.jazzzeitung.de\/cms\/#\/schema\/logo\/image\/","url":"https:\/\/i0.wp.com\/www.jazzzeitung.de\/cms\/wp-content\/uploads\/2015\/08\/JAZZZEITUNGDE_Logo_Neu.png?fit=499%2C200&ssl=1","contentUrl":"https:\/\/i0.wp.com\/www.jazzzeitung.de\/cms\/wp-content\/uploads\/2015\/08\/JAZZZEITUNGDE_Logo_Neu.png?fit=499%2C200&ssl=1","width":499,"height":200,"caption":"JazzZeitung online"},"image":{"@id":"https:\/\/www.jazzzeitung.de\/cms\/#\/schema\/logo\/image\/"},"sameAs":["https:\/\/www.facebook.com\/JazzZeitung\/"]},{"@type":"Person","@id":"https:\/\/www.jazzzeitung.de\/cms\/#\/schema\/person\/2245b36b9cd1d24cea10f01c031fb92b","name":"Redaktion JazzZeitung","image":{"@type":"ImageObject","inLanguage":"de","@id":"https:\/\/i0.wp.com\/www.jazzzeitung.de\/cms\/wp-content\/uploads\/2015\/08\/JAZZZEITUNGDE_Logo_Neu.png?resize=96%2C96&ssl=159975dcacb611b5700bd619b5daf0a7a","url":"https:\/\/i0.wp.com\/www.jazzzeitung.de\/cms\/wp-content\/uploads\/2015\/08\/JAZZZEITUNGDE_Logo_Neu.png?resize=96%2C96&ssl=1","contentUrl":"https:\/\/i0.wp.com\/www.jazzzeitung.de\/cms\/wp-content\/uploads\/2015\/08\/JAZZZEITUNGDE_Logo_Neu.png?resize=96%2C96&ssl=1","caption":"Redaktion JazzZeitung"},"description":"Artikel der Redaktion der JazzZeitung.","sameAs":["http:\/\/www.jazzzeitung.de\/cms\/"],"url":"https:\/\/www.jazzzeitung.de\/cms\/author\/redaktion\/"}]}},"wp-worthy-pixel":{"ignored":false,"public":null,"server":null,"url":null},"wp-worthy-type":"normal","jetpack_publicize_connections":[],"cc_featured_image_caption":{"caption_text":"","source_text":"","source_url":""},"jetpack_featured_media_url":"https:\/\/i0.wp.com\/www.jazzzeitung.de\/cms\/wp-content\/uploads\/2019\/06\/Moshulu_2.jpg?fit=1080%2C810&ssl=1","jetpack_shortlink":"https:\/\/wp.me\/p3KEcT-5a7","jetpack-related-posts":[{"id":16301,"url":"https:\/\/www.jazzzeitung.de\/cms\/2018\/06\/jazz-sommer-im-bayerischen-hof-23-28-juli-2018\/","url_meta":{"origin":19847,"position":0},"title":"Gewinnen Sie Tickets! JAZZ SOMMER 2018 im Bayerischen Hof","author":"Redaktion JazzZeitung","date":"25. Juni 2018","format":false,"excerpt":"Als Medienpartner des Jazz Sommers im Bayerischen Hof verlosen wir 15 mal 2 Tickets. Versuchen Sie Ihr Gl\u00fcck \u2013 Postkarte oder E-Mail gen\u00fcgen! Das Festival \u201eJazz Sommer im Bayerischen Hof\u201c gilt als offizieller Nachfolger des M\u00fcnchner Klaviersommers, der bis Ende der 90er Jahre Weltstars wie Miles Davis, Sonny Rollins, Keith\u2026","rel":"","context":"In &quot;News&quot;","block_context":{"text":"News","link":"https:\/\/www.jazzzeitung.de\/cms\/thema\/nachrichten\/"},"img":{"alt_text":"","src":"https:\/\/i0.wp.com\/www.jazzzeitung.de\/cms\/wp-content\/uploads\/2018\/06\/manou-gallo-2011-800x500.jpg?fit=800%2C500&ssl=1&resize=350%2C200","width":350,"height":200,"srcset":"https:\/\/i0.wp.com\/www.jazzzeitung.de\/cms\/wp-content\/uploads\/2018\/06\/manou-gallo-2011-800x500.jpg?fit=800%2C500&ssl=1&resize=350%2C200 1x, https:\/\/i0.wp.com\/www.jazzzeitung.de\/cms\/wp-content\/uploads\/2018\/06\/manou-gallo-2011-800x500.jpg?fit=800%2C500&ssl=1&resize=525%2C300 1.5x, https:\/\/i0.wp.com\/www.jazzzeitung.de\/cms\/wp-content\/uploads\/2018\/06\/manou-gallo-2011-800x500.jpg?fit=800%2C500&ssl=1&resize=700%2C400 2x"},"classes":[]},{"id":12603,"url":"https:\/\/www.jazzzeitung.de\/cms\/2017\/06\/gewinnen-sie-tickets-jazz-sommer-im-bayerischen-hof\/","url_meta":{"origin":19847,"position":1},"title":"Gewinnen Sie Tickets: Jazz Sommer im Bayerischen Hof","author":"Redaktion JazzZeitung","date":"7. Juni 2017","format":"gallery","excerpt":"Vom 18. bis 22. Juli findet zum 26. Mal das renommierte Festival in M\u00fcnchen statt. Als Medienpartner des Jazz Sommers im Bayerischen Hof verlosen wir 10 mal 2 Tickets. Versuchen Sie Ihr Gl\u00fcck \u2013 Postkarte oder E-Mail gen\u00fcgen! Teilnahmebedingungen Schicken Sie uns bis zum 10. Juli 2017 eine Postkarte oder\u2026","rel":"","context":"In &quot;Galerie&quot;","block_context":{"text":"Galerie","link":"https:\/\/www.jazzzeitung.de\/cms\/thema\/galerie\/"},"img":{"alt_text":"","src":"https:\/\/i0.wp.com\/www.jazzzeitung.de\/cms\/wp-content\/uploads\/2017\/06\/GATO_PRETO_-_PRESSE_01_1__01.jpg?fit=960%2C1200&ssl=1&resize=350%2C200","width":350,"height":200,"srcset":"https:\/\/i0.wp.com\/www.jazzzeitung.de\/cms\/wp-content\/uploads\/2017\/06\/GATO_PRETO_-_PRESSE_01_1__01.jpg?fit=960%2C1200&ssl=1&resize=350%2C200 1x, https:\/\/i0.wp.com\/www.jazzzeitung.de\/cms\/wp-content\/uploads\/2017\/06\/GATO_PRETO_-_PRESSE_01_1__01.jpg?fit=960%2C1200&ssl=1&resize=525%2C300 1.5x, https:\/\/i0.wp.com\/www.jazzzeitung.de\/cms\/wp-content\/uploads\/2017\/06\/GATO_PRETO_-_PRESSE_01_1__01.jpg?fit=960%2C1200&ssl=1&resize=700%2C400 2x"},"classes":[]},{"id":9487,"url":"https:\/\/www.jazzzeitung.de\/cms\/2016\/06\/der-sommer-naht-im-bayerischen-hof-zum-diesjaehrigen-jazz-sommer\/","url_meta":{"origin":19847,"position":2},"title":"Live im Bayerischen Hof: Der Jazz Sommer 2016 naht mit sonnigem Funk und st\u00fcrmischen Soundgewittern","author":"Redaktion JazzZeitung","date":"12. Juni 2016","format":false,"excerpt":"Wann wird es endlich wieder Sommer? Definitiv ab dem 18.07. im M\u00fcnchner Hotel Bayerischer Hof! Dieses Jahr findet dort zum 25. (!) Mal der traditionelle \u201eJazz Sommer\u201c statt. Die Hintergrundgeschichte dazu ist schnell erz\u00e4hlt: Vor genau 25 Jahren stieg das Hotel Bayerischer Hof mit seiner Location in den 1981 von\u2026","rel":"","context":"In &quot;Bericht&quot;","block_context":{"text":"Bericht","link":"https:\/\/www.jazzzeitung.de\/cms\/thema\/bericht\/"},"img":{"alt_text":"","src":"https:\/\/i0.wp.com\/www.jazzzeitung.de\/cms\/wp-content\/uploads\/2016\/06\/Marcus-Miller-Foto-TJ-Krebs-150x150.jpg?resize=350%2C200","width":350,"height":200},"classes":[]},{"id":6151,"url":"https:\/\/www.jazzzeitung.de\/cms\/2015\/05\/jazz-sommer-im-bayerischen-hof-von-22-bis-26-juli-2015\/","url_meta":{"origin":19847,"position":3},"title":"Jazz Sommer im Bayerischen Hof von 22. bis 26. Juli 2015","author":"Redaktion JazzZeitung","date":"14. Mai 2015","format":false,"excerpt":"Seit 2007 setzt das Festival \u201eJazz Sommer im Bayerischen Hof\u201c mit seinen Konzerten im Night Club und Festsaal die Tradition des M\u00fcnchner Klaviersommers fort, welcher 1981 mit einer Serie von Konzerten von Friedrich Gulda im Amerika-Haus in M\u00fcnchen begann, und der seit 1991 vom Bayerischen Hof als Mitveranstalter unterst\u00fctzt wurde.\u2026","rel":"","context":"In &quot;Galerie&quot;","block_context":{"text":"Galerie","link":"https:\/\/www.jazzzeitung.de\/cms\/thema\/galerie\/"},"img":{"alt_text":"","src":"https:\/\/i0.wp.com\/www.jazzzeitung.de\/cms\/wp-content\/uploads\/2015\/05\/Al_Jarreau%40MarinaChavez_quadratischJazzSommer.jpeg?resize=350%2C200","width":350,"height":200,"srcset":"https:\/\/i0.wp.com\/www.jazzzeitung.de\/cms\/wp-content\/uploads\/2015\/05\/Al_Jarreau%40MarinaChavez_quadratischJazzSommer.jpeg?resize=350%2C200 1x, https:\/\/i0.wp.com\/www.jazzzeitung.de\/cms\/wp-content\/uploads\/2015\/05\/Al_Jarreau%40MarinaChavez_quadratischJazzSommer.jpeg?resize=525%2C300 1.5x, https:\/\/i0.wp.com\/www.jazzzeitung.de\/cms\/wp-content\/uploads\/2015\/05\/Al_Jarreau%40MarinaChavez_quadratischJazzSommer.jpeg?resize=700%2C400 2x"},"classes":[]},{"id":13089,"url":"https:\/\/www.jazzzeitung.de\/cms\/2017\/07\/bildergalerie-jazz-sommer-im-bayerischen-hof-2017-mike-sternrandy-brecker-feat-lenny-white-und-teymur-phell\/","url_meta":{"origin":19847,"position":4},"title":"Bildergalerie: Jazz Sommer im Bayerischen Hof 2017 &#8211; Mike Stern\/Randy Brecker feat. Lenny White und Teymur Phell","author":"Redaktion JazzZeitung","date":"22. Juli 2017","format":false,"excerpt":"Erste Bilder vom Jazz Sommer im Bayerischen Hof am 18. Juli 2017 mit Mike Stern\/Randy Brecker Band feat. Lenny White & Teymur Phell. Fotos von Ralf Dombrowski Einen Festivalbericht lesen Sie in der neuen musikzeitung (Ausgabe 9\/2017). \u00a0","rel":"","context":"In &quot;Galerie&quot;","block_context":{"text":"Galerie","link":"https:\/\/www.jazzzeitung.de\/cms\/thema\/galerie\/"},"img":{"alt_text":"","src":"https:\/\/i0.wp.com\/www.jazzzeitung.de\/cms\/wp-content\/uploads\/2017\/07\/0K3A2747-Stern-dombr.jpg?resize=350%2C200","width":350,"height":200,"srcset":"https:\/\/i0.wp.com\/www.jazzzeitung.de\/cms\/wp-content\/uploads\/2017\/07\/0K3A2747-Stern-dombr.jpg?resize=350%2C200 1x, https:\/\/i0.wp.com\/www.jazzzeitung.de\/cms\/wp-content\/uploads\/2017\/07\/0K3A2747-Stern-dombr.jpg?resize=525%2C300 1.5x, https:\/\/i0.wp.com\/www.jazzzeitung.de\/cms\/wp-content\/uploads\/2017\/07\/0K3A2747-Stern-dombr.jpg?resize=700%2C400 2x, https:\/\/i0.wp.com\/www.jazzzeitung.de\/cms\/wp-content\/uploads\/2017\/07\/0K3A2747-Stern-dombr.jpg?resize=1050%2C600 3x"},"classes":[]},{"id":32663,"url":"https:\/\/www.jazzzeitung.de\/cms\/2025\/06\/grosses-kinoaugsburger-jazzsommerunterfoehringer-jazz-weekendjazz-sommer-im-bayerischen-hof\/","url_meta":{"origin":19847,"position":5},"title":"+++ Gro\u00dfes Kino: +++ Augsburger Jazzsommer +++ Unterf\u00f6hringer Jazz-Weekend +++ Jazz Sommer im Bayerischen Hof","author":"Thomas J. Krebs","date":"17. Juni 2025","format":false,"excerpt":"Sommerzeit ist Festivalzeit, nicht nur im Rockbereich, sondern auch im Jazz und das hierzulande mit einer jahrzehntelangen Tradition.\u00a0 Das bedeutet gerade im Monat Juli eine pr\u00e4zise Terminplanung. Gl\u00fccklicherweise gibt es dieses Jahr wenig \u00dcberschneidungen, was die bevorstehenden Konzerte in Augsburg, Unterf\u00f6hring und M\u00fcnchen betrifft. Die Qual der Wahl hat man\u2026","rel":"","context":"In &quot;News&quot;","block_context":{"text":"News","link":"https:\/\/www.jazzzeitung.de\/cms\/thema\/nachrichten\/"},"img":{"alt_text":"","src":"https:\/\/i0.wp.com\/www.jazzzeitung.de\/cms\/wp-content\/uploads\/2025\/06\/P1188820-McBride-Foto-TJ-Krebs.jpg?fit=1200%2C833&ssl=1&resize=350%2C200","width":350,"height":200,"srcset":"https:\/\/i0.wp.com\/www.jazzzeitung.de\/cms\/wp-content\/uploads\/2025\/06\/P1188820-McBride-Foto-TJ-Krebs.jpg?fit=1200%2C833&ssl=1&resize=350%2C200 1x, https:\/\/i0.wp.com\/www.jazzzeitung.de\/cms\/wp-content\/uploads\/2025\/06\/P1188820-McBride-Foto-TJ-Krebs.jpg?fit=1200%2C833&ssl=1&resize=525%2C300 1.5x, https:\/\/i0.wp.com\/www.jazzzeitung.de\/cms\/wp-content\/uploads\/2025\/06\/P1188820-McBride-Foto-TJ-Krebs.jpg?fit=1200%2C833&ssl=1&resize=700%2C400 2x, https:\/\/i0.wp.com\/www.jazzzeitung.de\/cms\/wp-content\/uploads\/2025\/06\/P1188820-McBride-Foto-TJ-Krebs.jpg?fit=1200%2C833&ssl=1&resize=1050%2C600 3x"},"classes":[]}],"jetpack_sharing_enabled":true,"_links":{"self":[{"href":"https:\/\/www.jazzzeitung.de\/cms\/wp-json\/wp\/v2\/posts\/19847","targetHints":{"allow":["GET"]}}],"collection":[{"href":"https:\/\/www.jazzzeitung.de\/cms\/wp-json\/wp\/v2\/posts"}],"about":[{"href":"https:\/\/www.jazzzeitung.de\/cms\/wp-json\/wp\/v2\/types\/post"}],"author":[{"embeddable":true,"href":"https:\/\/www.jazzzeitung.de\/cms\/wp-json\/wp\/v2\/users\/18"}],"replies":[{"embeddable":true,"href":"https:\/\/www.jazzzeitung.de\/cms\/wp-json\/wp\/v2\/comments?post=19847"}],"version-history":[{"count":4,"href":"https:\/\/www.jazzzeitung.de\/cms\/wp-json\/wp\/v2\/posts\/19847\/revisions"}],"predecessor-version":[{"id":19855,"href":"https:\/\/www.jazzzeitung.de\/cms\/wp-json\/wp\/v2\/posts\/19847\/revisions\/19855"}],"wp:featuredmedia":[{"embeddable":true,"href":"https:\/\/www.jazzzeitung.de\/cms\/wp-json\/wp\/v2\/media\/19702"}],"wp:attachment":[{"href":"https:\/\/www.jazzzeitung.de\/cms\/wp-json\/wp\/v2\/media?parent=19847"}],"wp:term":[{"taxonomy":"category","embeddable":true,"href":"https:\/\/www.jazzzeitung.de\/cms\/wp-json\/wp\/v2\/categories?post=19847"},{"taxonomy":"post_tag","embeddable":true,"href":"https:\/\/www.jazzzeitung.de\/cms\/wp-json\/wp\/v2\/tags?post=19847"},{"taxonomy":"author","embeddable":true,"href":"https:\/\/www.jazzzeitung.de\/cms\/wp-json\/wp\/v2\/coauthors?post=19847"}],"curies":[{"name":"wp","href":"https:\/\/api.w.org\/{rel}","templated":true}]}}