{"id":19820,"date":"2019-06-18T09:45:07","date_gmt":"2019-06-18T07:45:07","guid":{"rendered":"https:\/\/www.jazzzeitung.de\/cms\/?p=19820"},"modified":"2019-06-17T15:41:50","modified_gmt":"2019-06-17T13:41:50","slug":"mette-nadja-hansen-und-johannes-von-ballestrem-eine-jazz-hommage-an-die-geliebte-clara","status":"publish","type":"post","link":"https:\/\/www.jazzzeitung.de\/cms\/2019\/06\/mette-nadja-hansen-und-johannes-von-ballestrem-eine-jazz-hommage-an-die-geliebte-clara\/","title":{"rendered":"Mette Nadja Hansen und Johannes von Ballestrem \u2013 Eine Jazz-Hommage an die \u201eGeliebte Clara\u201c"},"content":{"rendered":"<p>In Bonn wird nicht nur in jedem Jahr Ludwig van Beethoven, der gro\u00dfe Sohn der Stadt, mit einem wochenlangen, international besetzen Musikfest geehrt. Auch Robert Schumann, der die zwei letzten Jahre seines Lebens in Bonn verbracht hatte, wenn auch in beklagenswertem Zustand, wird in der Bundesstadt in besonderer Weise gew\u00fcrdigt, mit einem j\u00e4hrlichen Schumannfest, das jetzt vom 1. bis 16. Juni zum 22. Male stattfand, diesmal unter dem Motto \u201eGeliebte Clara\u201c.<\/p>\n<p>Aus Anlass ihres 200. Geburtstages am 3. September wurde Schumanns Ehefrau und Mutter seiner acht Kinder in mehr als zwei Dutzend Konzerten sowie Theater- und Filmvorf\u00fchrungen als bedeutende Musikerin gefeiert. Sie galt als ber\u00fchmteste Pianistin ihrer Zeit, wurde aber als gleichwertige Komponistin nicht anerkannt, denn Frauen wurde die \u00f6ffentliche Auff\u00fchrung ihrer Werke nicht zugestanden. Fanny Mendelssohn, Felix\u2019 begabter Schwester, erging es bekanntlich ebenso. So wurden w\u00e4hrend des Schumannfestes auch einige, bisher unbekannte Kompositionen Clara Schumanns aufgef\u00fchrt.<\/p>\n<figure id=\"attachment_19825\" aria-describedby=\"caption-attachment-19825\" style=\"width: 300px\" class=\"wp-caption alignleft\"><a href=\"https:\/\/i0.wp.com\/www.jazzzeitung.de\/cms\/wp-content\/uploads\/2019\/06\/DSC_1032-e1560778398787.jpg?ssl=1\"><img data-recalc-dims=\"1\" loading=\"lazy\" decoding=\"async\" data-attachment-id=\"19825\" data-permalink=\"https:\/\/www.jazzzeitung.de\/cms\/2019\/06\/mette-nadja-hansen-und-johannes-von-ballestrem-eine-jazz-hommage-an-die-geliebte-clara\/dsc_1032\/\" data-orig-file=\"https:\/\/i0.wp.com\/www.jazzzeitung.de\/cms\/wp-content\/uploads\/2019\/06\/DSC_1032-e1560778398787.jpg?fit=5504%2C3096&amp;ssl=1\" data-orig-size=\"5504,3096\" data-comments-opened=\"1\" data-image-meta=\"{&quot;aperture&quot;:&quot;2&quot;,&quot;credit&quot;:&quot;&quot;,&quot;camera&quot;:&quot;G8441&quot;,&quot;caption&quot;:&quot;&quot;,&quot;created_timestamp&quot;:&quot;1560376868&quot;,&quot;copyright&quot;:&quot;&quot;,&quot;focal_length&quot;:&quot;4.4&quot;,&quot;iso&quot;:&quot;250&quot;,&quot;shutter_speed&quot;:&quot;0.02&quot;,&quot;title&quot;:&quot;&quot;,&quot;orientation&quot;:&quot;3&quot;}\" data-image-title=\"\" data-image-description=\"\" data-image-caption=\"\" data-large-file=\"https:\/\/i0.wp.com\/www.jazzzeitung.de\/cms\/wp-content\/uploads\/2019\/06\/DSC_1032-e1560778398787.jpg?fit=840%2C472&amp;ssl=1\" class=\"wp-image-19825 size-medium\" src=\"https:\/\/i0.wp.com\/www.jazzzeitung.de\/cms\/wp-content\/uploads\/2019\/06\/DSC_1032-e1560778398787-300x169.jpg?resize=300%2C169&#038;ssl=1\" alt=\"\" width=\"300\" height=\"169\" srcset=\"https:\/\/i0.wp.com\/www.jazzzeitung.de\/cms\/wp-content\/uploads\/2019\/06\/DSC_1032-e1560778398787.jpg?resize=300%2C169&amp;ssl=1 300w, https:\/\/i0.wp.com\/www.jazzzeitung.de\/cms\/wp-content\/uploads\/2019\/06\/DSC_1032-e1560778398787.jpg?resize=768%2C432&amp;ssl=1 768w, https:\/\/i0.wp.com\/www.jazzzeitung.de\/cms\/wp-content\/uploads\/2019\/06\/DSC_1032-e1560778398787.jpg?resize=900%2C506&amp;ssl=1 900w, https:\/\/i0.wp.com\/www.jazzzeitung.de\/cms\/wp-content\/uploads\/2019\/06\/DSC_1032-e1560778398787.jpg?resize=1320%2C743&amp;ssl=1 1320w, https:\/\/i0.wp.com\/www.jazzzeitung.de\/cms\/wp-content\/uploads\/2019\/06\/DSC_1032-e1560778398787.jpg?w=1680&amp;ssl=1 1680w, https:\/\/i0.wp.com\/www.jazzzeitung.de\/cms\/wp-content\/uploads\/2019\/06\/DSC_1032-e1560778398787.jpg?w=2520&amp;ssl=1 2520w\" sizes=\"auto, (max-width: 300px) 100vw, 300px\" \/><\/a><figcaption id=\"caption-attachment-19825\" class=\"wp-caption-text\">Mette Nadja Hansen und Johannes Ballestrem nach ihrem Konzert. Foto: Dietrich Schlegel<\/figcaption><\/figure>\n<p>Ein Abend in dem von der Klassik bestimmten Schumannfest blieb dem Jazz vorbehalten. Clara Schumann und Jazz? Welche Ber\u00fchrungen k\u00f6nnten sich da ergeben, welche Antworten die engagierten Jazzmusiker finden? Nun, der in Bonn geb\u00fcrtige, in Berlin lebende Pianist Johannes von Ballestrem und die d\u00e4nische Vokalistin Mette Nadja Hansen, seit 2013 ebenfalls in Berlin wohnend, versuchten erst gar nicht, Kompositionen der Clara Schumann jazzig zu bearbeiten. Vielmehr gestalteten sie ihre Hommage an die gro\u00dfe Musikerin in ihrem eigens f\u00fcr das Bonner Schumannfest entwickelten Programm zugleich als eine Hommage an Frauen im Jazz, an jene Musikerinnen, die durch ihre Kompositionen und ihr Spiel, zumeist als Pianistinnen, den Jazz seit seinen Urspr\u00fcngen mit gepr\u00e4gt haben, ohne dass dies immer geb\u00fchrend gew\u00fcrdigt wurde, auch wenn viele ihrer Sch\u00f6pfungen zu unz\u00e4hlig gecoverten Standards wurden.<\/p>\n<p>Dieses Vorhaben gelang in der intimen, kammermusikalischen Atmosph\u00e4re des Schumannhauses vortrefflich. Kaum zu glauben, dass die Beiden erst zum zweiten Mal gemeinsam auftraten, so nahtlos aufeinander abgestimmt und ineinander verzahnt pr\u00e4sentierten sie sich als Duo. Allerdings verbindet sie das Studium am Jazz Institut Berlin, an dem Johannes von Ballestrem inzwischen selbst lehrt. Er hatte Jazzklavier bei Wolfgang K\u00f6hler und Tino Derado sowie Gitarre bei Kurt Rosenwinkel studiert und seinen Master in Leipzig bei Michael Wollny absolviert. Mette Nadja Hansen hatte sich nach Studien in D\u00e4nemark und Schweden in Berlin unter die Fittiche der ber\u00fchmten Vokalistin und P\u00e4dagogin Judy Niemeck begeben. Wer je das Gl\u00fcck hatte, das Duo Niemeck\/K\u00f6hler im Konzert zu erleben, der konnte hier hautnahe Parallelen ziehen. Pianistin und S\u00e4ngerin bewegen sich stilsicher und virtuos \u2013 wie es Mette in einem eigenen Song ausdr\u00fcckt \u2013 zwischen Old School und Modern Jazz, zwischen Stride Piano und Bebop.<\/p>\n<p>Neben dem musikalischen Genuss wurde in vergn\u00fcglich charmanter Moderation von beiden Protagonisten biographisches und musikgeschichtliches Wissen \u00fcber die Frauen vermittelt, denen die dargebotene Musik zu verdanken ist. Wer kennt schon Ann Ronell, die Musik und Text der 1932 von Irving Berlin verlegten Ballade \u201eWillow Weep For Me\u201c schrieb? Niemand geringeres als George Gershwin hatte ihr einen Job als Pianistin am Broadway verschafft. Und, so wusste Johannes zu berichten, sie war die erste Frau, die in Hollywood ein Soundtrack-Orchester dirigierte. Mette f\u00fchrte sich einf\u00fchlsam mit dem Trauerweiden-Song in das Konzert ein, zeigte dann aber sogleich auch ihre vitale Seite bei den Songs \u201eA Fine Romance\u201c und \u2013 mit einem feinen pianolosen Intro &#8211; \u201eI\u2019m In The Mood For Love\u201c. Komponiert wurden die St\u00fccke von Jerome Kern und Jimmy McHugh. Die Lyrics aber schrieb Dorothy Fields, eine der gefragtesten Texterinnen der 30er und 40er Jahre. Erw\u00e4hnt sei hier nur \u201eI Can\u2019t Give You Anything But Love\u201c.<\/p>\n<figure id=\"attachment_19821\" aria-describedby=\"caption-attachment-19821\" style=\"width: 300px\" class=\"wp-caption alignleft\"><a href=\"https:\/\/i0.wp.com\/www.jazzzeitung.de\/cms\/wp-content\/uploads\/2019\/06\/DSC_1014.jpg?ssl=1\"><img data-recalc-dims=\"1\" loading=\"lazy\" decoding=\"async\" data-attachment-id=\"19821\" data-permalink=\"https:\/\/www.jazzzeitung.de\/cms\/2019\/06\/mette-nadja-hansen-und-johannes-von-ballestrem-eine-jazz-hommage-an-die-geliebte-clara\/dsc_1014\/\" data-orig-file=\"https:\/\/i0.wp.com\/www.jazzzeitung.de\/cms\/wp-content\/uploads\/2019\/06\/DSC_1014.jpg?fit=5504%2C3096&amp;ssl=1\" data-orig-size=\"5504,3096\" data-comments-opened=\"1\" data-image-meta=\"{&quot;aperture&quot;:&quot;2&quot;,&quot;credit&quot;:&quot;&quot;,&quot;camera&quot;:&quot;G8441&quot;,&quot;caption&quot;:&quot;&quot;,&quot;created_timestamp&quot;:&quot;1560371100&quot;,&quot;copyright&quot;:&quot;&quot;,&quot;focal_length&quot;:&quot;4.4&quot;,&quot;iso&quot;:&quot;160&quot;,&quot;shutter_speed&quot;:&quot;0.02&quot;,&quot;title&quot;:&quot;&quot;,&quot;orientation&quot;:&quot;1&quot;}\" data-image-title=\"\" data-image-description=\"\" data-image-caption=\"\" data-large-file=\"https:\/\/i0.wp.com\/www.jazzzeitung.de\/cms\/wp-content\/uploads\/2019\/06\/DSC_1014.jpg?fit=840%2C472&amp;ssl=1\" class=\"wp-image-19821 size-medium\" src=\"https:\/\/i0.wp.com\/www.jazzzeitung.de\/cms\/wp-content\/uploads\/2019\/06\/DSC_1014.jpg?resize=300%2C169&#038;ssl=1\" alt=\"\" width=\"300\" height=\"169\" srcset=\"https:\/\/i0.wp.com\/www.jazzzeitung.de\/cms\/wp-content\/uploads\/2019\/06\/DSC_1014.jpg?resize=300%2C169&amp;ssl=1 300w, https:\/\/i0.wp.com\/www.jazzzeitung.de\/cms\/wp-content\/uploads\/2019\/06\/DSC_1014.jpg?resize=768%2C432&amp;ssl=1 768w, https:\/\/i0.wp.com\/www.jazzzeitung.de\/cms\/wp-content\/uploads\/2019\/06\/DSC_1014.jpg?resize=900%2C506&amp;ssl=1 900w, https:\/\/i0.wp.com\/www.jazzzeitung.de\/cms\/wp-content\/uploads\/2019\/06\/DSC_1014.jpg?resize=1320%2C743&amp;ssl=1 1320w, https:\/\/i0.wp.com\/www.jazzzeitung.de\/cms\/wp-content\/uploads\/2019\/06\/DSC_1014.jpg?w=1680&amp;ssl=1 1680w, https:\/\/i0.wp.com\/www.jazzzeitung.de\/cms\/wp-content\/uploads\/2019\/06\/DSC_1014.jpg?w=2520&amp;ssl=1 2520w\" sizes=\"auto, (max-width: 300px) 100vw, 300px\" \/><\/a><figcaption id=\"caption-attachment-19821\" class=\"wp-caption-text\">Mette Nadja Hansen und Johannes Ballestrem w\u00e4hrend ihrem Konzert in Bonn. Foto: Dietrich Schlegel<\/figcaption><\/figure>\n<p>Es folgten Songs von drei Musikerinnen, die als Pianistinnen, weniger aber als Komponistinnen bekannt wurden. Von Lil Hardin, Louis Armstrongs erster Frau und Mitgr\u00fcnderin seiner Hot Five und Hot Seven, stammt die Komposition \u201eStruttin\u2019 With Some Barbecue\u201c, die von Johann solo in mitrei\u00dfendem Stride-Stil gespielt wurde, ein erstes Beispiel f\u00fcr seine einfallsreichen Improvisationen. Mette nahm sich dann Hardins Komposition \u201eJust For A Thrill\u201c vor, sp\u00e4ter noch deren \u201eLet\u2019s Call It Love\u201c, interpretierte gef\u00fchlsintensiv \u201eThere\u2019ll Be Other Times\u201c, eine der sch\u00f6nsten, vor allem durch Sarah Vaughan bekannt gewordenen Balladen der vielseitigen Marian McPartland. Andere Seiten wurden nach der Pause mit Dizzy Gillespies \u201eCubana Be, Cubana Bop\u201c-Hit \u201eIn The Land Of Oo-bla-dee\u201c aufgezogen, komponiert und arrangiert von \u2013 wer w\u00fcsste das schon auf Anhieb? \u2013 Mary Lou Williams, einer der wichtigsten Frauen im Jazz \u00fcberhaupt, pr\u00e4gend auch f\u00fcr die musikalische Entwicklung vieler ihrer m\u00e4nnlichen Kollegen.<\/p>\n<p>Kaum eine Jazzs\u00e4ngerin, die nicht Billie Holiday im Repertoire h\u00e4tte. Mette hatte sich gleich drei der Songs vorgenommen, die Billie \u2013 in Kooperation mit Arthur Herzog \u2013 selbst komponiert und getextet hat. Lady Day auch nur im Ansatz kopieren zu wollen, verbietet sich nicht nur aus k\u00fcnstlerischen Gr\u00fcnden, sondern schlicht aus Respekt. F\u00fcr jede Coverversion muss eine Performance sui generis gefunden werden. Bei \u201eDon\u2019t Explain\u201c und \u201eFine And Mellow\u201c, diesen An-Klagen einer resignierten, von den M\u00e4nnern wieder mal entt\u00e4uschten Frau, war die ansonsten quirlige und fr\u00f6hlich mit dem Publikum parlierende D\u00e4nin ganz bei\u00a0 sich, in sich gekehrt, traurig und trotzig zugleich. Und \u201eGod Bless The Child\u201c verwandelte sie in eine innige Hymne.<\/p>\n<p>Zum Finale wurden Stimme und Stimmung wieder aufgehellt durch den oft gecoverten\u00a0 Standard \u201eCan\u2019t We Be Friends\u201c, 1929 von der \u2013 wer kennt die denn? \u2013 Pianistin und Komponistin Kay Swift geschrieben. Als letztes kam es nochmals zu einer Begegnung mit Dorothy Fields, welche die Lyrics zu dem von Jimmy McHugh komponierten Evergreen \u201eOn The Sunny Side Of The Street\u201c schrieb \u2013 ein letzter Beitrag des perfekten Duos Mette Nadja Hansen und Johannes von Ballestrem zum Kapitel \u201eWie Frauen den Jazz mitpr\u00e4gten\u201c.<\/p>\n<p><strong>Beitragsbild: Mette Nadja Hansen und Johannes Ballestrem beim Schumannfest. Foto: Dietrich Schlegel<\/strong><\/p>\n","protected":false},"excerpt":{"rendered":"<p>In Bonn wird nicht nur in jedem Jahr Ludwig van Beethoven, der gro\u00dfe Sohn der Stadt, mit einem wochenlangen, international besetzen Musikfest geehrt. Auch Robert Schumann, der die zwei letzten Jahre seines Lebens in Bonn verbracht hatte, wenn auch in beklagenswertem Zustand, wird in der Bundesstadt in besonderer Weise gew\u00fcrdigt, mit einem j\u00e4hrlichen Schumannfest, das jetzt vom 1. bis 16. Juni zum 22. Male stattfand, diesmal unter dem Motto \u201eGeliebte Clara\u201c. Aus Anlass ihres 200. Geburtstages am 3. September wurde Schumanns Ehefrau und Mutter seiner acht Kinder in mehr als zwei Dutzend Konzerten sowie Theater- und Filmvorf\u00fchrungen als bedeutende Musikerin gefeiert. Sie galt als ber\u00fchmteste Pianistin ihrer Zeit, wurde aber als gleichwertige Komponistin nicht anerkannt, denn Frauen wurde die \u00f6ffentliche Auff\u00fchrung ihrer Werke nicht zugestanden. Fanny Mendelssohn, Felix\u2019 begabter Schwester, erging es bekanntlich ebenso. So wurden w\u00e4hrend des Schumannfestes auch einige, bisher unbekannte Kompositionen Clara Schumanns aufgef\u00fchrt. Ein Abend in dem von der Klassik bestimmten Schumannfest blieb dem Jazz vorbehalten. Clara Schumann und Jazz? Welche Ber\u00fchrungen k\u00f6nnten sich da ergeben, welche Antworten die engagierten Jazzmusiker finden? Nun, der in Bonn geb\u00fcrtige, in Berlin lebende Pianist &hellip;<\/p>\n","protected":false},"author":28,"featured_media":19823,"comment_status":"open","ping_status":"closed","sticky":false,"template":"","format":"standard","meta":{"_jetpack_memberships_contains_paid_content":false,"footnotes":"","jetpack_publicize_message":"","jetpack_publicize_feature_enabled":true,"jetpack_social_post_already_shared":false,"jetpack_social_options":{"image_generator_settings":{"template":"highway","default_image_id":0,"font":"","enabled":false},"version":2}},"categories":[1053],"tags":[91,2571,2570,2569],"coauthors":[1066],"class_list":["post-19820","post","type-post","status-publish","format-standard","has-post-thumbnail","hentry","category-bericht","tag-bonn","tag-johannes-ballestrem","tag-mette-nadja-hansen","tag-schumannfest"],"yoast_head":"<!-- This site is optimized with the Yoast SEO plugin v27.5 - https:\/\/yoast.com\/product\/yoast-seo-wordpress\/ -->\n<title>Mette Nadja Hansen und Johannes von Ballestrem \u2013 Eine Jazz-Hommage an die \u201eGeliebte Clara\u201c - JazzZeitung<\/title>\n<meta name=\"robots\" content=\"index, follow, max-snippet:-1, max-image-preview:large, max-video-preview:-1\" \/>\n<link rel=\"canonical\" href=\"https:\/\/www.jazzzeitung.de\/cms\/2019\/06\/mette-nadja-hansen-und-johannes-von-ballestrem-eine-jazz-hommage-an-die-geliebte-clara\/\" \/>\n<meta property=\"og:locale\" content=\"de_DE\" \/>\n<meta property=\"og:type\" content=\"article\" \/>\n<meta property=\"og:title\" content=\"Mette Nadja Hansen und Johannes von Ballestrem \u2013 Eine Jazz-Hommage an die \u201eGeliebte Clara\u201c - JazzZeitung\" \/>\n<meta property=\"og:description\" content=\"In Bonn wird nicht nur in jedem Jahr Ludwig van Beethoven, der gro\u00dfe Sohn der Stadt, mit einem wochenlangen, international besetzen Musikfest geehrt. Auch Robert Schumann, der die zwei letzten Jahre seines Lebens in Bonn verbracht hatte, wenn auch in beklagenswertem Zustand, wird in der Bundesstadt in besonderer Weise gew\u00fcrdigt, mit einem j\u00e4hrlichen Schumannfest, das jetzt vom 1. bis 16. Juni zum 22. Male stattfand, diesmal unter dem Motto \u201eGeliebte Clara\u201c. Aus Anlass ihres 200. Geburtstages am 3. September wurde Schumanns Ehefrau und Mutter seiner acht Kinder in mehr als zwei Dutzend Konzerten sowie Theater- und Filmvorf\u00fchrungen als bedeutende Musikerin gefeiert. Sie galt als ber\u00fchmteste Pianistin ihrer Zeit, wurde aber als gleichwertige Komponistin nicht anerkannt, denn Frauen wurde die \u00f6ffentliche Auff\u00fchrung ihrer Werke nicht zugestanden. Fanny Mendelssohn, Felix\u2019 begabter Schwester, erging es bekanntlich ebenso. So wurden w\u00e4hrend des Schumannfestes auch einige, bisher unbekannte Kompositionen Clara Schumanns aufgef\u00fchrt. Ein Abend in dem von der Klassik bestimmten Schumannfest blieb dem Jazz vorbehalten. Clara Schumann und Jazz? Welche Ber\u00fchrungen k\u00f6nnten sich da ergeben, welche Antworten die engagierten Jazzmusiker finden? Nun, der in Bonn geb\u00fcrtige, in Berlin lebende Pianist &hellip;\" \/>\n<meta property=\"og:url\" content=\"https:\/\/www.jazzzeitung.de\/cms\/2019\/06\/mette-nadja-hansen-und-johannes-von-ballestrem-eine-jazz-hommage-an-die-geliebte-clara\/\" \/>\n<meta property=\"og:site_name\" content=\"JazzZeitung\" \/>\n<meta property=\"article:publisher\" content=\"https:\/\/www.facebook.com\/JazzZeitung\/\" \/>\n<meta property=\"article:published_time\" content=\"2019-06-18T07:45:07+00:00\" \/>\n<meta property=\"og:image\" content=\"https:\/\/www.jazzzeitung.de\/cms\/wp-content\/uploads\/2019\/06\/DSC_1026-900x506.jpg\" \/>\n\t<meta property=\"og:image:width\" content=\"900\" \/>\n\t<meta property=\"og:image:height\" content=\"506\" \/>\n\t<meta property=\"og:image:type\" content=\"image\/jpeg\" \/>\n<meta name=\"author\" content=\"Dietrich Schlegel\" \/>\n<script type=\"application\/ld+json\" class=\"yoast-schema-graph\">{\"@context\":\"https:\\\/\\\/schema.org\",\"@graph\":[{\"@type\":\"Article\",\"@id\":\"https:\\\/\\\/www.jazzzeitung.de\\\/cms\\\/2019\\\/06\\\/mette-nadja-hansen-und-johannes-von-ballestrem-eine-jazz-hommage-an-die-geliebte-clara\\\/#article\",\"isPartOf\":{\"@id\":\"https:\\\/\\\/www.jazzzeitung.de\\\/cms\\\/2019\\\/06\\\/mette-nadja-hansen-und-johannes-von-ballestrem-eine-jazz-hommage-an-die-geliebte-clara\\\/\"},\"author\":{\"name\":\"Dietrich Schlegel\",\"@id\":\"https:\\\/\\\/www.jazzzeitung.de\\\/cms\\\/#\\\/schema\\\/person\\\/a941cf62428669aa5b4fd4eb3987fb4d\"},\"headline\":\"Mette Nadja Hansen und Johannes von Ballestrem \u2013 Eine Jazz-Hommage an die \u201eGeliebte Clara\u201c\",\"datePublished\":\"2019-06-18T07:45:07+00:00\",\"mainEntityOfPage\":{\"@id\":\"https:\\\/\\\/www.jazzzeitung.de\\\/cms\\\/2019\\\/06\\\/mette-nadja-hansen-und-johannes-von-ballestrem-eine-jazz-hommage-an-die-geliebte-clara\\\/\"},\"wordCount\":1025,\"commentCount\":0,\"publisher\":{\"@id\":\"https:\\\/\\\/www.jazzzeitung.de\\\/cms\\\/#organization\"},\"image\":{\"@id\":\"https:\\\/\\\/www.jazzzeitung.de\\\/cms\\\/2019\\\/06\\\/mette-nadja-hansen-und-johannes-von-ballestrem-eine-jazz-hommage-an-die-geliebte-clara\\\/#primaryimage\"},\"thumbnailUrl\":\"https:\\\/\\\/i0.wp.com\\\/www.jazzzeitung.de\\\/cms\\\/wp-content\\\/uploads\\\/2019\\\/06\\\/DSC_1026.jpg?fit=5504%2C3096&ssl=1\",\"keywords\":[\"Bonn\",\"Johannes Ballestrem\",\"Mette Nadja Hansen\",\"Schumannfest\"],\"articleSection\":[\"Bericht\"],\"inLanguage\":\"de\",\"potentialAction\":[{\"@type\":\"CommentAction\",\"name\":\"Comment\",\"target\":[\"https:\\\/\\\/www.jazzzeitung.de\\\/cms\\\/2019\\\/06\\\/mette-nadja-hansen-und-johannes-von-ballestrem-eine-jazz-hommage-an-die-geliebte-clara\\\/#respond\"]}]},{\"@type\":\"WebPage\",\"@id\":\"https:\\\/\\\/www.jazzzeitung.de\\\/cms\\\/2019\\\/06\\\/mette-nadja-hansen-und-johannes-von-ballestrem-eine-jazz-hommage-an-die-geliebte-clara\\\/\",\"url\":\"https:\\\/\\\/www.jazzzeitung.de\\\/cms\\\/2019\\\/06\\\/mette-nadja-hansen-und-johannes-von-ballestrem-eine-jazz-hommage-an-die-geliebte-clara\\\/\",\"name\":\"Mette Nadja Hansen und Johannes von Ballestrem \u2013 Eine Jazz-Hommage an die \u201eGeliebte Clara\u201c - JazzZeitung\",\"isPartOf\":{\"@id\":\"https:\\\/\\\/www.jazzzeitung.de\\\/cms\\\/#website\"},\"primaryImageOfPage\":{\"@id\":\"https:\\\/\\\/www.jazzzeitung.de\\\/cms\\\/2019\\\/06\\\/mette-nadja-hansen-und-johannes-von-ballestrem-eine-jazz-hommage-an-die-geliebte-clara\\\/#primaryimage\"},\"image\":{\"@id\":\"https:\\\/\\\/www.jazzzeitung.de\\\/cms\\\/2019\\\/06\\\/mette-nadja-hansen-und-johannes-von-ballestrem-eine-jazz-hommage-an-die-geliebte-clara\\\/#primaryimage\"},\"thumbnailUrl\":\"https:\\\/\\\/i0.wp.com\\\/www.jazzzeitung.de\\\/cms\\\/wp-content\\\/uploads\\\/2019\\\/06\\\/DSC_1026.jpg?fit=5504%2C3096&ssl=1\",\"datePublished\":\"2019-06-18T07:45:07+00:00\",\"breadcrumb\":{\"@id\":\"https:\\\/\\\/www.jazzzeitung.de\\\/cms\\\/2019\\\/06\\\/mette-nadja-hansen-und-johannes-von-ballestrem-eine-jazz-hommage-an-die-geliebte-clara\\\/#breadcrumb\"},\"inLanguage\":\"de\",\"potentialAction\":[{\"@type\":\"ReadAction\",\"target\":[\"https:\\\/\\\/www.jazzzeitung.de\\\/cms\\\/2019\\\/06\\\/mette-nadja-hansen-und-johannes-von-ballestrem-eine-jazz-hommage-an-die-geliebte-clara\\\/\"]}]},{\"@type\":\"ImageObject\",\"inLanguage\":\"de\",\"@id\":\"https:\\\/\\\/www.jazzzeitung.de\\\/cms\\\/2019\\\/06\\\/mette-nadja-hansen-und-johannes-von-ballestrem-eine-jazz-hommage-an-die-geliebte-clara\\\/#primaryimage\",\"url\":\"https:\\\/\\\/i0.wp.com\\\/www.jazzzeitung.de\\\/cms\\\/wp-content\\\/uploads\\\/2019\\\/06\\\/DSC_1026.jpg?fit=5504%2C3096&ssl=1\",\"contentUrl\":\"https:\\\/\\\/i0.wp.com\\\/www.jazzzeitung.de\\\/cms\\\/wp-content\\\/uploads\\\/2019\\\/06\\\/DSC_1026.jpg?fit=5504%2C3096&ssl=1\",\"width\":5504,\"height\":3096},{\"@type\":\"BreadcrumbList\",\"@id\":\"https:\\\/\\\/www.jazzzeitung.de\\\/cms\\\/2019\\\/06\\\/mette-nadja-hansen-und-johannes-von-ballestrem-eine-jazz-hommage-an-die-geliebte-clara\\\/#breadcrumb\",\"itemListElement\":[{\"@type\":\"ListItem\",\"position\":1,\"name\":\"Startseite\",\"item\":\"https:\\\/\\\/www.jazzzeitung.de\\\/cms\\\/\"},{\"@type\":\"ListItem\",\"position\":2,\"name\":\"Mette Nadja Hansen und Johannes von Ballestrem \u2013 Eine Jazz-Hommage an die \u201eGeliebte Clara\u201c\"}]},{\"@type\":\"WebSite\",\"@id\":\"https:\\\/\\\/www.jazzzeitung.de\\\/cms\\\/#website\",\"url\":\"https:\\\/\\\/www.jazzzeitung.de\\\/cms\\\/\",\"name\":\"JazzZeitung\",\"description\":\"Jazz-News und Jazz-Kontroverses\",\"publisher\":{\"@id\":\"https:\\\/\\\/www.jazzzeitung.de\\\/cms\\\/#organization\"},\"potentialAction\":[{\"@type\":\"SearchAction\",\"target\":{\"@type\":\"EntryPoint\",\"urlTemplate\":\"https:\\\/\\\/www.jazzzeitung.de\\\/cms\\\/?s={search_term_string}\"},\"query-input\":{\"@type\":\"PropertyValueSpecification\",\"valueRequired\":true,\"valueName\":\"search_term_string\"}}],\"inLanguage\":\"de\"},{\"@type\":\"Organization\",\"@id\":\"https:\\\/\\\/www.jazzzeitung.de\\\/cms\\\/#organization\",\"name\":\"JazzZeitung online\",\"url\":\"https:\\\/\\\/www.jazzzeitung.de\\\/cms\\\/\",\"logo\":{\"@type\":\"ImageObject\",\"inLanguage\":\"de\",\"@id\":\"https:\\\/\\\/www.jazzzeitung.de\\\/cms\\\/#\\\/schema\\\/logo\\\/image\\\/\",\"url\":\"https:\\\/\\\/i0.wp.com\\\/www.jazzzeitung.de\\\/cms\\\/wp-content\\\/uploads\\\/2015\\\/08\\\/JAZZZEITUNGDE_Logo_Neu.png?fit=499%2C200&ssl=1\",\"contentUrl\":\"https:\\\/\\\/i0.wp.com\\\/www.jazzzeitung.de\\\/cms\\\/wp-content\\\/uploads\\\/2015\\\/08\\\/JAZZZEITUNGDE_Logo_Neu.png?fit=499%2C200&ssl=1\",\"width\":499,\"height\":200,\"caption\":\"JazzZeitung online\"},\"image\":{\"@id\":\"https:\\\/\\\/www.jazzzeitung.de\\\/cms\\\/#\\\/schema\\\/logo\\\/image\\\/\"},\"sameAs\":[\"https:\\\/\\\/www.facebook.com\\\/JazzZeitung\\\/\"]},{\"@type\":\"Person\",\"@id\":\"https:\\\/\\\/www.jazzzeitung.de\\\/cms\\\/#\\\/schema\\\/person\\\/a941cf62428669aa5b4fd4eb3987fb4d\",\"name\":\"Dietrich Schlegel\",\"image\":{\"@type\":\"ImageObject\",\"inLanguage\":\"de\",\"@id\":\"https:\\\/\\\/secure.gravatar.com\\\/avatar\\\/e938c38abcc922f84a62590fcf2c0d9f11f0d60a3ac8c596c252ecf526534c96?s=96&d=wp_user_avatar&r=g15648080ba2b7ef593e7120aa356c369\",\"url\":\"https:\\\/\\\/secure.gravatar.com\\\/avatar\\\/e938c38abcc922f84a62590fcf2c0d9f11f0d60a3ac8c596c252ecf526534c96?s=96&d=wp_user_avatar&r=g\",\"contentUrl\":\"https:\\\/\\\/secure.gravatar.com\\\/avatar\\\/e938c38abcc922f84a62590fcf2c0d9f11f0d60a3ac8c596c252ecf526534c96?s=96&d=wp_user_avatar&r=g\",\"caption\":\"Dietrich Schlegel\"},\"url\":\"https:\\\/\\\/www.jazzzeitung.de\\\/cms\\\/author\\\/schlegel\\\/\"}]}<\/script>\n<!-- \/ Yoast SEO plugin. -->","yoast_head_json":{"title":"Mette Nadja Hansen und Johannes von Ballestrem \u2013 Eine Jazz-Hommage an die \u201eGeliebte Clara\u201c - JazzZeitung","robots":{"index":"index","follow":"follow","max-snippet":"max-snippet:-1","max-image-preview":"max-image-preview:large","max-video-preview":"max-video-preview:-1"},"canonical":"https:\/\/www.jazzzeitung.de\/cms\/2019\/06\/mette-nadja-hansen-und-johannes-von-ballestrem-eine-jazz-hommage-an-die-geliebte-clara\/","og_locale":"de_DE","og_type":"article","og_title":"Mette Nadja Hansen und Johannes von Ballestrem \u2013 Eine Jazz-Hommage an die \u201eGeliebte Clara\u201c - JazzZeitung","og_description":"In Bonn wird nicht nur in jedem Jahr Ludwig van Beethoven, der gro\u00dfe Sohn der Stadt, mit einem wochenlangen, international besetzen Musikfest geehrt. Auch Robert Schumann, der die zwei letzten Jahre seines Lebens in Bonn verbracht hatte, wenn auch in beklagenswertem Zustand, wird in der Bundesstadt in besonderer Weise gew\u00fcrdigt, mit einem j\u00e4hrlichen Schumannfest, das jetzt vom 1. bis 16. Juni zum 22. Male stattfand, diesmal unter dem Motto \u201eGeliebte Clara\u201c. Aus Anlass ihres 200. Geburtstages am 3. September wurde Schumanns Ehefrau und Mutter seiner acht Kinder in mehr als zwei Dutzend Konzerten sowie Theater- und Filmvorf\u00fchrungen als bedeutende Musikerin gefeiert. Sie galt als ber\u00fchmteste Pianistin ihrer Zeit, wurde aber als gleichwertige Komponistin nicht anerkannt, denn Frauen wurde die \u00f6ffentliche Auff\u00fchrung ihrer Werke nicht zugestanden. Fanny Mendelssohn, Felix\u2019 begabter Schwester, erging es bekanntlich ebenso. So wurden w\u00e4hrend des Schumannfestes auch einige, bisher unbekannte Kompositionen Clara Schumanns aufgef\u00fchrt. Ein Abend in dem von der Klassik bestimmten Schumannfest blieb dem Jazz vorbehalten. Clara Schumann und Jazz? Welche Ber\u00fchrungen k\u00f6nnten sich da ergeben, welche Antworten die engagierten Jazzmusiker finden? Nun, der in Bonn geb\u00fcrtige, in Berlin lebende Pianist &hellip;","og_url":"https:\/\/www.jazzzeitung.de\/cms\/2019\/06\/mette-nadja-hansen-und-johannes-von-ballestrem-eine-jazz-hommage-an-die-geliebte-clara\/","og_site_name":"JazzZeitung","article_publisher":"https:\/\/www.facebook.com\/JazzZeitung\/","article_published_time":"2019-06-18T07:45:07+00:00","og_image":[{"width":900,"height":506,"url":"https:\/\/www.jazzzeitung.de\/cms\/wp-content\/uploads\/2019\/06\/DSC_1026-900x506.jpg","type":"image\/jpeg"}],"author":"Dietrich Schlegel","schema":{"@context":"https:\/\/schema.org","@graph":[{"@type":"Article","@id":"https:\/\/www.jazzzeitung.de\/cms\/2019\/06\/mette-nadja-hansen-und-johannes-von-ballestrem-eine-jazz-hommage-an-die-geliebte-clara\/#article","isPartOf":{"@id":"https:\/\/www.jazzzeitung.de\/cms\/2019\/06\/mette-nadja-hansen-und-johannes-von-ballestrem-eine-jazz-hommage-an-die-geliebte-clara\/"},"author":{"name":"Dietrich Schlegel","@id":"https:\/\/www.jazzzeitung.de\/cms\/#\/schema\/person\/a941cf62428669aa5b4fd4eb3987fb4d"},"headline":"Mette Nadja Hansen und Johannes von Ballestrem \u2013 Eine Jazz-Hommage an die \u201eGeliebte Clara\u201c","datePublished":"2019-06-18T07:45:07+00:00","mainEntityOfPage":{"@id":"https:\/\/www.jazzzeitung.de\/cms\/2019\/06\/mette-nadja-hansen-und-johannes-von-ballestrem-eine-jazz-hommage-an-die-geliebte-clara\/"},"wordCount":1025,"commentCount":0,"publisher":{"@id":"https:\/\/www.jazzzeitung.de\/cms\/#organization"},"image":{"@id":"https:\/\/www.jazzzeitung.de\/cms\/2019\/06\/mette-nadja-hansen-und-johannes-von-ballestrem-eine-jazz-hommage-an-die-geliebte-clara\/#primaryimage"},"thumbnailUrl":"https:\/\/i0.wp.com\/www.jazzzeitung.de\/cms\/wp-content\/uploads\/2019\/06\/DSC_1026.jpg?fit=5504%2C3096&ssl=1","keywords":["Bonn","Johannes Ballestrem","Mette Nadja Hansen","Schumannfest"],"articleSection":["Bericht"],"inLanguage":"de","potentialAction":[{"@type":"CommentAction","name":"Comment","target":["https:\/\/www.jazzzeitung.de\/cms\/2019\/06\/mette-nadja-hansen-und-johannes-von-ballestrem-eine-jazz-hommage-an-die-geliebte-clara\/#respond"]}]},{"@type":"WebPage","@id":"https:\/\/www.jazzzeitung.de\/cms\/2019\/06\/mette-nadja-hansen-und-johannes-von-ballestrem-eine-jazz-hommage-an-die-geliebte-clara\/","url":"https:\/\/www.jazzzeitung.de\/cms\/2019\/06\/mette-nadja-hansen-und-johannes-von-ballestrem-eine-jazz-hommage-an-die-geliebte-clara\/","name":"Mette Nadja Hansen und Johannes von Ballestrem \u2013 Eine Jazz-Hommage an die \u201eGeliebte Clara\u201c - JazzZeitung","isPartOf":{"@id":"https:\/\/www.jazzzeitung.de\/cms\/#website"},"primaryImageOfPage":{"@id":"https:\/\/www.jazzzeitung.de\/cms\/2019\/06\/mette-nadja-hansen-und-johannes-von-ballestrem-eine-jazz-hommage-an-die-geliebte-clara\/#primaryimage"},"image":{"@id":"https:\/\/www.jazzzeitung.de\/cms\/2019\/06\/mette-nadja-hansen-und-johannes-von-ballestrem-eine-jazz-hommage-an-die-geliebte-clara\/#primaryimage"},"thumbnailUrl":"https:\/\/i0.wp.com\/www.jazzzeitung.de\/cms\/wp-content\/uploads\/2019\/06\/DSC_1026.jpg?fit=5504%2C3096&ssl=1","datePublished":"2019-06-18T07:45:07+00:00","breadcrumb":{"@id":"https:\/\/www.jazzzeitung.de\/cms\/2019\/06\/mette-nadja-hansen-und-johannes-von-ballestrem-eine-jazz-hommage-an-die-geliebte-clara\/#breadcrumb"},"inLanguage":"de","potentialAction":[{"@type":"ReadAction","target":["https:\/\/www.jazzzeitung.de\/cms\/2019\/06\/mette-nadja-hansen-und-johannes-von-ballestrem-eine-jazz-hommage-an-die-geliebte-clara\/"]}]},{"@type":"ImageObject","inLanguage":"de","@id":"https:\/\/www.jazzzeitung.de\/cms\/2019\/06\/mette-nadja-hansen-und-johannes-von-ballestrem-eine-jazz-hommage-an-die-geliebte-clara\/#primaryimage","url":"https:\/\/i0.wp.com\/www.jazzzeitung.de\/cms\/wp-content\/uploads\/2019\/06\/DSC_1026.jpg?fit=5504%2C3096&ssl=1","contentUrl":"https:\/\/i0.wp.com\/www.jazzzeitung.de\/cms\/wp-content\/uploads\/2019\/06\/DSC_1026.jpg?fit=5504%2C3096&ssl=1","width":5504,"height":3096},{"@type":"BreadcrumbList","@id":"https:\/\/www.jazzzeitung.de\/cms\/2019\/06\/mette-nadja-hansen-und-johannes-von-ballestrem-eine-jazz-hommage-an-die-geliebte-clara\/#breadcrumb","itemListElement":[{"@type":"ListItem","position":1,"name":"Startseite","item":"https:\/\/www.jazzzeitung.de\/cms\/"},{"@type":"ListItem","position":2,"name":"Mette Nadja Hansen und Johannes von Ballestrem \u2013 Eine Jazz-Hommage an die \u201eGeliebte Clara\u201c"}]},{"@type":"WebSite","@id":"https:\/\/www.jazzzeitung.de\/cms\/#website","url":"https:\/\/www.jazzzeitung.de\/cms\/","name":"JazzZeitung","description":"Jazz-News und Jazz-Kontroverses","publisher":{"@id":"https:\/\/www.jazzzeitung.de\/cms\/#organization"},"potentialAction":[{"@type":"SearchAction","target":{"@type":"EntryPoint","urlTemplate":"https:\/\/www.jazzzeitung.de\/cms\/?s={search_term_string}"},"query-input":{"@type":"PropertyValueSpecification","valueRequired":true,"valueName":"search_term_string"}}],"inLanguage":"de"},{"@type":"Organization","@id":"https:\/\/www.jazzzeitung.de\/cms\/#organization","name":"JazzZeitung online","url":"https:\/\/www.jazzzeitung.de\/cms\/","logo":{"@type":"ImageObject","inLanguage":"de","@id":"https:\/\/www.jazzzeitung.de\/cms\/#\/schema\/logo\/image\/","url":"https:\/\/i0.wp.com\/www.jazzzeitung.de\/cms\/wp-content\/uploads\/2015\/08\/JAZZZEITUNGDE_Logo_Neu.png?fit=499%2C200&ssl=1","contentUrl":"https:\/\/i0.wp.com\/www.jazzzeitung.de\/cms\/wp-content\/uploads\/2015\/08\/JAZZZEITUNGDE_Logo_Neu.png?fit=499%2C200&ssl=1","width":499,"height":200,"caption":"JazzZeitung online"},"image":{"@id":"https:\/\/www.jazzzeitung.de\/cms\/#\/schema\/logo\/image\/"},"sameAs":["https:\/\/www.facebook.com\/JazzZeitung\/"]},{"@type":"Person","@id":"https:\/\/www.jazzzeitung.de\/cms\/#\/schema\/person\/a941cf62428669aa5b4fd4eb3987fb4d","name":"Dietrich Schlegel","image":{"@type":"ImageObject","inLanguage":"de","@id":"https:\/\/secure.gravatar.com\/avatar\/e938c38abcc922f84a62590fcf2c0d9f11f0d60a3ac8c596c252ecf526534c96?s=96&d=wp_user_avatar&r=g15648080ba2b7ef593e7120aa356c369","url":"https:\/\/secure.gravatar.com\/avatar\/e938c38abcc922f84a62590fcf2c0d9f11f0d60a3ac8c596c252ecf526534c96?s=96&d=wp_user_avatar&r=g","contentUrl":"https:\/\/secure.gravatar.com\/avatar\/e938c38abcc922f84a62590fcf2c0d9f11f0d60a3ac8c596c252ecf526534c96?s=96&d=wp_user_avatar&r=g","caption":"Dietrich Schlegel"},"url":"https:\/\/www.jazzzeitung.de\/cms\/author\/schlegel\/"}]}},"wp-worthy-pixel":{"ignored":false,"public":null,"server":null,"url":null},"wp-worthy-type":"normal","jetpack_publicize_connections":[],"cc_featured_image_caption":{"caption_text":"","source_text":"","source_url":""},"jetpack_featured_media_url":"https:\/\/i0.wp.com\/www.jazzzeitung.de\/cms\/wp-content\/uploads\/2019\/06\/DSC_1026.jpg?fit=5504%2C3096&ssl=1","jetpack_shortlink":"https:\/\/wp.me\/p3KEcT-59G","jetpack-related-posts":[{"id":3923,"url":"https:\/\/www.jazzzeitung.de\/cms\/2014\/05\/fast-ohne-e-massive-schraege-im-a-trane-fotos-und-bericht\/","url_meta":{"origin":19820,"position":0},"title":"Fast ohne \u201ee\u201c \u2013 \u201eMassive Schr\u00e4ge\u201c im A-Trane (Fotos und Bericht)","author":"Huflaikhan","date":"24. Mai 2014","format":false,"excerpt":"Die Schl\u00e4fer sind unter uns und wir selbst sind es, die da schlafen. \u201eMassive Schr\u00e4ge\u201c sind unsere Wecker und unsere musikalischen Tages- und Nachtbegleiter: Johannes von Ballestrem \u2013 p, rhodes, Florian Fleischer \u2013 git und Johannes Ziemann \u2013 dm. Gefunden haben sich die drei \u00fcbrigens in der Stadt, die f\u00fcr\u2026","rel":"","context":"In &quot;Blog&quot;","block_context":{"text":"Blog","link":"https:\/\/www.jazzzeitung.de\/cms\/thema\/blog\/"},"img":{"alt_text":"Massive Schr\u00e4ge im A-Trane. Foto: Petra Basche","src":"https:\/\/i0.wp.com\/www.jazzzeitung.de\/cms\/wp-content\/uploads\/2014\/05\/massive_schraege_c_Petra_Basche_013.jpg?fit=1199%2C800&ssl=1&resize=350%2C200","width":350,"height":200,"srcset":"https:\/\/i0.wp.com\/www.jazzzeitung.de\/cms\/wp-content\/uploads\/2014\/05\/massive_schraege_c_Petra_Basche_013.jpg?fit=1199%2C800&ssl=1&resize=350%2C200 1x, https:\/\/i0.wp.com\/www.jazzzeitung.de\/cms\/wp-content\/uploads\/2014\/05\/massive_schraege_c_Petra_Basche_013.jpg?fit=1199%2C800&ssl=1&resize=525%2C300 1.5x, https:\/\/i0.wp.com\/www.jazzzeitung.de\/cms\/wp-content\/uploads\/2014\/05\/massive_schraege_c_Petra_Basche_013.jpg?fit=1199%2C800&ssl=1&resize=700%2C400 2x, https:\/\/i0.wp.com\/www.jazzzeitung.de\/cms\/wp-content\/uploads\/2014\/05\/massive_schraege_c_Petra_Basche_013.jpg?fit=1199%2C800&ssl=1&resize=1050%2C600 3x"},"classes":[]},{"id":12386,"url":"https:\/\/www.jazzzeitung.de\/cms\/2017\/05\/elegant-kraftvoll-komplex-und-leicht-sun-dew-neue-nachbarn-berlin\/","url_meta":{"origin":19820,"position":1},"title":"Elegant, kraftvoll, komplex und leicht: Sun Dew @ Neue Nachbarn (Berlin)","author":"Huflaikhan","date":"14. Mai 2017","format":false,"excerpt":"Vor einem Jahr gingen \u201eSun Dew\u201c (das Sextett um die Violinistin H\u00e9lo\u00efse Lefebvre und den Gitarristen Paul Audoynaud) in Paris ins Aufnahmestudio von Laborie Jazz und spielten an mehreren Tagen 9 St\u00fccke ein. Die CD ist nun gepresst und feierte ihre Ver\u00f6ffentlichung im Paris Berlins: in einer Neuk\u00f6llner Seitenstra\u00dfe. \u201eNeue\u2026","rel":"","context":"In &quot;Bericht&quot;","block_context":{"text":"Bericht","link":"https:\/\/www.jazzzeitung.de\/cms\/thema\/bericht\/"},"img":{"alt_text":"Sun Dew @ Neue Nachbarn (Berlin). Foto: Petra Basche","src":"https:\/\/i0.wp.com\/www.jazzzeitung.de\/cms\/wp-content\/uploads\/2017\/05\/SunDew_c_pepa_basche_220606.jpg?fit=1200%2C801&ssl=1&resize=350%2C200","width":350,"height":200,"srcset":"https:\/\/i0.wp.com\/www.jazzzeitung.de\/cms\/wp-content\/uploads\/2017\/05\/SunDew_c_pepa_basche_220606.jpg?fit=1200%2C801&ssl=1&resize=350%2C200 1x, https:\/\/i0.wp.com\/www.jazzzeitung.de\/cms\/wp-content\/uploads\/2017\/05\/SunDew_c_pepa_basche_220606.jpg?fit=1200%2C801&ssl=1&resize=525%2C300 1.5x, https:\/\/i0.wp.com\/www.jazzzeitung.de\/cms\/wp-content\/uploads\/2017\/05\/SunDew_c_pepa_basche_220606.jpg?fit=1200%2C801&ssl=1&resize=700%2C400 2x, https:\/\/i0.wp.com\/www.jazzzeitung.de\/cms\/wp-content\/uploads\/2017\/05\/SunDew_c_pepa_basche_220606.jpg?fit=1200%2C801&ssl=1&resize=1050%2C600 3x"},"classes":[]},{"id":18933,"url":"https:\/\/www.jazzzeitung.de\/cms\/2019\/03\/news-joy-life-love-in-graz-sheila-jordan-mit-studierenden-der-kunstuniversitaet-10-jubilaeum-fuer-zettbe-das-magazin-nun-neu-40-internationales-jazzfestival-saalfelden\/","url_meta":{"origin":19820,"position":2},"title":"+++ News: +++ \u201eJoy \u2013 Life \u2013 Love\u201c in Graz: Sheila Jordan mit Studierenden der Kunstuniversit\u00e4t +++ 10. Jubil\u00e4um f\u00fcr Zettbe, das Magazin nun: \u201eNeu\u201c +++ 40. Internationales Jazzfestival Saalfelden +++","author":"Redaktion JazzZeitung","date":"14. M\u00e4rz 2019","format":false,"excerpt":"Artist in Residence: Joy \u2013 Life \u2013 Love an der KUG mit Sheila Jordan in Graz Erneut begr\u00fc\u00dft das Institut f\u00fcr Jazz der Kunstuniversit\u00e4t das KUG-Ehrenmitglied Sheila Jordan als Artist in Residence in Graz. Neben ihren Workshops mit den KUG-Studentinnen und Studenten ist die amerikanische Jazzgr\u00f6\u00dfe am 25. M\u00e4rz Sheila\u2026","rel":"","context":"In &quot;News&quot;","block_context":{"text":"News","link":"https:\/\/www.jazzzeitung.de\/cms\/thema\/nachrichten\/"},"img":{"alt_text":"","src":"https:\/\/i0.wp.com\/www.jazzzeitung.de\/cms\/wp-content\/uploads\/2019\/03\/BeitragsbildKUGJazz_SheilaJordan_JohannesGellner.jpg?fit=1200%2C800&ssl=1&resize=350%2C200","width":350,"height":200,"srcset":"https:\/\/i0.wp.com\/www.jazzzeitung.de\/cms\/wp-content\/uploads\/2019\/03\/BeitragsbildKUGJazz_SheilaJordan_JohannesGellner.jpg?fit=1200%2C800&ssl=1&resize=350%2C200 1x, https:\/\/i0.wp.com\/www.jazzzeitung.de\/cms\/wp-content\/uploads\/2019\/03\/BeitragsbildKUGJazz_SheilaJordan_JohannesGellner.jpg?fit=1200%2C800&ssl=1&resize=525%2C300 1.5x, https:\/\/i0.wp.com\/www.jazzzeitung.de\/cms\/wp-content\/uploads\/2019\/03\/BeitragsbildKUGJazz_SheilaJordan_JohannesGellner.jpg?fit=1200%2C800&ssl=1&resize=700%2C400 2x, https:\/\/i0.wp.com\/www.jazzzeitung.de\/cms\/wp-content\/uploads\/2019\/03\/BeitragsbildKUGJazz_SheilaJordan_JohannesGellner.jpg?fit=1200%2C800&ssl=1&resize=1050%2C600 3x"},"classes":[]},{"id":3117,"url":"https:\/\/www.jazzzeitung.de\/cms\/2013\/12\/auf-der-suche-nach-neuen-talenten-probespiele-des-bundesjazzorchesters-vom-6-bis-9-januar-bonn\/","url_meta":{"origin":19820,"position":3},"title":"Auf der Suche nach neuen Talenten &#8211; Probespiele des Bundesjazzorchesters vom 6. bis 9. Januar in Bonn","author":"Redaktion JazzZeitung","date":"11. Dezember 2013","format":false,"excerpt":"Das Bundesjazzorchester, das offizielle Jugendjazzorchester der Bundesrepublik Deutschland, sucht Nachwuchs. Vom 6. bis 9. Januar finden in Bonn Probespiele des Orchesters statt. Als Veranstaltungsort konnte das Ernst-Moritz-Arndt-Gymnasium in Bonn gewonnen werden, wo im Jahr 1988 das Bundesjazzorchester seinen ersten \u00f6ffentlichen Auftritt hatte. S\u00e4mtliche Bigband-Instrumente \u2013 Trompeten, Posaunen, Saxophone und Rhythmusgruppe\u2026","rel":"","context":"In &quot;News&quot;","block_context":{"text":"News","link":"https:\/\/www.jazzzeitung.de\/cms\/thema\/nachrichten\/"},"img":{"alt_text":"Foto: Jan Karow","src":"https:\/\/i0.wp.com\/www.jazzzeitung.de\/cms\/wp-content\/uploads\/2013\/12\/Bundesjazzorchester_mit_John_Ruocco_c_Jan_Karow-150x150.jpg?resize=350%2C200","width":350,"height":200},"classes":[]},{"id":30048,"url":"https:\/\/www.jazzzeitung.de\/cms\/2023\/09\/news-konzerte-ingrid-arthur-in-oberthulba-michael-wollny-in-bonn\/","url_meta":{"origin":19820,"position":4},"title":"+++ news +++ Konzerte +++ Ingrid Arthur in Oberthulba +++ Michael Wollny in Bonn +++","author":"Redaktion JazzZeitung","date":"20. September 2023","format":false,"excerpt":"+++ Ingrid Arthur auf der Piano-B\u00fchne in Oberthulba +++ Die in Gainesville, Georgia (USA) geborene Ingrid Arthur ist eine der m\u00e4chtigsten Stimmen in der Geschichte der Musik. Sie ist nicht nur eine wunderbare S\u00e4ngerin, sie ist die G\u00f6ttin des Souls mit ihrem reichhaltigen und traditionellem Gospel Hintergrund mit dem Einfluss\u2026","rel":"","context":"In &quot;News&quot;","block_context":{"text":"News","link":"https:\/\/www.jazzzeitung.de\/cms\/thema\/nachrichten\/"},"img":{"alt_text":"","src":"https:\/\/i0.wp.com\/www.jazzzeitung.de\/cms\/wp-content\/uploads\/2023\/09\/IMG_8997-scaled.jpg?fit=1200%2C800&ssl=1&resize=350%2C200","width":350,"height":200,"srcset":"https:\/\/i0.wp.com\/www.jazzzeitung.de\/cms\/wp-content\/uploads\/2023\/09\/IMG_8997-scaled.jpg?fit=1200%2C800&ssl=1&resize=350%2C200 1x, https:\/\/i0.wp.com\/www.jazzzeitung.de\/cms\/wp-content\/uploads\/2023\/09\/IMG_8997-scaled.jpg?fit=1200%2C800&ssl=1&resize=525%2C300 1.5x, https:\/\/i0.wp.com\/www.jazzzeitung.de\/cms\/wp-content\/uploads\/2023\/09\/IMG_8997-scaled.jpg?fit=1200%2C800&ssl=1&resize=700%2C400 2x, https:\/\/i0.wp.com\/www.jazzzeitung.de\/cms\/wp-content\/uploads\/2023\/09\/IMG_8997-scaled.jpg?fit=1200%2C800&ssl=1&resize=1050%2C600 3x"},"classes":[]},{"id":14542,"url":"https:\/\/www.jazzzeitung.de\/cms\/2017\/12\/bujazzo-211-bewerberinnen-und-bewerber-neuer-rekord\/","url_meta":{"origin":19820,"position":5},"title":"BuJazzO: 211 Bewerberinnen und Bewerber &#8211; neuer Rekord!","author":"Redaktion JazzZeitung","date":"13. Dezember 2017","format":false,"excerpt":"Das Bundesjazzorchester, das offizielle Jugendjazzorchester der Bundesrepublik Deutschland, sucht turnusgem\u00e4\u00df wieder Nachwuchs. Vom 3. bis 6. Januar 2018 finden in Bonn Probespiele des Orchesters statt. S\u00e4mtliche Bigband-Instrumente \u2013 Trompeten, Posaunen, Saxofone und Rhythmusgruppe \u2013 und das BuJazzO-Vokalensemble werden 2018 neu besetzt. Im Bundesjazzorchester gibt es alle zwei Jahre eine automatische\u2026","rel":"","context":"In &quot;News&quot;","block_context":{"text":"News","link":"https:\/\/www.jazzzeitung.de\/cms\/thema\/nachrichten\/"},"img":{"alt_text":"BuJazzO 25. Foto: Hufner","src":"https:\/\/i0.wp.com\/www.jazzzeitung.de\/cms\/wp-content\/uploads\/2017\/12\/bujazzo-hufi-2103.jpg?fit=1200%2C512&ssl=1&resize=350%2C200","width":350,"height":200,"srcset":"https:\/\/i0.wp.com\/www.jazzzeitung.de\/cms\/wp-content\/uploads\/2017\/12\/bujazzo-hufi-2103.jpg?fit=1200%2C512&ssl=1&resize=350%2C200 1x, https:\/\/i0.wp.com\/www.jazzzeitung.de\/cms\/wp-content\/uploads\/2017\/12\/bujazzo-hufi-2103.jpg?fit=1200%2C512&ssl=1&resize=525%2C300 1.5x, https:\/\/i0.wp.com\/www.jazzzeitung.de\/cms\/wp-content\/uploads\/2017\/12\/bujazzo-hufi-2103.jpg?fit=1200%2C512&ssl=1&resize=700%2C400 2x, https:\/\/i0.wp.com\/www.jazzzeitung.de\/cms\/wp-content\/uploads\/2017\/12\/bujazzo-hufi-2103.jpg?fit=1200%2C512&ssl=1&resize=1050%2C600 3x"},"classes":[]}],"jetpack_sharing_enabled":true,"_links":{"self":[{"href":"https:\/\/www.jazzzeitung.de\/cms\/wp-json\/wp\/v2\/posts\/19820","targetHints":{"allow":["GET"]}}],"collection":[{"href":"https:\/\/www.jazzzeitung.de\/cms\/wp-json\/wp\/v2\/posts"}],"about":[{"href":"https:\/\/www.jazzzeitung.de\/cms\/wp-json\/wp\/v2\/types\/post"}],"author":[{"embeddable":true,"href":"https:\/\/www.jazzzeitung.de\/cms\/wp-json\/wp\/v2\/users\/28"}],"replies":[{"embeddable":true,"href":"https:\/\/www.jazzzeitung.de\/cms\/wp-json\/wp\/v2\/comments?post=19820"}],"version-history":[{"count":2,"href":"https:\/\/www.jazzzeitung.de\/cms\/wp-json\/wp\/v2\/posts\/19820\/revisions"}],"predecessor-version":[{"id":19828,"href":"https:\/\/www.jazzzeitung.de\/cms\/wp-json\/wp\/v2\/posts\/19820\/revisions\/19828"}],"wp:featuredmedia":[{"embeddable":true,"href":"https:\/\/www.jazzzeitung.de\/cms\/wp-json\/wp\/v2\/media\/19823"}],"wp:attachment":[{"href":"https:\/\/www.jazzzeitung.de\/cms\/wp-json\/wp\/v2\/media?parent=19820"}],"wp:term":[{"taxonomy":"category","embeddable":true,"href":"https:\/\/www.jazzzeitung.de\/cms\/wp-json\/wp\/v2\/categories?post=19820"},{"taxonomy":"post_tag","embeddable":true,"href":"https:\/\/www.jazzzeitung.de\/cms\/wp-json\/wp\/v2\/tags?post=19820"},{"taxonomy":"author","embeddable":true,"href":"https:\/\/www.jazzzeitung.de\/cms\/wp-json\/wp\/v2\/coauthors?post=19820"}],"curies":[{"name":"wp","href":"https:\/\/api.w.org\/{rel}","templated":true}]}}