{"id":19727,"date":"2019-06-11T11:30:25","date_gmt":"2019-06-11T09:30:25","guid":{"rendered":"https:\/\/www.jazzzeitung.de\/cms\/?p=19727"},"modified":"2019-06-11T11:10:01","modified_gmt":"2019-06-11T09:10:01","slug":"highlights-der-jazz-fabrik-ruesselsheim-hessisches-jazzpodium-erstmals-zu-gast","status":"publish","type":"post","link":"https:\/\/www.jazzzeitung.de\/cms\/2019\/06\/highlights-der-jazz-fabrik-ruesselsheim-hessisches-jazzpodium-erstmals-zu-gast\/","title":{"rendered":"Highlights der Jazz-Fabrik R\u00fcsselsheim \u2013 Hessisches Jazzpodium erstmals zu Gast"},"content":{"rendered":"<p class=\"Flieszlig\">Die Jazz-Fabrik R\u00fcsselsheim hat ihr Programm f\u00fcr den Herbst und Winter 2019\/20 ver\u00f6ffentlicht. Neben dem Hessischen Jazzpodium im November sorgen die Netzwerkpartner der Jazz-Fabrik erneut f\u00fcr ein abwechslungsreiches Programm in R\u00fcsselsheim.<\/p>\n<p class=\"Flieszlig\">Vom 5. bis 10. November findet in diesem Herbst erstmalig das Hessische Jazzpodium in R\u00fcsselsheim statt. Neben dem Jazz-Gitarristen Michael Sagmeister werden auch viele lokale Jazzgr\u00f6\u00dfen auf der B\u00fchne stehen. Er\u00f6ffnet wird das Jazzpodium mit Max Andrzejewski\u2019s H\u00fctte und den R\u00fcsselsheimjazz Allstars, die am Dienstag, 5. November einen Abend im Kulturzentrum \u201edas Rind\u201c gestalten. Mit dabei sind: Kira Linn und Fabian Dudek (Saxofon), Nico Hering (Klavier), Athina Kontou (Bass) sowie Dieter Arnold (Schlagzeug). Die IKS Big Band, in der R\u00fcsselsheimer Jazzszene nicht wegzudenken und Talentschmiede f\u00fcr den ein oder anderen Berufsmusiker in R\u00fcsselsheim, wird am Donnerstag, 7. November mit Kulturpreistr\u00e4ger Stephan V\u00f6lker die gemeinsame CD \u201eBruders gro\u00dfe Reise\u201c pr\u00e4sentieren.<\/p>\n<figure id=\"attachment_19729\" aria-describedby=\"caption-attachment-19729\" style=\"width: 300px\" class=\"wp-caption alignleft\"><a href=\"https:\/\/i0.wp.com\/www.jazzzeitung.de\/cms\/wp-content\/uploads\/2019\/06\/Michael-Sagmeister_Foto_FGN-Guitars.jpg?ssl=1\"><img data-recalc-dims=\"1\" loading=\"lazy\" decoding=\"async\" data-attachment-id=\"19729\" data-permalink=\"https:\/\/www.jazzzeitung.de\/cms\/2019\/06\/highlights-der-jazz-fabrik-ruesselsheim-hessisches-jazzpodium-erstmals-zu-gast\/michael-sagmeister_foto_fgn-guitars\/\" data-orig-file=\"https:\/\/i0.wp.com\/www.jazzzeitung.de\/cms\/wp-content\/uploads\/2019\/06\/Michael-Sagmeister_Foto_FGN-Guitars.jpg?fit=3944%2C3744&amp;ssl=1\" data-orig-size=\"3944,3744\" data-comments-opened=\"1\" data-image-meta=\"{&quot;aperture&quot;:&quot;6.3&quot;,&quot;credit&quot;:&quot;&quot;,&quot;camera&quot;:&quot;Canon EOS 5D Mark II&quot;,&quot;caption&quot;:&quot;&quot;,&quot;created_timestamp&quot;:&quot;1461845764&quot;,&quot;copyright&quot;:&quot;&quot;,&quot;focal_length&quot;:&quot;35&quot;,&quot;iso&quot;:&quot;200&quot;,&quot;shutter_speed&quot;:&quot;0.01&quot;,&quot;title&quot;:&quot;&quot;,&quot;orientation&quot;:&quot;1&quot;}\" data-image-title=\"\" data-image-description=\"\" data-image-caption=\"&lt;p&gt;Michael Sagmeister. Foto: FGN Guitars&lt;\/p&gt;\n\" data-large-file=\"https:\/\/i0.wp.com\/www.jazzzeitung.de\/cms\/wp-content\/uploads\/2019\/06\/Michael-Sagmeister_Foto_FGN-Guitars.jpg?fit=632%2C600&amp;ssl=1\" class=\"size-medium wp-image-19729\" src=\"https:\/\/i0.wp.com\/www.jazzzeitung.de\/cms\/wp-content\/uploads\/2019\/06\/Michael-Sagmeister_Foto_FGN-Guitars.jpg?resize=300%2C285&#038;ssl=1\" alt=\"\" width=\"300\" height=\"285\" srcset=\"https:\/\/i0.wp.com\/www.jazzzeitung.de\/cms\/wp-content\/uploads\/2019\/06\/Michael-Sagmeister_Foto_FGN-Guitars.jpg?resize=300%2C285&amp;ssl=1 300w, https:\/\/i0.wp.com\/www.jazzzeitung.de\/cms\/wp-content\/uploads\/2019\/06\/Michael-Sagmeister_Foto_FGN-Guitars.jpg?resize=768%2C729&amp;ssl=1 768w, https:\/\/i0.wp.com\/www.jazzzeitung.de\/cms\/wp-content\/uploads\/2019\/06\/Michael-Sagmeister_Foto_FGN-Guitars.jpg?resize=632%2C600&amp;ssl=1 632w, https:\/\/i0.wp.com\/www.jazzzeitung.de\/cms\/wp-content\/uploads\/2019\/06\/Michael-Sagmeister_Foto_FGN-Guitars.jpg?resize=1320%2C1253&amp;ssl=1 1320w, https:\/\/i0.wp.com\/www.jazzzeitung.de\/cms\/wp-content\/uploads\/2019\/06\/Michael-Sagmeister_Foto_FGN-Guitars.jpg?w=1680&amp;ssl=1 1680w, https:\/\/i0.wp.com\/www.jazzzeitung.de\/cms\/wp-content\/uploads\/2019\/06\/Michael-Sagmeister_Foto_FGN-Guitars.jpg?w=2520&amp;ssl=1 2520w\" sizes=\"auto, (max-width: 300px) 100vw, 300px\" \/><\/a><figcaption id=\"caption-attachment-19729\" class=\"wp-caption-text\">Michael Sagmeister. Foto: FGN Guitars<\/figcaption><\/figure>\n<p class=\"Flieszlig\">Freitag, den 8. November sollten sich alle Fans des virtuosen Gitarristen und \u201eBotschafter des Jazz\u201c, Michael Sagmeister, im Kalender rot anstreichen: Der Frankfurter Gitarrist erh\u00e4lt in diesem Jahr den Hessischen Jazzpreis. Das Preistr\u00e4gerkonzert im Rahmen des Hessischen Jazzpodiums findet auf der Hinterb\u00fchne des Theater R\u00fcsselsheim statt. Der Preis wird j\u00e4hrlich durch das Hessische Ministerium f\u00fcr Wissenschaft und Kunst verliehen und ist mit einem Preisgeld in H\u00f6he von 10.000 Euro dotiert. Seinen Abschluss findet das Podium schlie\u00dflich mit einer spannungsreichen Darbietung des Ensembles \u201eOliver Leicht [Acht.]\u201c am Sonntag, 10.\u00a0November im\u00a0 Kulturzentrum \u201edas Rind\u201c.<\/p>\n<p>&nbsp;<\/p>\n<p class=\"Zwischenuuml\"><strong>Weitere Highlights der Jazz-Fabrik<\/strong><\/p>\n<p class=\"Flieszlig\">In der Wohnst\u00e4tte Inselhof lassen am Sonntag, 23. Juni, im Rahmen von Kultur im Sommer, das Swing Size Orchestra feat. Ralf Hesse &amp; Jeanine Du Plessis Musik von Count Basie, Duke Ellington und Ralf Hesse erklingen. Das Jazzcaf\u00e9 im Kulturzentrum \u201edas Rind\u201c pr\u00e4sentiert \u201eLinntett\u201c, das Sextett der Baritonsaxophonistin Kira Linn, am Sonntag, 29. September. Im Theater R\u00fcsselsheim werden am Mittwoch, 16. Oktober, im Rahmen der Gro\u00dfen Reihe der Jazz-Fabrik David Murray, Ingebrigt H\u00e5ker Flaten und Paal Nilssen-Love auf der B\u00fchne stehen. Mit einem Mix aus Soul und Rhythm &amp; Blues mit einer Prise Chicago Blues werden B.B. &amp; The Blues Shacks am Samstag, 2. November beim Konzert des Dorflinde R\u00fcsselsheimer Folk- und Jazzclubs im Festungskeller f\u00fcr Stimmung sorgen.<\/p>\n<figure id=\"attachment_19728\" aria-describedby=\"caption-attachment-19728\" style=\"width: 200px\" class=\"wp-caption alignleft\"><a href=\"https:\/\/i0.wp.com\/www.jazzzeitung.de\/cms\/wp-content\/uploads\/2019\/06\/Kurt-Elling_Foto_Anna-Webber.jpg?ssl=1\"><img data-recalc-dims=\"1\" loading=\"lazy\" decoding=\"async\" data-attachment-id=\"19728\" data-permalink=\"https:\/\/www.jazzzeitung.de\/cms\/2019\/06\/highlights-der-jazz-fabrik-ruesselsheim-hessisches-jazzpodium-erstmals-zu-gast\/kurt-elling_foto_anna-webber\/\" data-orig-file=\"https:\/\/i0.wp.com\/www.jazzzeitung.de\/cms\/wp-content\/uploads\/2019\/06\/Kurt-Elling_Foto_Anna-Webber.jpg?fit=4313%2C6469&amp;ssl=1\" data-orig-size=\"4313,6469\" data-comments-opened=\"1\" data-image-meta=\"{&quot;aperture&quot;:&quot;4.5&quot;,&quot;credit&quot;:&quot;ANNA WEBBER&quot;,&quot;camera&quot;:&quot;Canon EOS 5D Mark IV&quot;,&quot;caption&quot;:&quot;&quot;,&quot;created_timestamp&quot;:&quot;1508157786&quot;,&quot;copyright&quot;:&quot;www.annawebber.com&quot;,&quot;focal_length&quot;:&quot;70&quot;,&quot;iso&quot;:&quot;640&quot;,&quot;shutter_speed&quot;:&quot;0.003125&quot;,&quot;title&quot;:&quot;&quot;,&quot;orientation&quot;:&quot;0&quot;}\" data-image-title=\"\" data-image-description=\"\" data-image-caption=\"&lt;p&gt;Kurt Elling. Foto: Anna Webber&lt;\/p&gt;\n\" data-large-file=\"https:\/\/i0.wp.com\/www.jazzzeitung.de\/cms\/wp-content\/uploads\/2019\/06\/Kurt-Elling_Foto_Anna-Webber.jpg?fit=400%2C600&amp;ssl=1\" class=\"size-medium wp-image-19728\" src=\"https:\/\/i0.wp.com\/www.jazzzeitung.de\/cms\/wp-content\/uploads\/2019\/06\/Kurt-Elling_Foto_Anna-Webber.jpg?resize=200%2C300&#038;ssl=1\" alt=\"\" width=\"200\" height=\"300\" srcset=\"https:\/\/i0.wp.com\/www.jazzzeitung.de\/cms\/wp-content\/uploads\/2019\/06\/Kurt-Elling_Foto_Anna-Webber.jpg?resize=200%2C300&amp;ssl=1 200w, https:\/\/i0.wp.com\/www.jazzzeitung.de\/cms\/wp-content\/uploads\/2019\/06\/Kurt-Elling_Foto_Anna-Webber.jpg?resize=768%2C1152&amp;ssl=1 768w, https:\/\/i0.wp.com\/www.jazzzeitung.de\/cms\/wp-content\/uploads\/2019\/06\/Kurt-Elling_Foto_Anna-Webber.jpg?resize=400%2C600&amp;ssl=1 400w, https:\/\/i0.wp.com\/www.jazzzeitung.de\/cms\/wp-content\/uploads\/2019\/06\/Kurt-Elling_Foto_Anna-Webber.jpg?resize=1320%2C1980&amp;ssl=1 1320w, https:\/\/i0.wp.com\/www.jazzzeitung.de\/cms\/wp-content\/uploads\/2019\/06\/Kurt-Elling_Foto_Anna-Webber.jpg?w=1680&amp;ssl=1 1680w, https:\/\/i0.wp.com\/www.jazzzeitung.de\/cms\/wp-content\/uploads\/2019\/06\/Kurt-Elling_Foto_Anna-Webber.jpg?w=2520&amp;ssl=1 2520w\" sizes=\"auto, (max-width: 200px) 100vw, 200px\" \/><\/a><figcaption id=\"caption-attachment-19728\" class=\"wp-caption-text\">Kurt Elling. Foto: Anna Webber<\/figcaption><\/figure>\n<p class=\"Flieszlig\">Jazz-Freunde d\u00fcrfen sich in dieser Saison auf noch mehr Besonderheiten freuen: Kurt Elling, der als einer der herausragenden S\u00e4nger unserer Zeit gehandelt wird, stattet dem Rhein-Main-Gebiet einen Besuch ab. Der Jazzs\u00e4nger aus Chicago wird am Donnerstag, 12. Dezember mit seinem Weihnachtskonzert \u201eThe Beautiful Day \u2013 Kurt Elling Sings Christmas\u201c im Gro\u00dfen Haus des Theater R\u00fcsselsheim f\u00fcr eine sinnliche Atmosph\u00e4re sorgen. Auch leidenschaftliche Swing-Fans d\u00fcrfen sich freuen: Die IKS Big Band bringt am Samstag, 15. Februar 2020 das Publikum in Schwingungen. Die Formation aus 25 Musikerinnen und Musikern aus R\u00fcsselsheim begeistert mit ihrer Show \u201eSwinging &amp; Dancing\u201c auf der Hinterb\u00fchne des Theater R\u00fcsselsheim.<\/p>\n<p class=\"Flieszlig\">In R\u00fcsselsheim wird Jazz gro\u00df geschrieben \u2013 das beweist ein Netzwerk aus Institutionen, die sich dem Jazz verschrieben haben: Bereits seit 22 Jahren besteht die Kooperation zwischen Kultur123 Stadt R\u00fcsselsheim, dem Folk- und Jazzclub \u201eDorflinde\u201c, dem Kulturzentrum \u201edas Rind\u201c, dem IKS Jazz e. V. und der Reihe \u201eJazz im Inselhof\u201c. Karin Kr\u00f6mer, Leitung Kultur &amp; Theater bei Kultur123 Stadt R\u00fcsselsheim, erz\u00e4hlt von der langen Jazz-Tradition: \u201eDie Jazz-Fabrik R\u00fcsselsheim entstand durch die intensive Zusammenarbeit mit den verschiedenen Akteurinnen, Akteuren und Locations hier in R\u00fcsselsheim, denen Jazzmusik am Herzen liegt. F\u00fcr uns ist die Jazz-Fabrik ein nicht mehr wegzudenkendes Netzwerk. Gemeinsam tragen wir den Jazz nach R\u00fcsselsheim und in die Welt. Deshalb haben wir die lokale Jazz-Szene in die Ausgestaltung des Hessischen Jazzpodiums eingebunden.\u201c Das Konzert von Kurt Elling und das Jazzpodium werden vom Hessischen Ministerium f\u00fcr Wissenschaft und Kunst gef\u00f6rdert.<\/p>\n<p class=\"Flieszlig\">Weitere Informationen zum Programm und zum Vorverkauf stehen ab 13. Juni auf <a href=\"https:\/\/kultur123ruesselsheim.de\/\">www.kultur123ruesselsheim.de<\/a> zur Verf\u00fcgung.<\/p>\n<p><strong>Beitragsbild: David Murray. Foto: Fabrice Monteiro<\/strong><\/p>\n","protected":false},"excerpt":{"rendered":"<p>Die Jazz-Fabrik R\u00fcsselsheim hat ihr Programm f\u00fcr den Herbst und Winter 2019\/20 ver\u00f6ffentlicht. Neben dem Hessischen Jazzpodium im November sorgen die Netzwerkpartner der Jazz-Fabrik erneut f\u00fcr ein abwechslungsreiches Programm in R\u00fcsselsheim. Vom 5. bis 10. November findet in diesem Herbst erstmalig das Hessische Jazzpodium in R\u00fcsselsheim statt. Neben dem Jazz-Gitarristen Michael Sagmeister werden auch viele lokale Jazzgr\u00f6\u00dfen auf der B\u00fchne stehen. Er\u00f6ffnet wird das Jazzpodium mit Max Andrzejewski\u2019s H\u00fctte und den R\u00fcsselsheimjazz Allstars, die am Dienstag, 5. November einen Abend im Kulturzentrum \u201edas Rind\u201c gestalten. Mit dabei sind: Kira Linn und Fabian Dudek (Saxofon), Nico Hering (Klavier), Athina Kontou (Bass) sowie Dieter Arnold (Schlagzeug). Die IKS Big Band, in der R\u00fcsselsheimer Jazzszene nicht wegzudenken und Talentschmiede f\u00fcr den ein oder anderen Berufsmusiker in R\u00fcsselsheim, wird am Donnerstag, 7. November mit Kulturpreistr\u00e4ger Stephan V\u00f6lker die gemeinsame CD \u201eBruders gro\u00dfe Reise\u201c pr\u00e4sentieren. Freitag, den 8. November sollten sich alle Fans des virtuosen Gitarristen und \u201eBotschafter des Jazz\u201c, Michael Sagmeister, im Kalender rot anstreichen: Der Frankfurter Gitarrist erh\u00e4lt in diesem Jahr den Hessischen Jazzpreis. Das Preistr\u00e4gerkonzert im Rahmen des Hessischen Jazzpodiums findet auf der Hinterb\u00fchne des Theater R\u00fcsselsheim &hellip;<\/p>\n","protected":false},"author":18,"featured_media":19731,"comment_status":"open","ping_status":"closed","sticky":false,"template":"","format":"standard","meta":{"_jetpack_memberships_contains_paid_content":false,"footnotes":"","jetpack_publicize_message":"","jetpack_publicize_feature_enabled":true,"jetpack_social_post_already_shared":false,"jetpack_social_options":{"image_generator_settings":{"template":"highway","default_image_id":0,"font":"","enabled":false},"version":2}},"categories":[633],"tags":[2524,2517,2520,2525,2518,336,2523,2519,2521,2526,2522],"coauthors":[695],"class_list":["post-19727","post","type-post","status-publish","format-standard","has-post-thumbnail","hentry","category-nachrichten","tag-david-murray","tag-hessisches-jazzpodium","tag-iks-big-band","tag-ingebrigt-haker-flaten","tag-jazz-fabrik-ruesselsheim","tag-kurt-elling","tag-lintett","tag-max-andrzejewskis-huette","tag-michael-sagmeister","tag-paal-nilssen-love","tag-swing-size-orchestra-feat-ralf-hesse-jeanine-du-plessis"],"yoast_head":"<!-- This site is optimized with the Yoast SEO plugin v27.5 - https:\/\/yoast.com\/product\/yoast-seo-wordpress\/ -->\n<title>Highlights der Jazz-Fabrik R\u00fcsselsheim \u2013 Hessisches Jazzpodium erstmals zu Gast - JazzZeitung<\/title>\n<meta name=\"robots\" content=\"index, follow, max-snippet:-1, max-image-preview:large, max-video-preview:-1\" \/>\n<link rel=\"canonical\" href=\"https:\/\/www.jazzzeitung.de\/cms\/2019\/06\/highlights-der-jazz-fabrik-ruesselsheim-hessisches-jazzpodium-erstmals-zu-gast\/\" \/>\n<meta property=\"og:locale\" content=\"de_DE\" \/>\n<meta property=\"og:type\" content=\"article\" \/>\n<meta property=\"og:title\" content=\"Highlights der Jazz-Fabrik R\u00fcsselsheim \u2013 Hessisches Jazzpodium erstmals zu Gast - JazzZeitung\" \/>\n<meta property=\"og:description\" content=\"Die Jazz-Fabrik R\u00fcsselsheim hat ihr Programm f\u00fcr den Herbst und Winter 2019\/20 ver\u00f6ffentlicht. Neben dem Hessischen Jazzpodium im November sorgen die Netzwerkpartner der Jazz-Fabrik erneut f\u00fcr ein abwechslungsreiches Programm in R\u00fcsselsheim. Vom 5. bis 10. November findet in diesem Herbst erstmalig das Hessische Jazzpodium in R\u00fcsselsheim statt. Neben dem Jazz-Gitarristen Michael Sagmeister werden auch viele lokale Jazzgr\u00f6\u00dfen auf der B\u00fchne stehen. Er\u00f6ffnet wird das Jazzpodium mit Max Andrzejewski\u2019s H\u00fctte und den R\u00fcsselsheimjazz Allstars, die am Dienstag, 5. November einen Abend im Kulturzentrum \u201edas Rind\u201c gestalten. Mit dabei sind: Kira Linn und Fabian Dudek (Saxofon), Nico Hering (Klavier), Athina Kontou (Bass) sowie Dieter Arnold (Schlagzeug). Die IKS Big Band, in der R\u00fcsselsheimer Jazzszene nicht wegzudenken und Talentschmiede f\u00fcr den ein oder anderen Berufsmusiker in R\u00fcsselsheim, wird am Donnerstag, 7. November mit Kulturpreistr\u00e4ger Stephan V\u00f6lker die gemeinsame CD \u201eBruders gro\u00dfe Reise\u201c pr\u00e4sentieren. Freitag, den 8. November sollten sich alle Fans des virtuosen Gitarristen und \u201eBotschafter des Jazz\u201c, Michael Sagmeister, im Kalender rot anstreichen: Der Frankfurter Gitarrist erh\u00e4lt in diesem Jahr den Hessischen Jazzpreis. Das Preistr\u00e4gerkonzert im Rahmen des Hessischen Jazzpodiums findet auf der Hinterb\u00fchne des Theater R\u00fcsselsheim &hellip;\" \/>\n<meta property=\"og:url\" content=\"https:\/\/www.jazzzeitung.de\/cms\/2019\/06\/highlights-der-jazz-fabrik-ruesselsheim-hessisches-jazzpodium-erstmals-zu-gast\/\" \/>\n<meta property=\"og:site_name\" content=\"JazzZeitung\" \/>\n<meta property=\"article:publisher\" content=\"https:\/\/www.facebook.com\/JazzZeitung\/\" \/>\n<meta property=\"article:published_time\" content=\"2019-06-11T09:30:25+00:00\" \/>\n<meta property=\"og:image\" content=\"https:\/\/www.jazzzeitung.de\/cms\/wp-content\/uploads\/2019\/06\/David_Murray_1_\u00a9Fabrice_Monteiro-900x600.jpg\" \/>\n\t<meta property=\"og:image:width\" content=\"900\" \/>\n\t<meta property=\"og:image:height\" content=\"600\" \/>\n\t<meta property=\"og:image:type\" content=\"image\/jpeg\" \/>\n<meta name=\"author\" content=\"Redaktion JazzZeitung\" \/>\n<script type=\"application\/ld+json\" class=\"yoast-schema-graph\">{\"@context\":\"https:\\\/\\\/schema.org\",\"@graph\":[{\"@type\":\"Article\",\"@id\":\"https:\\\/\\\/www.jazzzeitung.de\\\/cms\\\/2019\\\/06\\\/highlights-der-jazz-fabrik-ruesselsheim-hessisches-jazzpodium-erstmals-zu-gast\\\/#article\",\"isPartOf\":{\"@id\":\"https:\\\/\\\/www.jazzzeitung.de\\\/cms\\\/2019\\\/06\\\/highlights-der-jazz-fabrik-ruesselsheim-hessisches-jazzpodium-erstmals-zu-gast\\\/\"},\"author\":{\"name\":\"Redaktion JazzZeitung\",\"@id\":\"https:\\\/\\\/www.jazzzeitung.de\\\/cms\\\/#\\\/schema\\\/person\\\/2245b36b9cd1d24cea10f01c031fb92b\"},\"headline\":\"Highlights der Jazz-Fabrik R\u00fcsselsheim \u2013 Hessisches Jazzpodium erstmals zu Gast\",\"datePublished\":\"2019-06-11T09:30:25+00:00\",\"mainEntityOfPage\":{\"@id\":\"https:\\\/\\\/www.jazzzeitung.de\\\/cms\\\/2019\\\/06\\\/highlights-der-jazz-fabrik-ruesselsheim-hessisches-jazzpodium-erstmals-zu-gast\\\/\"},\"wordCount\":694,\"commentCount\":0,\"publisher\":{\"@id\":\"https:\\\/\\\/www.jazzzeitung.de\\\/cms\\\/#organization\"},\"image\":{\"@id\":\"https:\\\/\\\/www.jazzzeitung.de\\\/cms\\\/2019\\\/06\\\/highlights-der-jazz-fabrik-ruesselsheim-hessisches-jazzpodium-erstmals-zu-gast\\\/#primaryimage\"},\"thumbnailUrl\":\"https:\\\/\\\/i0.wp.com\\\/www.jazzzeitung.de\\\/cms\\\/wp-content\\\/uploads\\\/2019\\\/06\\\/David_Murray_1_%C2%A9Fabrice_Monteiro.jpg?fit=3982%2C2650&ssl=1\",\"keywords\":[\"David Murray\",\"Hessisches Jazzpodium\",\"IKS Big Band\",\"Ingebrigt H\u00e5ker Flaten\",\"Jazz-Fabrik R\u00fcsselsheim\",\"Kurt Elling\",\"Lintett\",\"Max Andrzejewski\u2019s H\u00fctte\",\"Michael Sagmeister\",\"Paal Nilssen-Love\",\"Swing Size Orchestra feat. Ralf Hesse &amp; Jeanine Du Plessis\"],\"articleSection\":[\"News\"],\"inLanguage\":\"de\",\"potentialAction\":[{\"@type\":\"CommentAction\",\"name\":\"Comment\",\"target\":[\"https:\\\/\\\/www.jazzzeitung.de\\\/cms\\\/2019\\\/06\\\/highlights-der-jazz-fabrik-ruesselsheim-hessisches-jazzpodium-erstmals-zu-gast\\\/#respond\"]}]},{\"@type\":\"WebPage\",\"@id\":\"https:\\\/\\\/www.jazzzeitung.de\\\/cms\\\/2019\\\/06\\\/highlights-der-jazz-fabrik-ruesselsheim-hessisches-jazzpodium-erstmals-zu-gast\\\/\",\"url\":\"https:\\\/\\\/www.jazzzeitung.de\\\/cms\\\/2019\\\/06\\\/highlights-der-jazz-fabrik-ruesselsheim-hessisches-jazzpodium-erstmals-zu-gast\\\/\",\"name\":\"Highlights der Jazz-Fabrik R\u00fcsselsheim \u2013 Hessisches Jazzpodium erstmals zu Gast - JazzZeitung\",\"isPartOf\":{\"@id\":\"https:\\\/\\\/www.jazzzeitung.de\\\/cms\\\/#website\"},\"primaryImageOfPage\":{\"@id\":\"https:\\\/\\\/www.jazzzeitung.de\\\/cms\\\/2019\\\/06\\\/highlights-der-jazz-fabrik-ruesselsheim-hessisches-jazzpodium-erstmals-zu-gast\\\/#primaryimage\"},\"image\":{\"@id\":\"https:\\\/\\\/www.jazzzeitung.de\\\/cms\\\/2019\\\/06\\\/highlights-der-jazz-fabrik-ruesselsheim-hessisches-jazzpodium-erstmals-zu-gast\\\/#primaryimage\"},\"thumbnailUrl\":\"https:\\\/\\\/i0.wp.com\\\/www.jazzzeitung.de\\\/cms\\\/wp-content\\\/uploads\\\/2019\\\/06\\\/David_Murray_1_%C2%A9Fabrice_Monteiro.jpg?fit=3982%2C2650&ssl=1\",\"datePublished\":\"2019-06-11T09:30:25+00:00\",\"breadcrumb\":{\"@id\":\"https:\\\/\\\/www.jazzzeitung.de\\\/cms\\\/2019\\\/06\\\/highlights-der-jazz-fabrik-ruesselsheim-hessisches-jazzpodium-erstmals-zu-gast\\\/#breadcrumb\"},\"inLanguage\":\"de\",\"potentialAction\":[{\"@type\":\"ReadAction\",\"target\":[\"https:\\\/\\\/www.jazzzeitung.de\\\/cms\\\/2019\\\/06\\\/highlights-der-jazz-fabrik-ruesselsheim-hessisches-jazzpodium-erstmals-zu-gast\\\/\"]}]},{\"@type\":\"ImageObject\",\"inLanguage\":\"de\",\"@id\":\"https:\\\/\\\/www.jazzzeitung.de\\\/cms\\\/2019\\\/06\\\/highlights-der-jazz-fabrik-ruesselsheim-hessisches-jazzpodium-erstmals-zu-gast\\\/#primaryimage\",\"url\":\"https:\\\/\\\/i0.wp.com\\\/www.jazzzeitung.de\\\/cms\\\/wp-content\\\/uploads\\\/2019\\\/06\\\/David_Murray_1_%C2%A9Fabrice_Monteiro.jpg?fit=3982%2C2650&ssl=1\",\"contentUrl\":\"https:\\\/\\\/i0.wp.com\\\/www.jazzzeitung.de\\\/cms\\\/wp-content\\\/uploads\\\/2019\\\/06\\\/David_Murray_1_%C2%A9Fabrice_Monteiro.jpg?fit=3982%2C2650&ssl=1\",\"width\":3982,\"height\":2650},{\"@type\":\"BreadcrumbList\",\"@id\":\"https:\\\/\\\/www.jazzzeitung.de\\\/cms\\\/2019\\\/06\\\/highlights-der-jazz-fabrik-ruesselsheim-hessisches-jazzpodium-erstmals-zu-gast\\\/#breadcrumb\",\"itemListElement\":[{\"@type\":\"ListItem\",\"position\":1,\"name\":\"Startseite\",\"item\":\"https:\\\/\\\/www.jazzzeitung.de\\\/cms\\\/\"},{\"@type\":\"ListItem\",\"position\":2,\"name\":\"Highlights der Jazz-Fabrik R\u00fcsselsheim \u2013 Hessisches Jazzpodium erstmals zu Gast\"}]},{\"@type\":\"WebSite\",\"@id\":\"https:\\\/\\\/www.jazzzeitung.de\\\/cms\\\/#website\",\"url\":\"https:\\\/\\\/www.jazzzeitung.de\\\/cms\\\/\",\"name\":\"JazzZeitung\",\"description\":\"Jazz-News und Jazz-Kontroverses\",\"publisher\":{\"@id\":\"https:\\\/\\\/www.jazzzeitung.de\\\/cms\\\/#organization\"},\"potentialAction\":[{\"@type\":\"SearchAction\",\"target\":{\"@type\":\"EntryPoint\",\"urlTemplate\":\"https:\\\/\\\/www.jazzzeitung.de\\\/cms\\\/?s={search_term_string}\"},\"query-input\":{\"@type\":\"PropertyValueSpecification\",\"valueRequired\":true,\"valueName\":\"search_term_string\"}}],\"inLanguage\":\"de\"},{\"@type\":\"Organization\",\"@id\":\"https:\\\/\\\/www.jazzzeitung.de\\\/cms\\\/#organization\",\"name\":\"JazzZeitung online\",\"url\":\"https:\\\/\\\/www.jazzzeitung.de\\\/cms\\\/\",\"logo\":{\"@type\":\"ImageObject\",\"inLanguage\":\"de\",\"@id\":\"https:\\\/\\\/www.jazzzeitung.de\\\/cms\\\/#\\\/schema\\\/logo\\\/image\\\/\",\"url\":\"https:\\\/\\\/i0.wp.com\\\/www.jazzzeitung.de\\\/cms\\\/wp-content\\\/uploads\\\/2015\\\/08\\\/JAZZZEITUNGDE_Logo_Neu.png?fit=499%2C200&ssl=1\",\"contentUrl\":\"https:\\\/\\\/i0.wp.com\\\/www.jazzzeitung.de\\\/cms\\\/wp-content\\\/uploads\\\/2015\\\/08\\\/JAZZZEITUNGDE_Logo_Neu.png?fit=499%2C200&ssl=1\",\"width\":499,\"height\":200,\"caption\":\"JazzZeitung online\"},\"image\":{\"@id\":\"https:\\\/\\\/www.jazzzeitung.de\\\/cms\\\/#\\\/schema\\\/logo\\\/image\\\/\"},\"sameAs\":[\"https:\\\/\\\/www.facebook.com\\\/JazzZeitung\\\/\"]},{\"@type\":\"Person\",\"@id\":\"https:\\\/\\\/www.jazzzeitung.de\\\/cms\\\/#\\\/schema\\\/person\\\/2245b36b9cd1d24cea10f01c031fb92b\",\"name\":\"Redaktion JazzZeitung\",\"image\":{\"@type\":\"ImageObject\",\"inLanguage\":\"de\",\"@id\":\"https:\\\/\\\/i0.wp.com\\\/www.jazzzeitung.de\\\/cms\\\/wp-content\\\/uploads\\\/2015\\\/08\\\/JAZZZEITUNGDE_Logo_Neu.png?resize=96%2C96&ssl=159975dcacb611b5700bd619b5daf0a7a\",\"url\":\"https:\\\/\\\/i0.wp.com\\\/www.jazzzeitung.de\\\/cms\\\/wp-content\\\/uploads\\\/2015\\\/08\\\/JAZZZEITUNGDE_Logo_Neu.png?resize=96%2C96&ssl=1\",\"contentUrl\":\"https:\\\/\\\/i0.wp.com\\\/www.jazzzeitung.de\\\/cms\\\/wp-content\\\/uploads\\\/2015\\\/08\\\/JAZZZEITUNGDE_Logo_Neu.png?resize=96%2C96&ssl=1\",\"caption\":\"Redaktion JazzZeitung\"},\"description\":\"Artikel der Redaktion der JazzZeitung.\",\"sameAs\":[\"http:\\\/\\\/www.jazzzeitung.de\\\/cms\\\/\"],\"url\":\"https:\\\/\\\/www.jazzzeitung.de\\\/cms\\\/author\\\/redaktion\\\/\"}]}<\/script>\n<!-- \/ Yoast SEO plugin. -->","yoast_head_json":{"title":"Highlights der Jazz-Fabrik R\u00fcsselsheim \u2013 Hessisches Jazzpodium erstmals zu Gast - JazzZeitung","robots":{"index":"index","follow":"follow","max-snippet":"max-snippet:-1","max-image-preview":"max-image-preview:large","max-video-preview":"max-video-preview:-1"},"canonical":"https:\/\/www.jazzzeitung.de\/cms\/2019\/06\/highlights-der-jazz-fabrik-ruesselsheim-hessisches-jazzpodium-erstmals-zu-gast\/","og_locale":"de_DE","og_type":"article","og_title":"Highlights der Jazz-Fabrik R\u00fcsselsheim \u2013 Hessisches Jazzpodium erstmals zu Gast - JazzZeitung","og_description":"Die Jazz-Fabrik R\u00fcsselsheim hat ihr Programm f\u00fcr den Herbst und Winter 2019\/20 ver\u00f6ffentlicht. Neben dem Hessischen Jazzpodium im November sorgen die Netzwerkpartner der Jazz-Fabrik erneut f\u00fcr ein abwechslungsreiches Programm in R\u00fcsselsheim. Vom 5. bis 10. November findet in diesem Herbst erstmalig das Hessische Jazzpodium in R\u00fcsselsheim statt. Neben dem Jazz-Gitarristen Michael Sagmeister werden auch viele lokale Jazzgr\u00f6\u00dfen auf der B\u00fchne stehen. Er\u00f6ffnet wird das Jazzpodium mit Max Andrzejewski\u2019s H\u00fctte und den R\u00fcsselsheimjazz Allstars, die am Dienstag, 5. November einen Abend im Kulturzentrum \u201edas Rind\u201c gestalten. Mit dabei sind: Kira Linn und Fabian Dudek (Saxofon), Nico Hering (Klavier), Athina Kontou (Bass) sowie Dieter Arnold (Schlagzeug). Die IKS Big Band, in der R\u00fcsselsheimer Jazzszene nicht wegzudenken und Talentschmiede f\u00fcr den ein oder anderen Berufsmusiker in R\u00fcsselsheim, wird am Donnerstag, 7. November mit Kulturpreistr\u00e4ger Stephan V\u00f6lker die gemeinsame CD \u201eBruders gro\u00dfe Reise\u201c pr\u00e4sentieren. Freitag, den 8. November sollten sich alle Fans des virtuosen Gitarristen und \u201eBotschafter des Jazz\u201c, Michael Sagmeister, im Kalender rot anstreichen: Der Frankfurter Gitarrist erh\u00e4lt in diesem Jahr den Hessischen Jazzpreis. Das Preistr\u00e4gerkonzert im Rahmen des Hessischen Jazzpodiums findet auf der Hinterb\u00fchne des Theater R\u00fcsselsheim &hellip;","og_url":"https:\/\/www.jazzzeitung.de\/cms\/2019\/06\/highlights-der-jazz-fabrik-ruesselsheim-hessisches-jazzpodium-erstmals-zu-gast\/","og_site_name":"JazzZeitung","article_publisher":"https:\/\/www.facebook.com\/JazzZeitung\/","article_published_time":"2019-06-11T09:30:25+00:00","og_image":[{"width":900,"height":600,"url":"https:\/\/www.jazzzeitung.de\/cms\/wp-content\/uploads\/2019\/06\/David_Murray_1_\u00a9Fabrice_Monteiro-900x600.jpg","type":"image\/jpeg"}],"author":"Redaktion JazzZeitung","schema":{"@context":"https:\/\/schema.org","@graph":[{"@type":"Article","@id":"https:\/\/www.jazzzeitung.de\/cms\/2019\/06\/highlights-der-jazz-fabrik-ruesselsheim-hessisches-jazzpodium-erstmals-zu-gast\/#article","isPartOf":{"@id":"https:\/\/www.jazzzeitung.de\/cms\/2019\/06\/highlights-der-jazz-fabrik-ruesselsheim-hessisches-jazzpodium-erstmals-zu-gast\/"},"author":{"name":"Redaktion JazzZeitung","@id":"https:\/\/www.jazzzeitung.de\/cms\/#\/schema\/person\/2245b36b9cd1d24cea10f01c031fb92b"},"headline":"Highlights der Jazz-Fabrik R\u00fcsselsheim \u2013 Hessisches Jazzpodium erstmals zu Gast","datePublished":"2019-06-11T09:30:25+00:00","mainEntityOfPage":{"@id":"https:\/\/www.jazzzeitung.de\/cms\/2019\/06\/highlights-der-jazz-fabrik-ruesselsheim-hessisches-jazzpodium-erstmals-zu-gast\/"},"wordCount":694,"commentCount":0,"publisher":{"@id":"https:\/\/www.jazzzeitung.de\/cms\/#organization"},"image":{"@id":"https:\/\/www.jazzzeitung.de\/cms\/2019\/06\/highlights-der-jazz-fabrik-ruesselsheim-hessisches-jazzpodium-erstmals-zu-gast\/#primaryimage"},"thumbnailUrl":"https:\/\/i0.wp.com\/www.jazzzeitung.de\/cms\/wp-content\/uploads\/2019\/06\/David_Murray_1_%C2%A9Fabrice_Monteiro.jpg?fit=3982%2C2650&ssl=1","keywords":["David Murray","Hessisches Jazzpodium","IKS Big Band","Ingebrigt H\u00e5ker Flaten","Jazz-Fabrik R\u00fcsselsheim","Kurt Elling","Lintett","Max Andrzejewski\u2019s H\u00fctte","Michael Sagmeister","Paal Nilssen-Love","Swing Size Orchestra feat. Ralf Hesse &amp; Jeanine Du Plessis"],"articleSection":["News"],"inLanguage":"de","potentialAction":[{"@type":"CommentAction","name":"Comment","target":["https:\/\/www.jazzzeitung.de\/cms\/2019\/06\/highlights-der-jazz-fabrik-ruesselsheim-hessisches-jazzpodium-erstmals-zu-gast\/#respond"]}]},{"@type":"WebPage","@id":"https:\/\/www.jazzzeitung.de\/cms\/2019\/06\/highlights-der-jazz-fabrik-ruesselsheim-hessisches-jazzpodium-erstmals-zu-gast\/","url":"https:\/\/www.jazzzeitung.de\/cms\/2019\/06\/highlights-der-jazz-fabrik-ruesselsheim-hessisches-jazzpodium-erstmals-zu-gast\/","name":"Highlights der Jazz-Fabrik R\u00fcsselsheim \u2013 Hessisches Jazzpodium erstmals zu Gast - JazzZeitung","isPartOf":{"@id":"https:\/\/www.jazzzeitung.de\/cms\/#website"},"primaryImageOfPage":{"@id":"https:\/\/www.jazzzeitung.de\/cms\/2019\/06\/highlights-der-jazz-fabrik-ruesselsheim-hessisches-jazzpodium-erstmals-zu-gast\/#primaryimage"},"image":{"@id":"https:\/\/www.jazzzeitung.de\/cms\/2019\/06\/highlights-der-jazz-fabrik-ruesselsheim-hessisches-jazzpodium-erstmals-zu-gast\/#primaryimage"},"thumbnailUrl":"https:\/\/i0.wp.com\/www.jazzzeitung.de\/cms\/wp-content\/uploads\/2019\/06\/David_Murray_1_%C2%A9Fabrice_Monteiro.jpg?fit=3982%2C2650&ssl=1","datePublished":"2019-06-11T09:30:25+00:00","breadcrumb":{"@id":"https:\/\/www.jazzzeitung.de\/cms\/2019\/06\/highlights-der-jazz-fabrik-ruesselsheim-hessisches-jazzpodium-erstmals-zu-gast\/#breadcrumb"},"inLanguage":"de","potentialAction":[{"@type":"ReadAction","target":["https:\/\/www.jazzzeitung.de\/cms\/2019\/06\/highlights-der-jazz-fabrik-ruesselsheim-hessisches-jazzpodium-erstmals-zu-gast\/"]}]},{"@type":"ImageObject","inLanguage":"de","@id":"https:\/\/www.jazzzeitung.de\/cms\/2019\/06\/highlights-der-jazz-fabrik-ruesselsheim-hessisches-jazzpodium-erstmals-zu-gast\/#primaryimage","url":"https:\/\/i0.wp.com\/www.jazzzeitung.de\/cms\/wp-content\/uploads\/2019\/06\/David_Murray_1_%C2%A9Fabrice_Monteiro.jpg?fit=3982%2C2650&ssl=1","contentUrl":"https:\/\/i0.wp.com\/www.jazzzeitung.de\/cms\/wp-content\/uploads\/2019\/06\/David_Murray_1_%C2%A9Fabrice_Monteiro.jpg?fit=3982%2C2650&ssl=1","width":3982,"height":2650},{"@type":"BreadcrumbList","@id":"https:\/\/www.jazzzeitung.de\/cms\/2019\/06\/highlights-der-jazz-fabrik-ruesselsheim-hessisches-jazzpodium-erstmals-zu-gast\/#breadcrumb","itemListElement":[{"@type":"ListItem","position":1,"name":"Startseite","item":"https:\/\/www.jazzzeitung.de\/cms\/"},{"@type":"ListItem","position":2,"name":"Highlights der Jazz-Fabrik R\u00fcsselsheim \u2013 Hessisches Jazzpodium erstmals zu Gast"}]},{"@type":"WebSite","@id":"https:\/\/www.jazzzeitung.de\/cms\/#website","url":"https:\/\/www.jazzzeitung.de\/cms\/","name":"JazzZeitung","description":"Jazz-News und Jazz-Kontroverses","publisher":{"@id":"https:\/\/www.jazzzeitung.de\/cms\/#organization"},"potentialAction":[{"@type":"SearchAction","target":{"@type":"EntryPoint","urlTemplate":"https:\/\/www.jazzzeitung.de\/cms\/?s={search_term_string}"},"query-input":{"@type":"PropertyValueSpecification","valueRequired":true,"valueName":"search_term_string"}}],"inLanguage":"de"},{"@type":"Organization","@id":"https:\/\/www.jazzzeitung.de\/cms\/#organization","name":"JazzZeitung online","url":"https:\/\/www.jazzzeitung.de\/cms\/","logo":{"@type":"ImageObject","inLanguage":"de","@id":"https:\/\/www.jazzzeitung.de\/cms\/#\/schema\/logo\/image\/","url":"https:\/\/i0.wp.com\/www.jazzzeitung.de\/cms\/wp-content\/uploads\/2015\/08\/JAZZZEITUNGDE_Logo_Neu.png?fit=499%2C200&ssl=1","contentUrl":"https:\/\/i0.wp.com\/www.jazzzeitung.de\/cms\/wp-content\/uploads\/2015\/08\/JAZZZEITUNGDE_Logo_Neu.png?fit=499%2C200&ssl=1","width":499,"height":200,"caption":"JazzZeitung online"},"image":{"@id":"https:\/\/www.jazzzeitung.de\/cms\/#\/schema\/logo\/image\/"},"sameAs":["https:\/\/www.facebook.com\/JazzZeitung\/"]},{"@type":"Person","@id":"https:\/\/www.jazzzeitung.de\/cms\/#\/schema\/person\/2245b36b9cd1d24cea10f01c031fb92b","name":"Redaktion JazzZeitung","image":{"@type":"ImageObject","inLanguage":"de","@id":"https:\/\/i0.wp.com\/www.jazzzeitung.de\/cms\/wp-content\/uploads\/2015\/08\/JAZZZEITUNGDE_Logo_Neu.png?resize=96%2C96&ssl=159975dcacb611b5700bd619b5daf0a7a","url":"https:\/\/i0.wp.com\/www.jazzzeitung.de\/cms\/wp-content\/uploads\/2015\/08\/JAZZZEITUNGDE_Logo_Neu.png?resize=96%2C96&ssl=1","contentUrl":"https:\/\/i0.wp.com\/www.jazzzeitung.de\/cms\/wp-content\/uploads\/2015\/08\/JAZZZEITUNGDE_Logo_Neu.png?resize=96%2C96&ssl=1","caption":"Redaktion JazzZeitung"},"description":"Artikel der Redaktion der JazzZeitung.","sameAs":["http:\/\/www.jazzzeitung.de\/cms\/"],"url":"https:\/\/www.jazzzeitung.de\/cms\/author\/redaktion\/"}]}},"wp-worthy-pixel":{"ignored":false,"public":null,"server":null,"url":null},"wp-worthy-type":"normal","jetpack_publicize_connections":[],"cc_featured_image_caption":{"caption_text":"","source_text":"","source_url":""},"jetpack_featured_media_url":"https:\/\/i0.wp.com\/www.jazzzeitung.de\/cms\/wp-content\/uploads\/2019\/06\/David_Murray_1_%C2%A9Fabrice_Monteiro.jpg?fit=3982%2C2650&ssl=1","jetpack_shortlink":"https:\/\/wp.me\/p3KEcT-58b","jetpack-related-posts":[{"id":33182,"url":"https:\/\/www.jazzzeitung.de\/cms\/2025\/10\/news-germeringer-konzertreihe-jazz-it-geht-in-ihr-20-jahrkonzertfinale-des-jungen-muenchner-jazzpreises-202527-huerther-jazznacht-gitarrennacht-mit-fuenf-formationen25-jahre-jazz\/","url_meta":{"origin":19727,"position":0},"title":"News: +++ Jazzarise startet in Ansbach +++ Germeringer Konzertreihe &#8222;Jazz It!&#8220; geht in ihr 20. Jahr +++ Konzertfinale des Jungen M\u00fcnchner Jazzpreises 2025 +++ 27. H\u00fcrther Jazznacht: Gitarrennacht mit f\u00fcnf Formationen +++ 25 Jahre Jazz-Fabrik R\u00fcsselsheim mit Maceo Parker +++","author":"Andreas Kolb","date":"10. Oktober 2025","format":false,"excerpt":"+++ Jazzarise startet in Ansbach +++ Jazz zum Mitmachen, Erleben und Genie\u00dfen Jazzarise, das reisende Festival des Referats Jazz im Bayerischen Musikrat, kommt diesen Herbst nach Ansbach. Dort soll Jazz langfristig als fester Bestandteil der Kulturszene ausgebaut werden \u2013 in enger Zusammenarbeit mit der Stadt Ansbach und Akteuren vor Ort.\u2026","rel":"","context":"In &quot;News&quot;","block_context":{"text":"News","link":"https:\/\/www.jazzzeitung.de\/cms\/thema\/nachrichten\/"},"img":{"alt_text":"","src":"https:\/\/i0.wp.com\/www.jazzzeitung.de\/cms\/wp-content\/uploads\/2025\/10\/JKL-13-scaled.jpg?fit=800%2C1200&ssl=1&resize=350%2C200","width":350,"height":200,"srcset":"https:\/\/i0.wp.com\/www.jazzzeitung.de\/cms\/wp-content\/uploads\/2025\/10\/JKL-13-scaled.jpg?fit=800%2C1200&ssl=1&resize=350%2C200 1x, https:\/\/i0.wp.com\/www.jazzzeitung.de\/cms\/wp-content\/uploads\/2025\/10\/JKL-13-scaled.jpg?fit=800%2C1200&ssl=1&resize=525%2C300 1.5x, https:\/\/i0.wp.com\/www.jazzzeitung.de\/cms\/wp-content\/uploads\/2025\/10\/JKL-13-scaled.jpg?fit=800%2C1200&ssl=1&resize=700%2C400 2x"},"classes":[]},{"id":26435,"url":"https:\/\/www.jazzzeitung.de\/cms\/2021\/12\/klaus-graf-wird-neuer-kuenstlerischer-leiter-beim-ljjo-baden-wuerttemberg-25-jahre-jazz-fabrik-ruesselsheim-15-neuer-deutscher-jazzpreis-koeln-vergibt-foerderstipendien\/","url_meta":{"origin":19727,"position":1},"title":"+++ Klaus Graf wird neuer k\u00fcnstlerischer Leiter beim LJJO Baden-W\u00fcrttemberg+++ 25 Jahre Jazz-Fabrik R\u00fcsselsheim+++ 15. Neuer Deutscher Jazzpreis+++ K\u00f6ln vergibt F\u00f6rderstipendien +++","author":"Redaktion JazzZeitung","date":"21. Dezember 2021","format":false,"excerpt":"Klaus Graf wird neuer k\u00fcnstlerischer Leiter beim Landesjugendjazzorchester Baden-W\u00fcrttemberg Der Arbeitskreis des LMR-Pr\u00e4sidiums entschied sich f\u00fcr den Dirigenten Klaus Graf als neuen k\u00fcnstlerischen Leiter des Landesjugendjazzorchesters Baden-W\u00fcrttemberg. Als ehemaliges Mitglied des LaJazzO und Mitglied der SWR-Bigband, sowie als Co-Dirigent des bisherigen Leiters Rainer Tempel qualifizierte sich Klaus Graf f\u00fcr diesen\u2026","rel":"","context":"In &quot;News&quot;","block_context":{"text":"News","link":"https:\/\/www.jazzzeitung.de\/cms\/thema\/nachrichten\/"},"img":{"alt_text":"","src":"https:\/\/i0.wp.com\/www.jazzzeitung.de\/cms\/wp-content\/uploads\/2021\/12\/Prof.KlausGraf-scaled-e1639994178473.jpg?fit=1200%2C1050&ssl=1&resize=350%2C200","width":350,"height":200,"srcset":"https:\/\/i0.wp.com\/www.jazzzeitung.de\/cms\/wp-content\/uploads\/2021\/12\/Prof.KlausGraf-scaled-e1639994178473.jpg?fit=1200%2C1050&ssl=1&resize=350%2C200 1x, https:\/\/i0.wp.com\/www.jazzzeitung.de\/cms\/wp-content\/uploads\/2021\/12\/Prof.KlausGraf-scaled-e1639994178473.jpg?fit=1200%2C1050&ssl=1&resize=525%2C300 1.5x, https:\/\/i0.wp.com\/www.jazzzeitung.de\/cms\/wp-content\/uploads\/2021\/12\/Prof.KlausGraf-scaled-e1639994178473.jpg?fit=1200%2C1050&ssl=1&resize=700%2C400 2x, https:\/\/i0.wp.com\/www.jazzzeitung.de\/cms\/wp-content\/uploads\/2021\/12\/Prof.KlausGraf-scaled-e1639994178473.jpg?fit=1200%2C1050&ssl=1&resize=1050%2C600 3x"},"classes":[]},{"id":30980,"url":"https:\/\/www.jazzzeitung.de\/cms\/2024\/05\/news-foerderpreis-des-bayerischen-jazzverbands-vergeben-mount-meander-in-der-jazzfabrik-ruesselsheim-hfmdk-jazzfest-in-frankfurt\/","url_meta":{"origin":19727,"position":2},"title":"News: +++F\u00f6rderpreis des Bayerischen Jazzverbands vergeben+++ Mount Meander in der Jazzfabrik R\u00fcsselsheim +++ HfMDK Jazzfest  in Frankfurt+++","author":"Redaktion JazzZeitung","date":"3. Mai 2024","format":false,"excerpt":"F\u00f6rderpeis des Bayerischen Jazzverbands 2024 auf dem Kemptener Jazz Fr\u00fchling vergeben Am Mittwoch den 1.5.2024 wurde zum bereits zehnten Mal der F\u00f6rderpreis des Bayerischen Jazzverband vergeben. Der begehrte Preis, eine Tournee durch Bayerische Jazzclubs und Festivals, geht in diesem Jahr an Olga Dudkova mit ihrer Band. Vier Bands werden jedes\u2026","rel":"","context":"In &quot;News&quot;","block_context":{"text":"News","link":"https:\/\/www.jazzzeitung.de\/cms\/thema\/nachrichten\/"},"img":{"alt_text":"","src":"https:\/\/i0.wp.com\/www.jazzzeitung.de\/cms\/wp-content\/uploads\/2024\/05\/BayJV-Forderpreis-24_Olga-Dudkova-Band-Karl-Jena.jpg?fit=1200%2C801&ssl=1&resize=350%2C200","width":350,"height":200,"srcset":"https:\/\/i0.wp.com\/www.jazzzeitung.de\/cms\/wp-content\/uploads\/2024\/05\/BayJV-Forderpreis-24_Olga-Dudkova-Band-Karl-Jena.jpg?fit=1200%2C801&ssl=1&resize=350%2C200 1x, https:\/\/i0.wp.com\/www.jazzzeitung.de\/cms\/wp-content\/uploads\/2024\/05\/BayJV-Forderpreis-24_Olga-Dudkova-Band-Karl-Jena.jpg?fit=1200%2C801&ssl=1&resize=525%2C300 1.5x, https:\/\/i0.wp.com\/www.jazzzeitung.de\/cms\/wp-content\/uploads\/2024\/05\/BayJV-Forderpreis-24_Olga-Dudkova-Band-Karl-Jena.jpg?fit=1200%2C801&ssl=1&resize=700%2C400 2x, https:\/\/i0.wp.com\/www.jazzzeitung.de\/cms\/wp-content\/uploads\/2024\/05\/BayJV-Forderpreis-24_Olga-Dudkova-Band-Karl-Jena.jpg?fit=1200%2C801&ssl=1&resize=1050%2C600 3x"},"classes":[]},{"id":23287,"url":"https:\/\/www.jazzzeitung.de\/cms\/2020\/09\/newskonzerte-im-bixfabrik-sessions-jazz-open-special\/","url_meta":{"origin":19727,"position":3},"title":"+++News:+++Konzerte im BIX+++Fabrik Sessions: Jazz Open Special+++","author":"Redaktion JazzZeitung","date":"1. September 2020","format":false,"excerpt":"Die Konzerte der Woche im BIX KW 36\/2020 Peter Lehel mit neuem Quartett Nach einer kurzen Sommerpause finden am kommenden Wochenende im BIX Jazzclub in Stuttgart wieder zwei\u00a0 Konzerte im Rahmen des F\u00f6rderprogramms \u201eKultur im Sommer 2020\u201c statt: Nach 20 Jahren des klassischen Peter Lehel Quartets, tritt der Saxophonist und\u2026","rel":"","context":"In &quot;News&quot;","block_context":{"text":"News","link":"https:\/\/www.jazzzeitung.de\/cms\/thema\/nachrichten\/"},"img":{"alt_text":"","src":"https:\/\/i0.wp.com\/www.jazzzeitung.de\/cms\/wp-content\/uploads\/2020\/08\/2020_09_03_Peter-LehelcFelix-Schurr-scaled-e1598883276111.jpeg?fit=1200%2C853&ssl=1&resize=350%2C200","width":350,"height":200,"srcset":"https:\/\/i0.wp.com\/www.jazzzeitung.de\/cms\/wp-content\/uploads\/2020\/08\/2020_09_03_Peter-LehelcFelix-Schurr-scaled-e1598883276111.jpeg?fit=1200%2C853&ssl=1&resize=350%2C200 1x, https:\/\/i0.wp.com\/www.jazzzeitung.de\/cms\/wp-content\/uploads\/2020\/08\/2020_09_03_Peter-LehelcFelix-Schurr-scaled-e1598883276111.jpeg?fit=1200%2C853&ssl=1&resize=525%2C300 1.5x, https:\/\/i0.wp.com\/www.jazzzeitung.de\/cms\/wp-content\/uploads\/2020\/08\/2020_09_03_Peter-LehelcFelix-Schurr-scaled-e1598883276111.jpeg?fit=1200%2C853&ssl=1&resize=700%2C400 2x, https:\/\/i0.wp.com\/www.jazzzeitung.de\/cms\/wp-content\/uploads\/2020\/08\/2020_09_03_Peter-LehelcFelix-Schurr-scaled-e1598883276111.jpeg?fit=1200%2C853&ssl=1&resize=1050%2C600 3x"},"classes":[]},{"id":27174,"url":"https:\/\/www.jazzzeitung.de\/cms\/2022\/04\/start-einer-grandiosen-cd-serie-live-at-fabrik\/","url_meta":{"origin":19727,"position":4},"title":"Start einer grandiosen CD Serie: Live at Fabrik","author":"Thomas J. Krebs","date":"23. April 2022","format":false,"excerpt":"(Fotos, auch Beitragsbild: Thomas J. Krebs) Vor ein paar Jahren startete das Jazzline Label bereits eine CD Reihe \u201eAt Onkel P\u00f6's Carnegie Hall \/ Hamburg\u201c mit Livemitschnitten von Chet Baker, Dizzy Gillespie, Dave Liebman oder den Brecker Brothers, die der NDR seinerzeit aufgenommen hat. Nun ist der Startschuss f\u00fcr \u201eLive\u2026","rel":"","context":"In &quot;Rezension&quot;","block_context":{"text":"Rezension","link":"https:\/\/www.jazzzeitung.de\/cms\/thema\/rezension\/"},"img":{"alt_text":"","src":"https:\/\/i0.wp.com\/www.jazzzeitung.de\/cms\/wp-content\/uploads\/2022\/04\/Hubbard-Tyner-sw-Fabrik-HH-1986-Foto-TJ-Krebs.jpg?fit=1200%2C800&ssl=1&resize=350%2C200","width":350,"height":200,"srcset":"https:\/\/i0.wp.com\/www.jazzzeitung.de\/cms\/wp-content\/uploads\/2022\/04\/Hubbard-Tyner-sw-Fabrik-HH-1986-Foto-TJ-Krebs.jpg?fit=1200%2C800&ssl=1&resize=350%2C200 1x, https:\/\/i0.wp.com\/www.jazzzeitung.de\/cms\/wp-content\/uploads\/2022\/04\/Hubbard-Tyner-sw-Fabrik-HH-1986-Foto-TJ-Krebs.jpg?fit=1200%2C800&ssl=1&resize=525%2C300 1.5x, https:\/\/i0.wp.com\/www.jazzzeitung.de\/cms\/wp-content\/uploads\/2022\/04\/Hubbard-Tyner-sw-Fabrik-HH-1986-Foto-TJ-Krebs.jpg?fit=1200%2C800&ssl=1&resize=700%2C400 2x, https:\/\/i0.wp.com\/www.jazzzeitung.de\/cms\/wp-content\/uploads\/2022\/04\/Hubbard-Tyner-sw-Fabrik-HH-1986-Foto-TJ-Krebs.jpg?fit=1200%2C800&ssl=1&resize=1050%2C600 3x"},"classes":[]},{"id":26704,"url":"https:\/\/www.jazzzeitung.de\/cms\/2022\/02\/news-wdr-bigband-tutu-puoane-und-john-clayton-in-duisburg-crossover-jazz-in-oberhausen-jazzclub-minden-konzerte-im-maerz-erfurter-reihe-jazz-stream\/","url_meta":{"origin":19727,"position":5},"title":"+++ news  +++  WDR Bigband, Tutu Puoane und John Clayton in Duisburg +++ Crossover Jazz in Oberhausen +++Jazzclub Minden: Konzerte im M\u00e4rz +++ Erfurter Reihe &#8222;Jazz Stream&#8220; +++","author":"Redaktion JazzZeitung","date":"10. Februar 2022","format":false,"excerpt":"+++ WDR-Bigband mit Tutu Puoane und John Clayton in Duisburg +++ Im Rahmen des Duisburger AKZENTE-Festivals 2022 findet am 25. M\u00e4rz in der Philharmonie der Mercatorhalle Duisburg ein Konzert der WDR-Bigband mit Tutu Puoane statt. Die s\u00fcdafrikanische S\u00e4ngerin lebt seit 2004 in Belgien und begeistert mit ihrer au\u00dfergew\u00f6hnlichen Stimme und\u2026","rel":"","context":"In &quot;News&quot;","block_context":{"text":"News","link":"https:\/\/www.jazzzeitung.de\/cms\/thema\/nachrichten\/"},"img":{"alt_text":"","src":"https:\/\/i0.wp.com\/www.jazzzeitung.de\/cms\/wp-content\/uploads\/2022\/02\/Tutu-Puoane-c-Uli-Balss-kl.jpg?fit=1200%2C800&ssl=1&resize=350%2C200","width":350,"height":200,"srcset":"https:\/\/i0.wp.com\/www.jazzzeitung.de\/cms\/wp-content\/uploads\/2022\/02\/Tutu-Puoane-c-Uli-Balss-kl.jpg?fit=1200%2C800&ssl=1&resize=350%2C200 1x, https:\/\/i0.wp.com\/www.jazzzeitung.de\/cms\/wp-content\/uploads\/2022\/02\/Tutu-Puoane-c-Uli-Balss-kl.jpg?fit=1200%2C800&ssl=1&resize=525%2C300 1.5x, https:\/\/i0.wp.com\/www.jazzzeitung.de\/cms\/wp-content\/uploads\/2022\/02\/Tutu-Puoane-c-Uli-Balss-kl.jpg?fit=1200%2C800&ssl=1&resize=700%2C400 2x, https:\/\/i0.wp.com\/www.jazzzeitung.de\/cms\/wp-content\/uploads\/2022\/02\/Tutu-Puoane-c-Uli-Balss-kl.jpg?fit=1200%2C800&ssl=1&resize=1050%2C600 3x"},"classes":[]}],"jetpack_sharing_enabled":true,"_links":{"self":[{"href":"https:\/\/www.jazzzeitung.de\/cms\/wp-json\/wp\/v2\/posts\/19727","targetHints":{"allow":["GET"]}}],"collection":[{"href":"https:\/\/www.jazzzeitung.de\/cms\/wp-json\/wp\/v2\/posts"}],"about":[{"href":"https:\/\/www.jazzzeitung.de\/cms\/wp-json\/wp\/v2\/types\/post"}],"author":[{"embeddable":true,"href":"https:\/\/www.jazzzeitung.de\/cms\/wp-json\/wp\/v2\/users\/18"}],"replies":[{"embeddable":true,"href":"https:\/\/www.jazzzeitung.de\/cms\/wp-json\/wp\/v2\/comments?post=19727"}],"version-history":[{"count":2,"href":"https:\/\/www.jazzzeitung.de\/cms\/wp-json\/wp\/v2\/posts\/19727\/revisions"}],"predecessor-version":[{"id":19734,"href":"https:\/\/www.jazzzeitung.de\/cms\/wp-json\/wp\/v2\/posts\/19727\/revisions\/19734"}],"wp:featuredmedia":[{"embeddable":true,"href":"https:\/\/www.jazzzeitung.de\/cms\/wp-json\/wp\/v2\/media\/19731"}],"wp:attachment":[{"href":"https:\/\/www.jazzzeitung.de\/cms\/wp-json\/wp\/v2\/media?parent=19727"}],"wp:term":[{"taxonomy":"category","embeddable":true,"href":"https:\/\/www.jazzzeitung.de\/cms\/wp-json\/wp\/v2\/categories?post=19727"},{"taxonomy":"post_tag","embeddable":true,"href":"https:\/\/www.jazzzeitung.de\/cms\/wp-json\/wp\/v2\/tags?post=19727"},{"taxonomy":"author","embeddable":true,"href":"https:\/\/www.jazzzeitung.de\/cms\/wp-json\/wp\/v2\/coauthors?post=19727"}],"curies":[{"name":"wp","href":"https:\/\/api.w.org\/{rel}","templated":true}]}}