{"id":19639,"date":"2019-06-01T09:03:05","date_gmt":"2019-06-01T07:03:05","guid":{"rendered":"https:\/\/www.jazzzeitung.de\/cms\/?p=19639"},"modified":"2019-06-04T09:57:07","modified_gmt":"2019-06-04T07:57:07","slug":"klassik-meets-jazz-im-carl-bechstein-wettbewerb-2019","status":"publish","type":"post","link":"https:\/\/www.jazzzeitung.de\/cms\/2019\/06\/klassik-meets-jazz-im-carl-bechstein-wettbewerb-2019\/","title":{"rendered":"\u201eKlassik meets Jazz\u201c beim Carl Bechstein Wettbewerb 2019"},"content":{"rendered":"<p>Der sechste Carl Bechstein Wettbewerb f\u00fcr Kinder und Jugendliche findet vom 1. bis 3. November 2019 im Kulturstall von Schloss Britz in Berlin-Neuk\u00f6lln statt. Er ist ausgeschrieben in der Wertung \u201eKlavier solo\u201c und richtet sich sowohl an junge Klassik- als auch an Jazz-Pianistinnen und Pianisten.<\/p>\n<p>Der Carl Bechstein Wettbewerb ist 2019 zum zweiten Mal ausgeschrieben in der Kategorie \u201eKlavier solo\u201c, allerdings verbindet er zum ersten Mal die Klassik und den Jazz. Damit wird bewusst Neuland in der Wettbewerbslandschaft betreten. Die Teilnehmenden dieser durchaus verschiedenen Kategorien treten zwar in unterschiedlichen Wertungsgruppen an, k\u00f6nnen einander aber trotzdem besser kennenlernen, voneinander profitieren und vielleicht sogar neue Freundschaften kn\u00fcpfen.<\/p>\n<p>Nach der spannenden Erfahrung des Jazz-Wettbewerbs 2018 wurde beschlossen, auch beim Wettbewerb 2019, der der Klassik gewidmet ist, ein Zeitfenster f\u00fcr junge Jazzmusikerinnen und Jazzmusiker anzubieten. Alle Teilnehmdenen treten mit ihrem gew\u00e4hlten Programm an. Klassiker erfahren, wie Jazzer ihre Musik auf der B\u00fchne pr\u00e4sentieren und umgekehrt. W\u00e4hrend es in der Wertung der klassischen Pianistinnen und Pianisten vier Altersgruppen geben wird, treten die Jazzerinnen und Jazzer in einer gemeinsamen Wertungsgruppe an. Die Jury vereint beide Kategorien. Klassik bleibt Klassik, Jazz bleibt Jazz. Aber vielleicht geht der eine oder andere etwas ver\u00e4ndert aus diesem Parallel-Wettbewerb heraus.<\/p>\n<p><b>Anmeldungen f\u00fcr den Wettbewerb sind aus Kapazit\u00e4tsgr\u00fcnden leider nicht mehr m\u00f6glich!<\/b><br \/>\n<a href=\"https:\/\/www.carl-bechstein-stiftung.de\/die-projekte\/carl-bechstein-wettbewerb.html\">Weitere Informationen<\/a><\/p>\n<p>Beitragsbild: Carl Bechstein Stiftung<\/p>\n","protected":false},"excerpt":{"rendered":"<p>Der sechste Carl Bechstein Wettbewerb f\u00fcr Kinder und Jugendliche findet vom 1. bis 3. November 2019 im Kulturstall von Schloss Britz in Berlin-Neuk\u00f6lln statt. Er ist ausgeschrieben in der Wertung \u201eKlavier solo\u201c und richtet sich sowohl an junge Klassik- als auch an Jazz-Pianistinnen und Pianisten. Der Carl Bechstein Wettbewerb ist 2019 zum zweiten Mal ausgeschrieben in der Kategorie \u201eKlavier solo\u201c, allerdings verbindet er zum ersten Mal die Klassik und den Jazz. Damit wird bewusst Neuland in der Wettbewerbslandschaft betreten. Die Teilnehmenden dieser durchaus verschiedenen Kategorien treten zwar in unterschiedlichen Wertungsgruppen an, k\u00f6nnen einander aber trotzdem besser kennenlernen, voneinander profitieren und vielleicht sogar neue Freundschaften kn\u00fcpfen. Nach der spannenden Erfahrung des Jazz-Wettbewerbs 2018 wurde beschlossen, auch beim Wettbewerb 2019, der der Klassik gewidmet ist, ein Zeitfenster f\u00fcr junge Jazzmusikerinnen und Jazzmusiker anzubieten. Alle Teilnehmdenen treten mit ihrem gew\u00e4hlten Programm an. Klassiker erfahren, wie Jazzer ihre Musik auf der B\u00fchne pr\u00e4sentieren und umgekehrt. W\u00e4hrend es in der Wertung der klassischen Pianistinnen und Pianisten vier Altersgruppen geben wird, treten die Jazzerinnen und Jazzer in einer gemeinsamen Wertungsgruppe an. Die Jury vereint beide Kategorien. Klassik bleibt Klassik, Jazz bleibt &hellip;<\/p>\n","protected":false},"author":18,"featured_media":19641,"comment_status":"open","ping_status":"closed","sticky":false,"template":"","format":"standard","meta":{"_jetpack_memberships_contains_paid_content":false,"footnotes":"","jetpack_publicize_message":"","jetpack_publicize_feature_enabled":true,"jetpack_social_post_already_shared":false,"jetpack_social_options":{"image_generator_settings":{"template":"highway","default_image_id":0,"font":"","enabled":false},"version":2}},"categories":[633],"tags":[2079,2475],"coauthors":[695],"class_list":["post-19639","post","type-post","status-publish","format-standard","has-post-thumbnail","hentry","category-nachrichten","tag-carl-bechstein-wettbewerb","tag-klassik-meets-jazz"],"yoast_head":"<!-- This site is optimized with the Yoast SEO plugin v27.5 - https:\/\/yoast.com\/product\/yoast-seo-wordpress\/ -->\n<title>\u201eKlassik meets Jazz\u201c beim Carl Bechstein Wettbewerb 2019 - JazzZeitung<\/title>\n<meta name=\"robots\" content=\"index, follow, max-snippet:-1, max-image-preview:large, max-video-preview:-1\" \/>\n<link rel=\"canonical\" href=\"https:\/\/www.jazzzeitung.de\/cms\/2019\/06\/klassik-meets-jazz-im-carl-bechstein-wettbewerb-2019\/\" \/>\n<meta property=\"og:locale\" content=\"de_DE\" \/>\n<meta property=\"og:type\" content=\"article\" \/>\n<meta property=\"og:title\" content=\"\u201eKlassik meets Jazz\u201c beim Carl Bechstein Wettbewerb 2019 - JazzZeitung\" \/>\n<meta property=\"og:description\" content=\"Der sechste Carl Bechstein Wettbewerb f\u00fcr Kinder und Jugendliche findet vom 1. bis 3. November 2019 im Kulturstall von Schloss Britz in Berlin-Neuk\u00f6lln statt. Er ist ausgeschrieben in der Wertung \u201eKlavier solo\u201c und richtet sich sowohl an junge Klassik- als auch an Jazz-Pianistinnen und Pianisten. Der Carl Bechstein Wettbewerb ist 2019 zum zweiten Mal ausgeschrieben in der Kategorie \u201eKlavier solo\u201c, allerdings verbindet er zum ersten Mal die Klassik und den Jazz. Damit wird bewusst Neuland in der Wettbewerbslandschaft betreten. Die Teilnehmenden dieser durchaus verschiedenen Kategorien treten zwar in unterschiedlichen Wertungsgruppen an, k\u00f6nnen einander aber trotzdem besser kennenlernen, voneinander profitieren und vielleicht sogar neue Freundschaften kn\u00fcpfen. Nach der spannenden Erfahrung des Jazz-Wettbewerbs 2018 wurde beschlossen, auch beim Wettbewerb 2019, der der Klassik gewidmet ist, ein Zeitfenster f\u00fcr junge Jazzmusikerinnen und Jazzmusiker anzubieten. Alle Teilnehmdenen treten mit ihrem gew\u00e4hlten Programm an. Klassiker erfahren, wie Jazzer ihre Musik auf der B\u00fchne pr\u00e4sentieren und umgekehrt. W\u00e4hrend es in der Wertung der klassischen Pianistinnen und Pianisten vier Altersgruppen geben wird, treten die Jazzerinnen und Jazzer in einer gemeinsamen Wertungsgruppe an. Die Jury vereint beide Kategorien. Klassik bleibt Klassik, Jazz bleibt &hellip;\" \/>\n<meta property=\"og:url\" content=\"https:\/\/www.jazzzeitung.de\/cms\/2019\/06\/klassik-meets-jazz-im-carl-bechstein-wettbewerb-2019\/\" \/>\n<meta property=\"og:site_name\" content=\"JazzZeitung\" \/>\n<meta property=\"article:publisher\" content=\"https:\/\/www.facebook.com\/JazzZeitung\/\" \/>\n<meta property=\"article:published_time\" content=\"2019-06-01T07:03:05+00:00\" \/>\n<meta property=\"article:modified_time\" content=\"2019-06-04T07:57:07+00:00\" \/>\n<meta property=\"og:image\" content=\"https:\/\/i0.wp.com\/www.jazzzeitung.de\/cms\/wp-content\/uploads\/2019\/05\/CBW_2019_promo-keyvisual.jpg?fit=620%2C330&ssl=1\" \/>\n\t<meta property=\"og:image:width\" content=\"620\" \/>\n\t<meta property=\"og:image:height\" content=\"330\" \/>\n\t<meta property=\"og:image:type\" content=\"image\/jpeg\" \/>\n<meta name=\"author\" content=\"Redaktion JazzZeitung\" \/>\n<script type=\"application\/ld+json\" class=\"yoast-schema-graph\">{\"@context\":\"https:\\\/\\\/schema.org\",\"@graph\":[{\"@type\":\"Article\",\"@id\":\"https:\\\/\\\/www.jazzzeitung.de\\\/cms\\\/2019\\\/06\\\/klassik-meets-jazz-im-carl-bechstein-wettbewerb-2019\\\/#article\",\"isPartOf\":{\"@id\":\"https:\\\/\\\/www.jazzzeitung.de\\\/cms\\\/2019\\\/06\\\/klassik-meets-jazz-im-carl-bechstein-wettbewerb-2019\\\/\"},\"author\":{\"name\":\"Redaktion JazzZeitung\",\"@id\":\"https:\\\/\\\/www.jazzzeitung.de\\\/cms\\\/#\\\/schema\\\/person\\\/2245b36b9cd1d24cea10f01c031fb92b\"},\"headline\":\"\u201eKlassik meets Jazz\u201c beim Carl Bechstein Wettbewerb 2019\",\"datePublished\":\"2019-06-01T07:03:05+00:00\",\"dateModified\":\"2019-06-04T07:57:07+00:00\",\"mainEntityOfPage\":{\"@id\":\"https:\\\/\\\/www.jazzzeitung.de\\\/cms\\\/2019\\\/06\\\/klassik-meets-jazz-im-carl-bechstein-wettbewerb-2019\\\/\"},\"wordCount\":231,\"commentCount\":0,\"publisher\":{\"@id\":\"https:\\\/\\\/www.jazzzeitung.de\\\/cms\\\/#organization\"},\"image\":{\"@id\":\"https:\\\/\\\/www.jazzzeitung.de\\\/cms\\\/2019\\\/06\\\/klassik-meets-jazz-im-carl-bechstein-wettbewerb-2019\\\/#primaryimage\"},\"thumbnailUrl\":\"https:\\\/\\\/i0.wp.com\\\/www.jazzzeitung.de\\\/cms\\\/wp-content\\\/uploads\\\/2019\\\/05\\\/CBW_2019_promo-keyvisual.jpg?fit=620%2C330&ssl=1\",\"keywords\":[\"Carl-Bechstein-Wettbewerb\",\"Klassik meets Jazz\"],\"articleSection\":[\"News\"],\"inLanguage\":\"de\",\"potentialAction\":[{\"@type\":\"CommentAction\",\"name\":\"Comment\",\"target\":[\"https:\\\/\\\/www.jazzzeitung.de\\\/cms\\\/2019\\\/06\\\/klassik-meets-jazz-im-carl-bechstein-wettbewerb-2019\\\/#respond\"]}]},{\"@type\":\"WebPage\",\"@id\":\"https:\\\/\\\/www.jazzzeitung.de\\\/cms\\\/2019\\\/06\\\/klassik-meets-jazz-im-carl-bechstein-wettbewerb-2019\\\/\",\"url\":\"https:\\\/\\\/www.jazzzeitung.de\\\/cms\\\/2019\\\/06\\\/klassik-meets-jazz-im-carl-bechstein-wettbewerb-2019\\\/\",\"name\":\"\u201eKlassik meets Jazz\u201c beim Carl Bechstein Wettbewerb 2019 - JazzZeitung\",\"isPartOf\":{\"@id\":\"https:\\\/\\\/www.jazzzeitung.de\\\/cms\\\/#website\"},\"primaryImageOfPage\":{\"@id\":\"https:\\\/\\\/www.jazzzeitung.de\\\/cms\\\/2019\\\/06\\\/klassik-meets-jazz-im-carl-bechstein-wettbewerb-2019\\\/#primaryimage\"},\"image\":{\"@id\":\"https:\\\/\\\/www.jazzzeitung.de\\\/cms\\\/2019\\\/06\\\/klassik-meets-jazz-im-carl-bechstein-wettbewerb-2019\\\/#primaryimage\"},\"thumbnailUrl\":\"https:\\\/\\\/i0.wp.com\\\/www.jazzzeitung.de\\\/cms\\\/wp-content\\\/uploads\\\/2019\\\/05\\\/CBW_2019_promo-keyvisual.jpg?fit=620%2C330&ssl=1\",\"datePublished\":\"2019-06-01T07:03:05+00:00\",\"dateModified\":\"2019-06-04T07:57:07+00:00\",\"breadcrumb\":{\"@id\":\"https:\\\/\\\/www.jazzzeitung.de\\\/cms\\\/2019\\\/06\\\/klassik-meets-jazz-im-carl-bechstein-wettbewerb-2019\\\/#breadcrumb\"},\"inLanguage\":\"de\",\"potentialAction\":[{\"@type\":\"ReadAction\",\"target\":[\"https:\\\/\\\/www.jazzzeitung.de\\\/cms\\\/2019\\\/06\\\/klassik-meets-jazz-im-carl-bechstein-wettbewerb-2019\\\/\"]}]},{\"@type\":\"ImageObject\",\"inLanguage\":\"de\",\"@id\":\"https:\\\/\\\/www.jazzzeitung.de\\\/cms\\\/2019\\\/06\\\/klassik-meets-jazz-im-carl-bechstein-wettbewerb-2019\\\/#primaryimage\",\"url\":\"https:\\\/\\\/i0.wp.com\\\/www.jazzzeitung.de\\\/cms\\\/wp-content\\\/uploads\\\/2019\\\/05\\\/CBW_2019_promo-keyvisual.jpg?fit=620%2C330&ssl=1\",\"contentUrl\":\"https:\\\/\\\/i0.wp.com\\\/www.jazzzeitung.de\\\/cms\\\/wp-content\\\/uploads\\\/2019\\\/05\\\/CBW_2019_promo-keyvisual.jpg?fit=620%2C330&ssl=1\",\"width\":620,\"height\":330},{\"@type\":\"BreadcrumbList\",\"@id\":\"https:\\\/\\\/www.jazzzeitung.de\\\/cms\\\/2019\\\/06\\\/klassik-meets-jazz-im-carl-bechstein-wettbewerb-2019\\\/#breadcrumb\",\"itemListElement\":[{\"@type\":\"ListItem\",\"position\":1,\"name\":\"Startseite\",\"item\":\"https:\\\/\\\/www.jazzzeitung.de\\\/cms\\\/\"},{\"@type\":\"ListItem\",\"position\":2,\"name\":\"\u201eKlassik meets Jazz\u201c beim Carl Bechstein Wettbewerb 2019\"}]},{\"@type\":\"WebSite\",\"@id\":\"https:\\\/\\\/www.jazzzeitung.de\\\/cms\\\/#website\",\"url\":\"https:\\\/\\\/www.jazzzeitung.de\\\/cms\\\/\",\"name\":\"JazzZeitung\",\"description\":\"Jazz-News und Jazz-Kontroverses\",\"publisher\":{\"@id\":\"https:\\\/\\\/www.jazzzeitung.de\\\/cms\\\/#organization\"},\"potentialAction\":[{\"@type\":\"SearchAction\",\"target\":{\"@type\":\"EntryPoint\",\"urlTemplate\":\"https:\\\/\\\/www.jazzzeitung.de\\\/cms\\\/?s={search_term_string}\"},\"query-input\":{\"@type\":\"PropertyValueSpecification\",\"valueRequired\":true,\"valueName\":\"search_term_string\"}}],\"inLanguage\":\"de\"},{\"@type\":\"Organization\",\"@id\":\"https:\\\/\\\/www.jazzzeitung.de\\\/cms\\\/#organization\",\"name\":\"JazzZeitung online\",\"url\":\"https:\\\/\\\/www.jazzzeitung.de\\\/cms\\\/\",\"logo\":{\"@type\":\"ImageObject\",\"inLanguage\":\"de\",\"@id\":\"https:\\\/\\\/www.jazzzeitung.de\\\/cms\\\/#\\\/schema\\\/logo\\\/image\\\/\",\"url\":\"https:\\\/\\\/i0.wp.com\\\/www.jazzzeitung.de\\\/cms\\\/wp-content\\\/uploads\\\/2015\\\/08\\\/JAZZZEITUNGDE_Logo_Neu.png?fit=499%2C200&ssl=1\",\"contentUrl\":\"https:\\\/\\\/i0.wp.com\\\/www.jazzzeitung.de\\\/cms\\\/wp-content\\\/uploads\\\/2015\\\/08\\\/JAZZZEITUNGDE_Logo_Neu.png?fit=499%2C200&ssl=1\",\"width\":499,\"height\":200,\"caption\":\"JazzZeitung online\"},\"image\":{\"@id\":\"https:\\\/\\\/www.jazzzeitung.de\\\/cms\\\/#\\\/schema\\\/logo\\\/image\\\/\"},\"sameAs\":[\"https:\\\/\\\/www.facebook.com\\\/JazzZeitung\\\/\"]},{\"@type\":\"Person\",\"@id\":\"https:\\\/\\\/www.jazzzeitung.de\\\/cms\\\/#\\\/schema\\\/person\\\/2245b36b9cd1d24cea10f01c031fb92b\",\"name\":\"Redaktion JazzZeitung\",\"image\":{\"@type\":\"ImageObject\",\"inLanguage\":\"de\",\"@id\":\"https:\\\/\\\/i0.wp.com\\\/www.jazzzeitung.de\\\/cms\\\/wp-content\\\/uploads\\\/2015\\\/08\\\/JAZZZEITUNGDE_Logo_Neu.png?resize=96%2C96&ssl=159975dcacb611b5700bd619b5daf0a7a\",\"url\":\"https:\\\/\\\/i0.wp.com\\\/www.jazzzeitung.de\\\/cms\\\/wp-content\\\/uploads\\\/2015\\\/08\\\/JAZZZEITUNGDE_Logo_Neu.png?resize=96%2C96&ssl=1\",\"contentUrl\":\"https:\\\/\\\/i0.wp.com\\\/www.jazzzeitung.de\\\/cms\\\/wp-content\\\/uploads\\\/2015\\\/08\\\/JAZZZEITUNGDE_Logo_Neu.png?resize=96%2C96&ssl=1\",\"caption\":\"Redaktion JazzZeitung\"},\"description\":\"Artikel der Redaktion der JazzZeitung.\",\"sameAs\":[\"http:\\\/\\\/www.jazzzeitung.de\\\/cms\\\/\"],\"url\":\"https:\\\/\\\/www.jazzzeitung.de\\\/cms\\\/author\\\/redaktion\\\/\"}]}<\/script>\n<!-- \/ Yoast SEO plugin. -->","yoast_head_json":{"title":"\u201eKlassik meets Jazz\u201c beim Carl Bechstein Wettbewerb 2019 - JazzZeitung","robots":{"index":"index","follow":"follow","max-snippet":"max-snippet:-1","max-image-preview":"max-image-preview:large","max-video-preview":"max-video-preview:-1"},"canonical":"https:\/\/www.jazzzeitung.de\/cms\/2019\/06\/klassik-meets-jazz-im-carl-bechstein-wettbewerb-2019\/","og_locale":"de_DE","og_type":"article","og_title":"\u201eKlassik meets Jazz\u201c beim Carl Bechstein Wettbewerb 2019 - JazzZeitung","og_description":"Der sechste Carl Bechstein Wettbewerb f\u00fcr Kinder und Jugendliche findet vom 1. bis 3. November 2019 im Kulturstall von Schloss Britz in Berlin-Neuk\u00f6lln statt. Er ist ausgeschrieben in der Wertung \u201eKlavier solo\u201c und richtet sich sowohl an junge Klassik- als auch an Jazz-Pianistinnen und Pianisten. Der Carl Bechstein Wettbewerb ist 2019 zum zweiten Mal ausgeschrieben in der Kategorie \u201eKlavier solo\u201c, allerdings verbindet er zum ersten Mal die Klassik und den Jazz. Damit wird bewusst Neuland in der Wettbewerbslandschaft betreten. Die Teilnehmenden dieser durchaus verschiedenen Kategorien treten zwar in unterschiedlichen Wertungsgruppen an, k\u00f6nnen einander aber trotzdem besser kennenlernen, voneinander profitieren und vielleicht sogar neue Freundschaften kn\u00fcpfen. Nach der spannenden Erfahrung des Jazz-Wettbewerbs 2018 wurde beschlossen, auch beim Wettbewerb 2019, der der Klassik gewidmet ist, ein Zeitfenster f\u00fcr junge Jazzmusikerinnen und Jazzmusiker anzubieten. Alle Teilnehmdenen treten mit ihrem gew\u00e4hlten Programm an. Klassiker erfahren, wie Jazzer ihre Musik auf der B\u00fchne pr\u00e4sentieren und umgekehrt. W\u00e4hrend es in der Wertung der klassischen Pianistinnen und Pianisten vier Altersgruppen geben wird, treten die Jazzerinnen und Jazzer in einer gemeinsamen Wertungsgruppe an. Die Jury vereint beide Kategorien. Klassik bleibt Klassik, Jazz bleibt &hellip;","og_url":"https:\/\/www.jazzzeitung.de\/cms\/2019\/06\/klassik-meets-jazz-im-carl-bechstein-wettbewerb-2019\/","og_site_name":"JazzZeitung","article_publisher":"https:\/\/www.facebook.com\/JazzZeitung\/","article_published_time":"2019-06-01T07:03:05+00:00","article_modified_time":"2019-06-04T07:57:07+00:00","og_image":[{"width":620,"height":330,"url":"https:\/\/i0.wp.com\/www.jazzzeitung.de\/cms\/wp-content\/uploads\/2019\/05\/CBW_2019_promo-keyvisual.jpg?fit=620%2C330&ssl=1","type":"image\/jpeg"}],"author":"Redaktion JazzZeitung","schema":{"@context":"https:\/\/schema.org","@graph":[{"@type":"Article","@id":"https:\/\/www.jazzzeitung.de\/cms\/2019\/06\/klassik-meets-jazz-im-carl-bechstein-wettbewerb-2019\/#article","isPartOf":{"@id":"https:\/\/www.jazzzeitung.de\/cms\/2019\/06\/klassik-meets-jazz-im-carl-bechstein-wettbewerb-2019\/"},"author":{"name":"Redaktion JazzZeitung","@id":"https:\/\/www.jazzzeitung.de\/cms\/#\/schema\/person\/2245b36b9cd1d24cea10f01c031fb92b"},"headline":"\u201eKlassik meets Jazz\u201c beim Carl Bechstein Wettbewerb 2019","datePublished":"2019-06-01T07:03:05+00:00","dateModified":"2019-06-04T07:57:07+00:00","mainEntityOfPage":{"@id":"https:\/\/www.jazzzeitung.de\/cms\/2019\/06\/klassik-meets-jazz-im-carl-bechstein-wettbewerb-2019\/"},"wordCount":231,"commentCount":0,"publisher":{"@id":"https:\/\/www.jazzzeitung.de\/cms\/#organization"},"image":{"@id":"https:\/\/www.jazzzeitung.de\/cms\/2019\/06\/klassik-meets-jazz-im-carl-bechstein-wettbewerb-2019\/#primaryimage"},"thumbnailUrl":"https:\/\/i0.wp.com\/www.jazzzeitung.de\/cms\/wp-content\/uploads\/2019\/05\/CBW_2019_promo-keyvisual.jpg?fit=620%2C330&ssl=1","keywords":["Carl-Bechstein-Wettbewerb","Klassik meets Jazz"],"articleSection":["News"],"inLanguage":"de","potentialAction":[{"@type":"CommentAction","name":"Comment","target":["https:\/\/www.jazzzeitung.de\/cms\/2019\/06\/klassik-meets-jazz-im-carl-bechstein-wettbewerb-2019\/#respond"]}]},{"@type":"WebPage","@id":"https:\/\/www.jazzzeitung.de\/cms\/2019\/06\/klassik-meets-jazz-im-carl-bechstein-wettbewerb-2019\/","url":"https:\/\/www.jazzzeitung.de\/cms\/2019\/06\/klassik-meets-jazz-im-carl-bechstein-wettbewerb-2019\/","name":"\u201eKlassik meets Jazz\u201c beim Carl Bechstein Wettbewerb 2019 - JazzZeitung","isPartOf":{"@id":"https:\/\/www.jazzzeitung.de\/cms\/#website"},"primaryImageOfPage":{"@id":"https:\/\/www.jazzzeitung.de\/cms\/2019\/06\/klassik-meets-jazz-im-carl-bechstein-wettbewerb-2019\/#primaryimage"},"image":{"@id":"https:\/\/www.jazzzeitung.de\/cms\/2019\/06\/klassik-meets-jazz-im-carl-bechstein-wettbewerb-2019\/#primaryimage"},"thumbnailUrl":"https:\/\/i0.wp.com\/www.jazzzeitung.de\/cms\/wp-content\/uploads\/2019\/05\/CBW_2019_promo-keyvisual.jpg?fit=620%2C330&ssl=1","datePublished":"2019-06-01T07:03:05+00:00","dateModified":"2019-06-04T07:57:07+00:00","breadcrumb":{"@id":"https:\/\/www.jazzzeitung.de\/cms\/2019\/06\/klassik-meets-jazz-im-carl-bechstein-wettbewerb-2019\/#breadcrumb"},"inLanguage":"de","potentialAction":[{"@type":"ReadAction","target":["https:\/\/www.jazzzeitung.de\/cms\/2019\/06\/klassik-meets-jazz-im-carl-bechstein-wettbewerb-2019\/"]}]},{"@type":"ImageObject","inLanguage":"de","@id":"https:\/\/www.jazzzeitung.de\/cms\/2019\/06\/klassik-meets-jazz-im-carl-bechstein-wettbewerb-2019\/#primaryimage","url":"https:\/\/i0.wp.com\/www.jazzzeitung.de\/cms\/wp-content\/uploads\/2019\/05\/CBW_2019_promo-keyvisual.jpg?fit=620%2C330&ssl=1","contentUrl":"https:\/\/i0.wp.com\/www.jazzzeitung.de\/cms\/wp-content\/uploads\/2019\/05\/CBW_2019_promo-keyvisual.jpg?fit=620%2C330&ssl=1","width":620,"height":330},{"@type":"BreadcrumbList","@id":"https:\/\/www.jazzzeitung.de\/cms\/2019\/06\/klassik-meets-jazz-im-carl-bechstein-wettbewerb-2019\/#breadcrumb","itemListElement":[{"@type":"ListItem","position":1,"name":"Startseite","item":"https:\/\/www.jazzzeitung.de\/cms\/"},{"@type":"ListItem","position":2,"name":"\u201eKlassik meets Jazz\u201c beim Carl Bechstein Wettbewerb 2019"}]},{"@type":"WebSite","@id":"https:\/\/www.jazzzeitung.de\/cms\/#website","url":"https:\/\/www.jazzzeitung.de\/cms\/","name":"JazzZeitung","description":"Jazz-News und Jazz-Kontroverses","publisher":{"@id":"https:\/\/www.jazzzeitung.de\/cms\/#organization"},"potentialAction":[{"@type":"SearchAction","target":{"@type":"EntryPoint","urlTemplate":"https:\/\/www.jazzzeitung.de\/cms\/?s={search_term_string}"},"query-input":{"@type":"PropertyValueSpecification","valueRequired":true,"valueName":"search_term_string"}}],"inLanguage":"de"},{"@type":"Organization","@id":"https:\/\/www.jazzzeitung.de\/cms\/#organization","name":"JazzZeitung online","url":"https:\/\/www.jazzzeitung.de\/cms\/","logo":{"@type":"ImageObject","inLanguage":"de","@id":"https:\/\/www.jazzzeitung.de\/cms\/#\/schema\/logo\/image\/","url":"https:\/\/i0.wp.com\/www.jazzzeitung.de\/cms\/wp-content\/uploads\/2015\/08\/JAZZZEITUNGDE_Logo_Neu.png?fit=499%2C200&ssl=1","contentUrl":"https:\/\/i0.wp.com\/www.jazzzeitung.de\/cms\/wp-content\/uploads\/2015\/08\/JAZZZEITUNGDE_Logo_Neu.png?fit=499%2C200&ssl=1","width":499,"height":200,"caption":"JazzZeitung online"},"image":{"@id":"https:\/\/www.jazzzeitung.de\/cms\/#\/schema\/logo\/image\/"},"sameAs":["https:\/\/www.facebook.com\/JazzZeitung\/"]},{"@type":"Person","@id":"https:\/\/www.jazzzeitung.de\/cms\/#\/schema\/person\/2245b36b9cd1d24cea10f01c031fb92b","name":"Redaktion JazzZeitung","image":{"@type":"ImageObject","inLanguage":"de","@id":"https:\/\/i0.wp.com\/www.jazzzeitung.de\/cms\/wp-content\/uploads\/2015\/08\/JAZZZEITUNGDE_Logo_Neu.png?resize=96%2C96&ssl=159975dcacb611b5700bd619b5daf0a7a","url":"https:\/\/i0.wp.com\/www.jazzzeitung.de\/cms\/wp-content\/uploads\/2015\/08\/JAZZZEITUNGDE_Logo_Neu.png?resize=96%2C96&ssl=1","contentUrl":"https:\/\/i0.wp.com\/www.jazzzeitung.de\/cms\/wp-content\/uploads\/2015\/08\/JAZZZEITUNGDE_Logo_Neu.png?resize=96%2C96&ssl=1","caption":"Redaktion JazzZeitung"},"description":"Artikel der Redaktion der JazzZeitung.","sameAs":["http:\/\/www.jazzzeitung.de\/cms\/"],"url":"https:\/\/www.jazzzeitung.de\/cms\/author\/redaktion\/"}]}},"wp-worthy-pixel":{"ignored":false,"public":null,"server":null,"url":null},"wp-worthy-type":"normal","jetpack_publicize_connections":[],"cc_featured_image_caption":{"caption_text":"","source_text":"","source_url":""},"jetpack_featured_media_url":"https:\/\/i0.wp.com\/www.jazzzeitung.de\/cms\/wp-content\/uploads\/2019\/05\/CBW_2019_promo-keyvisual.jpg?fit=620%2C330&ssl=1","jetpack_shortlink":"https:\/\/wp.me\/p3KEcT-56L","jetpack-related-posts":[{"id":17813,"url":"https:\/\/www.jazzzeitung.de\/cms\/2018\/11\/junge-talente-der-erste-carl-bechstein-wettbewerb-jazz-klavier-solo-in-berlin\/","url_meta":{"origin":19639,"position":0},"title":"Junge Talente &#8211; der erste Carl-Bechstein-Wettbewerb \u201eJazz-Klavier solo\u201c in Berlin","author":"Redaktion JazzZeitung","date":"8. November 2018","format":false,"excerpt":"Von Godehard Lutz.\u00a0\u201eDer Jazz ist eine untersch\u00e4tzte Gr\u00f6\u00dfe und bedarf mehr F\u00f6rderung in unserem Land.\u201c So lautete das Bekenntnis von Professor Christian H\u00f6ppner, dem Generalsekret\u00e4r des Deutschen Musikrates und Vorsitzenden des Kuratoriums der Carl-Bechstein-Stiftung zum diesj\u00e4hrigen 5. Carl-Bechstein-Wettbewerb, der erstmals f\u00fcr junge Jazzpianisten stattfand. \u201eDer Carl-Bechstein-Wettbewerb f\u00fcr Kinder und Jugendliche\u2026","rel":"","context":"In &quot;Bericht&quot;","block_context":{"text":"Bericht","link":"https:\/\/www.jazzzeitung.de\/cms\/thema\/bericht\/"},"img":{"alt_text":"","src":"https:\/\/i0.wp.com\/www.jazzzeitung.de\/cms\/wp-content\/uploads\/2018\/11\/Bechstein-Preistr%C3%A4ger_WILLMES-Jury%C2%A9Godehard.Lutz%40bayern-mail.de_IMGP6561.jpg?fit=1200%2C795&ssl=1&resize=350%2C200","width":350,"height":200,"srcset":"https:\/\/i0.wp.com\/www.jazzzeitung.de\/cms\/wp-content\/uploads\/2018\/11\/Bechstein-Preistr%C3%A4ger_WILLMES-Jury%C2%A9Godehard.Lutz%40bayern-mail.de_IMGP6561.jpg?fit=1200%2C795&ssl=1&resize=350%2C200 1x, https:\/\/i0.wp.com\/www.jazzzeitung.de\/cms\/wp-content\/uploads\/2018\/11\/Bechstein-Preistr%C3%A4ger_WILLMES-Jury%C2%A9Godehard.Lutz%40bayern-mail.de_IMGP6561.jpg?fit=1200%2C795&ssl=1&resize=525%2C300 1.5x, https:\/\/i0.wp.com\/www.jazzzeitung.de\/cms\/wp-content\/uploads\/2018\/11\/Bechstein-Preistr%C3%A4ger_WILLMES-Jury%C2%A9Godehard.Lutz%40bayern-mail.de_IMGP6561.jpg?fit=1200%2C795&ssl=1&resize=700%2C400 2x, https:\/\/i0.wp.com\/www.jazzzeitung.de\/cms\/wp-content\/uploads\/2018\/11\/Bechstein-Preistr%C3%A4ger_WILLMES-Jury%C2%A9Godehard.Lutz%40bayern-mail.de_IMGP6561.jpg?fit=1200%2C795&ssl=1&resize=1050%2C600 3x"},"classes":[]},{"id":18119,"url":"https:\/\/www.jazzzeitung.de\/cms\/2018\/12\/carl-bechstein-wettbewerb-fuer-jazzpianisten-mitschnitte-jetzt-online\/","url_meta":{"origin":19639,"position":1},"title":"Carl-Bechstein-Wettbewerb f\u00fcr Jazzpianisten: Mitschnitte jetzt online","author":"Redaktion JazzZeitung","date":"12. Dezember 2018","format":false,"excerpt":"Anfang November fand der 5. Carl-Bechstein-Wettbewerb f\u00fcr junge Pianistinnen und Pianisten in der Kategorie Jazz in Berlin statt. (Wir berichteten hier). Jetzt sind die Live-Mitschnitte von nmzMedia der vier Preistr\u00e4ger Vincent Mei\u00dfner, Reinel Ardiles Lindemann,\u00a0Adrian Surojit M\u00fcller und\u00a0Moses Yoofee Vester online und jederzeit einsehbar. Gefordert waren von allen Teilnehmern Jazz-Kompositionen\u2026","rel":"","context":"In &quot;News&quot;","block_context":{"text":"News","link":"https:\/\/www.jazzzeitung.de\/cms\/thema\/nachrichten\/"},"img":{"alt_text":"","src":"https:\/\/i0.wp.com\/www.jazzzeitung.de\/cms\/wp-content\/uploads\/2018\/11\/LINDEMANNReinel_Ardiles%C2%A9Godehard.Lutz%40bayern-mail.de_IMGP6527_web.jpg?fit=794%2C1200&ssl=1&resize=350%2C200","width":350,"height":200,"srcset":"https:\/\/i0.wp.com\/www.jazzzeitung.de\/cms\/wp-content\/uploads\/2018\/11\/LINDEMANNReinel_Ardiles%C2%A9Godehard.Lutz%40bayern-mail.de_IMGP6527_web.jpg?fit=794%2C1200&ssl=1&resize=350%2C200 1x, https:\/\/i0.wp.com\/www.jazzzeitung.de\/cms\/wp-content\/uploads\/2018\/11\/LINDEMANNReinel_Ardiles%C2%A9Godehard.Lutz%40bayern-mail.de_IMGP6527_web.jpg?fit=794%2C1200&ssl=1&resize=525%2C300 1.5x, https:\/\/i0.wp.com\/www.jazzzeitung.de\/cms\/wp-content\/uploads\/2018\/11\/LINDEMANNReinel_Ardiles%C2%A9Godehard.Lutz%40bayern-mail.de_IMGP6527_web.jpg?fit=794%2C1200&ssl=1&resize=700%2C400 2x"},"classes":[]},{"id":15449,"url":"https:\/\/www.jazzzeitung.de\/cms\/2018\/03\/news25-stimmen-festivalcarl-bechstein-wettbewerb\/","url_meta":{"origin":19639,"position":2},"title":"+++News+++Jazztage G\u00f6rlitz+++25. STIMMEN-Festival+++Carl Bechstein Wettbewerb+++","author":"Redaktion JazzZeitung","date":"28. M\u00e4rz 2018","format":false,"excerpt":"+++Jazztage G\u00f6rlitz+++ Die Jazztage G\u00f6rlitz werden seit 1996 j\u00e4hrlich veranstaltet. Beim diesj\u00e4hrigen Auftaktkonzert am 23. Mai, welches jedes Jahr an einem anderen \u201eUnerh\u00f6rten Ort\u201c stattfindet, wird das niederl\u00e4ndische Quartett Tommy Moustache im K\u00fchlhaus G\u00f6rlitz einheizen. Nach den Auftritten von Mike Field und Stefanie Boltz betritt dann am 25. Mai mit\u2026","rel":"","context":"In &quot;News&quot;","block_context":{"text":"News","link":"https:\/\/www.jazzzeitung.de\/cms\/thema\/nachrichten\/"},"img":{"alt_text":"","src":"https:\/\/i0.wp.com\/www.jazzzeitung.de\/cms\/wp-content\/uploads\/2018\/03\/Carl_Bechstein_Wettbewerb_2018__c__Neda_Navaee_CBS.jpg?fit=1200%2C800&ssl=1&resize=350%2C200","width":350,"height":200,"srcset":"https:\/\/i0.wp.com\/www.jazzzeitung.de\/cms\/wp-content\/uploads\/2018\/03\/Carl_Bechstein_Wettbewerb_2018__c__Neda_Navaee_CBS.jpg?fit=1200%2C800&ssl=1&resize=350%2C200 1x, https:\/\/i0.wp.com\/www.jazzzeitung.de\/cms\/wp-content\/uploads\/2018\/03\/Carl_Bechstein_Wettbewerb_2018__c__Neda_Navaee_CBS.jpg?fit=1200%2C800&ssl=1&resize=525%2C300 1.5x, https:\/\/i0.wp.com\/www.jazzzeitung.de\/cms\/wp-content\/uploads\/2018\/03\/Carl_Bechstein_Wettbewerb_2018__c__Neda_Navaee_CBS.jpg?fit=1200%2C800&ssl=1&resize=700%2C400 2x, https:\/\/i0.wp.com\/www.jazzzeitung.de\/cms\/wp-content\/uploads\/2018\/03\/Carl_Bechstein_Wettbewerb_2018__c__Neda_Navaee_CBS.jpg?fit=1200%2C800&ssl=1&resize=1050%2C600 3x"},"classes":[]},{"id":18459,"url":"https:\/\/www.jazzzeitung.de\/cms\/2019\/01\/news-jacob-collier-mit-djesse-zu-gast-in-muenchen\/","url_meta":{"origin":19639,"position":3},"title":"+++ News: +++ Kurt Maas Jazz Award 2019 an der M\u00fcnchener Hochschule f\u00fcr Musik und Theater +++ Aufftakt in M\u00fcnchen: Jacob Collier auf Tour +++","author":"Redaktion JazzZeitung","date":"29. Januar 2019","format":false,"excerpt":"Ein Jazz-Wettbewerb an der HMTM und Patti Austin als Ehrengast In Erinnerung an den Jazz-Musiker und P\u00e4dagogen Kurt Maas wird am Mittwoch, den 6. Februar 2019 (Finale) zum vierten Mal der Wettbewerb um den \u00bbKurt Maas Jazz Award\u00ab an der Hochschule f\u00fcr Musik und Theater M\u00fcnchen (HMTM) ausgetragen. In der\u2026","rel":"","context":"In &quot;News&quot;","block_context":{"text":"News","link":"https:\/\/www.jazzzeitung.de\/cms\/thema\/nachrichten\/"},"img":{"alt_text":"","src":"https:\/\/i0.wp.com\/www.jazzzeitung.de\/cms\/wp-content\/uploads\/2019\/01\/Kurt-Maas-Jazz-Award.jpg?fit=640%2C417&ssl=1&resize=350%2C200","width":350,"height":200,"srcset":"https:\/\/i0.wp.com\/www.jazzzeitung.de\/cms\/wp-content\/uploads\/2019\/01\/Kurt-Maas-Jazz-Award.jpg?fit=640%2C417&ssl=1&resize=350%2C200 1x, https:\/\/i0.wp.com\/www.jazzzeitung.de\/cms\/wp-content\/uploads\/2019\/01\/Kurt-Maas-Jazz-Award.jpg?fit=640%2C417&ssl=1&resize=525%2C300 1.5x"},"classes":[]},{"id":12292,"url":"https:\/\/www.jazzzeitung.de\/cms\/2017\/05\/mit-revoir-paris-gewinnt-renaud-garcia-fons-den-bmw-welt-jazz-award\/","url_meta":{"origin":19639,"position":4},"title":"Mit &#8222;Revoir Paris&#8220; gewinnt Renaud Garcia-Fons den BMW Welt Jazz Award 2017","author":"Redaktion JazzZeitung","date":"8. Mai 2017","format":false,"excerpt":"Am Vorabend der franz\u00f6sischen Pr\u00e4sidentschaftswahl ging die Konzertserie BMW Welt Jazz Award 2017 unter dem Titel \"Bass erstaunt\" mit einem fulminanten Konzert zu Ende. Den mit 10.000 Euro dotierten BMW Welt Jazz Award erhielt der franz\u00f6sische Bassist Renaud Garcia-Fons f\u00fcr eine Hommage \"Revoir Paris\" an seine Heimatstadt. Den mit 5.000\u2026","rel":"","context":"In &quot;Galerie&quot;","block_context":{"text":"Galerie","link":"https:\/\/www.jazzzeitung.de\/cms\/thema\/galerie\/"},"img":{"alt_text":"","src":"https:\/\/i0.wp.com\/www.jazzzeitung.de\/cms\/wp-content\/uploads\/2017\/05\/P1360340-Renaud-Garcia-Fons-Foto-TJ-Krebs-jazzphotoagency%40web.de_.jpg?fit=800%2C1200&ssl=1&resize=350%2C200","width":350,"height":200,"srcset":"https:\/\/i0.wp.com\/www.jazzzeitung.de\/cms\/wp-content\/uploads\/2017\/05\/P1360340-Renaud-Garcia-Fons-Foto-TJ-Krebs-jazzphotoagency%40web.de_.jpg?fit=800%2C1200&ssl=1&resize=350%2C200 1x, https:\/\/i0.wp.com\/www.jazzzeitung.de\/cms\/wp-content\/uploads\/2017\/05\/P1360340-Renaud-Garcia-Fons-Foto-TJ-Krebs-jazzphotoagency%40web.de_.jpg?fit=800%2C1200&ssl=1&resize=525%2C300 1.5x, https:\/\/i0.wp.com\/www.jazzzeitung.de\/cms\/wp-content\/uploads\/2017\/05\/P1360340-Renaud-Garcia-Fons-Foto-TJ-Krebs-jazzphotoagency%40web.de_.jpg?fit=800%2C1200&ssl=1&resize=700%2C400 2x"},"classes":[]},{"id":11206,"url":"https:\/\/www.jazzzeitung.de\/cms\/2016\/12\/lag-jazz-preis-2017-fuer-junge-bayerische-jazzer-ausgeschrieben\/","url_meta":{"origin":19639,"position":5},"title":"LAG-Jazz-Preis 2017 f\u00fcr junge bayerische Jazzer ausgeschrieben","author":"Redaktion JazzZeitung","date":"7. Dezember 2016","format":false,"excerpt":"Junge talentierte Jazzk\u00fcnstler aus Bayern m\u00fcssen gef\u00f6rdert werden. Deshalb schreibt der Kemptener Kleinkunstverein Klecks e.V. auch f\u00fcr 2017 den Hansj\u00fcrg Hensler Jazz-Wettbewerb in Kooperation mit der \u201eLAG Jazz in Bayern\u201c aus. Es geht um den LAG-Jazz-Preis, eine organisierte und begleitete Tournee durch namhafte Clubs und Spielst\u00e4tten in Bayern. Bis zum\u2026","rel":"","context":"In &quot;News&quot;","block_context":{"text":"News","link":"https:\/\/www.jazzzeitung.de\/cms\/thema\/nachrichten\/"},"img":{"alt_text":"","src":"","width":0,"height":0},"classes":[]}],"jetpack_sharing_enabled":true,"_links":{"self":[{"href":"https:\/\/www.jazzzeitung.de\/cms\/wp-json\/wp\/v2\/posts\/19639","targetHints":{"allow":["GET"]}}],"collection":[{"href":"https:\/\/www.jazzzeitung.de\/cms\/wp-json\/wp\/v2\/posts"}],"about":[{"href":"https:\/\/www.jazzzeitung.de\/cms\/wp-json\/wp\/v2\/types\/post"}],"author":[{"embeddable":true,"href":"https:\/\/www.jazzzeitung.de\/cms\/wp-json\/wp\/v2\/users\/18"}],"replies":[{"embeddable":true,"href":"https:\/\/www.jazzzeitung.de\/cms\/wp-json\/wp\/v2\/comments?post=19639"}],"version-history":[{"count":3,"href":"https:\/\/www.jazzzeitung.de\/cms\/wp-json\/wp\/v2\/posts\/19639\/revisions"}],"predecessor-version":[{"id":19671,"href":"https:\/\/www.jazzzeitung.de\/cms\/wp-json\/wp\/v2\/posts\/19639\/revisions\/19671"}],"wp:featuredmedia":[{"embeddable":true,"href":"https:\/\/www.jazzzeitung.de\/cms\/wp-json\/wp\/v2\/media\/19641"}],"wp:attachment":[{"href":"https:\/\/www.jazzzeitung.de\/cms\/wp-json\/wp\/v2\/media?parent=19639"}],"wp:term":[{"taxonomy":"category","embeddable":true,"href":"https:\/\/www.jazzzeitung.de\/cms\/wp-json\/wp\/v2\/categories?post=19639"},{"taxonomy":"post_tag","embeddable":true,"href":"https:\/\/www.jazzzeitung.de\/cms\/wp-json\/wp\/v2\/tags?post=19639"},{"taxonomy":"author","embeddable":true,"href":"https:\/\/www.jazzzeitung.de\/cms\/wp-json\/wp\/v2\/coauthors?post=19639"}],"curies":[{"name":"wp","href":"https:\/\/api.w.org\/{rel}","templated":true}]}}